{"data":[{"id":"9782914958677","title":"La sensiblit\u00e9 m\u00e9taphysique","description":"Une sensibilit\u00e9 poss\u00e9dant le bonheur n'engendrerait ni m\u00e9taphysique, ni philosophie.\r\nC'est le m\u00e9contentement, c'est une sensation de malaise qui d\u00e9termine l'esprit \u00e0 s'inqui\u00e9ter et \u00e0 se mettre en mouvement pour chercher un rem\u00e8de. Au cours d'une premi\u00e8re tentative il s'avise de vouloir r\u00e9former la vie. La vie \u00e9tant ressentie comme un mal, il lui semble que les choses soient autrement qu'elles ne doivent \u00eatre, il veut qu'elles deviennent autres qu'elles ne sont et c'est cette tentative de r\u00e9former l'existence, cet espoir qu'elle deviendra autre qu'elle n'est qui engendre toutes les d\u00e9marches du messianisme.\r\nCette tentative \u00e9choue : parvenue \u00e0 ses formes les plus hautes, elle se manifeste comme impliquant une contradiction avec elle-m\u00eame. Il appara\u00eet que sa r\u00e9ussite, f\u00fbt-elle, par impossible, possible, aurait pour effet de r\u00e9v\u00e9ler cette contradiction. C'est alors qu'une autre tentative se produit et recherche si ce n'est pas faute de n\u00e9gliger un des \u00e9l\u00e9ments impliqu\u00e9s dans l'existence, si ce n 'est pas en raison de l'erreur de perspective d\u00e9termin\u00e9e par cette n\u00e9gligence, que l'existence se r\u00e9v\u00e8le \u00e0 sa propre vue sous ce jour d\u00e9favorable.\r\nCette seconde tentative aboutit sous les auspices de la sensibilit\u00e9 spectaculaire \u00e0 montrer qu'il ne faut rien changer qu'un point de vue, et que l'existence comporte en elle-m\u00eame et en fonction du jeu immanent qui l'anime sa justification imm\u00e9diate. Jules de Gaultier.\r","authors":["Jules de Gaultier"],"category_codes":["9000000","9080000","9080200","9080204"],"visuals":{"large":"https:\/\/images.epagine.fr\/677\/9782914958677_1_75.jpg","medium":"https:\/\/images.epagine.fr\/677\/9782914958677_1_m.jpg","thumbnail":"https:\/\/images.epagine.fr\/677\/9782914958677_1_v.jpg"},"orderable":true,"show_badge":true,"formatted_price":"21,00&nbsp;\u20ac","formatted_published_date":"16 juillet 2007","publisher_availability_label":"Sur commande","short_details":"Jules de Gaultier \u2014 EDITIONS DU SANDRE","translator":null,"weight":270,"page_count":194,"readership":null,"editor":"EDITIONS DU SANDRE","price":2100,"published_date":"2007-07-15T22:00:00.000000Z","support":"Grand format","publisher_availability":1,"stock":0,"editions":[],"url":"https:\/\/quaidesbrumes.com\/ouvrage\/9782914958677\/la-sensiblite-metaphysique"},{"id":"9782329841335","title":"Le bonheur rural. Tome 2","description":"Le Bonheur rural, ou Lettres de M. De***. A M. le Marquis de***, qui d\u00e9termin\u00e9 \u00e0 quitter Paris & la Cour pour vivre habituellement dans ses terres, lui demande des conseils pour retrouver le bonheur dans ce nouveau s\u00e9jour. Tome 2 \/ . Par M. F. E. R. C.\r\nDate de l'\u00e9dition originale : 1788\r\nLe pr\u00e9sent ouvrage s'inscrit dans une politique de conservation patrimoniale des ouvrages de la litt\u00e9rature Fran\u00e7aise mise en place avec la BNF. \r\nHACHETTE LIVRE et la BNF proposent ainsi un catalogue de titres indisponibles, la BNF ayant num\u00e9ris\u00e9 ces oeuvres et HACHETTE LIVRE les imprimant \u00e0 la demande. \r\nCertains de ces ouvrages refl\u00e8tent des courants de pens\u00e9e caract\u00e9ristiques de leur \u00e9poque, mais qui seraient aujourd'hui jug\u00e9s condamnables. \r\nIls n'en appartiennent pas moins \u00e0 l'histoire des id\u00e9es en France et sont susceptibles de pr\u00e9senter un int\u00e9r\u00eat scientifique ou historique. \r\nLe sens de notre d\u00e9marche \u00e9ditoriale consiste ainsi \u00e0 permettre l'acc\u00e8s \u00e0 ces oeuvres sans pour autant que nous en cautionnions en aucune fa\u00e7on le contenu. \r\nPour plus d'informations, rendez-vous sur www.hachettebnf.fr","authors":["Pierre Etienne"],"category_codes":["9000000","9080000"],"visuals":{"large":"https:\/\/quaidesbrumes.com\/img\/book-placeholder.png","medium":"https:\/\/quaidesbrumes.com\/img\/book-placeholder.png","thumbnail":"https:\/\/quaidesbrumes.com\/img\/book-placeholder.png"},"orderable":true,"show_badge":true,"formatted_price":"20,50&nbsp;\u20ac","formatted_published_date":"29 d\u00e9cembre 2022","publisher_availability_label":"Sur commande","short_details":"Pierre Etienne \u2014 Hachette BNF","translator":null,"weight":330,"page_count":234,"readership":null,"editor":"Hachette BNF","price":2050,"published_date":"2022-12-28T23:00:00.000000Z","support":"Grand format","publisher_availability":1,"stock":0,"editions":[],"url":"https:\/\/quaidesbrumes.com\/ouvrage\/9782329841335\/le-bonheur-rural-tome-2"},{"id":"9782813000651","title":"Culture du dialogue, identit\u00e9s et passage des fronti\u00e8res","description":"Cet ouvrage est le r\u00e9sultat d'un programme de recherche soutenu par l'AUF et qui rassemblait des chercheurs, principalement en philosophie et sciences politiques, de France, du Cameroun, de la R\u00e9publique D\u00e9mocratique du Congo. Son but \u00e9tait tout d'abord de constituer une v\u00e9ritable culture du dialogue : quand, o\u00f9, avec qui et dans quel but pouvons-nous et devons nous dialoguer ? Si le dialogue peut bien en effet \u00eatre pr\u00e9sent\u00e9 comme un principe qui nous oblige, et si bien s\u00fbr il est n\u00e9cessaire de rappeler les sources, diverses et pas seulement europ\u00e9ennes de ce principe, il faut aussi pr\u00e9ciser quand, avec qui, et selon quels buts et conditions ce principe peut effectivement trouver sa r\u00e9alisation. C'est \u00e0 ces deux points que s'attache en premier lieu cet ouvrage, en mobilisant des ressources principalement philosophiques, issues de traditions diff\u00e9rentes. La premi\u00e8re partie met l'accent sur un aspect central du dialogue, \u00e0 savoir son lien aux probl\u00e9matiques de l'identit\u00e9, car au fond le dialogue tire sa difficult\u00e9 autant que sa richesse d'\u00eatre le temps et le lieu d'une mise en cause de l'identit\u00e9, ou d'une mise en cause de soi et de ses croyances. C'est ainsi ce lien qui rend compte \u00e0 la fois de sa difficult\u00e9 et de sa valeur et qui permet de le penser comme une discipline difficile, et donc objet d'une certaine culture. En second lieu on ne pouvait m\u00e9conna\u00eetre toute une dimension politique du dialogue et m\u00e9conna\u00eetre toute une sph\u00e8re d'analyse o\u00f9, et alors m\u00eame que l'on ne cesse d'en appeler \u00e0 lui, il semble de plus en plus impossible et au fond pas vraiment souhait\u00e9. Le dialogue devient ainsi une sorte d'injonction abstraite dans un monde qui par certains c\u00f4t\u00e9s semble vouloir se fermer de plus en plus, comme en t\u00e9moigne la force et le go\u00fbt toujours vifs pour une opposition entre \u00ab eux et nous \u00bb, la rigidit\u00e9 constamment accrue des passages des fronti\u00e8res et la mise \u00e0 mal de toute politique d'accueil, l'usage parfois tr\u00e8s guerrier d'une rh\u00e9torique du dialogue. On peut bien discuter et appeler au dialogue, il faut aussi que les corps et les personnes restent \u00e0 leur place. Mais dans ces conditions que vaut encore ce \u00ab principe dialogique \u00bb, et avons-nous bien quelque raison d'y croire et de le vouloir, et d'o\u00f9 peut-il bien tirer sa force et nous donner quelque raison d'esp\u00e9rer ? Quel passage des fronti\u00e8res annonce-t-il et promet-il malgr\u00e9 tout ?\r","authors":["Collectif"],"category_codes":["9000000","9080000","9080200","9080204"],"visuals":{"large":"https:\/\/images.epagine.fr\/651\/9782813000651_1_75.jpg","medium":"https:\/\/images.epagine.fr\/651\/9782813000651_1_m.jpg","thumbnail":"https:\/\/images.epagine.fr\/651\/9782813000651_1_v.jpg"},"orderable":true,"show_badge":true,"formatted_price":"34,00&nbsp;\u20ac","formatted_published_date":"17 novembre 2011","publisher_availability_label":"Sur commande","short_details":"Collectif \u2014 ARCHIVES CONTEMPORAINES","translator":null,"weight":480,"page_count":268,"readership":null,"editor":"ARCHIVES CONTEMPORAINES","price":3400,"published_date":"2011-11-16T23:00:00.000000Z","support":"Grand format","publisher_availability":1,"stock":0,"editions":[],"url":"https:\/\/quaidesbrumes.com\/ouvrage\/9782813000651\/culture-du-dialogue-identites-et-passage-des-frontieres"},{"id":"9782329602844","title":"R\u00e9flexions prudentes. Pens\u00e9es morales. Maximes sto\u00efciennes. Traduit de l'espagnol","description":"R\u00e9flexions prudentes. Pens\u00e9es morales. Maximes sto\u00efciennes. Traduites de l'espagnol par le R. P. d'Obeilh,...\r\nDate de l'\u00e9dition originale : 1671\r\nLe pr\u00e9sent ouvrage s'inscrit dans une politique de conservation patrimoniale des ouvrages de la litt\u00e9rature Fran\u00e7aise mise en place avec la BNF. \r\nHACHETTE LIVRE et la BNF proposent ainsi un catalogue de titres indisponibles, la BNF ayant num\u00e9ris\u00e9 ces oeuvres et HACHETTE LIVRE les imprimant \u00e0 la demande. \r\nCertains de ces ouvrages refl\u00e8tent des courants de pens\u00e9e caract\u00e9ristiques de leur \u00e9poque, mais qui seraient aujourd'hui jug\u00e9s condamnables. \r\nIls n'en appartiennent pas moins \u00e0 l'histoire des id\u00e9es en France et sont susceptibles de pr\u00e9senter un int\u00e9r\u00eat scientifique ou historique. \r\nLe sens de notre d\u00e9marche \u00e9ditoriale consiste ainsi \u00e0 permettre l'acc\u00e8s \u00e0 ces oeuvres sans pour autant que nous en cautionnions en aucune fa\u00e7on le contenu. \r\nPour plus d'informations, rendez-vous sur www.hachettebnf.fr","authors":["Fran\u00e7ois Dobeilh","Juan Eusebio Nieremberg"],"category_codes":["9000000","9080000"],"visuals":{"large":"https:\/\/quaidesbrumes.com\/img\/book-placeholder.png","medium":"https:\/\/quaidesbrumes.com\/img\/book-placeholder.png","thumbnail":"https:\/\/quaidesbrumes.com\/img\/book-placeholder.png"},"orderable":true,"show_badge":true,"formatted_price":"20,00&nbsp;\u20ac","formatted_published_date":"1er mars 2021","publisher_availability_label":"Sur commande","short_details":"Fran\u00e7ois Dobeilh, Juan Eusebio Nieremberg \u2014 Hachette BNF","translator":null,"weight":311,"page_count":222,"readership":null,"editor":"Hachette BNF","price":2000,"published_date":"2021-02-28T23:00:00.000000Z","support":"Grand format","publisher_availability":1,"stock":0,"editions":[],"url":"https:\/\/quaidesbrumes.com\/ouvrage\/9782329602844\/reflexions-prudentes-pensees-morales-maximes-stoiciennes-traduit-de-lespagnol"},{"id":"9782343000558","title":"L'image numeris\u00e9e du visage ; de la pose au positionnement","description":"La num\u00e9risation de l'image modifie-t-elle notre approche du visage ? Qu'est-ce qu'engagent la production et la diffusion de l'image num\u00e9ris\u00e9e du visage ? Comment l'\u00e9volution des technologies de l'image joue-t-elle sur notre rapport \u00e0 l'Autre ? Le champ d'\u00e9tude de cet ouvrage s'\u00e9tend des premiers travaux informatiques sur l'image du visage jusqu'aux usages contemporains de cette image diffus\u00e9e, des \"cr\u00e9atures digitales\" \u00e0 l'identification de l'individu.\r","authors":["Franck Leblanc"],"category_codes":["9000000","9080000","9080200","9080204"],"visuals":{"large":"https:\/\/images.epagine.fr\/558\/9782343000558_1_75.jpg","medium":"https:\/\/images.epagine.fr\/558\/9782343000558_1_m.jpg","thumbnail":"https:\/\/images.epagine.fr\/558\/9782343000558_1_v.jpg"},"orderable":true,"show_badge":true,"formatted_price":"24,00&nbsp;\u20ac","formatted_published_date":"22 janvier 2013","publisher_availability_label":"Sur commande","short_details":"Franck Leblanc \u2014 \u00c9ditions L'Harmattan","translator":null,"weight":280,"page_count":218,"readership":null,"editor":"\u00c9ditions L'Harmattan","price":2400,"published_date":"2013-01-21T23:00:00.000000Z","support":"Grand format","publisher_availability":1,"stock":0,"editions":[],"url":"https:\/\/quaidesbrumes.com\/ouvrage\/9782343000558\/limage-numerisee-du-visage-de-la-pose-au-positionnement"},{"id":"9782296039087","title":"La r\u00e9p\u00e9tition : th\u00e9orie et enjeux  ; quand le Soleil et la Lune auront tourn\u00e9","description":"La r\u00e9p\u00e9tition se retrouve aux fondements des principes des sciences et des techniques notamment \u00e0 ceux des fractales, axiomatiques, th\u00e9ories, calculs, syst\u00e8mes et processus informatiques, syst\u00e8mes d'enregistrement, transmission, mesure, information (classique ou quantique).\r\nSon concept questionne un au-del\u00e0 de la synth\u00e8se et des touts (tout de r\u00e9p\u00e9tition et audintel). L'analyse des probl\u00e8mes de la r\u00e9p\u00e9tition s'apparente \u00e0 une scrutation \u00e0 haute r\u00e9solution de la m\u00e9taphysique. La r\u00e9p\u00e9tition est principe universel de composition de toute chose ou r\u00e9alit\u00e9 et moyen de r\u00e9alisation oblig\u00e9. Elle convoque la notion d'ordre : l'ordre, gage d'une nature, d'une essence (l'ordre dans le programme g\u00e9n\u00e9tique d'un \u00eatre vivant par exemple).\r\nL'\u00e9tude des notions d'invisible et de lumi\u00e8re dans cet ouvrage, outre son approche technique du probl\u00e8me des infra-mondes et des supra-mondes, conduit au constat des relations profondes entre mati\u00e8re, \u00e9nergie, forme, ordre et lumi\u00e8re (physique ou de l'esprit). La n\u00e9cessit\u00e9 d'une science de la r\u00e9p\u00e9tition (r\u00e9p\u00e9titologie) s'affirme comme cl\u00e9 d'une connaissance profonde et g\u00e9n\u00e9rale du r\u00e9el abstrait ou concret fournissant en particulier de nouveaux horizons aux probl\u00e8mes de la cosmologie, physique et biologie.\r\nUn programme de recherches multidisciplinaire s'initie qui ouvre des perspectives nouvelles et particuli\u00e8rement captivantes.\r","authors":["Shmuel N\u00e9gozio"],"category_codes":["10000000","10010000","10010700"],"visuals":{"large":"https:\/\/images.epagine.fr\/087\/9782296039087_1_75.jpg","medium":"https:\/\/images.epagine.fr\/087\/9782296039087_1_m.jpg","thumbnail":"https:\/\/images.epagine.fr\/087\/9782296039087_1_v.jpg"},"orderable":true,"show_badge":true,"formatted_price":"31,00&nbsp;\u20ac","formatted_published_date":"19 juillet 2007","publisher_availability_label":"Sur commande","short_details":"Shmuel N\u00e9gozio \u2014 \u00c9ditions L'Harmattan","translator":null,"weight":550,"page_count":328,"readership":null,"editor":"\u00c9ditions L'Harmattan","price":3100,"published_date":"2007-07-18T22:00:00.000000Z","support":"Grand format","publisher_availability":1,"stock":0,"editions":[],"url":"https:\/\/quaidesbrumes.com\/ouvrage\/9782296039087\/la-repetition-theorie-et-enjeux-quand-le-soleil-et-la-lune-auront-tourne"},{"id":"9782747593885","title":"La R\u00e9habilitation du temps : Bergson et les Sciences d'Aujourd'hui","description":"L'intelligence n'est qu'une partie de l'esprit : adapt\u00e9e directement \u00e0 la mati\u00e8re elle fait des prouesses dans le domaine des techniques et de la technologie ; elle doit se r\u00e9former si elle veut comprendre le vivant dont la connaissance est d'un autre ordre. C'est en quoi l'auteur est bergsonien. Au cours de l'Evolution, des formes animales de plus en plus complexes apparaissent jusqu'\u00e0 l'\u00e9mergence du cerveau humain qui fait de l'homme un \u00eatre \u00e0 part. Cet homme s'inscrit dans le temps. D'o\u00f9 la r\u00e9habilitation du temps comme dur\u00e9e potentielle, comme m\u00e9moire et comme histoire.\r","authors":["Michel Lefeuvre"],"category_codes":["9000000","9080000"],"visuals":{"large":"https:\/\/images.epagine.fr\/885\/9782747593885_1_75.jpg","medium":"https:\/\/images.epagine.fr\/885\/9782747593885_1_m.jpg","thumbnail":"https:\/\/images.epagine.fr\/885\/9782747593885_1_v.jpg"},"orderable":true,"show_badge":true,"formatted_price":"16,50&nbsp;\u20ac","formatted_published_date":"1er janvier 2006","publisher_availability_label":"Sur commande","short_details":"Michel Lefeuvre \u2014 \u00c9ditions L'Harmattan","translator":null,"weight":200,"page_count":169,"readership":null,"editor":"\u00c9ditions L'Harmattan","price":1650,"published_date":"2005-12-31T23:00:00.000000Z","support":"Grand format","publisher_availability":1,"stock":0,"editions":[],"url":"https:\/\/quaidesbrumes.com\/ouvrage\/9782747593885\/la-rehabilitation-du-temps-bergson-et-les-sciences-daujourdhui"},{"id":"9782312019680","title":"Pourquoi le mal ?","description":"La question du mal est sans aucun doute une question fondamentale, 'la' question que chacun se pose sans pouvoir y r\u00e9pondre, sinon de s'enfermer dans un silence pouvant \u00e9clater en r\u00e9volte. L'auteur cherche \u00e0 la comprendre en interrogeant les grands philosophes et th\u00e9ologiens qui l'ont abord\u00e9e et approfondie. Il ne cherche pas lui-m\u00eame \u00e0 r\u00e9pondre \u00e0 cette question, mais plut\u00f4t \u00e0 servir de guide pour laisser ensuite le lecteur y d\u00e9couvrir la part de v\u00e9rit\u00e9 qui s'imposera \u00e0 lui au plus profond de sa conscience et de sa vie\r","authors":["Jean D'Alancon"],"category_codes":["9000000","9080000"],"visuals":{"large":"https:\/\/images.epagine.fr\/680\/9782312019680_1_75.jpg","medium":"https:\/\/images.epagine.fr\/680\/9782312019680_1_m.jpg","thumbnail":"https:\/\/images.epagine.fr\/680\/9782312019680_1_v.jpg"},"orderable":true,"show_badge":true,"formatted_price":"14,00&nbsp;\u20ac","formatted_published_date":"6 janvier 2014","publisher_availability_label":"Sur commande","short_details":"Jean D'Alancon \u2014 Editions du Net","translator":null,"weight":239,"page_count":222,"readership":null,"editor":"Editions du Net","price":1400,"published_date":"2014-01-05T23:00:00.000000Z","support":"Grand format","publisher_availability":1,"stock":0,"editions":[],"url":"https:\/\/quaidesbrumes.com\/ouvrage\/9782312019680\/pourquoi-le-mal"},{"id":"9782343004044","title":"Platon et Plotin ; relation, logos, intuition","description":"Le logos en tant que \"discours\" n'est-il pas l'instrument par excellence du philosophe ? Cette mise en relation des hommes avec les Id\u00e9es et avec la v\u00e9rit\u00e9 permet \u00e0 Platon de lever certaines difficult\u00e9s propres \u00e0 son syst\u00e8me et de r\u00e9soudre un probl\u00e8me m\u00e9taphysique. Quant au logos de Plotin il occupe une position n\u00e9gligeable du fait de son incapacit\u00e9 \u00e0 exprimer l'Un. Or, le lecteur r\u00e9alisera que Plotin d\u00e9veloppe, contrairement \u00e0 ce que soutient l'opinion commune, une philosophie du langage consid\u00e9rable et fort utile.\r","authors":["Michel Fattal"],"category_codes":["9000000","9080000","9080200","9080204"],"visuals":{"large":"https:\/\/images.epagine.fr\/044\/9782343004044_1_75.jpg","medium":"https:\/\/images.epagine.fr\/044\/9782343004044_1_m.jpg","thumbnail":"https:\/\/images.epagine.fr\/044\/9782343004044_1_v.jpg"},"orderable":true,"show_badge":true,"formatted_price":"13,00&nbsp;\u20ac","formatted_published_date":"2 avril 2013","publisher_availability_label":"Sur commande","short_details":"Michel Fattal \u2014 \u00c9ditions L'Harmattan","translator":null,"weight":120,"page_count":92,"readership":null,"editor":"\u00c9ditions L'Harmattan","price":1300,"published_date":"2013-04-01T22:00:00.000000Z","support":"Grand format","publisher_availability":1,"stock":0,"editions":[],"url":"https:\/\/quaidesbrumes.com\/ouvrage\/9782343004044\/platon-et-plotin-relation-logos-intuition"},{"id":"9782705668846","title":"Penser l'inconnu ? la recherche en biologie","description":"Ce livre traite du paradoxe de la connaissance, qui consiste \u00e0 aborder l'inconnu par le connu. \u00c0 l'aide d'exemples qui vont des travaux de Claude Bernard aux recherches les plus contemporaines de la biologie et de la m\u00e9decine, l'auteur montre comment le sens de l'inconnu anime la connaissance. Il d\u00e9crit l'approche de l'inconnu comme un processus d'apprentissage dont il cherche \u00e0 \u00e9lucider la logique exploratoire. L'interdisciplinarit\u00e9, l'innovation technique, ne cessent de produire des ph\u00e9nom\u00e8nes nouveaux. Leur interpr\u00e9tation \u00e0 l'aide de concepts souvent h\u00e9rit\u00e9s suscite un sentiment d'arbitraire et d'inad\u00e9quation. La persistance de l'inclassable dans les classifications m\u00e9dicales, comme celles des leuc\u00e9mies, la difficult\u00e9 d'exposer autrement qu'en des termes consacr\u00e9s les raisons de ph\u00e9nom\u00e8nes fondamentaux de la biologie comme la mort cellulaire, donnent lieu \u00e0 une r\u00e9flexion sur la connaissance biologique qui fait toute sa place \u00e0 l'inconnu et \u00e0 l'impr\u00e9visible   voie nouvelle pour l'\u00e9pist\u00e9mologie.","authors":["Claude Debru"],"category_codes":["9000000","9080000","9080200","9080204"],"visuals":{"large":"https:\/\/images.epagine.fr\/846\/9782705668846_1_75.jpg","medium":"https:\/\/images.epagine.fr\/846\/9782705668846_1_m.jpg","thumbnail":"https:\/\/images.epagine.fr\/846\/9782705668846_1_v.jpg"},"orderable":true,"show_badge":true,"formatted_price":"36,00&nbsp;\u20ac","formatted_published_date":"8 juillet 2009","publisher_availability_label":"Sur commande","short_details":"Claude Debru \u2014 Hermann","translator":null,"weight":608,"page_count":443,"readership":null,"editor":"Hermann","price":3600,"published_date":"2009-07-07T22:00:00.000000Z","support":"Grand format","publisher_availability":1,"stock":0,"editions":[],"url":"https:\/\/quaidesbrumes.com\/ouvrage\/9782705668846\/penser-linconnu-la-recherche-en-biologie"},{"id":"9782296008991","title":"Esquisses de la philosophie morale (1793-1826)","description":"Dugald Stewart et les philosophes \u00e9cossais ont tent\u00e9 de r\u00e9tablir les fondements fermes pour une connaissance s\u00fbre. Ils s'appuient sur le sens commun qui doit fonder la validit\u00e9 des convictions de l'homme de la rue. La philosophie du sens commun suppose au d\u00e9part une science de l'esprit. C'est l'esprit qui se retourne ici sur lui-m\u00eame, se prend comme objet pour \u00e9tudier sa mani\u00e8re de conna\u00eetre. Il est donc important d'adopter une m\u00e9thode qui a fait ses preuves: la m\u00e9thode inductive. Cette psychologie eut un immense succ\u00e8s en France au cours de la 1ere moiti\u00e9 du XIXe si\u00e8cle.\r","authors":["Stewart Dugald"],"category_codes":["9000000","9080000"],"visuals":{"large":"https:\/\/images.epagine.fr\/991\/9782296008991_1_75.jpg","medium":"https:\/\/images.epagine.fr\/991\/9782296008991_1_m.jpg","thumbnail":"https:\/\/images.epagine.fr\/991\/9782296008991_1_v.jpg"},"orderable":true,"show_badge":true,"formatted_price":"26,50&nbsp;\u20ac","formatted_published_date":"15 juin 2006","publisher_availability_label":"Sur commande","short_details":"Stewart Dugald \u2014 \u00c9ditions L'Harmattan","translator":null,"weight":306,"page_count":238,"readership":null,"editor":"\u00c9ditions L'Harmattan","price":2650,"published_date":"2006-06-14T22:00:00.000000Z","support":"Grand format","publisher_availability":1,"stock":0,"editions":[],"url":"https:\/\/quaidesbrumes.com\/ouvrage\/9782296008991\/esquisses-de-la-philosophie-morale-1793-1826"},{"id":"9782012985346","title":"Cours de philosophie. Histoire de la philosophie du XVIIIe si\u00e8cle. \u00c9cole sensualiste. Locke","description":"Cours de philosophie. Histoire de la philosophie du XVIIIe si\u00e8cle. \u00c9cole sensualiste. - Locke \/ par M. V. Cousin,...\r\nDate de l'\u00e9dition originale : 1828-1829\r\n\r\nLe pr\u00e9sent ouvrage s'inscrit dans une politique de conservation patrimoniale des ouvrages de la litt\u00e9rature Fran\u00e7aise mise en place avec la BNF.\r\nHACHETTE LIVRE et la BNF proposent ainsi un catalogue de titres indisponibles, la BNF ayant num\u00e9ris\u00e9 ces oeuvres et HACHETTE LIVRE les imprimant \u00e0 la demande.\r\nCertains de ces ouvrages refl\u00e8tent des courants de pens\u00e9e caract\u00e9ristiques de leur \u00e9poque, mais qui seraient aujourd'hui jug\u00e9s condamnables.\r\nIls n'en appartiennent pas moins \u00e0 l'histoire des id\u00e9es en France et sont susceptibles de pr\u00e9senter un int\u00e9r\u00eat scientifique ou historique.\r\nLe sens de notre d\u00e9marche \u00e9ditoriale consiste ainsi \u00e0 permettre l'acc\u00e8s \u00e0 ces oeuvres sans pour autant que nous en cautionnions en aucune fa\u00e7on le contenu.\r\n\r\nPour plus d'informations, rendez-vous sur www.hachettebnf.fr","authors":["Victor Cousin"],"category_codes":["9000000","9080000"],"visuals":{"large":"https:\/\/images.epagine.fr\/346\/9782012985346_1_75.jpg","medium":"https:\/\/images.epagine.fr\/346\/9782012985346_1_m.jpg","thumbnail":"https:\/\/images.epagine.fr\/346\/9782012985346_1_v.jpg"},"orderable":true,"show_badge":true,"formatted_price":"33,00&nbsp;\u20ac","formatted_published_date":"1er juillet 2013","publisher_availability_label":"Sur commande","short_details":"Victor Cousin \u2014 Hachette BNF","translator":null,"weight":795,"page_count":572,"readership":null,"editor":"Hachette BNF","price":3300,"published_date":"2013-06-30T22:00:00.000000Z","support":"Grand format","publisher_availability":1,"stock":0,"editions":[],"url":"https:\/\/quaidesbrumes.com\/ouvrage\/9782012985346\/cours-de-philosophie-histoire-de-la-philosophie-du-xviiie-siecle-ecole-sensualiste-locke"},{"id":"9782336292953","title":"Penser l'Afrique avec Ricoeur","description":"La v\u00e9rit\u00e9 sur soi n'est pas donn\u00e9e comme une \u00e9vidence. L'Africain qui vit selon une conscience de soi engag\u00e9e dans le refus de soi est invit\u00e9 \u00e0 s'inspirer de la pens\u00e9e de Paul Ricoeur qui est une philosophie de l'attestation de soi. D\u00e8s lors, penser l'Afrique avec Ricoeur, c'est non seulement mesurer tout \u00e0 l'aune de l'humain, mais surtout se r\u00e9approprier l'histoire et se forger une v\u00e9ritable conscience de soi qui se veut un \u00e9coulement dans l'universel et non un repli de soi sur soi.\r","authors":["Vincent Davy Kacou Oi Kacou"],"category_codes":["9000000","9080000","9080200","9080204"],"visuals":{"large":"https:\/\/images.epagine.fr\/953\/9782336292953_1_75.jpg","medium":"https:\/\/images.epagine.fr\/953\/9782336292953_1_m.jpg","thumbnail":"https:\/\/images.epagine.fr\/953\/9782336292953_1_v.jpg"},"orderable":true,"show_badge":true,"formatted_price":"26,00&nbsp;\u20ac","formatted_published_date":"2 avril 2013","publisher_availability_label":"Sur commande","short_details":"Vincent Davy Kacou Oi Kacou \u2014 \u00c9ditions L'Harmattan","translator":null,"weight":310,"page_count":250,"readership":null,"editor":"\u00c9ditions L'Harmattan","price":2600,"published_date":"2013-04-01T22:00:00.000000Z","support":"Grand format","publisher_availability":1,"stock":0,"editions":[],"url":"https:\/\/quaidesbrumes.com\/ouvrage\/9782336292953\/penser-lafrique-avec-ricoeur"},{"id":"9782013565202","title":"Traittez de l'harmonie et constitution generalle du vray sel, secret des philosophes","description":"Traittez de l'harmonie et constitution g\u00e9n\u00e9ralle du vray sel, secret des philosophes, et de l'esprit universelle du monde, suivant le troisiesme principe du Cosmopolite, oeuvre non moins curieuse que profitable, traittant de la cognoissance de la vraye m\u00e9decine chimique , recueilly par le sieur de Nuisement,... - Po\u00e8me philosophic de la v\u00e9rit\u00e9 de la phisique min\u00e9ralle, o\u00f9 sont r\u00e9fut\u00e9es les objections que peuvent faire les incr\u00e9dules et ennemis de cet art, auquel est na\u00effvement et v\u00e9ritablement d\u00e9peinte la vraye mati\u00e8re des philosophes, par le sieur de Nuisement,...\r\nDate de l'\u00e9dition originale : 1620 Ce livre est la reproduction fid\u00e8le d'une oeuvre publi\u00e9e avant 1920 et fait partie d'une collection de livres r\u00e9imprim\u00e9s \u00e0 la demande \u00e9dit\u00e9e par Hachette Livre, dans le cadre d'un partenariat avec la Biblioth\u00e8que nationale de France, offrant l'opportunit\u00e9 d'acc\u00e9der \u00e0 des ouvrages anciens et souvent rares issus des fonds patrimoniaux de la BnF.\r\nLes oeuvres faisant partie de cette collection ont \u00e9t\u00e9 num\u00e9ris\u00e9es par la BnF et sont pr\u00e9sentes sur Gallica, sa biblioth\u00e8que num\u00e9rique.\r\n\r\nEn entreprenant de redonner vie \u00e0 ces ouvrages au travers d'une collection de livres r\u00e9imprim\u00e9s \u00e0 la demande, nous leur donnons la possibilit\u00e9 de rencontrer un public \u00e9largi et participons \u00e0 la transmission de connaissances et de savoirs parfois difficilement accessibles.\r\nNous avons cherch\u00e9 \u00e0 concilier la reproduction fid\u00e8le d'un livre ancien \u00e0 partir de sa version num\u00e9ris\u00e9e avec le souci d'un confort de lecture optimal. Nous esp\u00e9rons que les ouvrages de cette nouvelle collection vous apporteront enti\u00e8re satisfaction.\r\n\r\nPour plus d'informations, rendez-vous sur www.hachettebnf.fr\r","authors":["Hesteau Clovis"],"category_codes":["9000000","9080000","9080400"],"visuals":{"large":"https:\/\/images.epagine.fr\/202\/9782013565202_1_75.jpg","medium":"https:\/\/images.epagine.fr\/202\/9782013565202_1_m.jpg","thumbnail":"https:\/\/images.epagine.fr\/202\/9782013565202_1_v.jpg"},"orderable":true,"show_badge":true,"formatted_price":"24,50&nbsp;\u20ac","formatted_published_date":"1er d\u00e9cembre 2016","publisher_availability_label":"Sur commande","short_details":"Hesteau Clovis \u2014 Hachette BNF","translator":null,"weight":480,"page_count":null,"readership":null,"editor":"Hachette BNF","price":2450,"published_date":"2016-11-30T23:00:00.000000Z","support":"Grand format","publisher_availability":1,"stock":0,"editions":[],"url":"https:\/\/quaidesbrumes.com\/ouvrage\/9782013565202\/traittez-de-lharmonie-et-constitution-generalle-du-vray-sel-secret-des-philosophes"},{"id":"9782812701344","title":"Management philosophique de la personne comme \u00eatre-communiquant","description":"\u00ab \u00catre-avec \u00bb par la communication humaine (par la parole) r\u00e9v\u00e8le la nature profonde de lhomme par rapport \u00e0 lanimal. Ce que lhomme a en commun avec lesp\u00e8ce animale se manifeste dans la sensibilit\u00e9 du d\u00e9sir ou n\u00e9cessit\u00e9 de manger, de copuler etc. Mais ce qui les diff\u00e9rencie radicalement cest la parole. Lhomme aura beau parler \u00e0 son chien (ou \u00e0 tout autre animal), celui-ci ne lui r\u00e9pondra jamais par la parole mais par un langage non articul\u00e9. La parole, par del\u00e0 sa mise en communication dun \u00ab je \u00bb avec un \u00ab tu \u00bb joue une fonction \u00e9thique et spirituelle.\r","authors":["Michel Kouam"],"category_codes":["9000000","9080000","9080200","9080204"],"visuals":{"large":"https:\/\/images.epagine.fr\/344\/9782812701344_1_75.jpg","medium":"https:\/\/images.epagine.fr\/344\/9782812701344_1_m.jpg","thumbnail":"https:\/\/images.epagine.fr\/344\/9782812701344_1_v.jpg"},"orderable":true,"show_badge":true,"formatted_price":"10,00&nbsp;\u20ac","formatted_published_date":"27 ao\u00fbt 2010","publisher_availability_label":"Sur commande","short_details":"Michel Kouam \u2014 Presses Du Midi","translator":null,"weight":62,"page_count":null,"readership":null,"editor":"Presses Du Midi","price":1000,"published_date":"2010-08-26T22:00:00.000000Z","support":"Grand format","publisher_availability":1,"stock":0,"editions":[],"url":"https:\/\/quaidesbrumes.com\/ouvrage\/9782812701344\/management-philosophique-de-la-personne-comme-etre-communiquant"},{"id":"9782755401851","title":"Le sujet","description":"L'habitude est prise depuis quelques d\u00e9cennies de commencer les cours de philosophie par la conscience.\r\n Mais la conscience est-elle vraiment premi\u00e8re et ne suppose-t-elle pas auparavant une nature qui rend possible tous ses actes ? l'inconscient est, aujourd'hui, une des r\u00e9alit\u00e9s psychologiques les plus fortes qui nous font douter de l'existence de la libert\u00e9. mais existe-t-il vraiment une opposition irr\u00e9ductible et n\u00e9cessaire entre l'inconscient et la conscience ? l'inconscient n'est-il pas un acte de la m\u00e9moire qui est une des facult\u00e9s de la conscience ? sans la m\u00e9moire, un acte de conscience serait-il possible ? doit-on, dans ces conditions, faire de l'inconscient cette r\u00e9alit\u00e9 obscure et toujours inconnue qui nous rendrait inconnu \u00e0 nous-m\u00eame ? l'homme est un \u00eatre de d\u00e9sirs, dit-on.\r\n Mais de quels d\u00e9sirs parle-t-on ? tous ceux-ci doivent-ils \u00eatre satisfaits parce que ce sont des d\u00e9sirs ? on oppose, de plus, souvent, la volont\u00e9 au d\u00e9sir. mais la volont\u00e9 n'est-elle pas elle-m\u00eame d\u00e9sir ? l'homme, par la perception sensible, re\u00e7oit en lui le r\u00e9el. mais la perception diff\u00e8re-t-elle de la sensation ? n'est-elle pas n\u00e9cessairement relative \u00e0 la connaissance intellectuelle ? et la connaissance intellectuelle ne serait-elle pas \u00e9galement relative \u00e0 la perception ou \u00e0 la sensation ? l'homme vit dans le temps, mais, parfois aussi, il aspire \u00e0 l'\u00e9ternit\u00e9.\r\n Tant\u00f4t nous percevons le temps comme facteur de corruption, de vieillissement, tant\u00f4t nous pouvons \u00eatre plus sensible \u00e0 tout ce qui, dans la r\u00e9alit\u00e9, demeure. comment l'homme peut-il alors vivre sa relation aux diff\u00e9rentes parties du temps que sont le pass\u00e9, le pr\u00e9sent et l'avenir ? quelle conscience a-t-il de son existence temporelle ? pour vivre, toute conscience d\u00e9pend d'autrui. mais autrui a pour nous de multiples significations qui ne sont pas interchangeables : du voisin de palier, \u00e0 notre p\u00e8re ou \u00e0 notre coll\u00e8gue, beaucoup d'autrui se pr\u00e9sentent \u00e0 nous ? que peuvent repr\u00e9senter ces diverses significations ? toutes ces questions vont nous permettre de mieux comprendre la sp\u00e9cificit\u00e9 du sujet humain.\r\n Car l'homme n'est pas d'abord un objet parmi d'autres objets ; il n'est pas une partie de la nature au m\u00eame titre que d'autres \u00eatres naturels, comme les plantes ou les animaux. il est sujet de ses actes, capable de libert\u00e9 et de responsabilit\u00e9 ; sujet de droits et de devoirs dans les diff\u00e9rentes communaut\u00e9s sociales auxquelles il participe. comme le xxe si\u00e8cle a connu, avec, par exemple, les totalitarismes nazi et marxiste, des temps de barbarie qui ont bafou\u00e9 radicalement la dignit\u00e9 de l'homme comme sujet de ses actes, il est bon de comprendre, philosophiquement, les causes qui font de l'homme, malgr\u00e9 certains d\u00e9terminismes psychologiques, un sujet de ses actes.\r","authors":["Echivard J-B."],"category_codes":["9000000","9080000"],"visuals":{"large":"https:\/\/images.epagine.fr\/851\/9782755401851_1_75.jpg","medium":"https:\/\/images.epagine.fr\/851\/9782755401851_1_m.jpg","thumbnail":"https:\/\/images.epagine.fr\/851\/9782755401851_1_v.jpg"},"orderable":true,"show_badge":true,"formatted_price":"20,30&nbsp;\u20ac","formatted_published_date":"20 septembre 2007","publisher_availability_label":"Sur commande","short_details":"Echivard J-B. \u2014 Francois-Xavier De Guibert","translator":null,"weight":275,"page_count":201,"readership":null,"editor":"Francois-Xavier De Guibert","price":2030,"published_date":"2007-09-19T22:00:00.000000Z","support":"Grand format","publisher_availability":1,"stock":0,"editions":[],"url":"https:\/\/quaidesbrumes.com\/ouvrage\/9782755401851\/le-sujet"},{"id":"9782953354928","title":"Le trait\u00e9 du b\u00e9ryl Tome 1","description":"Enfin...Pour la premi\u00e8re fois une traduction fran\u00e7aise du Trait\u00e9 du B\u00e9ryl de Nicolas de Cues, c\u00e9l\u00e8bre Cardinal et philosophe du XV\u00e8me si\u00e8cle, connu avant tout pour sa fameuse th\u00e8se de la co\u00efncidence des oppos\u00e9s \u00e9nonc\u00e9e dans la Docte Ignorance.\r\n\r\nD\u00e9crit comme la meilleure introduction \u00e0 l'\u00e9tude de la pens\u00e9e de Nicolas de Cues par Kurt Flasch , sp\u00e9cialiste renomm\u00e9 de philosophie m\u00e9di\u00e9vale, ce trait\u00e9 est rest\u00e9 dans l'ombre trop longtemps.\r\n\r\nRevenant sur sa grande th\u00e8se souvent mal comprise par ses contemporains, l'auteur la d\u00e9veloppe dans le Trait\u00e9 du B\u00e9ryl et se propose d'en faire une m\u00e9thode universelle de connaissance, \u00e0 port\u00e9e de tous ceux qui recherchent activement la v\u00e9rit\u00e9.\r\n\r\nExpos\u00e9 clair et concis, misant sur un renforcement de l'intellect, le Trait\u00e9 du B\u00e9ryl cherche \u00e0 donner les clefs de la connaissance la plus haute, en une sorte d'\u00ab exercice spirituel \u00bb o\u00f9 la pens\u00e9e se perfectionne dans l'activit\u00e9 no\u00e9tique.","authors":["Nicolas de Cues","Maude Corrieras"],"category_codes":["9000000","9080000","9080200","9080204"],"visuals":{"large":"https:\/\/images.epagine.fr\/928\/9782953354928_1_75.jpg","medium":"https:\/\/images.epagine.fr\/928\/9782953354928_1_m.jpg","thumbnail":"https:\/\/images.epagine.fr\/928\/9782953354928_1_v.jpg"},"orderable":true,"show_badge":true,"formatted_price":"25,00&nbsp;\u20ac","formatted_published_date":"18 octobre 2010","publisher_availability_label":"Sur commande","short_details":"Nicolas de Cues, Maude Corrieras \u2014 Ipagine","translator":"MAUDE CORRIERAS","weight":345,"page_count":111,"readership":null,"editor":"Ipagine","price":2500,"published_date":"2010-10-17T22:00:00.000000Z","support":"Grand format","publisher_availability":1,"stock":0,"editions":[],"url":"https:\/\/quaidesbrumes.com\/ouvrage\/9782953354928\/le-traite-du-beryl-tome-1"},{"id":"9782012764392","title":"Proclus, exposition de sa doctrine (ed.1840)","description":"Proclus, exposition de sa doctrine \/ [par A. Berger] http:\/\/gallica.bnf.fr\/ark:\/12148\/bpt6k76390g\r","authors":["Berger Adolphe"],"category_codes":["9000000","9080000"],"visuals":{"large":"https:\/\/images.epagine.fr\/392\/9782012764392_1_75.jpg","medium":"https:\/\/images.epagine.fr\/392\/9782012764392_1_m.jpg","thumbnail":"https:\/\/images.epagine.fr\/392\/9782012764392_1_v.jpg"},"orderable":true,"show_badge":true,"formatted_price":"16,50&nbsp;\u20ac","formatted_published_date":"1er mai 2012","publisher_availability_label":"Sur commande","short_details":"Berger Adolphe \u2014 Hachette BNF","translator":null,"weight":194,"page_count":null,"readership":null,"editor":"Hachette BNF","price":1650,"published_date":"2012-04-30T22:00:00.000000Z","support":"Grand format","publisher_availability":1,"stock":0,"editions":[],"url":"https:\/\/quaidesbrumes.com\/ouvrage\/9782012764392\/proclus-exposition-de-sa-doctrine-ed1840"},{"id":"9782012763265","title":"Polylexique methodique. tome 1 (ed.1897-1899)","description":"Polylexique m\u00e9thodique. Tome 1 \/ E. Desormes et Adrien Basile http:\/\/gallica.bnf.fr\/ark:\/12148\/bpt6k96381x\r","authors":["Desormes E."],"category_codes":["9000000","9080000"],"visuals":{"large":"https:\/\/images.epagine.fr\/265\/9782012763265_1_75.jpg","medium":"https:\/\/images.epagine.fr\/265\/9782012763265_1_m.jpg","thumbnail":"https:\/\/images.epagine.fr\/265\/9782012763265_1_v.jpg"},"orderable":true,"show_badge":true,"formatted_price":"27,00&nbsp;\u20ac","formatted_published_date":"1er mai 2012","publisher_availability_label":"Sur commande","short_details":"Desormes E. \u2014 Hachette BNF","translator":null,"weight":587,"page_count":null,"readership":null,"editor":"Hachette BNF","price":2700,"published_date":"2012-04-30T22:00:00.000000Z","support":"Grand format","publisher_availability":1,"stock":0,"editions":[],"url":"https:\/\/quaidesbrumes.com\/ouvrage\/9782012763265\/polylexique-methodique-tome-1-ed1897-1899"},{"id":"9782358150736","title":"Mettre en forme ses m\u00e9moires","description":null,"authors":["Eric Martini"],"category_codes":["9000000","9080000","9080200","9080204"],"visuals":{"large":"https:\/\/images.epagine.fr\/736\/9782358150736_1_75.jpg","medium":"https:\/\/images.epagine.fr\/736\/9782358150736_1_m.jpg","thumbnail":"https:\/\/images.epagine.fr\/736\/9782358150736_1_v.jpg"},"orderable":true,"show_badge":true,"formatted_price":"11,00&nbsp;\u20ac","formatted_published_date":"15 mars 2012","publisher_availability_label":"Sur commande","short_details":"Eric Martini \u2014 GLYPHE","translator":null,"weight":130,"page_count":null,"readership":null,"editor":"GLYPHE","price":1100,"published_date":"2012-03-14T23:00:00.000000Z","support":"Grand format","publisher_availability":1,"stock":0,"editions":[],"url":"https:\/\/quaidesbrumes.com\/ouvrage\/9782358150736\/mettre-en-forme-ses-memoires"},{"id":"9782012764170","title":"Principes de physique occulte. la matiere des oeuvres magiques (ed.1894-1895)","description":"Principes de physique occulte. La mati\u00e8re des oeuvres magiques \/ Marius Decrespe http:\/\/gallica.bnf.fr\/ark:\/12148\/bpt6k745760\r","authors":["Decrespe Marius"],"category_codes":["9000000","9080000"],"visuals":{"large":"https:\/\/images.epagine.fr\/170\/9782012764170_1_75.jpg","medium":"https:\/\/images.epagine.fr\/170\/9782012764170_1_m.jpg","thumbnail":"https:\/\/images.epagine.fr\/170\/9782012764170_1_v.jpg"},"orderable":true,"show_badge":true,"formatted_price":"11,50&nbsp;\u20ac","formatted_published_date":"1er juin 2012","publisher_availability_label":"Sur commande","short_details":"Decrespe Marius \u2014 Hachette BNF","translator":null,"weight":110,"page_count":null,"readership":null,"editor":"Hachette BNF","price":1150,"published_date":"2012-05-31T22:00:00.000000Z","support":"Grand format","publisher_availability":1,"stock":0,"editions":[],"url":"https:\/\/quaidesbrumes.com\/ouvrage\/9782012764170\/principes-de-physique-occulte-la-matiere-des-oeuvres-magiques-ed1894-1895"},{"id":"9782012764187","title":"Principes de physique occulte. les microbes de l'astral (ed.1894-1895)","description":"Principes de physique occulte. Les microbes de l'astral \/ Marius Decrespe http:\/\/gallica.bnf.fr\/ark:\/12148\/bpt6k74575n\r","authors":["Decrespe Marius"],"category_codes":["9000000","9080000"],"visuals":{"large":"https:\/\/images.epagine.fr\/187\/9782012764187_1_75.jpg","medium":"https:\/\/images.epagine.fr\/187\/9782012764187_1_m.jpg","thumbnail":"https:\/\/images.epagine.fr\/187\/9782012764187_1_v.jpg"},"orderable":true,"show_badge":true,"formatted_price":"16,00&nbsp;\u20ac","formatted_published_date":"1er juin 2012","publisher_availability_label":"Sur commande","short_details":"Decrespe Marius \u2014 Hachette BNF","translator":null,"weight":167,"page_count":null,"readership":null,"editor":"Hachette BNF","price":1600,"published_date":"2012-05-31T22:00:00.000000Z","support":"Grand format","publisher_availability":1,"stock":0,"editions":[],"url":"https:\/\/quaidesbrumes.com\/ouvrage\/9782012764187\/principes-de-physique-occulte-les-microbes-de-lastral-ed1894-1895"},{"id":"9782329459905","title":"Institutions newtoniennes ou Introduction \u00e0 la philosophie de Newton. Tome 1","description":"Institutions newtoniennes, ou Introduction \u00e0 la philosophie de Newton . Par M. Sigorgne,... Tome premier\r\nDate de l'\u00e9dition originale : 1747\r\nLe pr\u00e9sent ouvrage s'inscrit dans une politique de conservation patrimoniale des ouvrages de la litt\u00e9rature Fran\u00e7aise mise en place avec la BNF. \r\nHACHETTE LIVRE et la BNF proposent ainsi un catalogue de titres indisponibles, la BNF ayant num\u00e9ris\u00e9 ces oeuvres et HACHETTE LIVRE les imprimant \u00e0 la demande. \r\nCertains de ces ouvrages refl\u00e8tent des courants de pens\u00e9e caract\u00e9ristiques de leur \u00e9poque, mais qui seraient aujourd'hui jug\u00e9s condamnables. \r\nIls n'en appartiennent pas moins \u00e0 l'histoire des id\u00e9es en France et sont susceptibles de pr\u00e9senter un int\u00e9r\u00eat scientifique ou historique. \r\nLe sens de notre d\u00e9marche \u00e9ditoriale consiste ainsi \u00e0 permettre l'acc\u00e8s \u00e0 ces oeuvres sans pour autant que nous en cautionnions en aucune fa\u00e7on le contenu. \r\nPour plus d'informations, rendez-vous sur www.hachettebnf.fr","authors":["Pierre Sigorgne"],"category_codes":["9000000","9080000"],"visuals":{"large":"https:\/\/quaidesbrumes.com\/img\/book-placeholder.png","medium":"https:\/\/quaidesbrumes.com\/img\/book-placeholder.png","thumbnail":"https:\/\/quaidesbrumes.com\/img\/book-placeholder.png"},"orderable":true,"show_badge":true,"formatted_price":"33,40&nbsp;\u20ac","formatted_published_date":"1er septembre 2020","publisher_availability_label":"Sur commande","short_details":"Pierre Sigorgne \u2014 Hachette BNF","translator":null,"weight":817,"page_count":604,"readership":null,"editor":"Hachette BNF","price":3340,"published_date":"2020-08-31T22:00:00.000000Z","support":"Grand format","publisher_availability":1,"stock":0,"editions":[],"url":"https:\/\/quaidesbrumes.com\/ouvrage\/9782329459905\/institutions-newtoniennes-ou-introduction-a-la-philosophie-de-newton-tome-1"},{"id":"9782296122567","title":"Voltaire et les voyages de la raison","description":"De tous les \u00e9crivains du XVIIIe si\u00e8cle, Voltaire est certainement celui qui a pris le plus de plaisir \u00e0 convier la raison au voyage. A tel point qu'il donne parfois l'apparence de d\u00e9raisonner : voyages cosmiques, voyages surnaturels, voyages au pays de nulle part, voyages dans le pass\u00e9 comme dans l'avenir. On y rencontre p\u00eale-m\u00eale Descartes, Locke, des Hurons, Leibniz, des Chinois, Pascal ou les habitants de Sirius...\r","authors":["Silvia Mattei"],"category_codes":["9000000","9080000","9080200","9080204"],"visuals":{"large":"https:\/\/images.epagine.fr\/567\/9782296122567_1_75.jpg","medium":"https:\/\/images.epagine.fr\/567\/9782296122567_1_m.jpg","thumbnail":"https:\/\/images.epagine.fr\/567\/9782296122567_1_v.jpg"},"orderable":true,"show_badge":true,"formatted_price":"26,00&nbsp;\u20ac","formatted_published_date":"21 mai 2010","publisher_availability_label":"Sur commande","short_details":"Silvia Mattei \u2014 \u00c9ditions L'Harmattan","translator":null,"weight":334,"page_count":256,"readership":null,"editor":"\u00c9ditions L'Harmattan","price":2600,"published_date":"2010-05-20T22:00:00.000000Z","support":"Grand format","publisher_availability":1,"stock":0,"editions":[],"url":"https:\/\/quaidesbrumes.com\/ouvrage\/9782296122567\/voltaire-et-les-voyages-de-la-raison"}]}