{"data":[{"id":"9782841864829","title":"Deleuze ; la pratique du droit","description":"\" la jurisprudence est la philosophie du droit, et proc\u00e8de par singularit\u00e9s, prolongement de singularit\u00e9s \", disait Gilles Deleuze (1925-1995).\r\n\r\n La philosophie sait penser la loi.  mais le droit ne se laisse pas r\u00e9duire aussi facilement.  ce prodigieux meccano impose son jeu \u00e0 la pens\u00e9e et s'offre ainsi comme un mod\u00e8le possible, inventif et foisonnant, rigoureux pourtant, souverainement indiff\u00e9rent au jugement.  la relecture d'une tradition critique allant de socrate \u00e0 kafka ouvre ainsi pour deleuze la voie d'une pens\u00e9e clinique, attentive au singulier, qui pourrait bien \u00eatre l'avenir de la philosophie.\r\n\r\n Une relecture d\u00e9capante d'une des plus grandes oeuvres de notre temps.\r","authors":["Laurent de Sutter"],"category_codes":["9000000","9080000","9080200","9080204"],"visuals":{"large":"https:\/\/images.epagine.fr\/829\/9782841864829_1_75.jpg","medium":"https:\/\/images.epagine.fr\/829\/9782841864829_1_m.jpg","thumbnail":"https:\/\/images.epagine.fr\/829\/9782841864829_1_v.jpg"},"orderable":true,"show_badge":true,"formatted_price":"10,00&nbsp;\u20ac","formatted_published_date":"1er f\u00e9vrier 2009","publisher_availability_label":"Sur commande","short_details":"Laurent de Sutter \u2014 MICHALON","translator":null,"weight":120,"page_count":125,"readership":null,"editor":"MICHALON","price":1000,"published_date":"2009-01-31T23:00:00.000000Z","support":"Grand format","publisher_availability":1,"stock":0,"editions":[],"url":"https:\/\/quaidesbrumes.com\/ouvrage\/9782841864829\/deleuze-la-pratique-du-droit"},{"id":"9782013656856","title":"Toussaint le mulatre. tome 2","description":"Toussaint le mul\u00e2tre, par Antony Thouret. Tome 2 Date de l'\u00e9dition originale : 1834 Ce livre est la reproduction fid\u00e8le d'une oeuvre publi\u00e9e avant 1920 et fait partie d'une collection de livres r\u00e9imprim\u00e9s \u00e0 la demande \u00e9dit\u00e9e par Hachette Livre, dans le cadre d'un partenariat avec la Biblioth\u00e8que nationale de France, offrant l'opportunit\u00e9 d'acc\u00e9der \u00e0 des ouvrages anciens et souvent rares issus des fonds patrimoniaux de la BnF.\r\nLes oeuvres faisant partie de cette collection ont \u00e9t\u00e9 num\u00e9ris\u00e9es par la BnF et sont pr\u00e9sentes sur Gallica, sa biblioth\u00e8que num\u00e9rique.\r\n\r\nEn entreprenant de redonner vie \u00e0 ces ouvrages au travers d'une collection de livres r\u00e9imprim\u00e9s \u00e0 la demande, nous leur donnons la possibilit\u00e9 de rencontrer un public \u00e9largi et participons \u00e0 la transmission de connaissances et de savoirs parfois difficilement accessibles.\r\nNous avons cherch\u00e9 \u00e0 concilier la reproduction fid\u00e8le d'un livre ancien \u00e0 partir de sa version num\u00e9ris\u00e9e avec le souci d'un confort de lecture optimal. Nous esp\u00e9rons que les ouvrages de cette nouvelle collection vous apporteront enti\u00e8re satisfaction.\r\n\r\nPour plus d'informations, rendez-vous sur www.hachettebnf.fr http:\/\/gallica.bnf.fr\/ark:\/12148\/bpt6k5626698n\r","authors":["Thouret-A"],"category_codes":["9000000","9080000"],"visuals":{"large":"https:\/\/images.epagine.fr\/856\/9782013656856_1_75.jpg","medium":"https:\/\/images.epagine.fr\/856\/9782013656856_1_m.jpg","thumbnail":"https:\/\/images.epagine.fr\/856\/9782013656856_1_v.jpg"},"orderable":true,"show_badge":true,"formatted_price":"25,50&nbsp;\u20ac","formatted_published_date":"1er janvier 2013","publisher_availability_label":"Sur commande","short_details":"Thouret-A \u2014 Hachette BNF","translator":null,"weight":543,"page_count":null,"readership":null,"editor":"Hachette BNF","price":2550,"published_date":"2012-12-31T23:00:00.000000Z","support":"Grand format","publisher_availability":1,"stock":0,"editions":[],"url":"https:\/\/quaidesbrumes.com\/ouvrage\/9782013656856\/toussaint-le-mulatre-tome-2"},{"id":"9782296038707","title":"Descartes ; l'argument ontologique et sa causalit\u00e9 symbolique","description":"Constantin Mihai s'attaque, dans cet ouvrage sur la philosophie de Descartes, au probl\u00e8me de l'argument ontologique et de sa causalit\u00e9 symbolique.\r\nAutrement dit, il s'agit de d\u00e9montrer d'une mani\u00e8re in\u00e9dite l'existence de Dieu \u00e0 partir de la causalit\u00e9 symbolique, en tant qu'op\u00e9rateur central dans la r\u00e9v\u00e9lation de l'id\u00e9e divine. La mise en question de trois types interpr\u00e9tatifs du cart\u00e9sianisme : philosophique, scientifique et religieux, r\u00e9v\u00e8le l'importance de la probl\u00e9matique de l'argument ontologique et de sa causalit\u00e9 symbolique. En fait le cart\u00e9sianisme, paradigme fondateur de la modernit\u00e9, semble trouver un \u00e9quilibre dans son pendant pascalien, et donc une v\u00e9ritable unit\u00e9 dans la diversit\u00e9.\r","authors":["Constantin Mihai"],"category_codes":["9000000","9080000","9080200","9080204"],"visuals":{"large":"https:\/\/images.epagine.fr\/707\/9782296038707_1_75.jpg","medium":"https:\/\/images.epagine.fr\/707\/9782296038707_1_m.jpg","thumbnail":"https:\/\/images.epagine.fr\/707\/9782296038707_1_v.jpg"},"orderable":true,"show_badge":true,"formatted_price":"13,00&nbsp;\u20ac","formatted_published_date":"29 ao\u00fbt 2007","publisher_availability_label":"Sur commande","short_details":"Constantin Mihai \u2014 \u00c9ditions L'Harmattan","translator":null,"weight":180,"page_count":124,"readership":null,"editor":"\u00c9ditions L'Harmattan","price":1300,"published_date":"2007-08-28T22:00:00.000000Z","support":"Grand format","publisher_availability":1,"stock":0,"editions":[],"url":"https:\/\/quaidesbrumes.com\/ouvrage\/9782296038707\/descartes-largument-ontologique-et-sa-causalite-symbolique"},{"id":"9782360390045","title":"Usage des cendres, precede de feuillets du midi","description":null,"authors":["Jean-paul Bota"],"category_codes":["9000000","9080000","9080200","9080204"],"visuals":{"large":"https:\/\/quaidesbrumes.com\/img\/book-placeholder.png","medium":"https:\/\/quaidesbrumes.com\/img\/book-placeholder.png","thumbnail":"https:\/\/quaidesbrumes.com\/img\/book-placeholder.png"},"orderable":true,"show_badge":true,"formatted_price":"12,00&nbsp;\u20ac","formatted_published_date":"2 f\u00e9vrier 2010","publisher_availability_label":"Sur commande","short_details":"Jean-paul Bota \u2014 Le Preau Des Collines","translator":null,"weight":156,"page_count":null,"readership":null,"editor":"Le Preau Des Collines","price":1200,"published_date":"2010-02-01T23:00:00.000000Z","support":"Grand format","publisher_availability":1,"stock":0,"editions":[],"url":"https:\/\/quaidesbrumes.com\/ouvrage\/9782360390045\/usage-des-cendres-precede-de-feuillets-du-midi"},{"id":"9782012762336","title":"Philosophie de kant : examen de la critique du jugement (ed.1850)","description":"Philosophie de Kant : examen de la \"Critique du jugement\" \/ par Jules Barni,... http:\/\/gallica.bnf.fr\/ark:\/12148\/bpt6k95645n\r","authors":["Barni Jules"],"category_codes":["9000000","9080000"],"visuals":{"large":"https:\/\/images.epagine.fr\/336\/9782012762336_1_75.jpg","medium":"https:\/\/images.epagine.fr\/336\/9782012762336_1_m.jpg","thumbnail":"https:\/\/images.epagine.fr\/336\/9782012762336_1_v.jpg"},"orderable":true,"show_badge":true,"formatted_price":"24,50&nbsp;\u20ac","formatted_published_date":"1er mai 2012","publisher_availability_label":"Sur commande","short_details":"Barni Jules \u2014 Hachette BNF","translator":null,"weight":479,"page_count":null,"readership":null,"editor":"Hachette BNF","price":2450,"published_date":"2012-04-30T22:00:00.000000Z","support":"Grand format","publisher_availability":1,"stock":0,"editions":[],"url":"https:\/\/quaidesbrumes.com\/ouvrage\/9782012762336\/philosophie-de-kant-examen-de-la-critique-du-jugement-ed1850"},{"id":"9782012762343","title":"Philosophie de l'inconscient. metaphysique de l'inconscient (ed.1877)","description":"Philosophie de l'inconscient. M\u00e9taphysique de l'inconscient \/ par \u00c9douard de Hartmann ; trad. de l'allemand et pr\u00e9c\u00e9d\u00e9e d'une introduction par D. Nolen,... http:\/\/gallica.bnf.fr\/ark:\/12148\/bpt6k839553\r","authors":["Eduard Von hartmann"],"category_codes":["9000000","9080000"],"visuals":{"large":"https:\/\/images.epagine.fr\/343\/9782012762343_1_75.jpg","medium":"https:\/\/images.epagine.fr\/343\/9782012762343_1_m.jpg","thumbnail":"https:\/\/images.epagine.fr\/343\/9782012762343_1_v.jpg"},"orderable":true,"show_badge":true,"formatted_price":"33,50&nbsp;\u20ac","formatted_published_date":"1er mai 2012","publisher_availability_label":"Sur commande","short_details":"Eduard Von hartmann \u2014 Hachette BNF","translator":null,"weight":860,"page_count":null,"readership":null,"editor":"Hachette BNF","price":3350,"published_date":"2012-04-30T22:00:00.000000Z","support":"Grand format","publisher_availability":1,"stock":0,"editions":[],"url":"https:\/\/quaidesbrumes.com\/ouvrage\/9782012762343\/philosophie-de-linconscient-metaphysique-de-linconscient-ed1877"},{"id":"9782012762350","title":"Philosophie de l'inconscient. phenomenologie de l'inconscient (ed.1877)","description":"Philosophie de l'inconscient. Ph\u00e9nom\u00e9nologie de l'inconscient \/ par \u00c9douard de Hartmann ; trad. de l'allemand et pr\u00e9c\u00e9d\u00e9e d'une introduction par D. Nolen,... http:\/\/gallica.bnf.fr\/ark:\/12148\/bpt6k83930r\r","authors":["Eduard Von hartmann"],"category_codes":["9000000","9080000"],"visuals":{"large":"https:\/\/images.epagine.fr\/350\/9782012762350_1_75.jpg","medium":"https:\/\/images.epagine.fr\/350\/9782012762350_1_m.jpg","thumbnail":"https:\/\/images.epagine.fr\/350\/9782012762350_1_v.jpg"},"orderable":true,"show_badge":true,"formatted_price":"36,40&nbsp;\u20ac","formatted_published_date":"1er mai 2012","publisher_availability_label":"Sur commande","short_details":"Eduard Von hartmann \u2014 Hachette BNF","translator":null,"weight":966,"page_count":null,"readership":null,"editor":"Hachette BNF","price":3640,"published_date":"2012-04-30T22:00:00.000000Z","support":"Grand format","publisher_availability":1,"stock":0,"editions":[],"url":"https:\/\/quaidesbrumes.com\/ouvrage\/9782012762350\/philosophie-de-linconscient-phenomenologie-de-linconscient-ed1877"},{"id":"9782312042329","title":"\u00eatre et vivre entre nature et personne ; essai philosophique","description":"Cet essai philosophique souhaite faire entrer le lecteur sur un parcours en trois parties, dans une relation fondamentale entre la vie et l'\u00eatre, ce que nous vivons et ce que nous sommes.\r\nLa premi\u00e8re partie propose un bref itin\u00e9raire historique sur la pens\u00e9e occidentale n\u00e9e en Gr\u00e8ce, des pr\u00e9socratiques \u00e0 la philosophie post-h\u00e9g\u00e9lienne. Il met en \u00e9vidence la n\u00e9cessaire distinction entre l'id\u00e9alisme et le r\u00e9alisme, avec ses cons\u00e9quences sur la relation entre la pens\u00e9e et l'\u00eatre.\r\nLa seconde partie propose une analyse philosophique dans un rapport entre la vie et l'\u00eatre dans une perspective posant \u00e0 son terme un regard essentiel sur la personne humaine.\r\nLa troisi\u00e8me partie fait entrer dans une triple relation entre \u00eatre et vie, nature humaine et personne humaine, \u00e9thique et politique.\r\nLe lecteur pourra ainsi aller \u00e0 la rencontre de la v\u00e9rit\u00e9 sur des grandes questions \u00e9thiques et soci\u00e9tales qui se posent avec acuit\u00e9 aujourd'hui en particulier dans nos soci\u00e9t\u00e9s occidentales.\r","authors":["Jean d' Alan\u00e7on"],"category_codes":["9000000","9080000","9080700"],"visuals":{"large":"https:\/\/images.epagine.fr\/329\/9782312042329_1_75.jpg","medium":"https:\/\/images.epagine.fr\/329\/9782312042329_1_m.jpg","thumbnail":"https:\/\/images.epagine.fr\/329\/9782312042329_1_v.jpg"},"orderable":true,"show_badge":true,"formatted_price":"13,00&nbsp;\u20ac","formatted_published_date":"11 mars 2016","publisher_availability_label":"Sur commande","short_details":"Jean d' Alan\u00e7on \u2014 Editions du Net","translator":null,"weight":95,"page_count":88,"readership":null,"editor":"Editions du Net","price":1300,"published_date":"2016-03-10T23:00:00.000000Z","support":"Grand format","publisher_availability":1,"stock":0,"editions":[],"url":"https:\/\/quaidesbrumes.com\/ouvrage\/9782312042329\/etre-et-vivre-entre-nature-et-personne-essai-philosophique"},{"id":"9782876734852","title":"La forme des crises ; logique et \u00e9pist\u00e9mologie","description":"Malgr\u00e9 l'accroissement massif de nos connaissances, y compris dans les domaines de la s\u00e9curit\u00e9 et de la fiabilit\u00e9 des syst\u00e8mes, nous continuons de vivre aujourd'hui dans un monde changeant, qui tonnait le risque, la menace et l'al\u00e9a - l'intensification des communications, mais aussi celle du \" bruit \".\r\n Au surplus, la complexit\u00e9 des soci\u00e9t\u00e9s technologiques avanc\u00e9es, le ph\u00e9nom\u00e8ne \u00e9conomique de la derni\u00e8re \" mondialisation \", la situation internationale issue de la fin de la guerre froide et ses nombreux effets \" pervers \" (d\u00e9composition des blocs, multiplication des \u00e9tats, guerres p\u00e9riph\u00e9riques...) nous am\u00e8nent \u00e0 devoir affronter d\u00e9sormais de fa\u00e7on assez r\u00e9guli\u00e8re le surgissement de l'irr\u00e9gulier, autrement dit, le ph\u00e9nom\u00e8ne des crises.\r\n Cet ouvrage, qui en analyse diff\u00e9rentes formes (mutations m\u00e9taphysiques, crises psychologiques, sociales, \u00e9conomiques, strat\u00e9giques, d\u00e9faillances technologiques ou ruptures scientifiques), essaie aussi d'en construire des mod\u00e8les, \u00e0 la fois qualitatifs et quantitatifs. il tente de relever ce nouveau d\u00e9fi pose \u00e0 la rationalit\u00e9, et qui la pousse \u00e0 ses limites, sinon au paradoxe : rep\u00e9rer des \" signaux faibles \", pr\u00e9voir l'impr\u00e9visible, g\u00e9rer l'ing\u00e9rable, ma\u00eetriser le chaos : en bref construire - si c'est possible - une v\u00e9ritable \" logique des crises \".\r","authors":["Daniel Parrochia"],"category_codes":["9000000","9080000","9080200","9080204"],"visuals":{"large":"https:\/\/images.epagine.fr\/852\/9782876734852_1_75.jpg","medium":"https:\/\/images.epagine.fr\/852\/9782876734852_1_m.jpg","thumbnail":"https:\/\/images.epagine.fr\/852\/9782876734852_1_v.jpg"},"orderable":true,"show_badge":true,"formatted_price":"29,00&nbsp;\u20ac","formatted_published_date":"28 mai 2008","publisher_availability_label":"Sur commande","short_details":"Daniel Parrochia \u2014 CHAMP VALLON","translator":null,"weight":499,"page_count":344,"readership":null,"editor":"CHAMP VALLON","price":2900,"published_date":"2008-05-27T22:00:00.000000Z","support":"Grand format","publisher_availability":1,"stock":0,"editions":[],"url":"https:\/\/quaidesbrumes.com\/ouvrage\/9782876734852\/la-forme-des-crises-logique-et-epistemologie"},{"id":"9782813000149","title":"Mises en r\u00e9cits de la technique ; regards crois\u00e9s","description":"La technique est propice aux histoires. Les techniques engendrent des r\u00e9cits, s'inspirent et cr\u00e9ent des mythes, se rapportent \u00e0 des fictions. Toutes sont faites de langage, de paroles, de discours. Cet ouvrage interdisciplinaire propose de prendre la mesure de l'importance de cet ensemble de r\u00e9cits qui nous parlent de la technique et qui la font. Il s'agit alors moins d'analyser quelles sont les repr\u00e9sentations de la technique dans ces r\u00e9cits mais de voir quels sont les liens privil\u00e9gi\u00e9s entre la technique et le r\u00e9cit. En quoi le r\u00e9cit est-il particuli\u00e8rement propice pour penser la technique? En quoi peut-il nous aider \u00e0 renouveler notre connaissance sur la technique? Cet ouvrage rassemble les contributions de chercheurs issus de disciplines diverses et int\u00e9ressera toutes les personnes pour qui la technique est une fen\u00eatre sur le monde.\r","authors":["Marianne Chouteau","C\u00e9line Nguyen"],"category_codes":["9000000","9080000","9080200","9080204"],"visuals":{"large":"https:\/\/images.epagine.fr\/149\/9782813000149_1_75.jpg","medium":"https:\/\/images.epagine.fr\/149\/9782813000149_1_m.jpg","thumbnail":"https:\/\/images.epagine.fr\/149\/9782813000149_1_v.jpg"},"orderable":true,"show_badge":true,"formatted_price":"19,00&nbsp;\u20ac","formatted_published_date":"7 avril 2011","publisher_availability_label":"Sur commande","short_details":"Marianne Chouteau, C\u00e9line Nguyen \u2014 ARCHIVES CONTEMPORAINES","translator":null,"weight":241,"page_count":132,"readership":null,"editor":"ARCHIVES CONTEMPORAINES","price":1900,"published_date":"2011-04-06T22:00:00.000000Z","support":"Grand format","publisher_availability":1,"stock":0,"editions":[],"url":"https:\/\/quaidesbrumes.com\/ouvrage\/9782813000149\/mises-en-recits-de-la-technique-regards-croises"},{"id":"9782329603520","title":"M\u00e9ditations m\u00e9taphysiques et correspondance : avec J.-J. Dortons de Mairan, sur des sujets de m\u00e9taphysique","description":"M\u00e9ditations m\u00e9taphysiques et correspondance de N. Malebranche,... avec J.-J. Dortons de Mairan, sur des sujets de m\u00e9taphysique\r\nDate de l'\u00e9dition originale : 1841\r\nLe pr\u00e9sent ouvrage s'inscrit dans une politique de conservation patrimoniale des ouvrages de la litt\u00e9rature Fran\u00e7aise mise en place avec la BNF. \r\nHACHETTE LIVRE et la BNF proposent ainsi un catalogue de titres indisponibles, la BNF ayant num\u00e9ris\u00e9 ces oeuvres et HACHETTE LIVRE les imprimant \u00e0 la demande. \r\nCertains de ces ouvrages refl\u00e8tent des courants de pens\u00e9e caract\u00e9ristiques de leur \u00e9poque, mais qui seraient aujourd'hui jug\u00e9s condamnables. \r\nIls n'en appartiennent pas moins \u00e0 l'histoire des id\u00e9es en France et sont susceptibles de pr\u00e9senter un int\u00e9r\u00eat scientifique ou historique. \r\nLe sens de notre d\u00e9marche \u00e9ditoriale consiste ainsi \u00e0 permettre l'acc\u00e8s \u00e0 ces oeuvres sans pour autant que nous en cautionnions en aucune fa\u00e7on le contenu. \r\nPour plus d'informations, rendez-vous sur www.hachettebnf.fr","authors":["F\u00e9lix-S\u00e9bastien Feuillet De Conches","Landelin Malebranche"],"category_codes":["9000000","9080000"],"visuals":{"large":"https:\/\/quaidesbrumes.com\/img\/book-placeholder.png","medium":"https:\/\/quaidesbrumes.com\/img\/book-placeholder.png","thumbnail":"https:\/\/quaidesbrumes.com\/img\/book-placeholder.png"},"orderable":true,"show_badge":true,"formatted_price":"19,50&nbsp;\u20ac","formatted_published_date":"1er mars 2021","publisher_availability_label":"Sur commande","short_details":"F\u00e9lix-S\u00e9bastien Feuillet De Conches, Landelin Malebranche \u2014 Hachette BNF","translator":null,"weight":281,"page_count":202,"readership":null,"editor":"Hachette BNF","price":1950,"published_date":"2021-02-28T23:00:00.000000Z","support":"Grand format","publisher_availability":1,"stock":0,"editions":[],"url":"https:\/\/quaidesbrumes.com\/ouvrage\/9782329603520\/meditations-metaphysiques-et-correspondance-avec-j-j-dortons-de-mairan-sur-des-sujets-de-metaphysique"},{"id":"9782361060367","title":"La reconnaissance ; des revendications collectives \u00e0 l'estime de soi","description":".\r","authors":["Collectif"],"category_codes":["9000000","9080000","9080200"],"visuals":{"large":"https:\/\/images.epagine.fr\/367\/9782361060367_1_75.jpg","medium":"https:\/\/images.epagine.fr\/367\/9782361060367_1_m.jpg","thumbnail":"https:\/\/images.epagine.fr\/367\/9782361060367_1_v.jpg"},"orderable":true,"show_badge":true,"formatted_price":"10,20&nbsp;\u20ac","formatted_published_date":"24 mai 2013","publisher_availability_label":"Sur commande","short_details":"Collectif \u2014 \u00c9ditions Sciences Humaines","translator":null,"weight":150,"page_count":121,"readership":null,"editor":"\u00c9ditions Sciences Humaines","price":1020,"published_date":"2013-05-23T22:00:00.000000Z","support":"Grand format","publisher_availability":1,"stock":0,"editions":[],"url":"https:\/\/quaidesbrumes.com\/ouvrage\/9782361060367\/la-reconnaissance-des-revendications-collectives-a-lestime-de-soi"},{"id":"9782296010659","title":"Fondements philosophiques du risque","description":"Sans nous en apercevoir - ou bien en prenant une d\u00e9cision responsable - nous vivons continuellement l'exp\u00e9rience du risque. Chaque action quotidienne, chaque pens\u00e9e m\u00eame, atteste l'aventure de l'existence. L\u00e0 est l'origine de la r\u00e9flexion qui rel\u00e8ve de la politique, de la sociologie, de l'\u00e9conomie et de la science ; mais aussi de la psychologie, de l'esth\u00e9tique, du jeu. Mais \u00e0 l'arri\u00e8re-plan se profile une exigence typiquement philosophique : est-il possible de donner un fondement au \"risque\", d'en d\u00e9terminer l'essence ?\r","authors":["Maso Stephane"],"category_codes":["9000000","9080000"],"visuals":{"large":"https:\/\/images.epagine.fr\/659\/9782296010659_1_75.jpg","medium":"https:\/\/images.epagine.fr\/659\/9782296010659_1_m.jpg","thumbnail":"https:\/\/images.epagine.fr\/659\/9782296010659_1_v.jpg"},"orderable":true,"show_badge":true,"formatted_price":"21,00&nbsp;\u20ac","formatted_published_date":"15 juin 2006","publisher_availability_label":"Sur commande","short_details":"Maso Stephane \u2014 \u00c9ditions L'Harmattan","translator":null,"weight":235,"page_count":220,"readership":null,"editor":"\u00c9ditions L'Harmattan","price":2100,"published_date":"2006-06-14T22:00:00.000000Z","support":"Grand format","publisher_availability":1,"stock":0,"editions":[],"url":"https:\/\/quaidesbrumes.com\/ouvrage\/9782296010659\/fondements-philosophiques-du-risque"},{"id":"9782013400619","title":"Abrege de la philosophie de m. gassendi. tome 3","description":"Abr\u00e9g\u00e9 de la philosophie de M. Gassendi. Tome 3 \/ par F. Bernier,...\r\nDate de l'\u00e9dition originale : 1684 Sujet de l'ouvrage : Gassendi, Pierre (1592-1655) -- Philosophie Ce livre est la reproduction fid\u00e8le d une uvre publi\u00e9e avant 1920 et fait partie d une collection de livres r\u00e9imprim\u00e9s \u00e0 la demande \u00e9dit\u00e9e par Hachette Livre, dans le cadre d un partenariat avec la Biblioth\u00e8que nationale de France, offrant l opportunit\u00e9 d acc\u00e9der \u00e0 des ouvrages anciens et souvent rares issus des fonds patrimoniaux de la BnF.\r\nLes uvres faisant partie de cette collection ont \u00e9t\u00e9 num\u00e9ris\u00e9es par la BnF et sont pr\u00e9sentes sur Gallica, sa biblioth\u00e8que num\u00e9rique.\r\n\r\nEn entreprenant de redonner vie \u00e0 ces ouvrages au travers d une collection de livres r\u00e9imprim\u00e9s \u00e0 la demande, nous leur donnons la possibilit\u00e9 de rencontrer un public \u00e9largi et participons \u00e0 la transmission de connaissances et de savoirs parfois difficilement accessibles.\r\nNous avons cherch\u00e9 \u00e0 concilier la reproduction fid\u00e8le d un livre ancien \u00e0 partir de sa version num\u00e9ris\u00e9e avec le souci d un confort de lecture optimal. Nous esp\u00e9rons que les ouvrages de cette nouvelle collection vous apporteront enti\u00e8re satisfaction.\r\n\r\nPour plus d informations, rendez-vous sur www.hachettebnf.fr\r","authors":["Fran\u00e7ois Bernier"],"category_codes":["9000000","9080000"],"visuals":{"large":"https:\/\/images.epagine.fr\/619\/9782013400619_1_75.jpg","medium":"https:\/\/images.epagine.fr\/619\/9782013400619_1_m.jpg","thumbnail":"https:\/\/images.epagine.fr\/619\/9782013400619_1_v.jpg"},"orderable":true,"show_badge":true,"formatted_price":"26,50&nbsp;\u20ac","formatted_published_date":"1er septembre 2014","publisher_availability_label":"Sur commande","short_details":"Fran\u00e7ois Bernier \u2014 Hachette BNF","translator":null,"weight":579,"page_count":null,"readership":null,"editor":"Hachette BNF","price":2650,"published_date":"2014-08-31T22:00:00.000000Z","support":"Grand format","publisher_availability":1,"stock":0,"editions":[],"url":"https:\/\/quaidesbrumes.com\/ouvrage\/9782013400619\/abrege-de-la-philosophie-de-m-gassendi-tome-3"},{"id":"9782329601243","title":"Le discernement du corps et de l'\u00e2me en six discours, pour servir \u00e0 l'\u00e9claircissement de la physique","description":"Le discernement du corps et de l'\u00e2me en six discours : pour servir \u00e0 l'\u00e9claircissement de la physique... \/ [sign\u00e9 de Cordemoy]\r\nDate de l'\u00e9dition originale : 1666\r\nLe pr\u00e9sent ouvrage s'inscrit dans une politique de conservation patrimoniale des ouvrages de la litt\u00e9rature Fran\u00e7aise mise en place avec la BNF. \r\nHACHETTE LIVRE et la BNF proposent ainsi un catalogue de titres indisponibles, la BNF ayant num\u00e9ris\u00e9 ces oeuvres et HACHETTE LIVRE les imprimant \u00e0 la demande. \r\nCertains de ces ouvrages refl\u00e8tent des courants de pens\u00e9e caract\u00e9ristiques de leur \u00e9poque, mais qui seraient aujourd'hui jug\u00e9s condamnables. \r\nIls n'en appartiennent pas moins \u00e0 l'histoire des id\u00e9es en France et sont susceptibles de pr\u00e9senter un int\u00e9r\u00eat scientifique ou historique. \r\nLe sens de notre d\u00e9marche \u00e9ditoriale consiste ainsi \u00e0 permettre l'acc\u00e8s \u00e0 ces oeuvres sans pour autant que nous en cautionnions en aucune fa\u00e7on le contenu. \r\nPour plus d'informations, rendez-vous sur www.hachettebnf.fr","authors":["G\u00e9raud De Cordemoy"],"category_codes":["9000000","9080000","9080600"],"visuals":{"large":"https:\/\/quaidesbrumes.com\/img\/book-placeholder.png","medium":"https:\/\/quaidesbrumes.com\/img\/book-placeholder.png","thumbnail":"https:\/\/quaidesbrumes.com\/img\/book-placeholder.png"},"orderable":true,"show_badge":true,"formatted_price":"21,50&nbsp;\u20ac","formatted_published_date":"1er mars 2021","publisher_availability_label":"Sur commande","short_details":"G\u00e9raud De Cordemoy \u2014 Hachette BNF","translator":null,"weight":365,"page_count":262,"readership":null,"editor":"Hachette BNF","price":2150,"published_date":"2021-02-28T23:00:00.000000Z","support":"Grand format","publisher_availability":1,"stock":0,"editions":[],"url":"https:\/\/quaidesbrumes.com\/ouvrage\/9782329601243\/le-discernement-du-corps-et-de-lame-en-six-discours-pour-servir-a-leclaircissement-de-la-physique"},{"id":"9782013564762","title":"De la verite en tant qu'elle est distincte de la revelation, du vray-semblable, du possible, du faux","description":"De la v\u00e9rit\u00e9 en tant qu'elle est distincte de la r\u00e9v\u00e9lation, du vray-semblable, du possible et du faux (3e \u00e9d.) \/ . Cet oeuvre a est\u00e9 compos\u00e9 par M. \u00c9douard Herbert, baron de Cherbury,... Reveu et augment\u00e9 par le mesme auteur. 3e \u00e9d.\r\nDate de l'\u00e9dition originale : 1639 Ce livre est la reproduction fid\u00e8le d'une oeuvre publi\u00e9e avant 1920 et fait partie d'une collection de livres r\u00e9imprim\u00e9s \u00e0 la demande \u00e9dit\u00e9e par Hachette Livre, dans le cadre d'un partenariat avec la Biblioth\u00e8que nationale de France, offrant l'opportunit\u00e9 d'acc\u00e9der \u00e0 des ouvrages anciens et souvent rares issus des fonds patrimoniaux de la BnF.\r\nLes oeuvres faisant partie de cette collection ont \u00e9t\u00e9 num\u00e9ris\u00e9es par la BnF et sont pr\u00e9sentes sur Gallica, sa biblioth\u00e8que num\u00e9rique.\r\n\r\nEn entreprenant de redonner vie \u00e0 ces ouvrages au travers d'une collection de livres r\u00e9imprim\u00e9s \u00e0 la demande, nous leur donnons la possibilit\u00e9 de rencontrer un public \u00e9largi et participons \u00e0 la transmission de connaissances et de savoirs parfois difficilement accessibles.\r\nNous avons cherch\u00e9 \u00e0 concilier la reproduction fid\u00e8le d'un livre ancien \u00e0 partir de sa version num\u00e9ris\u00e9e avec le souci d'un confort de lecture optimal. Nous esp\u00e9rons que les ouvrages de cette nouvelle collection vous apporteront enti\u00e8re satisfaction.\r\n\r\nPour plus d'informations, rendez-vous sur www.hachettebnf.fr\r","authors":["Herbert Of Cherbury"],"category_codes":["9000000","9080000","9080600"],"visuals":{"large":"https:\/\/images.epagine.fr\/762\/9782013564762_1_75.jpg","medium":"https:\/\/images.epagine.fr\/762\/9782013564762_1_m.jpg","thumbnail":"https:\/\/images.epagine.fr\/762\/9782013564762_1_v.jpg"},"orderable":true,"show_badge":true,"formatted_price":"24,00&nbsp;\u20ac","formatted_published_date":"1er d\u00e9cembre 2016","publisher_availability_label":"Sur commande","short_details":"Herbert Of Cherbury \u2014 Hachette BNF","translator":null,"weight":465,"page_count":null,"readership":null,"editor":"Hachette BNF","price":2400,"published_date":"2016-11-30T23:00:00.000000Z","support":"Grand format","publisher_availability":1,"stock":0,"editions":[],"url":"https:\/\/quaidesbrumes.com\/ouvrage\/9782013564762\/de-la-verite-en-tant-quelle-est-distincte-de-la-revelation-du-vray-semblable-du-possible-du-faux"},{"id":"9782296137813","title":"Histoires de sinc\u00e9rit\u00e9","description":"La notion de sinc\u00e9rit\u00e9 est-elle synonyme de franchise ou encore de v\u00e9racit\u00e9 ? Vise-t-elle la v\u00e9rit\u00e9 ? Est-ce une valeur morale ? Sommes-nous vraiment capables d'\u00eatre sinc\u00e8res ? Pour r\u00e9pondre \u00e0 ces questions, les auteurs de ce livre, universitaires, chercheurs, op\u00e8rent un retour aux philosophes classiques, \u00e9clair\u00e9s par la lumi\u00e8re des contemporains, esp\u00e9rant ainsi percer le paradoxe soulev\u00e9 par Vladimir Jank\u00e9l\u00e9vitch : \"Pour \u00eatre sinc\u00e8re, il faut cesser de l'\u00eatre\".\r","authors":["Elsa Godart"],"category_codes":["9000000","9080000","9080200"],"visuals":{"large":"https:\/\/images.epagine.fr\/813\/9782296137813_1_75.jpg","medium":"https:\/\/images.epagine.fr\/813\/9782296137813_1_m.jpg","thumbnail":"https:\/\/images.epagine.fr\/813\/9782296137813_1_v.jpg"},"orderable":true,"show_badge":true,"formatted_price":"24,00&nbsp;\u20ac","formatted_published_date":"3 d\u00e9cembre 2010","publisher_availability_label":"Sur commande","short_details":"Elsa Godart \u2014 \u00c9ditions L'Harmattan","translator":null,"weight":307,"page_count":239,"readership":null,"editor":"\u00c9ditions L'Harmattan","price":2400,"published_date":"2010-12-02T23:00:00.000000Z","support":"Grand format","publisher_availability":1,"stock":0,"editions":[],"url":"https:\/\/quaidesbrumes.com\/ouvrage\/9782296137813\/histoires-de-sincerite"},{"id":"9782296044487","title":"Plotin face \u00e0 Platon ; Plotin chez Augustin et Far\u00e2b\u00ee","description":"L'ouvrage se propose de mettre en perspective la pens\u00e9e de Plotin avec celle de Platon, d'Augustin et d'Al-Far\u00e2b\u00ee. De telles filiations, de telles ruptures (ou transpositions) ne peuvent qu'\u00e9clairer le lecteur soucieux de comprendre les fondements grecs, latins et arabes de la philosophie.\r","authors":["Michel Fattal"],"category_codes":["9000000","9080000","9080200","9080204"],"visuals":{"large":"https:\/\/images.epagine.fr\/487\/9782296044487_1_75.jpg","medium":"https:\/\/images.epagine.fr\/487\/9782296044487_1_m.jpg","thumbnail":"https:\/\/images.epagine.fr\/487\/9782296044487_1_v.jpg"},"orderable":true,"show_badge":true,"formatted_price":"14,00&nbsp;\u20ac","formatted_published_date":"13 novembre 2007","publisher_availability_label":"Sur commande","short_details":"Michel Fattal \u2014 \u00c9ditions L'Harmattan","translator":null,"weight":180,"page_count":140,"readership":null,"editor":"\u00c9ditions L'Harmattan","price":1400,"published_date":"2007-11-12T23:00:00.000000Z","support":"Grand format","publisher_availability":1,"stock":0,"editions":[],"url":"https:\/\/quaidesbrumes.com\/ouvrage\/9782296044487\/plotin-face-a-platon-plotin-chez-augustin-et-farabi"},{"id":"9782329462868","title":"La divinite de la religion chretienne, vengee des sophismes de jean-jacques rousseau. partie 2","description":"La divinit\u00e9 de la religion chr\u00e9tienne, veng\u00e9e des sophismes de Jean-Jacques Rousseau. Partie 2 \/ , par dom J.-P. D\u00e9foris. 2e [-3e] partie de la R\u00e9futation d'\u00c9mile ou de l'\u00c9ducation\r\nDate de l'\u00e9dition originale : 1763\r\nLe pr\u00e9sent ouvrage s'inscrit dans une politique de conservation patrimoniale des ouvrages de la litt\u00e9rature Fran\u00e7aise mise en place avec la BNF. \r\nHACHETTE LIVRE et la BNF proposent ainsi un catalogue de titres indisponibles, la BNF ayant num\u00e9ris\u00e9 ces oeuvres et HACHETTE LIVRE les imprimant \u00e0 la demande. \r\nCertains de ces ouvrages refl\u00e8tent des courants de pens\u00e9e caract\u00e9ristiques de leur \u00e9poque, mais qui seraient aujourd'hui jug\u00e9s condamnables. \r\nIls n'en appartiennent pas moins \u00e0 l'histoire des id\u00e9es en France et sont susceptibles de pr\u00e9senter un int\u00e9r\u00eat scientifique ou historique. \r\nLe sens de notre d\u00e9marche \u00e9ditoriale consiste ainsi \u00e0 permettre l'acc\u00e8s \u00e0 ces oeuvres sans pour autant que nous en cautionnions en aucune fa\u00e7on le contenu. \r\nPour plus d'informations, rendez-vous sur www.hachettebnf.fr","authors":["Jean Pierre Deforis"],"category_codes":["9000000","9080000","9080600"],"visuals":{"large":"https:\/\/quaidesbrumes.com\/img\/book-placeholder.png","medium":"https:\/\/quaidesbrumes.com\/img\/book-placeholder.png","thumbnail":"https:\/\/quaidesbrumes.com\/img\/book-placeholder.png"},"orderable":true,"show_badge":true,"formatted_price":"22,50&nbsp;\u20ac","formatted_published_date":"1er septembre 2020","publisher_availability_label":"Sur commande","short_details":"Jean Pierre Deforis \u2014 Hachette BNF","translator":null,"weight":416,"page_count":296,"readership":null,"editor":"Hachette BNF","price":2250,"published_date":"2020-08-31T22:00:00.000000Z","support":"Grand format","publisher_availability":1,"stock":0,"editions":["9782019540968"],"url":"https:\/\/quaidesbrumes.com\/ouvrage\/9782329462868\/la-divinite-de-la-religion-chretienne-vengee-des-sophismes-de-jean-jacques-rousseau-partie-2"},{"id":"9782875250728","title":"Monde de l'islam et occident ; les voies de l'interculturalit\u00e9","description":"\"Outre la mise en \u00e9vidence de l'aspect artificiel d'une telle division, quelques espoirs raisonnables en la paix et en l'ouverture \u00e0 \u00ab l'autre \u00bb \u00e9manent de leurs recherches. Patrick Denoux montre que la relation interculturelle est avant tout une exp\u00e9rience de vie, dont la r\u00e9ussite d\u00e9pend essentiellement de la volont\u00e9 de ceux qui l'entreprennent. Raymond Kassis prouve, philosophiquement parlant, que l'homme poss\u00e8de, dans l'essence m\u00eame de son \u00eatre, toutes les aptitudes n\u00e9cessaires \u00e0 cette ouverture...\"\r","authors":["Genevi\u00e8ve Gobillot"],"category_codes":["9000000","9080000","9080200","9080204"],"visuals":{"large":"https:\/\/images.epagine.fr\/728\/9782875250728_1_75.jpg","medium":"https:\/\/images.epagine.fr\/728\/9782875250728_1_m.jpg","thumbnail":"https:\/\/images.epagine.fr\/728\/9782875250728_1_v.jpg"},"orderable":true,"show_badge":true,"formatted_price":"28,00&nbsp;\u20ac","formatted_published_date":"3 janvier 2011","publisher_availability_label":"Sur commande","short_details":"Genevi\u00e8ve Gobillot \u2014 EME EDITIONS","translator":null,"weight":350,"page_count":223,"readership":null,"editor":"EME EDITIONS","price":2800,"published_date":"2011-01-02T23:00:00.000000Z","support":"Grand format","publisher_availability":1,"stock":0,"editions":[],"url":"https:\/\/quaidesbrumes.com\/ouvrage\/9782875250728\/monde-de-lislam-et-occident-les-voies-de-linterculturalite"},{"id":"9782329462851","title":"La divinite de la religion chretienne, vengee des sophismes de jean-jacques rousseau. partie 3","description":"La divinit\u00e9 de la religion chr\u00e9tienne, veng\u00e9e des sophismes de Jean-Jacques Rousseau. Partie 3 \/ , par dom J.-P. D\u00e9foris. 2e [-3e] partie de la R\u00e9futation d'\u00c9mile ou de l'\u00c9ducation\r\nDate de l'\u00e9dition originale : 1763\r\nLe pr\u00e9sent ouvrage s'inscrit dans une politique de conservation patrimoniale des ouvrages de la litt\u00e9rature Fran\u00e7aise mise en place avec la BNF. \r\nHACHETTE LIVRE et la BNF proposent ainsi un catalogue de titres indisponibles, la BNF ayant num\u00e9ris\u00e9 ces oeuvres et HACHETTE LIVRE les imprimant \u00e0 la demande. \r\nCertains de ces ouvrages refl\u00e8tent des courants de pens\u00e9e caract\u00e9ristiques de leur \u00e9poque, mais qui seraient aujourd'hui jug\u00e9s condamnables. \r\nIls n'en appartiennent pas moins \u00e0 l'histoire des id\u00e9es en France et sont susceptibles de pr\u00e9senter un int\u00e9r\u00eat scientifique ou historique. \r\nLe sens de notre d\u00e9marche \u00e9ditoriale consiste ainsi \u00e0 permettre l'acc\u00e8s \u00e0 ces oeuvres sans pour autant que nous en cautionnions en aucune fa\u00e7on le contenu. \r\nPour plus d'informations, rendez-vous sur www.hachettebnf.fr","authors":["Jean Pierre Deforis"],"category_codes":["9000000","9080000","9080600"],"visuals":{"large":"https:\/\/quaidesbrumes.com\/img\/book-placeholder.png","medium":"https:\/\/quaidesbrumes.com\/img\/book-placeholder.png","thumbnail":"https:\/\/quaidesbrumes.com\/img\/book-placeholder.png"},"orderable":true,"show_badge":true,"formatted_price":"22,00&nbsp;\u20ac","formatted_published_date":"1er septembre 2020","publisher_availability_label":"Sur commande","short_details":"Jean Pierre Deforis \u2014 Hachette BNF","translator":null,"weight":403,"page_count":286,"readership":null,"editor":"Hachette BNF","price":2200,"published_date":"2020-08-31T22:00:00.000000Z","support":"Grand format","publisher_availability":1,"stock":0,"editions":["9782019540975"],"url":"https:\/\/quaidesbrumes.com\/ouvrage\/9782329462851\/la-divinite-de-la-religion-chretienne-vengee-des-sophismes-de-jean-jacques-rousseau-partie-3"},{"id":"9782868399724","title":"Le createur de l'univers","description":"Il est admis, depuis la Critique de la Raison Pure et les travaux de l'\u00e9cole empiriste, que la question de Dieu rel\u00e8ve moins de la pens\u00e9e rationnelle que d'un choix personnel, d'une croyance. C'est ainsi que Dieu s'est trouv\u00e9 exclu de la vie sociale et enferm\u00e9 dans la seule sph\u00e8re priv\u00e9e. \r\n\r\nC'est pourtant cette opinion que Jean Cachia pr\u00e9tend mettre en question dans cet ouvrage puissant, \u00e9rudit et simple \u00e0 lire. Non, la question de l'existence de Dieu n'\u00e9chappe pas \u00e0 la pens\u00e9e rationnelle ; bien au contraire, cette derni\u00e8re peut montrer pourquoi Dieu ne peut pas ne pas \u00eatre. Il convient ensuite d'en tirer toutes les cons\u00e9quences.","authors":["Cachia Jean"],"category_codes":["9000000","9080000"],"visuals":{"large":"https:\/\/quaidesbrumes.com\/img\/book-placeholder.png","medium":"https:\/\/quaidesbrumes.com\/img\/book-placeholder.png","thumbnail":"https:\/\/quaidesbrumes.com\/img\/book-placeholder.png"},"orderable":true,"show_badge":true,"formatted_price":"20,30&nbsp;\u20ac","formatted_published_date":"2 mars 2006","publisher_availability_label":"Sur commande","short_details":"Cachia Jean \u2014 Francois-Xavier De Guibert","translator":null,"weight":300,"page_count":235,"readership":null,"editor":"Francois-Xavier De Guibert","price":2030,"published_date":"2006-03-01T23:00:00.000000Z","support":"Grand format","publisher_availability":1,"stock":0,"editions":[],"url":"https:\/\/quaidesbrumes.com\/ouvrage\/9782868399724\/le-createur-de-lunivers"},{"id":"9782013657099","title":"Le capitaine philosophe","description":"Le Capitaine philosophe, par Marcel Tissot Date de l'\u00e9dition originale : 1876 Ce livre est la reproduction fid\u00e8le d'une oeuvre publi\u00e9e avant 1920 et fait partie d'une collection de livres r\u00e9imprim\u00e9s \u00e0 la demande \u00e9dit\u00e9e par Hachette Livre, dans le cadre d'un partenariat avec la Biblioth\u00e8que nationale de France, offrant l'opportunit\u00e9 d'acc\u00e9der \u00e0 des ouvrages anciens et souvent rares issus des fonds patrimoniaux de la BnF.\r\nLes oeuvres faisant partie de cette collection ont \u00e9t\u00e9 num\u00e9ris\u00e9es par la BnF et sont pr\u00e9sentes sur Gallica, sa biblioth\u00e8que num\u00e9rique.\r\n\r\nEn entreprenant de redonner vie \u00e0 ces ouvrages au travers d'une collection de livres r\u00e9imprim\u00e9s \u00e0 la demande, nous leur donnons la possibilit\u00e9 de rencontrer un public \u00e9largi et participons \u00e0 la transmission de connaissances et de savoirs parfois difficilement accessibles.\r\nNous avons cherch\u00e9 \u00e0 concilier la reproduction fid\u00e8le d'un livre ancien \u00e0 partir de sa version num\u00e9ris\u00e9e avec le souci d'un confort de lecture optimal. Nous esp\u00e9rons que les ouvrages de cette nouvelle collection vous apporteront enti\u00e8re satisfaction.\r\n\r\nPour plus d'informations, rendez-vous sur www.hachettebnf.fr http:\/\/gallica.bnf.fr\/ark:\/12148\/bpt6k5849157z\r","authors":["Tissot-M"],"category_codes":["9000000","9080000"],"visuals":{"large":"https:\/\/images.epagine.fr\/099\/9782013657099_1_75.jpg","medium":"https:\/\/images.epagine.fr\/099\/9782013657099_1_m.jpg","thumbnail":"https:\/\/images.epagine.fr\/099\/9782013657099_1_v.jpg"},"orderable":true,"show_badge":true,"formatted_price":"24,00&nbsp;\u20ac","formatted_published_date":"1er janvier 2013","publisher_availability_label":"Sur commande","short_details":"Tissot-M \u2014 Hachette BNF","translator":null,"weight":470,"page_count":null,"readership":null,"editor":"Hachette BNF","price":2400,"published_date":"2012-12-31T23:00:00.000000Z","support":"Grand format","publisher_availability":1,"stock":0,"editions":[],"url":"https:\/\/quaidesbrumes.com\/ouvrage\/9782013657099\/le-capitaine-philosophe"},{"id":"9782296119512","title":"Le philosophe et le transfert des sciences et de la technologie en Afrique ; discours sur l'\u00e9pist\u00e9mique et l'ontologie","description":"L'acc\u00e8s aux sciences et \u00e0 la technologie est un probl\u00e8me crucial pour les pays africains, mais il s'exprime souvent en termes de transfert et non de ma\u00eetrise de processus. Le v\u00e9ritable d\u00e9veloppement scientifique et technologique doit \u00eatre profond\u00e9ment ancr\u00e9 dans la vie sociale et suivre l'\u00e9volution de celle-ci. Tout transfert de technologie comporte donc la menace d'une pression sur les structures du pays d'accueil souvent accentu\u00e9e par le prolongement du rapport de domination.\r","authors":["Collectif"],"category_codes":["9000000","9080000","9080200","9080204"],"visuals":{"large":"https:\/\/images.epagine.fr\/512\/9782296119512_1_75.jpg","medium":"https:\/\/images.epagine.fr\/512\/9782296119512_1_m.jpg","thumbnail":"https:\/\/images.epagine.fr\/512\/9782296119512_1_v.jpg"},"orderable":true,"show_badge":true,"formatted_price":"18,00&nbsp;\u20ac","formatted_published_date":"21 mai 2010","publisher_availability_label":"Sur commande","short_details":"Collectif \u2014 \u00c9ditions L'Harmattan","translator":null,"weight":225,"page_count":null,"readership":null,"editor":"\u00c9ditions L'Harmattan","price":1800,"published_date":"2010-05-20T22:00:00.000000Z","support":"Grand format","publisher_availability":1,"stock":0,"editions":[],"url":"https:\/\/quaidesbrumes.com\/ouvrage\/9782296119512\/le-philosophe-et-le-transfert-des-sciences-et-de-la-technologie-en-afrique-discours-sur-lepistemique-et-lontologie"}]}