{"data":[{"id":"9782012522138","title":"Ainsi parlait Zarathoustra : un livre pour tout le monde et personne (\u00c9d.1898)","description":"Ainsi parlait Zarathoustra : un livre pour tout le monde et personne \/ Fr\u00e9d\u00e9ric Nietzsche ; traduit par Henri Albert\r\nDate de l'\u00e9dition originale : 1898\r\n\r\nLe pr\u00e9sent ouvrage s'inscrit dans une politique de conservation patrimoniale des ouvrages de la litt\u00e9rature Fran\u00e7aise mise en place avec la BNF.\r\nHACHETTE LIVRE et la BNF proposent ainsi un catalogue de titres indisponibles, la BNF ayant num\u00e9ris\u00e9 ces oeuvres et HACHETTE LIVRE les imprimant \u00e0 la demande.\r\nCertains de ces ouvrages refl\u00e8tent des courants de pens\u00e9e caract\u00e9ristiques de leur \u00e9poque, mais qui seraient aujourd'hui jug\u00e9s condamnables.\r\nIls n'en appartiennent pas moins \u00e0 l'histoire des id\u00e9es en France et sont susceptibles de pr\u00e9senter un int\u00e9r\u00eat scientifique ou historique.\r\nLe sens de notre d\u00e9marche \u00e9ditoriale consiste ainsi \u00e0 permettre l'acc\u00e8s \u00e0 ces oeuvres sans pour autant que nous en cautionnions en aucune fa\u00e7on le contenu.\r\n\r\nPour plus d'informations, rendez-vous sur www.hachettebnf.fr","authors":["Friedrich Nietzsche"],"category_codes":["9000000","9080000"],"visuals":{"large":"https:\/\/images.epagine.fr\/138\/9782012522138_1_75.jpg","medium":"https:\/\/images.epagine.fr\/138\/9782012522138_1_m.jpg","thumbnail":"https:\/\/images.epagine.fr\/138\/9782012522138_1_v.jpg"},"orderable":true,"show_badge":true,"formatted_price":"30,00&nbsp;\u20ac","formatted_published_date":"1er mai 2012","publisher_availability_label":"Sur commande","short_details":"Friedrich Nietzsche \u2014 Hachette BNF","translator":null,"weight":670,"page_count":481,"readership":null,"editor":"Hachette BNF","price":3000,"published_date":"2012-04-30T22:00:00.000000Z","support":"Grand format","publisher_availability":1,"stock":0,"editions":[],"url":"https:\/\/quaidesbrumes.com\/ouvrage\/9782012522138\/ainsi-parlait-zarathoustra-un-livre-pour-tout-le-monde-et-personne-ed1898"},{"id":"9782012761704","title":"Pensee et realite : essai d'une reforme de la philosophie critique (ed.1896)","description":"Pens\u00e9e et r\u00e9alit\u00e9 : essai d'une r\u00e9forme de la philosophie critique \/ par A. Spir ; trad. de l'allemand sur la 3e \u00e9dition par A. Penjon... http:\/\/gallica.bnf.fr\/ark:\/12148\/bpt6k69545q\r","authors":["Spir A A."],"category_codes":["9000000","9080000"],"visuals":{"large":"https:\/\/images.epagine.fr\/704\/9782012761704_1_75.jpg","medium":"https:\/\/images.epagine.fr\/704\/9782012761704_1_m.jpg","thumbnail":"https:\/\/images.epagine.fr\/704\/9782012761704_1_v.jpg"},"orderable":true,"show_badge":true,"formatted_price":"33,00&nbsp;\u20ac","formatted_published_date":"1er mai 2012","publisher_availability_label":"Sur commande","short_details":"Spir A A. \u2014 Hachette BNF","translator":null,"weight":820,"page_count":null,"readership":null,"editor":"Hachette BNF","price":3300,"published_date":"2012-04-30T22:00:00.000000Z","support":"Grand format","publisher_availability":1,"stock":0,"editions":[],"url":"https:\/\/quaidesbrumes.com\/ouvrage\/9782012761704\/pensee-et-realite-essai-dune-reforme-de-la-philosophie-critique-ed1896"},{"id":"9782845781092","title":"Yves Klein ; fin de repr\u00e9sentation","description":"Si l'importance de la rupture artistique apport\u00e9e par Yves Klein (1928-1962) avec sa \" r\u00e9volution bleue \", est largement reconnue, les interpr\u00e9tations de sa d\u00e9marche se multiplient et se perdent bien souvent dans les m\u00e9andres de la psychologie, de la religion voire de l'obscurantisme. Alors que le projet de l'artiste s'\u00e9claire si on veut bien analyser son oeuvre fulgurante et ses \u00e9crits multiples, et les inscrire dans leurs rapports \u00e0 l'histoire de l'art. Cet ouvrage d\u00e9fend une th\u00e8se forte, \u00e0 savoir que l'oeuvre de Yves Klein ach\u00e8ve la d\u00e9construction du dispositif de la repr\u00e9sentation et de la perspective h\u00e9rit\u00e9e du Quattrocento et dont la d\u00e9construction avait commence avec l'impressionnisme. Yves Klein cl\u00f4ture cette critique en abandonnant le tableau, cette \" ge\u00f4le \" des couleurs et cette prison de la sensibilit\u00e9. Du m\u00eame coup, il abandonne la structure ternaire (mod\u00e8le\/toile\/regard) qui soutient tout le dispositif de la repr\u00e9sentation, au profit d'une structure binaire, celle du Vide et de la Vie ou de la Nature et du Sujet ; ou encore celle du Vide de Klein et du Plein d'Arman mis en sc\u00e8ne en 1958 \u00e0 Paris. En mettant fin de fa\u00e7on radicale \u00e0 la repr\u00e9sentation, Klein inaugure l'\u00e8re de l'a-repr\u00e9sentation, de la post-repr\u00e9sentation. Il invite \u00e0 la construction d'une nouvelle forme symbolique en art, voire au-del\u00e0, et en explore les multiples potentialit\u00e9s avec le th\u00e9\u00e2tre du Vide, l'immat\u00e9rialisation ou l'architecture de l'air et du feu. En cl\u00f4turant l'\u00e8re de la repr\u00e9sentation picturale inaugur\u00e9e et th\u00e9oris\u00e9e par Brunelleschi, Yves Klein \" remonte \" en amont de la perspective, et se lib\u00e8re de cette boite \u00e0 illusions et de ce grillage de lignes et de dessins qui avaient servi eux-m\u00eames \u00e0 se d\u00e9faire de l'art religieux du Moyen \u00e2ge. Klein lib\u00e8re le spectateur de la relation sp\u00e9culaire et spectaculaire \u00e9tablie entre le point de fuite et le point de vue. Klein y substitue d'une part, l'infini, le Vide et l'Immat\u00e9riel et d'une autre, la sensibilit\u00e9, le Sujet et la Vie. Ces couples r\u00e9ordonnent l'espace de l'art contemporain et sans doute de la civilisation d'Occident. Cet ouvrage sous titr\u00e9 \" Fin de repr\u00e9sentation \", pr\u00e9sente une analyse du dispositif de la repr\u00e9sentation, le processus de sa liquidation chez Yves Klein et les possibles ouverts par cette \" lib\u00e9ration \".\r\nRepr\u00e9sentation\/ Dissolution\/Lib\u00e9ration, ce mouvement ternaire a \u00e9t\u00e9 n\u00e9cessaire au triomphe de la relation duelle Vie\/Vide. Abandonner le \" tableau-prison \" (Klein) ou le \" tableau-tombeau \" (Louis Marin), c'est ouvrir la bo\u00eete de Pandore des espaces illimit\u00e9s de cr\u00e9ation dont se sont d\u00e9j\u00e0 empar\u00e9s de nombreux artistes ou courants, tels le Body art, le Land art et bien d'autres, depuis la disparition pr\u00e9matur\u00e9e de Yves Klein. Pierre Musso, Professeur \u00e0 l'Universit\u00e9 de Rennes II, directeur de la collection \" Europe\/Fondations \" chez Manucius, est l'auteur de nombreux ouvrages et essais sur la communication et la philosophie politique.\r","authors":["Pierre Musso"],"category_codes":["9000000","9080000","9080200","9080204"],"visuals":{"large":"https:\/\/images.epagine.fr\/092\/9782845781092_1_75.jpg","medium":"https:\/\/images.epagine.fr\/092\/9782845781092_1_m.jpg","thumbnail":"https:\/\/images.epagine.fr\/092\/9782845781092_1_v.jpg"},"orderable":true,"show_badge":true,"formatted_price":"10,20&nbsp;\u20ac","formatted_published_date":"2 mai 2010","publisher_availability_label":"Sur commande","short_details":"Pierre Musso \u2014 MANUCIUS","translator":null,"weight":100,"page_count":null,"readership":null,"editor":"MANUCIUS","price":1020,"published_date":"2010-05-01T22:00:00.000000Z","support":"Grand format","publisher_availability":1,"stock":0,"editions":[],"url":"https:\/\/quaidesbrumes.com\/ouvrage\/9782845781092\/yves-klein-fin-de-representation"},{"id":"9782705667337","title":"Les voies neuves de la philosophie","description":"Chacun le sait, les mots comme les concepts ont une histoire, forg\u00e9e au fil des si\u00e8cles par les changements de sens et les diff\u00e9rences d'appr\u00e9ciation et de connotation. Raconter leur histoire particuli\u00e8re, c'est non seulement enrichir cette histoire, mais c'est encore   et surtout   la modifier, la transformer. D'o\u00f9 le paradoxe, pr\u00e9sent\u00e9 \u00e0 maintes reprises par Jean-Pierre Faye : d'un c\u00f4t\u00e9, l'usage d'un concept exige la connaissance de son histoire et de sa polys\u00e9mie ; mais, de l'autre c\u00f4t\u00e9, son utilisation en modifie le sens et en transforme l'histoire. Car le pouvoir humain de conter a ceci de singulier qu'il agit, certes par le conte, mais \u00e9galement sur le conte. De l\u00e0, la n\u00e9cessit\u00e9 de porter une attention aigue aux mots et aux concepts, ainsi qu'\u00e0 leur histoire, \u00e0 leur usage et \u00e0 leurs transformations. \r\nCette nouvelle mani\u00e8re de proc\u00e9der et de penser permet de d\u00e9finir ce que l'auteur appelle la \u00ab philosophie du transformat \u00bb, nouvelle m\u00e9thode qui d\u00e9bouche notamment sur un dialogue avec la philosophie de Gilles Deleuze et qui constitue l'un des apports majeurs de la philosophie de Jean-Pierre Faye. Tant et si bien que Fran\u00e7ois Mitterrand consid\u00e9rait ce dernier comme \u00ab le plus grand philosophe fran\u00e7ais de la seconde moiti\u00e9 du vingti\u00e8me si\u00e8cle \u00bb. \r\nLe pr\u00e9sent trait\u00e9, \u00e9crit \u00e0 destination du plus grand nombre, en t\u00e9moigne : \u00e0 pr\u00e8s de 83 ans, Jean-Pierre Faye propose un retour r\u00e9flexif sur son oeuvre et expose sa d\u00e9marche philosophique de fa\u00e7on simple, syst\u00e9matique et synth\u00e9tique. Dans une certaine mesure, on peut dire que Les voies neuves de la philosophie est la meilleure introduction possible \u00e0 l'oeuvre et la pens\u00e9e, \u00f4 combien originale et forte, de Jean-Pierre Faye.","authors":["Faye-J"],"category_codes":["9000000","9080000","9080200","9080204"],"visuals":{"large":"https:\/\/images.epagine.fr\/337\/9782705667337_1_75.jpg","medium":"https:\/\/images.epagine.fr\/337\/9782705667337_1_m.jpg","thumbnail":"https:\/\/images.epagine.fr\/337\/9782705667337_1_v.jpg"},"orderable":true,"show_badge":true,"formatted_price":"30,00&nbsp;\u20ac","formatted_published_date":"6 f\u00e9vrier 2008","publisher_availability_label":"Sur commande","short_details":"Faye-J \u2014 Hermann","translator":null,"weight":242,"page_count":155,"readership":null,"editor":"Hermann","price":3000,"published_date":"2008-02-05T23:00:00.000000Z","support":"Grand format","publisher_availability":1,"stock":0,"editions":[],"url":"https:\/\/quaidesbrumes.com\/ouvrage\/9782705667337\/les-voies-neuves-de-la-philosophie"},{"id":"9782012761049","title":"Paradoxe sur l'incertitude, vanite et abus des sciences ,(ed.1603)","description":"Paradoxe sur l'incertitude, vanit\u00e9 et abus des sciences , traduit en fran\u00e7ois du latin de Henry Corneille Agr(ippa) (par Louis de Mayerne-Turquet)... http:\/\/gallica.bnf.fr\/ark:\/12148\/bpt6k1231227\r","authors":["Agrippa H C."],"category_codes":["9000000","9080000","9080600","9080602"],"visuals":{"large":"https:\/\/images.epagine.fr\/049\/9782012761049_1_75.jpg","medium":"https:\/\/images.epagine.fr\/049\/9782012761049_1_m.jpg","thumbnail":"https:\/\/images.epagine.fr\/049\/9782012761049_1_v.jpg"},"orderable":true,"show_badge":true,"formatted_price":"39,50&nbsp;\u20ac","formatted_published_date":"1er juin 2012","publisher_availability_label":"Sur commande","short_details":"Agrippa H C. \u2014 Hachette BNF","translator":null,"weight":1063,"page_count":null,"readership":null,"editor":"Hachette BNF","price":3950,"published_date":"2012-05-31T22:00:00.000000Z","support":"Grand format","publisher_availability":1,"stock":0,"editions":[],"url":"https:\/\/quaidesbrumes.com\/ouvrage\/9782012761049\/paradoxe-sur-lincertitude-vanite-et-abus-des-sciences-ed1603"},{"id":"9782830914078","title":"Comme un corps lourd dans une eau sombre ; essai sur le rayonnement paradoxal du mal","description":"Cet essai aussi concis que profond traite de l'\u00e9nigme du mal \u00e0 partir d'une analyse des r\u00e9flexions sur le sujet de Jank\u00e9l\u00e9vitch, Levinas, Kant, Ricoeur ou encore Freud. Philippe Grosos renvoie toute explication totalisante du mal qui le d\u00e9finirait dans les termes d'une essence, d'un contre-projet ou d'une finalit\u00e9. Sur l'image troubl\u00e9e d'un corps plong\u00e9 dans l'eau profonde, l'auteur r\u00e9fl\u00e9chit aux effets collat\u00e9raux du mal qui parfois peuvent provoquer des effets positifs tels, par exemple, pour celui qui re\u00e7oit le bonheur d'exister gr\u00e2ce au remariage d'un p\u00e8re qui a perdu tragiquement sa premi\u00e8re \u00e9pouse. Comment saisir l'\u00e9nigme des cons\u00e9quences du mal ? O\u00f9 situer le regard sans risquer de limiter sa r\u00e9alit\u00e9 dans les enchev\u00eatrements d'une m\u00e9taphysique close ? Dans cet essai brillant o\u00f9 la po\u00e9sie se conjugue \u00e0 la rigueur, Philippe Grosos propose une r\u00e9flexion pour notre temps, un positionnement sans certitude qui permet d'appr\u00e9hender au plus pr\u00e8s l'irr\u00e9ductibilit\u00e9 du mal.\r","authors":["Philippe Grosos"],"category_codes":["9000000","9080000","9080200","9080204"],"visuals":{"large":"https:\/\/images.epagine.fr\/078\/9782830914078_1_75.jpg","medium":"https:\/\/images.epagine.fr\/078\/9782830914078_1_m.jpg","thumbnail":"https:\/\/images.epagine.fr\/078\/9782830914078_1_v.jpg"},"orderable":true,"show_badge":true,"formatted_price":"21,19&nbsp;\u20ac","formatted_published_date":"17 f\u00e9vrier 2011","publisher_availability_label":"Sur commande","short_details":"Philippe Grosos \u2014 \u00c9ditions Labor et Fides","translator":null,"weight":215,"page_count":125,"readership":null,"editor":"\u00c9ditions Labor et Fides","price":2119,"published_date":"2011-02-16T23:00:00.000000Z","support":"Grand format","publisher_availability":1,"stock":0,"editions":[],"url":"https:\/\/quaidesbrumes.com\/ouvrage\/9782830914078\/comme-un-corps-lourd-dans-une-eau-sombre-essai-sur-le-rayonnement-paradoxal-du-mal"},{"id":"9782755403817","title":"Cr\u00e9ationnisme, dessein intelligent, darwinisme... et la science dans tout \u00e7a ?","description":"Apr\u00e8s le double anniversaire de la naissance de Darwin et de son opus magnum sur la th\u00e9orie de l'\u00e9volution, il \u00e9tait important de faire un point sur la scientificit\u00e9 de cette th\u00e9orie qui a maintenant 150 ans.\r\nL'ouvrage se propose d'en faire une analyse critique philosophique et scientifique en interrogeant en particulier le concept de hasard. La puissance de l'argumentation darwinienne a transform\u00e9 une th\u00e9orie en une v\u00e9ritable id\u00e9ologie. Elle suscite, en retour, des prises de positions tel le cr\u00e9ationnisme, qui m\u00e9lange une donn\u00e9e scripturaire religieuse et une explication soit disant rationnelle. Si le g\u00e9nie de Darwin, qui poursuit le travail de Cuvier, Geoffroy Saint-Hilaire, Jussieu, ne peut \u00eatre mis en doute, le mat\u00e9rialisme port\u00e9 par le darwinisme soul\u00e8ve des objections philosophiques fondamentales qui ne sauraient \u00eatre \u00e9cart\u00e9es d'un revers de main, en particulier la grande question de la finalit\u00e9.\r\nL'ouvrage se termine par les prises de positions de l'\u00c9glise \u00e0 travers les d\u00e9clarations de Jean-Paul II, du cardinal Ratzinger et du cardinal Sch\u00e2nborn, acteur d'une controverse provoqu\u00e9e par son article paru dans le New York Times en juillet 2005 : \" Finding design in nature \".\r","authors":["Jacques Vauthier"],"category_codes":["9000000","9080000"],"visuals":{"large":"https:\/\/images.epagine.fr\/817\/9782755403817_1_75.jpg","medium":"https:\/\/images.epagine.fr\/817\/9782755403817_1_m.jpg","thumbnail":"https:\/\/images.epagine.fr\/817\/9782755403817_1_v.jpg"},"orderable":true,"show_badge":true,"formatted_price":"14,20&nbsp;\u20ac","formatted_published_date":"11 mars 2010","publisher_availability_label":"Sur commande","short_details":"Jacques Vauthier \u2014 Francois-Xavier De Guibert","translator":null,"weight":150,"page_count":124,"readership":"Tout public","editor":"Francois-Xavier De Guibert","price":1420,"published_date":"2010-03-10T23:00:00.000000Z","support":"Grand format","publisher_availability":1,"stock":0,"editions":[],"url":"https:\/\/quaidesbrumes.com\/ouvrage\/9782755403817\/creationnisme-dessein-intelligent-darwinisme-et-la-science-dans-tout-ca"},{"id":"9782013656740","title":"Elements de philosophie scientifique et de philosophie morale : suivis de sujets de dissertations -","description":"\u00c9l\u00e9ments de philosophie scientifique et de philosophie morale : suivis de sujets de dissertations pour les classes de math\u00e9matiques \u00e9l\u00e9mentaires et de premi\u00e8re-sciences (baccalaur\u00e9at \u00e8s sciences et \u00e9coles sp\u00e9ciales) \/ par P.-F\u00e9lix Thomas,...\r\nDate de l'\u00e9dition originale : 1893 Ce livre est la reproduction fid\u00e8le d'une oeuvre publi\u00e9e avant 1920 et fait partie d'une collection de livres r\u00e9imprim\u00e9s \u00e0 la demande \u00e9dit\u00e9e par Hachette Livre, dans le cadre d'un partenariat avec la Biblioth\u00e8que nationale de France, offrant l'opportunit\u00e9 d'acc\u00e9der \u00e0 des ouvrages anciens et souvent rares issus des fonds patrimoniaux de la BnF.\r\nLes oeuvres faisant partie de cette collection ont \u00e9t\u00e9 num\u00e9ris\u00e9es par la BnF et sont pr\u00e9sentes sur Gallica, sa biblioth\u00e8que num\u00e9rique.\r\n\r\nEn entreprenant de redonner vie \u00e0 ces ouvrages au travers d'une collection de livres r\u00e9imprim\u00e9s \u00e0 la demande, nous leur donnons la possibilit\u00e9 de rencontrer un public \u00e9largi et participons \u00e0 la transmission de connaissances et de savoirs parfois difficilement accessibles.\r\nNous avons cherch\u00e9 \u00e0 concilier la reproduction fid\u00e8le d'un livre ancien \u00e0 partir de sa version num\u00e9ris\u00e9e avec le souci d'un confort de lecture optimal. Nous esp\u00e9rons que les ouvrages de cette nouvelle collection vous apporteront enti\u00e8re satisfaction.\r\n\r\nPour plus d'informations, rendez-vous sur www.hachettebnf.fr http:\/\/gallica.bnf.fr\/ark:\/12148\/bpt6k5510860h\r","authors":["Thomas-F"],"category_codes":["9000000","9080000"],"visuals":{"large":"https:\/\/images.epagine.fr\/740\/9782013656740_1_75.jpg","medium":"https:\/\/images.epagine.fr\/740\/9782013656740_1_m.jpg","thumbnail":"https:\/\/images.epagine.fr\/740\/9782013656740_1_v.jpg"},"orderable":true,"show_badge":true,"formatted_price":"25,00&nbsp;\u20ac","formatted_published_date":"1er janvier 2013","publisher_availability_label":"Sur commande","short_details":"Thomas-F \u2014 Hachette BNF","translator":null,"weight":510,"page_count":null,"readership":null,"editor":"Hachette BNF","price":2500,"published_date":"2012-12-31T23:00:00.000000Z","support":"Grand format","publisher_availability":1,"stock":0,"editions":[],"url":"https:\/\/quaidesbrumes.com\/ouvrage\/9782013656740\/elements-de-philosophie-scientifique-et-de-philosophie-morale-suivis-de-sujets-de-dissertations"},{"id":"9782012981928","title":"Lettre aux membres de la commission d'enquete sur le travail agricole et industriel - dans le depart","description":"Lettre aux membres de la Commission d'enqu\u00eate sur le travail agricole et industriel dans le d\u00e9partement des Hautes-Alpes, par le citoyen Cl\u00e9ment Date de l'\u00e9dition originale : 1848 Ce livre est la reproduction fid\u00e8le d une uvre publi\u00e9e avant 1920 et fait partie d une collection de livres r\u00e9imprim\u00e9s \u00e0 la demande \u00e9dit\u00e9e par Hachette Livre, dans le cadre d un partenariat avec la Biblioth\u00e8que nationale de France, offrant l opportunit\u00e9 d acc\u00e9der \u00e0 des ouvrages anciens et souvent rares issus des fonds patrimoniaux de la BnF.\r\nLes uvres faisant partie de cette collection ont \u00e9t\u00e9 num\u00e9ris\u00e9es par la BnF et sont pr\u00e9sentes sur Gallica, sa biblioth\u00e8que num\u00e9rique.\r\n\r\nEn entreprenant de redonner vie \u00e0 ces ouvrages au travers d une collection de livres r\u00e9imprim\u00e9s \u00e0 la demande, nous leur donnons la possibilit\u00e9 de rencontrer un public \u00e9largi et participons \u00e0 la transmission de connaissances et de savoirs parfois difficilement accessibles.\r\nNous avons cherch\u00e9 \u00e0 concilier la reproduction fid\u00e8le d un livre ancien \u00e0 partir de sa version num\u00e9ris\u00e9e avec le souci d un confort de lecture optimal. Nous esp\u00e9rons que les ouvrages de cette nouvelle collection vous apporteront enti\u00e8re satisfaction.\r\n\r\nPour plus d informations, rendez-vous sur www.hachettebnf.fr\r","authors":["Clement Prosper"],"category_codes":["9000000","9080000"],"visuals":{"large":"https:\/\/images.epagine.fr\/928\/9782012981928_1_75.jpg","medium":"https:\/\/images.epagine.fr\/928\/9782012981928_1_m.jpg","thumbnail":"https:\/\/images.epagine.fr\/928\/9782012981928_1_v.jpg"},"orderable":true,"show_badge":true,"formatted_price":"9,50&nbsp;\u20ac","formatted_published_date":"1er juillet 2013","publisher_availability_label":"Sur commande","short_details":"Clement Prosper \u2014 Hachette BNF","translator":null,"weight":45,"page_count":null,"readership":null,"editor":"Hachette BNF","price":950,"published_date":"2013-06-30T22:00:00.000000Z","support":"Grand format","publisher_availability":1,"stock":0,"editions":[],"url":"https:\/\/quaidesbrumes.com\/ouvrage\/9782012981928\/lettre-aux-membres-de-la-commission-denquete-sur-le-travail-agricole-et-industriel-dans-le-depart"},{"id":"9782357480926","title":"Cat\u00e9sianisme, ph\u00e9nom\u00e9nologie, th\u00e9ologie","description":"Fruit d'un colloque tenu en 2010 dans la ville de Budapest, cet ouvrage collectif introduit aux grands chapitres de l'oeuvre de l'acad\u00e9micien en m\u00eame temps qu'elle lui adresse certaines questions permettant d'en mieux saisir les enjeux et d'en indiquer quelques prolongements possibles. Cart\u00e9sianisme, ph\u00e9nom\u00e9nologie et th\u00e9ologie : telles sont les trois voies th\u00e9matiques emprunt\u00e9es afin d'interroger un travail qui a su se rendre indispensable \u00e0 son \u00e9poque.\r","authors":["Sylvain Camilleri","Adam Takacs"],"category_codes":["9000000","9080000","9080200","9080204"],"visuals":{"large":"https:\/\/images.epagine.fr\/926\/9782357480926_1_75.jpg","medium":"https:\/\/images.epagine.fr\/926\/9782357480926_1_m.jpg","thumbnail":"https:\/\/images.epagine.fr\/926\/9782357480926_1_v.jpg"},"orderable":true,"show_badge":true,"formatted_price":"21,00&nbsp;\u20ac","formatted_published_date":"22 juin 2012","publisher_availability_label":"Sur commande","short_details":"Sylvain Camilleri, Adam Takacs \u2014 \u00c9ditions L'Harmattan","translator":null,"weight":0,"page_count":194,"readership":null,"editor":"\u00c9ditions L'Harmattan","price":2100,"published_date":"2012-06-21T22:00:00.000000Z","support":"Grand format","publisher_availability":1,"stock":0,"editions":[],"url":"https:\/\/quaidesbrumes.com\/ouvrage\/9782357480926\/catesianisme-phenomenologie-theologie"},{"id":"9783487144344","title":"Parole et subjectivit\u00e9 : Merleau-Ponty et la ph\u00e9nom\u00e9nologie de l'expression","description":"Dans la philosophie du XXe si\u00e8cle, particuli\u00e8rement de tradition ph\u00e9nom\u00e9nologique, la question de l'expression occupe une place centrale. L'enjeu consiste \u00e0 savoir si le sens de la perception est structur\u00e9 diff\u00e9remment de celui du langage et, si tel est le cas, \u00e0 comprendre, d'une part, comment se produit le passage de l'un \u00e0 l'autre et, d'autre part, comment d\u00e9crire le mouvement de l'expression \u00e0 proprement parler. Le parcours trac\u00e9 dans ce livre commence chez Husserl et Gurwitsch, qui proc\u00e8dent \u00e0 une dissociation progressive du sens perceptif et du sens langagier. Cette dissociation entra\u00eene Merleau-Ponty dans les perplexit\u00e9s du \u00ab paradoxe de l'expression \u00bb : si le sens exprim\u00e9 est d\u00e9j\u00e0 tout entier contenu dans la perception, \u00e0 quoi bon l'exprimer; au contraire, si c'est l'expression qui forme le sens de la perception apr\u00e8s coup, comment \u00eatre certain de ce qu'on a per\u00e7u? Or il se trouve qu'une telle br\u00e8che, ou rupture, a son pendant dans la structure de la subjectivit\u00e9. L'objectif de ce livre est d\u00e8s lors aussi de r\u00e9viser notre conception de la subjectivit\u00e9 et de comprendre que le sujet n'aurait litt\u00e9ralement rien \u00e0 vivre s'il n'\u00e9tait pas d\u00e9chir\u00e9 de l'int\u00e9rieur.\r","authors":["Stefan Kristensen"],"category_codes":["9000000","9080000","9080200","9080204"],"visuals":{"large":"https:\/\/images.epagine.fr\/344\/9783487144344_1_75.jpg","medium":"https:\/\/images.epagine.fr\/344\/9783487144344_1_m.jpg","thumbnail":"https:\/\/images.epagine.fr\/344\/9783487144344_1_v.jpg"},"orderable":true,"show_badge":true,"formatted_price":"39,80&nbsp;\u20ac","formatted_published_date":"27 mars 2011","publisher_availability_label":"Sur commande","short_details":"Stefan Kristensen \u2014 Olms","translator":null,"weight":374,"page_count":234,"readership":null,"editor":"Olms","price":3980,"published_date":"2011-03-26T23:00:00.000000Z","support":"Grand format","publisher_availability":1,"stock":0,"editions":[],"url":"https:\/\/quaidesbrumes.com\/ouvrage\/9783487144344\/parole-et-subjectivite-merleau-ponty-et-la-phenomenologie-de-lexpression"},{"id":"9782234063846","title":"La d\u00e9raison po\u00e9tique des philosophes","description":"Qu'est-ce qui diff\u00e9rencie une pens\u00e9e philosophique d'une pens\u00e9e po\u00e9tique ? En quoi ces deux sortes d'\u00e9criture et de vie se distinguent-elles ? De telles questions ne se poseraient pas si nombre de philosophes ne nous donnaient le sentiment tant\u00f4t heureux, tant\u00f4t p\u00e9rilleux, de les convoquer ensemble. C'est Nietzsche, dans Ainsi parlait Zarathoustra ; c'est Descartes, r\u00eavant sur ses propres r\u00eaves ; Heidegger commentant Holderlin ou Trakl ; Platon lui-m\u00eame, recourant au mythe pour expliquer sa R\u00e9publique...\r\n La d\u00e9raison po\u00e9tique des philosophes \u00e9voque ces moments o\u00f9 les images, les sons, les rythmes prennent part \u00e0 la logique de l'argumentation. Ces moments, aussi, o\u00f9 le discours philosophique tente par r\u00e9duction de venir \u00e0 bout de l'inqui\u00e9tante \u00e9tranget\u00e9 du po\u00e8me. \r\nChacun de ces chapitres est centr\u00e9 sur l'oeuvre d'un philosophe : Platon, Vico, Descartes, Kant, Leopardi... Une place non n\u00e9gligeable est r\u00e9serv\u00e9e aux philosophies contemporaines : celles de Martin Heidegger, de Jacques Ranci\u00e8re, d'Alain Badiou, de Michel Deguy ou de Jacques Derrida. L'ensemble s'ach\u00e8ve par une \u00e9vocation r\u00eav\u00e9e (pour cause : elle fut sans t\u00e9moin) de la fameuse rencontre entre le po\u00e8te Paul Celan et le philosophe Martin Heidegger dans la hutte de Todtnauberg, en 1967. Il se dit l\u00e0 \u00ab des choses terribles \u00bb qui, on peut l'imaginer, touchent de pr\u00e8s \u00e0 la relation \u00e0 l'avenir de notre temps.\r\nIl y va du statut de ce qu'on nomme la \u00ab raison \u00bb, sa constitution et ses usages. Sa folie aussi.","authors":["Christian Doumet"],"category_codes":["9000000","9080000","9080200"],"visuals":{"large":"https:\/\/images.epagine.fr\/846\/9782234063846_1_75.jpg","medium":"https:\/\/images.epagine.fr\/846\/9782234063846_1_m.jpg","thumbnail":"https:\/\/images.epagine.fr\/846\/9782234063846_1_v.jpg"},"orderable":true,"show_badge":true,"formatted_price":"26,50&nbsp;\u20ac","formatted_published_date":"15 septembre 2010","publisher_availability_label":"Sur commande","short_details":"Christian Doumet \u2014 Stock","translator":null,"weight":312,"page_count":306,"readership":null,"editor":"Stock","price":2650,"published_date":"2010-09-14T22:00:00.000000Z","support":"Grand format","publisher_availability":1,"stock":0,"editions":[],"url":"https:\/\/quaidesbrumes.com\/ouvrage\/9782234063846\/la-deraison-poetique-des-philosophes"},{"id":"9782867420153","title":"La machine du sens","description":null,"authors":["Yves Del\u00e8gue"],"category_codes":["9000000","9080000","9080200"],"visuals":{"large":"https:\/\/quaidesbrumes.com\/img\/book-placeholder.png","medium":"https:\/\/quaidesbrumes.com\/img\/book-placeholder.png","thumbnail":"https:\/\/quaidesbrumes.com\/img\/book-placeholder.png"},"orderable":true,"show_badge":true,"formatted_price":"18,29&nbsp;\u20ac","formatted_published_date":"2 d\u00e9cembre 2004","publisher_availability_label":"Sur commande","short_details":"Yves Del\u00e8gue \u2014 Cendres","translator":null,"weight":401,"page_count":null,"readership":null,"editor":"Cendres","price":1829,"published_date":"2004-12-01T23:00:00.000000Z","support":"Grand format","publisher_availability":1,"stock":0,"editions":[],"url":"https:\/\/quaidesbrumes.com\/ouvrage\/9782867420153\/la-machine-du-sens"},{"id":"9782013410229","title":"Lettres chinoises, ou correspondance philosophique, historique & critique. tome 5","description":"Lettres chinoises, ou Correspondance philosophique, historique & critique entre un Chinois voyageur \u00e0 Paris & ses correspondans \u00e0 la Chine, en Moscovie, en Perse & au Japon. Tome 5 \/ . Par l'auteur des \"Lettres juives\" et des \"Lettres cabalistiques\" Date de l'\u00e9dition originale : 1751 Ce livre est la reproduction fid\u00e8le d'une oeuvre publi\u00e9e avant 1920 et fait partie d'une collection de livres r\u00e9imprim\u00e9s \u00e0 la demande \u00e9dit\u00e9e par Hachette Livre, dans le cadre d'un partenariat avec la Biblioth\u00e8que nationale de France, offrant l'opportunit\u00e9 d'acc\u00e9der \u00e0 des ouvrages anciens et souvent rares issus des fonds patrimoniaux de la BnF.\r\nLes oeuvres faisant partie de cette collection ont \u00e9t\u00e9 num\u00e9ris\u00e9es par la BnF et sont pr\u00e9sentes sur Gallica, sa biblioth\u00e8que num\u00e9rique.\r\n\r\nEn entreprenant de redonner vie \u00e0 ces ouvrages au travers d'une collection de livres r\u00e9imprim\u00e9s \u00e0 la demande, nous leur donnons la possibilit\u00e9 de rencontrer un public \u00e9largi et participons \u00e0 la transmission de connaissances et de savoirs parfois difficilement accessibles.\r\nNous avons cherch\u00e9 \u00e0 concilier la reproduction fid\u00e8le d'un livre ancien \u00e0 partir de sa version num\u00e9ris\u00e9e avec le souci d'un confort de lecture optimal. Nous esp\u00e9rons que les ouvrages de cette nouvelle collection vous apporteront enti\u00e8re satisfaction.\r\n\r\nPour plus d'informations, rendez-vous sur www.hachettebnf.fr\r","authors":["Argens J-B."],"category_codes":["9000000","9080000","9080600"],"visuals":{"large":"https:\/\/images.epagine.fr\/229\/9782013410229_1_75.jpg","medium":"https:\/\/images.epagine.fr\/229\/9782013410229_1_m.jpg","thumbnail":"https:\/\/images.epagine.fr\/229\/9782013410229_1_v.jpg"},"orderable":true,"show_badge":true,"formatted_price":"25,50&nbsp;\u20ac","formatted_published_date":"1er septembre 2014","publisher_availability_label":"Sur commande","short_details":"Argens J-B. \u2014 Hachette BNF","translator":null,"weight":533,"page_count":null,"readership":null,"editor":"Hachette BNF","price":2550,"published_date":"2014-08-31T22:00:00.000000Z","support":"Grand format","publisher_availability":1,"stock":0,"editions":[],"url":"https:\/\/quaidesbrumes.com\/ouvrage\/9782013410229\/lettres-chinoises-ou-correspondance-philosophique-historique-critique-tome-5"},{"id":"9782705680886","title":"Simone Weil ; ou le combat de l'ange contre la force","description":"Relativement au probl\u00e8me de la libert\u00e9, on peut consid\u00e9rer que les philosophies se classent sch\u00e9matiquement dans deux camps : les unes postulent la libert\u00e9 humaine comme un principe absolu sans lequel le sens de l'existence ne se laisse pas penser ; les autres postulent que l'\u00eatre humain vit dans une servitude dont il doit se lib\u00e9rer. Manifestement, Simone Weil fait partie des philosophes qui s'attachent \u00e0 d\u00e9crire un chemin possible vers la lib\u00e9ration. En ce sens, elle rejoint les sot\u00e9riologies de l'Inde ancienne, o\u00f9 l'asc\u00e8te d\u00e9crit le chemin qui conduit les humains \u00e0 la d\u00e9livrance. Mais de quoi s'agit-il de se lib\u00e9rer ?\r\nNotre essai aborde quatre domaines, o\u00f9 l'\u00e9preuve de la servitude conduit la philosophe \u00e0 rechercher les conditions d'une d\u00e9livrance possible. La r\u00e9alit\u00e9 sociale dessine le premier. C'est l'empire de la force, o\u00f9 l'individu se sent confront\u00e9 \u00e0 l'oppression que le syst\u00e8me social exerce sur son corps comme sur sa pens\u00e9e. Il doit, pour y r\u00e9pondre, se soustraire \u00e0 toute tentation de puissance, avant d'\u00e9prouver le pouvoir de la pens\u00e9e, quand elle est d\u00e9livr\u00e9e des mirages de la force. Dans le second, l'individu d\u00e9couvre que le discours politique peut l'opprimer chaque fois qu'il invente des idoles pour mieux impressionner son imagination. Il doit alors, s'il veut \u00e9chapper \u00e0 leur emprise, apprendre \u00e0 d\u00e9jouer les pi\u00e8ges de l'id\u00e9ologie et s'orienter vers un usage mystique de la langue. Le troisi\u00e8me correspond au monde du travail salari\u00e9, o\u00f9 le travailleur se bat, face \u00e0 l'avilissement qui le menace sans cesse, pour conserver sa dignit\u00e9 humaine et le droit de penser \u00e0 sa mesure. Ces trois servitudes, sociale, id\u00e9ologique et \u00e9conomique, ne doivent pas faire oublier que la condition humaine peut s'\u00e9prouver aussi comme un asservissement. Voil\u00e0 pourquoi il importe \u00e0 SW de se lib\u00e9rer de tous les facteurs humains qui repr\u00e9sentent, \u00e0 ses yeux, autant d'obstacles sur le chemin de l'individu en qu\u00eate de d\u00e9livrance.","authors":["Marc Ballanfat"],"category_codes":["9000000","9080000","9080200","9080204"],"visuals":{"large":"https:\/\/images.epagine.fr\/886\/9782705680886_1_75.jpg","medium":"https:\/\/images.epagine.fr\/886\/9782705680886_1_m.jpg","thumbnail":"https:\/\/images.epagine.fr\/886\/9782705680886_1_v.jpg"},"orderable":true,"show_badge":true,"formatted_price":"29,00&nbsp;\u20ac","formatted_published_date":"21 septembre 2011","publisher_availability_label":"Sur commande","short_details":"Marc Ballanfat \u2014 Hermann","translator":null,"weight":274,"page_count":187,"readership":null,"editor":"Hermann","price":2900,"published_date":"2011-09-20T22:00:00.000000Z","support":"Grand format","publisher_availability":1,"stock":0,"editions":[],"url":"https:\/\/quaidesbrumes.com\/ouvrage\/9782705680886\/simone-weil-ou-le-combat-de-lange-contre-la-force"},{"id":"9782012762404","title":"Philosophie du droit civil (ed.1886)","description":"Philosophie du droit civil \/ Ad. Franck,... http:\/\/gallica.bnf.fr\/ark:\/12148\/bpt6k5458802d\r","authors":["Franck Adolphe"],"category_codes":["9000000","9080000"],"visuals":{"large":"https:\/\/images.epagine.fr\/404\/9782012762404_1_75.jpg","medium":"https:\/\/images.epagine.fr\/404\/9782012762404_1_m.jpg","thumbnail":"https:\/\/images.epagine.fr\/404\/9782012762404_1_v.jpg"},"orderable":true,"show_badge":true,"formatted_price":"24,50&nbsp;\u20ac","formatted_published_date":"1er juin 2012","publisher_availability_label":"Sur commande","short_details":"Franck Adolphe \u2014 Hachette BNF","translator":null,"weight":479,"page_count":null,"readership":null,"editor":"Hachette BNF","price":2450,"published_date":"2012-05-31T22:00:00.000000Z","support":"Grand format","publisher_availability":1,"stock":0,"editions":[],"url":"https:\/\/quaidesbrumes.com\/ouvrage\/9782012762404\/philosophie-du-droit-civil-ed1886"},{"id":"9782916885018","title":"Voix de l'ami","description":"Fran\u00e7ois F\u00e9dier entreprend de d\u00e9crire dans cet ouvrage la structure originellement amicale de l'existence humaine - la \"voix de l'ami\", comme on peut lire dans \"Etre et temps\", que chacun entend toujours r\u00e9sonner en lui-m\u00eame. L'amiti\u00e9 pourrait ainsi \u00eatre le mod\u00e8le par excellence de l'exp\u00e9rience m\u00e9taphysique humaine. Un jour de ma vie, j'ai bien entendu un ami me dire : \"On \u00e9tait des amis avant qu'on se connaisse.\"\r","authors":["Fran\u00e7ois F\u00e9dier"],"category_codes":["9000000","9080000","9080200","9080204"],"visuals":{"large":"https:\/\/images.epagine.fr\/018\/9782916885018_1_75.jpg","medium":"https:\/\/images.epagine.fr\/018\/9782916885018_1_m.jpg","thumbnail":"https:\/\/images.epagine.fr\/018\/9782916885018_1_v.jpg"},"orderable":true,"show_badge":true,"formatted_price":"10,00&nbsp;\u20ac","formatted_published_date":"1er avril 2007","publisher_availability_label":"Sur commande","short_details":"Fran\u00e7ois F\u00e9dier \u2014 Grand Est","translator":null,"weight":120,"page_count":null,"readership":null,"editor":"Grand Est","price":1000,"published_date":"2007-03-31T22:00:00.000000Z","support":"Grand format","publisher_availability":1,"stock":0,"editions":[],"url":"https:\/\/quaidesbrumes.com\/ouvrage\/9782916885018\/voix-de-lami"},{"id":"9782013394185","title":"Ma pensee (ed.1883)","description":"Ma pens\u00e9e Date de l'\u00e9dition originale : 1883 Ce livre est la reproduction fid\u00e8le d'une oeuvre publi\u00e9e avant 1920 et fait partie d'une collection de livres r\u00e9imprim\u00e9s \u00e0 la demande \u00e9dit\u00e9e par Hachette Livre, dans le cadre d'un partenariat avec la Biblioth\u00e8que nationale de France, offrant l'opportunit\u00e9 d'acc\u00e9der \u00e0 des ouvrages anciens et souvent rares issus des fonds patrimoniaux de la BnF.\r\nLes oeuvres faisant partie de cette collection ont \u00e9t\u00e9 num\u00e9ris\u00e9es par la BnF et sont pr\u00e9sentes sur Gallica, sa biblioth\u00e8que num\u00e9rique.\r\n\r\nEn entreprenant de redonner vie \u00e0 ces ouvrages au travers d'une collection de livres r\u00e9imprim\u00e9s \u00e0 la demande, nous leur donnons la possibilit\u00e9 de rencontrer un public \u00e9largi et participons \u00e0 la transmission de connaissances et de savoirs parfois difficilement accessibles.\r\nNous avons cherch\u00e9 \u00e0 concilier la reproduction fid\u00e8le d'un livre ancien \u00e0 partir de sa version num\u00e9ris\u00e9e avec le souci d'un confort de lecture optimal. Nous esp\u00e9rons que les ouvrages de cette nouvelle collection vous apporteront enti\u00e8re satisfaction.\r\n\r\nPour plus d'informations, rendez-vous sur www.hachettebnf.fr\r","authors":[],"category_codes":["9000000","9080000"],"visuals":{"large":"https:\/\/images.epagine.fr\/185\/9782013394185_1_75.jpg","medium":"https:\/\/images.epagine.fr\/185\/9782013394185_1_m.jpg","thumbnail":"https:\/\/images.epagine.fr\/185\/9782013394185_1_v.jpg"},"orderable":true,"show_badge":true,"formatted_price":"9,50&nbsp;\u20ac","formatted_published_date":"1er ao\u00fbt 2014","publisher_availability_label":"Sur commande","short_details":"Hachette BNF","translator":null,"weight":70,"page_count":null,"readership":null,"editor":"Hachette BNF","price":950,"published_date":"2014-07-31T22:00:00.000000Z","support":"Grand format","publisher_availability":1,"stock":0,"editions":[],"url":"https:\/\/quaidesbrumes.com\/ouvrage\/9782013394185\/ma-pensee-ed1883"},{"id":"9782296024496","title":"La mythologie de la parole","description":"La \"mythologie de la parole\" (logomythie) ne vise ni les mythes dans la langue ni ceux portant sur la langue et encore moins le mythe comme une langue, mais les mythes produits par l'accroche du sujet dans la parole lors de l'exercice du discours. Elle peut \u00eatre comprise comme la prise de conscience progressive du fait que nommer le mythe ne tue pas le mythe. Elle d\u00e9bouche sur une r\u00e9flexion portant sur les conditions historiques de production du sens dans les discours m\u00e9taphysique et scientifique.\r","authors":["Christophe Laudou"],"category_codes":["9000000","9080000","9080200","9080204"],"visuals":{"large":"https:\/\/images.epagine.fr\/496\/9782296024496_1_75.jpg","medium":"https:\/\/images.epagine.fr\/496\/9782296024496_1_m.jpg","thumbnail":"https:\/\/images.epagine.fr\/496\/9782296024496_1_v.jpg"},"orderable":true,"show_badge":true,"formatted_price":"24,00&nbsp;\u20ac","formatted_published_date":"6 avril 2007","publisher_availability_label":"Sur commande","short_details":"Christophe Laudou \u2014 \u00c9ditions L'Harmattan","translator":null,"weight":330,"page_count":262,"readership":null,"editor":"\u00c9ditions L'Harmattan","price":2400,"published_date":"2007-04-05T22:00:00.000000Z","support":"Grand format","publisher_availability":1,"stock":0,"editions":[],"url":"https:\/\/quaidesbrumes.com\/ouvrage\/9782296024496\/la-mythologie-de-la-parole"},{"id":"9782012762480","title":"Physiologie des passions (2e edition revue et augmentee) (ed.1878)","description":"Physiologie des passions (2e \u00e9dition revue et augment\u00e9e) \/ par Ch. Letourneau http:\/\/gallica.bnf.fr\/ark:\/12148\/bpt6k54346589\r","authors":["Letourneau C-J-M."],"category_codes":["9000000","9080000"],"visuals":{"large":"https:\/\/images.epagine.fr\/480\/9782012762480_1_75.jpg","medium":"https:\/\/images.epagine.fr\/480\/9782012762480_1_m.jpg","thumbnail":"https:\/\/images.epagine.fr\/480\/9782012762480_1_v.jpg"},"orderable":true,"show_badge":true,"formatted_price":"26,00&nbsp;\u20ac","formatted_published_date":"1er juin 2012","publisher_availability_label":"Sur commande","short_details":"Letourneau C-J-M. \u2014 Hachette BNF","translator":null,"weight":562,"page_count":null,"readership":null,"editor":"Hachette BNF","price":2600,"published_date":"2012-05-31T22:00:00.000000Z","support":"Grand format","publisher_availability":1,"stock":0,"editions":[],"url":"https:\/\/quaidesbrumes.com\/ouvrage\/9782012762480\/physiologie-des-passions-2e-edition-revue-et-augmentee-ed1878"},{"id":"9782013656849","title":"Toussaint le mulatre. tome 1","description":"Toussaint le mul\u00e2tre, par Antony Thouret. Tome 1 Date de l'\u00e9dition originale : 1834 Ce livre est la reproduction fid\u00e8le d'une oeuvre publi\u00e9e avant 1920 et fait partie d'une collection de livres r\u00e9imprim\u00e9s \u00e0 la demande \u00e9dit\u00e9e par Hachette Livre, dans le cadre d'un partenariat avec la Biblioth\u00e8que nationale de France, offrant l'opportunit\u00e9 d'acc\u00e9der \u00e0 des ouvrages anciens et souvent rares issus des fonds patrimoniaux de la BnF.\r\nLes oeuvres faisant partie de cette collection ont \u00e9t\u00e9 num\u00e9ris\u00e9es par la BnF et sont pr\u00e9sentes sur Gallica, sa biblioth\u00e8que num\u00e9rique.\r\n\r\nEn entreprenant de redonner vie \u00e0 ces ouvrages au travers d'une collection de livres r\u00e9imprim\u00e9s \u00e0 la demande, nous leur donnons la possibilit\u00e9 de rencontrer un public \u00e9largi et participons \u00e0 la transmission de connaissances et de savoirs parfois difficilement accessibles.\r\nNous avons cherch\u00e9 \u00e0 concilier la reproduction fid\u00e8le d'un livre ancien \u00e0 partir de sa version num\u00e9ris\u00e9e avec le souci d'un confort de lecture optimal. Nous esp\u00e9rons que les ouvrages de cette nouvelle collection vous apporteront enti\u00e8re satisfaction.\r\n\r\nPour plus d'informations, rendez-vous sur www.hachettebnf.fr http:\/\/gallica.bnf.fr\/ark:\/12148\/bpt6k5626689p\r","authors":["Thouret-A"],"category_codes":["9000000","9080000"],"visuals":{"large":"https:\/\/images.epagine.fr\/849\/9782013656849_1_75.jpg","medium":"https:\/\/images.epagine.fr\/849\/9782013656849_1_m.jpg","thumbnail":"https:\/\/images.epagine.fr\/849\/9782013656849_1_v.jpg"},"orderable":true,"show_badge":true,"formatted_price":"24,50&nbsp;\u20ac","formatted_published_date":"1er janvier 2013","publisher_availability_label":"Sur commande","short_details":"Thouret-A \u2014 Hachette BNF","translator":null,"weight":506,"page_count":null,"readership":null,"editor":"Hachette BNF","price":2450,"published_date":"2012-12-31T23:00:00.000000Z","support":"Grand format","publisher_availability":1,"stock":0,"editions":[],"url":"https:\/\/quaidesbrumes.com\/ouvrage\/9782013656849\/toussaint-le-mulatre-tome-1"},{"id":"9782012762503","title":"Physiologie du gout, precedee d'une notice, (ed.1864)","description":"Physiologie du go\u00fbt, pr\u00e9c\u00e9d\u00e9e d'une notice, par Alp. Karr. Dessins de Bertall http:\/\/gallica.bnf.fr\/ark:\/12148\/bpt6k5819426m\r","authors":["Brillat-Savarin J A."],"category_codes":["9000000","9080000"],"visuals":{"large":"https:\/\/images.epagine.fr\/503\/9782012762503_1_75.jpg","medium":"https:\/\/images.epagine.fr\/503\/9782012762503_1_m.jpg","thumbnail":"https:\/\/images.epagine.fr\/503\/9782012762503_1_v.jpg"},"orderable":true,"show_badge":true,"formatted_price":"30,00&nbsp;\u20ac","formatted_published_date":"1er juin 2012","publisher_availability_label":"Sur commande","short_details":"Brillat-Savarin J A. \u2014 Hachette BNF","translator":null,"weight":679,"page_count":null,"readership":null,"editor":"Hachette BNF","price":3000,"published_date":"2012-05-31T22:00:00.000000Z","support":"Grand format","publisher_availability":1,"stock":0,"editions":[],"url":"https:\/\/quaidesbrumes.com\/ouvrage\/9782012762503\/physiologie-du-gout-precedee-dune-notice-ed1864"},{"id":"9782705670894","title":"Formaliser le vivant : lois, th\u00e9ories, mod\u00e8les ?","description":"Peut-on formaliser le vivant ? Peut-on r\u00e9duire une plante \u00e0 une simple formule math\u00e9matique ? Goethe ne l'aurait pas admis. Pour beaucoup encore, cette question ne se pose m\u00eame pas tant elle peut sembler provocante et contre-nature. Dans une perspective \u00e0 la fois historique et \u00e9pist\u00e9mologique, ce livre rend compte de travaux contemporains qui ont pourtant tous tent\u00e9 de braver cet interdit.\r\nC'est en grande partie sur ce terrain, hautement probl\u00e9matique, que, dans les premi\u00e8res d\u00e9cennies du XXe  si\u00e8cle, on voit na\u00eetre puis s'\u00e9panouir la pratique des mod\u00e8les math\u00e9matiques appliqu\u00e9e aux sciences v\u00e9g\u00e9tales. On voit en particulier que ces pratiques nouvelles de mod\u00e9lisation entrent en concurrence avec une tradition ancienne de th\u00e9orisation math\u00e9matique des formes du vivant. C'est m\u00eame devant les limites des essais th\u00e9oriques r\u00e9currents que le tournant formel des mod\u00e8les se confirme et permet des avanc\u00e9es incontestables. \u00c0 l'heure o\u00f9 toutes les sciences \u00e0 objets complexes parlent beaucoup de mod\u00e8les et moins de th\u00e9ories, est-ce le signe d'une victoire de la \u00ab mod\u00e9lisation \u00bb au d\u00e9triment de la \u00ab th\u00e9orie \u00bb ? Cette victoire est-elle d\u00e9finitive ? Cela a-t-il toujours un sens de les opposer ? Et qu'en est-il des \u00ab lois \u00bb ?\r\nEn proposant une analyse des travaux mais aussi des positions \u00e9pist\u00e9mologiques de certains scientifiques impliqu\u00e9s, en explicitant le sens de ce qui les rapproche, de ce qui les distingue ou les oppose, cet ouvrage montre que l'\u00e9mergence, l'expansion puis la diversification des pratiques de mod\u00e9lisation formelle du vivant ont contribu\u00e9, sur le terrain scientifique lui-m\u00eame, \u00e0 bousculer les rapports \u00e9pist\u00e9mologiques traditionnels entre th\u00e9ories, lois et mod\u00e8les tels qu'ils nous ont \u00e9t\u00e9 l\u00e9gu\u00e9s par la physique.","authors":["Franck Varenne"],"category_codes":["9000000","9080000","9080300","9080304"],"visuals":{"large":"https:\/\/images.epagine.fr\/894\/9782705670894_1_75.jpg","medium":"https:\/\/images.epagine.fr\/894\/9782705670894_1_m.jpg","thumbnail":"https:\/\/images.epagine.fr\/894\/9782705670894_1_v.jpg"},"orderable":true,"show_badge":true,"formatted_price":"42,00&nbsp;\u20ac","formatted_published_date":"16 novembre 2010","publisher_availability_label":"Sur commande","short_details":"Franck Varenne \u2014 Hermann","translator":null,"weight":522,"page_count":390,"readership":null,"editor":"Hermann","price":4200,"published_date":"2010-11-15T23:00:00.000000Z","support":"Grand format","publisher_availability":1,"stock":0,"editions":[],"url":"https:\/\/quaidesbrumes.com\/ouvrage\/9782705670894\/formaliser-le-vivant-lois-theories-modeles"},{"id":"9782012762510","title":"Physiologie transcendentale : analyse des choses, essai sur la science future (ed.1889)","description":"Physiologie transcendentale : analyse des choses, essai sur la science future, son influence certaine sur les religions, les philosophies, les sciences et les arts \/ par le Dr Paul Gibier,... http:\/\/gallica.bnf.fr\/ark:\/12148\/bpt6k54999611\r","authors":["Gibier Paul"],"category_codes":["9000000","9080000"],"visuals":{"large":"https:\/\/images.epagine.fr\/510\/9782012762510_1_75.jpg","medium":"https:\/\/images.epagine.fr\/510\/9782012762510_1_m.jpg","thumbnail":"https:\/\/images.epagine.fr\/510\/9782012762510_1_v.jpg"},"orderable":true,"show_badge":true,"formatted_price":"21,50&nbsp;\u20ac","formatted_published_date":"1er mai 2012","publisher_availability_label":"Sur commande","short_details":"Gibier Paul \u2014 Hachette BNF","translator":null,"weight":395,"page_count":null,"readership":null,"editor":"Hachette BNF","price":2150,"published_date":"2012-04-30T22:00:00.000000Z","support":"Grand format","publisher_availability":1,"stock":0,"editions":[],"url":"https:\/\/quaidesbrumes.com\/ouvrage\/9782012762510\/physiologie-transcendentale-analyse-des-choses-essai-sur-la-science-future-ed1889"}]}