{"data":[{"id":"9782296089457","title":"Complexit\u00e9, syst\u00e9mique et herm\u00e9neutique pour une philosophie pratique des soins intensifs","description":"Les soins intensifs soul\u00e8vent des questions ontologiques, \u00e9pist\u00e9mologiques et m\u00e9thodologiques que l'auteure discute avec rigueur et passion. M\u00e9decine et philosophie, rationalit\u00e9 scientifique et herm\u00e9neutique, th\u00e9ories de la complexit\u00e9 et syst\u00e9mique se conjuguent pour une r\u00e9flexion critique dans et sur l'action et l'\u00e9bauche d'une philosophie pratique des soins intensifs chirurgicaux.","authors":["Gis\u00e8le Hellou"],"category_codes":["9000000","9080000","9080200","9080204"],"visuals":{"large":"https:\/\/images.epagine.fr\/457\/9782296089457_1_75.jpg","medium":"https:\/\/images.epagine.fr\/457\/9782296089457_1_m.jpg","thumbnail":"https:\/\/images.epagine.fr\/457\/9782296089457_1_v.jpg"},"orderable":true,"show_badge":true,"formatted_price":"15,50&nbsp;\u20ac","formatted_published_date":"20 mai 2009","publisher_availability_label":"Sur commande","short_details":"Gis\u00e8le Hellou \u2014 \u00c9ditions L'Harmattan","translator":null,"weight":210,"page_count":148,"readership":null,"editor":"\u00c9ditions L'Harmattan","price":1550,"published_date":"2009-05-19T22:00:00.000000Z","support":"Grand format","publisher_availability":1,"stock":0,"editions":[],"url":"https:\/\/quaidesbrumes.com\/ouvrage\/9782296089457\/complexite-systemique-et-hermeneutique-pour-une-philosophie-pratique-des-soins-intensifs"},{"id":"9782013391559","title":"Abrege de la philosophie de m. gassendi. tome 6","description":"Abr\u00e9g\u00e9 de la philosophie de M. Gassendi. Tome 6 \/ par F. Bernier,...\r\nDate de l'\u00e9dition originale : 1684 Sujet de l'ouvrage : Gassendi, Pierre (1592-1655) -- Philosophie Ce livre est la reproduction fid\u00e8le d une uvre publi\u00e9e avant 1920 et fait partie d une collection de livres r\u00e9imprim\u00e9s \u00e0 la demande \u00e9dit\u00e9e par Hachette Livre, dans le cadre d un partenariat avec la Biblioth\u00e8que nationale de France, offrant l opportunit\u00e9 d acc\u00e9der \u00e0 des ouvrages anciens et souvent rares issus des fonds patrimoniaux de la BnF.\r\nLes uvres faisant partie de cette collection ont \u00e9t\u00e9 num\u00e9ris\u00e9es par la BnF et sont pr\u00e9sentes sur Gallica, sa biblioth\u00e8que num\u00e9rique.\r\n\r\nEn entreprenant de redonner vie \u00e0 ces ouvrages au travers d une collection de livres r\u00e9imprim\u00e9s \u00e0 la demande, nous leur donnons la possibilit\u00e9 de rencontrer un public \u00e9largi et participons \u00e0 la transmission de connaissances et de savoirs parfois difficilement accessibles.\r\nNous avons cherch\u00e9 \u00e0 concilier la reproduction fid\u00e8le d un livre ancien \u00e0 partir de sa version num\u00e9ris\u00e9e avec le souci d un confort de lecture optimal. Nous esp\u00e9rons que les ouvrages de cette nouvelle collection vous apporteront enti\u00e8re satisfaction.\r\n\r\nPour plus d informations, rendez-vous sur www.hachettebnf.fr","authors":["Fran\u00e7ois Bernier"],"category_codes":["9000000","9080000"],"visuals":{"large":"https:\/\/images.epagine.fr\/559\/9782013391559_1_75.jpg","medium":"https:\/\/images.epagine.fr\/559\/9782013391559_1_m.jpg","thumbnail":"https:\/\/images.epagine.fr\/559\/9782013391559_1_v.jpg"},"orderable":true,"show_badge":true,"formatted_price":"36,00&nbsp;\u20ac","formatted_published_date":"1er septembre 2014","publisher_availability_label":"Sur commande","short_details":"Fran\u00e7ois Bernier \u2014 Hachette BNF","translator":null,"weight":944,"page_count":null,"readership":null,"editor":"Hachette BNF","price":3600,"published_date":"2014-08-31T22:00:00.000000Z","support":"Grand format","publisher_availability":1,"stock":0,"editions":[],"url":"https:\/\/quaidesbrumes.com\/ouvrage\/9782013391559\/abrege-de-la-philosophie-de-m-gassendi-tome-6"},{"id":"9782213619057","title":"Le platonisme devoile, 1700","description":"Cet ouvrage essentiel du pasteur socinien Jacques Souverain permet de mieux saisir les contours du champs philosophique au XVIIe si\u00e8cle, \u00e9poque o\u00f9 les Modernes ne cessaient de s?interroger sur la pertinence de la philosophie des Anciens, et de sa compatibilit\u00e9 avec la philosophie issue de la th\u00e9ologie chr\u00e9tienne telle qu?elle \u00e9tait interpr\u00e9t\u00e9e par le catholicisme romain, et contest\u00e9e particuli\u00e8rement par les R\u00e9form\u00e9s sociniens rationalistes. Jacques Souverain se donc donne ici pour t\u00e2che de \u00ab d\u00e9masquer \u00bb Platon, non de le r\u00e9futer, mais plut\u00f4t de s?opposer \u00e0 une certaine d\u00e9finition du platonisme dans laquelle les P\u00e8res de l?\u00c9glise se sont fourvoy\u00e9s.","authors":["Jacques Souverain"],"category_codes":["9000000","9080000"],"visuals":{"large":"https:\/\/images.epagine.fr\/057\/9782213619057_1_75.jpg","medium":"https:\/\/images.epagine.fr\/057\/9782213619057_1_m.jpg","thumbnail":"https:\/\/images.epagine.fr\/057\/9782213619057_1_v.jpg"},"orderable":true,"show_badge":true,"formatted_price":"30,50&nbsp;\u20ac","formatted_published_date":"22 septembre 2004","publisher_availability_label":"Sur commande","short_details":"Jacques Souverain \u2014 Fayard","translator":null,"weight":458,"page_count":286,"readership":null,"editor":"Fayard","price":3050,"published_date":"2004-09-21T22:00:00.000000Z","support":"Grand format","publisher_availability":1,"stock":0,"editions":[],"url":"https:\/\/quaidesbrumes.com\/ouvrage\/9782213619057\/le-platonisme-devoile-1700"},{"id":"9782296555129","title":"Art, trag\u00e9die et v\u00e9rit\u00e9","description":"H\u00f6lderlin, Nietzsche, Aristote et le psychanalyste Jacques Lacan, ont renouvel\u00e9 dans le m\u00eame sens la lecture de la trag\u00e9die. Ils ont vu en elle la mise au jour conjointe de l'essence de l'homme et de l'essence de l'art, celui-ci \u00e9tant compris comme le lieu m\u00eame du d\u00e9voilement originel du monde. Or, une telle question du sens de la trag\u00e9die - ou du tragique - est \u00e0 ce point difficile que ces quatre auteurs, chacun ayant son langage et son angle d'attaque propres, ne seront pas de trop pour nous aider \u00e0 l'\u00e9lucider.","authors":["Jo\u00ebl Balazut"],"category_codes":["9000000","9080000","9080200","9080204"],"visuals":{"large":"https:\/\/images.epagine.fr\/129\/9782296555129_1_75.jpg","medium":"https:\/\/images.epagine.fr\/129\/9782296555129_1_m.jpg","thumbnail":"https:\/\/images.epagine.fr\/129\/9782296555129_1_v.jpg"},"orderable":true,"show_badge":true,"formatted_price":"14,50&nbsp;\u20ac","formatted_published_date":"13 septembre 2011","publisher_availability_label":"Sur commande","short_details":"Jo\u00ebl Balazut \u2014 \u00c9ditions L'Harmattan","translator":null,"weight":185,"page_count":null,"readership":null,"editor":"\u00c9ditions L'Harmattan","price":1450,"published_date":"2011-09-12T22:00:00.000000Z","support":"Grand format","publisher_availability":1,"stock":0,"editions":[],"url":"https:\/\/quaidesbrumes.com\/ouvrage\/9782296555129\/art-tragedie-et-verite"},{"id":"9782013410212","title":"Lettres chinoises, ou correspondance philosophique, historique & critique. tome 4","description":"Lettres chinoises, ou Correspondance philosophique, historique & critique entre un Chinois voyageur \u00e0 Paris & ses correspondans \u00e0 la Chine, en Moscovie, en Perse & au Japon. Tome 4 \/ . Par l'auteur des \"Lettres juives\" et des \"Lettres cabalistiques\" Date de l'\u00e9dition originale : 1751 Ce livre est la reproduction fid\u00e8le d'une oeuvre publi\u00e9e avant 1920 et fait partie d'une collection de livres r\u00e9imprim\u00e9s \u00e0 la demande \u00e9dit\u00e9e par Hachette Livre, dans le cadre d'un partenariat avec la Biblioth\u00e8que nationale de France, offrant l'opportunit\u00e9 d'acc\u00e9der \u00e0 des ouvrages anciens et souvent rares issus des fonds patrimoniaux de la BnF.\r\nLes oeuvres faisant partie de cette collection ont \u00e9t\u00e9 num\u00e9ris\u00e9es par la BnF et sont pr\u00e9sentes sur Gallica, sa biblioth\u00e8que num\u00e9rique.\r\n\r\nEn entreprenant de redonner vie \u00e0 ces ouvrages au travers d'une collection de livres r\u00e9imprim\u00e9s \u00e0 la demande, nous leur donnons la possibilit\u00e9 de rencontrer un public \u00e9largi et participons \u00e0 la transmission de connaissances et de savoirs parfois difficilement accessibles.\r\nNous avons cherch\u00e9 \u00e0 concilier la reproduction fid\u00e8le d'un livre ancien \u00e0 partir de sa version num\u00e9ris\u00e9e avec le souci d'un confort de lecture optimal. Nous esp\u00e9rons que les ouvrages de cette nouvelle collection vous apporteront enti\u00e8re satisfaction.\r\n\r\nPour plus d'informations, rendez-vous sur www.hachettebnf.fr","authors":["Argens J-B."],"category_codes":["9000000","9080000","9080600"],"visuals":{"large":"https:\/\/images.epagine.fr\/212\/9782013410212_1_75.jpg","medium":"https:\/\/images.epagine.fr\/212\/9782013410212_1_m.jpg","thumbnail":"https:\/\/images.epagine.fr\/212\/9782013410212_1_v.jpg"},"orderable":true,"show_badge":true,"formatted_price":"24,00&nbsp;\u20ac","formatted_published_date":"1er septembre 2014","publisher_availability_label":"Sur commande","short_details":"Argens J-B. \u2014 Hachette BNF","translator":null,"weight":473,"page_count":null,"readership":null,"editor":"Hachette BNF","price":2400,"published_date":"2014-08-31T22:00:00.000000Z","support":"Grand format","publisher_availability":1,"stock":0,"editions":[],"url":"https:\/\/quaidesbrumes.com\/ouvrage\/9782013410212\/lettres-chinoises-ou-correspondance-philosophique-historique-critique-tome-4"},{"id":"9782296996434","title":"L'\u00e9thique du mensonge","description":"Du mensonge pr\u00e9dateur au mensonge protecteur, en passant par celui par faiblesse ou par frime, le mensonge pr\u00e9sente de nombreux visages. Si certains contextes peuvent rendre le mensonge l\u00e9gitime, n\u00e9cessiter l'effacement d'une certaine v\u00e9rit\u00e9 au profit de l'\u00e9thique, il s'agit avant tout de comprendre l'int\u00e9r\u00eat psychologique, social et surtout spirituel \u00e0 entrer dans une d\u00e9marche d'\u00e9vitement du mensonge. Quels sont les ressorts du mensonge? Quels en sont les effets sur autrui et sur soi ?","authors":["Dominique Ducerf"],"category_codes":["9000000","9080000","9080200","9080204"],"visuals":{"large":"https:\/\/images.epagine.fr\/434\/9782296996434_1_75.jpg","medium":"https:\/\/images.epagine.fr\/434\/9782296996434_1_m.jpg","thumbnail":"https:\/\/images.epagine.fr\/434\/9782296996434_1_v.jpg"},"orderable":true,"show_badge":true,"formatted_price":"14,50&nbsp;\u20ac","formatted_published_date":"7 septembre 2012","publisher_availability_label":"Sur commande","short_details":"Dominique Ducerf \u2014 \u00c9ditions L'Harmattan","translator":null,"weight":160,"page_count":122,"readership":null,"editor":"\u00c9ditions L'Harmattan","price":1450,"published_date":"2012-09-06T22:00:00.000000Z","support":"Grand format","publisher_availability":1,"stock":0,"editions":[],"url":"https:\/\/quaidesbrumes.com\/ouvrage\/9782296996434\/lethique-du-mensonge"},{"id":"9782343216102","title":"L'\u00eatre humain face \u00e0 lui-m\u00eame ; l'animal autor\u00e9f\u00e9rent","description":"Nous, humains, confront\u00e9s plus que jamais \u00e0 nous-m\u00eames, qu'allons-nous faire de nous ? Les r\u00e9f\u00e9rences qui fondaient nos certitudes et nos espoirs ont laiss\u00e9 place \u00e0 l'incertitude. Nous sommes incit\u00e9s \u00e0 rechercher une meilleure version de nous-m\u00eames comme individus, comme soci\u00e9t\u00e9s, comme esp\u00e8ce. Nous sommes pouss\u00e9s \u00e0 reprendre le chemin de l'effort pour nous r\u00e9inventer. Mais pour aller vers quoi ? Sans manuel d'instructions, comment arriver \u00e0 faire de nous l'objet r\u00e9ussi de notre cr\u00e9ation ?, Renvoy\u00e9s \u00e0 nous-m\u00eames, nous sommes invit\u00e9s \u00e0 \u00eatre notre propre r\u00e9f\u00e9rence. Or, l'autor\u00e9f\u00e9rence est un processus qui a sa propre autonomie et constitue la caract\u00e9ristique des vivants. En tra\u00e7ant les contours de ce processus et en l'utilisant de fa\u00e7on appropri\u00e9e, nous pourrons avoir une id\u00e9e du chemin, et aussi du point d'arriv\u00e9e.","authors":["Gilles r. Cadrin"],"category_codes":["9000000","9080000","9080700"],"visuals":{"large":"https:\/\/images.epagine.fr\/102\/9782343216102_1_75.jpg","medium":"https:\/\/images.epagine.fr\/102\/9782343216102_1_m.jpg","thumbnail":"https:\/\/images.epagine.fr\/102\/9782343216102_1_v.jpg"},"orderable":true,"show_badge":true,"formatted_price":"24,50&nbsp;\u20ac","formatted_published_date":"30 octobre 2020","publisher_availability_label":"Sur commande","short_details":"Gilles r. Cadrin \u2014 \u00c9ditions L'Harmattan","translator":null,"weight":374,"page_count":248,"readership":null,"editor":"\u00c9ditions L'Harmattan","price":2450,"published_date":"2020-10-29T23:00:00.000000Z","support":"Grand format","publisher_availability":1,"stock":0,"editions":[],"url":"https:\/\/quaidesbrumes.com\/ouvrage\/9782343216102\/letre-humain-face-a-lui-meme-lanimal-autoreferent"},{"id":"9782711632718","title":"Ordre et d\u00e9figuration : Malebranche et la raison du mal","description":"La pens\u00e9e de Malebranche (1638-1715) marque, en mati\u00e8re de \u00ab\u00a0th\u00e9odic\u00e9e\u00a0\u00bb, une rupture avec la tradition h\u00e9rit\u00e9e d'Augustin et de Thomas d'Aquin, en affirmant l'existence de d\u00e9fauts r\u00e9els et d'irr\u00e9gularit\u00e9s flagrantes dans le monde, qu'aucune harmonie universelle ne saurait r\u00e9duire, dissoudre ni att\u00e9nuer. La r\u00e9alit\u00e9 de d\u00e9sordres dans l'ordre naturel (tels que les monstres) aussi bien que dans le domaine moral, loin d'\u00eatre ni\u00e9e, devient sous la plume de l'oratorien un argument en faveur d'une justification de Dieu originale\u00a0: ils sont vus comme le r\u00e9sultat in\u00e9vitable du mode op\u00e9ratoire divin par des lois simples, g\u00e9n\u00e9rales et uniformes. Le livre examine la mani\u00e8re dont est trait\u00e9e la question du mal, consid\u00e9r\u00e9e dans ses aspects \u00e0 la fois th\u00e9ologiques et anthropologiques, \u00e0 travers l'ensemble de l'oeuvre de Malebranche. Ce faisant, il revisite un certain nombre de th\u00e8mes centraux de sa philosophie, tels que la vision en Dieu, l'explication de l'union de l'\u00e2me au corps, l'occasionnalisme, son (anti)cart\u00e9sianisme, le rapport entre l'entendement et la volont\u00e9, ou encore la libert\u00e9 de l'homme.\r","authors":["Paul Rateau"],"category_codes":["9000000","9080000","9080600","9080603"],"visuals":{"large":"https:\/\/images.epagine.fr\/718\/9782711632718_1_75.jpg","medium":"https:\/\/images.epagine.fr\/718\/9782711632718_1_m.jpg","thumbnail":"https:\/\/images.epagine.fr\/718\/9782711632718_1_v.jpg"},"orderable":false,"show_badge":true,"formatted_price":"30,00&nbsp;\u20ac","formatted_published_date":"7 mai 2026","publisher_availability_label":"\u00c0 para\u00eetre","short_details":"Paul Rateau \u2014 Vrin","translator":null,"weight":0,"page_count":352,"readership":null,"editor":"Vrin","price":3000,"published_date":"2026-05-06T22:00:00.000000Z","support":"Grand format","publisher_availability":2,"stock":0,"editions":[],"url":"https:\/\/quaidesbrumes.com\/ouvrage\/9782711632718\/ordre-et-defiguration-malebranche-et-la-raison-du-mal"},{"id":"9772204352681","title":"Revue d'\u00e9thique et de th\u00e9ologie morale n.267","description":"\" Un ouvrage des \u00e9ditions du Cerf, maison des cultes, des cultures et des civilisations. Le Cerf est le premier \u00e9diteur religieux de France et de l'espace francophone. \"","authors":["Revue D'Ethique Et De Theologie Morale"],"category_codes":["9000000","9080000","9080200","9080204"],"visuals":{"large":"https:\/\/images.epagine.fr\/681\/9772204352681_1_75.jpg","medium":"https:\/\/images.epagine.fr\/681\/9772204352681_1_m.jpg","thumbnail":"https:\/\/images.epagine.fr\/681\/9772204352681_1_v.jpg"},"orderable":true,"show_badge":true,"formatted_price":"3,00&nbsp;\u20ac","formatted_published_date":"15 d\u00e9cembre 2011","publisher_availability_label":"Sur commande","short_details":"Revue D'Ethique Et De Theologie Morale \u2014 Les \u00e9ditions du Cerf","translator":null,"weight":196,"page_count":144,"readership":null,"editor":"Les \u00e9ditions du Cerf","price":300,"published_date":"2011-12-14T23:00:00.000000Z","support":"Revue","publisher_availability":1,"stock":0,"editions":[],"url":"https:\/\/quaidesbrumes.com\/ouvrage\/9772204352681\/revue-dethique-et-de-theologie-morale-n267"},{"id":"9782343212555","title":"D\u00e9mocratie ?","description":"Quel avenir pour les institutions d\u00e9mocratiques face aux d\u00e9fis \u00e9cosyst\u00e9miques ? L'homme \u00ab mesure de toute chose \u00bb peut-il se confronter aux complexit\u00e9s qui prescrivent \u00ab l'incertitude comme accompagnatrice la plus fiable du savoir \u00bb, alors que les \u00ab v\u00e9rit\u00e9s uniques \u00bb conduisent \u00e0 l'imp\u00e9ritie, marchepied des tyrannies ? La r\u00e9forme vise \u00ab l'id\u00e9al du d\u00e9bat public \u00bb : de nouveaux modes de d\u00e9lib\u00e9ration et la recherche de la concordance peuvent peut-\u00eatre redonner vie \u00e0 la d\u00e9mocratie. La rencontre des peuples du monde est privil\u00e9gi\u00e9e, comme confluence des intervalles : des langues\/pens\u00e9es, des histoires, des cultures, des arts et des coeurs. Ce chemin ardu sera-t-il parcouru par l'homme ? Nul ne sait, mais ne pas le tenter menace de conduire au naufrage.","authors":["Walch Guy"],"category_codes":["9000000","9080000","9080700"],"visuals":{"large":"https:\/\/images.epagine.fr\/555\/9782343212555_1_75.jpg","medium":"https:\/\/images.epagine.fr\/555\/9782343212555_1_m.jpg","thumbnail":"https:\/\/images.epagine.fr\/555\/9782343212555_1_v.jpg"},"orderable":true,"show_badge":true,"formatted_price":"28,00&nbsp;\u20ac","formatted_published_date":"16 septembre 2020","publisher_availability_label":"Sur commande","short_details":"Walch Guy \u2014 \u00c9ditions L'Harmattan","translator":null,"weight":335,"page_count":264,"readership":null,"editor":"\u00c9ditions L'Harmattan","price":2800,"published_date":"2020-09-15T22:00:00.000000Z","support":"Grand format","publisher_availability":1,"stock":0,"editions":[],"url":"https:\/\/quaidesbrumes.com\/ouvrage\/9782343212555\/democratie"},{"id":"9782343143538","title":"Les merveilles de Ndao Jaaloo ; la voix de ma plume","description":"\"Ce recueil est un dialogue avec les absents et des tirades face aux vivants. Ici, la mort est loin d'\u00eatre une n\u00e9antisation. Elle est une promesse au nom du vivant. Ces po\u00e8mes nous parlent et parlent pour nous. En eux, gisent notre chaleur, nos angoisses, une part de notre \u00eatre. Le myst\u00e8re sacr\u00e9 de l'humain.\"","authors":["Ibou Drmae Sylla"],"category_codes":["9000000","9080000","9080700"],"visuals":{"large":"https:\/\/images.epagine.fr\/538\/9782343143538_1_75.jpg","medium":"https:\/\/images.epagine.fr\/538\/9782343143538_1_m.jpg","thumbnail":"https:\/\/images.epagine.fr\/538\/9782343143538_1_v.jpg"},"orderable":true,"show_badge":true,"formatted_price":"13,00&nbsp;\u20ac","formatted_published_date":"29 mars 2018","publisher_availability_label":"Sur commande","short_details":"Ibou Drmae Sylla \u2014 \u00c9ditions L'Harmattan","translator":null,"weight":117,"page_count":90,"readership":null,"editor":"\u00c9ditions L'Harmattan","price":1300,"published_date":"2018-03-28T22:00:00.000000Z","support":"Grand format","publisher_availability":1,"stock":0,"editions":[],"url":"https:\/\/quaidesbrumes.com\/ouvrage\/9782343143538\/les-merveilles-de-ndao-jaaloo-la-voix-de-ma-plume"},{"id":"9782296053403","title":"L'\u00e9quivocit\u00e9 vive ; une nouvelle repr\u00e9sentation du vivant","description":"Au coeur de cette r\u00e9flexion se trouve la question de la repr\u00e9sentation du vivant : aujourd'hui, vivre, ce n'est plus seulement r\u00e9sister \u00e0 la mort, selon le mot de Bichat, ou se conserver, en vertu des principes darwiniens de l'\u00e9volution, mais \u00eatre capable de faire usage de la mort, de n\u00e9gocier en permanence avec elle, en ne cessant \u00e0 la fois de l'initier et de la suspendre.","authors":["Laurent Cherlonneix"],"category_codes":["9000000","9080000","9080200","9080204"],"visuals":{"large":"https:\/\/images.epagine.fr\/403\/9782296053403_1_75.jpg","medium":"https:\/\/images.epagine.fr\/403\/9782296053403_1_m.jpg","thumbnail":"https:\/\/images.epagine.fr\/403\/9782296053403_1_v.jpg"},"orderable":true,"show_badge":true,"formatted_price":"35,50&nbsp;\u20ac","formatted_published_date":"19 mars 2008","publisher_availability_label":"Sur commande","short_details":"Laurent Cherlonneix \u2014 \u00c9ditions L'Harmattan","translator":null,"weight":600,"page_count":332,"readership":null,"editor":"\u00c9ditions L'Harmattan","price":3550,"published_date":"2008-03-18T23:00:00.000000Z","support":"Grand format","publisher_availability":1,"stock":0,"editions":[],"url":"https:\/\/quaidesbrumes.com\/ouvrage\/9782296053403\/lequivocite-vive-une-nouvelle-representation-du-vivant"},{"id":"9782849411841","title":"Critique de la d\u00e9raison pure","description":"Fin des ann\u00e9es 1970 : les \"nouveaux philosophes\" envahissent les m\u00e9dias. Ils s'appellent Glucksmann, Clavel, Benoist, et surtout Bernard-Henry L\u00e9vy ; bient\u00f4t suivis d'amis proches sur le plan id\u00e9ologique dont au premier rang Alain Finkielkraut et Pascal Bruckner. Trente ans plus tard, que reste-t-il de leur r\u00e9flexion ? Si les membres de ce courant ont incontestablement marqu\u00e9 la sc\u00e8ne publique fran\u00e7aise, leur h\u00e9ritage fait d\u00e9bat sur le plan philosophique. C'est sur ce terrain que Daniel Salvatore Schiffer a choisi d'exercer son regard critique. Mi-essai mi-pamphlet, Critique de la d\u00e9raison pure dresse un bilan accablant de la pens\u00e9e l\u00e9gu\u00e9e par les \"intellectuels m\u00e9diatiques\". Loin de se borner \u00e0 la mise en cause de leurs postures, ce livre engage une r\u00e9flexion de fond sur les d\u00e9rives et les manipulations log\u00e9es au coeur de leur philosophie.","authors":["Daniel Salvatore Schiffer"],"category_codes":["9000000","9080000","9080200","9080204"],"visuals":{"large":"https:\/\/images.epagine.fr\/841\/9782849411841_1_75.jpg","medium":"https:\/\/images.epagine.fr\/841\/9782849411841_1_m.jpg","thumbnail":"https:\/\/images.epagine.fr\/841\/9782849411841_1_v.jpg"},"orderable":true,"show_badge":true,"formatted_price":"23,00&nbsp;\u20ac","formatted_published_date":"17 mai 2010","publisher_availability_label":"Sur commande","short_details":"Daniel Salvatore Schiffer \u2014 \u00c9ditions Les P\u00e9r\u00e9grines","translator":null,"weight":428,"page_count":354,"readership":null,"editor":"\u00c9ditions Les P\u00e9r\u00e9grines","price":2300,"published_date":"2010-05-16T22:00:00.000000Z","support":"Grand format","publisher_availability":1,"stock":0,"editions":[],"url":"https:\/\/quaidesbrumes.com\/ouvrage\/9782849411841\/critique-de-la-deraison-pure"},{"id":"9782705683740","title":"Entretiens sur le temps","description":"Ce colloque, tenu en pleine effervescence de la pens\u00e9e, a permis \u00e0 nombre de personnalit\u00e9s diverses de mettre en lumi\u00e8re, soit au cours des conf\u00e9rences qui ont \u00e9t\u00e9 pr\u00e9sent\u00e9es, soit au fil des discussions auxquelles ils ont pris part, quelques-unes des r\u00e9centes facettes (pour l'artiste, le cin\u00e9aste, l'historien, le math\u00e9maticien, le philosophe, le romancier) de ce ph\u00e9nom\u00e8ne majeur et \u00e9nigmatique.\r\nPar la vari\u00e9t\u00e9 des th\u00e8mes abord\u00e9s et la qualit\u00e9 des points de vue, cette rencontre marque une \u00e9tape d'importance dans la r\u00e9flexion sur cette immense sujet et demeure ainsi d'enti\u00e8re actualit\u00e9.","authors":["Collectif"],"category_codes":["9000000","9080000","9080200","9080204"],"visuals":{"large":"https:\/\/images.epagine.fr\/740\/9782705683740_1_75.jpg","medium":"https:\/\/images.epagine.fr\/740\/9782705683740_1_m.jpg","thumbnail":"https:\/\/images.epagine.fr\/740\/9782705683740_1_v.jpg"},"orderable":true,"show_badge":true,"formatted_price":"36,00&nbsp;\u20ac","formatted_published_date":"21 ao\u00fbt 2012","publisher_availability_label":"Sur commande","short_details":"Collectif \u2014 Hermann","translator":null,"weight":524,"page_count":348,"readership":null,"editor":"Hermann","price":3600,"published_date":"2012-08-20T22:00:00.000000Z","support":"Grand format","publisher_availability":1,"stock":0,"editions":[],"url":"https:\/\/quaidesbrumes.com\/ouvrage\/9782705683740\/entretiens-sur-le-temps"},{"id":"9782296113954","title":"Rationnel voil\u00e9 ; ou comment vivre sans Descartes","description":"Descartes appara\u00eet comme le penseur par excellence de la rationalit\u00e9 d\u00e9barrass\u00e9e de tout pr\u00e9jug\u00e9. Pour mieux d\u00e9construire le mythe cart\u00e9sien, l'auteure s'int\u00e9resse \u00e0 sa vie pleine de paradoxes et de masques qui le voient h\u00e9siter entre inspiration \u00e9sot\u00e9rique et projet scientifique. D\u00e9voiler les masques de Descartes, le voile de ses pr\u00e9suppos\u00e9s philosophiques et religieux, est aujourd'hui plus que jamais n\u00e9cessaire pour permettre de vivre et penser, enfin, sans Descartes.","authors":["Huguette Dufrenois"],"category_codes":["9000000","9080000","9080200","9080204"],"visuals":{"large":"https:\/\/images.epagine.fr\/954\/9782296113954_1_75.jpg","medium":"https:\/\/images.epagine.fr\/954\/9782296113954_1_m.jpg","thumbnail":"https:\/\/images.epagine.fr\/954\/9782296113954_1_v.jpg"},"orderable":true,"show_badge":true,"formatted_price":"17,50&nbsp;\u20ac","formatted_published_date":"12 mars 2010","publisher_availability_label":"Sur commande","short_details":"Huguette Dufrenois \u2014 \u00c9ditions L'Harmattan","translator":null,"weight":250,"page_count":null,"readership":null,"editor":"\u00c9ditions L'Harmattan","price":1750,"published_date":"2010-03-11T23:00:00.000000Z","support":"Grand format","publisher_availability":1,"stock":0,"editions":[],"url":"https:\/\/quaidesbrumes.com\/ouvrage\/9782296113954\/rationnel-voile-ou-comment-vivre-sans-descartes"},{"id":"9782296043312","title":"Personne et soci\u00e9t\u00e9 ; la personne et la soci\u00e9t\u00e9 familiale, la personne et la soci\u00e9t\u00e9 \u00e9conomique, la personne et la soci\u00e9t\u00e9 politique, la personne et l'\u00e9tat","description":"Quel accomplissement la soci\u00e9t\u00e9 propose-t-elle \u00e0 l'homme ? De quelles exigences doivent tenir compte ceux qui gouvernent, pour promouvoir une vie proprement \"humaine\" ? La famille n'est-elle pas un cadre trop \u00e9troit ? La soci\u00e9t\u00e9 \u00e9conomique peut-elle nous suffire ? La soci\u00e9t\u00e9 politique ne risque-t-elle pas d'empi\u00e9ter sur notre libert\u00e9 ? L'auteur fait dialoguer diff\u00e9rentes conceptions philosophiques pour nous amener aux dimensions essentielles de la personne humaine et de la vie en soci\u00e9t\u00e9.","authors":["Jacques de Monl\u00e9on"],"category_codes":["9000000","9080000","9080200","9080204"],"visuals":{"large":"https:\/\/images.epagine.fr\/312\/9782296043312_1_75.jpg","medium":"https:\/\/images.epagine.fr\/312\/9782296043312_1_m.jpg","thumbnail":"https:\/\/images.epagine.fr\/312\/9782296043312_1_v.jpg"},"orderable":true,"show_badge":true,"formatted_price":"24,00&nbsp;\u20ac","formatted_published_date":"13 novembre 2007","publisher_availability_label":"Sur commande","short_details":"Jacques de Monl\u00e9on \u2014 \u00c9ditions L'Harmattan","translator":null,"weight":340,"page_count":264,"readership":null,"editor":"\u00c9ditions L'Harmattan","price":2400,"published_date":"2007-11-12T23:00:00.000000Z","support":"Grand format","publisher_availability":1,"stock":0,"editions":[],"url":"https:\/\/quaidesbrumes.com\/ouvrage\/9782296043312\/personne-et-societe-la-personne-et-la-societe-familiale-la-personne-et-la-societe-economique-la-personne-et-la-societe-politique-la-personne-et-letat"},{"id":"9782296068865","title":"La th\u00e9ogonie ; les travaux et les jours","description":"H\u00e9siode appartenait \u00e0 cette classe sociale dont la pauvret\u00e9 \u00e9tait, selon les mots d'H\u00e9rodote, \"la compagne naturelle\". C'\u00e9tait un berger dont l'\u00e2me sensible absorbait -pour mieux la r\u00e9fl\u00e9chir en paroles- la magnifique lumi\u00e8re d'une nature en constante m\u00e9tamorphose. Sa carri\u00e8re de po\u00e8te, si elle fut en r\u00e9alit\u00e9 le fait du hasard, devait selon lui aux Muses qui lui enseign\u00e8rent \"d'harmonieux accords tandis qu'il faisait pa\u00eetre ses agneaux au pied du c\u00e9leste H\u00e9licon\".","authors":["Antoine Nguidjol"],"category_codes":["9000000","9080000","9080200","9080204"],"visuals":{"large":"https:\/\/images.epagine.fr\/865\/9782296068865_1_75.jpg","medium":"https:\/\/images.epagine.fr\/865\/9782296068865_1_m.jpg","thumbnail":"https:\/\/images.epagine.fr\/865\/9782296068865_1_v.jpg"},"orderable":true,"show_badge":true,"formatted_price":"13,50&nbsp;\u20ac","formatted_published_date":"27 novembre 2008","publisher_availability_label":"Sur commande","short_details":"Antoine Nguidjol \u2014 \u00c9ditions L'Harmattan","translator":null,"weight":140,"page_count":null,"readership":null,"editor":"\u00c9ditions L'Harmattan","price":1350,"published_date":"2008-11-26T23:00:00.000000Z","support":"Grand format","publisher_availability":1,"stock":0,"editions":[],"url":"https:\/\/quaidesbrumes.com\/ouvrage\/9782296068865\/la-theogonie-les-travaux-et-les-jours"},{"id":"9782705683795","title":"Signes, formes, gestes","description":"Une philosophie des sciences est-elle possible aujourd'hui ? La tendance dominante vise \u00e0 la fonder sur une analyse des pouvoirs de l'esprit dont la notion centrale est celle de repr\u00e9sentation. Il y a convergence sur ce point des th\u00e9ories psychologiques de la cognition et de la vision formaliste d'une pens\u00e9e m\u00e9canis\u00e9e. Mais l'\u00e9tude des pr\u00e9suppos\u00e9s de ces positions sugg\u00e8re qu'elles imposent trop rapidement des limites \u00e0 la pens\u00e9e qui oeuvre dans les sciences.\r\nCet ouvrage entend donc leur opposer des analyses portant sur les diff\u00e9rentes formes symboliques qui structurent la pens\u00e9e scientifique : nombres, formules, figures... De telles formes, ins\u00e9parables d'une g\u00e9n\u00e9alogie complexe, impliquent une pluralit\u00e9 de fonctions irr\u00e9ductibles \u00e0 l'unit\u00e9 \u00e9l\u00e9mentaire de la repr\u00e9sentation. L'efficacit\u00e9 de ces r\u00e9gimes s\u00e9miotiques serait donc indissociable d'une s\u00e9rie d'actes de compr\u00e9hension. La philosophie des sciences en deviendrait une herm\u00e9neutique de la pens\u00e9e (et des impens\u00e9s) des sciences.","authors":["Andrea Cavazzini"],"category_codes":["9000000","9080000","9080700","9080701"],"visuals":{"large":"https:\/\/images.epagine.fr\/795\/9782705683795_1_75.jpg","medium":"https:\/\/images.epagine.fr\/795\/9782705683795_1_m.jpg","thumbnail":"https:\/\/images.epagine.fr\/795\/9782705683795_1_v.jpg"},"orderable":true,"show_badge":true,"formatted_price":"32,00&nbsp;\u20ac","formatted_published_date":"19 septembre 2012","publisher_availability_label":"Sur commande","short_details":"Andrea Cavazzini \u2014 Hermann","translator":null,"weight":330,"page_count":240,"readership":null,"editor":"Hermann","price":3200,"published_date":"2012-09-18T22:00:00.000000Z","support":"Grand format","publisher_availability":1,"stock":0,"editions":[],"url":"https:\/\/quaidesbrumes.com\/ouvrage\/9782705683795\/signes-formes-gestes"},{"id":"9782352882572","title":"Pourquoi les \u00e9l\u00e9phants n'oublient jamais rien","description":"Des questions insolites, bizarres et dr\u00f4les sur tous les sujets ! ce livre donne les r\u00e9ponses \u00e0 plein de questions bizarres, amusantes, \u00e9tonnantes et s\u00e9rieuses que vous vous posez parfois.\r\n Certaines sont dr\u00f4les, d'autres sont tout simplement sid\u00e9rantes elles mettront votre esprit en \u00e9bullition ! pourquoi les rhumes sont si contagieux ? les chats retombent-ils toujours sur leurs pattes ? pourquoi je ne epux pas me chatouiller moi-m\u00eame ? qu'est-ce qui se passerait si une m\u00e9t\u00e9orite heurtait la terre ou si la glace des p\u00f4les fondait ? combien de chocolat peut-on manger avant de s'intoxiquer ? quel est l'animal le plus petit ? quelles est la pire odeur du monde ? est-ce que faire craquer ses articulations est mauvais ? pourquoi le ciel est bleu ? est-ce que qu'effectivement les \u00e9l\u00e9phants n'oublient jamais rien ? alors, si vous voulez conna\u00eetre les r\u00e9ponses, lisez vite ce livre !.","authors":["Collectif"],"category_codes":["9000000","9080000","9080200","9080204"],"visuals":{"large":"https:\/\/images.epagine.fr\/572\/9782352882572_1_75.jpg","medium":"https:\/\/images.epagine.fr\/572\/9782352882572_1_m.jpg","thumbnail":"https:\/\/images.epagine.fr\/572\/9782352882572_1_v.jpg"},"orderable":true,"show_badge":true,"formatted_price":"16,55&nbsp;\u20ac","formatted_published_date":"22 avril 2009","publisher_availability_label":"Sur commande","short_details":"Collectif \u2014 City \u00c9ditions","translator":null,"weight":350,"page_count":null,"readership":"\u00e0 partir de 9 ANS","editor":"City \u00c9ditions","price":1655,"published_date":"2009-04-21T22:00:00.000000Z","support":"Grand format","publisher_availability":1,"stock":0,"editions":[],"url":"https:\/\/quaidesbrumes.com\/ouvrage\/9782352882572\/pourquoi-les-elephants-noublient-jamais-rien"},{"id":"9782296052901","title":"D\u00e9mocratie et \u00e9ducation \u00e0 la citoyennet\u00e9 en Afrique","description":"La d\u00e9mocratie en Afrique semble relever d'une entreprise aussi interminable que d\u00e9sesp\u00e9r\u00e9e. Les conflits ethniques, les violences, les dictatures tendent \u00e0 en repousser ind\u00e9finiment l'av\u00e8nement. Cet ouvrage analyse les concepts de d\u00e9mocratie et de citoyennet\u00e9 pour les mettre \u00e0 l'\u00e9preuve des cultures et traditions africaines.","authors":["Mamadou Bella baldek"],"category_codes":["9000000","9080000","9080200","9080204"],"visuals":{"large":"https:\/\/images.epagine.fr\/901\/9782296052901_1_75.jpg","medium":"https:\/\/images.epagine.fr\/901\/9782296052901_1_m.jpg","thumbnail":"https:\/\/images.epagine.fr\/901\/9782296052901_1_v.jpg"},"orderable":true,"show_badge":true,"formatted_price":"26,50&nbsp;\u20ac","formatted_published_date":"4 mars 2008","publisher_availability_label":"Sur commande","short_details":"Mamadou Bella baldek \u2014 \u00c9ditions L'Harmattan","translator":null,"weight":280,"page_count":256,"readership":null,"editor":"\u00c9ditions L'Harmattan","price":2650,"published_date":"2008-03-03T23:00:00.000000Z","support":"Grand format","publisher_availability":1,"stock":0,"editions":[],"url":"https:\/\/quaidesbrumes.com\/ouvrage\/9782296052901\/democratie-et-education-a-la-citoyennete-en-afrique"},{"id":"9782705683337","title":"Le m\u00e9decin et le philosophe ; Th\u00e9ophile de Bordeau selon Diderot","description":"Qui est le m\u00e9decin Bordeu du R\u00eave de D'Alembert ? Avons-nous affaire \u00e0 un personnage de fiction ou au Bordeu historique, figure marquante mais aujourd'hui m\u00e9connue de la vie intellectuelle fran\u00e7aise du XVIIIe si\u00e8cle ? La distinction est-elle d'ailleurs pertinente ? \u00c0 l'intersection de la litt\u00e9rature, de la physiologie et de l'histoire des sciences, ce livre se pr\u00e9sente comme une enqu\u00eate sur la mani\u00e8re dont Diderot fabrique un personnage et, \u00e0 travers lui, s'interroge sur l'invention formelle et sur le progr\u00e8s de la connaissance. Plus largement, il s'inscrit dans le d\u00e9bat sur les v\u00e9rit\u00e9s de la fiction et porte sur la construction des \u00ab grands hommes \u00bb dans la tradition litt\u00e9raire et scientifique. Nos partitions intellectuelles   qu'elles se situent entre l'esth\u00e9tique et la m\u00e9decine, la litt\u00e9rature et la philosophie, la fiction et la science   peuvent alors appara\u00eetre comme des obstacles \u00e0 la compr\u00e9hension d'une oeuvre telle que Le R\u00eave de D'Alembert.","authors":["Alexandre Wenger"],"category_codes":["9000000","9080000","9080200","9080204"],"visuals":{"large":"https:\/\/images.epagine.fr\/337\/9782705683337_1_75.jpg","medium":"https:\/\/images.epagine.fr\/337\/9782705683337_1_m.jpg","thumbnail":"https:\/\/images.epagine.fr\/337\/9782705683337_1_v.jpg"},"orderable":true,"show_badge":true,"formatted_price":"24,00&nbsp;\u20ac","formatted_published_date":"21 juin 2012","publisher_availability_label":"Sur commande","short_details":"Alexandre Wenger \u2014 Hermann","translator":null,"weight":174,"page_count":128,"readership":null,"editor":"Hermann","price":2400,"published_date":"2012-06-20T22:00:00.000000Z","support":"Grand format","publisher_availability":1,"stock":0,"editions":[],"url":"https:\/\/quaidesbrumes.com\/ouvrage\/9782705683337\/le-medecin-et-le-philosophe-theophile-de-bordeau-selon-diderot"},{"id":"9782343211374","title":"Blaise Pascal, un autre visage ; au fil de sa correspondance","description":"De Blaise Pascal, on connait son g\u00e9nie pr\u00e9coce, ses fulgurances et son intransigeance. Pour les uns, c'est un grand savant ; pour les autres, un homme de foi et un pol\u00e9miste. Or, c'est un autre homme qui appara\u00eet dans sa correspondance. Au fil des lettres \u00e0 sa famille et ses amis, aux scientifiques et penseurs de son temps, Pascal se montre passionn\u00e9, attachant et engag\u00e9. S'il est bien un homme qui doute, il est aussi un hyperactif qui ne n\u00e9glige pas ses int\u00e9r\u00eats. Pascal est un inventeur, un entrepreneur. On lui doit la premi\u00e8re machine \u00e0 calculer et le premier r\u00e9seau de transports en commun \u00e0 Paris. Au-del\u00e0, lire Pascal aujourd'hui, c'est aussi pouvoir nous interroger sur nous-m\u00eames. Comment nous conna\u00eetre ? Comment ma\u00eetriser notre corps ? Comment vivre en soci\u00e9t\u00e9 alors que notre raison est soumise aux passions et \u00e0 l'imagination ? Qu'est-ce qui r\u00e9git nos relations et nos choix ?","authors":["Agn\u00e8s Cousin de ravel"],"category_codes":["9000000","9080000","9080600","9080603"],"visuals":{"large":"https:\/\/images.epagine.fr\/374\/9782343211374_1_75.jpg","medium":"https:\/\/images.epagine.fr\/374\/9782343211374_1_m.jpg","thumbnail":"https:\/\/images.epagine.fr\/374\/9782343211374_1_v.jpg"},"orderable":true,"show_badge":true,"formatted_price":"23,50&nbsp;\u20ac","formatted_published_date":"20 novembre 2020","publisher_availability_label":"Sur commande","short_details":"Agn\u00e8s Cousin de ravel \u2014 \u00c9ditions L'Harmattan","translator":null,"weight":339,"page_count":216,"readership":null,"editor":"\u00c9ditions L'Harmattan","price":2350,"published_date":"2020-11-19T23:00:00.000000Z","support":"Grand format","publisher_availability":1,"stock":0,"editions":[],"url":"https:\/\/quaidesbrumes.com\/ouvrage\/9782343211374\/blaise-pascal-un-autre-visage-au-fil-de-sa-correspondance"},{"id":"9782013399968","title":"Abrege de la philosophie de m. gassendi. tome 4","description":"Abr\u00e9g\u00e9 de la philosophie de M. Gassendi. Tome 1 \/ par F. Bernier,...\r\nDate de l'\u00e9dition originale : 1684 Sujet de l'ouvrage : Gassendi, Pierre (1592-1655) -- Philosophie Ce livre est la reproduction fid\u00e8le d une uvre publi\u00e9e avant 1920 et fait partie d une collection de livres r\u00e9imprim\u00e9s \u00e0 la demande \u00e9dit\u00e9e par Hachette Livre, dans le cadre d un partenariat avec la Biblioth\u00e8que nationale de France, offrant l opportunit\u00e9 d acc\u00e9der \u00e0 des ouvrages anciens et souvent rares issus des fonds patrimoniaux de la BnF.\r\nLes uvres faisant partie de cette collection ont \u00e9t\u00e9 num\u00e9ris\u00e9es par la BnF et sont pr\u00e9sentes sur Gallica, sa biblioth\u00e8que num\u00e9rique.\r\n\r\nEn entreprenant de redonner vie \u00e0 ces ouvrages au travers d une collection de livres r\u00e9imprim\u00e9s \u00e0 la demande, nous leur donnons la possibilit\u00e9 de rencontrer un public \u00e9largi et participons \u00e0 la transmission de connaissances et de savoirs parfois difficilement accessibles.\r\nNous avons cherch\u00e9 \u00e0 concilier la reproduction fid\u00e8le d un livre ancien \u00e0 partir de sa version num\u00e9ris\u00e9e avec le souci d un confort de lecture optimal. Nous esp\u00e9rons que les ouvrages de cette nouvelle collection vous apporteront enti\u00e8re satisfaction.\r\n\r\nPour plus d informations, rendez-vous sur www.hachettebnf.fr","authors":["Fran\u00e7ois Bernier"],"category_codes":["9000000","9080000"],"visuals":{"large":"https:\/\/images.epagine.fr\/968\/9782013399968_1_75.jpg","medium":"https:\/\/images.epagine.fr\/968\/9782013399968_1_m.jpg","thumbnail":"https:\/\/images.epagine.fr\/968\/9782013399968_1_v.jpg"},"orderable":true,"show_badge":true,"formatted_price":"32,00&nbsp;\u20ac","formatted_published_date":"1er septembre 2014","publisher_availability_label":"Sur commande","short_details":"Fran\u00e7ois Bernier \u2014 Hachette BNF","translator":null,"weight":740,"page_count":null,"readership":null,"editor":"Hachette BNF","price":3200,"published_date":"2014-08-31T22:00:00.000000Z","support":"Grand format","publisher_availability":1,"stock":0,"editions":[],"url":"https:\/\/quaidesbrumes.com\/ouvrage\/9782013399968\/abrege-de-la-philosophie-de-m-gassendi-tome-4"},{"id":"9782755403794","title":"Les Jalons cent ans apr\u00e8s","description":"Mars 1909 est une date capitale dans l'histoire de la pens\u00e9e russe : sept intellectuels de renom (Nicolas Berdiaev, Serge Boulgakov, Mihail Guershenzon, Alexandre Izgoiev, Bohdan Kistiakovsky, Piotr Struve, Simon Frank) se rassemblent pour signifier leur malaise \u00e0 l'\u00e9gard de l'\u00e9volution radicale et nihiliste de leurs confr\u00e8res, et leur crainte qu'une telle \u00e9volution ne d\u00e9bouche sur une crise sans pr\u00e9c\u00e9dent...\r\nBien que d'horizons tr\u00e8s diff\u00e9rents, tous avaient en commun de vouloir un renouveau de la pens\u00e9e fond\u00e9 sur la \" primaut\u00e9 de la vie spirituelle \", la d\u00e9fense du droit, le respect primordial de la personne humaine. Le recueil de leurs interventions, jalons, connut tout de suite un immense succ\u00e8s et reste aujourd'hui une r\u00e9f\u00e9rence pour l'intelligentsia russe. Cent ans apr\u00e8s la publication des jalons, huit intellectuels de diff\u00e9rentes confessions chr\u00e9tiennes, catholiques, protestants et orthodoxes, et de diff\u00e9rentes nationalit\u00e9s, allemande, am\u00e9ricaine, anglaise, fran\u00e7aise, italienne, russe, ukrainienne ont tenu \u00e0 faire m\u00e9moire de ce texte proph\u00e9tique.\r\nEn ces temps de mondialisation, les tr\u00e9sors spirituels nationaux doivent \u00eatre assimil\u00e9s par les autres traditions intellectuelles. Qu'il s'agisse des promesses de la ph\u00e9nom\u00e9nologie de la donation ou des implications de la th\u00e9ologie oecum\u00e9nique et sociale, des consensus nouveaux apparaissent. Devant l'effondrement quasi simultan\u00e9 des \" mod\u00e8les \" socialistes et capitalistes, il est d'un grand int\u00e9r\u00eat de d\u00e9couvrir aujourd'hui que la d\u00e9sillusion contemporaine \u00e0 l'\u00e9gard des id\u00e9ologies et la \" passion du r\u00e9el \" a d\u00e9j\u00e0 plus d'un si\u00e8cle.\r\nFace \u00e0 la perte totale de rep\u00e8res aujourd'hui une nouvelle g\u00e9n\u00e9ration d'intellectuels pourra-t-elle, cette fois, \u00eatre entendue ?","authors":["Collectif"],"category_codes":["9000000","9080000","9080200","9080204"],"visuals":{"large":"https:\/\/images.epagine.fr\/794\/9782755403794_1_75.jpg","medium":"https:\/\/images.epagine.fr\/794\/9782755403794_1_m.jpg","thumbnail":"https:\/\/images.epagine.fr\/794\/9782755403794_1_v.jpg"},"orderable":true,"show_badge":true,"formatted_price":"17,30&nbsp;\u20ac","formatted_published_date":"17 mai 2010","publisher_availability_label":"Sur commande","short_details":"Collectif \u2014 Francois-Xavier De Guibert","translator":null,"weight":219,"page_count":177,"readership":null,"editor":"Francois-Xavier De Guibert","price":1730,"published_date":"2010-05-16T22:00:00.000000Z","support":"Grand format","publisher_availability":1,"stock":0,"editions":[],"url":"https:\/\/quaidesbrumes.com\/ouvrage\/9782755403794\/les-jalons-cent-ans-apres"}]}