{"data":[{"id":"9782296131415","title":"L'\u00e9thique de Kropotkine","description":"N\u00e9 en 1842, Pior Kropotkine, g\u00e9ographe reconnu et grand th\u00e9oricien de l'anarchisme, issu de la noblesse russe, publia sa pens\u00e9e et sa vision du monde dans plusieurs ouvrages devenus rares aujourd'hui. Il resta \"hant\u00e9 par l'id\u00e9e d'\u00e9crire un ouvrage sur la morale\", comme le dit l'auteur de cet ouvrage, utile aux hommes, afin de montrer que seule l'entraide est un gage de mieux vivre en soci\u00e9t\u00e9, et non, comme le soutiendront les h\u00e9ritiers de Darwin, la loi du plus fort.","authors":["Rapha\u00eblle Beaudin-fontainha"],"category_codes":["9000000","9080000","9080200"],"visuals":{"large":"https:\/\/images.epagine.fr\/415\/9782296131415_1_75.jpg","medium":"https:\/\/images.epagine.fr\/415\/9782296131415_1_m.jpg","thumbnail":"https:\/\/images.epagine.fr\/415\/9782296131415_1_v.jpg"},"orderable":true,"show_badge":true,"formatted_price":"12,00&nbsp;\u20ac","formatted_published_date":"26 octobre 2010","publisher_availability_label":"Sur commande","short_details":"Rapha\u00eblle Beaudin-fontainha \u2014 \u00c9ditions L'Harmattan","translator":null,"weight":120,"page_count":89,"readership":null,"editor":"\u00c9ditions L'Harmattan","price":1200,"published_date":"2010-10-25T22:00:00.000000Z","support":"Grand format","publisher_availability":1,"stock":0,"editions":[],"url":"https:\/\/quaidesbrumes.com\/ouvrage\/9782296131415\/lethique-de-kropotkine"},{"id":"9772204352605","title":"Revue d'\u00e9thique et de th\u00e9ologie morale n.259 : revue d'\u00e9thique et de th\u00e9ologie morale Tome 259","description":"Hubert Faes : \u00c9ditorial -; L'\u00c9glise catholique, la p\u00e9dophilie, le c\u00e9libat et les droits de l'homme G\u00e9rard Defois : L'\u00c9glise dans l'espace public europ\u00e9en. Une communication difficile ? David R. Blumenthal : Comment emp\u00eacher un nouvel holocauste ? \u00c9ric Gagnon : D\u00e9centrements. Sur la port\u00e9e \u00e9thique de l'oeuvre de Claude L\u00e9vi-Strauss Ren\u00e9 Heyer : Science et conscience Bernard Grasset : Regard litt\u00e9raire sur Pascal : Andr\u00e9 Suar\u00e8s Denis M\u00fcller : Chronique -; Wolfhart Pannenberg, une incitation \u00e0 la th\u00e9ologie","authors":["Collectif"],"category_codes":["9000000","9080000"],"visuals":{"large":"https:\/\/images.epagine.fr\/605\/9772204352605_1_75.jpg","medium":"https:\/\/images.epagine.fr\/605\/9772204352605_1_m.jpg","thumbnail":"https:\/\/images.epagine.fr\/605\/9772204352605_1_v.jpg"},"orderable":true,"show_badge":true,"formatted_price":"3,00&nbsp;\u20ac","formatted_published_date":"17 juin 2010","publisher_availability_label":"Sur commande","short_details":"Collectif \u2014 Les \u00e9ditions du Cerf","translator":null,"weight":200,"page_count":142,"readership":null,"editor":"Les \u00e9ditions du Cerf","price":300,"published_date":"2010-06-16T22:00:00.000000Z","support":"Revue","publisher_availability":1,"stock":0,"editions":[],"url":"https:\/\/quaidesbrumes.com\/ouvrage\/9772204352605\/revue-dethique-et-de-theologie-morale-n259-revue-dethique-et-de-theologie-morale-tome-259"},{"id":"9782012758803","title":"Oeuvres de lavoisier. tome 3 (ed.1862-1893)","description":"Oeuvres de Lavoisier. Tome 3 \/ [\u00e9d. par J.-B. Dumas, E. Grimaux et F.-A. Fouqu\u00e9] http:\/\/gallica.bnf.fr\/ark:\/12148\/bpt6k862687","authors":["Lavoisier A-L."],"category_codes":["9000000","9080000","9080700"],"visuals":{"large":"https:\/\/images.epagine.fr\/803\/9782012758803_1_75.jpg","medium":"https:\/\/images.epagine.fr\/803\/9782012758803_1_m.jpg","thumbnail":"https:\/\/images.epagine.fr\/803\/9782012758803_1_v.jpg"},"orderable":true,"show_badge":true,"formatted_price":"42,50&nbsp;\u20ac","formatted_published_date":"1er mai 2012","publisher_availability_label":"Sur commande","short_details":"Lavoisier A-L. \u2014 Hachette BNF","translator":null,"weight":1139,"page_count":null,"readership":null,"editor":"Hachette BNF","price":4250,"published_date":"2012-04-30T22:00:00.000000Z","support":"Grand format","publisher_availability":1,"stock":0,"editions":[],"url":"https:\/\/quaidesbrumes.com\/ouvrage\/9782012758803\/oeuvres-de-lavoisier-tome-3-ed1862-1893"},{"id":"9782081203419","title":"Le bluff \u00e9thique","description":"Vou\u00e9e au chaos du march\u00e9 plan\u00e9taire, notre soci\u00e9t\u00e9, avec ses professeurs d'\u00e9thiques, ressemble aux cit\u00e9s en d\u00e9clin de l'\u00e9poque gr\u00e9co-romaine o\u00f9 pullulaient de doctes pr\u00eacheurs de sagesses. Autres temps, m\u00eame commerce. A l'image de leurs antiques mod\u00e8les platoniciens, aristot\u00e9liciens, cyniques, sto\u00efciens et \u00e9picuriens, nos donneurs de le\u00e7ons actuels vantent \u00e0 la cri\u00e9e m\u00e9diatique leurs recettes d'une vie \" bonne \" - ou, c'est selon, \" r\u00e9ussie \", \" jouissive \", \" vertueuse \", \" libre \", \" engag\u00e9e \", \" altruiste \". Appr\u00e9ci\u00e9s de la foule, ces philosophes moralisateurs \u00e9clipsent une lign\u00e9e de philosophes d\u00e9moralisants - allant des Sophistes \u00e0 Wittgenstein, en passant par Machiavel, Montaigne, La Rochefoucauld, Gracian, Hobbes et Schopenhauer -, dont l'art, pris\u00e9 du petit nombre, est de saigner les id\u00e9aux de la lame du doute, et, du scalpel de la pr\u00e9cision, d'en mettre \u00e0 nu les squelettes. En revisitant l'histoire des id\u00e9es, ces pages rappellent qu'entre des pens\u00e9es qui \u00e9lucident, sans plus, notre condition tragique, et des discours qui pr\u00e9tendent, sans rire, nous apprendre \u00e0 vivre et \u00e0 mourir, il y a le m\u00eame rapport qu'entre des v\u00e9rit\u00e9s et du bluff.","authors":["Fr\u00e9d\u00e9ric Schiffter"],"category_codes":["9000000","9080000"],"visuals":{"large":"https:\/\/images.epagine.fr\/419\/9782081203419_1_75.jpg","medium":"https:\/\/images.epagine.fr\/419\/9782081203419_1_m.jpg","thumbnail":"https:\/\/images.epagine.fr\/419\/9782081203419_1_v.jpg"},"orderable":true,"show_badge":true,"formatted_price":"17,30&nbsp;\u20ac","formatted_published_date":"15 septembre 2008","publisher_availability_label":"Sur commande","short_details":"Fr\u00e9d\u00e9ric Schiffter \u2014 Flammarion","translator":null,"weight":215,"page_count":180,"readership":"Tout public","editor":"Flammarion","price":1730,"published_date":"2008-09-14T22:00:00.000000Z","support":"Grand format","publisher_availability":1,"stock":0,"editions":[],"url":"https:\/\/quaidesbrumes.com\/ouvrage\/9782081203419\/le-bluff-ethique"},{"id":"9782723305518","title":"Ind\u00e9termination et cr\u00e9ation","description":null,"authors":["Leone Vivante"],"category_codes":["9000000","9080000"],"visuals":{"large":"https:\/\/quaidesbrumes.com\/img\/book-placeholder.png","medium":"https:\/\/quaidesbrumes.com\/img\/book-placeholder.png","thumbnail":"https:\/\/quaidesbrumes.com\/img\/book-placeholder.png"},"orderable":true,"show_badge":true,"formatted_price":"14,00&nbsp;\u20ac","formatted_published_date":"8 janvier 2008","publisher_availability_label":"Sur commande","short_details":"Leone Vivante \u2014 Nouvelles Editions Latines","translator":null,"weight":300,"page_count":null,"readership":null,"editor":"Nouvelles Editions Latines","price":1400,"published_date":"2008-01-07T23:00:00.000000Z","support":"Grand format","publisher_availability":1,"stock":0,"editions":[],"url":"https:\/\/quaidesbrumes.com\/ouvrage\/9782723305518\/indetermination-et-creation"},{"id":"9782012758827","title":"Oeuvres de leibniz. tome 2 (ed.1859-1875)","description":"Oeuvres de Leibniz. Tome 2 \/ publi\u00e9es pour la premi\u00e8re fois d'apr\u00e8s les manuscrits originaux, avec notes et introductions par A. Foucher de Careil http:\/\/gallica.bnf.fr\/ark:\/12148\/bpt6k111377p","authors":["Leibniz G W."],"category_codes":["9000000","9080000"],"visuals":{"large":"https:\/\/images.epagine.fr\/827\/9782012758827_1_75.jpg","medium":"https:\/\/images.epagine.fr\/827\/9782012758827_1_m.jpg","thumbnail":"https:\/\/images.epagine.fr\/827\/9782012758827_1_v.jpg"},"orderable":true,"show_badge":true,"formatted_price":"37,90&nbsp;\u20ac","formatted_published_date":"1er mai 2012","publisher_availability_label":"Sur commande","short_details":"Leibniz G W. \u2014 Hachette BNF","translator":null,"weight":987,"page_count":null,"readership":null,"editor":"Hachette BNF","price":3790,"published_date":"2012-04-30T22:00:00.000000Z","support":"Grand format","publisher_availability":1,"stock":0,"editions":[],"url":"https:\/\/quaidesbrumes.com\/ouvrage\/9782012758827\/oeuvres-de-leibniz-tome-2-ed1859-1875"},{"id":"9782012521810","title":"Abr\u00e9g\u00e9 de la philosophie de Gassendi","description":"Abr\u00e9g\u00e9 de la philosophie de Gassendi. Tome 1 \/ par F. Bernier...\r\nDate de l'\u00e9dition originale : 1678\r\nSujet de l'ouvrage : Gassendi, Pierre (1592-1655) -- Philosophie\r\n\r\nLe pr\u00e9sent ouvrage s'inscrit dans une politique de conservation patrimoniale des ouvrages de la litt\u00e9rature Fran\u00e7aise mise en place avec la BNF.\r\nHACHETTE LIVRE et la BNF proposent ainsi un catalogue de titres indisponibles, la BNF ayant num\u00e9ris\u00e9 ces oeuvres et HACHETTE LIVRE les imprimant \u00e0 la demande.\r\nCertains de ces ouvrages refl\u00e8tent des courants de pens\u00e9e caract\u00e9ristiques de leur \u00e9poque, mais qui seraient aujourd'hui jug\u00e9s condamnables.\r\nIls n'en appartiennent pas moins \u00e0 l'histoire des id\u00e9es en France et sont susceptibles de pr\u00e9senter un int\u00e9r\u00eat scientifique ou historique.\r\nLe sens de notre d\u00e9marche \u00e9ditoriale consiste ainsi \u00e0 permettre l'acc\u00e8s \u00e0 ces oeuvres sans pour autant que nous en cautionnions en aucune fa\u00e7on le contenu.\r\n\r\nPour plus d'informations, rendez-vous sur www.hachettebnf.fr","authors":["Fran\u00e7ois Bernier"],"category_codes":["9000000","9080000"],"visuals":{"large":"https:\/\/images.epagine.fr\/810\/9782012521810_1_75.jpg","medium":"https:\/\/images.epagine.fr\/810\/9782012521810_1_m.jpg","thumbnail":"https:\/\/images.epagine.fr\/810\/9782012521810_1_v.jpg"},"orderable":true,"show_badge":true,"formatted_price":"28,50&nbsp;\u20ac","formatted_published_date":"1er mai 2012","publisher_availability_label":"Sur commande","short_details":"Fran\u00e7ois Bernier \u2014 Hachette BNF","translator":null,"weight":622,"page_count":444,"readership":null,"editor":"Hachette BNF","price":2850,"published_date":"2012-04-30T22:00:00.000000Z","support":"Grand format","publisher_availability":1,"stock":0,"editions":[],"url":"https:\/\/quaidesbrumes.com\/ouvrage\/9782012521810\/abrege-de-la-philosophie-de-gassendi"},{"id":"9782012758834","title":"Oeuvres de leibniz. tome 3 (ed.1859-1875)","description":"Oeuvres de Leibniz. Tome 3 \/ publi\u00e9es pour la premi\u00e8re fois d'apr\u00e8s les manuscrits originaux, avec notes et introductions par A. Foucher de Careil http:\/\/gallica.bnf.fr\/ark:\/12148\/bpt6k1113782","authors":["Leibniz G W."],"category_codes":["9000000","9080000"],"visuals":{"large":"https:\/\/images.epagine.fr\/834\/9782012758834_1_75.jpg","medium":"https:\/\/images.epagine.fr\/834\/9782012758834_1_m.jpg","thumbnail":"https:\/\/images.epagine.fr\/834\/9782012758834_1_v.jpg"},"orderable":true,"show_badge":true,"formatted_price":"28,50&nbsp;\u20ac","formatted_published_date":"1er mai 2012","publisher_availability_label":"Sur commande","short_details":"Leibniz G W. \u2014 Hachette BNF","translator":null,"weight":614,"page_count":null,"readership":null,"editor":"Hachette BNF","price":2850,"published_date":"2012-04-30T22:00:00.000000Z","support":"Grand format","publisher_availability":1,"stock":0,"editions":[],"url":"https:\/\/quaidesbrumes.com\/ouvrage\/9782012758834\/oeuvres-de-leibniz-tome-3-ed1859-1875"},{"id":"9782012758841","title":"Oeuvres de leibniz. tome 5 (ed.1859-1875)","description":"Oeuvres de Leibniz. Tome 5 \/ publi\u00e9es pour la premi\u00e8re fois d'apr\u00e8s les manuscrits originaux, avec notes et introductions par A. Foucher de Careil http:\/\/gallica.bnf.fr\/ark:\/12148\/bpt6k111380c","authors":["Leibniz G W."],"category_codes":["9000000","9080000"],"visuals":{"large":"https:\/\/images.epagine.fr\/841\/9782012758841_1_75.jpg","medium":"https:\/\/images.epagine.fr\/841\/9782012758841_1_m.jpg","thumbnail":"https:\/\/images.epagine.fr\/841\/9782012758841_1_v.jpg"},"orderable":true,"show_badge":true,"formatted_price":"27,00&nbsp;\u20ac","formatted_published_date":"1er mai 2012","publisher_availability_label":"Sur commande","short_details":"Leibniz G W. \u2014 Hachette BNF","translator":null,"weight":600,"page_count":null,"readership":null,"editor":"Hachette BNF","price":2700,"published_date":"2012-04-30T22:00:00.000000Z","support":"Grand format","publisher_availability":1,"stock":0,"editions":[],"url":"https:\/\/quaidesbrumes.com\/ouvrage\/9782012758841\/oeuvres-de-leibniz-tome-5-ed1859-1875"},{"id":"9782100534173","title":"Juste assez de philosophie pour briller en soci\u00e9t\u00e9 ; les 50 grandes id\u00e9es que vous devez conna\u00eetre","description":"La philosophie vous intimide ? Osez l'affronter ! Vous vous sentez coinc\u00e9(e) d\u00e8s qu'il est question de philosophie ? Vous \u00eates bouche b\u00e9e d'admiration devant les grands philosophes, r\u00e9els ou suppos\u00e9s ? Vous voudriez comprendre les grands principes de la philosophie, mais vous ne savez pas par o\u00f9 commencer ? De la caverne de Platon au bateau de Th\u00e9s\u00e9e, du biais d'intentionnalit\u00e9 \u00e0 la d\u00e9fense du libre arbitre, ce livre vous expliquera tr\u00e8s simplement les 50 d\u00e9couvertes, lois, principes et th\u00e9ories que vous devez conna\u00eetre.","authors":["Dupre"],"category_codes":["9000000","9080000","9080200","9080204"],"visuals":{"large":"https:\/\/images.epagine.fr\/173\/9782100534173_1_75.jpg","medium":"https:\/\/images.epagine.fr\/173\/9782100534173_1_m.jpg","thumbnail":"https:\/\/images.epagine.fr\/173\/9782100534173_1_v.jpg"},"orderable":true,"show_badge":true,"formatted_price":"19,90&nbsp;\u20ac","formatted_published_date":"28 octobre 2009","publisher_availability_label":"Sur commande","short_details":"Dupre \u2014 Dunod","translator":null,"weight":478,"page_count":208,"readership":"Tout public","editor":"Dunod","price":1990,"published_date":"2009-10-27T23:00:00.000000Z","support":"Grand format","publisher_availability":1,"stock":0,"editions":[],"url":"https:\/\/quaidesbrumes.com\/ouvrage\/9782100534173\/juste-assez-de-philosophie-pour-briller-en-societe-les-50-grandes-idees-que-vous-devez-connaitre"},{"id":"9782296125988","title":"De humanae mentis apatheia ; tractatus de arte sobrie et accurate philosophandi","description":"Kidnapp\u00e9 et embarqu\u00e9 par ses ravisseurs pour la Hollande au tout d\u00e9but du 18\u00e8 si\u00e8cle, Antoine Guillaume Amo est donn\u00e9 en cadeau \u00e0 un duc allemand qui lui ouvre les portes de l'instruction. Il devint professeur d'universit\u00e9, voici la traduction de travaux qu'il r\u00e9digeait en latin. Elle est un expos\u00e9 d'initiation \u00e0 la philosophie, bien utile autant \u00e0 l'apprenti philosophe qu'\u00e0 l'enseignant. Ce livre vient en compl\u00e9ment de la biographie de Amo Afer, un Noir professeur d'universit\u00e9 en Allemagne au XVIIIe si\u00e8cle de Simon Mougnol","authors":["Antoine guillaume Amo","Simon Mougnol"],"category_codes":["9000000","9080000","9080200"],"visuals":{"large":"https:\/\/images.epagine.fr\/988\/9782296125988_1_75.jpg","medium":"https:\/\/images.epagine.fr\/988\/9782296125988_1_m.jpg","thumbnail":"https:\/\/images.epagine.fr\/988\/9782296125988_1_v.jpg"},"orderable":true,"show_badge":true,"formatted_price":"22,50&nbsp;\u20ac","formatted_published_date":"22 juin 2010","publisher_availability_label":"Sur commande","short_details":"Antoine guillaume Amo, Simon Mougnol \u2014 \u00c9ditions L'Harmattan","translator":"SIMON MOUGNOL","weight":346,"page_count":null,"readership":null,"editor":"\u00c9ditions L'Harmattan","price":2250,"published_date":"2010-06-21T22:00:00.000000Z","support":"Grand format","publisher_availability":1,"stock":0,"editions":[],"url":"https:\/\/quaidesbrumes.com\/ouvrage\/9782296125988\/de-humanae-mentis-apatheia-tractatus-de-arte-sobrie-et-accurate-philosophandi"},{"id":"9782296138308","title":"Variations sur la paradoxe IV Tome 2 ; du rationnel \u00e0 l'inconscient dans les Cahiers de Paul Val\u00e9ry","description":"La conscience n'a cess\u00e9 d'\u00eatre au coeur des pr\u00e9occupations de Monsieur Teste. Et qui dit conscience, dit aussi son contraire. Les Cahiers de Val\u00e9ry sont une suite de sc\u00e8nes multiformes de leur conflit incessant. Val\u00e9ry fut un lecteur attentif de Descartes et suivit les inflexions de toutes sortes \u00e0 la fin du XIXe et dans la premi\u00e8re moiti\u00e9 du XXe si\u00e8cle : philosophie, neurobiologie, linguistique, etc., dans les jaillissements cr\u00e9atifs de ce que l'on peut appeler une \"belle \u00e9poque intellective\". Nous exposons ici sa r\u00e9flexion.","authors":["Edmundo Morim de carvalho"],"category_codes":["9000000","9080000","9080200"],"visuals":{"large":"https:\/\/images.epagine.fr\/308\/9782296138308_1_75.jpg","medium":"https:\/\/images.epagine.fr\/308\/9782296138308_1_m.jpg","thumbnail":"https:\/\/images.epagine.fr\/308\/9782296138308_1_v.jpg"},"orderable":true,"show_badge":true,"formatted_price":"32,50&nbsp;\u20ac","formatted_published_date":"22 d\u00e9cembre 2010","publisher_availability_label":"Sur commande","short_details":"Edmundo Morim de carvalho \u2014 \u00c9ditions L'Harmattan","translator":null,"weight":521,"page_count":319,"readership":null,"editor":"\u00c9ditions L'Harmattan","price":3250,"published_date":"2010-12-21T23:00:00.000000Z","support":"Grand format","publisher_availability":1,"stock":0,"editions":[],"url":"https:\/\/quaidesbrumes.com\/ouvrage\/9782296138308\/variations-sur-la-paradoxe-iv-tome-2-du-rationnel-a-linconscient-dans-les-cahiers-de-paul-valery"},{"id":"9782012758858","title":"Oeuvres de leibniz. tome 7 (ed.1859-1875)","description":"Oeuvres de Leibniz. Tome 7 \/ publi\u00e9es pour la premi\u00e8re fois d'apr\u00e8s les manuscrits originaux, avec notes et introductions par A. Foucher de Careil http:\/\/gallica.bnf.fr\/ark:\/12148\/bpt6k1113824","authors":["Leibniz G W."],"category_codes":["9000000","9080000"],"visuals":{"large":"https:\/\/images.epagine.fr\/858\/9782012758858_1_75.jpg","medium":"https:\/\/images.epagine.fr\/858\/9782012758858_1_m.jpg","thumbnail":"https:\/\/images.epagine.fr\/858\/9782012758858_1_v.jpg"},"orderable":true,"show_badge":true,"formatted_price":"36,40&nbsp;\u20ac","formatted_published_date":"1er mai 2012","publisher_availability_label":"Sur commande","short_details":"Leibniz G W. \u2014 Hachette BNF","translator":null,"weight":955,"page_count":null,"readership":null,"editor":"Hachette BNF","price":3640,"published_date":"2012-04-30T22:00:00.000000Z","support":"Grand format","publisher_availability":1,"stock":0,"editions":[],"url":"https:\/\/quaidesbrumes.com\/ouvrage\/9782012758858\/oeuvres-de-leibniz-tome-7-ed1859-1875"},{"id":"9782296111288","title":"Variation sur le paradoxe 3, Tome 1 ; paradoxes des menteurs : logique, litt\u00e9rature, th\u00e9ories du paradoxe","description":"Les Paradoxes dzes menteurs I et II sont les deux volumes de Variations sur le paradoxe - III. Ce premier volume porte sur la logique, la litt\u00e9rature et les th\u00e9ories du paradoxe. Si le mensonge \u00e9tait compar\u00e9 \u00e0 un pays plein de mar\u00e9cages et de sables mouvants, certains voyageurs r\u00e9clameraient une carte s\u00fbre \u00e0 100 % pour le traverser, tandis que d'autres se contenteraient d'une repr\u00e9sentation fiable \u00e0 30 ou 60 %, ou d\u00e9clareraient toutes les cartes menteuses. Repr\u00e9sent\u00e9es par les deux p\u00f4les incarnant une \"puret\u00e9\" invers\u00e9e -la logique pure et la litt\u00e9rature pure\", ces deux options repr\u00e9sent\u00e9es dans ce texte sont l'oeuvre de figures comme Tarski, Val\u00e9ry, O. Wilde, Ren\u00e9 Girard, Chateaubriand, Manganelli, Vargas Llosa... Ce parcours finit sous la double rencontre de G. Deleuze et M. Blanchot autour de la rencontre du paradoxe et de la contradiction.","authors":["Edmundo Morim de carvalho"],"category_codes":["9000000","9080000","9080200","9080204"],"visuals":{"large":"https:\/\/images.epagine.fr\/288\/9782296111288_1_75.jpg","medium":"https:\/\/images.epagine.fr\/288\/9782296111288_1_m.jpg","thumbnail":"https:\/\/images.epagine.fr\/288\/9782296111288_1_v.jpg"},"orderable":true,"show_badge":true,"formatted_price":"34,50&nbsp;\u20ac","formatted_published_date":"26 f\u00e9vrier 2010","publisher_availability_label":"Sur commande","short_details":"Edmundo Morim de carvalho \u2014 \u00c9ditions L'Harmattan","translator":null,"weight":590,"page_count":352,"readership":null,"editor":"\u00c9ditions L'Harmattan","price":3450,"published_date":"2010-02-25T23:00:00.000000Z","support":"Grand format","publisher_availability":1,"stock":0,"editions":[],"url":"https:\/\/quaidesbrumes.com\/ouvrage\/9782296111288\/variation-sur-le-paradoxe-3-tome-1-paradoxes-des-menteurs-logique-litterature-theories-du-paradoxe"},{"id":"9782204098533","title":"Du cosmos a la conscience","description":null,"authors":["Louis Valcke"],"category_codes":["9000000","9080000"],"visuals":{"large":"https:\/\/images.epagine.fr\/533\/9782204098533_1_75.jpg","medium":"https:\/\/images.epagine.fr\/533\/9782204098533_1_m.jpg","thumbnail":"https:\/\/images.epagine.fr\/533\/9782204098533_1_v.jpg"},"orderable":true,"show_badge":true,"formatted_price":"33,00&nbsp;\u20ac","formatted_published_date":"4 octobre 2012","publisher_availability_label":"Sur commande","short_details":"Louis Valcke \u2014 Les \u00e9ditions du Cerf","translator":null,"weight":447,"page_count":356,"readership":null,"editor":"Les \u00e9ditions du Cerf","price":3300,"published_date":"2012-10-03T22:00:00.000000Z","support":"Grand format","publisher_availability":1,"stock":0,"editions":[],"url":"https:\/\/quaidesbrumes.com\/ouvrage\/9782204098533\/du-cosmos-a-la-conscience"},{"id":"9782296542013","title":"La seconde r\u00e9volution cart\u00e9sienne","description":"Il est impossible d'expliquer l'ordre qui r\u00e9git les perceptions sans admettre l'existence d'une r\u00e9alit\u00e9, \u00e9trang\u00e8re \u00e0 la perception et que nous nommons \"mati\u00e8re\". Tel est le point de d\u00e9part oblig\u00e9 d'une m\u00e9taphysique rigoureuse, qui nous permet de sortir de notre propre conscience. Pour l'auteur, le monde ob\u00e9it \u00e0 un principe a priori de probabilit\u00e9, qui est \u00e0 l'origine du principe de causalit\u00e9, et en donne une justification partielle.","authors":["Jean-ren\u00e9 Vernes"],"category_codes":["9000000","9080000","9080200","9080204"],"visuals":{"large":"https:\/\/images.epagine.fr\/013\/9782296542013_1_75.jpg","medium":"https:\/\/images.epagine.fr\/013\/9782296542013_1_m.jpg","thumbnail":"https:\/\/images.epagine.fr\/013\/9782296542013_1_v.jpg"},"orderable":true,"show_badge":true,"formatted_price":"9,00&nbsp;\u20ac","formatted_published_date":"28 mars 2011","publisher_availability_label":"Sur commande","short_details":"Jean-ren\u00e9 Vernes \u2014 \u00c9ditions L'Harmattan","translator":null,"weight":65,"page_count":37,"readership":null,"editor":"\u00c9ditions L'Harmattan","price":900,"published_date":"2011-03-27T22:00:00.000000Z","support":"Grand format","publisher_availability":1,"stock":0,"editions":[],"url":"https:\/\/quaidesbrumes.com\/ouvrage\/9782296542013\/la-seconde-revolution-cartesienne"},{"id":"9782705680329","title":"Vies de Diderot Tome 1 ; l'\u00e9cole du persiflage","description":"Prix d'Acad\u00e9mie fran\u00e7aise 2013\r\n\r\nEn Denis Diderot nous appr\u00e9cions surtout l'auteur des contes et des entretiens, des Salons, de Jacques le Fataliste ou du Neveu de Rameau. Nous saluons sa \u00ab gaiet\u00e9 \u00bb paradoxale, sagesse travaill\u00e9e par une d\u00e9capante folie. Chez le responsable de l'Encyclop\u00e9die, philosophe libertin censur\u00e9, dont bien des \u00e9crits n'ont \u00e9t\u00e9 publi\u00e9s qu'apr\u00e8s sa mort, une telle revanche vaut reconnaissance : \u00e0 c\u00f4t\u00e9 de son \u00ab fr\u00e8re ennemie \u00bb Rousseau, il est, \u00e0 la toute fin de l'\u00e2ge classique, l'une des sources vives de la litt\u00e9rature fran\u00e7aise moderne. Comment cela ?\r\nPromoteur virtuose de la mystification \u00ab litt\u00e9raire \u00bb, Diderot a exp\u00e9rimentalement sond\u00e9 les \u00ab prestiges \u00bb du sensible : art, science, politique. Il y engage \u00e0 sa mani\u00e8re sa vie. Au croisement du vrai et du faux, du th\u00e9\u00e2tral et du narratif, du priv\u00e9 et du public, de l'oral-corporel et du scriptible-repr\u00e9sentable, le portrait gigogne propos\u00e9 ici du grand (d\u00e9)Mystificateur pantomime se voudrait la seule bio-graphie digne de ce nom : celle que dessinent pour lui ses lecteurs \u00e0 venir, invit\u00e9s \u00e0 une incessante actualisation critique.\r\n\r\nL'\u00c9cole du persiflage, ce premier volume, cerne les n\u00e9ologismes persiflage (d\u00e8s Les Bijoux indiscrets, 1748) et mystification, sa soeur jumelle, avant d'examiner chez l'auteur de la Lettre sur les sourds et muets les premi\u00e8res formes, hallucinatoires et anticipatrices, d'une \u00e9criture de l'auto-fiction : La Religieuse (1761), cons\u00e9quence romanesque d'une mystification, et l'entreprise th\u00e9\u00e2trale r\u00e9formatrice, contest\u00e9e et \u00ab automystifi\u00e9e \u00bb, Le Fils naturel et Le P\u00e8re de famille, accompagn\u00e9s de leurs discours d'escorte th\u00e9oriques (1758-1759) : p\u00e9riode d'audaces, de perc\u00e9es et de conflits, moment de crise.","authors":["Pierre Chartier"],"category_codes":["9000000","9080000","9080200","9080204"],"visuals":{"large":"https:\/\/images.epagine.fr\/329\/9782705680329_1_75.jpg","medium":"https:\/\/images.epagine.fr\/329\/9782705680329_1_m.jpg","thumbnail":"https:\/\/images.epagine.fr\/329\/9782705680329_1_v.jpg"},"orderable":true,"show_badge":true,"formatted_price":"55,00&nbsp;\u20ac","formatted_published_date":"25 janvier 2012","publisher_availability_label":"Sur commande","short_details":"Pierre Chartier \u2014 Hermann","translator":null,"weight":730,"page_count":622,"readership":null,"editor":"Hermann","price":5500,"published_date":"2012-01-24T23:00:00.000000Z","support":"Grand format","publisher_availability":1,"stock":0,"editions":[],"url":"https:\/\/quaidesbrumes.com\/ouvrage\/9782705680329\/vies-de-diderot-tome-1-lecole-du-persiflage"},{"id":"9772204352698","title":"Revue d'\u00e9thique et de th\u00e9ologie morale n.268","description":"\" Un ouvrage des \u00e9ditions du Cerf, maison des cultes, des cultures et des civilisations. Le Cerf est le premier \u00e9diteur religieux de France et de l'espace francophone. \"","authors":["Revue D'Ethique Et De Theologie Morale"],"category_codes":["9000000","9080000","9080200","9080204"],"visuals":{"large":"https:\/\/images.epagine.fr\/698\/9772204352698_1_75.jpg","medium":"https:\/\/images.epagine.fr\/698\/9772204352698_1_m.jpg","thumbnail":"https:\/\/images.epagine.fr\/698\/9772204352698_1_v.jpg"},"orderable":true,"show_badge":true,"formatted_price":"18,50&nbsp;\u20ac","formatted_published_date":"20 avril 2012","publisher_availability_label":"Sur commande","short_details":"Revue D'Ethique Et De Theologie Morale \u2014 Les \u00e9ditions du Cerf","translator":null,"weight":200,"page_count":142,"readership":null,"editor":"Les \u00e9ditions du Cerf","price":1850,"published_date":"2012-04-19T22:00:00.000000Z","support":"Revue","publisher_availability":1,"stock":0,"editions":[],"url":"https:\/\/quaidesbrumes.com\/ouvrage\/9772204352698\/revue-dethique-et-de-theologie-morale-n268"},{"id":"9782296094697","title":"La Pi\u00e9t\u00e9 chez Platon ; une lecture conjugu\u00e9e de l'euthyphron et de l'apologie de Socrate","description":"L'analyse de l'Euthyphron et de l'Apologie de Socrate propos\u00e9e dans ces pages s'appuie sur le fort lien th\u00e9matique des deux textes de Platon. La lecture coupl\u00e9e de ces deux textes veut identifier les \u00e9l\u00e9ments qui permettent de reconstituer l'attitude - les croyances, la pens\u00e9e, l'action - du Socrate platonicien en mati\u00e8re de pi\u00e9t\u00e9 et de capter sa sp\u00e9cificit\u00e9.","authors":["Dan Solcan"],"category_codes":["9000000","9080000","9080200","9080204"],"visuals":{"large":"https:\/\/images.epagine.fr\/697\/9782296094697_1_75.jpg","medium":"https:\/\/images.epagine.fr\/697\/9782296094697_1_m.jpg","thumbnail":"https:\/\/images.epagine.fr\/697\/9782296094697_1_v.jpg"},"orderable":true,"show_badge":true,"formatted_price":"26,00&nbsp;\u20ac","formatted_published_date":"27 mai 2009","publisher_availability_label":"Sur commande","short_details":"Dan Solcan \u2014 \u00c9ditions L'Harmattan","translator":null,"weight":280,"page_count":264,"readership":null,"editor":"\u00c9ditions L'Harmattan","price":2600,"published_date":"2009-05-26T22:00:00.000000Z","support":"Grand format","publisher_availability":1,"stock":0,"editions":[],"url":"https:\/\/quaidesbrumes.com\/ouvrage\/9782296094697\/la-piete-chez-platon-une-lecture-conjuguee-de-leuthyphron-et-de-lapologie-de-socrate"},{"id":"9782705680336","title":"Vies de Diderot Tome 2 ; prestiges du repr\u00e9sentable","description":"Prix d'Acad\u00e9mie fran\u00e7aise 2013\r\n\r\nEn Denis Diderot nous appr\u00e9cions surtout l'auteur des contes et des entretiens, des Salons, de Jacques le Fataliste ou du Neveu de Rameau. Nous saluons sa \u00ab gaiet\u00e9 \u00bb paradoxale, sagesse travaill\u00e9e par une d\u00e9capante folie. Chez le responsable de l'Encyclop\u00e9die, philosophe libertin censur\u00e9, dont bien des \u00e9crits n'ont \u00e9t\u00e9 publi\u00e9s qu'apr\u00e8s sa mort, une telle revanche vaut reconnaissance : \u00e0 c\u00f4t\u00e9 de son \u00ab fr\u00e8re ennemie \u00bb Rousseau, il est, \u00e0 la toute fin de l'\u00e2ge classique, l'une des sources vives de la litt\u00e9rature fran\u00e7aise moderne. Comment cela ?\r\nPromoteur virtuose de la mystification \u00ab litt\u00e9raire \u00bb, Diderot a exp\u00e9rimentalement sond\u00e9 les \u00ab prestiges \u00bb du sensible : art, science, politique. Il y engage \u00e0 sa mani\u00e8re sa vie. Au croisement du vrai et du faux, du th\u00e9\u00e2tral et du narratif, du priv\u00e9 et du public, de l'oral-corporel et du scriptible-repr\u00e9sentable, le portrait gigogne propos\u00e9 ici du grand (d\u00e9)Mystificateur pantomime se voudrait la seule bio-graphie digne de ce nom : celle que dessinent pour lui ses lecteurs \u00e0 venir, invit\u00e9s \u00e0 une incessante actualisation critique.\r\n\r\nPrestige du repr\u00e9sentable, ce deuxi\u00e8me volume, aborde la production des Salons (d\u00e9cennie 1760) en mettant l'accent sur des comptes rendus \u00ab para-mystificateurs \u00bb, jouant du rapport de la nature et de l'art : celui notamment du Cor\u00e9sus et Callirho\u00e9 de Fragonard, ainsi que la \u00ab Promenade Vernet \u00bb, suite de paysages et de marines ironiquement travers\u00e9s par le critique randonneur. Peut s'engager alors l'analyse fine des mystifications de plein exercice, l'Histoire des portraits (1769) et Les deux amis de Bourbonne (1770-1773). Ces contes ratifient l'acc\u00e8s, chez Diderot, aux enjeux d'une \u00e9criture ma\u00eetris\u00e9e du leurre, autant \u00ab historique \u00bb (r\u00e9aliste) que \u00ab philosophique \u00bb (r\u00e9flexive).","authors":["Pierre Chartier"],"category_codes":["9000000","9080000","9080200","9080204"],"visuals":{"large":"https:\/\/images.epagine.fr\/336\/9782705680336_1_75.jpg","medium":"https:\/\/images.epagine.fr\/336\/9782705680336_1_m.jpg","thumbnail":"https:\/\/images.epagine.fr\/336\/9782705680336_1_v.jpg"},"orderable":true,"show_badge":true,"formatted_price":"55,00&nbsp;\u20ac","formatted_published_date":"25 janvier 2012","publisher_availability_label":"Sur commande","short_details":"Pierre Chartier \u2014 Hermann","translator":null,"weight":686,"page_count":588,"readership":null,"editor":"Hermann","price":5500,"published_date":"2012-01-24T23:00:00.000000Z","support":"Grand format","publisher_availability":1,"stock":0,"editions":[],"url":"https:\/\/quaidesbrumes.com\/ouvrage\/9782705680336\/vies-de-diderot-tome-2-prestiges-du-representable"},{"id":"9782296126893","title":"La philosophie captive Tome 1 ; la construction des arri\u00e8res-mondes","description":"L'histoire des trois discours religieux, philosophique, scientifique, r\u00e9v\u00e8le que celui de la philosophie fut gravement alt\u00e9r\u00e9, d\u00e9voy\u00e9, et contraint par des forces qui \u00e9taient \u00e9trang\u00e8res \u00e0 sa nature. Ce premier tome de La philosophie captive, La construction des arri\u00e8re-mondes, retrace les p\u00e9rip\u00e9ties d'une longue confrontation au cours de laquelle les communaut\u00e9s religieuses et leurs hi\u00e9rarchies ont tent\u00e9 de mettre sous tutelle les interrogations critiques et souvent subversives de la philosophie.","authors":["Jean-paul Charrier"],"category_codes":["9000000","9080000","9080200","9080204"],"visuals":{"large":"https:\/\/images.epagine.fr\/893\/9782296126893_1_75.jpg","medium":"https:\/\/images.epagine.fr\/893\/9782296126893_1_m.jpg","thumbnail":"https:\/\/images.epagine.fr\/893\/9782296126893_1_v.jpg"},"orderable":true,"show_badge":true,"formatted_price":"29,00&nbsp;\u20ac","formatted_published_date":"30 d\u00e9cembre 2010","publisher_availability_label":"Sur commande","short_details":"Jean-paul Charrier \u2014 \u00c9ditions L'Harmattan","translator":null,"weight":460,"page_count":297,"readership":null,"editor":"\u00c9ditions L'Harmattan","price":2900,"published_date":"2010-12-29T23:00:00.000000Z","support":"Grand format","publisher_availability":1,"stock":0,"editions":[],"url":"https:\/\/quaidesbrumes.com\/ouvrage\/9782296126893\/la-philosophie-captive-tome-1-la-construction-des-arrieres-mondes"},{"id":"9782296133631","title":"Devenir m\u00e9decin ; ph\u00e9nom\u00e9nologie de la constitution m\u00e9dicale","description":"Que se passe-t-il lorsque le m\u00e9decin re\u00e7oit une personne qui souffre ou qui vient demander un conseil ou un certificat m\u00e9dical ? Sur quoi fait-il reposer sa r\u00e9flexion et son acte ? Quelles sont ses pens\u00e9es ? Comment voit-il le malade ? Comment se confronte-t-il, avec lui, \u00e0 un avenir parfois mena\u00e7ant ? Comment trouve-t-il la force d'accomplir son geste m\u00e9dical ? Comment un homme ordinaire devient-il m\u00e9decin, qu'apprend-il qui le l\u00e9gitime dans ce monde particulier de la consultation m\u00e9dicale ?","authors":["Victor Larger"],"category_codes":["9000000","9080000","9080200","9080204"],"visuals":{"large":"https:\/\/images.epagine.fr\/631\/9782296133631_1_75.jpg","medium":"https:\/\/images.epagine.fr\/631\/9782296133631_1_m.jpg","thumbnail":"https:\/\/images.epagine.fr\/631\/9782296133631_1_v.jpg"},"orderable":true,"show_badge":true,"formatted_price":"16,50&nbsp;\u20ac","formatted_published_date":"28 d\u00e9cembre 2010","publisher_availability_label":"Sur commande","short_details":"Victor Larger \u2014 \u00c9ditions L'Harmattan","translator":null,"weight":200,"page_count":null,"readership":null,"editor":"\u00c9ditions L'Harmattan","price":1650,"published_date":"2010-12-27T23:00:00.000000Z","support":"Grand format","publisher_availability":1,"stock":0,"editions":[],"url":"https:\/\/quaidesbrumes.com\/ouvrage\/9782296133631\/devenir-medecin-phenomenologie-de-la-constitution-medicale"},{"id":"9782296111295","title":"Variations sur le paradoxe 3, Tome 2 ; paradoxes des menteurs : philosophie, psychologie, politique, soci\u00e9t\u00e9","description":"Le deuxi\u00e8me volume de Variations sur le paradoxe - III propose une sorte de ronde des menteurs et de leurs ennemis qui les devancent avec prudence, les suivent avec opini\u00e2tret\u00e9. Les menteurs sont multiples, en foisonnant de stratag\u00e8mes pour atteindre leur but, affermir leur plaisir, consolider leurs positions. Le mensonge se conjugue ici selon un mode politique, psychologique, historique, philosophique, \u00e9conomique, artistique, \u00e9thique, esth\u00e9tique. Les principaux intervenants sont ceux qui le d\u00e9noncent ou qui l'assument pour mille et une (fausses et vraies) raisons.","authors":["Edmundo Morim de carvalho"],"category_codes":["9000000","9080000","9080200","9080204"],"visuals":{"large":"https:\/\/images.epagine.fr\/295\/9782296111295_1_75.jpg","medium":"https:\/\/images.epagine.fr\/295\/9782296111295_1_m.jpg","thumbnail":"https:\/\/images.epagine.fr\/295\/9782296111295_1_v.jpg"},"orderable":true,"show_badge":true,"formatted_price":"34,50&nbsp;\u20ac","formatted_published_date":"26 f\u00e9vrier 2010","publisher_availability_label":"Sur commande","short_details":"Edmundo Morim de carvalho \u2014 \u00c9ditions L'Harmattan","translator":null,"weight":580,"page_count":346,"readership":null,"editor":"\u00c9ditions L'Harmattan","price":3450,"published_date":"2010-02-25T23:00:00.000000Z","support":"Grand format","publisher_availability":1,"stock":0,"editions":[],"url":"https:\/\/quaidesbrumes.com\/ouvrage\/9782296111295\/variations-sur-le-paradoxe-3-tome-2-paradoxes-des-menteurs-philosophie-psychologie-politique-societe"},{"id":"9782747554121","title":"Philosophies des mondialisations","description":"Sous le terme de \"globalisation\", on d\u00e9signe g\u00e9n\u00e9ralement un processus \u00e9conomique qui \u00e9tend le principe lib\u00e9ral d'une \u00e9conomie de march\u00e9 \u00e0 l'ensemble de la plan\u00e8te. Cette g\u00e9n\u00e9ralisation est l'oeuvre du \"global-lib\u00e9ralisme\", terme qui d\u00e9signe la victoire des th\u00e9ories de l'offre \u00e0 l'\u00e9chelle de la plan\u00e8te et qui entra\u00eene une d\u00e9r\u00e9glementation totale, un flux sans entraves de capitaux et de marchandises. Il en r\u00e9sulte une r\u00e9duction drastique du r\u00f4le de l'Etat sur le march\u00e9.","authors":["Jordi Riba","Patrice Vermeren"],"category_codes":["9000000","9080000"],"visuals":{"large":"https:\/\/images.epagine.fr\/121\/9782747554121_1_75.jpg","medium":"https:\/\/images.epagine.fr\/121\/9782747554121_1_m.jpg","thumbnail":"https:\/\/images.epagine.fr\/121\/9782747554121_1_v.jpg"},"orderable":true,"show_badge":true,"formatted_price":"25,00&nbsp;\u20ac","formatted_published_date":"1er janvier 2006","publisher_availability_label":"Sur commande","short_details":"Jordi Riba, Patrice Vermeren \u2014 \u00c9ditions L'Harmattan","translator":null,"weight":280,"page_count":270,"readership":null,"editor":"\u00c9ditions L'Harmattan","price":2500,"published_date":"2005-12-31T23:00:00.000000Z","support":"Grand format","publisher_availability":1,"stock":0,"editions":[],"url":"https:\/\/quaidesbrumes.com\/ouvrage\/9782747554121\/philosophies-des-mondialisations"}]}