{"data":[{"id":"9782013550482","title":"Emile chretien, consacre a l'utilite publique. volume 2","description":"\u00c9mile chr\u00e9tien, consacr\u00e9 \u00e0 l'utilit\u00e9 publique. [Volume 2] \/ r\u00e9d. par M. Formey,...\r\nDate de l'\u00e9dition originale : 1764 Ce livre est la reproduction fid\u00e8le d'une oeuvre publi\u00e9e avant 1920 et fait partie d'une collection de livres r\u00e9imprim\u00e9s \u00e0 la demande \u00e9dit\u00e9e par Hachette Livre, dans le cadre d'un partenariat avec la Biblioth\u00e8que nationale de France, offrant l'opportunit\u00e9 d'acc\u00e9der \u00e0 des ouvrages anciens et souvent rares issus des fonds patrimoniaux de la BnF.\r\nLes oeuvres faisant partie de cette collection ont \u00e9t\u00e9 num\u00e9ris\u00e9es par la BnF et sont pr\u00e9sentes sur Gallica, sa biblioth\u00e8que num\u00e9rique.\r\n\r\nEn entreprenant de redonner vie \u00e0 ces ouvrages au travers d'une collection de livres r\u00e9imprim\u00e9s \u00e0 la demande, nous leur donnons la possibilit\u00e9 de rencontrer un public \u00e9largi et participons \u00e0 la transmission de connaissances et de savoirs parfois difficilement accessibles.\r\nNous avons cherch\u00e9 \u00e0 concilier la reproduction fid\u00e8le d'un livre ancien \u00e0 partir de sa version num\u00e9ris\u00e9e avec le souci d'un confort de lecture optimal. Nous esp\u00e9rons que les ouvrages de cette nouvelle collection vous apporteront enti\u00e8re satisfaction.\r\n\r\nPour plus d'informations, rendez-vous sur www.hachettebnf.fr\r","authors":["Formey J H S."],"category_codes":["9000000","9080000","9080600"],"visuals":{"large":"https:\/\/images.epagine.fr\/482\/9782013550482_1_75.jpg","medium":"https:\/\/images.epagine.fr\/482\/9782013550482_1_m.jpg","thumbnail":"https:\/\/images.epagine.fr\/482\/9782013550482_1_v.jpg"},"orderable":true,"show_badge":true,"formatted_price":"19,50&nbsp;\u20ac","formatted_published_date":"1er d\u00e9cembre 2016","publisher_availability_label":"Sur commande","short_details":"Formey J H S. \u2014 Hachette BNF","translator":null,"weight":292,"page_count":null,"readership":null,"editor":"Hachette BNF","price":1950,"published_date":"2016-11-30T23:00:00.000000Z","support":"Grand format","publisher_availability":1,"stock":0,"editions":[],"url":"https:\/\/quaidesbrumes.com\/ouvrage\/9782013550482\/emile-chretien-consacre-a-lutilite-publique-volume-2"},{"id":"9782019556310","title":"Lettres secrettes et amoureuses de deux personnages celebres de nos jours. tome 2","description":"Lettres secrettes et amoureuses de deux personnages c\u00e9l\u00e8bres de nos jours. Tome 2 Date de l'\u00e9dition originale : 1817 Ce livre est la reproduction fid\u00e8le d'une oeuvre publi\u00e9e avant 1920 et fait partie d'une collection de livres r\u00e9imprim\u00e9s \u00e0 la demande \u00e9dit\u00e9e par Hachette Livre, dans le cadre d'un partenariat avec la Biblioth\u00e8que nationale de France, offrant l'opportunit\u00e9 d'acc\u00e9der \u00e0 des ouvrages anciens et souvent rares issus des fonds patrimoniaux de la BnF.\r\nLes oeuvres faisant partie de cette collection ont \u00e9t\u00e9 num\u00e9ris\u00e9es par la BnF et sont pr\u00e9sentes sur Gallica, sa biblioth\u00e8que num\u00e9rique.\r\n\r\nEn entreprenant de redonner vie \u00e0 ces ouvrages au travers d'une collection de livres r\u00e9imprim\u00e9s \u00e0 la demande, nous leur donnons la possibilit\u00e9 de rencontrer un public \u00e9largi et participons \u00e0 la transmission de connaissances et de savoirs parfois difficilement accessibles.\r\nNous avons cherch\u00e9 \u00e0 concilier la reproduction fid\u00e8le d'un livre ancien \u00e0 partir de sa version num\u00e9ris\u00e9e avec le souci d'un confort de lecture optimal. Nous esp\u00e9rons que les ouvrages de cette nouvelle collection vous apporteront enti\u00e8re satisfaction.\r\n\r\nPour plus d'informations, rendez-vous sur www.hachettebnf.fr\r","authors":["Lazare Carnot"],"category_codes":["1000000","1010000"],"visuals":{"large":"https:\/\/images.epagine.fr\/310\/9782019556310_1_75.jpg","medium":"https:\/\/images.epagine.fr\/310\/9782019556310_1_m.jpg","thumbnail":"https:\/\/images.epagine.fr\/310\/9782019556310_1_v.jpg"},"orderable":true,"show_badge":true,"formatted_price":"20,50&nbsp;\u20ac","formatted_published_date":"1er octobre 2016","publisher_availability_label":"Sur commande","short_details":"Lazare Carnot \u2014 Hachette BNF","translator":null,"weight":335,"page_count":null,"readership":null,"editor":"Hachette BNF","price":2050,"published_date":"2016-09-30T22:00:00.000000Z","support":"Grand format","publisher_availability":1,"stock":0,"editions":["9782013262170"],"url":"https:\/\/quaidesbrumes.com\/ouvrage\/9782019556310\/lettres-secrettes-et-amoureuses-de-deux-personnages-celebres-de-nos-jours-tome-2"},{"id":"9782019556341","title":"M. littre et le positivisme","description":"M. Littr\u00e9 et le positivisme \/ par E. Caro,...\r\nDate de l'\u00e9dition originale : 1883 Sujet de l'ouvrage : Littr\u00e9, \u00c9mile (1801-1881)Positivisme Ce livre est la reproduction fid\u00e8le d'une oeuvre publi\u00e9e avant 1920 et fait partie d'une collection de livres r\u00e9imprim\u00e9s \u00e0 la demande \u00e9dit\u00e9e par Hachette Livre, dans le cadre d'un partenariat avec la Biblioth\u00e8que nationale de France, offrant l'opportunit\u00e9 d'acc\u00e9der \u00e0 des ouvrages anciens et souvent rares issus des fonds patrimoniaux de la BnF.\r\nLes oeuvres faisant partie de cette collection ont \u00e9t\u00e9 num\u00e9ris\u00e9es par la BnF et sont pr\u00e9sentes sur Gallica, sa biblioth\u00e8que num\u00e9rique.\r\n\r\nEn entreprenant de redonner vie \u00e0 ces ouvrages au travers d'une collection de livres r\u00e9imprim\u00e9s \u00e0 la demande, nous leur donnons la possibilit\u00e9 de rencontrer un public \u00e9largi et participons \u00e0 la transmission de connaissances et de savoirs parfois difficilement accessibles.\r\nNous avons cherch\u00e9 \u00e0 concilier la reproduction fid\u00e8le d'un livre ancien \u00e0 partir de sa version num\u00e9ris\u00e9e avec le souci d'un confort de lecture optimal. Nous esp\u00e9rons que les ouvrages de cette nouvelle collection vous apporteront enti\u00e8re satisfaction.\r\n\r\nPour plus d'informations, rendez-vous sur www.hachettebnf.fr\r","authors":["Caro Elme-Marie"],"category_codes":["9000000","9080000","9080600"],"visuals":{"large":"https:\/\/images.epagine.fr\/341\/9782019556341_1_75.jpg","medium":"https:\/\/images.epagine.fr\/341\/9782019556341_1_m.jpg","thumbnail":"https:\/\/images.epagine.fr\/341\/9782019556341_1_v.jpg"},"orderable":true,"show_badge":true,"formatted_price":"24,00&nbsp;\u20ac","formatted_published_date":"1er octobre 2016","publisher_availability_label":"Sur commande","short_details":"Caro Elme-Marie \u2014 Hachette BNF","translator":null,"weight":470,"page_count":null,"readership":null,"editor":"Hachette BNF","price":2400,"published_date":"2016-09-30T22:00:00.000000Z","support":"Grand format","publisher_availability":1,"stock":0,"editions":[],"url":"https:\/\/quaidesbrumes.com\/ouvrage\/9782019556341\/m-littre-et-le-positivisme"},{"id":"9782013550505","title":"Principes de morale. tome 1","description":"Principes de morale. [Volume 1] \/ , d\u00e9duits de l'usage des facult\u00e9s de l'entendement humain, par M. Formey,...\r\nDate de l'\u00e9dition originale : 1762 Ce livre est la reproduction fid\u00e8le d'une oeuvre publi\u00e9e avant 1920 et fait partie d'une collection de livres r\u00e9imprim\u00e9s \u00e0 la demande \u00e9dit\u00e9e par Hachette Livre, dans le cadre d'un partenariat avec la Biblioth\u00e8que nationale de France, offrant l'opportunit\u00e9 d'acc\u00e9der \u00e0 des ouvrages anciens et souvent rares issus des fonds patrimoniaux de la BnF.\r\nLes oeuvres faisant partie de cette collection ont \u00e9t\u00e9 num\u00e9ris\u00e9es par la BnF et sont pr\u00e9sentes sur Gallica, sa biblioth\u00e8que num\u00e9rique.\r\n\r\nEn entreprenant de redonner vie \u00e0 ces ouvrages au travers d'une collection de livres r\u00e9imprim\u00e9s \u00e0 la demande, nous leur donnons la possibilit\u00e9 de rencontrer un public \u00e9largi et participons \u00e0 la transmission de connaissances et de savoirs parfois difficilement accessibles.\r\nNous avons cherch\u00e9 \u00e0 concilier la reproduction fid\u00e8le d'un livre ancien \u00e0 partir de sa version num\u00e9ris\u00e9e avec le souci d'un confort de lecture optimal. Nous esp\u00e9rons que les ouvrages de cette nouvelle collection vous apporteront enti\u00e8re satisfaction.\r\n\r\nPour plus d'informations, rendez-vous sur www.hachettebnf.fr\r","authors":["Formey J H S."],"category_codes":["9000000","9080000","9080600"],"visuals":{"large":"https:\/\/images.epagine.fr\/505\/9782013550505_1_75.jpg","medium":"https:\/\/images.epagine.fr\/505\/9782013550505_1_m.jpg","thumbnail":"https:\/\/images.epagine.fr\/505\/9782013550505_1_v.jpg"},"orderable":true,"show_badge":true,"formatted_price":"26,50&nbsp;\u20ac","formatted_published_date":"1er d\u00e9cembre 2016","publisher_availability_label":"Sur commande","short_details":"Formey J H S. \u2014 Hachette BNF","translator":null,"weight":568,"page_count":null,"readership":null,"editor":"Hachette BNF","price":2650,"published_date":"2016-11-30T23:00:00.000000Z","support":"Grand format","publisher_availability":1,"stock":0,"editions":[],"url":"https:\/\/quaidesbrumes.com\/ouvrage\/9782013550505\/principes-de-morale-tome-1"},{"id":"9782296128132","title":"Un paradis \u00e0 l'ombre des \u00e9p\u00e9es ; Nietzsche et Bartol","description":"Conqu\u00e9rir le jardin des d\u00e9lices \u00e0 la pointe du glaive, c'est l\u00e0 un des facteurs qui fait que Nietzsche affiche sa pr\u00e9f\u00e9rence de l'Islam, religion virile. Mais le m\u00eame Nietzsche a exerc\u00e9 une influence sur Vladimir Bartol dont le roman Alamut exploite la l\u00e9gende isma\u00e9lienne du faux paradis qui incite ceux qui y go\u00fbtent \u00e0 sacrifier leur vie avec la conviction qu'ils seront d\u00e9finitivement admis dans le lieu de toutes les jouissances.\r","authors":["Jad Hatem"],"category_codes":["9000000","9080000","9080200","9080204"],"visuals":{"large":"https:\/\/images.epagine.fr\/132\/9782296128132_1_75.jpg","medium":"https:\/\/images.epagine.fr\/132\/9782296128132_1_m.jpg","thumbnail":"https:\/\/images.epagine.fr\/132\/9782296128132_1_v.jpg"},"orderable":true,"show_badge":true,"formatted_price":"12,50&nbsp;\u20ac","formatted_published_date":"23 juillet 2010","publisher_availability_label":"Sur commande","short_details":"Jad Hatem \u2014 \u00c9ditions L'Harmattan","translator":null,"weight":140,"page_count":107,"readership":null,"editor":"\u00c9ditions L'Harmattan","price":1250,"published_date":"2010-07-22T22:00:00.000000Z","support":"Grand format","publisher_availability":1,"stock":0,"editions":[],"url":"https:\/\/quaidesbrumes.com\/ouvrage\/9782296128132\/un-paradis-a-lombre-des-epees-nietzsche-et-bartol"},{"id":"9782013550680","title":"La critique de la recherche de la verite","description":"La critique de la \"Recherche de la v\u00e9rit\u00e9\" o\u00f9 l'on examine en m\u00eame tems une partie des principes de M. Descartes , lettre par un acad\u00e9micien [par Simon Foucher] Date de l'\u00e9dition originale : 1675 Sujet de l'ouvrage : V\u00e9rit\u00e9 -- Ouvrages avant 1800Philosophie -- 17e si\u00e8cle -- Ouvrages avant 1800 Ce livre est la reproduction fid\u00e8le d'une oeuvre publi\u00e9e avant 1920 et fait partie d'une collection de livres r\u00e9imprim\u00e9s \u00e0 la demande \u00e9dit\u00e9e par Hachette Livre, dans le cadre d'un partenariat avec la Biblioth\u00e8que nationale de France, offrant l'opportunit\u00e9 d'acc\u00e9der \u00e0 des ouvrages anciens et souvent rares issus des fonds patrimoniaux de la BnF.\r\nLes oeuvres faisant partie de cette collection ont \u00e9t\u00e9 num\u00e9ris\u00e9es par la BnF et sont pr\u00e9sentes sur Gallica, sa biblioth\u00e8que num\u00e9rique.\r\n\r\nEn entreprenant de redonner vie \u00e0 ces ouvrages au travers d'une collection de livres r\u00e9imprim\u00e9s \u00e0 la demande, nous leur donnons la possibilit\u00e9 de rencontrer un public \u00e9largi et participons \u00e0 la transmission de connaissances et de savoirs parfois difficilement accessibles.\r\nNous avons cherch\u00e9 \u00e0 concilier la reproduction fid\u00e8le d'un livre ancien \u00e0 partir de sa version num\u00e9ris\u00e9e avec le souci d'un confort de lecture optimal. Nous esp\u00e9rons que les ouvrages de cette nouvelle collection vous apporteront enti\u00e8re satisfaction.\r\n\r\nPour plus d'informations, rendez-vous sur www.hachettebnf.fr\r","authors":["Foucher Simon"],"category_codes":["9000000","9080000","9080600"],"visuals":{"large":"https:\/\/images.epagine.fr\/680\/9782013550680_1_75.jpg","medium":"https:\/\/images.epagine.fr\/680\/9782013550680_1_m.jpg","thumbnail":"https:\/\/images.epagine.fr\/680\/9782013550680_1_v.jpg"},"orderable":true,"show_badge":true,"formatted_price":"16,50&nbsp;\u20ac","formatted_published_date":"1er d\u00e9cembre 2016","publisher_availability_label":"Sur commande","short_details":"Foucher Simon \u2014 Hachette BNF","translator":null,"weight":190,"page_count":null,"readership":null,"editor":"Hachette BNF","price":1650,"published_date":"2016-11-30T23:00:00.000000Z","support":"Grand format","publisher_availability":1,"stock":0,"editions":[],"url":"https:\/\/quaidesbrumes.com\/ouvrage\/9782013550680\/la-critique-de-la-recherche-de-la-verite"},{"id":"9782848981345","title":"\u00e0 la confluence de deux cultures ; Lupasco aujourd'hui ; actes du colloque international UNESCO, Paris 24 mars 2010","description":"L'oeuvre de Lupasco se situe \u00e0 la confluence entre la culture fran\u00e7aise et la culture roumaine et aussi entre la culture scientifique et la culture humaniste. Les \u00e9tudes, publi\u00e9es dans ce livre par d'\u00e9minentes personnalit\u00e9s, analysent l'impact de la philosophie du tiers inclus de St\u00e9phane Lupasco dans le monde de la peinture, de la litt\u00e9rature, du th\u00e9\u00e2tre, de l'\u00e9thique, de la logique, de la th\u00e9orie du langage, de la th\u00e9ologie, de la psychanalyse, de l'\u00e9pist\u00e9mologie, de l'histoire et de la transdisciplinarit\u00e9.\r","authors":["Basarab Nicolescu"],"category_codes":["9000000","9080000","9080200","9080204"],"visuals":{"large":"https:\/\/images.epagine.fr\/345\/9782848981345_1_75.jpg","medium":"https:\/\/images.epagine.fr\/345\/9782848981345_1_m.jpg","thumbnail":"https:\/\/images.epagine.fr\/345\/9782848981345_1_v.jpg"},"orderable":true,"show_badge":true,"formatted_price":"19,25&nbsp;\u20ac","formatted_published_date":"19 novembre 2010","publisher_availability_label":"Sur commande","short_details":"Basarab Nicolescu \u2014 Oxus","translator":null,"weight":425,"page_count":320,"readership":null,"editor":"Oxus","price":1925,"published_date":"2010-11-18T23:00:00.000000Z","support":"Grand format","publisher_availability":1,"stock":0,"editions":[],"url":"https:\/\/quaidesbrumes.com\/ouvrage\/9782848981345\/a-la-confluence-de-deux-cultures-lupasco-aujourdhui-actes-du-colloque-international-unesco-paris-24-mars-2010"},{"id":"9782705670672","title":"Doxologie ; essai sur la connaissance","description":"Traduit du su\u00e9dois par Arthur Rolin\r\n\u00ab Quel sens donner au fait que toute connaissance   qu'il s'agisse de notions th\u00e9oriques ou d'acquis pratiques   ne constitue que notre connaissance ? \u00bb Comment parler de v\u00e9rit\u00e9s ou de connaissances vraies, lorsque tous ces \u00ab savoirs \u00bb semblent par essence \u00eatre volatiles, \u00e9ph\u00e9m\u00e8res, composites et parfois contradictoires ? Telle est l'interrogation fondamentale que se pose le jeune philosophe su\u00e9dois Mats Rosengren dans ce livre. Tout en proc\u00e9dant \u00e0 une \u00e9valuation, dans leur antinomie classique, des termes \u00ab doxa \u00bb (ce que nous pensons des choses et de nous-m\u00eames) et \u00ab \u00e9pist\u00e9m\u00e8 \u00bb (ce qu'il en est dans la r\u00e9alit\u00e9), et en soutenant que toute connaissance est intrins\u00e8quement doxique, il montre la n\u00e9cessit\u00e9 d'\u00e9laborer une autre forme d'apprentissage de la connaissance : une \u00ab doxologie \u00bb.\r\nPour \u00e9tablir un nouveau rapport de l'homme \u00e0 ses activit\u00e9s cognitives, Mats Rosengren fait ainsi \u00e9voluer sa r\u00e9flexion entre r\u00e9alit\u00e9, interpr\u00e9tation, connaissance et savoir. Avec pour point de d\u00e9part le principe de l'homo mensura de Protagoras qui stipule que \u00ab L'homme est la mesure de toute chose \u00bb, l'auteur r\u00e9fl\u00e9chit sur le concept de connaissance et aboutit \u00e0 un compromis entre le dogmatisme radical et le relativisme le plus complet : une approche doxique de la v\u00e9rit\u00e9 et de la connaissance au niveau rh\u00e9torique.","authors":["Mats Rosengren","Arthur Rolin"],"category_codes":["9000000","9080000","9080200","9080204"],"visuals":{"large":"https:\/\/images.epagine.fr\/672\/9782705670672_1_75.jpg","medium":"https:\/\/images.epagine.fr\/672\/9782705670672_1_m.jpg","thumbnail":"https:\/\/images.epagine.fr\/672\/9782705670672_1_v.jpg"},"orderable":true,"show_badge":true,"formatted_price":"24,00&nbsp;\u20ac","formatted_published_date":"24 mars 2011","publisher_availability_label":"Sur commande","short_details":"Mats Rosengren, Arthur Rolin \u2014 Hermann","translator":"ARTHUR ROLIN","weight":186,"page_count":133,"readership":null,"editor":"Hermann","price":2400,"published_date":"2011-03-23T23:00:00.000000Z","support":"Grand format","publisher_availability":1,"stock":0,"editions":[],"url":"https:\/\/quaidesbrumes.com\/ouvrage\/9782705670672\/doxologie-essai-sur-la-connaissance"},{"id":"9782821103603","title":"Cours de philosophie","description":"P\u00e8re de la sociologie moderne, professeur agr\u00e9g\u00e9 de philosophie, Emile Durkheim nous dispense ici un v\u00e9ritable cours de philosophie, comme une initiation \u00e0 cette discipline.\r\nCette introduction est accessible \u00e0 tous ceux ayant un attrait pour cette science humaine. Philosopher, c'est essayer de penser par soi m\u00eame, librement. Autant dire que c'est une n\u00e9cessit\u00e9 pour chacun de nous. Nous philosophons tous, la plupart du temps sans le savoir. Au del\u00e0 du formatage des id\u00e9es, des a priori et des luttes partisanes ou id\u00e9ologiques, ce livre audio est un v\u00e9ritable cours de philosophie, simple, accessible, par lequel Emile Durkheim nous initie \u00e0 cette discipline essentielle, intemporelle, universelle.\r\nIl commence par d\u00e9finir la philosophie, nous en explique les fondements, puis aborde quelques grands th\u00e8mes : la conscience, le beau, la raison, la v\u00e9rit\u00e9. Le tout avec une clart\u00e9 totale, sans aucun jargon complexe, pour notre plus grand plaisir.\r","authors":["Emile Durkheim"],"category_codes":["9000000","9080000","9080200","9080206"],"visuals":{"large":"https:\/\/images.epagine.fr\/603\/9782821103603_1_75.jpg","medium":"https:\/\/images.epagine.fr\/603\/9782821103603_1_m.jpg","thumbnail":"https:\/\/images.epagine.fr\/603\/9782821103603_1_v.jpg"},"orderable":true,"show_badge":true,"formatted_price":"15,00&nbsp;\u20ac","formatted_published_date":"1er mars 2012","publisher_availability_label":"Sur commande","short_details":"Emile Durkheim \u2014 La Compagnie Du Savoir","translator":null,"weight":90,"page_count":null,"readership":null,"editor":"La Compagnie Du Savoir","price":1500,"published_date":"2012-02-29T23:00:00.000000Z","support":"CD Audio","publisher_availability":1,"stock":0,"editions":[],"url":"https:\/\/quaidesbrumes.com\/ouvrage\/9782821103603\/cours-de-philosophie"},{"id":"9782019555986","title":"De l'architecte des corps humains, ou le materialisme refute par les sens . - par l'auteur des princ","description":"De l'architecte des corps humains, ou Le mat\u00e9rialisme r\u00e9fut\u00e9 par les sens . Par l'auteur des Principes contre l'incr\u00e9dulit\u00e9 Date de l'\u00e9dition originale : 1782 Ce livre est la reproduction fid\u00e8le d'une oeuvre publi\u00e9e avant 1920 et fait partie d'une collection de livres r\u00e9imprim\u00e9s \u00e0 la demande \u00e9dit\u00e9e par Hachette Livre, dans le cadre d'un partenariat avec la Biblioth\u00e8que nationale de France, offrant l'opportunit\u00e9 d'acc\u00e9der \u00e0 des ouvrages anciens et souvent rares issus des fonds patrimoniaux de la BnF.\r\nLes oeuvres faisant partie de cette collection ont \u00e9t\u00e9 num\u00e9ris\u00e9es par la BnF et sont pr\u00e9sentes sur Gallica, sa biblioth\u00e8que num\u00e9rique.\r\n\r\nEn entreprenant de redonner vie \u00e0 ces ouvrages au travers d'une collection de livres r\u00e9imprim\u00e9s \u00e0 la demande, nous leur donnons la possibilit\u00e9 de rencontrer un public \u00e9largi et participons \u00e0 la transmission de connaissances et de savoirs parfois difficilement accessibles.\r\nNous avons cherch\u00e9 \u00e0 concilier la reproduction fid\u00e8le d'un livre ancien \u00e0 partir de sa version num\u00e9ris\u00e9e avec le souci d'un confort de lecture optimal. Nous esp\u00e9rons que les ouvrages de cette nouvelle collection vous apporteront enti\u00e8re satisfaction.\r\n\r\nPour plus d'informations, rendez-vous sur www.hachettebnf.fr\r","authors":["Camuset J-N."],"category_codes":["9000000","9080000"],"visuals":{"large":"https:\/\/images.epagine.fr\/986\/9782019555986_1_75.jpg","medium":"https:\/\/images.epagine.fr\/986\/9782019555986_1_m.jpg","thumbnail":"https:\/\/images.epagine.fr\/986\/9782019555986_1_v.jpg"},"orderable":true,"show_badge":true,"formatted_price":"16,50&nbsp;\u20ac","formatted_published_date":"1er octobre 2016","publisher_availability_label":"Sur commande","short_details":"Camuset J-N. \u2014 Hachette BNF","translator":null,"weight":210,"page_count":null,"readership":null,"editor":"Hachette BNF","price":1650,"published_date":"2016-09-30T22:00:00.000000Z","support":"Grand format","publisher_availability":1,"stock":0,"editions":[],"url":"https:\/\/quaidesbrumes.com\/ouvrage\/9782019555986\/de-larchitecte-des-corps-humains-ou-le-materialisme-refute-par-les-sens-par-lauteur-des-princ"},{"id":"9782012758216","title":"Oeuvres de condillac. vol. 2 (ed.1798)","description":"Oeuvres de Condillac. Vol. 2 \/ , revues, corrig\u00e9es par l'auteur, imprim\u00e9es sur ses manuscrits autographes et augment\u00e9es de la Langue des calculs, ouvrage posthume (publ. par G. Arnoux et Mousnier) http:\/\/gallica.bnf.fr\/ark:\/12148\/bpt6k298410b\r","authors":["Condillac E B."],"category_codes":["9000000","9080000"],"visuals":{"large":"https:\/\/images.epagine.fr\/216\/9782012758216_1_75.jpg","medium":"https:\/\/images.epagine.fr\/216\/9782012758216_1_m.jpg","thumbnail":"https:\/\/images.epagine.fr\/216\/9782012758216_1_v.jpg"},"orderable":true,"show_badge":true,"formatted_price":"26,50&nbsp;\u20ac","formatted_published_date":"1er juin 2012","publisher_availability_label":"Sur commande","short_details":"Condillac E B. \u2014 Hachette BNF","translator":null,"weight":582,"page_count":null,"readership":null,"editor":"Hachette BNF","price":2650,"published_date":"2012-05-31T22:00:00.000000Z","support":"Grand format","publisher_availability":1,"stock":0,"editions":[],"url":"https:\/\/quaidesbrumes.com\/ouvrage\/9782012758216\/oeuvres-de-condillac-vol-2-ed1798"},{"id":"9782296547216","title":"Merleau-Ponty, Whitehead ; le proc\u00e8s sensible","description":"En quel sens toute exp\u00e9rience est-elle sensible, en quel sens le sens de l'\u00catre doit-il se penser \u00e0 partir du sensible et de la nature ? Poser de telles questions, c'est faire retour, avec Merleau-Ponty et Whitehead, vers le concret, vers l'exp\u00e9rience perceptive et primordiale que nous avons du monde. Whitehead comme Merleau-Ponty interrogent tout \u00e0 la fois le concret de l'exp\u00e9rience, ce qui se donne, l'appara\u00eetre, et les constructions les plus abstraites de la science.\r","authors":["Franck Robert"],"category_codes":["9000000","9080000","9080200","9080204"],"visuals":{"large":"https:\/\/images.epagine.fr\/216\/9782296547216_1_75.jpg","medium":"https:\/\/images.epagine.fr\/216\/9782296547216_1_m.jpg","thumbnail":"https:\/\/images.epagine.fr\/216\/9782296547216_1_v.jpg"},"orderable":true,"show_badge":true,"formatted_price":"22,50&nbsp;\u20ac","formatted_published_date":"11 mai 2011","publisher_availability_label":"Sur commande","short_details":"Franck Robert \u2014 \u00c9ditions L'Harmattan","translator":null,"weight":271,"page_count":203,"readership":null,"editor":"\u00c9ditions L'Harmattan","price":2250,"published_date":"2011-05-10T22:00:00.000000Z","support":"Grand format","publisher_availability":1,"stock":0,"editions":[],"url":"https:\/\/quaidesbrumes.com\/ouvrage\/9782296547216\/merleau-ponty-whitehead-le-proces-sensible"},{"id":"9782249622144","title":"L'embryon est-il une personne ?","description":"Aire de discussion sur des questions de philosophie et de th\u00e9ologie, Disputatio nous convie \u00e0 une interrogation sur le monde contemporain. \u00c0 l'occasion du troisi\u00e8me num\u00e9ro, lumi\u00e8re est faite sur la difficile question du statut de l'embryon. Si personne ne peut attester de son animation \u00ab spirituelle \u00bb imm\u00e9diate, la science et la raison sont \u00e0 ce jour incapables de d\u00e9montrer son \u00ab inach\u00e8vement \u00bb. O\u00f9, \u00e0 quel moment, l'humain \u00ab commence \u00bb-t-il ?... Les intervenants, multidisciplinaires, nous livrent ici des pistes de r\u00e9flexions compl\u00e8tes et originales.\r","authors":["Michel Bastit","Michel Mazoyer","Paul Mirault"],"category_codes":["9000000","9080000","9080200","9080204"],"visuals":{"large":"https:\/\/images.epagine.fr\/144\/9782249622144_1_75.jpg","medium":"https:\/\/images.epagine.fr\/144\/9782249622144_1_m.jpg","thumbnail":"https:\/\/images.epagine.fr\/144\/9782249622144_1_v.jpg"},"orderable":true,"show_badge":true,"formatted_price":"22,20&nbsp;\u20ac","formatted_published_date":"1er mars 2011","publisher_availability_label":"Sur commande","short_details":"Michel Bastit, Michel Mazoyer, Paul Mirault \u2014 LETHIELLEUX","translator":null,"weight":310,"page_count":180,"readership":null,"editor":"LETHIELLEUX","price":2220,"published_date":"2011-02-28T23:00:00.000000Z","support":"Grand format","publisher_availability":1,"stock":0,"editions":[],"url":"https:\/\/quaidesbrumes.com\/ouvrage\/9782249622144\/lembryon-est-il-une-personne"},{"id":"9782296081451","title":"Le De Signis de Cic\u00e9ron ; traduction juxtalin\u00e9aire","description":"Profiter de sa position, de ses pouvoirs, pour s'enrichir au m\u00e9pris de toute morale et s'approprier le bien d'autrui : ce type de scandale n'est pas propre \u00e0 notre \u00e9poque. Le De signis, qui relate les forfaits du \"brigand\" Verr\u00e8s dans sa province de Sicile, en apporte la preuve. Cette \u00e9dition a pour but de mettre en lumi\u00e8re la modernit\u00e9 du r\u00e9quisitoire cic\u00e9ronien, mais aussi de proposer une nouvelle approche de l'oeuvre (dont seule une \u00e9dition savante a \u00e9t\u00e9 publi\u00e9e en fran\u00e7ais depuis le XIXe si\u00e8cle).\r","authors":["Marie-jos\u00e9 Kardos"],"category_codes":["9000000","9080000","9080200"],"visuals":{"large":"https:\/\/images.epagine.fr\/451\/9782296081451_1_75.jpg","medium":"https:\/\/images.epagine.fr\/451\/9782296081451_1_m.jpg","thumbnail":"https:\/\/images.epagine.fr\/451\/9782296081451_1_v.jpg"},"orderable":true,"show_badge":true,"formatted_price":"30,00&nbsp;\u20ac","formatted_published_date":"9 avril 2009","publisher_availability_label":"Sur commande","short_details":"Marie-jos\u00e9 Kardos \u2014 \u00c9ditions L'Harmattan","translator":null,"weight":390,"page_count":300,"readership":null,"editor":"\u00c9ditions L'Harmattan","price":3000,"published_date":"2009-04-08T22:00:00.000000Z","support":"Grand format","publisher_availability":1,"stock":0,"editions":[],"url":"https:\/\/quaidesbrumes.com\/ouvrage\/9782296081451\/le-de-signis-de-ciceron-traduction-juxtalineaire"},{"id":"9782012758223","title":"Oeuvres de condillac. vol. 4 (ed.1798)","description":"Oeuvres de Condillac. Vol. 4 \/ , revues, corrig\u00e9es par l'auteur, imprim\u00e9es sur ses manuscrits autographes et augment\u00e9es de la Langue des calculs, ouvrage posthume (publ. par G. Arnoux et Mousnier) http:\/\/gallica.bnf.fr\/ark:\/12148\/bpt6k2984123\r","authors":["Condillac E B."],"category_codes":["9000000","9080000"],"visuals":{"large":"https:\/\/images.epagine.fr\/223\/9782012758223_1_75.jpg","medium":"https:\/\/images.epagine.fr\/223\/9782012758223_1_m.jpg","thumbnail":"https:\/\/images.epagine.fr\/223\/9782012758223_1_v.jpg"},"orderable":true,"show_badge":true,"formatted_price":"33,00&nbsp;\u20ac","formatted_published_date":"1er juin 2012","publisher_availability_label":"Sur commande","short_details":"Condillac E B. \u2014 Hachette BNF","translator":null,"weight":779,"page_count":null,"readership":null,"editor":"Hachette BNF","price":3300,"published_date":"2012-05-31T22:00:00.000000Z","support":"Grand format","publisher_availability":1,"stock":0,"editions":[],"url":"https:\/\/quaidesbrumes.com\/ouvrage\/9782012758223\/oeuvres-de-condillac-vol-4-ed1798"},{"id":"9782755405552","title":"Mani\u00e8res de penser ; pr\u00e9alables intellectuels \u00e0 la bio\u00e9thique","description":"Les probl\u00e8mes \u00e9thiques pos\u00e9s par la pratique m\u00e9dicale ou la recherche nous rendent tous avides de solutions et de certitudes : comment \u00e9valuer telle pratique, doit-on accepter telle l\u00e9gislation ? Cependant, il convient de r\u00e9pondre \u00e0 une question pr\u00e9alable : nos mani\u00e8res de penser sont-elles pertinentes ? C'est \u00e0 cette interrogation que ce livre s'efforce d'apporter une r\u00e9ponse, en mettant la logique au service de la bio\u00e9thique. \r\nQue de probl\u00e8mes pos\u00e9s aujourd'hui par les progr\u00e8s de la pratique m\u00e9dicale ou les avanc\u00e9es de la recherche scientifique ! Statut de l'embryon, utilisation des cellules-souches, assistance m\u00e9dicale \u00e0 la procr\u00e9ation, gestation pour autrui, diagnostic pr\u00e9implantatoire, b\u00e9b\u00e9 m\u00e9dicament, clonage, eug\u00e9nisme, mais aussi soins et accompagnement des mourants, euthanasie, ou encore avortement, contragestifs... \r\nOn demande beaucoup \u00e0 la bio\u00e9thique. Mais prend-on le temps d'armer notre raison de la vigilance requise pour aborder ces questions si d\u00e9licates ? S'interroge-t-on sur la mani\u00e8re dont leurs termes sont ou non d\u00e9finis ? Comment les arguments sont-ils construits ? Sont-ils r\u00e9els ou fictifs, solides ou incertains ? Enfin, celui avec qui je discute ne se tromperait-t-il pas lui-m\u00eame, ou ne chercherait-il pas aussi parfois \u00e0 me tromper ? C'est un service urgent \u00e0 rendre \u00e0 l'intelligence que de r\u00e9pondre \u00e0 ces questions. \r\nIl en va de notre responsabilit\u00e9 en mati\u00e8re d'\u00e9cologie humaine. La bio\u00e9thique n'a-t-elle pas pour but le respect de la dignit\u00e9 de \"tout homme et de tout l'homme\"?\r","authors":["Bruno Couillaud"],"category_codes":["9000000","9080000","9080200","9080204"],"visuals":{"large":"https:\/\/images.epagine.fr\/552\/9782755405552_1_75.jpg","medium":"https:\/\/images.epagine.fr\/552\/9782755405552_1_m.jpg","thumbnail":"https:\/\/images.epagine.fr\/552\/9782755405552_1_v.jpg"},"orderable":true,"show_badge":true,"formatted_price":"25,00&nbsp;\u20ac","formatted_published_date":"15 mai 2013","publisher_availability_label":"Sur commande","short_details":"Bruno Couillaud \u2014 Francois-Xavier De Guibert","translator":null,"weight":450,"page_count":280,"readership":null,"editor":"Francois-Xavier De Guibert","price":2500,"published_date":"2013-05-14T22:00:00.000000Z","support":"Grand format","publisher_availability":1,"stock":0,"editions":[],"url":"https:\/\/quaidesbrumes.com\/ouvrage\/9782755405552\/manieres-de-penser-prealables-intellectuels-a-la-bioethique"},{"id":"9782705680107","title":"\u00e9crire le regard ; l'\u00e9sth\u00e9tique de la modernit\u00e9 en question","description":"Esth\u00e9tique et Modernit\u00e9 : ces deux termes veulent-ils encore dire quelque chose, \u00e0 une \u00e9poque o\u00f9 l'on ne cesse de parler de la fin de l'art ? Dans cet essai, Arnaud Buchs aborde la question \u00e0 nouveaux frais. \u00c0 partir de Diderot et de Baudelaire, il montre combien l'esth\u00e9tique repose toujours, fondamentalement, sur une po\u00e9tique. Il ne peut en effet y avoir de v\u00e9ritable discours critique sur les oeuvres d'art sans une r\u00e9flexion sur le pouvoir et les limites du langage, les diff\u00e9rents r\u00e9gimes rh\u00e9toriques et le recours aux fictions. L'\u00e9criture du regard tend d\u00e8s lors \u00e0 se confondre avec une description du langage, comme s'il fallait d'abord imp\u00e9rativement voir les mots pour r\u00e9ussir ensuite \u00e0 percevoir et comprendre la r\u00e9alit\u00e9 dans laquelle il nous enferme. \r\nSelon Arnaud Buchs, de la Lettre sur les sourds et muets aux \u00c9crits sur l'art se dessine, en filigrane, un horizon de pens\u00e9e    la Modernit\u00e9   dont nous n'avons pas fini, aujourd'hui, de mesurer la profondeur. Faut-il en conclure que pour inventer l'esth\u00e9tique de la Modernit\u00e9, Baudelaire devait d'abord oublier Diderot ?","authors":["Arnaud Buchs"],"category_codes":["9000000","9080000","9080200","9080204"],"visuals":{"large":"https:\/\/images.epagine.fr\/107\/9782705680107_1_75.jpg","medium":"https:\/\/images.epagine.fr\/107\/9782705680107_1_m.jpg","thumbnail":"https:\/\/images.epagine.fr\/107\/9782705680107_1_v.jpg"},"orderable":true,"show_badge":true,"formatted_price":"32,00&nbsp;\u20ac","formatted_published_date":"22 d\u00e9cembre 2010","publisher_availability_label":"Sur commande","short_details":"Arnaud Buchs \u2014 Hermann","translator":null,"weight":172,"page_count":136,"readership":null,"editor":"Hermann","price":3200,"published_date":"2010-12-21T23:00:00.000000Z","support":"Grand format","publisher_availability":1,"stock":0,"editions":[],"url":"https:\/\/quaidesbrumes.com\/ouvrage\/9782705680107\/ecrire-le-regard-lesthetique-de-la-modernite-en-question"},{"id":"9782866795191","title":"L'appel \u00e0 la v\u00e9rit\u00e9","description":"Qu'est-ce que la v\u00e9rit\u00e9 ? Cette interrogation retentit par-del\u00e0 les si\u00e8cles et nous atteint tous, au plus intime de nous-m\u00eames.\r\nRedoutable question que l'auteur tente de r\u00e9soudre, aussi clairement que possible. La r\u00e9ponse s'enracine dans la pens\u00e9e grecque et dans la rencontre de celle-ci avec le christianisme qui, bien s\u00fbr, n'est certainement pas due au hasard. Cette f\u00e9condation est \u00e0 l'origine de la civilisation chr\u00e9tienne qui a apport\u00e9 au monde des d\u00e9veloppements dans de multiples directions, scientifiques, techniques, artistiques, morales.\r\nPuis, \u00e0 partir de ce que l'on appelle la Renaissance, en plusieurs \u00e9tapes et avec quelques soubresauts, nous nous sommes \u00e9loign\u00e9s de cette source vitale, dans une sorte de d\u00e9senchantement progressif qui aboutit au relativisme actuel. La v\u00e9rit\u00e9 vous rendra libre !\" L'auteur le sait bien, qui anime des conf\u00e9rences destin\u00e9es \u00e0 tous. En effet, ballott\u00e9s entre blogs et publicit\u00e9s, nouvelles croyances et sc\u00e9narios plus ou moins catastrophes.\r\nNos contemporains n'en finissent pas de sombrer dans un scepticisme morose. L'enseignement de la philosophie d\u00e9serte les programmes scolaires... Pourtant, la nature ayant horreur du vide, elle refleurit, la philosophie ! Un livre pour tous ceux que les jeux t\u00e9l\u00e9vis\u00e9s et autres \u00e9missions de t\u00e9l\u00e9-r\u00e9alit\u00e9s laissent sur leur faim !\r","authors":["C Paulot"],"category_codes":["9000000","9080000","9080200","9080204"],"visuals":{"large":"https:\/\/images.epagine.fr\/191\/9782866795191_1_75.jpg","medium":"https:\/\/images.epagine.fr\/191\/9782866795191_1_m.jpg","thumbnail":"https:\/\/images.epagine.fr\/191\/9782866795191_1_v.jpg"},"orderable":true,"show_badge":true,"formatted_price":"17,00&nbsp;\u20ac","formatted_published_date":"25 ao\u00fbt 2010","publisher_availability_label":"Sur commande","short_details":"C Paulot \u2014 Jubile - Le Sarment Editions","translator":null,"weight":214,"page_count":207,"readership":null,"editor":"Jubile - Le Sarment Editions","price":1700,"published_date":"2010-08-24T22:00:00.000000Z","support":"Grand format","publisher_availability":1,"stock":0,"editions":[],"url":"https:\/\/quaidesbrumes.com\/ouvrage\/9782866795191\/lappel-a-la-verite"},{"id":"9782723300278","title":"La philosophie de l'in\u00e9galit\u00e9 et les id\u00e9es politiques de Nicolas Berdiaeff","description":null,"authors":["Marko Markovic"],"category_codes":["9000000","9080000"],"visuals":{"large":"https:\/\/images.epagine.fr\/278\/9782723300278_1_75.jpg","medium":"https:\/\/images.epagine.fr\/278\/9782723300278_1_m.jpg","thumbnail":"https:\/\/images.epagine.fr\/278\/9782723300278_1_v.jpg"},"orderable":true,"show_badge":true,"formatted_price":"27,00&nbsp;\u20ac","formatted_published_date":"8 janvier 2008","publisher_availability_label":"Sur commande","short_details":"Marko Markovic \u2014 Nouvelles Editions Latines","translator":null,"weight":300,"page_count":310,"readership":null,"editor":"Nouvelles Editions Latines","price":2700,"published_date":"2008-01-07T23:00:00.000000Z","support":"Grand format","publisher_availability":1,"stock":0,"editions":[],"url":"https:\/\/quaidesbrumes.com\/ouvrage\/9782723300278\/la-philosophie-de-linegalite-et-les-idees-politiques-de-nicolas-berdiaeff"},{"id":"9782234064942","title":"Je bois donc je suis","description":"Les anciens avaient trouv\u00e9 une solution au probl\u00e8me de l'alcool : ils l'int\u00e9graient aux rituels religieux, le consid\u00e9raient comme l'incarnation d'un dieu et \u00e9cartaient le comportement perturbateur comme \u00e9tant le fait du dieu et non de l'adorateur. Peu \u00e0 peu, gr\u00e2ce \u00e0 la discipline du rituel, de la pri\u00e8re et de la th\u00e9ologie, le vin s'est s\u00e9par\u00e9 de ses origines orgiaques pour devenir avant tout une libation solennelle aux Olympiens puis \u00e0 l'Eucharistie chr\u00e9tienne - cette br\u00e8ve rencontre avec le sacr\u00e9 qui a pour but la r\u00e9conciliation.Nous connaissons l'opinion m\u00e9dicale selon laquelle boire un verre ou deux par jour est bon pour la sant\u00e9, ainsi que l'opinion concurrente qui veut que boire plus d'un verre ou deux nous soit fatal. Qu'il soit bon ou non pour le corps, Roger Scruton soutient que le vin, bu dans le bon \u00e9tat d'esprit, est incontestablement bon pour l'\u00e2me. Et la philosophie est ce qui existe de mieux pour accompagner le vin. En pensant avec le vin, vous n'apprenez pas seulement \u00e0 boire en pensant mais \u00e0 penser en buvant.","authors":["Roger Scruton","Elsa Boyer"],"category_codes":["9000000","9080000","9080200","9080204"],"visuals":{"large":"https:\/\/images.epagine.fr\/942\/9782234064942_1_75.jpg","medium":"https:\/\/images.epagine.fr\/942\/9782234064942_1_m.jpg","thumbnail":"https:\/\/images.epagine.fr\/942\/9782234064942_1_v.jpg"},"orderable":true,"show_badge":true,"formatted_price":"25,00&nbsp;\u20ac","formatted_published_date":"30 mars 2011","publisher_availability_label":"Sur commande","short_details":"Roger Scruton, Elsa Boyer \u2014 Stock","translator":"ELSA BOYER","weight":295,"page_count":288,"readership":null,"editor":"Stock","price":2500,"published_date":"2011-03-29T22:00:00.000000Z","support":"Grand format","publisher_availability":1,"stock":0,"editions":[],"url":"https:\/\/quaidesbrumes.com\/ouvrage\/9782234064942\/je-bois-donc-je-suis"},{"id":"9782723305488","title":"Autour d'Emerson ; la pens\u00e9e am\u00e9ricaine","description":null,"authors":["Regis Michaud"],"category_codes":["9000000","9080000"],"visuals":{"large":"https:\/\/images.epagine.fr\/488\/9782723305488_1_75.jpg","medium":"https:\/\/images.epagine.fr\/488\/9782723305488_1_m.jpg","thumbnail":"https:\/\/images.epagine.fr\/488\/9782723305488_1_v.jpg"},"orderable":true,"show_badge":true,"formatted_price":"28,00&nbsp;\u20ac","formatted_published_date":"8 janvier 2008","publisher_availability_label":"Sur commande","short_details":"Regis Michaud \u2014 Nouvelles Editions Latines","translator":null,"weight":300,"page_count":250,"readership":null,"editor":"Nouvelles Editions Latines","price":2800,"published_date":"2008-01-07T23:00:00.000000Z","support":"Grand format","publisher_availability":1,"stock":0,"editions":[],"url":"https:\/\/quaidesbrumes.com\/ouvrage\/9782723305488\/autour-demerson-la-pensee-americaine"},{"id":"9782296138292","title":"Variations sur la paradoxe IV Tome 1 ; de l'inconscient au conscient ; psychanalyse, science, philosophie","description":"La conscience, si elle se regarde dans un miroir de mots, c'est pour scruter ses limites. Elle va ainsi de pair avec un compagnonnage souvent paradoxal avec l'une de ses figures : l'inconscient. Si celui-ci multiplie les tours de passe-passe, elle essaie de le remettre \u00e0 sa place de subordonn\u00e9, et tout recommence. C'est donc l'existence th\u00e9orique d'un m\u00e9nage que certains pr\u00e9tendent mal assorti qui est l'objet de ce livre. Leur conflit traverse les sc\u00e8nes psychanalytique, scientifique, philosophique, neurobiologique.\r","authors":["Edmundo Morim de carvalho"],"category_codes":["9000000","9080000","9080200"],"visuals":{"large":"https:\/\/images.epagine.fr\/292\/9782296138292_1_75.jpg","medium":"https:\/\/images.epagine.fr\/292\/9782296138292_1_m.jpg","thumbnail":"https:\/\/images.epagine.fr\/292\/9782296138292_1_v.jpg"},"orderable":true,"show_badge":true,"formatted_price":"39,00&nbsp;\u20ac","formatted_published_date":"22 d\u00e9cembre 2010","publisher_availability_label":"Sur commande","short_details":"Edmundo Morim de carvalho \u2014 \u00c9ditions L'Harmattan","translator":null,"weight":649,"page_count":409,"readership":null,"editor":"\u00c9ditions L'Harmattan","price":3900,"published_date":"2010-12-21T23:00:00.000000Z","support":"Grand format","publisher_availability":1,"stock":0,"editions":[],"url":"https:\/\/quaidesbrumes.com\/ouvrage\/9782296138292\/variations-sur-la-paradoxe-iv-tome-1-de-linconscient-au-conscient-psychanalyse-science-philosophie"},{"id":"9782013387170","title":"Cours de philosophie positive. tome 5","description":"Cours de philosophie positive. [Tome 5] \/ par M. Auguste Comte,...\r\nDate de l'\u00e9dition originale : 1830 Sujet de l'ouvrage : Positivisme Ce livre est la reproduction fid\u00e8le d une uvre publi\u00e9e avant 1920 et fait partie d une collection de livres r\u00e9imprim\u00e9s \u00e0 la demande \u00e9dit\u00e9e par Hachette Livre, dans le cadre d un partenariat avec la Biblioth\u00e8que nationale de France, offrant l opportunit\u00e9 d acc\u00e9der \u00e0 des ouvrages anciens et souvent rares issus des fonds patrimoniaux de la BnF.\r\nLes uvres faisant partie de cette collection ont \u00e9t\u00e9 num\u00e9ris\u00e9es par la BnF et sont pr\u00e9sentes sur Gallica, sa biblioth\u00e8que num\u00e9rique.\r\n\r\nEn entreprenant de redonner vie \u00e0 ces ouvrages au travers d une collection de livres r\u00e9imprim\u00e9s \u00e0 la demande, nous leur donnons la possibilit\u00e9 de rencontrer un public \u00e9largi et participons \u00e0 la transmission de connaissances et de savoirs parfois difficilement accessibles.\r\nNous avons cherch\u00e9 \u00e0 concilier la reproduction fid\u00e8le d un livre ancien \u00e0 partir de sa version num\u00e9ris\u00e9e avec le souci d un confort de lecture optimal. Nous esp\u00e9rons que les ouvrages de cette nouvelle collection vous apporteront enti\u00e8re satisfaction.\r\n\r\nPour plus d informations, rendez-vous sur www.hachettebnf.fr\r","authors":["Auguste Comte"],"category_codes":["9000000","9080000","9080600"],"visuals":{"large":"https:\/\/images.epagine.fr\/170\/9782013387170_1_75.jpg","medium":"https:\/\/images.epagine.fr\/170\/9782013387170_1_m.jpg","thumbnail":"https:\/\/images.epagine.fr\/170\/9782013387170_1_v.jpg"},"orderable":true,"show_badge":true,"formatted_price":"40,50&nbsp;\u20ac","formatted_published_date":"1er septembre 2014","publisher_availability_label":"Sur commande","short_details":"Auguste Comte \u2014 Hachette BNF","translator":null,"weight":1077,"page_count":null,"readership":null,"editor":"Hachette BNF","price":4050,"published_date":"2014-08-31T22:00:00.000000Z","support":"Grand format","publisher_availability":1,"stock":0,"editions":[],"url":"https:\/\/quaidesbrumes.com\/ouvrage\/9782013387170\/cours-de-philosophie-positive-tome-5"},{"id":"9782894890424","title":"Tol\u00e9rance, Pluralisme et Histoire","description":"Quels rapports entre la tol\u00e9rance et le pluralisme ? La tol\u00e9rance est-elle une notion d\u00e9pass\u00e9e que d'autres formes de respect des opinions et des moeurs des autres devraient remplacer ? Quels liens y a-t-il entre la tol\u00e9rance etnos pratiques en ce qui concerne l'immigration, ou entre le pluralisme et l'imp\u00e9rialisme ? Telles sont certaines questions auxquelles cet ouvrage, rassemblant philosophes, historiens et juristes en provenance de France et du Canada, tente de r\u00e9pondre dans le cadre d'une r\u00e9flexion sur l'histoire et la philosophie du droit.","authors":[],"category_codes":["9000000","9080000"],"visuals":{"large":"https:\/\/images.epagine.fr\/424\/9782894890424_1_75.jpg","medium":"https:\/\/images.epagine.fr\/424\/9782894890424_1_m.jpg","thumbnail":"https:\/\/images.epagine.fr\/424\/9782894890424_1_v.jpg"},"orderable":true,"show_badge":true,"formatted_price":"22,50&nbsp;\u20ac","formatted_published_date":"3 mai 2000","publisher_availability_label":"Sur commande","short_details":"\u00c9ditions L'Harmattan","translator":null,"weight":244,"page_count":224,"readership":null,"editor":"\u00c9ditions L'Harmattan","price":2250,"published_date":"2000-05-02T22:00:00.000000Z","support":"Grand format","publisher_availability":1,"stock":0,"editions":[],"url":"https:\/\/quaidesbrumes.com\/ouvrage\/9782894890424\/tolerance-pluralisme-et-histoire"}]}