{"data":[{"id":"9782723305464","title":"Id\u00e9alisme et r\u00e9alisme","description":null,"authors":["Eugene De Faye"],"category_codes":["9000000","9080000"],"visuals":{"large":"https:\/\/images.epagine.fr\/464\/9782723305464_1_75.jpg","medium":"https:\/\/images.epagine.fr\/464\/9782723305464_1_m.jpg","thumbnail":"https:\/\/images.epagine.fr\/464\/9782723305464_1_v.jpg"},"orderable":true,"show_badge":true,"formatted_price":"19,00&nbsp;\u20ac","formatted_published_date":"8 janvier 2008","publisher_availability_label":"Sur commande","short_details":"Eugene De Faye \u2014 Nouvelles Editions Latines","translator":null,"weight":300,"page_count":260,"readership":null,"editor":"Nouvelles Editions Latines","price":1900,"published_date":"2008-01-07T23:00:00.000000Z","support":"Grand format","publisher_availability":1,"stock":0,"editions":[],"url":"https:\/\/quaidesbrumes.com\/ouvrage\/9782723305464\/idealisme-et-realisme"},{"id":"9782723303996","title":"Actualit\u00e9 de la philosophie ; actes du Congr\u00e8s, 13-14 octobre 1989","description":null,"authors":["Fplc"],"category_codes":["9000000","9080000"],"visuals":{"large":"https:\/\/images.epagine.fr\/996\/9782723303996_1_75.jpg","medium":"https:\/\/images.epagine.fr\/996\/9782723303996_1_m.jpg","thumbnail":"https:\/\/images.epagine.fr\/996\/9782723303996_1_v.jpg"},"orderable":true,"show_badge":true,"formatted_price":"19,00&nbsp;\u20ac","formatted_published_date":"8 janvier 2008","publisher_availability_label":"Sur commande","short_details":"Fplc \u2014 Nouvelles Editions Latines","translator":null,"weight":300,"page_count":390,"readership":null,"editor":"Nouvelles Editions Latines","price":1900,"published_date":"2008-01-07T23:00:00.000000Z","support":"Grand format","publisher_availability":1,"stock":0,"editions":[],"url":"https:\/\/quaidesbrumes.com\/ouvrage\/9782723303996\/actualite-de-la-philosophie-actes-du-congres-13-14-octobre-1989"},{"id":"9782711643042","title":"Variations sur le theme du kairos de socrate a denys","description":"E. Moutsopoulos, philosophe, historien de la philosophie et esth\u00e9ticien, a men\u00e9 des recherches sur l'ontologie, l'\u00e9pist\u00e9mologie, la philosophie de l'art, des valeurs et de l'histoire, recherches dont la notion de kairos constitue la r\u00e9f\u00e9rence commune et comme la trame permanente. Il parcourt ici la philosophie grecque, de Socrate \u00e0 Denys, pour t\u00e2cher d'\u00e9lucider ce que recouvre cette notion si particuli\u00e8re d'\u00ab instant propice \u00bb, de \u00abmoment-ou-jamais \u00bb","authors":["Evanghelos Moutsopoulos"],"category_codes":["9000000","9080000","9080200","9080204"],"visuals":{"large":"https:\/\/quaidesbrumes.com\/img\/book-placeholder.png","medium":"https:\/\/quaidesbrumes.com\/img\/book-placeholder.png","thumbnail":"https:\/\/quaidesbrumes.com\/img\/book-placeholder.png"},"orderable":true,"show_badge":true,"formatted_price":"38,00&nbsp;\u20ac","formatted_published_date":"12 mars 2004","publisher_availability_label":"Sur commande","short_details":"Evanghelos Moutsopoulos \u2014 Vrin","translator":null,"weight":0,"page_count":208,"readership":null,"editor":"Vrin","price":3800,"published_date":"2004-03-11T23:00:00.000000Z","support":"Grand format","publisher_availability":1,"stock":0,"editions":[],"url":"https:\/\/quaidesbrumes.com\/ouvrage\/9782711643042\/variations-sur-le-theme-du-kairos-de-socrate-a-denys"},{"id":"9782916484006","title":"Numero 2007","description":null,"authors":["Periodique"],"category_codes":["9000000","9080000","9080700"],"visuals":{"large":"https:\/\/quaidesbrumes.com\/img\/book-placeholder.png","medium":"https:\/\/quaidesbrumes.com\/img\/book-placeholder.png","thumbnail":"https:\/\/quaidesbrumes.com\/img\/book-placeholder.png"},"orderable":true,"show_badge":true,"formatted_price":"23,00&nbsp;\u20ac","formatted_published_date":"31 janvier 2007","publisher_availability_label":"Sur commande","short_details":"Periodique \u2014 Promotion De Phenomenologie","translator":null,"weight":500,"page_count":null,"readership":null,"editor":"Promotion De Phenomenologie","price":2300,"published_date":"2007-01-30T23:00:00.000000Z","support":"Grand format","publisher_availability":1,"stock":0,"editions":[],"url":"https:\/\/quaidesbrumes.com\/ouvrage\/9782916484006\/numero-2007"},{"id":"9782916484044","title":"Numero 2009","description":null,"authors":["Periodique"],"category_codes":["9000000","9080000","9080700"],"visuals":{"large":"https:\/\/quaidesbrumes.com\/img\/book-placeholder.png","medium":"https:\/\/quaidesbrumes.com\/img\/book-placeholder.png","thumbnail":"https:\/\/quaidesbrumes.com\/img\/book-placeholder.png"},"orderable":true,"show_badge":true,"formatted_price":"20,00&nbsp;\u20ac","formatted_published_date":"31 janvier 2009","publisher_availability_label":"Sur commande","short_details":"Periodique \u2014 Promotion De Phenomenologie","translator":null,"weight":500,"page_count":null,"readership":null,"editor":"Promotion De Phenomenologie","price":2000,"published_date":"2009-01-30T23:00:00.000000Z","support":"Grand format","publisher_availability":1,"stock":0,"editions":[],"url":"https:\/\/quaidesbrumes.com\/ouvrage\/9782916484044\/numero-2009"},{"id":"9782204096355","title":"L'humanisme en question","description":"Autrement, qu'\u00e0 l'aide des  moyens dont vous disposez. Le p\u00e9ril, dans une telle situation,  est toutefois de croire que ces moyens de fortune sont fiables  et solides, quelle que soit la d\u00e9couverte \u00e0 faire. Il suffit donc  d'apprendre qu'ils ne le sont pas forc\u00e9ment. \r\nAinsi devient-il  possible d'avancer jusqu'au point o\u00f9 vous pourrez discerner  qu'ils sont en r\u00e9alit\u00e9 l'obstacle m\u00eame vous emp\u00eachant de  reconna\u00eetre comme inconnu ce que vous avez pourtant sous les  yeux, sans le voir. Le pr\u00e9sent livre n'a d'autre ambition que de  nous rendre capables de lire ce que Martin Heidegger cherche  \u00e0 dire au sujet de l'humaine condition, dont il reste \u00e0  s'acquitter.","authors":["Fran\u00e7ois F\u00e9dier"],"category_codes":["9000000","9080000"],"visuals":{"large":"https:\/\/images.epagine.fr\/355\/9782204096355_1_75.jpg","medium":"https:\/\/images.epagine.fr\/355\/9782204096355_1_m.jpg","thumbnail":"https:\/\/images.epagine.fr\/355\/9782204096355_1_v.jpg"},"orderable":true,"show_badge":true,"formatted_price":"42,90&nbsp;\u20ac","formatted_published_date":"31 mai 2012","publisher_availability_label":"Sur commande","short_details":"Fran\u00e7ois F\u00e9dier \u2014 Les \u00e9ditions du Cerf","translator":null,"weight":604,"page_count":528,"readership":null,"editor":"Les \u00e9ditions du Cerf","price":4290,"published_date":"2012-05-30T22:00:00.000000Z","support":"Grand format","publisher_availability":1,"stock":0,"editions":[],"url":"https:\/\/quaidesbrumes.com\/ouvrage\/9782204096355\/lhumanisme-en-question"},{"id":"9782916236155","title":"Vastes solitudes","description":"Le monde est d\u00e9vast\u00e9, la r\u00e9alit\u00e9 fauss\u00e9e, l'ennui g\u00e9n\u00e9ralis\u00e9, le spectacle idol\u00e2tr\u00e9 ? Qu'\u00e0 cela ne tienne, la solitude est vaste. Elle rec\u00e8le d'autres mondes, d'autres libert\u00e9s, d'infinies richesses que seuls l'amour et la pens\u00e9e connaissent. Afin de sortir de l'impasse contemporaine, les deux h\u00e9ros de ce livre, un homme et une femme, se vident de la soci\u00e9t\u00e9 pour ne jouir que du Temps. Ils vivent dans une petite maison en bordure de ville, \u00e0 hauteur respectable des tribulations urbaines. La campagne et la for\u00eat se hument toutes proches, les montagnes offrent leur horizon en dents de scie. Alvia l'amazonienne est musicienne et brasse l'air de sa noblesse, tandis que lui se joue des mots et prend des notes. Il a referm\u00e9 ses cahiers de d\u00e9sespoir le jour o\u00f9 il a r\u00e9gl\u00e9 sa vie selon les joies qu'exprime encore le r\u00e9el. Tous deux s'aiment de nier la mort, mais l'Amour ne les a pas rendu aveugles. Ils ressuscitent donc chaque jour et leur projet est le bonheur, ce mot d'apr\u00e8s jouissance qui n'est su que lorsqu'il se vit. L'amour comme salut ? Sans rancoeur ni aigreur ? Sans aucun sentimentalisme ? Le paradis, l\u00e0, maintenant ? Oui.","authors":["Franck Aria"],"category_codes":["9000000","9080000","9080200","9080204"],"visuals":{"large":"https:\/\/images.epagine.fr\/155\/9782916236155_1_75.jpg","medium":"https:\/\/images.epagine.fr\/155\/9782916236155_1_m.jpg","thumbnail":"https:\/\/images.epagine.fr\/155\/9782916236155_1_v.jpg"},"orderable":true,"show_badge":true,"formatted_price":"14,00&nbsp;\u20ac","formatted_published_date":"6 janvier 2012","publisher_availability_label":"Sur commande","short_details":"Franck Aria \u2014 Arhsens","translator":null,"weight":200,"page_count":null,"readership":null,"editor":"Arhsens","price":1400,"published_date":"2012-01-05T23:00:00.000000Z","support":"Grand format","publisher_availability":1,"stock":0,"editions":[],"url":"https:\/\/quaidesbrumes.com\/ouvrage\/9782916236155\/vastes-solitudes"},{"id":"9782329838908","title":"Critique de la Critique de la recherche de la v\u00e9rit\u00e9, pour r\u00e9ponse \u00e0 la lettre d'un Acad\u00e9micien","description":"Critique de la \"Critique de la recherche de la v\u00e9rit\u00e9\", o\u00f9 l'on d\u00e9couvre le chemin qui conduit aux connoissances solides , pour servir de r\u00e9ponse \u00e0 la Lettre d'un Acad\u00e9micien\r\nDate de l'\u00e9dition originale : 1675\r\nLe pr\u00e9sent ouvrage s'inscrit dans une politique de conservation patrimoniale des ouvrages de la litt\u00e9rature Fran\u00e7aise mise en place avec la BNF. \r\nHACHETTE LIVRE et la BNF proposent ainsi un catalogue de titres indisponibles, la BNF ayant num\u00e9ris\u00e9 ces oeuvres et HACHETTE LIVRE les imprimant \u00e0 la demande. \r\nCertains de ces ouvrages refl\u00e8tent des courants de pens\u00e9e caract\u00e9ristiques de leur \u00e9poque, mais qui seraient aujourd'hui jug\u00e9s condamnables. \r\nIls n'en appartiennent pas moins \u00e0 l'histoire des id\u00e9es en France et sont susceptibles de pr\u00e9senter un int\u00e9r\u00eat scientifique ou historique. \r\nLe sens de notre d\u00e9marche \u00e9ditoriale consiste ainsi \u00e0 permettre l'acc\u00e8s \u00e0 ces oeuvres sans pour autant que nous en cautionnions en aucune fa\u00e7on le contenu. \r\nPour plus d'informations, rendez-vous sur www.hachettebnf.fr","authors":["Robert Desgabets"],"category_codes":["9000000","9080000"],"visuals":{"large":"https:\/\/quaidesbrumes.com\/img\/book-placeholder.png","medium":"https:\/\/quaidesbrumes.com\/img\/book-placeholder.png","thumbnail":"https:\/\/quaidesbrumes.com\/img\/book-placeholder.png"},"orderable":true,"show_badge":true,"formatted_price":"20,50&nbsp;\u20ac","formatted_published_date":"29 d\u00e9cembre 2022","publisher_availability_label":"Sur commande","short_details":"Robert Desgabets \u2014 Hachette BNF","translator":null,"weight":316,"page_count":232,"readership":null,"editor":"Hachette BNF","price":2050,"published_date":"2022-12-28T23:00:00.000000Z","support":"Grand format","publisher_availability":1,"stock":0,"editions":[],"url":"https:\/\/quaidesbrumes.com\/ouvrage\/9782329838908\/critique-de-la-critique-de-la-recherche-de-la-verite-pour-reponse-a-la-lettre-dun-academicien"},{"id":"9782329837956","title":"La tristesse contemporaine","description":"La tristesse contemporaine : essai sur les grands courants moraux et intellectuels du XIXe si\u00e8cle \/ par H. Fierens-Gevaert\r\nDate de l'\u00e9dition originale : 1899\r\nLe pr\u00e9sent ouvrage s'inscrit dans une politique de conservation patrimoniale des ouvrages de la litt\u00e9rature Fran\u00e7aise mise en place avec la BNF. \r\nHACHETTE LIVRE et la BNF proposent ainsi un catalogue de titres indisponibles, la BNF ayant num\u00e9ris\u00e9 ces oeuvres et HACHETTE LIVRE les imprimant \u00e0 la demande. \r\nCertains de ces ouvrages refl\u00e8tent des courants de pens\u00e9e caract\u00e9ristiques de leur \u00e9poque, mais qui seraient aujourd'hui jug\u00e9s condamnables. \r\nIls n'en appartiennent pas moins \u00e0 l'histoire des id\u00e9es en France et sont susceptibles de pr\u00e9senter un int\u00e9r\u00eat scientifique ou historique. \r\nLe sens de notre d\u00e9marche \u00e9ditoriale consiste ainsi \u00e0 permettre l'acc\u00e8s \u00e0 ces oeuvres sans pour autant que nous en cautionnions en aucune fa\u00e7on le contenu. \r\nPour plus d'informations, rendez-vous sur www.hachettebnf.fr","authors":["Hippolyte Fierens-Gevaert"],"category_codes":["9000000","9080000","9080600"],"visuals":{"large":"https:\/\/quaidesbrumes.com\/img\/book-placeholder.png","medium":"https:\/\/quaidesbrumes.com\/img\/book-placeholder.png","thumbnail":"https:\/\/quaidesbrumes.com\/img\/book-placeholder.png"},"orderable":true,"show_badge":true,"formatted_price":"20,50&nbsp;\u20ac","formatted_published_date":"29 d\u00e9cembre 2022","publisher_availability_label":"Sur commande","short_details":"Hippolyte Fierens-Gevaert \u2014 Hachette BNF","translator":null,"weight":297,"page_count":230,"readership":null,"editor":"Hachette BNF","price":2050,"published_date":"2022-12-28T23:00:00.000000Z","support":"Grand format","publisher_availability":1,"stock":0,"editions":[],"url":"https:\/\/quaidesbrumes.com\/ouvrage\/9782329837956\/la-tristesse-contemporaine"},{"id":"9782812403491","title":"Savoir imm\u00e9diat et savoir absolu : La lecture de Jacobi par Hegel","description":"Pourquoi Hegel n'a-t-il cess\u00e9 de s'int\u00e9resser \u00e0 la pens\u00e9e de Jacobi, depuis T\u00fcbingen jusqu'aux textes de Berlin sur les positions de la pens\u00e9e par rapport \u00e0 l'objectivit\u00e9? Il s'agit de montrer que la pol\u00e9mique initiale contre un subjectivisme qui indique la pr\u00e9sence d'un irrationalisme au coeur des philosophies de la r\u00e9flexion fait place \u00e0 une reconnaissance des m\u00e9rites sp\u00e9culatifs de la pens\u00e9e de Jacobi, dissimul\u00e9s sous une m\u00e9taphysique de l'imm\u00e9diatet\u00e9 qui est pour Hegel le paradigme m\u00eame du dogmatisme.","authors":["Jean-michel Bu\u00e9e"],"category_codes":["9000000","9080000","9080200","9080204"],"visuals":{"large":"https:\/\/images.epagine.fr\/491\/9782812403491_1_75.jpg","medium":"https:\/\/images.epagine.fr\/491\/9782812403491_1_m.jpg","thumbnail":"https:\/\/images.epagine.fr\/491\/9782812403491_1_v.jpg"},"orderable":true,"show_badge":true,"formatted_price":"28,00&nbsp;\u20ac","formatted_published_date":"5 janvier 2012","publisher_availability_label":"Sur commande","short_details":"Jean-michel Bu\u00e9e \u2014 CLASSIQUES GARNIER","translator":null,"weight":374,"page_count":222,"readership":null,"editor":"CLASSIQUES GARNIER","price":2800,"published_date":"2012-01-04T23:00:00.000000Z","support":"Grand format","publisher_availability":1,"stock":0,"editions":["9782406202622"],"url":"https:\/\/quaidesbrumes.com\/ouvrage\/9782812403491\/savoir-immediat-et-savoir-absolu-la-lecture-de-jacobi-par-hegel"},{"id":"9782312020679","title":"\u00e0 l'\u00e9cole de la vie r\u00e9elle","description":"Que la pens\u00e9e du lecteur soit plong\u00e9e dans les r\u00e9alit\u00e9s de la vie ! Cet ouvrage est le parcours r\u00e9f\u00e9rent d'un cycle de formation philosophique intitul\u00e9 : De la philosophie grecque \u00e0 la personne humaine. Ce parcours implique une d\u00e9marche de fond partant de l'exp\u00e9rience humaine, qualitative et existentielle. Ne sommes-nous pas trop souvent enferm\u00e9s dans la forme sans nous tourner vers ce qui donne sens \u00e0 la vie : la finalit\u00e9 ? Ce livre pose un regard authentique sur la personne humaine.","authors":["Jean D'Alancon"],"category_codes":["9000000","9080000"],"visuals":{"large":"https:\/\/images.epagine.fr\/679\/9782312020679_1_75.jpg","medium":"https:\/\/images.epagine.fr\/679\/9782312020679_1_m.jpg","thumbnail":"https:\/\/images.epagine.fr\/679\/9782312020679_1_v.jpg"},"orderable":true,"show_badge":true,"formatted_price":"13,00&nbsp;\u20ac","formatted_published_date":"29 janvier 2014","publisher_availability_label":"Sur commande","short_details":"Jean D'Alancon \u2014 Editions du Net","translator":null,"weight":349,"page_count":194,"readership":null,"editor":"Editions du Net","price":1300,"published_date":"2014-01-28T23:00:00.000000Z","support":"Grand format","publisher_availability":1,"stock":0,"editions":[],"url":"https:\/\/quaidesbrumes.com\/ouvrage\/9782312020679\/a-lecole-de-la-vie-reelle"},{"id":"9782013550468","title":"Emile chretien, consacre a l'utilite publique. volume 4","description":"\u00c9mile chr\u00e9tien, consacr\u00e9 \u00e0 l'utilit\u00e9 publique. [Volume 4] \/ r\u00e9d. par M. Formey,...\r\nDate de l'\u00e9dition originale : 1764 Ce livre est la reproduction fid\u00e8le d'une oeuvre publi\u00e9e avant 1920 et fait partie d'une collection de livres r\u00e9imprim\u00e9s \u00e0 la demande \u00e9dit\u00e9e par Hachette Livre, dans le cadre d'un partenariat avec la Biblioth\u00e8que nationale de France, offrant l'opportunit\u00e9 d'acc\u00e9der \u00e0 des ouvrages anciens et souvent rares issus des fonds patrimoniaux de la BnF.\r\nLes oeuvres faisant partie de cette collection ont \u00e9t\u00e9 num\u00e9ris\u00e9es par la BnF et sont pr\u00e9sentes sur Gallica, sa biblioth\u00e8que num\u00e9rique.\r\n\r\nEn entreprenant de redonner vie \u00e0 ces ouvrages au travers d'une collection de livres r\u00e9imprim\u00e9s \u00e0 la demande, nous leur donnons la possibilit\u00e9 de rencontrer un public \u00e9largi et participons \u00e0 la transmission de connaissances et de savoirs parfois difficilement accessibles.\r\nNous avons cherch\u00e9 \u00e0 concilier la reproduction fid\u00e8le d'un livre ancien \u00e0 partir de sa version num\u00e9ris\u00e9e avec le souci d'un confort de lecture optimal. Nous esp\u00e9rons que les ouvrages de cette nouvelle collection vous apporteront enti\u00e8re satisfaction.\r\n\r\nPour plus d'informations, rendez-vous sur www.hachettebnf.fr","authors":["Formey J H S."],"category_codes":["9000000","9080000","9080600"],"visuals":{"large":"https:\/\/images.epagine.fr\/468\/9782013550468_1_75.jpg","medium":"https:\/\/images.epagine.fr\/468\/9782013550468_1_m.jpg","thumbnail":"https:\/\/images.epagine.fr\/468\/9782013550468_1_v.jpg"},"orderable":true,"show_badge":true,"formatted_price":"20,50&nbsp;\u20ac","formatted_published_date":"1er d\u00e9cembre 2016","publisher_availability_label":"Sur commande","short_details":"Formey J H S. \u2014 Hachette BNF","translator":null,"weight":346,"page_count":null,"readership":null,"editor":"Hachette BNF","price":2050,"published_date":"2016-11-30T23:00:00.000000Z","support":"Grand format","publisher_availability":1,"stock":0,"editions":[],"url":"https:\/\/quaidesbrumes.com\/ouvrage\/9782013550468\/emile-chretien-consacre-a-lutilite-publique-volume-4"},{"id":"9782894890387","title":"La Vie des Normes et l'esprit des Lois","description":"Les auteurs de tendances diverses et divergentes auxquels des coll\u00e8gues d'autres disciplines ont bien voulu s'associer, tentent dans cet ouvrage de permettre au lecteur de se faire une id\u00e9e de la complexit\u00e9 des probl\u00e8mes d'application du droit et de l'\u00e9thique. Aujourd'hui l'av\u00e8nement des \u00e9thiques appliqu\u00e9es conf\u00e8re aux d\u00e9bats sur l'application des normes \u00e9thiques une vigueur particuli\u00e8re. Le but de ce livre est de mieux faire conna\u00eetre les positions en pr\u00e9sence.","authors":["Lukas K. Sosoe"],"category_codes":["7000000","7010000","7010600"],"visuals":{"large":"https:\/\/images.epagine.fr\/387\/9782894890387_1_75.jpg","medium":"https:\/\/images.epagine.fr\/387\/9782894890387_1_m.jpg","thumbnail":"https:\/\/images.epagine.fr\/387\/9782894890387_1_v.jpg"},"orderable":true,"show_badge":true,"formatted_price":"41,50&nbsp;\u20ac","formatted_published_date":"3 mai 2000","publisher_availability_label":"Sur commande","short_details":"Lukas K. Sosoe \u2014 \u00c9ditions L'Harmattan","translator":null,"weight":522,"page_count":502,"readership":null,"editor":"\u00c9ditions L'Harmattan","price":4150,"published_date":"2000-05-02T22:00:00.000000Z","support":"Grand format","publisher_availability":1,"stock":0,"editions":[],"url":"https:\/\/quaidesbrumes.com\/ouvrage\/9782894890387\/la-vie-des-normes-et-lesprit-des-lois"},{"id":"9789604040063","title":"Structure, pr\u00e9sence et fonctions du ka\u00efros chez Proclus","description":"La notion de kairos est une exclusivit\u00e9 de la langue et de la pens\u00e9e grecques. Le terme d\u00e9riv\u00e9 de \u00ab kairicit\u00e9 \u00bb vient, \u00e0 son tour, enrichir le vocabulaire de la philosophie contemporaine pour marquer le dynamisme d'une attitude de la conscience face \u00e0 soi et au monde. Quant \u00e0 la notion m\u00eame de kairos, apr\u00e8s avoir hant\u00e9 la pens\u00e9e de plus d'un philosophe de l'antiquit\u00e9, elle a trouv\u00e9 son expression la plus appropri\u00e9e dans le syst\u00e8me de Proclus, charni\u00e8re m\u00e9di\u00e9vale qui relie les deux volets, ancien et moderne, du questionnement philosophique.","authors":["Evanghelos Moutsopoulos"],"category_codes":["9000000","9080000","9080200","9080204"],"visuals":{"large":"https:\/\/images.epagine.fr\/063\/9789604040063_1_75.jpg","medium":"https:\/\/images.epagine.fr\/063\/9789604040063_1_m.jpg","thumbnail":"https:\/\/images.epagine.fr\/063\/9789604040063_1_v.jpg"},"orderable":true,"show_badge":true,"formatted_price":"40,00&nbsp;\u20ac","formatted_published_date":"12 mars 2004","publisher_availability_label":"Sur commande","short_details":"Evanghelos Moutsopoulos \u2014 Vrin","translator":null,"weight":0,"page_count":null,"readership":null,"editor":"Vrin","price":4000,"published_date":"2004-03-11T23:00:00.000000Z","support":"Grand format","publisher_availability":1,"stock":0,"editions":[],"url":"https:\/\/quaidesbrumes.com\/ouvrage\/9789604040063\/structure-presence-et-fonctions-du-kairos-chez-proclus"},{"id":"9782296120419","title":"Essai sur la probl\u00e9matologie philosophique ; approche critique et applicative","description":"Dans cet ouvrage l'auteur propose une investigation sur un nouveau concept de la philosophie contemporaine, la probl\u00e9matologie, au centre duquel on retrouve l'analyse du concept de probl\u00e8me et de son corollaire, le questionnement. La premi\u00e8re partie de l'ouvrage est une approche th\u00e9orique sur quelques aspects fondamentaux de la probl\u00e9matologie. La seconde partie est une application du mod\u00e8le th\u00e9orique \u00e0 trois ouvrages fondamentaux de l'histoire de la philosophie : Th\u00e9\u00e9t\u00e8te de Platon, le trait\u00e9 Ethique de Spinoza et L'exp\u00e9rience de la pens\u00e9e de Heidegger.","authors":["Constantin Salavastru"],"category_codes":["9000000","9080000","9080200","9080204"],"visuals":{"large":"https:\/\/images.epagine.fr\/419\/9782296120419_1_75.jpg","medium":"https:\/\/images.epagine.fr\/419\/9782296120419_1_m.jpg","thumbnail":"https:\/\/images.epagine.fr\/419\/9782296120419_1_v.jpg"},"orderable":true,"show_badge":true,"formatted_price":"22,50&nbsp;\u20ac","formatted_published_date":"23 avril 2010","publisher_availability_label":"Sur commande","short_details":"Constantin Salavastru \u2014 \u00c9ditions L'Harmattan","translator":null,"weight":265,"page_count":214,"readership":null,"editor":"\u00c9ditions L'Harmattan","price":2250,"published_date":"2010-04-22T22:00:00.000000Z","support":"Grand format","publisher_availability":1,"stock":0,"editions":[],"url":"https:\/\/quaidesbrumes.com\/ouvrage\/9782296120419\/essai-sur-la-problematologie-philosophique-approche-critique-et-applicative"},{"id":"9782296124189","title":"Philosophie et probl\u00e9matique du d\u00e9veloppement","description":"Quel est le r\u00f4le de la philosophie dans les efforts th\u00e9oriques et pratiques pour le d\u00e9veloppement ? Les six textes de ce volume montrent quelques interrogations et autant de propositions th\u00e9oriques qui s'\u00e9laborent de nos jours \u00e0 propos du d\u00e9veloppement \u00e0 partir d'une posture de philosophe.","authors":["Emile Kenmogne"],"category_codes":["9000000","9080000","9080200","9080204"],"visuals":{"large":"https:\/\/images.epagine.fr\/189\/9782296124189_1_75.jpg","medium":"https:\/\/images.epagine.fr\/189\/9782296124189_1_m.jpg","thumbnail":"https:\/\/images.epagine.fr\/189\/9782296124189_1_v.jpg"},"orderable":true,"show_badge":true,"formatted_price":"14,50&nbsp;\u20ac","formatted_published_date":"6 octobre 2010","publisher_availability_label":"Sur commande","short_details":"Emile Kenmogne \u2014 \u00c9ditions L'Harmattan","translator":null,"weight":190,"page_count":141,"readership":null,"editor":"\u00c9ditions L'Harmattan","price":1450,"published_date":"2010-10-05T22:00:00.000000Z","support":"Grand format","publisher_availability":1,"stock":0,"editions":[],"url":"https:\/\/quaidesbrumes.com\/ouvrage\/9782296124189\/philosophie-et-problematique-du-developpement"},{"id":"9782723300896","title":"Nietzsche ou l'esprit de contradiction","description":"Le livre de Tarmo Kunnas est une interpr\u00e9tation \u00e0 la fois philosophique, litt\u00e9raire et psychologique des \u00e9crits de Nietzsche. L'auteur veut montrer que le v\u00e9cu sous-tend les id\u00e9es de Nietzsche. La pens\u00e9e de ce dernier est en partie l'histoire de son \u00e2me, le reflet plus ou moins direct de ses joies et de ses souffrances. Il nous montre les limites et les faiblesses d'un homme malade. Mais il nous r\u00e9v\u00e8le aussi sa puissance intellectuelle.","authors":["Tarmo Kunnas"],"category_codes":["9000000","9080000","9080200","9080205"],"visuals":{"large":"https:\/\/images.epagine.fr\/896\/9782723300896_1_75.jpg","medium":"https:\/\/images.epagine.fr\/896\/9782723300896_1_m.jpg","thumbnail":"https:\/\/images.epagine.fr\/896\/9782723300896_1_v.jpg"},"orderable":true,"show_badge":true,"formatted_price":"19,00&nbsp;\u20ac","formatted_published_date":"8 janvier 2008","publisher_availability_label":"Sur commande","short_details":"Tarmo Kunnas \u2014 Nouvelles Editions Latines","translator":null,"weight":300,"page_count":268,"readership":null,"editor":"Nouvelles Editions Latines","price":1900,"published_date":"2008-01-07T23:00:00.000000Z","support":"Grand format","publisher_availability":1,"stock":0,"editions":[],"url":"https:\/\/quaidesbrumes.com\/ouvrage\/9782723300896\/nietzsche-ou-lesprit-de-contradiction"},{"id":"9782296121454","title":"Cahiers Simondon Tome 2","description":"Les articles r\u00e9unis dans ce num\u00e9ro traitent des th\u00e9matiques suivantes : perception et imagination dans les Cours de Psychologie de Simondon, la question de l'analogie, la comparaison entre les pens\u00e9es dites \"ontog\u00e9n\u00e9tiques\" de Piaget et de Simondon, la confrontation entre les critiques que Simondon et Heidegger adressent \u00e0 la tradition ontologique occidentale, l'examen d'un malentendu avec Agamben, et une r\u00e9flexion sur Penser apr\u00e8s Simondon et par-del\u00e0 Deleuze.","authors":["Jean-hugues Barth\u00e9lemy"],"category_codes":["9000000","9080000","9080200","9080204"],"visuals":{"large":"https:\/\/images.epagine.fr\/454\/9782296121454_1_75.jpg","medium":"https:\/\/images.epagine.fr\/454\/9782296121454_1_m.jpg","thumbnail":"https:\/\/images.epagine.fr\/454\/9782296121454_1_v.jpg"},"orderable":true,"show_badge":true,"formatted_price":"15,50&nbsp;\u20ac","formatted_published_date":"20 avril 2010","publisher_availability_label":"Sur commande","short_details":"Jean-hugues Barth\u00e9lemy \u2014 \u00c9ditions L'Harmattan","translator":null,"weight":192,"page_count":150,"readership":null,"editor":"\u00c9ditions L'Harmattan","price":1550,"published_date":"2010-04-19T22:00:00.000000Z","support":"Grand format","publisher_availability":1,"stock":0,"editions":[],"url":"https:\/\/quaidesbrumes.com\/ouvrage\/9782296121454\/cahiers-simondon-tome-2"},{"id":"9782296104167","title":"Vivre en Europe ; philosophie, politique et science aujourd'hui","description":"L'Europe est devenue un espace aux fronti\u00e8res incertaines dans lequel font irruption les probl\u00e8mes les plus divers : politiques d'immigration, d'hygi\u00e8ne, de sant\u00e9 et de s\u00e9curit\u00e9... Ces domaines ressortent de plus en plus de la comp\u00e9tence de l'Union, r\u00e9duisant la marge de manoeuvre des pays membres, et devenant ainsi l'objet d'une nouvelle citoyennet\u00e9, encore \u00e0 construire, floue et discriminatoire. La vie en commun a besoin de se nourrir d'id\u00e9es qui ne s'\u00e9puisent pas dans la pratique quotidienne, elle a besoin de voix qui, au-del\u00e0 de l'urgence des d\u00e9cisions, prennent de la distance.","authors":["Diogo Sardinha","Frieder otto Wolf","Bertrand Ogilvie"],"category_codes":["9000000","9080000","9080200","9080204"],"visuals":{"large":"https:\/\/images.epagine.fr\/167\/9782296104167_1_75.jpg","medium":"https:\/\/images.epagine.fr\/167\/9782296104167_1_m.jpg","thumbnail":"https:\/\/images.epagine.fr\/167\/9782296104167_1_v.jpg"},"orderable":true,"show_badge":true,"formatted_price":"27,00&nbsp;\u20ac","formatted_published_date":"5 mars 2010","publisher_availability_label":"Sur commande","short_details":"Diogo Sardinha, Frieder otto Wolf, Bertrand Ogilvie \u2014 \u00c9ditions L'Harmattan","translator":null,"weight":380,"page_count":null,"readership":null,"editor":"\u00c9ditions L'Harmattan","price":2700,"published_date":"2010-03-04T23:00:00.000000Z","support":"Grand format","publisher_availability":1,"stock":0,"editions":[],"url":"https:\/\/quaidesbrumes.com\/ouvrage\/9782296104167\/vivre-en-europe-philosophie-politique-et-science-aujourdhui"},{"id":"9782723308892","title":"La philosophie politique de Saint Thomas","description":null,"authors":["Jean-Louis Lagor"],"category_codes":["9000000","9080000"],"visuals":{"large":"https:\/\/images.epagine.fr\/892\/9782723308892_1_75.jpg","medium":"https:\/\/images.epagine.fr\/892\/9782723308892_1_m.jpg","thumbnail":"https:\/\/images.epagine.fr\/892\/9782723308892_1_v.jpg"},"orderable":true,"show_badge":true,"formatted_price":"9,00&nbsp;\u20ac","formatted_published_date":"8 janvier 2008","publisher_availability_label":"Sur commande","short_details":"Jean-Louis Lagor \u2014 Nouvelles Editions Latines","translator":null,"weight":300,"page_count":200,"readership":null,"editor":"Nouvelles Editions Latines","price":900,"published_date":"2008-01-07T23:00:00.000000Z","support":"Grand format","publisher_availability":1,"stock":0,"editions":[],"url":"https:\/\/quaidesbrumes.com\/ouvrage\/9782723308892\/la-philosophie-politique-de-saint-thomas"},{"id":"9782013550475","title":"Emile chretien, consacre a l'utilite publique. volume 3","description":"\u00c9mile chr\u00e9tien, consacr\u00e9 \u00e0 l'utilit\u00e9 publique. [Volume 3] \/ r\u00e9d. par M. Formey,...\r\nDate de l'\u00e9dition originale : 1764 Ce livre est la reproduction fid\u00e8le d'une oeuvre publi\u00e9e avant 1920 et fait partie d'une collection de livres r\u00e9imprim\u00e9s \u00e0 la demande \u00e9dit\u00e9e par Hachette Livre, dans le cadre d'un partenariat avec la Biblioth\u00e8que nationale de France, offrant l'opportunit\u00e9 d'acc\u00e9der \u00e0 des ouvrages anciens et souvent rares issus des fonds patrimoniaux de la BnF.\r\nLes oeuvres faisant partie de cette collection ont \u00e9t\u00e9 num\u00e9ris\u00e9es par la BnF et sont pr\u00e9sentes sur Gallica, sa biblioth\u00e8que num\u00e9rique.\r\n\r\nEn entreprenant de redonner vie \u00e0 ces ouvrages au travers d'une collection de livres r\u00e9imprim\u00e9s \u00e0 la demande, nous leur donnons la possibilit\u00e9 de rencontrer un public \u00e9largi et participons \u00e0 la transmission de connaissances et de savoirs parfois difficilement accessibles.\r\nNous avons cherch\u00e9 \u00e0 concilier la reproduction fid\u00e8le d'un livre ancien \u00e0 partir de sa version num\u00e9ris\u00e9e avec le souci d'un confort de lecture optimal. Nous esp\u00e9rons que les ouvrages de cette nouvelle collection vous apporteront enti\u00e8re satisfaction.\r\n\r\nPour plus d'informations, rendez-vous sur www.hachettebnf.fr","authors":["Formey J H S."],"category_codes":["9000000","9080000","9080600"],"visuals":{"large":"https:\/\/images.epagine.fr\/475\/9782013550475_1_75.jpg","medium":"https:\/\/images.epagine.fr\/475\/9782013550475_1_m.jpg","thumbnail":"https:\/\/images.epagine.fr\/475\/9782013550475_1_v.jpg"},"orderable":true,"show_badge":true,"formatted_price":"20,50&nbsp;\u20ac","formatted_published_date":"1er d\u00e9cembre 2016","publisher_availability_label":"Sur commande","short_details":"Formey J H S. \u2014 Hachette BNF","translator":null,"weight":332,"page_count":null,"readership":null,"editor":"Hachette BNF","price":2050,"published_date":"2016-11-30T23:00:00.000000Z","support":"Grand format","publisher_availability":1,"stock":0,"editions":[],"url":"https:\/\/quaidesbrumes.com\/ouvrage\/9782013550475\/emile-chretien-consacre-a-lutilite-publique-volume-3"},{"id":"9782012979185","title":"Timon-alceste, ou le misanthrope moderne, roman philosophique. tome 2","description":"Timon-Alceste, ou le Misanthrope moderne, roman philosophique, par M. Charlemagne, publi\u00e9 par Jules Janin.... Tome 2 Date de l'\u00e9dition originale : 1834 Ce livre est la reproduction fid\u00e8le d une uvre publi\u00e9e avant 1920 et fait partie d une collection de livres r\u00e9imprim\u00e9s \u00e0 la demande \u00e9dit\u00e9e par Hachette Livre, dans le cadre d un partenariat avec la Biblioth\u00e8que nationale de France, offrant l opportunit\u00e9 d acc\u00e9der \u00e0 des ouvrages anciens et souvent rares issus des fonds patrimoniaux de la BnF.\r\nLes uvres faisant partie de cette collection ont \u00e9t\u00e9 num\u00e9ris\u00e9es par la BnF et sont pr\u00e9sentes sur Gallica, sa biblioth\u00e8que num\u00e9rique.\r\n\r\nEn entreprenant de redonner vie \u00e0 ces ouvrages au travers d une collection de livres r\u00e9imprim\u00e9s \u00e0 la demande, nous leur donnons la possibilit\u00e9 de rencontrer un public \u00e9largi et participons \u00e0 la transmission de connaissances et de savoirs parfois difficilement accessibles.\r\nNous avons cherch\u00e9 \u00e0 concilier la reproduction fid\u00e8le d un livre ancien \u00e0 partir de sa version num\u00e9ris\u00e9e avec le souci d un confort de lecture optimal. Nous esp\u00e9rons que les ouvrages de cette nouvelle collection vous apporteront enti\u00e8re satisfaction.\r\n\r\nPour plus d informations, rendez-vous sur www.hachettebnf.fr","authors":["Charlemagne Armand"],"category_codes":["9000000","9080000"],"visuals":{"large":"https:\/\/images.epagine.fr\/185\/9782012979185_1_75.jpg","medium":"https:\/\/images.epagine.fr\/185\/9782012979185_1_m.jpg","thumbnail":"https:\/\/images.epagine.fr\/185\/9782012979185_1_v.jpg"},"orderable":true,"show_badge":true,"formatted_price":"28,50&nbsp;\u20ac","formatted_published_date":"1er juillet 2013","publisher_availability_label":"Sur commande","short_details":"Charlemagne Armand \u2014 Hachette BNF","translator":null,"weight":616,"page_count":null,"readership":null,"editor":"Hachette BNF","price":2850,"published_date":"2013-06-30T22:00:00.000000Z","support":"Grand format","publisher_availability":1,"stock":0,"editions":[],"url":"https:\/\/quaidesbrumes.com\/ouvrage\/9782012979185\/timon-alceste-ou-le-misanthrope-moderne-roman-philosophique-tome-2"},{"id":"9782806102737","title":"Chirurgie esth\u00e9tique et la dignit\u00e9 du corps humain : Recherche en philosophie de la m\u00e9decine","description":"Aujourd'hui dans notre soci\u00e9t\u00e9, s'interroger sur la signification que rev\u00eat le corps humain n'est pas une entreprise ais\u00e9e ; car, la nature et la valeur du corps humain sont au centre des questions philosophiques fondamentales. Et actuellement une de ces questions concerne l'interrogation \u00e9thique sur les manipulations non th\u00e9rapeutiques du corps humain par les technosciences parmi lesquelles la chirurgie esth\u00e9tique.","authors":["Olivier Nkulu Kabamba"],"category_codes":["9000000","9080000"],"visuals":{"large":"https:\/\/images.epagine.fr\/737\/9782806102737_1_75.jpg","medium":"https:\/\/images.epagine.fr\/737\/9782806102737_1_m.jpg","thumbnail":"https:\/\/images.epagine.fr\/737\/9782806102737_1_v.jpg"},"orderable":true,"show_badge":true,"formatted_price":"15,00&nbsp;\u20ac","formatted_published_date":"15 mars 2016","publisher_availability_label":"Sur commande","short_details":"Olivier Nkulu Kabamba \u2014 ACADEMIA","translator":null,"weight":170,"page_count":134,"readership":null,"editor":"ACADEMIA","price":1500,"published_date":"2016-03-14T23:00:00.000000Z","support":"Grand format","publisher_availability":1,"stock":0,"editions":[],"url":"https:\/\/quaidesbrumes.com\/ouvrage\/9782806102737\/chirurgie-esthetique-et-la-dignite-du-corps-humain-recherche-en-philosophie-de-la-medecine"},{"id":"9782019556303","title":"Lettres secrettes et amoureuses de deux personnages celebres de nos jours. tome 1","description":"Lettres secrettes et amoureuses de deux personnages c\u00e9l\u00e8bres de nos jours. Tome 1 Date de l'\u00e9dition originale : 1817 Ce livre est la reproduction fid\u00e8le d'une oeuvre publi\u00e9e avant 1920 et fait partie d'une collection de livres r\u00e9imprim\u00e9s \u00e0 la demande \u00e9dit\u00e9e par Hachette Livre, dans le cadre d'un partenariat avec la Biblioth\u00e8que nationale de France, offrant l'opportunit\u00e9 d'acc\u00e9der \u00e0 des ouvrages anciens et souvent rares issus des fonds patrimoniaux de la BnF.\r\nLes oeuvres faisant partie de cette collection ont \u00e9t\u00e9 num\u00e9ris\u00e9es par la BnF et sont pr\u00e9sentes sur Gallica, sa biblioth\u00e8que num\u00e9rique.\r\n\r\nEn entreprenant de redonner vie \u00e0 ces ouvrages au travers d'une collection de livres r\u00e9imprim\u00e9s \u00e0 la demande, nous leur donnons la possibilit\u00e9 de rencontrer un public \u00e9largi et participons \u00e0 la transmission de connaissances et de savoirs parfois difficilement accessibles.\r\nNous avons cherch\u00e9 \u00e0 concilier la reproduction fid\u00e8le d'un livre ancien \u00e0 partir de sa version num\u00e9ris\u00e9e avec le souci d'un confort de lecture optimal. Nous esp\u00e9rons que les ouvrages de cette nouvelle collection vous apporteront enti\u00e8re satisfaction.\r\n\r\nPour plus d'informations, rendez-vous sur www.hachettebnf.fr","authors":["Lazare Carnot"],"category_codes":["1000000","1010000"],"visuals":{"large":"https:\/\/images.epagine.fr\/303\/9782019556303_1_75.jpg","medium":"https:\/\/images.epagine.fr\/303\/9782019556303_1_m.jpg","thumbnail":"https:\/\/images.epagine.fr\/303\/9782019556303_1_v.jpg"},"orderable":true,"show_badge":true,"formatted_price":"20,00&nbsp;\u20ac","formatted_published_date":"1er octobre 2016","publisher_availability_label":"Sur commande","short_details":"Lazare Carnot \u2014 Hachette BNF","translator":null,"weight":319,"page_count":null,"readership":null,"editor":"Hachette BNF","price":2000,"published_date":"2016-09-30T22:00:00.000000Z","support":"Grand format","publisher_availability":1,"stock":0,"editions":["9782012867086"],"url":"https:\/\/quaidesbrumes.com\/ouvrage\/9782019556303\/lettres-secrettes-et-amoureuses-de-deux-personnages-celebres-de-nos-jours-tome-1"}]}