{"data":[{"id":"9782011619495","title":"La verite devoilee ou la memoire de clemence isaure vengee par une suite de faits historiques","description":"La vall\u00e9e de Sainte-H\u00e9l\u00e8ne, ou veill\u00e9es au tombeau d'un homme c\u00e9l\u00e8bre. M\u00e9moires particuliers sur la vie et la mort de Napol\u00e9on Bonaparte, rapport\u00e9s de Sainte-H\u00e9l\u00e8ne et publi\u00e9s par un officier de l'un des r\u00e9giments en station dans cette \u00eele pendant la captivit\u00e9 de l'ex-empereur Date de l'\u00e9dition originale : 1821 Sujet de l'ouvrage : France (1814-1824, Louis XVIII) Ce livre est la reproduction fid\u00e8le d'une oeuvre publi\u00e9e avant 1920 et fait partie d'une collection de livres r\u00e9imprim\u00e9s \u00e0 la demande \u00e9dit\u00e9e par Hachette Livre, dans le cadre d'un partenariat avec la Biblioth\u00e8que nationale de France, offrant l'opportunit\u00e9 d'acc\u00e9der \u00e0 des ouvrages anciens et souvent rares issus des fonds patrimoniaux de la BnF.\r\nLes oeuvres faisant partie de cette collection ont \u00e9t\u00e9 num\u00e9ris\u00e9es par la BnF et sont pr\u00e9sentes sur Gallica, sa biblioth\u00e8que num\u00e9rique.\r\n\r\nEn entreprenant de redonner vie \u00e0 ces ouvrages au travers d'une collection de livres r\u00e9imprim\u00e9s \u00e0 la demande, nous leur donnons la possibilit\u00e9 de rencontrer un public \u00e9largi et participons \u00e0 la transmission de connaissances et de savoirs parfois difficilement accessibles.\r\nNous avons cherch\u00e9 \u00e0 concilier la reproduction fid\u00e8le d'un livre ancien \u00e0 partir de sa version num\u00e9ris\u00e9e avec le souci d'un confort de lecture optimal. Nous esp\u00e9rons que les ouvrages de cette nouvelle collection vous apporteront enti\u00e8re satisfaction.\r\n\r\nPour plus d'informations, rendez-vous sur www.hachettebnf.fr\r","authors":[],"category_codes":["9000000","9080000"],"visuals":{"large":"https:\/\/images.epagine.fr\/495\/9782011619495_1_75.jpg","medium":"https:\/\/images.epagine.fr\/495\/9782011619495_1_m.jpg","thumbnail":"https:\/\/images.epagine.fr\/495\/9782011619495_1_v.jpg"},"orderable":true,"show_badge":true,"formatted_price":"11,00&nbsp;\u20ac","formatted_published_date":"1er octobre 2013","publisher_availability_label":"Sur commande","short_details":"Hachette BNF","translator":null,"weight":365,"page_count":null,"readership":null,"editor":"Hachette BNF","price":1100,"published_date":"2013-09-30T22:00:00.000000Z","support":"Grand format","publisher_availability":1,"stock":0,"editions":["9782013465281"],"url":"https:\/\/quaidesbrumes.com\/ouvrage\/9782011619495\/la-verite-devoilee-ou-la-memoire-de-clemence-isaure-vengee-par-une-suite-de-faits-historiques"},{"id":"9782012757639","title":"Oeuvres completes de seneque le philosophe. tome 3 (ed.1832-1836)","description":"Oeuvres compl\u00e8tes de S\u00e9n\u00e8que le Philosophe. Tome 3 \/ trad. nouv... Publi\u00e9es [avec des notes et avec le texte en regard] par M. Charles Du Rozoir,... http:\/\/gallica.bnf.fr\/ark:\/12148\/bpt6k5775236g\r","authors":["S\u00e9n\u00e8que"],"category_codes":["9000000","9080000"],"visuals":{"large":"https:\/\/images.epagine.fr\/639\/9782012757639_1_75.jpg","medium":"https:\/\/images.epagine.fr\/639\/9782012757639_1_m.jpg","thumbnail":"https:\/\/images.epagine.fr\/639\/9782012757639_1_v.jpg"},"orderable":true,"show_badge":true,"formatted_price":"28,00&nbsp;\u20ac","formatted_published_date":"1er juin 2012","publisher_availability_label":"Sur commande","short_details":"S\u00e9n\u00e8que \u2014 Hachette BNF","translator":null,"weight":608,"page_count":null,"readership":null,"editor":"Hachette BNF","price":2800,"published_date":"2012-05-31T22:00:00.000000Z","support":"Grand format","publisher_availability":1,"stock":0,"editions":[],"url":"https:\/\/quaidesbrumes.com\/ouvrage\/9782012757639\/oeuvres-completes-de-seneque-le-philosophe-tome-3-ed1832-1836"},{"id":"9782012757646","title":"Oeuvres completes de seneque le philosophe. tome 5 (ed.1832-1836)","description":"Oeuvres compl\u00e8tes de S\u00e9n\u00e8que le Philosophe. Tome 5 \/ trad. nouv... Publi\u00e9es [avec des notes et avec le texte en regard] par M. Charles Du Rozoir,... http:\/\/gallica.bnf.fr\/ark:\/12148\/bpt6k5773454g\r","authors":["S\u00e9n\u00e8que"],"category_codes":["9000000","9080000"],"visuals":{"large":"https:\/\/images.epagine.fr\/646\/9782012757646_1_75.jpg","medium":"https:\/\/images.epagine.fr\/646\/9782012757646_1_m.jpg","thumbnail":"https:\/\/images.epagine.fr\/646\/9782012757646_1_v.jpg"},"orderable":true,"show_badge":true,"formatted_price":"27,00&nbsp;\u20ac","formatted_published_date":"1er juin 2012","publisher_availability_label":"Sur commande","short_details":"S\u00e9n\u00e8que \u2014 Hachette BNF","translator":null,"weight":592,"page_count":null,"readership":null,"editor":"Hachette BNF","price":2700,"published_date":"2012-05-31T22:00:00.000000Z","support":"Grand format","publisher_availability":1,"stock":0,"editions":[],"url":"https:\/\/quaidesbrumes.com\/ouvrage\/9782012757646\/oeuvres-completes-de-seneque-le-philosophe-tome-5-ed1832-1836"},{"id":"9782012757653","title":"Oeuvres completes de seneque le philosophe. tome 6 (ed.1832-1836)","description":"Oeuvres compl\u00e8tes de S\u00e9n\u00e8que le Philosophe. Tome 6 \/ trad. nouv... Publi\u00e9es [avec des notes et avec le texte en regard] par M. Charles Du Rozoir,... http:\/\/gallica.bnf.fr\/ark:\/12148\/bpt6k5774562p\r","authors":["S\u00e9n\u00e8que"],"category_codes":["9000000","9080000"],"visuals":{"large":"https:\/\/images.epagine.fr\/653\/9782012757653_1_75.jpg","medium":"https:\/\/images.epagine.fr\/653\/9782012757653_1_m.jpg","thumbnail":"https:\/\/images.epagine.fr\/653\/9782012757653_1_v.jpg"},"orderable":true,"show_badge":true,"formatted_price":"32,50&nbsp;\u20ac","formatted_published_date":"1er juin 2012","publisher_availability_label":"Sur commande","short_details":"S\u00e9n\u00e8que \u2014 Hachette BNF","translator":null,"weight":755,"page_count":null,"readership":null,"editor":"Hachette BNF","price":3250,"published_date":"2012-05-31T22:00:00.000000Z","support":"Grand format","publisher_availability":1,"stock":0,"editions":[],"url":"https:\/\/quaidesbrumes.com\/ouvrage\/9782012757653\/oeuvres-completes-de-seneque-le-philosophe-tome-6-ed1832-1836"},{"id":"9782012757660","title":"Oeuvres completes de seneque le philosophe. tome 7 (ed.1832-1836)","description":"Oeuvres compl\u00e8tes de S\u00e9n\u00e8que le Philosophe. Tome 7 \/ trad. nouv... Publi\u00e9es [avec des notes et avec le texte en regard] par M. Charles Du Rozoir,... http:\/\/gallica.bnf.fr\/ark:\/12148\/bpt6k5829149v\r","authors":["S\u00e9n\u00e8que"],"category_codes":["9000000","9080000"],"visuals":{"large":"https:\/\/images.epagine.fr\/660\/9782012757660_1_75.jpg","medium":"https:\/\/images.epagine.fr\/660\/9782012757660_1_m.jpg","thumbnail":"https:\/\/images.epagine.fr\/660\/9782012757660_1_v.jpg"},"orderable":true,"show_badge":true,"formatted_price":"33,00&nbsp;\u20ac","formatted_published_date":"1er juin 2012","publisher_availability_label":"Sur commande","short_details":"S\u00e9n\u00e8que \u2014 Hachette BNF","translator":null,"weight":787,"page_count":null,"readership":null,"editor":"Hachette BNF","price":3300,"published_date":"2012-05-31T22:00:00.000000Z","support":"Grand format","publisher_availability":1,"stock":0,"editions":[],"url":"https:\/\/quaidesbrumes.com\/ouvrage\/9782012757660\/oeuvres-completes-de-seneque-le-philosophe-tome-7-ed1832-1836"},{"id":"9782296103399","title":"L'ontologie du lieu ; voyage au pays du \"non-o\u00f9\"","description":"L'ontologie du lieu, Voyage au pays du \"non-o\u00f9\" comme le titre l'indique, est une initiation au voyage, au sens avic\u00e9nien du terme. Une tentative de r\u00e9pondre au pourquoi de l'acte de cr\u00e9ation en g\u00e9n\u00e9ral et en peinture en particulier, ceci en invitant le lecteur \u00e0 s'interroger sur le sens premier du lieu o\u00f9 l'indicible de l'art habite. L'espace de l'acte cr\u00e9ateur est mis en r\u00e9sonance avec le \"monde imaginal\", fondement de la pens\u00e9e du philosophe iranien du XIIe si\u00e8cle Sohravardi.\r","authors":["Rouhi Katayoun"],"category_codes":["9000000","9080000","9080200","9080204"],"visuals":{"large":"https:\/\/images.epagine.fr\/399\/9782296103399_1_75.jpg","medium":"https:\/\/images.epagine.fr\/399\/9782296103399_1_m.jpg","thumbnail":"https:\/\/images.epagine.fr\/399\/9782296103399_1_v.jpg"},"orderable":true,"show_badge":true,"formatted_price":"18,00&nbsp;\u20ac","formatted_published_date":"27 octobre 2010","publisher_availability_label":"Sur commande","short_details":"Rouhi Katayoun \u2014 \u00c9ditions L'Harmattan","translator":null,"weight":235,"page_count":null,"readership":null,"editor":"\u00c9ditions L'Harmattan","price":1800,"published_date":"2010-10-26T22:00:00.000000Z","support":"Grand format","publisher_availability":1,"stock":0,"editions":[],"url":"https:\/\/quaidesbrumes.com\/ouvrage\/9782296103399\/lontologie-du-lieu-voyage-au-pays-du-non-ou"},{"id":"9782296127067","title":"La raison unique du \u00ab village plan\u00e9taire \u00bb ; mythes et r\u00e9alit\u00e9s de la mondialisation","description":"La mondialisation est pos\u00e9e par certains comme une \"chance historique\". L'objectif de cet ouvrage est moins de revenir \u00e0 une analytique ou \u00e0 une ph\u00e9nom\u00e9nologie de cette mondialisation que de l'interroger de mani\u00e8re \u00e9clairante et contextuelle, \u00e0 partir de la relecture de trois auteurs : J\u00fcrgen Habermas, Marcien Towa et Pierre Meinrad Habga, et \u00e0 partir de la critique de la rationalit\u00e9 positiviste dominante, pr\u00e9sent\u00e9e comme condition de possibilit\u00e9 d'une \"civilisation de l'Universel\".\r","authors":["Pius Oudoua"],"category_codes":["9000000","9080000","9080200","9080204"],"visuals":{"large":"https:\/\/images.epagine.fr\/067\/9782296127067_1_75.jpg","medium":"https:\/\/images.epagine.fr\/067\/9782296127067_1_m.jpg","thumbnail":"https:\/\/images.epagine.fr\/067\/9782296127067_1_v.jpg"},"orderable":true,"show_badge":true,"formatted_price":"26,00&nbsp;\u20ac","formatted_published_date":"20 septembre 2010","publisher_availability_label":"Sur commande","short_details":"Pius Oudoua \u2014 \u00c9ditions L'Harmattan","translator":null,"weight":385,"page_count":null,"readership":null,"editor":"\u00c9ditions L'Harmattan","price":2600,"published_date":"2010-09-19T22:00:00.000000Z","support":"Grand format","publisher_availability":1,"stock":0,"editions":[],"url":"https:\/\/quaidesbrumes.com\/ouvrage\/9782296127067\/la-raison-unique-du-village-planetaire-mythes-et-realites-de-la-mondialisation"},{"id":"9782296960541","title":"Une \u00e9trange modernit\u00e9","description":"La modernit\u00e9 de la culture occidentale s'appuie sur un triple h\u00e9ritage : celui du \"miracle grec\", c'est-\u00e0-dire de la naissance de la philosophie, celui de la spiritualit\u00e9 monoth\u00e9iste jud\u00e9o-chr\u00e9tienne, celui d'un h\u00e9ro\u00efsme de la raison scientifique. Mais l'histoire fut souvent infid\u00e8le aux exigences rationalistes et g\u00e9n\u00e9reuses que ces valeurs proclamaient. Mais voulons-nous vraiment pour tous ce que nous revendiquons pour nous-m\u00eames ?\r","authors":["Jean-paul Charrier"],"category_codes":["9000000","9080000","9080200","9080204"],"visuals":{"large":"https:\/\/images.epagine.fr\/541\/9782296960541_1_75.jpg","medium":"https:\/\/images.epagine.fr\/541\/9782296960541_1_m.jpg","thumbnail":"https:\/\/images.epagine.fr\/541\/9782296960541_1_v.jpg"},"orderable":true,"show_badge":true,"formatted_price":"24,50&nbsp;\u20ac","formatted_published_date":"27 f\u00e9vrier 2012","publisher_availability_label":"Sur commande","short_details":"Jean-paul Charrier \u2014 \u00c9ditions L'Harmattan","translator":null,"weight":340,"page_count":216,"readership":null,"editor":"\u00c9ditions L'Harmattan","price":2450,"published_date":"2012-02-26T23:00:00.000000Z","support":"Grand format","publisher_availability":1,"stock":0,"editions":[],"url":"https:\/\/quaidesbrumes.com\/ouvrage\/9782296960541\/une-etrange-modernite"},{"id":"9782296078208","title":"Et l'Afrique brillera de mille feux","description":"Ministre gabonais des affaires \u00e9trang\u00e8res (1999-2008), Jean Ping vient d'\u00eatre d\u00e9sign\u00e9 Pr\u00e9sident de la commission de l'Union africaine (avril 2008). Qui mieux que lui pouvait analyser le nouveau virage du d\u00e9veloppement en Afrique ? Faut-il remettre en cause le mod\u00e8le unique impos\u00e9 par le monde occidental jusqu'\u00e0 la fin du XX\u00e8 si\u00e8cle ? Jean Ping illustre \u00e0 foison ses r\u00e9ponses d'exemples et d'anecdotes personnelles.\r","authors":["Jean Ping"],"category_codes":["9000000","9080000","9080200","9080204"],"visuals":{"large":"https:\/\/images.epagine.fr\/208\/9782296078208_1_75.jpg","medium":"https:\/\/images.epagine.fr\/208\/9782296078208_1_m.jpg","thumbnail":"https:\/\/images.epagine.fr\/208\/9782296078208_1_v.jpg"},"orderable":true,"show_badge":true,"formatted_price":"30,00&nbsp;\u20ac","formatted_published_date":"24 juin 2009","publisher_availability_label":"Sur commande","short_details":"Jean Ping \u2014 \u00c9ditions L'Harmattan","translator":null,"weight":330,"page_count":null,"readership":null,"editor":"\u00c9ditions L'Harmattan","price":3000,"published_date":"2009-06-23T22:00:00.000000Z","support":"Grand format","publisher_availability":1,"stock":0,"editions":[],"url":"https:\/\/quaidesbrumes.com\/ouvrage\/9782296078208\/et-lafrique-brillera-de-mille-feux"},{"id":"9782917715079","title":"Le bonheur de vivre","description":"Le Bonheur de vivre est un recueil de pens\u00e9es sur diff\u00e9rents sujets : du \"devoir du bonheur\" \u00e0 \"l'\u00e9ducation\", du \"choix des livres\" au \"prix du temps\". Dans un style limpide, Lubbock convoque de nombreux auteurs, nous livrant une pens\u00e9e simple et claire sur le sens des \u00e9v\u00e9nements \u00e0 vivre comme autant de bonheurs. Voici une petite bible la\u00efque \u00e0 usage quotidien !\r\n\r\nPropos liminaire et illustration de couverture de Georges Moustaki.\r","authors":["John Lubbock"],"category_codes":["9000000","9080000","9080200","9080204"],"visuals":{"large":"https:\/\/images.epagine.fr\/079\/9782917715079_1_75.jpg","medium":"https:\/\/images.epagine.fr\/079\/9782917715079_1_m.jpg","thumbnail":"https:\/\/images.epagine.fr\/079\/9782917715079_1_v.jpg"},"orderable":true,"show_badge":true,"formatted_price":"17,00&nbsp;\u20ac","formatted_published_date":"27 octobre 2010","publisher_availability_label":"Sur commande","short_details":"John Lubbock \u2014 Abeille Et Castor","translator":null,"weight":300,"page_count":316,"readership":null,"editor":"Abeille Et Castor","price":1700,"published_date":"2010-10-26T22:00:00.000000Z","support":"Grand format","publisher_availability":1,"stock":0,"editions":[],"url":"https:\/\/quaidesbrumes.com\/ouvrage\/9782917715079\/le-bonheur-de-vivre"},{"id":"9782012757165","title":"Oeuvres completes de m. de bonald. tome 2 (ed.1859)","description":"Oeuvres compl\u00e8tes de M. de Bonald,.... Tome deuxi\u00e8me \/ publi\u00e9es par M. l'abb\u00e9 Migne,... http:\/\/gallica.bnf.fr\/ark:\/12148\/bpt6k23497d\r","authors":["Bonald Louis"],"category_codes":["9000000","9080000"],"visuals":{"large":"https:\/\/images.epagine.fr\/165\/9782012757165_1_75.jpg","medium":"https:\/\/images.epagine.fr\/165\/9782012757165_1_m.jpg","thumbnail":"https:\/\/images.epagine.fr\/165\/9782012757165_1_v.jpg"},"orderable":true,"show_badge":true,"formatted_price":"40,50&nbsp;\u20ac","formatted_published_date":"1er mai 2012","publisher_availability_label":"Sur commande","short_details":"Bonald Louis \u2014 Hachette BNF","translator":null,"weight":1077,"page_count":null,"readership":null,"editor":"Hachette BNF","price":4050,"published_date":"2012-04-30T22:00:00.000000Z","support":"Grand format","publisher_availability":1,"stock":0,"editions":[],"url":"https:\/\/quaidesbrumes.com\/ouvrage\/9782012757165\/oeuvres-completes-de-m-de-bonald-tome-2-ed1859"},{"id":"9782012757172","title":"Oeuvres completes de m. de bonald. tome 1 (ed.1859)","description":"Oeuvres compl\u00e8tes de M. de Bonald,.... Tome premier \/ publi\u00e9es par M. l'abb\u00e9 Migne,... http:\/\/gallica.bnf.fr\/ark:\/12148\/bpt6k234962\r","authors":["Bonald Louis"],"category_codes":["9000000","9080000"],"visuals":{"large":"https:\/\/images.epagine.fr\/172\/9782012757172_1_75.jpg","medium":"https:\/\/images.epagine.fr\/172\/9782012757172_1_m.jpg","thumbnail":"https:\/\/images.epagine.fr\/172\/9782012757172_1_v.jpg"},"orderable":true,"show_badge":true,"formatted_price":"39,40&nbsp;\u20ac","formatted_published_date":"1er mai 2012","publisher_availability_label":"Sur commande","short_details":"Bonald Louis \u2014 Hachette BNF","translator":null,"weight":1040,"page_count":null,"readership":null,"editor":"Hachette BNF","price":3940,"published_date":"2012-04-30T22:00:00.000000Z","support":"Grand format","publisher_availability":1,"stock":0,"editions":[],"url":"https:\/\/quaidesbrumes.com\/ouvrage\/9782012757172\/oeuvres-completes-de-m-de-bonald-tome-1-ed1859"},{"id":"9782130477808","title":"Impromptus","description":"Philosopher, c'est penser sa vie et vivre sa pens\u00e9e.\r\n Entre les deux un d\u00e9calage subsiste pourtant, qui nous constitue et nous d\u00e9chire.  c'est de quoi la philosophie, souvent, n'est que la d\u00e9n\u00e9gation.  a quoi bon tant penser, si c'est pour vivre si peu ? la parano\u00efa, disait freud, est \" un syst\u00e8me philosophique d\u00e9form\u00e9 \" ; et un syst\u00e8me philosophique, ajouterais-je volontiers, est une parano\u00efa r\u00e9ussie. \r\nOn voudrait ici essayer autre chose - autre chose que cette parano\u00efa des syst\u00e8mes, autre chose, m\u00eame, que cette r\u00e9ussite : une philosophie \u00e0 d\u00e9couvert, au plus pr\u00e8s de la vie r\u00e9elle, de ses \u00e9checs, de sa fragilit\u00e9, de sa perp\u00e9tuelle et fugitive improvisation.\r\n\r\nC'est que le mot d'impromptus, emprunt\u00e9 \u00e0 schubert, a paru pouvoir d\u00e9signer \u00e0 peu pr\u00e8s. \r\n\r\nAndr\u00e9 comte-sponville.","authors":["Andr\u00e9 Comte-Sponville"],"category_codes":["9000000","9080000","9080700"],"visuals":{"large":"https:\/\/images.epagine.fr\/808\/9782130477808_1_75.jpg","medium":"https:\/\/images.epagine.fr\/808\/9782130477808_1_m.jpg","thumbnail":"https:\/\/images.epagine.fr\/808\/9782130477808_1_v.jpg"},"orderable":true,"show_badge":true,"formatted_price":"14,00&nbsp;\u20ac","formatted_published_date":"1er novembre 1998","publisher_availability_label":"Sur commande","short_details":"Andr\u00e9 Comte-Sponville \u2014 PUF","translator":null,"weight":227,"page_count":192,"readership":null,"editor":"PUF","price":1400,"published_date":"1998-10-31T23:00:00.000000Z","support":"Grand format","publisher_availability":1,"stock":0,"editions":[],"url":"https:\/\/quaidesbrumes.com\/ouvrage\/9782130477808\/impromptus"},{"id":"9782296012950","title":"R\u00e9ponses aux objections faites \u00e0 la m\u00e9taphysique","description":"Contre Descartes, philosophe de la raison formaliste, Giambattista Vico (1668-1744) d\u00e9fend l'ingenium, facult\u00e9 d'imagination, d'invention et de cr\u00e9ation, et r\u00e9habilite les Anciens, les valeurs de l'humanisme, de la morale sociale et de la sagesse civile. Cet ouvrage, r\u00e9ponse aux objections faites \u00e0 sa m\u00e9taphysique, tente d'unifier tous les savoirs. Vico esp\u00e8re relativiser ainsi la philosophie de son rival fran\u00e7ais et redonner \u00e0 l'Italie une part de son lustre perdu.\r","authors":["Giambattista Vico"],"category_codes":["9000000","9080000","9080200","9080204"],"visuals":{"large":"https:\/\/images.epagine.fr\/950\/9782296012950_1_75.jpg","medium":"https:\/\/images.epagine.fr\/950\/9782296012950_1_m.jpg","thumbnail":"https:\/\/images.epagine.fr\/950\/9782296012950_1_v.jpg"},"orderable":true,"show_badge":true,"formatted_price":"22,00&nbsp;\u20ac","formatted_published_date":"15 septembre 2006","publisher_availability_label":"Sur commande","short_details":"Giambattista Vico \u2014 \u00c9ditions L'Harmattan","translator":null,"weight":250,"page_count":234,"readership":null,"editor":"\u00c9ditions L'Harmattan","price":2200,"published_date":"2006-09-14T22:00:00.000000Z","support":"Grand format","publisher_availability":1,"stock":0,"editions":[],"url":"https:\/\/quaidesbrumes.com\/ouvrage\/9782296012950\/reponses-aux-objections-faites-a-la-metaphysique"},{"id":"9782296558892","title":"Rendez-vous chez S\u00e9n\u00e8que ; \u00e0 propos de l'\u00e9thique","description":"Ces textes visent \u00e0 introduire le lecteur au coeur m\u00eame de la pens\u00e9e de S\u00e9n\u00e8que sur les plans p\u00e9dagogique, \u00e9thique, social et politique. Agr\u00e9ment\u00e9 de citations, ce livre interroge son oeuvre et permet de se forger un angle personnel de lecture et d'analyse de sa modernit\u00e9 et de son r\u00e9alisme intellectuel typiquement romain.\r","authors":["Paulin Hounsounon-tolin"],"category_codes":["9000000","9080000","9080200","9080204"],"visuals":{"large":"https:\/\/images.epagine.fr\/892\/9782296558892_1_75.jpg","medium":"https:\/\/images.epagine.fr\/892\/9782296558892_1_m.jpg","thumbnail":"https:\/\/images.epagine.fr\/892\/9782296558892_1_v.jpg"},"orderable":true,"show_badge":true,"formatted_price":"22,50&nbsp;\u20ac","formatted_published_date":"6 janvier 2012","publisher_availability_label":"Sur commande","short_details":"Paulin Hounsounon-tolin \u2014 \u00c9ditions L'Harmattan","translator":null,"weight":255,"page_count":208,"readership":null,"editor":"\u00c9ditions L'Harmattan","price":2250,"published_date":"2012-01-05T23:00:00.000000Z","support":"Grand format","publisher_availability":1,"stock":0,"editions":[],"url":"https:\/\/quaidesbrumes.com\/ouvrage\/9782296558892\/rendez-vous-chez-seneque-a-propos-de-lethique"},{"id":"9782013391351","title":"Le carabin patriote ou le miroir politique. esquisse : revolution depuis 1789 jusqu'en 1815 (1815)","description":"Le Carabin patriote ou le miroir politique. Esquisse de la R\u00e9volution depuis 1789 jusqu'en 1815 Date de l'\u00e9dition originale : 1815 Ce livre est la reproduction fid\u00e8le d'une oeuvre publi\u00e9e avant 1920 et fait partie d'une collection de livres r\u00e9imprim\u00e9s \u00e0 la demande \u00e9dit\u00e9e par Hachette Livre, dans le cadre d'un partenariat avec la Biblioth\u00e8que nationale de France, offrant l'opportunit\u00e9 d'acc\u00e9der \u00e0 des ouvrages anciens et souvent rares issus des fonds patrimoniaux de la BnF.\r\nLes oeuvres faisant partie de cette collection ont \u00e9t\u00e9 num\u00e9ris\u00e9es par la BnF et sont pr\u00e9sentes sur Gallica, sa biblioth\u00e8que num\u00e9rique.\r\n\r\nEn entreprenant de redonner vie \u00e0 ces ouvrages au travers d'une collection de livres r\u00e9imprim\u00e9s \u00e0 la demande, nous leur donnons la possibilit\u00e9 de rencontrer un public \u00e9largi et participons \u00e0 la transmission de connaissances et de savoirs parfois difficilement accessibles.\r\nNous avons cherch\u00e9 \u00e0 concilier la reproduction fid\u00e8le d'un livre ancien \u00e0 partir de sa version num\u00e9ris\u00e9e avec le souci d'un confort de lecture optimal. Nous esp\u00e9rons que les ouvrages de cette nouvelle collection vous apporteront enti\u00e8re satisfaction.\r\n\r\nPour plus d'informations, rendez-vous sur www.hachettebnf.fr\r","authors":[],"category_codes":["9000000","9080000"],"visuals":{"large":"https:\/\/images.epagine.fr\/351\/9782013391351_1_75.jpg","medium":"https:\/\/images.epagine.fr\/351\/9782013391351_1_m.jpg","thumbnail":"https:\/\/images.epagine.fr\/351\/9782013391351_1_v.jpg"},"orderable":true,"show_badge":true,"formatted_price":"9,50&nbsp;\u20ac","formatted_published_date":"1er septembre 2014","publisher_availability_label":"Sur commande","short_details":"Hachette BNF","translator":null,"weight":70,"page_count":null,"readership":null,"editor":"Hachette BNF","price":950,"published_date":"2014-08-31T22:00:00.000000Z","support":"Grand format","publisher_availability":1,"stock":0,"editions":[],"url":"https:\/\/quaidesbrumes.com\/ouvrage\/9782013391351\/le-carabin-patriote-ou-le-miroir-politique-esquisse-revolution-depuis-1789-jusquen-1815-1815"},{"id":"9782864326472","title":"L'universit\u00e9","description":null,"authors":["Collectif"],"category_codes":["9000000","9080000","9080200","9080204"],"visuals":{"large":"https:\/\/images.epagine.fr\/472\/9782864326472_1_75.jpg","medium":"https:\/\/images.epagine.fr\/472\/9782864326472_1_m.jpg","thumbnail":"https:\/\/images.epagine.fr\/472\/9782864326472_1_v.jpg"},"orderable":true,"show_badge":true,"formatted_price":"28,40&nbsp;\u20ac","formatted_published_date":"14 avril 2011","publisher_availability_label":"Sur commande","short_details":"Collectif \u2014 \u00c9ditions Verdier","translator":null,"weight":517,"page_count":327,"readership":null,"editor":"\u00c9ditions Verdier","price":2840,"published_date":"2011-04-13T22:00:00.000000Z","support":"Grand format","publisher_availability":1,"stock":0,"editions":[],"url":"https:\/\/quaidesbrumes.com\/ouvrage\/9782864326472\/luniversite"},{"id":"9782296963375","title":"Ricoeur face \u00e0 l'analogie ; entre th\u00e9ologie et d\u00e9sconstruction","description":"La d\u00e9marche analogique ricoeurienne tient ses racines dans la r\u00e9ponse du th\u00e9ologien protestant Karl Barth au d\u00e9fi de l'analogia entis. Le d\u00e9tour th\u00e9ologique ouvre une nouvelle image de l'oeuvre de Ricoeur, mais aussi un terrain philosophique inexplor\u00e9 : les analogu\u00e9s de l'analogie. L'exercice ex\u00e9g\u00e9tique devient alors une conversation entre Ricoeur, Barth et Derrida.\r","authors":["Luca M. Possati"],"category_codes":["9000000","9080000","9080200","9080204"],"visuals":{"large":"https:\/\/images.epagine.fr\/375\/9782296963375_1_75.jpg","medium":"https:\/\/images.epagine.fr\/375\/9782296963375_1_m.jpg","thumbnail":"https:\/\/images.epagine.fr\/375\/9782296963375_1_v.jpg"},"orderable":true,"show_badge":true,"formatted_price":"25,00&nbsp;\u20ac","formatted_published_date":"24 f\u00e9vrier 2012","publisher_availability_label":"Sur commande","short_details":"Luca M. Possati \u2014 \u00c9ditions L'Harmattan","translator":null,"weight":300,"page_count":234,"readership":null,"editor":"\u00c9ditions L'Harmattan","price":2500,"published_date":"2012-02-23T23:00:00.000000Z","support":"Grand format","publisher_availability":1,"stock":0,"editions":[],"url":"https:\/\/quaidesbrumes.com\/ouvrage\/9782296963375\/ricoeur-face-a-lanalogie-entre-theologie-et-desconstruction"},{"id":"9782296558960","title":"Monstres, fantasmes, dieux, souverains ; la contradiction symbolique de l'esprit chez Sade, Dick, Planck et Bene","description":"Quel \u00e9l\u00e9ment peut relier entre eux des penseurs de la modernit\u00e9 aussi diff\u00e9rents que le marquis de Sade, le grand \u00e9crivain de science-fiction californien Philip K. Dick, l'inventeur de la m\u00e9canique quantique Max Planck et le r\u00e9alisateur italien Carmelo Bene ? Il s'agit de la puissance d\u00e9constructionniste de leur id\u00e9e de \u00ab monstruosit\u00e9 \u00bb comme seconde nature de l'\u00eatre. Un r\u00f4le important est jou\u00e9 \u00e9galement par le cin\u00e9ma, la litt\u00e9rature et la musique. Le th\u00e8me de la monstruosit\u00e9, s'en retrouve fonci\u00e8rement enrichi.\r","authors":["Alessia j. Magliacane"],"category_codes":["9000000","9080000","9080200","9080204"],"visuals":{"large":"https:\/\/images.epagine.fr\/960\/9782296558960_1_75.jpg","medium":"https:\/\/images.epagine.fr\/960\/9782296558960_1_m.jpg","thumbnail":"https:\/\/images.epagine.fr\/960\/9782296558960_1_v.jpg"},"orderable":true,"show_badge":true,"formatted_price":"36,50&nbsp;\u20ac","formatted_published_date":"6 janvier 2012","publisher_availability_label":"Sur commande","short_details":"Alessia j. Magliacane \u2014 \u00c9ditions L'Harmattan","translator":null,"weight":410,"page_count":339,"readership":null,"editor":"\u00c9ditions L'Harmattan","price":3650,"published_date":"2012-01-05T23:00:00.000000Z","support":"Grand format","publisher_availability":1,"stock":0,"editions":[],"url":"https:\/\/quaidesbrumes.com\/ouvrage\/9782296558960\/monstres-fantasmes-dieux-souverains-la-contradiction-symbolique-de-lesprit-chez-sade-dick-planck-et-bene"},{"id":"9782296126862","title":"Promenade br\u00e9silienne dans la po\u00e9tique de Gaston Bachelard","description":"Bachelard, un rationaliste rigoureux, qui a expliqu\u00e9 la science de son \u00e9poque, a su admettre un jour sa conversion \u00e0 l'imaginaire. Il traverse donc les m\u00e9andres de la po\u00e9tique et d\u00e9cide courageusement de faire une philosophie de l'eau, de l'air, de la terre et du feu. L'auteur, \u00e0 travers son regard br\u00e9silien, nous propose ici de montrer qu'avec Bachelard, la philosophie abandonne sa vision aust\u00e8re pour s'adonner \u00e0 d'autres th\u00e9matiques que sont la r\u00eaverie, le r\u00eave et l'imagination cr\u00e9atrice.\r","authors":["Marly Bulcao"],"category_codes":["9000000","9080000","9080200","9080204"],"visuals":{"large":"https:\/\/images.epagine.fr\/862\/9782296126862_1_75.jpg","medium":"https:\/\/images.epagine.fr\/862\/9782296126862_1_m.jpg","thumbnail":"https:\/\/images.epagine.fr\/862\/9782296126862_1_v.jpg"},"orderable":true,"show_badge":true,"formatted_price":"13,00&nbsp;\u20ac","formatted_published_date":"28 octobre 2010","publisher_availability_label":"Sur commande","short_details":"Marly Bulcao \u2014 \u00c9ditions L'Harmattan","translator":null,"weight":145,"page_count":111,"readership":null,"editor":"\u00c9ditions L'Harmattan","price":1300,"published_date":"2010-10-27T22:00:00.000000Z","support":"Grand format","publisher_availability":1,"stock":0,"editions":[],"url":"https:\/\/quaidesbrumes.com\/ouvrage\/9782296126862\/promenade-bresilienne-dans-la-poetique-de-gaston-bachelard"},{"id":"9782849246238","title":"Petite theologie de la pandemie","description":null,"authors":["Jad Hatem"],"category_codes":["9000000","9080000"],"visuals":{"large":"https:\/\/quaidesbrumes.com\/img\/book-placeholder.png","medium":"https:\/\/quaidesbrumes.com\/img\/book-placeholder.png","thumbnail":"https:\/\/quaidesbrumes.com\/img\/book-placeholder.png"},"orderable":true,"show_badge":true,"formatted_price":"12,00&nbsp;\u20ac","formatted_published_date":"27 juillet 2020","publisher_availability_label":"Sur commande","short_details":"Jad Hatem \u2014 Editions Du Cygne","translator":null,"weight":90,"page_count":null,"readership":null,"editor":"Editions Du Cygne","price":1200,"published_date":"2020-07-26T22:00:00.000000Z","support":"Grand format","publisher_availability":1,"stock":0,"editions":[],"url":"https:\/\/quaidesbrumes.com\/ouvrage\/9782849246238\/petite-theologie-de-la-pandemie"},{"id":"9782296023109","title":"Bachelard : un regard br\u00e9silien","description":"Ce livre pr\u00e9sente le regard de Marly Bulcao, philosophe br\u00e9silienne, sur l'oeuvre de Gaston Bachelard. Regard original et enveloppant, qui revient aux sources d'une pens\u00e9e, en montre les prolongements, en d\u00e9tache les lignes de force li\u00e9es \u00e0 une conception radicalement neuve de la raison et de l'imagination. L'entretien avec Jean-Luc Pouliquen fait ressortir les enjeux contenus dans l'\u00e9mergence d'une philosophie br\u00e9silienne.\r","authors":["Marly Bulcao"],"category_codes":["9000000","9080000","9080200","9080204"],"visuals":{"large":"https:\/\/images.epagine.fr\/109\/9782296023109_1_75.jpg","medium":"https:\/\/images.epagine.fr\/109\/9782296023109_1_m.jpg","thumbnail":"https:\/\/images.epagine.fr\/109\/9782296023109_1_v.jpg"},"orderable":true,"show_badge":true,"formatted_price":"14,50&nbsp;\u20ac","formatted_published_date":"1er f\u00e9vrier 2007","publisher_availability_label":"Sur commande","short_details":"Marly Bulcao \u2014 \u00c9ditions L'Harmattan","translator":null,"weight":190,"page_count":150,"readership":null,"editor":"\u00c9ditions L'Harmattan","price":1450,"published_date":"2007-01-31T23:00:00.000000Z","support":"Grand format","publisher_availability":1,"stock":0,"editions":[],"url":"https:\/\/quaidesbrumes.com\/ouvrage\/9782296023109\/bachelard-un-regard-bresilien"},{"id":"9782204094085","title":"Ce que voir veut dire","description":"Voir, entendre, toucher, ce n'est pas simplement avoir des sensations. La perception nous donne \u00e0 voir, entendre, toucher \" quelque chose \". Mais que per\u00e7oit-on au juste ? Des choses, des faits, des apparences ? En quel sens et \u00e0 quelles conditions per\u00e7oit-on des objets ? Quelle part y prend le sujet percevant ? L'objectivation perceptuelle est-elle essentiellement conceptuelle ? Le pr\u00e9sent ouvrage explore ces questions et tente d'y r\u00e9pondre \u00e0 travers une confrontation avec plusieurs grands moments de la th\u00e9orie de la perception au XXe si\u00e8cle : la ph\u00e9nom\u00e9nologie husserlienne, la psychologie gestaltiste, l'internalisme de Searle, les d\u00e9bats contemporains autour des contenus perceptuels. Centr\u00e9 sur la question de l'intentionnalit\u00e9 de la perception sensible, il poursuit trois objectifs principaux : d\u00e9fendre un dualisme ph\u00e9nom\u00e9nal de la passivit\u00e9 sensorielle et de l'activit\u00e9 attentionnelle, en opposition aux th\u00e9ories monistes de la perception ; tenter de r\u00e9habiliter, de reformuler et de r\u00e9actualiser le probl\u00e8me de l'analyse de l'exp\u00e9rience ; esquisser enfin une solution d'ensemble au probl\u00e8me du rapport entre l'exp\u00e9rience et la pens\u00e9e conceptuelle. -- To see, to hear, to touch, these are not simply senses. Our perception allows us to see, hear and touch 'something'. But what exactly do we perceive? Things, facts, appearances? In what way and in what conditions do we perceive objects? What part does the perceiving subject play? Is perceptual objectification essentially conceptual? This book explores these questions and responds by confronting them with several great moments of the theory of perception in the 20th century: Husserl's phenomenology, Gestalt psychology, Searl's internalism and contemporary debate about perceptual content. Focused on the question of the intentionality of sensitive perception, it has three principle aims: to defend a phenomenal dualism of sensorial passivity and attentional activity in opposition to monistic theories of perception; to rehabilitate, reformulate and renovate the problem of analysing experience; and finally to evoke a global solution to the problem of the relation between experience and conceptual thought.","authors":["Denis Seron"],"category_codes":["9000000","9080000"],"visuals":{"large":"https:\/\/images.epagine.fr\/085\/9782204094085_1_75.jpg","medium":"https:\/\/images.epagine.fr\/085\/9782204094085_1_m.jpg","thumbnail":"https:\/\/images.epagine.fr\/085\/9782204094085_1_v.jpg"},"orderable":true,"show_badge":true,"formatted_price":"31,90&nbsp;\u20ac","formatted_published_date":"13 avril 2012","publisher_availability_label":"Sur commande","short_details":"Denis Seron \u2014 Les \u00e9ditions du Cerf","translator":null,"weight":440,"page_count":314,"readership":null,"editor":"Les \u00e9ditions du Cerf","price":3190,"published_date":"2012-04-12T22:00:00.000000Z","support":"Grand format","publisher_availability":1,"stock":0,"editions":[],"url":"https:\/\/quaidesbrumes.com\/ouvrage\/9782204094085\/ce-que-voir-veut-dire"},{"id":"9782723305457","title":"Descartes et la morale","description":null,"authors":["Espinas"],"category_codes":["9000000","9080000","9080600","9080603"],"visuals":{"large":"https:\/\/quaidesbrumes.com\/img\/book-placeholder.png","medium":"https:\/\/quaidesbrumes.com\/img\/book-placeholder.png","thumbnail":"https:\/\/quaidesbrumes.com\/img\/book-placeholder.png"},"orderable":true,"show_badge":true,"formatted_price":"28,00&nbsp;\u20ac","formatted_published_date":"8 janvier 2008","publisher_availability_label":"Sur commande","short_details":"Espinas \u2014 Nouvelles Editions Latines","translator":null,"weight":300,"page_count":null,"readership":null,"editor":"Nouvelles Editions Latines","price":2800,"published_date":"2008-01-07T23:00:00.000000Z","support":"Grand format","publisher_availability":1,"stock":0,"editions":[],"url":"https:\/\/quaidesbrumes.com\/ouvrage\/9782723305457\/descartes-et-la-morale"}]}