{"data":[{"id":"9782705684402","title":"Le formalisme en action","description":"Ce livre pr\u00e9sente certains des r\u00e9sultats du travail du R\u00e9seau Th\u00e9matique Pluridisciplinaire du CNRS \u00ab Phenomath \u00bb. Les philosophes et math\u00e9maticiens de ce groupe ont uni leurs forces afin de d\u00e9velopper une r\u00e9flexion originale sur la pens\u00e9e math\u00e9matique. Au lieu de soumettre cette derni\u00e8re a priori \u00e0 un cadre th\u00e9orique, ils ont voulu l'interroger dans les formalismes qu'elle met en place pour y reconna\u00eetre les lieux de la production d'un sens. A ce titre, la d\u00e9marche math\u00e9matique, dans son op\u00e9rativit\u00e9, leur a paru exemplaire de celle de la pens\u00e9e en g\u00e9n\u00e9ral. Dans cette perspective, les pr\u00e9sentes recherches d\u00e9finissent les contours d'un nouveau dialogue entre math\u00e9matique et philosophie.","authors":["Collectif"],"category_codes":["9000000","9080000","9080200","9080204"],"visuals":{"large":"https:\/\/images.epagine.fr\/402\/9782705684402_1_75.jpg","medium":"https:\/\/images.epagine.fr\/402\/9782705684402_1_m.jpg","thumbnail":"https:\/\/images.epagine.fr\/402\/9782705684402_1_v.jpg"},"orderable":true,"show_badge":true,"formatted_price":"25,00&nbsp;\u20ac","formatted_published_date":"15 mai 2013","publisher_availability_label":"Sur commande","short_details":"Collectif \u2014 Hermann","translator":null,"weight":305,"page_count":200,"readership":null,"editor":"Hermann","price":2500,"published_date":"2013-05-14T22:00:00.000000Z","support":"Grand format","publisher_availability":1,"stock":0,"editions":[],"url":"https:\/\/quaidesbrumes.com\/ouvrage\/9782705684402\/le-formalisme-en-action"},{"id":"9783034333375","title":"Le monstre ; l'anomalie et le difforme dans la nature et dans l'art","description":"Au croisement de l'\u00e9pist\u00e9mologie et de l'esth\u00e9tique, cette enqu\u00eate r\u00e9v\u00e8le la pluralit\u00e9 du monstre. Parler du monstre, en effet, cela signifie toujours parler d'autre chose : de la nature et de ses lois, de l'art, de la soci\u00e9t\u00e9. \u00c0 partir du moment o\u00f9 l'anomalie naturelle n'est plus rel\u00e9gu\u00e9e aux recoins les plus cach\u00e9s des expositions zoologiques, ou consid\u00e9r\u00e9e comme une simple bizarrerie, un nouveau monde s'ouvre aux philosophes de la nature. La charge transgressive du monstre, brid\u00e9e dans la discipline t\u00e9ratologique naissante, lib\u00e8re de nouvelles potentialit\u00e9s et influence m\u00eame le champ de l'art. Pour Hugo, Balzac, \u00c9tienne et Isidore Geoffroy Saint-Hilaire, les monstres ne sont plus de pauvres spectres angoiss\u00e9s, ni de fantastiques d\u00e9mons, ils obligent l'homme \u00e0 s'interroger : sur la r\u00e9alit\u00e9, sur la vie, sur l'homme et sur la signification de l'art et de la science. L'inhabituel, l'anormal, deviennent alors des principes vitaux qui structurent la r\u00e9alit\u00e9 en l'adaptant \u00e0 des conditions toujours changeantes. Le monstre est loin d'\u00eatre une d\u00e9faite de la nature, bien au contraire, il est la manifestation du pouvoir vital des corps vivants, il est la vie m\u00eame qui se transforme.","authors":["Maddalena Mazzocut-mis"],"category_codes":["9000000","9080000"],"visuals":{"large":"https:\/\/images.epagine.fr\/375\/9783034333375_1_75.jpg","medium":"https:\/\/images.epagine.fr\/375\/9783034333375_1_m.jpg","thumbnail":"https:\/\/images.epagine.fr\/375\/9783034333375_1_v.jpg"},"orderable":true,"show_badge":true,"formatted_price":"52,90&nbsp;\u20ac","formatted_published_date":"31 d\u00e9cembre 1976","publisher_availability_label":"Sur commande","short_details":"Maddalena Mazzocut-mis \u2014 Peter Lang","translator":null,"weight":1000,"page_count":184,"readership":null,"editor":"Peter Lang","price":5290,"published_date":"1976-12-30T23:00:00.000000Z","support":"Grand format","publisher_availability":1,"stock":0,"editions":[],"url":"https:\/\/quaidesbrumes.com\/ouvrage\/9783034333375\/le-monstre-lanomalie-et-le-difforme-dans-la-nature-et-dans-lart"},{"id":"9782738127518","title":"Vivre aujourd'hui avec Socrate, Epicure, S\u00e9n\u00e8que et tous les autres","description":"\"Ce livre est une promenade dans l'Antiquit\u00e9, selon un itin\u00e9raire subjectif et libre de toute contrainte.\r\nSon but : chercher aupr\u00e8s des Anciens des r\u00e8gles de vie et de pens\u00e9e qui nous manquent. Pas question de demander \u00e0 Socrate de quel c\u00f4t\u00e9 dormir, \u00e0 \u00c9picure ce qu'il faut manger le matin, \u00e0 S\u00e9n\u00e8que comment g\u00e9rer ses \u00e9conomies. Il s'agit plut\u00f4t d'approcher autrement quelques exp\u00e9riences d'existence et de pens\u00e9e, centrales pour les Grecs et les Romains, dont chacun pourra s'inspirer. Tandis que les mutations en cours tendent \u00e0 faire oublier les humanit\u00e9s, les rencontres avec l'humanit\u00e9 antique doivent se multiplier.\r\nCar ces p\u00e9riples dans le pass\u00e9 conditionnent, en grande partie, notre avenir\".","authors":["Roger-Pol Droit"],"category_codes":["9000000","9080000","9080200","9080204"],"visuals":{"large":"https:\/\/images.epagine.fr\/518\/9782738127518_1_75.jpg","medium":"https:\/\/images.epagine.fr\/518\/9782738127518_1_m.jpg","thumbnail":"https:\/\/images.epagine.fr\/518\/9782738127518_1_v.jpg"},"orderable":true,"show_badge":true,"formatted_price":"9,50&nbsp;\u20ac","formatted_published_date":"26 janvier 2012","publisher_availability_label":"Sur commande","short_details":"Roger-Pol Droit \u2014 \u00c9ditions Odile Jacob","translator":null,"weight":160,"page_count":238,"readership":null,"editor":"\u00c9ditions Odile Jacob","price":950,"published_date":"2012-01-25T23:00:00.000000Z","support":"Poche","publisher_availability":1,"stock":0,"editions":["9782738125200"],"url":"https:\/\/quaidesbrumes.com\/ouvrage\/9782738127518\/vivre-aujourdhui-avec-socrate-epicure-seneque-et-tous-les-autres"},{"id":"9782705684716","title":"Cahiers critiques de po\u00e9sie Tome 12 : Nietzsche, le philosophe-artiste","description":"ESSAIS\r\nMalgorzata Grygielewiz, \u00ab La rencontre philosophique dans le jardin grec \u00bb ;\r\nSilvia Stabile, \u00ab Giordano Bruno, philosophe-artiste \u00bb ;\r\n\r\nTRADUCTION\r\nFranco Rella, \u00ab \u00c9ros et connaissance \u00bb ;\r\n\r\nNIETZSCHE, LE PHILOSOPHE ARTISTE\r\n(coordonn\u00e9 par Bruno Cany et Andrea Bellantone)\r\nArnaud Villani, \u00ab Le buffle et le paon \u00bb ;\r\nAntoine M\u00e9rieau, \u00ab L'arc et les fl\u00e8ches : Nietzsche, la m\u00e9taphore et la s\u00e9duction \u00bb ;\r\nAlexandre Lissner, \u00ab Nietzsche, la musique et la puissance \u00bb ;\r\nKatharina Van Dyk, \u00ab Les danses (in)actuelles de Nietzsche \u00bb.\r\n\r\nSAINT-DENIS \u00c0 VINCENNES\r\nCharles Feitosa Unirio, \u00ab Du nihilisme europ\u00e9en selon Nietzsche au nihilisme br\u00e9silien selon Flusser \u00bb ;\r\n\r\n\u00c9TUDES & DISCUSSIONS\r\nNinon Grang\u00e9, \u00ab Le terrorisme et l'\u00e9tat de guerre \u00bb ;\r\nFrancisco de Undurraga, \u00ab R\u00e9cit policier et le crime qui l'habite \u00bb.","authors":["Collectif"],"category_codes":["9000000","9080000","9080200","9080205"],"visuals":{"large":"https:\/\/images.epagine.fr\/716\/9782705684716_1_75.jpg","medium":"https:\/\/images.epagine.fr\/716\/9782705684716_1_m.jpg","thumbnail":"https:\/\/images.epagine.fr\/716\/9782705684716_1_v.jpg"},"orderable":true,"show_badge":true,"formatted_price":"30,00&nbsp;\u20ac","formatted_published_date":"14 mars 2013","publisher_availability_label":"Sur commande","short_details":"Collectif \u2014 Hermann","translator":null,"weight":320,"page_count":252,"readership":null,"editor":"Hermann","price":3000,"published_date":"2013-03-13T23:00:00.000000Z","support":"Grand format","publisher_availability":1,"stock":0,"editions":[],"url":"https:\/\/quaidesbrumes.com\/ouvrage\/9782705684716\/cahiers-critiques-de-poesie-tome-12-nietzsche-le-philosophe-artiste"},{"id":"9782705670603","title":"Le songe et la raison ; essai sur Descartes","description":"Descartes n'est pas toujours \u00ab cart\u00e9sien \u00bb. Il s'int\u00e9ressait \u00e0 ses r\u00eaves et y prenait plaisir, au point de conserver toute sa vie le cahier sur lequel il avait consign\u00e9, en 1619, le r\u00e9cit des trois r\u00eaves venus \u00ab d'en haut \u00bb. Sachant les observer au moment m\u00eame o\u00f9 ils se d\u00e9roulaient, il pouvait aussi influencer leur contenu. C'est ainsi qu'en 1631 il go\u00fbte \u00ab tous les plaisirs qui sont imagin\u00e9s dans les Fables \u00bb en faisant des r\u00eaves impr\u00e9gn\u00e9s de ses lectures de romans de chevalerie. \r\nL'interrogation sur le r\u00eave n'est pas de la philosophie de cabinet pour Descartes, car ses imaginations lors de son sommeil sont souvent \u00ab plus vives et expresses \u00bb qu'\u00e9veill\u00e9. La question \u00ab Puis-je savoir que je dors ? \u00bb peut recevoir, paradoxalement, une r\u00e9ponse affirmative. Quant \u00e0 cette autre : \u00ab Comment savoir que je ne dors pas ? \u00bb, Descartes apporte une r\u00e9ponse originale et exigeante.\r\nAvec cet essai, Tony James propose une lecture qui va \u00e0 l'encontre des st\u00e9r\u00e9otypes et fait ressortir un visage moins connu du philosophe.","authors":["Tony James"],"category_codes":["9000000","9080000","9080200","9080204"],"visuals":{"large":"https:\/\/images.epagine.fr\/603\/9782705670603_1_75.jpg","medium":"https:\/\/images.epagine.fr\/603\/9782705670603_1_m.jpg","thumbnail":"https:\/\/images.epagine.fr\/603\/9782705670603_1_v.jpg"},"orderable":true,"show_badge":true,"formatted_price":"30,00&nbsp;\u20ac","formatted_published_date":"16 novembre 2010","publisher_availability_label":"Sur commande","short_details":"Tony James \u2014 Hermann","translator":null,"weight":210,"page_count":168,"readership":null,"editor":"Hermann","price":3000,"published_date":"2010-11-15T23:00:00.000000Z","support":"Grand format","publisher_availability":1,"stock":0,"editions":[],"url":"https:\/\/quaidesbrumes.com\/ouvrage\/9782705670603\/le-songe-et-la-raison-essai-sur-descartes"},{"id":"9782296552494","title":"Fa\u00e7ons du r\u00e9el","description":"Tentative de \"r\u00e9alisation\" philosophique, l'ouvrage explicite les fa\u00e7ons ou aspects universels du r\u00e9el (\u00e0 la fois intraitable et insistant) aper\u00e7us dans les choses per\u00e7ues ou v\u00e9cues, \u00e0 m\u00eame leur particularit\u00e9 ou singularit\u00e9. Divers essais r\u00e9unis dans un Album court-circuitent description de choses ordinaires et sp\u00e9culation, autobiographie et histoire de la pens\u00e9e, po\u00e9sie et philosophie.","authors":["Christian Cavaill\u00e9"],"category_codes":["9000000","9080000","9080200","9080204"],"visuals":{"large":"https:\/\/images.epagine.fr\/494\/9782296552494_1_75.jpg","medium":"https:\/\/images.epagine.fr\/494\/9782296552494_1_m.jpg","thumbnail":"https:\/\/images.epagine.fr\/494\/9782296552494_1_v.jpg"},"orderable":true,"show_badge":true,"formatted_price":"25,00&nbsp;\u20ac","formatted_published_date":"19 juillet 2011","publisher_availability_label":"Sur commande","short_details":"Christian Cavaill\u00e9 \u2014 \u00c9ditions L'Harmattan","translator":null,"weight":315,"page_count":255,"readership":null,"editor":"\u00c9ditions L'Harmattan","price":2500,"published_date":"2011-07-18T22:00:00.000000Z","support":"Grand format","publisher_availability":1,"stock":0,"editions":[],"url":"https:\/\/quaidesbrumes.com\/ouvrage\/9782296552494\/facons-du-reel"},{"id":"9782296552500","title":"Partis pris du r\u00e9el","description":"En prenant le parti du r\u00e9el malgr\u00e9 tout, en faisant le pari qu'il ne se r\u00e9duit pas \u00e0 \"la force des choses\" et \u00e0 l'imposante \"r\u00e9alit\u00e9\", l'ouvrage tente \u00e0 la fois de d\u00e9crire des choses per\u00e7ues et v\u00e9cues (pinces \u00e0 linge, pendule, miroir, \u00e9crans, pressoirs, stylo-crayon...) et de faire apercevoir en elles le r\u00e9el universel, le r\u00e9el intraitable, imparable et intotalisable.","authors":["Christian Cavaill\u00e9"],"category_codes":["9000000","9080000","9080200","9080204"],"visuals":{"large":"https:\/\/images.epagine.fr\/500\/9782296552500_1_75.jpg","medium":"https:\/\/images.epagine.fr\/500\/9782296552500_1_m.jpg","thumbnail":"https:\/\/images.epagine.fr\/500\/9782296552500_1_v.jpg"},"orderable":true,"show_badge":true,"formatted_price":"25,50&nbsp;\u20ac","formatted_published_date":"19 juillet 2011","publisher_availability_label":"Sur commande","short_details":"Christian Cavaill\u00e9 \u2014 \u00c9ditions L'Harmattan","translator":null,"weight":325,"page_count":259,"readership":null,"editor":"\u00c9ditions L'Harmattan","price":2550,"published_date":"2011-07-18T22:00:00.000000Z","support":"Grand format","publisher_availability":1,"stock":0,"editions":[],"url":"https:\/\/quaidesbrumes.com\/ouvrage\/9782296552500\/partis-pris-du-reel"},{"id":"9782296118355","title":"Essais de philosophie Tome 3 ; 1939 ; la science exp\u00e9rimentale ; explications sch\u00e9matiques","description":"Cet ouvrage comprend la traduction de deux essais du philosophe japonais Nishida Kitar\u00f4 (1870-1945). Ces \u00e9crits tardifs constituent une nouvelle tentative d'exposition de l'ensemble de sa pens\u00e9e dans toute sa technicit\u00e9. Ils pr\u00e9sentent \u00e9galement l'int\u00e9r\u00eat de montrer comment la \"topologie\" philosophique de la maturit\u00e9 prend la forme d'un \"op\u00e9rationnalisme\" philosophique. Une introduction et de nombreux commentaires guident le lecteur dans son appr\u00e9hension du texte.","authors":["Kitar\u00f4 Nishida","Michel Dalissier"],"category_codes":["9000000","9080000","9080200","9080204"],"visuals":{"large":"https:\/\/images.epagine.fr\/355\/9782296118355_1_75.jpg","medium":"https:\/\/images.epagine.fr\/355\/9782296118355_1_m.jpg","thumbnail":"https:\/\/images.epagine.fr\/355\/9782296118355_1_v.jpg"},"orderable":true,"show_badge":true,"formatted_price":"38,00&nbsp;\u20ac","formatted_published_date":"20 avril 2010","publisher_availability_label":"Sur commande","short_details":"Kitar\u00f4 Nishida, Michel Dalissier \u2014 \u00c9ditions L'Harmattan","translator":"MICHEL DALISSIER","weight":630,"page_count":399,"readership":null,"editor":"\u00c9ditions L'Harmattan","price":3800,"published_date":"2010-04-19T22:00:00.000000Z","support":"Grand format","publisher_availability":1,"stock":0,"editions":[],"url":"https:\/\/quaidesbrumes.com\/ouvrage\/9782296118355\/essais-de-philosophie-tome-3-1939-la-science-experimentale-explications-schematiques"},{"id":"9782329614267","title":"Essais de philosophie morale et de morale religieuse : suivis de quelques essais de critique litt\u00e9raire","description":"Essais de philosophie morale et de morale religieuse : suivis de quelques essais de critique litt\u00e9raire \/ par A. Vinet\r\nDate de l'\u00e9dition originale : 1837\r\nLe pr\u00e9sent ouvrage s'inscrit dans une politique de conservation patrimoniale des ouvrages de la litt\u00e9rature Fran\u00e7aise mise en place avec la BNF. \r\nHACHETTE LIVRE et la BNF proposent ainsi un catalogue de titres indisponibles, la BNF ayant num\u00e9ris\u00e9 ces oeuvres et HACHETTE LIVRE les imprimant \u00e0 la demande. \r\nCertains de ces ouvrages refl\u00e8tent des courants de pens\u00e9e caract\u00e9ristiques de leur \u00e9poque, mais qui seraient aujourd'hui jug\u00e9s condamnables. \r\nIls n'en appartiennent pas moins \u00e0 l'histoire des id\u00e9es en France et sont susceptibles de pr\u00e9senter un int\u00e9r\u00eat scientifique ou historique. \r\nLe sens de notre d\u00e9marche \u00e9ditoriale consiste ainsi \u00e0 permettre l'acc\u00e8s \u00e0 ces oeuvres sans pour autant que nous en cautionnions en aucune fa\u00e7on le contenu. \r\nPour plus d'informations, rendez-vous sur www.hachettebnf.fr","authors":["Alexandre Vinet"],"category_codes":["9000000","9080000"],"visuals":{"large":"https:\/\/quaidesbrumes.com\/img\/book-placeholder.png","medium":"https:\/\/quaidesbrumes.com\/img\/book-placeholder.png","thumbnail":"https:\/\/quaidesbrumes.com\/img\/book-placeholder.png"},"orderable":true,"show_badge":true,"formatted_price":"26,50&nbsp;\u20ac","formatted_published_date":"1er avril 2021","publisher_availability_label":"Sur commande","short_details":"Alexandre Vinet \u2014 Hachette BNF","translator":null,"weight":557,"page_count":408,"readership":null,"editor":"Hachette BNF","price":2650,"published_date":"2021-03-31T22:00:00.000000Z","support":"Grand format","publisher_availability":1,"stock":0,"editions":[],"url":"https:\/\/quaidesbrumes.com\/ouvrage\/9782329614267\/essais-de-philosophie-morale-et-de-morale-religieuse-suivis-de-quelques-essais-de-critique-litteraire"},{"id":"9782343083841","title":"Le cycle inters\u00e9culaire du lib\u00e9ralisme et du communisme ; XVIIIe - XXIe si\u00e8cles (2e \u00e9dition)","description":"\"Cet ouvrage vise \u00e0 d\u00e9crire historiquement et \u00e0 expliquer th\u00e9oriquement les conflits qui ont anim\u00e9 le lib\u00e9ralisme et le communisme depuis le si\u00e8cle des Lumi\u00e8res. Il montre que le XXe si\u00e8cle a \u00e9t\u00e9 le si\u00e8cle des conflits internationaux et que le XXIe si\u00e8cle voit le d\u00e9clin de l Occident lib\u00e9ral au profit de la Chine communiste et de l Eurasie.\"","authors":["Robert Estivals"],"category_codes":["9000000","9080000","9080200","9080202"],"visuals":{"large":"https:\/\/images.epagine.fr\/841\/9782343083841_1_75.jpg","medium":"https:\/\/images.epagine.fr\/841\/9782343083841_1_m.jpg","thumbnail":"https:\/\/images.epagine.fr\/841\/9782343083841_1_v.jpg"},"orderable":true,"show_badge":true,"formatted_price":"26,50&nbsp;\u20ac","formatted_published_date":"13 janvier 2016","publisher_availability_label":"Sur commande","short_details":"Robert Estivals \u2014 \u00c9ditions L'Harmattan","translator":null,"weight":345,"page_count":230,"readership":null,"editor":"\u00c9ditions L'Harmattan","price":2650,"published_date":"2016-01-12T23:00:00.000000Z","support":"Grand format","publisher_availability":1,"stock":0,"editions":[],"url":"https:\/\/quaidesbrumes.com\/ouvrage\/9782343083841\/le-cycle-interseculaire-du-liberalisme-et-du-communisme-xviiie-xxie-siecles-2e-edition"},{"id":"9782012977358","title":"Quelques mots aux hommes de bon sens et de bonne foi (2e edition)","description":"Quelques mots aux hommes de bon sens et de bonne foi (2e \u00e9dition) \/ par Augustin-Louis Cauchy,...\r\nDate de l'\u00e9dition originale : 1833 Ce livre est la reproduction fid\u00e8le d une uvre publi\u00e9e avant 1920 et fait partie d une collection de livres r\u00e9imprim\u00e9s \u00e0 la demande \u00e9dit\u00e9e par Hachette Livre, dans le cadre d un partenariat avec la Biblioth\u00e8que nationale de France, offrant l opportunit\u00e9 d acc\u00e9der \u00e0 des ouvrages anciens et souvent rares issus des fonds patrimoniaux de la BnF.\r\nLes uvres faisant partie de cette collection ont \u00e9t\u00e9 num\u00e9ris\u00e9es par la BnF et sont pr\u00e9sentes sur Gallica, sa biblioth\u00e8que num\u00e9rique.\r\n\r\nEn entreprenant de redonner vie \u00e0 ces ouvrages au travers d une collection de livres r\u00e9imprim\u00e9s \u00e0 la demande, nous leur donnons la possibilit\u00e9 de rencontrer un public \u00e9largi et participons \u00e0 la transmission de connaissances et de savoirs parfois difficilement accessibles.\r\nNous avons cherch\u00e9 \u00e0 concilier la reproduction fid\u00e8le d un livre ancien \u00e0 partir de sa version num\u00e9ris\u00e9e avec le souci d un confort de lecture optimal. Nous esp\u00e9rons que les ouvrages de cette nouvelle collection vous apporteront enti\u00e8re satisfaction.\r\n\r\nPour plus d informations, rendez-vous sur www.hachettebnf.fr","authors":["Cauchy A-L."],"category_codes":["9000000","9080000"],"visuals":{"large":"https:\/\/images.epagine.fr\/358\/9782012977358_1_75.jpg","medium":"https:\/\/images.epagine.fr\/358\/9782012977358_1_m.jpg","thumbnail":"https:\/\/images.epagine.fr\/358\/9782012977358_1_v.jpg"},"orderable":true,"show_badge":true,"formatted_price":"9,50&nbsp;\u20ac","formatted_published_date":"1er juillet 2013","publisher_availability_label":"Sur commande","short_details":"Cauchy A-L. \u2014 Hachette BNF","translator":null,"weight":56,"page_count":null,"readership":null,"editor":"Hachette BNF","price":950,"published_date":"2013-06-30T22:00:00.000000Z","support":"Grand format","publisher_availability":1,"stock":0,"editions":[],"url":"https:\/\/quaidesbrumes.com\/ouvrage\/9782012977358\/quelques-mots-aux-hommes-de-bon-sens-et-de-bonne-foi-2e-edition"},{"id":"9782296549890","title":"Ph\u00e9nom\u00e9nologie du Dieu invisible ; essais et \u00e9tudes sur Emmanuel Levinas, Michel Henry et Jean-Luc Marion","description":"La ph\u00e9nom\u00e9nologie est la science philosophique qui d\u00e9crit l'appara\u00eetre et se restreint \u00e0 la donation originaire de cet appara\u00eetre sans avoir recours \u00e0 des constructions artificielles et th\u00e9oriques. Si Dieu est donn\u00e9 en tant que \"Dieu\", il est d\u00e9j\u00e0 le produit de mon intention. Peut-\u00eatre que Dieu n'est en rien objet de notre croyance, mais plut\u00f4t un sujet plus profond ou plus haut que notre propre subjectivit\u00e9.","authors":["Ruud Welten"],"category_codes":["9000000","9080000","9080200","9080204"],"visuals":{"large":"https:\/\/images.epagine.fr\/890\/9782296549890_1_75.jpg","medium":"https:\/\/images.epagine.fr\/890\/9782296549890_1_m.jpg","thumbnail":"https:\/\/images.epagine.fr\/890\/9782296549890_1_v.jpg"},"orderable":true,"show_badge":true,"formatted_price":"26,00&nbsp;\u20ac","formatted_published_date":"3 mai 2011","publisher_availability_label":"Sur commande","short_details":"Ruud Welten \u2014 \u00c9ditions L'Harmattan","translator":null,"weight":334,"page_count":256,"readership":null,"editor":"\u00c9ditions L'Harmattan","price":2600,"published_date":"2011-05-02T22:00:00.000000Z","support":"Grand format","publisher_availability":1,"stock":0,"editions":[],"url":"https:\/\/quaidesbrumes.com\/ouvrage\/9782296549890\/phenomenologie-du-dieu-invisible-essais-et-etudes-sur-emmanuel-levinas-michel-henry-et-jean-luc-marion"},{"id":"9782296111356","title":"Petite m\u00e9taphysique d\u00e9miurgique du pourquoi","description":"Qui ne s'est pos\u00e9 la question du pourquoi de son existence - pourquoi y a-t-il des hommes et des choses, pourquoi y a-t-il quelque chose et non pas rien ? C'est sur cette question et la volont\u00e9 de lui donner r\u00e9ponse que s'est \u00e9difi\u00e9e la m\u00e9taphysique. La m\u00e9taphysique qui se d\u00e9cante ainsi trouve une image de l'existence humaine dans le b\u00e2tisseur platonicien, c'est-\u00e0-dire le d\u00e9miurge, qui cherche \u00e0 r\u00e9aliser ses id\u00e9aux de perfection en incluant les donn\u00e9es imparfaites.","authors":["Ulrich Steinvorth","Jurgen Brankel"],"category_codes":["9000000","9080000","9080200","9080204"],"visuals":{"large":"https:\/\/images.epagine.fr\/356\/9782296111356_1_75.jpg","medium":"https:\/\/images.epagine.fr\/356\/9782296111356_1_m.jpg","thumbnail":"https:\/\/images.epagine.fr\/356\/9782296111356_1_v.jpg"},"orderable":true,"show_badge":true,"formatted_price":"23,00&nbsp;\u20ac","formatted_published_date":"10 mars 2010","publisher_availability_label":"Sur commande","short_details":"Ulrich Steinvorth, Jurgen Brankel \u2014 \u00c9ditions L'Harmattan","translator":"JURGEN BRANKEL","weight":290,"page_count":null,"readership":null,"editor":"\u00c9ditions L'Harmattan","price":2300,"published_date":"2010-03-09T23:00:00.000000Z","support":"Grand format","publisher_availability":1,"stock":0,"editions":[],"url":"https:\/\/quaidesbrumes.com\/ouvrage\/9782296111356\/petite-metaphysique-demiurgique-du-pourquoi"},{"id":"9782204097239","title":"La vie de famille chez les pascal","description":null,"authors":["Andr\u00e9 Bord"],"category_codes":["9000000","9080000"],"visuals":{"large":"https:\/\/images.epagine.fr\/239\/9782204097239_1_75.jpg","medium":"https:\/\/images.epagine.fr\/239\/9782204097239_1_m.jpg","thumbnail":"https:\/\/images.epagine.fr\/239\/9782204097239_1_v.jpg"},"orderable":true,"show_badge":true,"formatted_price":"12,00&nbsp;\u20ac","formatted_published_date":"18 octobre 2012","publisher_availability_label":"Sur commande","short_details":"Andr\u00e9 Bord \u2014 Les \u00e9ditions du Cerf","translator":null,"weight":176,"page_count":164,"readership":null,"editor":"Les \u00e9ditions du Cerf","price":1200,"published_date":"2012-10-17T22:00:00.000000Z","support":"Grand format","publisher_availability":1,"stock":0,"editions":[],"url":"https:\/\/quaidesbrumes.com\/ouvrage\/9782204097239\/la-vie-de-famille-chez-les-pascal"},{"id":"9782013382083","title":"Histoire de la philosophie chretienne. tome 1","description":"Histoire de la philosophie chr\u00e9tienne. Tome 1,Volume 1 \/ par le Dr Henri Ritter ; traduite de l'allemand et pr\u00e9c\u00e9d\u00e9e d'un mot sur la relation de la croyance avec la science, par J. Trullard... http:\/\/gallica.bnf.fr\/ark:\/12148\/bpt6k5404993z","authors":["Ritter Heinrich"],"category_codes":["9000000","9080000"],"visuals":{"large":"https:\/\/images.epagine.fr\/083\/9782013382083_1_75.jpg","medium":"https:\/\/images.epagine.fr\/083\/9782013382083_1_m.jpg","thumbnail":"https:\/\/images.epagine.fr\/083\/9782013382083_1_v.jpg"},"orderable":true,"show_badge":true,"formatted_price":"33,00&nbsp;\u20ac","formatted_published_date":"1er octobre 2013","publisher_availability_label":"Sur commande","short_details":"Ritter Heinrich \u2014 Hachette BNF","translator":null,"weight":784,"page_count":null,"readership":null,"editor":"Hachette BNF","price":3300,"published_date":"2013-09-30T22:00:00.000000Z","support":"Grand format","publisher_availability":1,"stock":0,"editions":[],"url":"https:\/\/quaidesbrumes.com\/ouvrage\/9782013382083\/histoire-de-la-philosophie-chretienne-tome-1"},{"id":"9782296136021","title":"L'humour et la philosophie ; de Socrate \u00e0 Jean Baptiste Botul","description":"A travers une pr\u00e9sentation par chapitres de divers penseurs ayant \u00e9tudi\u00e9 ou pratiqu\u00e9 l'humour, l'auteur \u00e9claire le c\u00f4t\u00e9 humoristique de la pens\u00e9e philosophique occidentale. Il explique en quoi une plaisanterie peut avantageusement remplacer un syllogisme, et un mot d'esprit traduire toute une philosophie, l'humour \u00e9tant, comme la philosophie, une discipline intellectuelle visant \u00e0 d\u00e9couvrir et r\u00e9v\u00e9ler la v\u00e9rit\u00e9, mais aussi les erreurs et les illusions.","authors":["Jules Bourque"],"category_codes":["9000000","9080000","9080200"],"visuals":{"large":"https:\/\/images.epagine.fr\/021\/9782296136021_1_75.jpg","medium":"https:\/\/images.epagine.fr\/021\/9782296136021_1_m.jpg","thumbnail":"https:\/\/images.epagine.fr\/021\/9782296136021_1_v.jpg"},"orderable":true,"show_badge":true,"formatted_price":"20,50&nbsp;\u20ac","formatted_published_date":"15 novembre 2010","publisher_availability_label":"Sur commande","short_details":"Jules Bourque \u2014 \u00c9ditions L'Harmattan","translator":null,"weight":255,"page_count":199,"readership":null,"editor":"\u00c9ditions L'Harmattan","price":2050,"published_date":"2010-11-14T23:00:00.000000Z","support":"Grand format","publisher_availability":1,"stock":0,"editions":[],"url":"https:\/\/quaidesbrumes.com\/ouvrage\/9782296136021\/lhumour-et-la-philosophie-de-socrate-a-jean-baptiste-botul"},{"id":"9782738126542","title":"En 31 jours, d\u00e9couvrez comment vous pensez","description":"Et si vous deveniez philosophe en 31 jours ?C est l amusant d\u00e9fi que vous propose de relever cet ouvrage. En 4 semaines et 31 petites exp\u00e9riences, en forme d \u00e9nigmes, de jeux, d exercices pratiques \u00e0 faire soi-m\u00eame chaque jour.Vous y apprendrez ainsi \u00e0 fabriquer des lunettes pour voir le monde la t\u00eate en bas et \u00e0 construire un lit de clous ou encore comment passer chez vous un week-end \u00e0 la mode trappiste , comment pratiquer la transmission de pens\u00e9e, comment manipuler l opinion d autrui ou avoir toujours raison dans les discussions ; vous vous perdrez en conjectures sur vous-m\u00eame et sur l identit\u00e9 d autrui, sur la fiabilit\u00e9 de votre m\u00e9moire ou la fragilit\u00e9 de votre raison.Humour, bizarreries et paradoxes, exemples parfois loufoques emprunt\u00e9s \u00e0 la vie de tous les jours ou \u00e0 la culture populaire, curiosit\u00e9s scientifiques ou psychologiques donnant \u00e0 r\u00e9fl\u00e9chir : une autre fa\u00e7on d apprendre \u00e0 penser par soi-m\u00eame. Mieux qu une suite de le\u00e7ons, un ouvrage interactif proposant non d apprendre la philosophie, mais de la pratiquer vraiment.","authors":["Martin Cohen"],"category_codes":["9000000","9080000","9080200","9080204"],"visuals":{"large":"https:\/\/images.epagine.fr\/542\/9782738126542_1_75.jpg","medium":"https:\/\/images.epagine.fr\/542\/9782738126542_1_m.jpg","thumbnail":"https:\/\/images.epagine.fr\/542\/9782738126542_1_v.jpg"},"orderable":true,"show_badge":true,"formatted_price":"20,20&nbsp;\u20ac","formatted_published_date":"27 mai 2011","publisher_availability_label":"Sur commande","short_details":"Martin Cohen \u2014 \u00c9ditions Odile Jacob","translator":null,"weight":218,"page_count":193,"readership":null,"editor":"\u00c9ditions Odile Jacob","price":2020,"published_date":"2011-05-26T22:00:00.000000Z","support":"Grand format","publisher_availability":1,"stock":0,"editions":[],"url":"https:\/\/quaidesbrumes.com\/ouvrage\/9782738126542\/en-31-jours-decouvrez-comment-vous-pensez"},{"id":"9782738462978","title":"Chemins de descartes","description":"Dans cet ouvrage, sept grands sp\u00e9cialistes c\u00e9l\u00e8brent le quatri\u00e8me centenaire de Descartes. Genevi\u00e8ve Rodis-Lewis \u00e9tudie quelques \u00e9v\u00e9nements importants de la vie de Descartes, en vue de l'explication de la gen\u00e8se de sa pens\u00e9e. Alain Tranoy en historien d\u00e9crit le s\u00e9jour du jeune \u00e9tudiant de droit \u00e0 Poitiers. Michio Kobayashi pr\u00e9sente les affinit\u00e9s entre le grand penseur japonais, Nishida et le fondateur de la philosophie moderne en Occident. Daniel Garber montre que si l'auteur des M\u00e9ditations \u00e9tait un des plus importants physiciens de son temps, sa physique \u00e9tait inspir\u00e9e par des principes...Un ouvrage qui renouvelle notre compr\u00e9hension du plus important penseur fran\u00e7ais.","authors":["Miklos\/Soual"],"category_codes":["9000000","9080000"],"visuals":{"large":"https:\/\/images.epagine.fr\/978\/9782738462978_1_75.jpg","medium":"https:\/\/images.epagine.fr\/978\/9782738462978_1_m.jpg","thumbnail":"https:\/\/images.epagine.fr\/978\/9782738462978_1_v.jpg"},"orderable":true,"show_badge":true,"formatted_price":"13,50&nbsp;\u20ac","formatted_published_date":"26 mai 1998","publisher_availability_label":"Sur commande","short_details":"Miklos\/Soual \u2014 \u00c9ditions L'Harmattan","translator":null,"weight":202,"page_count":null,"readership":null,"editor":"\u00c9ditions L'Harmattan","price":1350,"published_date":"1998-05-25T22:00:00.000000Z","support":"Grand format","publisher_availability":1,"stock":0,"editions":[],"url":"https:\/\/quaidesbrumes.com\/ouvrage\/9782738462978\/chemins-de-descartes"},{"id":"9782360400867","title":"La culture nous aide-t-elle \u00e0 vivre ?","description":"Cette collection constitue une approche grand public des questions philosophiques et fondamentales. Le langage, le travail et la technique, l'histoire, l'art, la religion : autant d'\u00e9l\u00e9ments qui nous constituent et nous fa\u00e7onnent dans ce que l'on peut d\u00e9finir comme notre culture.\r\nJean-Baptiste \u00c9chivard, professeur de lyc\u00e9e et d'universit\u00e9, a l'art d'\u00e9tudier chaque concept pour le mettre \u00e0 notre port\u00e9e. Tout en restant tr\u00e8s accessible, l'auteur \u00e9vite les \u00e9cueils de la vulgarisation. Il permet \u00e0 son lecteur de saisir les grands enjeux que ces notions v\u00e9hiculent et les articule dans une vision unifi\u00e9e de l'homme, largement inspir\u00e9e par la pens\u00e9e d'Aristote et de saint Thomas d'Aquin. Tous les grands noms de la philosophie sont \u00e9galement convoqu\u00e9s pour r\u00e9pondre aux questions essentielles autour de la culture.\r\n\r\n\r\nJean-Baptiste \u00c9chivard, du Foyer Marie Jean, docteur en philosophie, professeur \u00e0 l'IPC - Facult\u00e9s libres de philosophie et de psychologie, professeur de philosophie en classe de terminale de 1973 \u00e0 2009, a d\u00e9j\u00e0 publi\u00e9 une dizaine d'ouvrages de philosophie.","authors":["Jean-baptiste Echivard"],"category_codes":["9000000","9080000","9080200","9080204"],"visuals":{"large":"https:\/\/images.epagine.fr\/867\/9782360400867_1_75.jpg","medium":"https:\/\/images.epagine.fr\/867\/9782360400867_1_m.jpg","thumbnail":"https:\/\/images.epagine.fr\/867\/9782360400867_1_v.jpg"},"orderable":true,"show_badge":true,"formatted_price":"20,00&nbsp;\u20ac","formatted_published_date":"1er mai 2012","publisher_availability_label":"Sur commande","short_details":"Jean-baptiste Echivard \u2014 \u00c9ditions Art\u00e8ge","translator":null,"weight":400,"page_count":282,"readership":null,"editor":"\u00c9ditions Art\u00e8ge","price":2000,"published_date":"2012-04-30T22:00:00.000000Z","support":"Grand format","publisher_availability":1,"stock":0,"editions":[],"url":"https:\/\/quaidesbrumes.com\/ouvrage\/9782360400867\/la-culture-nous-aide-t-elle-a-vivre"},{"id":"9782296136243","title":"L'oeuvre d'art ; l'exp\u00e9rience esth\u00e9tique de la v\u00e9rit\u00e9","description":"Selon l'auteur, l'art et la philosophie partagent le m\u00eame objet : la v\u00e9rit\u00e9. Au d\u00e9but du XXe si\u00e8cle, le tournant linguistique en philosophie affirme la structure du langage selon la perspective pragmatique d\u00e9riv\u00e9e de la pens\u00e9e de Charles S. Pierce, du second Wittgenstein et de J. L. Austin, entre autres. A cette \u00e9poque, Marcel Duchamp met en \u00e9vidence le fondement conceptuel et \u00e9nonciatif de l'art \u00e0 travers les ready-mades. Ainsi, le ready-made est plut\u00f4t le nom d'une \"op\u00e9ration\" intrins\u00e8que \u00e0 tout acte d'\u00e9nonciation possible de la v\u00e9rit\u00e9.","authors":["Walter Menon"],"category_codes":["9000000","9080000","9080200","9080204"],"visuals":{"large":"https:\/\/images.epagine.fr\/243\/9782296136243_1_75.jpg","medium":"https:\/\/images.epagine.fr\/243\/9782296136243_1_m.jpg","thumbnail":"https:\/\/images.epagine.fr\/243\/9782296136243_1_v.jpg"},"orderable":true,"show_badge":true,"formatted_price":"26,50&nbsp;\u20ac","formatted_published_date":"24 d\u00e9cembre 2010","publisher_availability_label":"Sur commande","short_details":"Walter Menon \u2014 \u00c9ditions L'Harmattan","translator":null,"weight":420,"page_count":255,"readership":null,"editor":"\u00c9ditions L'Harmattan","price":2650,"published_date":"2010-12-23T23:00:00.000000Z","support":"Grand format","publisher_availability":1,"stock":0,"editions":[],"url":"https:\/\/quaidesbrumes.com\/ouvrage\/9782296136243\/loeuvre-dart-lexperience-esthetique-de-la-verite"},{"id":"9782705680084","title":"La perfection","description":"L'esp\u00e8ce humaine est libre, au sens o\u00f9 devenir humain n'est pas l'application d'un programme g\u00e9n\u00e9tique, mais le produit d'un apprentissage effectu\u00e9 tout au long de la vie au sein de cercles sociaux et culturels de rayons variables. Or, une esp\u00e8ce libre et ses repr\u00e9sentants doivent \u00eatre infaillibles de fondation. De fait, l'humanit\u00e9 \u00e9choue toujours plus ou moins dans la poursuite de ses fins et dans la r\u00e9alisation de ses activit\u00e9s. L'imperfection est son lot original. Pourtant, l'aspiration \u00e0 la perfection est tout aussi naturelle, qui en induit la recherche perp\u00e9tuellement recommenc\u00e9e. Cette contradiction fonde trois r\u00e9gimes de la perfection, la r\u00e9forme, la r\u00e9volution et l'utopie. Si l'utopie est toujours irrationnelle et calamiteuse, la r\u00e9forme ou la r\u00e9volution, \u00e0 privil\u00e9gier selon les contextes et les circonstances, sont des devoirs et des d\u00e9fis \u00e0 soutenir, de mani\u00e8re \u00e0 donner aux affaires humaines des assises convenables et des chances raisonnables de ne pas trop \u00e9chouer. Entre perfection et imperfection, le centre de gravit\u00e9 de l'esp\u00e8ce, des soci\u00e9t\u00e9s et des individus pourrait \u00eatre une m\u00e9diocrit\u00e9 supportable","authors":["Jean Baechler"],"category_codes":["9000000","9080000","9080200","9080204"],"visuals":{"large":"https:\/\/images.epagine.fr\/084\/9782705680084_1_75.jpg","medium":"https:\/\/images.epagine.fr\/084\/9782705680084_1_m.jpg","thumbnail":"https:\/\/images.epagine.fr\/084\/9782705680084_1_v.jpg"},"orderable":true,"show_badge":true,"formatted_price":"39,00&nbsp;\u20ac","formatted_published_date":"15 juin 2011","publisher_availability_label":"Sur commande","short_details":"Jean Baechler \u2014 Hermann","translator":null,"weight":338,"page_count":246,"readership":null,"editor":"Hermann","price":3900,"published_date":"2011-06-14T22:00:00.000000Z","support":"Grand format","publisher_availability":1,"stock":0,"editions":[],"url":"https:\/\/quaidesbrumes.com\/ouvrage\/9782705680084\/la-perfection"},{"id":"9782013460804","title":"Philosophie fondamentale. volume 1","description":"Philosophie fondamentale. Volume 1 \/ par Jacques Balm\u00e8s ; trad. de l'espagnol et pr\u00e9c\u00e9d\u00e9e d'une introd. par M. Manec (\u00c9douard) ; (Pr\u00e9c\u00e9d\u00e9e d'une lettre au traducteur de Monseigneur Dupanloup) Date de l'\u00e9dition originale : 1852 Ce livre est la reproduction fid\u00e8le d'une oeuvre publi\u00e9e avant 1920 et fait partie d'une collection de livres r\u00e9imprim\u00e9s \u00e0 la demande \u00e9dit\u00e9e par Hachette Livre, dans le cadre d'un partenariat avec la Biblioth\u00e8que nationale de France, offrant l'opportunit\u00e9 d'acc\u00e9der \u00e0 des ouvrages anciens et souvent rares issus des fonds patrimoniaux de la BnF.\r\nLes oeuvres faisant partie de cette collection ont \u00e9t\u00e9 num\u00e9ris\u00e9es par la BnF et sont pr\u00e9sentes sur Gallica, sa biblioth\u00e8que num\u00e9rique.\r\n\r\nEn entreprenant de redonner vie \u00e0 ces ouvrages au travers d'une collection de livres r\u00e9imprim\u00e9s \u00e0 la demande, nous leur donnons la possibilit\u00e9 de rencontrer un public \u00e9largi et participons \u00e0 la transmission de connaissances et de savoirs parfois difficilement accessibles.\r\nNous avons cherch\u00e9 \u00e0 concilier la reproduction fid\u00e8le d'un livre ancien \u00e0 partir de sa version num\u00e9ris\u00e9e avec le souci d'un confort de lecture optimal. Nous esp\u00e9rons que les ouvrages de cette nouvelle collection vous apporteront enti\u00e8re satisfaction.\r\n\r\nPour plus d'informations, rendez-vous sur www.hachettebnf.fr","authors":["Balmes Jaime"],"category_codes":["9000000","9080000"],"visuals":{"large":"https:\/\/images.epagine.fr\/804\/9782013460804_1_75.jpg","medium":"https:\/\/images.epagine.fr\/804\/9782013460804_1_m.jpg","thumbnail":"https:\/\/images.epagine.fr\/804\/9782013460804_1_v.jpg"},"orderable":true,"show_badge":true,"formatted_price":"29,00&nbsp;\u20ac","formatted_published_date":"1er octobre 2014","publisher_availability_label":"Sur commande","short_details":"Balmes Jaime \u2014 Hachette BNF","translator":null,"weight":646,"page_count":null,"readership":null,"editor":"Hachette BNF","price":2900,"published_date":"2014-09-30T22:00:00.000000Z","support":"Grand format","publisher_availability":1,"stock":0,"editions":[],"url":"https:\/\/quaidesbrumes.com\/ouvrage\/9782013460804\/philosophie-fondamentale-volume-1"},{"id":"9782013460811","title":"Philosophie fondamentale. volume 2","description":"Philosophie fondamentale. Volume 2 \/ par Jacques Balm\u00e8s ; trad. de l'espagnol et pr\u00e9c\u00e9d\u00e9e d'une introd. par M. Manec (\u00c9douard) ; (Pr\u00e9c\u00e9d\u00e9e d'une lettre au traducteur de Monseigneur Dupanloup) Date de l'\u00e9dition originale : 1852 Ce livre est la reproduction fid\u00e8le d'une oeuvre publi\u00e9e avant 1920 et fait partie d'une collection de livres r\u00e9imprim\u00e9s \u00e0 la demande \u00e9dit\u00e9e par Hachette Livre, dans le cadre d'un partenariat avec la Biblioth\u00e8que nationale de France, offrant l'opportunit\u00e9 d'acc\u00e9der \u00e0 des ouvrages anciens et souvent rares issus des fonds patrimoniaux de la BnF.\r\nLes oeuvres faisant partie de cette collection ont \u00e9t\u00e9 num\u00e9ris\u00e9es par la BnF et sont pr\u00e9sentes sur Gallica, sa biblioth\u00e8que num\u00e9rique.\r\n\r\nEn entreprenant de redonner vie \u00e0 ces ouvrages au travers d'une collection de livres r\u00e9imprim\u00e9s \u00e0 la demande, nous leur donnons la possibilit\u00e9 de rencontrer un public \u00e9largi et participons \u00e0 la transmission de connaissances et de savoirs parfois difficilement accessibles.\r\nNous avons cherch\u00e9 \u00e0 concilier la reproduction fid\u00e8le d'un livre ancien \u00e0 partir de sa version num\u00e9ris\u00e9e avec le souci d'un confort de lecture optimal. Nous esp\u00e9rons que les ouvrages de cette nouvelle collection vous apporteront enti\u00e8re satisfaction.\r\n\r\nPour plus d'informations, rendez-vous sur www.hachettebnf.fr","authors":["Balmes Jaime"],"category_codes":["9000000","9080000"],"visuals":{"large":"https:\/\/images.epagine.fr\/811\/9782013460811_1_75.jpg","medium":"https:\/\/images.epagine.fr\/811\/9782013460811_1_m.jpg","thumbnail":"https:\/\/images.epagine.fr\/811\/9782013460811_1_v.jpg"},"orderable":true,"show_badge":true,"formatted_price":"28,50&nbsp;\u20ac","formatted_published_date":"1er octobre 2014","publisher_availability_label":"Sur commande","short_details":"Balmes Jaime \u2014 Hachette BNF","translator":null,"weight":633,"page_count":null,"readership":null,"editor":"Hachette BNF","price":2850,"published_date":"2014-09-30T22:00:00.000000Z","support":"Grand format","publisher_availability":1,"stock":0,"editions":[],"url":"https:\/\/quaidesbrumes.com\/ouvrage\/9782013460811\/philosophie-fondamentale-volume-2"},{"id":"9782013460828","title":"Philosophie fondamentale. volume 3","description":"Philosophie fondamentale. Volume 3 \/ par Jacques Balm\u00e8s ; trad. de l'espagnol et pr\u00e9c\u00e9d\u00e9e d'une introd. par M. Manec (\u00c9douard) ; (Pr\u00e9c\u00e9d\u00e9e d'une lettre au traducteur de Monseigneur Dupanloup) Date de l'\u00e9dition originale : 1852 Ce livre est la reproduction fid\u00e8le d'une oeuvre publi\u00e9e avant 1920 et fait partie d'une collection de livres r\u00e9imprim\u00e9s \u00e0 la demande \u00e9dit\u00e9e par Hachette Livre, dans le cadre d'un partenariat avec la Biblioth\u00e8que nationale de France, offrant l'opportunit\u00e9 d'acc\u00e9der \u00e0 des ouvrages anciens et souvent rares issus des fonds patrimoniaux de la BnF.\r\nLes oeuvres faisant partie de cette collection ont \u00e9t\u00e9 num\u00e9ris\u00e9es par la BnF et sont pr\u00e9sentes sur Gallica, sa biblioth\u00e8que num\u00e9rique.\r\n\r\nEn entreprenant de redonner vie \u00e0 ces ouvrages au travers d'une collection de livres r\u00e9imprim\u00e9s \u00e0 la demande, nous leur donnons la possibilit\u00e9 de rencontrer un public \u00e9largi et participons \u00e0 la transmission de connaissances et de savoirs parfois difficilement accessibles.\r\nNous avons cherch\u00e9 \u00e0 concilier la reproduction fid\u00e8le d'un livre ancien \u00e0 partir de sa version num\u00e9ris\u00e9e avec le souci d'un confort de lecture optimal. Nous esp\u00e9rons que les ouvrages de cette nouvelle collection vous apporteront enti\u00e8re satisfaction.\r\n\r\nPour plus d'informations, rendez-vous sur www.hachettebnf.fr","authors":["Balmes Jaime"],"category_codes":["9000000","9080000"],"visuals":{"large":"https:\/\/images.epagine.fr\/828\/9782013460828_1_75.jpg","medium":"https:\/\/images.epagine.fr\/828\/9782013460828_1_m.jpg","thumbnail":"https:\/\/images.epagine.fr\/828\/9782013460828_1_v.jpg"},"orderable":true,"show_badge":true,"formatted_price":"28,50&nbsp;\u20ac","formatted_published_date":"1er octobre 2014","publisher_availability_label":"Sur commande","short_details":"Balmes Jaime \u2014 Hachette BNF","translator":null,"weight":627,"page_count":null,"readership":null,"editor":"Hachette BNF","price":2850,"published_date":"2014-09-30T22:00:00.000000Z","support":"Grand format","publisher_availability":1,"stock":0,"editions":[],"url":"https:\/\/quaidesbrumes.com\/ouvrage\/9782013460828\/philosophie-fondamentale-volume-3"}]}