{"data":[{"id":"9782296552449","title":"Le pragmatisme et sa m\u00e9thode ; interdisciplinarit\u00e9 et observation en philosophie","description":"D\u00e8s 1890, aux Etats-Unis, des philosophes et des psychologues se sont int\u00e9ress\u00e9s au social et \u00e0 aux pratiques vivantes. Tourn\u00e9s vers les usages du langage, ces philosophes pragmaticiens, Dewey, James, Mead, et bien s\u00fbr Peirce, engagent la philosophie vers l'action, le quotidien, la parole. Nous leur devons sans doute une nouvelle mani\u00e8re de concevoir la philosophie et sa m\u00e9thode, un souci de l'interdisciplinarit\u00e9 et une pens\u00e9e construite \u00e0 partir de ce qu'elle apprend sur le terrain des pratiques.\r","authors":["Emmanuelle Rozier"],"category_codes":["9000000","9080000","9080200","9080204"],"visuals":{"large":"https:\/\/images.epagine.fr\/449\/9782296552449_1_75.jpg","medium":"https:\/\/images.epagine.fr\/449\/9782296552449_1_m.jpg","thumbnail":"https:\/\/images.epagine.fr\/449\/9782296552449_1_v.jpg"},"orderable":true,"show_badge":true,"formatted_price":"25,50&nbsp;\u20ac","formatted_published_date":"6 juillet 2011","publisher_availability_label":"Sur commande","short_details":"Emmanuelle Rozier \u2014 \u00c9ditions L'Harmattan","translator":null,"weight":336,"page_count":235,"readership":null,"editor":"\u00c9ditions L'Harmattan","price":2550,"published_date":"2011-07-05T22:00:00.000000Z","support":"Grand format","publisher_availability":1,"stock":0,"editions":[],"url":"https:\/\/quaidesbrumes.com\/ouvrage\/9782296552449\/le-pragmatisme-et-sa-methode-interdisciplinarite-et-observation-en-philosophie"},{"id":"9782705682446","title":"Image et mati\u00e8re ; \u00e9tude sur la notion d'image dans Mati\u00e8re et m\u00e9moire de Bergson","description":"Mati\u00e8re et m\u00e9moire s'ouvre sur une notion passablement \u00e9nigmatique : celle d'image. Bergson d\u00e9clare que ce qui nous appara\u00eet d'embl\u00e9e lorsque nous ouvrons les yeux, c'est un ensemble d'images. Pourquoi ce terme s'impose-t-il ici \u00e0 l'auteur, avec toutes les ambigu\u00eft\u00e9s qu'il pourrait receler ? En quoi n'est-il pas r\u00e9ductible \u00e0 une simple repr\u00e9sentation dans l'esprit, comme c'\u00e9tait pourtant le cas dans la tradition philosophique jusqu'alors ? Le but du pr\u00e9sent travail est d'interroger le sens et la port\u00e9e de cette notion d'image, afin de mettre en lumi\u00e8re le renversement qu'elle \u00e9tablit dans la compr\u00e9hension du dualisme bergsonien entre l'esprit et la mati\u00e8re. En \u00e9pousant le fil conducteur de cette notion, il se demande quelle est la pertinence des critiques ph\u00e9nom\u00e9nologiques adress\u00e9es \u00e0 Bergson, puis revient sur le statut de la m\u00e9moire, pour montrer en quoi, finalement, l'esprit humain et la mati\u00e8re doivent \u00eatre repens\u00e9s \u00e0 partir de l'image, mais une image d\u00e9ploy\u00e9e dans le temps, une image qui dure.","authors":["Nicolas Cornibert"],"category_codes":["9000000","9080000","9080200","9080204"],"visuals":{"large":"https:\/\/images.epagine.fr\/446\/9782705682446_1_75.jpg","medium":"https:\/\/images.epagine.fr\/446\/9782705682446_1_m.jpg","thumbnail":"https:\/\/images.epagine.fr\/446\/9782705682446_1_v.jpg"},"orderable":true,"show_badge":true,"formatted_price":"39,00&nbsp;\u20ac","formatted_published_date":"21 ao\u00fbt 2012","publisher_availability_label":"Sur commande","short_details":"Nicolas Cornibert \u2014 Hermann","translator":null,"weight":376,"page_count":324,"readership":null,"editor":"Hermann","price":3900,"published_date":"2012-08-20T22:00:00.000000Z","support":"Grand format","publisher_availability":1,"stock":0,"editions":[],"url":"https:\/\/quaidesbrumes.com\/ouvrage\/9782705682446\/image-et-matiere-etude-sur-la-notion-dimage-dans-matiere-et-memoire-de-bergson"},{"id":"9791096556410","title":"L'homme qui lit","description":"Quand po\u00e9sie et philosophie se m\u00ealent pour d\u00e9velopper une r\u00e9flexion sur l'\u00e9criture et la lecture.","authors":["Alain Jugnon"],"category_codes":["9000000","9080000","9080700"],"visuals":{"large":"https:\/\/quaidesbrumes.com\/img\/book-placeholder.png","medium":"https:\/\/quaidesbrumes.com\/img\/book-placeholder.png","thumbnail":"https:\/\/quaidesbrumes.com\/img\/book-placeholder.png"},"orderable":true,"show_badge":true,"formatted_price":"16,00&nbsp;\u20ac","formatted_published_date":"21 juillet 2022","publisher_availability_label":"Sur commande","short_details":"Alain Jugnon \u2014 Tarmac","translator":null,"weight":120,"page_count":null,"readership":null,"editor":"Tarmac","price":1600,"published_date":"2022-07-20T22:00:00.000000Z","support":"Grand format","publisher_availability":1,"stock":0,"editions":[],"url":"https:\/\/quaidesbrumes.com\/ouvrage\/9791096556410\/lhomme-qui-lit"},{"id":"9782296552517","title":"Repr\u00e9sentations Tome 1 ; la recherche de la raison","description":"L'homme a \u00e9labor\u00e9 les principes de la pens\u00e9e rationnelle. La raison admet que ses \u00e9nonc\u00e9s ne sauraient r\u00e9pondre \u00e0 toutes les aspirations de l'homme et que d'autres discours sont praticables. Mais ces discours sont in\u00e9vitablement arbitraires et potentiellement contradictoires. La vie collective est marqu\u00e9e par ces confits d'id\u00e9es et par les rapports de force et d'int\u00e9r\u00eats. Sans d\u00e9tenir de solution a priori, la raison peut aussi exercer une fonction r\u00e9gulatrice en mati\u00e8re sociale.\r","authors":["Andr\u00e9 Valland"],"category_codes":["9000000","9080000","9080200","9080204"],"visuals":{"large":"https:\/\/images.epagine.fr\/517\/9782296552517_1_75.jpg","medium":"https:\/\/images.epagine.fr\/517\/9782296552517_1_m.jpg","thumbnail":"https:\/\/images.epagine.fr\/517\/9782296552517_1_v.jpg"},"orderable":true,"show_badge":true,"formatted_price":"25,00&nbsp;\u20ac","formatted_published_date":"1er ao\u00fbt 2011","publisher_availability_label":"Sur commande","short_details":"Andr\u00e9 Valland \u2014 \u00c9ditions L'Harmattan","translator":null,"weight":374,"page_count":null,"readership":null,"editor":"\u00c9ditions L'Harmattan","price":2500,"published_date":"2011-07-31T22:00:00.000000Z","support":"Grand format","publisher_availability":1,"stock":0,"editions":[],"url":"https:\/\/quaidesbrumes.com\/ouvrage\/9782296552517\/representations-tome-1-la-recherche-de-la-raison"},{"id":"9782940427147","title":"Les ombres de l'ame - penser les emotions negatives","description":"Les \u00e9motions peuvent \u00eatre p\u00e9nibles, voire n\u00e9fastes.\r\nPensons par exemple \u00e0 la peur, la col\u00e8re, la haine, la jalousie ou au m\u00e9pris. De telles \u00e9motions sont souvent qualifi\u00e9es de n\u00e9gatives. Mais que sont les \u00e9motions n\u00e9gatives et comment se distinguent-elles des \u00e9motions positives ? Plus g\u00e9n\u00e9ralement, qu'impliquent-elles pour notre compr\u00e9hension des \u00e9motions ? Et quels sont concr\u00e8tement leurs effets sur nos pens\u00e9es et nos vies ? De plus, comment analyser l'ambivalence affective, comme quand on ressent \u00e0 la fois de l'amour et de la haine ? R\u00e9unissant dix contributions r\u00e9dig\u00e9es pour l'occasion, Les ombres de l'\u00e2me propose des \u00e9l\u00e9ments de r\u00e9ponses originaux \u00e0 ces questions.\r\nCe faisant, cet ouvrage jette les bases d'une philosophie des \u00e9motions n\u00e9gatives.\r","authors":["Tappolet\/Teroni"],"category_codes":["9000000","9080000"],"visuals":{"large":"https:\/\/images.epagine.fr\/147\/9782940427147_1_75.jpg","medium":"https:\/\/images.epagine.fr\/147\/9782940427147_1_m.jpg","thumbnail":"https:\/\/images.epagine.fr\/147\/9782940427147_1_v.jpg"},"orderable":true,"show_badge":true,"formatted_price":"15,00&nbsp;\u20ac","formatted_published_date":"1er d\u00e9cembre 2011","publisher_availability_label":"Sur commande","short_details":"Tappolet\/Teroni \u2014 Markus Haller","translator":null,"weight":245,"page_count":213,"readership":null,"editor":"Markus Haller","price":1500,"published_date":"2011-11-30T23:00:00.000000Z","support":"Grand format","publisher_availability":1,"stock":0,"editions":[],"url":"https:\/\/quaidesbrumes.com\/ouvrage\/9782940427147\/les-ombres-de-lame-penser-les-emotions-negatives"},{"id":"9782296552524","title":"Repr\u00e9sentations Tome 2 ; le destin des fictions","description":"L'homme est un \u00eatre rationnel et un \u00eatre d'imagination. Cet \u00eatre d'imagination a tent\u00e9 d'apporter des r\u00e9ponses \u00e0 la question de son origine et de ses fins au moyen des religions et de la cr\u00e9ation artistique. Elles ont eu partie li\u00e9e d\u00e8s leur apparition. Ce long pass\u00e9 commun ne voue pas art et religions au m\u00eame destin. La fin de la religion est en principe d\u00e9j\u00e0 advenue ; elle n'entra\u00eene cependant pas la fin de l'art, puisqu'\u00e0 la diff\u00e9rence de la religion, l'art ne pr\u00e9tend pas \u00e0 la v\u00e9rit\u00e9.\r","authors":["Andr\u00e9 Valland"],"category_codes":["9000000","9080000","9080200","9080204"],"visuals":{"large":"https:\/\/images.epagine.fr\/524\/9782296552524_1_75.jpg","medium":"https:\/\/images.epagine.fr\/524\/9782296552524_1_m.jpg","thumbnail":"https:\/\/images.epagine.fr\/524\/9782296552524_1_v.jpg"},"orderable":true,"show_badge":true,"formatted_price":"16,00&nbsp;\u20ac","formatted_published_date":"1er ao\u00fbt 2011","publisher_availability_label":"Sur commande","short_details":"Andr\u00e9 Valland \u2014 \u00c9ditions L'Harmattan","translator":null,"weight":235,"page_count":null,"readership":null,"editor":"\u00c9ditions L'Harmattan","price":1600,"published_date":"2011-07-31T22:00:00.000000Z","support":"Grand format","publisher_availability":1,"stock":0,"editions":[],"url":"https:\/\/quaidesbrumes.com\/ouvrage\/9782296552524\/representations-tome-2-le-destin-des-fictions"},{"id":"9782705682569","title":"L'\u00e9largissement de la m\u00e9taphysique","description":"L'\u00c9largissement de la m\u00e9taphysique est un expos\u00e9 syst\u00e9matique de la philosophie qui se donne la t\u00e2che de repenser la m\u00e9taphysique classique de l'Occident selon les deux registres de l'existence et de l'essence. Les cat\u00e9gories de l'existence seront r\u00e9articul\u00e9es par une double inspiration kantienne et chr\u00e9tienne. La synth\u00e8se \u00ab a priori \u00bb et la \u00ab k\u00e9nose \u00bb du Christ permettront le descellement de l'immanence de la nature et de la justice en direction de l'ouverture et de la surabondance de l'amour cr\u00e9ateur, principe de tout don : c'est l'amour qui guide l'orientation du concept vers le singulier, qui en sous-tend la transfiguration en oeuvre d'art et qui en parfait l'accomplissement ultime dans l'Enfant. Quant au domaine de l'essence, il sera ressourc\u00e9 par l'inspiration ph\u00e9nom\u00e9nologique permettant son renouvellement en une eid\u00e9tique, de l'espace et du temps, o\u00f9 s'inscrivent les potentialit\u00e9s et les richesses in\u00e9puisables de la finitude. Et c'est une eid\u00e9tique de la volont\u00e9 qui conduira vers l'ach\u00e8vement de la philosophie en tant que m\u00e9taphysique du bien et du mal.","authors":["Miklos Vet\u00f6"],"category_codes":["9000000","9080000","9080200","9080204"],"visuals":{"large":"https:\/\/images.epagine.fr\/569\/9782705682569_1_75.jpg","medium":"https:\/\/images.epagine.fr\/569\/9782705682569_1_m.jpg","thumbnail":"https:\/\/images.epagine.fr\/569\/9782705682569_1_v.jpg"},"orderable":true,"show_badge":true,"formatted_price":"44,00&nbsp;\u20ac","formatted_published_date":"23 avril 2012","publisher_availability_label":"Sur commande","short_details":"Miklos Vet\u00f6 \u2014 Hermann","translator":null,"weight":725,"page_count":450,"readership":null,"editor":"Hermann","price":4400,"published_date":"2012-04-22T22:00:00.000000Z","support":"Grand format","publisher_availability":1,"stock":0,"editions":[],"url":"https:\/\/quaidesbrumes.com\/ouvrage\/9782705682569\/lelargissement-de-la-metaphysique"},{"id":"9782329610603","title":"Discours pr\u00e9liminaire pour servir d'introduction \u00e0 la Morale de S\u00e9n\u00e8que","description":"Discours pr\u00e9liminaire pour servir d'introduction \u00e0 la Morale de S\u00e9n\u00e8que, par M. N.\r\nDate de l'\u00e9dition originale : 1782\r\nLe pr\u00e9sent ouvrage s'inscrit dans une politique de conservation patrimoniale des ouvrages de la litt\u00e9rature Fran\u00e7aise mise en place avec la BNF. \r\nHACHETTE LIVRE et la BNF proposent ainsi un catalogue de titres indisponibles, la BNF ayant num\u00e9ris\u00e9 ces oeuvres et HACHETTE LIVRE les imprimant \u00e0 la demande. \r\nCertains de ces ouvrages refl\u00e8tent des courants de pens\u00e9e caract\u00e9ristiques de leur \u00e9poque, mais qui seraient aujourd'hui jug\u00e9s condamnables. \r\nIls n'en appartiennent pas moins \u00e0 l'histoire des id\u00e9es en France et sont susceptibles de pr\u00e9senter un int\u00e9r\u00eat scientifique ou historique. \r\nLe sens de notre d\u00e9marche \u00e9ditoriale consiste ainsi \u00e0 permettre l'acc\u00e8s \u00e0 ces oeuvres sans pour autant que nous en cautionnions en aucune fa\u00e7on le contenu. \r\nPour plus d'informations, rendez-vous sur www.hachettebnf.fr","authors":["Jacques-andr\u00e9 Naigeon"],"category_codes":["9000000","9080000"],"visuals":{"large":"https:\/\/quaidesbrumes.com\/img\/book-placeholder.png","medium":"https:\/\/quaidesbrumes.com\/img\/book-placeholder.png","thumbnail":"https:\/\/quaidesbrumes.com\/img\/book-placeholder.png"},"orderable":true,"show_badge":true,"formatted_price":"17,50&nbsp;\u20ac","formatted_published_date":"1er avril 2021","publisher_availability_label":"Sur commande","short_details":"Jacques-andr\u00e9 Naigeon \u2014 Hachette BNF","translator":null,"weight":224,"page_count":160,"readership":null,"editor":"Hachette BNF","price":1750,"published_date":"2021-03-31T22:00:00.000000Z","support":"Grand format","publisher_availability":1,"stock":0,"editions":[],"url":"https:\/\/quaidesbrumes.com\/ouvrage\/9782329610603\/discours-preliminaire-pour-servir-dintroduction-a-la-morale-de-seneque"},{"id":"9782705682552","title":"Les topiques sina\u00eftiques Tome 1 ; l'alliance du Sina\u00ef","description":"Notre temps, celui du primat des libert\u00e9s individuelles et publiques, ne peut se concilier avec le pouvoir th\u00e9ocratique. O\u00f9 la th\u00e9ocratie trouve-t-elle ses fondements ? Pour l'imaginaire collectif : dans la loi monoth\u00e9iste donn\u00e9e sur le Sina\u00ef. Dans ces Topiques sina\u00eftiques, Rapha\u00ebl Dra\u00ef d\u00e9montre au contraire que le Dieu qui s'est r\u00e9v\u00e9l\u00e9 au Sina\u00ef n'est ni guerrier ni vindicatif, qu'il n'est pas un absolu mais un infini, interdisant toute captation ; le Dieu de la Malkhout qui accepte son auto-limitation en instituant le Chabbat et qui se lie \u00e0 l'Humain par une Alliance qui les engage ensemble dans une Histoire toujours marqu\u00e9e par le choix de la vie.\r\nLe Sina\u00ef est ainsi le lieu non pas d'une r\u00e9v\u00e9lation, mais de deux, indissociables : la premi\u00e8re concerne le Dieu l\u00e9gislateur, qui exclut l'arbitraire et le despotisme ; la seconde fait appara\u00eetre ses attributs de pardon et de compassion, afin que l'Humain se rel\u00e8ve de ses propres d\u00e9ch\u00e9ances et poursuive cette histoire commune. Celle-ci culminera dans l'\u00e9dification du troisi\u00e8me Temple entrevu par le proph\u00e8te \u00c9z\u00e9chiel, qui s'inscrit non pas dans l'espace-temps contrist\u00e9 des exclusions et des guerres, mais dans celui d'une \u00e9ternit\u00e9 o\u00f9 chaque instant devient source de libert\u00e9 pour l'esprit, et de gr\u00e2ce pour les \u00e2mes enfin r\u00e9concili\u00e9es.","authors":["Rapha\u00ebl Dra\u00ef"],"category_codes":["9000000","9080000","9080200","9080204"],"visuals":{"large":"https:\/\/images.epagine.fr\/552\/9782705682552_1_75.jpg","medium":"https:\/\/images.epagine.fr\/552\/9782705682552_1_m.jpg","thumbnail":"https:\/\/images.epagine.fr\/552\/9782705682552_1_v.jpg"},"orderable":true,"show_badge":true,"formatted_price":"30,00&nbsp;\u20ac","formatted_published_date":"22 mai 2013","publisher_availability_label":"Sur commande","short_details":"Rapha\u00ebl Dra\u00ef \u2014 Hermann","translator":null,"weight":378,"page_count":350,"readership":null,"editor":"Hermann","price":3000,"published_date":"2013-05-21T22:00:00.000000Z","support":"Grand format","publisher_availability":1,"stock":0,"editions":[],"url":"https:\/\/quaidesbrumes.com\/ouvrage\/9782705682552\/les-topiques-sinaitiques-tome-1-lalliance-du-sinai"},{"id":"9782812403873","title":"Spinoza, Locke et l'id\u00e9e de citoyennet\u00e9 : Une g\u00e9n\u00e9ration r\u00e9publicaine \u00e0 l'aube des Lumi\u00e8res","description":"Ce livre propose de comprendre le renouveau de l'id\u00e9e de citoyennet\u00e9 mis en oeuvre par deux philosophes majeurs, appartenant \u00e0 la m\u00eame g\u00e9n\u00e9ration, Locke (1632-1704, anglais) et Spinoza (1632-1677, hollandais), plus d'un si\u00e8cle avant les r\u00e9volutions am\u00e9ricaine et fran\u00e7aise. Ils apparaissent ici sous un nouveau jour: deux r\u00e9publicains modernes pour qui la logique nouvelle des droits n'est pas incompatible avec la logique ancienne des devoirs du citoyen.\r","authors":["Christophe Miqueu"],"category_codes":["9000000","9080000","9080200","9080204"],"visuals":{"large":"https:\/\/images.epagine.fr\/873\/9782812403873_1_75.jpg","medium":"https:\/\/images.epagine.fr\/873\/9782812403873_1_m.jpg","thumbnail":"https:\/\/images.epagine.fr\/873\/9782812403873_1_v.jpg"},"orderable":true,"show_badge":true,"formatted_price":"49,00&nbsp;\u20ac","formatted_published_date":"24 avril 2012","publisher_availability_label":"Sur commande","short_details":"Christophe Miqueu \u2014 CLASSIQUES GARNIER","translator":null,"weight":764,"page_count":549,"readership":null,"editor":"CLASSIQUES GARNIER","price":4900,"published_date":"2012-04-23T22:00:00.000000Z","support":"Grand format","publisher_availability":1,"stock":0,"editions":["9782406156376"],"url":"https:\/\/quaidesbrumes.com\/ouvrage\/9782812403873\/spinoza-locke-et-lidee-de-citoyennete-une-generation-republicaine-a-laube-des-lumieres"},{"id":"9782705680077","title":"La philosophie et le probl\u00e8me du langage","description":"La chose est entendue : c'est dans la langue que nous pensons. Mais est-ce pour autant la langue qui nous pense ? Depuis les tentatives philosophiques imm\u00e9diatement postkantiennes aux plus r\u00e9cents postulats th\u00e9oriques des sciences humaines, la langue a progressivement acquis un prestige \u00e9nigmatique : ultime \u00ab condition de possibilit\u00e9 \u00bb de la connaissance, matrice m\u00eame du penser humain. Mais que la linguistique d\u00e9cr\u00e8te que c'est la langue qui nous parle, la psychanalyse que notre inconscient est structur\u00e9 comme un langage ou l'histoire que les \u00e9nonc\u00e9s individuels sont model\u00e9s par un paradigme discursif qui les agit d'en de\u00e7\u00e0, c'est toujours au nom d'une certaine compr\u00e9hension du langage qu'est proclam\u00e9e la d\u00e9termination du conna\u00eetre par le parler. Cette \u00e9tude s'attache, au contraire, \u00e0 refonder philosophiquement les concepts clefs de la th\u00e9orie de la langue avant d'en \u00e9tudier l'incidence au sein de ces disciplines qui la prennent pour objet   linguistique, rh\u00e9torique ou encore herm\u00e9neutique. L'analyse des conceptions du langage \u00e0 l'oeuvre au sein de l'\u00e9thique de la discussion, chez Foucault, Lacan ou Benjamin permet ainsi d'\u00e9clairer d'un nouveau jour tout un pan des sciences humaines.","authors":["Guillaume Paugam"],"category_codes":["9000000","9080000","9080200","9080204"],"visuals":{"large":"https:\/\/images.epagine.fr\/077\/9782705680077_1_75.jpg","medium":"https:\/\/images.epagine.fr\/077\/9782705680077_1_m.jpg","thumbnail":"https:\/\/images.epagine.fr\/077\/9782705680077_1_v.jpg"},"orderable":true,"show_badge":true,"formatted_price":"44,00&nbsp;\u20ac","formatted_published_date":"23 juin 2011","publisher_availability_label":"Sur commande","short_details":"Guillaume Paugam \u2014 Hermann","translator":null,"weight":478,"page_count":395,"readership":null,"editor":"Hermann","price":4400,"published_date":"2011-06-22T22:00:00.000000Z","support":"Grand format","publisher_availability":1,"stock":0,"editions":[],"url":"https:\/\/quaidesbrumes.com\/ouvrage\/9782705680077\/la-philosophie-et-le-probleme-du-langage"},{"id":"9782705682972","title":"Les topiques sina\u00eftiques Tome 2 ; l'\u00e9conomie politique biblique","description":"\u00ab Replacer l'humain au coeur de l'\u00e9conomie \u00bb, tel est le mot d'ordre de l'\u00e9conomie politique contemporaine, qui reste pourtant muette sur la localisation de ce pr\u00e9tendu \u00ab coeur \u00bb. L'\u00e9thique biblique, dont on ignore trop souvent la consistance et la concr\u00e9tude, promeut en revanche une v\u00e9ritable \u00e9conomie politique, \u00e9tay\u00e9e par une \u00e9cologie lucide et exigeante, qui favorise la pr\u00e9servation et l'enrichissement qualitatif de l'humain. En ce sens, l'\u00e9conomie biblique se r\u00e9v\u00e8le comme une science du vivant pour le b\u00e9n\u00e9fice de l'\u00eatre humain qui, libre et responsable, doit savoir cr\u00e9er et entreprendre, mais aussi assumer ses obligations vis-\u00e0-vis des plus vuln\u00e9rables. Ni l'ext\u00e9nuation de la terre par son exploitation aveugle et obsessionnelle, ni l'accumulation de l'argent et de l'or, ni le trafic des \u00eatres ne sont compatibles avec l'\u00e9conomie et l'\u00e9cologie sina\u00eftiques. Judas, Shylock, Gobseck sont les productions psychiques d'une \u00e9conomie pr\u00e9datrice projet\u00e9es maladivement sur des figures conjuratoires. L'\u00e9conomie sina\u00eftique commande de sortir enfin d'\u00c9gypte et de ses champs de corv\u00e9e dans lesquels les anciens esclaves, \u00e0 force de vouloir oublier qu'ils le furent, le redeviennent inexorablement.\r\n\r\nPubli\u00e9 avec le soutien de la Fondation pour la M\u00e9moire de la Shoah.","authors":["Rapha\u00ebl Dra\u00ef"],"category_codes":["9000000","9080000","9080200","9080204"],"visuals":{"large":"https:\/\/images.epagine.fr\/972\/9782705682972_1_75.jpg","medium":"https:\/\/images.epagine.fr\/972\/9782705682972_1_m.jpg","thumbnail":"https:\/\/images.epagine.fr\/972\/9782705682972_1_v.jpg"},"orderable":true,"show_badge":true,"formatted_price":"30,00&nbsp;\u20ac","formatted_published_date":"23 f\u00e9vrier 2013","publisher_availability_label":"Sur commande","short_details":"Rapha\u00ebl Dra\u00ef \u2014 Hermann","translator":null,"weight":320,"page_count":280,"readership":null,"editor":"Hermann","price":3000,"published_date":"2013-02-22T23:00:00.000000Z","support":"Grand format","publisher_availability":1,"stock":0,"editions":[],"url":"https:\/\/quaidesbrumes.com\/ouvrage\/9782705682972\/les-topiques-sinaitiques-tome-2-leconomie-politique-biblique"},{"id":"9782705682989","title":"Les topiques sina\u00eftiques Tome 3 ; la violence r\u00e9p\u00e9titive et la transcendance de l'amour","description":"Les r\u00e9cits bibliques ont peu \u00e0 voir avec \u00ab l'Histoire sainte \u00bb tant ils contiennent de r\u00e9cits violents, de meurtres, de viols et de guerres sans merci. En contrepoint, le commandement d'amour du prochain \u00e9nonc\u00e9 dans le Livre du L\u00e9vitique para\u00eet un leurre. Comment expliquer la violence primordiale du L\u00e9viathan mentionn\u00e9 d\u00e8s le Livre de La Gen\u00e8se ? Comment comprendre cette d\u00e9mesure d\u00e9vastatrice devant laquelle l'homme para\u00eet d\u00e9muni, r\u00e9duit \u00e0 demander : \u00ab Prie pour la paix de l'\u00c9tat, sinon chacun avalerait vivant son voisin \u00bb ? \r\nDans cet univers de heurts que La Bible d\u00e9crit sans concession, il convient de s'interroger sur les modalit\u00e9s alternatives de l'amour. Un amour vivace et patient, culminant dans Le Cantique des Cantiques. Un tel amour est le plus s\u00fbr crit\u00e8re de l'intervention proph\u00e9tique dans ses admonestations apparemment les plus brutales. C'est en son nom que le Proph\u00e8te sina\u00eftique partage les \u00e9preuves du peuple devenu sourd, au lieu de s'en r\u00e9jouir au titre du \u00ab Je vous l'avais bien dit ! \u00bb. Et c'est ce m\u00eame amour qui conf\u00e8re son sens profond \u00e0 l'esp\u00e9rance messianique depuis que l'humain, expuls\u00e9 du Jardin d'\u00c9den, sait qu'il lui faut trouver en lui-m\u00eame les issues \u00e0 toute d\u00e9sesp\u00e9rance.\r\n\r\nPubli\u00e9 avec le soutien de la Fondation pour la M\u00e9moire de la Shoah.","authors":["Rapha\u00ebl Dra\u00ef"],"category_codes":["9000000","9080000","9080200","9080204"],"visuals":{"large":"https:\/\/images.epagine.fr\/989\/9782705682989_1_75.jpg","medium":"https:\/\/images.epagine.fr\/989\/9782705682989_1_m.jpg","thumbnail":"https:\/\/images.epagine.fr\/989\/9782705682989_1_v.jpg"},"orderable":true,"show_badge":true,"formatted_price":"30,00&nbsp;\u20ac","formatted_published_date":"23 f\u00e9vrier 2013","publisher_availability_label":"Sur commande","short_details":"Rapha\u00ebl Dra\u00ef \u2014 Hermann","translator":null,"weight":330,"page_count":310,"readership":null,"editor":"Hermann","price":3000,"published_date":"2013-02-22T23:00:00.000000Z","support":"Grand format","publisher_availability":1,"stock":0,"editions":[],"url":"https:\/\/quaidesbrumes.com\/ouvrage\/9782705682989\/les-topiques-sinaitiques-tome-3-la-violence-repetitive-et-la-transcendance-de-lamour"},{"id":"9782705684037","title":"Logique de Deleuze","description":"L'id\u00e9e g\u00e9n\u00e9rale de cet ouvrage est d'offrir \u00e0 l'\u00e9tudiant, au chercheur, \u00e0 l'amateur \u00e9clair\u00e9 ou au lecteur simplement curieux, un guide pour s'orienter dans la pens\u00e9e de Deleuze. Bien que l'effort soit constant pour rester explicatif et donner \u00e0 l'ensemble un style patient et clair, certains passages sont incontestablement techniques, et comment l'\u00e9viter lorsqu'on essaie d'entrer, d'une mani\u00e8re ou d'une autre, dans ce monument philosophique ? Il suffit que le novice saute ces passages qui le laissent \u00e0 bon droit perplexe, jusqu'au jour o\u00f9 il saura s'y arr\u00eater et y poursuivre lui-m\u00eame le d\u00e9bat.\r\nEn m\u00eame temps qu'une logique de la \u00ab machine \u00bb deleuzienne, distribuant   comme il le demande si souvent lui-m\u00eame   une cartographie de ce territoire avec les panneaux indicateurs qui lui sont associ\u00e9s, j'ai voulu faire \u00e9tat d'une discussion de fond, en ceci que j'ai cess\u00e9 d'\u00eatre d'accord avec Deleuze sur tout. Le point n\u00e9vralgique appara\u00eetra \u00e0 propos de la th\u00e9orie du monde. Or, c'est bien aussi dans le monde qu'il est question de trouver l'orient, et de placer, \u00e0 d\u00e9faut de phares brillants, des points cardinaux.\r\nJe ne prends pas \u00e0 proprement parler le lecteur par la main, mais je refais lentement, \u00ab pou \u00bb lui, c'est-\u00e0-dire \u00ab devant lui \u00bb   sans pour autant m'arroger le droit de prendre sa place   quelques gestes, courses, d\u00e9placements. Ceux-l\u00e0 m\u00eame que j'ai pu effectuer, avec une grande joie r\u00e9fl\u00e9chie, dans ce foisonnant univers au b\u00e9n\u00e9fice de la vie   qui n'a rien d'une image de la pens\u00e9e mais s'\u00e9difie plut\u00f4t comme une oeuvre d'art pensante.","authors":["Arnaud Villani"],"category_codes":["9000000","9080000","9080200","9080204"],"visuals":{"large":"https:\/\/images.epagine.fr\/037\/9782705684037_1_75.jpg","medium":"https:\/\/images.epagine.fr\/037\/9782705684037_1_m.jpg","thumbnail":"https:\/\/images.epagine.fr\/037\/9782705684037_1_v.jpg"},"orderable":true,"show_badge":true,"formatted_price":"25,00&nbsp;\u20ac","formatted_published_date":"14 mars 2013","publisher_availability_label":"Sur commande","short_details":"Arnaud Villani \u2014 Hermann","translator":null,"weight":196,"page_count":134,"readership":null,"editor":"Hermann","price":2500,"published_date":"2013-03-13T23:00:00.000000Z","support":"Grand format","publisher_availability":1,"stock":0,"editions":[],"url":"https:\/\/quaidesbrumes.com\/ouvrage\/9782705684037\/logique-de-deleuze"},{"id":"9782705682996","title":"Les topiques sina\u00eftiques Tome 4 ; la justice, voie de vie","description":"La Loi sina\u00eftique reste li\u00e9e aux id\u00e9es rebutantes de rigueur et de l\u00e9galisme sans compassion. Ces repr\u00e9sentations sont si \u00e9loign\u00e9es des r\u00e9alit\u00e9s manifestes de la Loi promulgu\u00e9e au Sina\u00ef et du droit h\u00e9bra\u00efque qu'il est urgent de les r\u00e9tablir dans leur v\u00e9rit\u00e9. Pourquoi une Loi ? Pourquoi cette Loi ? Parce que l'aventure humaine d\u00e9bute par un fratricide. Par quels moyens la fraternit\u00e9, porteuse de vie, sera-t-elle r\u00e9tablie ?\r\nEn ces nouvelles Topiques sina\u00eftiques, Rapha\u00ebl Dra\u00ef analyse les dispositions particuli\u00e8res du droit sina\u00eftique en ce qu'il pr\u00e9munit \u00e9galement contre la violence judiciaire oublieuse de ses finalit\u00e9s sociales. D'o\u00f9 la stricte d\u00e9limitation entre droit civil et droit p\u00e9nal. La proc\u00e9dure d'appel n'y est pas propice aux abus de chicane et \u00e9vite que le jugement de premi\u00e8re instance ne soit \u00e0 son tour \u00ab pulsionnel \u00bb, prorogeant et r\u00e9pandant la violence qu'il est pourtant cens\u00e9 r\u00e9guler et convertir en volont\u00e9 de vivre. D'o\u00f9 la passionnante analyse des deux mythes qui, au fil des si\u00e8cles, ont d\u00e9figur\u00e9 la Loi et le droit sina\u00eftiques : le mythe de la loi du talion, et celui du proc\u00e8s de J\u00e9sus   d\u00e9figurations responsables de nombreuses trag\u00e9dies et oublieuses du fait que la Loi sina\u00eftique conc\u00e8de avant tout au choix de la vie le statut de principe imprescriptible.","authors":["Rapha\u00ebl Dra\u00ef"],"category_codes":["9000000","9080000","9080200","9080204"],"visuals":{"large":"https:\/\/images.epagine.fr\/996\/9782705682996_1_75.jpg","medium":"https:\/\/images.epagine.fr\/996\/9782705682996_1_m.jpg","thumbnail":"https:\/\/images.epagine.fr\/996\/9782705682996_1_v.jpg"},"orderable":true,"show_badge":true,"formatted_price":"30,00&nbsp;\u20ac","formatted_published_date":"23 f\u00e9vrier 2013","publisher_availability_label":"Sur commande","short_details":"Rapha\u00ebl Dra\u00ef \u2014 Hermann","translator":null,"weight":348,"page_count":350,"readership":null,"editor":"Hermann","price":3000,"published_date":"2013-02-22T23:00:00.000000Z","support":"Grand format","publisher_availability":1,"stock":0,"editions":[],"url":"https:\/\/quaidesbrumes.com\/ouvrage\/9782705682996\/les-topiques-sinaitiques-tome-4-la-justice-voie-de-vie"},{"id":"9782705681463","title":"Cahiers critiques de po\u00e9sie Tome 10 : d\u00e9cembre 2010","description":"ESSAIS\r\nRobert Linhart, \u00ab L'organisation du travail industriel dans les pays capitalistes \u00bb ;\r\nMaria Kakogianni, \u00ab Pour en finir avec l'injustice infinie \u00bb ;\r\n\r\nTRADUCTION\r\nStewart Shapiro, \u00abTexture ouverte et analyticit\u00e9 chez Waismann \u00bb.\r\n\r\nREN\u00c9 SCH\u00c9RER, L'INDISCIPLINE DU D\u00c9SIR\r\n(coordonn\u00e9 par Claudia Barrera)\r\nJean-Clet Martin, \u00ab Portrait de Ren\u00e9 Sch\u00e9rer \u00bb ;\r\nGabriel Matzneff, \u00ab Ren\u00e9 Sch\u00e9rer, \u00e9veilleur \u00bb ;\r\nNathalie P\u00e9rin, \u00ab D\u00e9sir de pens\u00e9e \u00bb ;\r\nSt\u00e9phane Nadaud, \u00ab L'oie du Capitole \u00bb ;\r\nClaudia Barrera, \u00ab Sur les pas d'une philosophie en cours \u00bb ;\r\nRomain Sarnel, \u00ab Transversalisme de la pens\u00e9e : pour une diano\u00e9tique sch\u00e9r\u00e9rienne \u00bb ;\r\nPaulette Kayser, \u00ab La puce du professeur Poilibus \u00bb ;\r\nMaria No\u00ebl Lap ou jade, \u00ab Ren\u00e9 Sch\u00e9rer ou la passion de la libert\u00e9 \u00bb.\r\n\r\nSAINT-DENIS \u00c0 VINCENNES\r\nRen\u00e9 Sch\u00e9rer, \u00ab L'enjouement de l'esprit \u00bb ;\r\nArnaud Villani, \u00ab Lettre \u00e0 Dominique Janicaud sur la ''Politique du grand monde'' \u00bb ;\r\nAna Paula Penchaszadeh, \u00ab Politique et hospitalit\u00e9 \u00bb\r\n\r\nLECTURES\r\nFrancisco de Undurraga, \u00ab \u00c9tude pour une g\u00e9n\u00e9alogie de la voix.\r\n\u00c0 propos d'Absalom, Absalom !  de William Faulkner \u00bb.","authors":["Collectif"],"category_codes":["9000000","9080000"],"visuals":{"large":"https:\/\/images.epagine.fr\/463\/9782705681463_1_75.jpg","medium":"https:\/\/images.epagine.fr\/463\/9782705681463_1_m.jpg","thumbnail":"https:\/\/images.epagine.fr\/463\/9782705681463_1_v.jpg"},"orderable":true,"show_badge":true,"formatted_price":"30,00&nbsp;\u20ac","formatted_published_date":"7 juillet 2011","publisher_availability_label":"Sur commande","short_details":"Collectif \u2014 Hermann","translator":null,"weight":292,"page_count":270,"readership":null,"editor":"Hermann","price":3000,"published_date":"2011-07-06T22:00:00.000000Z","support":"Grand format","publisher_availability":1,"stock":0,"editions":[],"url":"https:\/\/quaidesbrumes.com\/ouvrage\/9782705681463\/cahiers-critiques-de-poesie-tome-10-decembre-2010"},{"id":"9782881892295","title":"Philosophie, histoire, litt\u00e9rature","description":null,"authors":["Rudolf Steiner"],"category_codes":["9000000","9080000","9080200","9080204"],"visuals":{"large":"https:\/\/images.epagine.fr\/295\/9782881892295_1_75.jpg","medium":"https:\/\/images.epagine.fr\/295\/9782881892295_1_m.jpg","thumbnail":"https:\/\/images.epagine.fr\/295\/9782881892295_1_v.jpg"},"orderable":true,"show_badge":true,"formatted_price":"41,00&nbsp;\u20ac","formatted_published_date":"28 septembre 2010","publisher_availability_label":"Sur commande","short_details":"Rudolf Steiner \u2014 Anthroposophiques Romandes","translator":null,"weight":350,"page_count":null,"readership":null,"editor":"Anthroposophiques Romandes","price":4100,"published_date":"2010-09-27T22:00:00.000000Z","support":"Grand format","publisher_availability":1,"stock":0,"editions":[],"url":"https:\/\/quaidesbrumes.com\/ouvrage\/9782881892295\/philosophie-histoire-litterature"},{"id":"9782705683009","title":"Les topiques sina\u00eftiques Tome 5 ; les juifs et leurs prochains","description":"Durant des mill\u00e9naires, les Juifs ont \u00e9t\u00e9 pr\u00e9sent\u00e9s comme \u00e9tant le peuple-r\u00e9ceptacle de la Loi divine sur le Sina\u00ef. Une telle pr\u00e9sentation oubliait leur exigence d'ouverture \u00e0 l'universel du genre humain, que Rapha\u00ebl Dra\u00ef entend examiner dans ces nouvelles Topiques.\r\nC'est pourquoi l'analyse \u00e9claire d'abord la notion d'identit\u00e9 qui maintient ensemble : le je et le tu, le prochain et le lointain, le citoyen et l'\u00e9tranger. D'o\u00f9 les Topiques m\u00e9thodiquement consacr\u00e9es \u00e0 l'\u00c9gypte ancienne, \u00e0 la Gr\u00e8ce, \u00e0 l'\u00c9vangile et au Coran, ainsi qu'\u00e0 la tradition asiatique, aux pens\u00e9es mystiques, philosophiques et psychanalytiques. Autant d'hommages \u00e0 l'aventure de la pens\u00e9e humaine face \u00e0 ce qui la d\u00e9passe.\r\nCes Topiques d'avenir sont des voies ouvertes pour des \u00e9changes encore mieux nourris et des \u00e9clairages plus vifs sans \u00eatre aveuglants. Ils militent pour un compagnonnage humain sur des routes trac\u00e9es comme autant de sillons. Telle est la condition des r\u00e9conciliations porteuses d'un avenir voulu, lib\u00e9r\u00e9 des r\u00e9currences g\u00e9nocidaires. D'o\u00f9 la Topique conclusive consacr\u00e9e \u00e0 la fid\u00e9lit\u00e9 : elle explique pourquoi le Sina\u00ef convie toujours aux ascensions patientes et endurantes de l'esprit, aux termes desquelles celui-ci, consid\u00e9rant la Face humaine enfin sans avers, comprendra mieux ses propres raisons d'\u00eatre.\r\n\r\nPubli\u00e9 avec le soutien de la Fondation pour la M\u00e9moire de la Shoah.","authors":["Rapha\u00ebl Dra\u00ef"],"category_codes":["9000000","9080000","9080200","9080204"],"visuals":{"large":"https:\/\/images.epagine.fr\/009\/9782705683009_1_75.jpg","medium":"https:\/\/images.epagine.fr\/009\/9782705683009_1_m.jpg","thumbnail":"https:\/\/images.epagine.fr\/009\/9782705683009_1_v.jpg"},"orderable":true,"show_badge":true,"formatted_price":"30,00&nbsp;\u20ac","formatted_published_date":"23 f\u00e9vrier 2013","publisher_availability_label":"Sur commande","short_details":"Rapha\u00ebl Dra\u00ef \u2014 Hermann","translator":null,"weight":415,"page_count":500,"readership":null,"editor":"Hermann","price":3000,"published_date":"2013-02-22T23:00:00.000000Z","support":"Grand format","publisher_availability":1,"stock":0,"editions":[],"url":"https:\/\/quaidesbrumes.com\/ouvrage\/9782705683009\/les-topiques-sinaitiques-tome-5-les-juifs-et-leurs-prochains"},{"id":"9782705683344","title":"L'\u00eatre ; les fondements m\u00e9taphysiques de la hi\u00e9rologie","description":"Tout existant est contingent. Or, s'il n'y avait que du contingent, il n'y aurait rien. Donc le contingent implique l'absolu. L'exister est n\u00e9cessaire, mais les existants contingents pourraient ne pas exister. La proposition ouvre sur une alternative fondamentale. Une branche est celle du Devenir, o\u00f9 l'absolu est le devenir perp\u00e9tuel et le contingent l'ensemble en devenir de devenants \u00e9ph\u00e9m\u00e8res.\r\nL'autre branche est celle de l'\u00catre, o\u00f9 l'exister n\u00e9cessaire est ontologiquement s\u00e9par\u00e9 des existants contingents, selon deux modes radicalement distincts. Dans le mode contingent, l'\u00catre est transcendant aux \u00e9tants et le Cr\u00e9ateur de cr\u00e9atures. Dans le mode n\u00e9cessaire, l'\u00catre inhabite des \u00e9tants transitoires. L'\u00catre peut \u00eatre con\u00e7u comme transcendant ou immanent. \r\nLa m\u00e9taphysique du Devenir fonde en raison une fin derni\u00e8re, le bonheur, gagn\u00e9 par la voie s\u00e9culi\u00e8re des sagesses. Celle de l'\u00catre la d\u00e9finit comme b\u00e9atitude, poursuivie par la voie numineuse des religions. La science de l'\u00e9thique peut d\u00e8s lors prendre appui sur le Devenir, au fondement des sagesses de la Chine, de l'Inde, de la Gr\u00e8ce, et sur l'\u00catre.","authors":["Jean Baechler"],"category_codes":["9000000","9080000","9080200","9080204"],"visuals":{"large":"https:\/\/images.epagine.fr\/344\/9782705683344_1_75.jpg","medium":"https:\/\/images.epagine.fr\/344\/9782705683344_1_m.jpg","thumbnail":"https:\/\/images.epagine.fr\/344\/9782705683344_1_v.jpg"},"orderable":true,"show_badge":true,"formatted_price":"30,00&nbsp;\u20ac","formatted_published_date":"23 janvier 2013","publisher_availability_label":"Sur commande","short_details":"Jean Baechler \u2014 Hermann","translator":null,"weight":550,"page_count":342,"readership":null,"editor":"Hermann","price":3000,"published_date":"2013-01-22T23:00:00.000000Z","support":"Grand format","publisher_availability":1,"stock":0,"editions":[],"url":"https:\/\/quaidesbrumes.com\/ouvrage\/9782705683344\/letre-les-fondements-metaphysiques-de-la-hierologie"},{"id":"9782705683382","title":"Walter Benjamin ; les maisons oniriques","description":"\u00c0 la recherche des \u00ab images de pens\u00e9e \u00bb (Denkbilder), Walter Benjamin introduit un proc\u00e9d\u00e9 efficace de correspondance entre r\u00eave et architecture, une id\u00e9e qu'il tenait du Surr\u00e9alisme. On a pu parler d'oniromancie \u00e0 l'envers, car son point de d\u00e9part est bien celui des choses, des objets, des lieux, des endroits, des atmosph\u00e8res, afin d'en faire \u00e9merger les qualit\u00e9s irrationnels. Une telle th\u00e9orie d\u00e9crit pr\u00e9cis\u00e9ment les relations fantastiques se cr\u00e9ant par l'accumulation d'articles luxueux, d'objets d'art anciens, de pi\u00e8ces de collection, de bibelots pass\u00e9s de mode, de colifichets frivoles, de fragments d\u00e9pareill\u00e9s, d'images surann\u00e9es, d'instruments tomb\u00e9s en d\u00e9su\u00e9tude. Tout cela forme un milieu peupl\u00e9 d'objets et de gens, capable d'engendrer un paysage onirique et conduisant \u00e0 une exp\u00e9rience agoraphobique, dont la direction est obstin\u00e9ment tourn\u00e9e vers l'int\u00e9rieur. Ici, le spectateur est \u00e0 la recherche du temps perdu, et les objets sont comme des alambics filtrant la dur\u00e9e. Proc\u00e9dant \u00e0 la radiographie de la \u00ab maison de r\u00eave \u00bb (Traumhaus), Benjamin offre un catalogue pr\u00e9cis des meubles de r\u00eaves qui en hantent les espaces clos.","authors":["Georges Teyssot"],"category_codes":["9000000","9080000","9080200","9080204"],"visuals":{"large":"https:\/\/images.epagine.fr\/382\/9782705683382_1_75.jpg","medium":"https:\/\/images.epagine.fr\/382\/9782705683382_1_m.jpg","thumbnail":"https:\/\/images.epagine.fr\/382\/9782705683382_1_v.jpg"},"orderable":true,"show_badge":true,"formatted_price":"25,00&nbsp;\u20ac","formatted_published_date":"21 ao\u00fbt 2013","publisher_availability_label":"Sur commande","short_details":"Georges Teyssot \u2014 Hermann","translator":null,"weight":230,"page_count":176,"readership":null,"editor":"Hermann","price":2500,"published_date":"2013-08-20T22:00:00.000000Z","support":"Grand format","publisher_availability":1,"stock":0,"editions":[],"url":"https:\/\/quaidesbrumes.com\/ouvrage\/9782705683382\/walter-benjamin-les-maisons-oniriques"},{"id":"9782705670542","title":"Sublime et architecture","description":"Ni le sublime ni l'architecture ne doivent \u00eatre des domaines restreints aux seuls sp\u00e9cialistes. Bien au contraire, ils se destinent au partage et \u00e0 la coh\u00e9sion de la cit\u00e9. \r\nL'\u00e9tude que nous proposons, unique en son genre, tente de montrer ce qui joint essentiellement sublime et architecture. Depuis l'\u00e9poque de Tib\u00e8re, o\u00f9 le Pseudo-Longin composa probablement la Lettre-trait\u00e9 qui en fit le premier \u00e9loge, jusqu'aux propos contemporains qu'il suscite, le sublime s'entend g\u00e9n\u00e9ralement comme l'exp\u00e9rience principielle de la vie humaine.\r\nOn peut pr\u00e9tendre rapprocher un tel z\u00e9nith vital de l'architecture lorsqu'elle est con\u00e7ue selon son sens fondateur, si l'on prend au s\u00e9rieux le mot architectonia marquant son apparition. Assemblage d'arch\u00e8 et de techn\u00e8, il fait entendre la signification originelle d'une production du principe. Le sublime r\u00e9alise donc l'\u00e9preuve de ce que l'architecture manifeste.\r\nIl ne s'agit pas, avec le sublime, d'analyser une cat\u00e9gorie esth\u00e9tique particuli\u00e8rement int\u00e9ressante et s\u00e9duisante, mais de chercher \u00e0 reformuler l'esth\u00e9tique tout enti\u00e8re. Nous soutenons que l'esth\u00e9tique philosophique n'est pas \u00e0 m\u00eame de livrer le sens de l'architecture, et m\u00eame, qu'\u00e0 l'inverse, la prise en consid\u00e9ration de l'architecture peut fonder l'esth\u00e9tique, et agir ainsi en faveur d'un nouvel ordre de la cit\u00e9.","authors":["Didier Laroque"],"category_codes":["9000000","9080000","9080200","9080204"],"visuals":{"large":"https:\/\/images.epagine.fr\/542\/9782705670542_1_75.jpg","medium":"https:\/\/images.epagine.fr\/542\/9782705670542_1_m.jpg","thumbnail":"https:\/\/images.epagine.fr\/542\/9782705670542_1_v.jpg"},"orderable":true,"show_badge":true,"formatted_price":"30,00&nbsp;\u20ac","formatted_published_date":"26 octobre 2010","publisher_availability_label":"Sur commande","short_details":"Didier Laroque \u2014 Hermann","translator":null,"weight":174,"page_count":130,"readership":null,"editor":"Hermann","price":3000,"published_date":"2010-10-25T22:00:00.000000Z","support":"Grand format","publisher_availability":1,"stock":0,"editions":[],"url":"https:\/\/quaidesbrumes.com\/ouvrage\/9782705670542\/sublime-et-architecture"},{"id":"9782705680572","title":"La soeur de l'ange Tome 9","description":"Ouverture\r\n\r\nSp\u00e9ciale d\u00e9dicace \u00e0 Kostas Axelos \r\n\r\nImage de la pens\u00e9e  Charles Baudelaire,  \u00ab La po\u00e9sie n'a pas d'autre but qu'elle-m\u00eame \u00bb. \r\n\r\nEditorial  Jean-Luc Moreau, \u00ab Trop ordinaire bonne sant\u00e9 ? \u00bb ;\r\n \r\nElie-Charles Flamand, \u00ab La progression a pris des risques et autres po\u00e8mes \u00bb.   \r\n\r\n\r\nDossier : \u00c0 QUOI BON LA SANT\u00c9 ?\r\n\r\n\r\nCl\u00e9ment Marot, \u00ab Ep\u00eetre au roy par Marot \u00e9tant malade \u00bb ; \r\n\r\nD\u00e9a Angelelli, \u00ab La conception de la sant\u00e9 dans la m\u00e9decine traditionnelle chinoise \u00bb ; \r\n\r\nYannis Constantinid\u00e8s, \u00ab La crise salutaire dans la m\u00e9decine hippocratique \u00bb ;\r\n\r\nThierry Mar\u00e9, \u00ab Lettre \u00e9difiante & curieuse du Japon  \u00e0 La Soeur de l'ange \u00bb ;\r\n\r\nDenis Chemla, \u00ab Les querelles m\u00e9dicales \u00e0 travers les \u00e2ges \u00bb ; \r\n\r\nMarc Kober, \u00ab Des avantages du repos forc\u00e9 \u00bb ;\r\n\r\nMarcel Proust, \u00ab La maladie de ma grand-m\u00e8re \u00bb ; \r\n\r\nSophie Crozier, \u00ab La d\u00e9cision m\u00e9dicale en situation d'incertitude \u00bb ; \r\n\r\nAlain Giami,\u00ab La sant\u00e9 sexuelle \u00bb ;\r\n\r\nG\u00e9rard Jorland, \u00ab Le souci de soi \u00bb ;\r\n\r\nLise Haddad, \u00ab Permanence et transformation du soi dans la maladie \u00bb ;\r\n\r\nJuliette Zinno, \u00ab De l'autisme \u00e0 la m\u00e9lancolie \u00bb ; \r\n\r\nYannis Constantinid\u00e8s, \u00ab Une \u00e9thique sans moraline (la philosophie iconoclaste de Dr House) \u00bb ;\r\n\r\nSylvie Faizang, \u00ab L'autom\u00e9dication, choix th\u00e9rapeutique ou acte politique \u00bb ; \r\n\r\nJean et Fran\u00e7ois Rey, \u00ab ''Diet for life'' ou libert\u00e9 conditionnelle \u00bb ;\r\n\r\nChristian Celdran, \u00ab Sant\u00e9 \/ Schibboleth \u00bb ; \r\n\r\nNagar, \u00ab Croisi\u00e8re \u00e0 bord du Pompidolium \u00bb ; \r\n\r\nMichel Host, \u00ab Avis d'un agonisant sur la m\u00e9decine et ses m\u00e9decins \u00bb ; \r\n\r\nSarah Vajda, \u00ab Une vieille grippe ou du bon usage de la maladie selon P\u00e9guy \u00bb ;\r\n\r\nVincent Hyspa, \u00ab Chez le docteur \u00bb.\r\n\r\nSILHOUETTES\r\n\r\n\r\nEtienne Brunet, \u00ab Les derniers instants de la vie d'Albert A. \u00bb ;\r\n\r\nMarc Kober, \u00ab L'Oiseau d'Orient : Horus Schenouda \u00bb.\r\n\r\n\r\nH\u00c9ROS DE PAGES ET D'\u00c9CRANS\r\n\r\nMichel Host, \u00ab Visages de Sancho Pan\u00e7a \u00bb.\r\n \r\n\r\n\r\nRHIZOME(S)\r\n\r\n\r\nGenevi\u00e8ve Novellino, \u00ab \u00c0 quoi bon l'amour ? \u00bb ;\r\n\r\nSarah Vajda, \u00ab L'Exquise douleur, plaisir \u00e0 Christophe Honor\u00e9 \u00bb ;\r\n\r\nFran\u00e7oise Dargent, \u00ab Litt\u00e9rature jeunesse : R\u00e9volution dans les palais \u00bb ;\r\n\r\n\r\nCAHIER ARNO SCHMIDT\r\n\r\n\r\nMichel Host, \u00ab Le Grand Arno\u00bb dans le si\u00e8cle inique \u00bb ; \r\n\r\nEric Chevillard, \u00ab L'homme est bizarre, Schmidt surtout \u00bb ;\r\n\r\nFriedhelm Rathjen, \u00ab Arno Schmidt et la modernit\u00e9 internationale \u00bb ,\r\n\r\nSylvie Martigny et Jean-Hubert Gaillot, \u00ab Arno Schmidt en France (entretien avec Michel Host) \u00bb.  \r\n\r\n\r\nPOUR QUITTER\r\n\r\n\r\nFran\u00e7ois Levaillant, \u00ab Ce doux aliment des coeurs \u00bb.","authors":["Collectif"],"category_codes":["9000000","9080000"],"visuals":{"large":"https:\/\/images.epagine.fr\/572\/9782705680572_1_75.jpg","medium":"https:\/\/images.epagine.fr\/572\/9782705680572_1_m.jpg","thumbnail":"https:\/\/images.epagine.fr\/572\/9782705680572_1_v.jpg"},"orderable":true,"show_badge":true,"formatted_price":"30,00&nbsp;\u20ac","formatted_published_date":"21 avril 2011","publisher_availability_label":"Sur commande","short_details":"Collectif \u2014 Hermann","translator":null,"weight":362,"page_count":226,"readership":null,"editor":"Hermann","price":3000,"published_date":"2011-04-20T22:00:00.000000Z","support":"Grand format","publisher_availability":1,"stock":0,"editions":[],"url":"https:\/\/quaidesbrumes.com\/ouvrage\/9782705680572\/la-soeur-de-lange-tome-9"},{"id":"9782812403620","title":"Constance et inconstance chez Montaigne","description":"Alors que les discours de la constance se multiplient et dominent l'espace litt\u00e9raire et philosophique de la fin de la Renaissance, les Essais insistent sur l'inconstance des hommes et de l'univers. Cette insistance \u00e0 propos de l'inconstance ne vise pourtant pas \u00e0 la condamner, mais \u00e0 critiquer les id\u00e9aux de la philosophie et de la religion ainsi qu'\u00e0 constituer l'arri\u00e8re-plan de la r\u00e9flexion \u00e9thique de Montaigne, orient\u00e9e vers la vari\u00e9t\u00e9, la souplesse et l'indirection.\r","authors":["S\u00e9bastien Prat"],"category_codes":["9000000","9080000","9080200","9080204"],"visuals":{"large":"https:\/\/images.epagine.fr\/620\/9782812403620_1_75.jpg","medium":"https:\/\/images.epagine.fr\/620\/9782812403620_1_m.jpg","thumbnail":"https:\/\/images.epagine.fr\/620\/9782812403620_1_v.jpg"},"orderable":true,"show_badge":true,"formatted_price":"49,00&nbsp;\u20ac","formatted_published_date":"3 f\u00e9vrier 2012","publisher_availability_label":"Sur commande","short_details":"S\u00e9bastien Prat \u2014 CLASSIQUES GARNIER","translator":null,"weight":708,"page_count":502,"readership":null,"editor":"CLASSIQUES GARNIER","price":4900,"published_date":"2012-02-02T23:00:00.000000Z","support":"Grand format","publisher_availability":1,"stock":0,"editions":["9782406153788"],"url":"https:\/\/quaidesbrumes.com\/ouvrage\/9782812403620\/constance-et-inconstance-chez-montaigne"},{"id":"9772204352735","title":"Revue d'\u00e9thique et de th\u00e9ologie morale n.272","description":"\" Un ouvrage des \u00e9ditions du Cerf, maison des cultes, des cultures et des civilisations. Le Cerf est le premier \u00e9diteur religieux de France et de l'espace francophone. \"","authors":["Collecrevue D'Ethique Et De Theologie Mo"],"category_codes":["9000000","9080000","9080200","9080204"],"visuals":{"large":"https:\/\/images.epagine.fr\/735\/9772204352735_1_75.jpg","medium":"https:\/\/images.epagine.fr\/735\/9772204352735_1_m.jpg","thumbnail":"https:\/\/images.epagine.fr\/735\/9772204352735_1_v.jpg"},"orderable":true,"show_badge":true,"formatted_price":"3,00&nbsp;\u20ac","formatted_published_date":"14 d\u00e9cembre 2012","publisher_availability_label":"Sur commande","short_details":"Collecrevue D'Ethique Et De Theologie Mo \u2014 Les \u00e9ditions du Cerf","translator":null,"weight":196,"page_count":140,"readership":null,"editor":"Les \u00e9ditions du Cerf","price":300,"published_date":"2012-12-13T23:00:00.000000Z","support":"Revue","publisher_availability":1,"stock":0,"editions":[],"url":"https:\/\/quaidesbrumes.com\/ouvrage\/9772204352735\/revue-dethique-et-de-theologie-morale-n272"}]}