{"data":[{"id":"9782812402487","title":"La nature \u00e0 l'\u00e9preuve ; les d\u00e9buts de l'exp\u00e9rimentation \u00e0 Gen\u00e8ve (1670-1790)","description":"Au XVIIIe si\u00e8cle, la philosophie exp\u00e9rimentale ne se limite pas \u00e0 d\u00e9crire un environnement naturel longtemps ignor\u00e9, ni \u00e0 r\u00e9actualiser le projet baconien de ma\u00eetrise de la nature. \u00c0 Gen\u00e8ve du moins, elle vise aussi \u00e0 \u00e9clairer les m\u00e9canismes de la Cr\u00e9ation. Le r\u00e9gime narratif qui la caract\u00e9rise, fond\u00e9 sur le r\u00e9cit d\u00e9taill\u00e9 des op\u00e9rations effectu\u00e9es, exprime une raison naturelle qui entend r\u00e9gir l'ordre intellectuel, religieux et social tout en pr\u00e9parant l'av\u00e8nement des sciences utiles.\r","authors":["Ren\u00e9 Sigrist"],"category_codes":["9000000","9080000","9080200","9080204"],"visuals":{"large":"https:\/\/images.epagine.fr\/487\/9782812402487_1_75.jpg","medium":"https:\/\/images.epagine.fr\/487\/9782812402487_1_m.jpg","thumbnail":"https:\/\/images.epagine.fr\/487\/9782812402487_1_v.jpg"},"orderable":true,"show_badge":true,"formatted_price":"49,00&nbsp;\u20ac","formatted_published_date":"19 septembre 2011","publisher_availability_label":"Sur commande","short_details":"Ren\u00e9 Sigrist \u2014 CLASSIQUES GARNIER","translator":null,"weight":1024,"page_count":706,"readership":null,"editor":"CLASSIQUES GARNIER","price":4900,"published_date":"2011-09-18T22:00:00.000000Z","support":"Grand format","publisher_availability":1,"stock":0,"editions":[],"url":"https:\/\/quaidesbrumes.com\/ouvrage\/9782812402487\/la-nature-a-lepreuve-les-debuts-de-lexperimentation-a-geneve-1670-1790"},{"id":"9782357480827","title":"Oeuvres compl\u00e8tes (Tome II) : (Edition de 1841)","description":"Si elle pr\u00e9c\u00e8de de quelques d\u00e9cennies les travaux fondateurs de Simone Debout, qui d\u00e9couvrit le texte du Nouveau Monde amoureux, la pr\u00e9sente \u00e9dition des \u00e9crits de Fourier permet d'appr\u00e9hender dans son unit\u00e9 et dans sa complexit\u00e9 la pens\u00e9e de celui que Marx et Engels consid\u00e9raient comme le grand repr\u00e9sentant du socialisme critico-utopique.\r","authors":["Charles Fourier"],"category_codes":["9000000","9080000"],"visuals":{"large":"https:\/\/images.epagine.fr\/827\/9782357480827_1_75.jpg","medium":"https:\/\/images.epagine.fr\/827\/9782357480827_1_m.jpg","thumbnail":"https:\/\/images.epagine.fr\/827\/9782357480827_1_v.jpg"},"orderable":true,"show_badge":true,"formatted_price":"45,00&nbsp;\u20ac","formatted_published_date":"5 janvier 2012","publisher_availability_label":"Sur commande","short_details":"Charles Fourier \u2014 Kareline","translator":null,"weight":620,"page_count":350,"readership":null,"editor":"Kareline","price":4500,"published_date":"2012-01-04T23:00:00.000000Z","support":"Grand format","publisher_availability":1,"stock":0,"editions":[],"url":"https:\/\/quaidesbrumes.com\/ouvrage\/9782357480827\/oeuvres-completes-tome-ii-edition-de-1841"},{"id":"9782357480834","title":"Oeuvres compl\u00e8tes (Tome III) : (Edition de 1841)","description":"Si elle pr\u00e9c\u00e8de de quelques d\u00e9cennies les travaux fondateurs de Simone Debout, qui d\u00e9couvrit le texte du Nouveau Monde amoureux, la pr\u00e9sente \u00e9dition des \u00e9crits de Fourier permet d'appr\u00e9hender dans son unit\u00e9 et dans sa complexit\u00e9 la pens\u00e9e de celui que Marx et Engels consid\u00e9raient comme le grand repr\u00e9sentant du socialisme critico-utopique.\r","authors":["Charles Fourier"],"category_codes":["9000000","9080000"],"visuals":{"large":"https:\/\/images.epagine.fr\/834\/9782357480834_1_75.jpg","medium":"https:\/\/images.epagine.fr\/834\/9782357480834_1_m.jpg","thumbnail":"https:\/\/images.epagine.fr\/834\/9782357480834_1_v.jpg"},"orderable":true,"show_badge":true,"formatted_price":"45,00&nbsp;\u20ac","formatted_published_date":"5 janvier 2012","publisher_availability_label":"Sur commande","short_details":"Charles Fourier \u2014 Kareline","translator":null,"weight":625,"page_count":455,"readership":null,"editor":"Kareline","price":4500,"published_date":"2012-01-04T23:00:00.000000Z","support":"Grand format","publisher_availability":1,"stock":0,"editions":[],"url":"https:\/\/quaidesbrumes.com\/ouvrage\/9782357480834\/oeuvres-completes-tome-iii-edition-de-1841"},{"id":"9782406103622","title":"Bruno et Montaigne ; chemins de la modernit\u00e9","description":"Cet ouvrage explore pour la premi\u00e8re fois les relations entre les philosophies de Montaigne et de Bruno dans la perspective d'une confrontation sp\u00e9culative qui se focalise aussi bien sur la rh\u00e9torique et l'\u00e9thique que sur l'ontologie et l'anthropologie.\r","authors":["Collectif","Saverio Ansaldi","Raffaele Carbone"],"category_codes":["9000000","9080000","9080200","9080204"],"visuals":{"large":"https:\/\/images.epagine.fr\/622\/9782406103622_1_75.jpg","medium":"https:\/\/images.epagine.fr\/622\/9782406103622_1_m.jpg","thumbnail":"https:\/\/images.epagine.fr\/622\/9782406103622_1_v.jpg"},"orderable":true,"show_badge":true,"formatted_price":"29,00&nbsp;\u20ac","formatted_published_date":"18 novembre 2020","publisher_availability_label":"Sur commande","short_details":"Collectif, Saverio Ansaldi, Raffaele Carbone \u2014 CLASSIQUES GARNIER","translator":null,"weight":338,"page_count":238,"readership":null,"editor":"CLASSIQUES GARNIER","price":2900,"published_date":"2020-11-17T23:00:00.000000Z","support":"Grand format","publisher_availability":1,"stock":0,"editions":["9782406103639"],"url":"https:\/\/quaidesbrumes.com\/ouvrage\/9782406103622\/bruno-et-montaigne-chemins-de-la-modernite"},{"id":"9782849242100","title":"Perspectives ath\u00e9istes de l'univers ; l'infini, la nature et les hommes","description":"Que pouvait-il y avoir avant le Big Bang ? Qu'y a-t-il au del\u00e0 de l'univers connu ? Ces questions sont essentielles car les r\u00e9ponses que l'on y apportera d\u00e9termineront non seulement notre conception du monde et de nous-m\u00eame (ou la croyance en l'existence possible ou non d'un dieu), mais aussi, et surtout, notre rapport avec tout ce qui nous entoure. \r\n\r\nDescendu de son pi\u00e9destal et contraint par-l\u00e0 m\u00eame \u00e0 reconna\u00eetre son appartenance pleine et enti\u00e8re \u00e0 la nature, l'homme sans dieu est de toute \u00e9vidence mieux \u00e0 m\u00eame de comprendre et de respecter son environnement. C'est pourquoi, face aux risques qui menacent les fragiles \u00e9quilibres de notre plan\u00e8te et qui, du m\u00eame coup, hypoth\u00e8quent l'avenir de l'esp\u00e8ce, l'ath\u00e9isme est bien plus qu'une simple option philosophique : c'est, en r\u00e9alit\u00e9, la seule solution s\u00e9rieuse qui s'offre \u00e0 l'humanit\u00e9 pour construire son avenir.\r","authors":["Bruno Munier"],"category_codes":["9000000","9080000","9080200","9080204"],"visuals":{"large":"https:\/\/images.epagine.fr\/100\/9782849242100_1_75.jpg","medium":"https:\/\/images.epagine.fr\/100\/9782849242100_1_m.jpg","thumbnail":"https:\/\/images.epagine.fr\/100\/9782849242100_1_v.jpg"},"orderable":true,"show_badge":true,"formatted_price":"19,00&nbsp;\u20ac","formatted_published_date":"3 janvier 2011","publisher_availability_label":"Sur commande","short_details":"Bruno Munier \u2014 Editions Du Cygne","translator":null,"weight":250,"page_count":192,"readership":null,"editor":"Editions Du Cygne","price":1900,"published_date":"2011-01-02T23:00:00.000000Z","support":"Grand format","publisher_availability":1,"stock":0,"editions":[],"url":"https:\/\/quaidesbrumes.com\/ouvrage\/9782849242100\/perspectives-atheistes-de-lunivers-linfini-la-nature-et-les-hommes"},{"id":"9782357480841","title":"Oeuvres compl\u00e8tes (Tome IV) : (Edition de 1841)","description":"Si elle pr\u00e9c\u00e8de de quelques d\u00e9cennies les travaux fondateurs de Simone Debout, qui d\u00e9couvrit le texte du Nouveau Monde amoureux, la pr\u00e9sente \u00e9dition des \u00e9crits de Fourier permet d'appr\u00e9hender dans son unit\u00e9 et dans sa complexit\u00e9 la pens\u00e9e de celui que Marx et Engels consid\u00e9raient comme le grand repr\u00e9sentant du socialisme critico-utopique.\r","authors":["Charles Fourier"],"category_codes":["9000000","9080000"],"visuals":{"large":"https:\/\/images.epagine.fr\/841\/9782357480841_1_75.jpg","medium":"https:\/\/images.epagine.fr\/841\/9782357480841_1_m.jpg","thumbnail":"https:\/\/images.epagine.fr\/841\/9782357480841_1_v.jpg"},"orderable":true,"show_badge":true,"formatted_price":"45,00&nbsp;\u20ac","formatted_published_date":"5 janvier 2012","publisher_availability_label":"Sur commande","short_details":"Charles Fourier \u2014 Kareline","translator":null,"weight":805,"page_count":593,"readership":null,"editor":"Kareline","price":4500,"published_date":"2012-01-04T23:00:00.000000Z","support":"Grand format","publisher_availability":1,"stock":0,"editions":[],"url":"https:\/\/quaidesbrumes.com\/ouvrage\/9782357480841\/oeuvres-completes-tome-iv-edition-de-1841"},{"id":"9782296045903","title":"L'aberration philosophique ; l'illusion tragique du kantisme","description":"La philosophie contemporaine a compl\u00e8tement perdu le sens de la r\u00e9alit\u00e9 scientifique. L'id\u00e9alisme transcendantal tel qu'il a \u00e9t\u00e9 con\u00e7u par Kant pour donner un fondement \u00e0 la science constitue une aberration intellectuelle stup\u00e9fiante qu'il importe de disqualifier pour rendre \u00e0 la philosophie cart\u00e9sienne la place qu'elle m\u00e9rite.\r","authors":["Jean-ren\u00e9 Vernes"],"category_codes":["9000000","9080000","9080200","9080204"],"visuals":{"large":"https:\/\/images.epagine.fr\/903\/9782296045903_1_75.jpg","medium":"https:\/\/images.epagine.fr\/903\/9782296045903_1_m.jpg","thumbnail":"https:\/\/images.epagine.fr\/903\/9782296045903_1_v.jpg"},"orderable":true,"show_badge":true,"formatted_price":"11,00&nbsp;\u20ac","formatted_published_date":"3 d\u00e9cembre 2007","publisher_availability_label":"Sur commande","short_details":"Jean-ren\u00e9 Vernes \u2014 \u00c9ditions L'Harmattan","translator":null,"weight":74,"page_count":58,"readership":null,"editor":"\u00c9ditions L'Harmattan","price":1100,"published_date":"2007-12-02T23:00:00.000000Z","support":"Grand format","publisher_availability":1,"stock":0,"editions":[],"url":"https:\/\/quaidesbrumes.com\/ouvrage\/9782296045903\/laberration-philosophique-lillusion-tragique-du-kantisme"},{"id":"9782852483828","title":"Le regard p\u00e9riph\u00e9rique ou le compl\u00e9ment des Lumi\u00e8res","description":"L'anthroposophie comme science de l'esprit ne peut se d\u00e9velopper sans la discipline m\u00e9thodique des sciences empiriques de la nature. Quant aux sciences de la nature, elles ne peuvent trouver leur relation \u00e0 la vie sans l'empirie de l'\u00e2me et de \u00adl'esprit.\r\n\r\nWolfgang Schad, biologiste-pal\u00e9antologue et anthroposophe montre ici comment l'anthroposophie et les sciences de la nature se compl\u00e8tent. Pour progresser avec les nombreuses questions actuelles, le regard \u00ab centr\u00e9 \u00bb du chercheur, qui isole les parties pour les comprendre, a besoin d'\u00eatre compl\u00e9t\u00e9 par un regard \u00ab p\u00e9riph\u00e9rique \u00bb qui prend en compte la totalit\u00e9 du monde. L'analyse\u00ad a besoin de la synth\u00e8se.\r","authors":["Wolfgang Schad"],"category_codes":["9000000","9080000","9080200","9080204"],"visuals":{"large":"https:\/\/images.epagine.fr\/828\/9782852483828_1_75.jpg","medium":"https:\/\/images.epagine.fr\/828\/9782852483828_1_m.jpg","thumbnail":"https:\/\/images.epagine.fr\/828\/9782852483828_1_v.jpg"},"orderable":true,"show_badge":true,"formatted_price":"15,00&nbsp;\u20ac","formatted_published_date":"23 d\u00e9cembre 2014","publisher_availability_label":"Sur commande","short_details":"Wolfgang Schad \u2014 Triades","translator":null,"weight":150,"page_count":110,"readership":null,"editor":"Triades","price":1500,"published_date":"2014-12-22T23:00:00.000000Z","support":"Grand format","publisher_availability":1,"stock":0,"editions":[],"url":"https:\/\/quaidesbrumes.com\/ouvrage\/9782852483828\/le-regard-peripherique-ou-le-complement-des-lumieres"},{"id":"9782296138247","title":"L'inconscient de Descartes \u00e0 Freud ; red\u00e9couverte d'un parcours","description":"L'inconscient n'a pas attendu Freud pour exister dans la pens\u00e9e des philosophes. Les Anciens ne l'ont pas ignor\u00e9. L'auteur s'attache \u00e0 faire para\u00eetre la figure de l'inconscient comme l'ombre que laisse derri\u00e8re lui l'\u00e9clatant Cogito cart\u00e9sien. De l\u00e0 il progresse selon certains \"jalons\", de l'histoire de la philosophie vers une autonomie de l'inconscient, quelque chose comme une \"mont\u00e9e en puissance\" s'achevant dans la mise au jour freudienne, psychanalytique de celui-ci.\r","authors":["Michel Parahy"],"category_codes":["9000000","9080000","9080200","9080204"],"visuals":{"large":"https:\/\/images.epagine.fr\/247\/9782296138247_1_75.jpg","medium":"https:\/\/images.epagine.fr\/247\/9782296138247_1_m.jpg","thumbnail":"https:\/\/images.epagine.fr\/247\/9782296138247_1_v.jpg"},"orderable":true,"show_badge":true,"formatted_price":"11,50&nbsp;\u20ac","formatted_published_date":"29 novembre 2010","publisher_availability_label":"Sur commande","short_details":"Michel Parahy \u2014 \u00c9ditions L'Harmattan","translator":null,"weight":100,"page_count":67,"readership":null,"editor":"\u00c9ditions L'Harmattan","price":1150,"published_date":"2010-11-28T23:00:00.000000Z","support":"Grand format","publisher_availability":1,"stock":0,"editions":[],"url":"https:\/\/quaidesbrumes.com\/ouvrage\/9782296138247\/linconscient-de-descartes-a-freud-redecouverte-dun-parcours"},{"id":"9782296132757","title":"Philosopher depuis notre Am\u00e9rique ; essai de probl\u00e9matisation de son modus operandi","description":"Horacio Cerutti Guldberg est auteur de nombreux titres et articles dans le domaine de la philosophie et de la pens\u00e9e latino-am\u00e9ricaines. L'auteur affirme qu'une vision du monde excentrique, bien que non marginale, ressort de ce livre qui cherche \u00e0 \"nous sud\u00e9er\"...\r","authors":["Horacio Cerutti guldberg"],"category_codes":["9000000","9080000","9080200","9080204"],"visuals":{"large":"https:\/\/images.epagine.fr\/757\/9782296132757_1_75.jpg","medium":"https:\/\/images.epagine.fr\/757\/9782296132757_1_m.jpg","thumbnail":"https:\/\/images.epagine.fr\/757\/9782296132757_1_v.jpg"},"orderable":true,"show_badge":true,"formatted_price":"23,00&nbsp;\u20ac","formatted_published_date":"17 novembre 2010","publisher_availability_label":"Sur commande","short_details":"Horacio Cerutti guldberg \u2014 \u00c9ditions L'Harmattan","translator":null,"weight":275,"page_count":226,"readership":null,"editor":"\u00c9ditions L'Harmattan","price":2300,"published_date":"2010-11-16T23:00:00.000000Z","support":"Grand format","publisher_availability":1,"stock":0,"editions":[],"url":"https:\/\/quaidesbrumes.com\/ouvrage\/9782296132757\/philosopher-depuis-notre-amerique-essai-de-problematisation-de-son-modus-operandi"},{"id":"9782012756021","title":"Oeuvres completes d'helvetius (ed.1795)","description":"Oeuvres compl\u00e8tes d'Helv\u00e9tius [publi\u00e9es, avec un Essai sur la vie et les ouvrages de l'auteur, par La Roche]. Tome 1 \/ [publ., avec un essai sur la vie et les ouvrages de l'auteur, par La Roche] http:\/\/gallica.bnf.fr\/ark:\/12148\/bpt6k5719067x\r","authors":["Helvetius C A."],"category_codes":["9000000","9080000"],"visuals":{"large":"https:\/\/images.epagine.fr\/021\/9782012756021_1_75.jpg","medium":"https:\/\/images.epagine.fr\/021\/9782012756021_1_m.jpg","thumbnail":"https:\/\/images.epagine.fr\/021\/9782012756021_1_v.jpg"},"orderable":true,"show_badge":true,"formatted_price":"23,00&nbsp;\u20ac","formatted_published_date":"1er mai 2012","publisher_availability_label":"Sur commande","short_details":"Helvetius C A. \u2014 Hachette BNF","translator":null,"weight":430,"page_count":null,"readership":null,"editor":"Hachette BNF","price":2300,"published_date":"2012-04-30T22:00:00.000000Z","support":"Grand format","publisher_availability":1,"stock":0,"editions":[],"url":"https:\/\/quaidesbrumes.com\/ouvrage\/9782012756021\/oeuvres-completes-dhelvetius-ed1795"},{"id":"9782013541039","title":"La vie de l'amitie 2e ed.","description":"La vie de l'amiti\u00e9 (2e \u00e9d.) \/ L. Barbier-Jussy ; avec une pr\u00e9f. d'Emile Faguet,...\r\nDate de l'\u00e9dition originale : 1913 Sujet de l'ouvrage : Amiti\u00e9 Ce livre est la reproduction fid\u00e8le d'une oeuvre publi\u00e9e avant 1920 et fait partie d'une collection de livres r\u00e9imprim\u00e9s \u00e0 la demande \u00e9dit\u00e9e par Hachette Livre, dans le cadre d'un partenariat avec la Biblioth\u00e8que nationale de France, offrant l'opportunit\u00e9 d'acc\u00e9der \u00e0 des ouvrages anciens et souvent rares issus des fonds patrimoniaux de la BnF.\r\nLes oeuvres faisant partie de cette collection ont \u00e9t\u00e9 num\u00e9ris\u00e9es par la BnF et sont pr\u00e9sentes sur Gallica, sa biblioth\u00e8que num\u00e9rique.\r\n\r\nEn entreprenant de redonner vie \u00e0 ces ouvrages au travers d'une collection de livres r\u00e9imprim\u00e9s \u00e0 la demande, nous leur donnons la possibilit\u00e9 de rencontrer un public \u00e9largi et participons \u00e0 la transmission de connaissances et de savoirs parfois difficilement accessibles.\r\nNous avons cherch\u00e9 \u00e0 concilier la reproduction fid\u00e8le d'un livre ancien \u00e0 partir de sa version num\u00e9ris\u00e9e avec le souci d'un confort de lecture optimal. Nous esp\u00e9rons que les ouvrages de cette nouvelle collection vous apporteront enti\u00e8re satisfaction.\r\n\r\nPour plus d'informations, rendez-vous sur www.hachettebnf.fr\r","authors":["Barbier-Jussy"],"category_codes":["9000000","9080000","9080600"],"visuals":{"large":"https:\/\/images.epagine.fr\/039\/9782013541039_1_75.jpg","medium":"https:\/\/images.epagine.fr\/039\/9782013541039_1_m.jpg","thumbnail":"https:\/\/images.epagine.fr\/039\/9782013541039_1_v.jpg"},"orderable":true,"show_badge":true,"formatted_price":"19,50&nbsp;\u20ac","formatted_published_date":"1er d\u00e9cembre 2016","publisher_availability_label":"Sur commande","short_details":"Barbier-Jussy \u2014 Hachette BNF","translator":null,"weight":297,"page_count":null,"readership":null,"editor":"Hachette BNF","price":1950,"published_date":"2016-11-30T23:00:00.000000Z","support":"Grand format","publisher_availability":1,"stock":0,"editions":[],"url":"https:\/\/quaidesbrumes.com\/ouvrage\/9782013541039\/la-vie-de-lamitie-2e-ed"},{"id":"9782213662510","title":"La folie","description":"Et si le d\u00e9but de la sagesse \u00e9tait de renoncer \u00e0 \u00eatre sage ? Qui, sinon la folie, d\u00e9tourne du suicide les hommes dont la vie n'a aucun sens ? Qui d'autre d\u00e9fait les tyrans qu'elle a mis sur le tr\u00f4ne ? Qui enseigne, comme la folie, \u00e0 aimer le silence, \u00e0 d\u00e9sirer ce qui ne dure pas, \u00e0 parler l\u00e9g\u00e8rement des choses graves, \u00e0 souffrir sans se plaindre ? La folie n'est pas seulement une objective pathologie, elle est aussi une prodigieuse r\u00e9serve de sens et \u00ab notre v\u00e9rit\u00e9 peut-\u00eatre la plus proche \u00bb, \u00e9crivait Michel Foucault. La folie est un passage qu'empruntent, en compagnie des meilleurs auteurs, les Nouveaux chemins de la connaissance.","authors":["Rapha\u00ebl Enthoven"],"category_codes":["9000000","9080000","9080200","9080204"],"visuals":{"large":"https:\/\/images.epagine.fr\/510\/9782213662510_1_75.jpg","medium":"https:\/\/images.epagine.fr\/510\/9782213662510_1_m.jpg","thumbnail":"https:\/\/images.epagine.fr\/510\/9782213662510_1_v.jpg"},"orderable":true,"show_badge":true,"formatted_price":"12,10&nbsp;\u20ac","formatted_published_date":"12 octobre 2011","publisher_availability_label":"Sur commande","short_details":"Rapha\u00ebl Enthoven \u2014 Fayard","translator":null,"weight":208,"page_count":181,"readership":null,"editor":"Fayard","price":1210,"published_date":"2011-10-11T22:00:00.000000Z","support":"Poche","publisher_availability":1,"stock":0,"editions":[],"url":"https:\/\/quaidesbrumes.com\/ouvrage\/9782213662510\/la-folie"},{"id":"9782296112797","title":"Penser l'animal autrement","description":"Le d\u00e9bat autour des droits de l'animal fait l'objet d'\u00e2pres discussions quant aux crit\u00e8res retenus pour affirmer que les animaux souffrent, sont conscients, d\u00e9sirent... La philosophie du langage ordinaire donne de nouvelles ouvertures et invite \u00e0 red\u00e9couvrir cet animal qui est l\u00e0 devant nous. Tout en combattant les th\u00e8ses relativistes et en d\u00e9non\u00e7ant les id\u00e9es r\u00e9ductionnistes, l'auteur propose de nouveaux d\u00e9veloppements politiques et \u00e9thiques dans notre soci\u00e9t\u00e9, complexe et paradoxale \u00e0 bien des \u00e9gards dans sa relation aux animaux.\r","authors":["Philippe Devienne"],"category_codes":["9000000","9080000"],"visuals":{"large":"https:\/\/images.epagine.fr\/797\/9782296112797_1_75.jpg","medium":"https:\/\/images.epagine.fr\/797\/9782296112797_1_m.jpg","thumbnail":"https:\/\/images.epagine.fr\/797\/9782296112797_1_v.jpg"},"orderable":true,"show_badge":true,"formatted_price":"32,50&nbsp;\u20ac","formatted_published_date":"18 f\u00e9vrier 2010","publisher_availability_label":"Sur commande","short_details":"Philippe Devienne \u2014 \u00c9ditions L'Harmattan","translator":null,"weight":615,"page_count":null,"readership":null,"editor":"\u00c9ditions L'Harmattan","price":3250,"published_date":"2010-02-17T23:00:00.000000Z","support":"Grand format","publisher_availability":1,"stock":0,"editions":[],"url":"https:\/\/quaidesbrumes.com\/ouvrage\/9782296112797\/penser-lanimal-autrement"},{"id":"9782841372676","title":"Plutarque de l'\u00e2ge classique au XIXe si\u00e8cle ; pr\u00e9sences, interf\u00e9rences et dynamique","description":"Cet ouvrage examine le traitement et la pr\u00e9sence de Plutarque et de son oeuvre du XVIIe au XIXe si\u00e8cle en Europe, reconstituant une histoire. Les auteurs (sp\u00e9cialistes de diverses disciplines : philologie, litt\u00e9rature, philosophie, histoire.) consid\u00e8rent en priorit\u00e9 les \u00e9ditions du texte, ou les probl\u00e8mes li\u00e9s \u00e0 son usage, que ce soit du c\u00f4t\u00e9 des litt\u00e9rateurs, des historiens ou encore des philosophes (F\u00e9nelon, Saint-R\u00e9al, J.-J. Rousseau, Camille Desmoulins ou encore Jaur\u00e8s, Joseph De Maistre.), souhaitant de la sorte reconstituer une histoire, histoire qui se donne forc\u00e9ment comme fragmentaire en raison du cadre qu'est un colloque, mais \u00e9galement peut-\u00eatre en raison de la plasticit\u00e9 d'un corpus ais\u00e9ment utilisable selon une vis\u00e9e ou une autre.\r","authors":["Olivier Guerrier","Olivier Payen"],"category_codes":["9000000","9080000","9080200","9080204"],"visuals":{"large":"https:\/\/images.epagine.fr\/676\/9782841372676_1_75.jpg","medium":"https:\/\/images.epagine.fr\/676\/9782841372676_1_m.jpg","thumbnail":"https:\/\/images.epagine.fr\/676\/9782841372676_1_v.jpg"},"orderable":true,"show_badge":true,"formatted_price":"30,00&nbsp;\u20ac","formatted_published_date":"23 f\u00e9vrier 2012","publisher_availability_label":"Sur commande","short_details":"Olivier Guerrier, Olivier Payen \u2014 MILLON","translator":null,"weight":590,"page_count":357,"readership":null,"editor":"MILLON","price":3000,"published_date":"2012-02-22T23:00:00.000000Z","support":"Grand format","publisher_availability":1,"stock":0,"editions":[],"url":"https:\/\/quaidesbrumes.com\/ouvrage\/9782841372676\/plutarque-de-lage-classique-au-xixe-siecle-presences-interferences-et-dynamique"},{"id":"9782296133365","title":"Essai sur les figures de l'esprit ; culture non lin\u00e9aire et naissance des formes","description":"Essai sur les Figures de l'Esprit entend fixer l'invention au centre de la r\u00e9flexion et du discours.\r\nIl cherche \u00e0 battre en br\u00e8che la doctrine cart\u00e9sienne dont souffrent encore le cognitivisme acad\u00e9mique et r\u00e9ductionniste, et la philosophie. Et vise \u00e0 instaurer une vision \" dynamique \", \" constructiviste \" de la pens\u00e9e. Cette culture non lin\u00e9aire s'ancre dans l'ingenium (invention), la phantasia (imagination) et la m\u00e9taphore, qui r\u00e8glent la naissance des formes. Elle n'enveloppe pas seulement les sciences de la cognition, mais recouvre aussi bien questionner philosophique, biologie, art, science des syst\u00e8mes, qu'apprentissage des enfants.\r\nCe livre rend aussi compte de l'approche non-r\u00e9ductionniste des ann\u00e9es 1970-1980, en partie bas\u00e9e sur la red\u00e9couverte de la ph\u00e9nom\u00e9nologie allemande et fran\u00e7aise. Approche dite situ\u00e9e (situated) ou incarn\u00e9e (embodied) o\u00f9 l'entendement humain ne se r\u00e9duit pas, comme le dit l'Intelligence Artificielle, \u00e0 celui d'un \" expert \", apte \u00e0 \" r\u00e9soudre tous les probl\u00e8mes \". Mais provient directement du corps, s'adaptant, par phases, \u00e0 l'environnement.\r\nDe cette invention na\u00eet l'interpr\u00e9tation du monde, et \u00e9galement la cr\u00e9ation.\r","authors":["Louis-Jos\u00e9 Lestocart"],"category_codes":["9000000","9080000","9080200","9080204"],"visuals":{"large":"https:\/\/images.epagine.fr\/365\/9782296133365_1_75.jpg","medium":"https:\/\/images.epagine.fr\/365\/9782296133365_1_m.jpg","thumbnail":"https:\/\/images.epagine.fr\/365\/9782296133365_1_v.jpg"},"orderable":true,"show_badge":true,"formatted_price":"26,50&nbsp;\u20ac","formatted_published_date":"22 novembre 2010","publisher_availability_label":"Sur commande","short_details":"Louis-Jos\u00e9 Lestocart \u2014 \u00c9ditions L'Harmattan","translator":null,"weight":370,"page_count":265,"readership":null,"editor":"\u00c9ditions L'Harmattan","price":2650,"published_date":"2010-11-21T23:00:00.000000Z","support":"Grand format","publisher_availability":1,"stock":0,"editions":[],"url":"https:\/\/quaidesbrumes.com\/ouvrage\/9782296133365\/essai-sur-les-figures-de-lesprit-culture-non-lineaire-et-naissance-des-formes"},{"id":"9782334051118","title":"La question de la mort chez Martin Heidegger","description":"Sans \u00catre et Temps, Martin Heidegger aurait-il l'influence que nous lui reconnaissons aujourd'hui sur les philosophes post\u00e9rieurs ? La question m\u00e9rite d'\u00eatre pos\u00e9e d'autant plus que c'est l'oeuvre dans laquelle il a clairement pos\u00e9 pour la premi\u00e8re fois une d\u00e9finition de l'homme qui prend en compte son existence factuelle multidimensionnelle. En d\u00e9finissant l'homme comme un \u00ab \u00eatre-pour-la-mort\u00bb, Heidegger inscrit dans la nature humaine \u00ab un manque, une n\u00e9gativit\u00e9 \u00bb. Ceci nous conduit inexorablement \u00e0 assigner une t\u00e9l\u00e9ologie \u00e0 l'existence humaine pour ne pas livrer le monde dans son ensemble \u00e0 l'absurdit\u00e9 absolue du non-sens.\r","authors":["Adrien B\u00e9yom malo"],"category_codes":["9000000","9080000","9080300","9080302"],"visuals":{"large":"https:\/\/images.epagine.fr\/118\/9782334051118_1_75.jpg","medium":"https:\/\/images.epagine.fr\/118\/9782334051118_1_m.jpg","thumbnail":"https:\/\/images.epagine.fr\/118\/9782334051118_1_v.jpg"},"orderable":true,"show_badge":true,"formatted_price":"18,00&nbsp;\u20ac","formatted_published_date":"13 janvier 2016","publisher_availability_label":"Sur commande","short_details":"Adrien B\u00e9yom malo \u2014 Edilivre","translator":null,"weight":314,"page_count":168,"readership":null,"editor":"Edilivre","price":1800,"published_date":"2016-01-12T23:00:00.000000Z","support":"Grand format","publisher_availability":1,"stock":0,"editions":[],"url":"https:\/\/quaidesbrumes.com\/ouvrage\/9782334051118\/la-question-de-la-mort-chez-martin-heidegger"},{"id":"9782332490315","title":"Le bouddha amitabha dans le bouddhisme chinois : croyances et pratiques spirituelles des origines au","description":"Cet ouvrage est la publication d'un m\u00e9moire de Master 2 qui a pour th\u00e8me le culte du Bouddha Amit\u00e2bha au sein du bouddhisme chinois, de l'arriv\u00e9e du bouddhisme en Chine jusqu'aux Tang (618-907). Ce Bouddha est tr\u00e8s populaire dans les pays du Grand V\u00e9hicule depuis toujours, il est connu comme le Bouddha de la grande compassion qui fait rena\u00eetre ceux qui ont foi en lui dans le monde du supr\u00eame bonheur.\r\nLa premi\u00e8re partie est un rappel des racines indiennes du courant de la Terre pure (jingtu) avec l'\u00e9tude de l'enseignement des deux grands ma\u00eetres indiens : N\u00e2g\u00e2rjuna et Vasubandhu. \r\nLa deuxi\u00e8me partie concerne le d\u00e9but de la transmission de l'enseignement en Chine avec une pr\u00e9sentation de la doctrine des religieux \u00e9minents de ce courant : Tanluan (476-542), Daochuo (562-645), et Jingying Huiyuan (523-592).\r\nLa troisi\u00e8me partie est centr\u00e9e sur les \u00e9crits du grand ma\u00eetre Shandao (613-681), qui a v\u00e9ritablement form\u00e9 la doctrine chinoise de l'\u00e9cole de la Terre pure.\r\nDans la quatri\u00e8me partie, il est question du culte d'Amit\u00e2bha au sein des autres courants bouddhistes chinois : le Chan, le Tiantai, le Zhenyan et le Huayan.\r\nDans la derni\u00e8re partie, les similitudes doctrinales entre le bouddhisme de la Terre pure et le Tao\u00efsme sont \u00e9voqu\u00e9es. Il s'agit d'une pr\u00e9sentation des ressemblances au niveau de l'enseignement philosophique mais aussi au niveau religieux, notamment par la pr\u00e9sence du culte de Guanyin au sein des pratiques cultuelles tao\u00efstes.\r","authors":["Cuny Romain"],"category_codes":["9000000","9080000"],"visuals":{"large":"https:\/\/images.epagine.fr\/315\/9782332490315_1_75.jpg","medium":"https:\/\/images.epagine.fr\/315\/9782332490315_1_m.jpg","thumbnail":"https:\/\/images.epagine.fr\/315\/9782332490315_1_v.jpg"},"orderable":true,"show_badge":true,"formatted_price":"23,50&nbsp;\u20ac","formatted_published_date":"2 avril 2012","publisher_availability_label":"Sur commande","short_details":"Cuny Romain \u2014 Edilivre","translator":null,"weight":295,"page_count":null,"readership":null,"editor":"Edilivre","price":2350,"published_date":"2012-04-01T22:00:00.000000Z","support":"Grand format","publisher_availability":1,"stock":0,"editions":[],"url":"https:\/\/quaidesbrumes.com\/ouvrage\/9782332490315\/le-bouddha-amitabha-dans-le-bouddhisme-chinois-croyances-et-pratiques-spirituelles-des-origines-au"},{"id":"9782705681647","title":"La m\u00e9taphysique possible","description":"De Maine de Biran \u00e0 Bergson, de Ravaisson \u00e0 Lavelle, la tradition des philosophies de l'esprit marque un passage fondamental de la pens\u00e9e moderne et contemporaine puisqu'elle a propos\u00e9 une m\u00e9taphysique fond\u00e9e sur le renouvellement de la subjectivit\u00e9 et sur l'id\u00e9e de la r\u00e9alit\u00e9 comme surabondance de singularit\u00e9s. Dans l'effort de suivre l'inspiration spiritualiste, on a ouvert un dialogue   quelquefois implicite mais toujours pr\u00e9sent   avec la ph\u00e9nom\u00e9nologie contemporaine, l'id\u00e9alisme allemand, la pens\u00e9e n\u00e9oplatonicienne ou encore, le n\u00e9o-id\u00e9alisme italien. Le r\u00e9sultat de ce travail, contre toute hypoth\u00e8se \u00e0 propos de sa fin ou de son d\u00e9passement, est la proposition d'une m\u00e9taphysique encore possible, riche d'avenir, qui attend tout simplement d'\u00eatre lib\u00e9r\u00e9e et mise \u00e0 l'oeuvre dans les domaines les plus diff\u00e9rents des savoirs et des pratiques humaines. Premier pas d'un itin\u00e9raire philosophique \u00e0 venir, dans ce livre, on propose donc au lecteur une exp\u00e9rience de pens\u00e9e articul\u00e9e et passionnante, fid\u00e8le \u00e0 l'id\u00e9e bergsonienne que la philosophie peut encore \u00ab nous donner la joie \u00bb.","authors":["Andrea Bellantone"],"category_codes":["9000000","9080000","9080200","9080204"],"visuals":{"large":"https:\/\/images.epagine.fr\/647\/9782705681647_1_75.jpg","medium":"https:\/\/images.epagine.fr\/647\/9782705681647_1_m.jpg","thumbnail":"https:\/\/images.epagine.fr\/647\/9782705681647_1_v.jpg"},"orderable":true,"show_badge":true,"formatted_price":"35,00&nbsp;\u20ac","formatted_published_date":"9 juillet 2012","publisher_availability_label":"Sur commande","short_details":"Andrea Bellantone \u2014 Hermann","translator":null,"weight":485,"page_count":380,"readership":null,"editor":"Hermann","price":3500,"published_date":"2012-07-08T22:00:00.000000Z","support":"Grand format","publisher_availability":1,"stock":0,"editions":[],"url":"https:\/\/quaidesbrumes.com\/ouvrage\/9782705681647\/la-metaphysique-possible"},{"id":"9782849411933","title":"Les philosophes meurent aussi","description":"Comment mieux d\u00e9couvrir la philosophie qu'en s'int\u00e9ressant \u00e0 la mort de ses principales figures ? simon Critchley nous conte ici 190 histoires savoureuses sur la mort (et la vie) des philosophes qui ont travers\u00e9 l'histoire de l'humanit\u00e9. on trouve \u00e9videmment socrate, disparu en grand sage; mais aussi emp\u00e9docle, persuad\u00e9 d'\u00eatre immortel et qui se jeta dans un volcan pour le v\u00e9rifier ; ou encore Francis Bacon, philosophe de l'exp\u00e9rimentation, mort d'un coup de froid quelques jours apr\u00e8s avoir voulu v\u00e9rifier empiriquement si la volaille se conservait ou non dans la neige ; voltaire qui toute sa vie combattit l'eglise et voulut \u00eatre entendu par un pr\u00eatre sur son lit de mort ; J\u00e9r\u00e9my Bentham et son id\u00e9e folle de faire exposer ses restes au su et vu de tout le monde \u00e0 la City university de londres, ou encore albert Camus, mort d'un accident de voiture, en quelque sorte rattrap\u00e9 par l'absurde, th\u00e8me central de son oeuvre.\r\nPour simon Critchley ces r\u00e9cits doivent nous aider \u00e0 vivre en acceptant l'in\u00e9luctabilit\u00e9 de notre mort, en la regardant avec ironie sans c\u00e9der \u00e0 cette terreur qui souvent conduit l'homme occidental contemporain \u00e0 s'enfermer dans la consommation et le pr\u00e9sent, ou \u00e0 nourrir l'illusion d'une vie apr\u00e8s la mort. avec humour et un grand sens de la formule, simon Critchley nous emm\u00e8ne \u00e0 la d\u00e9couverte de mille et une destin\u00e9es tant\u00f4t tragiques, tant\u00f4t dr\u00f4les, parfois absurdes mais toujours instructives.\r","authors":["Simon Critchley"],"category_codes":["9000000","9080000","9080200","9080204"],"visuals":{"large":"https:\/\/images.epagine.fr\/933\/9782849411933_1_75.jpg","medium":"https:\/\/images.epagine.fr\/933\/9782849411933_1_m.jpg","thumbnail":"https:\/\/images.epagine.fr\/933\/9782849411933_1_v.jpg"},"orderable":true,"show_badge":true,"formatted_price":"24,00&nbsp;\u20ac","formatted_published_date":"23 septembre 2010","publisher_availability_label":"Sur commande","short_details":"Simon Critchley \u2014 \u00c9ditions Les P\u00e9r\u00e9grines","translator":null,"weight":444,"page_count":370,"readership":null,"editor":"\u00c9ditions Les P\u00e9r\u00e9grines","price":2400,"published_date":"2010-09-22T22:00:00.000000Z","support":"Grand format","publisher_availability":1,"stock":0,"editions":[],"url":"https:\/\/quaidesbrumes.com\/ouvrage\/9782849411933\/les-philosophes-meurent-aussi"},{"id":"9782812401183","title":"Oeuvres compl\u00e8tes. Tome 7 ; d\u00e9fense de l'esprit des lois","description":"Ce volume r\u00e9unit tout ce que Montesquieu a \u00e9crit de 1749 \u00e0 sa mort en 1755 pour d\u00e9fendre son grand ouvrage. Attaqu\u00e9 par la presse catholique, j\u00e9suite aussi bien que jans\u00e9niste, d\u00e9f\u00e9r\u00e9 devant les instances eccl\u00e9siastiques, \u00e0 Rome la Congr\u00e9gation de l'Index, \u00e0 Paris la Sorbonne, L'Esprit des lois est accus\u00e9 de nier la valeur universelle et l'autorit\u00e9 morale du christianisme. Les auteurs \u00e9clairent ces textes difficiles, \u00e9dit\u00e9s sur les meilleurs imprim\u00e9s et les manuscrits, dont quelques-uns sont mis au jour.\r","authors":["Montesquieu"],"category_codes":["9000000","9080000","9080200","9080204"],"visuals":{"large":"https:\/\/images.epagine.fr\/183\/9782812401183_1_75.jpg","medium":"https:\/\/images.epagine.fr\/183\/9782812401183_1_m.jpg","thumbnail":"https:\/\/images.epagine.fr\/183\/9782812401183_1_v.jpg"},"orderable":true,"show_badge":true,"formatted_price":"89,00&nbsp;\u20ac","formatted_published_date":"1er octobre 2010","publisher_availability_label":"Sur commande","short_details":"Montesquieu \u2014 CLASSIQUES GARNIER","translator":null,"weight":1146,"page_count":396,"readership":null,"editor":"CLASSIQUES GARNIER","price":8900,"published_date":"2010-09-30T22:00:00.000000Z","support":"Grand format","publisher_availability":1,"stock":0,"editions":[],"url":"https:\/\/quaidesbrumes.com\/ouvrage\/9782812401183\/oeuvres-completes-tome-7-defense-de-lesprit-des-lois"},{"id":"9782705682323","title":"La renaissance de l'id\u00e9alisme","description":"Pr\u00e9fac\u00e9 par Francesca Rizzo et traduit par Evelyne Buissi\u00e8re.\r\n\r\nComment peut rena\u00eetre l'id\u00e9alisme ? Lisant Kant et Hegel, Gentile d\u00e9couvre que l'id\u00e9alit\u00e9 est l'activit\u00e9 connaissante par laquelle se constitue tout objet et, par cons\u00e9quent, quelle est au coeur du sujet connaissant.\r\n\r\nLes discours inauguraux tenus par Gentile dans le cours de sa carri\u00e8re universitaire, ici pour la premi\u00e8re fois traduits en langue fran\u00e7aise, sont les signes du cheminement de l'\u00e9laboration du nouvel id\u00e9alisme. Lequel est reconnaissance du caract\u00e8re inobjectivable et toujours actuel, parce que toujours actif, de l'acte de penser, inh\u00e9rent \u00e0 toute activit\u00e9 humaine, y compris aux sciences positives. C'est un id\u00e9alisme que l'on peut certes ignorer, mais qui est d\u00e9sormais soustrait \u00e0 la mort, puisque la pens\u00e9e qui pourrait le tuer ne peut que proclamer sa vie. Penser la vie ne signifie plus r\u00e9sorber la vie dans la pens\u00e9e, mais faire vivre la pens\u00e9e en acte.","authors":["Giovanni Gentile"],"category_codes":["9000000","9080000","9080200","9080204"],"visuals":{"large":"https:\/\/images.epagine.fr\/323\/9782705682323_1_75.jpg","medium":"https:\/\/images.epagine.fr\/323\/9782705682323_1_m.jpg","thumbnail":"https:\/\/images.epagine.fr\/323\/9782705682323_1_v.jpg"},"orderable":true,"show_badge":true,"formatted_price":"32,00&nbsp;\u20ac","formatted_published_date":"23 juin 2012","publisher_availability_label":"Sur commande","short_details":"Giovanni Gentile \u2014 Hermann","translator":null,"weight":264,"page_count":206,"readership":null,"editor":"Hermann","price":3200,"published_date":"2012-06-22T22:00:00.000000Z","support":"Grand format","publisher_availability":1,"stock":0,"editions":[],"url":"https:\/\/quaidesbrumes.com\/ouvrage\/9782705682323\/la-renaissance-de-lidealisme"},{"id":"9782296113275","title":"Platon et l'homme dans les derniers dialogues","description":"Dresser le portrait de l'homme, selon une lecture platonico-platonicienne, est la fin de ce livre. On y d\u00e9couvre l'\u00e9volution interne de la philosophie platonicienne et le d\u00e9passement de Platon lui-m\u00eame \u00e0 travers ses \u00e9crits. Les derniers dialogues sont les majeurs sur cette question. L'essentiel, pour celui qui a acquis \" la vision p\u00e9n\u00e9trante qui est propre \u00e0 la vieillesse \", c'est que l'homme devienne ma\u00eetre sur terre. L'anthropos est le fond de la philosophie platonicienne et surtout de son anthropologie.\r","authors":["Ahmed Marouani"],"category_codes":["9000000","9080000","9080200","9080204"],"visuals":{"large":"https:\/\/images.epagine.fr\/275\/9782296113275_1_75.jpg","medium":"https:\/\/images.epagine.fr\/275\/9782296113275_1_m.jpg","thumbnail":"https:\/\/images.epagine.fr\/275\/9782296113275_1_v.jpg"},"orderable":true,"show_badge":true,"formatted_price":"19,00&nbsp;\u20ac","formatted_published_date":"23 f\u00e9vrier 2010","publisher_availability_label":"Sur commande","short_details":"Ahmed Marouani \u2014 \u00c9ditions L'Harmattan","translator":null,"weight":280,"page_count":null,"readership":null,"editor":"\u00c9ditions L'Harmattan","price":1900,"published_date":"2010-02-22T23:00:00.000000Z","support":"Grand format","publisher_availability":1,"stock":0,"editions":[],"url":"https:\/\/quaidesbrumes.com\/ouvrage\/9782296113275\/platon-et-lhomme-dans-les-derniers-dialogues"},{"id":"9782343042497","title":"Subjectivit\u00e9 \u00e0 l'\u00e9preuve du mal ; r\u00e9fl\u00e9chir avec Jean Nabert \u00e0 une philosophie de l'int\u00e9riorit\u00e9","description":"Pourquoi l'humanit\u00e9 dans son ensemble ne s'am\u00e9liore-t-elle pas ? Pourquoi le progr\u00e8s moral ne suit-il pas le progr\u00e8s scientifique et technique ? Les prisons seront-elles ferm\u00e9es un jour ? Toutes ces questions font \u00e9cho de la r\u00e9alit\u00e9 du mal dans sa force, dans son cycle interminable : un mal appelle un autre mal.\r","authors":["Dieudonn\u00e9 Udaga"],"category_codes":["9000000","9080000","9080200","9080204"],"visuals":{"large":"https:\/\/images.epagine.fr\/497\/9782343042497_1_75.jpg","medium":"https:\/\/images.epagine.fr\/497\/9782343042497_1_m.jpg","thumbnail":"https:\/\/images.epagine.fr\/497\/9782343042497_1_v.jpg"},"orderable":true,"show_badge":true,"formatted_price":"44,50&nbsp;\u20ac","formatted_published_date":"24 septembre 2014","publisher_availability_label":"Sur commande","short_details":"Dieudonn\u00e9 Udaga \u2014 \u00c9ditions L'Harmattan","translator":null,"weight":665,"page_count":438,"readership":null,"editor":"\u00c9ditions L'Harmattan","price":4450,"published_date":"2014-09-23T22:00:00.000000Z","support":"Grand format","publisher_availability":1,"stock":0,"editions":[],"url":"https:\/\/quaidesbrumes.com\/ouvrage\/9782343042497\/subjectivite-a-lepreuve-du-mal-reflechir-avec-jean-nabert-a-une-philosophie-de-linteriorite"}]}