{"data":[{"id":"9782812119057","title":"Th\u00e9orie de la conscience Tome 1 ; le sujet univers","description":"La th\u00e9orie de la conscience comprend trois ouvrages : La th\u00e9orie de la connaissance destin\u00e9e aux physiciens ; Les syst\u00e8mes conscients pour les sp\u00e9cialistes des sciences cognitives et Le sujet univers -le pr\u00e9sent ouvrage- qui en est la pr\u00e9sentation et l'interpr\u00e9tation philosophiques. \u00ab Il n'y a pas de sujet sans objet et pas d'objet sans sujet \u00bb est une v\u00e9rit\u00e9 qui traverse la philosophie en s'opposant au postulat d'objectivit\u00e9 sur lequel repose la science actuelle. Ainsi la science pour \u00eatre compl\u00e8te doit remettre en cause le postulat. Elle est alors globale comme l'avait vu Hegel. La th\u00e9orie part d'une d\u00e9finition de la conscience qui s'exprime sous forme des Relations de conscience appliqu\u00e9es \u00e0 une fonction dite \u00ab fonction connaissance \u00bb qui appara\u00eet comme la connaissance d'\u00eatre. L'\u00eatre est forme (au sens de mati\u00e8re et forme), toute forme peut \u00eatre formul\u00e9e math\u00e9matiquement de fa\u00e7on duale. A condition de ne pas confondre connaissance et description, la fonction connaissance peut alors s'\u00e9tudier par math\u00e9matiques interpos\u00e9es. La th\u00e9orie de la connaissance (deuxi\u00e8me partie de la th\u00e9orie de la conscience) montre que l'on d\u00e9duit de ces Relations les lois de la physique moderne. L'univers appara\u00eet alors comme l'objet de connaissance d'un sujet conscient : le Sujet univers. Mais attention, le \u00ab sujet \u00bb est d\u00e9fini par un op\u00e9rateur math\u00e9matique en acte. Rien d'autre. Rien d'autre ? On ne pourra s'emp\u00eacher -dans le dernier chapitre de cet ouvrage- de s'aventurer dans une tentative d'interpr\u00e9tation des r\u00e9sultats obtenus.\r","authors":["Edouard Asseo"],"category_codes":["9000000","9080000","9080200","9080204"],"visuals":{"large":"https:\/\/images.epagine.fr\/057\/9782812119057_1_75.jpg","medium":"https:\/\/images.epagine.fr\/057\/9782812119057_1_m.jpg","thumbnail":"https:\/\/images.epagine.fr\/057\/9782812119057_1_v.jpg"},"orderable":true,"show_badge":true,"formatted_price":"22,00&nbsp;\u20ac","formatted_published_date":"23 septembre 2009","publisher_availability_label":"Sur commande","short_details":"Edouard Asseo \u2014 Edilivre","translator":null,"weight":416,"page_count":null,"readership":null,"editor":"Edilivre","price":2200,"published_date":"2009-09-22T22:00:00.000000Z","support":"Grand format","publisher_availability":1,"stock":0,"editions":[],"url":"https:\/\/quaidesbrumes.com\/ouvrage\/9782812119057\/theorie-de-la-conscience-tome-1-le-sujet-univers"},{"id":"9782830914573","title":"Profession de foi du vicaire savoyard ; avec un commentaire sur les influences protestantes de Rousseau","description":"C\u00e9l\u00e8bre \u00e0 l'int\u00e9rieur de l'Emile, le philosophe genevois souligne, en r\u00e9action au mat\u00e9rialisme de nombreux penseurs de son si\u00e8cle, l'importance des ressorts du sentiment dans la relation \u00e0 Dieu. L'originalit\u00e9 de cette nouvelle \u00e9dition tient \u00e0 la mise en \u00e9vidence de l'h\u00e9ritage protestant et calviniste de la pens\u00e9e religieuse de Rousseau telle qu'elle s'exprime dans la Profession de foi. \r\nIl est tr\u00e8s pr\u00e9sent, malgr\u00e9 ce qu'ont pu en dire des g\u00e9n\u00e9rations de commentateurs, un peu rapidement convaincus du caract\u00e8re antichr\u00e9tien de ce texte. Apr\u00e8s avoir introduit ce dernier en indiquant de mani\u00e8re g\u00e9n\u00e9rale l'influence de la th\u00e9ologie protestante de son temps sur Rousseau, l'historien du protestantisme Pierre-Olivier L\u00e9chot \u00e9dite la Profession de foi en en commentant les nombreux passages qui font signe vers la pens\u00e9e des successeurs de Calvin. \r\nCette \u00e9dition permet ainsi de comprendre pourquoi tant de penseurs protestants des si\u00e8cles suivants se reconna\u00eetront en Rousseau, voyant dans la Profession de foi un texte fondateur d'une conception moderne de la foi chr\u00e9tienne.\r","authors":["Jean-Jacques Rousseau"],"category_codes":["9000000","9080000","9080200","9080204"],"visuals":{"large":"https:\/\/images.epagine.fr\/573\/9782830914573_1_75.jpg","medium":"https:\/\/images.epagine.fr\/573\/9782830914573_1_m.jpg","thumbnail":"https:\/\/images.epagine.fr\/573\/9782830914573_1_v.jpg"},"orderable":true,"show_badge":true,"formatted_price":"20,00&nbsp;\u20ac","formatted_published_date":"9 juin 2012","publisher_availability_label":"Sur commande","short_details":"Jean-Jacques Rousseau \u2014 \u00c9ditions Labor et Fides","translator":null,"weight":315,"page_count":224,"readership":null,"editor":"\u00c9ditions Labor et Fides","price":2000,"published_date":"2012-06-08T22:00:00.000000Z","support":"Grand format","publisher_availability":1,"stock":0,"editions":[],"url":"https:\/\/quaidesbrumes.com\/ouvrage\/9782830914573\/profession-de-foi-du-vicaire-savoyard-avec-un-commentaire-sur-les-influences-protestantes-de-rousseau"},{"id":"9782343202778","title":"Matrice ; m\u00e9ditations sartriennes","description":"Imaginez-vous que le cloporte de la m\u00e9tamorphose kafka\u00efenne vous enjoigne de le lire et de le juger. Qu'il vous mette en proc\u00e8s sur la foi de la parole de Sartre : \u00ab l'enfer, c'est les autres \u00bb, tout en prenant les traits d'une matrice et en vous implorant, d'embl\u00e9e, de l'engendrer. Si vous demeurez perplexe et que vous ne vous sentez ni le g\u00e9nie, ni le courage de le rendre \u00e0 son \u00e9tat natal, lisez-le. Vous saurez au moins pourquoi notre commune finitude, une fois habill\u00e9e d'abjection, vous oblige d\u00e9j\u00e0 \u00e0 jouer les sages-femmes. Car c'est \u00e0 vous-m\u00eame que ce Socrate imp\u00e9nitent et intransigeant vous apprendra \u00e0 rena\u00eetre. Mais sachez que si vous pr\u00e9f\u00e9rez, par prudence, le marginaliser dans son \u00e9tat l\u00e9tal pour \u00e9chapper \u00e0 ses impr\u00e9cations, il vous rend d'ores et d\u00e9j\u00e0 incapable de jouir \u00e0 jamais de votre scepticisme divin. Car, m\u00eame alors, la m\u00e9ditation de votre n\u00e9ant vous attend, incontournable mais contagieuse, dans sa niche cynique. Et vous regretterez de ne pas l'avoir lue.","authors":["Helder Serpa"],"category_codes":["9000000","9080000"],"visuals":{"large":"https:\/\/images.epagine.fr\/778\/9782343202778_1_75.jpg","medium":"https:\/\/images.epagine.fr\/778\/9782343202778_1_m.jpg","thumbnail":"https:\/\/images.epagine.fr\/778\/9782343202778_1_v.jpg"},"orderable":true,"show_badge":true,"formatted_price":"19,50&nbsp;\u20ac","formatted_published_date":"8 septembre 2020","publisher_availability_label":"Sur commande","short_details":"Helder Serpa \u2014 \u00c9ditions L'Harmattan","translator":null,"weight":224,"page_count":176,"readership":null,"editor":"\u00c9ditions L'Harmattan","price":1950,"published_date":"2020-09-07T22:00:00.000000Z","support":"Grand format","publisher_availability":1,"stock":0,"editions":[],"url":"https:\/\/quaidesbrumes.com\/ouvrage\/9782343202778\/matrice-meditations-sartriennes"},{"id":"9782296554900","title":"L\u00e9opold S\u00e9dar Senghor ; philosophe de la culture","description":"Ce texte se propose de faire une restitution originale de la pens\u00e9e du po\u00e8te pr\u00e9sident. Il montre que la critique du marxisme, ultime expression du rationalisme occidental, cachait un voeu secret : l'\u00e9laboration d'une philosophie de la culture, un travail de r\u00e9cup\u00e9ration de l'Histoire, apr\u00e8s Hegel, Marx et Teilhard de Chardin.\r","authors":["Pape moussa Samba"],"category_codes":["9000000","9080000","9080200","9080204"],"visuals":{"large":"https:\/\/images.epagine.fr\/900\/9782296554900_1_75.jpg","medium":"https:\/\/images.epagine.fr\/900\/9782296554900_1_m.jpg","thumbnail":"https:\/\/images.epagine.fr\/900\/9782296554900_1_v.jpg"},"orderable":true,"show_badge":true,"formatted_price":"19,50&nbsp;\u20ac","formatted_published_date":"21 juillet 2011","publisher_availability_label":"Sur commande","short_details":"Pape moussa Samba \u2014 \u00c9ditions L'Harmattan","translator":null,"weight":244,"page_count":187,"readership":null,"editor":"\u00c9ditions L'Harmattan","price":1950,"published_date":"2011-07-20T22:00:00.000000Z","support":"Grand format","publisher_availability":1,"stock":0,"editions":[],"url":"https:\/\/quaidesbrumes.com\/ouvrage\/9782296554900\/leopold-sedar-senghor-philosophe-de-la-culture"},{"id":"9782296551688","title":"Kant et la fondation architectonique de l'existence","description":"Ce livre propose d'interpr\u00e9ter l'instauration kantienne de l'architectonique comme auto-fondation de l'existence. L'exploration du sch\u00e9matisme le plus originaire de l'architectonique permet de saisir \u00e0 l'\u00e9tat naissant l'existence humaine (son fondement, l'essence de la subjectivit\u00e9) et par l\u00e0 de saisir, en un sens, l'origine m\u00eame du \"monde\".\r","authors":["Pascal Gaudet"],"category_codes":["9000000","9080000","9080200","9080204"],"visuals":{"large":"https:\/\/images.epagine.fr\/688\/9782296551688_1_75.jpg","medium":"https:\/\/images.epagine.fr\/688\/9782296551688_1_m.jpg","thumbnail":"https:\/\/images.epagine.fr\/688\/9782296551688_1_v.jpg"},"orderable":true,"show_badge":true,"formatted_price":"12,00&nbsp;\u20ac","formatted_published_date":"6 juillet 2011","publisher_availability_label":"Sur commande","short_details":"Pascal Gaudet \u2014 \u00c9ditions L'Harmattan","translator":null,"weight":130,"page_count":93,"readership":null,"editor":"\u00c9ditions L'Harmattan","price":1200,"published_date":"2011-07-05T22:00:00.000000Z","support":"Grand format","publisher_availability":1,"stock":0,"editions":[],"url":"https:\/\/quaidesbrumes.com\/ouvrage\/9782296551688\/kant-et-la-fondation-architectonique-de-lexistence"},{"id":"9782296065536","title":"Entretriens avec un ami disparu ; r\u00e9flexions et bavardages","description":"Dans ces entretiens, l'auteur fait revivre l'un de ses proches, d\u00e9c\u00e9d\u00e9, qui fut non seulement son patient, mais aussi un ami cher. Ce dernier, journaliste, cin\u00e9aste et r\u00e9alisateur\/producteur, lui pose des questions appelant des r\u00e9ponses sur des faits anciens, mais qui gardent leur port\u00e9e dans l'actualit\u00e9. Ces deux personnages, qui font rena\u00eetre tant de choses, sont-ils des demi-dieux ? D'autres sujets m\u00e9dicaux tr\u00e8s graves sont abord\u00e9s. Enfin, G. Le Breton imagine des contes, des histoires fictives et livre quelques po\u00e8mes qu'il a \u00e9crits.\r","authors":["Georges Le breton"],"category_codes":["9000000","9080000","9080200","9080204"],"visuals":{"large":"https:\/\/images.epagine.fr\/536\/9782296065536_1_75.jpg","medium":"https:\/\/images.epagine.fr\/536\/9782296065536_1_m.jpg","thumbnail":"https:\/\/images.epagine.fr\/536\/9782296065536_1_v.jpg"},"orderable":true,"show_badge":true,"formatted_price":"33,50&nbsp;\u20ac","formatted_published_date":"14 octobre 2008","publisher_availability_label":"Sur commande","short_details":"Georges Le breton \u2014 \u00c9ditions L'Harmattan","translator":null,"weight":530,"page_count":334,"readership":"Tout public","editor":"\u00c9ditions L'Harmattan","price":3350,"published_date":"2008-10-13T22:00:00.000000Z","support":"Grand format","publisher_availability":1,"stock":0,"editions":[],"url":"https:\/\/quaidesbrumes.com\/ouvrage\/9782296065536\/entretriens-avec-un-ami-disparu-reflexions-et-bavardages"},{"id":"9782853170499","title":"Hommes et femmes ; l'identit\u00e9 relationnelle de l'\u00eatre humain","description":"La relation des hommes et des femmes dans l'existence quotidienne n'a pas toujours une clart\u00e9 fulgurante.\r\nA qui la faute ? Demande-t-on. Mieux vaut sans doute essayer de comprendre sans passion et sans concession ce qui fait l'enjeu d'une ind\u00e9finissable diff\u00e9rence o\u00f9 est engag\u00e9e l'identit\u00e9 m\u00eame du monde humain. C'est ce que propose ici Nicole CHOPELIN, professeur de philosophie \u00e0 Lyon, dans des pages fortes et rigoureuses qui invitent \u00e0 d\u00e9passer bien des bavardages et bien des conformismes faciles.\r","authors":["Nicole Chopelin"],"category_codes":["9000000","9080000","9080200","9080204"],"visuals":{"large":"https:\/\/images.epagine.fr\/499\/9782853170499_1_75.jpg","medium":"https:\/\/images.epagine.fr\/499\/9782853170499_1_m.jpg","thumbnail":"https:\/\/images.epagine.fr\/499\/9782853170499_1_v.jpg"},"orderable":true,"show_badge":true,"formatted_price":"6,86&nbsp;\u20ac","formatted_published_date":"1er janvier 1994","publisher_availability_label":"Sur commande","short_details":"Nicole Chopelin \u2014 Profac","translator":null,"weight":0,"page_count":76,"readership":null,"editor":"Profac","price":686,"published_date":"1993-12-31T23:00:00.000000Z","support":"Grand format","publisher_availability":1,"stock":0,"editions":[],"url":"https:\/\/quaidesbrumes.com\/ouvrage\/9782853170499\/hommes-et-femmes-lidentite-relationnelle-de-letre-humain"},{"id":"9782296019911","title":"Gabriel Marcel - Max Picard : correspondance, 1947-1965","description":"Cette correspondance appartient \u00e0 la derni\u00e8re partie de la vie des deux penseurs, qui eurent tr\u00e8s vite le sentiment d'une pr\u00e9destination, et donn\u00e8rent une tournure intime, empreinte d'affection et de franc-parler, \u00e0 cet \u00e9change in\u00e9gal, o\u00f9 Gabriel Marcel tient le r\u00f4le de l'homme press\u00e9, du philosophe itin\u00e9rant, et Max Picard, celui du s\u00e9dentaire, casanier. Empreinte de vive affection, cette correspondance est un tr\u00e9sor de r\u00e9flexions o\u00f9 chacun des interlocuteurs se peignant \u00e0 vif ne cherche pas \u00e0 soigner son image.\r","authors":["Anne Marcel","Micha\u00ebl Picard"],"category_codes":["9000000","9080000","9080200","9080204"],"visuals":{"large":"https:\/\/images.epagine.fr\/911\/9782296019911_1_75.jpg","medium":"https:\/\/images.epagine.fr\/911\/9782296019911_1_m.jpg","thumbnail":"https:\/\/images.epagine.fr\/911\/9782296019911_1_v.jpg"},"orderable":true,"show_badge":true,"formatted_price":"27,50&nbsp;\u20ac","formatted_published_date":"15 janvier 2007","publisher_availability_label":"Sur commande","short_details":"Anne Marcel, Micha\u00ebl Picard \u2014 \u00c9ditions L'Harmattan","translator":null,"weight":368,"page_count":298,"readership":null,"editor":"\u00c9ditions L'Harmattan","price":2750,"published_date":"2007-01-14T23:00:00.000000Z","support":"Grand format","publisher_availability":1,"stock":0,"editions":[],"url":"https:\/\/quaidesbrumes.com\/ouvrage\/9782296019911\/gabriel-marcel-max-picard-correspondance-1947-1965"},{"id":"9782296116528","title":"Chroniques philosophiques d'un p\u00e9dagogue ; pour la reconversion des mentalit\u00e9s","description":"L'\u00e9vidence de la d\u00e9gradation des mentalit\u00e9s dans plus d'un secteur de la vie quotidienne, au sein des soci\u00e9t\u00e9s humaines, est un fait qui ne doit pas laisser indiff\u00e9rent. Pourtant, beaucoup d'entre nous semblent n'en pas avoir encore ressenti les cons\u00e9quences n\u00e9fastes alors qu'ils en sont malheureusement victimes. Il est donc indispensable d'inciter les uns et les autres, d\u00e9sorient\u00e9s par le vent d\u00e9vastateur de l'immoralit\u00e9, \u00e0 renouer avec le respect des principes de la morale, afin d'assainir et de redonner go\u00fbt \u00e0 l'existence et \u00e0 la vie.\r","authors":["Aaron Serge Mba Ela Ii"],"category_codes":["9000000","9080000","9080200","9080204"],"visuals":{"large":"https:\/\/images.epagine.fr\/528\/9782296116528_1_75.jpg","medium":"https:\/\/images.epagine.fr\/528\/9782296116528_1_m.jpg","thumbnail":"https:\/\/images.epagine.fr\/528\/9782296116528_1_v.jpg"},"orderable":true,"show_badge":true,"formatted_price":"11,50&nbsp;\u20ac","formatted_published_date":"22 avril 2010","publisher_availability_label":"Sur commande","short_details":"Aaron Serge Mba Ela Ii \u2014 \u00c9ditions L'Harmattan","translator":null,"weight":100,"page_count":null,"readership":null,"editor":"\u00c9ditions L'Harmattan","price":1150,"published_date":"2010-04-21T22:00:00.000000Z","support":"Grand format","publisher_availability":1,"stock":0,"editions":[],"url":"https:\/\/quaidesbrumes.com\/ouvrage\/9782296116528\/chroniques-philosophiques-dun-pedagogue-pour-la-reconversion-des-mentalites"},{"id":"9782705670436","title":"\u00c9nergie, science et philosophie au tournant des XIXe et XXe si\u00e8cles Volume 2 : Les formes de l'\u00e9nerg\u00e9tisme et leur influence sur la pens\u00e9e","description":"Vol. 2 : Les formes de l'\u00e9nerg\u00e9tisme et leur influence sur la pens\u00e9e\r\n\r\nLe premier volume d' Energie, science et philosophie  retra\u00e7ait l'\u00e9mergence du concept d'\u00e9nergie \u00e0 la confluence des id\u00e9es sur le mouvement et sur la chaleur. Ce second volume relate comment, au tournant des XIXe et XXe si\u00e8cles, les bouleversements s'\u00e9tendirent \u00e0 la Philosophie, aux Lettres et aux Arts. Car, la notion d'\u00e9nergie, reconnue commune \u00e0 tous les ph\u00e9nom\u00e8nes physiques et \u00e0 ceux qui en d\u00e9pendent, fut int\u00e9gr\u00e9e \u00e0 plusieurs niveaux : d'abord comme repr\u00e9sentation du monde concret, puis comme repr\u00e9sentation de l'imaginaire. Un exemple particulier est donn\u00e9 : celui de la Russie qui fut totalement perm\u00e9able \u00e0 l'\u00e9nerg\u00e9tisme. V\u00e9hicul\u00e9 par des intellectuels notoires, et relay\u00e9 par des membres \u00e9minents du parti communiste, l'\u00e9nerg\u00e9tisme y arriva sur un terrain pr\u00e9par\u00e9 par le mysticisme scientifique et la culture religieuse orthodoxe. Il stimula les conceptions \u00e9sot\u00e9riques et se constitua en un v\u00e9ritable syst\u00e8me de pens\u00e9e. \r\n\r\nLa p\u00e9riode fut riche en doctrines philosophiques inspir\u00e9es par le concept d'\u00e9nergie : le ph\u00e9nom\u00e9nisme, la pens\u00e9e \u00e9conomique et sociale de Cournot, les conceptions \u00e9nerg\u00e9tistes de Spencer, le mat\u00e9rialisme vulgaire et le mat\u00e9rialisme dialectique, ou encore le monisme \u00e9nerg\u00e9tique qui est \u00e0 la base de l'id\u00e9al chim\u00e9rique du surhomme de Nietzsche, de l'\u00e9nergie spirituelle de Bergson et de la tentative d'att\u00e9nuation des clivages entre id\u00e9alisme et r\u00e9alisme de Le Roy. La conception du rapport physique entre \u00e9nergie et mati\u00e8re et la r\u00e9union des deux concepts en un seul par Einstein conclut naturellement cette r\u00e9flexion philosophique sur l'\u00e9nergie.\r\nCe second volume cl\u00f4t le diptyque consacr\u00e9 \u00e0 l'\u00ab Energie, science et philosophie au tournant des XIXe et XXe si\u00e8cles \u00bb. Cette \u00e9tude ne pr\u00e9tend pas \u00eatre exhaustive, mais les auteurs s'estimeront satisfaits si elle contribue \u00e0 faire conna\u00eetre et comprendre la complexit\u00e9 de cette p\u00e9riode-clef de l'histoire des sciences.","authors":["Ghesquier-Pourcin D."],"category_codes":["9000000","9080000"],"visuals":{"large":"https:\/\/images.epagine.fr\/436\/9782705670436_1_75.jpg","medium":"https:\/\/images.epagine.fr\/436\/9782705670436_1_m.jpg","thumbnail":"https:\/\/images.epagine.fr\/436\/9782705670436_1_v.jpg"},"orderable":true,"show_badge":true,"formatted_price":"45,00&nbsp;\u20ac","formatted_published_date":"8 octobre 2010","publisher_availability_label":"Sur commande","short_details":"Ghesquier-Pourcin D. \u2014 Hermann","translator":null,"weight":533,"page_count":368,"readership":null,"editor":"Hermann","price":4500,"published_date":"2010-10-07T22:00:00.000000Z","support":"Grand format","publisher_availability":1,"stock":0,"editions":[],"url":"https:\/\/quaidesbrumes.com\/ouvrage\/9782705670436\/energie-science-et-philosophie-au-tournant-des-xixe-et-xxe-siecles-volume-2-les-formes-de-lenergetisme-et-leur-influence-sur-la-pensee"},{"id":"9782322253128","title":"120 propositions dans la raison privative de la cat\u00e9gorisation du possible ; s\u00e9ries 1 - 2 - 3","description":"Qui commence de penser est aussit\u00f4t assailli par la question du commencement. Et plus il s'acharne \u00e0 commencer plus la question l'obs\u00e8de. Rien ne sert d'esquiver, il faut traiter. Prendre langue avec l'harceleur est le seul moyen de d\u00e9samorcer sa hargne. Cela prend du temps. En voici le r\u00e9sultat.\r","authors":["Helder Serpa"],"category_codes":["9000000","9080000"],"visuals":{"large":"https:\/\/images.epagine.fr\/128\/9782322253128_1_75.jpg","medium":"https:\/\/images.epagine.fr\/128\/9782322253128_1_m.jpg","thumbnail":"https:\/\/images.epagine.fr\/128\/9782322253128_1_v.jpg"},"orderable":true,"show_badge":true,"formatted_price":"12,00&nbsp;\u20ac","formatted_published_date":"5 septembre 2020","publisher_availability_label":"Sur commande","short_details":"Helder Serpa \u2014 Books on Demand","translator":null,"weight":449,"page_count":308,"readership":null,"editor":"Books on Demand","price":1200,"published_date":"2020-09-04T22:00:00.000000Z","support":"Grand format","publisher_availability":1,"stock":0,"editions":[],"url":"https:\/\/quaidesbrumes.com\/ouvrage\/9782322253128\/120-propositions-dans-la-raison-privative-de-la-categorisation-du-possible-series-1-2-3"},{"id":"9782343000565","title":"\u00e9tudes de cosmologie philosophique","description":"La cosmologie a pour objet la totalit\u00e9 de l'univers sensible. De ce fait, elle entre n\u00e9cessairement en contact avec la philosophie, surtout r\u00e9aliste, car celle-ci nourrit une ambition voisine et se propose de d\u00e9couvrir les principes et causes de l'ensemble de la r\u00e9alit\u00e9. Aujourd'hui, il est devenu \u00e9vident que la cosmologie pose au philosophe des questions aussi importantes que celles des limites de l'univers, de la r\u00e9alit\u00e9 de son mouvement et du temps, de son origine et de son principe\r","authors":["Michel Bastit"],"category_codes":["9000000","9080000","9080200","9080204"],"visuals":{"large":"https:\/\/images.epagine.fr\/565\/9782343000565_1_75.jpg","medium":"https:\/\/images.epagine.fr\/565\/9782343000565_1_m.jpg","thumbnail":"https:\/\/images.epagine.fr\/565\/9782343000565_1_v.jpg"},"orderable":true,"show_badge":true,"formatted_price":"26,00&nbsp;\u20ac","formatted_published_date":"4 septembre 2013","publisher_availability_label":"Sur commande","short_details":"Michel Bastit \u2014 \u00c9ditions L'Harmattan","translator":null,"weight":316,"page_count":242,"readership":null,"editor":"\u00c9ditions L'Harmattan","price":2600,"published_date":"2013-09-03T22:00:00.000000Z","support":"Grand format","publisher_availability":1,"stock":0,"editions":[],"url":"https:\/\/quaidesbrumes.com\/ouvrage\/9782343000565\/etudes-de-cosmologie-philosophique"},{"id":"9782296112995","title":"Habermas et la solidarit\u00e9 en Afrique","description":"L'int\u00e9gration des soci\u00e9t\u00e9s complexes rel\u00e8ve, selon Habermas, des ressources que sont l'administration, l'argent et la solidarit\u00e9 dont la d\u00e9mocratie est la matrice politique. Pour Habermas, la solidarit\u00e9 ne peut se concevoir que dans une institution r\u00e9publicaine o\u00f9 les citoyens raisonnent selon le principe \u00e9thique de l'universalisation des normes en relation \u00e9troite avec leurs mondes v\u00e9cus. Cette r\u00e9flexion permettra-t-elle de satisfaire, en ce qui concerne les Etats post-coloniaux africains, les demandes de solidarit\u00e9 active ?\r","authors":["Yao-Edmond Kouassi"],"category_codes":["9000000","9080000","9080200","9080204"],"visuals":{"large":"https:\/\/images.epagine.fr\/995\/9782296112995_1_75.jpg","medium":"https:\/\/images.epagine.fr\/995\/9782296112995_1_m.jpg","thumbnail":"https:\/\/images.epagine.fr\/995\/9782296112995_1_v.jpg"},"orderable":true,"show_badge":true,"formatted_price":"21,50&nbsp;\u20ac","formatted_published_date":"24 f\u00e9vrier 2010","publisher_availability_label":"Sur commande","short_details":"Yao-Edmond Kouassi \u2014 \u00c9ditions L'Harmattan","translator":null,"weight":280,"page_count":null,"readership":null,"editor":"\u00c9ditions L'Harmattan","price":2150,"published_date":"2010-02-23T23:00:00.000000Z","support":"Grand format","publisher_availability":1,"stock":0,"editions":[],"url":"https:\/\/quaidesbrumes.com\/ouvrage\/9782296112995\/habermas-et-la-solidarite-en-afrique"},{"id":"9782918600015","title":"Le philosophe et la na\u00efade","description":"Forman voulait redevenir un ange; toi mon ange fais de moi un \u00eatre semblable \u00e0 toi. Pourquoi ne pas rehausser son Karma. La fange ou l'ange cela n'\u00e9tait pas tenable. H\u00e9raclite et le mouvant c'\u00e9tait pas mal. Esope et ses fables animalesques ne le captivaient pas. Les \u00e9tudes c'est tellement purificateur; la beaut\u00e9 de la philosophie, sa structure cisel\u00e9e avec soin. Tout \u00e7a pour que l'homme retrouve son caract\u00e8re rationnel et que le savoir, la sagesse p\u00e9n\u00e8trent en lui comme un homme une femme, comme la pluie la terre.\r","authors":["Etienne Damas"],"category_codes":["9000000","9080000","9080200","9080204"],"visuals":{"large":"https:\/\/quaidesbrumes.com\/img\/book-placeholder.png","medium":"https:\/\/quaidesbrumes.com\/img\/book-placeholder.png","thumbnail":"https:\/\/quaidesbrumes.com\/img\/book-placeholder.png"},"orderable":true,"show_badge":true,"formatted_price":"20,00&nbsp;\u20ac","formatted_published_date":"15 ao\u00fbt 2009","publisher_availability_label":"Sur commande","short_details":"Etienne Damas \u2014 Julien Mazet","translator":null,"weight":170,"page_count":null,"readership":null,"editor":"Julien Mazet","price":2000,"published_date":"2009-08-14T22:00:00.000000Z","support":"Grand format","publisher_availability":1,"stock":0,"editions":[],"url":"https:\/\/quaidesbrumes.com\/ouvrage\/9782918600015\/le-philosophe-et-la-naiade"},{"id":"9782846812788","title":"L'homme musical ; la notation en mots dans l'oeuvre de Schumann","description":"La musique est une op\u00e9ration de transformation de l'auditeur en un homme musical. \u00c0 partir d'une analyse philosophique des indications en mots dans les partitions de Schumann, l'auteur essaie de faire le portrait de cet homme, et de montrer en quoi il diff\u00e8re radicalement de nous : la musique est pour l'auditeur un lieu privil\u00e9gi\u00e9 d'exp\u00e9rimentation d'un nouveau rapport \u00e0 soi. On le dit depuis longtemps : elle n'est pas d'abord une affaire de musiciens, une affaire esth\u00e9tique, mais une affaire m\u00e9taphysique et morale. En quoi la morale et la politique sont-elles finalement engag\u00e9es dans l'audition d'une oeuvre et dans l'\u00e9mergence de cet homme-l\u00e0 ?\r","authors":["Thomas Dommange"],"category_codes":["9000000","9080000","9080200","9080204"],"visuals":{"large":"https:\/\/images.epagine.fr\/788\/9782846812788_1_75.jpg","medium":"https:\/\/images.epagine.fr\/788\/9782846812788_1_m.jpg","thumbnail":"https:\/\/images.epagine.fr\/788\/9782846812788_1_v.jpg"},"orderable":true,"show_badge":true,"formatted_price":"23,00&nbsp;\u20ac","formatted_published_date":"12 avril 2010","publisher_availability_label":"Sur commande","short_details":"Thomas Dommange \u2014 \u00c9ditions Les Solitaires Intempestifs","translator":null,"weight":200,"page_count":320,"readership":null,"editor":"\u00c9ditions Les Solitaires Intempestifs","price":2300,"published_date":"2010-04-11T22:00:00.000000Z","support":"Grand format","publisher_availability":1,"stock":0,"editions":[],"url":"https:\/\/quaidesbrumes.com\/ouvrage\/9782846812788\/lhomme-musical-la-notation-en-mots-dans-loeuvre-de-schumann"},{"id":"9782296120204","title":"Homme imaginaire ; essai sur l'imagination","description":"Cr\u00e9er des formes et des images est la fonction de l'imaginaire.\r\nElle donne \u00e0 l'individu la conscience de lui-m\u00eame, de ce qui l'environne et la libert\u00e9 de penser : celle en particulier d'imaginer des formes autres d'existence sociale ou individuelle. Par l'imagination, l'homme parvient \u00e0 prendre ses distances par rapport \u00e0 ce qu'il est, \u00e0 se lib\u00e9rer du monde objectif. Elle rend possible le langage, c'est pourquoi elle est tenue pour subversive, parce qu'elle est la r\u00e9f\u00e9rence ultime avant les mots et les id\u00e9es.\r\nElle suscite en nous un int\u00e9r\u00eat pour le futur en m\u00eame temps qu'elle conf\u00e8re une apparence de r\u00e9alit\u00e9 et de pr\u00e9sence \u00e0 ce qui demeure absent du domaine spatial et temporel. L'image se caract\u00e9rise par l'imm\u00e9diatet\u00e9 qui la distingue de la norme temporelle existentielle et conditionne notre exp\u00e9rience de l'espace et du temps. Par les mythes et les l\u00e9gendes elle organise le temps et en all\u00e8ge la fuite. Elle r\u00e9pond au d\u00e9sir de l'image du but convoit\u00e9.\r\nDans la vision magique du monde, l'homme se retranche de la pr\u00e9sence imm\u00e9diate des choses et b\u00e2tit son propre royaume gr\u00e2ce auquel il appr\u00e9hende le futur. Le mot et l'image sont les deux moyens qu'a l'\u00eatre humain de traiter un non-pr\u00e9sent comme un pr\u00e9sent et de placer devant lui un objet d\u00e9sir\u00e9. Le mythe, produit de l'imagination, est une humanisation de la nature, une recherche du temps perdu, un effort de r\u00e9conciliation avec un temps adouci qui transmue la mort en aventure paradisiaque.\r","authors":["Jean Piwnica"],"category_codes":["9000000","9080000","9080200","9080204"],"visuals":{"large":"https:\/\/images.epagine.fr\/204\/9782296120204_1_75.jpg","medium":"https:\/\/images.epagine.fr\/204\/9782296120204_1_m.jpg","thumbnail":"https:\/\/images.epagine.fr\/204\/9782296120204_1_v.jpg"},"orderable":true,"show_badge":true,"formatted_price":"12,00&nbsp;\u20ac","formatted_published_date":"5 juillet 2010","publisher_availability_label":"Sur commande","short_details":"Jean Piwnica \u2014 \u00c9ditions L'Harmattan","translator":null,"weight":135,"page_count":103,"readership":null,"editor":"\u00c9ditions L'Harmattan","price":1200,"published_date":"2010-07-04T22:00:00.000000Z","support":"Grand format","publisher_availability":1,"stock":0,"editions":[],"url":"https:\/\/quaidesbrumes.com\/ouvrage\/9782296120204\/homme-imaginaire-essai-sur-limagination"},{"id":"9782747583343","title":"Transcendance et finitude ; la synth\u00e8se transcendantale dans la critique de la raison pure de Kant","description":"\"Transcendance et finitude peut sembler d'abord inviter \u00e0 un choix. Les deux chemins de pens\u00e9e \u00e9voqu\u00e9s sont en effet divergents, le premier appelant au d\u00e9passement de chaque niveau atteint, tandis que le second parle de limites de comp\u00e9tences, et on pourrait penser que c'est lui qui va \u00eatre retenu, puisque le sous-titre annonce qu'il va s'agir de la \"synth\u00e8se transcendantale dans la Critique de la raison pure de Kant\". [...] Il ne s'agit pas de choix, mais de deux composantes dont la divergence m\u00eame est requise pour une juste intelligence du transcendantal kantien\". F.Marty (Pr\u00e9face)\r","authors":["Giovanni pietro Basile"],"category_codes":["9000000","9080000","9080200","9080204"],"visuals":{"large":"https:\/\/images.epagine.fr\/343\/9782747583343_1_75.jpg","medium":"https:\/\/images.epagine.fr\/343\/9782747583343_1_m.jpg","thumbnail":"https:\/\/images.epagine.fr\/343\/9782747583343_1_v.jpg"},"orderable":true,"show_badge":true,"formatted_price":"19,50&nbsp;\u20ac","formatted_published_date":"2 mai 2005","publisher_availability_label":"Sur commande","short_details":"Giovanni pietro Basile \u2014 \u00c9ditions L'Harmattan","translator":null,"weight":235,"page_count":210,"readership":null,"editor":"\u00c9ditions L'Harmattan","price":1950,"published_date":"2005-05-01T22:00:00.000000Z","support":"Grand format","publisher_availability":1,"stock":0,"editions":[],"url":"https:\/\/quaidesbrumes.com\/ouvrage\/9782747583343\/transcendance-et-finitude-la-synthese-transcendantale-dans-la-critique-de-la-raison-pure-de-kant"},{"id":"9782296065888","title":"La le\u00e7on des t\u00e9n\u00e8bres ; conte philosophique","description":"Conte philosophique plus que roman de science-fiction, ce texte raconte l'histoire de Moderna, une plan\u00e8te inconnue appartenant \u00e0 une galaxie inconnue, Tenebrarium. Un \u00eatre \u00e9trange, Vertueux le Modernien, rend visite au navigateur solitaire d'un voilier, avec la mission de lui conter l'histoire de Moderna, que les Anthropiens n'ont pas su pr\u00e9server, pour \u00e9viter que la Plan\u00e8te Bleue, notre Terre, subisse un sort identique \u00e0 celui de Moderna.\r","authors":["Jean-pierre C\u00f4mes"],"category_codes":["9000000","9080000","9080200","9080204"],"visuals":{"large":"https:\/\/images.epagine.fr\/888\/9782296065888_1_75.jpg","medium":"https:\/\/images.epagine.fr\/888\/9782296065888_1_m.jpg","thumbnail":"https:\/\/images.epagine.fr\/888\/9782296065888_1_v.jpg"},"orderable":true,"show_badge":true,"formatted_price":"23,00&nbsp;\u20ac","formatted_published_date":"9 octobre 2008","publisher_availability_label":"Sur commande","short_details":"Jean-pierre C\u00f4mes \u2014 \u00c9ditions L'Harmattan","translator":null,"weight":330,"page_count":238,"readership":null,"editor":"\u00c9ditions L'Harmattan","price":2300,"published_date":"2008-10-08T22:00:00.000000Z","support":"Grand format","publisher_availability":1,"stock":0,"editions":[],"url":"https:\/\/quaidesbrumes.com\/ouvrage\/9782296065888\/la-lecon-des-tenebres-conte-philosophique"},{"id":"9782329610993","title":"Du sentiment consid\u00e9r\u00e9 dans ses rapports avec la litt\u00e9rature et les arts","description":"Du sentiment consid\u00e9r\u00e9 dans ses rapports avec la litt\u00e9rature et les arts , par P. S. Ballanche fils\r\nDate de l'\u00e9dition originale : 1801\r\nLe pr\u00e9sent ouvrage s'inscrit dans une politique de conservation patrimoniale des ouvrages de la litt\u00e9rature Fran\u00e7aise mise en place avec la BNF. \r\nHACHETTE LIVRE et la BNF proposent ainsi un catalogue de titres indisponibles, la BNF ayant num\u00e9ris\u00e9 ces oeuvres et HACHETTE LIVRE les imprimant \u00e0 la demande. \r\nCertains de ces ouvrages refl\u00e8tent des courants de pens\u00e9e caract\u00e9ristiques de leur \u00e9poque, mais qui seraient aujourd'hui jug\u00e9s condamnables. \r\nIls n'en appartiennent pas moins \u00e0 l'histoire des id\u00e9es en France et sont susceptibles de pr\u00e9senter un int\u00e9r\u00eat scientifique ou historique. \r\nLe sens de notre d\u00e9marche \u00e9ditoriale consiste ainsi \u00e0 permettre l'acc\u00e8s \u00e0 ces oeuvres sans pour autant que nous en cautionnions en aucune fa\u00e7on le contenu. \r\nPour plus d'informations, rendez-vous sur www.hachettebnf.fr","authors":["Pierre-simon Ballanche"],"category_codes":["9000000","9080000"],"visuals":{"large":"https:\/\/quaidesbrumes.com\/img\/book-placeholder.png","medium":"https:\/\/quaidesbrumes.com\/img\/book-placeholder.png","thumbnail":"https:\/\/quaidesbrumes.com\/img\/book-placeholder.png"},"orderable":true,"show_badge":true,"formatted_price":"25,50&nbsp;\u20ac","formatted_published_date":"1er avril 2021","publisher_availability_label":"Sur commande","short_details":"Pierre-simon Ballanche \u2014 Hachette BNF","translator":null,"weight":498,"page_count":374,"readership":null,"editor":"Hachette BNF","price":2550,"published_date":"2021-03-31T22:00:00.000000Z","support":"Grand format","publisher_availability":1,"stock":0,"editions":[],"url":"https:\/\/quaidesbrumes.com\/ouvrage\/9782329610993\/du-sentiment-considere-dans-ses-rapports-avec-la-litterature-et-les-arts"},{"id":"9782705683054","title":"Montaigne, philosophe m\u00e9diterran\u00e9en","description":"Dans les Essais, tout se tient sous le signe de la relativit\u00e9, de la prudence et d'une philosophie m\u00e9diterran\u00e9enne de l'art de vivre. Montaigne se comporte en quelque sorte comme la M\u00e9diterran\u00e9e elle-m\u00eame : il applique la th\u00e9orie du brassage, de l'union, de la pluralit\u00e9 des rencontres, du croisement des civilisations. \r\nUn autre regard sur Montaigne ? L'auteur essaie de le donner, en sachant que ce grand philosophe pense \u00ab toujours ailleurs \u00bb, et qu'il ne se laissera jamais enfermer dans un syst\u00e8me pr\u00e9cis.","authors":["Giovanni Dotoli"],"category_codes":["9000000","9080000","9080200","9080205"],"visuals":{"large":"https:\/\/images.epagine.fr\/054\/9782705683054_1_75.jpg","medium":"https:\/\/images.epagine.fr\/054\/9782705683054_1_m.jpg","thumbnail":"https:\/\/images.epagine.fr\/054\/9782705683054_1_v.jpg"},"orderable":true,"show_badge":true,"formatted_price":"53,99&nbsp;\u20ac","formatted_published_date":"9 juillet 2012","publisher_availability_label":"Sur commande","short_details":"Giovanni Dotoli \u2014 Hermann","translator":null,"weight":385,"page_count":638,"readership":null,"editor":"Hermann","price":5399,"published_date":"2012-07-08T22:00:00.000000Z","support":"Grand format","publisher_availability":1,"stock":0,"editions":[],"url":"https:\/\/quaidesbrumes.com\/ouvrage\/9782705683054\/montaigne-philosophe-mediterraneen"},{"id":"9782705683115","title":"Soci\u00e9t\u00e9s et mentalit\u00e9s ; la science historique de Marc Bloch","description":"C\u00e9l\u00e9br\u00e9 comme l'un des plus grands historiens du XXe si\u00e8cle, Marc Bloch n'a gu\u00e8re \u00e9t\u00e9 lu par les philosophes. Son oeuvre est pourtant porteuse d'une vision in\u00e9dite de l'histoire, aujourd'hui encore \u00e9clairante pour la philosophie comme pour les sciences humaines. Dans le sillage de la sociologie durkheimienne, Bloch fonde la science historique sur l'observation directe et la comparaison, plut\u00f4t que sur l'interpr\u00e9tation d'un pass\u00e9 inaccessible. Le principe de synth\u00e8se de la connaissance historique est chez lui proprement social, et non psychologique ou g\u00e9ographique, comme chez l'autre fondateur des Annales, Lucien Febvre. Mais si, des Rois Thaumaturges \u00e0 La Soci\u00e9t\u00e9 F\u00e9odale, Bloch assume l'ambition proprement explicative des sciences sociales, il reconna\u00eet que la mati\u00e8re historique ne se laisse pas compl\u00e8tement ordonner. L'histoire blochienne s'attache \u00e0 ce qui r\u00e9siste \u00e0 la compr\u00e9hension synth\u00e9tique du pass\u00e9, aux d\u00e9calages temporels et id\u00e9ologiques qui r\u00e9v\u00e8lent les limites de toute structuration symbolique. Elle d\u00e9joue par l\u00e0 l'opposition st\u00e9rile entre structures et historicit\u00e9. Elle peut aussi introduire des \u00e9carts dans les r\u00e9cits continus de la m\u00e9moire, tout en r\u00e9activant la force historique des id\u00e9aux politiques qui habitent les soci\u00e9t\u00e9s modernes.","authors":["Florence Hulak"],"category_codes":["9000000","9080000","9080200","9080204"],"visuals":{"large":"https:\/\/images.epagine.fr\/115\/9782705683115_1_75.jpg","medium":"https:\/\/images.epagine.fr\/115\/9782705683115_1_m.jpg","thumbnail":"https:\/\/images.epagine.fr\/115\/9782705683115_1_v.jpg"},"orderable":true,"show_badge":true,"formatted_price":"36,00&nbsp;\u20ac","formatted_published_date":"16 mai 2012","publisher_availability_label":"Sur commande","short_details":"Florence Hulak \u2014 Hermann","translator":null,"weight":570,"page_count":351,"readership":null,"editor":"Hermann","price":3600,"published_date":"2012-05-15T22:00:00.000000Z","support":"Grand format","publisher_availability":1,"stock":0,"editions":[],"url":"https:\/\/quaidesbrumes.com\/ouvrage\/9782705683115\/societes-et-mentalites-la-science-historique-de-marc-bloch"},{"id":"9782296552746","title":"La pl\u00e9nitude du logos dans le registre de la vie ; la m\u00e9taphysique dans les nouvelles lumi\u00e8res","description":"Dans cet ouvrage, Anna-Teresa Tymieniecka m\u00e8ne une recherche ph\u00e9nom\u00e9nologique nouvelle qui remplace l'acte cognitif-constitutif comme point de d\u00e9part de l'acte cr\u00e9ateur, qui situe la recherche philosophique dans la complexit\u00e9 de l'\u00eatre humain.  Elle suit l'acte cr\u00e9ateur humain \u00e0 travers toutes les phases de la ph\u00e9nom\u00e9nologie husserlienne pour inaugurer une derni\u00e8re phase du logos ph\u00e9nom\u00e9nologique. Elle ose introduire son propre panorama m\u00e9taphysique et lancer de nouvelles Lumi\u00e8res pour l'humanit\u00e9.\r","authors":["Anna-teresa Tymieniecka"],"category_codes":["9000000","9080000","9080200","9080204"],"visuals":{"large":"https:\/\/images.epagine.fr\/746\/9782296552746_1_75.jpg","medium":"https:\/\/images.epagine.fr\/746\/9782296552746_1_m.jpg","thumbnail":"https:\/\/images.epagine.fr\/746\/9782296552746_1_v.jpg"},"orderable":true,"show_badge":true,"formatted_price":"26,00&nbsp;\u20ac","formatted_published_date":"4 ao\u00fbt 2011","publisher_availability_label":"Sur commande","short_details":"Anna-teresa Tymieniecka \u2014 \u00c9ditions L'Harmattan","translator":null,"weight":432,"page_count":263,"readership":null,"editor":"\u00c9ditions L'Harmattan","price":2600,"published_date":"2011-08-03T22:00:00.000000Z","support":"Grand format","publisher_availability":1,"stock":0,"editions":[],"url":"https:\/\/quaidesbrumes.com\/ouvrage\/9782296552746\/la-plenitude-du-logos-dans-le-registre-de-la-vie-la-metaphysique-dans-les-nouvelles-lumieres"},{"id":"9782357480810","title":"Oeuvres compl\u00e8tes Tome 1 (\u00e9dition de 1841)","description":"Si elle pr\u00e9c\u00e8de de quelques d\u00e9cennies les travaux fondateurs de Simone Debout, qui d\u00e9couvrit le texte du Nouveau Monde amoureux, la pr\u00e9sente \u00e9dition des \u00e9crits de Fourier permet d'appr\u00e9hender dans son unit\u00e9 et dans sa complexit\u00e9 la pens\u00e9e de celui que Marx et Engels consid\u00e9raient comme le grand repr\u00e9sentant du socialisme critico-utopique.","authors":["Charles Fourier"],"category_codes":["9000000","9080000","9080200","9080204"],"visuals":{"large":"https:\/\/images.epagine.fr\/810\/9782357480810_1_75.jpg","medium":"https:\/\/images.epagine.fr\/810\/9782357480810_1_m.jpg","thumbnail":"https:\/\/images.epagine.fr\/810\/9782357480810_1_v.jpg"},"orderable":true,"show_badge":true,"formatted_price":"45,00&nbsp;\u20ac","formatted_published_date":"5 janvier 2012","publisher_availability_label":"Sur commande","short_details":"Charles Fourier \u2014 Kareline","translator":null,"weight":705,"page_count":484,"readership":null,"editor":"Kareline","price":4500,"published_date":"2012-01-04T23:00:00.000000Z","support":"Grand format","publisher_availability":1,"stock":0,"editions":[],"url":"https:\/\/quaidesbrumes.com\/ouvrage\/9782357480810\/oeuvres-completes-tome-1-edition-de-1841"},{"id":"9782296113701","title":"Suite de l'admonition fraternelle \u00e0 Maresius","description":"Ce texte, traduit pour la premi\u00e8re fois en fran\u00e7ais, constitue une remarquable source de renseignements sur l'itin\u00e9raire du grand penseur tch\u00e8que, Jan Amos Comenius, et sur son r\u00f4le dans les \u00e9changes intellectuels de l'\u00e9lite sociale, politique de l'Europe du XVIIe si\u00e8cle. Appartenant \u00e0 une Eglise r\u00e9form\u00e9e, en dehors de sa m\u00e9thode innovatrice d'apprentissage des langues, il proposera les bases d'une sagesse universelle, la \"pansophie\".\r","authors":["Jan amos Comenius","Claire Le Brun-Gouanvic"],"category_codes":["9000000","9080000","9080200","9080204"],"visuals":{"large":"https:\/\/images.epagine.fr\/701\/9782296113701_1_75.jpg","medium":"https:\/\/images.epagine.fr\/701\/9782296113701_1_m.jpg","thumbnail":"https:\/\/images.epagine.fr\/701\/9782296113701_1_v.jpg"},"orderable":true,"show_badge":true,"formatted_price":"27,50&nbsp;\u20ac","formatted_published_date":"15 f\u00e9vrier 2010","publisher_availability_label":"Sur commande","short_details":"Jan amos Comenius, Claire Le Brun-Gouanvic \u2014 \u00c9ditions L'Harmattan","translator":"CLAIRE LE BRUN-GOUANVIC","weight":435,"page_count":288,"readership":null,"editor":"\u00c9ditions L'Harmattan","price":2750,"published_date":"2010-02-14T23:00:00.000000Z","support":"Grand format","publisher_availability":1,"stock":0,"editions":[],"url":"https:\/\/quaidesbrumes.com\/ouvrage\/9782296113701\/suite-de-ladmonition-fraternelle-a-maresius"}]}