{"data":[{"id":"9782813000712","title":"Histoire de la fi\u00e8vre jaune","description":"Parce que Fran\u00e7ois Delaporte apartient \u00e0 cette vari\u00e9t\u00e9 d'historiens des sciences qui ne font pas profession de d\u00e9crier l'\u00e9pist\u00e9mologie, il a su d\u00e9m\u00ealer \u00e9quitablement ce qui revient \u00e0 chacun des protagonistes de cette longue investigation en \u00e9pid\u00e9miologie, Manson, Finlay, Reed, Ross. Il a su ne plus confondre un pr\u00e9curseur et un fondateur, un mot et un concept, un transport et un cycle de transmission. Il a su d\u00e9c\u00e9ler, dans cette laborieuse et parfois mesquine controverse, un acquis important pour la biologie, \u00e0 savoir la \"compl\u00e8te red\u00e9finition des alliances entre les viviants\". Alliances parfois mortelles, comme dans les soci\u00e9t\u00e9s humaines. II est bien vrai qu'en \u00e9lucidant le mode de diffusion de la fi\u00e8vre jaune on a modifi\u00e9 la figure de la Mort. Sur la carte de la Terre on sait d\u00e9limiter les lieux ou la mort a des ailes.","authors":["Fran\u00e7ois Delaporte"],"category_codes":["9000000","9080000","9080200","9080204"],"visuals":{"large":"https:\/\/images.epagine.fr\/712\/9782813000712_1_75.jpg","medium":"https:\/\/images.epagine.fr\/712\/9782813000712_1_m.jpg","thumbnail":"https:\/\/images.epagine.fr\/712\/9782813000712_1_v.jpg"},"orderable":true,"show_badge":true,"formatted_price":"21,01&nbsp;\u20ac","formatted_published_date":"13 septembre 2011","publisher_availability_label":"Sur commande","short_details":"Fran\u00e7ois Delaporte \u2014 ARCHIVES CONTEMPORAINES","translator":null,"weight":225,"page_count":182,"readership":null,"editor":"ARCHIVES CONTEMPORAINES","price":2101,"published_date":"2011-09-12T22:00:00.000000Z","support":"Grand format","publisher_availability":1,"stock":0,"editions":[],"url":"https:\/\/quaidesbrumes.com\/ouvrage\/9782813000712\/histoire-de-la-fievre-jaune"},{"id":"9782841372775","title":"La science dans le monde de la vie","description":"\u00c0 l'heure o\u00f9 les sciences de la nature font alliance avec les sciences humaines pour d\u00e9passer les clivages traditionnels o\u00f9 elles se sont enferm\u00e9es depuis Galil\u00e9e, il importe de restituer \u00e0 la philosophie la libert\u00e9 de r\u00e9fl \u00e9chir sur les sciences, \u00e0 l'\u00e9cart de certaines normes qu'elles pr\u00e9supposent comme allant de soi. Cette libert\u00e9 trouve son meilleur emploi dans un concept in\u00e9dit, le \u00ab monde de la vie \u00bb, dont la richesse propre est ignor\u00e9e tant qu'on l'identifi e au \u00ab sens commun \u00bb ou au \u00ab monde naturel \u00bb. Il s'agit d'une pens\u00e9e fondamentale sur le monde dont il est toujours question, dans la science aussi bien que dans toutes les formes d'exp\u00e9rience, sans qu'il ait jamais \u00e9t\u00e9 interrog\u00e9 pour son propre compte.\r\nPens\u00e9e fondamentale qui refuse cependant de jouer le r\u00f4le d'un fondement ultime, et qui invite plut\u00f4t \u00e0 approfondir le sens de notre relation au monde d\u00e9sormais m\u00e9diatis\u00e9e par la science.","authors":["Pierre Kersberg"],"category_codes":["9000000","9080000","9080200","9080204"],"visuals":{"large":"https:\/\/images.epagine.fr\/775\/9782841372775_1_75.jpg","medium":"https:\/\/images.epagine.fr\/775\/9782841372775_1_m.jpg","thumbnail":"https:\/\/images.epagine.fr\/775\/9782841372775_1_v.jpg"},"orderable":true,"show_badge":true,"formatted_price":"30,00&nbsp;\u20ac","formatted_published_date":"16 mai 2012","publisher_availability_label":"Sur commande","short_details":"Pierre Kersberg \u2014 MILLON","translator":null,"weight":504,"page_count":300,"readership":null,"editor":"MILLON","price":3000,"published_date":"2012-05-15T22:00:00.000000Z","support":"Grand format","publisher_availability":1,"stock":0,"editions":[],"url":"https:\/\/quaidesbrumes.com\/ouvrage\/9782841372775\/la-science-dans-le-monde-de-la-vie"},{"id":"9782011902108","title":"Les aventures de karl brunner docteur en theologie par lord claudius hastings cumbermere","description":"Les aventures de Karl Brunner, docteur en th\u00e9ologie, par lord Claudius Hastings Cumbermere \/ Alfred Assollant Date de l'\u00e9dition originale : 1861 Ce livre est la reproduction fid\u00e8le d une uvre publi\u00e9e avant 1920 et fait partie d une collection de livres r\u00e9imprim\u00e9s \u00e0 la demande \u00e9dit\u00e9e par Hachette Livre, dans le cadre d un partenariat avec la Biblioth\u00e8que nationale de France, offrant l opportunit\u00e9 d acc\u00e9der \u00e0 des ouvrages anciens et souvent rares issus des fonds patrimoniaux de la BnF.\r\nLes uvres faisant partie de cette collection ont \u00e9t\u00e9 num\u00e9ris\u00e9es par la BnF et sont pr\u00e9sentes sur Gallica, sa biblioth\u00e8que num\u00e9rique.\r\n\r\nEn entreprenant de redonner vie \u00e0 ces ouvrages au travers d une collection de livres r\u00e9imprim\u00e9s \u00e0 la demande, nous leur donnons la possibilit\u00e9 de rencontrer un public \u00e9largi et participons \u00e0 la transmission de connaissances et de savoirs parfois difficilement accessibles.\r\nNous avons cherch\u00e9 \u00e0 concilier la reproduction fid\u00e8le d un livre ancien \u00e0 partir de sa version num\u00e9ris\u00e9e avec le souci d un confort de lecture optimal. Nous esp\u00e9rons que les ouvrages de cette nouvelle collection vous apporteront enti\u00e8re satisfaction.\r\n\r\nPour plus d informations, rendez-vous sur www.hachettebnf.fr","authors":["Alfred Assollant"],"category_codes":["9000000","9080000"],"visuals":{"large":"https:\/\/images.epagine.fr\/108\/9782011902108_1_75.jpg","medium":"https:\/\/images.epagine.fr\/108\/9782011902108_1_m.jpg","thumbnail":"https:\/\/images.epagine.fr\/108\/9782011902108_1_v.jpg"},"orderable":true,"show_badge":true,"formatted_price":"24,50&nbsp;\u20ac","formatted_published_date":"1er ao\u00fbt 2015","publisher_availability_label":"Sur commande","short_details":"Alfred Assollant \u2014 Hachette BNF","translator":null,"weight":503,"page_count":null,"readership":null,"editor":"Hachette BNF","price":2450,"published_date":"2015-07-31T22:00:00.000000Z","support":"Grand format","publisher_availability":1,"stock":0,"editions":[],"url":"https:\/\/quaidesbrumes.com\/ouvrage\/9782011902108\/les-aventures-de-karl-brunner-docteur-en-theologie-par-lord-claudius-hastings-cumbermere"},{"id":"9782813000705","title":"Le second r\u00e8gne de la nature ; essai sur les questions de v\u00e9g\u00e9talit\u00e9 au XVIII si\u00e8cle","description":"Il est certain que la connaissance des structures et des fonctions v\u00e9g\u00e9tales doit aux botanistes du XVllle si\u00e8cle des impulsions d\u00e9cisives. Toutes les histoires de la botanique le r\u00e9p\u00e8tent. Mais, pour la plupart, elles sont bien \u00e9loign\u00e9es de s'interroger sur les raisons et circonstances de l'invention par les naturistes de leurs tactiques ou de leur m\u00e9thodes. Pour ce faire, il faut s'int\u00e9resser, dans l'histoire d'une science, moins \u00e0 ses r\u00e9sultats, c\u00e9l\u00e9br\u00e9s comme des victoires, qu'\u00e0 la fa\u00e7on dont les probl\u00e8mes, m\u00eame non r\u00e9solus, ont \u00e9t\u00e9 pos\u00e9s. II faut consid\u00e9rer la science comme une entreprise laborieuse de lecture des ph\u00e9nom\u00e8nes, dont les hypoth\u00e8ses sont la grille. La gen\u00e8se des hypoth\u00e8ses doit donc \u00eatre privil\u00e9gi\u00e9e par rapport au recensement des observations. L'int\u00e9r\u00eat du pr\u00e9sent travail de Fran\u00e7ois Delaporte r\u00e9side d'abord dans la mise \u00e0 l'\u00e9preuve de certains conceptes \u00e9pist\u00e9mologiques, comme ceux d'analogie et de mod\u00e8le, pour mesurer en quelque sorte la f\u00e9condit\u00e9 ou la st\u00e9rilit\u00e9 de telle ou telle d\u00e9cision heuristique. Mais ce travail vise, perspicacement, au-del\u00e0. Analogies ou mod\u00e8les ne se pr\u00e9sentent pas d'eux-m\u00eame. Ils sont choisis. Et l'inspiration de leur choix rend sensible la pr\u00e9sence latente de valeurs paradigmatiques, des sch\u00e8mes d'aperception collectifs, caract\u00e9ristiques d'un espace-temps culturel d\u00e9termin\u00e9.","authors":["Fran\u00e7ois Delaporte"],"category_codes":["9000000","9080000","9080200","9080204"],"visuals":{"large":"https:\/\/images.epagine.fr\/705\/9782813000705_1_75.jpg","medium":"https:\/\/images.epagine.fr\/705\/9782813000705_1_m.jpg","thumbnail":"https:\/\/images.epagine.fr\/705\/9782813000705_1_v.jpg"},"orderable":true,"show_badge":true,"formatted_price":"25,00&nbsp;\u20ac","formatted_published_date":"13 septembre 2011","publisher_availability_label":"Sur commande","short_details":"Fran\u00e7ois Delaporte \u2014 ARCHIVES CONTEMPORAINES","translator":null,"weight":311,"page_count":240,"readership":null,"editor":"ARCHIVES CONTEMPORAINES","price":2500,"published_date":"2011-09-12T22:00:00.000000Z","support":"Grand format","publisher_availability":1,"stock":0,"editions":[],"url":"https:\/\/quaidesbrumes.com\/ouvrage\/9782813000705\/le-second-regne-de-la-nature-essai-sur-les-questions-de-vegetalite-au-xviii-siecle"},{"id":"9782019552008","title":"La palingenesie philosophique, idees sur l'etat passe et sur l'etat futur des etres vivans.tome 2","description":"La paling\u00e9n\u00e9sie philosophique, ou Id\u00e9es sur l'\u00e9tat pass\u00e9 et sur l'\u00e9tat futur des \u00eatres vivans. Tome 2 \/ .Ouvrage destin\u00e9 \u00e0 servir de suppl\u00e9ment aux derniers \u00e9crits de l'auteur et qui contient principalement le pr\u00e9cis de ses recherches sur le christianisme. Par C. Bonnet,...\r\nDate de l'\u00e9dition originale : 1770 Sujet de l'ouvrage : \u00c9ternel retour Ce livre est la reproduction fid\u00e8le d'une oeuvre publi\u00e9e avant 1920 et fait partie d'une collection de livres r\u00e9imprim\u00e9s \u00e0 la demande \u00e9dit\u00e9e par Hachette Livre, dans le cadre d'un partenariat avec la Biblioth\u00e8que nationale de France, offrant l'opportunit\u00e9 d'acc\u00e9der \u00e0 des ouvrages anciens et souvent rares issus des fonds patrimoniaux de la BnF.\r\nLes oeuvres faisant partie de cette collection ont \u00e9t\u00e9 num\u00e9ris\u00e9es par la BnF et sont pr\u00e9sentes sur Gallica, sa biblioth\u00e8que num\u00e9rique.\r\n\r\nEn entreprenant de redonner vie \u00e0 ces ouvrages au travers d'une collection de livres r\u00e9imprim\u00e9s \u00e0 la demande, nous leur donnons la possibilit\u00e9 de rencontrer un public \u00e9largi et participons \u00e0 la transmission de connaissances et de savoirs parfois difficilement accessibles.\r\nNous avons cherch\u00e9 \u00e0 concilier la reproduction fid\u00e8le d'un livre ancien \u00e0 partir de sa version num\u00e9ris\u00e9e avec le souci d'un confort de lecture optimal. Nous esp\u00e9rons que les ouvrages de cette nouvelle collection vous apporteront enti\u00e8re satisfaction.\r\n\r\nPour plus d'informations, rendez-vous sur www.hachettebnf.fr","authors":["Charles Bonnet"],"category_codes":["9000000","9080000","9080600"],"visuals":{"large":"https:\/\/images.epagine.fr\/008\/9782019552008_1_75.jpg","medium":"https:\/\/images.epagine.fr\/008\/9782019552008_1_m.jpg","thumbnail":"https:\/\/images.epagine.fr\/008\/9782019552008_1_v.jpg"},"orderable":true,"show_badge":true,"formatted_price":"29,00&nbsp;\u20ac","formatted_published_date":"1er octobre 2016","publisher_availability_label":"Sur commande","short_details":"Charles Bonnet \u2014 Hachette BNF","translator":null,"weight":652,"page_count":null,"readership":null,"editor":"Hachette BNF","price":2900,"published_date":"2016-09-30T22:00:00.000000Z","support":"Grand format","publisher_availability":1,"stock":0,"editions":[],"url":"https:\/\/quaidesbrumes.com\/ouvrage\/9782019552008\/la-palingenesie-philosophique-idees-sur-letat-passe-et-sur-letat-futur-des-etres-vivanstome-2"},{"id":"9782909781266","title":"L'\u00e9cole... chemin de la mati\u00e8re","description":null,"authors":["Collectif"],"category_codes":["9000000","9080000","9080200","9080204"],"visuals":{"large":"https:\/\/quaidesbrumes.com\/img\/book-placeholder.png","medium":"https:\/\/quaidesbrumes.com\/img\/book-placeholder.png","thumbnail":"https:\/\/quaidesbrumes.com\/img\/book-placeholder.png"},"orderable":true,"show_badge":true,"formatted_price":"14,94&nbsp;\u20ac","formatted_published_date":"29 ao\u00fbt 2005","publisher_availability_label":"Sur commande","short_details":"Collectif \u2014 Cosmogone","translator":null,"weight":0,"page_count":null,"readership":null,"editor":"Cosmogone","price":1494,"published_date":"2005-08-28T22:00:00.000000Z","support":"Grand format","publisher_availability":1,"stock":0,"editions":[],"url":"https:\/\/quaidesbrumes.com\/ouvrage\/9782909781266\/lecole-chemin-de-la-matiere"},{"id":"9782343051635","title":"Le jeu de la vie ; m\u00e9ditations","description":"Vie et jeu. cela pour dire \u00e0 peu pr\u00e8s que vivre, c'est jouer, et que jouer, c'est vivre. Reste en suspens la question de savoir s'il y a un joueur qui se divertit. Vivre : la seule chose qui compte, drame, r\u00eave, jeu ? On peut penser ce que l'on veut, ou, avec Pyrrhon, m\u00e2llon ! (pas plus ceci que cela). Il vaut la peine de se risquer \u00e0 vivre, de miser sur la vie, de jouer sa vie.","authors":["Paul Khoury"],"category_codes":["9000000","9080000","9080200","9080204"],"visuals":{"large":"https:\/\/images.epagine.fr\/635\/9782343051635_1_75.jpg","medium":"https:\/\/images.epagine.fr\/635\/9782343051635_1_m.jpg","thumbnail":"https:\/\/images.epagine.fr\/635\/9782343051635_1_v.jpg"},"orderable":true,"show_badge":true,"formatted_price":"16,00&nbsp;\u20ac","formatted_published_date":"16 d\u00e9cembre 2014","publisher_availability_label":"Sur commande","short_details":"Paul Khoury \u2014 \u00c9ditions L'Harmattan","translator":null,"weight":215,"page_count":134,"readership":null,"editor":"\u00c9ditions L'Harmattan","price":1600,"published_date":"2014-12-15T23:00:00.000000Z","support":"Grand format","publisher_availability":1,"stock":0,"editions":[],"url":"https:\/\/quaidesbrumes.com\/ouvrage\/9782343051635\/le-jeu-de-la-vie-meditations"},{"id":"9782847430301","title":"Husserl, Leroi-Gourhan et la pr\u00e9histoire","description":"D'optique philosophique, cet ouvrage est une mise en perspective de deux auteurs que tout semble s\u00e9parer : Edmund Husserl, p\u00e8re d'une ph\u00e9nom\u00e9nologie transcendantale de la conscience, et Andr\u00e9 Leroi-Gourhan, ethnologue et pr\u00e9historien. Une fois op\u00e9r\u00e9es les mises au point m\u00e9thodologiques de rigueur, un dialogue s'\u00e9tablit entre Husserl et Leroi-Gourhan autour des \" objets de la pr\u00e9histoire \" : ossements, cailloux taill\u00e9s, traces d'ocre, de feu, d'habitats, objets grav\u00e9s ou peints. Proc\u00e9dant par \" zigzags \", de la ph\u00e9nom\u00e9nologie \u00e0 la pr\u00e9histoire et inversement, B\u00e9n\u00e9dicte de Villers entend se tenir au plus pr\u00e8s de la mat\u00e9rialit\u00e9 de ces objets pr\u00e9historiques et les d\u00e9crire. En m\u00eame temps, ceux-ci s'av\u00e8rent les seuls indices de subjectivit\u00e9s humaines d'autrefois et de leurs cultures. L'ambivalence des objets de la pr\u00e9histoire constitue donc aussi toute leur richesse. L'\" ontologie  pr\u00e9historique \" qui se construit dans ces pages, \u00e0 la crois\u00e9e des perspectives ph\u00e9nom\u00e9nologiques et pr\u00e9historiques, vise ainsi \u00e0 poser d'une fa\u00e7on originale la question de la \" diff\u00e9rence anthropologique \" et des origines de l'homme.","authors":["B\u00e9n\u00e9dicte de Villers"],"category_codes":["9000000","9080000","9080200","9080204"],"visuals":{"large":"https:\/\/images.epagine.fr\/301\/9782847430301_1_75.jpg","medium":"https:\/\/images.epagine.fr\/301\/9782847430301_1_m.jpg","thumbnail":"https:\/\/images.epagine.fr\/301\/9782847430301_1_v.jpg"},"orderable":true,"show_badge":true,"formatted_price":"22,00&nbsp;\u20ac","formatted_published_date":"10 mars 2010","publisher_availability_label":"Sur commande","short_details":"B\u00e9n\u00e9dicte de Villers \u2014 Petra","translator":null,"weight":330,"page_count":255,"readership":null,"editor":"Petra","price":2200,"published_date":"2010-03-09T23:00:00.000000Z","support":"Grand format","publisher_availability":1,"stock":0,"editions":[],"url":"https:\/\/quaidesbrumes.com\/ouvrage\/9782847430301\/husserl-leroi-gourhan-et-la-prehistoire"},{"id":"9782253129370","title":"Petite philosophie pour ceux qui veulent atteindre le sommet de la montagne ; 365 pens\u00e9es pour offrir un sens nouveau \u00e0 sa vie","description":"Pour chaque jour de l'ann\u00e9e, des conseils spirituels et des m\u00e9ditations sur l'\u00e9panouissement personnel, la r\u00e9alisation de soi, la r\u00e9ussite priv\u00e9e et professionnelle, et la prise en compte de son potentiel et de ses aptitudes, pour vivre en accord avec soi.","authors":["Catherine Rambert"],"category_codes":["9000000","9080000","9080200","9080204"],"visuals":{"large":"https:\/\/images.epagine.fr\/370\/9782253129370_1_75.jpg","medium":"https:\/\/images.epagine.fr\/370\/9782253129370_1_m.jpg","thumbnail":"https:\/\/images.epagine.fr\/370\/9782253129370_1_v.jpg"},"orderable":true,"show_badge":true,"formatted_price":"9,20&nbsp;\u20ac","formatted_published_date":"18 janvier 2012","publisher_availability_label":"Sur commande","short_details":"Catherine Rambert \u2014 Le Livre de Poche","translator":null,"weight":282,"page_count":401,"readership":null,"editor":"Le Livre de Poche","price":920,"published_date":"2012-01-17T23:00:00.000000Z","support":"Poche","publisher_availability":1,"stock":0,"editions":[],"url":"https:\/\/quaidesbrumes.com\/ouvrage\/9782253129370\/petite-philosophie-pour-ceux-qui-veulent-atteindre-le-sommet-de-la-montagne-365-pensees-pour-offrir-un-sens-nouveau-a-sa-vie"},{"id":"9782343090252","title":"Le paradoxe du pardon chez Paul Ricoeur, de la gratuit\u00e9 \u00e0 la gratitude","description":"\"Ce livre r\u00e9affirme deux r\u00e9alit\u00e9s essentielles en ce qui concerne le pardon : d'une part, la difficult\u00e9 intrins\u00e8que \u00e0 l'acte de pardonner en tant qu'il fait parfois face \u00e0 un mal profond, d'autre part, la conviction que le pardon est toujours possible quel que soit le temps qu'il peut prendre. C'est ce que l'auteur consid\u00e8re comme paradoxal au regard de la polarit\u00e9 qui caract\u00e9rise le pardon, \u00e0 la fois banal et profond, difficile mais possible. Et la certitude qui se d\u00e9gage de cette analyse est doublement int\u00e9ressante : pardonner ou se pardonner est toujours un processus dont la r\u00e9ussite d\u00e9pend de facteurs aussi divers que complexes qu'il convient de comprendre.\"","authors":["Patrick Mbawa Dekuzu ya Behan"],"category_codes":["9000000","9080000","9080700"],"visuals":{"large":"https:\/\/images.epagine.fr\/252\/9782343090252_1_75.jpg","medium":"https:\/\/images.epagine.fr\/252\/9782343090252_1_m.jpg","thumbnail":"https:\/\/images.epagine.fr\/252\/9782343090252_1_v.jpg"},"orderable":true,"show_badge":true,"formatted_price":"15,00&nbsp;\u20ac","formatted_published_date":"30 mars 2016","publisher_availability_label":"Sur commande","short_details":"Patrick Mbawa Dekuzu ya Behan \u2014 \u00c9ditions L'Harmattan","translator":null,"weight":165,"page_count":128,"readership":null,"editor":"\u00c9ditions L'Harmattan","price":1500,"published_date":"2016-03-29T22:00:00.000000Z","support":"Grand format","publisher_availability":1,"stock":0,"editions":[],"url":"https:\/\/quaidesbrumes.com\/ouvrage\/9782343090252\/le-paradoxe-du-pardon-chez-paul-ricoeur-de-la-gratuite-a-la-gratitude"},{"id":"9782970010982","title":"R\u00e9flexions \u00e0 br\u00fble-pourpoint sur ma philosophie","description":null,"authors":["Martine Libertino"],"category_codes":["9000000","9080000","9080200","9080204"],"visuals":{"large":"https:\/\/quaidesbrumes.com\/img\/book-placeholder.png","medium":"https:\/\/quaidesbrumes.com\/img\/book-placeholder.png","thumbnail":"https:\/\/quaidesbrumes.com\/img\/book-placeholder.png"},"orderable":true,"show_badge":true,"formatted_price":"22,00&nbsp;\u20ac","formatted_published_date":"8 mars 2008","publisher_availability_label":"Sur commande","short_details":"Martine Libertino \u2014 Duchamps","translator":null,"weight":214,"page_count":null,"readership":null,"editor":"Duchamps","price":2200,"published_date":"2008-03-07T23:00:00.000000Z","support":"Grand format","publisher_availability":1,"stock":0,"editions":[],"url":"https:\/\/quaidesbrumes.com\/ouvrage\/9782970010982\/reflexions-a-brule-pourpoint-sur-ma-philosophie"},{"id":"9782970010999","title":"Sauver notre soci\u00e9t\u00e9 ; utopie ou r\u00e9alit\u00e9","description":null,"authors":["Martine Libertino"],"category_codes":["9000000","9080000","9080200","9080204"],"visuals":{"large":"https:\/\/quaidesbrumes.com\/img\/book-placeholder.png","medium":"https:\/\/quaidesbrumes.com\/img\/book-placeholder.png","thumbnail":"https:\/\/quaidesbrumes.com\/img\/book-placeholder.png"},"orderable":true,"show_badge":true,"formatted_price":"22,00&nbsp;\u20ac","formatted_published_date":"21 avril 2009","publisher_availability_label":"Sur commande","short_details":"Martine Libertino \u2014 Duchamps","translator":null,"weight":320,"page_count":null,"readership":"Tout public","editor":"Duchamps","price":2200,"published_date":"2009-04-20T22:00:00.000000Z","support":"Grand format","publisher_availability":1,"stock":0,"editions":[],"url":"https:\/\/quaidesbrumes.com\/ouvrage\/9782970010999\/sauver-notre-societe-utopie-ou-realite"},{"id":"9782845342439","title":"Sentences de solitaire","description":"Sentences de solitaires poursuit le jeu entam\u00e9 dans les pr\u00e9c\u00e9dents ouvrages de Toulouse-la-Rose publi\u00e9s en nos \u00e9ditions, Du singe au songe (2007), Pens\u00e9es, donc (2008) et Libres pens\u00e9es, (2008) : des aphorismes tremp\u00e9s \u00e0 l'acier du bon sens, de la politique, de la culture, qui r\u00e9v\u00e8lent le sordide des id\u00e9es trop largement partag\u00e9es.\r\nEntre un \u00ab dictionnaire des id\u00e9es re\u00e7ues \u00bb et les loufoqueries d'un humoriste. Toujours bref et furieux.","authors":["Toulouse-la-rose"],"category_codes":["9000000","9080000","9080200","9080204"],"visuals":{"large":"https:\/\/images.epagine.fr\/439\/9782845342439_1_75.jpg","medium":"https:\/\/images.epagine.fr\/439\/9782845342439_1_m.jpg","thumbnail":"https:\/\/images.epagine.fr\/439\/9782845342439_1_v.jpg"},"orderable":true,"show_badge":true,"formatted_price":"4,00&nbsp;\u20ac","formatted_published_date":"14 novembre 2014","publisher_availability_label":"Sur commande","short_details":"Toulouse-la-rose \u2014 SENS ET TONKA","translator":null,"weight":40,"page_count":28,"readership":null,"editor":"SENS ET TONKA","price":400,"published_date":"2014-11-13T23:00:00.000000Z","support":"Grand format","publisher_availability":1,"stock":0,"editions":[],"url":"https:\/\/quaidesbrumes.com\/ouvrage\/9782845342439\/sentences-de-solitaire"},{"id":"9782013539852","title":"La philosophie tome 11","description":"La Philosophie divis\u00e9e en toutes ses parties, \u00e9tablie sur des principes \u00e9vidents et expliqu\u00e9e en tables et par discours... par Jaques Du Roure. - La Philosophie de Jaques Du Roure. Tome II, contenant la physique. - La Philosophie de Jaques Du Roure. Tome III, contenant la morale des \u00e9coles et la morale d\u00e9montr\u00e9e Date de l'\u00e9dition originale : 1654 Ce livre est la reproduction fid\u00e8le d'une oeuvre publi\u00e9e avant 1920 et fait partie d'une collection de livres r\u00e9imprim\u00e9s \u00e0 la demande \u00e9dit\u00e9e par Hachette Livre, dans le cadre d'un partenariat avec la Biblioth\u00e8que nationale de France, offrant l'opportunit\u00e9 d'acc\u00e9der \u00e0 des ouvrages anciens et souvent rares issus des fonds patrimoniaux de la BnF.\r\nLes oeuvres faisant partie de cette collection ont \u00e9t\u00e9 num\u00e9ris\u00e9es par la BnF et sont pr\u00e9sentes sur Gallica, sa biblioth\u00e8que num\u00e9rique.\r\n\r\nEn entreprenant de redonner vie \u00e0 ces ouvrages au travers d'une collection de livres r\u00e9imprim\u00e9s \u00e0 la demande, nous leur donnons la possibilit\u00e9 de rencontrer un public \u00e9largi et participons \u00e0 la transmission de connaissances et de savoirs parfois difficilement accessibles.\r\nNous avons cherch\u00e9 \u00e0 concilier la reproduction fid\u00e8le d'un livre ancien \u00e0 partir de sa version num\u00e9ris\u00e9e avec le souci d'un confort de lecture optimal. Nous esp\u00e9rons que les ouvrages de cette nouvelle collection vous apporteront enti\u00e8re satisfaction.\r\n\r\nPour plus d'informations, rendez-vous sur www.hachettebnf.fr","authors":["Du Roure"],"category_codes":["9000000","9080000","9080500"],"visuals":{"large":"https:\/\/images.epagine.fr\/852\/9782013539852_1_75.jpg","medium":"https:\/\/images.epagine.fr\/852\/9782013539852_1_m.jpg","thumbnail":"https:\/\/images.epagine.fr\/852\/9782013539852_1_v.jpg"},"orderable":true,"show_badge":true,"formatted_price":"33,00&nbsp;\u20ac","formatted_published_date":"1er d\u00e9cembre 2016","publisher_availability_label":"Sur commande","short_details":"Du Roure \u2014 Hachette BNF","translator":null,"weight":784,"page_count":null,"readership":null,"editor":"Hachette BNF","price":3300,"published_date":"2016-11-30T23:00:00.000000Z","support":"Grand format","publisher_availability":1,"stock":0,"editions":[],"url":"https:\/\/quaidesbrumes.com\/ouvrage\/9782013539852\/la-philosophie-tome-11"},{"id":"9782296136977","title":"Pierre Teilhard de Chardin et la connaissance scientifique du monde","description":"A travers l'\u00e9tude de l'oeuvre philosophique de Pierre Teilhard de Chardin  (Orcines [France], 1881 - New York, 1955),  j\u00e9suite et penseur de vaste culture, cet ouvrage approfondit l'articulation entre l'homme et la nature dans la dynamique du d\u00e9veloppement humain int\u00e9gral et durable. Le parcours intellectuel de ce chercheur adopte un double plan, biologique et psychique, sous la direction de la loi de complexit\u00e9-conscience. Son souci majeur est de construire la terre par et pour l'homme en l'accomplissant en Dieu.","authors":["Antoine Manzanzal ieko ko momay"],"category_codes":["9000000","9080000","9080200","9080204"],"visuals":{"large":"https:\/\/images.epagine.fr\/977\/9782296136977_1_75.jpg","medium":"https:\/\/images.epagine.fr\/977\/9782296136977_1_m.jpg","thumbnail":"https:\/\/images.epagine.fr\/977\/9782296136977_1_v.jpg"},"orderable":true,"show_badge":true,"formatted_price":"34,00&nbsp;\u20ac","formatted_published_date":"30 mars 2011","publisher_availability_label":"Sur commande","short_details":"Antoine Manzanzal ieko ko momay \u2014 \u00c9ditions L'Harmattan","translator":null,"weight":350,"page_count":312,"readership":null,"editor":"\u00c9ditions L'Harmattan","price":3400,"published_date":"2011-03-29T22:00:00.000000Z","support":"Grand format","publisher_availability":1,"stock":0,"editions":[],"url":"https:\/\/quaidesbrumes.com\/ouvrage\/9782296136977\/pierre-teilhard-de-chardin-et-la-connaissance-scientifique-du-monde"},{"id":"9782296967519","title":"De femme \u00e0 homme ; sur l'actuel f\u00e9minin ; r\u00e9cits et correspondance avec Pierre-Marie Hasse","description":"\"J'\u00e9crivais \u00e0 Pierre-Marie Hasse seulement quand j'avais quelque chose \u00e0 partager avec lui : une observation, une r\u00e9flexion, une joie, une col\u00e8re, une lecture. A vrai dire, c'est plut\u00f4t ma distance du f\u00e9minin qui m'a pouss\u00e9e \u00e0 \u00e9crire ces lettres. Je ne suis pas une f\u00e9ministe. Ni une activiste. Ni une passionn\u00e9e des questions de femme\"...","authors":["Nadine Abou zaki"],"category_codes":["9000000","9080000","9080200","9080204"],"visuals":{"large":"https:\/\/images.epagine.fr\/519\/9782296967519_1_75.jpg","medium":"https:\/\/images.epagine.fr\/519\/9782296967519_1_m.jpg","thumbnail":"https:\/\/images.epagine.fr\/519\/9782296967519_1_v.jpg"},"orderable":true,"show_badge":true,"formatted_price":"24,50&nbsp;\u20ac","formatted_published_date":"16 mai 2012","publisher_availability_label":"Sur commande","short_details":"Nadine Abou zaki \u2014 \u00c9ditions L'Harmattan","translator":null,"weight":295,"page_count":226,"readership":null,"editor":"\u00c9ditions L'Harmattan","price":2450,"published_date":"2012-05-15T22:00:00.000000Z","support":"Grand format","publisher_availability":1,"stock":0,"editions":[],"url":"https:\/\/quaidesbrumes.com\/ouvrage\/9782296967519\/de-femme-a-homme-sur-lactuel-feminin-recits-et-correspondance-avec-pierre-marie-hasse"},{"id":"9782296553552","title":"Ricoeur vs. Freud ; m\u00e9tamorphose d'une nouvelle compr\u00e9hension de l'homme","description":"La recherche philosophique de Paul Ricoeur peut \u00eatre lue comme une philosophie de l'homme. L'auteur retrace, \u00e0 partir de cette id\u00e9e, les \u00e9tapes principales de la pens\u00e9e du philosophe en montrant comment la conception de Freud, et la psychanalyse, ont \u00e9t\u00e9 d\u00e9terminantes dans la conception d'une vision de l'homme qui, en contraste avec le freudisme, offre aujourd'hui encore une importante contribution dans le domaine de la philosophie et aussi afin de repenser la philosophie herm\u00e9neutique.","authors":["Vinicio Busacchi"],"category_codes":["9000000","9080000","9080200","9080204"],"visuals":{"large":"https:\/\/images.epagine.fr\/552\/9782296553552_1_75.jpg","medium":"https:\/\/images.epagine.fr\/552\/9782296553552_1_m.jpg","thumbnail":"https:\/\/images.epagine.fr\/552\/9782296553552_1_v.jpg"},"orderable":true,"show_badge":true,"formatted_price":"12,00&nbsp;\u20ac","formatted_published_date":"22 juillet 2011","publisher_availability_label":"Sur commande","short_details":"Vinicio Busacchi \u2014 \u00c9ditions L'Harmattan","translator":null,"weight":130,"page_count":91,"readership":null,"editor":"\u00c9ditions L'Harmattan","price":1200,"published_date":"2011-07-21T22:00:00.000000Z","support":"Grand format","publisher_availability":1,"stock":0,"editions":[],"url":"https:\/\/quaidesbrumes.com\/ouvrage\/9782296553552\/ricoeur-vs-freud-metamorphose-dune-nouvelle-comprehension-de-lhomme"},{"id":"9782841372799","title":"Michel foucault, lire l'oeuvre","description":"Le livre fait entrer en dialogue avec l\u0081foeuvre du philosophe des auteurs de dio erents horizons, essayant de mieux comprendre ce que chacun doit a Foucault, ce que son oeuvre a rendu possible et les eo ets qu\u0081felle continue a produire dans des champs et des contextes culturels dio erents.\r\nLe voeu de ce livre ne se voulait pas une ceremonie du souvenir, ni une reunion du cercle des interpretes autorise ou se donnant comme tels, soucieux de rea\u20ac rmer un droit de peremption sur l\u0081foeuvre. Il s\u0081fagissait seulement de lire l\u0081foeuvre , la lire au plus pres , a plusieurs voix, comme une oeuvre veritable merite de l\u0081fetre, avec exigence, sans complaisance, en se donnant la liberte d\u0081fy circuler, de discuter, mettre en doute, chaque lecteur procedant a sa maniere, emporte par l\u0081felan de son propre voyage.","authors":["Collectif"],"category_codes":["9000000","9080000","9080200","9080204"],"visuals":{"large":"https:\/\/images.epagine.fr\/799\/9782841372799_1_75.jpg","medium":"https:\/\/images.epagine.fr\/799\/9782841372799_1_m.jpg","thumbnail":"https:\/\/images.epagine.fr\/799\/9782841372799_1_v.jpg"},"orderable":true,"show_badge":true,"formatted_price":"19,00&nbsp;\u20ac","formatted_published_date":"16 mai 2012","publisher_availability_label":"Sur commande","short_details":"Collectif \u2014 MILLON","translator":null,"weight":305,"page_count":236,"readership":null,"editor":"MILLON","price":1900,"published_date":"2012-05-15T22:00:00.000000Z","support":"Grand format","publisher_availability":1,"stock":0,"editions":[],"url":"https:\/\/quaidesbrumes.com\/ouvrage\/9782841372799\/michel-foucault-lire-loeuvre"},{"id":"9782296553569","title":"La m\u00e9moire et l'id\u00e9e de temps","description":"\"La gen\u00e8se de l'id\u00e9e de temps\" est un ouvrage posthume publi\u00e9 par Fouill\u00e9e en 1890 qui r\u00e9unit deux articles dans lesquels ont \u00e9t\u00e9 ins\u00e9r\u00e9s de nombreux ajouts. La question essentielle est de savoir qui en est l'auteur, car des \u00e9chos de Bergson sont perceptibles dans ce \"petit livre\": on soup\u00e7onnera Fouill\u00e9 d'en avoir \u00e9crit certains chapitres. C'est l'avis partag\u00e9 aussi bien par Jank\u00e9l\u00e9vitch, mais cette hypoth\u00e8se est \u00e0 rejeter car ces ajouts sont des notes r\u00e9dig\u00e9es par Guyau lui-m\u00eame.","authors":["Jean-marie Guyau"],"category_codes":["9000000","9080000","9080200","9080204"],"visuals":{"large":"https:\/\/images.epagine.fr\/569\/9782296553569_1_75.jpg","medium":"https:\/\/images.epagine.fr\/569\/9782296553569_1_m.jpg","thumbnail":"https:\/\/images.epagine.fr\/569\/9782296553569_1_v.jpg"},"orderable":true,"show_badge":true,"formatted_price":"17,50&nbsp;\u20ac","formatted_published_date":"26 juillet 2011","publisher_availability_label":"Sur commande","short_details":"Jean-marie Guyau \u2014 \u00c9ditions L'Harmattan","translator":null,"weight":210,"page_count":161,"readership":null,"editor":"\u00c9ditions L'Harmattan","price":1750,"published_date":"2011-07-25T22:00:00.000000Z","support":"Grand format","publisher_availability":1,"stock":0,"editions":[],"url":"https:\/\/quaidesbrumes.com\/ouvrage\/9782296553569\/la-memoire-et-lidee-de-temps"},{"id":"9791041954872","title":"R\u00e9flexions sur les grands Hommes qui sont morts en plaisantant","description":"Il est difficile de d\u00e9terminer au juste le go\u00fbt qui r\u00e8gne aujourd'hui dans le monde. Quelque bizarre qu'il soit, un Auteur est oblig\u00e9 de s'y conformer, quand il veut plaire au Public. On est d\u00e9j\u00e0 las des Livres \u00e9crits dans le style de Monsieur de la Rochechefoucault, ou de Monsieur de la Bruy\u00e8re ; je veux dire, de ceux qui ne contiennent que des maximes d\u00e9tach\u00e9es ou des r\u00e9flexions morales. Les Ouvrages de galanterie, & en g\u00e9n\u00e9ral toutes les Histoires qui ont l'air de Roman, n'ont plus de cours ; on commence \u00e0 pr\u00e9f\u00e9rer la V\u00e9rit\u00e9 aux vraisemblances les plus flatteuses & les plus agr\u00e9ables.\r\nJe sais que l'\u00e9tude de la Philosophie est maintenant fort \u00e0 la mode. Tous ceux qui combattent nos pr\u00e9jug\u00e9s, ou qui \u00e9claircissent une mati\u00e8re abstraite, sont bien re\u00e7us, du moins par les Lecteurs intelligents Les plus beaux efforts de l'esprit humain sont ceux qui tendent \u00e0 perfectionner notre Raison. Pour moi, je me suis senti trop faible \u00e0 la vue d'un travail si consid\u00e9rable, & j'ai t\u00e2ch\u00e9 de m\u00e9riter par une autre voie l'approbation du Monde savant. On ne d\u00e9daigne pas aujourd'hui un heureux m\u00e9lange d'\u00e9rudition & de critique, pourvu que ce m\u00e9lange soit \u00e9galement \u00e9loign\u00e9 de l'aridit\u00e9 des Compilateurs, & de l'affectation du P\u00e9dantisme. Voil\u00e0 le milieu que j'ai cru devoir tenir, pour donner \u00e0 cet Ouvrage un air d'\u00e9l\u00e9gance & de vivacit\u00e9. On trouvera ici des endroits qui para\u00eetront peut-\u00eatre charg\u00e9s d'un trop grand nombre de citations : j'avoue que c'est un mal, mais un mal in\u00e9vitable m\u00e9rite d'\u00eatre excus\u00e9. La nature du sujet a voulu que je me servisse du t\u00e9moignage de plusieurs Auteurs anciens & modernes, je leur ai fait parler leur Langue naturelle, quand j'ai cru ne pouvoir conserver en Fran\u00e7ais les gr\u00e2ces & la beaut\u00e9 de l'original. L'Urbanit\u00e9 des Romains & l'Atticisme des Grecs sont des choses qui s'alt\u00e8rent facilement par une traduction : il faut \u00eatre aussi s\u00fbr de son g\u00e9nie que l'\u00e9tait feu Monsieur d'Ablancourt, pour entreprendre de naturaliser les Apophtegmes des Anciens. Comme je n'ai pas travaill\u00e9 \u00e0 ce Livre dans le dessein de toujours badiner, ou de toujours parler s\u00e9rieusement, j'esp\u00e8re qu'on y trouvera une assez grande vari\u00e9t\u00e9. Oserai-je le dire, j'ai affect\u00e9 un certain d\u00e9sordre dans l'arrangement des mati\u00e8res, afin de les rendre plus neuves & plus \u00e9gay\u00e9es. Une r\u00e9gularit\u00e9 trop scrupuleuse d\u00e9plait & ennuie \u00e0 la fin ; mais un peu d'embarras \u00e9tonne l'imagination, & l'invite \u00e0 fixer sa l\u00e9g\u00e8ret\u00e9 naturelle. Il y a des points de vue qu'on ne cherche que pour trouver des objets dont la diversit\u00e9 soit pleine de bizarreries, l'Art m\u00eame vient souvent au secours de la nature, pour augmenter un si agr\u00e9able d\u00e9sordre, & pour le faire mieux sentir.","authors":["Andr\u00e9-fran\u00e7ois Boureau-deslandes"],"category_codes":["1000000","1030000"],"visuals":{"large":"https:\/\/images.epagine.fr\/872\/9791041954872_1_75.jpg","medium":"https:\/\/images.epagine.fr\/872\/9791041954872_1_m.jpg","thumbnail":"https:\/\/images.epagine.fr\/872\/9791041954872_1_v.jpg"},"orderable":true,"show_badge":true,"formatted_price":"14,00&nbsp;\u20ac","formatted_published_date":"26 novembre 2023","publisher_availability_label":"Sur commande","short_details":"Andr\u00e9-fran\u00e7ois Boureau-deslandes \u2014 Shs Editions","translator":null,"weight":207,"page_count":152,"readership":null,"editor":"Shs Editions","price":1400,"published_date":"2023-11-25T23:00:00.000000Z","support":"Grand format","publisher_availability":1,"stock":0,"editions":["9791041948260"],"url":"https:\/\/quaidesbrumes.com\/ouvrage\/9791041954872\/reflexions-sur-les-grands-hommes-qui-sont-morts-en-plaisantant"},{"id":"9782812403743","title":"Des ma\u00eetres philosophes ? La fondation de la p\u00e9dagogie g\u00e9n\u00e9rale par l'Universit\u00e9 allemande","description":"Un ma\u00eetre a-t-il besoin d'une formation philosophique universitaire? Le pr\u00e9sent ouvrage s'attache \u00e0 traiter cette question, toujours d'actualit\u00e9, par un retour \u00e0 ses sources. En se pensant comme rectrice de tous les enseignements sup\u00e9rieurs puis en fondant une p\u00e9dagogie g\u00e9n\u00e9rale, discipline traitant ensemble instruction et \u00e9ducation, la facult\u00e9 de philosophie a su, dans l'Universit\u00e9 allemande de Wolff, Kant ou Herbart, r\u00e9fl\u00e9chir avec pr\u00e9cision \u00e0 la part philosophique de l'identit\u00e9 professorale.","authors":["Jean-fran\u00e7ois Goubet"],"category_codes":["9000000","9080000","9080200","9080204"],"visuals":{"large":"https:\/\/images.epagine.fr\/743\/9782812403743_1_75.jpg","medium":"https:\/\/images.epagine.fr\/743\/9782812403743_1_m.jpg","thumbnail":"https:\/\/images.epagine.fr\/743\/9782812403743_1_v.jpg"},"orderable":true,"show_badge":true,"formatted_price":"48,00&nbsp;\u20ac","formatted_published_date":"15 mars 2012","publisher_availability_label":"Sur commande","short_details":"Jean-fran\u00e7ois Goubet \u2014 CLASSIQUES GARNIER","translator":null,"weight":814,"page_count":565,"readership":null,"editor":"CLASSIQUES GARNIER","price":4800,"published_date":"2012-03-14T23:00:00.000000Z","support":"Grand format","publisher_availability":1,"stock":0,"editions":["9782406156345"],"url":"https:\/\/quaidesbrumes.com\/ouvrage\/9782812403743\/des-maitres-philosophes-la-fondation-de-la-pedagogie-generale-par-luniversite-allemande"},{"id":"9782012521445","title":"Collection of several philosophical","description":"A collection of several philosophical writings of Dr. Henry More ,... as namely, his Antidote against atheism, Appendix to the said Antidote, Enthusiasmus triumphatus\", Letters to Des-Cartes, etc., Immortality of the soul, \"Conjectura cabalistica\". The 2d edition more correct and much enlarged... Date de l'\u00e9dition originale : 1662. Le pr\u00e9sent ouvrage s'inscrit dans une politique de conservation patrimoniale des ouvrages de la litt\u00e9rature Fran\u00e7aise mise en place avec la BNF. HACHETTE LIVRE et la BNF proposent ainsi un catalogue de titres indisponibles, la BNF ayant num\u00e9ris\u00e9 ces oeuvres et HACHETTE LIVRE les imprimant \u00e0 la demande. Certains de ces ouvrages refl\u00e8tent des courants de pens\u00e9e caract\u00e9ristiques de leur \u00e9poque, mais qui seraient aujourd'hui jug\u00e9s condamnables. Ils n'en appartiennent pas moins \u00e0 l'histoire des id\u00e9es en France et sont susceptibles de pr\u00e9senter un int\u00e9r\u00eat scientifique ou historique. Le sens de notre d\u00e9marche \u00e9ditoriale consiste ainsi \u00e0 permettre l'acc\u00e8s \u00e0 ces oeuvres sans pour autant que nous en cautionnions en aucune fa\u00e7on le contenu.\r\nPour plus d'informations, rendez-vous sur www.hachettebnf.fr","authors":["More Henry"],"category_codes":["9000000","9080000"],"visuals":{"large":"https:\/\/images.epagine.fr\/445\/9782012521445_1_75.jpg","medium":"https:\/\/images.epagine.fr\/445\/9782012521445_1_m.jpg","thumbnail":"https:\/\/images.epagine.fr\/445\/9782012521445_1_v.jpg"},"orderable":true,"show_badge":true,"formatted_price":"42,50&nbsp;\u20ac","formatted_published_date":"1er mai 2012","publisher_availability_label":"Sur commande","short_details":"More Henry \u2014 Hachette BNF","translator":null,"weight":1136,"page_count":825,"readership":null,"editor":"Hachette BNF","price":4250,"published_date":"2012-04-30T22:00:00.000000Z","support":"Grand format","publisher_availability":1,"stock":0,"editions":[],"url":"https:\/\/quaidesbrumes.com\/ouvrage\/9782012521445\/collection-of-several-philosophical"},{"id":"9782845342446","title":"L'extase esth\u00e9tique","description":"\u00ab \u00abQuant \u00e0 l'art, il est trop superficiel pour \u00eatre vraiment nul. [...] Comme pour l'anamorphose : il doit y avoir un angle sous lequel toute cette d\u00e9bauche inutile de sexe et de signes prend tout son sens, mais pour l'instant, nous ne pouvons le vivre que dans l'indiff\u00e9rence ironique.\u00bb Cette phrase est extraite de l'article de Jean Baudrillard intitul\u00e9 \u00abLe complot de l'art\u00bb, paru dans le quotidien Lib\u00e9ration du 20 mai 1996. \u00c0 l'\u00e9poque, le propos fut re\u00e7u comme une provocation, un jugement \u00e0 l'emporte-pi\u00e8ce qui faisait de la cr\u00e9ation contemporaine une monnaie de singe et pla\u00e7ait son auteur dans le camp de la r\u00e9action. Il \u00e9tait facile, en effet, de r\u00e9activer le combat historique de la modernit\u00e9 contre l'acad\u00e9misme [...] Sauf que cette posture avait pour principal d\u00e9faut de reprendre un sch\u00e9ma obsol\u00e8te auquel Baudrillard ne se conformait pas, tant sa position ne partageait rien avec les cris d'orfraie qu'\u00e0 la m\u00eame p\u00e9riode un Jean Clair prof\u00e9rait. Nulle volont\u00e9, pour le th\u00e9oricien de la simulation, de pr\u00e9server une grandeur esth\u00e9tique disparue, nul d\u00e9sir de s'en remettre \u00e0 une bienheureuse transcendance de l'oeuvre sous les noms de beaut\u00e9 ou de v\u00e9rit\u00e9. Au contraire, son jugement lapidaire \u00e9tait avant tout une mani\u00e8re d'en finir avec la transgression alors que celle-ci \u00e9tait - depuis plus d'un si\u00e8cle - l'un des moteurs de l'art moderne. \u00bb","authors":["Fabien Danesi"],"category_codes":["9000000","9080000","9080200","9080204"],"visuals":{"large":"https:\/\/images.epagine.fr\/446\/9782845342446_1_75.jpg","medium":"https:\/\/images.epagine.fr\/446\/9782845342446_1_m.jpg","thumbnail":"https:\/\/images.epagine.fr\/446\/9782845342446_1_v.jpg"},"orderable":true,"show_badge":true,"formatted_price":"7,00&nbsp;\u20ac","formatted_published_date":"4 novembre 2014","publisher_availability_label":"Sur commande","short_details":"Fabien Danesi \u2014 SENS ET TONKA","translator":null,"weight":80,"page_count":48,"readership":null,"editor":"SENS ET TONKA","price":700,"published_date":"2014-11-03T23:00:00.000000Z","support":"Grand format","publisher_availability":1,"stock":0,"editions":[],"url":"https:\/\/quaidesbrumes.com\/ouvrage\/9782845342446\/lextase-esthetique"},{"id":"9782296564565","title":"Hypnose et autohypnose (\u00e9dition 2011)","description":"Longtemps rel\u00e9gu\u00e9e au silence par la psychanalyse l'hypnose conna\u00eet aujourd'hui, sous d'autres noms, un renouveau attest\u00e9 par le succ\u00e8s de m\u00e9thodes de relaxation qui en proc\u00e9dent. Mais de tout temps l'\u00e9tat mental o\u00f9 elle s'enracine a inspir\u00e9 la recherche d'exp\u00e9riences lib\u00e9ratrices. C'est le cas des diverses formes de pri\u00e8res ou de la spiritualit\u00e9 propre au qui\u00e9tisme et au zen.","authors":["Michel Larroque"],"category_codes":["9000000","9080000","9080200","9080204"],"visuals":{"large":"https:\/\/images.epagine.fr\/565\/9782296564565_1_75.jpg","medium":"https:\/\/images.epagine.fr\/565\/9782296564565_1_m.jpg","thumbnail":"https:\/\/images.epagine.fr\/565\/9782296564565_1_v.jpg"},"orderable":true,"show_badge":true,"formatted_price":"20,50&nbsp;\u20ac","formatted_published_date":"27 juillet 2011","publisher_availability_label":"Sur commande","short_details":"Michel Larroque \u2014 \u00c9ditions L'Harmattan","translator":null,"weight":259,"page_count":200,"readership":null,"editor":"\u00c9ditions L'Harmattan","price":2050,"published_date":"2011-07-26T22:00:00.000000Z","support":"Grand format","publisher_availability":1,"stock":0,"editions":[],"url":"https:\/\/quaidesbrumes.com\/ouvrage\/9782296564565\/hypnose-et-autohypnose-edition-2011"}]}