{"data":[{"id":"9782296545359","title":"La philosophie claudicante ; humanisme tragique et joie de la finitude","description":"\"Or, malgr\u00e9 la logique born\u00e9e des d\u00e9tracteurs, et m\u00eame sous l'effet de la sid\u00e9ration et du blocage de l'existence dans la col\u00e8re ou dans la douleur qui la submergent, nous ne renon\u00e7ons pas, il nous reste encore \u00e0 agir et \u00e0 dire. Dire l'\u00e9preuve, traduire le tragique de la vie, exprimer l'angoisse de la pens\u00e9e. (...) Faire toujours de son mieux, c'est alerter la m\u00e9moire vive et non pas celle du ressentiment...\". C'est exactement ce qu'\u00e9crivait Abdelaziz Ayadi dans l'Introduction de ce beau livre, juste \u00e0 la veille de la R\u00e9volution tunisienne !\".\r","authors":["Abdelaziz Ayadi"],"category_codes":["9000000","9080000","9080200","9080204"],"visuals":{"large":"https:\/\/images.epagine.fr\/359\/9782296545359_1_75.jpg","medium":"https:\/\/images.epagine.fr\/359\/9782296545359_1_m.jpg","thumbnail":"https:\/\/images.epagine.fr\/359\/9782296545359_1_v.jpg"},"orderable":true,"show_badge":true,"formatted_price":"20,50&nbsp;\u20ac","formatted_published_date":"22 f\u00e9vrier 2011","publisher_availability_label":"Sur commande","short_details":"Abdelaziz Ayadi \u2014 \u00c9ditions L'Harmattan","translator":null,"weight":255,"page_count":198,"readership":null,"editor":"\u00c9ditions L'Harmattan","price":2050,"published_date":"2011-02-21T23:00:00.000000Z","support":"Grand format","publisher_availability":1,"stock":0,"editions":[],"url":"https:\/\/quaidesbrumes.com\/ouvrage\/9782296545359\/la-philosophie-claudicante-humanisme-tragique-et-joie-de-la-finitude"},{"id":"9782343050027","title":"Autrement per\u00e7u des langues ; il y a des idiomes o\u00f9 la nature apparait en premier et d'autres o\u00f9 c'est plut\u00f4t l'homme","description":"Nietzsche postulait, pour l'homme, un pi\u00e8tre m\u00e9lange de naturel et d'humain. O\u00f9 en est-on ? La Nature se mire dans l'oeil de l'homme, l'Homme s'oublie dans l'oeil de la nature. Le trafic d'images est ainsi accept\u00e9. L'auteur ne conteste que l'absolu des affirmations th\u00e9oriques, y introduisant leur relativit\u00e9. qu'est le per\u00e7u des langues.\r","authors":["Boris Lobatchev"],"category_codes":["9000000","9080000","9080200","9080204"],"visuals":{"large":"https:\/\/images.epagine.fr\/027\/9782343050027_1_75.jpg","medium":"https:\/\/images.epagine.fr\/027\/9782343050027_1_m.jpg","thumbnail":"https:\/\/images.epagine.fr\/027\/9782343050027_1_v.jpg"},"orderable":true,"show_badge":true,"formatted_price":"26,50&nbsp;\u20ac","formatted_published_date":"26 mars 2015","publisher_availability_label":"Sur commande","short_details":"Boris Lobatchev \u2014 \u00c9ditions L'Harmattan","translator":null,"weight":310,"page_count":350,"readership":null,"editor":"\u00c9ditions L'Harmattan","price":2650,"published_date":"2015-03-25T23:00:00.000000Z","support":"Grand format","publisher_availability":1,"stock":0,"editions":[],"url":"https:\/\/quaidesbrumes.com\/ouvrage\/9782343050027\/autrement-percu-des-langues-il-y-a-des-idiomes-ou-la-nature-apparait-en-premier-et-dautres-ou-cest-plutot-lhomme"},{"id":"9782296964013","title":"La construction du conservatisme moderne aux Etats-Unis","description":"Quelle est l'influence des r\u00e9seaux \"conservateurs\" et \"n\u00e9oconservateurs\" dans la politique am\u00e9ricaine ? Pourquoi et comment sont-ils parvenus \u00e0 y occuper une place pr\u00e9pond\u00e9rante ? Malgr\u00e9 cette \u00e9tiquette commune, ce conservatisme n'a jamais connu d'unit\u00e9 th\u00e9orique. C'est plut\u00f4t une coalition de groupes disparates (traditionnalistes, libertariens, conservateurs religieux, n\u00e9oconservateurs), promouvant des principes diff\u00e9rents, voire contradictoires.\r","authors":["Bernard Sionneau"],"category_codes":["9000000","9080000","9080200","9080204"],"visuals":{"large":"https:\/\/images.epagine.fr\/013\/9782296964013_1_75.jpg","medium":"https:\/\/images.epagine.fr\/013\/9782296964013_1_m.jpg","thumbnail":"https:\/\/images.epagine.fr\/013\/9782296964013_1_v.jpg"},"orderable":true,"show_badge":true,"formatted_price":"25,00&nbsp;\u20ac","formatted_published_date":"24 mai 2012","publisher_availability_label":"Sur commande","short_details":"Bernard Sionneau \u2014 \u00c9ditions L'Harmattan","translator":null,"weight":290,"page_count":228,"readership":null,"editor":"\u00c9ditions L'Harmattan","price":2500,"published_date":"2012-05-23T22:00:00.000000Z","support":"Grand format","publisher_availability":1,"stock":0,"editions":[],"url":"https:\/\/quaidesbrumes.com\/ouvrage\/9782296964013\/la-construction-du-conservatisme-moderne-aux-etats-unis"},{"id":"9782918527077","title":"R\u00e9volutions nous ! d'un Rimbaud l'autre","description":"Ce livret travaille contre \"l'horrible cercle\" qui nous fait tourner en rond sous la lumi\u00e8re aveuglante du spectacle et du rien. \r\nCette alerte est deleuzienne car elle date d\u00e9j\u00e0 du vingt-et-uni\u00e8me si\u00e8cle. \r\nIl faut, Comme Gilles Deleuze en 1973, dire \"merde \u00e0 tout (le) th\u00e9\u00e2tre mortif\u00e8re, imaginaire ou symbolique\". Il faut demander \"rien d'autre qu'un peu de vraie relation avec le dehors, un peu de r\u00e9alit\u00e9 r\u00e9elle\". Il faut r\u00e9clamer \"le droit d'une l\u00e9g\u00e8ret\u00e9 et d'une incomp\u00e9tence radicales\" et puis annoncer en entrant dans le cercle : \u00e7a sent mauvais chez nous, \"\u00e7a sent la grande mort et le petit moi\".\r","authors":["Alain Jugnon"],"category_codes":["9000000","9080000","9080200","9080204"],"visuals":{"large":"https:\/\/images.epagine.fr\/077\/9782918527077_1_75.jpg","medium":"https:\/\/images.epagine.fr\/077\/9782918527077_1_m.jpg","thumbnail":"https:\/\/images.epagine.fr\/077\/9782918527077_1_v.jpg"},"orderable":true,"show_badge":true,"formatted_price":"4,00&nbsp;\u20ac","formatted_published_date":"22 juin 2011","publisher_availability_label":"Sur commande","short_details":"Alain Jugnon \u2014 D'Ores Et Deja","translator":null,"weight":53,"page_count":null,"readership":null,"editor":"D'Ores Et Deja","price":400,"published_date":"2011-06-21T22:00:00.000000Z","support":"Poche","publisher_availability":1,"stock":0,"editions":[],"url":"https:\/\/quaidesbrumes.com\/ouvrage\/9782918527077\/revolutions-nous-dun-rimbaud-lautre"},{"id":"9782847431223","title":"Philosophies et non-philosophie de la traduction","description":null,"authors":["Rao Sathya"],"category_codes":["9000000","9080000","9080700"],"visuals":{"large":"https:\/\/quaidesbrumes.com\/img\/book-placeholder.png","medium":"https:\/\/quaidesbrumes.com\/img\/book-placeholder.png","thumbnail":"https:\/\/quaidesbrumes.com\/img\/book-placeholder.png"},"orderable":true,"show_badge":true,"formatted_price":"28,00&nbsp;\u20ac","formatted_published_date":"17 ao\u00fbt 2015","publisher_availability_label":"Sur commande","short_details":"Rao Sathya \u2014 Petra","translator":null,"weight":430,"page_count":null,"readership":null,"editor":"Petra","price":2800,"published_date":"2015-08-16T22:00:00.000000Z","support":"Grand format","publisher_availability":1,"stock":0,"editions":[],"url":"https:\/\/quaidesbrumes.com\/ouvrage\/9782847431223\/philosophies-et-non-philosophie-de-la-traduction"},{"id":"9782343046174","title":"La louche, la balance et la pipe ; cancer : l'ab\u00e9c\u00e9daire","description":"M\u00e9decin, oncologue r\u00e9put\u00e9, chercheur, g\u00e9n\u00e9ticien, philosophe, Philippe Vennin a d\u00e9j\u00e0 un cancer lorsqu'il se met \u00e0 \u00e9crire cet Ab\u00e9c\u00e9daire. Cet ouvrage, facile de lecture, o\u00f9 le vocabulaire que nous utilisons au quotidien est le fil conducteur, refl\u00e8te parfaitement les questionnements de l'auteur et sa r\u00e9flexion bas\u00e9e sur la science et la philosophie.\r","authors":["Philippe Vennin"],"category_codes":["9000000","9080000","9080200","9080204"],"visuals":{"large":"https:\/\/images.epagine.fr\/174\/9782343046174_1_75.jpg","medium":"https:\/\/images.epagine.fr\/174\/9782343046174_1_m.jpg","thumbnail":"https:\/\/images.epagine.fr\/174\/9782343046174_1_v.jpg"},"orderable":true,"show_badge":true,"formatted_price":"21,50&nbsp;\u20ac","formatted_published_date":"16 d\u00e9cembre 2014","publisher_availability_label":"Sur commande","short_details":"Philippe Vennin \u2014 \u00c9ditions L'Harmattan","translator":null,"weight":270,"page_count":220,"readership":null,"editor":"\u00c9ditions L'Harmattan","price":2150,"published_date":"2014-12-15T23:00:00.000000Z","support":"Grand format","publisher_availability":1,"stock":0,"editions":[],"url":"https:\/\/quaidesbrumes.com\/ouvrage\/9782343046174\/la-louche-la-balance-et-la-pipe-cancer-labecedaire"},{"id":"9782296995895","title":"Toward the one who is Tome 4 ; chronicle of invitation to life","description":"Toward the One Who Is, the fourth book of interviews that Yvonne Trubert granted to the Book of IVI, the association's newspaper under her name, touches topics such as Health, Water, the Pilgrimage, Inner Peace and Volunteerism. She offers elements of reflection dedicated to the most routine concerns as well as the more subtle questions about the fate of man and his place in the cosmos. Overall, two issues dominate: the power of love and the divine presence.\r","authors":["Yvonne Trubert"],"category_codes":["9000000","9080000","9080200","9080204"],"visuals":{"large":"https:\/\/images.epagine.fr\/895\/9782296995895_1_75.jpg","medium":"https:\/\/images.epagine.fr\/895\/9782296995895_1_m.jpg","thumbnail":"https:\/\/images.epagine.fr\/895\/9782296995895_1_v.jpg"},"orderable":true,"show_badge":true,"formatted_price":"14,50&nbsp;\u20ac","formatted_published_date":"13 juin 2012","publisher_availability_label":"Sur commande","short_details":"Yvonne Trubert \u2014 \u00c9ditions L'Harmattan","translator":null,"weight":165,"page_count":null,"readership":null,"editor":"\u00c9ditions L'Harmattan","price":1450,"published_date":"2012-06-12T22:00:00.000000Z","support":"Grand format","publisher_availability":1,"stock":0,"editions":[],"url":"https:\/\/quaidesbrumes.com\/ouvrage\/9782296995895\/toward-the-one-who-is-tome-4-chronicle-of-invitation-to-life"},{"id":"9782296138605","title":"Du salut au savoir ; la philosophie captive Tome 2","description":"Ce deuxi\u00e8me tome de La Philosophie captive, Du salut au savoir, retrouve la r\u00e9flexion philosophique dans les d\u00e9bats qui naissent de la Renaissance et qui se nourrissent du d\u00e9veloppement des sciences exp\u00e9rimentales, apr\u00e8s la r\u00e9volution galil\u00e9enne et la synth\u00e8se newtonienne. Trois sortes de discours animent les voix de la civilisation occidentale : le discours religieux, le discours philosophique, le discours scientifique. Ces essais voudraient \u00e9clairer les raisons qui, au cours de deux mill\u00e9naires, ont tent\u00e9 de mettre la philosophie sous tutelle.\r","authors":["Jean-paul Charrier"],"category_codes":["9000000","9080000","9080200","9080204"],"visuals":{"large":"https:\/\/images.epagine.fr\/605\/9782296138605_1_75.jpg","medium":"https:\/\/images.epagine.fr\/605\/9782296138605_1_m.jpg","thumbnail":"https:\/\/images.epagine.fr\/605\/9782296138605_1_v.jpg"},"orderable":true,"show_badge":true,"formatted_price":"30,00&nbsp;\u20ac","formatted_published_date":"21 f\u00e9vrier 2011","publisher_availability_label":"Sur commande","short_details":"Jean-paul Charrier \u2014 \u00c9ditions L'Harmattan","translator":null,"weight":468,"page_count":284,"readership":null,"editor":"\u00c9ditions L'Harmattan","price":3000,"published_date":"2011-02-20T23:00:00.000000Z","support":"Grand format","publisher_availability":1,"stock":0,"editions":[],"url":"https:\/\/quaidesbrumes.com\/ouvrage\/9782296138605\/du-salut-au-savoir-la-philosophie-captive-tome-2"},{"id":"9782204094047","title":"La philosophie comme exercice du vertige","description":"Et si la meilleure mani\u00e8re de se d\u00e9couvrir philosophe \u00e9tait de se sentir interpell\u00e9 par les interrogations de la vie ? La vie quand elle nous bouscule et bouleverse, quand elle nous fait basculer dans d'impr\u00e9visibles vertiges... N'avons-nous pas \u00e9t\u00e9 un jour saisi de plein fouet par l'\u00e9trange sentiment du vertige ? Vertige d'exister, vertige du doute, vertige de vivre, vertige d'aimer, vertige du d\u00e9sir, de la beaut\u00e9, de la libert\u00e9, mais aussi vertige du mal, de l'angoisse, du temps, de la mort... Pourquoi le vertige ? Le vertige est toujours li\u00e9 \u00e0 la question du pourquoi, mais c'est un pourquoi qui nous jette en bordure d'ab\u00eeme. Nous perdons pied devant d'impossibles r\u00e9ponses. Ce n'est pas seulement la raison qui bascule. C'est nous-m\u00eame, c'est notre vie. Et si c'\u00e9tait l\u00e0 notre condition m\u00eame ? Ne sommes-nous pas des \u00eatres finis, \u00e9ph\u00e9m\u00e8res, contingents et mortels ? Qu'y a-t-il donc derri\u00e8re nos vertiges ? Peut-on en dire les lieux, en d\u00e9limiter les contours, essayer d'en explorer les voies ? Le vertige est propos\u00e9 ici comme un lieu d'\u00e9veil et comme l'exercice d'un travail sur soi : salutaire arrachement au confort, aux conventions, aux habitudes acquises. Mais aussi ouverture aux manifestations insoup\u00e7onn\u00e9es de la vie, appel \u00e0 l'invention de soi, aux remodelages de nos choix. Exp\u00e9riences que nous souhaitons propices \u00e0 d'\u00e9tonnantes d\u00e9couvertes. Elles peuvent conduire \u00e0 la lumi\u00e8re d'un autre regard sur soi. -- What if the best way to reveal the philosopher within ourselves were to feel concerned by the questions life poses? When life upsets and disturbs us, when it thrusts us into unforeseen spirals... Haven't we all, one day, been suddenly overtaken by a strange feeling of vertigo? The vertigo of existence, of doubt, of living, of loving, of desiring, of beauty, of freedom ; but also the vertigo of evil, anguish, time, death... Why do we feel vertigo? It is always linked to the question 'Why?'; a why that takes us to the edge of the precipice. We are lost when an answer cannot be found. It's not only our reason that topples over. It is ourselves, our lives. Could this be our true condition? Are we not finite beings, ephemeral, contingent and mortal? So what lies behind the vertigo? Can we determine its situation, its contours, try to explore its ways? This experience of vertigo is presented here as a place of awakening and an exercise of self-development: a salutary removal of comfort, conventions and programmed habits. But it is also an opening onto unsuspected manifestations of life, a call to invent the self, to remodel our choices. We would like this experience to be the occasion of amazing discoveries that lead into the light and a new look at oneself.","authors":["Fran\u00c7ois Gachoud"],"category_codes":["9000000","9080000","9080200","9080204"],"visuals":{"large":"https:\/\/images.epagine.fr\/047\/9782204094047_1_75.jpg","medium":"https:\/\/images.epagine.fr\/047\/9782204094047_1_m.jpg","thumbnail":"https:\/\/images.epagine.fr\/047\/9782204094047_1_v.jpg"},"orderable":true,"show_badge":true,"formatted_price":"18,00&nbsp;\u20ac","formatted_published_date":"24 f\u00e9vrier 2011","publisher_availability_label":"Sur commande","short_details":"Fran\u00c7ois Gachoud \u2014 Les \u00e9ditions du Cerf","translator":null,"weight":209,"page_count":150,"readership":null,"editor":"Les \u00e9ditions du Cerf","price":1800,"published_date":"2011-02-23T23:00:00.000000Z","support":"Grand format","publisher_availability":1,"stock":0,"editions":[],"url":"https:\/\/quaidesbrumes.com\/ouvrage\/9782204094047\/la-philosophie-comme-exercice-du-vertige"},{"id":"9782296127203","title":"Fichte, philosophe du \"non-moi\" ; faut-il croire en l'existence d'un monde ext\u00e9rieur ?","description":"Que voit-on en ouvrant un ouvrage de Fichte ? De bien curieux \u00e9nonc\u00e9s, \u00e9nigmatiques, abstraits et apparemment tr\u00e8s r\u00e9p\u00e9titifs.\r\nQue l'on prenne au hasard quatre ou cinq pages des Principes de la Doctrine de la science, il y sera question de \" Moi absolu \", de \" Non-Moi pos\u00e9 \", d'\" auto-affection du Moi \" ou encore de \" transfert dans le Non-Moi \". L'id\u00e9alisme allemand est, non sans raisons, r\u00e9put\u00e9 difficile d'acc\u00e8s, car tr\u00e8s abstrait et technique. C'est pourquoi cet ouvrage propose une approche accessible de la philosophie d\u00e9velopp\u00e9e par Fichte durant les ann\u00e9es 1792-1800.\r\nAfin d'y parvenir, nous articulerons notre \u00e9tude autour d'un \u00e9trange n\u00e9ologisme, qui se r\u00e9v\u00e8le central dans la conception que Fichte se fait du rapport entre le sujet et le monde ext\u00e9rieur : le \" Non-Moi \" (Nicht-Ich). \u00c0 quoi bon mener une recherche sur la r\u00e9alit\u00e9, apparemment ind\u00e9niable, du monde que je per\u00e7ois, et que nous percevons tous ? Mais, \u00e0 la r\u00e9flexion, sur quoi repose cette croyance naturelle, et ne serait-il pas plus prudent d'en rester \u00e0 l'affirmation solipsiste de ma seule existence ? Comment pr\u00e9tendre faire provenir le Non-Moi du Moi lui-m\u00eame ? N'est-ce pas aussi st\u00e9rile et absurde que de vouloir s'extraire d'un mar\u00e9cage en tirant sur ses propres cheveux ? C'est \u00e0 ces questions que nous devrons r\u00e9pondre si nous voulons saisir le sens profond de la notion de \" Non-Moi \" et le statut qu'il convient d'accorder \u00e0 notre croyance en la r\u00e9alit\u00e9 du monde ext\u00e9rieur.\r","authors":["Sylvain Portier"],"category_codes":["9000000","9080000","9080200","9080204"],"visuals":{"large":"https:\/\/images.epagine.fr\/203\/9782296127203_1_75.jpg","medium":"https:\/\/images.epagine.fr\/203\/9782296127203_1_m.jpg","thumbnail":"https:\/\/images.epagine.fr\/203\/9782296127203_1_v.jpg"},"orderable":true,"show_badge":true,"formatted_price":"17,50&nbsp;\u20ac","formatted_published_date":"23 novembre 2010","publisher_availability_label":"Sur commande","short_details":"Sylvain Portier \u2014 \u00c9ditions L'Harmattan","translator":null,"weight":220,"page_count":165,"readership":null,"editor":"\u00c9ditions L'Harmattan","price":1750,"published_date":"2010-11-22T23:00:00.000000Z","support":"Grand format","publisher_availability":1,"stock":0,"editions":[],"url":"https:\/\/quaidesbrumes.com\/ouvrage\/9782296127203\/fichte-philosophe-du-non-moi-faut-il-croire-en-lexistence-dun-monde-exterieur"},{"id":"9782296139589","title":"La conversation banale ; repr\u00e9sentations d'une sociabilit\u00e9 quotidienne","description":"De quoi parlons-nous quand nous commentons la pluie et le beau temps ? De quoi rions-nous quand nous attendons le bus ? En investissant volontairement le terrain par son c\u00f4t\u00e9 paradoxal, cette \u00e9tude interroge ce qui fait de la banalit\u00e9 une oeuvre de sociabilit\u00e9. En ce sens, la conversation banale serait-elle plus qu'une interaction ? Comment le banal fa\u00e7onne-t-il nos \u00e9changes quotidiens ? En confrontant l'interaction \u00e0 l'\u00e9preuve du banal par les voies esth\u00e9tiques et th\u00e9oriques, l'\u00e9tude permet de red\u00e9couvrir les fondements communicatifs du quotidien.\r","authors":["Sylvain Quidot"],"category_codes":["9000000","9080000","9080200","9080204"],"visuals":{"large":"https:\/\/images.epagine.fr\/589\/9782296139589_1_75.jpg","medium":"https:\/\/images.epagine.fr\/589\/9782296139589_1_m.jpg","thumbnail":"https:\/\/images.epagine.fr\/589\/9782296139589_1_v.jpg"},"orderable":true,"show_badge":true,"formatted_price":"22,50&nbsp;\u20ac","formatted_published_date":"22 f\u00e9vrier 2011","publisher_availability_label":"Sur commande","short_details":"Sylvain Quidot \u2014 \u00c9ditions L'Harmattan","translator":null,"weight":279,"page_count":220,"readership":null,"editor":"\u00c9ditions L'Harmattan","price":2250,"published_date":"2011-02-21T23:00:00.000000Z","support":"Grand format","publisher_availability":1,"stock":0,"editions":[],"url":"https:\/\/quaidesbrumes.com\/ouvrage\/9782296139589\/la-conversation-banale-representations-dune-sociabilite-quotidienne"},{"id":"9782296566507","title":"Le je-ne-sais-quoi ; aux sources d'une th\u00e9orie esth\u00e9tique au XVII si\u00e8cle","description":"Qu'il s'agisse du charme de la personne aim\u00e9e, de quelque chose qui nous retient et nous \u00e9meut dans une oeuvre d'art, le pouvoir du \"je-ne-sais-quoi\" tient dans cette attraction magn\u00e9tique. Et si l'on se trouvait r\u00e9ellement aimant\u00e9 par ces objets du d\u00e9sir ? Le pr\u00e9sent ouvrage explore cette possibilit\u00e9. Il s'agit de comprendre comment se met en place un discours propre \u00e0 d\u00e9crire l'effet que produisent sur nous les oeuvres d'art, et plus largement de mettre au jour la croyance qui s'exprime au travers de cette impossibilit\u00e9 de dire.\r","authors":["Benjamin Riado"],"category_codes":["9000000","9080000","9080200","9080204"],"visuals":{"large":"https:\/\/images.epagine.fr\/507\/9782296566507_1_75.jpg","medium":"https:\/\/images.epagine.fr\/507\/9782296566507_1_m.jpg","thumbnail":"https:\/\/images.epagine.fr\/507\/9782296566507_1_v.jpg"},"orderable":true,"show_badge":true,"formatted_price":"20,50&nbsp;\u20ac","formatted_published_date":"10 janvier 2012","publisher_availability_label":"Sur commande","short_details":"Benjamin Riado \u2014 \u00c9ditions L'Harmattan","translator":null,"weight":245,"page_count":194,"readership":null,"editor":"\u00c9ditions L'Harmattan","price":2050,"published_date":"2012-01-09T23:00:00.000000Z","support":"Grand format","publisher_availability":1,"stock":0,"editions":[],"url":"https:\/\/quaidesbrumes.com\/ouvrage\/9782296566507\/le-je-ne-sais-quoi-aux-sources-dune-theorie-esthetique-au-xvii-siecle"},{"id":"9782329606248","title":"La Science des philosophes et l'art des thaumaturges dans l'antiquit\u00e9","description":"La Science des philosophes et l'art des thaumaturges dans l'antiquit\u00e9...\r\nDate de l'\u00e9dition originale : 1882\r\nLe pr\u00e9sent ouvrage s'inscrit dans une politique de conservation patrimoniale des ouvrages de la litt\u00e9rature Fran\u00e7aise mise en place avec la BNF. \r\nHACHETTE LIVRE et la BNF proposent ainsi un catalogue de titres indisponibles, la BNF ayant num\u00e9ris\u00e9 ces oeuvres et HACHETTE LIVRE les imprimant \u00e0 la demande. \r\nCertains de ces ouvrages refl\u00e8tent des courants de pens\u00e9e caract\u00e9ristiques de leur \u00e9poque, mais qui seraient aujourd'hui jug\u00e9s condamnables. \r\nIls n'en appartiennent pas moins \u00e0 l'histoire des id\u00e9es en France et sont susceptibles de pr\u00e9senter un int\u00e9r\u00eat scientifique ou historique. \r\nLe sens de notre d\u00e9marche \u00e9ditoriale consiste ainsi \u00e0 permettre l'acc\u00e8s \u00e0 ces oeuvres sans pour autant que nous en cautionnions en aucune fa\u00e7on le contenu. \r\nPour plus d'informations, rendez-vous sur www.hachettebnf.fr","authors":["H\u00e9ron D' Alexandrie","Val\u00e9rie De Rochas D'Aiglun"],"category_codes":["9000000","9080000","9080400"],"visuals":{"large":"https:\/\/quaidesbrumes.com\/img\/book-placeholder.png","medium":"https:\/\/quaidesbrumes.com\/img\/book-placeholder.png","thumbnail":"https:\/\/quaidesbrumes.com\/img\/book-placeholder.png"},"orderable":true,"show_badge":true,"formatted_price":"22,50&nbsp;\u20ac","formatted_published_date":"1er avril 2021","publisher_availability_label":"Sur commande","short_details":"H\u00e9ron D' Alexandrie, Val\u00e9rie De Rochas D'Aiglun \u2014 Hachette BNF","translator":null,"weight":384,"page_count":290,"readership":null,"editor":"Hachette BNF","price":2250,"published_date":"2021-03-31T22:00:00.000000Z","support":"Grand format","publisher_availability":1,"stock":0,"editions":[],"url":"https:\/\/quaidesbrumes.com\/ouvrage\/9782329606248\/la-science-des-philosophes-et-lart-des-thaumaturges-dans-lantiquite"},{"id":"9782806603234","title":"Comprendre la vieillesse","description":"Nous n'avons sans doute jamais autant parl\u00e9 des personnes \u00e2g\u00e9es et du vieillissement des populations qu'aujourd'hui. Nos connaissances m\u00e9dicales, biologiques et sociologiques se sont certes multipli\u00e9es, mais cette prolif\u00e9ration souligne encore davantage nos lacunes et la diversit\u00e9 des conceptions et des perspectives sur la vieillesse et le vieillissement. Nos institutions m\u00e9dicales et sociales s'attachent \u00e0 prendre en charge les personnes \u00e2g\u00e9es en respectant leur dignit\u00e9, mais elles h\u00e9sitent...","authors":["Sarah Carvallo","Elodie Giroux"],"category_codes":["9000000","9080000","9080200","9080204"],"visuals":{"large":"https:\/\/images.epagine.fr\/234\/9782806603234_1_75.jpg","medium":"https:\/\/images.epagine.fr\/234\/9782806603234_1_m.jpg","thumbnail":"https:\/\/images.epagine.fr\/234\/9782806603234_1_v.jpg"},"orderable":true,"show_badge":true,"formatted_price":"19,50&nbsp;\u20ac","formatted_published_date":"1er juin 2012","publisher_availability_label":"Sur commande","short_details":"Sarah Carvallo, Elodie Giroux \u2014 EME EDITIONS","translator":null,"weight":135,"page_count":138,"readership":null,"editor":"EME EDITIONS","price":1950,"published_date":"2012-05-31T22:00:00.000000Z","support":"Grand format","publisher_availability":1,"stock":0,"editions":[],"url":"https:\/\/quaidesbrumes.com\/ouvrage\/9782806603234\/comprendre-la-vieillesse"},{"id":"9782013458894","title":"Des signes et de l'art de penser consideres dans leurs rapports mutuels. [1]","description":"Des signes et de l'art de penser consid\u00e9r\u00e9s dans leurs rapports mutuels. [1] \/ , par Jh. M. Deg\u00e9rando Date de l'\u00e9dition originale : 1799-1800 Sujet de l'ouvrage : Id\u00e9ologie Ce livre est la reproduction fid\u00e8le d'une oeuvre publi\u00e9e avant 1920 et fait partie d'une collection de livres r\u00e9imprim\u00e9s \u00e0 la demande \u00e9dit\u00e9e par Hachette Livre, dans le cadre d'un partenariat avec la Biblioth\u00e8que nationale de France, offrant l'opportunit\u00e9 d'acc\u00e9der \u00e0 des ouvrages anciens et souvent rares issus des fonds patrimoniaux de la BnF.\r\nLes oeuvres faisant partie de cette collection ont \u00e9t\u00e9 num\u00e9ris\u00e9es par la BnF et sont pr\u00e9sentes sur Gallica, sa biblioth\u00e8que num\u00e9rique.\r\n\r\nEn entreprenant de redonner vie \u00e0 ces ouvrages au travers d'une collection de livres r\u00e9imprim\u00e9s \u00e0 la demande, nous leur donnons la possibilit\u00e9 de rencontrer un public \u00e9largi et participons \u00e0 la transmission de connaissances et de savoirs parfois difficilement accessibles.\r\nNous avons cherch\u00e9 \u00e0 concilier la reproduction fid\u00e8le d'un livre ancien \u00e0 partir de sa version num\u00e9ris\u00e9e avec le souci d'un confort de lecture optimal. Nous esp\u00e9rons que les ouvrages de cette nouvelle collection vous apporteront enti\u00e8re satisfaction.\r\n\r\nPour plus d'informations, rendez-vous sur www.hachettebnf.fr\r","authors":["Gerando Joseph-Marie"],"category_codes":["9000000","9080000","9080600"],"visuals":{"large":"https:\/\/images.epagine.fr\/894\/9782013458894_1_75.jpg","medium":"https:\/\/images.epagine.fr\/894\/9782013458894_1_m.jpg","thumbnail":"https:\/\/images.epagine.fr\/894\/9782013458894_1_v.jpg"},"orderable":true,"show_badge":true,"formatted_price":"25,00&nbsp;\u20ac","formatted_published_date":"1er octobre 2014","publisher_availability_label":"Sur commande","short_details":"Gerando Joseph-Marie \u2014 Hachette BNF","translator":null,"weight":508,"page_count":null,"readership":null,"editor":"Hachette BNF","price":2500,"published_date":"2014-09-30T22:00:00.000000Z","support":"Grand format","publisher_availability":1,"stock":0,"editions":[],"url":"https:\/\/quaidesbrumes.com\/ouvrage\/9782013458894\/des-signes-et-de-lart-de-penser-consideres-dans-leurs-rapports-mutuels-1"},{"id":"9782204097802","title":"Improvisation sur heidegger","description":null,"authors":["Maxence Caron"],"category_codes":["9000000","9080000"],"visuals":{"large":"https:\/\/images.epagine.fr\/802\/9782204097802_1_75.jpg","medium":"https:\/\/images.epagine.fr\/802\/9782204097802_1_m.jpg","thumbnail":"https:\/\/images.epagine.fr\/802\/9782204097802_1_v.jpg"},"orderable":true,"show_badge":true,"formatted_price":"21,00&nbsp;\u20ac","formatted_published_date":"23 novembre 2012","publisher_availability_label":"Sur commande","short_details":"Maxence Caron \u2014 Les \u00e9ditions du Cerf","translator":null,"weight":260,"page_count":217,"readership":null,"editor":"Les \u00e9ditions du Cerf","price":2100,"published_date":"2012-11-22T23:00:00.000000Z","support":"Grand format","publisher_availability":1,"stock":0,"editions":[],"url":"https:\/\/quaidesbrumes.com\/ouvrage\/9782204097802\/improvisation-sur-heidegger"},{"id":"9782296124172","title":"Visages de la justice","description":"Par la place qu'elle occupe dans les textes qu'on dit \"fondateurs\", dus aux premiers philosophes comme aux r\u00e9cits mythiques et religieux des origines, la justice figure au principe de la philosophie pratique. Ces contributions portent sur la place de la philosophie du droit, comme sur la s\u00e9cularisation ou les traces du th\u00e9ologico-politique dans le discours du droit. Mais aussi sur la tentation d'utiliser les peurs collectives pour asseoir l'autorit\u00e9 de l'Etat sur la seule fonction s\u00e9curitaire.\r","authors":["Jean-fran\u00e7ois Rey"],"category_codes":["9000000","9080000","9080200","9080204"],"visuals":{"large":"https:\/\/images.epagine.fr\/172\/9782296124172_1_75.jpg","medium":"https:\/\/images.epagine.fr\/172\/9782296124172_1_m.jpg","thumbnail":"https:\/\/images.epagine.fr\/172\/9782296124172_1_v.jpg"},"orderable":true,"show_badge":true,"formatted_price":"34,50&nbsp;\u20ac","formatted_published_date":"20 septembre 2010","publisher_availability_label":"Sur commande","short_details":"Jean-fran\u00e7ois Rey \u2014 \u00c9ditions L'Harmattan","translator":null,"weight":450,"page_count":null,"readership":null,"editor":"\u00c9ditions L'Harmattan","price":3450,"published_date":"2010-09-19T22:00:00.000000Z","support":"Grand format","publisher_availability":1,"stock":0,"editions":[],"url":"https:\/\/quaidesbrumes.com\/ouvrage\/9782296124172\/visages-de-la-justice"},{"id":"9782296565876","title":"Introduction \u00e0 une \u00e9pistemologie de l'usage ; d'une philosophie d'activit\u00e9 th\u00e9rapeutique \u00e0 une pragmatique philosophique","description":"La th\u00e8se d\u00e9velopp\u00e9e dans ce livre est que l'activit\u00e9 m\u00eame de descritption de l'usage des mots d\u00e9veloppe, comme en n\u00e9gatif, les \u00e9tapes positives du travail de la pens\u00e9e s'exprimant linguistiquement. La th\u00e9rapie pr\u00e9sente deux faces compl\u00e9mentaires et indissociables : traitement de la pens\u00e9e dogmatique et description des conditions de possibilit\u00e9 a parte post de la pens\u00e9e objective. Ce que l'on pourrait appeler : \u00e9pist\u00e9mologie de l'usage.\r","authors":["Arley r. Moreno"],"category_codes":["9000000","9080000","9080200","9080204"],"visuals":{"large":"https:\/\/images.epagine.fr\/876\/9782296565876_1_75.jpg","medium":"https:\/\/images.epagine.fr\/876\/9782296565876_1_m.jpg","thumbnail":"https:\/\/images.epagine.fr\/876\/9782296565876_1_v.jpg"},"orderable":true,"show_badge":true,"formatted_price":"31,50&nbsp;\u20ac","formatted_published_date":"25 octobre 2011","publisher_availability_label":"Sur commande","short_details":"Arley r. Moreno \u2014 \u00c9ditions L'Harmattan","translator":null,"weight":478,"page_count":301,"readership":null,"editor":"\u00c9ditions L'Harmattan","price":3150,"published_date":"2011-10-24T22:00:00.000000Z","support":"Grand format","publisher_availability":1,"stock":0,"editions":[],"url":"https:\/\/quaidesbrumes.com\/ouvrage\/9782296565876\/introduction-a-une-epistemologie-de-lusage-dune-philosophie-dactivite-therapeutique-a-une-pragmatique-philosophique"},{"id":"9782884742542","title":"Rousseau ; amis et ennemis de Rousseau (XVIII-XXI si\u00e8cles) ; vivant ou mort, il les inqui\u00e8tera toujours","description":"D\u00e8s son premier Discours, et durant trois si\u00e8cles, l'oeuvre comme la personne de Rousseau ont suscit\u00e9 des jugements aussi passionn\u00e9s que contradictoires. \" Vivant ou mort, il les inqui\u00e9tera toujours. \" Le pr\u00e9sent catalogue raconte l'histoire des rapports tourment\u00e9s de Rousseau avec son public, contemporain ou posthume. On y croise des amis devenus ses pers\u00e9cuteurs, comme Diderot et les encyclop\u00e9distes ; un ma\u00eetre admir\u00e9, Voltaire, qui le tourne en ridicule ; des r\u00e9volutionnaires cherchant une l\u00e9gitimit\u00e9 dans ses \u00e9crits, quitte \u00e0 faire de lui, aux yeux de la post\u00e9rit\u00e9, le responsable de la Terreur ; des romantiques revenus sur le tard de leurs illusions, comme Chateaubriand ou Lamartine. Cette galerie de portraits intellectuels et litt\u00e9raires, o\u00f9 se retrouveront les figures contrast\u00e9es de Joseph de Maistre et George Sand, de Jaur\u00e8s et Maurras, ainsi que des admirateurs et des d\u00e9tracteurs anglais, allemands, russes et du monde entier, conduit le lecteur jusqu'\u00e0 la fin du XXe si\u00e8cle.\r","authors":["Collectif"],"category_codes":["9000000","9080000","9080200","9080204"],"visuals":{"large":"https:\/\/images.epagine.fr\/542\/9782884742542_1_75.jpg","medium":"https:\/\/images.epagine.fr\/542\/9782884742542_1_m.jpg","thumbnail":"https:\/\/images.epagine.fr\/542\/9782884742542_1_v.jpg"},"orderable":true,"show_badge":true,"formatted_price":"40,00&nbsp;\u20ac","formatted_published_date":"7 juin 2012","publisher_availability_label":"Sur commande","short_details":"Collectif \u2014 INFOLIO","translator":null,"weight":1426,"page_count":343,"readership":null,"editor":"INFOLIO","price":4000,"published_date":"2012-06-06T22:00:00.000000Z","support":"Beaux-livres","publisher_availability":1,"stock":0,"editions":[],"url":"https:\/\/quaidesbrumes.com\/ouvrage\/9782884742542\/rousseau-amis-et-ennemis-de-rousseau-xviii-xxi-siecles-vivant-ou-mort-il-les-inquietera-toujours"},{"id":"9782813000491","title":"Chinese & french views on knowledge & society today ; philosophy, ethics, epistemology","description":"In this age of globalization, societies and people across the world are asking themselves the same questions about modernity : where are we going? How did we get to this point? What is the power of knowledge today in the evolution of societies? What is the role and meaning of science and technology, and of philosophy and the humanities in general? Modernity today not longer belongs exclusively to the West. It has become a global issue. Modernity results from a hange in the conception, role and organization of knowledge in society.\r","authors":["Collectif"],"category_codes":["9000000","9080000","9080200","9080204"],"visuals":{"large":"https:\/\/images.epagine.fr\/491\/9782813000491_1_75.jpg","medium":"https:\/\/images.epagine.fr\/491\/9782813000491_1_m.jpg","thumbnail":"https:\/\/images.epagine.fr\/491\/9782813000491_1_v.jpg"},"orderable":true,"show_badge":true,"formatted_price":"25,00&nbsp;\u20ac","formatted_published_date":"27 f\u00e9vrier 2012","publisher_availability_label":"Sur commande","short_details":"Collectif \u2014 ARCHIVES CONTEMPORAINES","translator":null,"weight":402,"page_count":219,"readership":null,"editor":"ARCHIVES CONTEMPORAINES","price":2500,"published_date":"2012-02-26T23:00:00.000000Z","support":"Grand format","publisher_availability":1,"stock":0,"editions":[],"url":"https:\/\/quaidesbrumes.com\/ouvrage\/9782813000491\/chinese-french-views-on-knowledge-society-today-philosophy-ethics-epistemology"},{"id":"9782332785541","title":"L'immacul\u00e9 n\u00e8gre","description":"\u00ab Rien ne m'indigne chez l'homme, je ne m'insurge que par n\u00e9cessit\u00e9 et en connaissance de cause. \u00bb \u00ab \u00c0 l'aversion que me voueront mes fr\u00e8res africains et \u00e0 la fiert\u00e9 agissante et constructive qu'elle engendrera en eux. \u00bb \u00ab \u00c9tant donn\u00e9 qu'on ne peut se battre pour l'homme sans combattre l'homme, il est impossible de se battre pour l'Africain sans combattre l'Africain. \u00bb \u00ab L'homme est ma cause, son unit\u00e9 et bien-\u00eatre, ma volont\u00e9, la paix, l'entente et la confraternit\u00e9 universelle, mon illusion\r","authors":["Ousmanou Magadji"],"category_codes":["9000000","9080000","9080200","9080204"],"visuals":{"large":"https:\/\/images.epagine.fr\/541\/9782332785541_1_75.jpg","medium":"https:\/\/images.epagine.fr\/541\/9782332785541_1_m.jpg","thumbnail":"https:\/\/images.epagine.fr\/541\/9782332785541_1_v.jpg"},"orderable":true,"show_badge":true,"formatted_price":"35,00&nbsp;\u20ac","formatted_published_date":"19 ao\u00fbt 2014","publisher_availability_label":"Sur commande","short_details":"Ousmanou Magadji \u2014 Edilivre","translator":null,"weight":683,"page_count":394,"readership":null,"editor":"Edilivre","price":3500,"published_date":"2014-08-18T22:00:00.000000Z","support":"Grand format","publisher_availability":1,"stock":0,"editions":[],"url":"https:\/\/quaidesbrumes.com\/ouvrage\/9782332785541\/limmacule-negre"},{"id":"9782296992474","title":"R\u00e9alisme et v\u00e9rit\u00e9 : le d\u00e9bat entre Habermas et Rorty","description":"A quoi fait-on r\u00e9f\u00e9rence lorsque l'on a recours au concept de \u00ab v\u00e9rit\u00e9 \u00bb en \u00e9pist\u00e9mologie contemporaine ? Doit-on n\u00e9cessairement supposer que nos \u00e9nonc\u00e9s correspondent \u00e0 une r\u00e9alit\u00e9 ext\u00e9rieure pour faire sens du concept de v\u00e9rit\u00e9 ? Le pr\u00e9sent ouvrage expose deux des plus importantes conceptions contemporaines de la v\u00e9rit\u00e9 : celle de J\u00fcrgen Habermas et celle de Richard Rorty.\r","authors":["Pierre-Luc Dostie Proulx"],"category_codes":["9000000","9080000","9080200","9080204"],"visuals":{"large":"https:\/\/images.epagine.fr\/474\/9782296992474_1_75.jpg","medium":"https:\/\/images.epagine.fr\/474\/9782296992474_1_m.jpg","thumbnail":"https:\/\/images.epagine.fr\/474\/9782296992474_1_v.jpg"},"orderable":true,"show_badge":true,"formatted_price":"15,00&nbsp;\u20ac","formatted_published_date":"21 mai 2012","publisher_availability_label":"Sur commande","short_details":"Pierre-Luc Dostie Proulx \u2014 \u00c9ditions L'Harmattan","translator":null,"weight":175,"page_count":136,"readership":null,"editor":"\u00c9ditions L'Harmattan","price":1500,"published_date":"2012-05-20T22:00:00.000000Z","support":"Grand format","publisher_availability":1,"stock":0,"editions":[],"url":"https:\/\/quaidesbrumes.com\/ouvrage\/9782296992474\/realisme-et-verite-le-debat-entre-habermas-et-rorty"},{"id":"9782204094795","title":"Questions \u00e0 l'humanisme","description":"\" Ce livre est n\u00e9 de la passion d'un ma\u00eetre d'\u00e9cole, soucieux de transmettre, contre vents et mar\u00e9es, un patrimoine en d\u00e9sh\u00e9rence, depuis que, au grand dam de l'institution, le soup\u00e7on a \u00e9t\u00e9 jet\u00e9 sur les h\u00e9ritiers. La culture est-elle cependant autre chose que la longue m\u00e9moire, fix\u00e9e dans les usages et dans les savoir-faire, s\u00e9diment\u00e9e dans les parlers, dans les l\u00e9gendes et les histoires, vieille comme le monde et pourtant renaissante \u00e0 chaque rel\u00e8ve de g\u00e9n\u00e9ration ? Un d\u00e9placement d'origine fait de ce passage de relais une cr\u00e9ation continu\u00e9e, tandis que, sur le seuil, se tient toujours le premier homme par qui tout recommence. Et c'est de ce passage que le ma\u00eetre d'\u00e9cole se veut l'acteur, parole des voix qui se sont tues, sans cesse nouant le fil des lign\u00e9es disparues. Transmetteur de ce que le si\u00e8cle croit devoir oublier, il est passeur d'\u00e9ternit\u00e9. \" [Pierre Magnard] -- \"This book was born of a schoolmaster's passion, one who, whatever the difficulties, wished to transmit a patrimony fallen into disinheritance since, to the institution's great displeasure, suspicion was cast on the heirs. Yet is culture anything other than the long memory, fixed in usages and know-how, rooted in speech, legends and stories as old as the world, yet reborn with each new generation? A shift of the origin makes this passage of the relay a continuous creation, while on the threshold, stands the first man through whom everything begins again. And it is of this passage that the schoolmaster wants to be a player, carrying the word of voices now silent, constantly linking threads of lineages now forever gone. Transmitting what the century thinks it must forget, he is a 'passeur' of eternity.' [Pierre Magnard]","authors":["Pierre Magnard"],"category_codes":["9000000","9080000","9080200","9080204"],"visuals":{"large":"https:\/\/images.epagine.fr\/795\/9782204094795_1_75.jpg","medium":"https:\/\/images.epagine.fr\/795\/9782204094795_1_m.jpg","thumbnail":"https:\/\/images.epagine.fr\/795\/9782204094795_1_v.jpg"},"orderable":true,"show_badge":true,"formatted_price":"18,00&nbsp;\u20ac","formatted_published_date":"3 f\u00e9vrier 2011","publisher_availability_label":"Sur commande","short_details":"Pierre Magnard \u2014 Les \u00e9ditions du Cerf","translator":null,"weight":280,"page_count":241,"readership":null,"editor":"Les \u00e9ditions du Cerf","price":1800,"published_date":"2011-02-02T23:00:00.000000Z","support":"Grand format","publisher_availability":1,"stock":0,"editions":[],"url":"https:\/\/quaidesbrumes.com\/ouvrage\/9782204094795\/questions-a-lhumanisme"},{"id":"9782081284623","title":"Une vie meilleure","description":"Il nous est tous arriv\u00e9 de garder le chien d'une amie, de laisser un message sur un r\u00e9pondeur t\u00e9l\u00e9phonique, de passer un entretien d'embauche ou de planter un clou. La routine du quotidien nous dissimule parfois que nous faisons alors, dans ces situations comme dans d'autres, l'exp\u00e9rience de la philosophie pratique. Renouer avec l'\u00e9tonnement qui fait le charme singulier de l'exp\u00e9rience philosophique, voil\u00e0 l'enjeu des vingt-quatre r\u00e9cits de vie que comporte ce livre. La fa\u00e7on dont ce charme peut nous conduire \u00e0 vivre une vie meilleure, plus riche de sens et plus int\u00e9ressante, ne d\u00e9pend que de nous. Un peu comme lorsqu'une chanson entendue \u00e0 la radio s'invite dans notre t\u00eate : nous sifflons cet air sous la douche ou nous courons acheter le CD, \u00e0 moins que nous d\u00e9cidions de monter un petit groupe ? tout est entre nos mains. Et entre celles de personne d'autre.\r\n\r\nCouverture : Photomontage d'apr\u00e8s des photos \u00a9 Still Images \/ Getty Images et \u00a9 Maren Caruso \/ Getty Images\r","authors":["Wolfram Eilenberger","Pierre Deshusses"],"category_codes":["9000000","9080000","9080200"],"visuals":{"large":"https:\/\/images.epagine.fr\/623\/9782081284623_1_75.jpg","medium":"https:\/\/images.epagine.fr\/623\/9782081284623_1_m.jpg","thumbnail":"https:\/\/images.epagine.fr\/623\/9782081284623_1_v.jpg"},"orderable":true,"show_badge":true,"formatted_price":"19,00&nbsp;\u20ac","formatted_published_date":"15 septembre 2012","publisher_availability_label":"Sur commande","short_details":"Wolfram Eilenberger, Pierre Deshusses \u2014 Flammarion","translator":"PIERRE DESHUSSES","weight":247,"page_count":256,"readership":null,"editor":"Flammarion","price":1900,"published_date":"2012-09-14T22:00:00.000000Z","support":"Grand format","publisher_availability":1,"stock":0,"editions":[],"url":"https:\/\/quaidesbrumes.com\/ouvrage\/9782081284623\/une-vie-meilleure"}]}