{"data":[{"id":"9782812402197","title":"L'\u00e2me a-t-elle un sexe ? formes et paradoxes de la distinction sexuelle","description":"Jean-Jacques Rousseau est connu pour \u00eatre l'ardent partisan de l'absolue distinction des sexes. Or l'analyse structurelle de ses textes de fiction (en particulier La Nouvelle H\u00e9lo\u00efse) r\u00e9v\u00e8le une facette tr\u00e8s diff\u00e9rente de son oeuvre et montre une interrogation perp\u00e9tuelle sur les fondements de la distinction des sexes. Il appara\u00eet que Rousseau ne cesse d'explorer les ambigu\u00eft\u00e9s sexuelles et la libert\u00e9 identitaire rendue possible par la plasticit\u00e9 du roman et du th\u00e9\u00e2tre.\r","authors":["Laure Challandes"],"category_codes":["9000000","9080000","9080200","9080204"],"visuals":{"large":"https:\/\/images.epagine.fr\/197\/9782812402197_1_75.jpg","medium":"https:\/\/images.epagine.fr\/197\/9782812402197_1_m.jpg","thumbnail":"https:\/\/images.epagine.fr\/197\/9782812402197_1_v.jpg"},"orderable":true,"show_badge":true,"formatted_price":"32,00&nbsp;\u20ac","formatted_published_date":"21 f\u00e9vrier 2011","publisher_availability_label":"Sur commande","short_details":"Laure Challandes \u2014 CLASSIQUES GARNIER","translator":null,"weight":496,"page_count":292,"readership":null,"editor":"CLASSIQUES GARNIER","price":3200,"published_date":"2011-02-20T23:00:00.000000Z","support":"Grand format","publisher_availability":1,"stock":0,"editions":[],"url":"https:\/\/quaidesbrumes.com\/ouvrage\/9782812402197\/lame-a-t-elle-un-sexe-formes-et-paradoxes-de-la-distinction-sexuelle"},{"id":"9782296559721","title":"L'art dans sa relation au lieu","description":"Cet ouvrage pr\u00e9sente une analyse du lieu, de son importance et de son influence sur les pratiques artistiques, litt\u00e9raires et sociales.\r\nLe lieu influe sur nous, il est toujours silencieusement actif. La d\u00e9couverte d'un espace, d'un territoire ou d'un pays, peut produire des effets impr\u00e9visibles. Il peut en na\u00eetre un trouble momentan\u00e9, une vive \u00e9motion esth\u00e9tique, une exp\u00e9rience marquante, une mutation durable, un basculement de vie.\r","authors":["Dominique Berthet"],"category_codes":["9000000","9080000","9080200","9080204"],"visuals":{"large":"https:\/\/images.epagine.fr\/721\/9782296559721_1_75.jpg","medium":"https:\/\/images.epagine.fr\/721\/9782296559721_1_m.jpg","thumbnail":"https:\/\/images.epagine.fr\/721\/9782296559721_1_v.jpg"},"orderable":true,"show_badge":true,"formatted_price":"22,50&nbsp;\u20ac","formatted_published_date":"23 janvier 2012","publisher_availability_label":"Sur commande","short_details":"Dominique Berthet \u2014 \u00c9ditions L'Harmattan","translator":null,"weight":265,"page_count":210,"readership":null,"editor":"\u00c9ditions L'Harmattan","price":2250,"published_date":"2012-01-22T23:00:00.000000Z","support":"Grand format","publisher_availability":1,"stock":0,"editions":[],"url":"https:\/\/quaidesbrumes.com\/ouvrage\/9782296559721\/lart-dans-sa-relation-au-lieu"},{"id":"9782296961777","title":"Spinoza 421 ; entre croyance et doute","description":"Est-il suffisant de clore le raisonnement sur ce \u00e0 quoi l'on se fie par \u00e9vidence intime, pour que les croyances se justifient et guident \u00e0 coup s\u00fbr le cheminement de la connaissance personnelle ? Telle est la question majeure soulev\u00e9e par la lecture de Spinoza. Une r\u00e9ponse affirmative, fond\u00e9e sur cette conception du fonctionnement de l'esprit, peut s'av\u00e9rer puissante et convaincante. Mais aide-t-elle vraiment l'\u00eatre humain \u00e0 \u00e9chapper au doute et \u00e0 toute rencontre avec l'irr\u00e9solution de l'univers ?\r","authors":["Georges Lerbet"],"category_codes":["9000000","9080000","9080200","9080204"],"visuals":{"large":"https:\/\/images.epagine.fr\/777\/9782296961777_1_75.jpg","medium":"https:\/\/images.epagine.fr\/777\/9782296961777_1_m.jpg","thumbnail":"https:\/\/images.epagine.fr\/777\/9782296961777_1_v.jpg"},"orderable":true,"show_badge":true,"formatted_price":"14,50&nbsp;\u20ac","formatted_published_date":"24 janvier 2012","publisher_availability_label":"Sur commande","short_details":"Georges Lerbet \u2014 \u00c9ditions L'Harmattan","translator":null,"weight":155,"page_count":112,"readership":null,"editor":"\u00c9ditions L'Harmattan","price":1450,"published_date":"2012-01-23T23:00:00.000000Z","support":"Grand format","publisher_availability":1,"stock":0,"editions":[],"url":"https:\/\/quaidesbrumes.com\/ouvrage\/9782296961777\/spinoza-421-entre-croyance-et-doute"},{"id":"9782912833204","title":"L etre et l argent","description":null,"authors":["Henri Du Buit"],"category_codes":["9000000","9120000","9120200"],"visuals":{"large":"https:\/\/images.epagine.fr\/204\/9782912833204_1_75.jpg","medium":"https:\/\/images.epagine.fr\/204\/9782912833204_1_m.jpg","thumbnail":"https:\/\/images.epagine.fr\/204\/9782912833204_1_v.jpg"},"orderable":true,"show_badge":true,"formatted_price":"18,00&nbsp;\u20ac","formatted_published_date":"25 mai 2010","publisher_availability_label":"Sur commande","short_details":"Henri Du Buit \u2014 Les Provinciales","translator":null,"weight":222,"page_count":null,"readership":null,"editor":"Les Provinciales","price":1800,"published_date":"2010-05-24T22:00:00.000000Z","support":"Grand format","publisher_availability":1,"stock":0,"editions":[],"url":"https:\/\/quaidesbrumes.com\/ouvrage\/9782912833204\/l-etre-et-l-argent"},{"id":"9782296969636","title":"Metaphysica theoria Tome 4 ; th\u00e9orie fondamentale de l'\u00eatre et de l'unit\u00e9","description":"L'\u00eatre se pr\u00e9sente comme une valeur fondamentale du r\u00e9el et de la connaissance. Quant \u00e0 l'unit\u00e9, elle est \u00e9videmment relation \u00e0 l'\u00eatre. Pas d'\u00eatre sans unit\u00e9, pas d'unit\u00e9 sans \u00eatre. D'o\u00f9 cette cons\u00e9quence majeure que rien n'est intelligible, ontologiquement parlant, sans l'unit\u00e9. L'exigence de la v\u00e9rit\u00e9, moteur de la recherche, demeure, mais c'est l'unit\u00e9 qui s'\u00e9rige, par sa certitude et son universalit\u00e9, en principe inconditionn\u00e9.\r","authors":["Paul-emmanuel Stradda"],"category_codes":["9000000","9080000","9080200","9080204"],"visuals":{"large":"https:\/\/images.epagine.fr\/636\/9782296969636_1_75.jpg","medium":"https:\/\/images.epagine.fr\/636\/9782296969636_1_m.jpg","thumbnail":"https:\/\/images.epagine.fr\/636\/9782296969636_1_v.jpg"},"orderable":true,"show_badge":true,"formatted_price":"28,00&nbsp;\u20ac","formatted_published_date":"10 avril 2012","publisher_availability_label":"Sur commande","short_details":"Paul-emmanuel Stradda \u2014 \u00c9ditions L'Harmattan","translator":null,"weight":390,"page_count":250,"readership":null,"editor":"\u00c9ditions L'Harmattan","price":2800,"published_date":"2012-04-09T22:00:00.000000Z","support":"Grand format","publisher_availability":1,"stock":0,"editions":[],"url":"https:\/\/quaidesbrumes.com\/ouvrage\/9782296969636\/metaphysica-theoria-tome-4-theorie-fondamentale-de-letre-et-de-lunite"},{"id":"9782296969667","title":"Solidarit\u00e9 chez Hegel, von Hartmann, Tocqueville et Mill","description":"Il nous semble qu'une \u00e9thique et une philosophie sociale id\u00e9alistes, b\u00e2ties sur les principes du droit, aident \u00e0 former des hypoth\u00e8ses plausibles, notamment celle d'une solidarit\u00e9 inconsciente. L'exp\u00e9rience moniste d'unit\u00e9 entre notre repr\u00e9sentation et notre volont\u00e9 peut plaider pour une compr\u00e9hension du monde. R\u00e9examinons l'utilit\u00e9 et l'inconv\u00e9nient d'\u00e9largir la reconnaissance r\u00e9ciproque des sujets, vers un don de soi au monde.\r","authors":["Ignace Haaz"],"category_codes":["9000000","9080000","9080200","9080204"],"visuals":{"large":"https:\/\/images.epagine.fr\/667\/9782296969667_1_75.jpg","medium":"https:\/\/images.epagine.fr\/667\/9782296969667_1_m.jpg","thumbnail":"https:\/\/images.epagine.fr\/667\/9782296969667_1_v.jpg"},"orderable":true,"show_badge":true,"formatted_price":"34,50&nbsp;\u20ac","formatted_published_date":"10 avril 2012","publisher_availability_label":"Sur commande","short_details":"Ignace Haaz \u2014 \u00c9ditions L'Harmattan","translator":null,"weight":416,"page_count":315,"readership":null,"editor":"\u00c9ditions L'Harmattan","price":3450,"published_date":"2012-04-09T22:00:00.000000Z","support":"Grand format","publisher_availability":1,"stock":0,"editions":[],"url":"https:\/\/quaidesbrumes.com\/ouvrage\/9782296969667\/solidarite-chez-hegel-von-hartmann-tocqueville-et-mill"},{"id":"9782296966826","title":"La forme ; de la sensation \u00e0 la perception ; du particulier \u00e0 l'universel","description":"La forme est une structure complexe qui proc\u00e8de par une s\u00e9lection de propri\u00e9t\u00e9s relev\u00e9es dans le foisonnement de nos sensations. Phase immobile d'une p\u00e9riode de l'existence, la forme est oppos\u00e9e \u00e0 la r\u00e9alit\u00e9 qui est changement continuel ; cette stabilit\u00e9 r\u00e9pond au besoin de signification qu'exige l'intelligibilit\u00e9 des ph\u00e9nom\u00e8nes.\r","authors":["Jean Piwnica"],"category_codes":["9000000","9080000","9080200","9080204"],"visuals":{"large":"https:\/\/images.epagine.fr\/826\/9782296966826_1_75.jpg","medium":"https:\/\/images.epagine.fr\/826\/9782296966826_1_m.jpg","thumbnail":"https:\/\/images.epagine.fr\/826\/9782296966826_1_v.jpg"},"orderable":true,"show_badge":true,"formatted_price":"12,50&nbsp;\u20ac","formatted_published_date":"2 mars 2012","publisher_availability_label":"Sur commande","short_details":"Jean Piwnica \u2014 \u00c9ditions L'Harmattan","translator":null,"weight":115,"page_count":84,"readership":null,"editor":"\u00c9ditions L'Harmattan","price":1250,"published_date":"2012-03-01T23:00:00.000000Z","support":"Grand format","publisher_availability":1,"stock":0,"editions":[],"url":"https:\/\/quaidesbrumes.com\/ouvrage\/9782296966826\/la-forme-de-la-sensation-a-la-perception-du-particulier-a-luniversel"},{"id":"9782213619064","title":"La nouvelle monadologie, 1899","description":"Cet ouvrage invite le lecteur \u00e0 s?interroger sur la passion \u00ab monadologique \u00bb qui s?est empar\u00e9e de la philosophie fran\u00e7aise entre 1880 et 1900. Charles Renouvier, le premier, s?est int\u00e9ress\u00e9, dans cette perspective, \u00e0 l?\u00e9tude de \u00ab l?id\u00e9e la plus g\u00e9n\u00e9rale sous laquelle il soit possible de r\u00e9unir des \u00eatres individuels \u00bb. Pour y parvenir, il recourt \u00e0 la notion de \u00ab monade \u00bb (chez Leibniz, il s?agit de cette substance simple et \u00e9l\u00e9mentaire, dont le nombre est infini et tous les \u00eatres compos\u00e9s), dans le but de construire une nouvelle philosophie de l?existence, de l?activit\u00e9, de la vie.","authors":["Renouvier\/Prat"],"category_codes":["9000000","9080000"],"visuals":{"large":"https:\/\/images.epagine.fr\/064\/9782213619064_1_75.jpg","medium":"https:\/\/images.epagine.fr\/064\/9782213619064_1_m.jpg","thumbnail":"https:\/\/images.epagine.fr\/064\/9782213619064_1_v.jpg"},"orderable":true,"show_badge":true,"formatted_price":"55,80&nbsp;\u20ac","formatted_published_date":"31 mars 2004","publisher_availability_label":"Sur commande","short_details":"Renouvier\/Prat \u2014 Fayard","translator":null,"weight":798,"page_count":600,"readership":null,"editor":"Fayard","price":5580,"published_date":"2004-03-30T22:00:00.000000Z","support":"Grand format","publisher_availability":1,"stock":0,"editions":[],"url":"https:\/\/quaidesbrumes.com\/ouvrage\/9782213619064\/la-nouvelle-monadologie-1899"},{"id":"9782296993624","title":"Gilles Deleuze, F\u00e9lix Guattari et Gilles Ch\u00e2telet ; de l'exp\u00e9rience diagrammatique","description":"Gilles Deleuze, F\u00e9lix Guattari, Gilles Ch\u00e2telet : trois penseurs d\u00e9ployant des concepts proches comme le geste et le diagramme. Cependant, ils se divisent sur la notion de m\u00e9taphore produisant ainsi trois \"syst\u00e8mes\" de pens\u00e9e que les auteurs ont surnomm\u00e9 Exp\u00e9riences diagrammatiques. Il s'agit donc d'habiter autrement la pens\u00e9e machin\u00e9e par le capitalisme, le pouvoir, les m\u00e9dias gr\u00e2ce aux pens\u00e9es militantes et exigeantes des trois philosophes.\r","authors":["Joachim Daniel Dupuis"],"category_codes":["9000000","9080000","9080200","9080204"],"visuals":{"large":"https:\/\/images.epagine.fr\/624\/9782296993624_1_75.jpg","medium":"https:\/\/images.epagine.fr\/624\/9782296993624_1_m.jpg","thumbnail":"https:\/\/images.epagine.fr\/624\/9782296993624_1_v.jpg"},"orderable":true,"show_badge":true,"formatted_price":"28,00&nbsp;\u20ac","formatted_published_date":"24 septembre 2012","publisher_availability_label":"Sur commande","short_details":"Joachim Daniel Dupuis \u2014 \u00c9ditions L'Harmattan","translator":null,"weight":315,"page_count":258,"readership":null,"editor":"\u00c9ditions L'Harmattan","price":2800,"published_date":"2012-09-23T22:00:00.000000Z","support":"Grand format","publisher_availability":1,"stock":0,"editions":[],"url":"https:\/\/quaidesbrumes.com\/ouvrage\/9782296993624\/gilles-deleuze-felix-guattari-et-gilles-chatelet-de-lexperience-diagrammatique"},{"id":"9782812152481","title":"Lecture des pensees pour moi meme de marc aurele","description":"Cet essai propose une lecture de l'unit\u00e9 de la pens\u00e9e du philosophe empereur avec comme point nodal la puissance de la philosophie lorsqu'elle acc\u00e8de au pouvoir politique.\r","authors":["Robert Tirvaudey"],"category_codes":["9000000","9080000"],"visuals":{"large":"https:\/\/images.epagine.fr\/481\/9782812152481_1_75.jpg","medium":"https:\/\/images.epagine.fr\/481\/9782812152481_1_m.jpg","thumbnail":"https:\/\/images.epagine.fr\/481\/9782812152481_1_v.jpg"},"orderable":true,"show_badge":true,"formatted_price":"17,00&nbsp;\u20ac","formatted_published_date":"19 ao\u00fbt 2011","publisher_availability_label":"Sur commande","short_details":"Robert Tirvaudey \u2014 Edilivre","translator":null,"weight":190,"page_count":null,"readership":null,"editor":"Edilivre","price":1700,"published_date":"2011-08-18T22:00:00.000000Z","support":"Grand format","publisher_availability":1,"stock":0,"editions":[],"url":"https:\/\/quaidesbrumes.com\/ouvrage\/9782812152481\/lecture-des-pensees-pour-moi-meme-de-marc-aurele"},{"id":"9782916583785","title":"Surfing the higher self ; recognize spirit, heal yourself, celebrate life !","description":null,"authors":["Schoeninger Joseph"],"category_codes":["9000000","9080000","9080200","9080204"],"visuals":{"large":"https:\/\/images.epagine.fr\/785\/9782916583785_1_75.jpg","medium":"https:\/\/images.epagine.fr\/785\/9782916583785_1_m.jpg","thumbnail":"https:\/\/images.epagine.fr\/785\/9782916583785_1_v.jpg"},"orderable":true,"show_badge":true,"formatted_price":"21,90&nbsp;\u20ac","formatted_published_date":"29 juin 2013","publisher_availability_label":"Sur commande","short_details":"Schoeninger Joseph \u2014 Surf Session","translator":null,"weight":250,"page_count":168,"readership":null,"editor":"Surf Session","price":2190,"published_date":"2013-06-28T22:00:00.000000Z","support":"Grand format","publisher_availability":1,"stock":0,"editions":[],"url":"https:\/\/quaidesbrumes.com\/ouvrage\/9782916583785\/surfing-the-higher-self-recognize-spirit-heal-yourself-celebrate-life"},{"id":"9782902707430","title":"Aurora consurgens ; le lever de l'aurore","description":"\"Aurora consurgens\" fait partie de l'oeuvre de C.G. Jung. C'est le tome III de \"Mysterium conjunctionis\". Dans ses m\u00e9moires, Jung dit\u00a0: \u00ab Ce n'est qu'avec \"Mysterium conjunctionis\" que ma psychologie fut d\u00e9finitivement plac\u00e9e dans la r\u00e9alit\u00e9 et reprise en sous-oeuvre comme un tout, \u00e0 l'aide de mat\u00e9riaux historiques.\u00a0\u00bb C'est dire l'importance que lui-m\u00eame accordait \u00e0 ce livre. Marie-Louise von Franz et C.G. Jung ont r\u00e9alis\u00e9 ce travail en \u00e9troite collaboration. Les deux premiers tomes ont \u00e9t\u00e9 sign\u00e9s par C.G. Jung et le troisi\u00e8me par M.L. von Franz. Le texte de cet ouvrage est attribu\u00e9 \u00e0 saint Thomas d'Aquin, il est abondamment comment\u00e9 par Marie-Louise von Franz. Quand il a \u00e9crit ce texte, saint Thomas d'Aquin \u00e9tait tr\u00e8s pr\u00e8s de mourir, d\u00e9j\u00e0 en train de passer dans l'inconscient collectif, ce qui rend son t\u00e9moignage extr\u00eamement pr\u00e9cieux pour tout ce qui touche au monde des arch\u00e9types. \"Aurora consurgens\" se situe donc au confluent de diff\u00e9rents courants de la pens\u00e9e occidentale\u00a0: l'alchimie, pr\u00e9sent\u00e9e ici dans sa v\u00e9ritable nature, celle de la r\u00e9alisation d'une conscience sup\u00e9rieure ; la tradition biblique, qui a inspir\u00e9 l'oeuvre de saint Thomas d'Aquin, et notamment le \u00ab\u00a0Cantique des Cantiques\u00a0\u00bb ; la psychologie junguienne qui, sous la plume de Marie-Louise von Franz, nous ouvre ce texte d'une richesse extraordinaire et nous am\u00e8ne \u00e0 l'essentiel, au sens m\u00eame de la vie, \u00e0 la r\u00e9alisation de soi. Cet ouvrage occupe donc une place unique dans l'oeuvre de Jung. M\u00eame s'il est sign\u00e9 par Marie-Louise von Franz, il n'en est pas moins le couronnement de l'oeuvre alchimique de Jung, \u00e0 laquelle il attachait une importance particuli\u00e8re. Il permet de comprendre l'alchimie m\u00e9di\u00e9vale gr\u00e2ce \u00e0 la grille de lecture de la psychologie moderne\u00a0: c'est un trait d'union entre diff\u00e9rentes \u00e9poques, diff\u00e9rents courants de pens\u00e9e. C'est un ouvrage de r\u00e9f\u00e9rence incontournable pour toute personne qui s'int\u00e9resse \u00e0 la psychologie junguienne et\/ou \u00e0 l'alchimie.\r","authors":["Marie-Louise von Franz"],"category_codes":["9000000","9080000","9080200","9080204"],"visuals":{"large":"https:\/\/images.epagine.fr\/430\/9782902707430_1_75.jpg","medium":"https:\/\/images.epagine.fr\/430\/9782902707430_1_m.jpg","thumbnail":"https:\/\/images.epagine.fr\/430\/9782902707430_1_v.jpg"},"orderable":true,"show_badge":true,"formatted_price":"29,00&nbsp;\u20ac","formatted_published_date":"19 juin 2013","publisher_availability_label":"Sur commande","short_details":"Marie-Louise von Franz \u2014 Fontaine De Pierre","translator":null,"weight":600,"page_count":512,"readership":null,"editor":"Fontaine De Pierre","price":2900,"published_date":"2013-06-18T22:00:00.000000Z","support":"Grand format","publisher_availability":1,"stock":0,"editions":[],"url":"https:\/\/quaidesbrumes.com\/ouvrage\/9782902707430\/aurora-consurgens-le-lever-de-laurore"},{"id":"9782013387460","title":"Discours prononces, le 15 octobre 1863, aux obseques de m. andre jung, professeur (ed.1863) - a la f","description":"Discours prononc\u00e9s, le 15 octobre 1863, aux obs\u00e8ques de M. Andr\u00e9 Jung, professeur... \u00e0 la Facult\u00e9 de th\u00e9ologie protestante...\r\nDate de l'\u00e9dition originale : 1863 Sujet de l'ouvrage : Jung Ce livre est la reproduction fid\u00e8le d'une oeuvre publi\u00e9e avant 1920 et fait partie d'une collection de livres r\u00e9imprim\u00e9s \u00e0 la demande \u00e9dit\u00e9e par Hachette Livre, dans le cadre d'un partenariat avec la Biblioth\u00e8que nationale de France, offrant l'opportunit\u00e9 d'acc\u00e9der \u00e0 des ouvrages anciens et souvent rares issus des fonds patrimoniaux de la BnF.\r\nLes oeuvres faisant partie de cette collection ont \u00e9t\u00e9 num\u00e9ris\u00e9es par la BnF et sont pr\u00e9sentes sur Gallica, sa biblioth\u00e8que num\u00e9rique.\r\n\r\nEn entreprenant de redonner vie \u00e0 ces ouvrages au travers d'une collection de livres r\u00e9imprim\u00e9s \u00e0 la demande, nous leur donnons la possibilit\u00e9 de rencontrer un public \u00e9largi et participons \u00e0 la transmission de connaissances et de savoirs parfois difficilement accessibles.\r\nNous avons cherch\u00e9 \u00e0 concilier la reproduction fid\u00e8le d'un livre ancien \u00e0 partir de sa version num\u00e9ris\u00e9e avec le souci d'un confort de lecture optimal. Nous esp\u00e9rons que les ouvrages de cette nouvelle collection vous apporteront enti\u00e8re satisfaction.\r\n\r\nPour plus d'informations, rendez-vous sur www.hachettebnf.fr\r","authors":[],"category_codes":["9000000","9080000"],"visuals":{"large":"https:\/\/images.epagine.fr\/460\/9782013387460_1_75.jpg","medium":"https:\/\/images.epagine.fr\/460\/9782013387460_1_m.jpg","thumbnail":"https:\/\/images.epagine.fr\/460\/9782013387460_1_v.jpg"},"orderable":true,"show_badge":true,"formatted_price":"9,50&nbsp;\u20ac","formatted_published_date":"1er ao\u00fbt 2014","publisher_availability_label":"Sur commande","short_details":"Hachette BNF","translator":null,"weight":64,"page_count":null,"readership":null,"editor":"Hachette BNF","price":950,"published_date":"2014-07-31T22:00:00.000000Z","support":"Grand format","publisher_availability":1,"stock":0,"editions":[],"url":"https:\/\/quaidesbrumes.com\/ouvrage\/9782013387460\/discours-prononces-le-15-octobre-1863-aux-obseques-de-m-andre-jung-professeur-ed1863-a-la-f"},{"id":"9782336006482","title":"Histoire et libert\u00e9 : \u00e9clairages kantiens","description":"Une probl\u00e9matique essentielle traverse l'id\u00e9alisme transcendantal de Kant, celle du destin historique de l'Id\u00e9e de libert\u00e9. La dialectique multiforme toujours persistante pose la question de la valeur de l'id\u00e9al historique kantien. En la confrontant \u00e0 l'historicit\u00e9 pour jauger sa valeur, on d\u00e9couvre une rationalit\u00e9 historique capable d'\u00e9clairer les ambigu\u00eft\u00e9s \u00e9thico-politiques de notre modernit\u00e9.\r","authors":["Pascal Kolesnore"],"category_codes":["9000000","9080000","9080200","9080204"],"visuals":{"large":"https:\/\/images.epagine.fr\/482\/9782336006482_1_75.jpg","medium":"https:\/\/images.epagine.fr\/482\/9782336006482_1_m.jpg","thumbnail":"https:\/\/images.epagine.fr\/482\/9782336006482_1_v.jpg"},"orderable":true,"show_badge":true,"formatted_price":"32,50&nbsp;\u20ac","formatted_published_date":"17 d\u00e9cembre 2012","publisher_availability_label":"Sur commande","short_details":"Pascal Kolesnore \u2014 \u00c9ditions L'Harmattan","translator":null,"weight":390,"page_count":298,"readership":null,"editor":"\u00c9ditions L'Harmattan","price":3250,"published_date":"2012-12-16T23:00:00.000000Z","support":"Grand format","publisher_availability":1,"stock":0,"editions":[],"url":"https:\/\/quaidesbrumes.com\/ouvrage\/9782336006482\/histoire-et-liberte-eclairages-kantiens"},{"id":"9782296545359","title":"La philosophie claudicante ; humanisme tragique et joie de la finitude","description":"\"Or, malgr\u00e9 la logique born\u00e9e des d\u00e9tracteurs, et m\u00eame sous l'effet de la sid\u00e9ration et du blocage de l'existence dans la col\u00e8re ou dans la douleur qui la submergent, nous ne renon\u00e7ons pas, il nous reste encore \u00e0 agir et \u00e0 dire. Dire l'\u00e9preuve, traduire le tragique de la vie, exprimer l'angoisse de la pens\u00e9e. (...) Faire toujours de son mieux, c'est alerter la m\u00e9moire vive et non pas celle du ressentiment...\". C'est exactement ce qu'\u00e9crivait Abdelaziz Ayadi dans l'Introduction de ce beau livre, juste \u00e0 la veille de la R\u00e9volution tunisienne !\".\r","authors":["Abdelaziz Ayadi"],"category_codes":["9000000","9080000","9080200","9080204"],"visuals":{"large":"https:\/\/images.epagine.fr\/359\/9782296545359_1_75.jpg","medium":"https:\/\/images.epagine.fr\/359\/9782296545359_1_m.jpg","thumbnail":"https:\/\/images.epagine.fr\/359\/9782296545359_1_v.jpg"},"orderable":true,"show_badge":true,"formatted_price":"20,50&nbsp;\u20ac","formatted_published_date":"22 f\u00e9vrier 2011","publisher_availability_label":"Sur commande","short_details":"Abdelaziz Ayadi \u2014 \u00c9ditions L'Harmattan","translator":null,"weight":255,"page_count":198,"readership":null,"editor":"\u00c9ditions L'Harmattan","price":2050,"published_date":"2011-02-21T23:00:00.000000Z","support":"Grand format","publisher_availability":1,"stock":0,"editions":[],"url":"https:\/\/quaidesbrumes.com\/ouvrage\/9782296545359\/la-philosophie-claudicante-humanisme-tragique-et-joie-de-la-finitude"},{"id":"9782343050027","title":"Autrement per\u00e7u des langues ; il y a des idiomes o\u00f9 la nature apparait en premier et d'autres o\u00f9 c'est plut\u00f4t l'homme","description":"Nietzsche postulait, pour l'homme, un pi\u00e8tre m\u00e9lange de naturel et d'humain. O\u00f9 en est-on ? La Nature se mire dans l'oeil de l'homme, l'Homme s'oublie dans l'oeil de la nature. Le trafic d'images est ainsi accept\u00e9. L'auteur ne conteste que l'absolu des affirmations th\u00e9oriques, y introduisant leur relativit\u00e9. qu'est le per\u00e7u des langues.\r","authors":["Boris Lobatchev"],"category_codes":["9000000","9080000","9080200","9080204"],"visuals":{"large":"https:\/\/images.epagine.fr\/027\/9782343050027_1_75.jpg","medium":"https:\/\/images.epagine.fr\/027\/9782343050027_1_m.jpg","thumbnail":"https:\/\/images.epagine.fr\/027\/9782343050027_1_v.jpg"},"orderable":true,"show_badge":true,"formatted_price":"26,50&nbsp;\u20ac","formatted_published_date":"26 mars 2015","publisher_availability_label":"Sur commande","short_details":"Boris Lobatchev \u2014 \u00c9ditions L'Harmattan","translator":null,"weight":310,"page_count":350,"readership":null,"editor":"\u00c9ditions L'Harmattan","price":2650,"published_date":"2015-03-25T23:00:00.000000Z","support":"Grand format","publisher_availability":1,"stock":0,"editions":[],"url":"https:\/\/quaidesbrumes.com\/ouvrage\/9782343050027\/autrement-percu-des-langues-il-y-a-des-idiomes-ou-la-nature-apparait-en-premier-et-dautres-ou-cest-plutot-lhomme"},{"id":"9782296964013","title":"La construction du conservatisme moderne aux Etats-Unis","description":"Quelle est l'influence des r\u00e9seaux \"conservateurs\" et \"n\u00e9oconservateurs\" dans la politique am\u00e9ricaine ? Pourquoi et comment sont-ils parvenus \u00e0 y occuper une place pr\u00e9pond\u00e9rante ? Malgr\u00e9 cette \u00e9tiquette commune, ce conservatisme n'a jamais connu d'unit\u00e9 th\u00e9orique. C'est plut\u00f4t une coalition de groupes disparates (traditionnalistes, libertariens, conservateurs religieux, n\u00e9oconservateurs), promouvant des principes diff\u00e9rents, voire contradictoires.\r","authors":["Bernard Sionneau"],"category_codes":["9000000","9080000","9080200","9080204"],"visuals":{"large":"https:\/\/images.epagine.fr\/013\/9782296964013_1_75.jpg","medium":"https:\/\/images.epagine.fr\/013\/9782296964013_1_m.jpg","thumbnail":"https:\/\/images.epagine.fr\/013\/9782296964013_1_v.jpg"},"orderable":true,"show_badge":true,"formatted_price":"25,00&nbsp;\u20ac","formatted_published_date":"24 mai 2012","publisher_availability_label":"Sur commande","short_details":"Bernard Sionneau \u2014 \u00c9ditions L'Harmattan","translator":null,"weight":290,"page_count":228,"readership":null,"editor":"\u00c9ditions L'Harmattan","price":2500,"published_date":"2012-05-23T22:00:00.000000Z","support":"Grand format","publisher_availability":1,"stock":0,"editions":[],"url":"https:\/\/quaidesbrumes.com\/ouvrage\/9782296964013\/la-construction-du-conservatisme-moderne-aux-etats-unis"},{"id":"9782918527077","title":"R\u00e9volutions nous ! d'un Rimbaud l'autre","description":"Ce livret travaille contre \"l'horrible cercle\" qui nous fait tourner en rond sous la lumi\u00e8re aveuglante du spectacle et du rien. \r\nCette alerte est deleuzienne car elle date d\u00e9j\u00e0 du vingt-et-uni\u00e8me si\u00e8cle. \r\nIl faut, Comme Gilles Deleuze en 1973, dire \"merde \u00e0 tout (le) th\u00e9\u00e2tre mortif\u00e8re, imaginaire ou symbolique\". Il faut demander \"rien d'autre qu'un peu de vraie relation avec le dehors, un peu de r\u00e9alit\u00e9 r\u00e9elle\". Il faut r\u00e9clamer \"le droit d'une l\u00e9g\u00e8ret\u00e9 et d'une incomp\u00e9tence radicales\" et puis annoncer en entrant dans le cercle : \u00e7a sent mauvais chez nous, \"\u00e7a sent la grande mort et le petit moi\".\r","authors":["Alain Jugnon"],"category_codes":["9000000","9080000","9080200","9080204"],"visuals":{"large":"https:\/\/images.epagine.fr\/077\/9782918527077_1_75.jpg","medium":"https:\/\/images.epagine.fr\/077\/9782918527077_1_m.jpg","thumbnail":"https:\/\/images.epagine.fr\/077\/9782918527077_1_v.jpg"},"orderable":true,"show_badge":true,"formatted_price":"4,00&nbsp;\u20ac","formatted_published_date":"22 juin 2011","publisher_availability_label":"Sur commande","short_details":"Alain Jugnon \u2014 D'Ores Et Deja","translator":null,"weight":53,"page_count":null,"readership":null,"editor":"D'Ores Et Deja","price":400,"published_date":"2011-06-21T22:00:00.000000Z","support":"Poche","publisher_availability":1,"stock":0,"editions":[],"url":"https:\/\/quaidesbrumes.com\/ouvrage\/9782918527077\/revolutions-nous-dun-rimbaud-lautre"},{"id":"9782847431223","title":"Philosophies et non-philosophie de la traduction","description":null,"authors":["Rao Sathya"],"category_codes":["9000000","9080000","9080700"],"visuals":{"large":"https:\/\/quaidesbrumes.com\/img\/book-placeholder.png","medium":"https:\/\/quaidesbrumes.com\/img\/book-placeholder.png","thumbnail":"https:\/\/quaidesbrumes.com\/img\/book-placeholder.png"},"orderable":true,"show_badge":true,"formatted_price":"28,00&nbsp;\u20ac","formatted_published_date":"17 ao\u00fbt 2015","publisher_availability_label":"Sur commande","short_details":"Rao Sathya \u2014 Petra","translator":null,"weight":430,"page_count":null,"readership":null,"editor":"Petra","price":2800,"published_date":"2015-08-16T22:00:00.000000Z","support":"Grand format","publisher_availability":1,"stock":0,"editions":[],"url":"https:\/\/quaidesbrumes.com\/ouvrage\/9782847431223\/philosophies-et-non-philosophie-de-la-traduction"},{"id":"9782343046174","title":"La louche, la balance et la pipe ; cancer : l'ab\u00e9c\u00e9daire","description":"M\u00e9decin, oncologue r\u00e9put\u00e9, chercheur, g\u00e9n\u00e9ticien, philosophe, Philippe Vennin a d\u00e9j\u00e0 un cancer lorsqu'il se met \u00e0 \u00e9crire cet Ab\u00e9c\u00e9daire. Cet ouvrage, facile de lecture, o\u00f9 le vocabulaire que nous utilisons au quotidien est le fil conducteur, refl\u00e8te parfaitement les questionnements de l'auteur et sa r\u00e9flexion bas\u00e9e sur la science et la philosophie.\r","authors":["Philippe Vennin"],"category_codes":["9000000","9080000","9080200","9080204"],"visuals":{"large":"https:\/\/images.epagine.fr\/174\/9782343046174_1_75.jpg","medium":"https:\/\/images.epagine.fr\/174\/9782343046174_1_m.jpg","thumbnail":"https:\/\/images.epagine.fr\/174\/9782343046174_1_v.jpg"},"orderable":true,"show_badge":true,"formatted_price":"21,50&nbsp;\u20ac","formatted_published_date":"16 d\u00e9cembre 2014","publisher_availability_label":"Sur commande","short_details":"Philippe Vennin \u2014 \u00c9ditions L'Harmattan","translator":null,"weight":270,"page_count":220,"readership":null,"editor":"\u00c9ditions L'Harmattan","price":2150,"published_date":"2014-12-15T23:00:00.000000Z","support":"Grand format","publisher_availability":1,"stock":0,"editions":[],"url":"https:\/\/quaidesbrumes.com\/ouvrage\/9782343046174\/la-louche-la-balance-et-la-pipe-cancer-labecedaire"},{"id":"9782296995895","title":"Toward the one who is Tome 4 ; chronicle of invitation to life","description":"Toward the One Who Is, the fourth book of interviews that Yvonne Trubert granted to the Book of IVI, the association's newspaper under her name, touches topics such as Health, Water, the Pilgrimage, Inner Peace and Volunteerism. She offers elements of reflection dedicated to the most routine concerns as well as the more subtle questions about the fate of man and his place in the cosmos. Overall, two issues dominate: the power of love and the divine presence.\r","authors":["Yvonne Trubert"],"category_codes":["9000000","9080000","9080200","9080204"],"visuals":{"large":"https:\/\/images.epagine.fr\/895\/9782296995895_1_75.jpg","medium":"https:\/\/images.epagine.fr\/895\/9782296995895_1_m.jpg","thumbnail":"https:\/\/images.epagine.fr\/895\/9782296995895_1_v.jpg"},"orderable":true,"show_badge":true,"formatted_price":"14,50&nbsp;\u20ac","formatted_published_date":"13 juin 2012","publisher_availability_label":"Sur commande","short_details":"Yvonne Trubert \u2014 \u00c9ditions L'Harmattan","translator":null,"weight":165,"page_count":null,"readership":null,"editor":"\u00c9ditions L'Harmattan","price":1450,"published_date":"2012-06-12T22:00:00.000000Z","support":"Grand format","publisher_availability":1,"stock":0,"editions":[],"url":"https:\/\/quaidesbrumes.com\/ouvrage\/9782296995895\/toward-the-one-who-is-tome-4-chronicle-of-invitation-to-life"},{"id":"9782296138605","title":"Du salut au savoir ; la philosophie captive Tome 2","description":"Ce deuxi\u00e8me tome de La Philosophie captive, Du salut au savoir, retrouve la r\u00e9flexion philosophique dans les d\u00e9bats qui naissent de la Renaissance et qui se nourrissent du d\u00e9veloppement des sciences exp\u00e9rimentales, apr\u00e8s la r\u00e9volution galil\u00e9enne et la synth\u00e8se newtonienne. Trois sortes de discours animent les voix de la civilisation occidentale : le discours religieux, le discours philosophique, le discours scientifique. Ces essais voudraient \u00e9clairer les raisons qui, au cours de deux mill\u00e9naires, ont tent\u00e9 de mettre la philosophie sous tutelle.\r","authors":["Jean-paul Charrier"],"category_codes":["9000000","9080000","9080200","9080204"],"visuals":{"large":"https:\/\/images.epagine.fr\/605\/9782296138605_1_75.jpg","medium":"https:\/\/images.epagine.fr\/605\/9782296138605_1_m.jpg","thumbnail":"https:\/\/images.epagine.fr\/605\/9782296138605_1_v.jpg"},"orderable":true,"show_badge":true,"formatted_price":"30,00&nbsp;\u20ac","formatted_published_date":"21 f\u00e9vrier 2011","publisher_availability_label":"Sur commande","short_details":"Jean-paul Charrier \u2014 \u00c9ditions L'Harmattan","translator":null,"weight":468,"page_count":284,"readership":null,"editor":"\u00c9ditions L'Harmattan","price":3000,"published_date":"2011-02-20T23:00:00.000000Z","support":"Grand format","publisher_availability":1,"stock":0,"editions":[],"url":"https:\/\/quaidesbrumes.com\/ouvrage\/9782296138605\/du-salut-au-savoir-la-philosophie-captive-tome-2"},{"id":"9782204094047","title":"La philosophie comme exercice du vertige","description":"Et si la meilleure mani\u00e8re de se d\u00e9couvrir philosophe \u00e9tait de se sentir interpell\u00e9 par les interrogations de la vie ? La vie quand elle nous bouscule et bouleverse, quand elle nous fait basculer dans d'impr\u00e9visibles vertiges... N'avons-nous pas \u00e9t\u00e9 un jour saisi de plein fouet par l'\u00e9trange sentiment du vertige ? Vertige d'exister, vertige du doute, vertige de vivre, vertige d'aimer, vertige du d\u00e9sir, de la beaut\u00e9, de la libert\u00e9, mais aussi vertige du mal, de l'angoisse, du temps, de la mort... Pourquoi le vertige ? Le vertige est toujours li\u00e9 \u00e0 la question du pourquoi, mais c'est un pourquoi qui nous jette en bordure d'ab\u00eeme. Nous perdons pied devant d'impossibles r\u00e9ponses. Ce n'est pas seulement la raison qui bascule. C'est nous-m\u00eame, c'est notre vie. Et si c'\u00e9tait l\u00e0 notre condition m\u00eame ? Ne sommes-nous pas des \u00eatres finis, \u00e9ph\u00e9m\u00e8res, contingents et mortels ? Qu'y a-t-il donc derri\u00e8re nos vertiges ? Peut-on en dire les lieux, en d\u00e9limiter les contours, essayer d'en explorer les voies ? Le vertige est propos\u00e9 ici comme un lieu d'\u00e9veil et comme l'exercice d'un travail sur soi : salutaire arrachement au confort, aux conventions, aux habitudes acquises. Mais aussi ouverture aux manifestations insoup\u00e7onn\u00e9es de la vie, appel \u00e0 l'invention de soi, aux remodelages de nos choix. Exp\u00e9riences que nous souhaitons propices \u00e0 d'\u00e9tonnantes d\u00e9couvertes. Elles peuvent conduire \u00e0 la lumi\u00e8re d'un autre regard sur soi. -- What if the best way to reveal the philosopher within ourselves were to feel concerned by the questions life poses? When life upsets and disturbs us, when it thrusts us into unforeseen spirals... Haven't we all, one day, been suddenly overtaken by a strange feeling of vertigo? The vertigo of existence, of doubt, of living, of loving, of desiring, of beauty, of freedom ; but also the vertigo of evil, anguish, time, death... Why do we feel vertigo? It is always linked to the question 'Why?'; a why that takes us to the edge of the precipice. We are lost when an answer cannot be found. It's not only our reason that topples over. It is ourselves, our lives. Could this be our true condition? Are we not finite beings, ephemeral, contingent and mortal? So what lies behind the vertigo? Can we determine its situation, its contours, try to explore its ways? This experience of vertigo is presented here as a place of awakening and an exercise of self-development: a salutary removal of comfort, conventions and programmed habits. But it is also an opening onto unsuspected manifestations of life, a call to invent the self, to remodel our choices. We would like this experience to be the occasion of amazing discoveries that lead into the light and a new look at oneself.","authors":["Fran\u00c7ois Gachoud"],"category_codes":["9000000","9080000","9080200","9080204"],"visuals":{"large":"https:\/\/images.epagine.fr\/047\/9782204094047_1_75.jpg","medium":"https:\/\/images.epagine.fr\/047\/9782204094047_1_m.jpg","thumbnail":"https:\/\/images.epagine.fr\/047\/9782204094047_1_v.jpg"},"orderable":true,"show_badge":true,"formatted_price":"18,00&nbsp;\u20ac","formatted_published_date":"24 f\u00e9vrier 2011","publisher_availability_label":"Sur commande","short_details":"Fran\u00c7ois Gachoud \u2014 Les \u00e9ditions du Cerf","translator":null,"weight":209,"page_count":150,"readership":null,"editor":"Les \u00e9ditions du Cerf","price":1800,"published_date":"2011-02-23T23:00:00.000000Z","support":"Grand format","publisher_availability":1,"stock":0,"editions":[],"url":"https:\/\/quaidesbrumes.com\/ouvrage\/9782204094047\/la-philosophie-comme-exercice-du-vertige"},{"id":"9782296127203","title":"Fichte, philosophe du \"non-moi\" ; faut-il croire en l'existence d'un monde ext\u00e9rieur ?","description":"Que voit-on en ouvrant un ouvrage de Fichte ? De bien curieux \u00e9nonc\u00e9s, \u00e9nigmatiques, abstraits et apparemment tr\u00e8s r\u00e9p\u00e9titifs.\r\nQue l'on prenne au hasard quatre ou cinq pages des Principes de la Doctrine de la science, il y sera question de \" Moi absolu \", de \" Non-Moi pos\u00e9 \", d'\" auto-affection du Moi \" ou encore de \" transfert dans le Non-Moi \". L'id\u00e9alisme allemand est, non sans raisons, r\u00e9put\u00e9 difficile d'acc\u00e8s, car tr\u00e8s abstrait et technique. C'est pourquoi cet ouvrage propose une approche accessible de la philosophie d\u00e9velopp\u00e9e par Fichte durant les ann\u00e9es 1792-1800.\r\nAfin d'y parvenir, nous articulerons notre \u00e9tude autour d'un \u00e9trange n\u00e9ologisme, qui se r\u00e9v\u00e8le central dans la conception que Fichte se fait du rapport entre le sujet et le monde ext\u00e9rieur : le \" Non-Moi \" (Nicht-Ich). \u00c0 quoi bon mener une recherche sur la r\u00e9alit\u00e9, apparemment ind\u00e9niable, du monde que je per\u00e7ois, et que nous percevons tous ? Mais, \u00e0 la r\u00e9flexion, sur quoi repose cette croyance naturelle, et ne serait-il pas plus prudent d'en rester \u00e0 l'affirmation solipsiste de ma seule existence ? Comment pr\u00e9tendre faire provenir le Non-Moi du Moi lui-m\u00eame ? N'est-ce pas aussi st\u00e9rile et absurde que de vouloir s'extraire d'un mar\u00e9cage en tirant sur ses propres cheveux ? C'est \u00e0 ces questions que nous devrons r\u00e9pondre si nous voulons saisir le sens profond de la notion de \" Non-Moi \" et le statut qu'il convient d'accorder \u00e0 notre croyance en la r\u00e9alit\u00e9 du monde ext\u00e9rieur.\r","authors":["Sylvain Portier"],"category_codes":["9000000","9080000","9080200","9080204"],"visuals":{"large":"https:\/\/images.epagine.fr\/203\/9782296127203_1_75.jpg","medium":"https:\/\/images.epagine.fr\/203\/9782296127203_1_m.jpg","thumbnail":"https:\/\/images.epagine.fr\/203\/9782296127203_1_v.jpg"},"orderable":true,"show_badge":true,"formatted_price":"17,50&nbsp;\u20ac","formatted_published_date":"23 novembre 2010","publisher_availability_label":"Sur commande","short_details":"Sylvain Portier \u2014 \u00c9ditions L'Harmattan","translator":null,"weight":220,"page_count":165,"readership":null,"editor":"\u00c9ditions L'Harmattan","price":1750,"published_date":"2010-11-22T23:00:00.000000Z","support":"Grand format","publisher_availability":1,"stock":0,"editions":[],"url":"https:\/\/quaidesbrumes.com\/ouvrage\/9782296127203\/fichte-philosophe-du-non-moi-faut-il-croire-en-lexistence-dun-monde-exterieur"}]}