{"data":[{"id":"9782829305009","title":"Du bon usage de la m\u00e9moire","description":"Chaque \u00e9v\u00e9nement est unique.  Primo Levi distingue entre les faits et l'\u00e9v\u00e9nement. Or la shoah reste irr\u00e9ductible. Arendt et Furet en rappellent le sens. Entre l'oubli et l'\u00e9ducation, Todorov et Marienstras vont s'accorder. Il faut r\u00e9fl\u00e9chir sur les abus et entretenir l'effroi. Ce livre nous y aide.","authors":["Alain Finkielkraut","Richard Marienstras","Tzvetan Todorov"],"category_codes":["9000000","9080000","9080200","9080204"],"visuals":{"large":"https:\/\/images.epagine.fr\/009\/9782829305009_1_75.jpg","medium":"https:\/\/images.epagine.fr\/009\/9782829305009_1_m.jpg","thumbnail":"https:\/\/images.epagine.fr\/009\/9782829305009_1_v.jpg"},"orderable":true,"show_badge":true,"formatted_price":"7,50&nbsp;\u20ac","formatted_published_date":"31 ao\u00fbt 2010","publisher_availability_label":"Sur commande","short_details":"Alain Finkielkraut, Richard Marienstras, Tzvetan Todorov \u2014 Tricorne","translator":null,"weight":70,"page_count":null,"readership":null,"editor":"Tricorne","price":750,"published_date":"2010-08-30T22:00:00.000000Z","support":"Grand format","publisher_availability":1,"stock":0,"editions":[],"url":"https:\/\/quaidesbrumes.com\/ouvrage\/9782829305009\/du-bon-usage-de-la-memoire"},{"id":"9782296960664","title":"De la question strat\u00e9gique en philosophie politique ; essais sur la politique, la culture, l'\u00e9cologie","description":"En \u00e9cho \u00e0 la crainte de voir \" la politique dispara\u00eetre compl\u00e8tement du monde \" (Arendt), ces essais de philosophie politique interrogent les formes actuelles que peut rev\u00eatir cette disparition. Trois axes semblent se d\u00e9tacher : la domination du (n\u00e9o)lib\u00e9ralisme ; le retour du religieux ; la mainmise de l'expertise sur la vie d\u00e9mocratique. Contre une philosophie politique pure, l'id\u00e9e est ici la suivante : comment articuler strat\u00e9giquement, dans le sillage de Bensa\u00efd, philosophie et politique ?","authors":["Hans Cova"],"category_codes":["9000000","9080000","9080200","9080204"],"visuals":{"large":"https:\/\/images.epagine.fr\/664\/9782296960664_1_75.jpg","medium":"https:\/\/images.epagine.fr\/664\/9782296960664_1_m.jpg","thumbnail":"https:\/\/images.epagine.fr\/664\/9782296960664_1_v.jpg"},"orderable":true,"show_badge":true,"formatted_price":"15,00&nbsp;\u20ac","formatted_published_date":"14 mars 2012","publisher_availability_label":"Sur commande","short_details":"Hans Cova \u2014 \u00c9ditions L'Harmattan","translator":null,"weight":168,"page_count":128,"readership":null,"editor":"\u00c9ditions L'Harmattan","price":1500,"published_date":"2012-03-13T23:00:00.000000Z","support":"Grand format","publisher_availability":1,"stock":0,"editions":[],"url":"https:\/\/quaidesbrumes.com\/ouvrage\/9782296960664\/de-la-question-strategique-en-philosophie-politique-essais-sur-la-politique-la-culture-lecologie"},{"id":"9782296544499","title":"\"le pas au-del\u00e0\" de Maurice Blanchot ; \u00e9criture et \u00e9ternel retour","description":"La lecture que nous proposons de l'oeuvre Le pas au-del\u00e0 de Maurice Blanchot sera moins une approche conceptuelle qu'une attention maintenue aux concr\u00e9tions \u00e9crites que sont les fragments, aux silences, ainsi qu'\u00e0 la mani\u00e8re dont le texte est contamin\u00e9 par certains affects comme l'angoisse ou la peur, nous permettant de suivre le trac\u00e9 de l'\u00e9criture dans son \u00e9paisseur intensive et jamais tout \u00e0 fait s\u00e9diment\u00e9e.","authors":["Christophe Samarsky"],"category_codes":["9000000","9080000","9080200","9080204"],"visuals":{"large":"https:\/\/images.epagine.fr\/499\/9782296544499_1_75.jpg","medium":"https:\/\/images.epagine.fr\/499\/9782296544499_1_m.jpg","thumbnail":"https:\/\/images.epagine.fr\/499\/9782296544499_1_v.jpg"},"orderable":true,"show_badge":true,"formatted_price":"12,50&nbsp;\u20ac","formatted_published_date":"1er mars 2011","publisher_availability_label":"Sur commande","short_details":"Christophe Samarsky \u2014 \u00c9ditions L'Harmattan","translator":null,"weight":140,"page_count":null,"readership":null,"editor":"\u00c9ditions L'Harmattan","price":1250,"published_date":"2011-02-28T23:00:00.000000Z","support":"Grand format","publisher_availability":1,"stock":0,"editions":[],"url":"https:\/\/quaidesbrumes.com\/ouvrage\/9782296544499\/le-pas-au-dela-de-maurice-blanchot-ecriture-et-eternel-retour"},{"id":"9782013455930","title":"James darmesteter","description":"James Darmesteter \/ Gabriel Monod Date de l'\u00e9dition originale : 1895 Sujet de l'ouvrage : Darmesteter, James (1849-1894) Ce livre est la reproduction fid\u00e8le d'une oeuvre publi\u00e9e avant 1920 et fait partie d'une collection de livres r\u00e9imprim\u00e9s \u00e0 la demande \u00e9dit\u00e9e par Hachette Livre, dans le cadre d'un partenariat avec la Biblioth\u00e8que nationale de France, offrant l'opportunit\u00e9 d'acc\u00e9der \u00e0 des ouvrages anciens et souvent rares issus des fonds patrimoniaux de la BnF.\r\nLes oeuvres faisant partie de cette collection ont \u00e9t\u00e9 num\u00e9ris\u00e9es par la BnF et sont pr\u00e9sentes sur Gallica, sa biblioth\u00e8que num\u00e9rique.\r\n\r\nEn entreprenant de redonner vie \u00e0 ces ouvrages au travers d'une collection de livres r\u00e9imprim\u00e9s \u00e0 la demande, nous leur donnons la possibilit\u00e9 de rencontrer un public \u00e9largi et participons \u00e0 la transmission de connaissances et de savoirs parfois difficilement accessibles.\r\nNous avons cherch\u00e9 \u00e0 concilier la reproduction fid\u00e8le d'un livre ancien \u00e0 partir de sa version num\u00e9ris\u00e9e avec le souci d'un confort de lecture optimal. Nous esp\u00e9rons que les ouvrages de cette nouvelle collection vous apporteront enti\u00e8re satisfaction.\r\n\r\nPour plus d'informations, rendez-vous sur www.hachettebnf.fr","authors":["Monod Gabriel"],"category_codes":["9000000","9080000","9080600"],"visuals":{"large":"https:\/\/images.epagine.fr\/930\/9782013455930_1_75.jpg","medium":"https:\/\/images.epagine.fr\/930\/9782013455930_1_m.jpg","thumbnail":"https:\/\/images.epagine.fr\/930\/9782013455930_1_v.jpg"},"orderable":true,"show_badge":true,"formatted_price":"9,50&nbsp;\u20ac","formatted_published_date":"1er octobre 2014","publisher_availability_label":"Sur commande","short_details":"Monod Gabriel \u2014 Hachette BNF","translator":null,"weight":45,"page_count":null,"readership":null,"editor":"Hachette BNF","price":950,"published_date":"2014-09-30T22:00:00.000000Z","support":"Grand format","publisher_availability":1,"stock":0,"editions":[],"url":"https:\/\/quaidesbrumes.com\/ouvrage\/9782013455930\/james-darmesteter"},{"id":"3760038820519","title":"Autour d'Arunachala ; la montagne en tant que ma\u00eetre","description":"Arunachala est au-dedans,  et non au-dehors ; \r\nLe Soi est Arunachala, ainsi le myst\u00e8re  du Mont est le myst\u00e8re du Soi.\r\n- Ramana Maharshi Ce film musical original sur Arunachala enrichi de citations de Ramana Maharshi et de H.W.L. Poonja, vous invite \u00e0 un \u00ab\u00a0pradakshina \u00bb autour d'une des montagnes les plus sacr\u00e9es de tous les lieux saints de l'Inde. Arunachala est consid\u00e9r\u00e9e comme l'incarnation du Dieu hindou Shiva, destructeur de l'illusion et de l'ego. Pour Ramana Maharshi, \u00ab\u00a0pradakshina \u00bb signifie\u00a0: Tout est en moi. Cette m\u00e9ditation autour du Soi est le circuit supr\u00eame qui conduit \u00e0 la d\u00e9livrance.\r\nCet hommage \u00e0 la montagne est une m\u00e9ditation en soi. L'inexplicable parfum subtil de l'Inde sacr\u00e9e se d\u00e9gage de la lumi\u00e8re des images, de musiques indiennes, et de chants inspir\u00e9s compos\u00e9s par des disciples occidentaux de Poonja. Une pr\u00e9sentation originale, spontan\u00e9e et vivante qui, au lieu de nourrir l'intellect d'un savoir conceptuel, apporte \u00e0 l'esprit ouvert ferveur et calme int\u00e9rieur.\r\nC'est sur cette colline \u00e0 la pr\u00e9sence exceptionnelle que Ramana Maharshi v\u00e9cut la majeure partie de sa vie (de 1896 \u00e0 1950). Il la consid\u00e9rait comme son Ma\u00eetre et lui a d\u00e9di\u00e9 de nombreux hymnes po\u00e9tiques.","authors":["Arunachala"],"category_codes":["9000000","9080000"],"visuals":{"large":"https:\/\/images.epagine.fr\/519\/3760038820519_1_75.jpg","medium":"https:\/\/images.epagine.fr\/519\/3760038820519_1_m.jpg","thumbnail":"https:\/\/images.epagine.fr\/519\/3760038820519_1_v.jpg"},"orderable":true,"show_badge":true,"formatted_price":"0,00&nbsp;\u20ac","formatted_published_date":"16 juin 1997","publisher_availability_label":"Sur commande","short_details":"Arunachala \u2014 Innerquest","translator":null,"weight":100,"page_count":null,"readership":null,"editor":"Innerquest","price":0,"published_date":"1997-06-15T22:00:00.000000Z","support":"DVD","publisher_availability":1,"stock":0,"editions":[],"url":"https:\/\/quaidesbrumes.com\/ouvrage\/3760038820519\/autour-darunachala-la-montagne-en-tant-que-maitre"},{"id":"9782013455961","title":"Correspondance inedite d'auguste comte 1ere serie","description":"Correspondance in\u00e9dite d'Auguste Comte.... 1\u00e8re s\u00e9rie Date de l'\u00e9dition originale : 1903-1904 Sujet de l'ouvrage : Comte, Auguste (1798-1857) -- Correspondance Ce livre est la reproduction fid\u00e8le d'une oeuvre publi\u00e9e avant 1920 et fait partie d'une collection de livres r\u00e9imprim\u00e9s \u00e0 la demande \u00e9dit\u00e9e par Hachette Livre, dans le cadre d'un partenariat avec la Biblioth\u00e8que nationale de France, offrant l'opportunit\u00e9 d'acc\u00e9der \u00e0 des ouvrages anciens et souvent rares issus des fonds patrimoniaux de la BnF.\r\nLes oeuvres faisant partie de cette collection ont \u00e9t\u00e9 num\u00e9ris\u00e9es par la BnF et sont pr\u00e9sentes sur Gallica, sa biblioth\u00e8que num\u00e9rique.\r\n\r\nEn entreprenant de redonner vie \u00e0 ces ouvrages au travers d'une collection de livres r\u00e9imprim\u00e9s \u00e0 la demande, nous leur donnons la possibilit\u00e9 de rencontrer un public \u00e9largi et participons \u00e0 la transmission de connaissances et de savoirs parfois difficilement accessibles.\r\nNous avons cherch\u00e9 \u00e0 concilier la reproduction fid\u00e8le d'un livre ancien \u00e0 partir de sa version num\u00e9ris\u00e9e avec le souci d'un confort de lecture optimal. Nous esp\u00e9rons que les ouvrages de cette nouvelle collection vous apporteront enti\u00e8re satisfaction.\r\n\r\nPour plus d'informations, rendez-vous sur www.hachettebnf.fr","authors":["Auguste Comte"],"category_codes":["9000000","9080000","9080600"],"visuals":{"large":"https:\/\/images.epagine.fr\/961\/9782013455961_1_75.jpg","medium":"https:\/\/images.epagine.fr\/961\/9782013455961_1_m.jpg","thumbnail":"https:\/\/images.epagine.fr\/961\/9782013455961_1_v.jpg"},"orderable":true,"show_badge":true,"formatted_price":"24,50&nbsp;\u20ac","formatted_published_date":"1er octobre 2014","publisher_availability_label":"Sur commande","short_details":"Auguste Comte \u2014 Hachette BNF","translator":null,"weight":498,"page_count":null,"readership":null,"editor":"Hachette BNF","price":2450,"published_date":"2014-09-30T22:00:00.000000Z","support":"Grand format","publisher_availability":1,"stock":0,"editions":[],"url":"https:\/\/quaidesbrumes.com\/ouvrage\/9782013455961\/correspondance-inedite-dauguste-comte-1ere-serie"},{"id":"9782013455978","title":"Correspondance inedite d'auguste comte 2ere serie","description":"Correspondance in\u00e9dite d'Auguste Comte.... 2\u00e8me s\u00e9rie Date de l'\u00e9dition originale : 1903-1904 Sujet de l'ouvrage : Comte, Auguste (1798-1857) -- Correspondance Ce livre est la reproduction fid\u00e8le d'une oeuvre publi\u00e9e avant 1920 et fait partie d'une collection de livres r\u00e9imprim\u00e9s \u00e0 la demande \u00e9dit\u00e9e par Hachette Livre, dans le cadre d'un partenariat avec la Biblioth\u00e8que nationale de France, offrant l'opportunit\u00e9 d'acc\u00e9der \u00e0 des ouvrages anciens et souvent rares issus des fonds patrimoniaux de la BnF.\r\nLes oeuvres faisant partie de cette collection ont \u00e9t\u00e9 num\u00e9ris\u00e9es par la BnF et sont pr\u00e9sentes sur Gallica, sa biblioth\u00e8que num\u00e9rique.\r\n\r\nEn entreprenant de redonner vie \u00e0 ces ouvrages au travers d'une collection de livres r\u00e9imprim\u00e9s \u00e0 la demande, nous leur donnons la possibilit\u00e9 de rencontrer un public \u00e9largi et participons \u00e0 la transmission de connaissances et de savoirs parfois difficilement accessibles.\r\nNous avons cherch\u00e9 \u00e0 concilier la reproduction fid\u00e8le d'un livre ancien \u00e0 partir de sa version num\u00e9ris\u00e9e avec le souci d'un confort de lecture optimal. Nous esp\u00e9rons que les ouvrages de cette nouvelle collection vous apporteront enti\u00e8re satisfaction.\r\n\r\nPour plus d'informations, rendez-vous sur www.hachettebnf.fr","authors":["Auguste Comte"],"category_codes":["9000000","9080000","9080600"],"visuals":{"large":"https:\/\/images.epagine.fr\/978\/9782013455978_1_75.jpg","medium":"https:\/\/images.epagine.fr\/978\/9782013455978_1_m.jpg","thumbnail":"https:\/\/images.epagine.fr\/978\/9782013455978_1_v.jpg"},"orderable":true,"show_badge":true,"formatted_price":"26,50&nbsp;\u20ac","formatted_published_date":"1er octobre 2014","publisher_availability_label":"Sur commande","short_details":"Auguste Comte \u2014 Hachette BNF","translator":null,"weight":576,"page_count":null,"readership":null,"editor":"Hachette BNF","price":2650,"published_date":"2014-09-30T22:00:00.000000Z","support":"Grand format","publisher_availability":1,"stock":0,"editions":[],"url":"https:\/\/quaidesbrumes.com\/ouvrage\/9782013455978\/correspondance-inedite-dauguste-comte-2ere-serie"},{"id":"9782013455985","title":"Correspondance inedite d'auguste comte 3ere serie","description":"Correspondance in\u00e9dite d'Auguste Comte.... 3\u00e8me s\u00e9rie Date de l'\u00e9dition originale : 1903-1904 Sujet de l'ouvrage : Comte, Auguste (1798-1857) -- Correspondance Ce livre est la reproduction fid\u00e8le d'une oeuvre publi\u00e9e avant 1920 et fait partie d'une collection de livres r\u00e9imprim\u00e9s \u00e0 la demande \u00e9dit\u00e9e par Hachette Livre, dans le cadre d'un partenariat avec la Biblioth\u00e8que nationale de France, offrant l'opportunit\u00e9 d'acc\u00e9der \u00e0 des ouvrages anciens et souvent rares issus des fonds patrimoniaux de la BnF.\r\nLes oeuvres faisant partie de cette collection ont \u00e9t\u00e9 num\u00e9ris\u00e9es par la BnF et sont pr\u00e9sentes sur Gallica, sa biblioth\u00e8que num\u00e9rique.\r\n\r\nEn entreprenant de redonner vie \u00e0 ces ouvrages au travers d'une collection de livres r\u00e9imprim\u00e9s \u00e0 la demande, nous leur donnons la possibilit\u00e9 de rencontrer un public \u00e9largi et participons \u00e0 la transmission de connaissances et de savoirs parfois difficilement accessibles.\r\nNous avons cherch\u00e9 \u00e0 concilier la reproduction fid\u00e8le d'un livre ancien \u00e0 partir de sa version num\u00e9ris\u00e9e avec le souci d'un confort de lecture optimal. Nous esp\u00e9rons que les ouvrages de cette nouvelle collection vous apporteront enti\u00e8re satisfaction.\r\n\r\nPour plus d'informations, rendez-vous sur www.hachettebnf.fr","authors":["Auguste Comte"],"category_codes":["9000000","9080000","9080600"],"visuals":{"large":"https:\/\/images.epagine.fr\/985\/9782013455985_1_75.jpg","medium":"https:\/\/images.epagine.fr\/985\/9782013455985_1_m.jpg","thumbnail":"https:\/\/images.epagine.fr\/985\/9782013455985_1_v.jpg"},"orderable":true,"show_badge":true,"formatted_price":"24,50&nbsp;\u20ac","formatted_published_date":"1er octobre 2014","publisher_availability_label":"Sur commande","short_details":"Auguste Comte \u2014 Hachette BNF","translator":null,"weight":495,"page_count":null,"readership":null,"editor":"Hachette BNF","price":2450,"published_date":"2014-09-30T22:00:00.000000Z","support":"Grand format","publisher_availability":1,"stock":0,"editions":[],"url":"https:\/\/quaidesbrumes.com\/ouvrage\/9782013455985\/correspondance-inedite-dauguste-comte-3ere-serie"},{"id":"9782013455992","title":"Correspondance inedite d'auguste comte 4ere serie","description":"Correspondance in\u00e9dite d'Auguste Comte.... 4\u00e8me s\u00e9rie Date de l'\u00e9dition originale : 1903-1904 Sujet de l'ouvrage : Comte, Auguste (1798-1857) -- Correspondance Ce livre est la reproduction fid\u00e8le d'une oeuvre publi\u00e9e avant 1920 et fait partie d'une collection de livres r\u00e9imprim\u00e9s \u00e0 la demande \u00e9dit\u00e9e par Hachette Livre, dans le cadre d'un partenariat avec la Biblioth\u00e8que nationale de France, offrant l'opportunit\u00e9 d'acc\u00e9der \u00e0 des ouvrages anciens et souvent rares issus des fonds patrimoniaux de la BnF.\r\nLes oeuvres faisant partie de cette collection ont \u00e9t\u00e9 num\u00e9ris\u00e9es par la BnF et sont pr\u00e9sentes sur Gallica, sa biblioth\u00e8que num\u00e9rique.\r\n\r\nEn entreprenant de redonner vie \u00e0 ces ouvrages au travers d'une collection de livres r\u00e9imprim\u00e9s \u00e0 la demande, nous leur donnons la possibilit\u00e9 de rencontrer un public \u00e9largi et participons \u00e0 la transmission de connaissances et de savoirs parfois difficilement accessibles.\r\nNous avons cherch\u00e9 \u00e0 concilier la reproduction fid\u00e8le d'un livre ancien \u00e0 partir de sa version num\u00e9ris\u00e9e avec le souci d'un confort de lecture optimal. Nous esp\u00e9rons que les ouvrages de cette nouvelle collection vous apporteront enti\u00e8re satisfaction.\r\n\r\nPour plus d'informations, rendez-vous sur www.hachettebnf.fr","authors":["Auguste Comte"],"category_codes":["9000000","9080000","9080600"],"visuals":{"large":"https:\/\/images.epagine.fr\/992\/9782013455992_1_75.jpg","medium":"https:\/\/images.epagine.fr\/992\/9782013455992_1_m.jpg","thumbnail":"https:\/\/images.epagine.fr\/992\/9782013455992_1_v.jpg"},"orderable":true,"show_badge":true,"formatted_price":"24,50&nbsp;\u20ac","formatted_published_date":"1er octobre 2014","publisher_availability_label":"Sur commande","short_details":"Auguste Comte \u2014 Hachette BNF","translator":null,"weight":489,"page_count":null,"readership":null,"editor":"Hachette BNF","price":2450,"published_date":"2014-09-30T22:00:00.000000Z","support":"Grand format","publisher_availability":1,"stock":0,"editions":[],"url":"https:\/\/quaidesbrumes.com\/ouvrage\/9782013455992\/correspondance-inedite-dauguste-comte-4ere-serie"},{"id":"9782705673055","title":"Ces paradoxes qui nous habitent","description":"Un panorama philosophique, scientifique et humoristique des paradoxes inscrits dans les multiples facettes de l'\u00eatre humain.","authors":["Michel M\u00e9tayer"],"category_codes":["9000000","9080000","9080200","9080204"],"visuals":{"large":"https:\/\/images.epagine.fr\/055\/9782705673055_1_75.jpg","medium":"https:\/\/images.epagine.fr\/055\/9782705673055_1_m.jpg","thumbnail":"https:\/\/images.epagine.fr\/055\/9782705673055_1_v.jpg"},"orderable":true,"show_badge":true,"formatted_price":"28,00&nbsp;\u20ac","formatted_published_date":"15 janvier 2014","publisher_availability_label":"Sur commande","short_details":"Michel M\u00e9tayer \u2014 Hermann","translator":null,"weight":360,"page_count":282,"readership":null,"editor":"Hermann","price":2800,"published_date":"2014-01-14T23:00:00.000000Z","support":"Grand format","publisher_availability":1,"stock":0,"editions":[],"url":"https:\/\/quaidesbrumes.com\/ouvrage\/9782705673055\/ces-paradoxes-qui-nous-habitent"},{"id":"9782705673062","title":"La constance de thomas more","description":"L'auteur replace Thomas More (1478-1535) dans l'histoire et constate qu'il a jou\u00e9 une part active pendant la Renaissance. More attira l'attention d'Henri VIII qui voulut l'avoir \u00e0 son service. Il ne cesse d'\u00eatre promu \u00e0 des postes de responsabilit\u00e9s de plus en plus grandes, sans n'en briguer aucune. L'excellence de son travail suffisait \u00e0 lui valoir de nouvelles promotions.\r\nEn pratique, More \u00e9tait devenu indispensable au roi qui d\u00e9cida de s'ouvrir \u00e0 lui de ses probl\u00e8mes de mariage. Il le nomma \u00e0 la grande chancellerie o\u00f9 More demeura d'une constance admirable comme dans les postes pr\u00e9c\u00e9dents. Ne pouvant aller contre ses valeurs, More remit sa d\u00e9mission. Commencent alors des mani\u00e8res indignes pour le faire changer d'id\u00e9e, mais sans succ\u00e8s.\r\nOn l'emprisonna sans raison pour enfin le tra\u00eener en justice et le condamner, sur un faux t\u00e9moignage, \u00e0 un supplice barbare. Pendant toute sa carri\u00e8re gouvernementale et jusqu'\u00e0 la fin de sa vie, More se montra constant et fid\u00e8le. Il demeure un mod\u00e8le extraordinaire pour les gens travaillant pour les gouvernements, car il \u00e9tait d'une droiture exemplaire. Il peut encore inspirer bien des gens \u00e0 servir dans le respect d'eux-m\u00eames.","authors":["Pierre Allard"],"category_codes":["9000000","9100000"],"visuals":{"large":"https:\/\/images.epagine.fr\/062\/9782705673062_1_75.jpg","medium":"https:\/\/images.epagine.fr\/062\/9782705673062_1_m.jpg","thumbnail":"https:\/\/images.epagine.fr\/062\/9782705673062_1_v.jpg"},"orderable":true,"show_badge":true,"formatted_price":"24,00&nbsp;\u20ac","formatted_published_date":"15 janvier 2014","publisher_availability_label":"Sur commande","short_details":"Pierre Allard \u2014 Hermann","translator":null,"weight":227,"page_count":144,"readership":null,"editor":"Hermann","price":2400,"published_date":"2014-01-14T23:00:00.000000Z","support":"Grand format","publisher_availability":1,"stock":0,"editions":[],"url":"https:\/\/quaidesbrumes.com\/ouvrage\/9782705673062\/la-constance-de-thomas-more"},{"id":"9782013386821","title":"De l'epicurisme considere dans les sciences physiologiques et medicales (ed.1817)","description":"De l'Epicurisme consid\u00e9r\u00e9 dans les sciences physiologiques et m\u00e9dicales...\r\nDate de l'\u00e9dition originale : 1817 Ce livre est la reproduction fid\u00e8le d'une oeuvre publi\u00e9e avant 1920 et fait partie d'une collection de livres r\u00e9imprim\u00e9s \u00e0 la demande \u00e9dit\u00e9e par Hachette Livre, dans le cadre d'un partenariat avec la Biblioth\u00e8que nationale de France, offrant l'opportunit\u00e9 d'acc\u00e9der \u00e0 des ouvrages anciens et souvent rares issus des fonds patrimoniaux de la BnF.\r\nLes oeuvres faisant partie de cette collection ont \u00e9t\u00e9 num\u00e9ris\u00e9es par la BnF et sont pr\u00e9sentes sur Gallica, sa biblioth\u00e8que num\u00e9rique.\r\n\r\nEn entreprenant de redonner vie \u00e0 ces ouvrages au travers d'une collection de livres r\u00e9imprim\u00e9s \u00e0 la demande, nous leur donnons la possibilit\u00e9 de rencontrer un public \u00e9largi et participons \u00e0 la transmission de connaissances et de savoirs parfois difficilement accessibles.\r\nNous avons cherch\u00e9 \u00e0 concilier la reproduction fid\u00e8le d'un livre ancien \u00e0 partir de sa version num\u00e9ris\u00e9e avec le souci d'un confort de lecture optimal. Nous esp\u00e9rons que les ouvrages de cette nouvelle collection vous apporteront enti\u00e8re satisfaction.\r\n\r\nPour plus d'informations, rendez-vous sur www.hachettebnf.fr","authors":[],"category_codes":["9000000","9080000","9080200","9080208"],"visuals":{"large":"https:\/\/images.epagine.fr\/821\/9782013386821_1_75.jpg","medium":"https:\/\/images.epagine.fr\/821\/9782013386821_1_m.jpg","thumbnail":"https:\/\/images.epagine.fr\/821\/9782013386821_1_v.jpg"},"orderable":true,"show_badge":true,"formatted_price":"11,90&nbsp;\u20ac","formatted_published_date":"1er ao\u00fbt 2014","publisher_availability_label":"Sur commande","short_details":"Hachette BNF","translator":null,"weight":118,"page_count":null,"readership":null,"editor":"Hachette BNF","price":1190,"published_date":"2014-07-31T22:00:00.000000Z","support":"Grand format","publisher_availability":1,"stock":0,"editions":[],"url":"https:\/\/quaidesbrumes.com\/ouvrage\/9782013386821\/de-lepicurisme-considere-dans-les-sciences-physiologiques-et-medicales-ed1817"},{"id":"9782296112315","title":"20 questions sur la philosophie africaine","description":"Docteur en philosophie, l'auteur apporte depuis pr\u00e8s de 40 ans une contribution remarquable \u00e0 l'activit\u00e9 philosophique africaine. M\u00e9thodiquement construit, ce livre constitue un v\u00e9ritable vade-mecum pour enseignants et \u00e9tudiants. Il constitue une excellente initiation \u00e0 l'\u00e9tude de la philosophie africaine, notamment pour les classes de terminale, mais aussi les premiers cycles des universit\u00e9s.","authors":["Issiaka-Prosper L Laleye"],"category_codes":["9000000","9080000","9080200","9080204"],"visuals":{"large":"https:\/\/images.epagine.fr\/315\/9782296112315_1_75.jpg","medium":"https:\/\/images.epagine.fr\/315\/9782296112315_1_m.jpg","thumbnail":"https:\/\/images.epagine.fr\/315\/9782296112315_1_v.jpg"},"orderable":true,"show_badge":true,"formatted_price":"15,50&nbsp;\u20ac","formatted_published_date":"19 avril 2010","publisher_availability_label":"Sur commande","short_details":"Issiaka-Prosper L Laleye \u2014 \u00c9ditions L'Harmattan","translator":null,"weight":192,"page_count":150,"readership":null,"editor":"\u00c9ditions L'Harmattan","price":1550,"published_date":"2010-04-18T22:00:00.000000Z","support":"Grand format","publisher_availability":1,"stock":0,"editions":[],"url":"https:\/\/quaidesbrumes.com\/ouvrage\/9782296112315\/20-questions-sur-la-philosophie-africaine"},{"id":"9782296967182","title":"Cahiers Simondon Tome 4","description":"Ce num\u00e9ro 4 des Cahiers Simondon est ambitieux sur le plan proprement ex\u00e9g\u00e9tique : il s'agit de proposer des articles de fond apportant un \u00e9clairage nouveau sur l'oeuvre de Simondon, dont la red\u00e9couverte est encore r\u00e9cente.","authors":["Jean-hugues Barth\u00e9lemy"],"category_codes":["9000000","9080000"],"visuals":{"large":"https:\/\/images.epagine.fr\/182\/9782296967182_1_75.jpg","medium":"https:\/\/images.epagine.fr\/182\/9782296967182_1_m.jpg","thumbnail":"https:\/\/images.epagine.fr\/182\/9782296967182_1_v.jpg"},"orderable":true,"show_badge":true,"formatted_price":"15,50&nbsp;\u20ac","formatted_published_date":"10 avril 2012","publisher_availability_label":"Sur commande","short_details":"Jean-hugues Barth\u00e9lemy \u2014 \u00c9ditions L'Harmattan","translator":null,"weight":195,"page_count":146,"readership":null,"editor":"\u00c9ditions L'Harmattan","price":1550,"published_date":"2012-04-09T22:00:00.000000Z","support":"Grand format","publisher_availability":1,"stock":0,"editions":[],"url":"https:\/\/quaidesbrumes.com\/ouvrage\/9782296967182\/cahiers-simondon-tome-4"},{"id":"9782296555457","title":"J\u00fcrgen Habermas et le tournant d\u00e9lib\u00e9ratif de la philosophie","description":"La crise des m\u00e9tar\u00e9cits et de la m\u00e9taphysique de la subjectivit\u00e9 a rendu imp\u00e9rieuse la n\u00e9cessit\u00e9 d'\u00e9difier un socle nouveau \u00e0 partir duquel on peut conceptualiser, de mani\u00e8re plus juste et raisonnable, les relations intersubjectives et sociales. C'est \u00e0 cette fin que le tournant d\u00e9lib\u00e9ratif, entrepris par la philosophie de J\u00fcrgen Habermas, trouve sa consistance et sa n\u00e9cessit\u00e9.","authors":["Firmin marius Tombou\u00e9"],"category_codes":["9000000","9080000","9080200","9080204"],"visuals":{"large":"https:\/\/images.epagine.fr\/457\/9782296555457_1_75.jpg","medium":"https:\/\/images.epagine.fr\/457\/9782296555457_1_m.jpg","thumbnail":"https:\/\/images.epagine.fr\/457\/9782296555457_1_v.jpg"},"orderable":true,"show_badge":true,"formatted_price":"28,00&nbsp;\u20ac","formatted_published_date":"24 octobre 2011","publisher_availability_label":"Sur commande","short_details":"Firmin marius Tombou\u00e9 \u2014 \u00c9ditions L'Harmattan","translator":null,"weight":350,"page_count":265,"readership":null,"editor":"\u00c9ditions L'Harmattan","price":2800,"published_date":"2011-10-23T22:00:00.000000Z","support":"Grand format","publisher_availability":1,"stock":0,"editions":[],"url":"https:\/\/quaidesbrumes.com\/ouvrage\/9782296555457\/jurgen-habermas-et-le-tournant-deliberatif-de-la-philosophie"},{"id":"9782296562127","title":"Figures de l'onirique","description":"Le \u00ab r\u00eaveur de r\u00eaves \u00e9veill\u00e9 \u00bb est selon Paul Val\u00e9ry l'artiste qui, comme L\u00e9onard de Vinci, r\u00e9ussit \u00e0 amener la clart\u00e9 de la veille et les visions du r\u00eave sur un m\u00eame plan, et \u00e0 accepter qu'\u00e0 l'int\u00e9rieur de cette double vie mentale toutes les combinaisons sont l\u00e9gitimes, naturelles, car la m\u00e9thode cr\u00e9ative consiste exactement \u00e0 les exciter, \u00e0 les voir avec pr\u00e9cision, \u00e0 chercher ce qu'elles impliquent.","authors":["Camilla Bevilacqua"],"category_codes":["9000000","9080000","9080200","9080204"],"visuals":{"large":"https:\/\/images.epagine.fr\/127\/9782296562127_1_75.jpg","medium":"https:\/\/images.epagine.fr\/127\/9782296562127_1_m.jpg","thumbnail":"https:\/\/images.epagine.fr\/127\/9782296562127_1_v.jpg"},"orderable":true,"show_badge":true,"formatted_price":"18,00&nbsp;\u20ac","formatted_published_date":"19 septembre 2011","publisher_availability_label":"Sur commande","short_details":"Camilla Bevilacqua \u2014 \u00c9ditions L'Harmattan","translator":null,"weight":227,"page_count":169,"readership":null,"editor":"\u00c9ditions L'Harmattan","price":1800,"published_date":"2011-09-18T22:00:00.000000Z","support":"Grand format","publisher_availability":1,"stock":0,"editions":[],"url":"https:\/\/quaidesbrumes.com\/ouvrage\/9782296562127\/figures-de-lonirique"},{"id":"9782296542082","title":"Rendre raison de la foi ?","description":"Tout le propos de ce livre est de montrer comment la pens\u00e9e chr\u00e9tienne, entre litt\u00e9rature, philosophie et th\u00e9ologie, a pu affronter cette tension entre la nuit de la foi et l'exigence de penser la r\u00e9v\u00e9lation en accord avec les crit\u00e8res fondamentaux de la raison.","authors":["G\u00e9rald Antoni"],"category_codes":["9000000","9080000","9080200","9080204"],"visuals":{"large":"https:\/\/images.epagine.fr\/082\/9782296542082_1_75.jpg","medium":"https:\/\/images.epagine.fr\/082\/9782296542082_1_m.jpg","thumbnail":"https:\/\/images.epagine.fr\/082\/9782296542082_1_v.jpg"},"orderable":true,"show_badge":true,"formatted_price":"20,50&nbsp;\u20ac","formatted_published_date":"22 f\u00e9vrier 2011","publisher_availability_label":"Sur commande","short_details":"G\u00e9rald Antoni \u2014 \u00c9ditions L'Harmattan","translator":null,"weight":260,"page_count":198,"readership":null,"editor":"\u00c9ditions L'Harmattan","price":2050,"published_date":"2011-02-21T23:00:00.000000Z","support":"Grand format","publisher_availability":1,"stock":0,"editions":[],"url":"https:\/\/quaidesbrumes.com\/ouvrage\/9782296542082\/rendre-raison-de-la-foi"},{"id":"9782845342163","title":"Miguel Abensour entre critique de la domination et pens\u00e9e de l'\u00e9mancipation","description":"Nous ne livrons pas ici un travail sur mais avec Miguel Abensour.\r\nPlut\u00f4t qu'une pr\u00e9sentation de son oeuvre, il s'agit de l'investir pour entrer en sympathie avec le mouvement m\u00eame de sa pens\u00e9e.\r\nDeux t\u00e2ches s'imposent \u00e0 l'interpr\u00e8te : syst\u00e9matiser Abensour et le prolonger. D'abord, bien que d'une grande coh\u00e9rence, les id\u00e9es d'Abensour ne font jamais l'objet d'une pr\u00e9sentation unifi\u00e9e et synth\u00e9tique. Elles sont au contraire diss\u00e9min\u00e9es dans des dizaines d'articles n'ayant \u00e0 premi\u00e8re vue pas grand chose en commun. Sa pens\u00e9e est difficile \u00e0 restituer car il ne s'agit pas d'un syst\u00e8me philosophique.\r\nAbensour passe toujours par les textes des autres (Arendt, Lefort, Clastres, Saint-Just, etc.) pour construire le sien.\r\nPour y voir plus clair dans une pens\u00e9e de son propre aveu extr\u00eamement complexe, il nous faut donc op\u00e9rer une reconstruction syst\u00e9matique.\r\nMais cette syst\u00e9matisation ne risque-t-elle pas de briser l'\u00e9lan \u00e9mancipateur qui se d\u00e9gage \u00e0 la lecture des textes de l'auteur ? Car l'on sait l'attention m\u00e9ticuleuse qu'Abensour accorde \u00e0 l'\u00e9criture philosophique : ne jamais clore les d\u00e9bats, ne fournir aucune r\u00e9ponse toute faite ni aucune solution, bref, entretenir une inqui\u00e9tude susceptible de conduire le lecteur \u00e0 penser par luim\u00eame.\r\nLa reconstruction syst\u00e9matique de cette pens\u00e9e permettrait d'en saisir plus clairement les tenants et les aboutissants mais aurait pour d\u00e9faut majeur de trahir Abensour en apportant des r\u00e9ponses l\u00e0 o\u00f9 l'auteur prenait soin de pr\u00e9server une \u00e9criture plac\u00e9e sous le signe de l'incertitude ? Pas n\u00e9cessairement, car les \u00e9claircissements et les \u00abr\u00e9ponses\u00bb que nous apporterons visent moins \u00e0 r\u00e9soudre les \u00e9nigmes qu'\u00e0 les relancer, en d\u00e9pla\u00e7ant les termes, en les agen\u00e7ant autrement. Nos \u00abr\u00e9ponses\u00bb ne mettront pas fin \u00e0 la r\u00e9flexion car l'\u00e9tonnement philosophique sera pr\u00e9serv\u00e9, r\u00e9orient\u00e9 et non referm\u00e9. Chaque solution entra\u00eenera une nouvelle question. De la sorte, nous resterons fid\u00e8les \u00e0 Abensour, qui n'est pas l'avocat de l'absence de solution mais de l'absence de solution d\u00e9finitive qui viendrait clore la r\u00e9flexion une fois pour toutes.","authors":["Manuel Cervera-Marzal"],"category_codes":["9000000","9080000","9080200","9080204"],"visuals":{"large":"https:\/\/images.epagine.fr\/163\/9782845342163_1_75.jpg","medium":"https:\/\/images.epagine.fr\/163\/9782845342163_1_m.jpg","thumbnail":"https:\/\/images.epagine.fr\/163\/9782845342163_1_v.jpg"},"orderable":true,"show_badge":true,"formatted_price":"21,00&nbsp;\u20ac","formatted_published_date":"1er avril 2013","publisher_availability_label":"Sur commande","short_details":"Manuel Cervera-Marzal \u2014 SENS ET TONKA","translator":null,"weight":325,"page_count":256,"readership":null,"editor":"SENS ET TONKA","price":2100,"published_date":"2013-03-31T22:00:00.000000Z","support":"Grand format","publisher_availability":1,"stock":0,"editions":[],"url":"https:\/\/quaidesbrumes.com\/ouvrage\/9782845342163\/miguel-abensour-entre-critique-de-la-domination-et-pensee-de-lemancipation"},{"id":"9782296564022","title":"La justice est-elle mondialisable ?","description":"Si, pour certains, l'\u00e9volution actuelle du monde concourt \u00e0 la paup\u00e9risation anthropologique, pour d'autres il existe des raisons de r\u00e9fl\u00e9chir \u00e0 un r\u00e9\u00e9quilibrage et \u00e0 la mise en oeuvre de m\u00e9canismes pour permettre un d\u00e9veloppement harmonieux de tous les hommes et de toutes les nations du monde. Cela permettrait une paix durable au niveau international et un s\u00e9curisation presque naturelle des individus et de leurs institutions.","authors":["Eug\u00e8ne Bitende ntotila"],"category_codes":["9000000","9080000","9080200","9080204"],"visuals":{"large":"https:\/\/images.epagine.fr\/022\/9782296564022_1_75.jpg","medium":"https:\/\/images.epagine.fr\/022\/9782296564022_1_m.jpg","thumbnail":"https:\/\/images.epagine.fr\/022\/9782296564022_1_v.jpg"},"orderable":true,"show_badge":true,"formatted_price":"52,00&nbsp;\u20ac","formatted_published_date":"12 octobre 2011","publisher_availability_label":"Sur commande","short_details":"Eug\u00e8ne Bitende ntotila \u2014 \u00c9ditions L'Harmattan","translator":null,"weight":903,"page_count":608,"readership":null,"editor":"\u00c9ditions L'Harmattan","price":5200,"published_date":"2011-10-11T22:00:00.000000Z","support":"Grand format","publisher_availability":1,"stock":0,"editions":[],"url":"https:\/\/quaidesbrumes.com\/ouvrage\/9782296564022\/la-justice-est-elle-mondialisable"},{"id":"9782296554115","title":"Duchamp et Malevitch ; art et th\u00e9ories du langage","description":"Duchamp est, avec Malevitch, l'arch\u00e9type moderne d'un p\u00e9riple exigeant dans les formes et la pens\u00e9e. Cette t\u00e2che prospective qu'ils s'assignent est aussi une exploration de leur pr\u00e9sent foisonnant de d\u00e9couvertes venues d'aires de r\u00e9flexion diverses ; parmi elles, les th\u00e9ories issues de la linguistique, de la s\u00e9miotique et de la s\u00e9miologie. Ce permanent passage entre le \"possible\" du langage et la \"figuration\" de l'art est l'objet de cette \u00e9tude.","authors":["Manuela de Barros"],"category_codes":["9000000","9080000","9080200","9080204"],"visuals":{"large":"https:\/\/images.epagine.fr\/115\/9782296554115_1_75.jpg","medium":"https:\/\/images.epagine.fr\/115\/9782296554115_1_m.jpg","thumbnail":"https:\/\/images.epagine.fr\/115\/9782296554115_1_v.jpg"},"orderable":true,"show_badge":true,"formatted_price":"18,50&nbsp;\u20ac","formatted_published_date":"24 juin 2011","publisher_availability_label":"Sur commande","short_details":"Manuela de Barros \u2014 \u00c9ditions L'Harmattan","translator":null,"weight":226,"page_count":null,"readership":null,"editor":"\u00c9ditions L'Harmattan","price":1850,"published_date":"2011-06-23T22:00:00.000000Z","support":"Grand format","publisher_availability":1,"stock":0,"editions":[],"url":"https:\/\/quaidesbrumes.com\/ouvrage\/9782296554115\/duchamp-et-malevitch-art-et-theories-du-langage"},{"id":"9782014023923","title":"Examen des critiques du livre intitule de l'esprit","description":"Examen des critiques du livre intitul\u00e9 De l'Esprit Date de l'\u00e9dition originale : 1760 Le pr\u00e9sent ouvrage s'inscrit dans une politique de conservation patrimoniale des ouvrages de la litt\u00e9rature Fran\u00e7aise mise en place avec la BNF.\r\nHACHETTE LIVRE et la BNF proposent ainsi un catalogue de titres indisponibles, la BNF ayant num\u00e9ris\u00e9 ces oeuvres et HACHETTE LIVRE les imprimant \u00e0 la demande.\r\nCertains de ces ouvrages refl\u00e8tent des courants de pens\u00e9e caract\u00e9ristiques de leur \u00e9poque, mais qui seraient aujourd'hui jug\u00e9s condamnables.\r\nIls n'en appartiennent pas moins \u00e0 l'histoire des id\u00e9es en France et sont susceptibles de pr\u00e9senter un int\u00e9r\u00eat scientifique ou historique.\r\nLe sens de notre d\u00e9marche \u00e9ditoriale consiste ainsi \u00e0 permettre l'acc\u00e8s \u00e0 ces oeuvres sans pour autant que nous en cautionnions en aucune fa\u00e7on le contenu.\r\n\r\nPour plus d'informations, rendez-vous sur www.hachettebnf.fr","authors":["Leroy C-G."],"category_codes":["9000000","9080000"],"visuals":{"large":"https:\/\/images.epagine.fr\/923\/9782014023923_1_75.jpg","medium":"https:\/\/images.epagine.fr\/923\/9782014023923_1_m.jpg","thumbnail":"https:\/\/images.epagine.fr\/923\/9782014023923_1_v.jpg"},"orderable":true,"show_badge":true,"formatted_price":"22,50&nbsp;\u20ac","formatted_published_date":"1er juin 2017","publisher_availability_label":"Sur commande","short_details":"Leroy C-G. \u2014 Hachette BNF","translator":null,"weight":397,"page_count":null,"readership":null,"editor":"Hachette BNF","price":2250,"published_date":"2017-05-31T22:00:00.000000Z","support":"Grand format","publisher_availability":1,"stock":0,"editions":[],"url":"https:\/\/quaidesbrumes.com\/ouvrage\/9782014023923\/examen-des-critiques-du-livre-intitule-de-lesprit"},{"id":"9782343087542","title":"Au fond du cr\u00e9puscule","description":"\"Padr\u00e9 exerce son minist\u00e8re dans une petite paroisse de brousse, au sein d un clan qui ploie sous le poids de la mis\u00e8re et de l obscurantisme. Dans son r\u00eave de reconstitution du jardin d Eden d autrefois, le pr\u00eatre s oppose \u00e0 l exploitation des gisements de p\u00e9trole d\u00e9couverts dans la contr\u00e9e. Sa vision radicale de l \u00e9cologie se heurte \u00e0 celle, traditionnelle et animiste, des notables, qui d\u00e9fendent aussi leurs lieux sacr\u00e9s.\"","authors":["Hubert Onana Mfege"],"category_codes":["9000000","9080000","9080700"],"visuals":{"large":"https:\/\/images.epagine.fr\/542\/9782343087542_1_75.jpg","medium":"https:\/\/images.epagine.fr\/542\/9782343087542_1_m.jpg","thumbnail":"https:\/\/images.epagine.fr\/542\/9782343087542_1_v.jpg"},"orderable":true,"show_badge":true,"formatted_price":"15,50&nbsp;\u20ac","formatted_published_date":"30 mars 2016","publisher_availability_label":"Sur commande","short_details":"Hubert Onana Mfege \u2014 \u00c9ditions L'Harmattan","translator":null,"weight":170,"page_count":132,"readership":null,"editor":"\u00c9ditions L'Harmattan","price":1550,"published_date":"2016-03-29T22:00:00.000000Z","support":"Grand format","publisher_availability":1,"stock":0,"editions":[],"url":"https:\/\/quaidesbrumes.com\/ouvrage\/9782343087542\/au-fond-du-crepuscule"},{"id":"9782296555549","title":"J\u00fcrgen Habermas et le defi intersubjectif de la philosophie","description":"Penser la crise de la m\u00e9taphysique de la subjectivit\u00e9, dans l'ontologie sociale et l'\u00e9pist\u00e9mologie habermassienne, constitue le centre de gravit\u00e9 de ce livre. Plus pr\u00e9cis\u00e9ment, l'identit\u00e9 individuelle peut-elle s'\u00e9difier et \u00eatre garantie sans r\u00e9f\u00e9rence aux structures de la reconnaissance intersubjective ? Peut-on l\u00e9gitimer, sans incons\u00e9quence, un sujet isol\u00e9 se posant autor\u00e9f\u00e9rentiellement au-del\u00e0 des fronti\u00e8res spatio-temporelles comme source exclusive de toute normativit\u00e9 et de toute l\u00e9gitimation ?","authors":["Firmin marius Tombou\u00e9"],"category_codes":["9000000","9080000","9080200","9080204"],"visuals":{"large":"https:\/\/images.epagine.fr\/549\/9782296555549_1_75.jpg","medium":"https:\/\/images.epagine.fr\/549\/9782296555549_1_m.jpg","thumbnail":"https:\/\/images.epagine.fr\/549\/9782296555549_1_v.jpg"},"orderable":true,"show_badge":true,"formatted_price":"26,00&nbsp;\u20ac","formatted_published_date":"24 octobre 2011","publisher_availability_label":"Sur commande","short_details":"Firmin marius Tombou\u00e9 \u2014 \u00c9ditions L'Harmattan","translator":null,"weight":395,"page_count":255,"readership":null,"editor":"\u00c9ditions L'Harmattan","price":2600,"published_date":"2011-10-23T22:00:00.000000Z","support":"Grand format","publisher_availability":1,"stock":0,"editions":[],"url":"https:\/\/quaidesbrumes.com\/ouvrage\/9782296555549\/jurgen-habermas-et-le-defi-intersubjectif-de-la-philosophie"},{"id":"9782296555143","title":"Spirituel et rationnel ; les alliances paradoxales","description":"Foi et Raison sont convoqu\u00e9es de fa\u00e7on si tranch\u00e9es qu'elles semblent vou\u00e9es \u00e0 entretenir une guerre de position interminable. A la raison universelle qui ne s'occupe que de savoir, de contr\u00f4ler les raisons de ce savoir, on oppose la foi aveugle, incommunicable, de ceux qui croient sans voir. A travers cette enqu\u00eate qui traverse les pens\u00e9es de Platon, Saint Augustin, Saint Jean de la Croix, Corneille, Agrippa, Spinoza, Emerson, Thoreau, Freud, Lacan, Ostad Elahi, se dessine une perspective de spiritualit\u00e9 rationnelle, solidaire d'une raison ouverte ou spirituelle.","authors":["Collectif"],"category_codes":["9000000","9080000","9080200","9080204"],"visuals":{"large":"https:\/\/images.epagine.fr\/143\/9782296555143_1_75.jpg","medium":"https:\/\/images.epagine.fr\/143\/9782296555143_1_m.jpg","thumbnail":"https:\/\/images.epagine.fr\/143\/9782296555143_1_v.jpg"},"orderable":true,"show_badge":true,"formatted_price":"18,50&nbsp;\u20ac","formatted_published_date":"8 septembre 2011","publisher_availability_label":"Sur commande","short_details":"Collectif \u2014 \u00c9ditions L'Harmattan","translator":null,"weight":235,"page_count":175,"readership":null,"editor":"\u00c9ditions L'Harmattan","price":1850,"published_date":"2011-09-07T22:00:00.000000Z","support":"Grand format","publisher_availability":1,"stock":0,"editions":[],"url":"https:\/\/quaidesbrumes.com\/ouvrage\/9782296555143\/spirituel-et-rationnel-les-alliances-paradoxales"}]}