{"data":[{"id":"9782343032962","title":"Un peu de logique pour tout le monde ; une initiation \u00e0 la logique moderne","description":"Ce livre peut \u00eatre consid\u00e9r\u00e9 comme un manuel d'initiation \u00e0 la Logique moderne : les deux premiers calculs qui servent d'introduction \u00e0 un cours de Logique constituent l'essentiel de l'ouvrage.","authors":["Simon Mougnol"],"category_codes":["9000000","9080000","9080200","9080204"],"visuals":{"large":"https:\/\/images.epagine.fr\/962\/9782343032962_1_75.jpg","medium":"https:\/\/images.epagine.fr\/962\/9782343032962_1_m.jpg","thumbnail":"https:\/\/images.epagine.fr\/962\/9782343032962_1_v.jpg"},"orderable":true,"show_badge":true,"formatted_price":"26,00&nbsp;\u20ac","formatted_published_date":"4 avril 2014","publisher_availability_label":"Sur commande","short_details":"Simon Mougnol \u2014 \u00c9ditions L'Harmattan","translator":null,"weight":295,"page_count":236,"readership":null,"editor":"\u00c9ditions L'Harmattan","price":2600,"published_date":"2014-04-03T22:00:00.000000Z","support":"Grand format","publisher_availability":1,"stock":0,"editions":[],"url":"https:\/\/quaidesbrumes.com\/ouvrage\/9782343032962\/un-peu-de-logique-pour-tout-le-monde-une-initiation-a-la-logique-moderne"},{"id":"9782841372836","title":"Le fond du monde ; figures sociales de la radicalit\u00e9","description":"Le livre reprend l'essentiel des recherches de Daniel Vidal sur les mouvements de s\u00e9cession intervenant au coeur du champ religieux : proph\u00e9tisme languedocien, convulsionnisme jans\u00e9niste, o\u00f9 le mal, objet et modalit\u00e9 d'exp\u00e9rimentation, accompagne comme leur ombre les nouvelles repr\u00e9sentations scientifiques fond\u00e9es en raison.","authors":["Daniel Vidal"],"category_codes":["9000000","9080000","9080200","9080204"],"visuals":{"large":"https:\/\/images.epagine.fr\/836\/9782841372836_1_75.jpg","medium":"https:\/\/images.epagine.fr\/836\/9782841372836_1_m.jpg","thumbnail":"https:\/\/images.epagine.fr\/836\/9782841372836_1_v.jpg"},"orderable":true,"show_badge":true,"formatted_price":"35,00&nbsp;\u20ac","formatted_published_date":"6 juin 2013","publisher_availability_label":"Sur commande","short_details":"Daniel Vidal \u2014 MILLON","translator":null,"weight":836,"page_count":472,"readership":null,"editor":"MILLON","price":3500,"published_date":"2013-06-05T22:00:00.000000Z","support":"Grand format","publisher_availability":1,"stock":0,"editions":[],"url":"https:\/\/quaidesbrumes.com\/ouvrage\/9782841372836\/le-fond-du-monde-figures-sociales-de-la-radicalite"},{"id":"9782296968080","title":"La pens\u00e9e en souffrance ; pour sortir du nihilisme","description":"Martin Heidegger s'est attach\u00e9 \u00e0 frayer le chemin menant \u00e0 une pens\u00e9e post-m\u00e9taphysique, \"pens\u00e9e en souffrance\" au double sens de pens\u00e9e \u00e0 venir, cherchant \u00e0 r\u00e9pondre \u00e0 l'attente d'une humanit\u00e9 soumise \u00e0 la d\u00e9vastation et en recherche de salut. Ce livre est une tentative d'appropriation personnelle de la pens\u00e9e de ce philosophe et une mise en relief de ses axes principaux s'appuyant sur une lecture approfondie de son oeuvre.","authors":["Patrick Kabakdjian"],"category_codes":["9000000","9080000","9080200","9080204"],"visuals":{"large":"https:\/\/images.epagine.fr\/080\/9782296968080_1_75.jpg","medium":"https:\/\/images.epagine.fr\/080\/9782296968080_1_m.jpg","thumbnail":"https:\/\/images.epagine.fr\/080\/9782296968080_1_v.jpg"},"orderable":true,"show_badge":true,"formatted_price":"32,50&nbsp;\u20ac","formatted_published_date":"29 f\u00e9vrier 2012","publisher_availability_label":"Sur commande","short_details":"Patrick Kabakdjian \u2014 \u00c9ditions L'Harmattan","translator":null,"weight":440,"page_count":288,"readership":null,"editor":"\u00c9ditions L'Harmattan","price":3250,"published_date":"2012-02-28T23:00:00.000000Z","support":"Grand format","publisher_availability":1,"stock":0,"editions":[],"url":"https:\/\/quaidesbrumes.com\/ouvrage\/9782296968080\/la-pensee-en-souffrance-pour-sortir-du-nihilisme"},{"id":"9782738450043","title":"Spinoza et la politique","description":"Pourquoi Spinoza \u00e0 Santiago, et pourquoi cette sph\u00e8re des rapports entre religion, \u00e9thique et politique ? A l'heure o\u00f9 en Am\u00e9rique Latine, le retour aux formes et aux conqu\u00eates de la d\u00e9mocratie est \u00e0 l'ordre du jour, il \u00e9tait n\u00e9cessaire de parcourir de nouveau les textes o\u00f9 furent pos\u00e9es les grandes questions de la politique classique. Il fallait r\u00e9fl\u00e9chir sur une pens\u00e9e de la puissance et de la lib\u00e9ration, o\u00f9 les rapports entre les hommes sont d\u00e9chiffr\u00e9es \u00e0 la lumi\u00e8re d'une critique inflexible des pr\u00e9jug\u00e9s et dans l'enracinement de l'exp\u00e9rience.","authors":["Collectif"],"category_codes":["9000000","9080000","9080200","9080204"],"visuals":{"large":"https:\/\/images.epagine.fr\/043\/9782738450043_1_75.jpg","medium":"https:\/\/images.epagine.fr\/043\/9782738450043_1_m.jpg","thumbnail":"https:\/\/images.epagine.fr\/043\/9782738450043_1_v.jpg"},"orderable":true,"show_badge":true,"formatted_price":"15,50&nbsp;\u20ac","formatted_published_date":"7 mars 1997","publisher_availability_label":"Sur commande","short_details":"Collectif \u2014 \u00c9ditions L'Harmattan","translator":null,"weight":200,"page_count":152,"readership":null,"editor":"\u00c9ditions L'Harmattan","price":1550,"published_date":"1997-03-06T23:00:00.000000Z","support":"Grand format","publisher_availability":1,"stock":0,"editions":[],"url":"https:\/\/quaidesbrumes.com\/ouvrage\/9782738450043\/spinoza-et-la-politique"},{"id":"9782364520929","title":"Vivre selon la raison ; introduction \u00e0 la philosophie morale","description":null,"authors":["Jean Cachia"],"category_codes":["9000000","9080000","9080200","9080204"],"visuals":{"large":"https:\/\/images.epagine.fr\/929\/9782364520929_1_75.jpg","medium":"https:\/\/images.epagine.fr\/929\/9782364520929_1_m.jpg","thumbnail":"https:\/\/images.epagine.fr\/929\/9782364520929_1_v.jpg"},"orderable":true,"show_badge":true,"formatted_price":"19,90&nbsp;\u20ac","formatted_published_date":"20 ao\u00fbt 2015","publisher_availability_label":"Sur commande","short_details":"Jean Cachia \u2014 SAINT-LEGER","translator":null,"weight":386,"page_count":330,"readership":null,"editor":"SAINT-LEGER","price":1990,"published_date":"2015-08-19T22:00:00.000000Z","support":"Grand format","publisher_availability":1,"stock":0,"editions":[],"url":"https:\/\/quaidesbrumes.com\/ouvrage\/9782364520929\/vivre-selon-la-raison-introduction-a-la-philosophie-morale"},{"id":"9782738447142","title":"Essai sur Schelling ; le reste qui n'\u00e9clot jamais","description":"\"Les \u00e2ges de monde\" de Schelling figure pour les grands textes du mat\u00e9rialisme philosophique aux c\u00f4t\u00e9s de \"De Natura Rerum\", du \"Capital\" ainsi que des \"\u00c9crits\" de Lacan. Schellong annonce ainsi clairement la probl\u00e9matique post-h\u00e9g\u00e9lienne. Cela ne doit pas autoriser \u00e0 la r\u00e9duire \u00e0 une figure de passage entre l'id\u00e9alisme allemand et l'univers post-id\u00e9aliste de Kierkegaard et de Marx. Il met bien plut\u00f4t au grand jour ce qui dispara\u00eetra aussit\u00f4t apr\u00e8s : cet exc\u00e8s en l'homme.","authors":["Slavoj Zizek"],"category_codes":["9000000","9080000","9080200","9080204"],"visuals":{"large":"https:\/\/images.epagine.fr\/142\/9782738447142_1_75.jpg","medium":"https:\/\/images.epagine.fr\/142\/9782738447142_1_m.jpg","thumbnail":"https:\/\/images.epagine.fr\/142\/9782738447142_1_v.jpg"},"orderable":true,"show_badge":true,"formatted_price":"21,50&nbsp;\u20ac","formatted_published_date":"1er janvier 1997","publisher_availability_label":"Sur commande","short_details":"Slavoj Zizek \u2014 \u00c9ditions L'Harmattan","translator":null,"weight":260,"page_count":208,"readership":null,"editor":"\u00c9ditions L'Harmattan","price":2150,"published_date":"1996-12-31T23:00:00.000000Z","support":"Grand format","publisher_availability":1,"stock":0,"editions":[],"url":"https:\/\/quaidesbrumes.com\/ouvrage\/9782738447142\/essai-sur-schelling-le-reste-qui-neclot-jamais"},{"id":"9782296541818","title":"Maintenant Henri Lefebvre ; renaissance de la pens\u00e9e critique","description":"Certains naissent de fa\u00e7on posthume. C'est le cas d'Henri Lefebvre (1901-1991), en un sens, puisque apr\u00e8s avoir transit\u00e9 par les \u00c9tats-Unis, il revient en France, la crise \u00e9tant son \u00e9l\u00e9ment. En quoi des id\u00e9es \u00e9mises par lui peuvent-elles nous aider \u00e0 appr\u00e9hender des possibles, des utopies concr\u00e8tes, \u00ab des irruptions historiques \u00bb ? Avec un souci p\u00e9dagogique de clart\u00e9 les auteurs s'interrogent sur le travail et les classes sociales, la lutte au quotidien.","authors":["Armand Ajzenberg","L\u00e9onore Bazinek","Hugues Lethierry"],"category_codes":["9000000","9080000","9080200","9080204"],"visuals":{"large":"https:\/\/images.epagine.fr\/818\/9782296541818_1_75.jpg","medium":"https:\/\/images.epagine.fr\/818\/9782296541818_1_m.jpg","thumbnail":"https:\/\/images.epagine.fr\/818\/9782296541818_1_v.jpg"},"orderable":true,"show_badge":true,"formatted_price":"22,50&nbsp;\u20ac","formatted_published_date":"1er mars 2011","publisher_availability_label":"Sur commande","short_details":"Armand Ajzenberg, L\u00e9onore Bazinek, Hugues Lethierry \u2014 \u00c9ditions L'Harmattan","translator":null,"weight":278,"page_count":218,"readership":null,"editor":"\u00c9ditions L'Harmattan","price":2250,"published_date":"2011-02-28T23:00:00.000000Z","support":"Grand format","publisher_availability":1,"stock":0,"editions":[],"url":"https:\/\/quaidesbrumes.com\/ouvrage\/9782296541818\/maintenant-henri-lefebvre-renaissance-de-la-pensee-critique"},{"id":"9782296993273","title":"Conversion et souverain bien chez Blaise Pascal","description":"Montrer que le rapport de la conversion au Souverain Bien chez Pascal nous invite \u00e0 ausculter philosophiquement la notion d'\u00e9motion : c'est ce que Jean-Louis Bischoff entend montrer dans la pr\u00e9sente \u00e9tude. L'enjeu de son enqu\u00eate est clair : il entend affoler et subvertir l'approche commune du mot \u00ab \u00e9motion \u00bb. Pour mener \u00e0 bien son projet, l'auteur mobilise les lumi\u00e8res de philosophes comme Marion, Levinas, Ricoeur, Greisch ou Romano.","authors":["Jean-Louis Bischoff"],"category_codes":["9000000","9080000","9080200","9080204"],"visuals":{"large":"https:\/\/images.epagine.fr\/273\/9782296993273_1_75.jpg","medium":"https:\/\/images.epagine.fr\/273\/9782296993273_1_m.jpg","thumbnail":"https:\/\/images.epagine.fr\/273\/9782296993273_1_v.jpg"},"orderable":true,"show_badge":true,"formatted_price":"21,50&nbsp;\u20ac","formatted_published_date":"25 juin 2012","publisher_availability_label":"Sur commande","short_details":"Jean-Louis Bischoff \u2014 \u00c9ditions L'Harmattan","translator":null,"weight":255,"page_count":204,"readership":null,"editor":"\u00c9ditions L'Harmattan","price":2150,"published_date":"2012-06-24T22:00:00.000000Z","support":"Grand format","publisher_availability":1,"stock":0,"editions":[],"url":"https:\/\/quaidesbrumes.com\/ouvrage\/9782296993273\/conversion-et-souverain-bien-chez-blaise-pascal"},{"id":"9782745361165","title":"Lire Aristote au moyen \u00e2ge et \u00e0 la renaissance : r\u00e9ception du trait\u00e9 \"sur la g\u00e9n\u00e9ration et la corruption\"","description":"La r\u00e9ception aristot\u00e9licienne est une longue histoire du savoir universitaire, et sp\u00e9cialement des fondements de la philosophie naturelle \u00e9labor\u00e9s au Moyen \u00c2ge et \u00e0 la Renaissance. Le trait\u00e9 Sur la g\u00e9n\u00e9ration et la corruption y occupe une place originale car, entre savoir commun et source d`une r\u00e9flexion \u00e9pist\u00e9mologique, il est fondateur d`une approche du changement mat\u00e9riel et d`un cadre qui permet de comprendre comment une mati\u00e8re \u00e9volue, entre naissance et mort, alt\u00e9ration et corruption, th\u00e9matiques centrales au sein d`une \u00e9tude de la mati\u00e8re anim\u00e9e, que ce soit celle du monde corruptible ou de la biologie. Le De generatione est oeuvre de commentaire ou d`enseignement, mais fonde aussi la physique, la biologie et la m\u00e9decine en explicitant, pour la plupart des hommes lettr\u00e9s, leur pr\u00e9sence au monde. Le pr\u00e9sent livre, issu de r\u00e9flexions men\u00e9es au cours de deux journ\u00e9es d`\u00e9tudes, veut proposer des jalons nouveaux dans la compr\u00e9hension de la lecture philosophique du texte et mettre en \u00e9vidence la diffusion m\u00e9di\u00e9vale et renaissante des th\u00e9ories aristot\u00e9liciennes dans et hors des universit\u00e9s, et les diverses r\u00e9fractions des commentaires aristot\u00e9liciens \u00e0 la litt\u00e9rature en passant par les encyclop\u00e9dies ou les textes politiques.","authors":["Collectif"],"category_codes":["9000000","9080000","9080200","9080204"],"visuals":{"large":"https:\/\/images.epagine.fr\/165\/9782745361165_1_75.jpg","medium":"https:\/\/images.epagine.fr\/165\/9782745361165_1_m.jpg","thumbnail":"https:\/\/images.epagine.fr\/165\/9782745361165_1_v.jpg"},"orderable":true,"show_badge":true,"formatted_price":"55,00&nbsp;\u20ac","formatted_published_date":"31 ao\u00fbt 2023","publisher_availability_label":"Sur commande","short_details":"Collectif \u2014 HONORE CHAMPION","translator":null,"weight":1101,"page_count":null,"readership":null,"editor":"HONORE CHAMPION","price":5500,"published_date":"2023-08-30T22:00:00.000000Z","support":"Grand format","publisher_availability":1,"stock":0,"editions":[],"url":"https:\/\/quaidesbrumes.com\/ouvrage\/9782745361165\/lire-aristote-au-moyen-age-et-a-la-renaissance-reception-du-traite-sur-la-generation-et-la-corruption"},{"id":"9782810611324","title":"\u00e9loge de l'instant","description":"Le temps, vieux probl\u00e8me philosophique depuis Aristote, fait flor\u00e8s maintenant qu'il est tomb\u00e9 aux mains des physiciens et des cosmologistes mais l'instant, comme victime de sa magie, est rel\u00e9gu\u00e9 \u00e0 la po\u00e9sie. Entre le fugitif et l'\u00e9ternit\u00e9, un courant d'air qui se pr\u00e9tend r\u00e9alit\u00e9 supr\u00eame...       \r\n     On en traite ici sans consid\u00e9ration des cloisons entre les traditionnelles disciplines tant scientifiques que litt\u00e9raires, mais dans un cons-tant souci de coh\u00e9rence et de rigueur logiques. Cette approche, fertile en surprises, conduit \u00e0 distinguer, non pas deux esp\u00e8ces d'instants, mais deux faces en tout instant. Celles-ci sont explicitement d\u00e9finies en r\u00e9f\u00e9rence \u00e0 une demi-douzaine de notions ou conceptions classiques ou modernes : dur\u00e9e, moi, r\u00e9el, d\u00e9terminisme, niveaux d'organisation, syst\u00e9mique, information ; le Temps s'y trouve malmen\u00e9. \r\n     On dispose d\u00e9sormais d'une grille de lecture pour l'Instant -sans pour autant avoir rompu un charme, au contraire ; pour parodier une formule de croyants : un peu de science \u00e9loigne le myst\u00e8re, davantage de science l'\u00e9paissit.","authors":["Alain Sournia"],"category_codes":["9000000","9080000","9080200","9080204"],"visuals":{"large":"https:\/\/images.epagine.fr\/324\/9782810611324_1_75.jpg","medium":"https:\/\/images.epagine.fr\/324\/9782810611324_1_m.jpg","thumbnail":"https:\/\/images.epagine.fr\/324\/9782810611324_1_v.jpg"},"orderable":true,"show_badge":true,"formatted_price":"11,00&nbsp;\u20ac","formatted_published_date":"11 juin 2010","publisher_availability_label":"Sur commande","short_details":"Alain Sournia \u2014 Books on Demand","translator":null,"weight":301,"page_count":204,"readership":null,"editor":"Books on Demand","price":1100,"published_date":"2010-06-10T22:00:00.000000Z","support":"Grand format","publisher_availability":1,"stock":0,"editions":[],"url":"https:\/\/quaidesbrumes.com\/ouvrage\/9782810611324\/eloge-de-linstant"},{"id":"9782296570153","title":"Biens culturels \u00e0 travers le miroir ; un clin d'oeil \u00e0 l'Afrique depuis longtemps chosifi\u00e9e","description":"Les biens culturels ne sont pas des marchandises comme les autres. Laisser les biens culturels aux al\u00e9as du \"tout marchand\" conduirait \u00e0 la disparition des biens essentiels \u00e0 la satisfaction des individus. Dans le processus effr\u00e9n\u00e9 de la colonisation culturelle r\u00e8gne l'ordre du monde : la pr\u00e9dominance de l'imp\u00e9rialisme culturel. Par la diversit\u00e9 de ses propri\u00e9t\u00e9s optiques, le miroir d\u00e9voile et r\u00e9v\u00e8le ici plusieurs facettes d'un objet ou d'un lieu.","authors":["Pie-aubin Mabika"],"category_codes":["9000000","9080000","9080200","9080204"],"visuals":{"large":"https:\/\/images.epagine.fr\/153\/9782296570153_1_75.jpg","medium":"https:\/\/images.epagine.fr\/153\/9782296570153_1_m.jpg","thumbnail":"https:\/\/images.epagine.fr\/153\/9782296570153_1_v.jpg"},"orderable":true,"show_badge":true,"formatted_price":"14,50&nbsp;\u20ac","formatted_published_date":"22 mai 2012","publisher_availability_label":"Sur commande","short_details":"Pie-aubin Mabika \u2014 \u00c9ditions L'Harmattan","translator":null,"weight":165,"page_count":124,"readership":null,"editor":"\u00c9ditions L'Harmattan","price":1450,"published_date":"2012-05-21T22:00:00.000000Z","support":"Grand format","publisher_availability":1,"stock":0,"editions":[],"url":"https:\/\/quaidesbrumes.com\/ouvrage\/9782296570153\/biens-culturels-a-travers-le-miroir-un-clin-doeil-a-lafrique-depuis-longtemps-chosifiee"},{"id":"3760038820380","title":"Rivi\u00e8re d'amour ; la vie, l'oeuvre et l'enseignement d'Amma","description":"Ce documentaire pr\u00e9sente la vie, l'oeuvre et l'enseignement d'Amma ou Ammachi (Shri Mata Amritanandamayi).\r\n \r\nDans la premi\u00e8re partie, des acteurs issus de son village natal dans le Kerala en Inde retrace sa jeunesse. La deuxi\u00e8me partie pr\u00e9sente pr\u00e9sente son oeuvre et son enseignement. Au cours de plus de deux d\u00e9cennies de service infatigable, Amma a personnellement conseill\u00e9, consol\u00e9 et aid\u00e9 d'innombrables personnes venues des quatre coins du monde et de tous les milieux. Sa compassion sans limites a fait d'elle l'inspiration et le ma\u00eetre spirituel de dizaines de milliers de gens. \r\n\r\nPendant plusieurs mois de l'ann\u00e9e, Amma voyage en Inde et dans le monde entier pour transmettre son message d'amour et de sagesse. Sa pr\u00e9sence, son \u00e9treinte bienfaitrice, \" le darshan \", et son enseignement transmettent aux chercheurs spirituels, non seulement un amour profond et inconditionnel, mais aussi une compr\u00e9hension de soi qui m\u00e8ne \u00e0 la lib\u00e9ration et \u00e0 la joie \u00e9ternelle. Son enseignement d\u00e9votionnel et non-dualiste inclut \u00e9galement \" le seva \". C'est ainsi qu'elle est devenue l'inspiration ayant conduit \u00e0 la cr\u00e9ation de nombreuses oeuvres caritatives : \u00e9coles, instituts d'enseignement sup\u00e9rieur, orphelinats, h\u00f4pitaux et h\u00e9bergements, tous gratuits pour les plus d\u00e9munis...","authors":["Amma"],"category_codes":["9000000","9080000"],"visuals":{"large":"https:\/\/images.epagine.fr\/380\/3760038820380_1_75.jpg","medium":"https:\/\/images.epagine.fr\/380\/3760038820380_1_m.jpg","thumbnail":"https:\/\/images.epagine.fr\/380\/3760038820380_1_v.jpg"},"orderable":true,"show_badge":true,"formatted_price":"0,00&nbsp;\u20ac","formatted_published_date":"15 juin 1999","publisher_availability_label":"Sur commande","short_details":"Amma \u2014 Innerquest","translator":null,"weight":100,"page_count":null,"readership":null,"editor":"Innerquest","price":0,"published_date":"1999-06-14T22:00:00.000000Z","support":"DVD","publisher_availability":1,"stock":0,"editions":[],"url":"https:\/\/quaidesbrumes.com\/ouvrage\/3760038820380\/riviere-damour-la-vie-loeuvre-et-lenseignement-damma"},{"id":"9782213662350","title":"L'homme simplifi\u00e9 ; le syndrome de la touche \u00e9toile","description":"La m\u00e9canisation de l'humain a marqu\u00e9 le d\u00e9but des temps modernes. L'extension des technologies dites intelligentes consacrera-t-elle son aspiration \u00e0 la b\u00eatise ? \r\n\u00ab Appuyez sur la touche \u00e9toile \u00bb, r\u00e9p\u00e8te le serveur vocal qui contraint son interlocuteur \u00e0 faire la b\u00eate pour \u00eatre servi. Si les machines pr\u00e9tendent nous simplifier la vie, elles r\u00e9duisent aussi nos comportements \u00e0 la logique de leur fonctionnement d\u00e9pourvu d'ambigu\u00eft\u00e9, d'ironie ou d'\u00e9motions. Parce qu'elle est insidieuse, la d\u00e9shumanisation est redoutable. \r\nJean-Michel Besnier diss\u00e8que ici sans m\u00e9nagement \u00ab l'homme simplifi\u00e9 \u00bb que nous consentons \u00e0 devenir, au gr\u00e9 des conceptions scientifiques et des innovations techniques. \u00c9tonnante, cette servitude volontaire appelle une r\u00e9volte d'un nouveau style, que seule attiserait encore la litt\u00e9rature : celle de l'homme revendiquant sa complexit\u00e9 et son int\u00e9riorit\u00e9 comme le signe de sa libert\u00e9.Philosophe, Jean-Michel Besnier est professeur \u00e0 la Sorbonne et \u00e0 Sciences Po. Il collabore \u00e0 la revue Herm\u00e8s ainsi qu'au magazine Sciences et Avenir. Il a publi\u00e9 une douzaine d'essais, dont une Histoire de la philosophie moderne et contemporaine (Grasset, 1993 ; le Livre de poche, 1998) et Demain les posthumains (Fayard, 2010 ; Pluriel, 2012).","authors":["Jean-Michel Besnier"],"category_codes":["9000000","9080000","9080200","9080204"],"visuals":{"large":"https:\/\/images.epagine.fr\/350\/9782213662350_1_75.jpg","medium":"https:\/\/images.epagine.fr\/350\/9782213662350_1_m.jpg","thumbnail":"https:\/\/images.epagine.fr\/350\/9782213662350_1_v.jpg"},"orderable":true,"show_badge":true,"formatted_price":"24,00&nbsp;\u20ac","formatted_published_date":"10 octobre 2012","publisher_availability_label":"Sur commande","short_details":"Jean-Michel Besnier \u2014 Fayard","translator":null,"weight":275,"page_count":220,"readership":null,"editor":"Fayard","price":2400,"published_date":"2012-10-09T22:00:00.000000Z","support":"Grand format","publisher_availability":1,"stock":0,"editions":[],"url":"https:\/\/quaidesbrumes.com\/ouvrage\/9782213662350\/lhomme-simplifie-le-syndrome-de-la-touche-etoile"},{"id":"3760038820748","title":"Swamiji ; un voyage int\u00e9rieur","description":"Henri Le Saux est moine de l'abbaye b\u00e9n\u00e9dictine de Kergonan.\r\n\r\nA 38 ans, en 1948, il rejoint dans le sud de l'Inde, le P\u00e8re Monchanin, avec qui il partage le m\u00eame d\u00e9sir d'une pr\u00e9sence contemplative chr\u00e9tienne en Inde. Ensemble, ils fondent l'ashram du Shantivanam en 1950 (qui existe toujours), une sorte de laure d'ermites appel\u00e9e dans leur esprit \u00e0 devenir le lieu d'une rencontre v\u00e9cue entre le christianisme et les traditions spirituelles de l'Inde. \r\n\r\nPuis, Henri Le Saux s'\u00e9loigne peu \u00e0 peu de l'ashram pour r\u00e9pondre \u00e0 un appel int\u00e9rieur plus radical qui le conduit vers le nord, l'Himalaya et les sources du Gange o\u00f9, devenu Swami Abhishiktananda, il vivra, jusqu'\u00e0 sa mort en 1973, l'existence d'un sadhou, c'est-\u00e0-dire, d'un moine errant hindou. \r\n\r\n\" Fid\u00e8le \u00e0 son habitude, Patrice Chagnard s'abstient de tout commentaire : des photos, des bribes de lettres, des extraits de journal intime jalonnent cet itin\u00e9raire difficile et parfois troublant. Que ce soit en Bretagne ou en Inde, sa cam\u00e9ra inspir\u00e9e filme l'indicible. Et c'est diablement beau... \"  - Jannick Arbois-Chartier - T\u00e9l\u00e9rama \" Le tr\u00e8s beau film que Patrice Chagnard a r\u00e9alis\u00e9 montre bien la lutte int\u00e9rieure v\u00e9cue par ce grand mystique qui voulait jeter un pont entre chr\u00e9tiens et hindous. \" - Alain Woodrow - Le Monde","authors":["Patrice Chagnard"],"category_codes":["9000000","9080000"],"visuals":{"large":"https:\/\/images.epagine.fr\/748\/3760038820748_1_75.jpg","medium":"https:\/\/images.epagine.fr\/748\/3760038820748_1_m.jpg","thumbnail":"https:\/\/images.epagine.fr\/748\/3760038820748_1_v.jpg"},"orderable":true,"show_badge":true,"formatted_price":"0,00&nbsp;\u20ac","formatted_published_date":"15 juin 1983","publisher_availability_label":"Sur commande","short_details":"Patrice Chagnard \u2014 Innerquest","translator":null,"weight":100,"page_count":null,"readership":null,"editor":"Innerquest","price":0,"published_date":"1983-06-14T22:00:00.000000Z","support":"DVD","publisher_availability":1,"stock":0,"editions":[],"url":"https:\/\/quaidesbrumes.com\/ouvrage\/3760038820748\/swamiji-un-voyage-interieur"},{"id":"9782296563223","title":"Mo\u00efse et le retour des dieux ; aux origines du conflit entre polyth\u00e9isme et monoth\u00e9isme","description":"A la lumi\u00e8re des r\u00e9centes d\u00e9couvertes arch\u00e9ologiques, \u00e9gyptologiques, linguistiques, mythologiques et psychanalytiques, cet essai \u00e9claire de fa\u00e7on originale les textes de la Bible h\u00e9bra\u00efque et la Bible aram\u00e9enne, du Talmud, du Midrash et du Zohar qui sont consacr\u00e9es \u00e0 Mo\u00efse. L'ouvrage tente de reconstituer les \u00e9l\u00e9ments de la querelle th\u00e9ologico-politique qui opposa Mo\u00efse \u00e0 Pharaon et qui se situent \u00e0 la naissance de ce qu'on a appel\u00e9 le \"monoth\u00e9isme\".","authors":["G\u00e9rard Huber"],"category_codes":["9000000","9080000","9080200","9080204"],"visuals":{"large":"https:\/\/images.epagine.fr\/223\/9782296563223_1_75.jpg","medium":"https:\/\/images.epagine.fr\/223\/9782296563223_1_m.jpg","thumbnail":"https:\/\/images.epagine.fr\/223\/9782296563223_1_v.jpg"},"orderable":true,"show_badge":true,"formatted_price":"23,00&nbsp;\u20ac","formatted_published_date":"28 septembre 2011","publisher_availability_label":"Sur commande","short_details":"G\u00e9rard Huber \u2014 \u00c9ditions L'Harmattan","translator":null,"weight":291,"page_count":229,"readership":null,"editor":"\u00c9ditions L'Harmattan","price":2300,"published_date":"2011-09-27T22:00:00.000000Z","support":"Grand format","publisher_availability":1,"stock":0,"editions":[],"url":"https:\/\/quaidesbrumes.com\/ouvrage\/9782296563223\/moise-et-le-retour-des-dieux-aux-origines-du-conflit-entre-polytheisme-et-monotheisme"},{"id":"9782296120822","title":"Wittgenstein et l'ordre du monde","description":"Cette \u00e9tude de la premi\u00e8re p\u00e9riode de l'activit\u00e9 philosophique de Wittgenstein se propose de d\u00e9terminer ce que ce dernier entendait par l'\"ordre du monde\", ordre auquel l'\u00eatre humain doit se conformer pour atteindre le bonheur. Contrairement aux interpr\u00e9tations les plus courantes, l'auteur d\u00e9montre ici que la premi\u00e8re philosophie de Wittgenstein est aussi profond\u00e9ment mystique que logique.","authors":["Pasquier Lambert"],"category_codes":["9000000","9080000","9080200","9080204"],"visuals":{"large":"https:\/\/images.epagine.fr\/822\/9782296120822_1_75.jpg","medium":"https:\/\/images.epagine.fr\/822\/9782296120822_1_m.jpg","thumbnail":"https:\/\/images.epagine.fr\/822\/9782296120822_1_v.jpg"},"orderable":true,"show_badge":true,"formatted_price":"27,50&nbsp;\u20ac","formatted_published_date":"21 septembre 2010","publisher_availability_label":"Sur commande","short_details":"Pasquier Lambert \u2014 \u00c9ditions L'Harmattan","translator":null,"weight":360,"page_count":null,"readership":null,"editor":"\u00c9ditions L'Harmattan","price":2750,"published_date":"2010-09-20T22:00:00.000000Z","support":"Grand format","publisher_availability":1,"stock":0,"editions":[],"url":"https:\/\/quaidesbrumes.com\/ouvrage\/9782296120822\/wittgenstein-et-lordre-du-monde"},{"id":"9782296563339","title":"H\u00e9raclite ou la philosophie","description":"Contemporain du Bouddha, de Lao Tseu (l'auteur pr\u00e9sum\u00e9 du Tao T\u00f6 King) et de Confucius, H\u00e9raclite d'\u00c9ph\u00e8se (~ 550 ~ 480 avant J.-C.) doit \u00eatre tenu pour le fondateur de cette voie occidentale de la sagesse qu'est la philosophie. Dans l'Antiquit\u00e9 d\u00e9j\u00e0 il \u00e9tait surnomm\u00e9 l'Obscur. Red\u00e9couvert au XIXe si\u00e8cle, il n'a pourtant jamais \u00e9t\u00e9 vraiment compris, m\u00eame si cette obscure profondeur fascine et inspire.","authors":["Blaise Oriet"],"category_codes":["9000000","9080000","9080200","9080204"],"visuals":{"large":"https:\/\/images.epagine.fr\/339\/9782296563339_1_75.jpg","medium":"https:\/\/images.epagine.fr\/339\/9782296563339_1_m.jpg","thumbnail":"https:\/\/images.epagine.fr\/339\/9782296563339_1_v.jpg"},"orderable":true,"show_badge":true,"formatted_price":"20,50&nbsp;\u20ac","formatted_published_date":"28 septembre 2011","publisher_availability_label":"Sur commande","short_details":"Blaise Oriet \u2014 \u00c9ditions L'Harmattan","translator":null,"weight":245,"page_count":195,"readership":null,"editor":"\u00c9ditions L'Harmattan","price":2050,"published_date":"2011-09-27T22:00:00.000000Z","support":"Grand format","publisher_availability":1,"stock":0,"editions":[],"url":"https:\/\/quaidesbrumes.com\/ouvrage\/9782296563339\/heraclite-ou-la-philosophie"},{"id":"9782915741834","title":"Le beau & le bien ; perspectives historiques de Platon \u00e0 la philosophie am\u00e9ricaine contemporaine","description":null,"authors":["Pierre Destr\u00e9e","Carole Talon-Hugon"],"category_codes":["9000000","9080000","9080200","9080204"],"visuals":{"large":"https:\/\/images.epagine.fr\/834\/9782915741834_1_75.jpg","medium":"https:\/\/images.epagine.fr\/834\/9782915741834_1_m.jpg","thumbnail":"https:\/\/images.epagine.fr\/834\/9782915741834_1_v.jpg"},"orderable":true,"show_badge":true,"formatted_price":"22,40&nbsp;\u20ac","formatted_published_date":"4 novembre 2011","publisher_availability_label":"Sur commande","short_details":"Pierre Destr\u00e9e, Carole Talon-Hugon \u2014 Ovadia","translator":null,"weight":444,"page_count":335,"readership":null,"editor":"Ovadia","price":2240,"published_date":"2011-11-03T23:00:00.000000Z","support":"Grand format","publisher_availability":1,"stock":0,"editions":[],"url":"https:\/\/quaidesbrumes.com\/ouvrage\/9782915741834\/le-beau-le-bien-perspectives-historiques-de-platon-a-la-philosophie-americaine-contemporaine"},{"id":"9782296543980","title":"Wittgenstein en confrontation","description":"Ludwig Wittgenstein est tenu aujourd'hui en France pour un repr\u00e9sentant majeur de la tradition analytique. Pourtant, la confrontation de ses id\u00e9es et de son (ses) mode(s) d'approche des probl\u00e8mes philosophiques avec ceux d'auteurs contemporains ou r\u00e9cents occupe une place limit\u00e9e au sein des \u00e9tudes qui lui sont consacr\u00e9es. Le pr\u00e9sent volume se donne pour but de contribuer au d\u00e9veloppement de ce travail de mise en discussion des conceptions du penseur viennois avec d'autres pens\u00e9es.","authors":["Collectif"],"category_codes":["9000000","9080000","9080200","9080204"],"visuals":{"large":"https:\/\/images.epagine.fr\/980\/9782296543980_1_75.jpg","medium":"https:\/\/images.epagine.fr\/980\/9782296543980_1_m.jpg","thumbnail":"https:\/\/images.epagine.fr\/980\/9782296543980_1_v.jpg"},"orderable":true,"show_badge":true,"formatted_price":"25,00&nbsp;\u20ac","formatted_published_date":"22 mars 2011","publisher_availability_label":"Sur commande","short_details":"Collectif \u2014 \u00c9ditions L'Harmattan","translator":null,"weight":370,"page_count":null,"readership":null,"editor":"\u00c9ditions L'Harmattan","price":2500,"published_date":"2011-03-21T23:00:00.000000Z","support":"Grand format","publisher_availability":1,"stock":0,"editions":[],"url":"https:\/\/quaidesbrumes.com\/ouvrage\/9782296543980\/wittgenstein-en-confrontation"},{"id":"9782200277376","title":"La sagesse pr\u00e9socratique ; communication des savoirs en Gr\u00e8ce archa\u00efque : des lieux et des hommes","description":"Que conna\u00eet-on des \u00ab Pr\u00e9socratiques \u00bb ? Quelques anecdotes l\u00e9gendaires et quelques noms. Mais on oublie trop souvent que ces savants grecs, po\u00e8tes et historiens, m\u00e9decins et physiologues, g\u00e9ographes et \u00ab m\u00e9t\u00e9orologues \u00bb, \u00e9taient engag\u00e9s dans un vaste d\u00e9bat intellectuel ignorant les fronti\u00e8res g\u00e9ographiques et les barri\u00e8res disciplinaires, participant activement \u00e0 la vie politique de leur cit\u00e9. Une invitation \u00e0 d\u00e9couvrir, ou \u00e0 red\u00e9couvrir, leurs \u00e9crits qui t\u00e9moignent d'une intense effervescence intellectuelle et d'une remarquable circulation des savoirs.","authors":["Francesco Fronterotta","Marie-france Desclos"],"category_codes":["9000000","9080000","9080200","9080204"],"visuals":{"large":"https:\/\/images.epagine.fr\/376\/9782200277376_1_75.jpg","medium":"https:\/\/images.epagine.fr\/376\/9782200277376_1_m.jpg","thumbnail":"https:\/\/images.epagine.fr\/376\/9782200277376_1_v.jpg"},"orderable":true,"show_badge":true,"formatted_price":"32,00&nbsp;\u20ac","formatted_published_date":"19 juin 2013","publisher_availability_label":"Sur commande","short_details":"Francesco Fronterotta, Marie-france Desclos \u2014 Armand Colin","translator":null,"weight":370,"page_count":324,"readership":null,"editor":"Armand Colin","price":3200,"published_date":"2013-06-18T22:00:00.000000Z","support":"Grand format","publisher_availability":1,"stock":0,"editions":[],"url":"https:\/\/quaidesbrumes.com\/ouvrage\/9782200277376\/la-sagesse-presocratique-communication-des-savoirs-en-grece-archaique-des-lieux-et-des-hommes"},{"id":"9782332775788","title":"Teilhard de Chardin","description":"Il y a pr\u00e8s de soixante ans d\u00e9c\u00e9dait dans un certain isolement, au coeur de New York, Pierre Teilhard de Chardin, dont les id\u00e9es avant-gardistes sur l'origine et l'\u00e9pop\u00e9e du \u00ab ph\u00e9nom\u00e8ne humain \u00bb ont \u00e9branl\u00e9 l'intelligentsia de son temps. \r\nSavant reconnu dans les sciences de la g\u00e9ologie et de la pal\u00e9ontologie, explorateur infatigable, d\u00e9couvreur des ossements du sinanthrope, il parvint \u00e0 conjuguer science et foi.\r\nPar son audace intellectuelle, il annon\u00e7a des perspectives des plus pertinentes sur le sens \u00e0 donner \u00e0 l'\u00e9mergence et \u00e0 la destin\u00e9e de l'humanit\u00e9, toujours d'une actualit\u00e9 br\u00fblante dans le tohu-bohu de notre monde d\u00e9boussol\u00e9 d'aujourd'hui.","authors":["Michel Schmitz"],"category_codes":["9000000","9080000","9080200","9080204"],"visuals":{"large":"https:\/\/images.epagine.fr\/788\/9782332775788_1_75.jpg","medium":"https:\/\/images.epagine.fr\/788\/9782332775788_1_m.jpg","thumbnail":"https:\/\/images.epagine.fr\/788\/9782332775788_1_v.jpg"},"orderable":true,"show_badge":true,"formatted_price":"27,50&nbsp;\u20ac","formatted_published_date":"26 ao\u00fbt 2014","publisher_availability_label":"Sur commande","short_details":"Michel Schmitz \u2014 Edilivre","translator":null,"weight":576,"page_count":292,"readership":null,"editor":"Edilivre","price":2750,"published_date":"2014-08-25T22:00:00.000000Z","support":"Grand format","publisher_availability":1,"stock":0,"editions":[],"url":"https:\/\/quaidesbrumes.com\/ouvrage\/9782332775788\/teilhard-de-chardin"},{"id":"9782322035397","title":"Marquises","description":"Quelques galanteries \u00e9crites, et quelques textes romantiques, comme un parcours initiatique autour du beau sentiment.\r\nPour toutes les marquises, et pour ceux qui les aiment.","authors":["Willy Missonnier"],"category_codes":["9000000","9080000","9080200","9080204"],"visuals":{"large":"https:\/\/images.epagine.fr\/397\/9782322035397_1_75.jpg","medium":"https:\/\/images.epagine.fr\/397\/9782322035397_1_m.jpg","thumbnail":"https:\/\/images.epagine.fr\/397\/9782322035397_1_v.jpg"},"orderable":true,"show_badge":true,"formatted_price":"10,00&nbsp;\u20ac","formatted_published_date":"19 ao\u00fbt 2014","publisher_availability_label":"Sur commande","short_details":"Willy Missonnier \u2014 Books on Demand","translator":null,"weight":201,"page_count":56,"readership":null,"editor":"Books on Demand","price":1000,"published_date":"2014-08-18T22:00:00.000000Z","support":"Grand format","publisher_availability":1,"stock":0,"editions":[],"url":"https:\/\/quaidesbrumes.com\/ouvrage\/9782322035397\/marquises"},{"id":"9782296991941","title":"De la non-philosophie aux non-poltiques ; Nietzsche, Freud, Laruelle","description":"L'histoire de la philosophie occidentale est une tentation toujours renouvel\u00e9e de \"penser la politique depuis la non-politique\". On peut indiquer qu'au moins, dans la modernit\u00e9, les th\u00e9oriciens du contrat social inventent d\u00e9j\u00e0 une id\u00e9e r\u00e9volutionnaire de l'\"\u00e9tat de nature\" qui est une notion non politique par excellence. Si nous admettons qu'il y a quelque chose de non politique, il y a au moins trois possibilit\u00e9s de penser la non-politique : \"la philosophie de l'avenir\" de Nietzsche, la \"psychanalyse\" de Freud et la \"non-philosophie\" de Laruelle.","authors":["Lee Chien-Chang"],"category_codes":["9000000","9080000","9080200","9080204"],"visuals":{"large":"https:\/\/images.epagine.fr\/941\/9782296991941_1_75.jpg","medium":"https:\/\/images.epagine.fr\/941\/9782296991941_1_m.jpg","thumbnail":"https:\/\/images.epagine.fr\/941\/9782296991941_1_v.jpg"},"orderable":true,"show_badge":true,"formatted_price":"27,50&nbsp;\u20ac","formatted_published_date":"26 juin 2012","publisher_availability_label":"Sur commande","short_details":"Lee Chien-Chang \u2014 \u00c9ditions L'Harmattan","translator":null,"weight":320,"page_count":260,"readership":null,"editor":"\u00c9ditions L'Harmattan","price":2750,"published_date":"2012-06-25T22:00:00.000000Z","support":"Grand format","publisher_availability":1,"stock":0,"editions":[],"url":"https:\/\/quaidesbrumes.com\/ouvrage\/9782296991941\/de-la-non-philosophie-aux-non-poltiques-nietzsche-freud-laruelle"},{"id":"3760038820489","title":"Ramakrishna ; sa vie, son message","description":"La vie m\u00eame de Ramakrishna (1836-1886) constitue son message. Il n'existe aucun film de Ramakrishna et tr\u00e8s peu de photographies. Ce documentaire, dont la narration reprend souvent ses paroles, est une pr\u00e9sentation tr\u00e8s compl\u00e8te de sa vie et sa pens\u00e9e. \r\nCette habile compilation d'archives photographiques rares, d'images de lieux o\u00f9 il v\u00e9cut, de ceux qui l'ont connu, d'un film de 1928 et d'un enregistrement radio de 1936 de l'un de ses disciples, constituent ce qui nous rapprochera probablement le plus du grand sage. \r\nCe saint hindou unique, fit l'exp\u00e9rience de la V\u00e9rit\u00e9 spirituelle pr\u00e9sente dans sa propre religion et dans ses diverses branches. Il en fit \u00e9galement l'exp\u00e9rience dans d'autres traditions religieuses, telles que le Christianisme ou l'Islam. \r\n\r\nIl put ainsi enseigner\u00a0: \u00ab Autant de fois, autant de chemins \u00bb. \r\nMahatma Gandhi a dit \u00e0 son sujet : \u00ab\u00a0L'histoire de la vie de Ramakrishna est le r\u00e9cit m\u00eame des religions en pratique. Sa vie nous permet de voir Dieu en face \u00bb.","authors":["Swami Chetanananda"],"category_codes":["9000000","9080000"],"visuals":{"large":"https:\/\/images.epagine.fr\/489\/3760038820489_1_75.jpg","medium":"https:\/\/images.epagine.fr\/489\/3760038820489_1_m.jpg","thumbnail":"https:\/\/images.epagine.fr\/489\/3760038820489_1_v.jpg"},"orderable":true,"show_badge":true,"formatted_price":"0,00&nbsp;\u20ac","formatted_published_date":"15 juin 1990","publisher_availability_label":"Sur commande","short_details":"Swami Chetanananda \u2014 Innerquest","translator":null,"weight":100,"page_count":null,"readership":null,"editor":"Innerquest","price":0,"published_date":"1990-06-14T22:00:00.000000Z","support":"DVD","publisher_availability":1,"stock":0,"editions":[],"url":"https:\/\/quaidesbrumes.com\/ouvrage\/3760038820489\/ramakrishna-sa-vie-son-message"}]}