{"data":[{"id":"9782363920232","title":"La culture de l'\u00e2me en p\u00e9ril","description":null,"authors":["Olivier Cauly"],"category_codes":["9000000","9080000","9080200","9080204"],"visuals":{"large":"https:\/\/images.epagine.fr\/232\/9782363920232_1_75.jpg","medium":"https:\/\/images.epagine.fr\/232\/9782363920232_1_m.jpg","thumbnail":"https:\/\/images.epagine.fr\/232\/9782363920232_1_v.jpg"},"orderable":true,"show_badge":true,"formatted_price":"22,00&nbsp;\u20ac","formatted_published_date":"15 d\u00e9cembre 2012","publisher_availability_label":"Sur commande","short_details":"Olivier Cauly \u2014 Ovadia","translator":null,"weight":342,"page_count":null,"readership":null,"editor":"Ovadia","price":2200,"published_date":"2012-12-14T23:00:00.000000Z","support":"Grand format","publisher_availability":1,"stock":0,"editions":[],"url":"https:\/\/quaidesbrumes.com\/ouvrage\/9782363920232\/la-culture-de-lame-en-peril"},{"id":"9783035803686","title":"The sea as mirror : essayings in and against philosophy as history","description":"Les enjeux politiques et moraux de l'\u00e9l\u00e9ment maritime dans les imaginaires philosophiques et litt\u00e9raires occidentaux.\r\nThe Sea as Mirror retrace la pr\u00e9sence mat\u00e9rielle et symbolique pressante et refoul\u00e9e de la mer M\u00e9diterran\u00e9e et de l'oc\u00e9an Atlantique de Platon \u00e0 Heidegger, en utilisant le maritime comme une lentille herm\u00e9neutique pour comprendre l'\u00e9lan de la philosophie \u00e0 la fois comme r\u00e9ponse et moment dans l'\u00e9lan de la colonisation occidentale. \r\nLe livre examine la mani\u00e8re dont la philosophie s'est construite comme genre en opposition au mouvement de d\u00e9territorialisation et \u00e0 la fluidit\u00e9 de la mim\u00e8sis. Il le fait par la m\u00e9thode (meta, \u00ab apr\u00e8s \u00bb + hodos, \u00ab chemin, voyage \u00bb) d'une s\u00e9rie d'essais (au sens originel de tentatives) \u00e0 travers une topographie g\u00e9opolitique des discours. \r\nIl s'agit de textes philosophiques tir\u00e9s d'une constellation de topo\u00ef historiques aux moments critiques de leur rencontre avec le maritime : l'Ath\u00e8nes du Ve si\u00e8cle (Platon \/ Euripide), la Rome r\u00e9publicaine et imp\u00e9riale primitive (Auguste \/ Plaute), l'Angleterre \u00e9lisab\u00e9thaine (Shakespeare), l'Europe continentale des Lumi\u00e8res (Kant \/ Rousseau) et l'Allemagne de l'entre-deux-guerres du XXe si\u00e8cle (Husserl \/ Heidegger). Pour chaque topos historique, Wu Yi juxtapose diff\u00e9rentes repr\u00e9sentations et diff\u00e9rents enjeux du maritime \u00e0 travers la lecture d'un texte philosophique vis-\u00e0-vis de la lecture d'un texte litt\u00e9raire, dans une tentative d'analyser et de mettre en oeuvre la profonde ambigu\u00eft\u00e9 politique et morale attribu\u00e9e \u00e0 l'oc\u00e9an dans les imaginaires philosophiques et litt\u00e9raires occidentaux.\r","authors":["Wu Yi"],"category_codes":["9000000","9080000","9080200","9080204"],"visuals":{"large":"https:\/\/images.epagine.fr\/686\/9783035803686_1_75.jpg","medium":"https:\/\/images.epagine.fr\/686\/9783035803686_1_m.jpg","thumbnail":"https:\/\/images.epagine.fr\/686\/9783035803686_1_v.jpg"},"orderable":true,"show_badge":true,"formatted_price":"35,00&nbsp;\u20ac","formatted_published_date":"18 mars 2021","publisher_availability_label":"Sur commande","short_details":"Wu Yi \u2014 Diaphanes","translator":null,"weight":390,"page_count":210,"readership":null,"editor":"Diaphanes","price":3500,"published_date":"2021-03-17T23:00:00.000000Z","support":"Grand format","publisher_availability":1,"stock":0,"editions":[],"url":"https:\/\/quaidesbrumes.com\/ouvrage\/9783035803686\/the-sea-as-mirror-essayings-in-and-against-philosophy-as-history"},{"id":"9782012480872","title":"Abrege de la vie de s. jean de matha, suivi d'une note critique sur le lieu de sa naissance","description":"Abr\u00e9g\u00e9 de la vie de S. Jean de Matha,... suivi d'une note critique sur le lieu de sa naissance...\r\nDate de l'\u00e9dition originale : 1835 Sujet de l'ouvrage : Matha, Saint Jean de Ce livre est la reproduction fid\u00e8le d'une oeuvre publi\u00e9e avant 1920 et fait partie d'une collection de livres r\u00e9imprim\u00e9s \u00e0 la demande \u00e9dit\u00e9e par Hachette Livre, dans le cadre d'un partenariat avec la Biblioth\u00e8que nationale de France, offrant l'opportunit\u00e9 d'acc\u00e9der \u00e0 des ouvrages anciens et souvent rares issus des fonds patrimoniaux de la BnF.\r\nLes oeuvres faisant partie de cette collection ont \u00e9t\u00e9 num\u00e9ris\u00e9es par la BnF et sont pr\u00e9sentes sur Gallica, sa biblioth\u00e8que num\u00e9rique.\r\n\r\nEn entreprenant de redonner vie \u00e0 ces ouvrages au travers d'une collection de livres r\u00e9imprim\u00e9s \u00e0 la demande, nous leur donnons la possibilit\u00e9 de rencontrer un public \u00e9largi et participons \u00e0 la transmission de connaissances et de savoirs parfois difficilement accessibles.\r\nNous avons cherch\u00e9 \u00e0 concilier la reproduction fid\u00e8le d'un livre ancien \u00e0 partir de sa version num\u00e9ris\u00e9e avec le souci d'un confort de lecture optimal. Nous esp\u00e9rons que les ouvrages de cette nouvelle collection vous apporteront enti\u00e8re satisfaction.\r\n\r\nPour plus d'informations, rendez-vous sur www.hachettebnf.fr\r","authors":[],"category_codes":["9000000","9080000"],"visuals":{"large":"https:\/\/images.epagine.fr\/872\/9782012480872_1_75.jpg","medium":"https:\/\/images.epagine.fr\/872\/9782012480872_1_m.jpg","thumbnail":"https:\/\/images.epagine.fr\/872\/9782012480872_1_v.jpg"},"orderable":true,"show_badge":true,"formatted_price":"13,90&nbsp;\u20ac","formatted_published_date":"1er ao\u00fbt 2013","publisher_availability_label":"Sur commande","short_details":"Hachette BNF","translator":null,"weight":137,"page_count":null,"readership":null,"editor":"Hachette BNF","price":1390,"published_date":"2013-07-31T22:00:00.000000Z","support":"Grand format","publisher_availability":1,"stock":0,"editions":[],"url":"https:\/\/quaidesbrumes.com\/ouvrage\/9782012480872\/abrege-de-la-vie-de-s-jean-de-matha-suivi-dune-note-critique-sur-le-lieu-de-sa-naissance"},{"id":"9782705681678","title":"Potence avec paratonnerre ; surr\u00e9alisme et philosophie","description":"Au sein du groupe surr\u00e9aliste, le duo Aragon-Breton et les francs-tireurs Artaud et Crevel ont \u00e9labor\u00e9 un v\u00e9ritable projet philosophique au cours des ann\u00e9es vingt. En particulier, ils ont engag\u00e9 une bataille de l'esprit avec leurs jeunes rivaux de la revue Philosophies. Le Culte du moi de Barr\u00e9s a beaucoup compt\u00e9 pour Aragon et Breton. La lecture des D\u00e9racin\u00e9s les a mis dans les pas de Kant. Les Po\u00e9sies d'Isidore Ducasse d\u00e9tournant les maximes des moralistes et repeignant Les Chants de Maldoror sous les couleurs du bien les ont initi\u00e9s \u00e0 l'axiomatique morale comme \u00e0 l'emprunt collagiste et leur ont signal\u00e9 le point d'indiff\u00e9rence. La peinture m\u00e9taphysique et \u00e9nigmatique de Chirico, r\u00e9invention du s\u00e9jour de Nietzsche \u00e0 Turin, les a rang\u00e9s pour longtemps dans le camp des m\u00e9taphysiciens. Le Manifeste du surr\u00e9alisme, Une vague de r\u00eaves, Introduction au Discours sur le peu de r\u00e9alit\u00e9, Le Paysan de Paris, L'Esprit contre la Raison abondent en analyses et en intuitions philosophiques. \u00c0 l'instar de Descartes et Fichte, Aragon et Breton ont mis le monde ext\u00e9rieur \u00e0 l'\u00e9preuve du doute. Leur id\u00e9alisme absolu oscille alors entre l'immat\u00e9rialisme de Berkeley, l'id\u00e9alisme magique de Novalis et l'id\u00e9alisme transcendantal de Schelling. Le 6 octobre 1926, vers minuit, Nadja, \u00ab l'\u00e2me errante \u00bb, voit dans le jet d'eau du bassin des Tuileries le jaillissement puis la retomb\u00e9e de ses pens\u00e9es m\u00eal\u00e9es \u00e0 celles de Breton. Celui-ci lui fait aussit\u00f4t remarquer qu'elle emploie la m\u00eame image m\u00e9diatrice du jet d'eau par laquelle se concluent les Dialogues entre Hylas et Philonous de Berkeley.","authors":["Georges Sebbag"],"category_codes":["9000000","9080000","9080200","9080204"],"visuals":{"large":"https:\/\/images.epagine.fr\/678\/9782705681678_1_75.jpg","medium":"https:\/\/images.epagine.fr\/678\/9782705681678_1_m.jpg","thumbnail":"https:\/\/images.epagine.fr\/678\/9782705681678_1_v.jpg"},"orderable":true,"show_badge":true,"formatted_price":"48,00&nbsp;\u20ac","formatted_published_date":"25 janvier 2012","publisher_availability_label":"Sur commande","short_details":"Georges Sebbag \u2014 Hermann","translator":null,"weight":855,"page_count":684,"readership":null,"editor":"Hermann","price":4800,"published_date":"2012-01-24T23:00:00.000000Z","support":"Grand format","publisher_availability":1,"stock":0,"editions":[],"url":"https:\/\/quaidesbrumes.com\/ouvrage\/9782705681678\/potence-avec-paratonnerre-surrealisme-et-philosophie"},{"id":"9782705689414","title":"Le r\u00e9versible et l'irr\u00e9versible","description":"Nous sommes mortels et le temps qui est le n\u00f4tre ne se d\u00e9ploie que selon l'irr\u00e9versibilit\u00e9 de son ordre. Cela est entendu. Et cependant, le sens de nos existences ne peut s'interpr\u00e9ter \u00e0 partir de cette seule irr\u00e9versibilit\u00e9 biologique. En elle, et non contre elle, nous ne cessons d'\u00eatre confront\u00e9 \u00e0 la r\u00e9versibilit\u00e9 de nos situations d'existence, lesquelles nous sont aussi inanticipables que d\u00e9cisives. Prendre d\u00e8s lors au s\u00e9rieux cette r\u00e9versibilit\u00e9, c'est ne plus pouvoir se satisfaire du privil\u00e8ge que, depuis les Grecs, la philosophie reconna\u00eet \u00e0 la trag\u00e9die, tant le tragique pr\u00e9suppose l'irr\u00e9versible. C'est pourquoi, porter attention \u00e0 la r\u00e9versibilit\u00e9, c'est d\u00e9fendre un autre mod\u00e8le d'interpr\u00e9tation de nos existences : celui du tragicomique et de l'ironie.","authors":["Philippe Grosos"],"category_codes":["9000000","9080000","9080200","9080204"],"visuals":{"large":"https:\/\/images.epagine.fr\/414\/9782705689414_1_75.jpg","medium":"https:\/\/images.epagine.fr\/414\/9782705689414_1_m.jpg","thumbnail":"https:\/\/images.epagine.fr\/414\/9782705689414_1_v.jpg"},"orderable":true,"show_badge":true,"formatted_price":"25,00&nbsp;\u20ac","formatted_published_date":"19 novembre 2014","publisher_availability_label":"Sur commande","short_details":"Philippe Grosos \u2014 Hermann","translator":null,"weight":240,"page_count":188,"readership":null,"editor":"Hermann","price":2500,"published_date":"2014-11-18T23:00:00.000000Z","support":"Grand format","publisher_availability":1,"stock":0,"editions":[],"url":"https:\/\/quaidesbrumes.com\/ouvrage\/9782705689414\/le-reversible-et-lirreversible"},{"id":"9782916492490","title":"Fini(s) tu(e) ?","description":null,"authors":["Aur\u00e9lien R\u00e9al"],"category_codes":["9000000","9080000"],"visuals":{"large":"https:\/\/quaidesbrumes.com\/img\/book-placeholder.png","medium":"https:\/\/quaidesbrumes.com\/img\/book-placeholder.png","thumbnail":"https:\/\/quaidesbrumes.com\/img\/book-placeholder.png"},"orderable":true,"show_badge":true,"formatted_price":"12,80&nbsp;\u20ac","formatted_published_date":"10 d\u00e9cembre 2012","publisher_availability_label":"Sur commande","short_details":"Aur\u00e9lien R\u00e9al \u2014 Le Grand Souffle","translator":null,"weight":240,"page_count":null,"readership":null,"editor":"Le Grand Souffle","price":1280,"published_date":"2012-12-09T23:00:00.000000Z","support":"Grand format","publisher_availability":1,"stock":0,"editions":[],"url":"https:\/\/quaidesbrumes.com\/ouvrage\/9782916492490\/finis-tue"},{"id":"9782296960565","title":"La modernit\u00e9 \u00e0 l'\u00e9preuve de l'image ; l'obession visuelle de l'Occident","description":"A travers la m\u00e9taphore du \" Narcisse \" du Caravage, l'auteur nous retrace les d\u00e9rives de la culture visuelle et num\u00e9rique contemporaine, en nous livrant les principales matrices philosophiques, sociales et m\u00e9tapolitiques de l'\" occidentalo-scopie \", \u00e0 savoir le mental scopique de l'Occident hypermoderne, dans lequel s'est op\u00e9r\u00e9 depuis la Renaissance jusqu'\u00e0 nos jours une vaste mutation du \"regardant\" collectif et individuel.\r\nSelon l'auteur, il s'agit bien ici de la grimace du regard \"occidental\" contemporain, \u00e0 savoir l'image sp\u00e9culaire et d\u00e9formante qui a de la sorte ali\u00e9n\u00e9 et soumis l'ensemble de l'\u00e9pist\u00e9m\u00e8 de la modernit\u00e9 occidentale \u00e0 une pulsion scopique g\u00e9n\u00e9ralis\u00e9e.\r","authors":["Jure Georges Vujic"],"category_codes":["9000000","9080000","9080200","9080204"],"visuals":{"large":"https:\/\/images.epagine.fr\/565\/9782296960565_1_75.jpg","medium":"https:\/\/images.epagine.fr\/565\/9782296960565_1_m.jpg","thumbnail":"https:\/\/images.epagine.fr\/565\/9782296960565_1_v.jpg"},"orderable":true,"show_badge":true,"formatted_price":"19,50&nbsp;\u20ac","formatted_published_date":"14 mai 2012","publisher_availability_label":"Sur commande","short_details":"Jure Georges Vujic \u2014 \u00c9ditions L'Harmattan","translator":null,"weight":240,"page_count":188,"readership":null,"editor":"\u00c9ditions L'Harmattan","price":1950,"published_date":"2012-05-13T22:00:00.000000Z","support":"Grand format","publisher_availability":1,"stock":0,"editions":[],"url":"https:\/\/quaidesbrumes.com\/ouvrage\/9782296960565\/la-modernite-a-lepreuve-de-limage-lobession-visuelle-de-loccident"},{"id":"9782705681661","title":"L'\u00e9nigme de la mort de Descartes","description":"Paru en Allemagne en 2009 aux \u00c9DITIONS ALIBRI. Premi\u00e8re traduction fran\u00e7aise\r\n\r\n\u00c0 l'automne 1649, Ren\u00e9 Descartes se rend \u00e0 Stockholm \u00e0 l'invitation de la reine Christine de Su\u00e8de. Quelques mois plus tard, le philosophe y d\u00e9c\u00e8de, d'une pneumonie, dit-on. Cette explication soul\u00e8ve promptement des doutes ; des rumeurs selon lesquelles il serait question de poison.\r\nTheodor Ebert v\u00e9rifie les indices et rouvre le \u00ab dossier Descartes \u00bb. \u00c0 l'aide de documents existants mais jusqu'alors peu pris en consid\u00e9ration, il reconstitue en premier lieu l'\u00e9volution de la maladie. Ce faisant, de s\u00e9rieux doutes s'imposent quant au caract\u00e8re naturel de la mort de Descartes. L'auteur s'attache alors \u00e0 d\u00e9couvrir qui aurait pu avoir un mobile pour commettre un meurtre envers Descartes et si une opportunit\u00e9 se pr\u00e9senta d'empoisonner le philosophe. \u00c0 l'issue de l'enqu\u00eate minutieuse, l'\u00e9nigme de la mort de Descartes appara\u00eet sous un nouveau jour.","authors":["Theodor Ebert","Claire Husemann"],"category_codes":["9000000","9080000","9080200","9080204"],"visuals":{"large":"https:\/\/images.epagine.fr\/661\/9782705681661_1_75.jpg","medium":"https:\/\/images.epagine.fr\/661\/9782705681661_1_m.jpg","thumbnail":"https:\/\/images.epagine.fr\/661\/9782705681661_1_v.jpg"},"orderable":true,"show_badge":true,"formatted_price":"36,00&nbsp;\u20ac","formatted_published_date":"22 novembre 2011","publisher_availability_label":"Sur commande","short_details":"Theodor Ebert, Claire Husemann \u2014 Hermann","translator":"CLAIRE HUSEMANN","weight":414,"page_count":329,"readership":null,"editor":"Hermann","price":3600,"published_date":"2011-11-21T23:00:00.000000Z","support":"Grand format","publisher_availability":1,"stock":0,"editions":[],"url":"https:\/\/quaidesbrumes.com\/ouvrage\/9782705681661\/lenigme-de-la-mort-de-descartes"},{"id":"9782363710765","title":"Le soldat impossible","description":"Mourir pour la France, faire la guerre, tomber au champ d'honneur... Les jeunes g\u00e9n\u00e9rations y songent-elles encore ? L'auteur nous invite \u00e0 explorer le gouffre d'incompr\u00e9hension qui s\u00e9pare le soldat de la soci\u00e9t\u00e9 civile actuelle \u00e0 travers un arri\u00e8re-plan philosophique et historique et en s'attachant \u00e0 cerner l'essence de la guerre.\r","authors":["Robert Redeker"],"category_codes":["9000000","9080000","9080200","9080204"],"visuals":{"large":"https:\/\/images.epagine.fr\/765\/9782363710765_1_75.jpg","medium":"https:\/\/images.epagine.fr\/765\/9782363710765_1_m.jpg","thumbnail":"https:\/\/images.epagine.fr\/765\/9782363710765_1_v.jpg"},"orderable":true,"show_badge":true,"formatted_price":"23,00&nbsp;\u20ac","formatted_published_date":"16 janvier 2014","publisher_availability_label":"Sur commande","short_details":"Robert Redeker \u2014 PIERRE-GUILLAUME DE ROUX","translator":null,"weight":380,"page_count":288,"readership":null,"editor":"PIERRE-GUILLAUME DE ROUX","price":2300,"published_date":"2014-01-15T23:00:00.000000Z","support":"Grand format","publisher_availability":1,"stock":0,"editions":[],"url":"https:\/\/quaidesbrumes.com\/ouvrage\/9782363710765\/le-soldat-impossible"},{"id":"9782718608396","title":"Chances de la pens\u00e9e \u00e0 partir de Jean-Luc Nancy","description":"Ce livre r\u00e9unit cinq essais sur Jean-Luc Nancy. Il y est notamment question des id\u00e9es de cr\u00e9ation, de vie, de corps, mais aussi de toucher, de sujet, de communaut\u00e9, de christianisme, de monde. Il s'agit \u00e0 la fois d'analyser un texte philosophique difficile, de faire hommage au professeur et, finalement, de saluer l'ami. Il s'agit de t\u00e9moigner de toute l'admiration qu'un philosophe habitant \u00e0 l'autre bout du monde professe pour cette pens\u00e9e si originale et si puissante. Il s'agit surtout d'ouvrir des voies pour lui donner de nouvelles chances, pour me donner moi-m\u00eame une chance de penser. \r\nLe premier texte du recueil cherche d'abord \u00e0 pr\u00e9ciser le sens ontologique de l'id\u00e9e de cr\u00e9ation. L'\u00eatre pens\u00e9 selon la creatio ex nihilo n'est pas n\u00e9cessairement \u00e0 r\u00e9sorber sous le sch\u00e8me de la production ontologique, de la transitivit\u00e9 de l'\u00eatre ou de la diff\u00e9rence ontologique. Au contraire : puisque rien n'est cr\u00e9\u00e9 \u00e0 partir de rien, il faut penser un an\u00e9antissement de l'\u00eatre lui-m\u00eame ou de la libre donation de l'\u00e9tant. Si, d'un autre c\u00f4t\u00e9, on accepte que la vie a \u00e9t\u00e9, dans toute l'histoire de l'ontologie occidentale, le sch\u00e8me principal et l'horizon ind\u00e9passable pour la compr\u00e9hension de l'\u00eatre, alors l'id\u00e9e de creatio ex nihilo doit engager une d\u00e9construction de la vie. Tout en essayant de donner sens \u00e0 la prolif\u00e9ration exorbitante des discours et des techniques concernant le vivant dans l'actualit\u00e9, mon travail explore les conditions d'une telle d\u00e9construction.\r\n\r\nLe deuxi\u00e8me essai offre un bref commentaire de l'id\u00e9e de \u00ab vie \u00e9ternelle \u00bb telle que pr\u00e9sent\u00e9e dans L'Adoration (Galil\u00e9e, 2010). La \u00ab vie \u00e9ternelle \u00bb n'est rien d'autre que le mode d'\u00eatre et de para\u00eetre de celui ou celle qui est mort(e), c'est-\u00e0-dire de celui ou celle qui a cess\u00e9 d'\u00eatre et de para\u00eetre, qui ne peut plus \u00eatre saisi(e) par nos cat\u00e9gories concernant l'\u00eatre et le para\u00eetre. \r\n\r\nLe troisi\u00e8me texte m\u00e8ne une exposition syst\u00e9matique du concept de corps chez Nancy, en revenant d'abord au texte fondateur de la philosophie occidentale concernant la corporalit\u00e9 vivante, \u00e0 savoir le trait\u00e9 sur l'\u00e2me d'Aristote. Les oppositions \u00e0 \u00e9tablir entre la psych\u00e8 du Stagirite et la Psych\u00e9 morte de Nancy ne sont pas aussi radicales qu'on pourrait le croire : chez l'un comme chez l'autre, il s'agit avant tout de saisir l'\u00e2me comme la diff\u00e9rence, le retrait ou le d\u00e9part qui fait l'exposition des corps. L'essai se poursuit avec une analyse du toucher et du soi, et se termine par une explication de l'id\u00e9e de corps \u00e0 l'int\u00e9rieur du programme g\u00e9n\u00e9ral de pens\u00e9e sur la d\u00e9construction du christianisme, en particulier \u00e0 l'\u00e9gard de l'id\u00e9e d'incarnation.\r\n\r\nApr\u00e8s une br\u00e8ve r\u00e9flexion sur la torture, ce recueil se conclut par \u00ab La chance de la pens\u00e9e \u00bb, qui tente de d\u00e9crire l'exp\u00e9rience de pens\u00e9e et du r\u00e9el \u00e0 l'oeuvre chez Nancy.\r\n\r\n\r\nJ. M. Garrido\r","authors":["Juan manuel Garrido"],"category_codes":["9000000","9080000","9080200","9080204"],"visuals":{"large":"https:\/\/quaidesbrumes.com\/img\/book-placeholder.png","medium":"https:\/\/quaidesbrumes.com\/img\/book-placeholder.png","thumbnail":"https:\/\/quaidesbrumes.com\/img\/book-placeholder.png"},"orderable":true,"show_badge":true,"formatted_price":"20,00&nbsp;\u20ac","formatted_published_date":"17 mars 2011","publisher_availability_label":"Sur commande","short_details":"Juan manuel Garrido \u2014 Galilee","translator":null,"weight":0,"page_count":120,"readership":null,"editor":"Galilee","price":2000,"published_date":"2011-03-16T23:00:00.000000Z","support":"Grand format","publisher_availability":1,"stock":0,"editions":[],"url":"https:\/\/quaidesbrumes.com\/ouvrage\/9782718608396\/chances-de-la-pensee-a-partir-de-jean-luc-nancy"},{"id":"9782940406722","title":"\u00eatre morts ensemble ; le 11 septembre 2011, l'\u00e9v\u00e9nement qui ouvre le mill\u00e9naire","description":"\u00ab \u00catre morts ensemble \u00bb appartient au genre de l'essai philosophique.\r\nAux prises avec l'actualit\u00e9, cet ouvrage t\u00e9moigne d'un engagement intellectuel qui cherche dans ce qui r\u00e9siste une mani\u00e8re d'\u00eatre interrog\u00e9 par son \u00e9poque : en l'occurence, le 11 septembre 2001. Douze ans apr\u00e8s l'attaque, certaines images insistent encore, insensibles \u00e0 toute euph\u00e9misation ou tentatives de refoulement. Tout particuli\u00e8rement celles des \u00ab jumpers \u00bb, ces d\u00e9sesp\u00e9r\u00e9s qui se jet\u00e8rent dans le vide. Ou ces pancartes que les proches des victimes dispos\u00e8rent dans les rues de New York pour avoir des nouvelles des disparus.\r\n- C'est pour avoir \u00e9t\u00e9 confront\u00e9 \u00e0 ces images et \u00e0 l'exp\u00e9rience traumatisante qu'elles ont suscit\u00e9e que Mauro Carbone a envisag\u00e9 cet essai, en consid\u00e9rant tout d'abord que le 11-Septembre a \u00e9t\u00e9, imm\u00e9diatement, l'\u00e9v\u00e9nement le plus vu dans l'histoire humaine, et que nous avons tous \u00e9t\u00e9 expos\u00e9s \u00e0 la puissance inh\u00e9rente de ces images : celle qui nous a contraints au r\u00f4le de t\u00e9moins simultan\u00e9s de la mort d'autrui.\r\n- Au cours des cinq parties qui composent cet ouvrage, sur la base de cette exp\u00e9rience commune des images de l'\u00e9v\u00e9nement du 11 septembre 2001, Mauro Carbone esquisse par touches suggestives les conditions d'une nouvelle mani\u00e8re de penser la politique qui nous implique tous, puisque, comme le dit l'auteur, face \u00e0 l'horreur de ces images \u00ab nous avons tous obscur\u00e9ment senti que nous n'\u00e9tions pas en train de mourir seuls \u00bb. \u00ab \u00catre morts ensemble parce qu'ensemble nous avons v\u00e9cu la mort d'autrui \u00bb.\r","authors":["Mauro Carbone","Marc Logoz"],"category_codes":["9000000","9080000","9080200","9080204"],"visuals":{"large":"https:\/\/images.epagine.fr\/722\/9782940406722_1_75.jpg","medium":"https:\/\/images.epagine.fr\/722\/9782940406722_1_m.jpg","thumbnail":"https:\/\/images.epagine.fr\/722\/9782940406722_1_v.jpg"},"orderable":true,"show_badge":true,"formatted_price":"12,00&nbsp;\u20ac","formatted_published_date":"22 ao\u00fbt 2013","publisher_availability_label":"Sur commande","short_details":"Mauro Carbone, Marc Logoz \u2014 Metispresses","translator":"MARC LOGOZ","weight":301,"page_count":128,"readership":null,"editor":"Metispresses","price":1200,"published_date":"2013-08-21T22:00:00.000000Z","support":"Grand format","publisher_availability":1,"stock":0,"editions":[],"url":"https:\/\/quaidesbrumes.com\/ouvrage\/9782940406722\/etre-morts-ensemble-le-11-septembre-2011-levenement-qui-ouvre-le-millenaire"},{"id":"9782012480933","title":"Actualite. reflexions d'un philosophe supernaturaliste sur dix pages de la lettre de m. alexandre -","description":"Actualit\u00e9. R\u00e9flexions d'un philosophe supernaturaliste sur dix pages de la Lettre de M. Alexandre Dumas adress\u00e9e \u00e0 un ami Date de l'\u00e9dition originale : 1871 Sujet de l'ouvrage : France (1870-1940, 3e R\u00e9publique) Ce livre est la reproduction fid\u00e8le d'une oeuvre publi\u00e9e avant 1920 et fait partie d'une collection de livres r\u00e9imprim\u00e9s \u00e0 la demande \u00e9dit\u00e9e par Hachette Livre, dans le cadre d'un partenariat avec la Biblioth\u00e8que nationale de France, offrant l'opportunit\u00e9 d'acc\u00e9der \u00e0 des ouvrages anciens et souvent rares issus des fonds patrimoniaux de la BnF.\r\nLes oeuvres faisant partie de cette collection ont \u00e9t\u00e9 num\u00e9ris\u00e9es par la BnF et sont pr\u00e9sentes sur Gallica, sa biblioth\u00e8que num\u00e9rique.\r\n\r\nEn entreprenant de redonner vie \u00e0 ces ouvrages au travers d'une collection de livres r\u00e9imprim\u00e9s \u00e0 la demande, nous leur donnons la possibilit\u00e9 de rencontrer un public \u00e9largi et participons \u00e0 la transmission de connaissances et de savoirs parfois difficilement accessibles.\r\nNous avons cherch\u00e9 \u00e0 concilier la reproduction fid\u00e8le d'un livre ancien \u00e0 partir de sa version num\u00e9ris\u00e9e avec le souci d'un confort de lecture optimal. Nous esp\u00e9rons que les ouvrages de cette nouvelle collection vous apporteront enti\u00e8re satisfaction.\r\n\r\nPour plus d'informations, rendez-vous sur www.hachettebnf.fr\r","authors":[],"category_codes":["9000000","9080000"],"visuals":{"large":"https:\/\/images.epagine.fr\/933\/9782012480933_1_75.jpg","medium":"https:\/\/images.epagine.fr\/933\/9782012480933_1_m.jpg","thumbnail":"https:\/\/images.epagine.fr\/933\/9782012480933_1_v.jpg"},"orderable":true,"show_badge":true,"formatted_price":"9,50&nbsp;\u20ac","formatted_published_date":"1er ao\u00fbt 2013","publisher_availability_label":"Sur commande","short_details":"Hachette BNF","translator":null,"weight":43,"page_count":null,"readership":null,"editor":"Hachette BNF","price":950,"published_date":"2013-07-31T22:00:00.000000Z","support":"Grand format","publisher_availability":1,"stock":0,"editions":[],"url":"https:\/\/quaidesbrumes.com\/ouvrage\/9782012480933\/actualite-reflexions-dun-philosophe-supernaturaliste-sur-dix-pages-de-la-lettre-de-m-alexandre"},{"id":"9782830914498","title":"Rousseau et les citoyens de Gen\u00e8ve ; influences crois\u00e9es au XVIIIe si\u00e8cle","description":"Le XVIIIe si\u00e8cle \u00e0 Gen\u00e8ve est marqu\u00e9 par une lutte de longue  haleine entre ses citoyens et les familles dirigeantes.\r\nLe peuple  revendique une souverainet\u00e9 que l'oligarchie r\u00e9gnante refuse  de lui c\u00e9der. C'est dans ce contexte que Jean-Jacques  Rousseau lie son destin avec sa ville natale. Les aspirations  citoyennes telles qu'elles s'expriment dans des \u00e9pisodes hauts  en couleur inspirent ses r\u00e9flexions sur la volont\u00e9 populaire qui,  en retour, donnent un regain d'\u00e9nergie au peuple genevois dans  ses combats vers la souverainet\u00e9.\r\nCes influences respectives  sont mal connues. Elles sont abondamment d\u00e9velopp\u00e9es ici  par Guillaume Chenevi\u00e8re qui propose une chronique tr\u00e8s  \u00e9clairante d'un si\u00e8cle repr\u00e9sentant \u00e0 la fois le laboratoire des  exp\u00e9riences d\u00e9mocratiques de la modernit\u00e9 et celui du Contrat  Social ou de l'Emile. En d\u00e9crivant la mani\u00e8re dont on lisait  Rousseau au XVIIIe si\u00e8cle, en \u00e9voquant les faits saillants d'un  combat populaire qu'aucune intimidation, m\u00eame violente, ne  dissuadera, en rappelant combien Rousseau \u00e9tait pench\u00e9 au  chevet de Gen\u00e8ve, l'auteur \u00e9claire une histoire qu'il est  particuli\u00e8rement int\u00e9ressant de m\u00e9diter \u00e0 une \u00e9poque o\u00f9 la  finance mondiale menace concr\u00e8tement la souverainet\u00e9 des  peuples.\r","authors":["Guillaume Chenevi\u00e8re"],"category_codes":["9000000","9080000","9080200","9080204"],"visuals":{"large":"https:\/\/images.epagine.fr\/498\/9782830914498_1_75.jpg","medium":"https:\/\/images.epagine.fr\/498\/9782830914498_1_m.jpg","thumbnail":"https:\/\/images.epagine.fr\/498\/9782830914498_1_v.jpg"},"orderable":true,"show_badge":true,"formatted_price":"26,00&nbsp;\u20ac","formatted_published_date":"10 mars 2012","publisher_availability_label":"Sur commande","short_details":"Guillaume Chenevi\u00e8re \u2014 \u00c9ditions Labor et Fides","translator":null,"weight":585,"page_count":413,"readership":null,"editor":"\u00c9ditions Labor et Fides","price":2600,"published_date":"2012-03-09T23:00:00.000000Z","support":"Grand format","publisher_availability":1,"stock":0,"editions":[],"url":"https:\/\/quaidesbrumes.com\/ouvrage\/9782830914498\/rousseau-et-les-citoyens-de-geneve-influences-croisees-au-xviiie-siecle"},{"id":"9782812408212","title":"Negotium irenicum ; l'union des \u00e9glises protestantes selon G. W. Leibniz et D. E. Jablonski","description":"Les tentatives d'union des \u00c9glises protestantes de G. W. Leibniz et D. E. Jablonski n'ont pas b\u00e9n\u00e9fici\u00e9 jusqu'\u00e0 pr\u00e9sent d'une \u00e9tude exhaustive. Il s'agit de donner acc\u00e8s pour la premi\u00e8re fois et en fran\u00e7ais \u00e0 l'ensemble des textes qui fondent ce negotium irenicum (1697-1706).\r","authors":["D. E. Jablonski","G. W. Leibniz"],"category_codes":["9000000","9080000","9080200","9080204"],"visuals":{"large":"https:\/\/images.epagine.fr\/212\/9782812408212_1_75.jpg","medium":"https:\/\/images.epagine.fr\/212\/9782812408212_1_m.jpg","thumbnail":"https:\/\/images.epagine.fr\/212\/9782812408212_1_v.jpg"},"orderable":true,"show_badge":true,"formatted_price":"59,00&nbsp;\u20ac","formatted_published_date":"3 septembre 2013","publisher_availability_label":"Sur commande","short_details":"D. E. Jablonski, G. W. Leibniz \u2014 CLASSIQUES GARNIER","translator":null,"weight":1388,"page_count":1172,"readership":null,"editor":"CLASSIQUES GARNIER","price":5900,"published_date":"2013-09-02T22:00:00.000000Z","support":"Grand format","publisher_availability":1,"stock":0,"editions":["9782812411076"],"url":"https:\/\/quaidesbrumes.com\/ouvrage\/9782812408212\/negotium-irenicum-lunion-des-eglises-protestantes-selon-g-w-leibniz-et-d-e-jablonski"},{"id":"9782366301069","title":"Le philosophe et l'enquete de terrain : le cas du travail contemporain","description":null,"authors":["Prevot-Carpentier"],"category_codes":["9000000","9080000"],"visuals":{"large":"https:\/\/quaidesbrumes.com\/img\/book-placeholder.png","medium":"https:\/\/quaidesbrumes.com\/img\/book-placeholder.png","thumbnail":"https:\/\/quaidesbrumes.com\/img\/book-placeholder.png"},"orderable":true,"show_badge":true,"formatted_price":"26,00&nbsp;\u20ac","formatted_published_date":"19 septembre 2020","publisher_availability_label":"Sur commande","short_details":"Prevot-Carpentier \u2014 OCTARES","translator":null,"weight":400,"page_count":null,"readership":null,"editor":"OCTARES","price":2600,"published_date":"2020-09-18T22:00:00.000000Z","support":"Grand format","publisher_availability":1,"stock":0,"editions":[],"url":"https:\/\/quaidesbrumes.com\/ouvrage\/9782366301069\/le-philosophe-et-lenquete-de-terrain-le-cas-du-travail-contemporain"},{"id":"9782296544680","title":"La cat\u00e9gorie de l'espace chez Descartes ; pour une \u00e9pistemologie non classique de la physique","description":"Pour promouvoir une \u00e9pist\u00e9mologie non classique de la physique, il faut d'abord comprendre que toute \u00e9pipst\u00e9mologie est \u00e9pist\u00e9mologie de quelque science, et que l'\u00e9pist\u00e9mologie de la physique est une \u00e9pist\u00e9mologie de quelque th\u00e9orie physique. Il faut ensuite ressortir le caract\u00e8re complexe des rapports entre ces diff\u00e9rentes th\u00e9ories qui fonctionnent comme modules d'une seule et m\u00eame discipline scientifique appel\u00e9e du nom de \"physique\". Enfin, il faut d\u00e9gager la dimension \u00e9thique de la question de la v\u00e9rit\u00e9 au sein de l'\u00e9pist\u00e9mologie de la science physique.\r","authors":["Marcel Nguimbi"],"category_codes":["9000000","9080000","9080200","9080204"],"visuals":{"large":"https:\/\/images.epagine.fr\/680\/9782296544680_1_75.jpg","medium":"https:\/\/images.epagine.fr\/680\/9782296544680_1_m.jpg","thumbnail":"https:\/\/images.epagine.fr\/680\/9782296544680_1_v.jpg"},"orderable":true,"show_badge":true,"formatted_price":"20,50&nbsp;\u20ac","formatted_published_date":"6 avril 2011","publisher_availability_label":"Sur commande","short_details":"Marcel Nguimbi \u2014 \u00c9ditions L'Harmattan","translator":null,"weight":250,"page_count":193,"readership":null,"editor":"\u00c9ditions L'Harmattan","price":2050,"published_date":"2011-04-05T22:00:00.000000Z","support":"Grand format","publisher_availability":1,"stock":0,"editions":[],"url":"https:\/\/quaidesbrumes.com\/ouvrage\/9782296544680\/la-categorie-de-lespace-chez-descartes-pour-une-epistemologie-non-classique-de-la-physique"},{"id":"9782914563611","title":"Journey to the end of the species","description":"Le ph\u00e9nom\u00e8ne post humain sans doute le ph\u00e9nom\u00e8ne majeur du 21e si\u00e8cle, mais penser ce qu'il signifie vraiment n'a qu'\u00e0 peine commenc\u00e9. L'objectif de cette publication est de poser les bases d'un espace de ressources - litt\u00e9raires, philosophiques, artistiques et politique - pour commencer \u00e0 penser vraiment l'impensable - le voyage sans retour au bout de l'esp\u00e8ce. \r\n\r\nThierry Bardini & Dominique Lestel \u00e9laborent de concert depuis le d\u00e9but du nouveau mill\u00e9naire une conception positive et cr\u00e9ative des ph\u00e9nom\u00e8nes posthumains. Lestel pense depuis vingt ans les communaut\u00e9s hybrides homme-animal-machine et Bardini travaille durant la m\u00eame p\u00e9riode \u00e0 une histoire de la cyberculture contemporaine, autant dans ses devenirs informatiques que biologiques. Bardini est l'auteur de Bootstrapping (Stanford University Press, 2000) et Junkware (University of Minnesota Press, 2010) et Lestel de Les origines animales de la cultureL'animal singulier  (Seuil, 2004) et L'animal est l'avenir de l'homme (Fayard, 2010)..\r\n\r\nApr\u00e8s la Singularit\u00e9, Homo sapiens n'est plus qu'un \u00e9tat par d\u00e9faut. Qui le peut doit se perdre dans le posthumain. Pour l'aider, un manuel au statut ambigu et \u00e0 la parole souvent elliptique, parasit\u00e9e d'images d\u00e9cal\u00e9es. Thierry Bardini et Dominique Lestel proposent ici le d\u00e9cryptage d'une copie en ASCII et JPEG du Manuel des M\u00e9tamorphoses Singuli\u00e8res, bouff\u00e9 par les champignons, et trouv\u00e9 dans une Oldsmobile 1973 \u00e9chou\u00e9e dans un bois aux confins du Qu\u00e9bec. (Flammarion, 2001),   Une intelligence ind\u00e9termin\u00e9e y commente des fragments de l'histoire du post-humain, dans une anthologie de combat et de formation qui commence \u00e0 la Renaissance, et peut \u00eatre m\u00eame avant. \r\n\r\nDans leur introduction, Bardini et Lestel mettent le lecteur en garde : \u00abNous sommes devenus humains par accident et nous en sortirons par d\u00e9fi.\u00bb .\r","authors":["Thierry Bardini","Dominique Lestel"],"category_codes":["9000000","9080000","9080200","9080204"],"visuals":{"large":"https:\/\/quaidesbrumes.com\/img\/book-placeholder.png","medium":"https:\/\/quaidesbrumes.com\/img\/book-placeholder.png","thumbnail":"https:\/\/quaidesbrumes.com\/img\/book-placeholder.png"},"orderable":true,"show_badge":true,"formatted_price":"39,00&nbsp;\u20ac","formatted_published_date":"23 novembre 2010","publisher_availability_label":"Sur commande","short_details":"Thierry Bardini, Dominique Lestel \u2014 Dis Voir","translator":null,"weight":456,"page_count":128,"readership":null,"editor":"Dis Voir","price":3900,"published_date":"2010-11-22T23:00:00.000000Z","support":"Beaux-livres","publisher_availability":1,"stock":0,"editions":[],"url":"https:\/\/quaidesbrumes.com\/ouvrage\/9782914563611\/journey-to-the-end-of-the-species"},{"id":"9782846705325","title":"La nature : un nouvel enjeu de soci\u00e9t\u00e9 ? ; l'Occident face \u00e0 la Nature de l'Antiquit\u00e9 \u00e0 nos jours","description":"Menac\u00e9e, exploit\u00e9e, mais aussi capable de r\u00e9actions d\u00e9vastatrices, la Nature est au centre des soci\u00e9t\u00e9s occidentales modernes et notre perception est largement conditionn\u00e9es par les id\u00e9es re\u00e7ues : on magnifie un \u00ab \u00e2ge d'or \u00bb o\u00f9 l'homme aurait v\u00e9cu en harmonie avec la Nature, on accuse la R\u00e9volution industrielle et le tourisme de masse de la d\u00e9truire \u00e0 petit feu et l'on se r\u00e9fugie dans une \u00ab r\u00e9volution durable \u00bb qui serait garante d'une bonne relation \u00e0 la nature.\r\nOn le constate, la Nature est loin d'\u00eatre une simple r\u00e9alit\u00e9 physique immuable. Elle est au contraire une construction sociale \u00e9volutive, h\u00e9ritage de notre histoire et de ses transformations culturelles, \u00e9conomiques et sociales.\r","authors":["Sylvine Pickel chevalier"],"category_codes":["9000000","9080000","9080200","9080204"],"visuals":{"large":"https:\/\/images.epagine.fr\/325\/9782846705325_1_75.jpg","medium":"https:\/\/images.epagine.fr\/325\/9782846705325_1_m.jpg","thumbnail":"https:\/\/images.epagine.fr\/325\/9782846705325_1_v.jpg"},"orderable":true,"show_badge":true,"formatted_price":"23,00&nbsp;\u20ac","formatted_published_date":"6 mars 2014","publisher_availability_label":"Sur commande","short_details":"Sylvine Pickel chevalier \u2014 \u00c9ditions du Cavalier Bleu","translator":null,"weight":279,"page_count":224,"readership":null,"editor":"\u00c9ditions du Cavalier Bleu","price":2300,"published_date":"2014-03-05T23:00:00.000000Z","support":"Grand format","publisher_availability":1,"stock":0,"editions":[],"url":"https:\/\/quaidesbrumes.com\/ouvrage\/9782846705325\/la-nature-un-nouvel-enjeu-de-societe-loccident-face-a-la-nature-de-lantiquite-a-nos-jours"},{"id":"9782913167711","title":"Apprendre \u00e0 penser le complexe Tome 1 ; se relier au monde","description":"\"Il faut substituer une pens\u00e9e qui relie \u00e0 une pens\u00e9e qui disjoint\", comme le disent St\u00e9phane Hessel et Edgar Morin. Nous voyons tr\u00e8s souvent la complexit\u00e9 du monde comme angoissante, m\u00eame mena\u00e7ante. L'auteur veut nous la montrer comme une source intarissable de joie et vivre et de lib\u00e9ration. La suite de ce volume, consacr\u00e9 \u00e0 la complexit\u00e9 du monde, porte sur la complexit\u00e9 humaine.","authors":["Jean-marc Fert"],"category_codes":["9000000","9080000","9080200","9080204"],"visuals":{"large":"https:\/\/images.epagine.fr\/711\/9782913167711_1_75.jpg","medium":"https:\/\/images.epagine.fr\/711\/9782913167711_1_m.jpg","thumbnail":"https:\/\/images.epagine.fr\/711\/9782913167711_1_v.jpg"},"orderable":true,"show_badge":true,"formatted_price":"13,00&nbsp;\u20ac","formatted_published_date":"29 f\u00e9vrier 2012","publisher_availability_label":"Sur commande","short_details":"Jean-marc Fert \u2014 Odin","translator":null,"weight":190,"page_count":148,"readership":null,"editor":"Odin","price":1300,"published_date":"2012-02-28T23:00:00.000000Z","support":"Grand format","publisher_availability":1,"stock":0,"editions":[],"url":"https:\/\/quaidesbrumes.com\/ouvrage\/9782913167711\/apprendre-a-penser-le-complexe-tome-1-se-relier-au-monde"},{"id":"9782296565371","title":"Une morale sans dieu","description":"Sur la morale, beaucoup de choses ont \u00e9t\u00e9 dites : en th\u00e9ologie, en philosophie, en politique. et au bistrot. Ce sujet revient avec une insistance accrue \u00e0 chaque tournant de l'histoire, \u00e0 chaque \u00e9lection parlementaire, \u00e0 chaque commentaire journalistique. Le choix moral, en tant que t\u00e2tonnement existentiel, op\u00e9rerait-il dans les sables mouvants de l'insaisissable ? Non, pr\u00e9tend l'auteur de ce livre, et il entend le d\u00e9montrer...\r","authors":["Jacques Steiwer"],"category_codes":["9000000","9080000","9080200","9080204"],"visuals":{"large":"https:\/\/images.epagine.fr\/371\/9782296565371_1_75.jpg","medium":"https:\/\/images.epagine.fr\/371\/9782296565371_1_m.jpg","thumbnail":"https:\/\/images.epagine.fr\/371\/9782296565371_1_v.jpg"},"orderable":true,"show_badge":true,"formatted_price":"16,50&nbsp;\u20ac","formatted_published_date":"14 novembre 2011","publisher_availability_label":"Sur commande","short_details":"Jacques Steiwer \u2014 \u00c9ditions L'Harmattan","translator":null,"weight":195,"page_count":153,"readership":null,"editor":"\u00c9ditions L'Harmattan","price":1650,"published_date":"2011-11-13T23:00:00.000000Z","support":"Grand format","publisher_availability":1,"stock":0,"editions":[],"url":"https:\/\/quaidesbrumes.com\/ouvrage\/9782296565371\/une-morale-sans-dieu"},{"id":"9782296969971","title":"Yima ; structure de la pens\u00e9e religieuse en Iran ancien","description":"Yima, anc\u00eatre de l'humanit\u00e9, homme et d\u00e9miurge, tant\u00f4t magicien de l'immortalit\u00e9, tant\u00f4t b\u00e2tisseur de la survie, c'est une figure incontournable et complexe, qui ancre les mazd\u00e9ens dans leur histoire. Cette approche pluridisciplinaire du mythe nous introduit remarquablement \u00e0 l'anthropologie mazd\u00e9enne.\r","authors":["Audrey Tzatourian"],"category_codes":["9000000","9080000","9080200","9080204"],"visuals":{"large":"https:\/\/images.epagine.fr\/971\/9782296969971_1_75.jpg","medium":"https:\/\/images.epagine.fr\/971\/9782296969971_1_m.jpg","thumbnail":"https:\/\/images.epagine.fr\/971\/9782296969971_1_v.jpg"},"orderable":true,"show_badge":true,"formatted_price":"48,00&nbsp;\u20ac","formatted_published_date":"25 avril 2012","publisher_availability_label":"Sur commande","short_details":"Audrey Tzatourian \u2014 \u00c9ditions L'Harmattan","translator":null,"weight":572,"page_count":470,"readership":null,"editor":"\u00c9ditions L'Harmattan","price":4800,"published_date":"2012-04-24T22:00:00.000000Z","support":"Grand format","publisher_availability":1,"stock":0,"editions":[],"url":"https:\/\/quaidesbrumes.com\/ouvrage\/9782296969971\/yima-structure-de-la-pensee-religieuse-en-iran-ancien"},{"id":"9782213655246","title":"Principia moralia","description":"Y a-t-il une seule et unique morale dont on puisse se pr\u00e9valoir aujourd'hui ? Les r\u00e9flexions philosophiques sur la morale se sont toujours combattues, remplac\u00e9es, d\u00e9menties au fil du temps, tout en \u00e9tant chacune valable. Le sto\u00efcisme, la morale de la vertu, le recours \u00e0 la loi morale, l'utilitarisme sont autant de courants qui irriguent encore notre fa\u00e7on de penser. Mais laquelle de ces \u00ab visions \u00bb choisir ? Et pourquoi choisir celle-l\u00e0 plut\u00f4t qu'une autre ?\r\nMichel Meyer op\u00e8re ici un retournement de la pens\u00e9e traditionnelle sur l'\u00e9thique. C'est parce que l'homme est un probl\u00e8me pour l'homme qu'il y a des r\u00e9ponses qu'on appelle la morale. Michel Meyer ne part plus des sujets \u00e9thiques (Moi, l'Autre) comme r\u00e9f\u00e9rents moraux, mais de la distance, plus ou moins grande, entre les individus. C'est la variation de cette distance qui influence nos choix quant au bien et au mal, \u00e0 ce que l'on recherche ou \u00e0 ce que l'on veut fuir ou \u00e9viter, et qui fera qu'on sera tant\u00f4t sto\u00efcien, tant\u00f4t utilitariste ou kantien. Le positionnement des sujets les uns par rapport aux autres conduit \u00e0 agir de telle ou telle mani\u00e8re, donc \u00e0 adopter tel ou tel type de conduite morale et \u00e0 juger ce qui est bien ou mal de fa\u00e7on diff\u00e9rente. Le probl\u00e8me moral, c'est l'Autre comme probl\u00e8me, auquel il convient de r\u00e9pondre selon la distance qui nous s\u00e9pare, nous divise ou nous rapproche, et auquel on r\u00e9pond toujours d'ailleurs, parce qu'il constitue une menace, un appel \u00e0 l'aide, ou encore la n\u00e9cessit\u00e9 de coop\u00e9rer.\r\nSans chercher \u00e0 \u00e9dicter de nouvelles r\u00e8gles ou de nouveaux pr\u00e9ceptes, Michel Meyer replace les grandes th\u00e9ories morales, comme celles d'Aristote, de Kant, de Mill ou encore de Hume, dans un espace philosophique virtuel qui est leur espace de validit\u00e9. Avec le concept de distance entre les \u00eatres, il nous offre ainsi une approche nouvelle et synth\u00e9tique de la morale.\r\n\r\n\r\nProfesseur de philosophie \u00e0 l'Universit\u00e9 libre de Bruxelles, Michel Meyer a enseign\u00e9 notamment \u00e0 Berkeley, \u00e0 la Sorbonne et au Coll\u00e8ge de France. Il est l'auteur de nombreux ouvrages, dont Questionnement et historicit\u00e9 (PUF, 2000, r\u00e9\u00e9d. 2011), Principia Rhetorica (Fayard, 2008) ou encore Qu'est-ce que le refoulement ? (L'Herne, 2012).","authors":["Michel Meyer"],"category_codes":["9000000","9080000","9080200","9080204"],"visuals":{"large":"https:\/\/images.epagine.fr\/246\/9782213655246_1_75.jpg","medium":"https:\/\/images.epagine.fr\/246\/9782213655246_1_m.jpg","thumbnail":"https:\/\/images.epagine.fr\/246\/9782213655246_1_v.jpg"},"orderable":true,"show_badge":true,"formatted_price":"27,00&nbsp;\u20ac","formatted_published_date":"16 janvier 2013","publisher_availability_label":"Sur commande","short_details":"Michel Meyer \u2014 Fayard","translator":null,"weight":440,"page_count":380,"readership":null,"editor":"Fayard","price":2700,"published_date":"2013-01-15T23:00:00.000000Z","support":"Grand format","publisher_availability":1,"stock":0,"editions":[],"url":"https:\/\/quaidesbrumes.com\/ouvrage\/9782213655246\/principia-moralia"},{"id":"9782877233002","title":"Suivre la divinite : introduction a l'esprit de la philosophie ancienne","description":null,"authors":["Jacques Follon"],"category_codes":["9000000","9080000","9080200","9080204"],"visuals":{"large":"https:\/\/quaidesbrumes.com\/img\/book-placeholder.png","medium":"https:\/\/quaidesbrumes.com\/img\/book-placeholder.png","thumbnail":"https:\/\/quaidesbrumes.com\/img\/book-placeholder.png"},"orderable":true,"show_badge":true,"formatted_price":"17,53&nbsp;\u20ac","formatted_published_date":"15 juin 1997","publisher_availability_label":"Sur commande","short_details":"Jacques Follon \u2014 Vrin","translator":null,"weight":0,"page_count":null,"readership":null,"editor":"Vrin","price":1753,"published_date":"1997-06-14T22:00:00.000000Z","support":"Grand format","publisher_availability":1,"stock":0,"editions":[],"url":"https:\/\/quaidesbrumes.com\/ouvrage\/9782877233002\/suivre-la-divinite-introduction-a-lesprit-de-la-philosophie-ancienne"},{"id":"9782212554755","title":"Inventer sa vie avec Bergson ; la cr\u00e9ation de soi par soi","description":"L'habitude prise au jour le jour de ne pas exercer pleinement notre volont\u00e9 nous s\u00e9pare de tout : un voile \u00e9pais recouvre ce que nous sommes, les autres avec qui nous partageons notre vie, et les choses qui nous entourent nous sont \u00e0 peine visibles. Le quotidien dans lequel nous stagnons est fait de nos tentatives d\u00e9sesp\u00e9r\u00e9es pour att\u00e9nuer la fatigue qui nous poursuit depuis le r\u00e9veil jusque dans le sommeil. \r\nPourtant, la r\u00e9alit\u00e9 est une cr\u00e9ation perp\u00e9tuelle et nous sommes nous-m\u00eames une mine de possibles. Comment ranimer en nous cette source in\u00e9puisable d'\u00e9nergie et nous recr\u00e9er enti\u00e8rement ? Chacun de nous est un artiste et notre vie peut devenir un chef-d'oeuvre aux multiples facettes. Serons-nous en mesure de nous ouvrir au monde et \u00e0 ses promesses ? En ces temps de d\u00e9tresse, comment parer aux menaces qui p\u00e8sent sur la civilisation humaine ? Que nous manque-t-il pour conjurer les p\u00e9rils propres \u00e0 la modernit\u00e9 ? Ces probl\u00e8mes d'un int\u00e9r\u00eat tout vital sont ceux que selon Bergson, la philosophie doit soulever pour nous donner les moyens d'exp\u00e9rimenter les virtualit\u00e9s de l'\u00eatre et de conna\u00eetre la joie cr\u00e9atrice.\r","authors":["Karl Sarafidis"],"category_codes":["9000000","9080000","9080200","9080204"],"visuals":{"large":"https:\/\/images.epagine.fr\/755\/9782212554755_1_75.jpg","medium":"https:\/\/images.epagine.fr\/755\/9782212554755_1_m.jpg","thumbnail":"https:\/\/images.epagine.fr\/755\/9782212554755_1_v.jpg"},"orderable":true,"show_badge":true,"formatted_price":"14,00&nbsp;\u20ac","formatted_published_date":"5 avril 2013","publisher_availability_label":"Sur commande","short_details":"Karl Sarafidis \u2014 \u00c9ditions Eyrolles","translator":null,"weight":179,"page_count":145,"readership":null,"editor":"\u00c9ditions Eyrolles","price":1400,"published_date":"2013-04-04T22:00:00.000000Z","support":"Grand format","publisher_availability":1,"stock":0,"editions":[],"url":"https:\/\/quaidesbrumes.com\/ouvrage\/9782212554755\/inventer-sa-vie-avec-bergson-la-creation-de-soi-par-soi"}]}