{"data":[{"id":"9782705686932","title":"Sagesse et bonheur ; \u00e9tudes de philosophie morale","description":"Ces \u00e9tudes de philosophie morale proposent quelques explorations anciennes, modernes et contemporaines des avenues liant ou d\u00e9liant sagesse et bonheur. \r\nLe lien entre sagesse et bonheur se situe au coeur m\u00eame de la tradition morale. Dans la perspective la plus traditionnelle, cro\u00eetre en sagesse revient \u00e0 augmenter son bonheur. Voie royale pour parvenir \u00e0 un bonheur qualitativement sup\u00e9rieur et plus durable, la philosophie se porte garante du bonheur. Car c'est bien l\u00e0, comme l'oblige la question d'une vie pratique pr\u00e9f\u00e9rable, la r\u00e9ponse habituelle de la philosophie : une r\u00e9flexion positive sur le destin de l'agent moral face \u00e0 ses choix.\r\nMais cette sage confiance dans les pouvoirs de la pens\u00e9e ne jouit pas d'un consensus. D'une part, les sceptiques r\u00e9pondent que la sagesse est elle-m\u00eame une id\u00e9e fausse, si l\u00e0 on entend par sagesse un ensemble clos de r\u00e8gles et de savoirs disponibles pour orienter au mieux notre action. D'autre part, les philosophies tragiques assimilent plut\u00f4t sagesse et souffrance. Aussi peut-on douter que la sagesse suffise \u00e0 garantir une existence heureuse, sans aller jusqu'\u00e0 dire qu'elle est une illusion n\u00e9faste.","authors":["Collectif"],"category_codes":["9000000","9080000","9080200","9080204"],"visuals":{"large":"https:\/\/images.epagine.fr\/932\/9782705686932_1_75.jpg","medium":"https:\/\/images.epagine.fr\/932\/9782705686932_1_m.jpg","thumbnail":"https:\/\/images.epagine.fr\/932\/9782705686932_1_v.jpg"},"orderable":true,"show_badge":true,"formatted_price":"28,00&nbsp;\u20ac","formatted_published_date":"15 mai 2013","publisher_availability_label":"Sur commande","short_details":"Collectif \u2014 Hermann","translator":null,"weight":218,"page_count":196,"readership":null,"editor":"Hermann","price":2800,"published_date":"2013-05-14T22:00:00.000000Z","support":"Grand format","publisher_availability":1,"stock":0,"editions":[],"url":"https:\/\/quaidesbrumes.com\/ouvrage\/9782705686932\/sagesse-et-bonheur-etudes-de-philosophie-morale"},{"id":"9782866458126","title":"Inventions \u00e0 deux voix ; entretiens","description":null,"authors":["Danielle Cohen-Levinas","Jean-Luc Nancy"],"category_codes":["9000000","9080000","9080200","9080204"],"visuals":{"large":"https:\/\/images.epagine.fr\/126\/9782866458126_1_75.jpg","medium":"https:\/\/images.epagine.fr\/126\/9782866458126_1_m.jpg","thumbnail":"https:\/\/images.epagine.fr\/126\/9782866458126_1_v.jpg"},"orderable":true,"show_badge":true,"formatted_price":"20,00&nbsp;\u20ac","formatted_published_date":"22 janvier 2015","publisher_availability_label":"Sur commande","short_details":"Danielle Cohen-Levinas, Jean-Luc Nancy \u2014 F\u00e9lin","translator":null,"weight":294,"page_count":196,"readership":null,"editor":"F\u00e9lin","price":2000,"published_date":"2015-01-21T23:00:00.000000Z","support":"Grand format","publisher_availability":1,"stock":0,"editions":[],"url":"https:\/\/quaidesbrumes.com\/ouvrage\/9782866458126\/inventions-a-deux-voix-entretiens"},{"id":"9782312050959","title":"\u00eatre et vivre entre intelligence et amour","description":"Cet ouvrage s'adresse \u00e0 ceux qui veulent comprendre et approfondir ce qu'est l'esprit humain, en distinguant ses deux capacit\u00e9s, l'intelligence et l'amour, sans en avoir toujours mesur\u00e9 la v\u00e9ritable signification que la philosophie grecque a explor\u00e9e, en particulier Aristote, suivi de Thomas d'Aquin et de Marie-Dominique Philippe pour notre temps.  L'auteur conduit le lecteur ou l'auditeur, puisque ces cours sont en audio et en ligne sur son blog Ecole de la vie r\u00e9elle, dans un parcours en quatre \u00e9tapes successives : la premi\u00e8re \u00e0 l'\u00e9cole de l'intelligence, la seconde \u00e0 l'\u00e9cole de l'amour, la volont\u00e9 en philosophie, la troisi\u00e8me dans la relation entre l'intelligence et la volont\u00e9, et la quatri\u00e8me dans la relation entre l'intelligence et Dieu. D'o\u00f9 la question ultime : l'intelligence peut-elle par elle-m\u00eame d\u00e9couvrir l'existence de Dieu ? Oui, \u00ab la philosophie est faite pour comprendre l'homme et d\u00e9couvrir l'existence de Dieu ; sinon elle ne sert \u00e0 rien \u00bb, insistait Marie-Dominique Philippe. Nous vivons dans un monde domin\u00e9 par la rentabilit\u00e9, la consommation, les m\u00e9dias, sous l'influence de pouvoirs au plan politique, \u00e9conomique et id\u00e9ologique. De m\u00eame, l'\u00e9thique et la famille sont sujettes \u00e0 de grandes pressions qui n\u00e9cessitent une vraie lucidit\u00e9, r\u00e9clamant une qualit\u00e9 d'intelligence et un sens aigu de la finalit\u00e9. \u00catre et vivre entre intelligence et amour est le dernier tome de trois courts essais philosophiques, apr\u00e8s \u00catre et vivre entre nature et personne, puis \u00catre et vivre entre l'univers et l'homme. Ces essais sont le prolongement d'un itin\u00e9raire philosophique intitul\u00e9 \u00c1 l'\u00e9cole de la vie r\u00e9elle, partant de l'exp\u00e9rience et se terminant \u00e0 la personne humaine.\r","authors":["Jean d' Alan\u00e7on"],"category_codes":["9000000","9080000","9080200","9080204"],"visuals":{"large":"https:\/\/images.epagine.fr\/959\/9782312050959_1_75.jpg","medium":"https:\/\/images.epagine.fr\/959\/9782312050959_1_m.jpg","thumbnail":"https:\/\/images.epagine.fr\/959\/9782312050959_1_v.jpg"},"orderable":true,"show_badge":true,"formatted_price":"13,00&nbsp;\u20ac","formatted_published_date":"15 mars 2017","publisher_availability_label":"Sur commande","short_details":"Jean d' Alan\u00e7on \u2014 Editions du Net","translator":null,"weight":183,"page_count":170,"readership":null,"editor":"Editions du Net","price":1300,"published_date":"2017-03-14T23:00:00.000000Z","support":"Grand format","publisher_availability":1,"stock":0,"editions":[],"url":"https:\/\/quaidesbrumes.com\/ouvrage\/9782312050959\/etre-et-vivre-entre-intelligence-et-amour"},{"id":"9782011457264","title":"De la philosophie Tome 2","description":null,"authors":["M Gourinat"],"category_codes":["9000000","9080000","9080200","9080204"],"visuals":{"large":"https:\/\/quaidesbrumes.com\/img\/book-placeholder.png","medium":"https:\/\/quaidesbrumes.com\/img\/book-placeholder.png","thumbnail":"https:\/\/quaidesbrumes.com\/img\/book-placeholder.png"},"orderable":true,"show_badge":true,"formatted_price":"17,35&nbsp;\u20ac","formatted_published_date":"16 juillet 2009","publisher_availability_label":"Sur commande","short_details":"M Gourinat \u2014 Hachette Education","translator":null,"weight":995,"page_count":null,"readership":null,"editor":"Hachette Education","price":1735,"published_date":"2009-07-15T22:00:00.000000Z","support":"Grand format","publisher_availability":1,"stock":0,"editions":[],"url":"https:\/\/quaidesbrumes.com\/ouvrage\/9782011457264\/de-la-philosophie-tome-2"},{"id":"9782336002408","title":"Une dette \u00e0 l'\u00e9gard de la culture grecque ; la juste mesure d'Aristote","description":"Aristote est \u00e0 la mode : en \u00e9thique m\u00e9dicale ou en \u00e9conomie, nombreux sont ceux qui s'en r\u00e9clament. Une telle vogue a de quoi \u00e9tonner : qu'apprend-elle, sur Aristote d'une part, sur notre \u00e9poque d'autre part ? En analysant quelques oeuvres o\u00f9 s'illustre cette \u00e9tonnante juste mesure, on comprend mieux pourquoi notre si\u00e8cle est obnubil\u00e9 par le d\u00e9sir de tout mesurer, de tout \u00e9valuer. Ce bref essai repart des oeuvres et donne quelques \u00e9l\u00e9ments pour \u00ab mesurer \u00bb l'int\u00e9r\u00eat d'Aristote aujourd'hui.\r","authors":["Fran\u00e7oise Kletz-drapeau"],"category_codes":["9000000","9080000","9080200","9080204"],"visuals":{"large":"https:\/\/images.epagine.fr\/408\/9782336002408_1_75.jpg","medium":"https:\/\/images.epagine.fr\/408\/9782336002408_1_m.jpg","thumbnail":"https:\/\/images.epagine.fr\/408\/9782336002408_1_v.jpg"},"orderable":true,"show_badge":true,"formatted_price":"14,50&nbsp;\u20ac","formatted_published_date":"29 novembre 2012","publisher_availability_label":"Sur commande","short_details":"Fran\u00e7oise Kletz-drapeau \u2014 \u00c9ditions L'Harmattan","translator":null,"weight":160,"page_count":122,"readership":null,"editor":"\u00c9ditions L'Harmattan","price":1450,"published_date":"2012-11-28T23:00:00.000000Z","support":"Grand format","publisher_availability":1,"stock":0,"editions":[],"url":"https:\/\/quaidesbrumes.com\/ouvrage\/9782336002408\/une-dette-a-legard-de-la-culture-grecque-la-juste-mesure-daristote"},{"id":"9782705681579","title":"L'ordre de la pens\u00e9e ; lecture des m\u00e9ditations m\u00e9taphysiques de Descartes","description":"Les M\u00e9ditations de philosophie premi\u00e8re ne sont ni un roman qu'on pourrait parcourir d'une traite, ni un objet scientifique qu'on pourrait mettre en pi\u00e8ces (ce que le commentaire universitaire a parfois tendance \u00e0 oublier). On ne peut comprendre le texte qu'en \u00e9pousant le mouvement de la pens\u00e9e qui s'y d\u00e9ploie, quitte \u00e0 le ponctuer de plusieurs stations, c'est-\u00e0-dire en lisant de mani\u00e8re m\u00e9ditative ce que Descartes a lui-m\u00eame \u00e9crit de mani\u00e8re m\u00e9ditative. \u00c0 l'effort m\u00e9ditatif de l'auteur doit ainsi r\u00e9pondre l'effort m\u00e9ditatif du lecteur.","authors":["Bouchilloux\/Helene"],"category_codes":["9000000","9080000","9080200","9080204"],"visuals":{"large":"https:\/\/images.epagine.fr\/579\/9782705681579_1_75.jpg","medium":"https:\/\/images.epagine.fr\/579\/9782705681579_1_m.jpg","thumbnail":"https:\/\/images.epagine.fr\/579\/9782705681579_1_v.jpg"},"orderable":true,"show_badge":true,"formatted_price":"30,00&nbsp;\u20ac","formatted_published_date":"12 octobre 2011","publisher_availability_label":"Sur commande","short_details":"Bouchilloux\/Helene \u2014 Hermann","translator":null,"weight":318,"page_count":241,"readership":null,"editor":"Hermann","price":3000,"published_date":"2011-10-11T22:00:00.000000Z","support":"Grand format","publisher_availability":1,"stock":0,"editions":[],"url":"https:\/\/quaidesbrumes.com\/ouvrage\/9782705681579\/lordre-de-la-pensee-lecture-des-meditations-metaphysiques-de-descartes"},{"id":"9782343019734","title":"Kant et le pouvoir r\u00e9ceptif ; recherches sur la conception kantienne de la sensibilit\u00e9","description":"Le coeur de ce livre est constitu\u00e9 par la m\u00e9ditation qui est men\u00e9e, d'un chapitre \u00e0 un autre, autour de la notion de sensibilit\u00e9 et de son r\u00f4le dans la philosophie kantienne. L'interpr\u00e9tation qui en est propos\u00e9e est singuli\u00e8re parce que, tout en \u00e9tant en un sens impr\u00e9gn\u00e9e de n\u00e9o-kantisme - par le privil\u00e8ge accord\u00e9 \u00e0 la forme et \u00e0 la spontan\u00e9it\u00e9, notamment - elle prend \u00e0 un autre niveau son contrepied. En effet, elle ne pr\u00e9tend jamais r\u00e9sorber l'exercice de la sensibilit\u00e9 dans l'activit\u00e9 de l'entendement.\r","authors":["Anselmo Aportone"],"category_codes":["9000000","9080000","9080200","9080204"],"visuals":{"large":"https:\/\/images.epagine.fr\/734\/9782343019734_1_75.jpg","medium":"https:\/\/images.epagine.fr\/734\/9782343019734_1_m.jpg","thumbnail":"https:\/\/images.epagine.fr\/734\/9782343019734_1_v.jpg"},"orderable":true,"show_badge":true,"formatted_price":"29,00&nbsp;\u20ac","formatted_published_date":"6 ao\u00fbt 2014","publisher_availability_label":"Sur commande","short_details":"Anselmo Aportone \u2014 \u00c9ditions L'Harmattan","translator":null,"weight":434,"page_count":260,"readership":null,"editor":"\u00c9ditions L'Harmattan","price":2900,"published_date":"2014-08-05T22:00:00.000000Z","support":"Grand format","publisher_availability":1,"stock":0,"editions":[],"url":"https:\/\/quaidesbrumes.com\/ouvrage\/9782343019734\/kant-et-le-pouvoir-receptif-recherches-sur-la-conception-kantienne-de-la-sensibilite"},{"id":"9782013532709","title":"M. Laffitte et l'ex\u00e9cution testamentaire d'Auguste Comte","description":"M. Laffitte et l'ex\u00e9cution testamentaire d'Auguste Comte, par M. le Dr George Audiffrent, le dernier des ex\u00e9cuteurs testamentaires d'Auguste Comte, d\u00e9sign\u00e9 par lui-m\u00eame Date de l'\u00e9dition originale : 1903 Sujet de l'ouvrage : Comte, Auguste (1798-1857)Laffitte, Pierre (1823-1903) Ce livre est la reproduction fid\u00e8le d'une oeuvre publi\u00e9e avant 1920 et fait partie d'une collection de livres r\u00e9imprim\u00e9s \u00e0 la demande \u00e9dit\u00e9e par Hachette Livre, dans le cadre d'un partenariat avec la Biblioth\u00e8que nationale de France, offrant l'opportunit\u00e9 d'acc\u00e9der \u00e0 des ouvrages anciens et souvent rares issus des fonds patrimoniaux de la BnF.\r\nLes oeuvres faisant partie de cette collection ont \u00e9t\u00e9 num\u00e9ris\u00e9es par la BnF et sont pr\u00e9sentes sur Gallica, sa biblioth\u00e8que num\u00e9rique.\r\n\r\nEn entreprenant de redonner vie \u00e0 ces ouvrages au travers d'une collection de livres r\u00e9imprim\u00e9s \u00e0 la demande, nous leur donnons la possibilit\u00e9 de rencontrer un public \u00e9largi et participons \u00e0 la transmission de connaissances et de savoirs parfois difficilement accessibles.\r\nNous avons cherch\u00e9 \u00e0 concilier la reproduction fid\u00e8le d'un livre ancien \u00e0 partir de sa version num\u00e9ris\u00e9e avec le souci d'un confort de lecture optimal. Nous esp\u00e9rons que les ouvrages de cette nouvelle collection vous apporteront enti\u00e8re satisfaction.\r\n\r\nPour plus d'informations, rendez-vous sur www.hachettebnf.fr\r","authors":["Audiffrent Georges"],"category_codes":["9000000","9080000","9080600"],"visuals":{"large":"https:\/\/images.epagine.fr\/709\/9782013532709_1_75.jpg","medium":"https:\/\/images.epagine.fr\/709\/9782013532709_1_m.jpg","thumbnail":"https:\/\/images.epagine.fr\/709\/9782013532709_1_v.jpg"},"orderable":true,"show_badge":true,"formatted_price":"10,90&nbsp;\u20ac","formatted_published_date":"1er octobre 2014","publisher_availability_label":"Sur commande","short_details":"Audiffrent Georges \u2014 Hachette BNF","translator":null,"weight":83,"page_count":null,"readership":null,"editor":"Hachette BNF","price":1090,"published_date":"2014-09-30T22:00:00.000000Z","support":"Grand format","publisher_availability":1,"stock":0,"editions":[],"url":"https:\/\/quaidesbrumes.com\/ouvrage\/9782013532709\/m-laffitte-et-lexecution-testamentaire-dauguste-comte"},{"id":"9782705683474","title":"L'oeuvre comme exercice spirituel","description":"Modifier sa mani\u00e8re de voir, tel est l'enjeu des exercices spirituels des philosophes de l'Antiquit\u00e9 : en modifiant sa vision du monde, on se transforme. Si les pratiques d'asc\u00e8se des philosophes antiques sont bien connues, la question d'une transformation du regard par l'activit\u00e9 artistique se pose moins. Pourtant, oeuvrer c'est former dans le but de transformer son regard. Dans la transformation d'un mat\u00e9riau, c'est parfois soi-m\u00eame que l'on r\u00eave de r\u00e9former : les arts plastiques se font auto-plastie.\r\nCe livre raconte le r\u00eave d'une transformation de soi \u00e9lev\u00e9e par l'oeuvre au rang d'exercice spirituel. Pour se transformer, certains artistes (Poussin, Drouais, Degas, Ingres, C\u00e9zanne...) ont recouru \u00e0 des pratiques d'asc\u00e8se tr\u00e8s anciennes, on plut\u00f4t, c'est l'id\u00e9e qu'ils se sont fait de ces pratiques d'exercice qui a lentement investi le monde des ateliers en Occident. Cet imaginaire a forg\u00e9 notre conception moderne de l'art, \u00e0 savoir l'invention de l'oeuvre comme exercice spirituel. Elle fait du m\u00e9tier d'artiste une mani\u00e8re de vivre autonome, elle engage aussi une mani\u00e8re singuli\u00e8re de r\u00e9agir face aux oeuvres.\r\nFace aux dispositifs de contr\u00f4le qui fabriquent aujourd'hui le conformisme de nos ali\u00e9nations, les exemples de Nicolas Poussin et de Paul C\u00e9zanne nous rappellent qu'une farouche volont\u00e9 d'ind\u00e9pendance peut travailler l'asc\u00e8se de certains artistes. \u00ab L'art rend fort \u00bb disait C\u00e9zanne. Plus qu'une m\u00e9ditation sur la peinture, ce livre est un manuel de r\u00e9sistance \u00e0 l'usage de ceux que travaille une perp\u00e9tuelle invention de soi, toujours actuelle.","authors":["Olivier Long"],"category_codes":["9000000","9080000","9080200","9080204"],"visuals":{"large":"https:\/\/images.epagine.fr\/474\/9782705683474_1_75.jpg","medium":"https:\/\/images.epagine.fr\/474\/9782705683474_1_m.jpg","thumbnail":"https:\/\/images.epagine.fr\/474\/9782705683474_1_v.jpg"},"orderable":true,"show_badge":true,"formatted_price":"33,00&nbsp;\u20ac","formatted_published_date":"11 janvier 2013","publisher_availability_label":"Sur commande","short_details":"Olivier Long \u2014 Hermann","translator":null,"weight":370,"page_count":248,"readership":null,"editor":"Hermann","price":3300,"published_date":"2013-01-10T23:00:00.000000Z","support":"Grand format","publisher_availability":1,"stock":0,"editions":[],"url":"https:\/\/quaidesbrumes.com\/ouvrage\/9782705683474\/loeuvre-comme-exercice-spirituel"},{"id":"9789738863323","title":"\u00eatre(s) de passage","description":"L'\u00eatre ne sera plus l'effet d'un passage, f\u00fbt-il celui de la naissance ou celui de la mort : il se donnera dans le changement m\u00eame ou, plus encore, en tant que changement. Ce n'est donc pas le passage \u00e0 l'\u00eatre qui sera mis en jeu : c'est l'\u00eatre du passage lui-m\u00eame qui l'emportera. Rep\u00e9rer et analyser ce(s) \u00eatre(s) \u00e9ternels parce que passagers, c'est la t\u00e2che que cet ouvrage assume dans ses recherches.\r","authors":["Virgil Ciomos"],"category_codes":["9000000","9080000","9080200","9080204"],"visuals":{"large":"https:\/\/quaidesbrumes.com\/img\/book-placeholder.png","medium":"https:\/\/quaidesbrumes.com\/img\/book-placeholder.png","thumbnail":"https:\/\/quaidesbrumes.com\/img\/book-placeholder.png"},"orderable":true,"show_badge":true,"formatted_price":"29,00&nbsp;\u20ac","formatted_published_date":"20 mars 2011","publisher_availability_label":"Sur commande","short_details":"Virgil Ciomos \u2014 Zeta Books","translator":null,"weight":540,"page_count":null,"readership":null,"editor":"Zeta Books","price":2900,"published_date":"2011-03-19T23:00:00.000000Z","support":"Grand format","publisher_availability":1,"stock":0,"editions":[],"url":"https:\/\/quaidesbrumes.com\/ouvrage\/9789738863323\/etres-de-passage"},{"id":"9782705683498","title":"Le champ de la th\u00e9orie ; essor et d\u00e9clin du structuralisme en France","description":"Pendant les ann\u00e9es 1960 et 1970, le champ intellectuel fran\u00e7ais donne lieu \u00e0 une conjoncture dont on n'a pas fini de mesurer les effets. Avec le boom des sciences humaines, la sc\u00e8ne intellectuelle de l'\u00e9poque conna\u00eet une effervescence th\u00e9orique sans pareille. En cette p\u00e9riode o\u00f9 les modes s'encha\u00eenent d'une ann\u00e9e \u00e0 l'autre \u00e9merge une somme consid\u00e9rable de mouvements avant-gardistes autour du structuralisme. Le pr\u00e9sent ouvrage porte un regard nouveau sur une p\u00e9riode si productive en th\u00e9ories et en concepts : celui d'un sociologue qui examine le monde derri\u00e8re les id\u00e9es : les cercles, circuits et groupes, les formations, carri\u00e8res et trajectoires, les institutions \u00e9ducatives et les maisons d'\u00e9dition.","authors":["Johannes Angermuller"],"category_codes":["9000000","9080000","9080200","9080204"],"visuals":{"large":"https:\/\/images.epagine.fr\/498\/9782705683498_1_75.jpg","medium":"https:\/\/images.epagine.fr\/498\/9782705683498_1_m.jpg","thumbnail":"https:\/\/images.epagine.fr\/498\/9782705683498_1_v.jpg"},"orderable":true,"show_badge":true,"formatted_price":"26,00&nbsp;\u20ac","formatted_published_date":"23 janvier 2013","publisher_availability_label":"Sur commande","short_details":"Johannes Angermuller \u2014 Hermann","translator":null,"weight":214,"page_count":164,"readership":null,"editor":"Hermann","price":2600,"published_date":"2013-01-22T23:00:00.000000Z","support":"Grand format","publisher_availability":1,"stock":0,"editions":[],"url":"https:\/\/quaidesbrumes.com\/ouvrage\/9782705683498\/le-champ-de-la-theorie-essor-et-declin-du-structuralisme-en-france"},{"id":"9782296964990","title":"Marshall McLuhan ; de la m\u00e9dianomie vers l'autonomie","description":"Marshall McLuhan, un nom qui figure parmi les grands penseurs des m\u00e9dias du XXe si\u00e8cle. Un intellectuel acharn\u00e9 \u00e0 saisir les structures constitutives de ce qu'il d\u00e9finissait comme les prolongements des sens, des id\u00e9es et des d\u00e9sirs humains : les m\u00e9dias. Ce livre pr\u00e9sente les id\u00e9es principales de cet auteur original et visionnaire et ouvre la r\u00e9flexion sur les enjeux \u00e9thiques qui touchent \u00e0 l'autonomie, la conscience et la responsabilit\u00e9.\r","authors":["Martine Pelletier"],"category_codes":["9000000","9080000","9080200","9080204"],"visuals":{"large":"https:\/\/images.epagine.fr\/990\/9782296964990_1_75.jpg","medium":"https:\/\/images.epagine.fr\/990\/9782296964990_1_m.jpg","thumbnail":"https:\/\/images.epagine.fr\/990\/9782296964990_1_v.jpg"},"orderable":true,"show_badge":true,"formatted_price":"15,50&nbsp;\u20ac","formatted_published_date":"26 avril 2012","publisher_availability_label":"Sur commande","short_details":"Martine Pelletier \u2014 \u00c9ditions L'Harmattan","translator":null,"weight":190,"page_count":146,"readership":null,"editor":"\u00c9ditions L'Harmattan","price":1550,"published_date":"2012-04-25T22:00:00.000000Z","support":"Grand format","publisher_availability":1,"stock":0,"editions":[],"url":"https:\/\/quaidesbrumes.com\/ouvrage\/9782296964990\/marshall-mcluhan-de-la-medianomie-vers-lautonomie"},{"id":"9782705682057","title":"Le refus de la politique ; votez moins, vivez mieux !","description":"Non, tout n'est pas politique. Il faut sans doute vivre en compagnie des autres, avec des lois et des forces de coercition pour garantir la subsistance commune. Mais cela ne constitue que les conditions du niveau de vie dont la chose publique s'occupe (souvent si mal) : il nous reste alors \u00e0 rendre nos existences vivables.\r\nPour pr\u00e9parer l'insurrection de vivre, ne comptons gu\u00e8re sur la \u00ab repr\u00e9sentation nationale \u00bb, les lois du march\u00e9, la technologie, les comportements \u00ab citoyens \u00bb, ni non plus les derniers mouvements d'indignation ou de r\u00e9bellion. Sans abandonner la malheureuse n\u00e9cessit\u00e9 de la lutte (elle a certes son utilit\u00e9), apprenons plut\u00f4t \u00e0 donner \u00e0 la politique le cong\u00e9 qu'elle m\u00e9rite. Voici une provocation singuli\u00e8re, une invitation \u00e0 repenser les pr\u00e9tendues \u00ab fins \u00bb de la politique, mais ind\u00e9pendamment d'elle.","authors":["Laurent Dubreuil"],"category_codes":["9000000","9080000","9080200","9080204"],"visuals":{"large":"https:\/\/images.epagine.fr\/057\/9782705682057_1_75.jpg","medium":"https:\/\/images.epagine.fr\/057\/9782705682057_1_m.jpg","thumbnail":"https:\/\/images.epagine.fr\/057\/9782705682057_1_v.jpg"},"orderable":true,"show_badge":true,"formatted_price":"22,00&nbsp;\u20ac","formatted_published_date":"25 janvier 2012","publisher_availability_label":"Sur commande","short_details":"Laurent Dubreuil \u2014 Hermann","translator":null,"weight":158,"page_count":109,"readership":null,"editor":"Hermann","price":2200,"published_date":"2012-01-24T23:00:00.000000Z","support":"Grand format","publisher_availability":1,"stock":0,"editions":[],"url":"https:\/\/quaidesbrumes.com\/ouvrage\/9782705682057\/le-refus-de-la-politique-votez-moins-vivez-mieux"},{"id":"9782705684075","title":"La nouvelle id\u00e9ologie dominante ; le post-modernisme","description":"Et si la domination n'\u00e9tait pas l\u00e0 o\u00f9 on la croit ?\r\n\r\nEt si la fa\u00e7on dont nous nous repr\u00e9sentons aujourd'hui l'identit\u00e9, l'humain, les genres, la nature, mais aussi la d\u00e9mocratie, le rapport \u00e0 l'\u00e9tranger, le contenu m\u00eame du savoir, la finalit\u00e9 du droit, si tout cela ne relevait pas en r\u00e9alit\u00e9 d'un savoir objectif mais d'une \u00ab id\u00e9ologie \u00bb qui projette de changer l'ordre social et politique mais surtout l'humain ?\r\n\r\nC'est le propre de toute \u00e9poque que de trouver dans un ordre d'id\u00e9es le principe du pouvoir et de la coh\u00e9rence, sauf que cette id\u00e9ologie se pr\u00e9sente comme l'anti-pouvoir, le facteur d'une libert\u00e9 jamais imagin\u00e9e.\r\nCe court ouvrage s'efforce d'en construire le mod\u00e8le et de prendre la mesure de l'ampleur de l'agenda du post-modernisme, cette pens\u00e9e n\u00e9e en France dans les ann\u00e9es 1970, red\u00e9couverte aux \u00c9tats-Unis et devenue, depuis, la  \u00ab langue commune \u00bb de toutes les \u00e9lites du monde d\u00e9mocratique, \u00e0 travers ses multiples visages : multiculturalisme, post colonialisme, queer theory, altermondialisme, mondialisme, etc.\r\nDans la perspective de la sociologie de la connaissance, Shmuel Trigano tente d'identifier les centres de pouvoir et l'ordre nouveau qu'installe cette id\u00e9ologie pour comprendre le contexte de son d\u00e9veloppement, notamment la d\u00e9composition de l'\u00e9tat-nation europ\u00e9en des suites de l'unification europ\u00e9enne, grosse, selon lui d'une forme de pouvoir de type imp\u00e9rial. \r\nUn livre de savoir mais aussi un livre engag\u00e9 qui alerte face \u00e0 la derni\u00e8re n\u00e9e des utopies politiques.","authors":["Shmuel Trigano"],"category_codes":["9000000","9080000","9080200","9080204"],"visuals":{"large":"https:\/\/images.epagine.fr\/075\/9782705684075_1_75.jpg","medium":"https:\/\/images.epagine.fr\/075\/9782705684075_1_m.jpg","thumbnail":"https:\/\/images.epagine.fr\/075\/9782705684075_1_v.jpg"},"orderable":true,"show_badge":true,"formatted_price":"22,00&nbsp;\u20ac","formatted_published_date":"18 octobre 2012","publisher_availability_label":"Sur commande","short_details":"Shmuel Trigano \u2014 Hermann","translator":null,"weight":150,"page_count":146,"readership":null,"editor":"Hermann","price":2200,"published_date":"2012-10-17T22:00:00.000000Z","support":"Grand format","publisher_availability":1,"stock":0,"editions":[],"url":"https:\/\/quaidesbrumes.com\/ouvrage\/9782705684075\/la-nouvelle-ideologie-dominante-le-post-modernisme"},{"id":"9782705687083","title":"1870, de la guerre \u00e0 la paix : Strasbourg, Belfort","description":"Des conflits qui ont fractur\u00e9 l'Europe contemporaine, celui de 1870-1871 souffre du plus lourd d\u00e9ficit de m\u00e9moire : au mieux \u00e9voqu\u00e9, au pire imm\u00e9mor\u00e9. Cette guerre ne semble pas pouvoir rivaliser avec l'envergure et le retentissement des cataclysmes de 1914-1918 et 1939-1945 dont elle constitue une sorte de prologue. \r\nOn lui attribue tout au plus d'avoir entretenu le go\u00fbt amer de la d\u00e9faite. Les \u00ab Provinces perdues \u00bb, \u00e9rig\u00e9es en pr\u00e9textes \u00e0 la Revanche, personnifi\u00e9es sous la coiffe de l'Alsacienne, symbolis\u00e8rent la pr\u00e9tendue obsession fran\u00e7aise de se venger du Trait\u00e9 de Francfort.\r\nPourtant, tout au long du conflit, la r\u00e9sonance de la guerre se propage en France comme en Allemagne : les bombardements, les si\u00e8ges \u00ab tenus ou d\u00e9fait \u00bb, les oscillations politiques sont autant de stigmates durables et profonds pour les deux pays.\r\nCes cons\u00e9quences sont plus sensibles encore sur les fronti\u00e8res de l'Est. L'arrachement de l'Alsace et de la Lorraine \u00e9l\u00e8ve Strasbourg au rang de capitale d'Empire, exposant la ville aux dissensions et tiraillements que conf\u00e8re ce statut. Belfort, que la vaillance a pr\u00e9serv\u00e9 de l'amputation, devient une terre d'asile pour les Alsaciens qui aspirent \u00e0 rester fran\u00e7ais. La ville, qui prend un nouvel essor, notamment industriel, n'en demeure pas moins occup\u00e9e par les troupes imp\u00e9riales pendant deux longues ann\u00e9es.\r\nEn novembre 2011, \u00e0 l'occasion du 140e anniversaire du trait\u00e9 de Francfort, les deux villes ont \u00e0 nouveau crois\u00e9 leur destin en organisant un colloque commun \u00ab Strasbourg, Belfort. 1870-1871 : de la guerre \u00e0 la paix \u00bb. La guerre, ses cons\u00e9quences politiques, \u00e9conomiques et culturelles de part et d'autre du Rhin furent le fil conducteur des \u00e9changes. La difficile construction d'une identit\u00e9 partag\u00e9e dans l'Alsace annex\u00e9e et les figures, m\u00e9moires et mythes de ce conflit sont les lignes de force de cet ouvrage qui appelle \u00e0 un renouveau de l'historiographie.","authors":["Robert Belot"],"category_codes":["9000000","9080000"],"visuals":{"large":"https:\/\/images.epagine.fr\/083\/9782705687083_1_75.jpg","medium":"https:\/\/images.epagine.fr\/083\/9782705687083_1_m.jpg","thumbnail":"https:\/\/images.epagine.fr\/083\/9782705687083_1_v.jpg"},"orderable":true,"show_badge":true,"formatted_price":"49,00&nbsp;\u20ac","formatted_published_date":"20 juin 2013","publisher_availability_label":"Sur commande","short_details":"Robert Belot \u2014 Hermann","translator":null,"weight":1750,"page_count":312,"readership":null,"editor":"Hermann","price":4900,"published_date":"2013-06-19T22:00:00.000000Z","support":"Grand format","publisher_availability":1,"stock":0,"editions":[],"url":"https:\/\/quaidesbrumes.com\/ouvrage\/9782705687083\/1870-de-la-guerre-a-la-paix-strasbourg-belfort"},{"id":"9782705684082","title":"L'enfance de la ville ; essai sur Walter Benjamin","description":"L'enfance de la ville, c'est le jeu que produit, dans l'espace urbain, la r\u00e9surgence inopin\u00e9e de figures matricielles : fragments de village, jeux de miroirs, zones interstitielles. C'est l'intermonde dont parle Kafka, figure du passage et de la m\u00e9tamorphose, paysage primitif o\u00f9 ne cessent de se reconfigurer le fond pulsionnel et ce que Benjamin appelle \u00ab l'inconscient du collectif \u00bb.\r\nLa ville est ce milieu o\u00f9 la technique se r\u00e9v\u00e8le un jeu h\u00e9raclit\u00e9en avec la nature, o\u00f9 la pr\u00e9histoire se noue \u00e0 l'histoire, le plus archa\u00efque au plus moderne. C'est l'enfant qui saisit le mieux la vie de cet intermonde : plac\u00e9 entre un h\u00e9ritage qu'il ne sait pas comment recevoir et la difficult\u00e9 \u00e0 saisir ce qui se dessine, il op\u00e8re un travail symbolique qui esquisse le visage d'une architecture qui vient, en tournant les yeux vers un monde qui dispara\u00eet.\r\nMais ce sont aussi les lectures que Benjamin consacre aux Surr\u00e9alistes   Aragon et Breton  , \u00e0 Proust, Baudelaire et Brecht, et ses propres essais d\u00e9di\u00e9s aux villes qu'il a travers\u00e9es, qui sont analys\u00e9s ici comme autant de seuils nous invitant \u00e0 une pens\u00e9e et une pratique politiques de la ville.","authors":["V\u00e9ronique Fabbri"],"category_codes":["9000000","9080000","9080200","9080204"],"visuals":{"large":"https:\/\/images.epagine.fr\/082\/9782705684082_1_75.jpg","medium":"https:\/\/images.epagine.fr\/082\/9782705684082_1_m.jpg","thumbnail":"https:\/\/images.epagine.fr\/082\/9782705684082_1_v.jpg"},"orderable":true,"show_badge":true,"formatted_price":"29,00&nbsp;\u20ac","formatted_published_date":"11 janvier 2013","publisher_availability_label":"Sur commande","short_details":"V\u00e9ronique Fabbri \u2014 Hermann","translator":null,"weight":340,"page_count":268,"readership":null,"editor":"Hermann","price":2900,"published_date":"2013-01-10T23:00:00.000000Z","support":"Grand format","publisher_availability":1,"stock":0,"editions":[],"url":"https:\/\/quaidesbrumes.com\/ouvrage\/9782705684082\/lenfance-de-la-ville-essai-sur-walter-benjamin"},{"id":"9782296991477","title":"La vertu de justice","description":"La justice n'est pas tout enti\u00e8re dans la loi, car la loi veut \u00eatre vivifi\u00e9e par une intention de justice. Et cette intention est une vertu. Elle tient \u00e0 la dignit\u00e9 de la personne et au respect de cette dignit\u00e9 mais l'auteur, pour \u00e9viter le vocabulaire du formalisme kantien, pr\u00e9f\u00e8re parler ici du sentiment de l'honneur. Cette \u00e9tude s'ach\u00e8ve sur une casuistique qui fait de la justice, \u00e0 travers les conflits de devoir, une vertu \u00e0 la hauteur d'homme.\r","authors":["Fran\u00e7ois Heidsieck"],"category_codes":["9000000","9080000","9080200","9080204"],"visuals":{"large":"https:\/\/images.epagine.fr\/477\/9782296991477_1_75.jpg","medium":"https:\/\/images.epagine.fr\/477\/9782296991477_1_m.jpg","thumbnail":"https:\/\/images.epagine.fr\/477\/9782296991477_1_v.jpg"},"orderable":true,"show_badge":true,"formatted_price":"13,00&nbsp;\u20ac","formatted_published_date":"9 juillet 2012","publisher_availability_label":"Sur commande","short_details":"Fran\u00e7ois Heidsieck \u2014 \u00c9ditions L'Harmattan","translator":null,"weight":140,"page_count":102,"readership":null,"editor":"\u00c9ditions L'Harmattan","price":1300,"published_date":"2012-07-08T22:00:00.000000Z","support":"Grand format","publisher_availability":1,"stock":0,"editions":[],"url":"https:\/\/quaidesbrumes.com\/ouvrage\/9782296991477\/la-vertu-de-justice"},{"id":"9782296568655","title":"Simone Weil ; introduction et choix de textes","description":"Simone Weil, un des plus importants penseurs du XXe si\u00e8cle. Elle analyse le marxisme et l'hitl\u00e9risme en militante et en philosophe, travaille en usine pour conna\u00eetre la condition ouvri\u00e8re. La guerre la mobilise, sans tarir l'inspiration d'une pens\u00e9e attir\u00e9e par la beaut\u00e9 grecque, toutes les mystiques et l'Eglise du Christ souffrant pour les hommes. Cet ouvrage est la r\u00e9impression de la seconde \u00e9dition d'une des premi\u00e8res \u00e9tudes parues sur Simone Weil, avec un choix de texte.\r","authors":["Fran\u00e7ois Heidsieck"],"category_codes":["9000000","9080000","9080200","9080204"],"visuals":{"large":"https:\/\/images.epagine.fr\/655\/9782296568655_1_75.jpg","medium":"https:\/\/images.epagine.fr\/655\/9782296568655_1_m.jpg","thumbnail":"https:\/\/images.epagine.fr\/655\/9782296568655_1_v.jpg"},"orderable":true,"show_badge":true,"formatted_price":"15,00&nbsp;\u20ac","formatted_published_date":"13 d\u00e9cembre 2011","publisher_availability_label":"Sur commande","short_details":"Fran\u00e7ois Heidsieck \u2014 \u00c9ditions L'Harmattan","translator":null,"weight":175,"page_count":132,"readership":null,"editor":"\u00c9ditions L'Harmattan","price":1500,"published_date":"2011-12-12T23:00:00.000000Z","support":"Grand format","publisher_availability":1,"stock":0,"editions":[],"url":"https:\/\/quaidesbrumes.com\/ouvrage\/9782296568655\/simone-weil-introduction-et-choix-de-textes"},{"id":"9782296997110","title":"Philosophie seconde de Kierkegaard : Ecriture et r\u00e9p\u00e9tition","description":"Prendre la r\u00e9p\u00e9tition pour la cl\u00e9 herm\u00e9neutique de lecture des textes de Kierkegaard permet de resituer son oeuvre dans un contexte contemporain marqu\u00e9 par le d\u00e9passement de la m\u00e9taphysique et la r\u00e9flexion sur le langage. La lecture existentialiste de Kierkegaard est-elle la seule possible ? Une lecture de Kierkegaard qui le rapprocherait des positions post-m\u00e9taphysiques ne serait-elle pas convenable ? Kierkegaard sugg\u00e8re lui-m\u00eame cette direction lorsqu'il recentre sa pens\u00e9e sur la cat\u00e9gorie de r\u00e9p\u00e9tition.","authors":["Laura Llevadot"],"category_codes":["9000000","9080000"],"visuals":{"large":"https:\/\/images.epagine.fr\/110\/9782296997110_1_75.jpg","medium":"https:\/\/images.epagine.fr\/110\/9782296997110_1_m.jpg","thumbnail":"https:\/\/images.epagine.fr\/110\/9782296997110_1_v.jpg"},"orderable":true,"show_badge":true,"formatted_price":"33,50&nbsp;\u20ac","formatted_published_date":"6 d\u00e9cembre 2012","publisher_availability_label":"Sur commande","short_details":"Laura Llevadot \u2014 \u00c9ditions L'Harmattan","translator":null,"weight":390,"page_count":307,"readership":null,"editor":"\u00c9ditions L'Harmattan","price":3350,"published_date":"2012-12-05T23:00:00.000000Z","support":"Grand format","publisher_availability":1,"stock":0,"editions":[],"url":"https:\/\/quaidesbrumes.com\/ouvrage\/9782296997110\/philosophie-seconde-de-kierkegaard-ecriture-et-repetition"},{"id":"9782011742346","title":"Reflexions sur les principes emis devant la cour des pairs dans sa seance du 8 mars 1841","description":"R\u00e9flexions sur les principes \u00e9mis devant la cour des Pairs dans sa s\u00e9ance du 8 mars 1841. [Sign\u00e9 : Fo\u00fcet de Conflans.] Date de l'\u00e9dition originale : 1841 Ce livre est la reproduction fid\u00e8le d une uvre publi\u00e9e avant 1920 et fait partie d une collection de livres r\u00e9imprim\u00e9s \u00e0 la demande \u00e9dit\u00e9e par Hachette Livre, dans le cadre d un partenariat avec la Biblioth\u00e8que nationale de France, offrant l opportunit\u00e9 d acc\u00e9der \u00e0 des ouvrages anciens et souvent rares issus des fonds patrimoniaux de la BnF.\r\nLes uvres faisant partie de cette collection ont \u00e9t\u00e9 num\u00e9ris\u00e9es par la BnF et sont pr\u00e9sentes sur Gallica, sa biblioth\u00e8que num\u00e9rique.\r\n\r\nEn entreprenant de redonner vie \u00e0 ces ouvrages au travers d une collection de livres r\u00e9imprim\u00e9s \u00e0 la demande, nous leur donnons la possibilit\u00e9 de rencontrer un public \u00e9largi et participons \u00e0 la transmission de connaissances et de savoirs parfois difficilement accessibles.\r\nNous avons cherch\u00e9 \u00e0 concilier la reproduction fid\u00e8le d un livre ancien \u00e0 partir de sa version num\u00e9ris\u00e9e avec le souci d un confort de lecture optimal. Nous esp\u00e9rons que les ouvrages de cette nouvelle collection vous apporteront enti\u00e8re satisfaction.\r\n\r\nPour plus d informations, rendez-vous sur www.hachettebnf.fr\r","authors":["Fouet De Conflans"],"category_codes":["9000000","9080000"],"visuals":{"large":"https:\/\/images.epagine.fr\/346\/9782011742346_1_75.jpg","medium":"https:\/\/images.epagine.fr\/346\/9782011742346_1_m.jpg","thumbnail":"https:\/\/images.epagine.fr\/346\/9782011742346_1_v.jpg"},"orderable":true,"show_badge":true,"formatted_price":"9,50&nbsp;\u20ac","formatted_published_date":"1er juillet 2013","publisher_availability_label":"Sur commande","short_details":"Fouet De Conflans \u2014 Hachette BNF","translator":null,"weight":45,"page_count":null,"readership":null,"editor":"Hachette BNF","price":950,"published_date":"2013-06-30T22:00:00.000000Z","support":"Grand format","publisher_availability":1,"stock":0,"editions":[],"url":"https:\/\/quaidesbrumes.com\/ouvrage\/9782011742346\/reflexions-sur-les-principes-emis-devant-la-cour-des-pairs-dans-sa-seance-du-8-mars-1841"},{"id":"9782336307114","title":"La qu\u00eate de la sagesse Tome 2 ; sagesse de l'homme vuln\u00e9rable","description":"Les hommes sont d\u00e9pendants de la nature toute enti\u00e8re et, par cons\u00e9quent, ils sont d\u00e9pendants les uns des autres. Cette d\u00e9pendance n'est pas un signe de faiblesse. C'est elle qui, lorsqu'elle est bien ordonn\u00e9e, emp\u00eache les hommes de devenir ennemis les uns des autres. Il faut donc \u00e0 l'homme vuln\u00e9rable une sagesse pour l'inviter \u00e0 faire preuve d'autant de sollicitude qu'il est possible envers ses semblables. Que peut bien \u00eatre la sagesse de l'homme vuln\u00e9rable ?\r","authors":["Eric Delassus"],"category_codes":["9000000","9080000"],"visuals":{"large":"https:\/\/images.epagine.fr\/114\/9782336307114_1_75.jpg","medium":"https:\/\/images.epagine.fr\/114\/9782336307114_1_m.jpg","thumbnail":"https:\/\/images.epagine.fr\/114\/9782336307114_1_v.jpg"},"orderable":true,"show_badge":true,"formatted_price":"15,50&nbsp;\u20ac","formatted_published_date":"6 ao\u00fbt 2014","publisher_availability_label":"Sur commande","short_details":"Eric Delassus \u2014 \u00c9ditions L'Harmattan","translator":null,"weight":186,"page_count":140,"readership":null,"editor":"\u00c9ditions L'Harmattan","price":1550,"published_date":"2014-08-05T22:00:00.000000Z","support":"Grand format","publisher_availability":1,"stock":0,"editions":[],"url":"https:\/\/quaidesbrumes.com\/ouvrage\/9782336307114\/la-quete-de-la-sagesse-tome-2-sagesse-de-lhomme-vulnerable"},{"id":"9782296564893","title":"Kant et la possibilit\u00e9 des jugements synth\u00e9tiques a priori","description":"L'entreprise Kantienne est avant tout une r\u00e9flexion critique sur les limites de la science : \"que puis-je savoir ?\" Mais cette r\u00e9flexion critique est elle-m\u00eame, chez Kant, une science ou la science de notre pouvoir de conna\u00eetre : la \"connaissance de l'ignorance de la raison, qui n'est possible que par la critique de la raison elle-m\u00eame, elle est donc une science\". La question se pose alors de savoir sur quoi elle peut \u00eatre fond\u00e9e.\r","authors":["Iraj Nikseresht"],"category_codes":["9000000","9080000","9080200","9080204"],"visuals":{"large":"https:\/\/images.epagine.fr\/893\/9782296564893_1_75.jpg","medium":"https:\/\/images.epagine.fr\/893\/9782296564893_1_m.jpg","thumbnail":"https:\/\/images.epagine.fr\/893\/9782296564893_1_v.jpg"},"orderable":true,"show_badge":true,"formatted_price":"14,00&nbsp;\u20ac","formatted_published_date":"31 octobre 2011","publisher_availability_label":"Sur commande","short_details":"Iraj Nikseresht \u2014 \u00c9ditions L'Harmattan","translator":null,"weight":170,"page_count":125,"readership":null,"editor":"\u00c9ditions L'Harmattan","price":1400,"published_date":"2011-10-30T23:00:00.000000Z","support":"Grand format","publisher_availability":1,"stock":0,"editions":[],"url":"https:\/\/quaidesbrumes.com\/ouvrage\/9782296564893\/kant-et-la-possibilite-des-jugements-synthetiques-a-priori"},{"id":"9782343038711","title":"La pr\u00e9carit\u00e9 de la vie Tome 1 ; sagesse de l'homme vuln\u00e9rable","description":"Les hommes sont d\u00e9pendants de la nature toute enti\u00e8re et, par cons\u00e9quent, ils sont d\u00e9pendants les uns des autres. Cette d\u00e9pendance n'est pas un signe de faiblesse. C'est elle qui, lorsqu'elle est bien ordonn\u00e9e, emp\u00eache les hommes de devenir ennemis les uns des autres. Il faut donc \u00e0 l'homme vuln\u00e9rable une sagesse pour l'inviter \u00e0 faire preuve d'autant de sollicitude qu'il est possible envers ses semblables. Que peut bien \u00eatre la sagesse de l'homme vuln\u00e9rable ?\r","authors":["Eric Delassus"],"category_codes":["9000000","9080000"],"visuals":{"large":"https:\/\/images.epagine.fr\/711\/9782343038711_1_75.jpg","medium":"https:\/\/images.epagine.fr\/711\/9782343038711_1_m.jpg","thumbnail":"https:\/\/images.epagine.fr\/711\/9782343038711_1_v.jpg"},"orderable":true,"show_badge":true,"formatted_price":"16,50&nbsp;\u20ac","formatted_published_date":"6 ao\u00fbt 2014","publisher_availability_label":"Sur commande","short_details":"Eric Delassus \u2014 \u00c9ditions L'Harmattan","translator":null,"weight":196,"page_count":146,"readership":null,"editor":"\u00c9ditions L'Harmattan","price":1650,"published_date":"2014-08-05T22:00:00.000000Z","support":"Grand format","publisher_availability":1,"stock":0,"editions":[],"url":"https:\/\/quaidesbrumes.com\/ouvrage\/9782343038711\/la-precarite-de-la-vie-tome-1-sagesse-de-lhomme-vulnerable"},{"id":"9782493898302","title":"M\u00e9moire vive : entretiens avec Francois Bousquet","description":"Alain de Benoist, qu'on a longtemps pr\u00e9sent\u00e9 comme le chef de file de la \u00abNouvelle Droite\u00bb, reste aujourd'hui mal connu. Intellectuel atypique, qui a toujours voulu \u00eatre fid\u00e8le \u00e0 la pens\u00e9e critique, il appartient au petit nombre des penseurs fran\u00e7ais \u00e9tudi\u00e9s \u00e0 l'\u00e9tranger. En France, il reste ostracis\u00e9 dans certains milieux, qui ne l'ont g\u00e9n\u00e9ralement pas lu. Trop de malentendus sont venus brouiller la perception de son oeuvre.\r\n\r\nM\u00e9moire vive est l'occasion de les dissiper. Dans ces entretiens men\u00e9s \u00e0 b\u00e2tons rompus, Alain de Benoist s'explique pour la premi\u00e8re fois sur son parcours personnel et sur son itin\u00e9raire intellectuel, centr\u00e9 sur la philosophie politique et l'histoire des id\u00e9es. Il dit pourquoi il a choisi de se tenir \u00e0 l'\u00e9cart de l'action politique et comment il n'a jamais voulu se laisser prendre au pi\u00e8ge des postures partisanes dans lesquelles Ortega y Gasset voyait une forme d'h\u00e9mipl\u00e9gie morale.\r\n\r\nPaul Val\u00e9ry mettait en garde contre la \u00ab com\u00e9die de la sinc\u00e9rit\u00e9 \u00bb \u00e0 l'oeuvre dans toute entreprise autobiographique. Le risque pour tout penseur est de camper sur des positions acquises. Rien de tel ici. Lecteur infatigable et auteur prolifique, Alain de Benoist se confie \u00e0 coeur ouvert, offrant le portrait d'un homme \u00e0 l'aff\u00fbt de tout, tr\u00e8s loin des clich\u00e9s et des caricatures. \u00c0 mi-chemin de l'autobiographie et du bilan philosophique, cet intellectuel engag\u00e9 fait d\u00e9filer au fil des pages un demi-si\u00e8cle d'histoire.\r\n\r\nDes hommes et des id\u00e9es, des livres et des rencontres. Le tout esquissant la physionomie de l'\u00e9poque et le visage de l'auteur.","authors":["Alain de Benoist"],"category_codes":["9000000","9110000"],"visuals":{"large":"https:\/\/images.epagine.fr\/302\/9782493898302_1_75.jpg","medium":"https:\/\/images.epagine.fr\/302\/9782493898302_1_m.jpg","thumbnail":"https:\/\/images.epagine.fr\/302\/9782493898302_1_v.jpg"},"orderable":true,"show_badge":true,"formatted_price":"24,90&nbsp;\u20ac","formatted_published_date":"21 septembre 2022","publisher_availability_label":"Sur commande","short_details":"Alain de Benoist \u2014 La Nouvelle Librairie","translator":null,"weight":590,"page_count":472,"readership":null,"editor":"La Nouvelle Librairie","price":2490,"published_date":"2022-09-20T22:00:00.000000Z","support":"Grand format","publisher_availability":1,"stock":0,"editions":[],"url":"https:\/\/quaidesbrumes.com\/ouvrage\/9782493898302\/memoire-vive-entretiens-avec-francois-bousquet"}]}