{"data":[{"id":"9782013531610","title":"Amphitheatre des sciences mortes. le livre du sceptre : politique volume 4","description":"Amphith\u00e9\u00e2tre des sciences mortes. Le livre du sceptre : politique \/ Sar M\u00e9rodack J. Peladan Date de l'\u00e9dition originale : 1892-1911 Comprend : Comment on devient artiste Ce livre est la reproduction fid\u00e8le d'une oeuvre publi\u00e9e avant 1920 et fait partie d'une collection de livres r\u00e9imprim\u00e9s \u00e0 la demande \u00e9dit\u00e9e par Hachette Livre, dans le cadre d'un partenariat avec la Biblioth\u00e8que nationale de France, offrant l'opportunit\u00e9 d'acc\u00e9der \u00e0 des ouvrages anciens et souvent rares issus des fonds patrimoniaux de la BnF.\r\nLes oeuvres faisant partie de cette collection ont \u00e9t\u00e9 num\u00e9ris\u00e9es par la BnF et sont pr\u00e9sentes sur Gallica, sa biblioth\u00e8que num\u00e9rique.\r\n\r\nEn entreprenant de redonner vie \u00e0 ces ouvrages au travers d'une collection de livres r\u00e9imprim\u00e9s \u00e0 la demande, nous leur donnons la possibilit\u00e9 de rencontrer un public \u00e9largi et participons \u00e0 la transmission de connaissances et de savoirs parfois difficilement accessibles.\r\nNous avons cherch\u00e9 \u00e0 concilier la reproduction fid\u00e8le d'un livre ancien \u00e0 partir de sa version num\u00e9ris\u00e9e avec le souci d'un confort de lecture optimal. Nous esp\u00e9rons que les ouvrages de cette nouvelle collection vous apporteront enti\u00e8re satisfaction.\r\n\r\nPour plus d'informations, rendez-vous sur www.hachettebnf.fr","authors":["Jos\u00e9phin P\u00e9ladan"],"category_codes":["9000000","9080000","9080600"],"visuals":{"large":"https:\/\/images.epagine.fr\/610\/9782013531610_1_75.jpg","medium":"https:\/\/images.epagine.fr\/610\/9782013531610_1_m.jpg","thumbnail":"https:\/\/images.epagine.fr\/610\/9782013531610_1_v.jpg"},"orderable":true,"show_badge":true,"formatted_price":"26,00&nbsp;\u20ac","formatted_published_date":"1er octobre 2014","publisher_availability_label":"Sur commande","short_details":"Jos\u00e9phin P\u00e9ladan \u2014 Hachette BNF","translator":null,"weight":549,"page_count":null,"readership":null,"editor":"Hachette BNF","price":2600,"published_date":"2014-09-30T22:00:00.000000Z","support":"Grand format","publisher_availability":1,"stock":0,"editions":[],"url":"https:\/\/quaidesbrumes.com\/ouvrage\/9782013531610\/amphitheatre-des-sciences-mortes-le-livre-du-sceptre-politique-volume-4"},{"id":"9782296545960","title":"Lisbeth Salander, une ic\u00f4ne de l'en-bas","description":"Lisbeth Salander, l'h\u00e9ro\u00efne de la saga Millenium, est une ic\u00f4ne christique, mais non chr\u00e9tienne. C'est ce que Jean-Louis Bischoff entend montrer dans la pr\u00e9sente \u00e9tude, qui fait surgir les sp\u00e9cificit\u00e9s de la \"spiritualit\u00e9 sauvage\" de Salander. D'o\u00f9 deux questions : Comment \u00e9tablir le statut philosophique de la notion d'ic\u00f4ne ? Qu'est-ce qui distingue la sph\u00e8re christique de la sph\u00e8re chr\u00e9tienne ? Pour r\u00e9pondre \u00e0 ces interrogations, l'auteur mobilise les lumi\u00e8res de philosophes comme Marion, Levinas, Ricoeur, Greisch ou Bellet.","authors":["Jean-Louis Bischoff"],"category_codes":["9000000","9080000","9080200","9080204"],"visuals":{"large":"https:\/\/images.epagine.fr\/960\/9782296545960_1_75.jpg","medium":"https:\/\/images.epagine.fr\/960\/9782296545960_1_m.jpg","thumbnail":"https:\/\/images.epagine.fr\/960\/9782296545960_1_v.jpg"},"orderable":true,"show_badge":true,"formatted_price":"16,50&nbsp;\u20ac","formatted_published_date":"15 mars 2011","publisher_availability_label":"Sur commande","short_details":"Jean-Louis Bischoff \u2014 \u00c9ditions L'Harmattan","translator":null,"weight":205,"page_count":null,"readership":null,"editor":"\u00c9ditions L'Harmattan","price":1650,"published_date":"2011-03-14T23:00:00.000000Z","support":"Grand format","publisher_availability":1,"stock":0,"editions":[],"url":"https:\/\/quaidesbrumes.com\/ouvrage\/9782296545960\/lisbeth-salander-une-icone-de-len-bas"},{"id":"9782322081714","title":"Du n\u00e9ant \u00e0 la physique ;","description":"En essayant d'aller au fond de sa pens\u00e9e, l'auteur y a trouv\u00e9 le n\u00e9ant, qui n'est pas le rien.\r\n Il a tent\u00e9 de pr\u00e9senter son cheminement dans ce petit livre sur la physique, au carrefour de la science, de la philosophie, de la th\u00e9ologie et de la mythologie: entreprise p\u00e9rilleuse, car ce qui para\u00eet le plus clair est aussi le plus obscur.\r\n N'y entreront que ceux qui accepteront de se d\u00e9partir de leurs pr\u00e9jug\u00e9s les plus profond\u00e9ment enracin\u00e9s, qu'ils soient d'ordre scientifique, philosophique ou religieux (ce sont d'ailleurs les m\u00eames). Comprenne qui voudra!","authors":["Richard Wojnarowski"],"category_codes":["10000000","10030000","10030200","10030203"],"visuals":{"large":"https:\/\/images.epagine.fr\/714\/9782322081714_1_75.jpg","medium":"https:\/\/images.epagine.fr\/714\/9782322081714_1_m.jpg","thumbnail":"https:\/\/images.epagine.fr\/714\/9782322081714_1_v.jpg"},"orderable":true,"show_badge":true,"formatted_price":"8,99&nbsp;\u20ac","formatted_published_date":"16 septembre 2017","publisher_availability_label":"Sur commande","short_details":"Richard Wojnarowski \u2014 Books on Demand","translator":null,"weight":238,"page_count":220,"readership":null,"editor":"Books on Demand","price":899,"published_date":"2017-09-15T22:00:00.000000Z","support":"Poche","publisher_availability":1,"stock":0,"editions":[],"url":"https:\/\/quaidesbrumes.com\/ouvrage\/9782322081714\/du-neant-a-la-physique"},{"id":"9782849320839","title":"L'invention technique et son influence sur l'esprit humain","description":"L\u00b4\u00eatre humain peut-il prendre possession de toute sa dimension \u00e0 travers ses inventions, lorsqu\u00b4il sait conserver une posture de ma\u00eetrise des produits de la technique ? S\u00b4il s\u00b4y abandonne compl\u00e8tement, alors il s\u00b4en rend lui-m\u00eame esclave. Participer \u00e0 l\u00b4av\u00e8nement de la nature humaine, c\u00b4est cheminer vers sa v\u00e9rit\u00e9, et ne pas sombrer par exc\u00e8s de faiblesse dans une inertie mortif\u00e8re.\r\n\r\nLe th\u00e8me de l\u00b4invention technique est d\u00b4une insoup\u00e7onnable complexit\u00e9. R\u00e9mi Charlier y apporte son \u00e9clairage percutant et novateur.","authors":["R\u00e9mi Charlier"],"category_codes":["9000000","9080000","9080200","9080204"],"visuals":{"large":"https:\/\/images.epagine.fr\/839\/9782849320839_1_75.jpg","medium":"https:\/\/images.epagine.fr\/839\/9782849320839_1_m.jpg","thumbnail":"https:\/\/images.epagine.fr\/839\/9782849320839_1_v.jpg"},"orderable":true,"show_badge":true,"formatted_price":"15,00&nbsp;\u20ac","formatted_published_date":"1er ao\u00fbt 2014","publisher_availability_label":"Sur commande","short_details":"R\u00e9mi Charlier \u2014 Solilang","translator":null,"weight":200,"page_count":null,"readership":null,"editor":"Solilang","price":1500,"published_date":"2014-07-31T22:00:00.000000Z","support":"Grand format","publisher_availability":1,"stock":0,"editions":[],"url":"https:\/\/quaidesbrumes.com\/ouvrage\/9782849320839\/linvention-technique-et-son-influence-sur-lesprit-humain"},{"id":"9782705682330","title":"Le sens du futur ; une science du temps au XIXe si\u00e8cle","description":"Comment les scientifiques et les philosophes ont-ils tent\u00e9 de d\u00e9crire, entre le d\u00e9but du XIXe si\u00e8cle et le milieu du XXe, la structure de la conscience temporelle humaine ? Comment la dimension du futur dans la conscience a-t-elle pris une importance d\u00e9cisive ? \u00c0 travers l'analyse des oeuvres fondatrices (Herbart, Fechner, Helmholtz, Mach, Wundt, William James, Franz Brentano, Edmund Husserl, Edgar Douglas Adrian), de la psychologie, de la psychophysiologie, de la ph\u00e9nom\u00e9nologie ou des neurosciences, l'auteur reconstitue la mise en \u00e9vidence des faits, les discussions philosophiques et \u00e9pist\u00e9mologiques, les hypoth\u00e8ses sp\u00e9culatives parfois tr\u00e8s hardies et anticipatrices, qui ont marqu\u00e9 la probl\u00e9matique du temps et qui continuent de l'animer. L'\u00e9mergence du futur comme dimension accessible \u00e0 la description philosophique et \u00e0 l'analyse neuroscientifique en relation n\u00e9cessaire avec le pr\u00e9sent et le pass\u00e9 pose des probl\u00e8mes nouveaux abord\u00e9s en conclusion de l'ouvrage.","authors":["Claude Debru"],"category_codes":["9000000","9080000","9080200","9080204"],"visuals":{"large":"https:\/\/images.epagine.fr\/330\/9782705682330_1_75.jpg","medium":"https:\/\/images.epagine.fr\/330\/9782705682330_1_m.jpg","thumbnail":"https:\/\/images.epagine.fr\/330\/9782705682330_1_v.jpg"},"orderable":true,"show_badge":true,"formatted_price":"34,00&nbsp;\u20ac","formatted_published_date":"23 f\u00e9vrier 2012","publisher_availability_label":"Sur commande","short_details":"Claude Debru \u2014 Hermann","translator":null,"weight":345,"page_count":270,"readership":null,"editor":"Hermann","price":3400,"published_date":"2012-02-22T23:00:00.000000Z","support":"Grand format","publisher_availability":1,"stock":0,"editions":[],"url":"https:\/\/quaidesbrumes.com\/ouvrage\/9782705682330\/le-sens-du-futur-une-science-du-temps-au-xixe-siecle"},{"id":"9782296543300","title":"Une esth\u00e9tique de la rencontre","description":"Le terme \"rencontre\" renvoie \u00e0 une diversit\u00e9 de situations qui n'ont pas toutes les m\u00eames implications. Elle est d\u00e9finie \u00e0 la fois comme un coup de d\u00e9s, un combat, un duel, une circonstance fortuite, la mise en contact de deux personnes par hasard ou de mani\u00e8re concert\u00e9e, le fait d'aller au-devant. On parle aussi de mauvaise rencontre et de malencontre. Puisque le m\u00eame mot d\u00e9signe des cas de figure aussi diff\u00e9rents les uns des autres, il convient de lui donner un relief particulier en l'associant \u00e0 un autre terme.","authors":["Dominique Berthet"],"category_codes":["9000000","9080000","9080200","9080204"],"visuals":{"large":"https:\/\/images.epagine.fr\/300\/9782296543300_1_75.jpg","medium":"https:\/\/images.epagine.fr\/300\/9782296543300_1_m.jpg","thumbnail":"https:\/\/images.epagine.fr\/300\/9782296543300_1_v.jpg"},"orderable":true,"show_badge":true,"formatted_price":"22,50&nbsp;\u20ac","formatted_published_date":"28 janvier 2011","publisher_availability_label":"Sur commande","short_details":"Dominique Berthet \u2014 \u00c9ditions L'Harmattan","translator":null,"weight":280,"page_count":226,"readership":null,"editor":"\u00c9ditions L'Harmattan","price":2250,"published_date":"2011-01-27T23:00:00.000000Z","support":"Grand format","publisher_availability":1,"stock":0,"editions":[],"url":"https:\/\/quaidesbrumes.com\/ouvrage\/9782296543300\/une-esthetique-de-la-rencontre"},{"id":"9782081300156","title":"La philosophie ne fait pas le bonheur","description":"Le bonheur est devenu la grande illusion de la philosophie. Aujourd'hui, de nombreux philosophes - et non des moindres - c\u00e9l\u00e8brent sans fin plaisir, vie bonne ou joie d'une vie philosophique. Ils promettent, \u00e0 tous ceux qui veulent les croire, que la philosophie va changer leur existence, pacifier leur vie, leur garantir la s\u00e9r\u00e9nit\u00e9. En un mot : les rendre heureux.\r\nCe vieux r\u00eave, n\u00e9 dans l'Antiquit\u00e9, avait pourtant \u00e9t\u00e9 radicalement abandonn\u00e9. Il revient en force. Or ce mirage est n\u00e9faste, car la philosophie n'est ni un ouvre-bonheur, ni une machine \u00e0 rendre heureux, mais une \u00e9cole de lucidit\u00e9, de critique et d'ironie. Au risque de se perdre, si elle l'oublie.\r\nEn confondant la libert\u00e9 du sage antique et le bonheur format\u00e9, la philo-bonheur contribue en r\u00e9alit\u00e9 au maintien de l'ordre et de la servitude. Critiquer une \u00e0 une ses pr\u00e9tendues \u00e9vidences, d\u00e9monter ses subterfuges sont des t\u00e2ches urgentes. C'est ce que propose Roger-Pol Droit dans cet essai incisif, pol\u00e9mique, p\u00e9dagogue et solidement argument\u00e9.","authors":["Roger-Pol Droit"],"category_codes":["9000000","9080000","9080200","9080204"],"visuals":{"large":"https:\/\/images.epagine.fr\/156\/9782081300156_1_75.jpg","medium":"https:\/\/images.epagine.fr\/156\/9782081300156_1_m.jpg","thumbnail":"https:\/\/images.epagine.fr\/156\/9782081300156_1_v.jpg"},"orderable":true,"show_badge":true,"formatted_price":"19,00&nbsp;\u20ac","formatted_published_date":"18 f\u00e9vrier 2015","publisher_availability_label":"Sur commande","short_details":"Roger-Pol Droit \u2014 Flammarion","translator":null,"weight":214,"page_count":216,"readership":null,"editor":"Flammarion","price":1900,"published_date":"2015-02-17T23:00:00.000000Z","support":"Grand format","publisher_availability":1,"stock":0,"editions":[],"url":"https:\/\/quaidesbrumes.com\/ouvrage\/9782081300156\/la-philosophie-ne-fait-pas-le-bonheur"},{"id":"9782705684044","title":"Penser les passions \u00e0 l'\u00e2ge classique","description":"Tant\u00f4t manifestation pathologique de la subjectivit\u00e9, tant\u00f4t dimension constitutive d'une subjectivit\u00e9 irr\u00e9ductiblement sensible, les passions accompagnent et hantent la r\u00e9flexion sur la conscience, le savoir, le politique, la morale et l'esth\u00e9tique de l'\u00e2ge classique. De Descartes jusqu'\u00e0 Hume et aux mat\u00e9rialistes fran\u00e7ais, des romanciers du XVIIe si\u00e8cle jusqu'\u00e0 Pr\u00e9vost et Rousseau, la philosophie et la litt\u00e9rature s'emparent en effet de la notion de passion. De fa\u00e7on analogue, la m\u00e9decine, la peinture, la sculpture, la rh\u00e9torique et les manuels de civilit\u00e9 se saisissent du double probl\u00e8me de la manifestation corporelle de la passion et de son expression formelle.\r\nLes \u00e9tudes r\u00e9unies dans cet ouvrage cherchent \u00e0 souligner la diversit\u00e9 de ces regards th\u00e9oriques sur l'affectivit\u00e9. L'enjeu essentiel d'une telle enqu\u00eate est de d\u00e9limiter la coh\u00e9rence d'une notion   celle de passion   qui, bien qu'elle s'inscrive dans une p\u00e9riode temporelle sp\u00e9cifique, porte la trace d'une forte transformation des perceptions et des sensibilit\u00e9s. En se demandant de quelle fa\u00e7on on pense les passions \u00e0 l'\u00e2ge classique, les \u00e9tudes regroup\u00e9es ici dessinent un espace de r\u00e9flexion qui sugg\u00e8re qu'en d\u00e9pit de la diff\u00e9rence des discours, de la richesse s\u00e9mantique des concepts, des \u00e9volutions et des points de rupture qu'on peut y d\u00e9noter, la r\u00e9flexion th\u00e9orique sur les passions \u00e0 l'\u00e2ge classique suit, dans ses diff\u00e9rents champs de manifestation, une trajectoire commune qu'il est possible de reconstruire. Trajectoire en un sens tragique puisque, apr\u00e8s avoir connu son apog\u00e9e historique au XVIIe si\u00e8cle, la notion de passion dispara\u00eet au profit de celle d'\u00e9motion","authors":["Lucie Desjardins","Daniel Dumouchel"],"category_codes":["9000000","9080000","9080200","9080204"],"visuals":{"large":"https:\/\/images.epagine.fr\/044\/9782705684044_1_75.jpg","medium":"https:\/\/images.epagine.fr\/044\/9782705684044_1_m.jpg","thumbnail":"https:\/\/images.epagine.fr\/044\/9782705684044_1_v.jpg"},"orderable":true,"show_badge":true,"formatted_price":"25,00&nbsp;\u20ac","formatted_published_date":"29 ao\u00fbt 2012","publisher_availability_label":"Sur commande","short_details":"Lucie Desjardins, Daniel Dumouchel \u2014 Hermann","translator":null,"weight":295,"page_count":288,"readership":null,"editor":"Hermann","price":2500,"published_date":"2012-08-28T22:00:00.000000Z","support":"Grand format","publisher_availability":1,"stock":0,"editions":[],"url":"https:\/\/quaidesbrumes.com\/ouvrage\/9782705684044\/penser-les-passions-a-lage-classique"},{"id":"9782296555259","title":"L'\u00e9cole dans l'art","description":"L'\u00e9cole r\u00e9sonne dans l'art. Des artistes inventent des fictions sur l'\u00e9cole et posent des questions fondamentales concernant l'apprentissage, l'exclusion et la libert\u00e9. Pourquoi et comment l'artiste met-il en jeu cet univers \u00e9colier ? Quelles relations l'art entretient-il avec l'enseignement ? Nous verrons, \u00e0 travers l'analyse d'oeuvres, comment l'artiste, en partant de repr\u00e9sentations \u00e9coli\u00e8res, d\u00e9place les repr\u00e9sentations artistiques et d\u00e9construit son syst\u00e8me de valeurs.","authors":["Herv\u00e9 Bacquet","B\u00e9atrice Martin","Sandrine Morsillo","Diane Watteau"],"category_codes":["9000000","9080000","9080200","9080204"],"visuals":{"large":"https:\/\/images.epagine.fr\/259\/9782296555259_1_75.jpg","medium":"https:\/\/images.epagine.fr\/259\/9782296555259_1_m.jpg","thumbnail":"https:\/\/images.epagine.fr\/259\/9782296555259_1_v.jpg"},"orderable":true,"show_badge":true,"formatted_price":"19,50&nbsp;\u20ac","formatted_published_date":"23 septembre 2011","publisher_availability_label":"Sur commande","short_details":"Herv\u00e9 Bacquet, B\u00e9atrice Martin, Sandrine Morsillo, Diane Watteau \u2014 \u00c9ditions L'Harmattan","translator":null,"weight":235,"page_count":null,"readership":null,"editor":"\u00c9ditions L'Harmattan","price":1950,"published_date":"2011-09-22T22:00:00.000000Z","support":"Grand format","publisher_availability":1,"stock":0,"editions":[],"url":"https:\/\/quaidesbrumes.com\/ouvrage\/9782296555259\/lecole-dans-lart"},{"id":"9782296133242","title":"Trait\u00e9 de la r\u00e9alit\u00e9","description":"Avec la publication de ce Trait\u00e9 de la r\u00e9alit\u00e9, les \u00e9ditions L'Harmattan compl\u00e8tent une entreprise qui m\u00e9rite la reconnaissance des milieux philosophiques : la publication de la plus grande partie de l'oeuvre accessible du philosophe espagnol. Jusqu'ici Xavier Zubiri \u00e9tait un inconnu venu de nulle part. Aujourd'hui, il retrouve sa place \u00e0 c\u00f4t\u00e9 de Husserl et de Heidegger et maintenant dans la pens\u00e9e fran\u00e7aise.","authors":["Xavier Zubiri","Philibert Secretan"],"category_codes":["9000000","9080000","9080200","9080204"],"visuals":{"large":"https:\/\/images.epagine.fr\/242\/9782296133242_1_75.jpg","medium":"https:\/\/images.epagine.fr\/242\/9782296133242_1_m.jpg","thumbnail":"https:\/\/images.epagine.fr\/242\/9782296133242_1_v.jpg"},"orderable":true,"show_badge":true,"formatted_price":"26,50&nbsp;\u20ac","formatted_published_date":"22 octobre 2010","publisher_availability_label":"Sur commande","short_details":"Xavier Zubiri, Philibert Secretan \u2014 \u00c9ditions L'Harmattan","translator":"PHILIBERT SECRETAN","weight":334,"page_count":264,"readership":null,"editor":"\u00c9ditions L'Harmattan","price":2650,"published_date":"2010-10-21T22:00:00.000000Z","support":"Grand format","publisher_availability":1,"stock":0,"editions":[],"url":"https:\/\/quaidesbrumes.com\/ouvrage\/9782296133242\/traite-de-la-realite"},{"id":"9782296564305","title":"Le cercle des concepts disparus ; philosophie et science(s) de l'\u00e9ducation","description":"Cet ouvrage propose un filtrage r\u00e9current (au sens de Michel Serres) de l'histoire des concepts philosophiques convoqu\u00e9s par l'\u00e9ducation. Il propose, au d\u00e9part, deux topiques de la philosophie : la philosophie comme projet de soci\u00e9t\u00e9 d\u00e9mocratique (antique puis moderne) visant des finalit\u00e9s politiques et la philosophie comme projet de d\u00e9finition d'un sujet digne, \u00e0 la poursuite de finalit\u00e9s morales et\/ou \u00e9thiques. Ces topiques r\u00e9v\u00e8lent toujours des fictions th\u00e9oriques d'un Universel Abstrait qui nous instruisent peu sur le processus \u00e9ducatif.","authors":["Christiane Peyron-bonjan"],"category_codes":["9000000","9080000","9080200"],"visuals":{"large":"https:\/\/images.epagine.fr\/305\/9782296564305_1_75.jpg","medium":"https:\/\/images.epagine.fr\/305\/9782296564305_1_m.jpg","thumbnail":"https:\/\/images.epagine.fr\/305\/9782296564305_1_v.jpg"},"orderable":true,"show_badge":true,"formatted_price":"27,00&nbsp;\u20ac","formatted_published_date":"27 octobre 2011","publisher_availability_label":"Sur commande","short_details":"Christiane Peyron-bonjan \u2014 \u00c9ditions L'Harmattan","translator":null,"weight":405,"page_count":255,"readership":null,"editor":"\u00c9ditions L'Harmattan","price":2700,"published_date":"2011-10-26T22:00:00.000000Z","support":"Grand format","publisher_availability":1,"stock":0,"editions":[],"url":"https:\/\/quaidesbrumes.com\/ouvrage\/9782296564305\/le-cercle-des-concepts-disparus-philosophie-et-sciences-de-leducation"},{"id":"9782296546301","title":"La philosophie en France au XIXe si\u00e8cle","description":"Maine de Biran, Bergson, Comte, Proudhon... La philosophie en France au XIX\u00e8me si\u00e8cle rassemble les d\u00e9bats fondamentaux entre spiritualisme et positivisme sur l'origine des id\u00e9es, le sens de l'histoire ou la r\u00e9forme sociale. Le d\u00e9bat philosophique en France \u00e0 cette p\u00e9riode n'est pas s\u00e9parable d'une interpr\u00e9tation de la grande R\u00e9volution et donc des secousses successives de 1830, 1848, 1871.","authors":["Jean Lefranc"],"category_codes":["9000000","9080000","9080200","9080204"],"visuals":{"large":"https:\/\/images.epagine.fr\/301\/9782296546301_1_75.jpg","medium":"https:\/\/images.epagine.fr\/301\/9782296546301_1_m.jpg","thumbnail":"https:\/\/images.epagine.fr\/301\/9782296546301_1_v.jpg"},"orderable":true,"show_badge":true,"formatted_price":"14,00&nbsp;\u20ac","formatted_published_date":"22 avril 2011","publisher_availability_label":"Sur commande","short_details":"Jean Lefranc \u2014 \u00c9ditions L'Harmattan","translator":null,"weight":173,"page_count":127,"readership":null,"editor":"\u00c9ditions L'Harmattan","price":1400,"published_date":"2011-04-21T22:00:00.000000Z","support":"Grand format","publisher_availability":1,"stock":0,"editions":[],"url":"https:\/\/quaidesbrumes.com\/ouvrage\/9782296546301\/la-philosophie-en-france-au-xixe-siecle"},{"id":"9782723396202","title":"Les id\u00e9es en armes","description":null,"authors":["L\u00e9on Daudet"],"category_codes":["9000000","9080000","9080200","9080204"],"visuals":{"large":"https:\/\/images.epagine.fr\/202\/9782723396202_1_75.jpg","medium":"https:\/\/images.epagine.fr\/202\/9782723396202_1_m.jpg","thumbnail":"https:\/\/images.epagine.fr\/202\/9782723396202_1_v.jpg"},"orderable":true,"show_badge":true,"formatted_price":"55,00&nbsp;\u20ac","formatted_published_date":"29 juillet 2010","publisher_availability_label":"Sur commande","short_details":"L\u00e9on Daudet \u2014 Nouvelles Editions Latines","translator":null,"weight":1100,"page_count":null,"readership":null,"editor":"Nouvelles Editions Latines","price":5500,"published_date":"2010-07-28T22:00:00.000000Z","support":"Grand format","publisher_availability":1,"stock":0,"editions":["9782723305860"],"url":"https:\/\/quaidesbrumes.com\/ouvrage\/9782723396202\/les-idees-en-armes"},{"id":"9782705686840","title":"\u00c0 livre ouvert : Blanchot, du Bouchet, Cohen, Derrida, Jab\u00e8s, Laporte","description":"Ce livre offre un parcours en compagnie d'\u00e9crivains, philosophes et po\u00e8tes, parmi les plus marquants de la deuxi\u00e8me moiti\u00e9 du XXe si\u00e8cle. Son point de d\u00e9part est une question qui porte sur l'essence m\u00eame de la litt\u00e9rature : que signifie aimer avec passion une oeuvre et l'homme qui est \u00ab derri\u00e8re \u00bb ?... Comment vit-on avec ? Et qu'y trouve-t-on pour vivre avec soi m\u00eame, apprendre \u00e0 vivre ainsi ? Il s'agit donc d'un livre \u00e9crit \u00e0 la premi\u00e8re personne par un auteur qui aura eu la chance de croiser le chemin de quelques grandes figures de la pens\u00e9e fran\u00e7aise contemporaine : Edmond Jab\u00e8s, Jacques Derrida et Andr\u00e9 du Bouchet, Maurice Blanchot de fa\u00e7on plus lointaine. On y trouvera pourtant une volont\u00e9 clairement p\u00e9dagogique. Didier Cahen reprend et \u00e9tudie les \u00e9nonc\u00e9s multiples de ces cr\u00e9ateurs de la postmodernit\u00e9 sur l'articulation de la pens\u00e9e et de la litt\u00e9rature ou sur l'espace commun de la philosophie et de la po\u00e9sie. Dans la foul\u00e9e, il aborde des questions plus ouvertes, qui touchent \u00e0 l'intuition de l'autre, au non-savoir qu'explore la face cach\u00e9e de la litt\u00e9rature. Comme le d\u00e9montrent les oeuvres singuli\u00e8res de Roger Laporte et de Marcel Cohen, \u00e9crire c'est mettre sa vie en jeu, se fier \u00e0 ce qui vient, suivre l'ordre de l'Autre... en se jouant de l'\u00eatre. Indiscipline au coeur des disciplines, cet exercice de la litt\u00e9rature traverse ainsi les genres, engage son \u00e9criture au-del\u00e0 des lignes du livre, d\u00e9livre le message qui se lit \u00e0 livre ouvert.","authors":["Didier Cahen"],"category_codes":["9000000","9080000"],"visuals":{"large":"https:\/\/images.epagine.fr\/840\/9782705686840_1_75.jpg","medium":"https:\/\/images.epagine.fr\/840\/9782705686840_1_m.jpg","thumbnail":"https:\/\/images.epagine.fr\/840\/9782705686840_1_v.jpg"},"orderable":true,"show_badge":true,"formatted_price":"29,00&nbsp;\u20ac","formatted_published_date":"13 juin 2013","publisher_availability_label":"Sur commande","short_details":"Didier Cahen \u2014 Hermann","translator":null,"weight":347,"page_count":276,"readership":null,"editor":"Hermann","price":2900,"published_date":"2013-06-12T22:00:00.000000Z","support":"Grand format","publisher_availability":1,"stock":0,"editions":[],"url":"https:\/\/quaidesbrumes.com\/ouvrage\/9782705686840\/a-livre-ouvert-blanchot-du-bouchet-cohen-derrida-jabes-laporte"},{"id":"9782322274352","title":"Petite philosophie de l'insolite : chroniques","description":"Les textes composant cet ouvrage sont tous parus, sous leur forme initiale, dans un journal hebdomadaire. Ils concernent des sujets d'actualit\u00e9 \u00e9tranges, bizarres, insolites, souvent amusants, mais se pr\u00eatant toujours \u00e0 un commentaire philosophique. Ils peuvent servir de points de d\u00e9part pour la r\u00e9flexion individuelle du lecteur, mais aussi ils peuvent alimenter des d\u00e9bats th\u00e9matiques collectifs (cours scolaires, caf\u00e9s-philo, r\u00e9unions de r\u00e9flexion...).","authors":["Michel Th\u00e9ron"],"category_codes":["9000000","9080000","9080200","9080204"],"visuals":{"large":"https:\/\/images.epagine.fr\/352\/9782322274352_1_75.jpg","medium":"https:\/\/images.epagine.fr\/352\/9782322274352_1_m.jpg","thumbnail":"https:\/\/images.epagine.fr\/352\/9782322274352_1_v.jpg"},"orderable":true,"show_badge":true,"formatted_price":"17,00&nbsp;\u20ac","formatted_published_date":"18 juin 2021","publisher_availability_label":"Sur commande","short_details":"Michel Th\u00e9ron \u2014 Books on Demand","translator":null,"weight":297,"page_count":276,"readership":null,"editor":"Books on Demand","price":1700,"published_date":"2021-06-17T22:00:00.000000Z","support":"Grand format","publisher_availability":1,"stock":0,"editions":[],"url":"https:\/\/quaidesbrumes.com\/ouvrage\/9782322274352\/petite-philosophie-de-linsolite-chroniques"},{"id":"9782011457257","title":"De la philosophie Tome 1","description":null,"authors":["M Gourinat"],"category_codes":["9000000","9080000","9080200","9080204"],"visuals":{"large":"https:\/\/quaidesbrumes.com\/img\/book-placeholder.png","medium":"https:\/\/quaidesbrumes.com\/img\/book-placeholder.png","thumbnail":"https:\/\/quaidesbrumes.com\/img\/book-placeholder.png"},"orderable":true,"show_badge":true,"formatted_price":"17,35&nbsp;\u20ac","formatted_published_date":"16 juillet 2009","publisher_availability_label":"Sur commande","short_details":"M Gourinat \u2014 Hachette Education","translator":null,"weight":1115,"page_count":null,"readership":null,"editor":"Hachette Education","price":1735,"published_date":"2009-07-15T22:00:00.000000Z","support":"Grand format","publisher_availability":1,"stock":0,"editions":[],"url":"https:\/\/quaidesbrumes.com\/ouvrage\/9782011457257\/de-la-philosophie-tome-1"},{"id":"3760038820649","title":"La lumi\u00e8re \u00e9ternelle","description":"Sri Ramana Maharshi est, sans conteste, l'un des plus grands saints de l'Inde contemporaine. Bien qu'il ait quitt\u00e9 sa forme physique depuis pr\u00e8s de soixante ans, il est de ces \u00eatres qui ne meurent jamais vraiment. Son message et sa pr\u00e9sence continuent d'inspirer de plus en plus de gens aux quatre coins du monde. De nombreux ouvrages qui rapportent ses paroles contribuent \u00e0 son rayonnement, ainsi que son ashram, construit sur un haut lieu de l'Inde antique, la montagne Arunachala.\r\n\r\nProduit et r\u00e9alis\u00e9 par l'ashram de Ramana Maharshi, \u00ab La Lumi\u00e8re \u00c9ternelle \u00bb retrace la vie du grand sage, de sa naissance en 1879 \u00e0 son d\u00e9c\u00e8s survenu en avril 1950.\r\n\r\nCe documentaire pr\u00e9sente nombre de photographies ainsi que des films, tous restaur\u00e9s, qui comptent parmi les plus anciens documents d'archives relatifs aux d\u00e9buts de l'ashram. Ainsi, le spectateur peut se rendre compte de la destin\u00e9e extraordinaire de cet homme hors du commun qui menait pourtant une existence toute simple et ordinaire car, ayant compris la nature illusoire des choses, il vivait dans le d\u00e9tachement et dans la joie qui en d\u00e9coule.","authors":["Sri Ramana Maharshi"],"category_codes":["9000000","9080000"],"visuals":{"large":"https:\/\/images.epagine.fr\/649\/3760038820649_1_75.jpg","medium":"https:\/\/images.epagine.fr\/649\/3760038820649_1_m.jpg","thumbnail":"https:\/\/images.epagine.fr\/649\/3760038820649_1_v.jpg"},"orderable":true,"show_badge":true,"formatted_price":"0,00&nbsp;\u20ac","formatted_published_date":"15 juin 2003","publisher_availability_label":"Sur commande","short_details":"Sri Ramana Maharshi \u2014 Innerquest","translator":null,"weight":100,"page_count":null,"readership":null,"editor":"Innerquest","price":0,"published_date":"2003-06-14T22:00:00.000000Z","support":"DVD","publisher_availability":1,"stock":0,"editions":[],"url":"https:\/\/quaidesbrumes.com\/ouvrage\/3760038820649\/la-lumiere-eternelle"},{"id":"3760038820397","title":"Les films d'archives de 1935 \u00e0 1950","description":"\u00c0 l'aube de ce nouveau si\u00e8cle, en r\u00e9fl\u00e9chissant au sujet des Ma\u00eetres les plus influents, on s'aper\u00e7oit que Sri Ramana Maharshi demeure l'un des sages les plus important de ces cent derni\u00e8res ann\u00e9es. Presque cinquante ans apr\u00e8s avoir quitt\u00e9 son corps, il reste l'un des \u00eatres les plus appr\u00e9ci\u00e9s de la spiritualit\u00e9 contemporaine. De plus en plus de chercheurs de V\u00e9rit\u00e9 du monde entier se tournent vers lui et son enseignement.\r\n\r\nEntre 1935 et 1950, un certain nombre de visiteurs ont film\u00e9 Sri Ramana Maharshi, son Ashram et les alentours. Ces films offrent une opportunit\u00e9 remarquable d'observer un Sage enti\u00e8rement R\u00e9alis\u00e9 qui, au vingti\u00e8me si\u00e8cle, vivait comme les ancients Rishis [sages] d'antan.\r\n\r\nLa collection compl\u00e8te des films fut envoy\u00e9e aux \u00c9tats-Unis pour \u00eatre restaur\u00e9e, pr\u00e9serv\u00e9e et \u00e9dit\u00e9e. Deux de ces films sont des productions professionnelles de la t\u00e9l\u00e9vision Indienne comportant du son enregistr\u00e9 par le Bureau d'Information Indien et projet\u00e9, \u00e0 son \u00e9poque, au cin\u00e9ma en Inde.\r\n\r\nCe document visuel de soixante-cinq minutes montre un \u00eatre humain parfait, en raison d'une destin\u00e9e unique. La libert\u00e9 spirituelle, la paix \u00e9ternelle et la joie sont \u00e0 la disposition de ceux qui se lient au Sage d'Arunachala, Sri Ramana Maharshi.","authors":["Sri Ramana Maharshi"],"category_codes":["9000000","9080000"],"visuals":{"large":"https:\/\/images.epagine.fr\/397\/3760038820397_1_75.jpg","medium":"https:\/\/images.epagine.fr\/397\/3760038820397_1_m.jpg","thumbnail":"https:\/\/images.epagine.fr\/397\/3760038820397_1_v.jpg"},"orderable":true,"show_badge":true,"formatted_price":"0,00&nbsp;\u20ac","formatted_published_date":"15 juin 1996","publisher_availability_label":"Sur commande","short_details":"Sri Ramana Maharshi \u2014 Innerquest","translator":null,"weight":100,"page_count":null,"readership":null,"editor":"Innerquest","price":0,"published_date":"1996-06-14T22:00:00.000000Z","support":"DVD","publisher_availability":1,"stock":0,"editions":[],"url":"https:\/\/quaidesbrumes.com\/ouvrage\/3760038820397\/les-films-darchives-de-1935-a-1950"},{"id":"9782012482104","title":"Auguste spielmann ne a strasbourg le 15 fevrier 1834 decede a alger le 5 fevrier 1863. souvenir","description":"Auguste Spielmann n\u00e9 \u00e0 Strasbourg le 15 f\u00e9vrier 1834 d\u00e9c\u00e9d\u00e9 \u00e0 Alger le 5 f\u00e9vrier 1863. Souvenir Date de l'\u00e9dition originale : 1863 Sujet de l'ouvrage : Spielmann Ce livre est la reproduction fid\u00e8le d'une oeuvre publi\u00e9e avant 1920 et fait partie d'une collection de livres r\u00e9imprim\u00e9s \u00e0 la demande \u00e9dit\u00e9e par Hachette Livre, dans le cadre d'un partenariat avec la Biblioth\u00e8que nationale de France, offrant l'opportunit\u00e9 d'acc\u00e9der \u00e0 des ouvrages anciens et souvent rares issus des fonds patrimoniaux de la BnF.\r\nLes oeuvres faisant partie de cette collection ont \u00e9t\u00e9 num\u00e9ris\u00e9es par la BnF et sont pr\u00e9sentes sur Gallica, sa biblioth\u00e8que num\u00e9rique.\r\n\r\nEn entreprenant de redonner vie \u00e0 ces ouvrages au travers d'une collection de livres r\u00e9imprim\u00e9s \u00e0 la demande, nous leur donnons la possibilit\u00e9 de rencontrer un public \u00e9largi et participons \u00e0 la transmission de connaissances et de savoirs parfois difficilement accessibles.\r\nNous avons cherch\u00e9 \u00e0 concilier la reproduction fid\u00e8le d'un livre ancien \u00e0 partir de sa version num\u00e9ris\u00e9e avec le souci d'un confort de lecture optimal. Nous esp\u00e9rons que les ouvrages de cette nouvelle collection vous apporteront enti\u00e8re satisfaction.\r\n\r\nPour plus d'informations, rendez-vous sur www.hachettebnf.fr","authors":[],"category_codes":["9000000","9080000"],"visuals":{"large":"https:\/\/images.epagine.fr\/104\/9782012482104_1_75.jpg","medium":"https:\/\/images.epagine.fr\/104\/9782012482104_1_m.jpg","thumbnail":"https:\/\/images.epagine.fr\/104\/9782012482104_1_v.jpg"},"orderable":true,"show_badge":true,"formatted_price":"9,50&nbsp;\u20ac","formatted_published_date":"1er ao\u00fbt 2013","publisher_availability_label":"Sur commande","short_details":"Hachette BNF","translator":null,"weight":48,"page_count":null,"readership":null,"editor":"Hachette BNF","price":950,"published_date":"2013-07-31T22:00:00.000000Z","support":"Grand format","publisher_availability":1,"stock":0,"editions":[],"url":"https:\/\/quaidesbrumes.com\/ouvrage\/9782012482104\/auguste-spielmann-ne-a-strasbourg-le-15-fevrier-1834-decede-a-alger-le-5-fevrier-1863-souvenir"},{"id":"9782866457938","title":"Au seuil du monde","description":"Un cadre d'entreprise se perdant dans l'\u00e9conomie de l'information : son esprit occup\u00e9 par la profusion des images et des messages qui viennent se percuter en lui. Son quotidien rythm\u00e9 par des tableurs qui comptent son temps, mesurent heure par heure la rentabilit\u00e9 de sa vie. Et pos\u00e9 \u00e0 l'or\u00e9e d'une for\u00eat champenoise, un monast\u00e8re b\u00e9n\u00e9dictin ; sa R\u00e8gle, son silence, son recueillement. L'espace laiss\u00e9 libre pour une vie spirituelle qui p\u00e9n\u00e8tre de part en part la relation aux autres et le travail. \r\nLa valeur donn\u00e9e \u00e0 l'attention au pr\u00e9sent, \u00e0 la Gr\u00e2ce du temps re\u00e7u. Ce livre est le carnet de route d'allers-retours au seuil du monde, de ce cheminement vers un lieu o\u00f9 s'offrent \u00e0 chacun une autre fa\u00e7on d'\u00eatre, un autre cadre de vie.","authors":["Nathana\u00ebl Dupr\u00e9 la tour"],"category_codes":["9000000","9080000","9080200","9080204"],"visuals":{"large":"https:\/\/images.epagine.fr\/938\/9782866457938_1_75.jpg","medium":"https:\/\/images.epagine.fr\/938\/9782866457938_1_m.jpg","thumbnail":"https:\/\/images.epagine.fr\/938\/9782866457938_1_v.jpg"},"orderable":true,"show_badge":true,"formatted_price":"11,00&nbsp;\u20ac","formatted_published_date":"7 mars 2013","publisher_availability_label":"Sur commande","short_details":"Nathana\u00ebl Dupr\u00e9 la tour \u2014 F\u00e9lin","translator":null,"weight":136,"page_count":148,"readership":null,"editor":"F\u00e9lin","price":1100,"published_date":"2013-03-06T23:00:00.000000Z","support":"Grand format","publisher_availability":1,"stock":0,"editions":[],"url":"https:\/\/quaidesbrumes.com\/ouvrage\/9782866457938\/au-seuil-du-monde"},{"id":"9782343042589","title":"Sur les pas de Rousseau ; regards partag\u00e9s, regards distanci\u00e9s","description":"\u00c9voquer l'univers de Rousseau est une entreprise ambitieuse qui peut aider \u00e0 orienter la pens\u00e9e contemporaine vers la valeur des moyens et des fins \u00e0 entreprendre pour la formation de l'individu. Dans cet ouvrage les auteurs s'attachent \u00e0 pr\u00e9senter un \u00e9crivain \u00e0 hauteur d'homme et souhaitent faire partager leurs r\u00e9flexions sur son oeuvre remarquable.","authors":["Martine Marsat"],"category_codes":["9000000","9080000","9080200","9080204"],"visuals":{"large":"https:\/\/images.epagine.fr\/589\/9782343042589_1_75.jpg","medium":"https:\/\/images.epagine.fr\/589\/9782343042589_1_m.jpg","thumbnail":"https:\/\/images.epagine.fr\/589\/9782343042589_1_v.jpg"},"orderable":true,"show_badge":true,"formatted_price":"16,50&nbsp;\u20ac","formatted_published_date":"15 septembre 2014","publisher_availability_label":"Sur commande","short_details":"Martine Marsat \u2014 \u00c9ditions L'Harmattan","translator":null,"weight":185,"page_count":150,"readership":null,"editor":"\u00c9ditions L'Harmattan","price":1650,"published_date":"2014-09-14T22:00:00.000000Z","support":"Grand format","publisher_availability":1,"stock":0,"editions":[],"url":"https:\/\/quaidesbrumes.com\/ouvrage\/9782343042589\/sur-les-pas-de-rousseau-regards-partages-regards-distancies"},{"id":"9782343111360","title":"Cahiers de l'IREA Tome 8 : philosophie et droit","description":"Au sommaire de ce num\u00e9ro : \u00ab Historicit\u00e9 po\u00e9tique africaine dans la trame historique universelle \u00bb, \u00ab Philosophie de l'Histoire et N\u00e9gritude \u00bb, \u00ab Qu'est-ce que la vertu ? La r\u00e9ponse du M\u00e9non de Platon \u00bb, \u00ab 300 millions de dollars. Lutte anti-blanchiment et \u00c9tat de droit \u00bb et \u00ab L'\u00e9thique kantienne : crises et ruptures cons\u00e9cutives au mal radical \u00bb.","authors":["Cahiers De L'Irea"],"category_codes":["9000000","9080000","9080700"],"visuals":{"large":"https:\/\/images.epagine.fr\/360\/9782343111360_1_75.jpg","medium":"https:\/\/images.epagine.fr\/360\/9782343111360_1_m.jpg","thumbnail":"https:\/\/images.epagine.fr\/360\/9782343111360_1_v.jpg"},"orderable":true,"show_badge":true,"formatted_price":"24,50&nbsp;\u20ac","formatted_published_date":"22 d\u00e9cembre 2016","publisher_availability_label":"Sur commande","short_details":"Cahiers De L'Irea \u2014 \u00c9ditions L'Harmattan","translator":null,"weight":254,"page_count":220,"readership":null,"editor":"\u00c9ditions L'Harmattan","price":2450,"published_date":"2016-12-21T23:00:00.000000Z","support":"Grand format","publisher_availability":1,"stock":0,"editions":[],"url":"https:\/\/quaidesbrumes.com\/ouvrage\/9782343111360\/cahiers-de-lirea-tome-8-philosophie-et-droit"},{"id":"3760038820724","title":"Maya","description":"\u00ab \"Maya\" est tout ce qui est,  ainsi que tout ce qui n'est pas... \r\nL'illusion totale au sein de l'imagination. \u00bb D'apr\u00e8s H.W.L. Poonja, disciple direct de Ramana Maharshi, on peut voir \u00ab maya \u00bb pour ce qu'elle est vraiment, \u00e0 condition que la vigilance soit enti\u00e8re, absolue et totale. Gr\u00e2ce \u00e0 cette pr\u00e9sence consciente, \u00e0 cette attention port\u00e9e sur celui qui fait l'exp\u00e9rience, et sans l'aide d'aucune pratique, de m\u00e9thode, ni d'accomplissements pass\u00e9s ou \u00e0 venir, vous pourrez d\u00e9couvrir qui vous \u00eates vraiment, et ceci en une fraction de seconde. Le secret du bonheur v\u00e9ritable est r\u00e9v\u00e9l\u00e9 dans cette connaissance.\r\n\r\n\u00ab Pour traverser cet oc\u00e9an de souffrance, appel\u00e9 \u00ab\u00a0samsara \u00bb... il vous faut un radeau... le \u00ab\u00a0satsang\u00a0\u00bb (\" association avec la v\u00e9rit\u00e9 \") est ce radeau. Une fois sur ce radeau, vous n'avez besoin de rien faire et rien ne peut plus vous affecter. Le secret du \u00ab satsang \u00bb est r\u00e9v\u00e9l\u00e9 pendant cette fraction de seconde. Tous les d\u00e9sirs sont satisfaits, non pas abandonn\u00e9s - mais satisfaits. Vous ne d\u00e9sirez rien de plus. Vous avez tout. \u00bb Ce film est une compilation d'extraits d'entretiens publics. H.W.L. Poonja, qui est \u00e9galement connu sous le nom de Papaji, commence en expliquant le sens de ce concept essentiel de la qu\u00eate int\u00e9rieure qu'est \u00ab maya \u00bb. Viennent ensuite des extraits de questions et r\u00e9ponses. Le tout a \u00e9t\u00e9 film\u00e9 \u00e0 Lucknow en Inde, le 24 novembre 1992 et le 20 ao\u00fbt 1993. La qualit\u00e9 de la vid\u00e9o a l\u00e9g\u00e8rement souffert du passage du temps, mais ce dernier est sans effet sur son pr\u00e9cieux message.","authors":["Hari w. lal Poonja"],"category_codes":["9000000","9080000"],"visuals":{"large":"https:\/\/images.epagine.fr\/724\/3760038820724_1_75.jpg","medium":"https:\/\/images.epagine.fr\/724\/3760038820724_1_m.jpg","thumbnail":"https:\/\/images.epagine.fr\/724\/3760038820724_1_v.jpg"},"orderable":true,"show_badge":true,"formatted_price":"0,00&nbsp;\u20ac","formatted_published_date":"15 juin 1992","publisher_availability_label":"Sur commande","short_details":"Hari w. lal Poonja \u2014 Innerquest","translator":null,"weight":100,"page_count":null,"readership":null,"editor":"Innerquest","price":0,"published_date":"1992-06-14T22:00:00.000000Z","support":"DVD","publisher_availability":1,"stock":0,"editions":[],"url":"https:\/\/quaidesbrumes.com\/ouvrage\/3760038820724\/maya"},{"id":"9782336002811","title":"Parler cr\u00e9er ; pens\u00e9e critique et cr\u00e9ation artistique","description":"Le pouvoir cr\u00e9ateur ne prend corps qu'en faisant cohabiter deux attitudes antinomiques et pourtant n\u00e9cessaires \u00e0 son bon fonctionnement : celle qui nous pousse \u00e0 l\u00e2cher prise et celle \u00e0 tout vouloir contr\u00f4ler. Comment ces deux attitudes peuvent-elles coexister sans se d\u00e9truire ? En d\u00e9finitive, quel est le r\u00f4le de la pens\u00e9e critique dans la dynamique cr\u00e9ative ?","authors":["Daniel Danietis"],"category_codes":["9000000","9080000","9080200","9080204"],"visuals":{"large":"https:\/\/images.epagine.fr\/811\/9782336002811_1_75.jpg","medium":"https:\/\/images.epagine.fr\/811\/9782336002811_1_m.jpg","thumbnail":"https:\/\/images.epagine.fr\/811\/9782336002811_1_v.jpg"},"orderable":true,"show_badge":true,"formatted_price":"32,50&nbsp;\u20ac","formatted_published_date":"12 septembre 2012","publisher_availability_label":"Sur commande","short_details":"Daniel Danietis \u2014 \u00c9ditions L'Harmattan","translator":null,"weight":360,"page_count":296,"readership":null,"editor":"\u00c9ditions L'Harmattan","price":3250,"published_date":"2012-09-11T22:00:00.000000Z","support":"Grand format","publisher_availability":1,"stock":0,"editions":[],"url":"https:\/\/quaidesbrumes.com\/ouvrage\/9782336002811\/parler-creer-pensee-critique-et-creation-artistique"}]}