{"data":[{"id":"9782705683603","title":"Cours de m\u00e9taphysique moderne","description":"Un Cours de m\u00e9taphysique moderne : ni un trait\u00e9 (qui expose syst\u00e9matiquement les objets et les th\u00e8ses), ni pr\u00e9cis\u00e9ment une histoire (qui parcourt les \u00e9pisodes de la discipline), mais des \u00e9tudes qui mettent en \u00e9vidence certains des enjeux premiers et des moments remarquables de la m\u00e9taphysique \u00e0 partir de Descartes. La question est : comment des philosophes s'affrontent-ils au \u00ab projet m\u00e9taphysique \u00bb, comment le r\u00e9alisent-ils, le red\u00e9finissent-ils, ou le d\u00e9truisent-ils ?\r\n\r\nAfin de r\u00e9pondre, ces cours s'ouvrent sur une initiation, suivie d'\u00e9tudes plus complexes : ils pr\u00e9sentent d'abord les propositions \u00e9l\u00e9mentaires du questionnement m\u00e9taphysique, puis examinent comment ce questionnement a \u00e9t\u00e9 d\u00e9ploy\u00e9, contest\u00e9, r\u00e9activ\u00e9 ou supprim\u00e9 par de \u00ab grands \u00bb philosophes. Ainsi, ils analysent comment des philosophies \u00e9laborent leur principe en se mettant en crise (Descartes, Kant, Nietzsche), ils proposent des confrontations qui permettent de mettre en valeur la singularit\u00e9 des syst\u00e8mes de pens\u00e9e (Spinoza\/Nietzsche, Kant\/Hegel), ils explorent la configuration moderne qui met en relation des ontologies (Sartre, Foucault) et les sciences humaines (le \u00ab structuralisme \u00bb).\r\n\r\nDu projet de fondation cart\u00e9sien \u00e0 l'analyse moderne des \u00ab significations \u00bb, ce livre montre ainsi la m\u00e9taphysique au travail, dans ses constitutions, ses devenirs et ses destructions.","authors":["Daniel Liotta"],"category_codes":["9000000","9080000","9080200","9080204"],"visuals":{"large":"https:\/\/images.epagine.fr\/603\/9782705683603_1_75.jpg","medium":"https:\/\/images.epagine.fr\/603\/9782705683603_1_m.jpg","thumbnail":"https:\/\/images.epagine.fr\/603\/9782705683603_1_v.jpg"},"orderable":true,"show_badge":true,"formatted_price":"39,00&nbsp;\u20ac","formatted_published_date":"19 septembre 2012","publisher_availability_label":"Sur commande","short_details":"Daniel Liotta \u2014 Hermann","translator":null,"weight":630,"page_count":430,"readership":null,"editor":"Hermann","price":3900,"published_date":"2012-09-18T22:00:00.000000Z","support":"Grand format","publisher_availability":1,"stock":0,"editions":[],"url":"https:\/\/quaidesbrumes.com\/ouvrage\/9782705683603\/cours-de-metaphysique-moderne"},{"id":"9782705683214","title":"Premiers pas en LaTeX","description":"Pr\u00e9sentation de LaTeX, logiciel con\u00e7u essentiellement pour composer des textes scientifiques et techniques, mais que de nombreux \u00e9tudiants et doctorants en litt\u00e9rature utilisent \u00e9galement.","authors":["Lavall\u00e9e Ivan"],"category_codes":["9000000","9080000"],"visuals":{"large":"https:\/\/images.epagine.fr\/214\/9782705683214_1_75.jpg","medium":"https:\/\/images.epagine.fr\/214\/9782705683214_1_m.jpg","thumbnail":"https:\/\/images.epagine.fr\/214\/9782705683214_1_v.jpg"},"orderable":true,"show_badge":true,"formatted_price":"25,00&nbsp;\u20ac","formatted_published_date":"23 mai 2012","publisher_availability_label":"Sur commande","short_details":"Lavall\u00e9e Ivan \u2014 Hermann","translator":null,"weight":292,"page_count":179,"readership":null,"editor":"Hermann","price":2500,"published_date":"2012-05-22T22:00:00.000000Z","support":"Grand format","publisher_availability":1,"stock":0,"editions":[],"url":"https:\/\/quaidesbrumes.com\/ouvrage\/9782705683214\/premiers-pas-en-latex"},{"id":"9782013531474","title":"Qu'est-ce que l'existence physique, morale et politique ?","description":"Qu'est-ce que la libert\u00e9 de la presse, selon l'article VIII de la Charte constitutionnelle ? Ou Qu'est-ce que l'existence physique, morale et politique ? Question dont la solution positive conduit naturellement \u00e0 l'examen des dispositions de la Charte constitutionnelle, sur la libert\u00e9 et la propri\u00e9t\u00e9 individuelles. Par Soulety. Deuxi\u00e8me \u00e9dition Date de l'\u00e9dition originale : 1814 Sujet de l'ouvrage : France (1814-1815) Ce livre est la reproduction fid\u00e8le d'une oeuvre publi\u00e9e avant 1920 et fait partie d'une collection de livres r\u00e9imprim\u00e9s \u00e0 la demande \u00e9dit\u00e9e par Hachette Livre, dans le cadre d'un partenariat avec la Biblioth\u00e8que nationale de France, offrant l'opportunit\u00e9 d'acc\u00e9der \u00e0 des ouvrages anciens et souvent rares issus des fonds patrimoniaux de la BnF.\r\nLes oeuvres faisant partie de cette collection ont \u00e9t\u00e9 num\u00e9ris\u00e9es par la BnF et sont pr\u00e9sentes sur Gallica, sa biblioth\u00e8que num\u00e9rique.\r\n\r\nEn entreprenant de redonner vie \u00e0 ces ouvrages au travers d'une collection de livres r\u00e9imprim\u00e9s \u00e0 la demande, nous leur donnons la possibilit\u00e9 de rencontrer un public \u00e9largi et participons \u00e0 la transmission de connaissances et de savoirs parfois difficilement accessibles.\r\nNous avons cherch\u00e9 \u00e0 concilier la reproduction fid\u00e8le d'un livre ancien \u00e0 partir de sa version num\u00e9ris\u00e9e avec le souci d'un confort de lecture optimal. Nous esp\u00e9rons que les ouvrages de cette nouvelle collection vous apporteront enti\u00e8re satisfaction.\r\n\r\nPour plus d'informations, rendez-vous sur www.hachettebnf.fr","authors":["Soulety"],"category_codes":["9000000","9080000"],"visuals":{"large":"https:\/\/images.epagine.fr\/474\/9782013531474_1_75.jpg","medium":"https:\/\/images.epagine.fr\/474\/9782013531474_1_m.jpg","thumbnail":"https:\/\/images.epagine.fr\/474\/9782013531474_1_v.jpg"},"orderable":true,"show_badge":true,"formatted_price":"17,50&nbsp;\u20ac","formatted_published_date":"1er octobre 2014","publisher_availability_label":"Sur commande","short_details":"Soulety \u2014 Hachette BNF","translator":null,"weight":230,"page_count":null,"readership":null,"editor":"Hachette BNF","price":1750,"published_date":"2014-09-30T22:00:00.000000Z","support":"Grand format","publisher_availability":1,"stock":0,"editions":[],"url":"https:\/\/quaidesbrumes.com\/ouvrage\/9782013531474\/quest-ce-que-lexistence-physique-morale-et-politique"},{"id":"9782373612301","title":"Expliquer le comportement ; les raisons dans un monde de causes","description":null,"authors":["Fred Dretske"],"category_codes":["9000000","9080000"],"visuals":{"large":"https:\/\/quaidesbrumes.com\/img\/book-placeholder.png","medium":"https:\/\/quaidesbrumes.com\/img\/book-placeholder.png","thumbnail":"https:\/\/quaidesbrumes.com\/img\/book-placeholder.png"},"orderable":true,"show_badge":true,"formatted_price":"25,00&nbsp;\u20ac","formatted_published_date":"10 septembre 2020","publisher_availability_label":"Sur commande","short_details":"Fred Dretske \u2014 EDITIONS MATERIOLOGIQUES","translator":null,"weight":400,"page_count":null,"readership":null,"editor":"EDITIONS MATERIOLOGIQUES","price":2500,"published_date":"2020-09-09T22:00:00.000000Z","support":"Grand format","publisher_availability":1,"stock":0,"editions":[],"url":"https:\/\/quaidesbrumes.com\/ouvrage\/9782373612301\/expliquer-le-comportement-les-raisons-dans-un-monde-de-causes"},{"id":"9782705673383","title":"L'invention de la rock star : Les Rolling Stones dans l'imaginaire social","description":"Les Rolling Stones ont, peut-\u00eatre plus que tout autre groupe, contribu\u00e9 \u00e0 l'invention de ce personnage d\u00e9sormais mythique qu'est la rock star. Des moues androgynes de Mick Jagger aux provocations de Keith Richards, du fragile dandysme de Brian Jones \u00e0 la morgue (si ce n'est l'apathie) de Charlie Watts ou Bill Wyman, les poses et les attitudes des membres de la formation constituent, dans leur interaction et leur compl\u00e9mentarit\u00e9, ce qui sera bient\u00f4t l'ethos oblig\u00e9 de tout musicien rebelle.\r\nPareille mise en sc\u00e8ne de l'insatisfaction d\u00e9tonne toutefois, \u00e0 l'aube des ann\u00e9es 1960, dans la mesure o\u00f9 elle ne s'accompagne pas d'une forte conscience politique, reposant bien davantage sur un savant recyclage de culture romantique, musicale et d\u00e9linquante. La figure flamboyante et irr\u00e9elle qui en r\u00e9sulte, sorte de Byron de ruelle, r\u00e9pond pourtant \u00e0 un besoin latent de l'imaginaire occidental, ouvre \u00e0 de nouvelles formes de contestation et de dissidence. Le personnage de la rock star informe d\u00e8s lors la production des Stones tout autant qu'il l'accompagne et fait m\u00eame   c'est la perspective qu'adopte cet ouvrage   partie int\u00e9grante de leur oeuvre.","authors":["Boucher F-E."],"category_codes":["9000000","9080000"],"visuals":{"large":"https:\/\/images.epagine.fr\/383\/9782705673383_1_75.jpg","medium":"https:\/\/images.epagine.fr\/383\/9782705673383_1_m.jpg","thumbnail":"https:\/\/images.epagine.fr\/383\/9782705673383_1_v.jpg"},"orderable":true,"show_badge":true,"formatted_price":"30,00&nbsp;\u20ac","formatted_published_date":"10 octobre 2014","publisher_availability_label":"Sur commande","short_details":"Boucher F-E. \u2014 Hermann","translator":null,"weight":350,"page_count":302,"readership":null,"editor":"Hermann","price":3000,"published_date":"2014-10-09T22:00:00.000000Z","support":"Grand format","publisher_availability":1,"stock":0,"editions":[],"url":"https:\/\/quaidesbrumes.com\/ouvrage\/9782705673383\/linvention-de-la-rock-star-les-rolling-stones-dans-limaginaire-social"},{"id":"9782296041974","title":"Auguste Comte et la philosophie positive","description":"Cet ouvrage, qui pr\u00e9sente la position comtienne sur la psychologie, non sans quelque infid\u00e9lit\u00e9 d'ailleurs, contribua \u00e0 sortir Comte de l'isolement dogmatique dans lequel le maintenait le silence des philosophes spiritualistes de l'\u00e9poque, en ralliant \u00e0 sa doctrine de nombreux scientifiques et m\u00e9decins attir\u00e9s par les questions philosophiques.","authors":["Emile Littr\u00e9"],"category_codes":["9000000","9080000","9080200","9080204"],"visuals":{"large":"https:\/\/images.epagine.fr\/974\/9782296041974_1_75.jpg","medium":"https:\/\/images.epagine.fr\/974\/9782296041974_1_m.jpg","thumbnail":"https:\/\/images.epagine.fr\/974\/9782296041974_1_v.jpg"},"orderable":true,"show_badge":true,"formatted_price":"58,50&nbsp;\u20ac","formatted_published_date":"26 d\u00e9cembre 2007","publisher_availability_label":"Sur commande","short_details":"Emile Littr\u00e9 \u2014 \u00c9ditions L'Harmattan","translator":null,"weight":746,"page_count":687,"readership":null,"editor":"\u00c9ditions L'Harmattan","price":5850,"published_date":"2007-12-25T23:00:00.000000Z","support":"Grand format","publisher_availability":1,"stock":0,"editions":["9782019134686"],"url":"https:\/\/quaidesbrumes.com\/ouvrage\/9782296041974\/auguste-comte-et-la-philosophie-positive"},{"id":"9782296570122","title":"Penser l'analogie","description":"En th\u00e9ologie comme en m\u00e9taphysique, penser, c'est penser l'analogie. D\u00e8s lors, en effet, que ces deux sciences se proposent de parler de ce qui exc\u00e8de l'exp\u00e9rience ordinaire, elles ne peuvent que recourir \u00e0 l'analogie que les r\u00e9alit\u00e9s d'ici- bas pr\u00e9sentent avec les r\u00e9alit\u00e9s divines et transcendantes. D'o\u00f9 la n\u00e9cessit\u00e9, pour le philosophe, de tenter de saisir en elle- m\u00eame, et d'analyser, cette notion sur laquelle reposent toutes nos entreprises individuelles.\r\nS'est ainsi constitu\u00e9e une science de l'analogie dont ce livre s'efforce de raconter l'histoire selon une marche r\u00e9gressive. Partant de son usage en th\u00e9ologie m\u00e9di\u00e9vale o\u00f9 s'en est \u00e9labor\u00e9e la doctrine la plus rigoureuse, Jean Borella remonte \u00e0 la racine platonicienne de l'analogie, \"le plus beau des liens\", dit Platon. Cela nous vaut, entre autres, une m\u00e9ditation assez surprenante sur le symbolisme de la Caverne.\r\nAu passage, on aura recueilli quelques enseignements fondamentaux sur 1'\u00ab ontologie \u00bb du Buisson ardent et la possibilit\u00e9 de l'Etre.","authors":["Jean Borella"],"category_codes":["9000000","9080000","9080200","9080204"],"visuals":{"large":"https:\/\/images.epagine.fr\/122\/9782296570122_1_75.jpg","medium":"https:\/\/images.epagine.fr\/122\/9782296570122_1_m.jpg","thumbnail":"https:\/\/images.epagine.fr\/122\/9782296570122_1_v.jpg"},"orderable":true,"show_badge":true,"formatted_price":"25,00&nbsp;\u20ac","formatted_published_date":"4 mai 2012","publisher_availability_label":"Sur commande","short_details":"Jean Borella \u2014 \u00c9ditions L'Harmattan","translator":null,"weight":285,"page_count":224,"readership":null,"editor":"\u00c9ditions L'Harmattan","price":2500,"published_date":"2012-05-03T22:00:00.000000Z","support":"Grand format","publisher_availability":1,"stock":0,"editions":[],"url":"https:\/\/quaidesbrumes.com\/ouvrage\/9782296570122\/penser-lanalogie"},{"id":"9782296127258","title":"Herm\u00e8s trahi ; impostures philosophiques et n\u00e9o-spiritualisme ; d'apr\u00e8s l'oeuvre de Ren\u00e9 Guenon","description":"La question du Sens et des cl\u00e9s de son interpr\u00e9tation revient au premier plan des interrogations philosophiques actuelles. En t\u00e9moignent des approches aussi diff\u00e9rentes que la psychanalyse jungienne, l'\u00e9pist\u00e9mologie d'un G. Bachelard, l'herm\u00e9neutique de Paul Ricoeur ou la mythanalyse de G. Durand. Toutes revendiquent d'ailleurs, chacune \u00e0 sa mani\u00e8re, l'imaginaire et le symbole comme acc\u00e8s traditionnels au sacr\u00e9 qui donne sens. Toutefois, instruments privil\u00e9gi\u00e9s de la \"Raison Herm\u00e9tique\", imaginaire et symbole peuvent-ils conserver leur fonction m\u00e9diatrice entre ciel et terre, tout en se transposant dans les cat\u00e9gories impos\u00e9es par la philosophie contemporaine ? C'est le probl\u00e8me fondamental que traite Patrick Geay dans le pr\u00e9sent ouvrage.","authors":["Patrick Geay"],"category_codes":["9000000","9080000","9080200"],"visuals":{"large":"https:\/\/images.epagine.fr\/258\/9782296127258_1_75.jpg","medium":"https:\/\/images.epagine.fr\/258\/9782296127258_1_m.jpg","thumbnail":"https:\/\/images.epagine.fr\/258\/9782296127258_1_v.jpg"},"orderable":true,"show_badge":true,"formatted_price":"26,50&nbsp;\u20ac","formatted_published_date":"15 d\u00e9cembre 2010","publisher_availability_label":"Sur commande","short_details":"Patrick Geay \u2014 \u00c9ditions L'Harmattan","translator":null,"weight":412,"page_count":250,"readership":null,"editor":"\u00c9ditions L'Harmattan","price":2650,"published_date":"2010-12-14T23:00:00.000000Z","support":"Grand format","publisher_availability":1,"stock":0,"editions":[],"url":"https:\/\/quaidesbrumes.com\/ouvrage\/9782296127258\/hermes-trahi-impostures-philosophiques-et-neo-spiritualisme-dapres-loeuvre-de-rene-guenon"},{"id":"9782840664796","title":"Langage de l'enfant, langage du peuple - qu'est-ce que la  vie du langage  ?","description":null,"authors":["Statius Sophie"],"category_codes":["9000000","9080000"],"visuals":{"large":"https:\/\/quaidesbrumes.com\/img\/book-placeholder.png","medium":"https:\/\/quaidesbrumes.com\/img\/book-placeholder.png","thumbnail":"https:\/\/quaidesbrumes.com\/img\/book-placeholder.png"},"orderable":true,"show_badge":true,"formatted_price":"20,00&nbsp;\u20ac","formatted_published_date":"26 avril 2012","publisher_availability_label":"Sur commande","short_details":"Statius Sophie \u2014 Les presses du r\u00e9el","translator":null,"weight":500,"page_count":null,"readership":null,"editor":"Les presses du r\u00e9el","price":2000,"published_date":"2012-04-25T22:00:00.000000Z","support":"Grand format","publisher_availability":1,"stock":0,"editions":[],"url":"https:\/\/quaidesbrumes.com\/ouvrage\/9782840664796\/langage-de-lenfant-langage-du-peuple-quest-ce-que-la-vie-du-langage"},{"id":"9782296963788","title":"L'h\u00e9g\u00e9lianisme et son destin fran\u00e7ais","description":"Au travers de parcours \u00e0 la fois m\u00e9thodologiques et historiques, cet ouvrage cherche \u00e0 t\u00e9moigner du destin de la pens\u00e9e h\u00e9g\u00e9lienne en France, de la fin du XIXe si\u00e8cle jusqu'\u00e0 l'apr\u00e8s-guerre. Ce livre tente de former une \u00ab ph\u00e9nom\u00e9nologie de la r\u00e9ception \u00bb en d\u00e9crivant l'itin\u00e9raire d'une oeuvre, le parcours d'une pens\u00e9e, les modes de circulations des id\u00e9es h\u00e9g\u00e9liennes et de leur perception, souvent contradictoires.S","authors":["Eric Puisais"],"category_codes":["9000000","9080000","9080200","9080204"],"visuals":{"large":"https:\/\/images.epagine.fr\/788\/9782296963788_1_75.jpg","medium":"https:\/\/images.epagine.fr\/788\/9782296963788_1_m.jpg","thumbnail":"https:\/\/images.epagine.fr\/788\/9782296963788_1_v.jpg"},"orderable":true,"show_badge":true,"formatted_price":"15,50&nbsp;\u20ac","formatted_published_date":"2 novembre 2012","publisher_availability_label":"Sur commande","short_details":"Eric Puisais \u2014 \u00c9ditions L'Harmattan","translator":null,"weight":185,"page_count":136,"readership":null,"editor":"\u00c9ditions L'Harmattan","price":1550,"published_date":"2012-11-01T23:00:00.000000Z","support":"Grand format","publisher_availability":1,"stock":0,"editions":[],"url":"https:\/\/quaidesbrumes.com\/ouvrage\/9782296963788\/lhegelianisme-et-son-destin-francais"},{"id":"9782747562829","title":"Penser l'inaccompli","description":"Ce livre s'efforce de renouveler la philosophie de l'histoire et l'acte de philosopher dans et gr\u00e2ce \u00e0 l'histoire, par une approche moins grecque des concepts et plus h\u00e9bra\u00efque. Etre pleinement vivant et aimant, c'est renoncer \u00e0 se penser comme accompli, c'est concevoir autrement la conscience, refuser de poss\u00e9der totalement quoi que ce soit, que ce soient des biens, des personnes ou des id\u00e9es. L'histoire ne se terminera pas par un proc\u00e8s, promet le livre de Job. Mais c'est tous les jours que l'homme doit habiter ce qu'il construit et se laisser juger.","authors":["Coirault-Neuburger S"],"category_codes":["1000000","1060000"],"visuals":{"large":"https:\/\/images.epagine.fr\/829\/9782747562829_1_75.jpg","medium":"https:\/\/images.epagine.fr\/829\/9782747562829_1_m.jpg","thumbnail":"https:\/\/images.epagine.fr\/829\/9782747562829_1_v.jpg"},"orderable":true,"show_badge":true,"formatted_price":"15,50&nbsp;\u20ac","formatted_published_date":"2 juin 2004","publisher_availability_label":"Sur commande","short_details":"Coirault-Neuburger S \u2014 \u00c9ditions L'Harmattan","translator":null,"weight":180,"page_count":160,"readership":null,"editor":"\u00c9ditions L'Harmattan","price":1550,"published_date":"2004-06-01T22:00:00.000000Z","support":"Grand format","publisher_availability":1,"stock":0,"editions":[],"url":"https:\/\/quaidesbrumes.com\/ouvrage\/9782747562829\/penser-linaccompli"},{"id":"9782296129153","title":"Introduction \u00e0 la philosophie de Hegel","description":"Augusto Vera (1813-1887) a \u00e9t\u00e9 l'un des plus importants philosophes italiens du XIXe si\u00e8cle. Apr\u00e8s une longue p\u00e9riode d'enseignement en France, il sera nomm\u00e9 professeur \u00e0 l'Universit\u00e9 de Naples. C\u00e9l\u00e8bre traducteur de Hegel (1770-1831) en fran\u00e7ais, il a \u00e9t\u00e9 le repr\u00e9sentant le plus distingu\u00e9 d'un h\u00e9g\u00e9lianisme \"orthodoxe\". Son Introduction \u00e0 la philosophie de Hegel - publi\u00e9e en fran\u00e7ais en 1855 - a \u00e9t\u00e9 l'ouvrage crucial pour la compr\u00e9hension et la diffusion de l'h\u00e9g\u00e9lianisme en France, en Italie et dans tous les pays de langue latine.","authors":["Augusto Vera"],"category_codes":["9000000","9080000","9080200"],"visuals":{"large":"https:\/\/images.epagine.fr\/153\/9782296129153_1_75.jpg","medium":"https:\/\/images.epagine.fr\/153\/9782296129153_1_m.jpg","thumbnail":"https:\/\/images.epagine.fr\/153\/9782296129153_1_v.jpg"},"orderable":true,"show_badge":true,"formatted_price":"31,50&nbsp;\u20ac","formatted_published_date":"17 d\u00e9cembre 2010","publisher_availability_label":"Sur commande","short_details":"Augusto Vera \u2014 \u00c9ditions L'Harmattan","translator":null,"weight":488,"page_count":261,"readership":null,"editor":"\u00c9ditions L'Harmattan","price":3150,"published_date":"2010-12-16T23:00:00.000000Z","support":"Grand format","publisher_availability":1,"stock":0,"editions":[],"url":"https:\/\/quaidesbrumes.com\/ouvrage\/9782296129153\/introduction-a-la-philosophie-de-hegel"},{"id":"9782013531603","title":"Amphitheatre des sciences mortes. l'occulte catholique : mystique volume 5","description":"Amphith\u00e9\u00e2tre des sciences mortes. L'occulte catholique : mystique \/ Sar M\u00e9rodack J. Peladan Date de l'\u00e9dition originale : 1892-1911 Comprend : Comment on devient artiste Ce livre est la reproduction fid\u00e8le d'une oeuvre publi\u00e9e avant 1920 et fait partie d'une collection de livres r\u00e9imprim\u00e9s \u00e0 la demande \u00e9dit\u00e9e par Hachette Livre, dans le cadre d'un partenariat avec la Biblioth\u00e8que nationale de France, offrant l'opportunit\u00e9 d'acc\u00e9der \u00e0 des ouvrages anciens et souvent rares issus des fonds patrimoniaux de la BnF.\r\nLes oeuvres faisant partie de cette collection ont \u00e9t\u00e9 num\u00e9ris\u00e9es par la BnF et sont pr\u00e9sentes sur Gallica, sa biblioth\u00e8que num\u00e9rique.\r\n\r\nEn entreprenant de redonner vie \u00e0 ces ouvrages au travers d'une collection de livres r\u00e9imprim\u00e9s \u00e0 la demande, nous leur donnons la possibilit\u00e9 de rencontrer un public \u00e9largi et participons \u00e0 la transmission de connaissances et de savoirs parfois difficilement accessibles.\r\nNous avons cherch\u00e9 \u00e0 concilier la reproduction fid\u00e8le d'un livre ancien \u00e0 partir de sa version num\u00e9ris\u00e9e avec le souci d'un confort de lecture optimal. Nous esp\u00e9rons que les ouvrages de cette nouvelle collection vous apporteront enti\u00e8re satisfaction.\r\n\r\nPour plus d'informations, rendez-vous sur www.hachettebnf.fr","authors":["Jos\u00e9phin P\u00e9ladan"],"category_codes":["9000000","9080000","9080600"],"visuals":{"large":"https:\/\/images.epagine.fr\/603\/9782013531603_1_75.jpg","medium":"https:\/\/images.epagine.fr\/603\/9782013531603_1_m.jpg","thumbnail":"https:\/\/images.epagine.fr\/603\/9782013531603_1_v.jpg"},"orderable":true,"show_badge":true,"formatted_price":"24,50&nbsp;\u20ac","formatted_published_date":"1er octobre 2014","publisher_availability_label":"Sur commande","short_details":"Jos\u00e9phin P\u00e9ladan \u2014 Hachette BNF","translator":null,"weight":484,"page_count":null,"readership":null,"editor":"Hachette BNF","price":2450,"published_date":"2014-09-30T22:00:00.000000Z","support":"Grand format","publisher_availability":1,"stock":0,"editions":[],"url":"https:\/\/quaidesbrumes.com\/ouvrage\/9782013531603\/amphitheatre-des-sciences-mortes-locculte-catholique-mystique-volume-5"},{"id":"9782013531610","title":"Amphitheatre des sciences mortes. le livre du sceptre : politique volume 4","description":"Amphith\u00e9\u00e2tre des sciences mortes. Le livre du sceptre : politique \/ Sar M\u00e9rodack J. Peladan Date de l'\u00e9dition originale : 1892-1911 Comprend : Comment on devient artiste Ce livre est la reproduction fid\u00e8le d'une oeuvre publi\u00e9e avant 1920 et fait partie d'une collection de livres r\u00e9imprim\u00e9s \u00e0 la demande \u00e9dit\u00e9e par Hachette Livre, dans le cadre d'un partenariat avec la Biblioth\u00e8que nationale de France, offrant l'opportunit\u00e9 d'acc\u00e9der \u00e0 des ouvrages anciens et souvent rares issus des fonds patrimoniaux de la BnF.\r\nLes oeuvres faisant partie de cette collection ont \u00e9t\u00e9 num\u00e9ris\u00e9es par la BnF et sont pr\u00e9sentes sur Gallica, sa biblioth\u00e8que num\u00e9rique.\r\n\r\nEn entreprenant de redonner vie \u00e0 ces ouvrages au travers d'une collection de livres r\u00e9imprim\u00e9s \u00e0 la demande, nous leur donnons la possibilit\u00e9 de rencontrer un public \u00e9largi et participons \u00e0 la transmission de connaissances et de savoirs parfois difficilement accessibles.\r\nNous avons cherch\u00e9 \u00e0 concilier la reproduction fid\u00e8le d'un livre ancien \u00e0 partir de sa version num\u00e9ris\u00e9e avec le souci d'un confort de lecture optimal. Nous esp\u00e9rons que les ouvrages de cette nouvelle collection vous apporteront enti\u00e8re satisfaction.\r\n\r\nPour plus d'informations, rendez-vous sur www.hachettebnf.fr","authors":["Jos\u00e9phin P\u00e9ladan"],"category_codes":["9000000","9080000","9080600"],"visuals":{"large":"https:\/\/images.epagine.fr\/610\/9782013531610_1_75.jpg","medium":"https:\/\/images.epagine.fr\/610\/9782013531610_1_m.jpg","thumbnail":"https:\/\/images.epagine.fr\/610\/9782013531610_1_v.jpg"},"orderable":true,"show_badge":true,"formatted_price":"26,00&nbsp;\u20ac","formatted_published_date":"1er octobre 2014","publisher_availability_label":"Sur commande","short_details":"Jos\u00e9phin P\u00e9ladan \u2014 Hachette BNF","translator":null,"weight":549,"page_count":null,"readership":null,"editor":"Hachette BNF","price":2600,"published_date":"2014-09-30T22:00:00.000000Z","support":"Grand format","publisher_availability":1,"stock":0,"editions":[],"url":"https:\/\/quaidesbrumes.com\/ouvrage\/9782013531610\/amphitheatre-des-sciences-mortes-le-livre-du-sceptre-politique-volume-4"},{"id":"9782296545960","title":"Lisbeth Salander, une ic\u00f4ne de l'en-bas","description":"Lisbeth Salander, l'h\u00e9ro\u00efne de la saga Millenium, est une ic\u00f4ne christique, mais non chr\u00e9tienne. C'est ce que Jean-Louis Bischoff entend montrer dans la pr\u00e9sente \u00e9tude, qui fait surgir les sp\u00e9cificit\u00e9s de la \"spiritualit\u00e9 sauvage\" de Salander. D'o\u00f9 deux questions : Comment \u00e9tablir le statut philosophique de la notion d'ic\u00f4ne ? Qu'est-ce qui distingue la sph\u00e8re christique de la sph\u00e8re chr\u00e9tienne ? Pour r\u00e9pondre \u00e0 ces interrogations, l'auteur mobilise les lumi\u00e8res de philosophes comme Marion, Levinas, Ricoeur, Greisch ou Bellet.","authors":["Jean-Louis Bischoff"],"category_codes":["9000000","9080000","9080200","9080204"],"visuals":{"large":"https:\/\/images.epagine.fr\/960\/9782296545960_1_75.jpg","medium":"https:\/\/images.epagine.fr\/960\/9782296545960_1_m.jpg","thumbnail":"https:\/\/images.epagine.fr\/960\/9782296545960_1_v.jpg"},"orderable":true,"show_badge":true,"formatted_price":"16,50&nbsp;\u20ac","formatted_published_date":"15 mars 2011","publisher_availability_label":"Sur commande","short_details":"Jean-Louis Bischoff \u2014 \u00c9ditions L'Harmattan","translator":null,"weight":205,"page_count":null,"readership":null,"editor":"\u00c9ditions L'Harmattan","price":1650,"published_date":"2011-03-14T23:00:00.000000Z","support":"Grand format","publisher_availability":1,"stock":0,"editions":[],"url":"https:\/\/quaidesbrumes.com\/ouvrage\/9782296545960\/lisbeth-salander-une-icone-de-len-bas"},{"id":"9782322081714","title":"Du n\u00e9ant \u00e0 la physique ;","description":"En essayant d'aller au fond de sa pens\u00e9e, l'auteur y a trouv\u00e9 le n\u00e9ant, qui n'est pas le rien.\r\n Il a tent\u00e9 de pr\u00e9senter son cheminement dans ce petit livre sur la physique, au carrefour de la science, de la philosophie, de la th\u00e9ologie et de la mythologie: entreprise p\u00e9rilleuse, car ce qui para\u00eet le plus clair est aussi le plus obscur.\r\n N'y entreront que ceux qui accepteront de se d\u00e9partir de leurs pr\u00e9jug\u00e9s les plus profond\u00e9ment enracin\u00e9s, qu'ils soient d'ordre scientifique, philosophique ou religieux (ce sont d'ailleurs les m\u00eames). Comprenne qui voudra!","authors":["Richard Wojnarowski"],"category_codes":["10000000","10030000","10030200","10030203"],"visuals":{"large":"https:\/\/images.epagine.fr\/714\/9782322081714_1_75.jpg","medium":"https:\/\/images.epagine.fr\/714\/9782322081714_1_m.jpg","thumbnail":"https:\/\/images.epagine.fr\/714\/9782322081714_1_v.jpg"},"orderable":true,"show_badge":true,"formatted_price":"8,99&nbsp;\u20ac","formatted_published_date":"16 septembre 2017","publisher_availability_label":"Sur commande","short_details":"Richard Wojnarowski \u2014 Books on Demand","translator":null,"weight":238,"page_count":220,"readership":null,"editor":"Books on Demand","price":899,"published_date":"2017-09-15T22:00:00.000000Z","support":"Poche","publisher_availability":1,"stock":0,"editions":[],"url":"https:\/\/quaidesbrumes.com\/ouvrage\/9782322081714\/du-neant-a-la-physique"},{"id":"9782849320839","title":"L'invention technique et son influence sur l'esprit humain","description":"L\u00b4\u00eatre humain peut-il prendre possession de toute sa dimension \u00e0 travers ses inventions, lorsqu\u00b4il sait conserver une posture de ma\u00eetrise des produits de la technique ? S\u00b4il s\u00b4y abandonne compl\u00e8tement, alors il s\u00b4en rend lui-m\u00eame esclave. Participer \u00e0 l\u00b4av\u00e8nement de la nature humaine, c\u00b4est cheminer vers sa v\u00e9rit\u00e9, et ne pas sombrer par exc\u00e8s de faiblesse dans une inertie mortif\u00e8re.\r\n\r\nLe th\u00e8me de l\u00b4invention technique est d\u00b4une insoup\u00e7onnable complexit\u00e9. R\u00e9mi Charlier y apporte son \u00e9clairage percutant et novateur.","authors":["R\u00e9mi Charlier"],"category_codes":["9000000","9080000","9080200","9080204"],"visuals":{"large":"https:\/\/images.epagine.fr\/839\/9782849320839_1_75.jpg","medium":"https:\/\/images.epagine.fr\/839\/9782849320839_1_m.jpg","thumbnail":"https:\/\/images.epagine.fr\/839\/9782849320839_1_v.jpg"},"orderable":true,"show_badge":true,"formatted_price":"15,00&nbsp;\u20ac","formatted_published_date":"1er ao\u00fbt 2014","publisher_availability_label":"Sur commande","short_details":"R\u00e9mi Charlier \u2014 Solilang","translator":null,"weight":200,"page_count":null,"readership":null,"editor":"Solilang","price":1500,"published_date":"2014-07-31T22:00:00.000000Z","support":"Grand format","publisher_availability":1,"stock":0,"editions":[],"url":"https:\/\/quaidesbrumes.com\/ouvrage\/9782849320839\/linvention-technique-et-son-influence-sur-lesprit-humain"},{"id":"9782705682330","title":"Le sens du futur ; une science du temps au XIXe si\u00e8cle","description":"Comment les scientifiques et les philosophes ont-ils tent\u00e9 de d\u00e9crire, entre le d\u00e9but du XIXe si\u00e8cle et le milieu du XXe, la structure de la conscience temporelle humaine ? Comment la dimension du futur dans la conscience a-t-elle pris une importance d\u00e9cisive ? \u00c0 travers l'analyse des oeuvres fondatrices (Herbart, Fechner, Helmholtz, Mach, Wundt, William James, Franz Brentano, Edmund Husserl, Edgar Douglas Adrian), de la psychologie, de la psychophysiologie, de la ph\u00e9nom\u00e9nologie ou des neurosciences, l'auteur reconstitue la mise en \u00e9vidence des faits, les discussions philosophiques et \u00e9pist\u00e9mologiques, les hypoth\u00e8ses sp\u00e9culatives parfois tr\u00e8s hardies et anticipatrices, qui ont marqu\u00e9 la probl\u00e9matique du temps et qui continuent de l'animer. L'\u00e9mergence du futur comme dimension accessible \u00e0 la description philosophique et \u00e0 l'analyse neuroscientifique en relation n\u00e9cessaire avec le pr\u00e9sent et le pass\u00e9 pose des probl\u00e8mes nouveaux abord\u00e9s en conclusion de l'ouvrage.","authors":["Claude Debru"],"category_codes":["9000000","9080000","9080200","9080204"],"visuals":{"large":"https:\/\/images.epagine.fr\/330\/9782705682330_1_75.jpg","medium":"https:\/\/images.epagine.fr\/330\/9782705682330_1_m.jpg","thumbnail":"https:\/\/images.epagine.fr\/330\/9782705682330_1_v.jpg"},"orderable":true,"show_badge":true,"formatted_price":"34,00&nbsp;\u20ac","formatted_published_date":"23 f\u00e9vrier 2012","publisher_availability_label":"Sur commande","short_details":"Claude Debru \u2014 Hermann","translator":null,"weight":345,"page_count":270,"readership":null,"editor":"Hermann","price":3400,"published_date":"2012-02-22T23:00:00.000000Z","support":"Grand format","publisher_availability":1,"stock":0,"editions":[],"url":"https:\/\/quaidesbrumes.com\/ouvrage\/9782705682330\/le-sens-du-futur-une-science-du-temps-au-xixe-siecle"},{"id":"9782296543300","title":"Une esth\u00e9tique de la rencontre","description":"Le terme \"rencontre\" renvoie \u00e0 une diversit\u00e9 de situations qui n'ont pas toutes les m\u00eames implications. Elle est d\u00e9finie \u00e0 la fois comme un coup de d\u00e9s, un combat, un duel, une circonstance fortuite, la mise en contact de deux personnes par hasard ou de mani\u00e8re concert\u00e9e, le fait d'aller au-devant. On parle aussi de mauvaise rencontre et de malencontre. Puisque le m\u00eame mot d\u00e9signe des cas de figure aussi diff\u00e9rents les uns des autres, il convient de lui donner un relief particulier en l'associant \u00e0 un autre terme.","authors":["Dominique Berthet"],"category_codes":["9000000","9080000","9080200","9080204"],"visuals":{"large":"https:\/\/images.epagine.fr\/300\/9782296543300_1_75.jpg","medium":"https:\/\/images.epagine.fr\/300\/9782296543300_1_m.jpg","thumbnail":"https:\/\/images.epagine.fr\/300\/9782296543300_1_v.jpg"},"orderable":true,"show_badge":true,"formatted_price":"22,50&nbsp;\u20ac","formatted_published_date":"28 janvier 2011","publisher_availability_label":"Sur commande","short_details":"Dominique Berthet \u2014 \u00c9ditions L'Harmattan","translator":null,"weight":280,"page_count":226,"readership":null,"editor":"\u00c9ditions L'Harmattan","price":2250,"published_date":"2011-01-27T23:00:00.000000Z","support":"Grand format","publisher_availability":1,"stock":0,"editions":[],"url":"https:\/\/quaidesbrumes.com\/ouvrage\/9782296543300\/une-esthetique-de-la-rencontre"},{"id":"9782081300156","title":"La philosophie ne fait pas le bonheur","description":"Le bonheur est devenu la grande illusion de la philosophie. Aujourd'hui, de nombreux philosophes - et non des moindres - c\u00e9l\u00e8brent sans fin plaisir, vie bonne ou joie d'une vie philosophique. Ils promettent, \u00e0 tous ceux qui veulent les croire, que la philosophie va changer leur existence, pacifier leur vie, leur garantir la s\u00e9r\u00e9nit\u00e9. En un mot : les rendre heureux.\r\nCe vieux r\u00eave, n\u00e9 dans l'Antiquit\u00e9, avait pourtant \u00e9t\u00e9 radicalement abandonn\u00e9. Il revient en force. Or ce mirage est n\u00e9faste, car la philosophie n'est ni un ouvre-bonheur, ni une machine \u00e0 rendre heureux, mais une \u00e9cole de lucidit\u00e9, de critique et d'ironie. Au risque de se perdre, si elle l'oublie.\r\nEn confondant la libert\u00e9 du sage antique et le bonheur format\u00e9, la philo-bonheur contribue en r\u00e9alit\u00e9 au maintien de l'ordre et de la servitude. Critiquer une \u00e0 une ses pr\u00e9tendues \u00e9vidences, d\u00e9monter ses subterfuges sont des t\u00e2ches urgentes. C'est ce que propose Roger-Pol Droit dans cet essai incisif, pol\u00e9mique, p\u00e9dagogue et solidement argument\u00e9.","authors":["Roger-Pol Droit"],"category_codes":["9000000","9080000","9080200","9080204"],"visuals":{"large":"https:\/\/images.epagine.fr\/156\/9782081300156_1_75.jpg","medium":"https:\/\/images.epagine.fr\/156\/9782081300156_1_m.jpg","thumbnail":"https:\/\/images.epagine.fr\/156\/9782081300156_1_v.jpg"},"orderable":true,"show_badge":true,"formatted_price":"19,00&nbsp;\u20ac","formatted_published_date":"18 f\u00e9vrier 2015","publisher_availability_label":"Sur commande","short_details":"Roger-Pol Droit \u2014 Flammarion","translator":null,"weight":214,"page_count":216,"readership":null,"editor":"Flammarion","price":1900,"published_date":"2015-02-17T23:00:00.000000Z","support":"Grand format","publisher_availability":1,"stock":0,"editions":[],"url":"https:\/\/quaidesbrumes.com\/ouvrage\/9782081300156\/la-philosophie-ne-fait-pas-le-bonheur"},{"id":"9782705684044","title":"Penser les passions \u00e0 l'\u00e2ge classique","description":"Tant\u00f4t manifestation pathologique de la subjectivit\u00e9, tant\u00f4t dimension constitutive d'une subjectivit\u00e9 irr\u00e9ductiblement sensible, les passions accompagnent et hantent la r\u00e9flexion sur la conscience, le savoir, le politique, la morale et l'esth\u00e9tique de l'\u00e2ge classique. De Descartes jusqu'\u00e0 Hume et aux mat\u00e9rialistes fran\u00e7ais, des romanciers du XVIIe si\u00e8cle jusqu'\u00e0 Pr\u00e9vost et Rousseau, la philosophie et la litt\u00e9rature s'emparent en effet de la notion de passion. De fa\u00e7on analogue, la m\u00e9decine, la peinture, la sculpture, la rh\u00e9torique et les manuels de civilit\u00e9 se saisissent du double probl\u00e8me de la manifestation corporelle de la passion et de son expression formelle.\r\nLes \u00e9tudes r\u00e9unies dans cet ouvrage cherchent \u00e0 souligner la diversit\u00e9 de ces regards th\u00e9oriques sur l'affectivit\u00e9. L'enjeu essentiel d'une telle enqu\u00eate est de d\u00e9limiter la coh\u00e9rence d'une notion   celle de passion   qui, bien qu'elle s'inscrive dans une p\u00e9riode temporelle sp\u00e9cifique, porte la trace d'une forte transformation des perceptions et des sensibilit\u00e9s. En se demandant de quelle fa\u00e7on on pense les passions \u00e0 l'\u00e2ge classique, les \u00e9tudes regroup\u00e9es ici dessinent un espace de r\u00e9flexion qui sugg\u00e8re qu'en d\u00e9pit de la diff\u00e9rence des discours, de la richesse s\u00e9mantique des concepts, des \u00e9volutions et des points de rupture qu'on peut y d\u00e9noter, la r\u00e9flexion th\u00e9orique sur les passions \u00e0 l'\u00e2ge classique suit, dans ses diff\u00e9rents champs de manifestation, une trajectoire commune qu'il est possible de reconstruire. Trajectoire en un sens tragique puisque, apr\u00e8s avoir connu son apog\u00e9e historique au XVIIe si\u00e8cle, la notion de passion dispara\u00eet au profit de celle d'\u00e9motion","authors":["Lucie Desjardins","Daniel Dumouchel"],"category_codes":["9000000","9080000","9080200","9080204"],"visuals":{"large":"https:\/\/images.epagine.fr\/044\/9782705684044_1_75.jpg","medium":"https:\/\/images.epagine.fr\/044\/9782705684044_1_m.jpg","thumbnail":"https:\/\/images.epagine.fr\/044\/9782705684044_1_v.jpg"},"orderable":true,"show_badge":true,"formatted_price":"25,00&nbsp;\u20ac","formatted_published_date":"29 ao\u00fbt 2012","publisher_availability_label":"Sur commande","short_details":"Lucie Desjardins, Daniel Dumouchel \u2014 Hermann","translator":null,"weight":295,"page_count":288,"readership":null,"editor":"Hermann","price":2500,"published_date":"2012-08-28T22:00:00.000000Z","support":"Grand format","publisher_availability":1,"stock":0,"editions":[],"url":"https:\/\/quaidesbrumes.com\/ouvrage\/9782705684044\/penser-les-passions-a-lage-classique"},{"id":"9782296555259","title":"L'\u00e9cole dans l'art","description":"L'\u00e9cole r\u00e9sonne dans l'art. Des artistes inventent des fictions sur l'\u00e9cole et posent des questions fondamentales concernant l'apprentissage, l'exclusion et la libert\u00e9. Pourquoi et comment l'artiste met-il en jeu cet univers \u00e9colier ? Quelles relations l'art entretient-il avec l'enseignement ? Nous verrons, \u00e0 travers l'analyse d'oeuvres, comment l'artiste, en partant de repr\u00e9sentations \u00e9coli\u00e8res, d\u00e9place les repr\u00e9sentations artistiques et d\u00e9construit son syst\u00e8me de valeurs.","authors":["Herv\u00e9 Bacquet","B\u00e9atrice Martin","Sandrine Morsillo","Diane Watteau"],"category_codes":["9000000","9080000","9080200","9080204"],"visuals":{"large":"https:\/\/images.epagine.fr\/259\/9782296555259_1_75.jpg","medium":"https:\/\/images.epagine.fr\/259\/9782296555259_1_m.jpg","thumbnail":"https:\/\/images.epagine.fr\/259\/9782296555259_1_v.jpg"},"orderable":true,"show_badge":true,"formatted_price":"19,50&nbsp;\u20ac","formatted_published_date":"23 septembre 2011","publisher_availability_label":"Sur commande","short_details":"Herv\u00e9 Bacquet, B\u00e9atrice Martin, Sandrine Morsillo, Diane Watteau \u2014 \u00c9ditions L'Harmattan","translator":null,"weight":235,"page_count":null,"readership":null,"editor":"\u00c9ditions L'Harmattan","price":1950,"published_date":"2011-09-22T22:00:00.000000Z","support":"Grand format","publisher_availability":1,"stock":0,"editions":[],"url":"https:\/\/quaidesbrumes.com\/ouvrage\/9782296555259\/lecole-dans-lart"},{"id":"9782296133242","title":"Trait\u00e9 de la r\u00e9alit\u00e9","description":"Avec la publication de ce Trait\u00e9 de la r\u00e9alit\u00e9, les \u00e9ditions L'Harmattan compl\u00e8tent une entreprise qui m\u00e9rite la reconnaissance des milieux philosophiques : la publication de la plus grande partie de l'oeuvre accessible du philosophe espagnol. Jusqu'ici Xavier Zubiri \u00e9tait un inconnu venu de nulle part. Aujourd'hui, il retrouve sa place \u00e0 c\u00f4t\u00e9 de Husserl et de Heidegger et maintenant dans la pens\u00e9e fran\u00e7aise.","authors":["Xavier Zubiri","Philibert Secretan"],"category_codes":["9000000","9080000","9080200","9080204"],"visuals":{"large":"https:\/\/images.epagine.fr\/242\/9782296133242_1_75.jpg","medium":"https:\/\/images.epagine.fr\/242\/9782296133242_1_m.jpg","thumbnail":"https:\/\/images.epagine.fr\/242\/9782296133242_1_v.jpg"},"orderable":true,"show_badge":true,"formatted_price":"26,50&nbsp;\u20ac","formatted_published_date":"22 octobre 2010","publisher_availability_label":"Sur commande","short_details":"Xavier Zubiri, Philibert Secretan \u2014 \u00c9ditions L'Harmattan","translator":"PHILIBERT SECRETAN","weight":334,"page_count":264,"readership":null,"editor":"\u00c9ditions L'Harmattan","price":2650,"published_date":"2010-10-21T22:00:00.000000Z","support":"Grand format","publisher_availability":1,"stock":0,"editions":[],"url":"https:\/\/quaidesbrumes.com\/ouvrage\/9782296133242\/traite-de-la-realite"},{"id":"9782296564305","title":"Le cercle des concepts disparus ; philosophie et science(s) de l'\u00e9ducation","description":"Cet ouvrage propose un filtrage r\u00e9current (au sens de Michel Serres) de l'histoire des concepts philosophiques convoqu\u00e9s par l'\u00e9ducation. Il propose, au d\u00e9part, deux topiques de la philosophie : la philosophie comme projet de soci\u00e9t\u00e9 d\u00e9mocratique (antique puis moderne) visant des finalit\u00e9s politiques et la philosophie comme projet de d\u00e9finition d'un sujet digne, \u00e0 la poursuite de finalit\u00e9s morales et\/ou \u00e9thiques. Ces topiques r\u00e9v\u00e8lent toujours des fictions th\u00e9oriques d'un Universel Abstrait qui nous instruisent peu sur le processus \u00e9ducatif.","authors":["Christiane Peyron-bonjan"],"category_codes":["9000000","9080000","9080200"],"visuals":{"large":"https:\/\/images.epagine.fr\/305\/9782296564305_1_75.jpg","medium":"https:\/\/images.epagine.fr\/305\/9782296564305_1_m.jpg","thumbnail":"https:\/\/images.epagine.fr\/305\/9782296564305_1_v.jpg"},"orderable":true,"show_badge":true,"formatted_price":"27,00&nbsp;\u20ac","formatted_published_date":"27 octobre 2011","publisher_availability_label":"Sur commande","short_details":"Christiane Peyron-bonjan \u2014 \u00c9ditions L'Harmattan","translator":null,"weight":405,"page_count":255,"readership":null,"editor":"\u00c9ditions L'Harmattan","price":2700,"published_date":"2011-10-26T22:00:00.000000Z","support":"Grand format","publisher_availability":1,"stock":0,"editions":[],"url":"https:\/\/quaidesbrumes.com\/ouvrage\/9782296564305\/le-cercle-des-concepts-disparus-philosophie-et-sciences-de-leducation"}]}