{"data":[{"id":"9782343081526","title":"Oedipe ath\u00e9e ; les hommes abandonn\u00e9s des dieux","description":"\"Chez Sophocle, la trag\u00e9die d'oedipe tient au fait que les dieux l'ont abandonn\u00e9. Telle fut aussi la plainte de J\u00e9sus mourant sur la croix. Apr\u00e8s H\u00f6lderlin et les romantiques allemands, et jusqu \u00e0 Nietzsche et Heidegger, ce d\u00e9laissement allait \u00eatre per\u00e7u comme le tragique par excellence. D autres allaient b\u00e2tir une th\u00e9ologie de la mort de Dieu. Si ce sentiment m\u00e8ne \u00e0 la catastrophe que Wagner a mise en sc\u00e8ne et que le XXe si\u00e8cle a r\u00e9alis\u00e9e, est-il vraiment notre destin ? Sommes-nous condamn\u00e9s \u00e0 ressentir l'absence de Dieu comme un manque ?\"\r","authors":["Marc Lebiez"],"category_codes":["9000000","9080000","9080400","9080401"],"visuals":{"large":"https:\/\/images.epagine.fr\/526\/9782343081526_1_75.jpg","medium":"https:\/\/images.epagine.fr\/526\/9782343081526_1_m.jpg","thumbnail":"https:\/\/images.epagine.fr\/526\/9782343081526_1_v.jpg"},"orderable":true,"show_badge":true,"formatted_price":"24,50&nbsp;\u20ac","formatted_published_date":"15 janvier 2016","publisher_availability_label":"Sur commande","short_details":"Marc Lebiez \u2014 \u00c9ditions L'Harmattan","translator":null,"weight":288,"page_count":224,"readership":null,"editor":"\u00c9ditions L'Harmattan","price":2450,"published_date":"2016-01-14T23:00:00.000000Z","support":"Grand format","publisher_availability":1,"stock":0,"editions":[],"url":"https:\/\/quaidesbrumes.com\/ouvrage\/9782343081526\/oedipe-athee-les-hommes-abandonnes-des-dieux"},{"id":"9782357480964","title":"Actualit\u00e9 d'Henri Bergson","description":"La pens\u00e9e de Bergson inaugure une nouvelle mani\u00e8re de penser l'homme et le monde. Un colloque \u00e0 Budapest a r\u00e9uni des sp\u00e9cialistes du philosophe. Leurs contributions traitent des perspectives ontologiques ouvertes par son oeuvre, de ses enseignements concernant la morale et la religion, des implications de sa r\u00e9flexion pour la philosophie de l'art, notamment de la litt\u00e9rature. Elles manifestent l'actualit\u00e9 de Bergson et la port\u00e9e de son oeuvre pour la pens\u00e9e philosophique d'aujourd'hui.","authors":["Tamas Ullmann","Jean-Louis Vieillard-Baron"],"category_codes":["9000000","9080000"],"visuals":{"large":"https:\/\/images.epagine.fr\/964\/9782357480964_1_75.jpg","medium":"https:\/\/images.epagine.fr\/964\/9782357480964_1_m.jpg","thumbnail":"https:\/\/images.epagine.fr\/964\/9782357480964_1_v.jpg"},"orderable":true,"show_badge":true,"formatted_price":"21,00&nbsp;\u20ac","formatted_published_date":"24 d\u00e9cembre 2012","publisher_availability_label":"Sur commande","short_details":"Tamas Ullmann, Jean-Louis Vieillard-Baron \u2014 Kareline","translator":null,"weight":250,"page_count":170,"readership":null,"editor":"Kareline","price":2100,"published_date":"2012-12-23T23:00:00.000000Z","support":"Grand format","publisher_availability":1,"stock":0,"editions":[],"url":"https:\/\/quaidesbrumes.com\/ouvrage\/9782357480964\/actualite-dhenri-bergson"},{"id":"9782915714043","title":"Le M\u00e9non ; quatre cours ; cinquante et une explications de texte","description":"Ce sixi\u00e8me volume des cours de Fran\u00e7ois F\u00e9dier a pour particularit\u00e9 de rassembler quatre cours - de facture, de rythme et de tonalit\u00e9 assez diff\u00e9rents - tous enti\u00e8rement consacr\u00e9s \u00e0 l'\u00e9tude minutieuse du m\u00eame Dialogue de Platon : le M\u00e9non. Ces le\u00e7ons d'interpr\u00e9tation offrent la possibilit\u00e9 d'entrer pas \u00e0 pas de plain-pied dans la pens\u00e9e de Platon \u00e0 partir de la question pos\u00e9e par Socrate de l'essence de l'excellence. Chaque cours prend la forme d'explications de texte suivies du Dialogue.","authors":["Fran\u00e7ois F\u00e9dier"],"category_codes":["9000000","9080000","9080200","9080204"],"visuals":{"large":"https:\/\/images.epagine.fr\/043\/9782915714043_1_75.jpg","medium":"https:\/\/images.epagine.fr\/043\/9782915714043_1_m.jpg","thumbnail":"https:\/\/images.epagine.fr\/043\/9782915714043_1_v.jpg"},"orderable":true,"show_badge":true,"formatted_price":"32,50&nbsp;\u20ac","formatted_published_date":"28 janvier 2011","publisher_availability_label":"Sur commande","short_details":"Fran\u00e7ois F\u00e9dier \u2014 SPM LETTRAGE","translator":null,"weight":645,"page_count":474,"readership":null,"editor":"SPM LETTRAGE","price":3250,"published_date":"2011-01-27T23:00:00.000000Z","support":"Grand format","publisher_availability":1,"stock":0,"editions":["9782915714036"],"url":"https:\/\/quaidesbrumes.com\/ouvrage\/9782915714043\/le-menon-quatre-cours-cinquante-et-une-explications-de-texte"},{"id":"9782013528894","title":"Analyse de l'histoire philosophique - et+ politique des :etablissemens: +etablissements+ et du comme","description":"Analyse de l'Histoire philosophique :&: +et+ politique des :etablissemens: +\u00e9tablissements+ et du commerce des Europ\u00e9ens dans les deux Indes Date de l'\u00e9dition originale : 1775 Ce livre est la reproduction fid\u00e8le d'une oeuvre publi\u00e9e avant 1920 et fait partie d'une collection de livres r\u00e9imprim\u00e9s \u00e0 la demande \u00e9dit\u00e9e par Hachette Livre, dans le cadre d'un partenariat avec la Biblioth\u00e8que nationale de France, offrant l'opportunit\u00e9 d'acc\u00e9der \u00e0 des ouvrages anciens et souvent rares issus des fonds patrimoniaux de la BnF.\r\nLes oeuvres faisant partie de cette collection ont \u00e9t\u00e9 num\u00e9ris\u00e9es par la BnF et sont pr\u00e9sentes sur Gallica, sa biblioth\u00e8que num\u00e9rique.\r\n\r\nEn entreprenant de redonner vie \u00e0 ces ouvrages au travers d'une collection de livres r\u00e9imprim\u00e9s \u00e0 la demande, nous leur donnons la possibilit\u00e9 de rencontrer un public \u00e9largi et participons \u00e0 la transmission de connaissances et de savoirs parfois difficilement accessibles.\r\nNous avons cherch\u00e9 \u00e0 concilier la reproduction fid\u00e8le d'un livre ancien \u00e0 partir de sa version num\u00e9ris\u00e9e avec le souci d'un confort de lecture optimal. Nous esp\u00e9rons que les ouvrages de cette nouvelle collection vous apporteront enti\u00e8re satisfaction.\r\n\r\nPour plus d'informations, rendez-vous sur www.hachettebnf.fr\r","authors":["Bernard Fran\u00e7ois"],"category_codes":["9000000","9080000"],"visuals":{"large":"https:\/\/images.epagine.fr\/894\/9782013528894_1_75.jpg","medium":"https:\/\/images.epagine.fr\/894\/9782013528894_1_m.jpg","thumbnail":"https:\/\/images.epagine.fr\/894\/9782013528894_1_v.jpg"},"orderable":true,"show_badge":true,"formatted_price":"21,50&nbsp;\u20ac","formatted_published_date":"1er octobre 2014","publisher_availability_label":"Sur commande","short_details":"Bernard Fran\u00e7ois \u2014 Hachette BNF","translator":null,"weight":395,"page_count":null,"readership":null,"editor":"Hachette BNF","price":2150,"published_date":"2014-09-30T22:00:00.000000Z","support":"Grand format","publisher_availability":1,"stock":0,"editions":[],"url":"https:\/\/quaidesbrumes.com\/ouvrage\/9782013528894\/analyse-de-lhistoire-philosophique-et-politique-des-etablissemens-etablissements-et-du-comme"},{"id":"9782011743343","title":"La nouvelle lanterne, appreciations sur l'espece humaine. 2e edition","description":"La Nouvelle lanterne, appr\u00e9ciations sur l'esp\u00e8ce humaine, par Williams Franklin. 2e \u00e9dition...\r\nDate de l'\u00e9dition originale : 1863 Ce livre est la reproduction fid\u00e8le d une uvre publi\u00e9e avant 1920 et fait partie d une collection de livres r\u00e9imprim\u00e9s \u00e0 la demande \u00e9dit\u00e9e par Hachette Livre, dans le cadre d un partenariat avec la Biblioth\u00e8que nationale de France, offrant l opportunit\u00e9 d acc\u00e9der \u00e0 des ouvrages anciens et souvent rares issus des fonds patrimoniaux de la BnF.\r\nLes uvres faisant partie de cette collection ont \u00e9t\u00e9 num\u00e9ris\u00e9es par la BnF et sont pr\u00e9sentes sur Gallica, sa biblioth\u00e8que num\u00e9rique.\r\n\r\nEn entreprenant de redonner vie \u00e0 ces ouvrages au travers d une collection de livres r\u00e9imprim\u00e9s \u00e0 la demande, nous leur donnons la possibilit\u00e9 de rencontrer un public \u00e9largi et participons \u00e0 la transmission de connaissances et de savoirs parfois difficilement accessibles.\r\nNous avons cherch\u00e9 \u00e0 concilier la reproduction fid\u00e8le d un livre ancien \u00e0 partir de sa version num\u00e9ris\u00e9e avec le souci d un confort de lecture optimal. Nous esp\u00e9rons que les ouvrages de cette nouvelle collection vous apporteront enti\u00e8re satisfaction.\r\n\r\nPour plus d informations, rendez-vous sur www.hachettebnf.fr\r","authors":["Franklin Williams"],"category_codes":["9000000","9080000"],"visuals":{"large":"https:\/\/images.epagine.fr\/343\/9782011743343_1_75.jpg","medium":"https:\/\/images.epagine.fr\/343\/9782011743343_1_m.jpg","thumbnail":"https:\/\/images.epagine.fr\/343\/9782011743343_1_v.jpg"},"orderable":true,"show_badge":true,"formatted_price":"9,50&nbsp;\u20ac","formatted_published_date":"1er juillet 2013","publisher_availability_label":"Sur commande","short_details":"Franklin Williams \u2014 Hachette BNF","translator":null,"weight":45,"page_count":null,"readership":null,"editor":"Hachette BNF","price":950,"published_date":"2013-06-30T22:00:00.000000Z","support":"Grand format","publisher_availability":1,"stock":0,"editions":[],"url":"https:\/\/quaidesbrumes.com\/ouvrage\/9782011743343\/la-nouvelle-lanterne-appreciations-sur-lespece-humaine-2e-edition"},{"id":"9782220064093","title":"Introduction a la \"metaphysique chinoise\" - le ciel est en haut, la terre est en bas...","description":"Qui pourrait pr\u00e9tendre encore aujourd'hui qu'il n'existe pas de  philosophie hors de l'Occident La philosophie chinoise prend  son envol aux alentours des VIe-IVe si\u00e8cles avant J\u00e9sus- Christ, au moment o\u00f9 l'humanit\u00e9 se trouve engag\u00e9e dans la  p\u00e9riode anale au cours de laquelle les anciennes conceptions  du monde seront profond\u00e9ment boulevers\u00e9es.\r\nAlors que la  tradition philosophique occidentale a \u00e9labor\u00e9 sa m\u00e9taphysique  sur les bases d'une onto-th\u00e9ologie renvoyant autant \u00e0 la  r\u00e9v\u00e9lation biblique qu'\u00e0 l'ontologie positive parm\u00e9nidienne, la  Chine a analys\u00e9 le r\u00e9el en termes d'interactions, de relations  r\u00e9ciproques et de transformations continues o\u00f9 les concepts  sont d\u00e9finis sous un angle cosmologique.\r","authors":["Demariaux J-C."],"category_codes":["9000000","9080000"],"visuals":{"large":"https:\/\/images.epagine.fr\/093\/9782220064093_1_75.jpg","medium":"https:\/\/images.epagine.fr\/093\/9782220064093_1_m.jpg","thumbnail":"https:\/\/images.epagine.fr\/093\/9782220064093_1_v.jpg"},"orderable":true,"show_badge":true,"formatted_price":"11,20&nbsp;\u20ac","formatted_published_date":"8 mars 2012","publisher_availability_label":"Sur commande","short_details":"Demariaux J-C. \u2014 Descl\u00e9e de Brouwer","translator":null,"weight":123,"page_count":161,"readership":null,"editor":"Descl\u00e9e de Brouwer","price":1120,"published_date":"2012-03-07T23:00:00.000000Z","support":"Grand format","publisher_availability":1,"stock":0,"editions":[],"url":"https:\/\/quaidesbrumes.com\/ouvrage\/9782220064093\/introduction-a-la-metaphysique-chinoise-le-ciel-est-en-haut-la-terre-est-en-bas"},{"id":"9782296960497","title":"Descartes, la nature et l'infini","description":"Descartes n'a pas seulement la passion de la raison, il en a au moins deux autres : celle de la nature et celle de l'infini. Encore faut-il s'entendre sur ce qu'il comprenait par nature et infini. Cet ouvrage compl\u00e8te Descartes physicien, montrant combien la nature ext\u00e9rieure a occup\u00e9 toute sa vie.\r","authors":["Roger Texier"],"category_codes":["9000000","9080000","9080200","9080204"],"visuals":{"large":"https:\/\/images.epagine.fr\/497\/9782296960497_1_75.jpg","medium":"https:\/\/images.epagine.fr\/497\/9782296960497_1_m.jpg","thumbnail":"https:\/\/images.epagine.fr\/497\/9782296960497_1_v.jpg"},"orderable":true,"show_badge":true,"formatted_price":"30,00&nbsp;\u20ac","formatted_published_date":"7 f\u00e9vrier 2012","publisher_availability_label":"Sur commande","short_details":"Roger Texier \u2014 \u00c9ditions L'Harmattan","translator":null,"weight":340,"page_count":279,"readership":null,"editor":"\u00c9ditions L'Harmattan","price":3000,"published_date":"2012-02-06T23:00:00.000000Z","support":"Grand format","publisher_availability":1,"stock":0,"editions":[],"url":"https:\/\/quaidesbrumes.com\/ouvrage\/9782296960497\/descartes-la-nature-et-linfini"},{"id":"9782213662855","title":"Philosophie de l'\u00e9cran ; dans le monde de la caverne","description":"Notre monde est peupl\u00e9 d'\u00e9crans : ceux du cin\u00e9ma, de la t\u00e9l\u00e9vision, des ordinateurs et d\u00e9sormais des t\u00e9l\u00e9phones et tablettes qui nous permettent d'acc\u00e9der aux r\u00e9seaux. Vivons-nous d\u00e8s lors dans le monde de la caverne d\u00e9crit par Platon, prenant des ombres pour le monde r\u00e9el ? \r\nDe fait, cette soci\u00e9t\u00e9 d'\u00e9crans recombine l'espace et le temps, red\u00e9finit les fronti\u00e8res du marchand et du non-marchand, mais aussi celles du public et du priv\u00e9 : elle d\u00e9multiplie les capacit\u00e9s de surveillance des \u00c9tats et des entreprises, introduit de la temporalit\u00e9 dans ce qui nous apparaissait jusqu'alors comme des instants plut\u00f4t que comme des processus - la naissance et la mort ; elle d\u00e9mocratise l'acc\u00e8s \u00e0 la c\u00e9l\u00e9brit\u00e9. La r\u00e9alit\u00e9 ne se donne pas seulement \u00e0 lire sur nos \u00e9crans, elle s'y construit \u00e9galement, transformant le monde : ce monde n'est plus l'univers infini, naturel, de la science classique, mais un syst\u00e8me r\u00e9fl\u00e9chi dans lequel les diff\u00e9rentes sph\u00e8res de la r\u00e9alit\u00e9 interagissent continuellement. Les m\u00e9dias se font l'\u00e9cho des situations extr\u00eames, la science a pris le pli de s'organiser en fonction des cas moyens, et nous nous trouvons d\u00e9munis pour nous orienter dans la vie quotidienne. Le stade qu'atteint la fabrication du r\u00e9el rend obsol\u00e8tes les mani\u00e8res de penser que nous avons h\u00e9rit\u00e9es des Lumi\u00e8res. \r\nC'est un nouveau discours de la m\u00e9thode qu'il nous faut aujourd'hui. \r\nCe livre en jette les bases.\r","authors":["Val\u00e9rie Charolles"],"category_codes":["9000000","9080000","9080200","9080204"],"visuals":{"large":"https:\/\/images.epagine.fr\/855\/9782213662855_1_75.jpg","medium":"https:\/\/images.epagine.fr\/855\/9782213662855_1_m.jpg","thumbnail":"https:\/\/images.epagine.fr\/855\/9782213662855_1_v.jpg"},"orderable":true,"show_badge":true,"formatted_price":"19,00&nbsp;\u20ac","formatted_published_date":"10 avril 2013","publisher_availability_label":"Sur commande","short_details":"Val\u00e9rie Charolles \u2014 Fayard","translator":null,"weight":434,"page_count":312,"readership":null,"editor":"Fayard","price":1900,"published_date":"2013-04-09T22:00:00.000000Z","support":"Grand format","publisher_availability":1,"stock":0,"editions":[],"url":"https:\/\/quaidesbrumes.com\/ouvrage\/9782213662855\/philosophie-de-lecran-dans-le-monde-de-la-caverne"},{"id":"9782755506396","title":"Th\u00e9orie g\u00e9n\u00e9rale des victimes","description":"Une th\u00e9orie des victimes n'existe pas encore comme telle dans la philosophie qui s'int\u00e9resse davantage \u00e0 la force, \u00e0 la puissance et \u00e0 la domination. Elles sont devenues un objet privil\u00e9gi\u00e9 des intellectuels qui assument leur d\u00e9fense, mais aussi des m\u00e9dias qui les actualisent et en t\u00e9moignent. Une th\u00e9orie un peu rigoureuse supposera que la Victime-en-personne est la condition symbolique qui d\u00e9termine la victimologie toute  p\u00e9n\u00e9tr\u00e9e de philosophie.\r\nOn dessine deux figures de l'intellectuel. L'intellectuel m\u00e9diatique sous dominance philosophique ultime, engag\u00e9 ou embarqu\u00e9 (\u00ab embedded \u00bb) par le pouvoir, qui se contente de repr\u00e9senter les victimes, de les photographier par la parole, l'\u00e9crit ou l'image. Et l'intellectuel g\u00e9n\u00e9rique qui travaille sous la  condition d\u00e9terminante de la victime plut\u00f4t que de la philosophie.\r\nNous examinons diff\u00e9rents aspects de l'intellectuel, son malaise et sa trahison en fonction de la victime. Puis la victimisation comme processus de la double peine inflig\u00e9e \u00e0 la victime, les notions de \u00ab force faible \u00bb et de \u00ab force forte \u00bb, de \u00ab survivant \u00bb et de \u00ab ressuscit\u00e9 \u00bb le probl\u00e8me de la pers\u00e9cution et de l'extermination (pourquoi tue-t-on ?). Il s'agit de fonder l'\u00e9thique sur la victime plut\u00f4t que sur la force philosophique. La compassion n'est pas la piti\u00e9 philosophique des animaux participant \u00e0 la vie universelle, c'est le dernier v\u00e9cu, celui du vaincu qui longe la mort et lui donne encore son sens. Une autre id\u00e9e de l'homme, nous l'appelons \u00ab g\u00e9n\u00e9rique \u00bb.","authors":["Fran\u00e7ois Laruelle"],"category_codes":["9000000","9080000","9080200","9080204"],"visuals":{"large":"https:\/\/images.epagine.fr\/396\/9782755506396_1_75.jpg","medium":"https:\/\/images.epagine.fr\/396\/9782755506396_1_m.jpg","thumbnail":"https:\/\/images.epagine.fr\/396\/9782755506396_1_v.jpg"},"orderable":true,"show_badge":true,"formatted_price":"22,00&nbsp;\u20ac","formatted_published_date":"21 mars 2012","publisher_availability_label":"Sur commande","short_details":"Fran\u00e7ois Laruelle \u2014 \u00c9ditions Mille et Une Nuits","translator":null,"weight":254,"page_count":212,"readership":null,"editor":"\u00c9ditions Mille et Une Nuits","price":2200,"published_date":"2012-03-20T23:00:00.000000Z","support":"Poche","publisher_availability":1,"stock":0,"editions":[],"url":"https:\/\/quaidesbrumes.com\/ouvrage\/9782755506396\/theorie-generale-des-victimes"},{"id":"9782296087880","title":"Edith Stein ; le livre aux sept sceaux","description":"Le livre de Fran\u00e7oise Maffre Castellani est un commentaire, \u00e9tay\u00e9 sur de multiples exemples, de la d\u00e9termination \"grave et sereine\" d'Edith Stein, cette philosophe juive allemenade, entr\u00e9e au Carmel et assassin\u00e9e \u00e0 Auschwitz. T\u00e9moin de la Shoah, femme de courage et de coeur, \u00e9crivain ramrquable, le prtrait qui noue en est pr\u00e9sent\u00e9; captive et retient l'attention, d'autant qu'il n'est pas d\u00e9pourvu d'humour.\r","authors":["Fran\u00e7oise Maffre castellani"],"category_codes":["9000000","9080000","9080200","9080204"],"visuals":{"large":"https:\/\/images.epagine.fr\/880\/9782296087880_1_75.jpg","medium":"https:\/\/images.epagine.fr\/880\/9782296087880_1_m.jpg","thumbnail":"https:\/\/images.epagine.fr\/880\/9782296087880_1_v.jpg"},"orderable":true,"show_badge":true,"formatted_price":"15,50&nbsp;\u20ac","formatted_published_date":"9 mai 2011","publisher_availability_label":"Sur commande","short_details":"Fran\u00e7oise Maffre castellani \u2014 Orizons","translator":null,"weight":210,"page_count":164,"readership":null,"editor":"Orizons","price":1550,"published_date":"2011-05-08T22:00:00.000000Z","support":"Grand format","publisher_availability":1,"stock":0,"editions":[],"url":"https:\/\/quaidesbrumes.com\/ouvrage\/9782296087880\/edith-stein-le-livre-aux-sept-sceaux"},{"id":"9782343057903","title":"Lecture de l'anthropologie de Blaise Pascal ; la qu\u00eate du sens de la vie","description":"Tout homme sens\u00e9 a un objectif dans la vie et vit en vue de la r\u00e9alisation de soi. Or Pascal constate qu'il y en a qui tuent le temps dans l'ennui ou \u00e0 s'occuper de bagatelles, au lieu de se pr\u00e9occuper de leur destin. Une partie de l'Apologie de Pascal s'adresse \u00e0 l'homme pour l'inqui\u00e9ter sur la situation qu'il vit et mettre en lui le d\u00e9sir de s'engager \u00e0 l'essentiel : chercher Dieu. Cet ouvrage propose une lecture herm\u00e9neutique de l'anthropologie de Pascal dans les Pens\u00e9es.\r","authors":["Zacharie Bere"],"category_codes":["9000000","9080000","9080200","9080204"],"visuals":{"large":"https:\/\/images.epagine.fr\/903\/9782343057903_1_75.jpg","medium":"https:\/\/images.epagine.fr\/903\/9782343057903_1_m.jpg","thumbnail":"https:\/\/images.epagine.fr\/903\/9782343057903_1_v.jpg"},"orderable":true,"show_badge":true,"formatted_price":"13,50&nbsp;\u20ac","formatted_published_date":"20 avril 2015","publisher_availability_label":"Sur commande","short_details":"Zacharie Bere \u2014 \u00c9ditions L'Harmattan","translator":null,"weight":145,"page_count":114,"readership":null,"editor":"\u00c9ditions L'Harmattan","price":1350,"published_date":"2015-04-19T22:00:00.000000Z","support":"Grand format","publisher_availability":1,"stock":0,"editions":[],"url":"https:\/\/quaidesbrumes.com\/ouvrage\/9782343057903\/lecture-de-lanthropologie-de-blaise-pascal-la-quete-du-sens-de-la-vie"},{"id":"9782841372768","title":"Pourquoi lit-on des livres de philosophie ?","description":"La philosophie ne subsiste \u00e0 l'abri dans les bilbioth\u00e8ques. Elle existe chaque fois qu'une lecture lui donne vie, un peu comme la musique, accomplie par l'ex\u00e9cution. \r\nOn ne peut pas enseigner ce que rec\u00e8lent les livres de philosophie  :  ils n'ont pas de contenu que l'on puisse vulgariser utilement, de m\u00e9thodes auxquelles on puisse initier les questionneurs. C'est entre soi qu'on s'explique la fr\u00e9quentation de cette litt\u00e9rature, pour t\u00e9moigner d'une exp\u00e9rience, de son int\u00e9r\u00eat exceptionnel et inattendu. Ce n'est pas l'auteur qui communique une pens\u00e9e, c'est le lecteur, \u00e0 la fois ma\u00eetre et \u00e9l\u00e8ve qui s'explique \u00e0 lui-m\u00eame ce qu'il lit. Pour cela il doit trouver comment accomplir les actes de pens\u00e9e, imaginer, juger, se souvenir, interroger, traquer les intuitions qu'ils produisent et enfin d\u00e9cider de les retenir, de les prendre \u00e0 son compte, ou non. En partant de textes de Platon, de Descartes, et d'un court article de Levinas, cet essai rel\u00e8ve l'implication r\u00e9elle de celui qui lit. \u00c0 la diff\u00e9rence de l'historien et du commentateur, ce lecteur ne s'int\u00e9resse pas \u00e0 la v\u00e9rit\u00e9 des oeuvres, il fait une affaire personnelle de textes dont il dispose de fa\u00e7on anarchique. Mais il n'oublie pas ceux \u00e0 qui il doit des r\u00e9v\u00e9lations.\r","authors":["Dani\u00e8le Pontremoli"],"category_codes":["9000000","9080000","9080200","9080204"],"visuals":{"large":"https:\/\/images.epagine.fr\/768\/9782841372768_1_75.jpg","medium":"https:\/\/images.epagine.fr\/768\/9782841372768_1_m.jpg","thumbnail":"https:\/\/images.epagine.fr\/768\/9782841372768_1_v.jpg"},"orderable":true,"show_badge":true,"formatted_price":"15,20&nbsp;\u20ac","formatted_published_date":"23 mars 2012","publisher_availability_label":"Sur commande","short_details":"Dani\u00e8le Pontremoli \u2014 MILLON","translator":null,"weight":245,"page_count":163,"readership":null,"editor":"MILLON","price":1520,"published_date":"2012-03-22T23:00:00.000000Z","support":"Grand format","publisher_availability":1,"stock":0,"editions":[],"url":"https:\/\/quaidesbrumes.com\/ouvrage\/9782841372768\/pourquoi-lit-on-des-livres-de-philosophie"},{"id":"9782343114668","title":"L'origine du rire ; discours comique et imaginaire, essai d'analyse s\u00e9mantique du m\u00e9canisme comique","description":"\"Le rire ob\u00e9it toujours \u00e0 un m\u00e9canisme s\u00e9mantique immuable nich\u00e9 dans les profondeurs du discours. Le comique passe par une pluralit\u00e9 de significations potentielles et se compla\u00eet \u00e0 cr\u00e9er des \u00e9motions positives ou des r\u00e9actions n\u00e9gatives. Il ne laisse pas indiff\u00e9rent. Sa fonction, au sein du langage, reste communicationnelle : communication avec les autres, mais aussi volont\u00e9 de compr\u00e9hension et de paix sociale. Cette \u00e9tude nous fait d\u00e9couvrir la v\u00e9ritable porte d entr\u00e9e qu est le comique dans l univers social.\"\r","authors":["Georges Gavriloff"],"category_codes":["9000000","9080000","9080700"],"visuals":{"large":"https:\/\/images.epagine.fr\/668\/9782343114668_1_75.jpg","medium":"https:\/\/images.epagine.fr\/668\/9782343114668_1_m.jpg","thumbnail":"https:\/\/images.epagine.fr\/668\/9782343114668_1_v.jpg"},"orderable":true,"show_badge":true,"formatted_price":"20,50&nbsp;\u20ac","formatted_published_date":"16 mars 2017","publisher_availability_label":"Sur commande","short_details":"Georges Gavriloff \u2014 \u00c9ditions L'Harmattan","translator":null,"weight":230,"page_count":182,"readership":null,"editor":"\u00c9ditions L'Harmattan","price":2050,"published_date":"2017-03-15T23:00:00.000000Z","support":"Grand format","publisher_availability":1,"stock":0,"editions":[],"url":"https:\/\/quaidesbrumes.com\/ouvrage\/9782343114668\/lorigine-du-rire-discours-comique-et-imaginaire-essai-danalyse-semantique-du-mecanisme-comique"},{"id":"9782014031140","title":"Oeuvres","description":"Oeuvres de Leibniz. Tome 6 \/ publi\u00e9es pour la premi\u00e8re fois d'apr\u00e8s les manuscrits originaux, avec notes et introductions par A. Foucher de Careil Date de l'\u00e9dition originale : 1859-1875 Le pr\u00e9sent ouvrage s'inscrit dans une politique de conservation patrimoniale des ouvrages de la litt\u00e9rature Fran\u00e7aise mise en place avec la BNF.\r\nHACHETTE LIVRE et la BNF proposent ainsi un catalogue de titres indisponibles, la BNF ayant num\u00e9ris\u00e9 ces oeuvres et HACHETTE LIVRE les imprimant \u00e0 la demande.\r\nCertains de ces ouvrages refl\u00e8tent des courants de pens\u00e9e caract\u00e9ristiques de leur \u00e9poque, mais qui seraient aujourd'hui jug\u00e9s condamnables.\r\nIls n'en appartiennent pas moins \u00e0 l'histoire des id\u00e9es en France et sont susceptibles de pr\u00e9senter un int\u00e9r\u00eat scientifique ou historique.\r\nLe sens de notre d\u00e9marche \u00e9ditoriale consiste ainsi \u00e0 permettre l'acc\u00e8s \u00e0 ces oeuvres sans pour autant que nous en cautionnions en aucune fa\u00e7on le contenu.\r\n\r\nPour plus d'informations, rendez-vous sur www.hachettebnf.fr\r","authors":["Leibniz G W."],"category_codes":["9000000","9080000"],"visuals":{"large":"https:\/\/images.epagine.fr\/140\/9782014031140_1_75.jpg","medium":"https:\/\/images.epagine.fr\/140\/9782014031140_1_m.jpg","thumbnail":"https:\/\/images.epagine.fr\/140\/9782014031140_1_v.jpg"},"orderable":true,"show_badge":true,"formatted_price":"27,00&nbsp;\u20ac","formatted_published_date":"1er juin 2017","publisher_availability_label":"Sur commande","short_details":"Leibniz G W. \u2014 Hachette BNF","translator":null,"weight":584,"page_count":null,"readership":null,"editor":"Hachette BNF","price":2700,"published_date":"2017-05-31T22:00:00.000000Z","support":"Grand format","publisher_availability":1,"stock":0,"editions":["9782014031133"],"url":"https:\/\/quaidesbrumes.com\/ouvrage\/9782014031140\/oeuvres"},{"id":"9782213681412","title":"Christo-fiction ; les ruines d'Ath\u00e8nes et de J\u00e9rusalem","description":"Acc\u00e9der \u00e0 une autre id\u00e9e de l'homme, une id\u00e9e fond\u00e9e en v\u00e9rit\u00e9, l'Homme g\u00e9n\u00e9rique, telle est l'entreprise que poursuit Fran\u00e7ois Laruelle, interrogeant et cherchant \u00e0 d\u00e9passer le discours philosophique ench\u00e2ss\u00e9 dans le long h\u00e9ritage de la th\u00e9ologie. Pour sortir de la gangue des croyances et acc\u00e9der \u00e0 l'Homme g\u00e9n\u00e9rique, il propose un pas de plus : \u00ab Si le christianisme est la religion de sortie des religions, Christ est la sortie hors du christianisme lui-m\u00eame. [...] Achevons cette insurrection. \u00bb Que dit le Christ - le Christ non l\u00e9gendaire, non repr\u00e9sent\u00e9 par les diverses interpr\u00e9tations th\u00e9ologiques, \u00ab mal discernable dans son milieu juif par ses paroles grecques \u00bb - de l'Homme g\u00e9n\u00e9rique ? Fran\u00e7ois Laruelle nous engage \u00e0 sa suite dans une aventure de pens\u00e9e qu'il appelle Christo-fiction, \u00e0 mille lieues des sentiers conceptuels et ex\u00e9g\u00e9tiques familiers. \u00c0 sa mani\u00e8re, il reprend \u00e0 son compte la d\u00e9marche qui avait \u00e9t\u00e9 celle des gnostiques (honnie combattus par l'\u00c9glise), qui cherchaient \u00e0 fusionner les \u00ab simples \u00bb et la connaissance qui sauve dans la v\u00e9rit\u00e9 d'une fiction. Il fait acte de foi et entend t\u00e9moigner par une \u00ab fiction rigoureuse \u00bb, fid\u00e8le et fond\u00e9e en science, \u00ab produisant ses axiomes et ses r\u00e8gles au fur et \u00e0 mesure de leur investissement \u00bb, d'une v\u00e9rit\u00e9 de l'homme. Une v\u00e9rit\u00e9 qui prend appui sur un savoir scientifique, en l'occurrence tout l'apport de la physique quantique et en particulier le principe anthropique. Puisque des \u00eatres sapients, les hommes, existent, l'univers est n\u00e9cessairement compatible avec leur existence. Ce qu'ils peuvent s'attendre \u00e0 observer de l'univers est n\u00e9cessairement compatible avec les conditions de leur existence d'observateurs. Philosophie et th\u00e9ologie ne suffisent pas pour penser le Christ-en-personne, tout au plus permettent-elles de penser les croyances qui lui sont attach\u00e9es. Fran\u00e7ois Laruelle renouvelle donc l'approche gnostique en introduisant la physique quantique comme science-pilote, mais r\u00e9duite \u00e0 une mod\u00e9lisation du message du Christ, qui est irr\u00e9ductible \u00e0 Logos et \u00e0 Torah. Il s'agit de former et transmettre le nouveau message de salut \u00e0 l'humanit\u00e9 g\u00e9n\u00e9rique. \u00ab La christo-fiction ainsi engendr\u00e9e t\u00e9moigne d'une insurrection spirituelle plut\u00f4t que d'une \u00ab r\u00e9volution culturelle \u00bb. L'\u00c9glise s'\u00e9tant constitu\u00e9e sur les b\u00fbchers de la gnose, il est temps que la gnose renaisse de la mise \u00e0 nu du christianisme par le Christ m\u00eame. C'est un livre de combat. \u00bb","authors":["Fran\u00e7ois Laruelle"],"category_codes":["9000000","9080000","9080200","9080204"],"visuals":{"large":"https:\/\/images.epagine.fr\/412\/9782213681412_1_75.jpg","medium":"https:\/\/images.epagine.fr\/412\/9782213681412_1_m.jpg","thumbnail":"https:\/\/images.epagine.fr\/412\/9782213681412_1_v.jpg"},"orderable":true,"show_badge":true,"formatted_price":"28,00&nbsp;\u20ac","formatted_published_date":"12 mars 2014","publisher_availability_label":"Sur commande","short_details":"Fran\u00e7ois Laruelle \u2014 Fayard","translator":null,"weight":636,"page_count":368,"readership":null,"editor":"Fayard","price":2800,"published_date":"2014-03-11T23:00:00.000000Z","support":"Grand format","publisher_availability":1,"stock":0,"editions":[],"url":"https:\/\/quaidesbrumes.com\/ouvrage\/9782213681412\/christo-fiction-les-ruines-dathenes-et-de-jerusalem"},{"id":"9782296549685","title":"L'animalit\u00e9 ; six interpr\u00e9tations humaines","description":"Pourquoi cette fascination persistante de l'humanit\u00e9 pour les b\u00eates qui traversent non seulement son habitat naturel, mais \u00e9galement son histoire culturelle : de la peinture rupestre \u00e0 l'iconographie chr\u00e9tienne, de l'animisme religieux \u00e0 la d\u00e9claration universelle des droits de l'animal, des fables grecques \u00e0 l'\u00e9thologie moderne...? Ce recueil pr\u00e9sente six perspectives philosophiques sur cette ambigu\u00eft\u00e9 psycho-zoologique.\r","authors":["Jan Ivar Linden"],"category_codes":["9000000","9080000","9080200","9080204"],"visuals":{"large":"https:\/\/images.epagine.fr\/685\/9782296549685_1_75.jpg","medium":"https:\/\/images.epagine.fr\/685\/9782296549685_1_m.jpg","thumbnail":"https:\/\/images.epagine.fr\/685\/9782296549685_1_v.jpg"},"orderable":true,"show_badge":true,"formatted_price":"15,50&nbsp;\u20ac","formatted_published_date":"1er juin 2011","publisher_availability_label":"Sur commande","short_details":"Jan Ivar Linden \u2014 \u00c9ditions L'Harmattan","translator":null,"weight":195,"page_count":143,"readership":null,"editor":"\u00c9ditions L'Harmattan","price":1550,"published_date":"2011-05-31T22:00:00.000000Z","support":"Grand format","publisher_availability":1,"stock":0,"editions":[],"url":"https:\/\/quaidesbrumes.com\/ouvrage\/9782296549685\/lanimalite-six-interpretations-humaines"},{"id":"9782343050874","title":"Alain Badiou ; vivre en immortel","description":"A la diff\u00e9rence de penseurs comme Deleuze ou Derrida, Alain Badiou est un philosophe classique, cherchant \u00e0 apporter des r\u00e9ponses aux questions les plus anciennes de la philosophie. Pour Badiou, la philosophie n'est plus au coeur du processus de production des v\u00e9rit\u00e9s. Toute la pens\u00e9e de Badiou nous enjoint donc \u00e0 cesser d'\u00eatre des animaux humains pour devenir des sujets, \u00e0 ne plus survivre \u00e0 l'aune de nos seuls int\u00e9r\u00eats, pour vivre pleinement, c'est-\u00e0-dire, vivre enfon comme des immortels.\r","authors":["St\u00e9phane Vinolo"],"category_codes":["9000000","9080000","9080200","9080204"],"visuals":{"large":"https:\/\/images.epagine.fr\/874\/9782343050874_1_75.jpg","medium":"https:\/\/images.epagine.fr\/874\/9782343050874_1_m.jpg","thumbnail":"https:\/\/images.epagine.fr\/874\/9782343050874_1_v.jpg"},"orderable":true,"show_badge":true,"formatted_price":"21,50&nbsp;\u20ac","formatted_published_date":"18 d\u00e9cembre 2014","publisher_availability_label":"Sur commande","short_details":"St\u00e9phane Vinolo \u2014 \u00c9ditions L'Harmattan","translator":null,"weight":246,"page_count":196,"readership":null,"editor":"\u00c9ditions L'Harmattan","price":2150,"published_date":"2014-12-17T23:00:00.000000Z","support":"Grand format","publisher_availability":1,"stock":0,"editions":[],"url":"https:\/\/quaidesbrumes.com\/ouvrage\/9782343050874\/alain-badiou-vivre-en-immortel"},{"id":"9782296541641","title":"Bibliographie classificatoire et s\u00e9lective des oeuvres g\u00e9n\u00e9rales de la philosophie et de l'\u00e9gyptologie africaines","description":"L'auteur amorce avec cet ouvrage un travail minutieux de synth\u00e8se des publications en philosophie et en \u00e9gyptologie en faisant un \u00e9tat syst\u00e9matique de la recherche.\r","authors":["Gr\u00e9goire Biyogo"],"category_codes":["9000000","9080000","9080200","9080204"],"visuals":{"large":"https:\/\/images.epagine.fr\/641\/9782296541641_1_75.jpg","medium":"https:\/\/images.epagine.fr\/641\/9782296541641_1_m.jpg","thumbnail":"https:\/\/images.epagine.fr\/641\/9782296541641_1_v.jpg"},"orderable":true,"show_badge":true,"formatted_price":"18,50&nbsp;\u20ac","formatted_published_date":"27 janvier 2011","publisher_availability_label":"Sur commande","short_details":"Gr\u00e9goire Biyogo \u2014 \u00c9ditions L'Harmattan","translator":null,"weight":225,"page_count":null,"readership":null,"editor":"\u00c9ditions L'Harmattan","price":1850,"published_date":"2011-01-26T23:00:00.000000Z","support":"Grand format","publisher_availability":1,"stock":0,"editions":[],"url":"https:\/\/quaidesbrumes.com\/ouvrage\/9782296541641\/bibliographie-classificatoire-et-selective-des-oeuvres-generales-de-la-philosophie-et-de-legyptologie-africaines"},{"id":"9782296556669","title":"Paroles et actes chez H\u00e9raclite ; sur les fondements th\u00e9oriques de l'action morale","description":"L'originalit\u00e9 d'H\u00e9raclite ne r\u00e9side-t-elle pas dans le fait d'\u00e9laborer, bien avant Socrate et Platon, une r\u00e9flexion philosophique et th\u00e9orique sur les fondements de l'action morale et politique ? De quelles mani\u00e8res H\u00e9raclite envisage-t-il les rapports du parler et de l'agir ? Le logos (discours) et l'epos (parole) du philosophe, v\u00e9hiculant la doctrine de l'harmonie des contraires, n'offrent-ils pas une ligne de conduite \u00e0 suivre, un crit\u00e8re et une norme stables \u00e0 l'action individuelle et collective ?\r","authors":["Michel Fattal"],"category_codes":["9000000","9080000","9080200","9080204"],"visuals":{"large":"https:\/\/images.epagine.fr\/669\/9782296556669_1_75.jpg","medium":"https:\/\/images.epagine.fr\/669\/9782296556669_1_m.jpg","thumbnail":"https:\/\/images.epagine.fr\/669\/9782296556669_1_v.jpg"},"orderable":true,"show_badge":true,"formatted_price":"12,50&nbsp;\u20ac","formatted_published_date":"7 novembre 2011","publisher_availability_label":"Sur commande","short_details":"Michel Fattal \u2014 \u00c9ditions L'Harmattan","translator":null,"weight":105,"page_count":71,"readership":null,"editor":"\u00c9ditions L'Harmattan","price":1250,"published_date":"2011-11-06T23:00:00.000000Z","support":"Grand format","publisher_availability":1,"stock":0,"editions":[],"url":"https:\/\/quaidesbrumes.com\/ouvrage\/9782296556669\/paroles-et-actes-chez-heraclite-sur-les-fondements-theoriques-de-laction-morale"},{"id":"9782212555646","title":"Citations de Nietzsche expliqu\u00e9es","description":"Toute l'oeuvre de NietzscheUne approche imm\u00e9diateUn auteur sp\u00e9cialisteAccessible, pr\u00e9cis et complet, ce livre propose 150 citations extraites de l'oeuvre de Nietzsche.Pour chacune, vous trouverez :le contexte de sa r\u00e9daction ;ses diff\u00e9rentes interpr\u00e9tations ;l'actualit\u00e9 de son message.","authors":["Marc Hal\u00e9vy"],"category_codes":["9000000","9080000","9080200","9080204"],"visuals":{"large":"https:\/\/images.epagine.fr\/646\/9782212555646_1_75.jpg","medium":"https:\/\/images.epagine.fr\/646\/9782212555646_1_m.jpg","thumbnail":"https:\/\/images.epagine.fr\/646\/9782212555646_1_v.jpg"},"orderable":true,"show_badge":true,"formatted_price":"10,00&nbsp;\u20ac","formatted_published_date":"12 avril 2013","publisher_availability_label":"Sur commande","short_details":"Marc Hal\u00e9vy \u2014 \u00c9ditions Eyrolles","translator":null,"weight":297,"page_count":200,"readership":null,"editor":"\u00c9ditions Eyrolles","price":1000,"published_date":"2013-04-11T22:00:00.000000Z","support":"Grand format","publisher_availability":1,"stock":0,"editions":[],"url":"https:\/\/quaidesbrumes.com\/ouvrage\/9782212555646\/citations-de-nietzsche-expliquees"},{"id":"9782363920386","title":"Ambos","description":null,"authors":["Ambos"],"category_codes":["9000000","9080000","9080200","9080204"],"visuals":{"large":"https:\/\/images.epagine.fr\/386\/9782363920386_1_75.jpg","medium":"https:\/\/images.epagine.fr\/386\/9782363920386_1_m.jpg","thumbnail":"https:\/\/images.epagine.fr\/386\/9782363920386_1_v.jpg"},"orderable":true,"show_badge":true,"formatted_price":"20,00&nbsp;\u20ac","formatted_published_date":"15 d\u00e9cembre 2012","publisher_availability_label":"Sur commande","short_details":"Ambos \u2014 Ovadia","translator":null,"weight":200,"page_count":null,"readership":null,"editor":"Ovadia","price":2000,"published_date":"2012-12-14T23:00:00.000000Z","support":"Grand format","publisher_availability":1,"stock":0,"editions":[],"url":"https:\/\/quaidesbrumes.com\/ouvrage\/9782363920386\/ambos"},{"id":"9782363920331","title":"La m\u00e9taphysique du rire","description":null,"authors":["Yves Semeria"],"category_codes":["9000000","9080000","9080200","9080204"],"visuals":{"large":"https:\/\/images.epagine.fr\/331\/9782363920331_1_75.jpg","medium":"https:\/\/images.epagine.fr\/331\/9782363920331_1_m.jpg","thumbnail":"https:\/\/images.epagine.fr\/331\/9782363920331_1_v.jpg"},"orderable":true,"show_badge":true,"formatted_price":"14,00&nbsp;\u20ac","formatted_published_date":"15 d\u00e9cembre 2012","publisher_availability_label":"Sur commande","short_details":"Yves Semeria \u2014 Ovadia","translator":null,"weight":200,"page_count":null,"readership":null,"editor":"Ovadia","price":1400,"published_date":"2012-12-14T23:00:00.000000Z","support":"Grand format","publisher_availability":1,"stock":0,"editions":[],"url":"https:\/\/quaidesbrumes.com\/ouvrage\/9782363920331\/la-metaphysique-du-rire"},{"id":"9782705683573","title":"Faut-il aller vivre dans les bois ?","description":"Quelques semaines apr\u00e8s la parution du Discours sur l'origine et les fondements de l'in\u00e9galit\u00e9 parmi les hommes, Charles Bonnet, savant genevois, publie dans Le Mercure de France sous le pseudonyme de Philopolis, un article qui remet en cause l'usage que Rousseau fait du mot perfectibilit\u00e9. Il comprend ce mot de telle sorte qu'il est conduit \u00e0 d\u00e9noncer une incons\u00e9quence, voire une contradiction, dans la d\u00e9marche de son concitoyen. \r\nRousseau ne voit pas, selon Bonnet, que si l'homme est perfectible, alors il est fait naturellement pour vivre en soci\u00e9t\u00e9 et se perfectionner parmi et \u00e0 l'aide de ses semblables. Toute la th\u00e8se du Second Discours s'\u00e9croule. Piqu\u00e9 au vif, Rousseau profite de cette circonstance pour pr\u00e9ciser le sens de ce mot et pour mettre en relief le r\u00f4le du temps dans la vie des hommes, de toutes choses en r\u00e9alit\u00e9. Mais une nouvelle difficult\u00e9 surgit, le rapport d'opposition entre l'histoire et la nature devient probl\u00e9matique. C'est de ce noeud dans la pens\u00e9e rousseauiste que nous avons voulu traiter, ou du moins approcher : le lien entre l'\u00eatre et le temps. Nous avons pris la Lettre \u00e0 M. Philopolis comme un jalon dans l'\u00e9volution d'une pens\u00e9e dont la richesse continue \u00e0 nous instruire.\r\nRoger Bruyeron","authors":["Jean-Jacques Rousseau"],"category_codes":["9000000","9080000","9080200","9080204"],"visuals":{"large":"https:\/\/images.epagine.fr\/573\/9782705683573_1_75.jpg","medium":"https:\/\/images.epagine.fr\/573\/9782705683573_1_m.jpg","thumbnail":"https:\/\/images.epagine.fr\/573\/9782705683573_1_v.jpg"},"orderable":true,"show_badge":true,"formatted_price":"19,00&nbsp;\u20ac","formatted_published_date":"21 ao\u00fbt 2012","publisher_availability_label":"Sur commande","short_details":"Jean-Jacques Rousseau \u2014 Hermann","translator":null,"weight":150,"page_count":156,"readership":null,"editor":"Hermann","price":1900,"published_date":"2012-08-20T22:00:00.000000Z","support":"Grand format","publisher_availability":1,"stock":0,"editions":[],"url":"https:\/\/quaidesbrumes.com\/ouvrage\/9782705683573\/faut-il-aller-vivre-dans-les-bois"},{"id":"9782363920249","title":"Cabrioles philosophiques","description":null,"authors":["Jean Mas"],"category_codes":["9000000","9080000","9080200","9080204"],"visuals":{"large":"https:\/\/quaidesbrumes.com\/img\/book-placeholder.png","medium":"https:\/\/quaidesbrumes.com\/img\/book-placeholder.png","thumbnail":"https:\/\/quaidesbrumes.com\/img\/book-placeholder.png"},"orderable":true,"show_badge":true,"formatted_price":"16,00&nbsp;\u20ac","formatted_published_date":"15 d\u00e9cembre 2012","publisher_availability_label":"Sur commande","short_details":"Jean Mas \u2014 Ovadia","translator":null,"weight":200,"page_count":null,"readership":null,"editor":"Ovadia","price":1600,"published_date":"2012-12-14T23:00:00.000000Z","support":"Grand format","publisher_availability":1,"stock":0,"editions":[],"url":"https:\/\/quaidesbrumes.com\/ouvrage\/9782363920249\/cabrioles-philosophiques"}]}