{"data":[{"id":"9782296564350","title":"\u00e9motions et philosophie ; des images du r\u00e9cit aux mots de la morale","description":"La philosophie, celle que l'on pratique dans ce livre, ne poursuit pas de v\u00e9rit\u00e9s absolues, ext\u00e9rieures au sujet, mais des v\u00e9rit\u00e9s que le sujet recherche en lui-m\u00eame, et surtout, dans le dialogue rigoureux avec d'autres interlocuteurs, afin de parvenir \u00e0 un accord et donc \u00e0 une clart\u00e9 aussi bien sur la terminologie que sur le contenu. C'est une philosophie \u00e0 la recherche d'une confrontation n\u00e9cessaire, afin de partager avec d'autres ses propres d\u00e9couvertes.","authors":["Nadia Boccara","Francesca Crisi"],"category_codes":["9000000","9080000","9080200","9080204"],"visuals":{"large":"https:\/\/images.epagine.fr\/350\/9782296564350_1_75.jpg","medium":"https:\/\/images.epagine.fr\/350\/9782296564350_1_m.jpg","thumbnail":"https:\/\/images.epagine.fr\/350\/9782296564350_1_v.jpg"},"orderable":true,"show_badge":true,"formatted_price":"15,50&nbsp;\u20ac","formatted_published_date":"18 novembre 2011","publisher_availability_label":"Sur commande","short_details":"Nadia Boccara, Francesca Crisi \u2014 \u00c9ditions L'Harmattan","translator":null,"weight":180,"page_count":135,"readership":null,"editor":"\u00c9ditions L'Harmattan","price":1550,"published_date":"2011-11-17T23:00:00.000000Z","support":"Grand format","publisher_availability":1,"stock":0,"editions":[],"url":"https:\/\/quaidesbrumes.com\/ouvrage\/9782296564350\/emotions-et-philosophie-des-images-du-recit-aux-mots-de-la-morale"},{"id":"9782343029078","title":"Conception techno-\u00e9conomique du temps","description":"Dans ce livre Eugenio Correa propose une interpr\u00e9tation philosophique de l'id\u00e9e du temps. D'abord, il s'interroge sur l'existence du temps et ses diff\u00e9rents notions historiques. Il nous fait voir le rapport du temps \u00e0 la nature et \u00e0 la cr\u00e9ation. De m\u00eame il aborde le lien entre le temps, l'argent et l'homme. Enfin, l'auteur cherche \u00e0 nous mettre en alerte contre les d\u00e9rapages du temps technique et il insiste sur les limitations de l'actuelle conception techno-\u00e9conomique du temps.","authors":["Eugenio Correa"],"category_codes":["9000000","9080000","9080200","9080204"],"visuals":{"large":"https:\/\/images.epagine.fr\/078\/9782343029078_1_75.jpg","medium":"https:\/\/images.epagine.fr\/078\/9782343029078_1_m.jpg","thumbnail":"https:\/\/images.epagine.fr\/078\/9782343029078_1_v.jpg"},"orderable":true,"show_badge":true,"formatted_price":"21,50&nbsp;\u20ac","formatted_published_date":"3 octobre 2014","publisher_availability_label":"Sur commande","short_details":"Eugenio Correa \u2014 \u00c9ditions L'Harmattan","translator":null,"weight":260,"page_count":206,"readership":null,"editor":"\u00c9ditions L'Harmattan","price":2150,"published_date":"2014-10-02T22:00:00.000000Z","support":"Grand format","publisher_availability":1,"stock":0,"editions":[],"url":"https:\/\/quaidesbrumes.com\/ouvrage\/9782343029078\/conception-techno-economique-du-temps"},{"id":"9782806602633","title":"Objets qui nous hantent, objets qui nous tentent","description":"\"L'Ann\u00e9e Mosa\u00efque, revue interdisciplinaire de jeunes chercheurs en sciences humaines (Lille Nord de France et Belgique), publie exclusivement des num\u00e9ros th\u00e9matiques issus d'appels \u00e0 propositions. Elle encourage toutefois les auteurs \u00e0 soumettre des articles en varia.\"","authors":["Lo\u00efc Nicolas","Aline Wiame"],"category_codes":["9000000","9080000","9080200","9080204"],"visuals":{"large":"https:\/\/images.epagine.fr\/633\/9782806602633_1_75.jpg","medium":"https:\/\/images.epagine.fr\/633\/9782806602633_1_m.jpg","thumbnail":"https:\/\/images.epagine.fr\/633\/9782806602633_1_v.jpg"},"orderable":true,"show_badge":true,"formatted_price":"27,00&nbsp;\u20ac","formatted_published_date":"5 octobre 2012","publisher_availability_label":"Sur commande","short_details":"Lo\u00efc Nicolas, Aline Wiame \u2014 EME EDITIONS","translator":null,"weight":360,"page_count":230,"readership":null,"editor":"EME EDITIONS","price":2700,"published_date":"2012-10-04T22:00:00.000000Z","support":"Grand format","publisher_availability":1,"stock":0,"editions":[],"url":"https:\/\/quaidesbrumes.com\/ouvrage\/9782806602633\/objets-qui-nous-hantent-objets-qui-nous-tentent"},{"id":"9782830915358","title":"Faut-il \u00eatre minimaliste en \u00e9thique ? le lib\u00e9ralisme, la morale et le rapport \u00e0 soi","description":null,"authors":["Nathalie Maillard"],"category_codes":["9000000","9080000","9080200","9080204"],"visuals":{"large":"https:\/\/images.epagine.fr\/358\/9782830915358_1_75.jpg","medium":"https:\/\/images.epagine.fr\/358\/9782830915358_1_m.jpg","thumbnail":"https:\/\/images.epagine.fr\/358\/9782830915358_1_v.jpg"},"orderable":true,"show_badge":true,"formatted_price":"24,00&nbsp;\u20ac","formatted_published_date":"19 f\u00e9vrier 2014","publisher_availability_label":"Sur commande","short_details":"Nathalie Maillard \u2014 \u00c9ditions Labor et Fides","translator":null,"weight":440,"page_count":312,"readership":null,"editor":"\u00c9ditions Labor et Fides","price":2400,"published_date":"2014-02-18T23:00:00.000000Z","support":"Grand format","publisher_availability":1,"stock":0,"editions":[],"url":"https:\/\/quaidesbrumes.com\/ouvrage\/9782830915358\/faut-il-etre-minimaliste-en-ethique-le-liberalisme-la-morale-et-le-rapport-a-soi"},{"id":"9782705686864","title":"Le d\u00e9sir d'authenticit\u00e9 : Walter Benjamin et l'h\u00e9ritage de la Bildung allemande","description":"Pr\u00e9face de Heinz Wismann\r\n\r\nCette biographie intellectuelle de Walter Benjamin est en m\u00eame temps un travail d'histoire de la culture qui s'attache \u00e0 brosser une fresque de l'Allemagne wilhelminienne, comme \u00e0 en d\u00e9gager une ligne rectrice : le d\u00e9sir d'authenticit\u00e9. Cet axe dominant r\u00e9sulte de l'analyse des courants et des conflits philosophiques, esth\u00e9tiques, religieux et politiques qui anim\u00e8rent l'Allemagne au tournant du XIXe si\u00e8cle et qui se manifest\u00e8rent dans toute leur ampleur, juste apr\u00e8s la fin de la Premi\u00e8re Guerre mondiale, comme un rejet du monde d'avant 1914. Toutes les grandes th\u00e9matiques sont abord\u00e9es par l'ouvrage : la critique de la culture (puissamment entretenue par l'influence nietzsch\u00e9enne), la transformation de la vie et de la sensibilit\u00e9 au sein des grandes m\u00e9tropoles modernes, les diff\u00e9rentes faces de la refonte de l'identit\u00e9 juive (les sionismes et les r\u00e9actions qu'il d\u00e9clench\u00e8rent), les mouvements de jeunesse et leurs id\u00e9ologies de retour \u00e0 la nature et au corps, les conflits religieux autour de la probl\u00e9matique de la s\u00e9cularisation et du d\u00e9senchantement, les th\u00e8mes socio-politiques de la \u00ab communaut\u00e9 \u00bb oppos\u00e9e \u00e0 la \u00ab soci\u00e9t\u00e9 \u00bb, enfin la question de la philosophie de l'histoire et celle, plus philosophique, de la conception nouvelle de l'exp\u00e9rience r\u00e9agissant au positivisme et au scientisme.\r\n\r\nCe livre est l'histoire d'une formation ; mais si la figure de Benjamin appara\u00eet \u00e0 ce point exemplaire, c'est que les \u00e9l\u00e9ments de cette formation ont exerc\u00e9 leur influence bien au-del\u00e0 de la Grande Guerre, et jusque dans la r\u00e9ception contemporaine et, notamment, fran\u00e7aise, de cet auteur. L'ouvrage nous propose ainsi un miroir de nos propres conflits en nous offrant les moyens de retrouver leurs racines et de reconstituer leur g\u00e9n\u00e9alogie.","authors":["Marino Pulliero"],"category_codes":["9000000","9080000"],"visuals":{"large":"https:\/\/images.epagine.fr\/864\/9782705686864_1_75.jpg","medium":"https:\/\/images.epagine.fr\/864\/9782705686864_1_m.jpg","thumbnail":"https:\/\/images.epagine.fr\/864\/9782705686864_1_v.jpg"},"orderable":true,"show_badge":true,"formatted_price":"89,00&nbsp;\u20ac","formatted_published_date":"9 juillet 2013","publisher_availability_label":"Sur commande","short_details":"Marino Pulliero \u2014 Hermann","translator":null,"weight":1648,"page_count":1056,"readership":null,"editor":"Hermann","price":8900,"published_date":"2013-07-08T22:00:00.000000Z","support":"Grand format","publisher_availability":1,"stock":0,"editions":[],"url":"https:\/\/quaidesbrumes.com\/ouvrage\/9782705686864\/le-desir-dauthenticite-walter-benjamin-et-lheritage-de-la-bildung-allemande"},{"id":"9782812405006","title":"Bonheur et fiction chez Rousseau","description":"Cette \u00e9tude se positionne dans la lign\u00e9e d'une enqu\u00eate sur le bonheur chez Jean-Jacques Rousseau, qui va de Robert Mauzi \u00e0 Michel Delon. Elle sonde la coh\u00e9rence de ce th\u00e8me r\u00e9current, en confronte les multiples facettes diss\u00e9min\u00e9es dans l'oeuvre et met en lumi\u00e8re le surgissement chez Jean-Jacques Rousseau d'une th\u00e9orie moderne de la \u00abfiction\u00bb, comprise comme matrice du bonheur. Cet ouvrage met aussi en \u00e9vidence la logique spatiale inh\u00e9rente \u00e0 la pens\u00e9e de la f\u00e9licit\u00e9.","authors":["Guilhem Farrugia"],"category_codes":["9000000","9080000","9080200","9080204"],"visuals":{"large":"https:\/\/images.epagine.fr\/006\/9782812405006_1_75.jpg","medium":"https:\/\/images.epagine.fr\/006\/9782812405006_1_m.jpg","thumbnail":"https:\/\/images.epagine.fr\/006\/9782812405006_1_v.jpg"},"orderable":true,"show_badge":true,"formatted_price":"39,00&nbsp;\u20ac","formatted_published_date":"3 mai 2012","publisher_availability_label":"Sur commande","short_details":"Guilhem Farrugia \u2014 CLASSIQUES GARNIER","translator":null,"weight":608,"page_count":361,"readership":null,"editor":"CLASSIQUES GARNIER","price":3900,"published_date":"2012-05-02T22:00:00.000000Z","support":"Grand format","publisher_availability":1,"stock":0,"editions":["9782406156383"],"url":"https:\/\/quaidesbrumes.com\/ouvrage\/9782812405006\/bonheur-et-fiction-chez-rousseau"},{"id":"9782343024165","title":"Image et abstraction Tome 1 ; p\u00e9riode dite de la maturit\u00e9","description":"Mark Rothko (1903-1970) fait partie du mouvement expressionniste  abstrait am\u00e9ricain des ann\u00e9es 50. L'auteur analyse et recontextualise,  dans ce premier volume, la p\u00e9riode abstraite du peintre, afin de mettre  \u00e0 jour les enjeux \/matriciels\/ de l'oeuvre. Certaines matrices  existantes dans la production de la maturit\u00e9 sont-elles d\u00e9j\u00e0 pr\u00e9sentes  dans la premi\u00e8re p\u00e9riode figurative ? Ce livre propose de contribuer \u00e0  la question de l'unit\u00e9 de sa cr\u00e9ation.","authors":["Fr\u00e9deric Mont\u00e9gu"],"category_codes":["9000000","9080000","9080200","9080204"],"visuals":{"large":"https:\/\/images.epagine.fr\/165\/9782343024165_1_75.jpg","medium":"https:\/\/images.epagine.fr\/165\/9782343024165_1_m.jpg","thumbnail":"https:\/\/images.epagine.fr\/165\/9782343024165_1_v.jpg"},"orderable":true,"show_badge":true,"formatted_price":"28,00&nbsp;\u20ac","formatted_published_date":"2 juillet 2014","publisher_availability_label":"Sur commande","short_details":"Fr\u00e9deric Mont\u00e9gu \u2014 \u00c9ditions L'Harmattan","translator":null,"weight":320,"page_count":260,"readership":null,"editor":"\u00c9ditions L'Harmattan","price":2800,"published_date":"2014-07-01T22:00:00.000000Z","support":"Grand format","publisher_availability":1,"stock":0,"editions":[],"url":"https:\/\/quaidesbrumes.com\/ouvrage\/9782343024165\/image-et-abstraction-tome-1-periode-dite-de-la-maturite"},{"id":"9782919739189","title":"\"cahiers \"de Kalymnos\" ; \u00e9crits de jeunesse, de 1991 \u00e0 1996.","description":null,"authors":["C\u00e9line Schmink"],"category_codes":["9000000","9080000"],"visuals":{"large":"https:\/\/quaidesbrumes.com\/img\/book-placeholder.png","medium":"https:\/\/quaidesbrumes.com\/img\/book-placeholder.png","thumbnail":"https:\/\/quaidesbrumes.com\/img\/book-placeholder.png"},"orderable":true,"show_badge":true,"formatted_price":"20,00&nbsp;\u20ac","formatted_published_date":"1er mars 2013","publisher_availability_label":"Sur commande","short_details":"C\u00e9line Schmink \u2014 Escale Spirituelle","translator":null,"weight":400,"page_count":null,"readership":null,"editor":"Escale Spirituelle","price":2000,"published_date":"2013-02-28T23:00:00.000000Z","support":"Grand format","publisher_availability":1,"stock":0,"editions":[],"url":"https:\/\/quaidesbrumes.com\/ouvrage\/9782919739189\/cahiers-de-kalymnos-ecrits-de-jeunesse-de-1991-a-1996"},{"id":"9782343027333","title":"Image et abstraction Tome 2 ; r\u00e9habilitation de l'oeuvre enti\u00e8re","description":"Dans ce deuxi\u00e8me tome, la production de Mark Rothko est amplement  interrog\u00e9e et ce, en identifiant des constantes plastiques, esth\u00e9tiques,  philosophiques. A partir de ces diff\u00e9rences, l'auteur a tent\u00e9 de rep\u00e9rer  les matrices dynamiques de l'oeuvre. Il a voulu contribuer \u00e0 une  r\u00e9habilitation de l'oeuvre enti\u00e8re de Mark Rothko en s'appuyant sur une  probl\u00e9matique centrale : la relation entre Image et Abstraction, ce  \/p\u00f4le variant\/ mettant en \u00e9vidence d'une mani\u00e8re effective l'unit\u00e9 de  l'ensemble de sa cr\u00e9ation picturale allant de 1924 \u00e0 1970.","authors":["Fr\u00e9deric Mont\u00e9gu"],"category_codes":["9000000","9080000","9080200","9080204"],"visuals":{"large":"https:\/\/images.epagine.fr\/333\/9782343027333_1_75.jpg","medium":"https:\/\/images.epagine.fr\/333\/9782343027333_1_m.jpg","thumbnail":"https:\/\/images.epagine.fr\/333\/9782343027333_1_v.jpg"},"orderable":true,"show_badge":true,"formatted_price":"29,00&nbsp;\u20ac","formatted_published_date":"2 juillet 2014","publisher_availability_label":"Sur commande","short_details":"Fr\u00e9deric Mont\u00e9gu \u2014 \u00c9ditions L'Harmattan","translator":null,"weight":325,"page_count":268,"readership":null,"editor":"\u00c9ditions L'Harmattan","price":2900,"published_date":"2014-07-01T22:00:00.000000Z","support":"Grand format","publisher_availability":1,"stock":0,"editions":[],"url":"https:\/\/quaidesbrumes.com\/ouvrage\/9782343027333\/image-et-abstraction-tome-2-rehabilitation-de-loeuvre-entiere"},{"id":"9791037004802","title":"Un monde \u00e0 tous et \u00e0 personne : pirates, flux et r\u00e9seaux dans le nouveau d\u00e9sordre mondial","description":"Notre monde est rempli de paradoxes, dont une bonne partie pourrait se r\u00e9sumer par l'id\u00e9e que c'est un monde qui est \u00e0 tous et \u00e0 personne. Il y a de plus en plus de choses qui nous affectent tous, mais dont personne ne peut, ou ne veut, assumer la responsabilit\u00e9. Quelle est la diff\u00e9rence entre ce qui appartient \u00e0 tous et ce qui n'est pas gouvernable ? Quelle est la diff\u00e9rence entre la responsabilit\u00e9 partag\u00e9e et l'irresponsabilit\u00e9 g\u00e9n\u00e9ralis\u00e9e ?\r\nPour comprendre cette nouvelle constellation, le philosophie espagnol Daniel Innerarity propose la m\u00e9taphore du retour de la piraterie \u00e0 l'\u00e8re globale. Comment penser et gouverner un monde fait de menaces partag\u00e9es et de souverainet\u00e9s d\u00e9bord\u00e9es ? Comment se prot\u00e9ger dans des espaces sans limites claires, dans un monde fait de r\u00e9seaux, de flux et de connexions ?","authors":["Daniel Innerarity","Blanca Navarro Pardinas"],"category_codes":["9000000","9080000","9080200","9080204"],"visuals":{"large":"https:\/\/quaidesbrumes.com\/img\/book-placeholder.png","medium":"https:\/\/quaidesbrumes.com\/img\/book-placeholder.png","thumbnail":"https:\/\/quaidesbrumes.com\/img\/book-placeholder.png"},"orderable":true,"show_badge":true,"formatted_price":"24,00&nbsp;\u20ac","formatted_published_date":"23 juin 2021","publisher_availability_label":"Sur commande","short_details":"Daniel Innerarity, Blanca Navarro Pardinas \u2014 Hermann","translator":"BLANCA NAVARRO PARDINAS","weight":0,"page_count":250,"readership":null,"editor":"Hermann","price":2400,"published_date":"2021-06-22T22:00:00.000000Z","support":"Grand format","publisher_availability":1,"stock":0,"editions":[],"url":"https:\/\/quaidesbrumes.com\/ouvrage\/9791037004802\/un-monde-a-tous-et-a-personne-pirates-flux-et-reseaux-dans-le-nouveau-desordre-mondial"},{"id":"9782842761905","title":"Le soin, une philosophie ; choisir et vivre des pratiques de reconnaissance r\u00e9ciproque","description":"En croisant la pens\u00e9e philosophique sur le soin et la r\u00e9flexion \u00e9manant des acteurs des pratiques soignantes comme de ceux qui les enseignent, ce livre vise \u00e0 oeuvrer \u00e0 la reconnaissance du soin comme source et ressource d'humanit\u00e9.","authors":["Michel Dupuis"],"category_codes":["9000000","9080000","9080200","9080204"],"visuals":{"large":"https:\/\/images.epagine.fr\/905\/9782842761905_1_75.jpg","medium":"https:\/\/images.epagine.fr\/905\/9782842761905_1_m.jpg","thumbnail":"https:\/\/images.epagine.fr\/905\/9782842761905_1_v.jpg"},"orderable":true,"show_badge":true,"formatted_price":"22,00&nbsp;\u20ac","formatted_published_date":"30 avril 2013","publisher_availability_label":"Sur commande","short_details":"Michel Dupuis \u2014 SELI ARSLAN","translator":null,"weight":247,"page_count":157,"readership":null,"editor":"SELI ARSLAN","price":2200,"published_date":"2013-04-29T22:00:00.000000Z","support":"Grand format","publisher_availability":1,"stock":0,"editions":[],"url":"https:\/\/quaidesbrumes.com\/ouvrage\/9782842761905\/le-soin-une-philosophie-choisir-et-vivre-des-pratiques-de-reconnaissance-reciproque"},{"id":"9788882924195","title":"Essais sur la conception mat\u00e9rialiste de l'histoire","description":"Antonio Labriola (1843-1904) est le fondateur du courant marxiste italien.Ami d'Engels, en dialogue avec Georges Sorel, il a renouvel\u00e9 avec originalit\u00e9 la pens\u00e9e de Marx \u00e0 un moment historique o\u00f9 elle semblait \u00eatre en crise.\r\nDepuis 1902, son oeuvre la plus importante, les Essais sur la conception mat\u00e9rialiste de l'histoire, n'\u00e9tait pas traduite en fran\u00e7ais. Ils sont pr\u00e9sent\u00e9s ici dna une nouvelle traduction. Y sont int\u00e9gr\u00e9s d'autre textes de Labriola et \u00e9galement la pr\u00e9face de Georges Sorel \u00e0 la premi\u00e8re \u00e9dition fran\u00e7aise des Essais et la traduction de l'article de Masaryk, \u00ab la crise scientifique et philosophique du marxisme contemporain \u00bb.","authors":["Antonio Labriola"],"category_codes":["9000000","9080000","9080200","9080204"],"visuals":{"large":"https:\/\/images.epagine.fr\/195\/9788882924195_1_75.jpg","medium":"https:\/\/images.epagine.fr\/195\/9788882924195_1_m.jpg","thumbnail":"https:\/\/images.epagine.fr\/195\/9788882924195_1_v.jpg"},"orderable":true,"show_badge":true,"formatted_price":"35,00&nbsp;\u20ac","formatted_published_date":"10 f\u00e9vrier 2011","publisher_availability_label":"Sur commande","short_details":"Antonio Labriola \u2014 Vrin","translator":null,"weight":0,"page_count":402,"readership":null,"editor":"Vrin","price":3500,"published_date":"2011-02-09T23:00:00.000000Z","support":"Grand format","publisher_availability":1,"stock":0,"editions":[],"url":"https:\/\/quaidesbrumes.com\/ouvrage\/9788882924195\/essais-sur-la-conception-materialiste-de-lhistoire"},{"id":"9782357480971","title":"Philosophie de Georges Palante Tome 1 ; l'artiste","description":"Georges Palante (1862-1925) dresse un portrait de l'individu face \u00e0 l'homme moyen c\u00e9l\u00e9br\u00e9 par le durkheimisme ambiant : figure de la r\u00e9volte individuelle luttant contre le conformisme gr\u00e9gaire et le dogmatisme, l'ariste se distingue de l'aristocrate par son refus des faits de domination et du fatalisme qui condamne l'homme \u00e0 se soumettre au ce qui est des valeurs \u00e9tablies. Un oeuvre courageuse o\u00f9 l'individu est la seule source d'\u00e9nergie, la seule mesure de l'id\u00e9al.","authors":["Dominique Depenne"],"category_codes":["9000000","9080000","9080200","9080204"],"visuals":{"large":"https:\/\/images.epagine.fr\/971\/9782357480971_1_75.jpg","medium":"https:\/\/images.epagine.fr\/971\/9782357480971_1_m.jpg","thumbnail":"https:\/\/images.epagine.fr\/971\/9782357480971_1_v.jpg"},"orderable":true,"show_badge":true,"formatted_price":"36,00&nbsp;\u20ac","formatted_published_date":"5 f\u00e9vrier 2013","publisher_availability_label":"Sur commande","short_details":"Dominique Depenne \u2014 Kareline","translator":null,"weight":480,"page_count":270,"readership":null,"editor":"Kareline","price":3600,"published_date":"2013-02-04T23:00:00.000000Z","support":"Grand format","publisher_availability":1,"stock":0,"editions":[],"url":"https:\/\/quaidesbrumes.com\/ouvrage\/9782357480971\/philosophie-de-georges-palante-tome-1-lartiste"},{"id":"9782705688905","title":"J\u00e9sus : lecture de l'Evangile selon Luc, Volume 2 : Tu es Rex ?","description":"Dans ce second tome du commentaire de l'\u00c9vangile de Luc, Rapha\u00ebl Dra\u00ef retrace la vie de J\u00e9sus alors qu'il s'approche du lieu fatidique: le Temple de J\u00e9rusalem. Plusieurs questions se posent, qui touchent aussi au point d'achoppement du dialogue entre Juifs et Chr\u00e9tiens: le peuple d'Isra\u00ebl s'est-il acharn\u00e9 \u00e0 perdre l'un des siens, ou n'est-il qu'un bouc \u00e9missaire id\u00e9alement choisi? Pourquoi la plus haute instance morale et juridictionnelle d'Isra\u00ebl appara\u00eet-elle comme une institution corrompue et tra\u00eetresse bafouant les principes essentiels du D\u00e9calogue ? Au regard du droit positif v\u00e9ritable  d'Isra\u00ebl et du droit romain imp\u00e9rial, est-on fond\u00e9 \u00e0 parler d'un v\u00e9ritable proc\u00e8s de J\u00e9sus ? Pourquoi Luc cherche-t-il \u00e0 innocenter le procurateur romain tandis que J\u00e9sus se refuse \u00e0 d\u00e9clarer clairement s'il est le Messie et surtout le Rex  que l'Empereur ne saurait tol\u00e9rer ? Pourquoi J\u00e9sus est-il finalement men\u00e9 au Golgotha ?  Qu'est-il advenu apr\u00e8s la crucifixion et la mise au tombeau ? Pourquoi l'incr\u00e9dulit\u00e9 des Ap\u00f4tres r\u00e9siste-t-elle au t\u00e9moignage de r\u00e9surrection de Marie-Madeleine ? Et quels temps, \u00e0 partir de l'auberge d'Emmaus, se dessinent d\u00e9sormais pour la conscience humaine ?","authors":["Rapha\u00ebl Dra\u00ef"],"category_codes":["9000000","9080000"],"visuals":{"large":"https:\/\/images.epagine.fr\/905\/9782705688905_1_75.jpg","medium":"https:\/\/images.epagine.fr\/905\/9782705688905_1_m.jpg","thumbnail":"https:\/\/images.epagine.fr\/905\/9782705688905_1_v.jpg"},"orderable":true,"show_badge":true,"formatted_price":"35,00&nbsp;\u20ac","formatted_published_date":"14 novembre 2014","publisher_availability_label":"Sur commande","short_details":"Rapha\u00ebl Dra\u00ef \u2014 Hermann","translator":null,"weight":445,"page_count":274,"readership":null,"editor":"Hermann","price":3500,"published_date":"2014-11-13T23:00:00.000000Z","support":"Grand format","publisher_availability":1,"stock":0,"editions":[],"url":"https:\/\/quaidesbrumes.com\/ouvrage\/9782705688905\/jesus-lecture-de-levangile-selon-luc-volume-2-tu-es-rex"},{"id":"9782296544291","title":"Contrari\u00e9t\u00e9 sans dialectique ; logique et politique h\u00e9g\u00e9liennes face \u00e0 la critique sociale marxienne","description":"Lanc\u00e9 \u00e0 propos de la soci\u00e9t\u00e9 civile et de l'Etat dans Critique du droit public h\u00e9g\u00e9lien, le fameux mot de Marx sur \"les vrais extr\u00eames effectifs qui ne se r\u00e9clament ni ne se compl\u00e8tent l'un l'autre, pr\u00e9cis\u00e9ment parce qu'ils sont des extr\u00eames effectifs, qu'ils n'ont rien de commun, qu'ils sont des essences oppos\u00e9es\" rend un son pour le moins rev\u00eache \u00e0 l'oreille quelque peu rompue, si l'on peut dire, au d\u00e9li\u00e9 de la dialectique. Et de fait, dans cette critique de la philosophie de l'Etat par Hegel, la formule r\u00e9cuse le statut dialectique des extr\u00eames...","authors":["Jean-fran\u00e7ois Gava"],"category_codes":["9000000","9080000","9080200","9080204"],"visuals":{"large":"https:\/\/images.epagine.fr\/291\/9782296544291_1_75.jpg","medium":"https:\/\/images.epagine.fr\/291\/9782296544291_1_m.jpg","thumbnail":"https:\/\/images.epagine.fr\/291\/9782296544291_1_v.jpg"},"orderable":true,"show_badge":true,"formatted_price":"33,50&nbsp;\u20ac","formatted_published_date":"11 f\u00e9vrier 2011","publisher_availability_label":"Sur commande","short_details":"Jean-fran\u00e7ois Gava \u2014 \u00c9ditions L'Harmattan","translator":null,"weight":510,"page_count":null,"readership":null,"editor":"\u00c9ditions L'Harmattan","price":3350,"published_date":"2011-02-10T23:00:00.000000Z","support":"Grand format","publisher_availability":1,"stock":0,"editions":[],"url":"https:\/\/quaidesbrumes.com\/ouvrage\/9782296544291\/contrariete-sans-dialectique-logique-et-politique-hegeliennes-face-a-la-critique-sociale-marxienne"},{"id":"9782702210024","title":"Herv\u00e9 T\u00e9l\u00e9maque","description":"On associe souvent T\u00e9l\u00e9maque aux peintres de la \u00ab fi guration narrative \u00bb \u00e0 laquelle il contribua au milieu des ann\u00e9es 1960 (exposition : Mythologies quotidiennes, 1964, Paris). Mais l'oeuvre de T\u00e9l\u00e9maque se d\u00e9ploiera dans bien des directions, avec bien des mat\u00e9riaux et une riche prodigalit\u00e9 de styles. Homme de plusieurs continents (Ha\u00efti, New York, Europe), h\u00e9ritier d'une longue histoire (traite des Noirs, esclavage), ce citoyen du monde explore le sens de l'aventure humaine. Ami des po\u00e8tes, il est lui-m\u00eame un po\u00e8te de la toile, des couleurs, de la constitution d'objets paradoxaux et d'assemblages, ne se trouvant jamais l\u00e0 o\u00f9 on l'attend. Ce livre s'attache \u00e0 retracer son parcours en tentant de permettre au lecteur de s'y joindre par le plaisir de la d\u00e9couverte et la pl\u00e9nitude du regard.","authors":["Bernard Vasseur"],"category_codes":["9000000","9080000","9080200","9080204"],"visuals":{"large":"https:\/\/images.epagine.fr\/024\/9782702210024_1_75.jpg","medium":"https:\/\/images.epagine.fr\/024\/9782702210024_1_m.jpg","thumbnail":"https:\/\/images.epagine.fr\/024\/9782702210024_1_v.jpg"},"orderable":true,"show_badge":true,"formatted_price":"25,00&nbsp;\u20ac","formatted_published_date":"19 septembre 2013","publisher_availability_label":"Sur commande","short_details":"Bernard Vasseur \u2014 Cercle D'Art","translator":null,"weight":1036,"page_count":112,"readership":null,"editor":"Cercle D'Art","price":2500,"published_date":"2013-09-18T22:00:00.000000Z","support":"Grand format","publisher_availability":1,"stock":0,"editions":[],"url":"https:\/\/quaidesbrumes.com\/ouvrage\/9782702210024\/herve-telemaque"},{"id":"9782905151391","title":"Franchir les murs de verre ; opus 4 ; un monde de solutions","description":"Franchir les Murs de Verre est un essai soci\u00e9tal destin\u00e9 \u00e0 cerner les grands enjeux soci\u00e9taux et les multiples probl\u00e9matiques associ\u00e9es \u00e0 l'exercice de la d\u00e9mocratie citoyenne \u00e0 l'aube du IIIe mill\u00e9naire. Il comprend 4 opus en faveur du renouveau soci\u00e9tal dont l'objectif commun est de sortir par le haut des logiques imparfaites animant les r\u00e9gimes politiques et les syst\u00e8mes en place : . L'opus 1 aborde les fondamentaux de la d\u00e9mocratie moderne et la critique du syst\u00e8me. \r\nL'opus 2 ouvre sur un champ de r\u00e9flexion politique ainsi que sur le sens \u00e0 donner \u00e0 l'esprit de d\u00e9mocratie. L'opus 3 concerne la dimension \u00e9conomique et sociologique . L'opus 4 est un r\u00e9sum\u00e9 des principales solutions et pistes de r\u00e9flexion \u00e0 mener en d\u00e9mocratie citoyenne. Ces 4 opus permettent, au fil de la r\u00e9flexion, de se constituer une conscience et une vision plus globale sur la nature profonde des fondements soci\u00e9taux modernes. \r\nIls permettent de se placer au-dessus de l'agitation m\u00e9diatique, du th\u00e9\u00e2tre politique, de l'actualit\u00e9 du monde, des id\u00e9ologies politiques, religieuses et \u00e9conomiques. Au-del\u00e0 du constat psychosociologique, philosophique et scientifique, cet essai est destin\u00e9 aux hommes et aux femmes de bonne volont\u00e9 anim\u00e9s par l'esprit de d\u00e9mocratie souhaitant \u00e9voluer vers un plus large \u00ababoutissement\u00bb individuel et collectif.","authors":["Monthome"],"category_codes":["9000000","9080000","9080200","9080204"],"visuals":{"large":"https:\/\/images.epagine.fr\/391\/9782905151391_1_75.jpg","medium":"https:\/\/images.epagine.fr\/391\/9782905151391_1_m.jpg","thumbnail":"https:\/\/images.epagine.fr\/391\/9782905151391_1_v.jpg"},"orderable":true,"show_badge":true,"formatted_price":"9,90&nbsp;\u20ac","formatted_published_date":"10 d\u00e9cembre 2012","publisher_availability_label":"Sur commande","short_details":"Monthome \u2014 M3 Editions Numeriques","translator":null,"weight":0,"page_count":216,"readership":null,"editor":"M3 Editions Numeriques","price":990,"published_date":"2012-12-09T23:00:00.000000Z","support":"Grand format","publisher_availability":1,"stock":0,"editions":[],"url":"https:\/\/quaidesbrumes.com\/ouvrage\/9782905151391\/franchir-les-murs-de-verre-opus-4-un-monde-de-solutions"},{"id":"9782746750739","title":"Croyances ; comment expliquer le monde ?","description":"La Terre est ronde : tout le monde le sait. Pourtant, pour nos anc\u00eatres, elle \u00e9tait plate. Leur savoir \u00e9tait-il inf\u00e9rieur au n\u00f4tre ? Et aujourd'hui encore, que savons-nous v\u00e9ritablement ? Dans notre monde rationnel, peut-on s'affranchir des croyances ?De la science \u00e0 la religion ou aux mythes, de l'horoscope \u00e0 la superstition ou aux sondages, Henri Atlan d\u00e9cline les mille facettes des croyances : elles demeurent un rouage essentiel de notre rapport au monde, une articulation fondamentale de la pens\u00e9e, indispensables \u00e0 la connaissance, \u00e0 l'intelligence et \u00e0 la libert\u00e9.","authors":["Henri Atlan"],"category_codes":["9000000","9080000","9080700"],"visuals":{"large":"https:\/\/images.epagine.fr\/739\/9782746750739_1_75.jpg","medium":"https:\/\/images.epagine.fr\/739\/9782746750739_1_m.jpg","thumbnail":"https:\/\/images.epagine.fr\/739\/9782746750739_1_v.jpg"},"orderable":true,"show_badge":true,"formatted_price":"10,00&nbsp;\u20ac","formatted_published_date":"3 octobre 2018","publisher_availability_label":"Sur commande","short_details":"Henri Atlan \u2014 Autrement","translator":null,"weight":318,"page_count":416,"readership":null,"editor":"Autrement","price":1000,"published_date":"2018-10-02T22:00:00.000000Z","support":"Poche","publisher_availability":1,"stock":0,"editions":[],"url":"https:\/\/quaidesbrumes.com\/ouvrage\/9782746750739\/croyances-comment-expliquer-le-monde"},{"id":"9782296970250","title":"La science, sympt\u00f4me de l'Occident ; le comment des impasses de la recherche scientifique occidentale","description":"Et si les scientifiques avaient trop compliqu\u00e9 leur processus de d\u00e9monstration ? Et si la d\u00e9monstration, peu concluante, s'embourbait simplement parce qu'elle rel\u00e8ve en vrai d'un raisonnement paralogique psychiatrique tel que celui que l'on rencontre dans le discours du parano\u00efaque, discours logique certes mais qui part d'un postulat faux ? Nous sous-entendons ici que cette hypoth\u00e8se est fort probable.","authors":["Lawrence Thiebert"],"category_codes":["9000000","9080000","9080200","9080204"],"visuals":{"large":"https:\/\/images.epagine.fr\/250\/9782296970250_1_75.jpg","medium":"https:\/\/images.epagine.fr\/250\/9782296970250_1_m.jpg","thumbnail":"https:\/\/images.epagine.fr\/250\/9782296970250_1_v.jpg"},"orderable":true,"show_badge":true,"formatted_price":"14,00&nbsp;\u20ac","formatted_published_date":"26 juillet 2012","publisher_availability_label":"Sur commande","short_details":"Lawrence Thiebert \u2014 \u00c9ditions L'Harmattan","translator":null,"weight":150,"page_count":116,"readership":null,"editor":"\u00c9ditions L'Harmattan","price":1400,"published_date":"2012-07-25T22:00:00.000000Z","support":"Grand format","publisher_availability":1,"stock":0,"editions":[],"url":"https:\/\/quaidesbrumes.com\/ouvrage\/9782296970250\/la-science-symptome-de-loccident-le-comment-des-impasses-de-la-recherche-scientifique-occidentale"},{"id":"9782705681883","title":"L'esprit, acte pur","description":"Fac simil\u00e9 de l'\u00e9dition de 1925, traduction de l'italien par Aline Lion (\u00c9ditions F\u00e9lix Alcan)\r\n\r\nOuvrage majeur de la philosophie europ\u00e9enne, ce livre signe la limite extr\u00eame et la plus coh\u00e9rente du subjectivisme moderne. De Descartes \u00e0 Kant, de Kant \u00e0 Hegel, jusqu'\u00e0 son propre \u00ab actualisme \u00bb, Giovanni Gentile synth\u00e9tise dans sa philosophie de l'esprit le parcours historique du moderne. La philosophie \u00ab actualiste \u00bb a voulu identifier toute r\u00e9alit\u00e9 avec l'acte de la pens\u00e9e qui se cherche. R\u00e9alisation sublime et en m\u00eame temps inqui\u00e9te de l'immanentisme, la philosophie de Gentile s'\u00e9l\u00e8ve encore aujourd'hui comme un monument \u00e0 la puissance et \u00e0 la force de la pens\u00e9e. Chef-d'oeuvre encore peu connu en France, L'Esprit, acte pur est aujourd'hui nouvellement mis a disposition du lecteur dans la belle traduction d'Aline Lion.","authors":["Giovanni Gentile"],"category_codes":["9000000","9080000","9080200","9080204"],"visuals":{"large":"https:\/\/images.epagine.fr\/883\/9782705681883_1_75.jpg","medium":"https:\/\/images.epagine.fr\/883\/9782705681883_1_m.jpg","thumbnail":"https:\/\/images.epagine.fr\/883\/9782705681883_1_v.jpg"},"orderable":true,"show_badge":true,"formatted_price":"34,00&nbsp;\u20ac","formatted_published_date":"16 mai 2012","publisher_availability_label":"Sur commande","short_details":"Giovanni Gentile \u2014 Hermann","translator":null,"weight":350,"page_count":225,"readership":null,"editor":"Hermann","price":3400,"published_date":"2012-05-15T22:00:00.000000Z","support":"Grand format","publisher_availability":1,"stock":0,"editions":[],"url":"https:\/\/quaidesbrumes.com\/ouvrage\/9782705681883\/lesprit-acte-pur"},{"id":"9782296544635","title":"De Nietzsche \u00e0 Heidegger, l'\u00e9criture sp\u00e9culaire en philosophie","description":"Cet ouvrage explore l'hypoth\u00e8se que Nietzsche et Heidegger pourraient avoir un lien de parent\u00e9 beaucoup plus profond encore qu'on ne le soup\u00e7onnait : l'\u00e9criture et la pens\u00e9e sp\u00e9culaire. En effet, ces deux philosophes majeurs portent un regard r\u00e9flexif sur leur propre activit\u00e9 consistant \u00e0 philosopher. La gangue langagi\u00e8re - \u00e9criture, texte, types de discours - o\u00f9 prend corps la pens\u00e9e n'est pas sans incidence sur cette pens\u00e9e. Serge Botet analyse ici les modalit\u00e9s de cette sp\u00e9cularit\u00e9 philosophique chez l'un et l'autre philosophe.","authors":["Serge Botet"],"category_codes":["9000000","9080000","9080200","9080204"],"visuals":{"large":"https:\/\/images.epagine.fr\/635\/9782296544635_1_75.jpg","medium":"https:\/\/images.epagine.fr\/635\/9782296544635_1_m.jpg","thumbnail":"https:\/\/images.epagine.fr\/635\/9782296544635_1_v.jpg"},"orderable":true,"show_badge":true,"formatted_price":"18,50&nbsp;\u20ac","formatted_published_date":"17 mars 2011","publisher_availability_label":"Sur commande","short_details":"Serge Botet \u2014 \u00c9ditions L'Harmattan","translator":null,"weight":231,"page_count":175,"readership":null,"editor":"\u00c9ditions L'Harmattan","price":1850,"published_date":"2011-03-16T23:00:00.000000Z","support":"Grand format","publisher_availability":1,"stock":0,"editions":[],"url":"https:\/\/quaidesbrumes.com\/ouvrage\/9782296544635\/de-nietzsche-a-heidegger-lecriture-speculaire-en-philosophie"},{"id":"9782296127319","title":"Entre Heidegger et Hegel ; \u00e9closion et vie de l'\u00eatre","description":"Selon un propos de Heidegger, lui-m\u00eame et Hegel pensent la m\u00eame chose, l'\u00eatre, qui n'est pourtant pas une chose identique. Interdisant d\u00e9finitivement toute articulation positive, l'\u00eatre partag\u00e9 par Hegel et Heidegger ne se laisse aborder que dans le conflit. On reconna\u00eet dans ce livre l'int\u00e9r\u00eat de la question de l'\u00eatre ouverte par Heidegger. En l'adressant \u00e0 Hegel, on d\u00e9couvre la possibilit\u00e9 d'une pens\u00e9e de la vie naturelle, et non plus th\u00e9ologique, qui inqui\u00e8te la pens\u00e9e de l'\u00e9closion de l'\u00eatre.","authors":["Susanna Lindberg"],"category_codes":["9000000","9080000","9080200","9080204"],"visuals":{"large":"https:\/\/images.epagine.fr\/319\/9782296127319_1_75.jpg","medium":"https:\/\/images.epagine.fr\/319\/9782296127319_1_m.jpg","thumbnail":"https:\/\/images.epagine.fr\/319\/9782296127319_1_v.jpg"},"orderable":true,"show_badge":true,"formatted_price":"20,50&nbsp;\u20ac","formatted_published_date":"15 d\u00e9cembre 2010","publisher_availability_label":"Sur commande","short_details":"Susanna Lindberg \u2014 \u00c9ditions L'Harmattan","translator":null,"weight":245,"page_count":194,"readership":null,"editor":"\u00c9ditions L'Harmattan","price":2050,"published_date":"2010-12-14T23:00:00.000000Z","support":"Grand format","publisher_availability":1,"stock":0,"editions":[],"url":"https:\/\/quaidesbrumes.com\/ouvrage\/9782296127319\/entre-heidegger-et-hegel-eclosion-et-vie-de-letre"},{"id":"9782343088679","title":"Apprendre \u00e0 penser avec Marc Aur\u00e8le","description":"Il est un \u00e9trange paradoxe qui traverse les pens\u00e9es de Marc Aur\u00e8le : il n'est fait aucune analyse sur le pouvoir. On y trouve un art de vivre, une sagesse interpellant \u00e0 m\u00e9diter et \u00e0 vivre en accord avec soi-m\u00eame, avec autrui et la nature. La philosophie consiste \u00e0 ce que le g\u00e9nie qui est en nous reste sans outrage et sans dommage, qu'il soit au dessus des plaisirs et des peines et qu'il ne fasse rien au hasard.","authors":["Robert Tirvaudey"],"category_codes":["9000000","9080000"],"visuals":{"large":"https:\/\/images.epagine.fr\/679\/9782343088679_1_75.jpg","medium":"https:\/\/images.epagine.fr\/679\/9782343088679_1_m.jpg","thumbnail":"https:\/\/images.epagine.fr\/679\/9782343088679_1_v.jpg"},"orderable":true,"show_badge":true,"formatted_price":"33,00&nbsp;\u20ac","formatted_published_date":"3 mars 2017","publisher_availability_label":"Sur commande","short_details":"Robert Tirvaudey \u2014 \u00c9ditions L'Harmattan","translator":null,"weight":366,"page_count":306,"readership":null,"editor":"\u00c9ditions L'Harmattan","price":3300,"published_date":"2017-03-02T23:00:00.000000Z","support":"Grand format","publisher_availability":1,"stock":0,"editions":[],"url":"https:\/\/quaidesbrumes.com\/ouvrage\/9782343088679\/apprendre-a-penser-avec-marc-aurele"},{"id":"9782336005966","title":"L'ontologie de Merleau-Ponty","description":"Ce petit essai paru dix ans apr\u00e8s la mort du philosophe entendait s'opposer \u00e0 l'\u00e9tude tr\u00e8s r\u00e9pandue d'Alphonse de Waehlens, qui insistait sur l'ambigu\u00eft\u00e9 de Merleau-Ponty, divis\u00e9 entre ph\u00e9nom\u00e9nologie et ontologie. Nous lui r\u00e9pondions, prenant appui sur la publication posthume : Le Visible et l'Invisible, que l'ambigu\u00eft\u00e9 \u00e9tait d\u00e9pass\u00e9e par une v\u00e9ritable ontologie, comme l'avaient bien vu peu avant nous Andr\u00e9 Robinet et le R\u00e9v\u00e9rend P\u00e8re Xavier Tilliette.","authors":["Fran\u00e7ois Heidsieck"],"category_codes":["9000000","9080000","9080200","9080204"],"visuals":{"large":"https:\/\/images.epagine.fr\/966\/9782336005966_1_75.jpg","medium":"https:\/\/images.epagine.fr\/966\/9782336005966_1_m.jpg","thumbnail":"https:\/\/images.epagine.fr\/966\/9782336005966_1_v.jpg"},"orderable":true,"show_badge":true,"formatted_price":"15,50&nbsp;\u20ac","formatted_published_date":"24 d\u00e9cembre 2012","publisher_availability_label":"Sur commande","short_details":"Fran\u00e7ois Heidsieck \u2014 \u00c9ditions L'Harmattan","translator":null,"weight":205,"page_count":140,"readership":null,"editor":"\u00c9ditions L'Harmattan","price":1550,"published_date":"2012-12-23T23:00:00.000000Z","support":"Grand format","publisher_availability":1,"stock":0,"editions":[],"url":"https:\/\/quaidesbrumes.com\/ouvrage\/9782336005966\/lontologie-de-merleau-ponty"}]}