{"data":[{"id":"9782705687366","title":"Pelerinages pour cythere au siecle des lumieres","description":"1717. Antoine Watteau vient de rendre son morceau de r\u00e9ception \u00e0 l'Acad\u00e9mie royale de Peinture et de Sculpture : le P\u00e8lerinage \u00e0 l'\u00eele de Cyth\u00e8re. L'extraordinaire succ\u00e8s que conna\u00eet la repr\u00e9sentation de couples en partance pour l'\u00eele de l'Amour a contribu\u00e9 \u00e0 faire de ce th\u00e8me une v\u00e9ritable m\u00e9taphore de la culture fran\u00e7aise du premier XVIIIe si\u00e8cle. Si quelques auteurs du si\u00e8cle des Lumi\u00e8res s'empressent de glorifier l'art du peintre de Valenciennes, les p\u00e8lerins pour Cyth\u00e8re qui peuplent la litt\u00e9rature fran\u00e7aise du XVIIIe si\u00e8cle appartiennent pourtant \u00e0 une tout autre tradition. Po\u00e9sies n\u00e9o-pr\u00e9cieuses, romans libertins et voyages all\u00e9goriques sont autant de formes litt\u00e9raires sollicit\u00e9es par les nombreux \u00e9crivains du XVIIIe si\u00e8cle qui se sont embarqu\u00e9s pour l'\u00eele de V\u00e9nus. \u00c9trangers tant aux r\u00eaveries de Verlaine qu'aux cauchemars de Baudelaire et de Nerval, les textes de cette anthologie plongent au coeur d'une m\u00e9moire lettr\u00e9e qui remonte aux contr\u00e9es all\u00e9goriques ch\u00e8res \u00e0 Madeleine de Scud\u00e9ry, au Songe de Poliphile de Francesco Colonna, jusqu'aux p\u00e8lerins amoureux du Moyen \u00c2ge.","authors":["S\u00e9bastien Drouin"],"category_codes":["9000000","9080000","9080200","9080204"],"visuals":{"large":"https:\/\/images.epagine.fr\/366\/9782705687366_1_75.jpg","medium":"https:\/\/images.epagine.fr\/366\/9782705687366_1_m.jpg","thumbnail":"https:\/\/images.epagine.fr\/366\/9782705687366_1_v.jpg"},"orderable":true,"show_badge":true,"formatted_price":"29,00&nbsp;\u20ac","formatted_published_date":"15 janvier 2014","publisher_availability_label":"Sur commande","short_details":"S\u00e9bastien Drouin \u2014 Hermann","translator":null,"weight":355,"page_count":248,"readership":null,"editor":"Hermann","price":2900,"published_date":"2014-01-14T23:00:00.000000Z","support":"Grand format","publisher_availability":1,"stock":0,"editions":[],"url":"https:\/\/quaidesbrumes.com\/ouvrage\/9782705687366\/pelerinages-pour-cythere-au-siecle-des-lumieres"},{"id":"9782213015699","title":"\u00c0 ceux qui ne croient plus en rien ni en personne","description":null,"authors":["Christian Chabanis"],"category_codes":["9000000","9080000","9080200","9080204"],"visuals":{"large":"https:\/\/images.epagine.fr\/699\/9782213015699_1_75.jpg","medium":"https:\/\/images.epagine.fr\/699\/9782213015699_1_m.jpg","thumbnail":"https:\/\/images.epagine.fr\/699\/9782213015699_1_v.jpg"},"orderable":true,"show_badge":true,"formatted_price":"24,00&nbsp;\u20ac","formatted_published_date":"3 avril 1985","publisher_availability_label":"Sur commande","short_details":"Christian Chabanis \u2014 Fayard","translator":null,"weight":496,"page_count":358,"readership":null,"editor":"Fayard","price":2400,"published_date":"1985-04-02T22:00:00.000000Z","support":"Grand format","publisher_availability":1,"stock":0,"editions":[],"url":"https:\/\/quaidesbrumes.com\/ouvrage\/9782213015699\/a-ceux-qui-ne-croient-plus-en-rien-ni-en-personne"},{"id":"9782296569256","title":"Avoir ; une approche ph\u00e9nom\u00e9nologique","description":"Assurer le primat de l'avoir sur l'\u00eatre, telle est l'ambition de cette r\u00e9interpr\u00e9tation des th\u00e8mes de la ph\u00e9nom\u00e9nologie de la connaissance. Les th\u00e8mes husserliens comme l'intentionnalit\u00e9 perceptive ou la synth\u00e8se passive sont relus \u00e0 partir du probl\u00e8me de l'avoir. L'\u00e9vidence du cogito est interrog\u00e9e comme une forme particuli\u00e8re de possession. Mais la puissance hyperbolique de l'avoir trouve sa limite dans l'id\u00e9e du monde comme totalit\u00e9, le Cosmos. \u0160","authors":["Olivier Lahbib"],"category_codes":["9000000","9080000","9080200","9080204"],"visuals":{"large":"https:\/\/images.epagine.fr\/256\/9782296569256_1_75.jpg","medium":"https:\/\/images.epagine.fr\/256\/9782296569256_1_m.jpg","thumbnail":"https:\/\/images.epagine.fr\/256\/9782296569256_1_v.jpg"},"orderable":true,"show_badge":true,"formatted_price":"17,50&nbsp;\u20ac","formatted_published_date":"14 d\u00e9cembre 2011","publisher_availability_label":"Sur commande","short_details":"Olivier Lahbib \u2014 \u00c9ditions L'Harmattan","translator":null,"weight":195,"page_count":153,"readership":null,"editor":"\u00c9ditions L'Harmattan","price":1750,"published_date":"2011-12-13T23:00:00.000000Z","support":"Grand format","publisher_availability":1,"stock":0,"editions":[],"url":"https:\/\/quaidesbrumes.com\/ouvrage\/9782296569256\/avoir-une-approche-phenomenologique"},{"id":"9782373690002","title":"Esquisse d'une th\u00e9orie empiriste de la morale","description":"Ce livre se propose, en construisant une th\u00e9orie empiriste de la morale d\u00e9barrass\u00e9e des apories des th\u00e9ories classiques, de surmonter les difficult\u00e9s qui se dressent devant la compr\u00e9hension de la morale et des pratiques morales. Il apporte une solution \u00e0 quelques probl\u00e8mes \u00e9pineux tels que celui de la dialectique de l'universalisme et du relativisme ou de la subjectivit\u00e9 de la morale. Il ouvre \u00e0 la fondation d'un discours non europ\u00e9en des pratiques, sp\u00e9cialement ici des pratiques africaines.","authors":["Nyano Emboussi"],"category_codes":["9000000","9080000","9080200","9080204"],"visuals":{"large":"https:\/\/images.epagine.fr\/002\/9782373690002_1_75.jpg","medium":"https:\/\/images.epagine.fr\/002\/9782373690002_1_m.jpg","thumbnail":"https:\/\/images.epagine.fr\/002\/9782373690002_1_v.jpg"},"orderable":true,"show_badge":true,"formatted_price":"14,00&nbsp;\u20ac","formatted_published_date":"12 mars 2015","publisher_availability_label":"Sur commande","short_details":"Nyano Emboussi \u2014 DIANOIA","translator":null,"weight":195,"page_count":138,"readership":null,"editor":"DIANOIA","price":1400,"published_date":"2015-03-11T23:00:00.000000Z","support":"Grand format","publisher_availability":1,"stock":0,"editions":[],"url":"https:\/\/quaidesbrumes.com\/ouvrage\/9782373690002\/esquisse-dune-theorie-empiriste-de-la-morale"},{"id":"9782336298726","title":"\u00e0 l'orient de Michel Henry","description":"Ce recueil t\u00e9moigne d'un double ancrage : dans la ph\u00e9nom\u00e9nologie de la vie de Michel Henry et dans la tradition zen. En confrontant ces deux pens\u00e9es, il montre la f\u00e9condit\u00e9 d'une mise en relation de deux approches philosophiques radicales de la r\u00e9alit\u00e9 humaine sise dans la vie qui la porte et constitue son origine absolue. L'auteur lit chez Michel Henry, dont il fut l'\u00e9l\u00e8ve et l'ami, les cat\u00e9gories capables d'\u00e9tablir une lecture crois\u00e9e entre deux formes d'exploration rigoureuses de la subjectivit\u00e9.","authors":["Roland Vaschalde"],"category_codes":["9000000","9080000","9080200","9080204"],"visuals":{"large":"https:\/\/images.epagine.fr\/726\/9782336298726_1_75.jpg","medium":"https:\/\/images.epagine.fr\/726\/9782336298726_1_m.jpg","thumbnail":"https:\/\/images.epagine.fr\/726\/9782336298726_1_v.jpg"},"orderable":true,"show_badge":true,"formatted_price":"13,00&nbsp;\u20ac","formatted_published_date":"3 octobre 2014","publisher_availability_label":"Sur commande","short_details":"Roland Vaschalde \u2014 Orizons","translator":null,"weight":208,"page_count":122,"readership":null,"editor":"Orizons","price":1300,"published_date":"2014-10-02T22:00:00.000000Z","support":"Grand format","publisher_availability":1,"stock":0,"editions":[],"url":"https:\/\/quaidesbrumes.com\/ouvrage\/9782336298726\/a-lorient-de-michel-henry"},{"id":"9782357481091","title":"Marcel Mauss, en th\u00e9orie et en pratique ; anthropologie, sociologie, philosophie","description":"A la fronti\u00e8re entre anthropologie, sociologie et philosophie, l'oeuvre de Marcel Mauss (1872-1950) conna\u00eet une prosp\u00e9rit\u00e9 prot\u00e9iforme. Comment Mauss menait-il ses recherches, avec quels outils bibliographiques, conceptuels et th\u00e9oriques ? Comment sommes-nous aujourd'hui influenc\u00e9s, travaill\u00e9s par son oeuvre sur nos terrains d'enqu\u00eate ? Quelle est sa post\u00e9rit\u00e9 en anthropologie, en sociologie, en philosophie ?","authors":["Erwan Dianteill"],"category_codes":["9000000","9080000","9080200","9080204"],"visuals":{"large":"https:\/\/images.epagine.fr\/091\/9782357481091_1_75.jpg","medium":"https:\/\/images.epagine.fr\/091\/9782357481091_1_m.jpg","thumbnail":"https:\/\/images.epagine.fr\/091\/9782357481091_1_v.jpg"},"orderable":true,"show_badge":true,"formatted_price":"36,00&nbsp;\u20ac","formatted_published_date":"25 septembre 2014","publisher_availability_label":"Sur commande","short_details":"Erwan Dianteill \u2014 Kareline","translator":null,"weight":520,"page_count":398,"readership":null,"editor":"Kareline","price":3600,"published_date":"2014-09-24T22:00:00.000000Z","support":"Grand format","publisher_availability":1,"stock":0,"editions":[],"url":"https:\/\/quaidesbrumes.com\/ouvrage\/9782357481091\/marcel-mauss-en-theorie-et-en-pratique-anthropologie-sociologie-philosophie"},{"id":"9782705687649","title":"La parole incertaine : Montaigne en dialogue","description":"\u00c0 trop vanter la sagesse ou la s\u00e9r\u00e9nit\u00e9 de Montaigne, on risque d'enfermer sa pens\u00e9e dans la d\u00e9su\u00e9tude et on n\u00e9glige de la confronter \u00e0 d'autres. Or, par l'incertitude qui l'anime, cette pens\u00e9e s'inscrit au coeur des d\u00e9bats sur la naissance de la conscience moderne. Pour y r\u00e9fl\u00e9chir cet ouvrage tente d'abord de cerner l'art du jugement que mettent en oeuvre les Essais, puis il en approfondit certaines facettes (la politique, la religion, la fiction et l'identit\u00e9) en donnant \u00e0 Montaigne quatre interlocuteurs. Le dialogue avec Machiavel, Pascal, Rousseau et Diderot permet d'explorer l'un des enjeux d\u00e9cisifs de son projet : avec quelles intentions et avec quelles cons\u00e9quences peut-on adresser aux autres une parole incertaine ? Si la parole de Montaigne est incertaine de ce qu'elle avance, elle est aussi incertaine de susciter l'interlocution souhait\u00e9e, c'est pourquoi son pari sur la v\u00e9rit\u00e9 est indissociable d'un pari sur la sociabilit\u00e9, qui exige d'en examiner soigneusement les conditions.","authors":["Philip Knee"],"category_codes":["9000000","9080000","9080200","9080204"],"visuals":{"large":"https:\/\/images.epagine.fr\/649\/9782705687649_1_75.jpg","medium":"https:\/\/images.epagine.fr\/649\/9782705687649_1_m.jpg","thumbnail":"https:\/\/images.epagine.fr\/649\/9782705687649_1_v.jpg"},"orderable":true,"show_badge":true,"formatted_price":"25,00&nbsp;\u20ac","formatted_published_date":"11 octobre 2013","publisher_availability_label":"Sur commande","short_details":"Philip Knee \u2014 Hermann","translator":null,"weight":230,"page_count":212,"readership":null,"editor":"Hermann","price":2500,"published_date":"2013-10-10T22:00:00.000000Z","support":"Grand format","publisher_availability":1,"stock":0,"editions":[],"url":"https:\/\/quaidesbrumes.com\/ouvrage\/9782705687649\/la-parole-incertaine-montaigne-en-dialogue"},{"id":"9782357481107","title":"L'anarchie et le probl\u00e8me du politique","description":"L'histoire de l'anarchisme est travers\u00e9e par une tension permanente entre le projet d'une organisation non \u00e9tatique du public et la n\u00e9cessit\u00e9 d'utiliser la m\u00e9diation politique-\u00e9tatique comme force d'action. Les textes rassembl\u00e9s ici interrogent cette tension comme le sympt\u00f4me d'un probl\u00e8me g\u00e9n\u00e9ral qui touche au sens m\u00eame du politique, et dont on trouve une forme d'expression dans la crise contemporaine des formes \u00e9tablies de d\u00e9mocratie repr\u00e9sentative ou l'\u00e9mergence de nouvelles formes d'action publique.","authors":["Alfredo Gomez-muller"],"category_codes":["9000000","9080000","9080200","9080204"],"visuals":{"large":"https:\/\/images.epagine.fr\/107\/9782357481107_1_75.jpg","medium":"https:\/\/images.epagine.fr\/107\/9782357481107_1_m.jpg","thumbnail":"https:\/\/images.epagine.fr\/107\/9782357481107_1_v.jpg"},"orderable":true,"show_badge":true,"formatted_price":"36,00&nbsp;\u20ac","formatted_published_date":"25 septembre 2014","publisher_availability_label":"Sur commande","short_details":"Alfredo Gomez-muller \u2014 Kareline","translator":null,"weight":490,"page_count":358,"readership":null,"editor":"Kareline","price":3600,"published_date":"2014-09-24T22:00:00.000000Z","support":"Grand format","publisher_availability":1,"stock":0,"editions":[],"url":"https:\/\/quaidesbrumes.com\/ouvrage\/9782357481107\/lanarchie-et-le-probleme-du-politique"},{"id":"9782365000499","title":"Derrida ; l'\u00e9criture et la place de l'autre","description":"Cet ouvrage de Pierre-Yves Ruff fut la premi\u00e8re th\u00e8se relative \u00e0 l'oeuvre de Jacques Derrida soutenue en France dans la discipline philosophique, sous la houlette de Jean-Luc Nancy, professeur de philosophie \u00e0 l'Universit\u00e9 des Sciences Humaines de Strasbourg. Elle valut \u00e0 son auteur la mention \"Tr\u00e8s honorable \u00e0 l'unanimit\u00e9 du jury\", mais fut publi\u00e9e bien plus tard, \u00e0 la demande de plusieurs proches de l'auteur. En couverture, une carte postale re\u00e7ue de Jacques Derrida...","authors":["Pierre-Yves Ruff"],"category_codes":["9000000","9080000","9080200","9080204"],"visuals":{"large":"https:\/\/images.epagine.fr\/499\/9782365000499_1_75.jpg","medium":"https:\/\/images.epagine.fr\/499\/9782365000499_1_m.jpg","thumbnail":"https:\/\/images.epagine.fr\/499\/9782365000499_1_v.jpg"},"orderable":true,"show_badge":true,"formatted_price":"25,00&nbsp;\u20ac","formatted_published_date":"29 octobre 2011","publisher_availability_label":"Sur commande","short_details":"Pierre-Yves Ruff \u2014 Theolib","translator":null,"weight":300,"page_count":282,"readership":null,"editor":"Theolib","price":2500,"published_date":"2011-10-28T22:00:00.000000Z","support":"Grand format","publisher_availability":1,"stock":0,"editions":[],"url":"https:\/\/quaidesbrumes.com\/ouvrage\/9782365000499\/derrida-lecriture-et-la-place-de-lautre"},{"id":"9782940406715","title":"T\u00e9moignabilit\u00e9 ; Beckett, Dante, Levi et les fondements de la responsabilit\u00e9","description":"En prenant comme point de d\u00e9part l'avant-dernier livre minimaliste et r\u00e9put\u00e9 intraduisible de Samuel Beckett, Cap au pire, Robert Harvey propose une r\u00e9flexion originale et audacieuse sur la notion de \u00ab?t\u00e9moin?\u00bb, et surtout sur notre capacit\u00e9 \u00e0 tenir ce r\u00f4le. Cette derni\u00e8re, pour laquelle il a forg\u00e9 le n\u00e9ologisme de \u00adt\u00e9moignabilit\u00e9, repose non pas sur des structures intellectu\u00adelles rationnelles ou sur des principes moraux, mais sur la force de l'imagi\u00adnation. \u00c0 la crois\u00e9e de la litt\u00e9rature compar\u00e9e et de la philosophie, cet essai propose, dans une lecture parall\u00e8le de Beckett, des r\u00e9cits de survivant de Primo Levi et du Purgatoire de Dante, une approche du t\u00e9moin fond\u00e9e sur l'empathie et l'interm\u00e9diarit\u00e9 entre les \u00eatres. Qu'il s'agisse du survivant de la Shoah ou du t\u00e9moin par procuration d'un fait divers m\u00e9diatique, \u00ab?seule la t\u00e9moignabilit\u00e9 peut sauver l'honneur du nom \u00abhumain\u00bb?\u00bb.","authors":["Robert Harvey","Thierry Gillyboeuf"],"category_codes":["9000000","9080000","9080200","9080204"],"visuals":{"large":"https:\/\/images.epagine.fr\/715\/9782940406715_1_75.jpg","medium":"https:\/\/images.epagine.fr\/715\/9782940406715_1_m.jpg","thumbnail":"https:\/\/images.epagine.fr\/715\/9782940406715_1_v.jpg"},"orderable":true,"show_badge":true,"formatted_price":"21,00&nbsp;\u20ac","formatted_published_date":"28 mars 2015","publisher_availability_label":"Sur commande","short_details":"Robert Harvey, Thierry Gillyboeuf \u2014 Metispresses","translator":"THIERRY GILLYBOEUF","weight":342,"page_count":240,"readership":null,"editor":"Metispresses","price":2100,"published_date":"2015-03-27T23:00:00.000000Z","support":"Grand format","publisher_availability":1,"stock":0,"editions":[],"url":"https:\/\/quaidesbrumes.com\/ouvrage\/9782940406715\/temoignabilite-beckett-dante-levi-et-les-fondements-de-la-responsabilite"},{"id":"9782081270794","title":"L'ambition ou l'\u00e9pop\u00e9e de soi","description":"Le mot \u00ab ambition \u00bb est philosophiquement excitant. Il glace d'effroi fa\u00e7on danger, et br\u00fble vif fa\u00e7on d\u00e9sir. Il terrifie et il fascine. Il \u00e9voque p\u00ealem\u00eale les conqu\u00e9rants sanguinaires de la guerre et les grands visionnaires de la paix ; les courtisans du Prince, s'arrachant des miettes de pouvoir, et les courtisans au coeur pur, en qu\u00eate du Baiser. Il fusionne la morale et la g\u00e9opolitique, la m\u00e9galomanie des hauteurs et la strat\u00e9gie des profondeurs, la folie et l'intelligence extr\u00eames, la libert\u00e9 et le destin. Il donne le vertige - Icare plongeant aveugl\u00e9ment dans le Soleil. Il donne la naus\u00e9e - came inf\u00e2me des \u00e2mes monstrueuses.\r\nMais il donne aussi un courage et une pers\u00e9v\u00e9rance inou\u00efs, de la suite dans les id\u00e9es et les actes, un irr\u00e9pressible espoir qui force l'admiration : jusqu'au-boutisme p\u00e9tri de ruse et de patience, en tout point oppos\u00e9 \u00e0 l'\u00e0quoibonisme de ceux qui s'inventent des alibis en forme de \u00ab compromis \u00bb.\r\nIl explose toutes les limites, bonnes ou mauvaises. Il impose son propre tempo - urgence m\u00e2tin\u00e9e d'\u00e9ternit\u00e9. Il s\u00e8me un chaos \u00e9trangement fertile, toujours a contrario du logique, du logistique et du planifi\u00e9. Il pousse le savant \u00e0 imaginer, le m\u00e9diocre \u00e0 oser, le bourgeois \u00e0 vivre au jour le jour.\r\nIl pousse au crime, et \u00e0 l'amour.\r\nCet ouvrage para\u00eet dans la collection \u00ab Un chemin \u00e0 soi \u00bb.\r\nLa vie est quelque chose de bien trop s\u00e9rieux pour avoir un sens, disait un sage.\r\nElle en a en effet plusieurs, qui se disent de diverses fa\u00e7ons, en autant de moments et d'humeurs. La collection \"Un chemin \u00e0 soi\" recueille les t\u00e9moignages de penseurs affranchis des fronti\u00e8res disciplinaires et soucieux de renouer avec les questions concr\u00e8tes de l'existence v\u00e9cue.","authors":["Vincent Cespedes"],"category_codes":["9000000","9080000","9080200","9080204"],"visuals":{"large":"https:\/\/images.epagine.fr\/794\/9782081270794_1_75.jpg","medium":"https:\/\/images.epagine.fr\/794\/9782081270794_1_m.jpg","thumbnail":"https:\/\/images.epagine.fr\/794\/9782081270794_1_v.jpg"},"orderable":true,"show_badge":true,"formatted_price":"19,00&nbsp;\u20ac","formatted_published_date":"28 septembre 2013","publisher_availability_label":"Sur commande","short_details":"Vincent Cespedes \u2014 Flammarion","translator":null,"weight":314,"page_count":312,"readership":null,"editor":"Flammarion","price":1900,"published_date":"2013-09-27T22:00:00.000000Z","support":"Grand format","publisher_availability":1,"stock":0,"editions":[],"url":"https:\/\/quaidesbrumes.com\/ouvrage\/9782081270794\/lambition-ou-lepopee-de-soi"},{"id":"9782705687717","title":"L'ordinaire parisiens des lumieres ; \u00e9dition critique des trois textes du for priv\u00e9 parisien du XVIIIe si\u00e8cle","description":"Le Paris de la seconde moiti\u00e9 du XVIIIe si\u00e8cle compte pr\u00e8s d'un demi-million de personnes. Au d\u00e9tour d'une rue, ils ach\u00e8tent du papier et inscrivent sur celui-ci des traces de leur existence. Retrouv\u00e9s dans des archives, les trois textes qui constituent ce recueil \u00e9clairent, chacun \u00e0 sa fa\u00e7on, l'ordinaire de la vie parisienne.","authors":["Laurent Turcot"],"category_codes":["9000000","9080000","9080200","9080204"],"visuals":{"large":"https:\/\/images.epagine.fr\/717\/9782705687717_1_75.jpg","medium":"https:\/\/images.epagine.fr\/717\/9782705687717_1_m.jpg","thumbnail":"https:\/\/images.epagine.fr\/717\/9782705687717_1_v.jpg"},"orderable":true,"show_badge":true,"formatted_price":"28,00&nbsp;\u20ac","formatted_published_date":"21 octobre 2013","publisher_availability_label":"Sur commande","short_details":"Laurent Turcot \u2014 Hermann","translator":null,"weight":265,"page_count":260,"readership":null,"editor":"Hermann","price":2800,"published_date":"2013-10-20T22:00:00.000000Z","support":"Grand format","publisher_availability":1,"stock":0,"editions":[],"url":"https:\/\/quaidesbrumes.com\/ouvrage\/9782705687717\/lordinaire-parisiens-des-lumieres-edition-critique-des-trois-textes-du-for-prive-parisien-du-xviiie-siecle"},{"id":"9782906031814","title":"Les nouvelles voies de l'\u00e9thique ; repenser la soci\u00e9t\u00e9 pour un avenir meilleur","description":"Le monde qui nous est commun et connu dispara\u00eet face \u00e0 l'acc\u00e9l\u00e9ration technologique et \u00e0 l'immensit\u00e9 de ce qui reste \u00e0 d\u00e9couvrir. Le pr\u00e9sent quant \u00e0 lui est devenu envahissant et s'ab\u00eeme \u00e0 chaque instant dans l'imm\u00e9diatet\u00e9. La soci\u00e9t\u00e9 contemporaine cesse d'\u00eatre un projet identifi\u00e9 et identifiable. Nous en sommes r\u00e9duits \u00e0 essayer d'apprendre le monde plut\u00f4t que d'imaginer demain. L'\u00e9thique est l'un des outils \u00e0 notre disposition pour regarder et comprendre le monde nouveau, celui d'une modernit\u00e9 consciente. Malmen\u00e9 par la crise, les angoisses, les r\u00e9f\u00e9rences \u00e0 un pass\u00e9 d\u00e9finitivement r\u00e9volu, les discours \u00e0 la mode et la pens\u00e9e unique, le concept \u00e9thique requiert d'\u00eatre d\u00e9poussi\u00e9r\u00e9, repens\u00e9, actualis\u00e9. Cet essai est un appel \u00e0 r\u00e9fl\u00e9chir et travailler pour, pierre apr\u00e8s pierre, reconstruire un principe d'esp\u00e9rance pour demain.","authors":["Yves Bannel"],"category_codes":["9000000","9080000","9080200","9080204"],"visuals":{"large":"https:\/\/images.epagine.fr\/814\/9782906031814_1_75.jpg","medium":"https:\/\/images.epagine.fr\/814\/9782906031814_1_m.jpg","thumbnail":"https:\/\/images.epagine.fr\/814\/9782906031814_1_v.jpg"},"orderable":true,"show_badge":true,"formatted_price":"18,00&nbsp;\u20ac","formatted_published_date":"3 avril 2013","publisher_availability_label":"Sur commande","short_details":"Yves Bannel \u2014 Teletes","translator":null,"weight":240,"page_count":136,"readership":null,"editor":"Teletes","price":1800,"published_date":"2013-04-02T22:00:00.000000Z","support":"Grand format","publisher_availability":1,"stock":0,"editions":[],"url":"https:\/\/quaidesbrumes.com\/ouvrage\/9782906031814\/les-nouvelles-voies-de-lethique-repenser-la-societe-pour-un-avenir-meilleur"},{"id":"9782357481022","title":"Le socialisme romantique ; Pierre Leroux et ses compagnons","description":"\"Par sa pens\u00e9e politique, on a pu comparer Leroux \u00e0 Rousseau. D\u00e9mocrate, il proc\u00e8de \u00e0 la fois de Rousseau et de la R\u00e9volution fran\u00e7aise ; et le noeud de sa pens\u00e9e est dans le concept de solidarit\u00e9 dont il est l'inventeur\" (D.O. Evans). Dans cet ouvrage, l'auteur s'attche \u00e0 \u00e9tablir les liens puissants unissant socialisme et romantisme.","authors":["David owen Evans"],"category_codes":["9000000","9080000","9080200"],"visuals":{"large":"https:\/\/images.epagine.fr\/022\/9782357481022_1_75.jpg","medium":"https:\/\/images.epagine.fr\/022\/9782357481022_1_m.jpg","thumbnail":"https:\/\/images.epagine.fr\/022\/9782357481022_1_v.jpg"},"orderable":true,"show_badge":true,"formatted_price":"39,00&nbsp;\u20ac","formatted_published_date":"29 janvier 2013","publisher_availability_label":"Sur commande","short_details":"David owen Evans \u2014 Kareline","translator":null,"weight":335,"page_count":262,"readership":null,"editor":"Kareline","price":3900,"published_date":"2013-01-28T23:00:00.000000Z","support":"Grand format","publisher_availability":1,"stock":0,"editions":[],"url":"https:\/\/quaidesbrumes.com\/ouvrage\/9782357481022\/le-socialisme-romantique-pierre-leroux-et-ses-compagnons"},{"id":"9782322013616","title":"Une bonne conscience ; philosophie","description":"Dix photos insolites, le temps de la retraite, une po\u00e9sie sur les nuages, ma foi: humilit\u00e9 et orgeuil.  Pens\u00e9es avant Pr\u00e9vert , des math\u00e9matiques loi de l'esprit, comment contrer l'ath\u00e9isme, un peu de sagesse sous forme de po\u00e8me  les lois de Murphy et encore bien d'autre chose agr\u00e9mente un temps de passion pour la lecture.","authors":["Claude Pariset"],"category_codes":["9000000","9080000","9080200","9080204"],"visuals":{"large":"https:\/\/images.epagine.fr\/616\/9782322013616_1_75.jpg","medium":"https:\/\/images.epagine.fr\/616\/9782322013616_1_m.jpg","thumbnail":"https:\/\/images.epagine.fr\/616\/9782322013616_1_v.jpg"},"orderable":true,"show_badge":true,"formatted_price":"14,99&nbsp;\u20ac","formatted_published_date":"22 janvier 2015","publisher_availability_label":"Sur commande","short_details":"Claude Pariset \u2014 Books on Demand","translator":null,"weight":401,"page_count":232,"readership":null,"editor":"Books on Demand","price":1499,"published_date":"2015-01-21T23:00:00.000000Z","support":"Grand format","publisher_availability":1,"stock":0,"editions":[],"url":"https:\/\/quaidesbrumes.com\/ouvrage\/9782322013616\/une-bonne-conscience-philosophie"},{"id":"9782940450039","title":"La balade de la m\u00e9diane et le th\u00e9or\u00e8me de Pythagoron ; pens\u00e9es encercl\u00e9es et de l'espace d'un instant","description":"Se fondant sur ses multiples exp\u00e9riences l'auteur a imagin\u00e9 une sorte de fable historico-math\u00e9matique permettant de mettre en lumi\u00e8re une foule de r\u00e9flexions propres \u00e0 \u00e9clairer la didactique des math\u00e9matiques, mais aussi des probl\u00e8mes \u00e0 la fois \u00e9pist\u00e9mologiques et historiques concernant la \"reine des sciences\". On y trouvera aussi un \u00e9clairage sur la fa\u00e7on dont proc\u00e8de la pens\u00e9e math\u00e9matique. Un ouvrage fait tout entier de math\u00e9matique \u00e9l\u00e9mentaire, on l'on d\u00e9couvre quelques th\u00e9or\u00e8mes nouveaux.","authors":["Jean-claude Pont"],"category_codes":["9000000","9080000","9080200","9080204"],"visuals":{"large":"https:\/\/images.epagine.fr\/039\/9782940450039_1_75.jpg","medium":"https:\/\/images.epagine.fr\/039\/9782940450039_1_m.jpg","thumbnail":"https:\/\/images.epagine.fr\/039\/9782940450039_1_v.jpg"},"orderable":true,"show_badge":true,"formatted_price":"14,00&nbsp;\u20ac","formatted_published_date":"9 octobre 2012","publisher_availability_label":"Sur commande","short_details":"Jean-claude Pont \u2014 \u00c9ditions L'Harmattan","translator":null,"weight":170,"page_count":96,"readership":null,"editor":"\u00c9ditions L'Harmattan","price":1400,"published_date":"2012-10-08T22:00:00.000000Z","support":"Grand format","publisher_availability":1,"stock":0,"editions":[],"url":"https:\/\/quaidesbrumes.com\/ouvrage\/9782940450039\/la-balade-de-la-mediane-et-le-theoreme-de-pythagoron-pensees-encerclees-et-de-lespace-dun-instant"},{"id":"9782343032412","title":"Penser le management et les sciences de gestion avec Hannah Arendt","description":"Il est \u00e9tonnant de constater \u00e0 quel point la pens\u00e9e de Hannah Arendt se pr\u00eate \u00e0 une analyse critique du management et des sciences de gestion. Du travail \u00e0 l'action, de la banalit\u00e9 du mal \u00e0 la bureaucratie, de l'autorit\u00e9 \u00e0 l'\u00e9ducation : ces th\u00e9matiques font \u00e9cho aux questions que se posent chercheurs et professionnels. Cet ouvrage t\u00e9moigne de l'int\u00e9r\u00eat significatif port\u00e9 \u00e0 la pens\u00e9e inclassable d'Hannah Arendt et \u00e0 l'apport incontournable de la philosophie dans la compr\u00e9hension du management.","authors":["Collectif"],"category_codes":["9000000","9080000","9080200","9080204"],"visuals":{"large":"https:\/\/images.epagine.fr\/412\/9782343032412_1_75.jpg","medium":"https:\/\/images.epagine.fr\/412\/9782343032412_1_m.jpg","thumbnail":"https:\/\/images.epagine.fr\/412\/9782343032412_1_v.jpg"},"orderable":true,"show_badge":true,"formatted_price":"31,50&nbsp;\u20ac","formatted_published_date":"22 mai 2014","publisher_availability_label":"Sur commande","short_details":"Collectif \u2014 \u00c9ditions L'Harmattan","translator":null,"weight":360,"page_count":294,"readership":null,"editor":"\u00c9ditions L'Harmattan","price":3150,"published_date":"2014-05-21T22:00:00.000000Z","support":"Grand format","publisher_availability":1,"stock":0,"editions":[],"url":"https:\/\/quaidesbrumes.com\/ouvrage\/9782343032412\/penser-le-management-et-les-sciences-de-gestion-avec-hannah-arendt"},{"id":"9782013403177","title":"De la philosophie du bonheur. t. 2","description":"De la philosophie du bonheur. T. 2 \/ ouvrage recueilli et publ. par l'auteur de la \"Philosophie de la nature\" Date de l'\u00e9dition originale : 1796 Sujet de l'ouvrage : Bonheur (philosophie) -- Ouvrages avant 1800 Ce livre est la reproduction fid\u00e8le d une uvre publi\u00e9e avant 1920 et fait partie d une collection de livres r\u00e9imprim\u00e9s \u00e0 la demande \u00e9dit\u00e9e par Hachette Livre, dans le cadre d un partenariat avec la Biblioth\u00e8que nationale de France, offrant l opportunit\u00e9 d acc\u00e9der \u00e0 des ouvrages anciens et souvent rares issus des fonds patrimoniaux de la BnF.\r\nLes uvres faisant partie de cette collection ont \u00e9t\u00e9 num\u00e9ris\u00e9es par la BnF et sont pr\u00e9sentes sur Gallica, sa biblioth\u00e8que num\u00e9rique.\r\n\r\nEn entreprenant de redonner vie \u00e0 ces ouvrages au travers d une collection de livres r\u00e9imprim\u00e9s \u00e0 la demande, nous leur donnons la possibilit\u00e9 de rencontrer un public \u00e9largi et participons \u00e0 la transmission de connaissances et de savoirs parfois difficilement accessibles.\r\nNous avons cherch\u00e9 \u00e0 concilier la reproduction fid\u00e8le d un livre ancien \u00e0 partir de sa version num\u00e9ris\u00e9e avec le souci d un confort de lecture optimal. Nous esp\u00e9rons que les ouvrages de cette nouvelle collection vous apporteront enti\u00e8re satisfaction.\r\n\r\nPour plus d informations, rendez-vous sur www.hachettebnf.fr","authors":[],"category_codes":["9000000","9080000","9080600"],"visuals":{"large":"https:\/\/images.epagine.fr\/177\/9782013403177_1_75.jpg","medium":"https:\/\/images.epagine.fr\/177\/9782013403177_1_m.jpg","thumbnail":"https:\/\/images.epagine.fr\/177\/9782013403177_1_v.jpg"},"orderable":true,"show_badge":true,"formatted_price":"21,50&nbsp;\u20ac","formatted_published_date":"1er octobre 2014","publisher_availability_label":"Sur commande","short_details":"Hachette BNF","translator":null,"weight":365,"page_count":null,"readership":null,"editor":"Hachette BNF","price":2150,"published_date":"2014-09-30T22:00:00.000000Z","support":"Grand format","publisher_availability":1,"stock":0,"editions":[],"url":"https:\/\/quaidesbrumes.com\/ouvrage\/9782013403177\/de-la-philosophie-du-bonheur-t-2"},{"id":"9782343043012","title":"V\u00e9rificationnisme et falsificationnisme ; Wittgenstein vainqueur de Popper ?","description":"A-t-il suffit \u00e0 Karl Raimund Popper de d\u00e9noncer les \"graves erreurs\" du positivisme logique pour se f\u00e9liciter d'\u00eatre le fossoyeur de Ludwig Wittgenstein ? Si leur pomme de discorde philosophique peut a priori donner l'impression que les critiques de Popper ont conduit \u00e0 la mort du v\u00e9rificationnisme, il faut admettre qu'elles n'ont pas permis \u00e0 la critique popp\u00e9rienne de prosp\u00e9rer. Les auteurs de cet ouvrage invitent \u00e0 saisir l'int\u00e9r\u00eat \u00e9pist\u00e9mologique du d\u00e9bat entre Popper et Wittgenstein.","authors":["Roger Mondoue","Philippe Nguemeta"],"category_codes":["9000000","9080000","9080200","9080204"],"visuals":{"large":"https:\/\/images.epagine.fr\/012\/9782343043012_1_75.jpg","medium":"https:\/\/images.epagine.fr\/012\/9782343043012_1_m.jpg","thumbnail":"https:\/\/images.epagine.fr\/012\/9782343043012_1_v.jpg"},"orderable":true,"show_badge":true,"formatted_price":"21,50&nbsp;\u20ac","formatted_published_date":"8 ao\u00fbt 2014","publisher_availability_label":"Sur commande","short_details":"Roger Mondoue, Philippe Nguemeta \u2014 \u00c9ditions L'Harmattan","translator":null,"weight":245,"page_count":190,"readership":null,"editor":"\u00c9ditions L'Harmattan","price":2150,"published_date":"2014-08-07T22:00:00.000000Z","support":"Grand format","publisher_availability":1,"stock":0,"editions":[],"url":"https:\/\/quaidesbrumes.com\/ouvrage\/9782343043012\/verificationnisme-et-falsificationnisme-wittgenstein-vainqueur-de-popper"},{"id":"9782343024172","title":"La philosophie du langage ; de Wilhelm von Humbolt (1767-1835)","description":"La philosophie du langage de Humboldt s'inscrit dans le courant de la philosophie de Kant. Aucun domaine de la linguistique ne lui demeura \u00e9tranger : apprentissage des langues, types d'\u00e9criture (\u00e9criture chinoise), \u00e9volution des langues, communication. Il est le pr\u00e9curseur de Cassirer, auteur de la Philosophie des Formes symboliques, qui lui rendit hommage. La modernit\u00e9 de la philosophie de Humboldt fait de lui un pr\u00e9curseur de la \"th\u00e9orie de la complexit\u00e9\", tendance innovante de la pens\u00e9e contemporaine illustr\u00e9e par les travaux d'Edgar Morin.","authors":["Pierre Bange"],"category_codes":["9000000","9080000","9080200","9080204"],"visuals":{"large":"https:\/\/images.epagine.fr\/172\/9782343024172_1_75.jpg","medium":"https:\/\/images.epagine.fr\/172\/9782343024172_1_m.jpg","thumbnail":"https:\/\/images.epagine.fr\/172\/9782343024172_1_v.jpg"},"orderable":true,"show_badge":true,"formatted_price":"27,00&nbsp;\u20ac","formatted_published_date":"18 avril 2014","publisher_availability_label":"Sur commande","short_details":"Pierre Bange \u2014 \u00c9ditions L'Harmattan","translator":null,"weight":322,"page_count":252,"readership":null,"editor":"\u00c9ditions L'Harmattan","price":2700,"published_date":"2014-04-17T22:00:00.000000Z","support":"Grand format","publisher_availability":1,"stock":0,"editions":[],"url":"https:\/\/quaidesbrumes.com\/ouvrage\/9782343024172\/la-philosophie-du-langage-de-wilhelm-von-humbolt-1767-1835"},{"id":"9782343043401","title":"Histoire de la logique;  logique classique intra- et interpropositionnelle","description":"Cet ouvrage est un manuel d'histoire de la logique. Les auteurs y soutiennent en effet que les d\u00e9veloppements fulgurants de la logique, gr\u00e2ce \u00e0 la math\u00e9matisation, ne doivent pas nous dispenser de d\u00e9crypter son histoire. Ils \u00e9tudient ainsi la logique classique dans ses deux variantes, aristot\u00e9licienne et sto\u00efcienne. This is a history of logic manual. In the book, the authors actually hold that the dazzling development of logic, through mathematization, should not spare us the necessity of deciphering its history. Thus, they study classical logic in its two variants: Aristotelian ans Stoic.","authors":["Jacques Chatu\u00e9","Roger Mondoue"],"category_codes":["9000000","9080000","9080200","9080204"],"visuals":{"large":"https:\/\/images.epagine.fr\/401\/9782343043401_1_75.jpg","medium":"https:\/\/images.epagine.fr\/401\/9782343043401_1_m.jpg","thumbnail":"https:\/\/images.epagine.fr\/401\/9782343043401_1_v.jpg"},"orderable":true,"show_badge":true,"formatted_price":"15,50&nbsp;\u20ac","formatted_published_date":"8 ao\u00fbt 2014","publisher_availability_label":"Sur commande","short_details":"Jacques Chatu\u00e9, Roger Mondoue \u2014 \u00c9ditions L'Harmattan","translator":null,"weight":175,"page_count":130,"readership":null,"editor":"\u00c9ditions L'Harmattan","price":1550,"published_date":"2014-08-07T22:00:00.000000Z","support":"Grand format","publisher_availability":1,"stock":0,"editions":[],"url":"https:\/\/quaidesbrumes.com\/ouvrage\/9782343043401\/histoire-de-la-logique-logique-classique-intra-et-interpropositionnelle"},{"id":"9782332750754","title":"Le soi capable de Paul Ricoeur ; aux fondements d'une ph\u00e9nom\u00e9nologie herm\u00e9neutique de la personne humaine","description":"Concept-cl\u00e9 des d\u00e9bats \u00e9thico-politiques de notre temps au sujet de la dignit\u00e9 humaine, le terme de personne se trouve dans une crise profonde dont on ne saurait le sortir si l'on se contente de faire une distinction ontique entre la personne et la chose ou l'animal. Se rapportant au sens d'\u00eatre de l'humain, la probl\u00e9matique de la personne requiert en effet une approche ontologique susceptible de rendre tout humain digne d'estime et de respect, en raison m\u00eame de sa \u00ab qualit\u00e9 humaine \u00bb. Dans cette perspective, l'anthropologie philosophique de Paul Ricoeur est riche de ressources pour un concept op\u00e9ratoire de personne, et ce \u00e0 travers la figure embl\u00e9matique de l'homme capable, agissant et souffrant. Pour un tel sujet humain, la dignit\u00e9 ne peut \u00eatre sujette \u00e0 caution. Elle est une valeur intangible.","authors":["Christian Aymar Badinga"],"category_codes":["9000000","9080000","9080200","9080204"],"visuals":{"large":"https:\/\/images.epagine.fr\/754\/9782332750754_1_75.jpg","medium":"https:\/\/images.epagine.fr\/754\/9782332750754_1_m.jpg","thumbnail":"https:\/\/images.epagine.fr\/754\/9782332750754_1_v.jpg"},"orderable":true,"show_badge":true,"formatted_price":"31,00&nbsp;\u20ac","formatted_published_date":"2 octobre 2014","publisher_availability_label":"Sur commande","short_details":"Christian Aymar Badinga \u2014 Edilivre","translator":null,"weight":592,"page_count":338,"readership":null,"editor":"Edilivre","price":3100,"published_date":"2014-10-01T22:00:00.000000Z","support":"Grand format","publisher_availability":1,"stock":0,"editions":[],"url":"https:\/\/quaidesbrumes.com\/ouvrage\/9782332750754\/le-soi-capable-de-paul-ricoeur-aux-fondements-dune-phenomenologie-hermeneutique-de-la-personne-humaine"},{"id":"9782812706318","title":"Sept presocratiques","description":null,"authors":["Jacques Atlan"],"category_codes":["9000000","9080000","9080400"],"visuals":{"large":"https:\/\/quaidesbrumes.com\/img\/book-placeholder.png","medium":"https:\/\/quaidesbrumes.com\/img\/book-placeholder.png","thumbnail":"https:\/\/quaidesbrumes.com\/img\/book-placeholder.png"},"orderable":true,"show_badge":true,"formatted_price":"17,00&nbsp;\u20ac","formatted_published_date":"19 d\u00e9cembre 2014","publisher_availability_label":"Sur commande","short_details":"Jacques Atlan \u2014 Presses Du Midi","translator":null,"weight":268,"page_count":null,"readership":null,"editor":"Presses Du Midi","price":1700,"published_date":"2014-12-18T23:00:00.000000Z","support":"Grand format","publisher_availability":1,"stock":0,"editions":[],"url":"https:\/\/quaidesbrumes.com\/ouvrage\/9782812706318\/sept-presocratiques"},{"id":"9782296559837","title":"L'homme, une chose comme les autres ? exploration interdisciplinaire de la fronti\u00e8re homme-chose","description":"Les fronti\u00e8res de l'humain se r\u00e9v\u00e8lent poreuses et de plus en plus floues. Il y a une invitation, une urgence : repenser l'humain. Parmi les diff\u00e9rentes fronti\u00e8res \u00e0 explorer, celle entre l'homme et la chose s'av\u00e8re \u00eatre l'une des plus int\u00e9ressantes. Le d\u00e9placement de cette fronti\u00e8re se donne \u00e0 voir, de mani\u00e8re saillante, dans le post humanisme. De ces analyses, il ressort que la question anthropologique d\u00e9cisive ne serait pas \"qu'est-ce que l'homme ?\" mais \"que peut-on faire \u00e0 l'homme et avec lui ?\".","authors":["Stanislas Deprez","Jean-baptiste Lecuit"],"category_codes":["9000000","9080000","9080200","9080204"],"visuals":{"large":"https:\/\/images.epagine.fr\/837\/9782296559837_1_75.jpg","medium":"https:\/\/images.epagine.fr\/837\/9782296559837_1_m.jpg","thumbnail":"https:\/\/images.epagine.fr\/837\/9782296559837_1_v.jpg"},"orderable":true,"show_badge":true,"formatted_price":"22,50&nbsp;\u20ac","formatted_published_date":"9 f\u00e9vrier 2012","publisher_availability_label":"Sur commande","short_details":"Stanislas Deprez, Jean-baptiste Lecuit \u2014 \u00c9ditions L'Harmattan","translator":null,"weight":260,"page_count":208,"readership":null,"editor":"\u00c9ditions L'Harmattan","price":2250,"published_date":"2012-02-08T23:00:00.000000Z","support":"Grand format","publisher_availability":1,"stock":0,"editions":[],"url":"https:\/\/quaidesbrumes.com\/ouvrage\/9782296559837\/lhomme-une-chose-comme-les-autres-exploration-interdisciplinaire-de-la-frontiere-homme-chose"}]}