{"data":[{"id":"9782368452424","title":"Mon cours de philosophie Tome 1 ; philosophie et v\u00e9rit\u00e9","description":"\u00ab\u00a0Mon cours de Philosophie Tome 1\u00a0\u00bb est le premier volet d\u00b4un ensemble qui couvrira toutes les questions du champ. Il concerne la raison et la v\u00e9rit\u00e9, l\u00b4incertitude et le doute m\u00e9thodique, l\u00b4\u00e9vidence, la d\u00e9monstration et la m\u00e9thode exp\u00e9rimentale, ainsi que la question de la valeur de la science, c\u00b4est-\u00e0-dire la possibilit\u00e9 du \"philosopher\".\r\nDans cette publication, unique en son genre,\u00a0Jacques Ponnier fait revivre l\u00b4atmosph\u00e8re d\u00b4un cours de terminale, la parole magistrale, les digressions, les diatribes provocatrices et les traits d\u00b4humour, ainsi que les interventions des jeunes auditeurs qui, parfois, propulsent la r\u00e9flexion \u00e0 des niveaux inattendus.\r\n\r\n\r\nUnique, ce cours l\u00b4est aussi par le public qu\u00b4il vise : largement ouvert \u00e0 ce que l\u00b4on nomme la \u00ab\u00a0culture g\u00e9n\u00e9rale\u00a0\u00bb, il pr\u00e9pare aux \u00e9tudes universitaires (pr\u00e9paration aux Grandes \u00c9coles litt\u00e9raires et scientifiques, aux concours d\u00b4admission aux Instituts d\u00b4\u00c9tudes Politiques,\u00a0 aux \u00e9tudes de droit, etc.). Mais il s\u00b4adresse aussi \u00e0 tous les adultes qui s\u00b4int\u00e9ressent \u00e0 la philosophie et regrettent de ne plus pouvoir en faire. Enfin, la r\u00e9f\u00e9rence constante \u00e0 Freud (non comme \u00e0 un dogme, mais comme \u00e0 celui qui a pos\u00e9 les questions essentielles), fait qu\u00b4il concerne tous ceux qui gravitent dans le champ psychanalytique et cherchent \u00e0 penser leur pratique.","authors":["Jacques Ponnier"],"category_codes":["9000000","9080000","9080200","9080204"],"visuals":{"large":"https:\/\/images.epagine.fr\/424\/9782368452424_1_75.jpg","medium":"https:\/\/images.epagine.fr\/424\/9782368452424_1_m.jpg","thumbnail":"https:\/\/images.epagine.fr\/424\/9782368452424_1_v.jpg"},"orderable":true,"show_badge":true,"formatted_price":"24,95&nbsp;\u20ac","formatted_published_date":"27 mars 2013","publisher_availability_label":"Sur commande","short_details":"Jacques Ponnier \u2014 Libres D'Ecrire","translator":null,"weight":675,"page_count":602,"readership":null,"editor":"Libres D'Ecrire","price":2495,"published_date":"2013-03-26T23:00:00.000000Z","support":"Grand format","publisher_availability":1,"stock":0,"editions":[],"url":"https:\/\/quaidesbrumes.com\/ouvrage\/9782368452424\/mon-cours-de-philosophie-tome-1-philosophie-et-verite"},{"id":"9782213026657","title":"Sur l'homme (1835)","description":null,"authors":["Adolphe Quetelet"],"category_codes":["9000000","9080000","9080200","9080204"],"visuals":{"large":"https:\/\/quaidesbrumes.com\/img\/book-placeholder.png","medium":"https:\/\/quaidesbrumes.com\/img\/book-placeholder.png","thumbnail":"https:\/\/quaidesbrumes.com\/img\/book-placeholder.png"},"orderable":true,"show_badge":true,"formatted_price":"45,20&nbsp;\u20ac","formatted_published_date":"9 octobre 1991","publisher_availability_label":"Sur commande","short_details":"Adolphe Quetelet \u2014 Fayard","translator":null,"weight":843,"page_count":null,"readership":null,"editor":"Fayard","price":4520,"published_date":"1991-10-08T23:00:00.000000Z","support":"Grand format","publisher_availability":1,"stock":0,"editions":[],"url":"https:\/\/quaidesbrumes.com\/ouvrage\/9782213026657\/sur-lhomme-1835"},{"id":"9782852483538","title":"Le travail de chacun et l'esprit de la communaut\u00e9","description":"D\u00e9clarations que Rudolf Steiner fit au d\u00e9but du 20e si\u00e8cle \u00e0 propos du travail et du salaire dans le cadre de son action pour la r\u00e9forme du syst\u00e8me social. \u00c0 l'\u00e9poque, ces id\u00e9es litt\u00e9ralement \u00ab?r\u00e9volutionnaires?\u00bb ne furent pas comprises. Aujourd'hui, un si\u00e8cle plus tard, elles apportent une cl\u00e9 pr\u00e9cieuse pour redonner au travail humain toute sa dignit\u00e9. Il s'agit que l'on cesse de traiter le travail humain comme une marchandise que l'on peut acheter et vendre, et que l'on d\u00e9couvre sa v\u00e9ritable nature?: un don que chacun fait aux autres, en toute libert\u00e9.","authors":["Peter Selg"],"category_codes":["9000000","9080000","9080200","9080204"],"visuals":{"large":"https:\/\/images.epagine.fr\/538\/9782852483538_1_75.jpg","medium":"https:\/\/images.epagine.fr\/538\/9782852483538_1_m.jpg","thumbnail":"https:\/\/images.epagine.fr\/538\/9782852483538_1_v.jpg"},"orderable":true,"show_badge":true,"formatted_price":"14,00&nbsp;\u20ac","formatted_published_date":"10 novembre 2012","publisher_availability_label":"Sur commande","short_details":"Peter Selg \u2014 Triades","translator":null,"weight":190,"page_count":146,"readership":null,"editor":"Triades","price":1400,"published_date":"2012-11-09T23:00:00.000000Z","support":"Grand format","publisher_availability":1,"stock":0,"editions":[],"url":"https:\/\/quaidesbrumes.com\/ouvrage\/9782852483538\/le-travail-de-chacun-et-lesprit-de-la-communaute"},{"id":"9782343051734","title":"Esp\u00e9rance, r\u00eave, utopie dans la pens\u00e9e d'Ernst Bloch","description":"Comme \u00ab l'h\u00e9r\u00e9tique le plus productif \u00bb du marxisme, d\u00e9termin\u00e9 \u00e0 faire une synth\u00e8se, d\u00e8s L'Esprit de l'Utopie  (1918), entre Karl Marx, la mort et l'apocalypse, Ernst Bloch a plac\u00e9 toute son oeuvre sous le signe de l'esp\u00e9rance, de la \u00ab station debout \u00bb (Aufrechter Gang), de la dignit\u00e9 humaine et de l'\u00ab utopie concr\u00e8te \u00bb. Les six conf\u00e9rences r\u00e9unies dans ce livre s'efforcent d'explorer en profondeur ces dimensions de l'univers philosophique blochien.","authors":["Arno M\u00fcnster"],"category_codes":["9000000","9080000","9080200","9080204"],"visuals":{"large":"https:\/\/images.epagine.fr\/734\/9782343051734_1_75.jpg","medium":"https:\/\/images.epagine.fr\/734\/9782343051734_1_m.jpg","thumbnail":"https:\/\/images.epagine.fr\/734\/9782343051734_1_v.jpg"},"orderable":true,"show_badge":true,"formatted_price":"21,00&nbsp;\u20ac","formatted_published_date":"4 f\u00e9vrier 2015","publisher_availability_label":"Sur commande","short_details":"Arno M\u00fcnster \u2014 \u00c9ditions L'Harmattan","translator":null,"weight":252,"page_count":200,"readership":null,"editor":"\u00c9ditions L'Harmattan","price":2100,"published_date":"2015-02-03T23:00:00.000000Z","support":"Grand format","publisher_availability":1,"stock":0,"editions":[],"url":"https:\/\/quaidesbrumes.com\/ouvrage\/9782343051734\/esperance-reve-utopie-dans-la-pensee-dernst-bloch"},{"id":"9782728805228","title":"L'exil est la patrie de la pens\u00e9e","description":"L'Exil est la patrie de la pens\u00e9e regroupe un ensemble de textes in\u00e9dits ou introuvables de Kostas Axelos. Prolongeant ses derniers livres (R\u00e9ponses \u00e9nigmatiques, Minuit, 2005 ; En qu\u00eate de l'impens\u00e9, Encre marine, 2012, posthume), il questionne la philosophie du XXe si\u00e8cle et relit sous le signe de l'exil la vie et l'oeuvre du philosophe, \u00e9clairant d'un jour nouveau une pens\u00e9e singuli\u00e8re. On trouvera \u00e9galement dans ce recueil des contributions philosophiques majeures sur Axelos (P. Fougeyrollas, F. Dastur, S. Jollivet, L. Couloubaritsis), ainsi que de nombreux t\u00e9moignages, dessins et photographies.","authors":["Kostas Axelos"],"category_codes":["9000000","9080000","9080200","9080204"],"visuals":{"large":"https:\/\/images.epagine.fr\/228\/9782728805228_1_75.jpg","medium":"https:\/\/images.epagine.fr\/228\/9782728805228_1_m.jpg","thumbnail":"https:\/\/images.epagine.fr\/228\/9782728805228_1_v.jpg"},"orderable":true,"show_badge":true,"formatted_price":"22,00&nbsp;\u20ac","formatted_published_date":"13 janvier 2015","publisher_availability_label":"Sur commande","short_details":"Kostas Axelos \u2014 Rue D'Ulm","translator":null,"weight":488,"page_count":204,"readership":null,"editor":"Rue D'Ulm","price":2200,"published_date":"2015-01-12T23:00:00.000000Z","support":"Grand format","publisher_availability":1,"stock":0,"editions":[],"url":"https:\/\/quaidesbrumes.com\/ouvrage\/9782728805228\/lexil-est-la-patrie-de-la-pensee"},{"id":"9782851974617","title":"La globalisation : une question spirituelle","description":"L'individualisme, que les technologies de la globalisation contribuent \u00e0 rendre plus puissant et plus universel, a fait na\u00eetre de nouvelles expressions de la libert\u00e9 \u00e9conomique et politique \u00e0 travers le monde. Il provoque aussi des peurs et des rejets devant l'inach\u00e8vement du \u00ab soi \u00bb et la d\u00e9liaison sociale qui annoncent de nouveaux antihumanismes. Une violence diffuse (perte de confiance en l'avenir, sentiment de trahison des \u00e9lites, accroissement des in\u00e9galit\u00e9s \u00e9conomiques, menaces climatiques, etc.) trouve une expression visible dans le fanatisme et le terrorisme depuis les attentats du 11 septembre 2001. Et si l'on \u00e9coutait davantage la petite voix qui recommande de consid\u00e9rer que la cl\u00e9 d'une globalisation plus humaine r\u00e9side dans une philosophie et une spiritualit\u00e9 de l'\u00e9change des dons ?","authors":["Collectif"],"category_codes":["9000000","9080000","9080200","9080204"],"visuals":{"large":"https:\/\/images.epagine.fr\/617\/9782851974617_1_75.jpg","medium":"https:\/\/images.epagine.fr\/617\/9782851974617_1_m.jpg","thumbnail":"https:\/\/images.epagine.fr\/617\/9782851974617_1_v.jpg"},"orderable":true,"show_badge":true,"formatted_price":"15,00&nbsp;\u20ac","formatted_published_date":"26 novembre 2014","publisher_availability_label":"Sur commande","short_details":"Collectif \u2014 \u00c9ditions de l'Herne","translator":null,"weight":360,"page_count":264,"readership":null,"editor":"\u00c9ditions de l'Herne","price":1500,"published_date":"2014-11-25T23:00:00.000000Z","support":"Grand format","publisher_availability":1,"stock":0,"editions":[],"url":"https:\/\/quaidesbrumes.com\/ouvrage\/9782851974617\/la-globalisation-une-question-spirituelle"},{"id":"9782296964464","title":"Recherche en philosophie ; de l'intuition du th\u00e8me \u00e0 la soutenance de th\u00e8se","description":"Cet ouvrage apporte des pr\u00e9cisions sur les diverses \u00e9tapes du parcours et du cheminement du philosophe apprenant, lorsqu'il doit r\u00e9aliser et soutenir, au terme de sa formation, un travail de recherche. L'auteur fait des mises au point autant sur la m\u00e9thode de recherche documentaire et la r\u00e9daction que sur la mise en page du travail.","authors":["Yaovi Akakpo"],"category_codes":["9000000","9080000","9080200","9080204"],"visuals":{"large":"https:\/\/images.epagine.fr\/464\/9782296964464_1_75.jpg","medium":"https:\/\/images.epagine.fr\/464\/9782296964464_1_m.jpg","thumbnail":"https:\/\/images.epagine.fr\/464\/9782296964464_1_v.jpg"},"orderable":true,"show_badge":true,"formatted_price":"15,00&nbsp;\u20ac","formatted_published_date":"17 septembre 2012","publisher_availability_label":"Sur commande","short_details":"Yaovi Akakpo \u2014 \u00c9ditions L'Harmattan","translator":null,"weight":170,"page_count":136,"readership":null,"editor":"\u00c9ditions L'Harmattan","price":1500,"published_date":"2012-09-16T22:00:00.000000Z","support":"Grand format","publisher_availability":1,"stock":0,"editions":[],"url":"https:\/\/quaidesbrumes.com\/ouvrage\/9782296964464\/recherche-en-philosophie-de-lintuition-du-theme-a-la-soutenance-de-these"},{"id":"9782848981727","title":"Nietzsche ; proph\u00e8te du troisi\u00e8me mill\u00e9naire ?","description":"Nietzsche est trop mal connu et trop m\u00e9connu. On lui a fait dire tout et n'importe quoi ! On l'a dit nihiliste, lui qui a \u00e9reint\u00e9 le nihilisme. On a fait de lui un misanthrope violent, lui qui \u00e9tait la courtoisie, la sensibilit\u00e9 et la douceur m\u00eames. On a voulu faire de lui un pr\u00e9curseur du nazisme, lui, l'ami des Juifs qui ne ha\u00efssait tant rien que le militarisme et le germanisme. On sait que Nietzsche proclamait que \u00ab Dieu est mort ! \u00bb. Mais sait-on de quel Dieu il parlait et sait-on qu'il fut le proph\u00e8te de la Vie et de l'Amour du Destin. On sait que Nietzsche \u00e9tait un philosophe du soup\u00e7on et le pourfendeur de toutes les esp\u00e9rances. Mais sait-on qu'il fut le proph\u00e8te du Surhumain, de ce qui d\u00e9passe l'homme. On sait que Nietzsche d\u00e9construisait tous les id\u00e9aux, tous les id\u00e9alismes, toutes les \u00ab valeurs \u00bb. Mais sait-on qu'il fut le proph\u00e8te de l'\u00c9ternel Retour et d'une mystique du Temps. On sait que Nietzsche \u00e9tait un contempteur du christianisme. Mais sait-on qu'il signa ses derni\u00e8res lettres d'un \u00e9trange \u00ab Le Crucifi\u00e9 \u00bb. Partons \u00e0 la rencontre de ce Nietzsche de Lumi\u00e8re, et d\u00e9couvrons-le sous un jour nouveau ! En chemin, nous croiserons Dionysos et Zarathoustra.","authors":["Marc Hal\u00e9vy"],"category_codes":["9000000","9080000","9080200","9080204"],"visuals":{"large":"https:\/\/images.epagine.fr\/727\/9782848981727_1_75.jpg","medium":"https:\/\/images.epagine.fr\/727\/9782848981727_1_m.jpg","thumbnail":"https:\/\/images.epagine.fr\/727\/9782848981727_1_v.jpg"},"orderable":true,"show_badge":true,"formatted_price":"29,00&nbsp;\u20ac","formatted_published_date":"22 mai 2013","publisher_availability_label":"Sur commande","short_details":"Marc Hal\u00e9vy \u2014 Oxus","translator":null,"weight":644,"page_count":414,"readership":null,"editor":"Oxus","price":2900,"published_date":"2013-05-21T22:00:00.000000Z","support":"Grand format","publisher_availability":1,"stock":0,"editions":[],"url":"https:\/\/quaidesbrumes.com\/ouvrage\/9782848981727\/nietzsche-prophete-du-troisieme-millenaire"},{"id":"9782343053219","title":"Penser la photographie num\u00e9rique ; la mutation digitale des images","description":"La photographie num\u00e9rique et les techniques de num\u00e9risation des images ont modifi\u00e9 radicalement sa conception et ses usages. De l'invention du daguerr\u00e9otype au dix-neuvi\u00e8me si\u00e8cle, jusqu'aux images digitales, le chemin parcouru par la photographie a m\u00e9tamorphos\u00e9 int\u00e9gralement la nature des images, et la mani\u00e8re dont elles sont fabriqu\u00e9es et utilis\u00e9es. Malgr\u00e9 cela, la photographie argentique demeure une r\u00e9f\u00e9rence de valeur pour les praticiens de l'imagerie digitale.","authors":["Jean-Claude Chirollet"],"category_codes":["9000000","9080000","9080200","9080204"],"visuals":{"large":"https:\/\/images.epagine.fr\/219\/9782343053219_1_75.jpg","medium":"https:\/\/images.epagine.fr\/219\/9782343053219_1_m.jpg","thumbnail":"https:\/\/images.epagine.fr\/219\/9782343053219_1_v.jpg"},"orderable":true,"show_badge":true,"formatted_price":"22,50&nbsp;\u20ac","formatted_published_date":"8 janvier 2015","publisher_availability_label":"Sur commande","short_details":"Jean-Claude Chirollet \u2014 \u00c9ditions L'Harmattan","translator":null,"weight":260,"page_count":214,"readership":null,"editor":"\u00c9ditions L'Harmattan","price":2250,"published_date":"2015-01-07T23:00:00.000000Z","support":"Grand format","publisher_availability":1,"stock":0,"editions":[],"url":"https:\/\/quaidesbrumes.com\/ouvrage\/9782343053219\/penser-la-photographie-numerique-la-mutation-digitale-des-images"},{"id":"9782916492476","title":"Impossible cadavre (l')","description":null,"authors":["Loriot Cyril"],"category_codes":["9000000","9080000"],"visuals":{"large":"https:\/\/quaidesbrumes.com\/img\/book-placeholder.png","medium":"https:\/\/quaidesbrumes.com\/img\/book-placeholder.png","thumbnail":"https:\/\/quaidesbrumes.com\/img\/book-placeholder.png"},"orderable":true,"show_badge":true,"formatted_price":"19,80&nbsp;\u20ac","formatted_published_date":"1er juin 2012","publisher_availability_label":"Sur commande","short_details":"Loriot Cyril \u2014 Le Grand Souffle","translator":null,"weight":220,"page_count":null,"readership":null,"editor":"Le Grand Souffle","price":1980,"published_date":"2012-05-31T22:00:00.000000Z","support":"Grand format","publisher_availability":1,"stock":0,"editions":[],"url":"https:\/\/quaidesbrumes.com\/ouvrage\/9782916492476\/impossible-cadavre-l"},{"id":"9782363921000","title":"Les aventures du moi","description":"Il est un ourson c\u00e9l\u00e8bre et aim\u00e9 de tous, n\u00e9 sous la plume de a. a. Milne, un journaliste -particuli\u00e8rement attentif \u00e0 l'\u00e9volution de son fils, le timide Christopher Robin - qui entreprit par l'entremise d'un conte d'initier son enfant \u00e0 b\u00e2tir sa personnalit\u00e9. Si Winnie a emport\u00e9 l'adh\u00e9sion des jeunes enfants \u00e0 qui il s'adressait, il est aussi parvenu \u00e0 s\u00e9duire les parents qui accompagnaient les t\u00eates tendres sur les voies de l'humanit\u00e9 :\u00ab comprends et tu seras un homme mon fils ! \u00bb Pourquoi Piglet, le petit cochon, s'inqui\u00e8te-t-il ? Eeyore est-il si pessimiste ? Tiggre est-il si ambitieux, tandis que le lapin opine et Ma\u00eetre Hibou s'enferme dans sa docte pens\u00e9e devant un petit ours d\u00e9bonnaire qui se r\u00e9v\u00e8le \u00eatre \u00ab le plus sage des ours \u00bb ?\r\nLaurence Vanin livre les cl\u00e9s de sagesse qui se dessinent derri\u00e8re ces sayn\u00e8tes. Elle explique comment chacun doit conqu\u00e9rir sa libert\u00e9 en s'\u00e9prouvant dans le monde et au contact des autres.\r\nLaurence Vanin montre que les aventures de Winnie the Pooh alimentent, par strates, la construction du \u00ab Moi \u00bb et r\u00e9v\u00e8le ainsi avec pertinence ce que cache cette oeuvre c\u00e9l\u00e8bre dont la qu\u00eate du sens se trouve... en suivant la Voie !","authors":["Laurence Vanin"],"category_codes":["9000000","9080000","9080200","9080204"],"visuals":{"large":"https:\/\/images.epagine.fr\/000\/9782363921000_1_75.jpg","medium":"https:\/\/images.epagine.fr\/000\/9782363921000_1_m.jpg","thumbnail":"https:\/\/images.epagine.fr\/000\/9782363921000_1_v.jpg"},"orderable":true,"show_badge":true,"formatted_price":"18,00&nbsp;\u20ac","formatted_published_date":"6 juin 2014","publisher_availability_label":"Sur commande","short_details":"Laurence Vanin \u2014 Ovadia","translator":null,"weight":242,"page_count":210,"readership":null,"editor":"Ovadia","price":1800,"published_date":"2014-06-05T22:00:00.000000Z","support":"Grand format","publisher_availability":1,"stock":0,"editions":[],"url":"https:\/\/quaidesbrumes.com\/ouvrage\/9782363921000\/les-aventures-du-moi"},{"id":"9782360402182","title":"Le mal","description":"Jean Brun (1919-1994), philosophe, auteur d'une oeuvre consid\u00e9rable, fut un chercheur de sens. Il r\u00e9fl\u00e9chit dans ce texte sur la monstruosit\u00e9 de cette pr\u00e9tention \u00e0 \u00ab l'autonomie \u00bb et l'immense d\u00e9tresse dont elle est le masque.","authors":["Jean Brun"],"category_codes":["9000000","9080000","9080200","9080204"],"visuals":{"large":"https:\/\/images.epagine.fr\/182\/9782360402182_1_75.jpg","medium":"https:\/\/images.epagine.fr\/182\/9782360402182_1_m.jpg","thumbnail":"https:\/\/images.epagine.fr\/182\/9782360402182_1_v.jpg"},"orderable":true,"show_badge":true,"formatted_price":"15,90&nbsp;\u20ac","formatted_published_date":"1er avril 2013","publisher_availability_label":"Sur commande","short_details":"Jean Brun \u2014 \u00c9ditions Art\u00e8ge","translator":null,"weight":260,"page_count":192,"readership":null,"editor":"\u00c9ditions Art\u00e8ge","price":1590,"published_date":"2013-03-31T22:00:00.000000Z","support":"Grand format","publisher_availability":1,"stock":0,"editions":[],"url":"https:\/\/quaidesbrumes.com\/ouvrage\/9782360402182\/le-mal"},{"id":"9782705687281","title":"La r\u00e9alit\u00e9 physique","description":"Leibniz comprenait la question \u00abpourquoi y a-t-il quelque chose plut\u00f4t que rien ?\u00bb sur un mode ontologique; il l'interpr\u00e9tait dans le cadre d'une physique continue, lin\u00e9aire et n\u00e9cessaire; et il y r\u00e9pondait en invoquant le principe de raison suffisante. Nous comprenons d\u00e9sormais cette question sur un mode non ontologique, en substituant une notion relativiste et pragmatiste de r\u00e9alit\u00e9 \u00e0 la notion absolue d'\u00eatre; nous l'interpr\u00e9tons dans le cadre d'une physique discontinue, non lin\u00e9aire et probabiliste; et nous y r\u00e9pondons en d\u00e9non\u00e7ant, sur un mode non sceptique, le principe de raison suffisante.\r\n\r\nOp\u00e9rer un tel renversement de l'analyse leibnizienne ne suffit toutefois pas. Car nous restons dans le cadre de la logique binaire adopt\u00e9e par Leibniz, \u00e0 savoir l'opposition entre le quelque chose (1) et le rien (0)...","authors":["Alain S\u00e9guy-Duclot"],"category_codes":["9000000","9080000","9080200","9080204"],"visuals":{"large":"https:\/\/images.epagine.fr\/281\/9782705687281_1_75.jpg","medium":"https:\/\/images.epagine.fr\/281\/9782705687281_1_m.jpg","thumbnail":"https:\/\/images.epagine.fr\/281\/9782705687281_1_v.jpg"},"orderable":true,"show_badge":true,"formatted_price":"39,00&nbsp;\u20ac","formatted_published_date":"14 novembre 2013","publisher_availability_label":"Sur commande","short_details":"Alain S\u00e9guy-Duclot \u2014 Hermann","translator":null,"weight":545,"page_count":476,"readership":null,"editor":"Hermann","price":3900,"published_date":"2013-11-13T23:00:00.000000Z","support":"Grand format","publisher_availability":1,"stock":0,"editions":[],"url":"https:\/\/quaidesbrumes.com\/ouvrage\/9782705687281\/la-realite-physique"},{"id":"9782322011247","title":"Mystique entre action et pens\u00e9e ; une nouvelle introduction \u00e0 la philosophie de Maurice Blondel","description":"Contre l'esprit scientiste de l'\u00e9poque, Maurice Blondel tente de d\u00e9montrer que la destin\u00e9e de l'homme ne saurait rester prisonni\u00e8re de l'immanence, enferm\u00e9e dans le seul horizon terrestre. L'originalit\u00e9 ind\u00e9niable de la pr\u00e9sente \u00e9tude consiste dans le fait d'avoir uni, dans une m\u00eame vision fondamentale, comme d'ailleurs l'indique le titre, la mystique et la foi chr\u00e9tienne, le regard du croyant et la vis\u00e9e du philosophe.","authors":["Heiner Wilmer"],"category_codes":["9000000","9080000","9080200","9080204"],"visuals":{"large":"https:\/\/images.epagine.fr\/247\/9782322011247_1_75.jpg","medium":"https:\/\/images.epagine.fr\/247\/9782322011247_1_m.jpg","thumbnail":"https:\/\/images.epagine.fr\/247\/9782322011247_1_v.jpg"},"orderable":true,"show_badge":true,"formatted_price":"11,99&nbsp;\u20ac","formatted_published_date":"3 d\u00e9cembre 2014","publisher_availability_label":"Sur commande","short_details":"Heiner Wilmer \u2014 Books on Demand","translator":null,"weight":301,"page_count":332,"readership":null,"editor":"Books on Demand","price":1199,"published_date":"2014-12-02T23:00:00.000000Z","support":"Grand format","publisher_availability":1,"stock":0,"editions":[],"url":"https:\/\/quaidesbrumes.com\/ouvrage\/9782322011247\/mystique-entre-action-et-pensee-une-nouvelle-introduction-a-la-philosophie-de-maurice-blondel"},{"id":"9782312013565","title":"M\u00e9taphysique Tome 1","description":"S'il est un terme qui a longtemps voyag\u00e9 et s'est charg\u00e9 de significations diverses, c'est bien le mot M\u00e9taphysique. \u00c0 l'origine, il n'est qu'un terme permettant la classification des oeuvres d'Aristote qui viennent couronner sa d\u00e9marche de philosophie m\u00e9ditative et contemplative de l'\u00e9tant et que lui-m\u00eame nommera \u00ab philosophie premi\u00e8re \u00bb, ce qui signifie la science reine. Apr\u00e8s l'exploration dans sa \u00ab philosophie seconde \u00bb de l'\u00e9tant mobile dans le devenir et de l'\u00e9tant se mouvant par lui-m\u00eame, le vivant, Aristote approfondit encore son regard en interrogeant r\u00e9solument vers l'\u00e9tant dans son \u00eatre : \u00ab Il existe une science de l'\u00e9tant en tant qu'\u00e9tant \u00bb ? La M\u00e9taphysique est donc cette science reine qui vient apr\u00e8s la physique et la connaissance philosophique du vivant. Mais l'\u00eatre est-il autre chose qu'une coquille vide, n'est-il pas, selon le mot de Nietzsche, le concept le plus us\u00e9 ? Peut-on aujourd'hui encore entendre l'appel de l'\u00eatre ? Ce premier tome de notre m\u00e9taphysique ouvre la voie vers la d\u00e9couverte de l'\u00eatre \u00e0 l'\u00e9tant, par la premi\u00e8re grande analytique de l'\u00eatre, l'analytique de l'\u00e9tance, et montre que la m\u00e9taphysique est suscit\u00e9e d\u00e8s son point de d\u00e9part par cette question vitale pour chacun d'entre nous : \u00ab Qui est le Dasein ? \u00bb","authors":["Fr\u00e9d\u00e9ric Tavernier-vellas"],"category_codes":["9000000","9080000","9080200","9080204"],"visuals":{"large":"https:\/\/images.epagine.fr\/565\/9782312013565_1_75.jpg","medium":"https:\/\/images.epagine.fr\/565\/9782312013565_1_m.jpg","thumbnail":"https:\/\/images.epagine.fr\/565\/9782312013565_1_v.jpg"},"orderable":true,"show_badge":true,"formatted_price":"18,00&nbsp;\u20ac","formatted_published_date":"17 septembre 2013","publisher_availability_label":"Sur commande","short_details":"Fr\u00e9d\u00e9ric Tavernier-vellas \u2014 Editions du Net","translator":null,"weight":347,"page_count":322,"readership":null,"editor":"Editions du Net","price":1800,"published_date":"2013-09-16T22:00:00.000000Z","support":"Grand format","publisher_availability":1,"stock":0,"editions":[],"url":"https:\/\/quaidesbrumes.com\/ouvrage\/9782312013565\/metaphysique-tome-1"},{"id":"9782705684532","title":"Les spectateurs de la vie ; g\u00e9n\u00e9alogie du regrad moraliste","description":"Les XVIe, XVIIe et XVIIIe si\u00e8cles repr\u00e9sentent l'\u00e2ge d'or des \u00ab philosophes de la vie \u00bb. \u00ab C'en est fini de toute coh\u00e9sion \u00bb, pressent non sans angoisse John Donne. De fait, la \u00ab cosmographie th\u00e9ologique \u00bb, le \u00ab th\u00e9\u00e2tre de l'univers \u00bb perdent leur prestige devant le \u00abs pectacle du monde \u00bb et le \u00ab petit monde \u00bb de l'homme, toujours explor\u00e9s plus avant gr\u00e2ce aux progr\u00e8s dans toutes les sciences, de l'astronomie \u00e0 l'anatomie. \u00c0 bien des \u00e9gards, des \u00ab scrutateurs \u00bb comme Montaigne, Gracian, La Fontaine et les esprits de cette famille jusqu'\u00e0 Nietzsche au moins, sont les pr\u00e9curseurs des existentialistes, les promoteurs du saisissant fragment litt\u00e9raire, si bien accord\u00e9 aux temps modernes. \r\nCeux que l'usage d\u00e9signe de moralistes et que Montaigne, plus profond\u00e9ment, nomme les \u00ab spectateurs de la vie \u00bb observent avec une exceptionnelle acuit\u00e9 le retour de la \u00ab sagesse humaine \u00bb du \u00ab ciel [...] vers l'homme \u00bb. Leur \u00ab lieu\u00bb  n'est plus en surplomb, mais en retrait. C'est, comme le voudra Chamfort, par rapport au \u00abth\u00e9\u00e2tre du monde\u00bb, la loge ; par rapport \u00e0 la nature et \u00e0 la condition humaines, c'est le cabinet d'\u00e9tude du \u00ab naturaliste \u00bb. \r\nPlac\u00e9e non moins directement sous le patronage du Nietzsche de la G\u00e9n\u00e9alogie de la morale, la pr\u00e9sente enqu\u00eate reconstitue, dans une perspective r\u00e9solument europ\u00e9enne et interdisciplinaire, la gen\u00e8se du regard sur l'homme en son th\u00e9\u00e2tre qui est au principe de toutes les \u00ab sciences humaines \u00bb de notre temps.","authors":["Louis Van delft"],"category_codes":["9000000","9080000","9080200","9080204"],"visuals":{"large":"https:\/\/images.epagine.fr\/532\/9782705684532_1_75.jpg","medium":"https:\/\/images.epagine.fr\/532\/9782705684532_1_m.jpg","thumbnail":"https:\/\/images.epagine.fr\/532\/9782705684532_1_v.jpg"},"orderable":true,"show_badge":true,"formatted_price":"30,00&nbsp;\u20ac","formatted_published_date":"11 janvier 2013","publisher_availability_label":"Sur commande","short_details":"Louis Van delft \u2014 Hermann","translator":null,"weight":320,"page_count":314,"readership":null,"editor":"Hermann","price":3000,"published_date":"2013-01-10T23:00:00.000000Z","support":"Grand format","publisher_availability":1,"stock":0,"editions":[],"url":"https:\/\/quaidesbrumes.com\/ouvrage\/9782705684532\/les-spectateurs-de-la-vie-genealogie-du-regrad-moraliste"},{"id":"9782705686819","title":"Petit alphabet impertinent : Suivi de Confessio philosophi, entretien avec Franck Delorieux","description":"Sous forme d'ab\u00e9c\u00e9daire, R. Sch\u00e9rer expose sa pens\u00e9e philosophique, caract\u00e9ris\u00e9e par le refus du repli sur soi et par l'ouverture \u00e0 l'autre. Il d\u00e9veloppe ainsi un concept d'hospitalit\u00e9 universelle.","authors":["Ren\u00e9 Scherer"],"category_codes":["9000000","9080000"],"visuals":{"large":"https:\/\/images.epagine.fr\/819\/9782705686819_1_75.jpg","medium":"https:\/\/images.epagine.fr\/819\/9782705686819_1_m.jpg","thumbnail":"https:\/\/images.epagine.fr\/819\/9782705686819_1_v.jpg"},"orderable":true,"show_badge":true,"formatted_price":"25,00&nbsp;\u20ac","formatted_published_date":"2 juillet 2014","publisher_availability_label":"Sur commande","short_details":"Ren\u00e9 Scherer \u2014 Hermann","translator":null,"weight":160,"page_count":118,"readership":null,"editor":"Hermann","price":2500,"published_date":"2014-07-01T22:00:00.000000Z","support":"Grand format","publisher_availability":1,"stock":0,"editions":[],"url":"https:\/\/quaidesbrumes.com\/ouvrage\/9782705686819\/petit-alphabet-impertinent-suivi-de-confessio-philosophi-entretien-avec-franck-delorieux"},{"id":"9782365471022","title":"Comprendre rene girard","description":"Penseur \u00e9tonnamment riche et complexe, Ren\u00e9 Girard apporte avec les outils qui sont les siens (l'anthropologie, la psychosociologie, la s\u00e9miologie, l'\u00e9tude des mythes) une r\u00e9ponse originale aux questions disput\u00e9es de l'origine du mal, de la religion et de la culture. La r\u00e9ponse de Ren\u00e9 Girard peut se repr\u00e9senter sous la forme d'une fus\u00e9e \u00e0 trois \u00e9tages. Le premier \u00e9tage, de facture anthropologique et psychologique, est une th\u00e9orie du d\u00e9sir humain. Cette th\u00e9orie a re\u00e7u de nombreuses applications dans les domaines de l'\u00e9tude des passions humaines, du gouvernement des hommes, du management, de la publicit\u00e9, etc. Le deuxi\u00e8me \u00e9tage, davantage historique et sociologique, est une th\u00e9orie de la religion. La religion appara\u00eet comme le moyen invent\u00e9 par les hommes pour r\u00e9guler la violence potentielle de leurs relations mutuelles, violence risquant toujours un d\u00e9rapage vers les extr\u00eames. Cette r\u00e9gulation culturelle est fond\u00e9e sur le m\u00e9canisme sacrificiel du bouc \u00e9missaire. Le troisi\u00e8me \u00e9tage concerne le christianisme et sa singularit\u00e9. Avec l'av\u00e8nement du christianisme, la r\u00e9gulation culturelle de la violence subit en effet une profonde mutation. En m\u00eame temps qu'il d\u00e9voile le caract\u00e8re mensonger du m\u00e9canisme sacrificiel, le christianisme met en place un autre type de r\u00e9gulation, fond\u00e9 sur l'amour d\u00e9sint\u00e9ress\u00e9(agap\u00e8) du prochain et mieux \u00e0 m\u00eame d'initier un processus de \u00abbonne r\u00e9ciprocit\u00e9\u00bb entre les personnes .En s'essayant \u00e0 une transcription syst\u00e9mique de la th\u00e9orie girardienne, l'auteur de cet audio cours s'efforce d'en montrer l'extr\u00eame g\u00e9n\u00e9ralit\u00e9 et la grande pertinence dans un grand nombre de domaines: p\u00e9dagogie, \u00e9ducation, relations familiales, sociale, politiques et internationales, strat\u00e9gies militaires, commerciales, \u00e9conomiques, etc.","authors":["G\u00e9rard Donnadieu"],"category_codes":["9000000","9080000","9080200","9080203"],"visuals":{"large":"https:\/\/images.epagine.fr\/022\/9782365471022_1_75.jpg","medium":"https:\/\/images.epagine.fr\/022\/9782365471022_1_m.jpg","thumbnail":"https:\/\/images.epagine.fr\/022\/9782365471022_1_v.jpg"},"orderable":true,"show_badge":true,"formatted_price":"20,00&nbsp;\u20ac","formatted_published_date":"4 octobre 2013","publisher_availability_label":"Sur commande","short_details":"G\u00e9rard Donnadieu \u2014 Saint-Leger Productions","translator":null,"weight":80,"page_count":null,"readership":null,"editor":"Saint-Leger Productions","price":2000,"published_date":"2013-10-03T22:00:00.000000Z","support":"CD Audio","publisher_availability":1,"stock":0,"editions":[],"url":"https:\/\/quaidesbrumes.com\/ouvrage\/9782365471022\/comprendre-rene-girard"},{"id":"9782953951837","title":"\u00e9loge du musical","description":"\u00ab Le musical peut se comparer \u00e0 l'Univers : il est difficile d'avoir des certitudes sur sa taille, son \u00e9tendue, sa profondeur, son \u00e2ge. Il est impossible d'affirmer qu'il est \u00ab infini \u00bb, tout au plus peuton penser qu'il est sans doute plus vaste que ce que l'horizon de notre \u00e9coute nous donne \u00e0 croire.\r\nIl a sa propre topologie. Un \u00e9l\u00e9ment se d\u00e9pla\u00e7ant en ligne droite reviendra \u00e0 son point de d\u00e9part :\r\nEn suivant le cycle des quintes, par exemple. Ou, en faisant un petit tour par le blues de Memphis.\r\nOu en cueillant un ornement arabo-andalou du XIVe si\u00e8cle...\r\nFaire l'\u00e9loge du musical comme je l'entends, c'est faire l'\u00e9loge du lien. Toute la puissance de la musique est dans cette capacit\u00e9 \u00e0 relier, d\u00e9placer les contraires, transformer, produire des m\u00e9tamorphoses.\r\n\u00bb Denis Levaillant.\r\n\r\nLe premier Livre traite des mod\u00e8les auxquels le musical est confront\u00e9 et tente de d\u00e9finir sa sp\u00e9cificit\u00e9 de pens\u00e9e.\r\nLe second Livre traite des esth\u00e9tiques dont le musical se nourrit aujourd'hui et tente de construire une renaissance.","authors":["Denis Levaillant"],"category_codes":["9000000","9080000","9080200","9080204"],"visuals":{"large":"https:\/\/images.epagine.fr\/837\/9782953951837_1_75.jpg","medium":"https:\/\/images.epagine.fr\/837\/9782953951837_1_m.jpg","thumbnail":"https:\/\/images.epagine.fr\/837\/9782953951837_1_v.jpg"},"orderable":true,"show_badge":true,"formatted_price":"12,00&nbsp;\u20ac","formatted_published_date":"15 septembre 2012","publisher_availability_label":"Sur commande","short_details":"Denis Levaillant \u2014 Dlm","translator":null,"weight":140,"page_count":110,"readership":null,"editor":"Dlm","price":1200,"published_date":"2012-09-14T22:00:00.000000Z","support":"Grand format","publisher_availability":1,"stock":0,"editions":[],"url":"https:\/\/quaidesbrumes.com\/ouvrage\/9782953951837\/eloge-du-musical"},{"id":"9782705687892","title":"Espace et m\u00e9taphysique de Gassendi \u00e0 Kant ; anthologie","description":"La r\u00e9flexion sur l'espace constitue l'un des enjeux majeurs de la philosophie \u00e0 l'\u00c2ge Classique. Il s'agit certes de penser l'espace infini appel\u00e9 par la nouvelle science. Mais avant m\u00eame l'infinit\u00e9, l'espace pose de redoutables probl\u00e8mes m\u00e9taphysiques. Ni substance, ni accident, il semble ne pouvoir \u00eatre class\u00e9 dans aucune des cat\u00e9gories traditionnelles de l'ontologie. Le pr\u00e9sent volume s'efforce de suivre la fa\u00e7on dont on a con\u00e7u l'espace entre Gassendi et Kant, c'est-\u00e0-dire finalement, la fa\u00e7on dont la philosophie a t\u00e2ch\u00e9 de donner un statut \u00e0 cette entit\u00e9 qui para\u00eet tout \u00e0 la fois n\u00e9cessaire et inconcevable.","authors":["Collectif"],"category_codes":["9000000","9080000","9080200","9080204"],"visuals":{"large":"https:\/\/images.epagine.fr\/892\/9782705687892_1_75.jpg","medium":"https:\/\/images.epagine.fr\/892\/9782705687892_1_m.jpg","thumbnail":"https:\/\/images.epagine.fr\/892\/9782705687892_1_v.jpg"},"orderable":true,"show_badge":true,"formatted_price":"42,00&nbsp;\u20ac","formatted_published_date":"15 janvier 2014","publisher_availability_label":"Sur commande","short_details":"Collectif \u2014 Hermann","translator":null,"weight":725,"page_count":422,"readership":null,"editor":"Hermann","price":4200,"published_date":"2014-01-14T23:00:00.000000Z","support":"Grand format","publisher_availability":1,"stock":0,"editions":[],"url":"https:\/\/quaidesbrumes.com\/ouvrage\/9782705687892\/espace-et-metaphysique-de-gassendi-a-kant-anthologie"},{"id":"9782357590182","title":"Philosophie, science, religion (cheikh anta diop), le combat de cheikh anta diop(michel ndoh)","description":"Voici une synth\u00e8se magistrale des probl\u00e8mes actuels que rencontrent la philosophie et la religion, en pr\u00e9sence du d\u00e9veloppement des sciences et de la conception de l'Univers qui en d\u00e9coule.\r\nCheikh Anta Diop \u00e9tait aussi physicien, on l'oublie trop souvent. Cet article \u00e9crit en 1981, atteste que l'\u00e9gyptologue se pr\u00e9occupait aussi de questions \u00e9pist\u00e9mologiques, et suivait de pr\u00e9s les d\u00e9bats engag\u00e9s par la nouvelle physique et la nouvelle biologie.\r\nScientifique, philosophe et aussi \u00e9cologiste pr\u00e9occup\u00e9 par le d\u00e9veloppement et l'utilisation des \u00e9nergies en Afrique, il se retrouve \u00e0 prolonger sa qu\u00eate aux confins extr\u00eames de la \" big science \" et de notre univers.\r\nIl y a maintenant un quart de si\u00e8cle que nous quittait, en 1986, ce grand intellectuel africain \u00e9pris de libert\u00e9 et de v\u00e9rit\u00e9. Chercheur, visionnaire, il nous l\u00e8gue une oeuvre importante en ce temps o\u00f9 l'histoire de l'Afrique nous interpelle et o\u00f9 la d\u00e9couverte de particules plus rapides que la lumi\u00e8re remettent en cause des th\u00e9ories toutes relatives.","authors":["Anta Diop Cheeikh","Michel Ndoh"],"category_codes":["9000000","9080000","9080200","9080204"],"visuals":{"large":"https:\/\/images.epagine.fr\/182\/9782357590182_1_75.jpg","medium":"https:\/\/images.epagine.fr\/182\/9782357590182_1_m.jpg","thumbnail":"https:\/\/images.epagine.fr\/182\/9782357590182_1_v.jpg"},"orderable":true,"show_badge":true,"formatted_price":"15,00&nbsp;\u20ac","formatted_published_date":"30 octobre 2011","publisher_availability_label":"Sur commande","short_details":"Anta Diop Cheeikh, Michel Ndoh \u2014 Alfabarre","translator":null,"weight":200,"page_count":152,"readership":null,"editor":"Alfabarre","price":1500,"published_date":"2011-10-29T22:00:00.000000Z","support":"Grand format","publisher_availability":1,"stock":0,"editions":[],"url":"https:\/\/quaidesbrumes.com\/ouvrage\/9782357590182\/philosophie-science-religion-cheikh-anta-diop-le-combat-de-cheikh-anta-diopmichel-ndoh"},{"id":"9782013526869","title":"De la liberte : son tableau et sa definition ce qu'elle est dans la societe","description":"De la libert\u00e9 : son tableau et sa d\u00e9finition ; ce qu'elle est dans la soci\u00e9t\u00e9 ; moyens de l'y conserver...\r\nDate de l'\u00e9dition originale : 1791 Ce livre est la reproduction fid\u00e8le d'une oeuvre publi\u00e9e avant 1920 et fait partie d'une collection de livres r\u00e9imprim\u00e9s \u00e0 la demande \u00e9dit\u00e9e par Hachette Livre, dans le cadre d'un partenariat avec la Biblioth\u00e8que nationale de France, offrant l'opportunit\u00e9 d'acc\u00e9der \u00e0 des ouvrages anciens et souvent rares issus des fonds patrimoniaux de la BnF.\r\nLes oeuvres faisant partie de cette collection ont \u00e9t\u00e9 num\u00e9ris\u00e9es par la BnF et sont pr\u00e9sentes sur Gallica, sa biblioth\u00e8que num\u00e9rique.\r\n\r\nEn entreprenant de redonner vie \u00e0 ces ouvrages au travers d'une collection de livres r\u00e9imprim\u00e9s \u00e0 la demande, nous leur donnons la possibilit\u00e9 de rencontrer un public \u00e9largi et participons \u00e0 la transmission de connaissances et de savoirs parfois difficilement accessibles.\r\nNous avons cherch\u00e9 \u00e0 concilier la reproduction fid\u00e8le d'un livre ancien \u00e0 partir de sa version num\u00e9ris\u00e9e avec le souci d'un confort de lecture optimal. Nous esp\u00e9rons que les ouvrages de cette nouvelle collection vous apporteront enti\u00e8re satisfaction.\r\n\r\nPour plus d'informations, rendez-vous sur www.hachettebnf.fr","authors":["Villers Wilfrid"],"category_codes":["9000000","9080000"],"visuals":{"large":"https:\/\/images.epagine.fr\/869\/9782013526869_1_75.jpg","medium":"https:\/\/images.epagine.fr\/869\/9782013526869_1_m.jpg","thumbnail":"https:\/\/images.epagine.fr\/869\/9782013526869_1_v.jpg"},"orderable":true,"show_badge":true,"formatted_price":"20,50&nbsp;\u20ac","formatted_published_date":"1er octobre 2014","publisher_availability_label":"Sur commande","short_details":"Villers Wilfrid \u2014 Hachette BNF","translator":null,"weight":349,"page_count":null,"readership":null,"editor":"Hachette BNF","price":2050,"published_date":"2014-09-30T22:00:00.000000Z","support":"Grand format","publisher_availability":1,"stock":0,"editions":[],"url":"https:\/\/quaidesbrumes.com\/ouvrage\/9782013526869\/de-la-liberte-son-tableau-et-sa-definition-ce-quelle-est-dans-la-societe"},{"id":"9782013401548","title":"Campagnes philosophiques, ou memoires de m. de montcal. partie 1 - , contenans l'histoire de la guer","description":"Campagnes philosophiques, ou M\u00e9moires de M. de Montcal,... contenans l'Histoire de la guerre d'Irlande, par l'auteur des \"M\u00e9moires d'un homme de qualit\u00e9\" [Antoine-Fran\u00e7ois Pr\u00e9vost d'Exiles]. Partie 1 Date de l'\u00e9dition originale : 1741 Ce livre est la reproduction fid\u00e8le d une uvre publi\u00e9e avant 1920 et fait partie d une collection de livres r\u00e9imprim\u00e9s \u00e0 la demande \u00e9dit\u00e9e par Hachette Livre, dans le cadre d un partenariat avec la Biblioth\u00e8que nationale de France, offrant l opportunit\u00e9 d acc\u00e9der \u00e0 des ouvrages anciens et souvent rares issus des fonds patrimoniaux de la BnF.\r\nLes uvres faisant partie de cette collection ont \u00e9t\u00e9 num\u00e9ris\u00e9es par la BnF et sont pr\u00e9sentes sur Gallica, sa biblioth\u00e8que num\u00e9rique.\r\n\r\nEn entreprenant de redonner vie \u00e0 ces ouvrages au travers d une collection de livres r\u00e9imprim\u00e9s \u00e0 la demande, nous leur donnons la possibilit\u00e9 de rencontrer un public \u00e9largi et participons \u00e0 la transmission de connaissances et de savoirs parfois difficilement accessibles.\r\nNous avons cherch\u00e9 \u00e0 concilier la reproduction fid\u00e8le d un livre ancien \u00e0 partir de sa version num\u00e9ris\u00e9e avec le souci d un confort de lecture optimal. Nous esp\u00e9rons que les ouvrages de cette nouvelle collection vous apporteront enti\u00e8re satisfaction.\r\n\r\nPour plus d informations, rendez-vous sur www.hachettebnf.fr","authors":["Prevost A F."],"category_codes":["9000000","9080000"],"visuals":{"large":"https:\/\/images.epagine.fr\/548\/9782013401548_1_75.jpg","medium":"https:\/\/images.epagine.fr\/548\/9782013401548_1_m.jpg","thumbnail":"https:\/\/images.epagine.fr\/548\/9782013401548_1_v.jpg"},"orderable":true,"show_badge":true,"formatted_price":"19,00&nbsp;\u20ac","formatted_published_date":"1er octobre 2014","publisher_availability_label":"Sur commande","short_details":"Prevost A F. \u2014 Hachette BNF","translator":null,"weight":289,"page_count":null,"readership":null,"editor":"Hachette BNF","price":1900,"published_date":"2014-09-30T22:00:00.000000Z","support":"Grand format","publisher_availability":1,"stock":0,"editions":[],"url":"https:\/\/quaidesbrumes.com\/ouvrage\/9782013401548\/campagnes-philosophiques-ou-memoires-de-m-de-montcal-partie-1-contenans-lhistoire-de-la-guer"},{"id":"9782013401555","title":"Campagnes philosophiques, ou memoires de m. de montcal. partie 4 - , contenans l'histoire de la guer","description":"Campagnes philosophiques, ou M\u00e9moires de M. de Montcal,... contenans l'Histoire de la guerre d'Irlande, par l'auteur des \"M\u00e9moires d'un homme de qualit\u00e9\" [Antoine-Fran\u00e7ois Pr\u00e9vost d'Exiles]. Partie 4 Date de l'\u00e9dition originale : 1741 Ce livre est la reproduction fid\u00e8le d une uvre publi\u00e9e avant 1920 et fait partie d une collection de livres r\u00e9imprim\u00e9s \u00e0 la demande \u00e9dit\u00e9e par Hachette Livre, dans le cadre d un partenariat avec la Biblioth\u00e8que nationale de France, offrant l opportunit\u00e9 d acc\u00e9der \u00e0 des ouvrages anciens et souvent rares issus des fonds patrimoniaux de la BnF.\r\nLes uvres faisant partie de cette collection ont \u00e9t\u00e9 num\u00e9ris\u00e9es par la BnF et sont pr\u00e9sentes sur Gallica, sa biblioth\u00e8que num\u00e9rique.\r\n\r\nEn entreprenant de redonner vie \u00e0 ces ouvrages au travers d une collection de livres r\u00e9imprim\u00e9s \u00e0 la demande, nous leur donnons la possibilit\u00e9 de rencontrer un public \u00e9largi et participons \u00e0 la transmission de connaissances et de savoirs parfois difficilement accessibles.\r\nNous avons cherch\u00e9 \u00e0 concilier la reproduction fid\u00e8le d un livre ancien \u00e0 partir de sa version num\u00e9ris\u00e9e avec le souci d un confort de lecture optimal. Nous esp\u00e9rons que les ouvrages de cette nouvelle collection vous apporteront enti\u00e8re satisfaction.\r\n\r\nPour plus d informations, rendez-vous sur www.hachettebnf.fr","authors":["Prevost A F."],"category_codes":["9000000","9080000"],"visuals":{"large":"https:\/\/images.epagine.fr\/555\/9782013401555_1_75.jpg","medium":"https:\/\/images.epagine.fr\/555\/9782013401555_1_m.jpg","thumbnail":"https:\/\/images.epagine.fr\/555\/9782013401555_1_v.jpg"},"orderable":true,"show_badge":true,"formatted_price":"19,00&nbsp;\u20ac","formatted_published_date":"1er octobre 2014","publisher_availability_label":"Sur commande","short_details":"Prevost A F. \u2014 Hachette BNF","translator":null,"weight":289,"page_count":null,"readership":null,"editor":"Hachette BNF","price":1900,"published_date":"2014-09-30T22:00:00.000000Z","support":"Grand format","publisher_availability":1,"stock":0,"editions":[],"url":"https:\/\/quaidesbrumes.com\/ouvrage\/9782013401555\/campagnes-philosophiques-ou-memoires-de-m-de-montcal-partie-4-contenans-lhistoire-de-la-guer"}]}