{"data":[{"id":"9791092752359","title":"Marquage manquant & autres dires de la peau","description":"Le pr\u00e9sent ouvrage donne \u00e0 lire la transcription d'un entretien avec le philosophe Jean-Luc Nancy men\u00e9 par Nicolas Dutent, le 6 janvier 2017, \u00e0 Strasbourg. Au cours de cet \u00e9change, le journaliste l'invite \u00e0 revenir sur sa pens\u00e9e du corps et de la peau, \u00e0 en d\u00e9velopper certains aspects \u00e0 la lumi\u00e8re de lectures crois\u00e9es et d'entr\u00e9es sp\u00e9cifiques. Que dire du corps qui n'ait \u00e9t\u00e9 dit ? Comment recevoir un corps \u00e9tranger ? Dans quelle mesure le corps est-il sacr\u00e9, religieux, politique ? Peut-on pr\u00e9senter la peau comme une v\u00e9rit\u00e9 ? Ne faudrait-il pas se risquer \u00e0 penser le tatouage, objet banal et pourtant fascinant ? Qu'est-ce qu'une marque ? Tout cela nous habitait et m\u00e9ritait \u00e0 nos yeux d'\u00eatre interrog\u00e9, \u00e9clairci, pr\u00e9cis\u00e9.\r\n \r\nAinsi, l'entretien s'ouvre sur une lecture du paysage philosophique occidental par rapport auquel prend forme aujourd'hui cette nouvelle pens\u00e9e du corps. Le r\u00e9cit de ce paysage, o\u00f9 s'inscrivent originellement la s\u00e9paration et l'union fondamentales de l'\u00e2me et du corps, permet de mettre \u00e0 jour la source d'une hantise profonde de la philosophie. La r\u00e9flexion porte notamment sur le dire d'un corps qui se trouve un jour condamn\u00e9 par l'infini qui le traverse ; mais aussi sur le dualisme sensible de l'\u00e2me, sur notre fa\u00e7on d'\u00eatre constamment tourn\u00e9s vers le dehors, sur ce que signifient l'ouverture, l'\u00e9criture, la v\u00e9rit\u00e9, le sacr\u00e9 pour le corps. R\u00e9apparaissent alors dans les prises de parole de Jean-Luc Nancy, dont on se demande parfois si elles ne sont pas au moins aussi po\u00e9tiques que philosophiques, des notions singuli\u00e8res : le toucher, l'excrit, l'expeaus\u00e9... Ici, le ressenti ne s'explique plus comme projection de l'intelligible sur le corps, mais est lui-m\u00eame l'origine de parole, le corps s'exprimant.D\u00e8s lors, on se demande moins comment penser le corps que comment le corps pense...","authors":["Jean-Luc Nancy"],"category_codes":["9000000","9080000","9080700"],"visuals":{"large":"https:\/\/images.epagine.fr\/359\/9791092752359_1_75.jpg","medium":"https:\/\/images.epagine.fr\/359\/9791092752359_1_m.jpg","thumbnail":"https:\/\/images.epagine.fr\/359\/9791092752359_1_v.jpg"},"orderable":true,"show_badge":true,"formatted_price":"29,00&nbsp;\u20ac","formatted_published_date":"7 juin 2017","publisher_availability_label":"Sur commande","short_details":"Jean-Luc Nancy \u2014 les Venterniers","translator":null,"weight":200,"page_count":100,"readership":null,"editor":"les Venterniers","price":2900,"published_date":"2017-06-06T22:00:00.000000Z","support":"Grand format","publisher_availability":1,"stock":0,"editions":[],"url":"https:\/\/quaidesbrumes.com\/ouvrage\/9791092752359\/marquage-manquant-autres-dires-de-la-peau"},{"id":"9782916578118","title":"Micro-pens\u00e9es de M. Wang","description":"En 2010, Wang Yafei, \u00e0 la t\u00eate des groupes d'\u00e9ditions Time publishing and Media company et Anhui publishing, se lance dans l'\u00e9criture de messages sur le site de micro-blog chinois, Weibo. Il recueille l'engouement d'un tr\u00e8s large public : en 2012, on lui compte pr\u00e8s de 1 700 000 adeptes.\r\n\r\nL'homme d'affaires y aborde les pr\u00e9occupations des Chinois du monde urbain, y expose sa philosophie de vie, y livre ses points de vue sur l'actualit\u00e9. Celui qui a \u00e9t\u00e9 \u00e9lu \u00ab meilleur chef d'entreprise \u00bb et \u00ab gestionnaire \u00bb pour l'ann\u00e9e 2011, nous convie aussi \u00e0 quelques r\u00e9flexions sur le monde des affaires et la gestion des ressources humaines, c\u00f4t\u00e9 Chine. Une plong\u00e9e au coeur d'une Chine urbaine en pleine effervescence.\r","authors":["Yafei Wang"],"category_codes":["9000000","9080000","9080200","9080204"],"visuals":{"large":"https:\/\/images.epagine.fr\/118\/9782916578118_1_75.jpg","medium":"https:\/\/images.epagine.fr\/118\/9782916578118_1_m.jpg","thumbnail":"https:\/\/images.epagine.fr\/118\/9782916578118_1_v.jpg"},"orderable":true,"show_badge":true,"formatted_price":"15,00&nbsp;\u20ac","formatted_published_date":"15 novembre 2012","publisher_availability_label":"Sur commande","short_details":"Yafei Wang \u2014 Pacifica","translator":null,"weight":320,"page_count":230,"readership":null,"editor":"Pacifica","price":1500,"published_date":"2012-11-14T23:00:00.000000Z","support":"Grand format","publisher_availability":1,"stock":0,"editions":[],"url":"https:\/\/quaidesbrumes.com\/ouvrage\/9782916578118\/micro-pensees-de-m-wang"},{"id":"9782953384611","title":"An introduction to aristotle s metaphysics of time. historical research into the mythological and as","description":null,"authors":["R\u00e9gis Laurent"],"category_codes":["9000000","9080000","9080400"],"visuals":{"large":"https:\/\/images.epagine.fr\/611\/9782953384611_1_75.jpg","medium":"https:\/\/images.epagine.fr\/611\/9782953384611_1_m.jpg","thumbnail":"https:\/\/images.epagine.fr\/611\/9782953384611_1_v.jpg"},"orderable":true,"show_badge":true,"formatted_price":"39,00&nbsp;\u20ac","formatted_published_date":"6 novembre 2015","publisher_availability_label":"Sur commande","short_details":"R\u00e9gis Laurent \u2014 Villegagnons","translator":null,"weight":250,"page_count":null,"readership":null,"editor":"Villegagnons","price":3900,"published_date":"2015-11-05T23:00:00.000000Z","support":"Grand format","publisher_availability":1,"stock":0,"editions":[],"url":"https:\/\/quaidesbrumes.com\/ouvrage\/9782953384611\/an-introduction-to-aristotle-s-metaphysics-of-time-historical-research-into-the-mythological-and-as"},{"id":"9782343057699","title":"Hannah Arendt ; patience de l'action","description":"Ce livre est une tentative de rem\u00e9moration d'une situation politique pr\u00e9cise, celle qui se d\u00e9clencha \u00e0 Madrid le 15 mai 2011 et qui ne peut se comprendre qu'au regard des r\u00e9voltes et r\u00e9volutions dans plusieurs pays arabes, suivies, de par le monde par les diff\u00e9rentes vagues d'Occupy. Cet essai voudrait constituer un t\u00e9moignage de ce monde d'assembl\u00e9es et d'occupations des places en r\u00e9f\u00e9rence \u00e0 l'oeuvre de Hannah Arendt, abord\u00e9e suivant deux ordres de questions : l'insistance sur la constitution de \"conseils\" et la constitution d'une \"pens\u00e9e plurielle\".\r","authors":["Jordi Carmona hurtado"],"category_codes":["9000000","9080000","9080200","9080204"],"visuals":{"large":"https:\/\/images.epagine.fr\/699\/9782343057699_1_75.jpg","medium":"https:\/\/images.epagine.fr\/699\/9782343057699_1_m.jpg","thumbnail":"https:\/\/images.epagine.fr\/699\/9782343057699_1_v.jpg"},"orderable":true,"show_badge":true,"formatted_price":"36,50&nbsp;\u20ac","formatted_published_date":"15 mai 2015","publisher_availability_label":"Sur commande","short_details":"Jordi Carmona hurtado \u2014 \u00c9ditions L'Harmattan","translator":null,"weight":500,"page_count":336,"readership":null,"editor":"\u00c9ditions L'Harmattan","price":3650,"published_date":"2015-05-14T22:00:00.000000Z","support":"Grand format","publisher_availability":1,"stock":0,"editions":[],"url":"https:\/\/quaidesbrumes.com\/ouvrage\/9782343057699\/hannah-arendt-patience-de-laction"},{"id":"9782813000965","title":"Passions cognitives ; l'objectivite \u00e0 l'\u00e9preuve du sensible","description":"C'est r\u00e9solument cet entre-deux - entre passion et connaissance - qu'il nous faut penser, et aussi sur lequel il nous faut agir. La passion ne r\u00e9side pas, ni n'op\u00e8re, \u00e0 l'ext\u00e9rieur d'un processus de connaissance envisag\u00e9 comme clos sur lui-m\u00eame. C'est engag\u00e9e dans l'action en train de se faire \" le knowing \" qu'elle se r\u00e9v\u00e8le, s'\u00e9tend et travaille. Face \u00e0 la fixit\u00e9 de la v\u00e9rit\u00e9 et de la finalit\u00e9 th\u00e9orique, c'est ce mouvement d'empassionnement de la connaissance qui nous int\u00e9resse. \u00ab Qu'est-ce qui motive, porte, et relance la connaissance? \u00bb peut \u00eatre une formulation de la question qui a inspir\u00e9 les auteurs de cet ouvrage.\r\n\r\nAvec les contributions de D. Belkis, F. Charvolin, A. Dumain, S. Franguiadakis, J.-B. Fressoz, J. Lamy, J. Lorimer, M.\r\nLynch, M. Peroni, J. Roux, V. S\u00e9rvais, D. Vinck et C. Waterton.\r","authors":["Collectif"],"category_codes":["9000000","9080000","9080200","9080204"],"visuals":{"large":"https:\/\/images.epagine.fr\/965\/9782813000965_1_75.jpg","medium":"https:\/\/images.epagine.fr\/965\/9782813000965_1_m.jpg","thumbnail":"https:\/\/images.epagine.fr\/965\/9782813000965_1_v.jpg"},"orderable":true,"show_badge":true,"formatted_price":"27,00&nbsp;\u20ac","formatted_published_date":"21 d\u00e9cembre 2013","publisher_availability_label":"Sur commande","short_details":"Collectif \u2014 ARCHIVES CONTEMPORAINES","translator":null,"weight":280,"page_count":280,"readership":null,"editor":"ARCHIVES CONTEMPORAINES","price":2700,"published_date":"2013-12-20T23:00:00.000000Z","support":"Grand format","publisher_availability":1,"stock":0,"editions":[],"url":"https:\/\/quaidesbrumes.com\/ouvrage\/9782813000965\/passions-cognitives-lobjectivite-a-lepreuve-du-sensible"},{"id":"9782343045245","title":"Corps et repr\u00e9sentations une liaison dangereuse ?","description":"Proposant un large panorama de l'\u00e9tat de la recherche sur les rapports complexes entre le corps et ses repr\u00e9sentations artistiques, mentales, individuelles ou collectives, ce volume regroupe des articles issus de la recherche actuelle en histoire, en litt\u00e9rature et dans le domaine des arts en g\u00e9n\u00e9ral. Cet ouvrage permet d'examiner les fondements des \u00e9tudes du corps, en analysant dans le d\u00e9tail les articulations possibles entre des corps et des repr\u00e9sentations, sources primordiales des investigations en sciences humaines.","authors":["Collectif"],"category_codes":["9000000","9080000","9080200","9080204"],"visuals":{"large":"https:\/\/images.epagine.fr\/245\/9782343045245_1_75.jpg","medium":"https:\/\/images.epagine.fr\/245\/9782343045245_1_m.jpg","thumbnail":"https:\/\/images.epagine.fr\/245\/9782343045245_1_v.jpg"},"orderable":true,"show_badge":true,"formatted_price":"38,00&nbsp;\u20ac","formatted_published_date":"21 novembre 2014","publisher_availability_label":"Sur commande","short_details":"Collectif \u2014 \u00c9ditions L'Harmattan","translator":null,"weight":535,"page_count":340,"readership":null,"editor":"\u00c9ditions L'Harmattan","price":3800,"published_date":"2014-11-20T23:00:00.000000Z","support":"Grand format","publisher_availability":1,"stock":0,"editions":[],"url":"https:\/\/quaidesbrumes.com\/ouvrage\/9782343045245\/corps-et-representations-une-liaison-dangereuse"},{"id":"9782336304700","title":"Marx et la theorie de l'ideologie","description":"Au cours des nombreux usages de la notion d'id\u00e9ologie, Marx montre rigoureusement la fa\u00e7on dont les diff\u00e9rentes repr\u00e9sentations, au sens large (id\u00e9es, croyances, monnaie), participent \u00e0 la structure de la soci\u00e9t\u00e9. La recherche et la compr\u00e9hension scientifique des conditions capitalistes n\u00e9cessitent logiquement une r\u00e9\u00e9laboration de la notion d'id\u00e9ologie.\r","authors":["Sarr Simal Ousmane"],"category_codes":["9000000","9080000"],"visuals":{"large":"https:\/\/images.epagine.fr\/700\/9782336304700_1_75.jpg","medium":"https:\/\/images.epagine.fr\/700\/9782336304700_1_m.jpg","thumbnail":"https:\/\/images.epagine.fr\/700\/9782336304700_1_v.jpg"},"orderable":true,"show_badge":true,"formatted_price":"22,50&nbsp;\u20ac","formatted_published_date":"10 janvier 2014","publisher_availability_label":"Sur commande","short_details":"Sarr Simal Ousmane \u2014 \u00c9ditions L'Harmattan","translator":null,"weight":272,"page_count":214,"readership":null,"editor":"\u00c9ditions L'Harmattan","price":2250,"published_date":"2014-01-09T23:00:00.000000Z","support":"Grand format","publisher_availability":1,"stock":0,"editions":[],"url":"https:\/\/quaidesbrumes.com\/ouvrage\/9782336304700\/marx-et-la-theorie-de-lideologie"},{"id":"9782343150031","title":"En de\u00e7\u00e0 des apparences","description":"\"Nous vivons dans une soci\u00e9t\u00e9 des apparences et il sera question ici de la croyance qui nous motive \u00e0 nous en donner, \u00e0 nous parer d'elles. Les pens\u00e9es de Benjamin, Augustin et Wittgenstein, Bloch ou Feuerbach permettront de comprendre ces apparences comme moyens pour atteindre une essence, un non-encore-nous, celui de nos aspirations que nous tentons de rejoindre. Ainsi comprises, les apparences nous construisent et notre soci\u00e9t\u00e9 nous demande de para\u00eetre afin d'\u00eatre.\"\r","authors":["Ilaria Brocchini"],"category_codes":["9000000","9080000","9080700"],"visuals":{"large":"https:\/\/images.epagine.fr\/031\/9782343150031_1_75.jpg","medium":"https:\/\/images.epagine.fr\/031\/9782343150031_1_m.jpg","thumbnail":"https:\/\/images.epagine.fr\/031\/9782343150031_1_v.jpg"},"orderable":true,"show_badge":true,"formatted_price":"13,50&nbsp;\u20ac","formatted_published_date":"5 juin 2018","publisher_availability_label":"Sur commande","short_details":"Ilaria Brocchini \u2014 \u00c9ditions L'Harmattan","translator":null,"weight":148,"page_count":104,"readership":null,"editor":"\u00c9ditions L'Harmattan","price":1350,"published_date":"2018-06-04T22:00:00.000000Z","support":"Grand format","publisher_availability":1,"stock":0,"editions":[],"url":"https:\/\/quaidesbrumes.com\/ouvrage\/9782343150031\/en-deca-des-apparences"},{"id":"9782336003238","title":"Figures de l'artiste","description":"Le point de d\u00e9part de cet ouvrage est une interrogation autour de la Figure de l'artiste. Issue d'une construction figurale largement tributaire des fictions romantiques, l'identit\u00e9 de l'artiste moderne est ins\u00e9parable de son double imaginaire et des r\u00e9cits dans lesquels il est appel\u00e9 \u00e0 s'inclure. Ce sont les aspects devenus multiples de cette Figure de l'artiste et le d\u00e9fi que pose sa tentative de r\u00e9appropriation symbolique dans le champ du pr\u00e9sent, qui font l'objet des \u00e9tudes r\u00e9unies ici.\r","authors":["Miguel Ega\u00f1a"],"category_codes":["9000000","9080000","9080200","9080204"],"visuals":{"large":"https:\/\/images.epagine.fr\/238\/9782336003238_1_75.jpg","medium":"https:\/\/images.epagine.fr\/238\/9782336003238_1_m.jpg","thumbnail":"https:\/\/images.epagine.fr\/238\/9782336003238_1_v.jpg"},"orderable":true,"show_badge":true,"formatted_price":"18,50&nbsp;\u20ac","formatted_published_date":"9 novembre 2012","publisher_availability_label":"Sur commande","short_details":"Miguel Ega\u00f1a \u2014 \u00c9ditions L'Harmattan","translator":null,"weight":200,"page_count":172,"readership":null,"editor":"\u00c9ditions L'Harmattan","price":1850,"published_date":"2012-11-08T23:00:00.000000Z","support":"Grand format","publisher_availability":1,"stock":0,"editions":[],"url":"https:\/\/quaidesbrumes.com\/ouvrage\/9782336003238\/figures-de-lartiste"},{"id":"9782357481060","title":"L'avenir du pass\u00e9 ; rencontre autour de R\u00e9mi Brague","description":"La pens\u00e9e d'Aristote a-t-elle encore quelque chose \u00e0 nous apprendre aujourd'hui ? Elle peut nous inviter \u00e0 nous interroger sur ce qu'\u00eatre homme, et sur notre rapport au monde. Mais les aristot\u00e9lismes qui se sont construits \u00e0 partir de ses oeuvres transmises, et traduites, dans l'Occident comme en terre d'Islam, ont donn\u00e9 un nouveau tour \u00e0 ses interrogations. Il a fallu faire place au donn\u00e9 r\u00e9v\u00e9l\u00e9. Une voie romaine a ainsi fait l'Europe. Une contribution autour du philosophe R\u00e9mi Brague.","authors":["Kristell Trego"],"category_codes":["9000000","9080000","9080200","9080204"],"visuals":{"large":"https:\/\/images.epagine.fr\/060\/9782357481060_1_75.jpg","medium":"https:\/\/images.epagine.fr\/060\/9782357481060_1_m.jpg","thumbnail":"https:\/\/images.epagine.fr\/060\/9782357481060_1_v.jpg"},"orderable":true,"show_badge":true,"formatted_price":"24,00&nbsp;\u20ac","formatted_published_date":"12 juillet 2013","publisher_availability_label":"Sur commande","short_details":"Kristell Trego \u2014 Kareline","translator":null,"weight":315,"page_count":232,"readership":null,"editor":"Kareline","price":2400,"published_date":"2013-07-11T22:00:00.000000Z","support":"Grand format","publisher_availability":1,"stock":0,"editions":[],"url":"https:\/\/quaidesbrumes.com\/ouvrage\/9782357481060\/lavenir-du-passe-rencontre-autour-de-remi-brague"},{"id":"9782343048789","title":"Philosophes europ\u00e9ens et africains ; les pens\u00e9es historiales majeures","description":"Ce livre pr\u00e9sente les trois voies existant en philosophie : la voie cosmologique, la voie anthropologique et la voie m\u00e9taphysique. Toutes les questions philosophiques peuvent \u00eatre abord\u00e9es sous l'une de ces voies, qui ne sont pas trois domaines distinctifs de l'existence mais plut\u00f4t trois points de vue, trois points de d\u00e9part pour engager une r\u00e9flexion totale. Ce projet brosse \u00e9galement les pens\u00e9es historiales des philosophes. En plus, il s'agit d'une r\u00e9flexion \u00e9thique et d'une vue globale de la pens\u00e9e africaine.\r","authors":["Alexis Mpoyi mukala"],"category_codes":["9000000","9080000","9080200","9080204"],"visuals":{"large":"https:\/\/images.epagine.fr\/789\/9782343048789_1_75.jpg","medium":"https:\/\/images.epagine.fr\/789\/9782343048789_1_m.jpg","thumbnail":"https:\/\/images.epagine.fr\/789\/9782343048789_1_v.jpg"},"orderable":true,"show_badge":true,"formatted_price":"21,50&nbsp;\u20ac","formatted_published_date":"4 f\u00e9vrier 2015","publisher_availability_label":"Sur commande","short_details":"Alexis Mpoyi mukala \u2014 \u00c9ditions L'Harmattan","translator":null,"weight":255,"page_count":208,"readership":null,"editor":"\u00c9ditions L'Harmattan","price":2150,"published_date":"2015-02-03T23:00:00.000000Z","support":"Grand format","publisher_availability":1,"stock":0,"editions":[],"url":"https:\/\/quaidesbrumes.com\/ouvrage\/9782343048789\/philosophes-europeens-et-africains-les-pensees-historiales-majeures"},{"id":"9782343060286","title":"Perspectives africaines d'un nouvel humanisme ; convergence des rationalit\u00e9s et \u00e9mancipation humaine","description":"\"Si les sciences ont incontestablement impos\u00e9 un mod\u00e8le de rationalit\u00e9 universelle, il ne s ensuit pas que la soci\u00e9t\u00e9 occidentale et ses valeurs puissent servir de normes uniques. La mondialisation actuelle et l histoire ancienne des hommes manifestent la pluralit\u00e9 des modes socioculturels et des r\u00e8gnes \u00e9thiques. La Rationalit\u00e9 ne peut d\u00e9sormais advenir que par la participation de tous et par une convergence des rationalit\u00e9s plurielles. L Afrique est donc n\u00e9cessairement incluse dans ce d\u00e9bat.\"\r","authors":["Moussa Hamidou talibi"],"category_codes":["9000000","9080000","9080200","9080204"],"visuals":{"large":"https:\/\/images.epagine.fr\/286\/9782343060286_1_75.jpg","medium":"https:\/\/images.epagine.fr\/286\/9782343060286_1_m.jpg","thumbnail":"https:\/\/images.epagine.fr\/286\/9782343060286_1_v.jpg"},"orderable":true,"show_badge":true,"formatted_price":"16,50&nbsp;\u20ac","formatted_published_date":"19 juin 2015","publisher_availability_label":"Sur commande","short_details":"Moussa Hamidou talibi \u2014 \u00c9ditions L'Harmattan","translator":null,"weight":195,"page_count":154,"readership":null,"editor":"\u00c9ditions L'Harmattan","price":1650,"published_date":"2015-06-18T22:00:00.000000Z","support":"Grand format","publisher_availability":1,"stock":0,"editions":[],"url":"https:\/\/quaidesbrumes.com\/ouvrage\/9782343060286\/perspectives-africaines-dun-nouvel-humanisme-convergence-des-rationalites-et-emancipation-humaine"},{"id":"9782343039411","title":"Une lecture africaine des trois m\u00e9tamorphose de l'esprit de Nietzsche","description":"L'Afrique veut redevenir enfant, en optant pour les simplicit\u00e9s de la vie : manger, dormir et occuper son temps comme on peut. Elle veut choisir de poss\u00e9der peu et aimer d'instinct ce qui est sobre et \u00e9pur\u00e9. Dans les soci\u00e9t\u00e9s occidentales, les personnes ne savent plus vivre simplement, elles ont trop de biens mat\u00e9riels, trop de choix, trop de tentations, trop de d\u00e9sirs, trop de nourriture. Cette \u00e9tude risque une proposition pour la renaissance ou la r\u00e9surrection de l'Afrique.\r","authors":["Patrice jean Ake"],"category_codes":["9000000","9080000","9080200","9080204"],"visuals":{"large":"https:\/\/images.epagine.fr\/411\/9782343039411_1_75.jpg","medium":"https:\/\/images.epagine.fr\/411\/9782343039411_1_m.jpg","thumbnail":"https:\/\/images.epagine.fr\/411\/9782343039411_1_v.jpg"},"orderable":true,"show_badge":true,"formatted_price":"13,50&nbsp;\u20ac","formatted_published_date":"11 juillet 2014","publisher_availability_label":"Sur commande","short_details":"Patrice jean Ake \u2014 \u00c9ditions L'Harmattan","translator":null,"weight":145,"page_count":110,"readership":null,"editor":"\u00c9ditions L'Harmattan","price":1350,"published_date":"2014-07-10T22:00:00.000000Z","support":"Grand format","publisher_availability":1,"stock":0,"editions":[],"url":"https:\/\/quaidesbrumes.com\/ouvrage\/9782343039411\/une-lecture-africaine-des-trois-metamorphose-de-lesprit-de-nietzsche"},{"id":"9782343066783","title":"La m\u00e9taphore et l'improbable ; \u00e9mergence de l'esprit post-scientifique ?","description":"\"Comment comprendre ce qui nous arrive ? A aurait-il, dans les multiples mutations du monde actuel, des relations invisibles ? Ce livre est un voyage dans le temps depuis l origine de la vie jusqu \u00e0 aujourd hui, o\u00f9 l humanit\u00e9 est devenue la premi\u00e8re force de transformation de la plan\u00e8te. C est aussi un voyage dans le monde de la pens\u00e9e. Voici des \u00e9l\u00e9ments pour comprendre notre monde en crise, infl\u00e9chir des d\u00e9cisions collectives, d\u00e9velopper notre d\u00e9sir d un \"\"vivre-ensemble\"\" plan\u00e9taire.\"\r","authors":["Michel j.- f. Dubois"],"category_codes":["9000000","9080000","9080700"],"visuals":{"large":"https:\/\/images.epagine.fr\/783\/9782343066783_1_75.jpg","medium":"https:\/\/images.epagine.fr\/783\/9782343066783_1_m.jpg","thumbnail":"https:\/\/images.epagine.fr\/783\/9782343066783_1_v.jpg"},"orderable":true,"show_badge":true,"formatted_price":"26,00&nbsp;\u20ac","formatted_published_date":"16 octobre 2015","publisher_availability_label":"Sur commande","short_details":"Michel j.- f. Dubois \u2014 \u00c9ditions L'Harmattan","translator":null,"weight":355,"page_count":234,"readership":null,"editor":"\u00c9ditions L'Harmattan","price":2600,"published_date":"2015-10-15T22:00:00.000000Z","support":"Grand format","publisher_availability":1,"stock":0,"editions":[],"url":"https:\/\/quaidesbrumes.com\/ouvrage\/9782343066783\/la-metaphore-et-limprobable-emergence-de-lesprit-post-scientifique"},{"id":"9782842423940","title":"Le front cercl\u00e9 de fer","description":"Une jeune femme se d\u00e9bat dans ce qu'elle voudrait penser, dans ce qu'elle ne sait pas penser, dans ce qui prend forme en elle pendant les ann\u00e9es de formation d'une jeunesse, jusqu'\u00e0 trouver une direction inattendue. Ceci n'est pas une autobiographie, c'est le roman d'\u00e9ducation d'une id\u00e9e.\r\nC'est aussi une \u00e9tude sur l'intimit\u00e9 du temps des id\u00e9es. Ce pass\u00e9, je ne l'ai repris que pour voir clair. Je l'emploie pour explorer ce qui est chaque fois diff\u00e9rent mais que nous reconnaissons tous : ce que devient \u00e0 travers les ann\u00e9es l'aventure personnelle des enjeux de pens\u00e9e. Et l'on s'aper\u00e7oit plus tard que cette dur\u00e9e intime, aimant\u00e9e plut\u00f4t que dirig\u00e9e, est devenue \u00e0 sa fa\u00e7on un parcours de travail et de vie.\r","authors":["Judith Schlanger"],"category_codes":["9000000","9080000","9080200","9080204"],"visuals":{"large":"https:\/\/images.epagine.fr\/940\/9782842423940_1_75.jpg","medium":"https:\/\/images.epagine.fr\/940\/9782842423940_1_m.jpg","thumbnail":"https:\/\/images.epagine.fr\/940\/9782842423940_1_v.jpg"},"orderable":true,"show_badge":true,"formatted_price":"18,00&nbsp;\u20ac","formatted_published_date":"3 septembre 2015","publisher_availability_label":"Sur commande","short_details":"Judith Schlanger \u2014 CIRCE","translator":null,"weight":184,"page_count":176,"readership":null,"editor":"CIRCE","price":1800,"published_date":"2015-09-02T22:00:00.000000Z","support":"Grand format","publisher_availability":1,"stock":0,"editions":[],"url":"https:\/\/quaidesbrumes.com\/ouvrage\/9782842423940\/le-front-cercle-de-fer"},{"id":"3663322121319","title":"Philosophie magazine n.161","description":null,"authors":["Philosophie Magazine"],"category_codes":["9000000","9080000","9080200","9080207"],"visuals":{"large":"https:\/\/quaidesbrumes.com\/img\/book-placeholder.png","medium":"https:\/\/quaidesbrumes.com\/img\/book-placeholder.png","thumbnail":"https:\/\/quaidesbrumes.com\/img\/book-placeholder.png"},"orderable":true,"show_badge":true,"formatted_price":"6,50&nbsp;\u20ac","formatted_published_date":"5 juillet 2022","publisher_availability_label":"Sur commande","short_details":"Philosophie Magazine \u2014 Philo Revue","translator":null,"weight":250,"page_count":98,"readership":null,"editor":"Philo Revue","price":650,"published_date":"2022-07-04T22:00:00.000000Z","support":"Revue","publisher_availability":1,"stock":0,"editions":[],"url":"https:\/\/quaidesbrumes.com\/ouvrage\/3663322121319\/philosophie-magazine-n161"},{"id":"9782343048550","title":"Existence et identit\u00e9 ; logos et techn\u00ea chez Plotin","description":"Plotin, philosophe grec du IIIe si\u00e8cle apr\u00e8s J.-C., ayant v\u00e9cu \u00e0 Alexandrie et \u00e0 Rome, offre au lecteur d'aujourd'hui un voyage merveilleux dans le monde \"exotique\" de la pens\u00e9e antique. De quelle mani\u00e8re les Trait\u00e9s de Plotin invitent-ils le lecteur du XXIe si\u00e8cle \u00e0 adopter des cat\u00e9gories mentales qui lui sont \"\u00e9trang\u00e8res\" ? Et comment l'installent-ils \"\u00e0 l'ext\u00e9rieur\" du monde moderne qu'il habite ?\r","authors":["Michel Fattal"],"category_codes":["9000000","9080000","9080200","9080204"],"visuals":{"large":"https:\/\/images.epagine.fr\/550\/9782343048550_1_75.jpg","medium":"https:\/\/images.epagine.fr\/550\/9782343048550_1_m.jpg","thumbnail":"https:\/\/images.epagine.fr\/550\/9782343048550_1_v.jpg"},"orderable":true,"show_badge":true,"formatted_price":"16,50&nbsp;\u20ac","formatted_published_date":"17 f\u00e9vrier 2015","publisher_availability_label":"Sur commande","short_details":"Michel Fattal \u2014 \u00c9ditions L'Harmattan","translator":null,"weight":185,"page_count":158,"readership":null,"editor":"\u00c9ditions L'Harmattan","price":1650,"published_date":"2015-02-16T23:00:00.000000Z","support":"Grand format","publisher_availability":1,"stock":0,"editions":[],"url":"https:\/\/quaidesbrumes.com\/ouvrage\/9782343048550\/existence-et-identite-logos-et-techne-chez-plotin"},{"id":"3663322121326","title":"Philosophie magazine n.162 : faut-il suivre son intuition ?","description":"Rentr\u00e9e scolaire, retour \u00e0 la vie active, l'automne est l'heure des choix, de la mise en pratique des bonnes r\u00e9solutions de l'\u00e9t\u00e9. On a encore l'esprit libre, le nez au-dessus du guidon. Mais pour ces d\u00e9cisions que nous avons \u00e0 prendre, en amour comme sur le terrain professionnel, comment proc\u00e9der ? Plus pr\u00e9cis\u00e9ment : faut-il suivre son intuition ? Ou au contraire se m\u00e9fier de sa spontan\u00e9it\u00e9, peser le pour et le contre, s'en remettre \u00e0 la raison ?  Il y a l\u00e0 deux \u00e9coles, qui nous engagent sur deux chemins de vie bien diff\u00e9rents, que ce num\u00e9ro explore.","authors":["Philosophie Magazine"],"category_codes":["9000000","9080000","9080200","9080207"],"visuals":{"large":"https:\/\/images.epagine.fr\/326\/3663322121326_1_75.jpg","medium":"https:\/\/images.epagine.fr\/326\/3663322121326_1_m.jpg","thumbnail":"https:\/\/images.epagine.fr\/326\/3663322121326_1_v.jpg"},"orderable":true,"show_badge":true,"formatted_price":"6,50&nbsp;\u20ac","formatted_published_date":"19 ao\u00fbt 2022","publisher_availability_label":"Sur commande","short_details":"Philosophie Magazine \u2014 Philo Revue","translator":null,"weight":250,"page_count":98,"readership":null,"editor":"Philo Revue","price":650,"published_date":"2022-08-18T22:00:00.000000Z","support":"Revue","publisher_availability":1,"stock":0,"editions":[],"url":"https:\/\/quaidesbrumes.com\/ouvrage\/3663322121326\/philosophie-magazine-n162-faut-il-suivre-son-intuition"},{"id":"9782343049366","title":"Adorno et l'antiquit\u00e9 ; d'Ulysse \u00e0 M\u00e9d\u00e9e","description":"Peut-on sauver M\u00e9d\u00e9e ? Et peut-on le faire gr\u00e2ce \u00e0 la lecture du livre de Horkheimer et Adorno, La dialectique de la Raison ? Dans la trag\u00e9die grecque, M\u00e9d\u00e9e, que son mari Jason venait de r\u00e9pudier pour \u00e9pouser la fille du roi, a tu\u00e9 ses enfants, et d\u00e9truit le palais de Corinthe. Dans l'histoire de la philosophie, Adorno consacre \u00e0 L'Odyss\u00e9e un chapitre de La dialectique de la Raison, et pr\u00e9sente Ulysse comme un farouche militant des progr\u00e8s de la raison, \u00ab sacrifi\u00e9 pour l'abolition du sacrifice \u00bb. En suivant son exemple critique, on peut imaginer M\u00e9d\u00e9e comme la face noire d'Ulysse...\r","authors":["Jacqueline Marre"],"category_codes":["9000000","9080000","9080200","9080204"],"visuals":{"large":"https:\/\/images.epagine.fr\/366\/9782343049366_1_75.jpg","medium":"https:\/\/images.epagine.fr\/366\/9782343049366_1_m.jpg","thumbnail":"https:\/\/images.epagine.fr\/366\/9782343049366_1_v.jpg"},"orderable":true,"show_badge":true,"formatted_price":"32,00&nbsp;\u20ac","formatted_published_date":"17 f\u00e9vrier 2015","publisher_availability_label":"Sur commande","short_details":"Jacqueline Marre \u2014 \u00c9ditions L'Harmattan","translator":null,"weight":435,"page_count":286,"readership":null,"editor":"\u00c9ditions L'Harmattan","price":3200,"published_date":"2015-02-16T23:00:00.000000Z","support":"Grand format","publisher_availability":1,"stock":0,"editions":[],"url":"https:\/\/quaidesbrumes.com\/ouvrage\/9782343049366\/adorno-et-lantiquite-dulysse-a-medee"},{"id":"9782343037288","title":"Rencontre des arts ; correspondances entre oeuvres sonores et visuelles au XXe si\u00e8cle","description":"L'auteur propose ici des angles nouveaux pour observer le dialogue entre formes artistiques : musique, peinture, op\u00e9ra ou film. Cet essai conjure th\u00e9orie, par les voies de l'esth\u00e9tique, et exp\u00e9rience, \u00e0 travers une analyse et une critique fond\u00e9es sur la perception. Stravinsky, Picasso, Ligeti, Rothko, Klee, Bach, Dutilleux, Van Gogh, Eisenstein et Berg sont parmi les personnages de ce livre. Il s'agit de transformer les regards, de bouleverser les fronti\u00e8res et susciter ainsi de nouvelles attitudes perceptives.\r","authors":["Alexandre Siqueira de freitas"],"category_codes":["9000000","9080000","9080200","9080204"],"visuals":{"large":"https:\/\/images.epagine.fr\/288\/9782343037288_1_75.jpg","medium":"https:\/\/images.epagine.fr\/288\/9782343037288_1_m.jpg","thumbnail":"https:\/\/images.epagine.fr\/288\/9782343037288_1_v.jpg"},"orderable":true,"show_badge":true,"formatted_price":"18,50&nbsp;\u20ac","formatted_published_date":"23 janvier 2015","publisher_availability_label":"Sur commande","short_details":"Alexandre Siqueira de freitas \u2014 \u00c9ditions L'Harmattan","translator":null,"weight":225,"page_count":178,"readership":null,"editor":"\u00c9ditions L'Harmattan","price":1850,"published_date":"2015-01-22T23:00:00.000000Z","support":"Grand format","publisher_availability":1,"stock":0,"editions":[],"url":"https:\/\/quaidesbrumes.com\/ouvrage\/9782343037288\/rencontre-des-arts-correspondances-entre-oeuvres-sonores-et-visuelles-au-xxe-siecle"},{"id":"9782981506689","title":"\u00e9paves du coeur ; l'\u00e8re du vide d'une soci\u00e9t\u00e9 post-chr\u00e9tienne","description":"Les \u00c9ditions Exit et Les Productions Ovizion s'associent pour produire un recueil de citations tir\u00e9es de L'Heureux Naufrage, un film documentaire au sujet de l'\u00e8re du vide d'une soci\u00e9t\u00e9 post-chr\u00e9tienne.  Vous lirez des extraits percutants qui m\u00e8nent \u00e0 la r\u00e9flexion au sujet de la vie actuelle et de la crise en mati\u00e8re de foi que nous vivons en tant que soci\u00e9t\u00e9. De grands penseurs y sont de la partie\u00a0: \u00c9ric-Emmanuel Schmitt, Pierre\u00a0 Maisonneuve, Benoit\u00a0 Lacroix, Guy Corneau, Fr\u00e9d\u00e9ric Lenoir et d'autres. Vous plongerez parmi les \u00e9paves du coeur humain et y trouverez des tr\u00e9sors qui vous habitent depuis longtemps, mais dont vous ne soup\u00e7onniez peut\u00eatre pas l'existence.\r\nLa maison d'\u00e9ditions EXIT propose de sortir des sentiers battus de l'\u00e8re moderne, de la comprendre et d'y faire volte-face.\r","authors":["Collectif"],"category_codes":["9000000","9080000"],"visuals":{"large":"https:\/\/images.epagine.fr\/689\/9782981506689_1_75.jpg","medium":"https:\/\/images.epagine.fr\/689\/9782981506689_1_m.jpg","thumbnail":"https:\/\/images.epagine.fr\/689\/9782981506689_1_v.jpg"},"orderable":true,"show_badge":true,"formatted_price":"15,90&nbsp;\u20ac","formatted_published_date":"1er septembre 2015","publisher_availability_label":"Sur commande","short_details":"Collectif \u2014 Exit","translator":null,"weight":130,"page_count":128,"readership":null,"editor":"Exit","price":1590,"published_date":"2015-08-31T22:00:00.000000Z","support":"Grand format","publisher_availability":1,"stock":0,"editions":[],"url":"https:\/\/quaidesbrumes.com\/ouvrage\/9782981506689\/epaves-du-coeur-lere-du-vide-dune-societe-post-chretienne"},{"id":"9782919694419","title":"Biologie, philosophie et marxisme ; textes choisis d'un biologiste atypique","description":"Ce recueil vise \u00e0 donner au lecteur francophone un acc\u00e8s \u00e0 une partie de la r\u00e9flexion du biologiste britannique John Burdon Sanderson Haldane (1892-1964) sur les sciences et leur rapport \u00e0 la philosophie et \u00e0 la politique. Haldane est surtout connu comme l'un des fondateurs (aux c\u00f4t\u00e9s de Ronald Fisher et Sewall Wright), au tournant des ann\u00e9es 1930, de la th\u00e9orie de la g\u00e9n\u00e9tique des populations, un moment important de la synth\u00e8se n\u00e9odarwinienne conciliant les r\u00e9sultats de la g\u00e9n\u00e9tique de Mendel et le cadre de la th\u00e9orie de l'\u00e9volution de Darwin. Mais il reste \u00e9galement comme un formidable vulgarisateur des sciences de son temps, un contributeur important \u00e0 la r\u00e9flexion philosophique sur les sciences, et un savant engag\u00e9 politiquement. Adh\u00e9rant philosophiquement au marxisme dans les ann\u00e9es 1930, il est jusqu'en 1950 une figure du Parti communiste de Grande-Bretagne (PCGB).\r\nLes six textes regroup\u00e9s ici, et traduits par Simon Gouz, concernent pr\u00e9cis\u00e9ment la p\u00e9riode de l'engagement marxiste de Haldane et permettent d'\u00e9clairer le sens et les conditions de cet engagement. Durant cette p\u00e9riode, la plus grande partie des \u00e9crits populaires de Haldane est constitu\u00e9e d'articles courts publi\u00e9s en tribune dans le Daily Worker (quotidien du PCGB). Ces articles sont pour la plupart centr\u00e9s sur un aspect particulier des sciences, le plus souvent en biologie, et visent \u00e0 la fois \u00e0 fournir au lecteur une information sur l'\u00e9tat des sciences et \u00e0 introduire une r\u00e9flexion sur les cons\u00e9quences sociales de leurs applications. Les textes traduits et reproduits dans le pr\u00e9sent recueil sont plus longs et affirment une port\u00e9e plus g\u00e9n\u00e9rale. Il s'agit des r\u00e9flexions men\u00e9es par Haldane directement du point de vue d'une philosophie marxiste des sciences. Chacun d'eux est pr\u00e9c\u00e9d\u00e9 d'une introduction fournissant une pr\u00e9sentation d\u00e9taill\u00e9e.\r\nFeu Simon Gouz \u00e9tait docteur en histoire et philosophie des sciences, et chercheur associ\u00e9 au laboratoire S2HEP de l'universit\u00e9 Claude Bernard-Lyon 1.\r","authors":["J.B.S. Haldane","Pascal Charbonnat","Fran\u00e7ois Pepin"],"category_codes":["9000000","9080000","9080200","9080204"],"visuals":{"large":"https:\/\/images.epagine.fr\/419\/9782919694419_1_75.jpg","medium":"https:\/\/images.epagine.fr\/419\/9782919694419_1_m.jpg","thumbnail":"https:\/\/images.epagine.fr\/419\/9782919694419_1_v.jpg"},"orderable":true,"show_badge":true,"formatted_price":"16,00&nbsp;\u20ac","formatted_published_date":"15 mars 2012","publisher_availability_label":"Sur commande","short_details":"J.B.S. Haldane, Pascal Charbonnat, Fran\u00e7ois Pepin \u2014 EDITIONS MATERIOLOGIQUES","translator":null,"weight":300,"page_count":162,"readership":null,"editor":"EDITIONS MATERIOLOGIQUES","price":1600,"published_date":"2012-03-14T23:00:00.000000Z","support":"Grand format","publisher_availability":1,"stock":0,"editions":[],"url":"https:\/\/quaidesbrumes.com\/ouvrage\/9782919694419\/biologie-philosophie-et-marxisme-textes-choisis-dun-biologiste-atypique"},{"id":"9782917741337","title":"Carnets de grec ; alsatica","description":"Une enseignante de lettres octog\u00e9naire rassemble ses souvenirs et se confie. Dans ce premier volume de la s\u00e9rie \u00ab M\u00e9moire des humanit\u00e9s \u00bb, une ancienne \u00e9l\u00e8ve met en forme la transcription orale de leurs retrouvailles et une s\u00e9lection d'archives conserv\u00e9es par l'int\u00e9ress\u00e9e. Des ann\u00e9es 1920 \u00e0 aujourd'hui, un si\u00e8cle d'histoire d\u00e9file : de la famille \u00e0 l'\u00e9cole, du lyc\u00e9e \u00e0 l'universit\u00e9, des bancs de la facult\u00e9 \u00e0 l'estrade de la salle de classe, de l'obtention des dipl\u00f4mes \u00e0 l'\u00e9laboration d'une p\u00e9dagogie personnalis\u00e9e, la vie des humanit\u00e9s (de l'entre-deux-guerres au XXIe si\u00e8cle) est ressuscit\u00e9e par une humaniste lucide et passionn\u00e9e dont le rayonnement berce encore la m\u00e9moire de plusieurs g\u00e9n\u00e9rations.\r","authors":["Marie-Therese Baetzner","Pascale Hummel"],"category_codes":["9000000","9080000","9080200","9080204"],"visuals":{"large":"https:\/\/quaidesbrumes.com\/img\/book-placeholder.png","medium":"https:\/\/quaidesbrumes.com\/img\/book-placeholder.png","thumbnail":"https:\/\/quaidesbrumes.com\/img\/book-placeholder.png"},"orderable":true,"show_badge":true,"formatted_price":"25,00&nbsp;\u20ac","formatted_published_date":"30 avril 2012","publisher_availability_label":"Sur commande","short_details":"Marie-Therese Baetzner, Pascale Hummel \u2014 Philologicum","translator":null,"weight":195,"page_count":100,"readership":null,"editor":"Philologicum","price":2500,"published_date":"2012-04-29T22:00:00.000000Z","support":"Grand format","publisher_availability":1,"stock":0,"editions":[],"url":"https:\/\/quaidesbrumes.com\/ouvrage\/9782917741337\/carnets-de-grec-alsatica"},{"id":"9782841867158","title":"Axel honneth ; le droit de la reconnaissance","description":"Depuis une vingtaine d'ann\u00e9es, les r\u00e9flexions d'Axel Honneth se sont impos\u00e9es comme une r\u00e9f\u00e9rence majeure dans les domaines de la philosophie morale, sociale et politique. On en retient souvent le th\u00e8me de la reconnaissance. Il ne repr\u00e9sente pourtant qu'un aspect d'une oeuvre qui, en dialogue constant avec ses contemporains (Rawls, Taylor, Fraser) et ses a\u00efeux plus ou moins lointains (Hegel, Marx, l'\u00c9cole de Francfort), n'a cess\u00e9 d'\u00e9voluer et de s'approfondir.\r\n Plus que le th\u00e8me de la reconnaissance, c'est l'id\u00e9e d'une \" vie \u00e9thique d\u00e9mocratique \" qui permet de retracer au mieux cette \u00e9volution. Elle appelle l'attention sur deux th\u00e8ses que Honneth va puiser dans la Philosophie du droit de Hegel pour en montrer la pertinence toujours actuelle. La premi\u00e8re veut que les demandes de reconnaissance poss\u00e8dent un droit l\u00e9gitime lorsqu'elles contribuent au maintien, \u00e0 l'intensification ou \u00e0 l'\u00e9largissement de la \" libert\u00e9 sociale \" de tous les concern\u00e9s. La seconde que les rapports interpersonnels de reconnaissance soient diss\u00e9min\u00e9s parmi les institutions de la \" vie \u00e9thique \" moderne. \r\n L'enjeu que soul\u00e8ve la pens\u00e9e critique de Honneth est alors d'examiner si, aujourd'hui, les institutions de la reconnaissance auxquelles nous participons - la famille, le march\u00e9 du travail, l'\u00c9tat de droit, l'espace public - m\u00e9ritent v\u00e9ritablement le qualificatif de \" d\u00e9mocratique \".","authors":["Louis Carr\u00e9"],"category_codes":["9000000","9080000","9080200","9080204"],"visuals":{"large":"https:\/\/images.epagine.fr\/158\/9782841867158_1_75.jpg","medium":"https:\/\/images.epagine.fr\/158\/9782841867158_1_m.jpg","thumbnail":"https:\/\/images.epagine.fr\/158\/9782841867158_1_v.jpg"},"orderable":true,"show_badge":true,"formatted_price":"10,00&nbsp;\u20ac","formatted_published_date":"17 octobre 2013","publisher_availability_label":"Sur commande","short_details":"Louis Carr\u00e9 \u2014 MICHALON","translator":null,"weight":120,"page_count":128,"readership":null,"editor":"MICHALON","price":1000,"published_date":"2013-10-16T22:00:00.000000Z","support":"Grand format","publisher_availability":1,"stock":0,"editions":[],"url":"https:\/\/quaidesbrumes.com\/ouvrage\/9782841867158\/axel-honneth-le-droit-de-la-reconnaissance"}]}