{"data":[{"id":"9782845342125","title":"Hard memories ; en hommage \u00e0 Jean Baudrillard","description":"Dans ce texte prononc\u00e9 lors de la manifestation \u00ab Baudrillard is back \u00bb, \u00e0 Reims, en 2009, le psychanalyste Michel Neyraut rend hommage \u00e0 son ami de jeunesse et camarade de lyc\u00e9e en \u00e9voquant quelques-uns de leurs souvenirs communs.\r\n\r\n\u00ab Nous nous sommes connus \u00e0 la lib\u00e9ration de Reims, en classe de seconde avec Olivier Reboul. Les cours avaient encore lieu au lyc\u00e9e de jeunes filles avenue Jean-Jaur\u00e8s. \u00b6 Puis nous sommes revenus au lyc\u00e9e de gar\u00e7ons, rue de l'universit\u00e9, en premi\u00e8re avec Boutet de Monvel. En philo enfin avec Emmanuel Peillet.\r\n\u00b6 Le style de Jean \u00e9tait reconnu de tous. Sa phrase magistrale, concise, synth\u00e9tique, avan\u00e7ait d\u00e9j\u00e0 dans les id\u00e9es comme l'\u00e9trave d'un destroyer. \u00b6 Nous ne refaisions pas le monde, il avait l'air de s'en charger tout seul ! En revanche nous l'examinions avec la f\u00e9rocit\u00e9 de nos seize ans. \u00b6 Critilo, un des personnages de Bal thasar Gracian traverse la France qu'il appelle \u00able d\u00e9sert d'hypocrinde, uniquement peupl\u00e9 d'hypocrites et de cancres \u00bb. Nous \u00e9tions d\u00e9j\u00e0 de cet avis. Mais le v\u00e9ritable livre qui habitait notre adolescence, \u00e9tait celui de John Steinbeck, Tortilla flatt, o\u00f9 l'on voyait les p\u00eacheurs estimant que le pois son mord de pr\u00e9f\u00e9rence le matin, croisant ceux qui pensent qu'il mord plus volontiers le soir. \u00b6 Le plus souvent, nous \u00e9tions trois : le Baron, alias Jean-Marc Segrestaa ; le Chanoine, dit Jean Baudrillard; et le Filousophe, alias votre serviteur. Nous partions des Halles de Paris, du Pavillon Baltard. Les camions allaient et venaient marchant au gazog\u00e8ne, par toute la France et surtout vers le midi. Nous exigions de n'\u00eatre jamais s\u00e9par\u00e9s. Un jour que nous \u00e9tions au bord de la route, nous avons interrog\u00e9 le baron :\r\n- Baron qu'allons nous devenir ?\r\n- Toi, le Chanoine, (c'est-\u00e0-dire Jean Baudrillard), tu seras c\u00e9l\u00e8bre dans le monde entier ! Toi, le Filousophe, tu seras connu de tout Paris et de la France enti\u00e8re. \u00bb [...] \u00ab Un jour je suis all\u00e9 l'\u00e9couter \u00e0 Nanterre. C'\u00e9tait du temps de Henri Lefebvre. J'ai retrouv\u00e9 le penseur qu'il n'avait cess\u00e9 d'\u00eatre, l'exp\u00e9ri mentateur, naviguant dans son \u00e9merveillement du monde, \u00e9tonn\u00e9 toujours, m\u00e9ditant sur son si\u00e8cle, rajoutant une louche \u00e0 la bouffonnerie du temps, pataphysicien dans l'\u00e2me. Fid\u00e8le \u00e0 ses amiti\u00e9s. \u00b6 J'ai regard\u00e9 son portrait l'autre jour \u00e0 la devanture du libraire et les larmes me sont mont\u00e9es aux yeux. \u00bb\r","authors":["Michel Neyraut"],"category_codes":["9000000","9080000","9080200","9080204"],"visuals":{"large":"https:\/\/images.epagine.fr\/125\/9782845342125_1_75.jpg","medium":"https:\/\/images.epagine.fr\/125\/9782845342125_1_m.jpg","thumbnail":"https:\/\/images.epagine.fr\/125\/9782845342125_1_v.jpg"},"orderable":true,"show_badge":true,"formatted_price":"3,50&nbsp;\u20ac","formatted_published_date":"5 novembre 2013","publisher_availability_label":"Sur commande","short_details":"Michel Neyraut \u2014 SENS ET TONKA","translator":null,"weight":45,"page_count":24,"readership":null,"editor":"SENS ET TONKA","price":350,"published_date":"2013-11-04T23:00:00.000000Z","support":"Grand format","publisher_availability":1,"stock":0,"editions":[],"url":"https:\/\/quaidesbrumes.com\/ouvrage\/9782845342125\/hard-memories-en-hommage-a-jean-baudrillard"},{"id":"9782336307145","title":"Le pr\u00eatre selon Nietzsche Tome 2","description":"Dans ce second volume, la question du c\u00e9libat des pr\u00eatres, qui n'est pas un dogme mais une tradition eccl\u00e9siastique discutable, n'est pas occult\u00e9e. Nietzsche vient enrichir la r\u00e9flexion avec son pr\u00eatre, Zarathustra. Celui-ci nous invite \u00e0 transformer le poison en rem\u00e8de, face \u00e0 l'angoisse du pr\u00eatre devant la femme d\u00e9monis\u00e9e, et veut redonner au sexe une dimension transcendentale. Belle r\u00e9flexion pour notre si\u00e8cle.\r","authors":["Patrice jean Ake"],"category_codes":["9000000","9080000","9080200","9080204"],"visuals":{"large":"https:\/\/images.epagine.fr\/145\/9782336307145_1_75.jpg","medium":"https:\/\/images.epagine.fr\/145\/9782336307145_1_m.jpg","thumbnail":"https:\/\/images.epagine.fr\/145\/9782336307145_1_v.jpg"},"orderable":true,"show_badge":true,"formatted_price":"27,00&nbsp;\u20ac","formatted_published_date":"24 juillet 2014","publisher_availability_label":"Sur commande","short_details":"Patrice jean Ake \u2014 \u00c9ditions L'Harmattan","translator":null,"weight":310,"page_count":256,"readership":null,"editor":"\u00c9ditions L'Harmattan","price":2700,"published_date":"2014-07-23T22:00:00.000000Z","support":"Grand format","publisher_availability":1,"stock":0,"editions":[],"url":"https:\/\/quaidesbrumes.com\/ouvrage\/9782336307145\/le-pretre-selon-nietzsche-tome-2"},{"id":"9782343041773","title":"Qu'est ce qu'une crise ? \u00e9l\u00e9ments d'une th\u00e9orie critique","description":"Cet essai aborde un th\u00e8me encore non trait\u00e9 dans une perspective m\u00e9thodologique. En g\u00e9n\u00e9ral, le concept de crise est accompagn\u00e9 soit d'un adjectif ou d'une pr\u00e9position, en ce que toute crise est toujours crise de. Mais on n'\u00e9tudie pas le concept de crise en soi. D'o\u00f9 l'originalit\u00e9 et la nouveaut\u00e9 de cette r\u00e9flexion. Ce texte succinct sugg\u00e8re un cadre th\u00e9orique critique pour l'analyse d'une crise quelconque, \u00e0 partir de la m\u00e9thode dialectique.\r","authors":["Glodel Mezilas"],"category_codes":["9000000","9080000","9080200","9080204"],"visuals":{"large":"https:\/\/images.epagine.fr\/773\/9782343041773_1_75.jpg","medium":"https:\/\/images.epagine.fr\/773\/9782343041773_1_m.jpg","thumbnail":"https:\/\/images.epagine.fr\/773\/9782343041773_1_v.jpg"},"orderable":true,"show_badge":true,"formatted_price":"13,00&nbsp;\u20ac","formatted_published_date":"3 septembre 2014","publisher_availability_label":"Sur commande","short_details":"Glodel Mezilas \u2014 \u00c9ditions L'Harmattan","translator":null,"weight":130,"page_count":102,"readership":null,"editor":"\u00c9ditions L'Harmattan","price":1300,"published_date":"2014-09-02T22:00:00.000000Z","support":"Grand format","publisher_availability":1,"stock":0,"editions":[],"url":"https:\/\/quaidesbrumes.com\/ouvrage\/9782343041773\/quest-ce-quune-crise-elements-dune-theorie-critique"},{"id":"9782343081137","title":"Malraux, le passeur de fronti\u00e8res","description":"\"Si, comme le dit Malraux, \u00ab l'homme ne se construit qu'en poursuivant ce qui le d\u00e9passe \u00bb, il va devoir franchir des fronti\u00e8res. Et cela est vrai pour l'artiste qu'il fut, qui passa du roman au cin\u00e9ma, \u00e0 l'essai et aux m\u00e9ditations sur l'art. - Il a franchi plus d'une fronti\u00e8re au p\u00e9ril de sa vie, au risque d'\u00e9chouer et de perdre, de se perdre, de para\u00eetre ridicule, d'\u00eatre ridiculis\u00e9 : fronti\u00e8res de la vie & des engagements, fronti\u00e8res de la mort & des oeuvres, fronti\u00e8res des arts & des pens\u00e9es.\"\r","authors":["Fran\u00e7ois Soulages"],"category_codes":["9000000","9080000","9080700"],"visuals":{"large":"https:\/\/images.epagine.fr\/137\/9782343081137_1_75.jpg","medium":"https:\/\/images.epagine.fr\/137\/9782343081137_1_m.jpg","thumbnail":"https:\/\/images.epagine.fr\/137\/9782343081137_1_v.jpg"},"orderable":true,"show_badge":true,"formatted_price":"19,00&nbsp;\u20ac","formatted_published_date":"11 d\u00e9cembre 2015","publisher_availability_label":"Sur commande","short_details":"Fran\u00e7ois Soulages \u2014 \u00c9ditions L'Harmattan","translator":null,"weight":200,"page_count":166,"readership":null,"editor":"\u00c9ditions L'Harmattan","price":1900,"published_date":"2015-12-10T23:00:00.000000Z","support":"Grand format","publisher_availability":1,"stock":0,"editions":[],"url":"https:\/\/quaidesbrumes.com\/ouvrage\/9782343081137\/malraux-le-passeur-de-frontieres"},{"id":"9782343061580","title":"L'\u00e9cole de Francfort et la critique de la modernit\u00e9 ; le paradoxe de l'oeuvre d'art","description":"R\u00e9alit\u00e9 autonome et fait social, l'oeuvre d'art est le produit de la soci\u00e9t\u00e9 sans \u00eatre une copie, traduisant l'ordre \u00e9tabli. Entit\u00e9 utopique l'oeuvre d'art est l'antidote au d\u00e9senchantement du monde. Comme tel, elle est promesse de libert\u00e9 et de bonheur authentiques dans un univers de production-reproduction, soumis au principe du rendement. Et dans un monde pris par les rets d'une mondialisation technocapitaliste et totalitaire, il est imp\u00e9rieux de penser, avec l'\u00e9cole de Francfort, le caract\u00e8re subversif et utopique de l'art si l'on veut endiguer les avatars de la modernit\u00e9.\r","authors":["Doh Ludovic Fi\u00e9"],"category_codes":["9000000","9080000","9080200","9080204"],"visuals":{"large":"https:\/\/images.epagine.fr\/580\/9782343061580_1_75.jpg","medium":"https:\/\/images.epagine.fr\/580\/9782343061580_1_m.jpg","thumbnail":"https:\/\/images.epagine.fr\/580\/9782343061580_1_v.jpg"},"orderable":true,"show_badge":true,"formatted_price":"15,00&nbsp;\u20ac","formatted_published_date":"22 avril 2015","publisher_availability_label":"Sur commande","short_details":"Doh Ludovic Fi\u00e9 \u2014 \u00c9ditions L'Harmattan","translator":null,"weight":180,"page_count":136,"readership":null,"editor":"\u00c9ditions L'Harmattan","price":1500,"published_date":"2015-04-21T22:00:00.000000Z","support":"Grand format","publisher_availability":1,"stock":0,"editions":[],"url":"https:\/\/quaidesbrumes.com\/ouvrage\/9782343061580\/lecole-de-francfort-et-la-critique-de-la-modernite-le-paradoxe-de-loeuvre-dart"},{"id":"9782343066820","title":"O\u00f9 va la civilisation ? \u00e9thique pour un monde humain r\u00e9concili\u00e9 avec ce dont il est issu","description":"\"Selon l auteur, nous sommes \u00e0 un tournant de l histoire humaine. Engag\u00e9s dans un processus d autodestruction, nous avons encore temps de penser \u00e0 une autre mani\u00e8re d \u00eatre humain. Nous devons apprendre \u00e0 penser librement en nous appuyant sur le respect universel des droits de l'homme. Les notions de nation, de culture, de religion doivent \u00eatre le bagage que chacun apporte dans la fondation d'un vivre ensemble humain. Renon\u00e7ons \u00e0 tout espoir et commen\u00e7ons par agir si nous en sommes capables...\"\r","authors":["Jacques Jaffelin"],"category_codes":["9000000","9080000","9080200","9080204"],"visuals":{"large":"https:\/\/images.epagine.fr\/820\/9782343066820_1_75.jpg","medium":"https:\/\/images.epagine.fr\/820\/9782343066820_1_m.jpg","thumbnail":"https:\/\/images.epagine.fr\/820\/9782343066820_1_v.jpg"},"orderable":true,"show_badge":true,"formatted_price":"26,50&nbsp;\u20ac","formatted_published_date":"8 juillet 2015","publisher_availability_label":"Sur commande","short_details":"Jacques Jaffelin \u2014 \u00c9ditions L'Harmattan","translator":null,"weight":295,"page_count":240,"readership":null,"editor":"\u00c9ditions L'Harmattan","price":2650,"published_date":"2015-07-07T22:00:00.000000Z","support":"Grand format","publisher_availability":1,"stock":0,"editions":[],"url":"https:\/\/quaidesbrumes.com\/ouvrage\/9782343066820\/ou-va-la-civilisation-ethique-pour-un-monde-humain-reconcilie-avec-ce-dont-il-est-issu"},{"id":"9782343062266","title":"Michel Foucault, la politique comme guerre continu\u00e9e ; de la guerre des races au racisme d'\u00e9tat","description":"La guerre est-elle un accident des soci\u00e9t\u00e9s ou appartient-elle \u00e0 leur constitution m\u00eame ? Telle est la question pos\u00e9e par Foucault dans son Cours de 1976 \u00ab Il faut d\u00e9fendre la soci\u00e9t\u00e9 \u00bb. Renversant le c\u00e9l\u00e8bre aphorisme de Clausewitz sur \u00ab la guerre prolong\u00e9e par la politique \u00bb, il d\u00e9montre comment un \u00ab dispositif de guerre \u00bb s'est introduit dans le discours politique moderne comme \u00ab guerre continu\u00e9e \u00bb ou guerre n\u00e9cessaire \u00e0 la fois comme guerre des races, lutte des classes, social racisme et racisme d'\u00c9tat.\r","authors":["Richard Groulx"],"category_codes":["9000000","9080000","9080200","9080204"],"visuals":{"large":"https:\/\/images.epagine.fr\/266\/9782343062266_1_75.jpg","medium":"https:\/\/images.epagine.fr\/266\/9782343062266_1_m.jpg","thumbnail":"https:\/\/images.epagine.fr\/266\/9782343062266_1_v.jpg"},"orderable":true,"show_badge":true,"formatted_price":"31,00&nbsp;\u20ac","formatted_published_date":"22 avril 2015","publisher_availability_label":"Sur commande","short_details":"Richard Groulx \u2014 \u00c9ditions L'Harmattan","translator":null,"weight":430,"page_count":280,"readership":null,"editor":"\u00c9ditions L'Harmattan","price":3100,"published_date":"2015-04-21T22:00:00.000000Z","support":"Grand format","publisher_availability":1,"stock":0,"editions":[],"url":"https:\/\/quaidesbrumes.com\/ouvrage\/9782343062266\/michel-foucault-la-politique-comme-guerre-continuee-de-la-guerre-des-races-au-racisme-detat"},{"id":"9782705688875","title":"Renaissance du philosophe-artiste : Essai sur la r\u00e9volution visuelle de la pens\u00e9e","description":"Ce livre repart de la notion nietzsch\u00e9enne de \u00ab philosophe-artiste \u00bb pour s'en d\u00e9solidariser aussit\u00f4t. Certes, la philosophie-artiste, qui se caract\u00e9rise par l'indissociabilit\u00e9 de la pens\u00e9e et de la vie et par l'h\u00e9t\u00e9rog\u00e9n\u00e9it\u00e9 de ses discours, est le mode mineur du philosopher depuis Platon. Mais, \u00e0 sa conception musicale encore partag\u00e9e par Nietzsche, l'auteur oppose  une conception visuelle de la pens\u00e9e, qui prend sa source conceptuelle dans l'oeuvre de Giorgio de Chirico, inventeur de la peinture m\u00e9taphysique.\r\nDans un second temps,  ce livre esquisse une s\u00e9rie de perspectives de recherches visant \u00e0 d\u00e9ployer le concept de philosophie-artiste dans toutes ses dimensions : la primaut\u00e9 de \u00ab la narration philosophique \u00bb, avec J.-P. Faye ; le cadre pos\u00e9 par \u00ab le th\u00e9\u00e2tre de la pens\u00e9e \u00bb, avec Platon et Nietzsche ; la pragmatique de \u00ab l'image totale \u00bb, avec Eisenstein et Artaud ; ce dernier permettant, en plus, au th\u00e9\u00e2tre de la pens\u00e9e une sortie de la m\u00e9taphore...\r\nEnfin, en guise de conclusion, l'auteur propose que la po\u00e9sie, repens\u00e9e \u00e0 l'aune de l'\u00e9thno-po\u00e9sie et des dialogues transculturels, soit la terre d'\u00e9lection de cette nouvelle conceptualit\u00e9 de la pens\u00e9e visuelle lib\u00e9r\u00e9e de la pesanteur de la technique et des appareils.","authors":["Bruno Cany"],"category_codes":["9000000","9080000"],"visuals":{"large":"https:\/\/images.epagine.fr\/875\/9782705688875_1_75.jpg","medium":"https:\/\/images.epagine.fr\/875\/9782705688875_1_m.jpg","thumbnail":"https:\/\/images.epagine.fr\/875\/9782705688875_1_v.jpg"},"orderable":true,"show_badge":true,"formatted_price":"25,00&nbsp;\u20ac","formatted_published_date":"22 ao\u00fbt 2014","publisher_availability_label":"Sur commande","short_details":"Bruno Cany \u2014 Hermann","translator":null,"weight":203,"page_count":166,"readership":null,"editor":"Hermann","price":2500,"published_date":"2014-08-21T22:00:00.000000Z","support":"Grand format","publisher_availability":1,"stock":0,"editions":[],"url":"https:\/\/quaidesbrumes.com\/ouvrage\/9782705688875\/renaissance-du-philosophe-artiste-essai-sur-la-revolution-visuelle-de-la-pensee"},{"id":"9782343072968","title":"Heidegger et le probl\u00e8me de la m\u00e9taphysique","description":"\"D\u00e8s 1935 Heidegger retrouve le sens originel de la m\u00e9taphysique dans la conception pr\u00e9socratique de l \u00eatre comme \"\"phusis\"\". Sur cette base il va interpr\u00e9ter la m\u00e9taphysique traditionnelle qui appara\u00eet avec Platon pour culminer chez Nietzsche dans une ontologie de la vie et qui pr\u00e9pare le r\u00e8gne moderne de la technique plan\u00e9taire, comme un \"\"d\u00e9ni\"\" radical de ce sens originel. L un des inter\u00eats de cette interpr\u00e9tation de la m\u00e9taphysique, et non des moindres, est ainsi de rendre compte de la signification de la vogue actuelle des philosophies de la vie.\"\r","authors":["Jo\u00ebl Balazut"],"category_codes":["9000000","9080000","9080700"],"visuals":{"large":"https:\/\/images.epagine.fr\/968\/9782343072968_1_75.jpg","medium":"https:\/\/images.epagine.fr\/968\/9782343072968_1_m.jpg","thumbnail":"https:\/\/images.epagine.fr\/968\/9782343072968_1_v.jpg"},"orderable":true,"show_badge":true,"formatted_price":"15,00&nbsp;\u20ac","formatted_published_date":"27 novembre 2015","publisher_availability_label":"Sur commande","short_details":"Jo\u00ebl Balazut \u2014 \u00c9ditions L'Harmattan","translator":null,"weight":155,"page_count":122,"readership":null,"editor":"\u00c9ditions L'Harmattan","price":1500,"published_date":"2015-11-26T23:00:00.000000Z","support":"Grand format","publisher_availability":1,"stock":0,"editions":[],"url":"https:\/\/quaidesbrumes.com\/ouvrage\/9782343072968\/heidegger-et-le-probleme-de-la-metaphysique"},{"id":"9782343067759","title":"Le temps des philosophes","description":"\"Le temps, source de r\u00e9flexion et d inspiration, intervient en toute chose, rien de ce qui concerne l homme ne lui est \u00e9tranger -son essence, son existence, sa mort. Il n est pas surprenant que la mythologie s en soit empar\u00e9, que les civilisations l ait divinis\u00e9 et glorifi\u00e9 tant il est pr\u00e9sent dans les consciences angoiss\u00e9es par la finitude de l existence. Naturel donc pour le philosophe de s interroger \u00e0 son tour.\"\r","authors":["Jean Piwnica"],"category_codes":["9000000","9080000","9080200","9080204"],"visuals":{"large":"https:\/\/images.epagine.fr\/759\/9782343067759_1_75.jpg","medium":"https:\/\/images.epagine.fr\/759\/9782343067759_1_m.jpg","thumbnail":"https:\/\/images.epagine.fr\/759\/9782343067759_1_v.jpg"},"orderable":true,"show_badge":true,"formatted_price":"29,00&nbsp;\u20ac","formatted_published_date":"8 juillet 2015","publisher_availability_label":"Sur commande","short_details":"Jean Piwnica \u2014 \u00c9ditions L'Harmattan","translator":null,"weight":330,"page_count":270,"readership":null,"editor":"\u00c9ditions L'Harmattan","price":2900,"published_date":"2015-07-07T22:00:00.000000Z","support":"Grand format","publisher_availability":1,"stock":0,"editions":[],"url":"https:\/\/quaidesbrumes.com\/ouvrage\/9782343067759\/le-temps-des-philosophes"},{"id":"9782343074498","title":"De Derrida \u00e0 L\u00e9vinas, la dette et l'envoi : le temps de l'autre, la d\u00e9construction et l'invention du futur","description":"\"Cet ouvrage \u00e9tudie le rapport de Derrida \u00e0 L\u00e9vinas. Il analyse ce que la d\u00e9construction doit \u00e0 la doctrine l\u00e9vinassienne de l \u00e9thique : la critique de l ontologie \u00e0 travers la notion de trace, la d\u00e9construction de la m\u00e9taphysique de la pr\u00e9sence et la primaut\u00e9 du th\u00e8me de l alt\u00e9rit\u00e9 \u00e9v\u00e9nementielle. Cet ouvrage rejette en revanche l id\u00e9e selon laquelle la destin\u00e9e de la D\u00e9construction pourrait s expliquer par les principes de l \u00e9thique l\u00e9vinassienne. Il montre ainsi la sp\u00e9cificit\u00e9 de la pens\u00e9e de Derrida par rapport \u00e0 la philosophie de L\u00e9vinas.\"\r","authors":["Jalal Badleh"],"category_codes":["9000000","9080000","9080700"],"visuals":{"large":"https:\/\/images.epagine.fr\/498\/9782343074498_1_75.jpg","medium":"https:\/\/images.epagine.fr\/498\/9782343074498_1_m.jpg","thumbnail":"https:\/\/images.epagine.fr\/498\/9782343074498_1_v.jpg"},"orderable":true,"show_badge":true,"formatted_price":"33,50&nbsp;\u20ac","formatted_published_date":"27 novembre 2015","publisher_availability_label":"Sur commande","short_details":"Jalal Badleh \u2014 \u00c9ditions L'Harmattan","translator":null,"weight":466,"page_count":290,"readership":null,"editor":"\u00c9ditions L'Harmattan","price":3350,"published_date":"2015-11-26T23:00:00.000000Z","support":"Grand format","publisher_availability":1,"stock":0,"editions":[],"url":"https:\/\/quaidesbrumes.com\/ouvrage\/9782343074498\/de-derrida-a-levinas-la-dette-et-lenvoi-le-temps-de-lautre-la-deconstruction-et-linvention-du-futur"},{"id":"9782913126985","title":"Pens\u00e9e et composition des pens\u00e9es chez Frege","description":"\"C'est proprement dans les Ecrits logiques et philosophiques que Frege consid\u00e8re la pens\u00e9e comme la premi\u00e8re des trois recherches logiques, apr\u00e8s la n\u00e9gation et le jugement. La pens\u00e9e constitue donc le noyau ontologique de l'expression la plus achev\u00e9e de sa philosophie de la logique et la pointe avanc\u00e9e de sa conceptographie. Ce qui est en jeu, c'est l'indice de la simplicit\u00e9 logique de la pens\u00e9e fond\u00e9e sur la compositionnalit\u00e9 des pens\u00e9es...\"\r","authors":["Auguste Nsonsissa"],"category_codes":["9000000","9080000","9080200","9080204"],"visuals":{"large":"https:\/\/images.epagine.fr\/985\/9782913126985_1_75.jpg","medium":"https:\/\/images.epagine.fr\/985\/9782913126985_1_m.jpg","thumbnail":"https:\/\/images.epagine.fr\/985\/9782913126985_1_v.jpg"},"orderable":true,"show_badge":true,"formatted_price":"12,00&nbsp;\u20ac","formatted_published_date":"24 avril 2015","publisher_availability_label":"Sur commande","short_details":"Auguste Nsonsissa \u2014 DIANOIA","translator":null,"weight":115,"page_count":96,"readership":null,"editor":"DIANOIA","price":1200,"published_date":"2015-04-23T22:00:00.000000Z","support":"Grand format","publisher_availability":1,"stock":0,"editions":[],"url":"https:\/\/quaidesbrumes.com\/ouvrage\/9782913126985\/pensee-et-composition-des-pensees-chez-frege"},{"id":"9782343076881","title":"Fronti\u00e8res du r\u00e9el ou l'espace espace","description":"\"L\u00e0 o\u00f9 l espace espace, c est l\u00e0 o\u00f9 la source des vents passant entre les choses et les \u00eatres d\u00e9cide de s\u00e9parer ce qui ne serait que masse compacte, permettant ainsi, en m\u00eame temps, de voir diff\u00e9remment les objets et le fond dont ils font monde. Ce livre, dans son \u00e9criture, trouve d autres fronti\u00e8res entre esth\u00e9tique, philosophie et psychanalyse, en les distribuant dans une unit\u00e9 plurielle et singuli\u00e8re.\"\r","authors":["Bernard Salignon"],"category_codes":["9000000","9080000","9080700"],"visuals":{"large":"https:\/\/images.epagine.fr\/881\/9782343076881_1_75.jpg","medium":"https:\/\/images.epagine.fr\/881\/9782343076881_1_m.jpg","thumbnail":"https:\/\/images.epagine.fr\/881\/9782343076881_1_v.jpg"},"orderable":true,"show_badge":true,"formatted_price":"14,00&nbsp;\u20ac","formatted_published_date":"26 novembre 2015","publisher_availability_label":"Sur commande","short_details":"Bernard Salignon \u2014 \u00c9ditions L'Harmattan","translator":null,"weight":150,"page_count":114,"readership":null,"editor":"\u00c9ditions L'Harmattan","price":1400,"published_date":"2015-11-25T23:00:00.000000Z","support":"Grand format","publisher_availability":1,"stock":0,"editions":[],"url":"https:\/\/quaidesbrumes.com\/ouvrage\/9782343076881\/frontieres-du-reel-ou-lespace-espace"},{"id":"9782358150606","title":"33 reflexions sur la medecine - 2008-2012","description":"Apr\u00e8s une grande s\u00e9rie de 600 r\u00e9flexions sur la m\u00e9decine publi\u00e9es en une quarantaine d'ann\u00e9es, ce sont l\u00e0 les ultimes r\u00e9flexions d'un m\u00e9decin engag\u00e9 dans une activit\u00e9 clinique, une charge enseignante et plusieurs autres responsabilit\u00e9s professionnelles.\r\n\r\nElles concernent principalement l'histoire de la m\u00e9decine, la canc\u00e9rologie, les relations et la communication entre soign\u00e9s et soignants, en particulier l'information et les droits des patients, l'\u00e9thique et la d\u00e9ontologie m\u00e9dicale.\r\n\r\nElles rassemblent des donn\u00e9es et des indications utiles \u00e0 l'exercice m\u00e9dical courant et sont enrichies de nombreuses r\u00e9f\u00e9rences pratiques ou r\u00e9glementaires.\r","authors":["Bernard Hoerni"],"category_codes":["9000000","9080000"],"visuals":{"large":"https:\/\/images.epagine.fr\/606\/9782358150606_1_75.jpg","medium":"https:\/\/images.epagine.fr\/606\/9782358150606_1_m.jpg","thumbnail":"https:\/\/images.epagine.fr\/606\/9782358150606_1_v.jpg"},"orderable":true,"show_badge":true,"formatted_price":"21,01&nbsp;\u20ac","formatted_published_date":"25 novembre 2011","publisher_availability_label":"Sur commande","short_details":"Bernard Hoerni \u2014 GLYPHE","translator":null,"weight":400,"page_count":null,"readership":null,"editor":"GLYPHE","price":2101,"published_date":"2011-11-24T23:00:00.000000Z","support":"Grand format","publisher_availability":1,"stock":0,"editions":[],"url":"https:\/\/quaidesbrumes.com\/ouvrage\/9782358150606\/33-reflexions-sur-la-medecine-2008-2012"},{"id":"9782363921123","title":"Friedrich Nietszche \/ Georg Brandes ; une rencontre \u00e9pistolaire","description":null,"authors":["Olivier Cauly"],"category_codes":["9000000","9080000","9080200","9080204"],"visuals":{"large":"https:\/\/images.epagine.fr\/123\/9782363921123_1_75.jpg","medium":"https:\/\/images.epagine.fr\/123\/9782363921123_1_m.jpg","thumbnail":"https:\/\/images.epagine.fr\/123\/9782363921123_1_v.jpg"},"orderable":true,"show_badge":true,"formatted_price":"18,00&nbsp;\u20ac","formatted_published_date":"6 juin 2014","publisher_availability_label":"Sur commande","short_details":"Olivier Cauly \u2014 Ovadia","translator":null,"weight":300,"page_count":null,"readership":null,"editor":"Ovadia","price":1800,"published_date":"2014-06-05T22:00:00.000000Z","support":"Grand format","publisher_availability":1,"stock":0,"editions":[],"url":"https:\/\/quaidesbrumes.com\/ouvrage\/9782363921123\/friedrich-nietszche-georg-brandes-une-rencontre-epistolaire"},{"id":"9782705687915","title":"Inqui\u00e9tantes singularit\u00e9s","description":"Inqui\u00e9tantes singularit\u00e9s r\u00e9unit diverses \u00e9tudes sur plusieurs aspects de la question de la singularit\u00e9, qui, depuis la R\u00e9forme protestante, reste une des plus puissantes apories des soci\u00e9t\u00e9s contemporaines. A la suite de certains \u00e9crits de Walter Benjamin, notamment de son \u00e9tude du drame baroque allemand et d'un court fragment intitul\u00e9 \u00ab Le capitalisme comme religion \u00bb, les essais de ce volume cherchent \u00e0 comprendre comment la promesse chr\u00e9tienne du salut individuel est de plus en plus remise en question par une exp\u00e9rience historique de la singularit\u00e9 et de la finitude irr\u00e9ductible du vivant. Po\u00e9tique et politique, en th\u00e9orie et en pratique, sont interpr\u00e9t\u00e9es comme des tentatives pour r\u00e9soudre ce que Benjamin d\u00e9crit comme des probl\u00e8mes religieux qui manquent d'une solution religieuse. La crise financi\u00e8re actuelle est aussi interpr\u00e9t\u00e9e comme un effet \u00ab th\u00e9ologico-\u00e9conomique \u00bb de cette exp\u00e9rience","authors":["Weber Samuel"],"category_codes":["9000000","9080000"],"visuals":{"large":"https:\/\/images.epagine.fr\/915\/9782705687915_1_75.jpg","medium":"https:\/\/images.epagine.fr\/915\/9782705687915_1_m.jpg","thumbnail":"https:\/\/images.epagine.fr\/915\/9782705687915_1_v.jpg"},"orderable":true,"show_badge":true,"formatted_price":"34,00&nbsp;\u20ac","formatted_published_date":"13 f\u00e9vrier 2014","publisher_availability_label":"Sur commande","short_details":"Weber Samuel \u2014 Hermann","translator":null,"weight":420,"page_count":338,"readership":null,"editor":"Hermann","price":3400,"published_date":"2014-02-12T23:00:00.000000Z","support":"Grand format","publisher_availability":1,"stock":0,"editions":[],"url":"https:\/\/quaidesbrumes.com\/ouvrage\/9782705687915\/inquietantes-singularites"},{"id":"9782705687922","title":"Forme et infini ; \u00e9tudes sur la philosophie de Jean-Michel Le Lannou","description":"La philosophie de J.-M. Le Lannou poursuit un objectif fondamental : la d\u00e9livrance totale et absolue de la pens\u00e9e. Pour y parvenir, il faut d\u00e9faire tout ce qui arr\u00eate ou entrave l'extension de la puissance de la pens\u00e9e, \u00e0 savoir la croyance au moi ou en la personnalit\u00e9, la croyance en la nature, en la r\u00e9alit\u00e9 et en la finitude.","authors":["Collectif"],"category_codes":["9000000","9080000","9080200","9080204"],"visuals":{"large":"https:\/\/images.epagine.fr\/922\/9782705687922_1_75.jpg","medium":"https:\/\/images.epagine.fr\/922\/9782705687922_1_m.jpg","thumbnail":"https:\/\/images.epagine.fr\/922\/9782705687922_1_v.jpg"},"orderable":true,"show_badge":true,"formatted_price":"36,00&nbsp;\u20ac","formatted_published_date":"14 novembre 2013","publisher_availability_label":"Sur commande","short_details":"Collectif \u2014 Hermann","translator":null,"weight":255,"page_count":192,"readership":null,"editor":"Hermann","price":3600,"published_date":"2013-11-13T23:00:00.000000Z","support":"Grand format","publisher_availability":1,"stock":0,"editions":[],"url":"https:\/\/quaidesbrumes.com\/ouvrage\/9782705687922\/forme-et-infini-etudes-sur-la-philosophie-de-jean-michel-le-lannou"},{"id":"9782845342132","title":"Le chat de fa\u00efence","description":"Le Chat de fa\u00efence au lieu d'\u00eatre en chair est le premier texte de Jean Baudrillard.\r\nIl s'agit d'un po\u00e8me dat\u00e9 de 1949, l'auteur avait alors vingt ans.\r","authors":["Jean Baudrillard"],"category_codes":["9000000","9080000","9080200","9080204"],"visuals":{"large":"https:\/\/images.epagine.fr\/132\/9782845342132_1_75.jpg","medium":"https:\/\/images.epagine.fr\/132\/9782845342132_1_m.jpg","thumbnail":"https:\/\/images.epagine.fr\/132\/9782845342132_1_v.jpg"},"orderable":true,"show_badge":true,"formatted_price":"3,50&nbsp;\u20ac","formatted_published_date":"1er novembre 2013","publisher_availability_label":"Sur commande","short_details":"Jean Baudrillard \u2014 SENS ET TONKA","translator":null,"weight":45,"page_count":24,"readership":null,"editor":"SENS ET TONKA","price":350,"published_date":"2013-10-31T23:00:00.000000Z","support":"Grand format","publisher_availability":1,"stock":0,"editions":[],"url":"https:\/\/quaidesbrumes.com\/ouvrage\/9782845342132\/le-chat-de-faience"},{"id":"9782343206554","title":"Knowledge and material culture","description":"Our society has created a gigantic amount of knowledge in the form of data, papers, books, speeches, images, and more - everything stored in that entity that we call the \u00abcloud,\u00bb appropriately, because clouds tend to evaporate and disappear. This book goes to the core of such fundamental questions as what knowledge is and how we acquire, verify and pass it on. It examines the material basis of what allows us to maintain knowledge in a vital form.","authors":["Marcus Kracht"],"category_codes":["9000000","9080000","9080700"],"visuals":{"large":"https:\/\/quaidesbrumes.com\/img\/book-placeholder.png","medium":"https:\/\/quaidesbrumes.com\/img\/book-placeholder.png","thumbnail":"https:\/\/quaidesbrumes.com\/img\/book-placeholder.png"},"orderable":true,"show_badge":true,"formatted_price":"20,00&nbsp;\u20ac","formatted_published_date":"1er janvier 2020","publisher_availability_label":"Sur commande","short_details":"Marcus Kracht \u2014 \u00c9ditions L'Harmattan","translator":null,"weight":333,"page_count":215,"readership":null,"editor":"\u00c9ditions L'Harmattan","price":2000,"published_date":"2019-12-31T23:00:00.000000Z","support":"Grand format","publisher_availability":1,"stock":0,"editions":[],"url":"https:\/\/quaidesbrumes.com\/ouvrage\/9782343206554\/knowledge-and-material-culture"},{"id":"9782336307466","title":"Aspects de sa philosophie aspects of his philosophy","description":"Philosophe, auteur prolifique, historien des grands syst\u00e8mes de l'Antiquit\u00e9, comme du kantisme et du bergsonisme, Evangh\u00e9los Moutsopoulos m\u00e9rite sa qualification d'\"homme de la renaissance\" ainsi que le titre de \"philosophe de la kairicit\u00e9\", notion-cl\u00e9 dont il a enrichi le vocabulaire philosophique. Ses coll\u00e8gues prirent la parole lors du 23e Congr\u00e8s mondial de philosophie, tenu \u00e0 Ath\u00e8nes en 2013, pour \u00e9clairer les facettes de sa personnalit\u00e9. (Des articles en anglais et en fran\u00e7ais).\r","authors":["Evanghelos Moutsopoulos"],"category_codes":["9000000","9080000","9080700"],"visuals":{"large":"https:\/\/images.epagine.fr\/466\/9782336307466_1_75.jpg","medium":"https:\/\/images.epagine.fr\/466\/9782336307466_1_m.jpg","thumbnail":"https:\/\/images.epagine.fr\/466\/9782336307466_1_v.jpg"},"orderable":true,"show_badge":true,"formatted_price":"21,50&nbsp;\u20ac","formatted_published_date":"24 juillet 2015","publisher_availability_label":"Sur commande","short_details":"Evanghelos Moutsopoulos \u2014 \u00c9ditions L'Harmattan","translator":null,"weight":370,"page_count":152,"readership":null,"editor":"\u00c9ditions L'Harmattan","price":2150,"published_date":"2015-07-23T22:00:00.000000Z","support":"Grand format","publisher_availability":1,"stock":0,"editions":[],"url":"https:\/\/quaidesbrumes.com\/ouvrage\/9782336307466\/aspects-de-sa-philosophie-aspects-of-his-philosophy"},{"id":"9782705687977","title":"Les lumi\u00e8res : hier, aujourd'hui, demain ; sciences et soci\u00e9t\u00e9","description":"Scientifiques, juristes, \u00e9conomistes, financiers, m\u00e9decins... se sont retrouv\u00e9s au cours d'une rencontre inter-acad\u00e9mique franco-allemande organis\u00e9e \u00e0 l'occasion du cinquanti\u00e8me anniversaire du Trait\u00e9 de l'Elys\u00e9e. Ils ont poursuivi le dialogue entretenu dans le cadre europ\u00e9en, depuis plusieurs d\u00e9cennies, entre les deux pays sur le mouvement des Lumi\u00e8res et ses diff\u00e9rents aspects.","authors":["Collectif"],"category_codes":["9000000","9080000","9080200","9080204"],"visuals":{"large":"https:\/\/images.epagine.fr\/977\/9782705687977_1_75.jpg","medium":"https:\/\/images.epagine.fr\/977\/9782705687977_1_m.jpg","thumbnail":"https:\/\/images.epagine.fr\/977\/9782705687977_1_v.jpg"},"orderable":true,"show_badge":true,"formatted_price":"36,00&nbsp;\u20ac","formatted_published_date":"15 janvier 2014","publisher_availability_label":"Sur commande","short_details":"Collectif \u2014 Hermann","translator":null,"weight":645,"page_count":344,"readership":null,"editor":"Hermann","price":3600,"published_date":"2014-01-14T23:00:00.000000Z","support":"Grand format","publisher_availability":1,"stock":0,"editions":[],"url":"https:\/\/quaidesbrumes.com\/ouvrage\/9782705687977\/les-lumieres-hier-aujourdhui-demain-sciences-et-societe"},{"id":"9782343062549","title":"L'utopie positiviste chez des positivistes br\u00e9siliens ; la fondation de l'\u00e9glise positiviste du Br\u00e9sil (1874-1884), une contribution \u00e0 l'\u00e9tude du fonctionnement de l'orthodoxie","description":"\"Ce livre relate l installation du positivisme religieux au Br\u00e9sil, en particulier \u00e0 Rio de Janeiro, ayant abouti \u00e0 la fondation de l Eglise positiviste du Br\u00e9sil, \u00e0 travers la vie et l oeuvre de deux hommes qui l ont profond\u00e9ment marqu\u00e9e : Miguel Lemos (1854-1917) et Raymondo Teixeira Mendes (1855-1927). L analyse de la rupture qui a marqu\u00e9 l instauration de la pratique d un positivisme strict et conforme aux enseignements d Auguste Comte permet de comprendre la mani\u00e8re dont fonctionne l orthodoxie au sein d un groupe humain.\"\r","authors":["Dal Corno Leonel"],"category_codes":["9000000","9080000","9080700"],"visuals":{"large":"https:\/\/images.epagine.fr\/549\/9782343062549_1_75.jpg","medium":"https:\/\/images.epagine.fr\/549\/9782343062549_1_m.jpg","thumbnail":"https:\/\/images.epagine.fr\/549\/9782343062549_1_v.jpg"},"orderable":true,"show_badge":true,"formatted_price":"31,00&nbsp;\u20ac","formatted_published_date":"27 novembre 2015","publisher_availability_label":"Sur commande","short_details":"Dal Corno Leonel \u2014 \u00c9ditions L'Harmattan","translator":null,"weight":435,"page_count":280,"readership":null,"editor":"\u00c9ditions L'Harmattan","price":3100,"published_date":"2015-11-26T23:00:00.000000Z","support":"Grand format","publisher_availability":1,"stock":0,"editions":[],"url":"https:\/\/quaidesbrumes.com\/ouvrage\/9782343062549\/lutopie-positiviste-chez-des-positivistes-bresiliens-la-fondation-de-leglise-positiviste-du-bresil-1874-1884-une-contribution-a-letude-du-fonctionnement-de-lorthodoxie"},{"id":"9782705689056","title":"Le Naturalisme : Centre culturel international (Cerisy-la-Salle, Manche). Colloque (1976)","description":"ur \u00ab le Naturalisme \u00bb   th\u00e8me dont la p\u00e9rennit\u00e9 est indiscutable et qui \u00e9voque notamment les textes de Huysmans, Maupassant, Mirbeau ou Zola  , le Centre culturel international de Cerisy a organis\u00e9 dans les ann\u00e9es 1970 un colloque r\u00e9unissant, sous la direction de Pierre Cogny, la fine fleur des critiques avertis en la mati\u00e8re : C. Becker, Ph. Bonnefis, A. Buisine, C. Castella, Y. Chevrel, L. D\u00e4llenbach, J. Dubois, G. Falconer, F. Gaillard, C. Grivel, Ph. Hamon, C. Mouchard, M.-C. Ropars-Wuillemier, N. Schor, J.-L. Steinmetz et H. Weinberg.\r\nCet ouvrage rassemble l'ensemble des conf\u00e9rences et de larges extraits des discussions issus de ce colloque. Il fournit des balises historiques tout en traitant des probl\u00e8mes d'analyse contrastive et d'analyse des contenus.","authors":["Cogny Pierre"],"category_codes":["9000000","9080000"],"visuals":{"large":"https:\/\/images.epagine.fr\/056\/9782705689056_1_75.jpg","medium":"https:\/\/images.epagine.fr\/056\/9782705689056_1_m.jpg","thumbnail":"https:\/\/images.epagine.fr\/056\/9782705689056_1_v.jpg"},"orderable":true,"show_badge":true,"formatted_price":"32,00&nbsp;\u20ac","formatted_published_date":"22 ao\u00fbt 2014","publisher_availability_label":"Sur commande","short_details":"Cogny Pierre \u2014 Hermann","translator":null,"weight":596,"page_count":446,"readership":null,"editor":"Hermann","price":3200,"published_date":"2014-08-21T22:00:00.000000Z","support":"Grand format","publisher_availability":1,"stock":0,"editions":[],"url":"https:\/\/quaidesbrumes.com\/ouvrage\/9782705689056\/le-naturalisme-centre-culturel-international-cerisy-la-salle-manche-colloque-1976"},{"id":"9782806102386","title":"Territoires europ\u00e9ens : discours et pratiques de l'\u00e9largissement","description":"\"Cet ouvrage analyse les caract\u00e9ristiques des pratiques d'\u00e9largissement de l'Union europ\u00e9enne. S'appuyant sur une vaste recension des discours accompagnant les processus d'\u00e9largissement depuis le d\u00e9but de la construction europ\u00e9enne, l'auteure offre un \u00e9clairage politique et transhistorique sur les conditions de possibilit\u00e9 de la r\u00e9p\u00e9tition pacifique de l'\u00e9largissement en Europe, et propose une r\u00e9flexion approfondie sur l'impossibilit\u00e9 d'y tracer fronti\u00e8re sans mettre en p\u00e9ril le projet europ\u00e9en de paix, de prosp\u00e9rit\u00e9 et de stabilit\u00e9.\"\r","authors":["Marie-\u00e8ve B\u00e9langer"],"category_codes":["9000000","9080000","9080700"],"visuals":{"large":"https:\/\/images.epagine.fr\/386\/9782806102386_1_75.jpg","medium":"https:\/\/images.epagine.fr\/386\/9782806102386_1_m.jpg","thumbnail":"https:\/\/images.epagine.fr\/386\/9782806102386_1_v.jpg"},"orderable":true,"show_badge":true,"formatted_price":"31,00&nbsp;\u20ac","formatted_published_date":"2 novembre 2015","publisher_availability_label":"Sur commande","short_details":"Marie-\u00e8ve B\u00e9langer \u2014 ACADEMIA","translator":null,"weight":335,"page_count":282,"readership":null,"editor":"ACADEMIA","price":3100,"published_date":"2015-11-01T23:00:00.000000Z","support":"Grand format","publisher_availability":1,"stock":0,"editions":[],"url":"https:\/\/quaidesbrumes.com\/ouvrage\/9782806102386\/territoires-europeens-discours-et-pratiques-de-lelargissement"}]}