{"data":[{"id":"9782708709270","title":"Aventure humaine (l') - la philosophie prospective de gaston berger","description":"Lorsque le pr\u00e9sident L\u00e9opold S\u00e9dar Senghor d\u00e9cida de donner \u00e0 la seconde universit\u00e9 du S\u00e9n\u00e9gal, \u00e0 Saint-Louis, le nom de Gaston Berger, il ne le fit pas seulement parce que celui-ci \u00e9tait natif de cette ville et d'origine s\u00e9n\u00e9galaise par sa grand-m\u00e8re, mais surtout parce qu'il reconnaissait dans la pens\u00e9e du philosophe la conception d'un avenir ouvert qu'il souhaitait pour son pays.\r\nL'attitude prospective est en effet, dans la d\u00e9finition qu'en donne Gaston Berger, \u00e0 partir d'une lecture m\u00e9ticuleuse de la ph\u00e9nom\u00e9nologie de Husserl dont il est un \u00e9minent introducteur en France, la reconnaissance de l'exigence humaine universelle d'\u00e9mancipation, c'est \u00e0 dire de valeur.\r\n\u00ab \u00catre prospectif \u00bb c'est r\u00e9pondre \u00e0 cette exigence en en renouvelant sans cesse la r\u00e9flexion, le vocabulaire et les images. Ce renouvellement est cr\u00e9ation et il est l'oeuvre des po\u00e8tes, des philosophes, des artistes, tout autant que celle des inventeurs et des ing\u00e9nieurs. Car, nous dit Gaston Berger \u00ab Toute culture est prospective \u00bb.\r\nMais \u00eatre prospectif c'est plus pr\u00e9cis\u00e9ment, \u00e0 partir d'une exploration rigoureuse du pr\u00e9sent, penser, agir, conna\u00eetre, d\u00e9cider \u00e0 partir de l'avenir. Ce qui commande de se d\u00e9tourner du mythe d'un temps lin\u00e9aire et ali\u00e9nant qui invite \u00e0 ne construire que des futurs sans avenir. Or le pr\u00e9sent n'est autre que le t\u00e9moignage de la pr\u00e9sence humaine au monde. Cette pr\u00e9sence est mouvement. Elle s'inscrit dans \u00ab un monde mobile et sans cesse renouvel\u00e9 o\u00f9 il faut inventer sa propre vie \u00bb. En cela consiste l'aventure humaine qui est aventure de l'humanit\u00e9 universelle de l'humain et qu\u00eate d'une sagesse d'agir non pas seulement pour l'avenir mais \u00e0 partir de lui.","authors":["Gouet Philippe"],"category_codes":["9000000","9000000"],"visuals":{"large":"https:\/\/images.epagine.fr\/270\/9782708709270_1_75.jpg","medium":"https:\/\/images.epagine.fr\/270\/9782708709270_1_m.jpg","thumbnail":"https:\/\/images.epagine.fr\/270\/9782708709270_1_v.jpg"},"orderable":true,"show_badge":true,"formatted_price":"22,00&nbsp;\u20ac","formatted_published_date":"10 mars 2019","publisher_availability_label":"Sur commande","short_details":"Gouet Philippe \u2014 PRESENCE AFRICAINE","translator":null,"weight":400,"page_count":null,"readership":null,"editor":"PRESENCE AFRICAINE","price":2200,"published_date":"2019-03-09T23:00:00.000000Z","support":"Grand format","publisher_availability":1,"stock":0,"editions":[],"url":"https:\/\/quaidesbrumes.com\/ouvrage\/9782708709270\/aventure-humaine-l-la-philosophie-prospective-de-gaston-berger"},{"id":"9782406144984","title":"Cours exhaustif sur la philosophie Tome 1 : th\u00e9orie de la repr\u00e9sentation, de la pens\u00e9e et de la connaissance en g\u00e9n\u00e9ral","description":"Cet ouvrage est la traduction en langue fran\u00e7aise d'un cours d'Arthur Schopenhauer consacr\u00e9 \u00e0 la th\u00e9orie de la connaissance, profess\u00e9 en 1820 \u00e0 l'universit\u00e9 de Berlin. Il apporte un compl\u00e9ment important aux autres \u00e9crits du philosophe sur ce sujet d\u00e9j\u00e0 publi\u00e9s en langue fran\u00e7aise.","authors":["Arthur Schopenhauer"],"category_codes":["9000000","9080000","9080200","9080204"],"visuals":{"large":"https:\/\/images.epagine.fr\/984\/9782406144984_1_75.jpg","medium":"https:\/\/images.epagine.fr\/984\/9782406144984_1_m.jpg","thumbnail":"https:\/\/images.epagine.fr\/984\/9782406144984_1_v.jpg"},"orderable":true,"show_badge":true,"formatted_price":"49,00&nbsp;\u20ac","formatted_published_date":"26 avril 2023","publisher_availability_label":"Sur commande","short_details":"Arthur Schopenhauer \u2014 CLASSIQUES GARNIER","translator":null,"weight":612,"page_count":528,"readership":null,"editor":"CLASSIQUES GARNIER","price":4900,"published_date":"2023-04-25T22:00:00.000000Z","support":"Grand format","publisher_availability":1,"stock":0,"editions":["9782406144991"],"url":"https:\/\/quaidesbrumes.com\/ouvrage\/9782406144984\/cours-exhaustif-sur-la-philosophie-tome-1-theorie-de-la-representation-de-la-pensee-et-de-la-connaissance-en-general"},{"id":"9782351500477","title":"Revue Europe n.996 : Gilles Deleuze (avril 2012)","description":"L'une des caract\u00e9ristiques les plus constantes de la philosophie de Gilles Deleuze est sans doute \u00e0 chercher dans le rapport tr\u00e8s paradoxal que ce penseur n'a cess\u00e9 d'entretenir avec ce qu'il appelait tant\u00f4t la \" non-philosophie \" (d'abord les sciences, les arts et la litt\u00e9rature, mais aussi la psychanalyse, la politique, l'\u00e9conomie, la g\u00e9ographie, l'animalit\u00e9...), tant\u00f4t une \" compr\u00e9hension non philosophique \" qui op\u00e9rerait non plus par concepts mais par \" foncepts \" (les fonctions de la science), \" affects \" (les blocs d'\u00e9motions de l'art, notamment de la litt\u00e9rature), et \" percepts \" (les blocs de perceptions impersonnelles de l'art, notamment en peinture et en cin\u00e9ma).\r\nD'un c\u00f4t\u00e9, en effet, Deleuze n'a cess\u00e9 de rappeler combien ce rapport ou cette compr\u00e9hension pr\u00e9-philosophique \u00e9tait constitutive du geste philosophique lui-m\u00eame, au moins pour toute recherche de \" nouveaux moyens philosophiques d'expression \". Mais d'un autre c\u00f4t\u00e9, il n'a cess\u00e9 de se d\u00e9marquer de toute philosophie de la culture comme de toute philosophie trop \u00e9rudite ou trop sp\u00e9cialis\u00e9e : la philosophie n'a nul besoin d'autre chose que d'elle-m\u00eame, et philosopher c'est tout sauf savoir, c'est-\u00e0-dire d\u00e9pecer, s'approprier ou s'annexer des pans de l'exp\u00e9rience humaine qui ne d\u00e9pendent pas de soi et vivent tr\u00e8s bien sans soi.\r\nD\u00e8s lors, tout se met \u00e0 vaciller : entrer en rencontre n\u00e9cessaire avec la non-philosophie serait-ce donc savoir sans savoir, voir sans comprendre, comprendre sans savoir, et \" sortir sans sortir \" selon la belle formule du po\u00e8te Gh\u00e9rasim Luca ? Le premier sens de ce num\u00e9ro Deleuze de la revue Europe serait d'essayer de d\u00e9m\u00ealer ces questions (non de les r\u00e9soudre, mais de les penser, de les diffracter, et peut-\u00eatre de les pousser plus loin) en respectant d'abord et autant qu'il est possible les multiples mani\u00e8res dont Deleuze a pu tisser ce rapport si troublant \u00e0 la litt\u00e9rature, au cin\u00e9ma, aux arts plastiques, \u00e0 la politique, \u00e0 l '\u00e9conomie, \u00e0 la psychanalyse...\r\nIl s'agit simultan\u00e9ment de rendre Deleuze \u00e0 sa sauvagerie ou au caract\u00e8re volcanique, inassignable, fragmentaire et \u00e0 jamais probl\u00e9matique de sa philosophie. A rebours, il importe aussi de tenir compte des multiples mani\u00e8res dont des \" non-philosophes \" (\u00e9crivains, cin\u00e9astes, musiciens, psychanalystes, militants politiques, logiciens...) peuvent se rapporter \u00e0 Deleuze et y trouver, d'une fa\u00e7on ou d'une autre, leur miel.\r\nCar le rapport de Deleuze \u00e0 la non-philosophie fonctionne aussi dans l'autre sens. Et il est essentiel de comprendre comment.","authors":["Collectif"],"category_codes":["9000000","9080000","9080200","9080204"],"visuals":{"large":"https:\/\/images.epagine.fr\/477\/9782351500477_1_75.jpg","medium":"https:\/\/images.epagine.fr\/477\/9782351500477_1_m.jpg","thumbnail":"https:\/\/images.epagine.fr\/477\/9782351500477_1_v.jpg"},"orderable":true,"show_badge":true,"formatted_price":"18,50&nbsp;\u20ac","formatted_published_date":"6 avril 2012","publisher_availability_label":"Sur commande","short_details":"Collectif \u2014 Revue Europe","translator":null,"weight":444,"page_count":379,"readership":null,"editor":"Revue Europe","price":1850,"published_date":"2012-04-05T22:00:00.000000Z","support":"Revue","publisher_availability":1,"stock":0,"editions":[],"url":"https:\/\/quaidesbrumes.com\/ouvrage\/9782351500477\/revue-europe-n996-gilles-deleuze-avril-2012"},{"id":"9782367174242","title":"Enseigner la philosphie et la citoyennet\u00e9","description":"La d\u00e9marche philosophique se d\u00e9veloppe depuis plusieurs ann\u00e9es aux dif- f\u00e9rents niveaux du syst\u00e8me scolaire et au sein de la cit\u00e9.\r\nPar ailleurs, l'enseignement de la philosophie se renouvelle dans la ma- ni\u00e8re d'\u00eatre propos\u00e9e aux \u00e9l\u00e8ves en s'appuyant notamment sur les m\u00e9- thodes actives.\r\nL'auteure propose un ensemble de reflexions pour situer les enjeux d'un cours de philosophie et d'\u00e9ducation \u00e0 la citoyennet\u00e9 en pr\u00e9cisant notam- ment ses sp\u00e9cificit\u00e9s par rapport \u00e0 l'enseignement du fait religieux.\r\nElle pr\u00e9sente un ensemble coh\u00e9rent de cours, \u00e0 destination d'adolescents de 15 \u00e0 18 ans r\u00e9partis sur trois ans. Ces activit\u00e9s s'appuient sur des ate- liers cr\u00e9atifs dont les diff\u00e9rentes ressources sont illustr\u00e9es par des produc- tions d'\u00e9l\u00e8ves.","authors":["Catherine Buhbinder"],"category_codes":["9000000","9080000","9080200","9080204"],"visuals":{"large":"https:\/\/images.epagine.fr\/242\/9782367174242_1_75.jpg","medium":"https:\/\/images.epagine.fr\/242\/9782367174242_1_m.jpg","thumbnail":"https:\/\/images.epagine.fr\/242\/9782367174242_1_v.jpg"},"orderable":true,"show_badge":true,"formatted_price":"14,90&nbsp;\u20ac","formatted_published_date":"27 octobre 2017","publisher_availability_label":"Sur commande","short_details":"Catherine Buhbinder \u2014 Chronique Sociale","translator":null,"weight":340,"page_count":244,"readership":null,"editor":"Chronique Sociale","price":1490,"published_date":"2017-10-26T22:00:00.000000Z","support":"Grand format","publisher_availability":1,"stock":0,"editions":[],"url":"https:\/\/quaidesbrumes.com\/ouvrage\/9782367174242\/enseigner-la-philosphie-et-la-citoyennete"},{"id":"9782494314665","title":"TRUMP le magicien","description":"Que vous trouviez Donald Trump g\u00e9nial ou terrifiant, visionnaire ou r\u00e9actionnaire, les contes merveilleux vont vous offrir une vision totalement d\u00e9cal\u00e9e du personnage.\r\nCe livre n'est pas un tour de magie mais, \u00e0 partir des donn\u00e9es trumpiennes, il propose une r\u00e9flexion \u00e0 porter sur l'\u00e9tat de nos soci\u00e9t\u00e9s et sur nos motivations profondes pour mieux avancer. Car les contes sont surtout un moyen de prendre de la hauteur et de se r\u00e9v\u00e9ler \u00e0 soi-m\u00eame.\r\n\r\nCe livre est un appel :\r\nVous trouvez que Trump est un type g\u00e9nial, par son irr\u00e9v\u00e9rence et sa vitalit\u00e9, par son parler franc et sa volont\u00e9 ?\r\nAlors changez la direction de votre regard.\r\nComprenez ce qui en vous r\u00e9sonne avec cela, d\u00e9couvrez ce qui vous vitalise, vous donne de l'\u00e9nergie, vous am\u00e8ne \u00e0 d\u00e9passer vos propres limites.\r\n\r\nVous trouvez que Trump est une ordure, un escroc, un horrible personnage ?\r\nAlors sortez de la r\u00e9probation st\u00e9rile.\r\nExplorez au fond de vous ce qu'il est important de vivre, ce qui a du sens, ce qui vous rend dynamique, ce qui vous donne du souffle, ce pour quoi vous pourriez vous mettre en mouvement.\r\nDECOUVRONS EN NOUS CE QUI NOUS REND VIVANT\r\nET NOURRISSONS-LE\r\nC'EST NOTRE CLE PERSONNELLE POUR CONTRIBUER \u00c0 CHANGER LE MONDE","authors":["Franck Armand"],"category_codes":["9000000","9080000","9080300","9080303"],"visuals":{"large":"https:\/\/images.epagine.fr\/665\/9782494314665_1_75.jpg","medium":"https:\/\/images.epagine.fr\/665\/9782494314665_1_m.jpg","thumbnail":"https:\/\/images.epagine.fr\/665\/9782494314665_1_v.jpg"},"orderable":true,"show_badge":true,"formatted_price":"12,60&nbsp;\u20ac","formatted_published_date":"5 f\u00e9vrier 2025","publisher_availability_label":"Sur commande","short_details":"Franck Armand \u2014 Lucie Cep","translator":null,"weight":165,"page_count":140,"readership":null,"editor":"Lucie Cep","price":1260,"published_date":"2025-02-04T23:00:00.000000Z","support":"Grand format","publisher_availability":1,"stock":0,"editions":[],"url":"https:\/\/quaidesbrumes.com\/ouvrage\/9782494314665\/trump-le-magicien"},{"id":"9782367177328","title":"Ab\u00e9c\u00e9daire de la philosophie pour enfants","description":"Michel Sasseville d\u00e9fend la pratique de la philosophie avec les enfants depuis plus de 30 ans, au Canada. Johanna Hawken a suivi ses pas depuis une dizaine d'ann\u00e9es, en France, et tente de trouver de nouveaux moyens de d\u00e9mocratiser cette pratique.\r\n \r\nPourquoi ? Parce que tous les enfants du monde m\u00e9ritent de philosopher, d'explorer le monde des id\u00e9es et d'apprendre \u00e0 penser par et pour eux-m\u00eames !\r\nOr, pour rendre la philosophie accessible aux g\u00e9n\u00e9rations futures, il est n\u00e9cessaire de convaincre et d'\u00e9quiper tous les acteurs \u00e9ducatifs, afin qu'ils s'emparent d'elle.\r\n \r\nC'est pourquoi, ensemble, Michel et Johanna proposent un entretien amical, sous la forme d'un ab\u00e9c\u00e9daire. Vingt-six lettres pour se promener dans la philosophie pour enfants : 26 concepts, 26 id\u00e9es pour comprendre les enjeux de cette activit\u00e9 r\u00e9volutionnaire ! Une v\u00e9ritable bo\u00eete \u00e0 outils pour les animateurs philosophes en herbe.","authors":["Johanna Hawken","Michel Sasseville","Fr\u00e9d\u00e9ric Lenoir"],"category_codes":["9000000","9080000","9080200","9080204"],"visuals":{"large":"https:\/\/images.epagine.fr\/328\/9782367177328_1_75.jpg","medium":"https:\/\/images.epagine.fr\/328\/9782367177328_1_m.jpg","thumbnail":"https:\/\/images.epagine.fr\/328\/9782367177328_1_v.jpg"},"orderable":true,"show_badge":true,"formatted_price":"10,50&nbsp;\u20ac","formatted_published_date":"3 septembre 2020","publisher_availability_label":"Sur commande","short_details":"Johanna Hawken, Michel Sasseville, Fr\u00e9d\u00e9ric Lenoir \u2014 Chronique Sociale","translator":null,"weight":84,"page_count":96,"readership":null,"editor":"Chronique Sociale","price":1050,"published_date":"2020-09-02T22:00:00.000000Z","support":"Grand format","publisher_availability":1,"stock":0,"editions":[],"url":"https:\/\/quaidesbrumes.com\/ouvrage\/9782367177328\/abecedaire-de-la-philosophie-pour-enfants"},{"id":"9782900818114","title":"Philosophie magazine : 21 penseurs pour 2021","description":"Comment aborder 2021 en \u00e9tant moins d\u00e9sempar\u00e9 par tous les \u00e9v\u00e9nements qui surgissent et mieux appr\u00e9hender le monde qui vient ? C'est le projet ambitieux de ce livre.\r\nR\u00e9dig\u00e9s par des philosophes, des \u00e9crivains et des historiens pour \u00e9clairer \u00e0 chaque fois une question pr\u00e9cise de notre temps, ces textes permettent de dresser un v\u00e9ritable panorama des id\u00e9es contemporaines.\r\nApr\u00e8s les 20 penseurs pour 2020, voil\u00e0 21 penseurs pour 2021 : 21 penseurs et penseuses qui permettent de penser l'ann\u00e9e qui vient. De Arjun Appadurai \u00e0 Michael Walzer, en passant par Pankaj Mishra, Martha Nussbaum, Nadia Yala Kisukidi, Bruno Latour, Hartmut Rosa...etc","authors":["Collectif"],"category_codes":["9000000","9080000","9080200","9080207"],"visuals":{"large":"https:\/\/images.epagine.fr\/114\/9782900818114_1_75.jpg","medium":"https:\/\/images.epagine.fr\/114\/9782900818114_1_m.jpg","thumbnail":"https:\/\/images.epagine.fr\/114\/9782900818114_1_v.jpg"},"orderable":true,"show_badge":true,"formatted_price":"15,00&nbsp;\u20ac","formatted_published_date":"7 janvier 2021","publisher_availability_label":"Sur commande","short_details":"Collectif \u2014 Philosophie magazine \u00c9diteur","translator":null,"weight":244,"page_count":192,"readership":null,"editor":"Philosophie magazine \u00c9diteur","price":1500,"published_date":"2021-01-06T23:00:00.000000Z","support":"Revue","publisher_availability":1,"stock":0,"editions":[],"url":"https:\/\/quaidesbrumes.com\/ouvrage\/9782900818114\/philosophie-magazine-21-penseurs-pour-2021"},{"id":"9782953813012","title":"Philosophie magazine : la vie a-t-elle un sens ? bande dessin\u00e9e et philosophie","description":"Voici la version beau livre du hors-s\u00e9rie de Philosophie magazine, qui s'est vendu \u00e0 l'\u00e9t\u00e9 2012 \u00e0 40.000 exemplaires en kiosque ; c'est un peu la suite de Tintin au pays des philosophes, album vendu \u00e0 36.000 exemplaires en 2011.\r\n\r\nAvec deux bonus in\u00e9dits (16 pages) : les 7 vies du Chat par Philip Geluck et 6 planches originales de Charles Berberian.\r\n\r\nRichement illustr\u00e9 et contenant des planches originales (Trondheim, Jul, Aur\u00e9lia Aurita...) aussi bien que des grands classiques : Gaston, Charlie Brown, Ast\u00e9rix, Crumb...\r\n\r\nEn regard des planches, philosophes et sp\u00e9cialistes de BD m\u00e9ditent sur l'absurde, l'h\u00e9ro\u00efsme, le destin. Il en ressort une le\u00e7on de philosophie joyeuse et profonde.\r\n\r\nL'ouvrage int\u00e9ressera tous les passionn\u00e9s de BD et de philosophie, mais c'est aussi un cadeau id\u00e9al pour les f\u00eates de fin d'ann\u00e9e.\r\n\r\nAlbum dirig\u00e9 par Sven Ortoli.\r\n\r\nArticles et interviews de Umberto Eco, Tristan Garcia, Cl\u00e9ment Rosset, Pascal Ory, Martin Winckler, Boris Cyrulnik, Fr\u00e9d\u00e9ric Worms, Pascal Bruckner, Serge Tisseron...\r\n\r\nPlanches originales de Lewis Trondheim, Jul, Marc-Antoine Mathieu et Aur\u00e9lia Aurita.","authors":["Collectif"],"category_codes":["9000000","9080000","9080200","9080207"],"visuals":{"large":"https:\/\/images.epagine.fr\/012\/9782953813012_1_75.jpg","medium":"https:\/\/images.epagine.fr\/012\/9782953813012_1_m.jpg","thumbnail":"https:\/\/images.epagine.fr\/012\/9782953813012_1_v.jpg"},"orderable":true,"show_badge":true,"formatted_price":"19,50&nbsp;\u20ac","formatted_published_date":"12 septembre 2013","publisher_availability_label":"Sur commande","short_details":"Collectif \u2014 Philosophie magazine \u00c9diteur","translator":null,"weight":995,"page_count":120,"readership":null,"editor":"Philosophie magazine \u00c9diteur","price":1950,"published_date":"2013-09-11T22:00:00.000000Z","support":"Revue","publisher_availability":1,"stock":0,"editions":[],"url":"https:\/\/quaidesbrumes.com\/ouvrage\/9782953813012\/philosophie-magazine-la-vie-a-t-elle-un-sens-bande-dessinee-et-philosophie"},{"id":"9782953813043","title":"Philosophie magazine : Que faire ? Dialogue sur le communisme, le capitalisme et l'avenir de la d\u00e9mocratie","description":"On croyait que le communisme s'\u00e9tait d\u00e9finitivement effondr\u00e9 avec la chute du mur de Berlin et que la d\u00e9mocratie lib\u00e9rale avait gagn\u00e9 la partie. Voil\u00e0 qu'avec la crise sans pr\u00e9c\u00e9dent que nous traversons, le champ des possibles se redistribue. La d\u00e9mocratie est-elle irr\u00e9m\u00e9diablement captive du capitalisme ou peut-elle se r\u00e9inventer pour r\u00e9pondre au d\u00e9fi de la mondialisation ?\r\nDans un dialogue in\u00e9dit et exclusif, Alain Badiou, figure de proue de  la gauche  radicale et principal avocat de l'id\u00e9e communiste, et Marcel Gauchet, repr\u00e9sentant majeur de Pantitotalitarisme et d\u00e9fenseur de la d\u00e9mocratie lib\u00e9rale, se confrontent.\r\nEnsemble, ils font le bilan de l'Histoire et opposent leurs projets respectifs : d'un c\u00f4t\u00e9, la r\u00e9actualisation de l'hypoth\u00e8se communiste, de l'autre, la r\u00e9forme en profondeur d'un mod\u00e8le d\u00e9mocratique contest\u00e9.\r\n\r\nUn dialogue anim\u00e9 par Martin Duru et Martin Legros, journalistes \u00e0 Philosophie magazine","authors":["Alain Badiou","Marcel Gauchet"],"category_codes":["9000000","9080000","9080200","9080207"],"visuals":{"large":"https:\/\/images.epagine.fr\/043\/9782953813043_1_75.jpg","medium":"https:\/\/images.epagine.fr\/043\/9782953813043_1_m.jpg","thumbnail":"https:\/\/images.epagine.fr\/043\/9782953813043_1_v.jpg"},"orderable":true,"show_badge":true,"formatted_price":"12,90&nbsp;\u20ac","formatted_published_date":"9 octobre 2014","publisher_availability_label":"Sur commande","short_details":"Alain Badiou, Marcel Gauchet \u2014 Philosophie magazine \u00c9diteur","translator":null,"weight":180,"page_count":162,"readership":null,"editor":"Philosophie magazine \u00c9diteur","price":1290,"published_date":"2014-10-08T22:00:00.000000Z","support":"Revue","publisher_availability":1,"stock":0,"editions":[],"url":"https:\/\/quaidesbrumes.com\/ouvrage\/9782953813043\/philosophie-magazine-que-faire-dialogue-sur-le-communisme-le-capitalisme-et-lavenir-de-la-democratie"},{"id":"9782953813067","title":"Philosophie magazine : Le deuil : Dialogue sur la perte entre chagrin et n\u00e9ant","description":"L'\u00e9crivain Philippe Forest, dont toute l'oeuvre est construite autour de la perte de sa petite fille, et le philosophe Vincent Delecroix, sp\u00e9cialiste de Soren Kierkegaard, remettent le deuil au coeur de l'existence humaine. Leur conversation part d'une col\u00e8re commune contre l'expression galvaud\u00e9e faire son deuil. \r\nInterrogeant la philosophie, la religion, la litt\u00e9rature, ils donnent, non des rem\u00e8des, mais des ressources pour penser ce qui est perdu. Il ne s'agit donc pas de faire son deuil mais plut\u00f4t de se confronter \u00e0 l'impossible r\u00e9el et, tel ce personnage de William Faulkner, entre le chagrin et le n\u00e9ant, de pr\u00e9f\u00e9rer le chagrin.\r\n\r\nUn dialogue anim\u00e9 par Catherine Poitevin, journaliste et chef de rubrique livres \u00e0 Philosophie magazine.","authors":["Vincent Delecroix","Philippe Forest"],"category_codes":["9000000","9080000","9080200","9080207"],"visuals":{"large":"https:\/\/images.epagine.fr\/067\/9782953813067_1_75.jpg","medium":"https:\/\/images.epagine.fr\/067\/9782953813067_1_m.jpg","thumbnail":"https:\/\/images.epagine.fr\/067\/9782953813067_1_v.jpg"},"orderable":true,"show_badge":true,"formatted_price":"12,90&nbsp;\u20ac","formatted_published_date":"8 octobre 2015","publisher_availability_label":"Sur commande","short_details":"Vincent Delecroix, Philippe Forest \u2014 Philosophie magazine \u00c9diteur","translator":null,"weight":184,"page_count":160,"readership":null,"editor":"Philosophie magazine \u00c9diteur","price":1290,"published_date":"2015-10-07T22:00:00.000000Z","support":"Revue","publisher_availability":1,"stock":0,"editions":[],"url":"https:\/\/quaidesbrumes.com\/ouvrage\/9782953813067\/philosophie-magazine-le-deuil-dialogue-sur-la-perte-entre-chagrin-et-neant"},{"id":"9782953813098","title":"Philosophie magazine : Marcher avec les philosophes","description":"Avec Pascal Bruckner, C\u00e9dric Gras, Fr\u00e9d\u00e9ric Gros, Nancy Huston, Jean-Paul Kauffmann, Alexis Lavis, David Le Breton, Michel Malherbe, Michel Serres et les illustrations d'Emmanuel Guibert. Sous la direction de Sven Ortoli.\r\nSeules les pens\u00e9es que l'on a en marchant valent quelque chose, \u00e9crit Friedrich Nietzsche. Ce n'est pas Michel Serres qui l'aurait contredit, lui qui confie qu'il pense avec les pieds. Mais l'inverse est tout aussi vrai : lorsque nous marchons par monts et par vaux, c'est encore avec notre t\u00eate.\r\nDe Henry David Thoreau \u00e0 Victor Segalen, d'Alexandra David-N\u00e9el \u00e0 Fr\u00e9d\u00e9ric Gros, cet ouvrage rassemble les r\u00e9flexions, r\u00e9cits et dessins de marcheurs illustres ainsi que de promeneurs contemporains venus de tous les horizons. Pour cheminer en bonne compagnie.","authors":["Sven Ortoli"],"category_codes":["9000000","9080000","9080200","9080207"],"visuals":{"large":"https:\/\/images.epagine.fr\/098\/9782953813098_1_75.jpg","medium":"https:\/\/images.epagine.fr\/098\/9782953813098_1_m.jpg","thumbnail":"https:\/\/images.epagine.fr\/098\/9782953813098_1_v.jpg"},"orderable":true,"show_badge":true,"formatted_price":"19,90&nbsp;\u20ac","formatted_published_date":"31 mai 2018","publisher_availability_label":"Sur commande","short_details":"Sven Ortoli \u2014 Philosophie magazine \u00c9diteur","translator":null,"weight":383,"page_count":220,"readership":null,"editor":"Philosophie magazine \u00c9diteur","price":1990,"published_date":"2018-05-30T22:00:00.000000Z","support":"Revue","publisher_availability":1,"stock":0,"editions":[],"url":"https:\/\/quaidesbrumes.com\/ouvrage\/9782953813098\/philosophie-magazine-marcher-avec-les-philosophes"},{"id":"9782931307021","title":"Un Manifeste Hacker","description":"Dans ce manifeste des ann\u00e9es 2000, Wark croise Marx. Debord et Deleuze, pour diagnostiquer l'\u00e9mergence d'un nouveau mode de production fond\u00e9 sur le contr\u00f4le de l'information, la logistique, les capacit\u00e9s de calcul et la surveillance. Un nouvel antagonisme prend forme entre \"la classe vectorialiste\" qui contr\u00f4le les vecteurs de l'information, et \"la classe hacker\" qui lutte pour lib\u00e9rer l'information de la propri\u00e9t\u00e9. Wark scrute ce conflit \u00e0 l'\u00e9chelle globale, cerne les int\u00e9r\u00eats, affects et leviers de nouvelles alliances r\u00e9volutionnaires et livre un texte proph\u00e9tique sur les ruptures provoqu\u00e9es par l'\u00e9conomie num\u00e9rique. Cette version a \u00e9t\u00e9 r\u00e9vis\u00e9e dans une perspective transhackf\u00e9ministe.","authors":["McKenzie Wark"],"category_codes":["9000000","9080000"],"visuals":{"large":"https:\/\/images.epagine.fr\/021\/9782931307021_1_75.jpg","medium":"https:\/\/images.epagine.fr\/021\/9782931307021_1_m.jpg","thumbnail":"https:\/\/images.epagine.fr\/021\/9782931307021_1_v.jpg"},"orderable":false,"show_badge":true,"formatted_price":"18,00&nbsp;\u20ac","formatted_published_date":"7 mai 2026","publisher_availability_label":"\u00c0 para\u00eetre","short_details":"McKenzie Wark \u2014 Meteores","translator":null,"weight":0,"page_count":220,"readership":null,"editor":"Meteores","price":1800,"published_date":"2026-05-06T22:00:00.000000Z","support":"Poche","publisher_availability":2,"stock":0,"editions":[],"url":"https:\/\/quaidesbrumes.com\/ouvrage\/9782931307021\/un-manifeste-hacker"},{"id":"9782070726950","title":"Siva ; \u00e9rotique et asc\u00e9tique","description":"Wendy Doniger, qui a succ\u00e9d\u00e9 \u00e0 l'universit\u00e9 de Chicago \u00e0 la chaire de Mircea Eliade, a consacr\u00e9, comme lui, son oeuvre \u00e0 la mise en relief des grands th\u00e8mes de la mythologie de l'Inde et \u00e0 ses grandes divinit\u00e9s. Voici donc ?iva, la plus complexe et paradoxale figure de la grande trinit\u00e9 hindoue, divinit\u00e9 \u00e0 la fois \u00e9rotique et asc\u00e9tique qui propose la victoire sur le D\u00e9sir par l'assouvissement du D\u00e9sir. Dans le sch\u00e8me si particulier de la mythologie hindoue, l'une des plus vastes et des plus luxuriantes qui soient, se trouvent exploit\u00e9es jusqu'\u00e0 leurs cons\u00e9quences extr\u00eames ces deux pulsions fondamentales et - notamment pour les Occidentaux - si irr\u00e9ductiblement antinomiques de l'homme : la volont\u00e9 de jouissance et l'aspiration \u00e0 l'asc\u00e8se. Son ludisme exacerb\u00e9 permet \u00e0 ?iva de transcender tous les contraires et d'exprimer cet \u00e9quilibre dans le mouvement, \u00abcette incessante oscillation de la balance\u00bb que symbolise sa danse cosmique. Cet ouvrage, qui explore les phantasmes les plus extravagants de l'\u00c9ros, devrait avoir, comme l'a \u00e9crit Edmund Leach, le grand anthropologue anglais, \u00abune influence majeure sur l'\u00e9tude de la mythologie jud\u00e9o-chr\u00e9tienne ainsi que sur celle des religions de l'Antiquit\u00e9\u00bb - et, pourrait-on ajouter, sur les sp\u00e9culations de la psychanalyse.","authors":["Wendy Doniger","Nicole M\u00e9nant"],"category_codes":["9000000","9080000","9080200","9080204"],"visuals":{"large":"https:\/\/images.epagine.fr\/950\/9782070726950_1_75.jpg","medium":"https:\/\/images.epagine.fr\/950\/9782070726950_1_m.jpg","thumbnail":"https:\/\/images.epagine.fr\/950\/9782070726950_1_v.jpg"},"orderable":true,"show_badge":true,"formatted_price":"43,30&nbsp;\u20ac","formatted_published_date":"23 f\u00e9vrier 1993","publisher_availability_label":"Sur commande","short_details":"Wendy Doniger, Nicole M\u00e9nant \u2014 Gallimard","translator":"NICOLE MENANT","weight":514,"page_count":480,"readership":null,"editor":"Gallimard","price":4330,"published_date":"1993-02-22T23:00:00.000000Z","support":"Grand format","publisher_availability":1,"stock":0,"editions":[],"url":"https:\/\/quaidesbrumes.com\/ouvrage\/9782070726950\/siva-erotique-et-ascetique"},{"id":"9782070729999","title":"L'homme artifice","description":"La technique, notre destin ? La technique, cr\u00e9ation monstrueuse \u00e9chappant \u00e0 son cr\u00e9ateur, serait devenue un proc\u00e8s autonome, \u00e9tranger \u00e0 notre humanit\u00e9 et de plus en plus mena\u00e7ant pour elle. Voil\u00e0 le lieu commun qu'on voit partout r\u00e9p\u00e9t\u00e9 aujourd'hui. Or c'est la technique qui instaure l'humanit\u00e9, plaide \u00e0 l'oppos\u00e9 Dominique Bourg. L'esp\u00e8ce humaine s'est progressivement arrach\u00e9e \u00e0 l'animalit\u00e9 gr\u00e2ce aux outils et autres artefacts qu'elle est parvenue \u00e0 confectionner, au nombre desquels il convient de ranger le langage. Ce qui nous fait homme n'est pas simplement le r\u00e9sultat n\u00e9cessaire de notre constitution biologique et c\u00e9r\u00e9brale : l'homme est le produit de son propre artifice. Loin de d\u00e9nier les dangers qui s'annoncent, Dominique Bourg confronte cette th\u00e8se aux r\u00e9alit\u00e9s des techniques contemporaines. Il met d'abord en lumi\u00e8re le r\u00f4le que l'\u00e8re industrielle a jou\u00e9 dans l'affirmation d\u00e9mocratique des droits individuels. Il d\u00e9gage ensuite le sens et la port\u00e9e de l'artificialisation de l'agriculture et des techniques du g\u00e9nie g\u00e9n\u00e9tique. Il analyse enfin les donn\u00e9es de la crise \u00e9cologique. L'humanit\u00e9 ne se sauvera pas sans mesurer ce qu'elle doit \u00e0 la technique qui la met en p\u00e9ril.","authors":["Dominique Bourg"],"category_codes":["9000000","9080000","9080200","9080204"],"visuals":{"large":"https:\/\/images.epagine.fr\/999\/9782070729999_1_75.jpg","medium":"https:\/\/images.epagine.fr\/999\/9782070729999_1_m.jpg","thumbnail":"https:\/\/images.epagine.fr\/999\/9782070729999_1_v.jpg"},"orderable":true,"show_badge":true,"formatted_price":"23,20&nbsp;\u20ac","formatted_published_date":"5 novembre 1996","publisher_availability_label":"Sur commande","short_details":"Dominique Bourg \u2014 Gallimard","translator":null,"weight":352,"page_count":368,"readership":null,"editor":"Gallimard","price":2320,"published_date":"1996-11-04T23:00:00.000000Z","support":"Grand format","publisher_availability":1,"stock":0,"editions":[],"url":"https:\/\/quaidesbrumes.com\/ouvrage\/9782070729999\/lhomme-artifice"},{"id":"9782070267132","title":"La com\u00e9die inhumaine","description":"Avez-vous lu Balzac ? La Com\u00e9die inhumaine est pr\u00e9sent\u00e9e comme un th\u00e9\u00e2tre : c'est la soci\u00e9t\u00e9 du XIX? si\u00e8cle dont les principes r\u00e9gissent encore la n\u00f4tre et le portrait de celui qui s'est dit son historien, son secr\u00e9taire : Balzac ; les cinq actes de la com\u00e9die, repr\u00e9sent\u00e9s par l'Argent, l'Histoire, l'Art, la Politique et la Morale, sont divis\u00e9s en vingt et un tableaux. Dans la derni\u00e8re partie, la \u00abCritique\u00bb, Andr\u00e9 Wurmser constate que tout se passe comme si un curieux mot d'ordre s'imposait de plus en plus : la question d'argent, \u00e0 laquelle Balzac pr\u00e9tendait apporter une r\u00e9ponse en s'effor\u00e7ant de d\u00e9peindre une soci\u00e9t\u00e9 \u00abqui porte en elle la raison de son mouvement\u00bb, ne sera pas pos\u00e9e. La Com\u00e9die inhumaine n'est donc pas un livre destin\u00e9 aux seuls sp\u00e9cialistes ; ce n'est pas \u00e0 des in\u00e9dits qu'il doit son int\u00e9r\u00eat, mais \u00e0 un \u00e9clairage nouveau, si \u00e9tonnant que cela puisse para\u00eetre apr\u00e8s tant d'ouvrages critiques, nouveau ou, plus exactement, inhabituel, le seul qui permette de r\u00e9soudre cette contradiction. Balzac, en effet, qui se pr\u00e9tendit l\u00e9gitimiste et cl\u00e9rical, fut \u00e0 juste titre admir\u00e9, vivant, par Karl Marx et par Engels, salu\u00e9, apr\u00e8s sa mort, par Victor Hugo en ces termes : \u00abqu'il l'ait voulu ou non\u00bb, Balzac, \u00abappartient \u00e0 la forte race des \u00e9crivains r\u00e9volutionnaires\u00bb. Il est v\u00e9n\u00e9r\u00e9, depuis un si\u00e8cle, par les marxistes du monde entier. Vivante, pol\u00e9mique, d\u00e9nu\u00e9e de toute idol\u00e2trie, cette somme balzacienne passionnera les uns, indignera les autres, mais sans doute aidera-t-elle les honn\u00eates gens \u00e0 mieux lire le plus grand romancier du monde.","authors":["Andr\u00e9 Wurmser"],"category_codes":["9000000","9080000"],"visuals":{"large":"https:\/\/images.epagine.fr\/132\/9782070267132_1_75.jpg","medium":"https:\/\/images.epagine.fr\/132\/9782070267132_1_m.jpg","thumbnail":"https:\/\/images.epagine.fr\/132\/9782070267132_1_v.jpg"},"orderable":true,"show_badge":true,"formatted_price":"26,70&nbsp;\u20ac","formatted_published_date":"21 f\u00e9vrier 1964","publisher_availability_label":"Sur commande","short_details":"Andr\u00e9 Wurmser \u2014 Gallimard","translator":null,"weight":865,"page_count":808,"readership":null,"editor":"Gallimard","price":2670,"published_date":"1964-02-20T23:00:00.000000Z","support":"Grand format","publisher_availability":1,"stock":0,"editions":[],"url":"https:\/\/quaidesbrumes.com\/ouvrage\/9782070267132\/la-comedie-inhumaine"},{"id":"9782372981491","title":"Regards, commentaires de la Torah","description":"Comment concevoir que Dieu ait fa\u00e7onn\u00e9 l'univers sans y glisser une parole, un souffle, une orientation ? Une Cr\u00e9ation sans R\u00e9v\u00e9lation serait un corps sans \u00e2me. Dans chaque grain de sable, dans chaque battement d'aile, se trouve un message, m\u00eame si nous avons oubli\u00e9 comment le lire. Adam savait ce qu'il devait faire. Non par magie, mais par cette \u00e9vidence int\u00e9rieure que donne la Pr\u00e9sence divine. Ceux qui lui ont succ\u00e9d\u00e9 le savaient aussi, autrement : par la m\u00e9moire orale, par l'intuition, par la clart\u00e9 d'une conscience \u00e9veill\u00e9e. Quand l'esprit humain se dispose \u00e0 la justesse, Dieu parle encore, non par des mots, mais par l'\u00e9vidence du bien. Aujourd'hui, la parole divine semble plus voil\u00e9e. Le monde est trop bruyant. Mais ce n'est pas que Dieu se soit tu. C'est nous qui avons perdu la capacit\u00e9 d'\u00e9coute. Pourtant, le fil n'est jamais rompu. Sous le vacarme ambiant, r\u00e9side son \u00ab doux et subtil murmure \u00bb. Dieu attend toujours notre attention. C'est \u00e0 ce retournement du regard qu'invitent ces lectures de la Torah.\u00a0\r\nEric Ackermann est rabbin et aum\u00f4nier dans le monde m\u00e9dico-social.","authors":["Eric Ackermann"],"category_codes":["9000000","9080000","9080200","9080204"],"visuals":{"large":"https:\/\/images.epagine.fr\/491\/9782372981491_1_75.jpg","medium":"https:\/\/images.epagine.fr\/491\/9782372981491_1_m.jpg","thumbnail":"https:\/\/images.epagine.fr\/491\/9782372981491_1_v.jpg"},"orderable":false,"show_badge":true,"formatted_price":"14,00&nbsp;\u20ac","formatted_published_date":"10 juin 2026","publisher_availability_label":"\u00c0 para\u00eetre","short_details":"Eric Ackermann \u2014 Ad Solem","translator":null,"weight":0,"page_count":96,"readership":null,"editor":"Ad Solem","price":1400,"published_date":"2026-06-09T22:00:00.000000Z","support":"Grand format","publisher_availability":2,"stock":0,"editions":[],"url":"https:\/\/quaidesbrumes.com\/ouvrage\/9782372981491\/regards-commentaires-de-la-torah"},{"id":"9782220099590","title":"Chemins de traverse : Entretiens avec Antoine Bellier","description":"\u00ab Cancre glorieux \u00bb, comme le fut Bernanos, Emmanuel Falque est devenu philosophe \u00e0 la suite d'une rencontre qu'il qualifie de \u00ab spirituelle \u00bb. Penseur des fronti\u00e8res, il ne cesse d'aller et venir entre philosophie et th\u00e9ologie, convaincu que ces deux champs peuvent s'enrichir mutuellement, sans pour autant se confondre.Cette pens\u00e9e en mouvement se d\u00e9ploie ici sur le ton d'une conversation franche et amicale avec Antoine Bellier. Celle-ci prend parfois les armes d'un \u00ab combat amoureux \u00bb, la qu\u00eate jamais achev\u00e9e d'un homme pour qui philosopher est une vocation en m\u00eame temps qu'une responsabilit\u00e9.Les commencements, la conversion, les ma\u00eetres, l'enracinement spirituel, les grandes d\u00e9cisions et la transmission marquent les \u00e9tapes qui jalonnent ces entretiens. D'abord vivre, et ensuite philosopher. Tel est le leitmotiv. C'est dans les ressorts de soi-m\u00eame que l'on d\u00e9couvre la finitude, le chaos, la chair, l'animalit\u00e9, le corps \u00e9pandu, le hors ph\u00e9nom\u00e8ne - et Dieu m\u00eame.Une \u00e9tonnante travers\u00e9e.\r\nEmmanuel Falque est professeur de philosophie \u00e0 l'Institut catholique de Paris. Il y enseigne la philosophie patristique et m\u00e9di\u00e9vale, la ph\u00e9nom\u00e9nologie et la philosophie de la religion. Nombre de ses livres sont traduits \u00e0 l'\u00e9tranger, en particulier aux \u00c9tats-Unis.Antoine Bellier est ancien \u00e9tudiant en philosophie et th\u00e9ologie \u00e0 l'Institut catholique de Paris. D'abord journaliste, il est devenu directeur \u00e9ditorial de Descl\u00e9e de Brouwer.","authors":["Emmanuel Falque"],"category_codes":["9000000","9080000","9080700"],"visuals":{"large":"https:\/\/images.epagine.fr\/590\/9782220099590_1_75.jpg","medium":"https:\/\/images.epagine.fr\/590\/9782220099590_1_m.jpg","thumbnail":"https:\/\/images.epagine.fr\/590\/9782220099590_1_v.jpg"},"orderable":false,"show_badge":true,"formatted_price":"19,90&nbsp;\u20ac","formatted_published_date":"6 mai 2026","publisher_availability_label":"\u00c0 para\u00eetre","short_details":"Emmanuel Falque \u2014 Descl\u00e9e de Brouwer","translator":null,"weight":287,"page_count":256,"readership":null,"editor":"Descl\u00e9e de Brouwer","price":1990,"published_date":"2026-05-05T22:00:00.000000Z","support":"Grand format","publisher_availability":2,"stock":0,"editions":[],"url":"https:\/\/quaidesbrumes.com\/ouvrage\/9782220099590\/chemins-de-traverse-entretiens-avec-antoine-bellier"},{"id":"9782416026027","title":"Petite philosophie de l'amour : Platon, Rousseau, Nietzsche...","description":"\u00ab La grande affaire de l'amour racont\u00e9e par 10 philosophes d\u00e9capants et profonds \u00bb Andr\u00e9 Comte Sponville\r\n\r\nCe livre raconte l'histoire de l'id\u00e9e d'amour, de l'Antiquit\u00e9 \u00e0 nos jours : chaque chapitre est consacr\u00e9 \u00e0 la pens\u00e9e d'un philosophe dont l'auteur d\u00e9gage les lignes de force. Illustr\u00e9 de citations de r\u00e9f\u00e9rence et d'exemples de la vie quotidienne, ce guide constitue une approche vivante et efficace de l'histoire de la pens\u00e9e philosophique.","authors":["Catherine Merrien"],"category_codes":["9000000","9080000","9080200","9080208"],"visuals":{"large":"https:\/\/quaidesbrumes.com\/img\/book-placeholder.png","medium":"https:\/\/quaidesbrumes.com\/img\/book-placeholder.png","thumbnail":"https:\/\/quaidesbrumes.com\/img\/book-placeholder.png"},"orderable":false,"show_badge":true,"formatted_price":"8,20&nbsp;\u20ac","formatted_published_date":"11 juin 2026","publisher_availability_label":"\u00c0 para\u00eetre","short_details":"Catherine Merrien \u2014 \u00c9ditions Eyrolles","translator":null,"weight":0,"page_count":null,"readership":null,"editor":"\u00c9ditions Eyrolles","price":820,"published_date":"2026-06-10T22:00:00.000000Z","support":"Poche","publisher_availability":2,"stock":0,"editions":[],"url":"https:\/\/quaidesbrumes.com\/ouvrage\/9782416026027\/petite-philosophie-de-lamour-platon-rousseau-nietzsche"},{"id":"9782711632527","title":"Commentaire au premier livre des \u00c9l\u00e9ments d'Euclide","description":"Le commentaire du philosophe n\u00e9oplatonicien Proclus (412-485) au premier livre des \u00c9l\u00e9ments d'Euclide \r\nest le seul commentaire de ce trait\u00e9, qui nous soit parvenu, en grec, de l'Antiquit\u00e9. C'est un texte \r\nfondamental non seulement pour l'\u00e9tude de la philosophie n\u00e9oplatonicienne des math\u00e9matiques, \r\nmais aussi parce qu'il nous informe amplement sur l'histoire de la g\u00e9om\u00e9trie dans l'Antiquit\u00e9 et sur \r\nl'interpr\u00e9tation d'Euclide en particulier. En outre, la r\u00e9ception du commentaire \u00e0 la Renaissance a suscit\u00e9 \r\n\u00e0 cette p\u00e9riode, gr\u00e2ce aussi \u00e0 la traduction latine g\u00e9niale de Francesco Barozzi, un int\u00e9r\u00eat consid\u00e9rable \r\npour la philosophie des math\u00e9matiques.\r\nCette nouvelle traduction du commentaire de Proclus aux \u00c9l\u00e9ments d'Euclide propose un apparat \r\ncritique ainsi que de riches notes mettant en lumi\u00e8re son influence \u00e0 travers l'histoire, n\u00e9cessaires pour \r\nappr\u00e9hender correctement ce texte aussi complexe que fondamental.","authors":["Carlos Steel","Alain Lernould"],"category_codes":["9000000","9080000","9080400"],"visuals":{"large":"https:\/\/images.epagine.fr\/527\/9782711632527_1_75.jpg","medium":"https:\/\/images.epagine.fr\/527\/9782711632527_1_m.jpg","thumbnail":"https:\/\/images.epagine.fr\/527\/9782711632527_1_v.jpg"},"orderable":false,"show_badge":true,"formatted_price":"64,00&nbsp;\u20ac","formatted_published_date":"28 mai 2026","publisher_availability_label":"\u00c0 para\u00eetre","short_details":"Carlos Steel, Alain Lernould \u2014 Vrin","translator":"ALAIN LERNOULD","weight":0,"page_count":982,"readership":null,"editor":"Vrin","price":6400,"published_date":"2026-05-27T22:00:00.000000Z","support":"Grand format","publisher_availability":2,"stock":0,"editions":[],"url":"https:\/\/quaidesbrumes.com\/ouvrage\/9782711632527\/commentaire-au-premier-livre-des-elements-deuclide"},{"id":"9782832114377","title":"La paix, la force, le droit","description":"Pendant vingt ans, l'auteure a \u00e9t\u00e9 la voix de l'UNICEF, puis de l'ONU \u00e0 Gen\u00e8ve. Elle a travers\u00e9 les crises du monde, c\u00f4toy\u00e9 l'indicible, partag\u00e9 les mots avec pudeur et retenue. Aujourd'hui, ce n'est plus en porte-parole qu'elle s'exprime, mais en t\u00e9moin. Dans ce r\u00e9cit personnel, fait de clart\u00e9s discr\u00e8tes et d'ombres persistantes, Marie Heuz\u00e9 raconte ce qu'on ne dit pas toujours : la fatigue, le doute, l'imposture ressentie parfois, mais aussi la gr\u00e2ce de certaines rencontres, la lumi\u00e8re tenace dans les lieux les plus sombres, la dignit\u00e9 et l'\u00e9lan de vie de ceux qui n'ont plus rien. De Gen\u00e8ve \u00e0 Kigali, de Rome \u00e0 Tombouctou, de Nairobi \u00e0 Durban, c'est une travers\u00e9e du monde r\u00e9el, une plong\u00e9e dans la m\u00e9moire. \u00c9crire n'est pas ici un exercice de style, mais un geste de fid\u00e9lit\u00e9. Aux personnes rencontr\u00e9es, aux instants partag\u00e9s, aux silences et aux coll\u00e8gues disparus en accomplissant couverture provisoire leur mission.\r\n","authors":["Marie Heuze"],"category_codes":["9000000","9080000","9080300","9080303"],"visuals":{"large":"https:\/\/images.epagine.fr\/377\/9782832114377_1_75.jpg","medium":"https:\/\/images.epagine.fr\/377\/9782832114377_1_m.jpg","thumbnail":"https:\/\/images.epagine.fr\/377\/9782832114377_1_v.jpg"},"orderable":true,"show_badge":true,"formatted_price":"29,00&nbsp;\u20ac","formatted_published_date":"1er avril 2026","publisher_availability_label":"Sur commande","short_details":"Marie Heuze \u2014 Slatkine","translator":null,"weight":0,"page_count":224,"readership":null,"editor":"Slatkine","price":2900,"published_date":"2026-03-31T22:00:00.000000Z","support":"Grand format","publisher_availability":1,"stock":0,"editions":[],"url":"https:\/\/quaidesbrumes.com\/ouvrage\/9782832114377\/la-paix-la-force-le-droit"},{"id":"9782406186533","title":"L'apologie de Raimond Sebond : Lectures, m\u00e9thodes, interpr\u00e9tations","description":"Ce livre interdisciplinaire montre comment Montaigne, depuis son travail de traduction de Sebond, perfectionne sa prose d'art pour mieux se dire dans l'\u00ab Apologie \u00bb. Parti d'une r\u00e9flexion sur les liens entre raison et foi, il red\u00e9finit son rapport aux savoirs.","authors":["Collectif"],"category_codes":["9000000","9080000","9080300","9080303"],"visuals":{"large":"https:\/\/images.epagine.fr\/533\/9782406186533_1_75.jpg","medium":"https:\/\/images.epagine.fr\/533\/9782406186533_1_m.jpg","thumbnail":"https:\/\/images.epagine.fr\/533\/9782406186533_1_v.jpg"},"orderable":true,"show_badge":true,"formatted_price":"82,00&nbsp;\u20ac","formatted_published_date":"24 avril 2026","publisher_availability_label":"Sur commande","short_details":"Collectif \u2014 Classiques Garnier","translator":null,"weight":530,"page_count":285,"readership":null,"editor":"Classiques Garnier","price":8200,"published_date":"2026-04-23T22:00:00.000000Z","support":"Grand format","publisher_availability":1,"stock":0,"editions":["9782406186526"],"url":"https:\/\/quaidesbrumes.com\/ouvrage\/9782406186533\/lapologie-de-raimond-sebond-lectures-methodes-interpretations"},{"id":"9782406204893","title":"Premiers travaux m\u00e9taphysiques","description":"Cette \u00e9dition rassemble les textes produits par Pierre Laromigui\u00e8re avant sa nomination \u00e0 la chaire de philosophie de la Sorbonne. Elle \u00e9claire le parcours institutionnel et intellectuel complexe et original de l'un des philosophes fran\u00e7ais les plus reconnus de la fin du XVIIIe si\u00e8cle.","authors":["Pierre Laromiguiere","Pierre Brouillet","F\u00e9lix Barancy","Pierre-Fran\u00e7ois Moreau","Rapha\u00eble Andrault"],"category_codes":["9000000","9080000"],"visuals":{"large":"https:\/\/images.epagine.fr\/893\/9782406204893_1_75.jpg","medium":"https:\/\/images.epagine.fr\/893\/9782406204893_1_m.jpg","thumbnail":"https:\/\/images.epagine.fr\/893\/9782406204893_1_v.jpg"},"orderable":true,"show_badge":true,"formatted_price":"73,00&nbsp;\u20ac","formatted_published_date":"24 avril 2026","publisher_availability_label":"Sur commande","short_details":"Pierre Laromiguiere, Pierre Brouillet, F\u00e9lix Barancy, Pierre-Fran\u00e7ois Moreau, Rapha\u00eble Andrault \u2014 Classiques Garnier","translator":null,"weight":470,"page_count":240,"readership":null,"editor":"Classiques Garnier","price":7300,"published_date":"2026-04-23T22:00:00.000000Z","support":"Grand format","publisher_availability":1,"stock":0,"editions":["9782406204886"],"url":"https:\/\/quaidesbrumes.com\/ouvrage\/9782406204893\/premiers-travaux-metaphysiques"},{"id":"9782889682201","title":"Le chant du destin","description":"Enseignement initiatique : reconna\u00eetre ce myst\u00e8re qui nous permet d'avance et de progresser dans l'existence.\r\nCet ouvrage pr\u00e9c\u00e8de \r\nLa Rencontre avec soi-m\u00eame, paru l'an dernier. Il \u00e9voque ce cheminement dans la vie, avant d'aller - et pour pouvoir aller - \u00e0 la rencontre de soi. L'amour fa\u00e7onne toutes les vies, il est un myst\u00e8re, manifeste et cach\u00e9 \u00e0 la fois. Il n'y a sans doute rien de plus haut, dont il vaille la peine de s'occuper. Ce serait cela que nous \" chante \" le Destin, l'Amour \u00e9tant la lumi\u00e8re dans l'ombre de laquelle l'homme se cherche lui-m\u00eame. Il d\u00e9voile la v\u00e9rit\u00e9, et nous apprend \u00e0 vaincre le monde et ses illusions. Notre destin, le chemin de notre vie, c'est la travers\u00e9e d'un pont, d'ici \u00e0 l\u00e0-bas, de bas en haut. C'est la force de l'Amour qui nous permet de progresser sur ce pont reliant la terre et le ciel, les t\u00e9n\u00e8bres et la lumi\u00e8re - et le temps qui nous lie \u00e0 l'\u00e9ternit\u00e9.","authors":["Roland Marthaler","Mireille Joye","Lydia Weyrich"],"category_codes":["9000000","9080000"],"visuals":{"large":"https:\/\/images.epagine.fr\/201\/9782889682201_1_75.jpg","medium":"https:\/\/images.epagine.fr\/201\/9782889682201_1_m.jpg","thumbnail":"https:\/\/images.epagine.fr\/201\/9782889682201_1_v.jpg"},"orderable":false,"show_badge":true,"formatted_price":"15,00&nbsp;\u20ac","formatted_published_date":"13 mai 2026","publisher_availability_label":"\u00c0 para\u00eetre","short_details":"Roland Marthaler, Mireille Joye, Lydia Weyrich \u2014 Infolio","translator":"MIREILLE JOYE","weight":193,"page_count":184,"readership":null,"editor":"Infolio","price":1500,"published_date":"2026-05-12T22:00:00.000000Z","support":"Grand format","publisher_availability":2,"stock":0,"editions":[],"url":"https:\/\/quaidesbrumes.com\/ouvrage\/9782889682201\/le-chant-du-destin"},{"id":"9782343054001","title":"Contempler l'infini","description":"Cet ouvrage invite le lecteur \u00e0 \u00e9tudier la fonction de l'acte contemplatif dans son rapport \u00e0 l'espace et au temps, en s'interrogeant notamment sur la valeur et la port\u00e9e \u00e9pist\u00e9miques de cet acte lorsqu'il se d\u00e9termine en relation \u00e0 une r\u00e9alit\u00e9 repr\u00e9sent\u00e9e comme infinie. Con\u00e7u dans un contexte interdisciplinaire, le recueil regroupe les \u00e9tudes et r\u00e9flexions de chercheurs fran\u00e7ais et hongrois de diff\u00e9rentes sp\u00e9cialit\u00e9s.","authors":["Collectif"],"category_codes":["9000000","9080000","9080100"],"visuals":{"large":"https:\/\/images.epagine.fr\/001\/9782343054001_1_75.jpg","medium":"https:\/\/images.epagine.fr\/001\/9782343054001_1_m.jpg","thumbnail":"https:\/\/images.epagine.fr\/001\/9782343054001_1_v.jpg"},"orderable":true,"show_badge":true,"formatted_price":"16,00&nbsp;\u20ac","formatted_published_date":"24 juillet 2015","publisher_availability_label":"Sur commande","short_details":"Collectif \u2014 \u00c9ditions L'Harmattan","translator":null,"weight":375,"page_count":232,"readership":null,"editor":"\u00c9ditions L'Harmattan","price":1600,"published_date":"2015-07-23T22:00:00.000000Z","support":"Grand format","publisher_availability":1,"stock":0,"editions":[],"url":"https:\/\/quaidesbrumes.com\/ouvrage\/9782343054001\/contempler-linfini"}]}