{"data":[{"id":"9788869765346","title":"Mat\u00e9riaux pour une morphologie transcendantale : Relation, expression et empathie","description":"En repartant de l'\u00e9branlement qui, tout \u00e0 la fois, noue l'une \u00e0 l'autre et oppose la vocation transcendantale de la raison \u00e0 son historicit\u00e9 inqui\u00e8te, l'on propose de remettre en travail et de repenser aujourd'hui le projet \u00e0 l'origine kantien de la philosophie transcendantale. Il s'agit, apr\u00e8s avoir situ\u00e9 l'imagination cr\u00e9atrice de formes au foyer de la perspective transcendantale, de repartir du caract\u00e8re irr\u00e9ductiblement probl\u00e9matique de l'exp\u00e9rience des formes, dont la subjectivit\u00e9 t\u00e9moigne de multiples fa\u00e7ons. Parce qu'un t\u00e9moignage constitue avant tout, pour l'esprit, la mise en forme d'une adresse \u00e0 l'autre, le pr\u00e9sent volume interroge en priorit\u00e9 le soubassement expressif et empathique de notre exp\u00e9rience du monde comme espace de rencontre ind\u00e9finiment renouvel\u00e9.","authors":["Augustin Dumont"],"category_codes":["9000000","9080000","9080300","9080302"],"visuals":{"large":"https:\/\/images.epagine.fr\/346\/9788869765346_1_75.jpg","medium":"https:\/\/images.epagine.fr\/346\/9788869765346_1_m.jpg","thumbnail":"https:\/\/images.epagine.fr\/346\/9788869765346_1_v.jpg"},"orderable":false,"show_badge":true,"formatted_price":"35,00&nbsp;\u20ac","formatted_published_date":"13 ao\u00fbt 2026","publisher_availability_label":"\u00c0 para\u00eetre","short_details":"Augustin Dumont \u2014 \u00c9ditions Mim\u00e9sis","translator":null,"weight":750,"page_count":480,"readership":null,"editor":"\u00c9ditions Mim\u00e9sis","price":3500,"published_date":"2026-08-12T22:00:00.000000Z","support":"Grand format","publisher_availability":2,"stock":0,"editions":[],"url":"https:\/\/quaidesbrumes.com\/ouvrage\/9788869765346\/materiaux-pour-une-morphologie-transcendantale-relation-expression-et-empathie"},{"id":"9788869765353","title":"Art, enfance, politique","description":"L'ouvrage r\u00e9unit une vingtaine de contributions d'artistes et de chercheurs issus des arts plastiques, de la litt\u00e9rature et de la philosophie, qui montrent la convergence possible de leurs m\u00e9thodologies vers le motif de l'enfance. La question de l'enfance est \u00e0 la fois tr\u00e8s actuelle et tr\u00e8s peu \u00e9tudi\u00e9e en tant que telle dans le champ des pratiques plastiques et filmiques contemporaines. Le livre r\u00e9pond ainsi \u00e0 un manque th\u00e9orique, tout en s'appuyant sur des auteurs reconnus, et propose une r\u00e9flexion crois\u00e9e sur les formes, les exp\u00e9riences et les enjeux politiques de l'enfance aujourd'hui.","authors":["Michael Pouteyo","Rodolphe Olc\u00e8se"],"category_codes":["9000000","9080000","9080300","9080303"],"visuals":{"large":"https:\/\/images.epagine.fr\/353\/9788869765353_1_75.jpg","medium":"https:\/\/images.epagine.fr\/353\/9788869765353_1_m.jpg","thumbnail":"https:\/\/images.epagine.fr\/353\/9788869765353_1_v.jpg"},"orderable":false,"show_badge":true,"formatted_price":"32,00&nbsp;\u20ac","formatted_published_date":"10 septembre 2026","publisher_availability_label":"\u00c0 para\u00eetre","short_details":"Michael Pouteyo, Rodolphe Olc\u00e8se \u2014 \u00c9ditions Mim\u00e9sis","translator":null,"weight":700,"page_count":430,"readership":null,"editor":"\u00c9ditions Mim\u00e9sis","price":3200,"published_date":"2026-09-09T22:00:00.000000Z","support":"Grand format","publisher_availability":2,"stock":0,"editions":[],"url":"https:\/\/quaidesbrumes.com\/ouvrage\/9788869765353\/art-enfance-politique"},{"id":"9788869765360","title":"Les ruses de l'image : De Mo\u00efse au pape Borgia, une g\u00e9n\u00e9alogie de l'Occident - Enqu\u00eate","description":"Comment expliquer la domination de l'Occident ? L'auteur reconstitue la construction d'une id\u00e9ologie de la d\u00e9ification des chr\u00e9tiens. L'originalit\u00e9 de cette pens\u00e9e, ancr\u00e9e dans la Bible et la th\u00e9ologie des P\u00e8res, est d'avoir pris corps dans la peinture. Giotto et ses contemporains ont boulevers\u00e9 la tradition en repr\u00e9sentant les humains \u00e0 l'\u00e9gal du Christ, accr\u00e9ditant la th\u00e8se de leur cr\u00e9ation \u00e0 l'image de Dieu. Cette r\u00e9volution a trouv\u00e9 son accomplissement au XVe si\u00e8cle avec la pens\u00e9e des humanistes italiens et avec la ma\u00eetrise de la perspective. Ainsi les chr\u00e9tiens d'Occident ont-ils assis la conviction de leur pr\u00e9valence. Laquelle a confort\u00e9 la pr\u00e9tention des papes \u00e0 exercer leur autorit\u00e9 sur le monde par-dessus rois et empereurs. Plusieurs co-facteurs, tels la r\u00e9duction de l'autre \u00e0 l'Islam ennemi et le regain d'un esclavage jamais disparu, ont particip\u00e9 \u00e0 la d\u00e9termination des Occidentaux lors de leur rencontre avec les habitants des nouveaux mondes et \u00e0 leur pr\u00e9\u00e9minence culturelle et \u00e9conomique.","authors":["Eric Rohde"],"category_codes":["9000000","9080000","9080300","9080305"],"visuals":{"large":"https:\/\/images.epagine.fr\/360\/9788869765360_1_75.jpg","medium":"https:\/\/images.epagine.fr\/360\/9788869765360_1_m.jpg","thumbnail":"https:\/\/images.epagine.fr\/360\/9788869765360_1_v.jpg"},"orderable":false,"show_badge":true,"formatted_price":"35,00&nbsp;\u20ac","formatted_published_date":"13 ao\u00fbt 2026","publisher_availability_label":"\u00c0 para\u00eetre","short_details":"Eric Rohde \u2014 \u00c9ditions Mim\u00e9sis","translator":null,"weight":750,"page_count":500,"readership":null,"editor":"\u00c9ditions Mim\u00e9sis","price":3500,"published_date":"2026-08-12T22:00:00.000000Z","support":"Grand format","publisher_availability":2,"stock":0,"editions":[],"url":"https:\/\/quaidesbrumes.com\/ouvrage\/9788869765360\/les-ruses-de-limage-de-moise-au-pape-borgia-une-genealogie-de-loccident-enquete"},{"id":"9788869765377","title":"Pourquoi la guerre et pas la r\u00e9volution ?","description":"Dans ce livre, Maurizio Lazzarato aborde les guerres en cours en tentant d'en comprendre les raisons au moment m\u00eame o\u00f9 elles se produisent, sans s\u00e9parer l'analyse de l'actualit\u00e9 d'une r\u00e9flexion de fond sur les enjeux th\u00e9oriques qu'elles impliquent. La guerre ram\u00e8ne en effet brutalement au centre des questions que nous pensions class\u00e9es, comme, par exemple, ce que signifient aujourd'hui \u00ab guerre \u00bb et \u00ab guerre civile \u00bb, ou quel rapport lie le capitalisme et l'\u00c9tat.\r\nPour y r\u00e9pondre, Lazzarato construit une confrontation serr\u00e9e entre la pens\u00e9e contemporaine et la tradition critique du XXe si\u00e8cle, faisant dialoguer Foucault, Deleuze, Negri, Weil et Arendt avec L\u00e9nine, Rosa Luxemburg, Hilferding, Korsch et Mattick. Il en ressort une cartographie th\u00e9orique capable d'\u00e9clairer le pr\u00e9sent sans le simplifier. Un texte direct et rigoureux, qui n'offre pas de consolations mais des outils critiques pour comprendre l'\u00e9poque dans laquelle nous vivons.","authors":["Maurizio Lazzarato"],"category_codes":["9000000","9080000","9080300","9080303"],"visuals":{"large":"https:\/\/images.epagine.fr\/377\/9788869765377_1_75.jpg","medium":"https:\/\/images.epagine.fr\/377\/9788869765377_1_m.jpg","thumbnail":"https:\/\/images.epagine.fr\/377\/9788869765377_1_v.jpg"},"orderable":false,"show_badge":true,"formatted_price":"18,00&nbsp;\u20ac","formatted_published_date":"24 septembre 2026","publisher_availability_label":"\u00c0 para\u00eetre","short_details":"Maurizio Lazzarato \u2014 \u00c9ditions Mim\u00e9sis","translator":null,"weight":350,"page_count":230,"readership":null,"editor":"\u00c9ditions Mim\u00e9sis","price":1800,"published_date":"2026-09-23T22:00:00.000000Z","support":"Grand format","publisher_availability":2,"stock":0,"editions":[],"url":"https:\/\/quaidesbrumes.com\/ouvrage\/9788869765377\/pourquoi-la-guerre-et-pas-la-revolution"},{"id":"9788869765407","title":"Negri au-del\u00e0 de Negri","description":"Penser le pr\u00e9sent exige parfois de traverser une oeuvre, puis de la d\u00e9passer.\r\nC'est le pari de ce livre.\r\nFigure majeure de la pens\u00e9e critique contemporaine, Antonio Negri a profond\u00e9ment renouvel\u00e9 la lecture de Karl Marx et l'analyse des transformations du capitalisme. De l'op\u00e9ra\u00efsme \u00e0 la th\u00e9orie du commun, son oeuvre \u00e9claire les mutations du travail, des subjectivit\u00e9s et des luttes. \r\nMais que nous dit-elle encore aujourd'hui ? R\u00e9unissant philosophes, \u00e9conomistes et militants, cet ouvrage propose une travers\u00e9e vivante de ses concepts : \u00ab composition de classe \u00bb, de \u00ab travail vivant \u00bb, de \u00ab\u00a0multitude \u00bb ou de \u00ab commun \u00bb.  Accessible sans rien c\u00e9der \u00e0 l'exigence intellectuelle, ce livre s'adresse \u00e0 toutes celles et ceux qui cherchent \u00e0 comprendreles formes actuelles de l'exploitation - mais aussi les puissances collectives capables de les transformer.\r\nCar il ne s'agit pas seulement de lire Negri.\r\nIl s'agit d'apprendre \u00e0 penser avec lui - pour aller, aujourd'hui, au-del\u00e0 de Negri.","authors":["S\u00e9minaire Capitalisme Cognitif"],"category_codes":["9000000","9080000","9080300","9080303"],"visuals":{"large":"https:\/\/images.epagine.fr\/407\/9788869765407_1_75.jpg","medium":"https:\/\/images.epagine.fr\/407\/9788869765407_1_m.jpg","thumbnail":"https:\/\/images.epagine.fr\/407\/9788869765407_1_v.jpg"},"orderable":false,"show_badge":true,"formatted_price":"18,00&nbsp;\u20ac","formatted_published_date":"24 ao\u00fbt 2026","publisher_availability_label":"\u00c0 para\u00eetre","short_details":"S\u00e9minaire Capitalisme Cognitif \u2014 \u00c9ditions Mim\u00e9sis","translator":null,"weight":350,"page_count":230,"readership":null,"editor":"\u00c9ditions Mim\u00e9sis","price":1800,"published_date":"2026-08-23T22:00:00.000000Z","support":"Grand format","publisher_availability":2,"stock":0,"editions":[],"url":"https:\/\/quaidesbrumes.com\/ouvrage\/9788869765407\/negri-au-dela-de-negri"},{"id":"9782850352317","title":"Art et nihilisme : La parole critique d'Yves Bonnefoy","description":"Aucun po\u00e8te, aucun \u00e9crivain ni aucun philosophe de la tradition fran\u00e7aise et europ\u00e9enne - pas m\u00eame Diderot, pas m\u00eame Stendhal, pas m\u00eame Baudelaire, Proust ou Rilke - n'a jamais comme Bonnefoy mis\u00e9 sur l'\u00e9lucidation de l'oeuvre des peintres, des architectes, des sculpteurs et des photographes pour orienter sa r\u00e9flexion ; ni consacr\u00e9 d'aussi nombreuses pages, aussi s\u00e9rieusement et patiemment averties que les siennes, \u00e0 ces arts visuels. Or ces essais critiques sur l'art - le massif le plus consid\u00e9rable de son oeuvre - restait jusqu'\u00e0 ce jour tr\u00e8s peu \u00e9tudi\u00e9, relativement m\u00e9connu par la plupart des historiens.\r\nLoin de s'en tenir \u00e0 l'entreprise in\u00e9dite de pr\u00e9sentation, d'explication et de compr\u00e9hension des \u00e9crits sur l'art du po\u00e8te (ses monographies, ses articles parus dans des revues savantes sur l'art, ses trait\u00e9s d'histoire des formes, ses catalogues d'expositions, son enseignement et son activit\u00e9 \u00e9ditoriale, etc.) le pr\u00e9sent ouvrage se propose une seconde t\u00e2che, plus radicale, qui ourdit l'ensemble de son propos : celle de refonder l'histoire de l'art dans son rapport \u00e0 l'histoire du nihilisme. \r\nLe geste original de Bonnefoy consiste \u00e0 appr\u00e9hender les oeuvres du pass\u00e9 et du pr\u00e9sent non pas sous le r\u00e9gime objectivant et distanci\u00e9 d'une histoire des styles ou des courants esth\u00e9tiques successifs, mais en \u00e9laborant une herm\u00e9neutique existentielle des trajectoires artistiques qui met \u00e0 chaque instant la d\u00e9marche historique \u00e0 l'\u00e9preuve de la singularit\u00e9. Car seules des singularit\u00e9s, des artistes bien r\u00e9els et non des objets culturels, seront susceptibles de d\u00e9faire la totalit\u00e9 h\u00e9g\u00e9monique du monde-image. D'o\u00f9 suit que l'enjeu ultime de l'explicitation de l'oeuvre critique de Bonnefoy est la possible reconfiguration de la discipline constitu\u00e9e de l'histoire de l'art par une pens\u00e9e du po\u00e9tique comprise comme r\u00e9sistance spirituelle \u00e0 l'exp\u00e9rience d\u00e9vastatrice du n\u00e9ant.","authors":["Jeanne Dorn"],"category_codes":["9000000","9080000","9080300","9080305"],"visuals":{"large":"https:\/\/quaidesbrumes.com\/img\/book-placeholder.png","medium":"https:\/\/quaidesbrumes.com\/img\/book-placeholder.png","thumbnail":"https:\/\/quaidesbrumes.com\/img\/book-placeholder.png"},"orderable":false,"show_badge":true,"formatted_price":"30,00&nbsp;\u20ac","formatted_published_date":"19 juin 2026","publisher_availability_label":"\u00c0 para\u00eetre","short_details":"Jeanne Dorn \u2014 L'Atelier Contemporain","translator":null,"weight":0,"page_count":480,"readership":null,"editor":"L'Atelier Contemporain","price":3000,"published_date":"2026-06-18T22:00:00.000000Z","support":"Grand format","publisher_availability":2,"stock":0,"editions":[],"url":"https:\/\/quaidesbrumes.com\/ouvrage\/9782850352317\/art-et-nihilisme-la-parole-critique-dyves-bonnefoy"},{"id":"9782406206699","title":"Spinoza, perspectives nouvelles","description":"Emma Barettoni, \u00ab Entrer dans le langage. Usage, \u00e9ducation et imagination chez Augustin et Spinoza \u00bb - C\u00e9cile Hellian, \u00ab L'incorporation comme indice d'une ontologie latente chez Bourdieu. Pour une reconfiguration spinoziste \u00bb - Maud Benetreau, \u00ab Avec Spinoza, penser l'attente d'un enfant \u00bb - Manuela Filomena Ottaviani, \u00ab Ce que peut le corps d'un acteur. Un dialogue entre l'anthropologie th\u00e9\u00e2trale d'Eugenio Barba et l'\u00c9thique de Spinoza \u00bb","authors":["Collectif"],"category_codes":["9000000","9080000","9080600","9080603"],"visuals":{"large":"https:\/\/images.epagine.fr\/699\/9782406206699_1_75.jpg","medium":"https:\/\/images.epagine.fr\/699\/9782406206699_1_m.jpg","thumbnail":"https:\/\/images.epagine.fr\/699\/9782406206699_1_v.jpg"},"orderable":false,"show_badge":true,"formatted_price":"39,00&nbsp;\u20ac","formatted_published_date":"6 mai 2026","publisher_availability_label":"\u00c0 para\u00eetre","short_details":"Collectif \u2014 Classiques Garnier","translator":null,"weight":530,"page_count":383,"readership":null,"editor":"Classiques Garnier","price":3900,"published_date":"2026-05-05T22:00:00.000000Z","support":"Grand format","publisher_availability":2,"stock":0,"editions":[],"url":"https:\/\/quaidesbrumes.com\/ouvrage\/9782406206699\/spinoza-perspectives-nouvelles"},{"id":"9782493117755","title":"L'Amorce, revue contre le sp\u00e9cisme n.3","description":"D\u00e9fendre la cause animale\r\nL'Amorce est la seule revue francophone consacr\u00e9e \u00e0 l'\u00e9tude du sp\u00e9cisme : la discrimination bas\u00e9e sur l'appartenance d'esp\u00e8ce. Anim\u00e9e par un collectif de philosophes, sociologues et intellectuelles, elle s'efforce d'analyser les enjeux sociaux, culturels, \u00e9thiques et politiques du sp\u00e9cisme.\r\nCe troisi\u00e8me num\u00e9ro de la revue papier rassemble une s\u00e9lection d'articles, d'entretiens et d'essais \u00e0 propos de la violence faite aux animaux non humains. Il s'articule autour d'un dossier sp\u00e9cial intitul\u00e9 \u00ab Contre l'id\u00e9e de nature \u00bb, qui interroge les usages philosophiques, politiques et scientifiques du concept de nature et montre comment celui-ci sert souvent \u00e0 l\u00e9gitimer ou \u00e0 invisibiliser l'oppression des animaux. Les contributions r\u00e9unies examinent, chacune \u00e0 leur mani\u00e8re, les m\u00e9canismes de naturalisation du sp\u00e9cisme. Nous avons ainsi droit \u00e0 une critique de l'argument du \u00ab naturel \u00bb, \u00e0 une remise en question du concept d'esp\u00e8ce, \u00e0 une analyse des tensions entre \u00e9cologie et antisp\u00e9cisme, \u00e0 une exploration critique et mat\u00e9rialiste des cat\u00e9gories d'humanit\u00e9 et d'animalit\u00e9 ou encore \u00e0 une mise en lumi\u00e8re du finalisme abusif pr\u00e9sent dans la biologie contemporaine et de ses effets sur la reconnaissance de la sentience. Ensemble, ces textes proposent donc des outils conceptuels puissants pour d\u00e9passer les justifications naturalisantes du supr\u00e9macisme humain.","authors":["Collectif"],"category_codes":["9000000","9080000","9080200","9080204"],"visuals":{"large":"https:\/\/quaidesbrumes.com\/img\/book-placeholder.png","medium":"https:\/\/quaidesbrumes.com\/img\/book-placeholder.png","thumbnail":"https:\/\/quaidesbrumes.com\/img\/book-placeholder.png"},"orderable":false,"show_badge":true,"formatted_price":"15,00&nbsp;\u20ac","formatted_published_date":"21 mai 2026","publisher_availability_label":"\u00c0 para\u00eetre","short_details":"Collectif \u2014 Eliott Editions","translator":null,"weight":254,"page_count":160,"readership":null,"editor":"Eliott Editions","price":1500,"published_date":"2026-05-20T22:00:00.000000Z","support":"Revue","publisher_availability":2,"stock":0,"editions":[],"url":"https:\/\/quaidesbrumes.com\/ouvrage\/9782493117755\/lamorce-revue-contre-le-specisme-n3"},{"id":"9782021609769","title":"La chose - seminaire (1975-1977) suivi de la 6e seance de donner le temps ii","description":"Entre 1975 et 1977, Jacques Derrida s'engage dans un s\u00e9minaire \u00e9nigmatique, voire obscur au premier abord, intitul\u00e9 La Chose. Ce s\u00e9minaire se r\u00e9v\u00e8le pourtant l'un des plus fascinants de son oeuvre : il se situe au carrefour de plusieurs de ses textes les plus audacieux, La Diss\u00e9mination, Glas, La V\u00e9rit\u00e9 en peinture et La Carte postale. D\u00e9j\u00e0, il mobilise la lecture des corpus philosophiques, litt\u00e9raires et psychanalytiques que Derrida ne cessera d'approfondir dans les d\u00e9cennies suivantes.\r\nChaque ann\u00e9e d'enseignement est consacr\u00e9e \u00e0 une analyse \u00e0 la fois parall\u00e8le et altern\u00e9e o\u00f9 le philosophe fait se croiser l'oeuvre de Heidegger avec celles de Ponge (1975), de Blanchot (1976) et de Freud (1977). La Chose permet ainsi de red\u00e9couvrir ces textes en montrant toute l'attention que le philosophe accorde \u00e0 cette chose non humaine - un apport philosophique essentiel pour les grandes questions d'\u00e9cologie, de mat\u00e9rialisme et d'\u00e9thique qui sont les n\u00f4tres aujourd'hui.\r\nDerrida avait un jour formul\u00e9 le souhait de r\u00e9unir ces s\u00e9minaires et ses notes sur la th\u00e9matique de \u00ab Donner le temps \u00bb (1977-1978). Ce voeu est maintenant exauc\u00e9 en publiant dans ce volume la sixi\u00e8me s\u00e9ance in\u00e9dite de Donner le temps II, o\u00f9 il soulignait le lien \u00e9troit reliant la chose et le don car, selon Derrida, \u00ab le don est peut-\u00eatre l'affaire de la chose, la chose affaire du don \u00bb.\u00c9dition \u00e9tablie par Philippe Lynes.","authors":["Derrida Jacques"],"category_codes":["9000000","9080000"],"visuals":{"large":"https:\/\/images.epagine.fr\/769\/9782021609769_1_75.jpg","medium":"https:\/\/images.epagine.fr\/769\/9782021609769_1_m.jpg","thumbnail":"https:\/\/images.epagine.fr\/769\/9782021609769_1_v.jpg"},"orderable":false,"show_badge":true,"formatted_price":"24,00&nbsp;\u20ac","formatted_published_date":"29 mai 2026","publisher_availability_label":"\u00c0 para\u00eetre","short_details":"Derrida Jacques \u2014 Le Seuil","translator":null,"weight":0,"page_count":null,"readership":null,"editor":"Le Seuil","price":2400,"published_date":"2026-05-28T22:00:00.000000Z","support":"Grand format","publisher_availability":2,"stock":0,"editions":[],"url":"https:\/\/quaidesbrumes.com\/ouvrage\/9782021609769\/la-chose-seminaire-1975-1977-suivi-de-la-6e-seance-de-donner-le-temps-ii"},{"id":"9782728809110","title":"L'Humaniste","description":"Dans L'Humaniste (1600), aussi connu sous le titre de Discours sur les lettres\r\nhumaines, il s'agit pour C\u00e9spedes d'\u00ab instituer \u00bb le parfait humaniste - tout comme\r\nun Baldassare Castiglione avait \u00ab institu\u00e9 \u00bb un parfait courtisan. Ce texte permet\r\nde r\u00e9fl\u00e9chir sur ce que fut l'humanisme, en Espagne et dans l'Europe tout enti\u00e8re,\r\nainsi que sur la mani\u00e8re dont l'histoire en a \u00e9t\u00e9 \u00e9crite jusqu'\u00e0 nos jours.\r\nMais il aide \u00e9galement \u00e0 faire le deuil de la conception lib\u00e9ratrice de l'humain\r\n- car fond\u00e9e sur la raison - qui fut celle de l'humanisme de la Renaissance :\r\ninvent\u00e9e dans l'Italie des xive-xve si\u00e8cles, centr\u00e9e sur l'\u00e9tude des lettres, elle fleurit\r\njusqu'\u00e0 l'aube du xviie si\u00e8cle, quand Bacon, Galil\u00e9e ou Descartes fondent la science\r\nmoderne au moyen du remplacement de la rh\u00e9torique par la math\u00e9matique.\r\nC\u00e9spedes pose un regard d\u00e9j\u00e0 un peu m\u00e9lancolique sur des \u00ab humanit\u00e9s \u00bb menac\u00e9es\r\npar un processus de sp\u00e9cialisation des savoirs qui les condamne \u00e0 terme \u00e0 ne plus\r\n\u00eatre que p\u00e9danterie de grammairiens.\r\nEnfin, L'Humaniste livre un t\u00e9moignage de premier plan sur les \u00e9tudes\r\nhumanistes dans l'Espagne de 1600, au moment m\u00eame o\u00f9 les lettres espagnoles\r\napportent \u00e0 l'Europe la plus riche de ses moissons : la comedia nueva, avec Lope\r\nde Vega, la po\u00e9sie baroque, avec G\u00f3ngora, le roman picaresque, avec Alem\u00e1n et\r\nQuevedo, et le roman moderne, avec Cervant\u00e8s.\r\nEn dehors d'articles sp\u00e9cialis\u00e9s, la bibliographie fran\u00e7aise sur l'humanisme espagnol est relativement\r\nrestreinte. Une attention particuli\u00e8re a \u00e9t\u00e9 accord\u00e9e \u00e0 l'\u00e9rasmisme, avec L'\u00c9rasme et l'Espagne (Droz,\r\n1937, r\u00e9\u00e9d. 1998) de Marcel Bataillon et, bien plus r\u00e9cemment, aux Belles Lettres en 2013, l'\u00e9dition\r\nfran\u00e7aise par T. Vigliano du De disciplinis \/ Savoir et enseigner de Juan Luis Vives et le Juan Luis Vives. Vie\r\net destin d'un humaniste europ\u00e9en de Carlos Nore\u00f1a. Dans Le R\u00eave de l'humanisme. De P\u00e9trarque \u00e0 \u00c9rasme\r\n(Les Belles Lettres, 2002), Francisco Rico, r\u00e9cemment disparu, annon\u00e7ait, avec l'un de ses chapitres, un\r\nprojet jamais r\u00e9alis\u00e9 de livre sur L'Invention de la Renaissance en Espagne.\r\nIn\u00e9dit en fran\u00e7ais\r\nL'auteur\r\nLa vie de l'humaniste espagnol Baltasar de C\u00e9spedes est mal connue. Il meurt\r\nen 1615, l'ann\u00e9e o\u00f9 Cervant\u00e8s publie la seconde partie de Don Quichotte. N\u00e9\r\n\u00e0 Grenade vers le milieu du xvie si\u00e8cle, il fr\u00e9quente en sa jeunesse le cercle de\r\nDiego Hurtado de Mendoza, puis se forme \u00e0 l'\u00e9cole du grand humaniste Antonio\r\nAgust\u00edn. D\u00e8s 1583, il enseigne la rh\u00e9torique et la grammaire \u00e0 l'universit\u00e9 de\r\nSalamanque, et il jouera un r\u00f4le important dans la vie universitaire. En 1609, il\r\nre\u00e7oit \u00e0 l'unanimit\u00e9 la chaire sup\u00e9rieure de grec, avec une augmentation de salaire\r\nconfirm\u00e9e par Philippe III. Humaniste renomm\u00e9, il est fr\u00e9quemment consult\u00e9 et\r\ncharg\u00e9 de missions officielles. L'Humaniste est son texte le plus c\u00e9l\u00e8bre.\r\nL'\u00e9diteur\r\nCette \u00e9dition est le fruit d'un travail collectif, r\u00e9alis\u00e9 en s\u00e9minaire \u00e0 l'\u00c9cole\r\nnormale sup\u00e9rieure sous la conduite de Roland B\u00e9har. Agr\u00e9g\u00e9 d'espagnol, celui-ci\r\nest ma\u00eetre de conf\u00e9rences-HDR \u00e0 l'ENS-PSL, sp\u00e9cialiste de litt\u00e9ratures romanes\r\nde la Renaissance, du p\u00e9trarquisme, de l'histoire de l'humanisme et des rapports\r\npo\u00e9tiques entre Italie et Espagne. Il a red\u00e9couvert r\u00e9cemment un texte de Cervant\u00e8s\r\nqui jette une lumi\u00e8re nouvelle sur les derni\u00e8res ann\u00e9es de l'\u00e9crivain. On lui doit\r\npar ailleurs des ouvrages sur la litt\u00e9rature latino-am\u00e9ricaine des xixe et xxe si\u00e8cles\r\n(J.-L. Borges, V. Ocampo, J. Lezama Lima aux \u00e9ditions Rue d'Ulm) et une nouvelle\r\ntraduction des lettres de Frida Kahlo \u00e0 Diego Rivera (Rivages, f\u00e9vrier 2026).","authors":["Baltasar  de C\u00e9spedes","St\u00e9phane Van Damme","Roland Behar"],"category_codes":["9000000","9080000"],"visuals":{"large":"https:\/\/images.epagine.fr\/110\/9782728809110_1_75.jpg","medium":"https:\/\/images.epagine.fr\/110\/9782728809110_1_m.jpg","thumbnail":"https:\/\/images.epagine.fr\/110\/9782728809110_1_v.jpg"},"orderable":false,"show_badge":true,"formatted_price":"24,00&nbsp;\u20ac","formatted_published_date":"22 mai 2026","publisher_availability_label":"\u00c0 para\u00eetre","short_details":"Baltasar  de C\u00e9spedes, St\u00e9phane Van Damme, Roland Behar \u2014 Rue D'Ulm","translator":null,"weight":260,"page_count":240,"readership":null,"editor":"Rue D'Ulm","price":2400,"published_date":"2026-05-21T22:00:00.000000Z","support":"Grand format","publisher_availability":2,"stock":0,"editions":[],"url":"https:\/\/quaidesbrumes.com\/ouvrage\/9782728809110\/lhumaniste"},{"id":"9788869765162","title":"Ce que le vivant fait \u00e0 l'art","description":"Depuis une vingtaine d'ann\u00e9es, de plus en plus d'artistes mettent en sc\u00e8ne des \u00eatres vivants autres qu'humains. Alors que la d\u00e9finition de ce que l'on peut entendre par oeuvre d'art \u00ab vivante \u00bb, ou par \u00ab vivant(s) \u00bb dans l'art est faussement \u00e9vidente, ce livre propose une cartographie des diff\u00e9rentes mani\u00e8res dont le vivant peut \u00eatre pr\u00e9sent dans l'art contemporain, en fonction \u00e0 la fois des gestes artistiques et de nos modes de r\u00e9ception. Ces modalit\u00e9s de pr\u00e9sence dans l'art sont ancr\u00e9es dans des d\u00e9finitions variables, historiquement et socio-culturellement d\u00e9termin\u00e9es. Elles t\u00e9moignent de, et surtout nous engagent \u00e0, diff\u00e9rents types de rapports au vivant qu'elles entretiennent, reconduisent, interrogent et\/ou reconfigurent. Dans le contexte actuel d'une crise de la sensibilit\u00e9 au monde vivant, o\u00f9 l'indiff\u00e9rence nourrit l'inaction, quels sont les enjeux contrast\u00e9s de telles pratiques, et quelles relations renouvel\u00e9es aux non-humains les artistes pourraient-ils rendre possible ?\r\n \r\n Joshua DE PAIVA est docteur en philosophie, membre associ\u00e9 du Centre Victor Basch (Sorbonne Universit\u00e9) et du collectif Nu\u00e9e.","authors":["Joshua De Paiva"],"category_codes":["9000000","9080000","9080300","9080305"],"visuals":{"large":"https:\/\/images.epagine.fr\/162\/9788869765162_1_75.jpg","medium":"https:\/\/images.epagine.fr\/162\/9788869765162_1_m.jpg","thumbnail":"https:\/\/images.epagine.fr\/162\/9788869765162_1_v.jpg"},"orderable":false,"show_badge":true,"formatted_price":"18,00&nbsp;\u20ac","formatted_published_date":"12 mai 2026","publisher_availability_label":"\u00c0 para\u00eetre","short_details":"Joshua De Paiva \u2014 \u00c9ditions Mim\u00e9sis","translator":null,"weight":500,"page_count":200,"readership":null,"editor":"\u00c9ditions Mim\u00e9sis","price":1800,"published_date":"2026-05-11T22:00:00.000000Z","support":"Poche","publisher_availability":2,"stock":0,"editions":[],"url":"https:\/\/quaidesbrumes.com\/ouvrage\/9788869765162\/ce-que-le-vivant-fait-a-lart"},{"id":"9782330225711","title":"La v\u00e9rit\u00e9 sort de la bouche des enfants","description":"Dans \"La v\u00e9rit\u00e9 sort de la bouche des enfants\", premier titre de la collection \"Un pas de c\u00f4t\u00e9\" dirig\u00e9e par Charlotte Casiraghi, Laurence Joseph nous entra\u00eene dans une exploration fascinante de la parole enfantine, r\u00e9v\u00e9lant sa puissance et sa singularit\u00e9. Dans ce texte \u00e0 la fois social et politique, l'auteur interroge la soci\u00e9t\u00e9 sur sa capacit\u00e9 \u00e0 \u00e9couter et prot\u00e9ger les enfants, \u00e9voquant des figures comme Janusz Korczak, Merleau-Ponty ou Antoine de Saint-Exup\u00e9ry et questionnant les dispositifs l\u00e9gislatifs. Ce livre est un appel \u00e0 la responsabilit\u00e9 collective.","authors":["Laurence Joseph"],"category_codes":["9000000","9080000","9080600"],"visuals":{"large":"https:\/\/quaidesbrumes.com\/img\/book-placeholder.png","medium":"https:\/\/quaidesbrumes.com\/img\/book-placeholder.png","thumbnail":"https:\/\/quaidesbrumes.com\/img\/book-placeholder.png"},"orderable":false,"show_badge":true,"formatted_price":"18,00&nbsp;\u20ac","formatted_published_date":"16 septembre 2026","publisher_availability_label":"\u00c0 para\u00eetre","short_details":"Laurence Joseph \u2014 Actes Sud","translator":null,"weight":0,"page_count":144,"readership":null,"editor":"Actes Sud","price":1800,"published_date":"2026-09-15T22:00:00.000000Z","support":"Grand format","publisher_availability":2,"stock":0,"editions":[],"url":"https:\/\/quaidesbrumes.com\/ouvrage\/9782330225711\/la-verite-sort-de-la-bouche-des-enfants"},{"id":"9782348091179","title":"Ce que nous devons \u00e0 Ha\u00efti - R\u00e9flexions philosophiques sur la justice r\u00e9paratrice","description":"\u00c0 l'heure o\u00f9 les r\u00e9parations pour les injustices coloniales s'imposent comme un enjeu mondial, Ce que nous devons \u00e0 Ha\u00efti propose une approche in\u00e9dite. L'autrice prend appui sur le cas d'Ha\u00efti pour en faire un laboratoire des relations postcoloniales.\r\nL'autrice prend appui sur le cas d'Ha\u00efti - premier \u00c9tat issu d'une insurrection d'esclaves, contraint en 1825 de verser une \" ran\u00e7on \" \u00e0 la France pour obtenir sa reconnaissance - pour en faire un laboratoire des relations postcoloniales. \u00c0 partir de ce \" cas paradigmatique \", elle reprend et renouvelle les th\u00e9ories de la justice r\u00e9paratrice.","authors":["Magali Bessone"],"category_codes":["9000000","9080000"],"visuals":{"large":"https:\/\/images.epagine.fr\/179\/9782348091179_1_75.jpg","medium":"https:\/\/images.epagine.fr\/179\/9782348091179_1_m.jpg","thumbnail":"https:\/\/images.epagine.fr\/179\/9782348091179_1_v.jpg"},"orderable":false,"show_badge":true,"formatted_price":"21,00&nbsp;\u20ac","formatted_published_date":"20 ao\u00fbt 2026","publisher_availability_label":"\u00c0 para\u00eetre","short_details":"Magali Bessone \u2014 La d\u00e9couverte","translator":null,"weight":0,"page_count":262,"readership":null,"editor":"La d\u00e9couverte","price":2100,"published_date":"2026-08-19T22:00:00.000000Z","support":"Grand format","publisher_availability":2,"stock":0,"editions":[],"url":"https:\/\/quaidesbrumes.com\/ouvrage\/9782348091179\/ce-que-nous-devons-a-haiti-reflexions-philosophiques-sur-la-justice-reparatrice"},{"id":"9782743670948","title":"Universalisme radical : Par-del\u00e0 l'identit\u00e9","description":"Dans Universalisme radical : Par-del\u00e0 l'identit\u00e9, Omri Boehm propose une nouvelle lecture de trois textes controvers\u00e9s qui ont fa\u00e7onn\u00e9 la conception moderne de l'humanisme : la D\u00e9claration d'ind\u00e9pendance des \u00c9tats-Unis, \u00ab Qu'est-ce que les Lumi\u00e8res ? \u00bb d'Emmanuel Kant, et le r\u00e9cit biblique de la Ligature d'Isaac. \u00c0 travers ces textes - \u00ab monuments d'une tradition qui nous est proche mais dans laquelle l'id\u00e9e morale de l'humanit\u00e9 \u00e9tait encore vivante \u00bb - Boehm s'affronte aux \u00e9checs id\u00e9ologiques du moment tout en proposant un plaidoyer vigoureux pour remettre l'universalisme humaniste au coeur de la vie politique.","authors":["Omri Boehm","L\u00e9o Texier"],"category_codes":["9000000","9080000","9080200","9080204"],"visuals":{"large":"https:\/\/quaidesbrumes.com\/img\/book-placeholder.png","medium":"https:\/\/quaidesbrumes.com\/img\/book-placeholder.png","thumbnail":"https:\/\/quaidesbrumes.com\/img\/book-placeholder.png"},"orderable":false,"show_badge":true,"formatted_price":"18,00&nbsp;\u20ac","formatted_published_date":"24 juin 2026","publisher_availability_label":"\u00c0 para\u00eetre","short_details":"Omri Boehm, L\u00e9o Texier \u2014 Rivages","translator":"LEO TEXIER","weight":0,"page_count":200,"readership":null,"editor":"Rivages","price":1800,"published_date":"2026-06-23T22:00:00.000000Z","support":"Grand format","publisher_availability":2,"stock":0,"editions":[],"url":"https:\/\/quaidesbrumes.com\/ouvrage\/9782743670948\/universalisme-radical-par-dela-lidentite"},{"id":"9782813237255","title":"Petit trait\u00e9 de la jouissance - \u00e0 l'usage de ceux qui veulent aimer la vie","description":"La jouissance peut-elle constituer un id\u00e9al de vie ? Ce Petit Trait\u00e9 vous propose d'explorer ce concept et de vous l'approprier pour mieux comprendre qu'exister, ce n'est pas durer, mais bien davantage ressentir, \u00e9prouver, vibrer, exulter, cr\u00e9er.\r\nSavoir jouir de chaque instant pour mieux aimer la vie : la formule peut sembler na\u00efve ! Pourtant, elle constitue l'un des fils conducteurs les plus constants de la pens\u00e9e philosophique, de la litt\u00e9rature et m\u00eame de la sociologie contemporaine. Vivre au pr\u00e9sent n'est ni c\u00e9der \u00e0 l'h\u00e9donisme superficiel ni se r\u00e9fugier dans l'oubli du monde ; c'est apprendre \u00e0 habiter pleinement le temps qui nous est donn\u00e9, \u00e0 transformer chaque instant en espace de conscience, de relation et de sens.\r\nPaix de l'\u00e2me pour Epicure, accomplissement pour Aristote, la jouissance s'inscrit dans une conception t\u00e9l\u00e9ologique de la vie : s'\u00e9panouir, r\u00e9aliser son potentiel. Vivre au pr\u00e9sent, dit S\u00e9n\u00e8que, consiste \u00e0 distinguer ce qui d\u00e9pend de nous -; nos jugements, nos actions -; de ce qui ne d\u00e9pend pas de nous. Cette lucidit\u00e9 lib\u00e8re de l'inqui\u00e9tude excessive pour l'avenir et du regret st\u00e9rile du pass\u00e9 : l'instant devient lieu d'exercice de la vertu.\r\nChez Spinoza, la jouissance n'est plus seulement plaisir sensible, mais accroissement de notre capacit\u00e9 d'agir vers une perfection plus grande. Dans cette perspective, faire de la jouissance un id\u00e9al de vie signifie chercher ce qui intensifie notre \u00eatre, ce qui \u00e9largit notre compr\u00e9hension et notre libert\u00e9.\r\nPlus tard, Nietzsche la traduit par l'affirmation et le d\u00e9passement de soi, la cr\u00e9ation, c\u00e9l\u00e9bration du flux vital. Mais Freud et la psychanalyse nous mettent en garde :  le principe de plaisir doit \u00eatre limit\u00e9 par le principe de r\u00e9alit\u00e9. La jouissance absolue serait destructrice. Elle attire autant qu'elle met en p\u00e9ril l'\u00e9quilibre du sujet, confirme Lacan.\r\nN\u00e9anmoins, la qu\u00eate du plaisir, le rapport \u00e0 la jouissance peuvent devenir une pratique \u00e9thique, comme nous le montre Michel Foucault. Loin de consommer des sensations, il faut, nous dit-il fa\u00e7onner son existence comme une oeuvre. La jouissance devient alors esth\u00e9tique de soi : un art de vivre conscient et r\u00e9fl\u00e9chi.\r\nChez Proust, la douceur d'une madeleine ou d'une sonate ouvrent ainsi un espace de f\u00e9licit\u00e9 intense. La jouissance ne na\u00eet pas de l'exc\u00e8s mais de la capacit\u00e9 \u00e0 savourer l'instant pour ce qu'il est, tout en le transcendant. Camus nous incite ainsi \u00e0 \u00e9puiser tout ce qui est donn\u00e9, \u00e0 aimer la mer, le soleil, la chair du monde. Et, si Kundera nous rappelle que sa qu\u00eate peut aussi se r\u00e9v\u00e9ler illusoire face \u00e0 la complexit\u00e9 du d\u00e9sir humain, Andr\u00e9 Comte-Sponville d\u00e9fend l'id\u00e9e d'un bonheur sans illusion m\u00e9taphysique : aimer la vie telle qu'elle est, sans attendre un salut transcendant.\r\n \r\nCertes, il peut sembler que notre \u00e9poque c\u00e9l\u00e8bre la jouissance.  En r\u00e9alit\u00e9 elle la galvaude et de la prive de sens, dans une soci\u00e9t\u00e9 de consommation qui en fait une injonction permanente. Il ne s'agit plus de pouvoir, mais de devoir jouir. On nous somme d'accumuler exp\u00e9riences, objets et sensations, mais nous collectionnons les frustrations. L'id\u00e9al de vie h\u00e9doniste s'est peu \u00e0 peu d\u00e9voy\u00e9 en dispersion superficielle\r\nL'id\u00e9e n'est donc pas de rechercher l'intensit\u00e9 \u00e0 tout prix, ni de multiplier les stimuli, mais bien de cultiver une qualit\u00e9 de pr\u00e9sence, une intensit\u00e9 int\u00e9rieure, une tension cr\u00e9atrice. La jouissance, lorsqu'elle est consciente, choisie, int\u00e9gr\u00e9e dans une vision globale de l'existence, devient moteur de vitalit\u00e9. Elle implique de penser le plaisir, de l'inscrire dans une \u00e9thique, de reconna\u00eetre ses limites et sa puissance. Elle s'av\u00e8re alors une mani\u00e8re d'aimer intens\u00e9ment la vie, en assumant tout ce qu'elle comporte de lumi\u00e8re et d'ombre.\r\nLa recherche de la jouissance est en r\u00e9alit\u00e9 une pratique exigeante. Elle suppose de r\u00e9sister \u00e0 l'acc\u00e9l\u00e9ration, d'accepter la finitude, de cultiver l'attention, de choisir la profondeur plut\u00f4t que la dispersion. Jouir de chaque instant ne signifie pas fuir la souffrance ou nier les difficult\u00e9s, mais reconna\u00eetre que la vie ne se donne jamais mieux ailleurs qu'ici et maintenant.\r\nAimer la vie, d\u00e8s lors, n'est pas une d\u00e9claration abstraite, mais un exercice quotidien. C'est \u00e9couter vraiment, regarder vraiment, embrasser vraiment, caresser vraiment, chanter vraiment, agir vraiment. Comprendre que le pass\u00e9 survit en nous et que l'avenir se pr\u00e9pare \u00e0 chaque seconde, mais que seul l'instant v\u00e9cu poss\u00e8de une r\u00e9alit\u00e9 concr\u00e8te. Dans la densit\u00e9 silencieuse du maintenant se joue l'essentiel : la possibilit\u00e9 d'une existence plus consciente, plus intense, et sans aucun doute plus heureuse.","authors":["Pascal Bataille"],"category_codes":["9000000","9080000"],"visuals":{"large":"https:\/\/quaidesbrumes.com\/img\/book-placeholder.png","medium":"https:\/\/quaidesbrumes.com\/img\/book-placeholder.png","thumbnail":"https:\/\/quaidesbrumes.com\/img\/book-placeholder.png"},"orderable":false,"show_badge":true,"formatted_price":"12,90&nbsp;\u20ac","formatted_published_date":"3 septembre 2026","publisher_availability_label":"\u00c0 para\u00eetre","short_details":"Pascal Bataille \u2014 Guy Tr\u00e9daniel \u00c9diteur","translator":null,"weight":0,"page_count":220,"readership":null,"editor":"Guy Tr\u00e9daniel \u00c9diteur","price":1290,"published_date":"2026-09-02T22:00:00.000000Z","support":"Poche","publisher_availability":2,"stock":0,"editions":[],"url":"https:\/\/quaidesbrumes.com\/ouvrage\/9782813237255\/petit-traite-de-la-jouissance-a-lusage-de-ceux-qui-veulent-aimer-la-vie"},{"id":"9782228942645","title":"Minima moralia (\u00e9dition d\u00e9finitive) : R\u00e9flexions sur la vie mutil\u00e9e","description":"Edition d\u00e9finitive et augment\u00e9e de dix textes in\u00e9dits d'un des grands classiques de la philosophie du XXe si\u00e8cle qui pourfend le mensonge dans nos soci\u00e9t\u00e9s.","authors":["Theodor Adorno","Theodor W. Adorno","Eliane Kaufholz","Fr\u00e9d\u00e9ric Joly","Jean-Ren\u00e9 Ladmiral","Miguel Abensour"],"category_codes":["9000000","9080000"],"visuals":{"large":"https:\/\/quaidesbrumes.com\/img\/book-placeholder.png","medium":"https:\/\/quaidesbrumes.com\/img\/book-placeholder.png","thumbnail":"https:\/\/quaidesbrumes.com\/img\/book-placeholder.png"},"orderable":false,"show_badge":true,"formatted_price":"11,50&nbsp;\u20ac","formatted_published_date":"9 septembre 2026","publisher_availability_label":"\u00c0 para\u00eetre","short_details":"Theodor Adorno, Theodor W. Adorno, Eliane Kaufholz, Fr\u00e9d\u00e9ric Joly, Jean-Ren\u00e9 Ladmiral, Miguel Abensour \u2014 Payot","translator":"\u00c9liane Kaufholz","weight":0,"page_count":384,"readership":null,"editor":"Payot","price":1150,"published_date":"2026-09-08T22:00:00.000000Z","support":"Poche","publisher_availability":2,"stock":0,"editions":[],"url":"https:\/\/quaidesbrumes.com\/ouvrage\/9782228942645\/minima-moralia-edition-definitive-reflexions-sur-la-vie-mutilee"},{"id":"9782840166061","title":"De Bergson \u00e0 L\u00e9vinas : Le \"sens de l'humain\"","description":"Le \u00ab sens de l'humain \u00bb est-il le fil d'Ariane qui traverse la philosophie fran\u00e7aise du xxe si\u00e8cle\u00a0? Tel est le th\u00e8me de cet ouvrage collectif qui r\u00e9unit des sp\u00e9cialistes de renomm\u00e9e internationale autour de l'oeuvre de Bergson, Levinas, Lyotard, Jank\u00e9l\u00e9vitch, Sartre, Derrida, Foucault, Deleuze et Blanchot. Cette question est aussi au centre d'un entretien exclusif avec Corinne\u00a0Enaudeau, la fille de Lyotard. La question est d'une actualit\u00e9 br\u00fblante : faut-il en effet accepter la fin proclam\u00e9e de l'humanisme face au spectacle de l'inhumain ?\r\nLe \u00ab sens de l'humain \u00bb est-il le th\u00e8me autour duquel s'articulent les interrogations propres aux philosophes fran\u00e7ais du\u00a0xxe\u00a0si\u00e8cle ? Est-il, pour eux, un point d'ancrage ou une pierre d'achoppement ? Telles sont les questions directrices de cet ouvrage collectif, fruit d'un dialogue entre des sp\u00e9cialistes europ\u00e9ens, am\u00e9ricains et isra\u00e9liens de Levinas, Bergson, Lyotard, Jank\u00e9l\u00e9vitch, Sartre, Derrida, Foucault, Deleuze et Blanchot. Ils les abordent sous l'angle de la philosophie et de la ph\u00e9nom\u00e9nologie, de l'anthropologie, du Talmud et de la philosophie juive, de la psychanalyse, de la litt\u00e9rature et de l'\u00e9thique du soin. La question du \u00ab\u00a0sens de l'humain\u00a0\u00bb fait aussi l'objet d'un entretien exclusif avec Corinne Enaudeau, fille de Lyotard et sp\u00e9cialiste de son oeuvre.\r\nSi Levinas et Jank\u00e9l\u00e9vitch ont affirm\u00e9, au nom de l'\u00e9thique, le primat du \u00ab\u00a0sens de l'humain\u00a0\u00bb, ce privil\u00e8ge a \u00e9t\u00e9 contest\u00e9 par Derrida, Foucault et Deleuze. Comme Sartre et Lyotard, ils lui ont oppos\u00e9 les conditions ext\u00e9rieures qui p\u00e8sent sur l'humain. Faut-il pour autant accepter la fin ainsi proclam\u00e9e de l'humanisme face au spectacle de l'inhumain\u00a0? Penser le \u00ab\u00a0sens de l'humain\u00a0\u00bb en un xxe\u00a0si\u00e8cle qui fut marqu\u00e9 par des trag\u00e9dies sans nom, n'est-ce pas faire la part du \u00ab\u00a0d\u00e9s-humain\u00a0\u00bb et de \u00ab\u00a0l'in-humain\u00a0\u00bb\u00a0?","authors":["Jo\u00eblle Hansel","Michel Olivier"],"category_codes":["9000000","9080000","9080300","9080303"],"visuals":{"large":"https:\/\/images.epagine.fr\/061\/9782840166061_1_75.jpg","medium":"https:\/\/images.epagine.fr\/061\/9782840166061_1_m.jpg","thumbnail":"https:\/\/images.epagine.fr\/061\/9782840166061_1_v.jpg"},"orderable":true,"show_badge":true,"formatted_price":"14,00&nbsp;\u20ac","formatted_published_date":"5 mars 2026","publisher_availability_label":"Sur commande","short_details":"Jo\u00eblle Hansel, Michel Olivier \u2014 PU de Paris Nanterre","translator":null,"weight":222,"page_count":224,"readership":"Tout public","editor":"PU de Paris Nanterre","price":1400,"published_date":"2026-03-04T23:00:00.000000Z","support":"Grand format","publisher_availability":1,"stock":0,"editions":[],"url":"https:\/\/quaidesbrumes.com\/ouvrage\/9782840166061\/de-bergson-a-levinas-le-sens-de-lhumain"},{"id":"9782204173674","title":"Histoire de la philosophie moderne","description":"On admet commun\u00e9ment que la philosophie moderne commence avec Descartes. C'est une vue simpliste et fausse. Nous commencerons comme tout le monde avec Descartes, mais au moins faut-il savoir que c\u00b4est par convention. La philosophie moderne commence \u00e0 la Renaissance. Les XVe et le XVIe si\u00e8cle pr\u00e9sentent un foisonnement d\u00b4id\u00e9es, de doctrines, de tendances, assez confus et m\u00eame incoh\u00e9rent, mais qui, dans l\u00b4ensemble, ont ce trait caract\u00e9ristique d\u00b4\u00eatre une r\u00e9action contre la scolastique et l'\u00c9glise, sinon contre le Christianisme et toute esp\u00e8ce de religion. C'est l'esquisse de cette modernit\u00e9 philosophique que l'ouvrage tente de tracer.","authors":["Roger Verneaux"],"category_codes":["9000000","9080000","9080200","9080208"],"visuals":{"large":"https:\/\/images.epagine.fr\/674\/9782204173674_1_75.jpg","medium":"https:\/\/images.epagine.fr\/674\/9782204173674_1_m.jpg","thumbnail":"https:\/\/images.epagine.fr\/674\/9782204173674_1_v.jpg"},"orderable":true,"show_badge":true,"formatted_price":"29,00&nbsp;\u20ac","formatted_published_date":"24 octobre 2025","publisher_availability_label":"Sur commande","short_details":"Roger Verneaux \u2014 Les \u00e9ditions du Cerf","translator":null,"weight":288,"page_count":null,"readership":null,"editor":"Les \u00e9ditions du Cerf","price":2900,"published_date":"2025-10-23T22:00:00.000000Z","support":"Grand format","publisher_availability":1,"stock":0,"editions":[],"url":"https:\/\/quaidesbrumes.com\/ouvrage\/9782204173674\/histoire-de-la-philosophie-moderne"},{"id":"9782228901963","title":"Vers l'\u00e9quilibre","description":"quelles forces int\u00e9rieures motivent nos actions ? comment agir sur notre destin personnel et sur celui de la soci\u00e9t\u00e9 ? avec brio, john saul, essayiste et romancier, montre qu'en combinant six qualit\u00e9s universelles (sens commun, \u00e9thique, imagination, intuition, m\u00e9moire, raison), il est possible de passer efficacement des id\u00e9es \u00e0 l'action, de s'approcher au plus pr\u00e8s de l'\u00e9quilibre personnel et social que tous nous recherchons.\r\n bref, d'\u00eatre un individu responsable et de r\u00e9ussir sa vie.\r\n\r","authors":["John ralston Saul"],"category_codes":["9000000","9080000","9080200","9080204"],"visuals":{"large":"https:\/\/images.epagine.fr\/963\/9782228901963_1_75.jpg","medium":"https:\/\/images.epagine.fr\/963\/9782228901963_1_m.jpg","thumbnail":"https:\/\/images.epagine.fr\/963\/9782228901963_1_v.jpg"},"orderable":true,"show_badge":true,"formatted_price":"9,65&nbsp;\u20ac","formatted_published_date":"11 avril 2007","publisher_availability_label":"Sur commande","short_details":"John ralston Saul \u2014 Payot","translator":null,"weight":213,"page_count":416,"readership":null,"editor":"Payot","price":965,"published_date":"2007-04-10T22:00:00.000000Z","support":"Grand format","publisher_availability":1,"stock":0,"editions":[],"url":"https:\/\/quaidesbrumes.com\/ouvrage\/9782228901963\/vers-lequilibre"},{"id":"9782367603766","title":"Les animaux croeint-ils en dieu?","description":"D\u00e9codant les composantes de la religiosit\u00e9, l'auteur s'interroge logiquement sur leur pr\u00e9sence chez des animaux non humains ce qui n'avait jamais \u00e9t\u00e9 envisag\u00e9 jusqu'alors, en tout cas, de fa\u00e7on syst\u00e9matique, au-del\u00e0 de remarques anecdotiques.\r\n \r\n Que l'on croit en Dieu ou que l'on n'y croit pas, force est de constater l'existence d'un sentiment religieux tr\u00e8s r\u00e9pandu dans les populations humaines. Or, la religion implique toujours un co\u00fbt (c\u00e9libat des pr\u00eatres, d\u00e9mesure des ressources consacr\u00e9es \u00e0 l'\u00e9dification des cath\u00e9drales, des temples ou des pyramides, pratiques rituelles dangereuses, guerres, etc.) qui devrait avoir entra\u00een\u00e9 son \u00e9limination par la s\u00e9lection naturelle. Tout comme son caract\u00e8re par nature irrationnel. Pourquoi donc croire en quelque chose d'incroyable et de co\u00fbteux ? Voil\u00e0 assur\u00e9ment l'un des plus grands d\u00e9fis qui se pose \u00e0 la science moderne.\r\n \r\n Au cours des derni\u00e8res ann\u00e9es, des recherches m\u00e9connues mais originales et s\u00e9rieuses ont mis en \u00e9vidence les m\u00e9canismes biologiques et psychologiques susceptibles de rendre compte des divers aspects de la religiosit\u00e9 humaine et, par l\u00e0 m\u00eame, de nature \u00e0 expliquer ce paradoxe. Cet ouvrage fait le bilan de tout ce que l'on sait en ce domaine offrant ainsi, pour la premi\u00e8re fois, une approche compl\u00e8te du probl\u00e8me - et ceci ind\u00e9pendamment de la question de l'existence ou de la non-existence de Dieu.","authors":["Yves Christen"],"category_codes":["9000000","9080000","9080700"],"visuals":{"large":"https:\/\/images.epagine.fr\/766\/9782367603766_1_75.jpg","medium":"https:\/\/images.epagine.fr\/766\/9782367603766_1_m.jpg","thumbnail":"https:\/\/images.epagine.fr\/766\/9782367603766_1_v.jpg"},"orderable":false,"show_badge":true,"formatted_price":"25,00&nbsp;\u20ac","formatted_published_date":"10 septembre 2026","publisher_availability_label":"\u00c0 para\u00eetre","short_details":"Yves Christen \u2014 Erick Bonnier","translator":null,"weight":500,"page_count":490,"readership":null,"editor":"Erick Bonnier","price":2500,"published_date":"2026-09-09T22:00:00.000000Z","support":"Grand format","publisher_availability":2,"stock":0,"editions":[],"url":"https:\/\/quaidesbrumes.com\/ouvrage\/9782367603766\/les-animaux-croeint-ils-en-dieu"},{"id":"9782322617098","title":"L'Identite Morale de l'Etre Hebreu","description":"L'identite morale de l'etre hebreu est une reflexion sur ce qui fonde l'existence hebraique, non comme simple appartenance ethnique, religieuse ou culturelle, mais comme vocation morale, historique et spirituelle. Le livre cherche a montrer que l'etre hebreu ne se definit pas d'abord par le rite, par l'identite communautaire ou par la memoire blessee de l'exil, mais par une exigence de responsabilite.\r\nAu coeur de l'ouvrage se trouve l'idee que l'hebraisme authentique est une maniere d'habiter le monde dans la verite, la justice et la fidelite. Etre hebreu, ce n'est pas seulement croire, ni meme seulement appartenir a une tradition, c'est repondre a un appel. Cet appel engage l'homme tout entier, dans sa conscience, dans sa parole, dans son rapport a autrui, dans sa maniere d'assumer l'histoire et la souverainete.\r\nLe livre oppose ainsi deux figures. D'un cote, une identite reduite a la religion formelle, au reflexe communautaire, a la repetition des signes exterieurs. De l'autre, une identite vivante, exigeante, ancree dans la Bible, dans le sens de l'alliance, dans la justice et dans la responsabilite historique. L'etre hebreu y apparait comme celui qui refuse la fuite, le mensonge et la demission morale. Il est appele a se tenir debout, a repondre de ses actes, a inscrire sa fidelite dans le reel.\r\nL'ouvrage insiste aussi sur le fait que la morale hebraique ne releve pas d'un humanisme abstrait. Elle nait d'une relation entre l'homme, la parole, la loi et l'histoire. Elle ne separe pas l'ethique de la vie collective. Ainsi, la question de la souverainete, de la terre, du destin d'Israel et de la responsabilite politique y prend toute sa place. L'identite morale de l'etre hebreu ne peut s'accomplir dans une pure interiorite. Elle demande une incarnation dans le monde, dans le temps, dans la cite.","authors":["Rony Akrich","Joshoua Alia"],"category_codes":["9000000","9080000"],"visuals":{"large":"https:\/\/images.epagine.fr\/098\/9782322617098_1_75.jpg","medium":"https:\/\/images.epagine.fr\/098\/9782322617098_1_m.jpg","thumbnail":"https:\/\/images.epagine.fr\/098\/9782322617098_1_v.jpg"},"orderable":true,"show_badge":true,"formatted_price":"20,00&nbsp;\u20ac","formatted_published_date":"15 avril 2026","publisher_availability_label":"Sur commande","short_details":"Rony Akrich, Joshoua Alia \u2014 Books on Demand","translator":null,"weight":462,"page_count":288,"readership":null,"editor":"Books on Demand","price":2000,"published_date":"2026-04-14T22:00:00.000000Z","support":"Grand format","publisher_availability":1,"stock":0,"editions":[],"url":"https:\/\/quaidesbrumes.com\/ouvrage\/9782322617098\/lidentite-morale-de-letre-hebreu"},{"id":"9782348094613","title":"Introduction \u00e0 Michel Foucault","description":"&#8203;Une nouvelle \u00e9dition de notre Rep\u00e8res en philosophie.\r\nMichel Foucault n'est pas de ceux qui se laissent facilement saisir et l'objectif de cet ouvrage est d'\u00e9clairer, dans toute leur richesse et leur diversit\u00e9, les enjeux de ses travaux pour en faire ressortir l'int\u00e9r\u00eat actuel pour les sciences sociales et, pourquoi pas, aider \u00e0 penser diff\u00e9remment l'enfermement, les institutions et la soci\u00e9t\u00e9, le rapport \u00e0 soi et le dire-vrai.","authors":["Jean-Fran\u00e7ois Bert"],"category_codes":["9000000","9120000","9120200"],"visuals":{"large":"https:\/\/images.epagine.fr\/613\/9782348094613_1_75.jpg","medium":"https:\/\/images.epagine.fr\/613\/9782348094613_1_m.jpg","thumbnail":"https:\/\/images.epagine.fr\/613\/9782348094613_1_v.jpg"},"orderable":false,"show_badge":true,"formatted_price":"11,00&nbsp;\u20ac","formatted_published_date":"10 septembre 2026","publisher_availability_label":"\u00c0 para\u00eetre","short_details":"Jean-Fran\u00e7ois Bert \u2014 La d\u00e9couverte","translator":null,"weight":0,"page_count":128,"readership":null,"editor":"La d\u00e9couverte","price":1100,"published_date":"2026-09-09T22:00:00.000000Z","support":"Poche","publisher_availability":2,"stock":0,"editions":[],"url":"https:\/\/quaidesbrumes.com\/ouvrage\/9782348094613\/introduction-a-michel-foucault"},{"id":"9782343054001","title":"Contempler l'infini","description":"Cet ouvrage invite le lecteur \u00e0 \u00e9tudier la fonction de l'acte contemplatif dans son rapport \u00e0 l'espace et au temps, en s'interrogeant notamment sur la valeur et la port\u00e9e \u00e9pist\u00e9miques de cet acte lorsqu'il se d\u00e9termine en relation \u00e0 une r\u00e9alit\u00e9 repr\u00e9sent\u00e9e comme infinie. Con\u00e7u dans un contexte interdisciplinaire, le recueil regroupe les \u00e9tudes et r\u00e9flexions de chercheurs fran\u00e7ais et hongrois de diff\u00e9rentes sp\u00e9cialit\u00e9s.","authors":["Collectif"],"category_codes":["9000000","9080000","9080100"],"visuals":{"large":"https:\/\/images.epagine.fr\/001\/9782343054001_1_75.jpg","medium":"https:\/\/images.epagine.fr\/001\/9782343054001_1_m.jpg","thumbnail":"https:\/\/images.epagine.fr\/001\/9782343054001_1_v.jpg"},"orderable":true,"show_badge":true,"formatted_price":"16,00&nbsp;\u20ac","formatted_published_date":"24 juillet 2015","publisher_availability_label":"Sur commande","short_details":"Collectif \u2014 \u00c9ditions L'Harmattan","translator":null,"weight":375,"page_count":232,"readership":null,"editor":"\u00c9ditions L'Harmattan","price":1600,"published_date":"2015-07-23T22:00:00.000000Z","support":"Grand format","publisher_availability":1,"stock":0,"editions":[],"url":"https:\/\/quaidesbrumes.com\/ouvrage\/9782343054001\/contempler-linfini"},{"id":"9782930242620","title":"Blaise Pascal","description":"Parce qu'elle se donne \u00e0 nous dans l'\u00e9clatement myst\u00e9rieusement ordonn\u00e9 des \u00ab Pens\u00e9es \u00bb, la pens\u00e9e de Blaise Pascal ne saurait \u00eatre simplement r\u00e9sum\u00e9e. Parce qu'elle a compris l'existence, l'oeuvre de Pascal, inachev\u00e9e, n'en finira jamais de nous en murmurer le chiffre. A travers l'explicitation des concepts de divertissement, moi, infini, raison et foi, Herv\u00e9 Bonnet propose au lecteur de p\u00e9n\u00e9trer les arcanes de la pens\u00e9e de Pascal.\r","authors":["Herv\u00e9 Bonnet"],"category_codes":["9000000","9080000","9080200","9080204"],"visuals":{"large":"https:\/\/images.epagine.fr\/620\/9782930242620_1_75.jpg","medium":"https:\/\/images.epagine.fr\/620\/9782930242620_1_m.jpg","thumbnail":"https:\/\/images.epagine.fr\/620\/9782930242620_1_v.jpg"},"orderable":true,"show_badge":true,"formatted_price":"10,00&nbsp;\u20ac","formatted_published_date":"14 janvier 2013","publisher_availability_label":"Sur commande","short_details":"Herv\u00e9 Bonnet \u2014 Sils Maria","translator":null,"weight":130,"page_count":114,"readership":null,"editor":"Sils Maria","price":1000,"published_date":"2013-01-13T23:00:00.000000Z","support":"Grand format","publisher_availability":1,"stock":0,"editions":[],"url":"https:\/\/quaidesbrumes.com\/ouvrage\/9782930242620\/blaise-pascal"}]}