{"data":[{"id":"9782711632534","title":"Ph\u00e9nom\u00e9nologie des \u00e9motions","description":"L'un des sujets encore trop peu explor\u00e9s dans l'ex\u00e9g\u00e8se ph\u00e9nom\u00e9nologique est \u00e0 l'heure qu'il est le champ des \u00e9motions. Ce que, \u00e0 la suite du psychologue viennois Franz Brentano, on a nomm\u00e9 \u00ab la troisi\u00e8me classe \u00bb des actes psychiques, \u00e0 savoir les actes affectifs : \u00e9motions, d\u00e9sirs, volitions. Loin de n'\u00eatre qu'une coloration contingente de l'activit\u00e9 rationnelle ou \u00e9thique, l'\u00e9motion est chevill\u00e9e au coeur de mon intelligence et de mon action. Elle est l'embl\u00e8me de mon \u00eatre. La publication des manuscrits in\u00e9dits de Husserl sur l'affectivit\u00e9 (Gem\u00fct, Gef\u00fchle) manifeste combien les \u00e9motions ont en r\u00e9alit\u00e9 constitu\u00e9 un des th\u00e8mes qui a pr\u00e9occup\u00e9 Husserl tout au long de sa vie. Le corpus traduit dans le pr\u00e9sent volume se situe dans le volume 2 des Studien zur Struktur des Bewusstseins intitul\u00e9 \u00ab Sentiment et valeur \u00bb (Gef\u00fchl und Wert) (1896-1925). Ce corpus met en sc\u00e8ne une double dynamique crois\u00e9e entre \u00e9motions et valeurs, o\u00f9 chacun rev\u00eat une fonction pour l'autre : la valeur de l'objet est le lieu d'impulsion de l'\u00e9motion, par exemple de la joie; l'\u00e9motion, par exemple le plaisir, porte et suscite l'attribution de valeur. Husserl, donc, entre la valeur et l'\u00e9motion, ne choisit pas, et c'est heureux. Il pense les deux ensemble.\r\nCes textes font appara\u00eetre une topologie cardiale quadruple des types d'\u00e9motions, \u00e9tat, acte, rythmique et humeur, dans leur ancrage corporel, dans leur intrication avec la dynamique attentionnelle, et dans leur lien avec les actes esth\u00e9tiques et \u00e9thiques. Ainsi, les \u00e9motions s'av\u00e8rent \u00eatre chez Husserl au centre d'une constellation multidimensionnelle de v\u00e9cus intentionnels qui sont port\u00e9s et unifi\u00e9s par le r\u00e9gime du coeur (Gem\u00fct) en tant que foyer \u00e0 la fois organique et affectif de la subjectivit\u00e9 \u00e9motionnelle.\r","authors":["Edmund Husserl","Natalie Depraz","Maria Gyemant"],"category_codes":["9000000","9080000"],"visuals":{"large":"https:\/\/images.epagine.fr\/534\/9782711632534_1_75.jpg","medium":"https:\/\/images.epagine.fr\/534\/9782711632534_1_m.jpg","thumbnail":"https:\/\/images.epagine.fr\/534\/9782711632534_1_v.jpg"},"orderable":true,"show_badge":true,"formatted_price":"32,00&nbsp;\u20ac","formatted_published_date":"15 mars 2026","publisher_availability_label":"Sur commande","short_details":"Edmund Husserl, Natalie Depraz, Maria Gyemant \u2014 Vrin","translator":"NATALIE DEPRAZ","weight":0,"page_count":324,"readership":null,"editor":"Vrin","price":3200,"published_date":"2026-03-14T23:00:00.000000Z","support":"Grand format","publisher_availability":1,"stock":0,"editions":[],"url":"https:\/\/quaidesbrumes.com\/ouvrage\/9782711632534\/phenomenologie-des-emotions"},{"id":"9782130470106","title":"L'argumentation philosophique. \u00c9tude de sociologie cognitive","description":"L'auteur poss\u00e8de \u00e0 la fois une formation de sociologue et une formation de philosophe. Il relit ici de fa\u00e7on critique les grands noms de la th\u00e9orie de l'argumentation (Perelman, Toulmin, Ducrot, Grize, etc.), en \u00e9vitant autant que possible le relativisme sociologique. \u00ab Copyright Electre \u00bb\r","authors":["Alban Bouvier"],"category_codes":["9000000","9080000"],"visuals":{"large":"https:\/\/images.epagine.fr\/106\/9782130470106_1_75.jpg","medium":"https:\/\/images.epagine.fr\/106\/9782130470106_1_m.jpg","thumbnail":"https:\/\/images.epagine.fr\/106\/9782130470106_1_v.jpg"},"orderable":true,"show_badge":true,"formatted_price":"30,00&nbsp;\u20ac","formatted_published_date":"1er novembre 1998","publisher_availability_label":"Sur commande","short_details":"Alban Bouvier \u2014 PUF","translator":null,"weight":344,"page_count":248,"readership":null,"editor":"PUF","price":3000,"published_date":"1998-10-31T23:00:00.000000Z","support":"Grand format","publisher_availability":1,"stock":0,"editions":[],"url":"https:\/\/quaidesbrumes.com\/ouvrage\/9782130470106\/largumentation-philosophique-etude-de-sociologie-cognitive"},{"id":"9782130549024","title":"La sant\u00e9 au miroir de l'\u00e9conomie","description":"La collection \"Sociologies\", dirig\u00e9e par Raymond Boudon, membre de l'Institut, professeur \u00e0 l'Universit\u00e9 de Paris IV-Sorbonne, r\u00e9unit des contributions vari\u00e9es par les sujets abord\u00e9s, par les orientations politiques g\u00e9n\u00e9rales des auteurs, mais utilisant un paradigme commun qui pr\u00e9figure une science sociale g\u00e9n\u00e9rale transcendant les barri\u00e8res disciplinaires. \r\n\r","authors":["Daniel Benamouzig"],"category_codes":["9000000","9080000","9080200","9080204"],"visuals":{"large":"https:\/\/images.epagine.fr\/024\/9782130549024_1_75.jpg","medium":"https:\/\/images.epagine.fr\/024\/9782130549024_1_m.jpg","thumbnail":"https:\/\/images.epagine.fr\/024\/9782130549024_1_v.jpg"},"orderable":true,"show_badge":true,"formatted_price":"34,50&nbsp;\u20ac","formatted_published_date":"2 novembre 2005","publisher_availability_label":"Sur commande","short_details":"Daniel Benamouzig \u2014 PUF","translator":null,"weight":646,"page_count":496,"readership":null,"editor":"PUF","price":3450,"published_date":"2005-11-01T23:00:00.000000Z","support":"Grand format","publisher_availability":1,"stock":0,"editions":[],"url":"https:\/\/quaidesbrumes.com\/ouvrage\/9782130549024\/la-sante-au-miroir-de-leconomie"},{"id":"9782711632411","title":"Histoire de la philosophie et \u00e9ducation","description":"L'histoire de la philosophie a souvent l'image d'une discipline \u00e9rudite confin\u00e9e dans les murs de l'institution universitaire. Que peut-elle pour la pratique \u00e9ducative? Ce volume propose de mobiliser les contenus et les m\u00e9thodes de la discipline pour nourrir la r\u00e9flexivit\u00e9 p\u00e9dagogique.\r\nIl sollicite des textes classiques ou m\u00e9connus pour approcher des questions que ne peuvent manquer de se poser ceux qui enseignent ou \u00e9duquent. Qu'est-ce qu'enseigner? S'agit-il de faire \u00e9clore une semence ou de gu\u00e9rir un malade? Peut-on influencer un \u00e9l\u00e8ve? Peut-on le rendre autonome sans le faire \u00e9go\u00efste? Sur quoi repose l'id\u00e9e de construction des savoirs? Les contributions rassembl\u00e9es dans ce volume montrent comment l'\u00e9tude de textes souvent anciens peut renouveler ces questionnements.\r","authors":["Collectif","Alessandra Beccarisi","Corentin Tresnie","Sylvain Delcomminette","Denis Kambouchner","Odile Gilon","Thomas Gennen","Anna Marmodoro","Charles Ehret"],"category_codes":["9000000","9080000"],"visuals":{"large":"https:\/\/images.epagine.fr\/411\/9782711632411_1_75.jpg","medium":"https:\/\/images.epagine.fr\/411\/9782711632411_1_m.jpg","thumbnail":"https:\/\/images.epagine.fr\/411\/9782711632411_1_v.jpg"},"orderable":false,"show_badge":true,"formatted_price":"18,00&nbsp;\u20ac","formatted_published_date":"23 juin 2026","publisher_availability_label":"\u00c0 para\u00eetre","short_details":"Collectif, Alessandra Beccarisi, Corentin Tresnie, Sylvain Delcomminette, Denis Kambouchner, Odile Gilon, Thomas Gennen, Anna Marmodoro, Charles Ehret \u2014 Vrin","translator":null,"weight":0,"page_count":180,"readership":"Tout public","editor":"Vrin","price":1800,"published_date":"2026-06-22T22:00:00.000000Z","support":"Grand format","publisher_availability":2,"stock":0,"editions":[],"url":"https:\/\/quaidesbrumes.com\/ouvrage\/9782711632411\/histoire-de-la-philosophie-et-education"},{"id":"9782130426240","title":"Dilthey et la fondation des sciences historiques","description":"La sociologie a connu deux fondations successives. A. Comte avait revendiqu\u00e9 pour elle l'acc\u00e8s au rang de science. W. Dilthey affirme, contre le positivisme, la sp\u00e9cificit\u00e9 des sciences humaines.\r","authors":["Sylvie Mesure"],"category_codes":["9000000","9080000"],"visuals":{"large":"https:\/\/images.epagine.fr\/240\/9782130426240_1_75.jpg","medium":"https:\/\/images.epagine.fr\/240\/9782130426240_1_m.jpg","thumbnail":"https:\/\/images.epagine.fr\/240\/9782130426240_1_v.jpg"},"orderable":true,"show_badge":true,"formatted_price":"28,40&nbsp;\u20ac","formatted_published_date":"6 novembre 1992","publisher_availability_label":"Sur commande","short_details":"Sylvie Mesure \u2014 PUF","translator":null,"weight":378,"page_count":288,"readership":null,"editor":"PUF","price":2840,"published_date":"1992-11-05T23:00:00.000000Z","support":"Grand format","publisher_availability":1,"stock":0,"editions":[],"url":"https:\/\/quaidesbrumes.com\/ouvrage\/9782130426240\/dilthey-et-la-fondation-des-sciences-historiques"},{"id":"9782711632558","title":"Le coeur battant de l'ego : Husserl et la ph\u00e9nom\u00e9nologie des \u00e9motions","description":"Objet d'un int\u00e9r\u00eat \u00e9vident dans les sciences humaines et exp\u00e9rimentales, les \u00e9motions sont per\u00e7ues comme r\u00e9siduelles chez Husserl. Le dernier rationaliste du XXe si\u00e8cle ne les aurait trait\u00e9es qu'en les soumettant aux actes intellectuels ou aux valeurs.\r\nJe montre ici comment les sentiments, en majeur le plaisir, et leur centre le coeur furent pour lui un compagnonnage constant. Traduire Gem\u00fct par coeur, c'est dire que l'\u00e9motion n'est pas psychique mais corps visc\u00e9ral. C'est l\u00e0 qu'il y aura d\u00e9bat avec Lipps, Geiger et Scheler.\r\nLa ph\u00e9nom\u00e9nologie exp\u00e9rientielle des rythmes et des humeurs est port\u00e9e par tant de situations et d'exemples, moins illustratifs qu'ouvreurs de conceptualisations. Des ramifications infinies y nomment des aspects in\u00e9dits de nos variabilit\u00e9s \u00e9motionnelles\u00a0: on d\u00e9couvre une micro-ph\u00e9nom\u00e9nologie \u00e0 l'\u00e9tat naissant.\r\nDe cette mati\u00e8re affective subtile, diffusive et ambivalente na\u00eet le concept qui axe la lecture de ces textes, l'antinomie. Elle est la tension cr\u00e9atrice de nouvelles \u00e9motions\u00a0: Freudenschmerz, la joie douloureuse, Schauer der Seligkeit, le frisson de la f\u00e9licit\u00e9.\r","authors":["Natalie Depraz"],"category_codes":["9000000","9080000","9080700"],"visuals":{"large":"https:\/\/images.epagine.fr\/558\/9782711632558_1_75.jpg","medium":"https:\/\/images.epagine.fr\/558\/9782711632558_1_m.jpg","thumbnail":"https:\/\/images.epagine.fr\/558\/9782711632558_1_v.jpg"},"orderable":false,"show_badge":true,"formatted_price":"12,00&nbsp;\u20ac","formatted_published_date":"30 avril 2026","publisher_availability_label":"\u00c0 para\u00eetre","short_details":"Natalie Depraz \u2014 Vrin","translator":null,"weight":0,"page_count":180,"readership":null,"editor":"Vrin","price":1200,"published_date":"2026-04-29T22:00:00.000000Z","support":"Grand format","publisher_availability":2,"stock":0,"editions":[],"url":"https:\/\/quaidesbrumes.com\/ouvrage\/9782711632558\/le-coeur-battant-de-lego-husserl-et-la-phenomenologie-des-emotions"},{"id":"9782070747269","title":"Essai d'une histoire raisonn\u00e9e de la philosophie pa\u00efenne Tome 2 ; Platon ; Aristote","description":"En proposant une histoire de la philosophie pr\u00e9-chr\u00e9tienne, de Thal\u00e8s aux N\u00e9o-platoniciens, Koj\u00e8ve d\u00e9veloppe en fait une r\u00e9flexion sur la philosophie elle-m\u00eame, et il jette les bases d'une reconstruction g\u00e9n\u00e9rale et syst\u00e9matique des discours philosophiques. Il affirme de mani\u00e8re provocatrice, d'une part que la philosophie, en tant que discours syst\u00e9matique, s'est achev\u00e9e avec le Syst\u00e8me du Savoir de Hegel, d'autre part qu'il est donc possible de pr\u00e9senter logiquement un d\u00e9veloppement coh\u00e9rent (du point de vue historique \u00e9galement) de tous les discours philosophiques d\u00e9cisifs. Il faut donc d'abord les pr\u00e9senter en fonction de la place logique qu'ils occupent : Thal\u00e8s, Parm\u00e9nide, H\u00e9raclite, Socrate, Platon, Aristote, les Sceptiques, les Sto\u00efciens, Plotin et Proclus. Koj\u00e8ve entend donc reconstituer un syst\u00e8me, ce qui implique la t\u00e2che consid\u00e9rable d'analyser la naissance de la philosophie et ses premiers d\u00e9veloppements, tout en ne cessant d'analyser la singularit\u00e9 du discours philosophique. L'axe g\u00e9n\u00e9ral de cette histoire syst\u00e9matique ob\u00e9it \u00e0 un moteur essentiel : la tension entre le Concept et le Temps, pr\u00e9sente d\u00e8s l'origine du discours philosophique dont le but est de \u00abr\u00e9soudre\u00bb cette tension dans un syst\u00e8me. Cette histoire philosophique de la philosophie est, au XX? si\u00e8cle, unique en son genre.\r","authors":["Alexandre Koj\u00e8ve"],"category_codes":["9000000","9080000","9080200","9080204"],"visuals":{"large":"https:\/\/images.epagine.fr\/269\/9782070747269_1_75.jpg","medium":"https:\/\/images.epagine.fr\/269\/9782070747269_1_m.jpg","thumbnail":"https:\/\/images.epagine.fr\/269\/9782070747269_1_v.jpg"},"orderable":true,"show_badge":true,"formatted_price":"14,50&nbsp;\u20ac","formatted_published_date":"16 septembre 1997","publisher_availability_label":"Sur commande","short_details":"Alexandre Koj\u00e8ve \u2014 Gallimard","translator":null,"weight":400,"page_count":406,"readership":null,"editor":"Gallimard","price":1450,"published_date":"1997-09-15T22:00:00.000000Z","support":"Poche","publisher_availability":1,"stock":0,"editions":[],"url":"https:\/\/quaidesbrumes.com\/ouvrage\/9782070747269\/essai-dune-histoire-raisonnee-de-la-philosophie-paienne-tome-2-platon-aristote"},{"id":"9782130898160","title":"La voix et le ph\u00e9nom\u00e8ne : Introduction au probl\u00e8me du signe dans la ph\u00e9nom\u00e9nologie de Husserl","description":"Un ouvrage fondateur dans la conceptualisation de la d\u00e9construction\r\n\r\nPubli\u00e9 en 1967, la m\u00eame ann\u00e9e que De la grammatologie et L'\u00e9criture et la diff\u00e9rence, La voix et le ph\u00e9nom\u00e8ne est l'un des trois ouvrages fondateurs qui \u00e9rigent le concept phare de la philosophie derridienne : la \u00ab d\u00e9construction \u00bb.\r\n\r\nReprenant rigoureusement la th\u00e9orie de Husserl de la voix int\u00e9rieure comme lieu de la conscience, Derrida montre que le sens n'est en r\u00e9alit\u00e9 jamais imm\u00e9diatement pr\u00e9sent \u00e0 la conscience car il d\u00e9pend toujours d'une forme de m\u00e9diation. Il y a impossibilit\u00e9 d'une pr\u00e9sence pure, la trace pr\u00e9c\u00e9dant le signe. On trouve dans cette oeuvre les pr\u00e9mices du concept \u00e0 venir de \u00ab diff\u00e9rance \u00bb.\r\n\r\nPr\u00e9face de Catherine Malabou.\r","authors":["Jacques Derrida","Catherine Malabou"],"category_codes":["9000000","9080000","9080700"],"visuals":{"large":"https:\/\/images.epagine.fr\/160\/9782130898160_1_75.jpg","medium":"https:\/\/images.epagine.fr\/160\/9782130898160_1_m.jpg","thumbnail":"https:\/\/images.epagine.fr\/160\/9782130898160_1_v.jpg"},"orderable":false,"show_badge":true,"formatted_price":"9,00&nbsp;\u20ac","formatted_published_date":"21 mai 2026","publisher_availability_label":"\u00c0 para\u00eetre","short_details":"Jacques Derrida, Catherine Malabou \u2014 PUF","translator":null,"weight":0,"page_count":144,"readership":null,"editor":"PUF","price":900,"published_date":"2026-05-20T22:00:00.000000Z","support":"Poche","publisher_availability":2,"stock":0,"editions":[],"url":"https:\/\/quaidesbrumes.com\/ouvrage\/9782130898160\/la-voix-et-le-phenomene-introduction-au-probleme-du-signe-dans-la-phenomenologie-de-husserl"},{"id":"9782130732815","title":"La voix et le ph\u00e9nomene ; introduction au probl\u00e8me du signe dans la ph\u00e9nom\u00e9nologie de Husserl (5e \u00e9dition)","description":"\u00ab Le \u00absilence\u00bb ph\u00e9nom\u00e9nologique ne peut donc se reconstituer que par une double exclusion ou une double r\u00e9duction : celle du rapport \u00e0 l'autre en moi dans la communication indicative, celle de l'expression comme couche ult\u00e9rieure, sup\u00e9rieure et ext\u00e9rieure \u00e0 celle du sens. C'est dans le rapport entre ces deux exclusions que l'instance de la voix fera entendre son \u00e9trange autorit\u00e9. \u00bb Le travail ph\u00e9nom\u00e9nologique de Derrida passe par une remise en question et un d\u00e9passement des travaux d'Husserl.\r","authors":["Jacques Derrida"],"category_codes":["9000000","9080000","9080700"],"visuals":{"large":"https:\/\/images.epagine.fr\/815\/9782130732815_1_75.jpg","medium":"https:\/\/images.epagine.fr\/815\/9782130732815_1_m.jpg","thumbnail":"https:\/\/images.epagine.fr\/815\/9782130732815_1_v.jpg"},"orderable":true,"show_badge":true,"formatted_price":"11,00&nbsp;\u20ac","formatted_published_date":"9 f\u00e9vrier 2016","publisher_availability_label":"Sur commande","short_details":"Jacques Derrida \u2014 PUF","translator":null,"weight":152,"page_count":144,"readership":null,"editor":"PUF","price":1100,"published_date":"2016-02-08T23:00:00.000000Z","support":"Grand format","publisher_availability":1,"stock":0,"editions":[],"url":"https:\/\/quaidesbrumes.com\/ouvrage\/9782130732815\/la-voix-et-le-phenomene-introduction-au-probleme-du-signe-dans-la-phenomenologie-de-husserl-5e-edition"},{"id":"9791024218786","title":"L'\u00e9cosophie permet-elle de vivre mieux ? Comment ?","description":"Sommes-nous arriv\u00e9s au grand virage de la vie sur Terre ? Avons-nous quitt\u00e9 la voie du salut qui passe par le refus du monde naturel et par les id\u00e9es de r\u00e9demption et de messianit\u00e9 salvatrice pour acc\u00e9der \u00e0 la voie de l'accomplissement qui passe par l'assomption radicale du monde naturel et les id\u00e9es de cheminement initiatique et spirituel, visant \u00e0 l'union entre la personne et le r\u00e9el ?\r\nChoisir la voie de l'accomplissement se nomme \u00e9cosophie : moniste, spiritualiste, panenth\u00e9iste, immanentiste, \u00e9volutionniste, r\u00e9aliste, h\u00e9raclit\u00e9enne, spinoziste, nietzsch\u00e9enne, bergsonienne...\r\nParmi cette complexit\u00e9, l'ouvrage nous propose des outils de grande simplicit\u00e9 pour une spiritualit\u00e9 \u00e9cosophique de demain.\r","authors":["Marc Hal\u00e9vy"],"category_codes":["9000000","9080000"],"visuals":{"large":"https:\/\/images.epagine.fr\/786\/9791024218786_1_75.jpg","medium":"https:\/\/images.epagine.fr\/786\/9791024218786_1_m.jpg","thumbnail":"https:\/\/images.epagine.fr\/786\/9791024218786_1_v.jpg"},"orderable":false,"show_badge":true,"formatted_price":"12,00&nbsp;\u20ac","formatted_published_date":"4 juin 2026","publisher_availability_label":"\u00c0 para\u00eetre","short_details":"Marc Hal\u00e9vy \u2014 Dervy Almora","translator":null,"weight":0,"page_count":102,"readership":null,"editor":"Dervy Almora","price":1200,"published_date":"2026-06-03T22:00:00.000000Z","support":"Grand format","publisher_availability":2,"stock":0,"editions":[],"url":"https:\/\/quaidesbrumes.com\/ouvrage\/9791024218786\/lecosophie-permet-elle-de-vivre-mieux-comment"},{"id":"9782711684304","title":"Pistes n.6","description":"\u00ab La figure de Herbert Paul Grice (1913-1988) n'est assur\u00e9ment pas inconnue en France [...]. L'hypoth\u00e8se \r\nd'une communication fond\u00e9e sur une base coop\u00e9rative plut\u00f4t qu'agonistique est ainsi un enjeu conceptuel \r\nmajeur de la r\u00e9flexion plus g\u00e9n\u00e9rale en philosophie du langage et en philosophie sociale. Et la question de \r\nla dimension normative de l'analyse linguistique est \u00e9videmment centrale pour d\u00e9terminer le type correct \r\nd'analyse qu'il convient d'en donner : elle rejoint ainsi les d\u00e9bats que Grice avait pu initier avec la philosophie \r\ndu langage ordinaire, dont il tenait \u00e0 conserver certains principes g\u00e9n\u00e9raux. Enfin, le statut du recours \u00e0 \r\nla psychologie dans l'explication du fonctionnement du langage - et celui des \u00e9l\u00e9ments psychologiques \r\nauxquels on recourt alors - est une question particuli\u00e8rement vive \u00e0 l'heure du succ\u00e8s rencontr\u00e9 par de \r\nnouvelles formes d'intelligences artificielles qui nourrissent les r\u00e9flexions des sciences cognitives. \u00c0 cet \r\n\u00e9gard, les questionnements philosophiques auxquels r\u00e9pondent les analyses de Grice sont toujours vifs et \r\nsa pens\u00e9e m\u00e9rite assur\u00e9ment d'\u00eatre consid\u00e9r\u00e9e pour ce qu'elle est : actuelle et particuli\u00e8rement fructueuse \r\ndans les d\u00e9bats m\u00eames qu'elle nourrit contin\u00fbment dans la philosophie contemporaine. \u00bb\r","authors":["Collectif"],"category_codes":["9000000","9080000"],"visuals":{"large":"https:\/\/images.epagine.fr\/304\/9782711684304_1_75.jpg","medium":"https:\/\/images.epagine.fr\/304\/9782711684304_1_m.jpg","thumbnail":"https:\/\/images.epagine.fr\/304\/9782711684304_1_v.jpg"},"orderable":true,"show_badge":true,"formatted_price":"25,00&nbsp;\u20ac","formatted_published_date":"23 avril 2026","publisher_availability_label":"Sur commande","short_details":"Collectif \u2014 Vrin","translator":null,"weight":250,"page_count":256,"readership":null,"editor":"Vrin","price":2500,"published_date":"2026-04-22T22:00:00.000000Z","support":"Revue","publisher_availability":1,"stock":0,"editions":[],"url":"https:\/\/quaidesbrumes.com\/ouvrage\/9782711684304\/pistes-n6"},{"id":"9782251459349","title":"\u00c9pitom\u00e9 de l'Organon d'Aristote : suivi du Commentaire moyen de l'Isagog\u00e9 de Porphyre","description":"D\u00e8s l'Antiquit\u00e9 tardive, les trait\u00e9s de logique d'Aristote, d\u00e9sign\u00e9s sous le nom d'Organon, se sont impos\u00e9s comme des textes fondamentaux dont la ma\u00eetrise conditionnait l'acc\u00e8s \u00e0 l'ensemble du cursus philosophique. Afin d'en faciliter l'intelligibilit\u00e9, enseignants et \u00e9rudits entreprirent la r\u00e9daction de nombreux commentaires destin\u00e9s \u00e0 en \u00e9clairer les subtilit\u00e9s. Dans ce contexte, le philosophe n\u00e9oplatonicien Porphyre de Tyr (234-305) composa l'Isagog\u00e8, appel\u00e9 \u00e0 devenir une introduction \u00e0 toute la logique aristot\u00e9licienne. Ce corpus forma un dispositif conceptuel \u00e0 la long\u00e9vit\u00e9 et \u00e0 la diffusion remarquables : Grecs, Byzantins, Latins, Syriaques, Arabes et Juifs ont tour \u00e0 tour traduit, \u00e9tudi\u00e9, comment\u00e9 et transmis ces textes jusqu'aux humanistes italiens.\r\nLa pr\u00e9sente \u00e9dition propose la traduction de deux oeuvres d'Averro\u00e8s (1126-1198), l'un des plus \u00e9minents commentateurs d'Aristote : d'une part, l'\u00c9pitom\u00e9 de l'Organon, conserv\u00e9 seulement en jud\u00e9o-arabe et en h\u00e9breu et n'ayant jamais fait l'objet d'une \u00e9dition ni d'une traduction int\u00e9grale, bien qu'il ait profond\u00e9ment marqu\u00e9 la tradition logique juive d\u00e8s le XIIIe si\u00e8cle, et ce jusqu'au XVIe si\u00e8cle gr\u00e2ce \u00e0 sa version h\u00e9breu-latine due \u00e0 l'humaniste juif italien Abraham de Balmes (1440-1523) ; d'autre part, le Commentaire moyen de l'Isagog\u00e8, conserv\u00e9 uniquement en h\u00e9breu, t\u00e9moignant d'une phase plus m\u00fbre de la pens\u00e9e du philosophe andalou.\r\nLa diffusion de ces textes dans le monde juif illustre \u00e0 la fois l'importance accord\u00e9e \u00e0 la logique dans l'apprentissage des sciences et la place centrale qu'Averro\u00e8s occupa, au Moyen \u00c2ge, au sein de divers milieux intellectuels.\r","authors":["Averro\u00e8s","Aicha Belabid"],"category_codes":["9000000","9080000","9080500"],"visuals":{"large":"https:\/\/quaidesbrumes.com\/img\/book-placeholder.png","medium":"https:\/\/quaidesbrumes.com\/img\/book-placeholder.png","thumbnail":"https:\/\/quaidesbrumes.com\/img\/book-placeholder.png"},"orderable":false,"show_badge":true,"formatted_price":"39,00&nbsp;\u20ac","formatted_published_date":"5 juin 2026","publisher_availability_label":"\u00c0 para\u00eetre","short_details":"Averro\u00e8s, Aicha Belabid \u2014 Les Belles Lettres","translator":"AICHA BELABID","weight":0,"page_count":330,"readership":null,"editor":"Les Belles Lettres","price":3900,"published_date":"2026-06-04T22:00:00.000000Z","support":"Grand format","publisher_availability":2,"stock":0,"editions":[],"url":"https:\/\/quaidesbrumes.com\/ouvrage\/9782251459349\/epitome-de-lorganon-daristote-suivi-du-commentaire-moyen-de-lisagoge-de-porphyre"},{"id":"9782406203216","title":"La Notion de personne : Entre th\u00e9ologie et philosophie","description":"\u00c0 quelles conditions la notion de personne nous para\u00eet si claire et \u00e9vidente ? En suivant le fil d'une dichotomie de la nature et de la surnature, nous chercherons \u00e0 comprendre comment la personne se constitue en point de rupture de la th\u00e9ologie et de la philosophie \u00e0 l'articulation de la modernit\u00e9.\r","authors":["Fran\u00e7ois Palacio","Pierre-Marie Morel","Chantal Jaquet"],"category_codes":["9000000","9080000","9080200","9080208"],"visuals":{"large":"https:\/\/images.epagine.fr\/216\/9782406203216_1_75.jpg","medium":"https:\/\/images.epagine.fr\/216\/9782406203216_1_m.jpg","thumbnail":"https:\/\/images.epagine.fr\/216\/9782406203216_1_v.jpg"},"orderable":true,"show_badge":true,"formatted_price":"78,00&nbsp;\u20ac","formatted_published_date":"24 avril 2026","publisher_availability_label":"Sur commande","short_details":"Fran\u00e7ois Palacio, Pierre-Marie Morel, Chantal Jaquet \u2014 Classiques Garnier","translator":null,"weight":470,"page_count":241,"readership":null,"editor":"Classiques Garnier","price":7800,"published_date":"2026-04-23T22:00:00.000000Z","support":"Grand format","publisher_availability":1,"stock":0,"editions":["9782406202455"],"url":"https:\/\/quaidesbrumes.com\/ouvrage\/9782406203216\/la-notion-de-personne-entre-theologie-et-philosophie"},{"id":"9782336611877","title":"La\u00efcit\u00e9 politique  et \u00e9thique de conviction : Le probl\u00e8me du th\u00e9ologico-politique chez Spinoza et ses implications dans le monde actuel","description":"Spinoza, au XVIIe si\u00e8cle, con\u00e7oit, \u00e0 travers son Trait\u00e9, l'ind\u00e9pendance des pouvoirs spirituels et temporels, pour \u00e9tablir entre eux un nexus qui respecte leur alt\u00e9rit\u00e9 et demeure l'un des fondements de la la\u00efcit\u00e9 moderne.\r\nL'ouvrage scrute la la\u00efcit\u00e9 spinoziste et sa pertinence \u00e0 l'aune des \u00c9tats la\u00efcs du XXIe si\u00e8cle, lest\u00e9s par le lib\u00e9ralisme, le vent des int\u00e9grismes et le retour du religieux.\r","authors":["Fabien Mathurin Enyegue Abanda","Joseph Gabriel Milend","Charles Romain Mbele"],"category_codes":["9000000","9080000","9080300","9080303"],"visuals":{"large":"https:\/\/images.epagine.fr\/877\/9782336611877_1_75.jpg","medium":"https:\/\/images.epagine.fr\/877\/9782336611877_1_m.jpg","thumbnail":"https:\/\/images.epagine.fr\/877\/9782336611877_1_v.jpg"},"orderable":false,"show_badge":true,"formatted_price":"26,00&nbsp;\u20ac","formatted_published_date":"14 mai 2026","publisher_availability_label":"\u00c0 para\u00eetre","short_details":"Fabien Mathurin Enyegue Abanda, Joseph Gabriel Milend, Charles Romain Mbele \u2014 \u00c9ditions L'Harmattan","translator":null,"weight":300,"page_count":252,"readership":null,"editor":"\u00c9ditions L'Harmattan","price":2600,"published_date":"2026-05-13T22:00:00.000000Z","support":"Grand format","publisher_availability":2,"stock":0,"editions":[],"url":"https:\/\/quaidesbrumes.com\/ouvrage\/9782336611877\/laicite-politique-et-ethique-de-conviction-le-probleme-du-theologico-politique-chez-spinoza-et-ses-implications-dans-le-monde-actuel"},{"id":"9782406190950","title":"Pionni\u00e8res oubli\u00e9es -: Invisibilisation et instrumentalisation des femmes en Asie","description":"L'\u00e9mergence des femmes dans la sph\u00e8re publique en Asie de l'Est a \u00e9t\u00e9 suivie par des processus d'invisibilisation et d'instrumentalisation qu'il s'agit de d\u00e9construire pour rendre justice \u00e0 ces pionni\u00e8res qui ont \u00e9t\u00e9 particuli\u00e8rement actives dans les domaines litt\u00e9raire, journalistique et artistique.\r","authors":["Min Sook Wang-Le","Jacqueline Estran"],"category_codes":["9000000","9080000","9080300","9080303"],"visuals":{"large":"https:\/\/images.epagine.fr\/950\/9782406190950_1_75.jpg","medium":"https:\/\/images.epagine.fr\/950\/9782406190950_1_m.jpg","thumbnail":"https:\/\/images.epagine.fr\/950\/9782406190950_1_v.jpg"},"orderable":true,"show_badge":true,"formatted_price":"89,00&nbsp;\u20ac","formatted_published_date":"24 avril 2026","publisher_availability_label":"Sur commande","short_details":"Min Sook Wang-Le, Jacqueline Estran \u2014 Classiques Garnier","translator":null,"weight":680,"page_count":403,"readership":null,"editor":"Classiques Garnier","price":8900,"published_date":"2026-04-23T22:00:00.000000Z","support":"Grand format","publisher_availability":1,"stock":0,"editions":[],"url":"https:\/\/quaidesbrumes.com\/ouvrage\/9782406190950\/pionnieres-oubliees-invisibilisation-et-instrumentalisation-des-femmes-en-asie"},{"id":"9782406200697","title":"Le S\u00e9jour de Leibniz \u00e0 Paris (1672-1676) : M\u00e9langes \u00e0 la m\u00e9moire de Maria Rosa Antognazza","description":"Le s\u00e9jour que Leibniz effectue \u00e0 Paris de 1672 \u00e0 1676 constitue une \u00e9tape d\u00e9terminante de sa carri\u00e8re intellectuelle. Trois cent cinquante ans plus tard, le pr\u00e9sent volume, d\u00e9di\u00e9 \u00e0 la m\u00e9moire de Maria Rosa Antognazza, offre une vision renouvel\u00e9e de cette p\u00e9riode prolifique du philosophe.\r","authors":["Andrea Costa","Paul Rateau","David Rabouin"],"category_codes":["9000000","9080000"],"visuals":{"large":"https:\/\/images.epagine.fr\/697\/9782406200697_1_75.jpg","medium":"https:\/\/images.epagine.fr\/697\/9782406200697_1_m.jpg","thumbnail":"https:\/\/images.epagine.fr\/697\/9782406200697_1_v.jpg"},"orderable":true,"show_badge":true,"formatted_price":"98,00&nbsp;\u20ac","formatted_published_date":"24 avril 2026","publisher_availability_label":"Sur commande","short_details":"Andrea Costa, Paul Rateau, David Rabouin \u2014 Classiques Garnier","translator":null,"weight":880,"page_count":550,"readership":null,"editor":"Classiques Garnier","price":9800,"published_date":"2026-04-23T22:00:00.000000Z","support":"Grand format","publisher_availability":1,"stock":0,"editions":[],"url":"https:\/\/quaidesbrumes.com\/ouvrage\/9782406200697\/le-sejour-de-leibniz-a-paris-1672-1676-melanges-a-la-memoire-de-maria-rosa-antognazza"},{"id":"9782406202820","title":"Spinoza et les relations internationales","description":"Les relations internationales restent un point aveugle des \u00e9tudes spinozistes. La nature des rapports inter\u00e9tatiques joue pourtant un r\u00f4le d\u00e9cisif en mati\u00e8re de guerre et de paix. L'ouvrage vise \u00e0 \u00e9clairer cette zone d'ombre en suivant une approche juridique, multiculturelle et politique.\r","authors":["Chantal Jaquet","Ariel Suhamy","Arthur Duhe","Lila Cazier","Mathieu Le Pors"],"category_codes":["9000000","9080000","9080200","9080208"],"visuals":{"large":"https:\/\/images.epagine.fr\/820\/9782406202820_1_75.jpg","medium":"https:\/\/images.epagine.fr\/820\/9782406202820_1_m.jpg","thumbnail":"https:\/\/images.epagine.fr\/820\/9782406202820_1_v.jpg"},"orderable":true,"show_badge":true,"formatted_price":"78,00&nbsp;\u20ac","formatted_published_date":"24 avril 2026","publisher_availability_label":"Sur commande","short_details":"Chantal Jaquet, Ariel Suhamy, Arthur Duhe, Lila Cazier, Mathieu Le Pors \u2014 Classiques Garnier","translator":null,"weight":440,"page_count":221,"readership":null,"editor":"Classiques Garnier","price":7800,"published_date":"2026-04-23T22:00:00.000000Z","support":"Grand format","publisher_availability":1,"stock":0,"editions":[],"url":"https:\/\/quaidesbrumes.com\/ouvrage\/9782406202820\/spinoza-et-les-relations-internationales"},{"id":"9788869765254","title":"L'invention d'un pouvoir sans domination","description":"Cet ouvrage vise \u00e0 \u00e9tudier la tentative philosophique \u00e0 l'\u00e9poque moderne qui a pour but de concilier la tension entre la souverainet\u00e9 absolue et l'autonomie individuelle. Autrement dit, la constitution du pouvoir souverain sans domination est-elle possible\u00e2E%? Il conviendrait en effet de chercher la souverainet\u00e9 sans domination dans la r\u00e9flexion et la modification des th\u00e9ories de Hobbes et de Rousseau. En gardant la souverainet\u00e9 absolue du peuple, inali\u00e9nable et indivisible, il faudrait prot\u00e9ger par la loi l'expression de l'opinion de l'individu, et son droit inali\u00e9nable de contester et de r\u00e9sister. Cela ne conduirait qu'au bien commun et \u00e0 celui de chaque individu. \r\n \r\n LIANG Pang est dipl\u00f4m\u00e9 de l'universit\u00e9 de P\u00e9kin et titulaire d'un doctorat en philosophie politique de l'Universit\u00e9 de Paris. Il est professeur adjoint au Centre de recherche sur la politique chinoise de l'universit\u00e9 de P\u00e9kin. Ses recherches portent sur la philosophie politique moderne et la th\u00e9orie sociale (occidentale et chinoise)\r","authors":["Liang Pang"],"category_codes":["9000000","9080000","9080200","9080208"],"visuals":{"large":"https:\/\/images.epagine.fr\/254\/9788869765254_1_75.jpg","medium":"https:\/\/images.epagine.fr\/254\/9788869765254_1_m.jpg","thumbnail":"https:\/\/images.epagine.fr\/254\/9788869765254_1_v.jpg"},"orderable":false,"show_badge":true,"formatted_price":"30,00&nbsp;\u20ac","formatted_published_date":"23 juin 2026","publisher_availability_label":"\u00c0 para\u00eetre","short_details":"Liang Pang \u2014 \u00c9ditions Mim\u00e9sis","translator":null,"weight":1000,"page_count":455,"readership":null,"editor":"\u00c9ditions Mim\u00e9sis","price":3000,"published_date":"2026-06-22T22:00:00.000000Z","support":"Grand format","publisher_availability":2,"stock":0,"editions":[],"url":"https:\/\/quaidesbrumes.com\/ouvrage\/9788869765254\/linvention-dun-pouvoir-sans-domination"},{"id":"9782347004408","title":"La vieillesse... mais \u00e0 tout prendre qu'est-ce ?","description":"Brigitte Evano est philosophe. Elle est notamment l'auteure de La philosophie en 1000 citations, paru chez Eyrolles (2011).\r","authors":["Brigitte Evano"],"category_codes":["9000000","9080000"],"visuals":{"large":"https:\/\/quaidesbrumes.com\/img\/book-placeholder.png","medium":"https:\/\/quaidesbrumes.com\/img\/book-placeholder.png","thumbnail":"https:\/\/quaidesbrumes.com\/img\/book-placeholder.png"},"orderable":false,"show_badge":true,"formatted_price":"19,00&nbsp;\u20ac","formatted_published_date":"15 octobre 2026","publisher_availability_label":"\u00c0 para\u00eetre","short_details":"Brigitte Evano \u2014 Michalon","translator":null,"weight":0,"page_count":192,"readership":null,"editor":"Michalon","price":1900,"published_date":"2026-10-14T22:00:00.000000Z","support":"Grand format","publisher_availability":2,"stock":0,"editions":[],"url":"https:\/\/quaidesbrumes.com\/ouvrage\/9782347004408\/la-vieillesse-mais-a-tout-prendre-quest-ce"},{"id":"9782348094750","title":"Le soin des choses - Politiques de la maintenance","description":"\" Un grand livre de sociologie et de philosophie politique qui invite \u00e0 d\u00e9passer l'opposition entre ceux qui s'occupent des objets et ceux qui prennent soin du vivant. \" Philosophie magazine\r\nPour faire face \u00e0 l'obsolescence programm\u00e9e et \u00e0 la surproduction, que l'on camoufle sous le mantra de l'\" innovation \", nous avons d\u00e9j\u00e0 sous les yeux, sans toujours le voir, tout un peuple qui s'emploie \u00e0 faire durer les choses en en prenant soin. Ces arts de la maintenance sont un r\u00e9servoir exemplaire de millions de pratiques et de savoirs qui ont vocation \u00e0 s'\u00e9tendre pour imposer la logique de la stabilit\u00e9 du monde contre la catastrophe climatique en cours.\r","authors":["J\u00e9r\u00f4me Denis","David Pontille"],"category_codes":["9000000","9080000"],"visuals":{"large":"https:\/\/images.epagine.fr\/750\/9782348094750_1_75.jpg","medium":"https:\/\/images.epagine.fr\/750\/9782348094750_1_m.jpg","thumbnail":"https:\/\/images.epagine.fr\/750\/9782348094750_1_v.jpg"},"orderable":false,"show_badge":true,"formatted_price":"14,50&nbsp;\u20ac","formatted_published_date":"27 ao\u00fbt 2026","publisher_availability_label":"\u00c0 para\u00eetre","short_details":"J\u00e9r\u00f4me Denis, David Pontille \u2014 La d\u00e9couverte","translator":null,"weight":0,"page_count":300,"readership":null,"editor":"La d\u00e9couverte","price":1450,"published_date":"2026-08-26T22:00:00.000000Z","support":"Poche","publisher_availability":2,"stock":0,"editions":[],"url":"https:\/\/quaidesbrumes.com\/ouvrage\/9782348094750\/le-soin-des-choses-politiques-de-la-maintenance"},{"id":"9782711629039","title":"Le Thomisme : Oeuvres compl\u00e8tes, Tome IV","description":"\u00ab\u00a0On ne peut enseigner saint Thomas. Car on ne peut l'apprendre, on ne peut que le recommencer. \u00c9ternelle jeunesse, perp\u00e9tuelle fra\u00eecheur d'une source qui ne cesse d'\u00eatre source \u00e0 moins de cesser d'exister.\u00a0\u00bb\r\nNul paradoxe en ces lignes, adress\u00e9es au P.\u00a0M.-D.\u00a0Chenu, par \u00c9tienne Gilson en f\u00e9vrier 1942, l'ann\u00e9e m\u00eame o\u00f9 il met la derni\u00e8re main \u00e0 la quatri\u00e8me \u00e9dition du Thomisme, bient\u00f4t suivie, en 1944, d'une cinqui\u00e8me \u00e9dition. Et en effet, depuis le tout premier cours, donn\u00e9 \u00e0 Lille en 1913 et 1914 (Le syst\u00e8me de S.\u00a0Thomas), jusqu'\u00e0 la derni\u00e8re \u00e9dition de 1965 (Introduction \u00e0 la philosophie de saint Thomas d'Aquin), Gilson n'aura jamais, \u00e0 la diff\u00e9rence de quelques-uns de ses contemporains avec lesquels les relations furent souvent pol\u00e9miques, enseign\u00e9 une doctrine. Si dans la Pr\u00e9face, dat\u00e9e de janvier 1964, \u00e0 la sixi\u00e8me et derni\u00e8re \u00e9dition du Thomisme, l'auteur nous apprend que \u00ab\u00a0ce livre fut le compagnon de toute une vie\u00a0\u00bb, l'unit\u00e9 d'un tel livre n'en reste pas moins hautement probl\u00e9matique, ce que souligne fortement la m\u00eame Pr\u00e9face\u00a0: \u00ab\u00a0Chaque fois que l'on recommence un livre, on obtient un nouveau livre qui suit son ordre propre et complique encore le probl\u00e8me.\u00a0\u00bb\r\nUn premier cours donc, puis six \u00e9ditions diff\u00e9rentes (1919, 1923, 1942, 1944, 1965), non seulement r\u00e9vis\u00e9es, amplifi\u00e9es, mais profond\u00e9ment remani\u00e9es dans leur \u00e9conomie interne, en 1942 d'abord, en 1965 enfin. Dans le cadre de ce quatri\u00e8me tome des Oeuvres Compl\u00e8tes, il \u00e9tait naturellement exclu de redonner chacune des \u00e9ditions dont plusieurs chapitres se recoupent\u00a0: sans donc pr\u00e9tendre proposer ici quelque \u00e9dition g\u00e9n\u00e9tique ou historico-critique, nous nous sommes efforc\u00e9, en distinguant deux ensembles (celui des trois premi\u00e8re \u00e9ditions, celui des trois derni\u00e8res, \u00e0 partir de 1942), d'\u00e9clairer - \u00e0 travers l'\u00e9change des correspondances, la r\u00e9ception critique des comptes rendus, les pol\u00e9miques ouvertes ou couvertes - les motifs et les \u00e9tapes de ce perp\u00e9tuel \u00ab\u00a0recommencement\u00a0\u00bb, visant toujours le retour amont, \u00e0 la qu\u00eate de la source en sa fra\u00eecheur retrouv\u00e9e.\r\nUn livre, des livres...? Question abord\u00e9e par Alain de Libera dans une Postface qui ne se borne pas \u00e0 retracer quelques \u00e9tapes de la \u00ab\u00a0r\u00e9ception\u00a0\u00bb, mais tend \u00e0 cartographier d'un c\u00f4t\u00e9 et de l'autre de l'Atlantique une longue s\u00e9quence de la recherche en philosophie m\u00e9di\u00e9vale o\u00f9 le thomisme gilsonien vient s'inscrire d'un si\u00e8cle l'autre, en fran\u00e7ais comme en anglais, entre Paris et Toronto.\r","authors":["Etienne Gilson"],"category_codes":["9000000","9080000","9080700"],"visuals":{"large":"https:\/\/images.epagine.fr\/039\/9782711629039_1_75.jpg","medium":"https:\/\/images.epagine.fr\/039\/9782711629039_1_m.jpg","thumbnail":"https:\/\/images.epagine.fr\/039\/9782711629039_1_v.jpg"},"orderable":false,"show_badge":true,"formatted_price":"45,00&nbsp;\u20ac","formatted_published_date":"14 mai 2026","publisher_availability_label":"\u00c0 para\u00eetre","short_details":"Etienne Gilson \u2014 Vrin","translator":null,"weight":0,"page_count":1296,"readership":null,"editor":"Vrin","price":4500,"published_date":"2026-05-13T22:00:00.000000Z","support":"Grand format","publisher_availability":2,"stock":0,"editions":[],"url":"https:\/\/quaidesbrumes.com\/ouvrage\/9782711629039\/le-thomisme-oeuvres-completes-tome-iv"},{"id":"9782711632701","title":"Philosophie de la d\u00e9pression","description":"La d\u00e9pression met la philosophie de l'esprit et la philosophie des \u00e9motions au d\u00e9fi : comment rendre \r\ncompte de l'humeur d\u00e9pressive ? Comment la distinguer d'\u00e9tats affectifs non pathologiques, comme la \r\ntristesse ou le d\u00e9sespoir ? En quoi ses effets sur le corps, la pens\u00e9e et le comportement constituent-ils un \r\n\u00e9tat de maladie ? Ce livre propose une synth\u00e8se in\u00e9dite de ce que la d\u00e9pression dit \u00e0 la philosophie et \r\n\u00e0 la psychologie, en s'appuyant sur les donn\u00e9es r\u00e9centes des neurosciences et sur toute une litt\u00e9rature, \r\nnotamment psychiatrique, m\u00e9connue du public. Il d\u00e9fend aussi une th\u00e9orie originale des relations entre \r\nles croyances autor\u00e9alisatrices qu'elle comporte et l'humeur d\u00e9pressive.\r","authors":["Elodie Boissard"],"category_codes":["9000000","9080000"],"visuals":{"large":"https:\/\/images.epagine.fr\/701\/9782711632701_1_75.jpg","medium":"https:\/\/images.epagine.fr\/701\/9782711632701_1_m.jpg","thumbnail":"https:\/\/images.epagine.fr\/701\/9782711632701_1_v.jpg"},"orderable":false,"show_badge":true,"formatted_price":"29,00&nbsp;\u20ac","formatted_published_date":"30 avril 2026","publisher_availability_label":"\u00c0 para\u00eetre","short_details":"Elodie Boissard \u2014 Vrin","translator":null,"weight":0,"page_count":322,"readership":null,"editor":"Vrin","price":2900,"published_date":"2026-04-29T22:00:00.000000Z","support":"Grand format","publisher_availability":2,"stock":0,"editions":[],"url":"https:\/\/quaidesbrumes.com\/ouvrage\/9782711632701\/philosophie-de-la-depression"},{"id":"9788410490512","title":"Le temps perdu","description":"Et si notre responsabilit\u00e9 politique n'\u00e9tait pas de restaurer le pass\u00e9, mais d'assumer pleinement le pr\u00e9sent ?\r\nNous vivons une \u00e9poque cr\u00e9pusculaire : crises \u00e9conomiques, guerres, urgence climatique, malaise culturel. Incapables de donner sens \u00e0 notre pr\u00e9sent et d'imaginer un avenir d\u00e9sirable, nous voyons prolif\u00e9rer, \u00e0 gauche comme \u00e0 droite, des discours politiques nourris par la m\u00e9lancolie et la nostalgie d'un pass\u00e9 suppos\u00e9ment meilleur (le fantasme de l'Am\u00e9rique blanche aux \u00c9tats-Unis, le temps des colonies en France,  les Trente glorieuses partout en Europe...). Un futur annul\u00e9, un pass\u00e9 regrett\u00e9 -; et, \u00e0 chaque fois, un m\u00eame repli fait d'impuissance, de ressentiment et d'une aspiration obs\u00e9dante : rentrer \" chez soi \". \r\nS'appuyant sur Proust, mais aussi sur &#381;i&#382;ek, Kristeva ou Platon, la philosophe espagnole Clara Ramas analyse la m\u00e9lancolie de notre \u00e9poque. Admettant d'embl\u00e9e l'impossibilit\u00e9 d'un  retour au pass\u00e9  -; car nous sommes toujours en mouvement, jamais tout \u00e0 fait chez nous  -; elle nous invite \u00e0 accepter une possibilit\u00e9 inattendue : non pas celle de r\u00e9cup\u00e9rer un temps perdu, mais celle d'apprendre \u00e0 aimer notre pr\u00e9sent autrement. Le temps perdu esquisse ainsi une grammaire nouvelle -; une grammaire du temps perdu -; qui refuse la nostalgie r\u00e9actionnaire et r\u00e9affirme une responsabilit\u00e9 politique envers le pr\u00e9sent.\r","authors":["Clara Ramas"],"category_codes":["9000000","9080000"],"visuals":{"large":"https:\/\/images.epagine.fr\/512\/9788410490512_1_75.jpg","medium":"https:\/\/images.epagine.fr\/512\/9788410490512_1_m.jpg","thumbnail":"https:\/\/images.epagine.fr\/512\/9788410490512_1_v.jpg"},"orderable":false,"show_badge":true,"formatted_price":"21,90&nbsp;\u20ac","formatted_published_date":"3 septembre 2026","publisher_availability_label":"\u00c0 para\u00eetre","short_details":"Clara Ramas \u2014 \u00c9ditions Arpa","translator":null,"weight":0,"page_count":208,"readership":null,"editor":"\u00c9ditions Arpa","price":2190,"published_date":"2026-09-02T22:00:00.000000Z","support":"Grand format","publisher_availability":2,"stock":0,"editions":[],"url":"https:\/\/quaidesbrumes.com\/ouvrage\/9788410490512\/le-temps-perdu"},{"id":"9788869765308","title":"Le Soi corporel : Essais philosophiques II","description":"Dans un contexte politique marqu\u00e9 par la recherche d'une nouvelle identit\u00e9 nationale, avec la rigueur de la philosophie occidentale et \u00e0 partir des spiritualit\u00e9s orientales, Nishida a \u00e9labor\u00e9 une philosophie japonaise originale qui s'inscrit dans la sensibilit\u00e9 nippone et reste d'une grande actualit\u00e9 au XXIe si\u00e8cle. \r\nNishida a laiss\u00e9 une oeuvre immense, connue principalement pour sa m\u00e9taphysique, mais abordant bien d'autres domaines, qui restent encore \u00e0 explorer pour le public fran\u00e7ais. Sa pens\u00e9e suscite un int\u00e9r\u00eat constant. La publication par Mimesis des chefs-d'oeuvre du ma\u00eetre japonais est un \u00e9v\u00e8nement \u00e9ditorial majeur.\r","authors":["Nishida Kitaro","Jacynthe Tremblay"],"category_codes":["9000000","9080000","9080300","9080303"],"visuals":{"large":"https:\/\/images.epagine.fr\/308\/9788869765308_1_75.jpg","medium":"https:\/\/images.epagine.fr\/308\/9788869765308_1_m.jpg","thumbnail":"https:\/\/images.epagine.fr\/308\/9788869765308_1_v.jpg"},"orderable":false,"show_badge":true,"formatted_price":"26,00&nbsp;\u20ac","formatted_published_date":"25 ao\u00fbt 2026","publisher_availability_label":"\u00c0 para\u00eetre","short_details":"Nishida Kitaro, Jacynthe Tremblay \u2014 \u00c9ditions Mim\u00e9sis","translator":null,"weight":500,"page_count":340,"readership":null,"editor":"\u00c9ditions Mim\u00e9sis","price":2600,"published_date":"2026-08-24T22:00:00.000000Z","support":"Grand format","publisher_availability":2,"stock":0,"editions":[],"url":"https:\/\/quaidesbrumes.com\/ouvrage\/9788869765308\/le-soi-corporel-essais-philosophiques-ii"}]}