{"data":[{"id":"9782840161899","title":"L'h\u00e9roique et le champ\u00eatre Tome 2 ; appropriation et d\u00e9construction des th\u00e9ories","description":"Appropriation et d\u00e9construction des th\u00e9ories stylistiques dans la pratique des artistes et dans les modalit\u00e9s d'exposition des oeuvres.","authors":["Marianne Cojannot-le blanc","Claude Pouzadoux","Evelyne Prioux"],"category_codes":["9000000","9080000","9080200","9080204"],"visuals":{"large":"https:\/\/images.epagine.fr\/899\/9782840161899_1_75.jpg","medium":"https:\/\/images.epagine.fr\/899\/9782840161899_1_m.jpg","thumbnail":"https:\/\/images.epagine.fr\/899\/9782840161899_1_v.jpg"},"orderable":true,"show_badge":true,"formatted_price":"23,00&nbsp;\u20ac","formatted_published_date":"4 mars 2015","publisher_availability_label":"Sur commande","short_details":"Marianne Cojannot-le blanc, Claude Pouzadoux, Evelyne Prioux \u2014 PU de Paris Nanterre","translator":null,"weight":620,"page_count":388,"readership":null,"editor":"PU de Paris Nanterre","price":2300,"published_date":"2015-03-03T23:00:00.000000Z","support":"Grand format","publisher_availability":1,"stock":0,"editions":[],"url":"https:\/\/quaidesbrumes.com\/ouvrage\/9782840161899\/lheroique-et-le-champetre-tome-2-appropriation-et-deconstruction-des-theories"},{"id":"9782012157705","title":"Le Magn\u00e9tisme - V\u00e9rit\u00e9s et chim\u00e8res de cette science occulte","description":"Le magn\u00e9tisme : v\u00e9rit\u00e9s et chim\u00e8res de cette science occulte \/ par M. le Dr Bellanger Date de l'\u00e9dition originale : 1854 Sujet de l'ouvrage : Magn\u00e9tisme animal Ce livre est la reproduction fid\u00e8le d'une oeuvre publi\u00e9e avant 1920 et fait partie d'une collection de livres r\u00e9imprim\u00e9s \u00e0 la demande \u00e9dit\u00e9e par Hachette Livre, dans le cadre d'un partenariat avec la Biblioth\u00e8que nationale de France, offrant l'opportunit\u00e9 d'acc\u00e9der \u00e0 des ouvrages anciens et souvent rares issus des fonds patrimoniaux de la BnF.\r\nLes oeuvres faisant partie de cette collection ont \u00e9t\u00e9 num\u00e9ris\u00e9es par la BnF et sont pr\u00e9sentes sur Gallica, sa biblioth\u00e8que num\u00e9rique.\r\n\r\nEn entreprenant de redonner vie \u00e0 ces ouvrages au travers d'une collection de livres r\u00e9imprim\u00e9s \u00e0 la demande, nous leur donnons la possibilit\u00e9 de rencontrer un public \u00e9largi et participons \u00e0 la transmission de connaissances et de savoirs parfois difficilement accessibles.\r\nNous avons cherch\u00e9 \u00e0 concilier la reproduction fid\u00e8le d'un livre ancien \u00e0 partir de sa version num\u00e9ris\u00e9e avec le souci d'un confort de lecture optimal. Nous esp\u00e9rons que les ouvrages de cette nouvelle collection vous apporteront enti\u00e8re satisfaction.\r\n\r\nPour plus d'informations, rendez-vous sur www.hachettebnf.fr","authors":["Augustin-Rene Bellanger"],"category_codes":["9000000","9080000"],"visuals":{"large":"https:\/\/images.epagine.fr\/705\/9782012157705_1_75.jpg","medium":"https:\/\/images.epagine.fr\/705\/9782012157705_1_m.jpg","thumbnail":"https:\/\/images.epagine.fr\/705\/9782012157705_1_v.jpg"},"orderable":true,"show_badge":true,"formatted_price":"25,00&nbsp;\u20ac","formatted_published_date":"1er avril 2013","publisher_availability_label":"Sur commande","short_details":"Augustin-Rene Bellanger \u2014 Hachette BNF","translator":null,"weight":305,"page_count":360,"readership":null,"editor":"Hachette BNF","price":2500,"published_date":"2013-03-31T22:00:00.000000Z","support":"Grand format","publisher_availability":1,"stock":0,"editions":[],"url":"https:\/\/quaidesbrumes.com\/ouvrage\/9782012157705\/le-magnetisme-verites-et-chimeres-de-cette-science-occulte"},{"id":"9782340027725","title":"Histoire de la philosophie en fiches","description":"L'histoire compl\u00e8te de la philosophie, des pr\u00e9socratiques au XXe si\u00e8cle en 41 fiches avec dans chaque fiche le contexte historique et des points de vocabulaire. 10 focus sur des notions cl\u00e9s.\r","authors":["Alexandre Abensour"],"category_codes":["9000000","9080000","9080200","9080208"],"visuals":{"large":"https:\/\/images.epagine.fr\/725\/9782340027725_1_75.jpg","medium":"https:\/\/images.epagine.fr\/725\/9782340027725_1_m.jpg","thumbnail":"https:\/\/images.epagine.fr\/725\/9782340027725_1_v.jpg"},"orderable":true,"show_badge":true,"formatted_price":"28,00&nbsp;\u20ac","formatted_published_date":"16 octobre 2018","publisher_availability_label":"Sur commande","short_details":"Alexandre Abensour \u2014 \u00c9ditions Ellipses","translator":null,"weight":700,"page_count":504,"readership":null,"editor":"\u00c9ditions Ellipses","price":2800,"published_date":"2018-10-15T22:00:00.000000Z","support":"Grand format","publisher_availability":1,"stock":0,"editions":[],"url":"https:\/\/quaidesbrumes.com\/ouvrage\/9782340027725\/histoire-de-la-philosophie-en-fiches"},{"id":"9782840163138","title":"Le\u00e7on d'\u00e9conomie g\u00e9n\u00e9rale : l'exp\u00e9rience-limite chez Bataille-Blanchot-Klossowski","description":"\u00ab Klossowski, Bataille, Blanchot, ont \u00e9t\u00e9 pour moi tr\u00e8s importants. Et je crains bien de n'avoir pas fait dans ce que j'ai \u00e9crit la part suffisante \u00e0 l'influence qu'ils ont d\u00fb avoir sur moi \u00bb: c'est en ces termes que Foucault reconna\u00eet sa dette \u00e0 l'\u00e9gard de ces trois auteurs qui ont profond\u00e9ment pes\u00e9 sur sa philosophie. Mais cette dette ne s'arr\u00eate pas \u00e0 Foucault \u00e9videmment. On la retrouve chez Deleuze et Derrida, et bien d'autres intellectuels plus contemporains.\r\nL'intention de cet ouvrage est de proposer un d\u00e9bat autour de l'importance de ces trois essayistes, eux-m\u00eames marqu\u00e9s par les s\u00e9minaires d'Alexandre Koj\u00e8ve sur Hegel de 1933 \u00e0 1939, sur la pens\u00e9e contemporaine. Leur lecture critique de la filiation Hegel-Marx-Koj\u00e8ve sera \u00e0 l'origine d'une pens\u00e9e autre de la discontinuit\u00e9, de la dissym\u00e9trie, de l'irr\u00e9versibilit\u00e9, de l'inconnu, de l'ind\u00e9termination, autrement dit une fa\u00e7on diff\u00e9rente de r\u00e9fl\u00e9chir sur la puissance d'une \u00e9criture hors langage pour reprendre l'expression de Blanchot.","authors":["Alain Milon"],"category_codes":["9000000","9080000"],"visuals":{"large":"https:\/\/images.epagine.fr\/138\/9782840163138_1_75.jpg","medium":"https:\/\/images.epagine.fr\/138\/9782840163138_1_m.jpg","thumbnail":"https:\/\/images.epagine.fr\/138\/9782840163138_1_v.jpg"},"orderable":true,"show_badge":true,"formatted_price":"20,00&nbsp;\u20ac","formatted_published_date":"21 f\u00e9vrier 2019","publisher_availability_label":"Sur commande","short_details":"Alain Milon \u2014 PU de Paris Nanterre","translator":null,"weight":494,"page_count":344,"readership":null,"editor":"PU de Paris Nanterre","price":2000,"published_date":"2019-02-20T23:00:00.000000Z","support":"Grand format","publisher_availability":1,"stock":0,"editions":[],"url":"https:\/\/quaidesbrumes.com\/ouvrage\/9782840163138\/lecon-deconomie-generale-lexperience-limite-chez-bataille-blanchot-klossowski"},{"id":"9782379664038","title":"Conscience Capital(e)","description":"Quel regard porter sur l'impact du capitalisme ? Il imprime sa marque sur chacune de nos existences, sur l'environnement, et jusque dans toutes les formes de vie, animales et v\u00e9g\u00e9tales. Depuis des si\u00e8cles, ce syst\u00e8me \u00e9conomique orchestre guerres et exploitations, organise l'esclavage, sacrifie les populations les plus vuln\u00e9rables, d\u00e9truit la nature et condamne les \u00eatres \u00e0 l'ali\u00e9nation. La liste des m\u00e9faits perp\u00e9tu\u00e9s au nom de la loi marchande et de la qu\u00eate du profit, qui dictent les grandes orientations politiques, semble interminable.\r\nCe livre invite \u00e0 interroger la r\u00e9alit\u00e9 de notre libert\u00e9 : jusqu'o\u00f9 pouvons-nous fa\u00e7onner nos vies selon nos propres aspirations ? Jusqu'\u00e0 quel point sommes-nous soumis \u00e0 l'emprise du capitalisme dans ses dimensions sociale, financi\u00e8re, psychique et spirituelle ? Quelles n\u00e9vroses, quelles angoisses traversent notre monde ? Pourquoi la perte de sens et la d\u00e9pression deviennent-elles si universelles ?\r\nReprendre la responsabilit\u00e9 de notre existence, travailler \u00e0 un monde o\u00f9 la dignit\u00e9 du vivant retrouve droit de cit\u00e9, suppose le courage de briser ces cha\u00eenes - encore faut-il savoir les reconna\u00eetre. Cet essai propose un premier pas sur le chemin d'une libert\u00e9 int\u00e9rieure retrouv\u00e9e.\r\nN\u00e9 en Yougoslavie en 1981, Bogdan Vitas Bogino arrive en France \u00e0 l'\u00e2ge de 5 ans. Il est issu d'une famille de musiciens, descendants notamment d'artisans de l'ex-URSS, et de paysans et militaires de l'ex-Yougoslavie. Cette diversit\u00e9 le conduit \u00e0 s'int\u00e9resser \u00e0 la sociologie et aux \u00e9tudes politiques dont il sera dipl\u00f4m\u00e9 \u00e0 l'Universit\u00e9 de Paris Nanterre et au Nouveau Coll\u00e8ge d'\u00c9tudes Politiques. Il se dirige aujourd'hui vers un doctorat. Par ailleurs, ses exp\u00e9riences au Samu Social, \u00e0 la Croix-Rouge fran\u00e7aise et comme animateur socioculturel, cumul\u00e9es \u00e0 sa profession de psychoth\u00e9rapeute qu'il exerce depuis 2015, l'ont amen\u00e9 \u00e0 \u00e9crire une critique multi-dimensionnelle du capitalisme, vue par le prisme des sciences humaines et sociales.","authors":["Bogdan Vitas Bogino"],"category_codes":["9000000","9080000","9080300","9080303"],"visuals":{"large":"https:\/\/images.epagine.fr\/038\/9782379664038_1_75.jpg","medium":"https:\/\/images.epagine.fr\/038\/9782379664038_1_m.jpg","thumbnail":"https:\/\/images.epagine.fr\/038\/9782379664038_1_v.jpg"},"orderable":true,"show_badge":true,"formatted_price":"19,00&nbsp;\u20ac","formatted_published_date":"28 avril 2026","publisher_availability_label":"Sur commande","short_details":"Bogdan Vitas Bogino \u2014 L'Alchimiste","translator":null,"weight":146,"page_count":160,"readership":null,"editor":"L'Alchimiste","price":1900,"published_date":"2026-04-27T22:00:00.000000Z","support":"Grand format","publisher_availability":1,"stock":0,"editions":[],"url":"https:\/\/quaidesbrumes.com\/ouvrage\/9782379664038\/conscience-capitale"},{"id":"9782130549024","title":"La sant\u00e9 au miroir de l'\u00e9conomie","description":"La collection \"Sociologies\", dirig\u00e9e par Raymond Boudon, membre de l'Institut, professeur \u00e0 l'Universit\u00e9 de Paris IV-Sorbonne, r\u00e9unit des contributions vari\u00e9es par les sujets abord\u00e9s, par les orientations politiques g\u00e9n\u00e9rales des auteurs, mais utilisant un paradigme commun qui pr\u00e9figure une science sociale g\u00e9n\u00e9rale transcendant les barri\u00e8res disciplinaires. \r\n","authors":["Daniel Benamouzig"],"category_codes":["9000000","9080000","9080200","9080204"],"visuals":{"large":"https:\/\/images.epagine.fr\/024\/9782130549024_1_75.jpg","medium":"https:\/\/images.epagine.fr\/024\/9782130549024_1_m.jpg","thumbnail":"https:\/\/images.epagine.fr\/024\/9782130549024_1_v.jpg"},"orderable":true,"show_badge":true,"formatted_price":"34,50&nbsp;\u20ac","formatted_published_date":"2 novembre 2005","publisher_availability_label":"Sur commande","short_details":"Daniel Benamouzig \u2014 PUF","translator":null,"weight":646,"page_count":496,"readership":null,"editor":"PUF","price":3450,"published_date":"2005-11-01T23:00:00.000000Z","support":"Grand format","publisher_availability":1,"stock":0,"editions":[],"url":"https:\/\/quaidesbrumes.com\/ouvrage\/9782130549024\/la-sante-au-miroir-de-leconomie"},{"id":"9782840164760","title":"Spinoza et le temps","description":"Issu d'une conf\u00e9rence consacr\u00e9e \u00e0 Spinoza, ce petit ouvrage nous propose une exp\u00e9rimentation philosophique audacieuse. Que se passe-t-il si nous r\u00e9introduisons le temps vivant dans la doctrine de la Substance \u00e9ternelle, au point d'en faire un attribut de Dieu? L'hypoth\u00e8se d'une r\u00e9alit\u00e9 en devenir conduit \u00e0 red\u00e9ployer le syst\u00e8me de l'\u00c9thique dans l'espace-temps \u00e0 quatre dimensions: sous l'appareil des d\u00e9monstrations more geometrico se d\u00e9couvrent alors les intuitions profondes d'une pens\u00e9e qui nous est contemporaine malgr\u00e9 toute son \u00e9tranget\u00e9. Cette lecture cr\u00e9ative d'un classique de la m\u00e9taphysique apporte un nouvel \u00e9clairage \u00e0 des questions vitales, sinon intemporelles: la signification de la totalit\u00e9 (\u00ab Dieu \u00bb ou \u00ab Nature \u00bb) pour des \u00eatres finis, la possibilit\u00e9 de concilier l'esprit scientifique et le sentiment religieux, l'exaltation intellectuelle et la v\u00e9n\u00e9ration...\r\nPhilosophe juif n\u00e9 en Australie, professeur \u00e0 Oxford puis \u00e0 Manchester, Samuel Alexander (1859-1938) est l'auteur d'une oeuvre originale et m\u00e9connue touchant des questions de m\u00e9taphysique, d'\u00e9thique et de philosophie de la religion. H\u00e9ritier d'Einstein et de Darwin, proche des \u00ab nouveaux r\u00e9alistes \u00bb de l'\u00e9cole anglaise (Russell) et du courant \u00ab \u00e9mergentiste \u00bb (Lloyd Morgan, Broad), il fut l'un de ceux qui, \u00e0 l'instar de Bergson et Whitehead, affirm\u00e8rent avec force la n\u00e9cessit\u00e9 de \u00ab prendre le temps au s\u00e9rieux \u00bb.","authors":["Samuel Alexander","Ulysse Gadiou","Elie During"],"category_codes":["9000000","9080000"],"visuals":{"large":"https:\/\/images.epagine.fr\/760\/9782840164760_1_75.jpg","medium":"https:\/\/images.epagine.fr\/760\/9782840164760_1_m.jpg","thumbnail":"https:\/\/images.epagine.fr\/760\/9782840164760_1_v.jpg"},"orderable":true,"show_badge":true,"formatted_price":"10,00&nbsp;\u20ac","formatted_published_date":"16 d\u00e9cembre 2021","publisher_availability_label":"Sur commande","short_details":"Samuel Alexander, Ulysse Gadiou, Elie During \u2014 PU de Paris Nanterre","translator":null,"weight":150,"page_count":201,"readership":null,"editor":"PU de Paris Nanterre","price":1000,"published_date":"2021-12-15T23:00:00.000000Z","support":"Grand format","publisher_availability":1,"stock":0,"editions":[],"url":"https:\/\/quaidesbrumes.com\/ouvrage\/9782840164760\/spinoza-et-le-temps"},{"id":"9782840163602","title":"Maurice Blanchot et l'Allemagne","description":"D\u00e8s ses premi\u00e8res critiques litt\u00e9raires, Maurice Blanchot a comment\u00e9 les plus grands \u00e9crivains allemands: Kafka, Thomas Mann, Rilke, Goethe, Eckermann, H\u00f6lderlin, Nietzsche, Musil, Broch, Hesse, Celan... Blanchot a toujours lu en allemand. Il conna\u00eet parfaitement la philosophie de Hegel \u00e0 Heidegger, de Scholem \u00e0 Adorno, ainsi que les oeuvres critiques de la litt\u00e9rature et la philosophie allemandes. La plupart de ses oeuvres portent d'ailleurs les traces de la culture allemande: les romantiques pour l'\u00e9criture fragmentaire, Kafka pour les premiers romans, ou encore Thomas Mann pour certains motifs litt\u00e9raires. Il n'est pas rare en fait de trouver dans les romans ou les r\u00e9cits de Blanchot des citations \u00e0 peine r\u00e9\u00e9crites de certaines oeuvres germanophones.\r\nCet ouvrage a pour intention de faire le point sur ces correspondances de pens\u00e9e tout en insistant sur des auteurs plus secondaires pour Blanchot comme Ma\u00eetre Eckhart, Leibniz, Novalis, Heidegger,\r\nWittgenstein, Schelling, Benjamin, Freud...","authors":["Hugues Choplin","Eric Hoppenot","Alain Milon"],"category_codes":["9000000","9080000"],"visuals":{"large":"https:\/\/images.epagine.fr\/602\/9782840163602_1_75.jpg","medium":"https:\/\/images.epagine.fr\/602\/9782840163602_1_m.jpg","thumbnail":"https:\/\/images.epagine.fr\/602\/9782840163602_1_v.jpg"},"orderable":true,"show_badge":true,"formatted_price":"20,00&nbsp;\u20ac","formatted_published_date":"11 juin 2020","publisher_availability_label":"Sur commande","short_details":"Hugues Choplin, Eric Hoppenot, Alain Milon \u2014 PU de Paris Nanterre","translator":null,"weight":455,"page_count":322,"readership":null,"editor":"PU de Paris Nanterre","price":2000,"published_date":"2020-06-10T22:00:00.000000Z","support":"Grand format","publisher_availability":1,"stock":0,"editions":[],"url":"https:\/\/quaidesbrumes.com\/ouvrage\/9782840163602\/maurice-blanchot-et-lallemagne"},{"id":"9782348091179","title":"Ce que nous devons \u00e0 Ha\u00efti - R\u00e9flexions philosophiques sur la justice r\u00e9paratrice","description":"\u00c0 l'heure o\u00f9 les r\u00e9parations pour les injustices coloniales s'imposent comme un enjeu mondial, Ce que nous devons \u00e0 Ha\u00efti propose une approche in\u00e9dite. L'autrice prend appui sur le cas d'Ha\u00efti pour en faire un laboratoire des relations postcoloniales.\r\nL'autrice prend appui sur le cas d'Ha\u00efti - premier \u00c9tat issu d'une insurrection d'esclaves, contraint en 1825 de verser une \" ran\u00e7on \" \u00e0 la France pour obtenir sa reconnaissance - pour en faire un laboratoire des relations postcoloniales. \u00c0 partir de ce \" cas paradigmatique \", elle reprend et renouvelle les th\u00e9ories de la justice r\u00e9paratrice.","authors":["Magali Bessone"],"category_codes":["9000000","9080000"],"visuals":{"large":"https:\/\/images.epagine.fr\/179\/9782348091179_1_75.jpg","medium":"https:\/\/images.epagine.fr\/179\/9782348091179_1_m.jpg","thumbnail":"https:\/\/images.epagine.fr\/179\/9782348091179_1_v.jpg"},"orderable":false,"show_badge":true,"formatted_price":"21,00&nbsp;\u20ac","formatted_published_date":"20 ao\u00fbt 2026","publisher_availability_label":"\u00c0 para\u00eetre","short_details":"Magali Bessone \u2014 La d\u00e9couverte","translator":null,"weight":0,"page_count":262,"readership":null,"editor":"La d\u00e9couverte","price":2100,"published_date":"2026-08-19T22:00:00.000000Z","support":"Grand format","publisher_availability":2,"stock":0,"editions":[],"url":"https:\/\/quaidesbrumes.com\/ouvrage\/9782348091179\/ce-que-nous-devons-a-haiti-reflexions-philosophiques-sur-la-justice-reparatrice"},{"id":"9782100883936","title":"Les Sto\u00efciens \u00e0 la plage : \u00catre serein dans un transat","description":"Rester sto\u00efque. L'adjectif pass\u00e9 dans le langage courant invite \u00e0 demeurer impassible, \u00e0 rester de marbre face \u00e0 toute situation. Est-ce l\u00e0 le sens du sto\u00efcisme ? Est-ce l\u00e0 l'essence de cette \u00e9cole de  philosophie fond\u00e9e  par Z\u00e9non au IIIe si\u00e8cle av. J.-C. ? \r\nPhilosophe et vulgarisatrice de qualit\u00e9, H\u00e9l\u00e8ne Soumet revient sur la longue histoire de cette \u00e9cole philosophique, sa naissance et ses r\u00e9surgences au fil des si\u00e8cles, s'arr\u00eate sur ses penseurs principaux - Epict\u00e8te, Marc Aur\u00e8le ou encore  S\u00e9n\u00e8que - sans oublier d'exposer ce qu'est le stoicisme et d'en expliquer les concepts essentiels.\r\nSouvent per\u00e7u comme une philosophie qui aide \u00e0 mieux vivre, le sto\u00efcisme peut se faire outil  face aux al\u00e9as de la vie. Avec les sto\u00efciens, profitez de la plage en toute s\u00e9r\u00e9nit\u00e9  !","authors":["H\u00e9l\u00e8ne Soumet"],"category_codes":["9000000","9080000","9080400","9080406"],"visuals":{"large":"https:\/\/images.epagine.fr\/936\/9782100883936_1_75.jpg","medium":"https:\/\/images.epagine.fr\/936\/9782100883936_1_m.jpg","thumbnail":"https:\/\/images.epagine.fr\/936\/9782100883936_1_v.jpg"},"orderable":false,"show_badge":true,"formatted_price":"15,90&nbsp;\u20ac","formatted_published_date":"13 mai 2026","publisher_availability_label":"\u00c0 para\u00eetre","short_details":"H\u00e9l\u00e8ne Soumet \u2014 Dunod","translator":null,"weight":228,"page_count":176,"readership":null,"editor":"Dunod","price":1590,"published_date":"2026-05-12T22:00:00.000000Z","support":"Grand format","publisher_availability":2,"stock":0,"editions":[],"url":"https:\/\/quaidesbrumes.com\/ouvrage\/9782100883936\/les-stoiciens-a-la-plage-etre-serein-dans-un-transat"},{"id":"9782355222603","title":"Propagande officielle et pens\u00e9e libre","description":"La red\u00e9couverte d'un texte m\u00e9connu de l'un des philosophes majeurs du XXe si\u00e8cle.\r\nAu d\u00e9but des ann\u00e9es 1920, le philosophe Bertrand Russell d\u00e9masque les techniques naissantes de la propagande moderne et r\u00e9fl\u00e9chit aux moyens d'y r\u00e9sister. Court, percutant, visionnaire, ce texte esquisse un programme d'autod\u00e9fense intellectuelle fond\u00e9 sur la pens\u00e9e libre. Un v\u00e9ritable antidote \u00e0  Propaganda d'Edward Bernays, plus actuel que jamais.","authors":["Bertrand Russell","Andr\u00e9 Bernard","Normand Baillargeon","Chantal Santerre"],"category_codes":["9000000","9080000","9080200","9080204"],"visuals":{"large":"https:\/\/images.epagine.fr\/603\/9782355222603_1_75.jpg","medium":"https:\/\/images.epagine.fr\/603\/9782355222603_1_m.jpg","thumbnail":"https:\/\/images.epagine.fr\/603\/9782355222603_1_v.jpg"},"orderable":false,"show_badge":true,"formatted_price":"14,00&nbsp;\u20ac","formatted_published_date":"7 mai 2026","publisher_availability_label":"\u00c0 para\u00eetre","short_details":"Bertrand Russell, Andr\u00e9 Bernard, Normand Baillargeon, Chantal Santerre \u2014 \u00c9ditions Zones","translator":"ANDRE BERNARD","weight":106,"page_count":72,"readership":null,"editor":"\u00c9ditions Zones","price":1400,"published_date":"2026-05-06T22:00:00.000000Z","support":"Grand format","publisher_availability":2,"stock":0,"editions":[],"url":"https:\/\/quaidesbrumes.com\/ouvrage\/9782355222603\/propagande-officielle-et-pensee-libre"},{"id":"9782763791135","title":"Deleuze au cin\u00e9ma","description":"A quoi le philosophe Gilles Deleuze est-il attentif quand il d\u00e9crit une image, analyse un r\u00e9cit ou fait le portrait d'un personnage? Quelle valeur accorde-t-il aux couleurs, aux enjeux d'un drame ou aux grimaces d'un acteur? Pourquoi s'attache-t-il autant aux auteurs, \u00e0 Resnais, Visconti, Welles, mais aussi \u00e0 Ingrid Bergman, \u00e0 Jerry Lewis et \u00e0 la petite bonne d'Umberto D? Que penser de sa singuli\u00e8re pratique interdisciplinaire, qui va de la math\u00e9matique \u00e0 la boulangerie? Peut-on vraiment prendre au s\u00e9rieux le philosophe lorsqu'il d\u00e9fend une histoire s'apparentant \u00e0 un classement des animaux ou des plantes? Et que faut-il comprendre du but qu'il assigne \u00e0 sa m\u00e9thode: faire le concept d'une image, c'est en d\u00e9gager l'\u00e9v\u00e9nement? La connaissance de cette m\u00e9thode doit rendre la philosophie deleuzienne du cin\u00e9ma assez ordinaire pour que l'apprenti puisse l'explorer en toute confiance et assez vuln\u00e9rable pour que l'\u00e9clair\u00e9 puisse la d\u00e9tester en toute connaissance de cause, mais, surtout, elle doit entra\u00eener chacun de nous dans l'\u00e9valuation de son propre savoir-faire.\r\nTels sont les mille plateaux explor\u00e9s par cet ouvrage.","authors":["Serge Cardinal"],"category_codes":["9000000","9080000","9080200","9080204"],"visuals":{"large":"https:\/\/images.epagine.fr\/135\/9782763791135_1_75.jpg","medium":"https:\/\/images.epagine.fr\/135\/9782763791135_1_m.jpg","thumbnail":"https:\/\/images.epagine.fr\/135\/9782763791135_1_v.jpg"},"orderable":true,"show_badge":true,"formatted_price":"27,00&nbsp;\u20ac","formatted_published_date":"27 janvier 2011","publisher_availability_label":"Sur commande","short_details":"Serge Cardinal \u2014 Presses De L'Universite De Laval","translator":null,"weight":601,"page_count":231,"readership":null,"editor":"Presses De L'Universite De Laval","price":2700,"published_date":"2011-01-26T23:00:00.000000Z","support":"Grand format","publisher_availability":1,"stock":0,"editions":[],"url":"https:\/\/quaidesbrumes.com\/ouvrage\/9782763791135\/deleuze-au-cinema"},{"id":"9782492571268","title":"Vivre sur les cimes : Le sens de la terre dans la philosophie de Friedrich Nietzsche","description":"Qu'entendait exactement Nietzsche - l'un des penseurs les plus influents de toute l'histoire de la philosophie - par \u00ab le sens de la terre \u00bb ?\r\nAristocratisme radical, philosophie v\u00e9cue, vitalisme, r\u00e9alisme biologique, importance d'une m\u00e9thode de la probit\u00e9, immanentisme, \u00e9loge des instincts, retour au corps, lutte contre la d\u00e9cadence - et, mieux encore, contre sa propre d\u00e9cadence int\u00e9rieure - : autant d'\u00e9l\u00e9ments fondamentaux, et en un sens largement r\u00e9volutionnaires, que Nietzsche propose \u00e0 l'humanit\u00e9. Ou plut\u00f4t, \u00e0 une partie d'entre elle seulement.\r\nCar le sens de la terre, chez Nietzsche, est une philosophie exigeante destin\u00e9e \u00e0 une minorit\u00e9 : celle de rares \u00e9lus qui auraient trouv\u00e9 en eux la force de vivre d'une grande sant\u00e9 en osant emprunter des sentiers escarp\u00e9s les conduisant jusqu'aux plus hautes cimes.\r\nUn tel appel est toujours d'une utilit\u00e9 capitale au sein de notre \u00e9poque d\u00e9mocratique, \u00e9galitariste, mercantile, et \u00f4 combien \u00e9prise de sa propre m\u00e9diocrit\u00e9.\r\nL'auteur, jeune universitaire en philosophie collaborant d\u00e9j\u00e0 \u00e0 de nombreuses revues, propose ici une synth\u00e8se claire et \u00e9rudite d'une pens\u00e9e majeure.","authors":["Fran\u00e7ois Plat Colonna"],"category_codes":["9000000","9080000","9080700","9080702"],"visuals":{"large":"https:\/\/images.epagine.fr\/268\/9782492571268_1_75.jpg","medium":"https:\/\/images.epagine.fr\/268\/9782492571268_1_m.jpg","thumbnail":"https:\/\/images.epagine.fr\/268\/9782492571268_1_v.jpg"},"orderable":true,"show_badge":true,"formatted_price":"20,00&nbsp;\u20ac","formatted_published_date":"1er septembre 2025","publisher_availability_label":"Sur commande","short_details":"Fran\u00e7ois Plat Colonna \u2014 H\u00e9tairie","translator":null,"weight":217,"page_count":194,"readership":null,"editor":"H\u00e9tairie","price":2000,"published_date":"2025-08-31T22:00:00.000000Z","support":"Grand format","publisher_availability":1,"stock":0,"editions":[],"url":"https:\/\/quaidesbrumes.com\/ouvrage\/9782492571268\/vivre-sur-les-cimes-le-sens-de-la-terre-dans-la-philosophie-de-friedrich-nietzsche"},{"id":"9782840163343","title":"Vie bonne, vulnerabilit\u00e9, commun(s) ; sch\u00e8mes anciens et usages contemporains","description":"Vie bonne, vuln\u00e9rabilit\u00e9, communs sont des th\u00e8mes privil\u00e9gi\u00e9s du d\u00e9bat \u00e9thique, social et politique contemporain. Ces th\u00e9matiques font retour sur une sc\u00e8ne philosophique longtemps occup\u00e9e par la formulation kantienne de la question morale et de la loi et le mod\u00e8le d'une philosophie politique ne laissant aucune place \u00e0 l'exp\u00e9rience concr\u00e8te des individus. Ce faisant, la philosophie contemporaine retrouve l\u00e0 des pr\u00e9occupations ch\u00e8res \u00e0 l'Antiquit\u00e9 sur les genres de vie, le pouvoir de la n\u00e9cessit\u00e9 et la fragilit\u00e9 humaine, l'organisation de la polis et la r\u00e9partition de ses biens communs. R\u00e9unissant des chercheurs sp\u00e9cialistes en philosophie ancienne et en philosophie contemporaine, le pr\u00e9sent ouvrage entend ainsi ouvrir un dialogue afin de comprendre le sens, la n\u00e9cessit\u00e9 et les modalit\u00e9s non pas d'un \u00ab retour \u00bb aux Anciens, mais d'un \u00ab d\u00e9tour \u00bb par les Anciens pour penser le pr\u00e9sent et l'actualit\u00e9 socio-politique que l'on trouve chez nombre d'auteurs contemporains. Adorno, Agamben, Castoriadis, Nussbaum, Butler, sont mis en dialogue avec Platon, Aristote et les Cyniques.\r\n\r\n\u00c0 travers ce croisement et ces effets d'aller-retour, les diverses contributions permettent d'\u00e9tablir un dialogue entre Antiquit\u00e9 et philosophie contemporaine pour faire \u00e9merger des concepts et des sch\u00e8mes permettant de mieux penser notre actualit\u00e9","authors":["Sandrine Alexandre","Haud Gu\u00e9guen","Olivier Renaut"],"category_codes":["9000000","9080000","9080700"],"visuals":{"large":"https:\/\/images.epagine.fr\/343\/9782840163343_1_75.jpg","medium":"https:\/\/images.epagine.fr\/343\/9782840163343_1_m.jpg","thumbnail":"https:\/\/images.epagine.fr\/343\/9782840163343_1_v.jpg"},"orderable":true,"show_badge":true,"formatted_price":"15,00&nbsp;\u20ac","formatted_published_date":"29 ao\u00fbt 2019","publisher_availability_label":"Sur commande","short_details":"Sandrine Alexandre, Haud Gu\u00e9guen, Olivier Renaut \u2014 PU de Paris Nanterre","translator":null,"weight":252,"page_count":186,"readership":null,"editor":"PU de Paris Nanterre","price":1500,"published_date":"2019-08-28T22:00:00.000000Z","support":"Grand format","publisher_availability":1,"stock":0,"editions":[],"url":"https:\/\/quaidesbrumes.com\/ouvrage\/9782840163343\/vie-bonne-vulnerabilite-communs-schemes-anciens-et-usages-contemporains"},{"id":"9782246690832","title":"La r\u00e8gle du jeu n.30 : psychanalyse contre-attaque","description":"Contributions : Laurent Dispot, Marc Villemain, Fred Vargas, Pascal Kan\u00e9.\r\nDossier : Psychanalyse, contre-attaque.","authors":["Revue La Regle Du Jeu"],"category_codes":["9000000","9080000"],"visuals":{"large":"https:\/\/images.epagine.fr\/832\/9782246690832_1_75.jpg","medium":"https:\/\/images.epagine.fr\/832\/9782246690832_1_m.jpg","thumbnail":"https:\/\/images.epagine.fr\/832\/9782246690832_1_v.jpg"},"orderable":true,"show_badge":true,"formatted_price":"20,00&nbsp;\u20ac","formatted_published_date":"18 janvier 2006","publisher_availability_label":"Sur commande","short_details":"Revue La Regle Du Jeu \u2014 \u00c9ditions Grasset","translator":null,"weight":429,"page_count":320,"readership":null,"editor":"\u00c9ditions Grasset","price":2000,"published_date":"2006-01-17T23:00:00.000000Z","support":"Revue","publisher_availability":1,"stock":0,"editions":[],"url":"https:\/\/quaidesbrumes.com\/ouvrage\/9782246690832\/la-regle-du-jeu-n30-psychanalyse-contre-attaque"},{"id":"9782246690863","title":"La r\u00e8gle du jeu n.33 : Benny L\u00e9vy, t\u00e9moignages","description":"Trois dossiers pour ce num\u00e9ro de la r\u00e8gle du jeu n\u00b033 : 1 -  Anna Politovskaia   deux articles de la journaliste russe composent ce num\u00e9ro de la r\u00e8gle du jeu.2 -  Un hommage \u00e0 Benny L\u00e9vy avec les contributions d'Alain Fienkelkraut  et de Bernard-Henri L\u00e9vy.3 -  Isra\u00ebl, 40 ans apr\u00e8s la guerre des 6 jours : des intellectuels et des personnalit\u00e9s politiques nous exposent leur point de vue.4 -  Chronique de Laurent Dispot.","authors":["Revue La Regle Du Jeu"],"category_codes":["9000000","9080000"],"visuals":{"large":"https:\/\/images.epagine.fr\/863\/9782246690863_1_75.jpg","medium":"https:\/\/images.epagine.fr\/863\/9782246690863_1_m.jpg","thumbnail":"https:\/\/images.epagine.fr\/863\/9782246690863_1_v.jpg"},"orderable":true,"show_badge":true,"formatted_price":"20,00&nbsp;\u20ac","formatted_published_date":"17 janvier 2007","publisher_availability_label":"Sur commande","short_details":"Revue La Regle Du Jeu \u2014 \u00c9ditions Grasset","translator":null,"weight":387,"page_count":283,"readership":null,"editor":"\u00c9ditions Grasset","price":2000,"published_date":"2007-01-16T23:00:00.000000Z","support":"Revue","publisher_availability":1,"stock":0,"editions":[],"url":"https:\/\/quaidesbrumes.com\/ouvrage\/9782246690863\/la-regle-du-jeu-n33-benny-levy-temoignages"},{"id":"9782246741237","title":"La r\u00e8gle du jeu n.39 : aujourd'hui, le mal","description":"Contributions : Yann Moix, Bronislaw Geremek, C\u00e9cile Vaissi\u00e9, Laurent Dispot.\r\nDossier : Aujourd'hui, le mal.","authors":["Revue La Regle Du Jeu"],"category_codes":["9000000","9080000"],"visuals":{"large":"https:\/\/images.epagine.fr\/237\/9782246741237_1_75.jpg","medium":"https:\/\/images.epagine.fr\/237\/9782246741237_1_m.jpg","thumbnail":"https:\/\/images.epagine.fr\/237\/9782246741237_1_v.jpg"},"orderable":true,"show_badge":true,"formatted_price":"20,00&nbsp;\u20ac","formatted_published_date":"7 janvier 2009","publisher_availability_label":"Sur commande","short_details":"Revue La Regle Du Jeu \u2014 \u00c9ditions Grasset","translator":null,"weight":380,"page_count":276,"readership":null,"editor":"\u00c9ditions Grasset","price":2000,"published_date":"2009-01-06T23:00:00.000000Z","support":"Revue","publisher_availability":1,"stock":0,"editions":[],"url":"https:\/\/quaidesbrumes.com\/ouvrage\/9782246741237\/la-regle-du-jeu-n39-aujourdhui-le-mal"},{"id":"9782745331106","title":"Les identit\u00e9s multiples d'Emile Meyerson","description":"Aux marges du syst\u00e8me universitaire, \u00c9mile Meyerson (1859- 1933) b\u00e2tit une oeuvre de philosophie des sciences en autodidacte. Il est reconnu comme le \u00ab p\u00e8re de l'\u00e9pist\u00e9mologie \u00bb d\u00e8s son premier livre Identit\u00e9 et r\u00e9alit\u00e9 (1908) et conquiert une r\u00e9putation internationale. Mais philosophe n'est que l'une des multiples identit\u00e9s de ce Juif polonais install\u00e9 \u00e0 Paris en 1882. Pendant un demi-si\u00e8cle, employ\u00e9 \u00e0 la Jewish Colonization Association, il se trouve m\u00eal\u00e9 \u00e0 quelques \u00e9v\u00e9nements historiques marquants comme l'Affaire Dreyfus, la r\u00e9volution et l'effondrement de l'Empire russe, la D\u00e9claration Balfour, la disparition des Empires ottoman, allemand et austro-hongrois. Ces bouleversements et l'\u00e9mergence du mouvement sioniste n\u00e9cessitent la r\u00e9organisation de la vie des Juifs dans les nouveaux cadres de l'Europe et l'installation de structures d'accueil pour ceux qui s'installent en Palestine. Cette biographie, la premi\u00e8re, co\u00e9crite par une philosophe, Bernadette Bensaude-Vincent, et une historienne, Eva Telkes-Klein, offre de nouveaux \u00e9clairages sur les milieux juifs intellectuels parisiens et sur la tradition fran\u00e7aise d'\u00e9pist\u00e9mologie. Les auteurs ont d\u00e9j\u00e0 publi\u00e9 plusieurs ouvrages consacr\u00e9s \u00e0 \u00c9mile Meyerson.","authors":["Bernadette Bensaude-vincent","Eva Telkes-klein"],"category_codes":["9000000","9080000","9080200","9080205"],"visuals":{"large":"https:\/\/images.epagine.fr\/106\/9782745331106_1_75.jpg","medium":"https:\/\/images.epagine.fr\/106\/9782745331106_1_m.jpg","thumbnail":"https:\/\/images.epagine.fr\/106\/9782745331106_1_v.jpg"},"orderable":true,"show_badge":true,"formatted_price":"60,00&nbsp;\u20ac","formatted_published_date":"27 octobre 2016","publisher_availability_label":"Sur commande","short_details":"Bernadette Bensaude-vincent, Eva Telkes-klein \u2014 Honore Champion","translator":null,"weight":580,"page_count":312,"readership":null,"editor":"Honore Champion","price":6000,"published_date":"2016-10-26T22:00:00.000000Z","support":"Grand format","publisher_availability":1,"stock":0,"editions":[],"url":"https:\/\/quaidesbrumes.com\/ouvrage\/9782745331106\/les-identites-multiples-demile-meyerson"},{"id":"9782336293349","title":"L'un multiple Tome 2 ; l'\u00eatre et l'unit\u00e9","description":"Apr\u00e8s L'\u00catre relationnel, L'Un multiple  est le second volume de L'\u00catre et l'Unit\u00e9. L'ontologie ne peut qu'affirmer et explorer l'unit\u00e9 comme \u00e9tant le reflet de la multiplicit\u00e9 et de l'intelligibilit\u00e9. Ainsi, l'unit\u00e9 et l'intelligibilit\u00e9 sont premi\u00e8res dans l'\u00eatre et se d\u00e9finissent l'une par l'autre...","authors":["Paul-emmanuel Stradda"],"category_codes":["9000000","9080000","9080200","9080204"],"visuals":{"large":"https:\/\/images.epagine.fr\/349\/9782336293349_1_75.jpg","medium":"https:\/\/images.epagine.fr\/349\/9782336293349_1_m.jpg","thumbnail":"https:\/\/images.epagine.fr\/349\/9782336293349_1_v.jpg"},"orderable":true,"show_badge":true,"formatted_price":"38,00&nbsp;\u20ac","formatted_published_date":"28 janvier 2014","publisher_availability_label":"Sur commande","short_details":"Paul-emmanuel Stradda \u2014 \u00c9ditions L'Harmattan","translator":null,"weight":525,"page_count":342,"readership":null,"editor":"\u00c9ditions L'Harmattan","price":3800,"published_date":"2014-01-27T23:00:00.000000Z","support":"Grand format","publisher_availability":1,"stock":0,"editions":[],"url":"https:\/\/quaidesbrumes.com\/ouvrage\/9782336293349\/lun-multiple-tome-2-letre-et-lunite"},{"id":"9782745319739","title":"L'histoire et la philosophie des sciences \u00e0 la lumi\u00e8re de l'oeuvre d'Emile Meyerson (1859-1933)","description":"L'ouverture du fonds d'archives de l'\u00e9pist\u00e9mologue \u00c9mile Meyerson, d\u00e9pos\u00e9e et catalogu\u00e9 aux Archives sionistes centrales, \u00e0 J\u00e9rusalem, suscite un regain d'int\u00e9r\u00eat de la part des historiens et des philosophes des sciences, qui a entretenu une correspondance avec toutes figures majeures de son \u00e9poque. L'ouvrage propos\u00e9 ici exploite largement cette source et fait l'analyse des apports de ce philosophe : immigr\u00e9 juif polonais install\u00e9 \u00e0 Paris en 1882, il r\u00e9ussit \u00e0 s'imposer dans le monde intellectuel de l'\u00e9poque, tant en France qu'\u00e0 l'\u00e9tranger, malgr\u00e9 des activit\u00e9s professionnelles \u00e9trang\u00e8res \u00e0 la philosophie. Ce premier recueil de textes montre l'originalit\u00e9 de la pens\u00e9e de Meyerson, qui s'inscrit \u00e0 contre-courant du positivisme fran\u00e7ais. Il utilise sa formation de chimiste dans son mode de pens\u00e9e et l'histoire des sciences est au centre de sa r\u00e9flexion. La question de la persistance de son rayonnement aux Etats-Unis et de sa quasi-disparition en France, largement imputable aux critiques de Bachelard, est \u00e9galement trait\u00e9e ici.","authors":["Eva Telkes-klein","Elhanan Yakira"],"category_codes":["9000000","9080000","9080300","9080304"],"visuals":{"large":"https:\/\/images.epagine.fr\/739\/9782745319739_1_75.jpg","medium":"https:\/\/images.epagine.fr\/739\/9782745319739_1_m.jpg","thumbnail":"https:\/\/images.epagine.fr\/739\/9782745319739_1_v.jpg"},"orderable":true,"show_badge":true,"formatted_price":"59,00&nbsp;\u20ac","formatted_published_date":"22 juin 2010","publisher_availability_label":"Sur commande","short_details":"Eva Telkes-klein, Elhanan Yakira \u2014 Honore Champion","translator":null,"weight":580,"page_count":248,"readership":null,"editor":"Honore Champion","price":5900,"published_date":"2010-06-21T22:00:00.000000Z","support":"Grand format","publisher_availability":1,"stock":0,"editions":[],"url":"https:\/\/quaidesbrumes.com\/ouvrage\/9782745319739\/lhistoire-et-la-philosophie-des-sciences-a-la-lumiere-de-loeuvre-demile-meyerson-1859-1933"},{"id":"9782840162971","title":"L'\u00e9thique du survivant ; Levinas, une philosophie de la d\u00e9b\u00e2cle","description":"Ce livre propose une trajectoire \u00e0 la double signification.\r\nIl part \u00e0 la recherche d'une philosophie aussi pessimiste qu'optimiste, pour nous qui survivons dans l'ombre port\u00e9e de l'\u00e9v\u00e9nement traumatique de la d\u00e9b\u00e2cle et d\u00e9j\u00e0 aupr\u00e8s de gouffres insoup\u00e7onn\u00e9s, jusqu'ici inimaginables - exemplairement, dans la possibilit\u00e9 effective de la fin du monde, de notre monde, pour ainsi dire au sens litt\u00e9ral.\r\nIl propose une lecture de Levinas. Pour ce faire, il s'int\u00e9resse plus particuli\u00e8rement \u00e0 deux moments de l'oeuvre, disons, tout simplement et au risque d'une l\u00e9g\u00e8re simplification, le d\u00e9but et la fin: de la d\u00e9b\u00e2cle travers\u00e9e par le captif (les textes de la p\u00e9riode de guerre - les Carnets de captivit\u00e9, les romans inachev\u00e9s, et De l'existence \u00e0 l'existant??) vers le survivant et son \u00e9thique impitoyable.","authors":["Fran\u00e7ois-David Sebbah"],"category_codes":["9000000","9080000","9080300","9080303"],"visuals":{"large":"https:\/\/images.epagine.fr\/971\/9782840162971_1_75.jpg","medium":"https:\/\/images.epagine.fr\/971\/9782840162971_1_m.jpg","thumbnail":"https:\/\/images.epagine.fr\/971\/9782840162971_1_v.jpg"},"orderable":true,"show_badge":true,"formatted_price":"10,00&nbsp;\u20ac","formatted_published_date":"24 avril 2018","publisher_availability_label":"Sur commande","short_details":"Fran\u00e7ois-David Sebbah \u2014 PU de Paris Nanterre","translator":null,"weight":93,"page_count":86,"readership":null,"editor":"PU de Paris Nanterre","price":1000,"published_date":"2018-04-23T22:00:00.000000Z","support":"Grand format","publisher_availability":1,"stock":0,"editions":[],"url":"https:\/\/quaidesbrumes.com\/ouvrage\/9782840162971\/lethique-du-survivant-levinas-une-philosophie-de-la-debacle"},{"id":"9782840163619","title":"Lacan avec les philosophes","description":"En 1991, \u00e0 l'initiative du Coll\u00e8ge international de philosophie, philosophes et psychanalystes ont\r\nd\u00e9battu des rapports multiples et complexes de l'oeuvre de Jacques Lacan avec les philosophes\r\net la philosophie. Le colloque \u00ab Lacan avec les philosophes \u00bb entendait rendre l'hommage qui lui \u00e9tait d\u00fb, dix ans apr\u00e8s sa mort, \u00e0 celui qui, plus que tout autre, a voulu sortir la psychanalyse d'un dangereux repliement sur elle-m\u00eame et renouer, en innovant, le d\u00e9bat que Freud n'avait cess\u00e9 d'entretenir avec les intellectuels de son temps sur les questions les plus vives pour la civilisation.\r\nLes th\u00e8mes essentiels qui jalonnent la pens\u00e9e de Lacan \u00e0 partir de l'exp\u00e9rience psychanalytique et\r\navec les philosophes sont abord\u00e9s: l'\u00e9thique; l'id\u00e9e du symbolisme; Lacan avec Platon; la triplicit\u00e9 du\r\nsymbolique, du r\u00e9el et de l'imaginaire; la Parole et la V\u00e9rit\u00e9; le statut de la n\u00e9gation; la th\u00e9orie du\r\nsujet; la psychanalyse et la science moderne; psychanalyse et d\u00e9construction avec Jacques Derrida.\r\nDes philosophes soutenant des positions parfois tr\u00e8s divergentes, des psychanalystes de divers courants, ont apport\u00e9 leur contribution \u00e0 ce colloque qui est devenu une r\u00e9f\u00e9rence pour la pens\u00e9e et a marqu\u00e9 l'histoire du Coll\u00e8ge international de philosophie de son archive inestimable.\r\nOnt contribu\u00e9 \u00e0 cet ouvrage\u00a0: Natalia Avtonomova, Alain Badiou, Etienne Balibar, Fran\u00e7ois Baudry, Mikkel Borch-Jacobsen, Claude Cont\u00e9, Michel Deguy, Jacques Derrida, Elie Doumit, Fran\u00e7oise Duroux, Jorge Forbes, Jean-Joseph Goux, G\u00e9rard Granel, Patrick Guyomard, Paul Henry, Christian Jambet, Philippe Lacoue-Labarthe, Pierre Lavalle, Guy Le Gaufey, Andr\u00e9a Loparic, Nicole Loraux, Pierre Macherey, Ren\u00e9 Major, Stephen Melville, Jean-Claude Milner, Jean-Luc Nancy, Bertrand Ogilvie, Wiliam J. Richardson, Jacob Rogozinski, Elisabeth Roudinesco, Pierre-Andr\u00e9 Terzian, Jean-Michel Vappereau, Serge Viderman, Samuel Weber.","authors":["Alain Badiou","Jacques Derrida","Etienne Balibar","Jean-Luc Nancy","Elisabeth Roudinesco"],"category_codes":["9000000","9080000"],"visuals":{"large":"https:\/\/images.epagine.fr\/619\/9782840163619_1_75.jpg","medium":"https:\/\/images.epagine.fr\/619\/9782840163619_1_m.jpg","thumbnail":"https:\/\/images.epagine.fr\/619\/9782840163619_1_v.jpg"},"orderable":true,"show_badge":true,"formatted_price":"18,00&nbsp;\u20ac","formatted_published_date":"24 septembre 2020","publisher_availability_label":"Sur commande","short_details":"Alain Badiou, Jacques Derrida, Etienne Balibar, Jean-Luc Nancy, Elisabeth Roudinesco \u2014 PU de Paris Nanterre","translator":null,"weight":500,"page_count":201,"readership":null,"editor":"PU de Paris Nanterre","price":1800,"published_date":"2020-09-23T22:00:00.000000Z","support":"Grand format","publisher_availability":1,"stock":0,"editions":[],"url":"https:\/\/quaidesbrumes.com\/ouvrage\/9782840163619\/lacan-avec-les-philosophes"},{"id":"9782373060256","title":"Les imputrescibles","description":"Que pensez d'un corps sur lequel la nature n'a pas repris ses droits ? D'un corps imputrescible ?\r\n\r\nPour comprendre les m\u00e9canismes qui m\u00e8nent \u00e0 la pr\u00e9servation naturelle d'une d\u00e9pouille, il faut tout d'abord saisir ceux qui aboutissent \u00e0 sa disparition puis, petit-\u00e0-petit, observer les variations, parfois infimes, qui d\u00e9traquent le processus naturelle de d\u00e9composition : des corps de saints aux sokushinbutsu en passant par les corps profanes, c'est toute la gamme des interpr\u00e9tations que l'homme f\u00eet de ces imputrescibles qui est abord\u00e9e dans cet opus myst\u00e9rieux.","authors":["Nicolas Delestre"],"category_codes":["9000000","9080000","9080200","9080203"],"visuals":{"large":"https:\/\/images.epagine.fr\/256\/9782373060256_1_75.jpg","medium":"https:\/\/images.epagine.fr\/256\/9782373060256_1_m.jpg","thumbnail":"https:\/\/images.epagine.fr\/256\/9782373060256_1_v.jpg"},"orderable":true,"show_badge":true,"formatted_price":"9,00&nbsp;\u20ac","formatted_published_date":"13 avril 2018","publisher_availability_label":"Sur commande","short_details":"Nicolas Delestre \u2014 Les \u00c9ditions du Murmure","translator":null,"weight":96,"page_count":104,"readership":null,"editor":"Les \u00c9ditions du Murmure","price":900,"published_date":"2018-04-12T22:00:00.000000Z","support":"Poche","publisher_availability":1,"stock":0,"editions":[],"url":"https:\/\/quaidesbrumes.com\/ouvrage\/9782373060256\/les-imputrescibles"},{"id":"9782958121754","title":"Recherches sur Diderot et sur l'encyclop\u00e9die n.60","description":"Franck SALA\u00dcN : Pr\u00e9sentation Emmanuel BOUSSUGE, [Les Quatorze Raisons]. Un in\u00e9dit de Diderot (1768) Dossier : Diderot et les mod\u00e8les (2) St\u00e9phane LOJKINE : Pr\u00e9sentation du dossier Pierre L\u00c9GER, Ma\u00eetre des syst\u00e9matiques ou guide philosophique ? Diderot face au mod\u00e8le platonicien V\u00e9ronique LE RU, Diderot face au mod\u00e8le de l'astronome qui prend le point de vue du dessus Matteo MARCHESCHI, Le moule et le mod\u00e8le : l'exp\u00e9rience et la norme dans la Lettre sur les aveugles et De l'interpr\u00e9tation de la nature Giuseppe DI LIBERTI, Le philosophe et l'antiquaire. Diderot et la querelle de la peinture en cire St\u00e9phane LOJKINE, Une \u00e9conomie du fant\u00f4me : la mod\u00e9lisation du mod\u00e8le dans la section Sculpture du Salon de 1765 Varia Shelly CHARLES, Se mettre \u00e0 la place d'un sc\u00e9l\u00e9rat : Diderot et le paradoxe de Lovelace Pierre BOUTIN, Le dictionnaire de Boullanger retrouv\u00e9 Yves DESRICHARD, Les adaptations cin\u00e9matographiques et t\u00e9l\u00e9visuelles de Jacques le Fataliste Gerhardt STENGER, Recherches nouvelles sur l'Encyclop\u00e9die Antony McKENNA et Gianluca MORI, Simon ou Delespine : Qui est l'imprimeur des Pens\u00e9es philosophiques de Diderot (1746) ? Glanes Fran\u00e7oise LAUNAY, Jean Veugny (1705-1762), l'aveugle de la Lettre de Diderot Gerhardt STENGER, Sur quelques articles de Saint-Lambert pour l'Encyclop\u00e9die : \u00e0 propos d'un manuscrit inconnu Emmanuel BOUSSUGE et Fran\u00e7oise LAUNAY, Les Lettres de Lauraguais aux citoyens Lebreton et Cuvier (1802) Autographes et Documents","authors":["Collectif"],"category_codes":["9000000","9080000","9080600","9080604"],"visuals":{"large":"https:\/\/images.epagine.fr\/754\/9782958121754_1_75.jpg","medium":"https:\/\/images.epagine.fr\/754\/9782958121754_1_m.jpg","thumbnail":"https:\/\/images.epagine.fr\/754\/9782958121754_1_v.jpg"},"orderable":true,"show_badge":true,"formatted_price":"40,00&nbsp;\u20ac","formatted_published_date":"8 janvier 2026","publisher_availability_label":"Sur commande","short_details":"Collectif \u2014 Societe Diderot","translator":null,"weight":780,"page_count":336,"readership":null,"editor":"Societe Diderot","price":4000,"published_date":"2026-01-07T23:00:00.000000Z","support":"Revue","publisher_availability":1,"stock":0,"editions":[],"url":"https:\/\/quaidesbrumes.com\/ouvrage\/9782958121754\/recherches-sur-diderot-et-sur-lencyclopedie-n60"}]}