{"data":[{"id":"9782729825492","title":"Lectures de : Spinoza","description":"\r\n            s\u00e9parer le th\u00e9ologique du politique ; d\u00e9montrer la n\u00e9cessit\u00e9 de la libert\u00e9 d'expression ; d\u00e9fendre la d\u00e9mocratie comme r\u00e9gime \" absolu \" ; mettre en garde contre les haines toujours renouvel\u00e9es des foules : l'actualit\u00e9 de notre jeune xxv si\u00e8cle ne cesse de l\u00e9gitimer et de rel\u00e9gitimer la lecture de spinoza, toujours d\u00e9test\u00e9 et craint \u00e0 juste titre par les ennemis anciens et actuels de nos lumi\u00e8res.\r\n la maxime spinoziste \" ne pas d\u00e9tester, ne pas rire.  mais comprendre \", v\u00e9ritable r\u00e9sum\u00e9 de la philosophie, vaut \u00e9galement caution pour son histoire.  r\u00e9dig\u00e9 par les meilleurs sp\u00e9cialistes, le pr\u00e9sent volume peut ainsi proposer de la philosophie de spinoza une pr\u00e9sentation compr\u00e9hensive, globale et chronologique, qui se veut \u00e0 la fois une introduction compl\u00e8te et claire \u00e0 la doctrine, et un aper\u00e7u de ses interpr\u00e9tations les plus r\u00e9centes.\r\n\r\n        \r","authors":["Moreau Ramond"],"category_codes":["9000000","9080000","9080200","9080204"],"visuals":{"large":"https:\/\/images.epagine.fr\/492\/9782729825492_1_75.jpg","medium":"https:\/\/images.epagine.fr\/492\/9782729825492_1_m.jpg","thumbnail":"https:\/\/images.epagine.fr\/492\/9782729825492_1_v.jpg"},"orderable":true,"show_badge":true,"formatted_price":"31,00&nbsp;\u20ac","formatted_published_date":"12 avril 2006","publisher_availability_label":"Sur commande","short_details":"Moreau Ramond \u2014 \u00c9ditions Ellipses","translator":null,"weight":100,"page_count":312,"readership":null,"editor":"\u00c9ditions Ellipses","price":3100,"published_date":"2006-04-11T22:00:00.000000Z","support":"Grand format","publisher_availability":1,"stock":0,"editions":[],"url":"https:\/\/quaidesbrumes.com\/ouvrage\/9782729825492\/lectures-de-spinoza"},{"id":"9782140327452","title":"M\u00e9langes philosophiques Tome 7 : s\u00e9curit\u00e9 et paix en Afrique","description":"Le Volume VII de la revue M\u00e9langes Philosophiques apporte des \u00e9clairages sur la probl\u00e9matique de la S\u00e9curit\u00e9 et la Paix en Afrique. Il relate la polymorphie de la crise s\u00e9curitaire et ses causes culturelles, \u00e9conomiques, religieuses, politiques, anthropologiques, etc. En prenant acte des multiples causes de l'ins\u00e9curit\u00e9 en Afrique, chaque contributeur propose des pistes d'action \u00e0 mener pour que la souffrance des victimes du terrorisme, de la famine et de la pauvret\u00e9 soit entendue. Autant dire qu'on ne peut relier les conditions de la Paix \u00e0 une solution formelle et invariante. Cependant, les lignes de probl\u00e9matisation pos\u00e9es par les contributeurs tracent les sillons d'une paix durable en Afrique.\r","authors":["D\u00e9sir\u00e9 Any"],"category_codes":["9000000","9080000","9080700"],"visuals":{"large":"https:\/\/images.epagine.fr\/452\/9782140327452_1_75.jpg","medium":"https:\/\/images.epagine.fr\/452\/9782140327452_1_m.jpg","thumbnail":"https:\/\/images.epagine.fr\/452\/9782140327452_1_v.jpg"},"orderable":true,"show_badge":true,"formatted_price":"19,00&nbsp;\u20ac","formatted_published_date":"10 f\u00e9vrier 2023","publisher_availability_label":"Sur commande","short_details":"D\u00e9sir\u00e9 Any \u2014 \u00c9ditions L'Harmattan","translator":null,"weight":297,"page_count":186,"readership":null,"editor":"\u00c9ditions L'Harmattan","price":1900,"published_date":"2023-02-09T23:00:00.000000Z","support":"Grand format","publisher_availability":1,"stock":0,"editions":[],"url":"https:\/\/quaidesbrumes.com\/ouvrage\/9782140327452\/melanges-philosophiques-tome-7-securite-et-paix-en-afrique"},{"id":"9782340024632","title":"Introduction \u00e0 la philosophie contemporaine ; 21 auteurs cl\u00e9s","description":"21 fiches pr\u00e9sentant les grands noms de la philo contemporaine - Les th\u00e8mes importants etles concepts fondamentaux - Des extraits de textes comment\u00e9s.","authors":["Benjamin Nitzer"],"category_codes":["9000000","9080000","9080700"],"visuals":{"large":"https:\/\/images.epagine.fr\/632\/9782340024632_1_75.jpg","medium":"https:\/\/images.epagine.fr\/632\/9782340024632_1_m.jpg","thumbnail":"https:\/\/images.epagine.fr\/632\/9782340024632_1_v.jpg"},"orderable":true,"show_badge":true,"formatted_price":"22,00&nbsp;\u20ac","formatted_published_date":"11 septembre 2018","publisher_availability_label":"Sur commande","short_details":"Benjamin Nitzer \u2014 \u00c9ditions Ellipses","translator":null,"weight":382,"page_count":240,"readership":null,"editor":"\u00c9ditions Ellipses","price":2200,"published_date":"2018-09-10T22:00:00.000000Z","support":"Grand format","publisher_availability":1,"stock":0,"editions":[],"url":"https:\/\/quaidesbrumes.com\/ouvrage\/9782340024632\/introduction-a-la-philosophie-contemporaine-21-auteurs-cles"},{"id":"9782858162116","title":"Protogaea de l'aspect primitif de la terre","description":null,"authors":["Gottfried Wilhelm Leibniz"],"category_codes":["9000000","9080000","9080200","9080204"],"visuals":{"large":"https:\/\/images.epagine.fr\/116\/9782858162116_1_75.jpg","medium":"https:\/\/images.epagine.fr\/116\/9782858162116_1_m.jpg","thumbnail":"https:\/\/images.epagine.fr\/116\/9782858162116_1_v.jpg"},"orderable":true,"show_badge":true,"formatted_price":"17,07&nbsp;\u20ac","formatted_published_date":"1er novembre 1993","publisher_availability_label":"Sur commande","short_details":"Gottfried Wilhelm Leibniz \u2014 Pu Du Midi","translator":null,"weight":380,"page_count":250,"readership":null,"editor":"Pu Du Midi","price":1707,"published_date":"1993-10-31T23:00:00.000000Z","support":"Grand format","publisher_availability":1,"stock":0,"editions":[],"url":"https:\/\/quaidesbrumes.com\/ouvrage\/9782858162116\/protogaea-de-laspect-primitif-de-la-terre"},{"id":"9791097309725","title":"Poignard : L'absolu sensible","description":"La sensation est un \u00e9v\u00e9nement qui arrive \u00e0 l'existence du monde. Elle affirme le caract\u00e8re absolu du fait que ce qui est soit, et le laisse \u00e0 son myst\u00e8re. Ce livre est un manuel pratique. Il propose de voir dans l'attention sensible un rem\u00e8de \u00e0 la volont\u00e9 humaine de mettre le monde \u00e0 sa merci. Le sens sensible suffit \u00e0 fonder la confiance que nous pouvons avoir de \u00ab tenir \u00bb, mais \u00e0 rien : le monde n'a jamais que son existence pour essence, sans autre monde, miraculeusement. La langue grecque exprimait du m\u00eame mot le manuel de savoir vivre et le poignard. La philosophie coupe court et ne garde que le minimum : \u00eatre est. Dans ses convictions les plus utiles et les plus profondes elle s'incarne ainsi dans une attitude, un \u00ab port \u00bb, plut\u00f4t que dans la repr\u00e9sentation d'une v\u00e9rit\u00e9. Elle t\u00e9moigne de l'\u00e9motion attach\u00e9e \u00e0 l'\u00e9nonc\u00e9 du \u00ab petit mot est \u00bb, et de son pouvoir d'orienter nos vies.\r","authors":["Alain Chareyre-M\u00e9jan"],"category_codes":["9000000","9080000","9080700"],"visuals":{"large":"https:\/\/images.epagine.fr\/725\/9791097309725_1_75.jpg","medium":"https:\/\/images.epagine.fr\/725\/9791097309725_1_m.jpg","thumbnail":"https:\/\/images.epagine.fr\/725\/9791097309725_1_v.jpg"},"orderable":true,"show_badge":true,"formatted_price":"19,00&nbsp;\u20ac","formatted_published_date":"22 ao\u00fbt 2025","publisher_availability_label":"Sur commande","short_details":"Alain Chareyre-M\u00e9jan \u2014 Rouge Profond","translator":null,"weight":314,"page_count":null,"readership":"Tout public","editor":"Rouge Profond","price":1900,"published_date":"2025-08-21T22:00:00.000000Z","support":"Grand format","publisher_availability":1,"stock":0,"editions":[],"url":"https:\/\/quaidesbrumes.com\/ouvrage\/9791097309725\/poignard-labsolu-sensible"},{"id":"9782745350794","title":"Lib\u00e9ral, lib\u00e9ralit\u00e9, lib\u00e9ralisme : histoire et enjeux philosophiques, culturels et litt\u00e9raires","description":"En s'interrogeant sur les enjeux philosophiques, litt\u00e9raires, culturels et linguistiques des notions de lib\u00e9ralit\u00e9 et de lib\u00e9ralisme, dans leur lien avec l'adjectif \u00ab lib\u00e9ral \u00bb, cet ouvrage collectif sugg\u00e8re l'existence d'une g\u00e9n\u00e9alogie commune \u00e0 ces trois notions. Il dessine ainsi les rapports unissant ce qui convient \u00e0 l'homme libre et par extension \u00e0 ce qui permet de l'\u00e9duquer et d'\u00e9largir ses vues (arts lib\u00e9raux et \u00e9ducation lib\u00e9rale), la lib\u00e9ralit\u00e9 entendue comme largesse et g\u00e9n\u00e9rosit\u00e9 mais aussi comme vertu d'user avec mesure de l'argent, et enfin le lib\u00e9ralisme propre aux soci\u00e9t\u00e9s commer\u00e7antes, mais dont l'appel au seul march\u00e9 ne suffit pas \u00e0 pr\u00e9server la libert\u00e9 et la civilisation. Philosophes, litt\u00e9raires, historiens des id\u00e9es et sociologues se sont r\u00e9unis pour interroger les liens du lib\u00e9ralisme avec la lib\u00e9ralit\u00e9 et pour cerner de l'antiquit\u00e9 au XIXe si\u00e8cle ce que recouvrait l'appellation \u00ab \u00eatre lib\u00e9ral \u00bb.\r","authors":["Collectif","Eleonore Le Jalle","Fiona Mcintosh-varjabedian"],"category_codes":["9000000","9080000","9080600","9080604"],"visuals":{"large":"https:\/\/images.epagine.fr\/794\/9782745350794_1_75.jpg","medium":"https:\/\/images.epagine.fr\/794\/9782745350794_1_m.jpg","thumbnail":"https:\/\/images.epagine.fr\/794\/9782745350794_1_v.jpg"},"orderable":true,"show_badge":true,"formatted_price":"40,00&nbsp;\u20ac","formatted_published_date":"28 novembre 2018","publisher_availability_label":"Sur commande","short_details":"Collectif, Eleonore Le Jalle, Fiona Mcintosh-varjabedian \u2014 Honore Champion","translator":null,"weight":801,"page_count":254,"readership":null,"editor":"Honore Champion","price":4000,"published_date":"2018-11-27T23:00:00.000000Z","support":"Grand format","publisher_availability":1,"stock":0,"editions":[],"url":"https:\/\/quaidesbrumes.com\/ouvrage\/9782745350794\/liberal-liberalite-liberalisme-histoire-et-enjeux-philosophiques-culturels-et-litteraires"},{"id":"9782840161899","title":"L'h\u00e9roique et le champ\u00eatre Tome 2 ; appropriation et d\u00e9construction des th\u00e9ories","description":"Appropriation et d\u00e9construction des th\u00e9ories stylistiques dans la pratique des artistes et dans les modalit\u00e9s d'exposition des oeuvres.\r","authors":["Marianne Cojannot-le blanc","Claude Pouzadoux","Evelyne Prioux"],"category_codes":["9000000","9080000","9080200","9080204"],"visuals":{"large":"https:\/\/images.epagine.fr\/899\/9782840161899_1_75.jpg","medium":"https:\/\/images.epagine.fr\/899\/9782840161899_1_m.jpg","thumbnail":"https:\/\/images.epagine.fr\/899\/9782840161899_1_v.jpg"},"orderable":true,"show_badge":true,"formatted_price":"23,00&nbsp;\u20ac","formatted_published_date":"4 mars 2015","publisher_availability_label":"Sur commande","short_details":"Marianne Cojannot-le blanc, Claude Pouzadoux, Evelyne Prioux \u2014 PU de Paris Nanterre","translator":null,"weight":620,"page_count":388,"readership":null,"editor":"PU de Paris Nanterre","price":2300,"published_date":"2015-03-03T23:00:00.000000Z","support":"Grand format","publisher_availability":1,"stock":0,"editions":[],"url":"https:\/\/quaidesbrumes.com\/ouvrage\/9782840161899\/lheroique-et-le-champetre-tome-2-appropriation-et-deconstruction-des-theories"},{"id":"9782340030299","title":"La philosophie du bonheur et de la joie ; le bonheur \u00e0 l'horizon","description":"La notion de bonheur \u00e9tudi\u00e9e \u00e0 travers l'histoire de la philosophie.","authors":["Eric Delassus"],"category_codes":["9000000","9080000","9080200","9080201"],"visuals":{"large":"https:\/\/images.epagine.fr\/299\/9782340030299_1_75.jpg","medium":"https:\/\/images.epagine.fr\/299\/9782340030299_1_m.jpg","thumbnail":"https:\/\/images.epagine.fr\/299\/9782340030299_1_v.jpg"},"orderable":true,"show_badge":true,"formatted_price":"22,00&nbsp;\u20ac","formatted_published_date":"2 avril 2019","publisher_availability_label":"Sur commande","short_details":"Eric Delassus \u2014 \u00c9ditions Ellipses","translator":null,"weight":352,"page_count":208,"readership":null,"editor":"\u00c9ditions Ellipses","price":2200,"published_date":"2019-04-01T22:00:00.000000Z","support":"Grand format","publisher_availability":1,"stock":0,"editions":[],"url":"https:\/\/quaidesbrumes.com\/ouvrage\/9782340030299\/la-philosophie-du-bonheur-et-de-la-joie-le-bonheur-a-lhorizon"},{"id":"9782840163138","title":"Le\u00e7on d'\u00e9conomie g\u00e9n\u00e9rale : l'exp\u00e9rience-limite chez Bataille-Blanchot-Klossowski","description":"\u00ab Klossowski, Bataille, Blanchot, ont \u00e9t\u00e9 pour moi tr\u00e8s importants. Et je crains bien de n'avoir pas fait dans ce que j'ai \u00e9crit la part suffisante \u00e0 l'influence qu'ils ont d\u00fb avoir sur moi \u00bb: c'est en ces termes que Foucault reconna\u00eet sa dette \u00e0 l'\u00e9gard de ces trois auteurs qui ont profond\u00e9ment pes\u00e9 sur sa philosophie. Mais cette dette ne s'arr\u00eate pas \u00e0 Foucault \u00e9videmment. On la retrouve chez Deleuze et Derrida, et bien d'autres intellectuels plus contemporains.\r\nL'intention de cet ouvrage est de proposer un d\u00e9bat autour de l'importance de ces trois essayistes, eux-m\u00eames marqu\u00e9s par les s\u00e9minaires d'Alexandre Koj\u00e8ve sur Hegel de 1933 \u00e0 1939, sur la pens\u00e9e contemporaine. Leur lecture critique de la filiation Hegel-Marx-Koj\u00e8ve sera \u00e0 l'origine d'une pens\u00e9e autre de la discontinuit\u00e9, de la dissym\u00e9trie, de l'irr\u00e9versibilit\u00e9, de l'inconnu, de l'ind\u00e9termination, autrement dit une fa\u00e7on diff\u00e9rente de r\u00e9fl\u00e9chir sur la puissance d'une \u00e9criture hors langage pour reprendre l'expression de Blanchot.\r","authors":["Alain Milon"],"category_codes":["9000000","9080000"],"visuals":{"large":"https:\/\/images.epagine.fr\/138\/9782840163138_1_75.jpg","medium":"https:\/\/images.epagine.fr\/138\/9782840163138_1_m.jpg","thumbnail":"https:\/\/images.epagine.fr\/138\/9782840163138_1_v.jpg"},"orderable":true,"show_badge":true,"formatted_price":"20,00&nbsp;\u20ac","formatted_published_date":"21 f\u00e9vrier 2019","publisher_availability_label":"Sur commande","short_details":"Alain Milon \u2014 PU de Paris Nanterre","translator":null,"weight":494,"page_count":344,"readership":null,"editor":"PU de Paris Nanterre","price":2000,"published_date":"2019-02-20T23:00:00.000000Z","support":"Grand format","publisher_availability":1,"stock":0,"editions":[],"url":"https:\/\/quaidesbrumes.com\/ouvrage\/9782840163138\/lecon-deconomie-generale-lexperience-limite-chez-bataille-blanchot-klossowski"},{"id":"9782840165255","title":"Philosophie de la vie quotidienne : essais critiques","description":"Par une fine observation des dynamiques de langage, des couples, du conformisme, Jean-Marie Brohm livre une analyse philosophique, parfois piquante, de la vie quotidienne. \r\n\r\nLa vie quotidienne rythme l'existence par ses emplois du temps, ses occupations habituelles, ses routines, ses ritualisations, ses f\u00eates, mais aussi ses ruptures, ses crises ou ses drames. Ses contenus et ses manifestations varient selon les \u00e9poques historiques, les soci\u00e9t\u00e9s, les cultures, les modes de vie, l'\u00e2ge et le sexe des individus. Cette \u00e9tude de philosophie anthropologique - qui s'appuie entre autres sur les recherches de Paul Nizan, Henri Lefebvre, Guy Debord, Alfred Sch\u00fctz, Georg Simmel, Karel Kosik, Michel de Certeau, Claude Javeau, Georges Balandier, Cornelius Castoriadis, Paul Ricoeur - souligne les fondements ontologiques de la quotidiennet\u00e9 dans le monde intersubjectif de la vie : les \u00e9tats corporels et les passions, les moments de la temporalit\u00e9 (le jour ou la nuit), les lieux (r\u00e9els ou imaginaires), les situations v\u00e9cues (ordinaires ou extraordinaires). Elle insiste in fine sur les \u00ab cat\u00e9gories \u00bb existentielles ou \u00ab marqueurs \u00bb ontologiques originaires qui caract\u00e9risent la condition humaine au quotidien : le langage et ses rapports au r\u00e9el et \u00e0 la v\u00e9rit\u00e9 (ou au mensonge), le conformisme li\u00e9 \u00e0 l'imitation (le mim\u00e9tisme et le gr\u00e9garisme), la sexualit\u00e9 et le couple (l'amour et ses conflits), la mort et le mourir (la finitude et l'angoisse).\r","authors":["Jean-Marie Brohm"],"category_codes":["9000000","9080000","9080200","9080204"],"visuals":{"large":"https:\/\/images.epagine.fr\/255\/9782840165255_1_75.jpg","medium":"https:\/\/images.epagine.fr\/255\/9782840165255_1_m.jpg","thumbnail":"https:\/\/images.epagine.fr\/255\/9782840165255_1_v.jpg"},"orderable":true,"show_badge":true,"formatted_price":"14,00&nbsp;\u20ac","formatted_published_date":"14 septembre 2023","publisher_availability_label":"Sur commande","short_details":"Jean-Marie Brohm \u2014 PU de Paris Nanterre","translator":null,"weight":247,"page_count":300,"readership":null,"editor":"PU de Paris Nanterre","price":1400,"published_date":"2023-09-13T22:00:00.000000Z","support":"Grand format","publisher_availability":1,"stock":0,"editions":[],"url":"https:\/\/quaidesbrumes.com\/ouvrage\/9782840165255\/philosophie-de-la-vie-quotidienne-essais-critiques"},{"id":"9782340027725","title":"Histoire de la philosophie en fiches","description":"L'histoire compl\u00e8te de la philosophie, des pr\u00e9socratiques au XXe si\u00e8cle en 41 fiches avec dans chaque fiche le contexte historique et des points de vocabulaire. 10 focus sur des notions cl\u00e9s.","authors":["Alexandre Abensour"],"category_codes":["9000000","9080000","9080200","9080208"],"visuals":{"large":"https:\/\/images.epagine.fr\/725\/9782340027725_1_75.jpg","medium":"https:\/\/images.epagine.fr\/725\/9782340027725_1_m.jpg","thumbnail":"https:\/\/images.epagine.fr\/725\/9782340027725_1_v.jpg"},"orderable":true,"show_badge":true,"formatted_price":"28,00&nbsp;\u20ac","formatted_published_date":"16 octobre 2018","publisher_availability_label":"Sur commande","short_details":"Alexandre Abensour \u2014 \u00c9ditions Ellipses","translator":null,"weight":700,"page_count":504,"readership":null,"editor":"\u00c9ditions Ellipses","price":2800,"published_date":"2018-10-15T22:00:00.000000Z","support":"Grand format","publisher_availability":1,"stock":0,"editions":[],"url":"https:\/\/quaidesbrumes.com\/ouvrage\/9782340027725\/histoire-de-la-philosophie-en-fiches"},{"id":"9782340071698","title":"Camus","description":"Si Camus n'est pas un philosophe \u00ab comme les autres \u00bb, il convient de restituer l'unit\u00e9 qui traverse son oeuvre h\u00e9t\u00e9roclite en apparence, afin de montrer en quoi elle forme une philosophie de la vie propre \u00e0 \u00e9clairer l'\u00e9poque contemporaine. Cette unit\u00e9 passe par une clarification des rapports entre art, journalisme et philosophie, de leur imbrication et de leurs sp\u00e9cificit\u00e9s. Elle passe \u00e9galement par la permanence de questions qui traversent l'ensemble de l'oeuvre camusienne, de la confrontation \u00e0 l'absurde aux difficult\u00e9s de la justice, \u00e0 la n\u00e9cessit\u00e9 de la r\u00e9volte et aux possibilit\u00e9s offertes par l'amour.","authors":["Christine No\u00ebl-Lema\u00eetre"],"category_codes":["9000000","9080000","9080700","9080704"],"visuals":{"large":"https:\/\/images.epagine.fr\/698\/9782340071698_1_75.jpg","medium":"https:\/\/images.epagine.fr\/698\/9782340071698_1_m.jpg","thumbnail":"https:\/\/images.epagine.fr\/698\/9782340071698_1_v.jpg"},"orderable":true,"show_badge":true,"formatted_price":"19,50&nbsp;\u20ac","formatted_published_date":"16 ao\u00fbt 2022","publisher_availability_label":"Sur commande","short_details":"Christine No\u00ebl-Lema\u00eetre \u2014 \u00c9ditions Ellipses","translator":null,"weight":265,"page_count":200,"readership":null,"editor":"\u00c9ditions Ellipses","price":1950,"published_date":"2022-08-15T22:00:00.000000Z","support":"Grand format","publisher_availability":1,"stock":0,"editions":[],"url":"https:\/\/quaidesbrumes.com\/ouvrage\/9782340071698\/camus"},{"id":"9782728805266","title":"\u00c0 l'\u00e9cole d'Hom\u00e8re ; la culture des orateurs et des sophistes","description":"Hom\u00e8re \u00ab ma\u00eetre de rh\u00e9torique \u00bb ou Hom\u00e8re \u00ab premier sophiste \u00bb, tel est le paradoxe d\u00b4une r\u00e9ception antique qui fait de l\u00b4a\u00e8de de Chios le ma\u00eetre d\u00b4un id\u00e9al oratoire. Ce volume d\u00e9cline les diff\u00e9rentes modalit\u00e9s selon lesquelles l\u00b4autorit\u00e9 d\u00b4Hom\u00e8re s\u00b4exerce ou se voit discut\u00e9e, dans la formation rh\u00e9torique des \u00e9lites d\u00b4abord, puis dans le discours des sophistes et des orateurs. Dans les multiples situations de communication auxquelles l\u00b4homme \u00e9loquent sait r\u00e9pondre - discours public, banquet, dialogue familier, cour imp\u00e9riale -, le Po\u00e8te est souvent invit\u00e9. Parler d\u00b4Hom\u00e8re, c\u00b4est se r\u00e9v\u00e9ler homme de culture, mais c\u00b4est aussi cimenter cette culture, en empruntant, par les exemples et les citations hom\u00e9riques, un langage partag\u00e9 par les Grecs, depuis l\u00b4Ath\u00e8nes classique jusqu\u00b4\u00e0 l\u00b4\u00e9poque byzantine.\r","authors":["Collectif"],"category_codes":["9000000","9080000","9080200","9080204"],"visuals":{"large":"https:\/\/images.epagine.fr\/266\/9782728805266_1_75.jpg","medium":"https:\/\/images.epagine.fr\/266\/9782728805266_1_m.jpg","thumbnail":"https:\/\/images.epagine.fr\/266\/9782728805266_1_v.jpg"},"orderable":true,"show_badge":true,"formatted_price":"19,00&nbsp;\u20ac","formatted_published_date":"17 mars 2015","publisher_availability_label":"Sur commande","short_details":"Collectif \u2014 Rue D'Ulm","translator":null,"weight":486,"page_count":302,"readership":null,"editor":"Rue D'Ulm","price":1900,"published_date":"2015-03-16T23:00:00.000000Z","support":"Grand format","publisher_availability":1,"stock":0,"editions":[],"url":"https:\/\/quaidesbrumes.com\/ouvrage\/9782728805266\/a-lecole-dhomere-la-culture-des-orateurs-et-des-sophistes"},{"id":"9782840164760","title":"Spinoza et le temps","description":"Issu d'une conf\u00e9rence consacr\u00e9e \u00e0 Spinoza, ce petit ouvrage nous propose une exp\u00e9rimentation philosophique audacieuse. Que se passe-t-il si nous r\u00e9introduisons le temps vivant dans la doctrine de la Substance \u00e9ternelle, au point d'en faire un attribut de Dieu? L'hypoth\u00e8se d'une r\u00e9alit\u00e9 en devenir conduit \u00e0 red\u00e9ployer le syst\u00e8me de l'\u00c9thique dans l'espace-temps \u00e0 quatre dimensions: sous l'appareil des d\u00e9monstrations more geometrico se d\u00e9couvrent alors les intuitions profondes d'une pens\u00e9e qui nous est contemporaine malgr\u00e9 toute son \u00e9tranget\u00e9. Cette lecture cr\u00e9ative d'un classique de la m\u00e9taphysique apporte un nouvel \u00e9clairage \u00e0 des questions vitales, sinon intemporelles: la signification de la totalit\u00e9 (\u00ab Dieu \u00bb ou \u00ab Nature \u00bb) pour des \u00eatres finis, la possibilit\u00e9 de concilier l'esprit scientifique et le sentiment religieux, l'exaltation intellectuelle et la v\u00e9n\u00e9ration...\r\nPhilosophe juif n\u00e9 en Australie, professeur \u00e0 Oxford puis \u00e0 Manchester, Samuel Alexander (1859-1938) est l'auteur d'une oeuvre originale et m\u00e9connue touchant des questions de m\u00e9taphysique, d'\u00e9thique et de philosophie de la religion. H\u00e9ritier d'Einstein et de Darwin, proche des \u00ab nouveaux r\u00e9alistes \u00bb de l'\u00e9cole anglaise (Russell) et du courant \u00ab \u00e9mergentiste \u00bb (Lloyd Morgan, Broad), il fut l'un de ceux qui, \u00e0 l'instar de Bergson et Whitehead, affirm\u00e8rent avec force la n\u00e9cessit\u00e9 de \u00ab prendre le temps au s\u00e9rieux \u00bb.\r","authors":["Samuel Alexander","Ulysse Gadiou","Elie During"],"category_codes":["9000000","9080000"],"visuals":{"large":"https:\/\/images.epagine.fr\/760\/9782840164760_1_75.jpg","medium":"https:\/\/images.epagine.fr\/760\/9782840164760_1_m.jpg","thumbnail":"https:\/\/images.epagine.fr\/760\/9782840164760_1_v.jpg"},"orderable":true,"show_badge":true,"formatted_price":"10,00&nbsp;\u20ac","formatted_published_date":"16 d\u00e9cembre 2021","publisher_availability_label":"Sur commande","short_details":"Samuel Alexander, Ulysse Gadiou, Elie During \u2014 PU de Paris Nanterre","translator":null,"weight":150,"page_count":201,"readership":null,"editor":"PU de Paris Nanterre","price":1000,"published_date":"2021-12-15T23:00:00.000000Z","support":"Grand format","publisher_availability":1,"stock":0,"editions":[],"url":"https:\/\/quaidesbrumes.com\/ouvrage\/9782840164760\/spinoza-et-le-temps"},{"id":"9782840163602","title":"Maurice Blanchot et l'Allemagne","description":"D\u00e8s ses premi\u00e8res critiques litt\u00e9raires, Maurice Blanchot a comment\u00e9 les plus grands \u00e9crivains allemands: Kafka, Thomas Mann, Rilke, Goethe, Eckermann, H\u00f6lderlin, Nietzsche, Musil, Broch, Hesse, Celan... Blanchot a toujours lu en allemand. Il conna\u00eet parfaitement la philosophie de Hegel \u00e0 Heidegger, de Scholem \u00e0 Adorno, ainsi que les oeuvres critiques de la litt\u00e9rature et la philosophie allemandes. La plupart de ses oeuvres portent d'ailleurs les traces de la culture allemande: les romantiques pour l'\u00e9criture fragmentaire, Kafka pour les premiers romans, ou encore Thomas Mann pour certains motifs litt\u00e9raires. Il n'est pas rare en fait de trouver dans les romans ou les r\u00e9cits de Blanchot des citations \u00e0 peine r\u00e9\u00e9crites de certaines oeuvres germanophones.\r\nCet ouvrage a pour intention de faire le point sur ces correspondances de pens\u00e9e tout en insistant sur des auteurs plus secondaires pour Blanchot comme Ma\u00eetre Eckhart, Leibniz, Novalis, Heidegger,\r\nWittgenstein, Schelling, Benjamin, Freud...\r","authors":["Hugues Choplin","Eric Hoppenot","Alain Milon"],"category_codes":["9000000","9080000"],"visuals":{"large":"https:\/\/images.epagine.fr\/602\/9782840163602_1_75.jpg","medium":"https:\/\/images.epagine.fr\/602\/9782840163602_1_m.jpg","thumbnail":"https:\/\/images.epagine.fr\/602\/9782840163602_1_v.jpg"},"orderable":true,"show_badge":true,"formatted_price":"20,00&nbsp;\u20ac","formatted_published_date":"11 juin 2020","publisher_availability_label":"Sur commande","short_details":"Hugues Choplin, Eric Hoppenot, Alain Milon \u2014 PU de Paris Nanterre","translator":null,"weight":455,"page_count":322,"readership":null,"editor":"PU de Paris Nanterre","price":2000,"published_date":"2020-06-10T22:00:00.000000Z","support":"Grand format","publisher_availability":1,"stock":0,"editions":[],"url":"https:\/\/quaidesbrumes.com\/ouvrage\/9782840163602\/maurice-blanchot-et-lallemagne"},{"id":"9782840165194","title":"Sartre, la morale et l'histoire","description":"Quelle est la relation de la morale \u00e0 l'Histoire chez Sartre? Trop souvent on consid\u00e8re cette question comme d'embl\u00e9e r\u00e9gl\u00e9e: on d\u00e9clare l'\u00e9chec de la morale \u00ab impossible et n\u00e9cessaire \u00bb, celle que Sartre n'a jamais r\u00e9ussi \u00e0 \u00e9crire et \u00e0 publier. Pourtant, la veine morale traverse toute son oeuvre. Fruit d'un travail collectif, cet ouvrage analyse les textes d\u00e9di\u00e9s \u00e0 la question morale dans la r\u00e9flexion sartrienne des ann\u00e9es 1960, y compris certains in\u00e9dits, en montrant comment elle s'articule \u00e0 l'histoire et \u00e0 la politique. Au fil de ce parcours qui fait dialoguer Sartre avec Kant, Marx, Durkheim, Scheler, L\u00e9vi-Strauss et bien d'autres, se dessine une conception originale de la morale. Loin de n'\u00eatre qu'un point de vue de survol sur le monde ou une conviction sur la vie bonne, elle est un mode d'intervention sociale. Les textes ici regroup\u00e9s mettent au jour les enjeux politiques de l'apprentissage collectif de l'\u00e9thique.\r","authors":["Rizk Ha Reato Elisa"],"category_codes":["9000000","9080000"],"visuals":{"large":"https:\/\/images.epagine.fr\/194\/9782840165194_1_75.jpg","medium":"https:\/\/images.epagine.fr\/194\/9782840165194_1_m.jpg","thumbnail":"https:\/\/images.epagine.fr\/194\/9782840165194_1_v.jpg"},"orderable":true,"show_badge":true,"formatted_price":"14,00&nbsp;\u20ac","formatted_published_date":"20 avril 2023","publisher_availability_label":"Sur commande","short_details":"Rizk Ha Reato Elisa \u2014 PU de Paris Nanterre","translator":null,"weight":180,"page_count":136,"readership":null,"editor":"PU de Paris Nanterre","price":1400,"published_date":"2023-04-19T22:00:00.000000Z","support":"Grand format","publisher_availability":1,"stock":0,"editions":[],"url":"https:\/\/quaidesbrumes.com\/ouvrage\/9782840165194\/sartre-la-morale-et-lhistoire"},{"id":"9789403858807","title":"The Indefinability of Language : Meaning, Use, and Self-Inquiry","description":"This book explores how meaning emerges in use and how the  I  takes shape within language games in the broadest sense. Proceeding from the impossibility of a context-independent metalevel, it brings philosophical reflection into dialogue with insights from science from space and time to evolution and neuroscience. In this way, a coherent perspective unfolds in which language, knowledge, and subjectivity are not grounded outside their practice, but understood within it.This book does not begin with a theory, but with an experience: that meaning reveals itself only in use, and that every definition already speaks before it explains. From this realization, it became impossible to continue believing in a place outside language from which the  I  or language itself could be grounded.\r","authors":["Wim Van Der Loo"],"category_codes":["9000000","9080000"],"visuals":{"large":"https:\/\/images.epagine.fr\/807\/9789403858807_1_75.jpg","medium":"https:\/\/images.epagine.fr\/807\/9789403858807_1_m.jpg","thumbnail":"https:\/\/images.epagine.fr\/807\/9789403858807_1_v.jpg"},"orderable":true,"show_badge":true,"formatted_price":"24,95&nbsp;\u20ac","formatted_published_date":"21 janvier 2026","publisher_availability_label":"Sur commande","short_details":"Wim Van Der Loo \u2014 Bookmundo","translator":null,"weight":335,"page_count":233,"readership":null,"editor":"Bookmundo","price":2495,"published_date":"2026-01-20T23:00:00.000000Z","support":"Poche","publisher_availability":1,"stock":0,"editions":[],"url":"https:\/\/quaidesbrumes.com\/ouvrage\/9789403858807\/the-indefinability-of-language-meaning-use-and-self-inquiry"},{"id":"9782763791135","title":"Deleuze au cin\u00e9ma","description":"A quoi le philosophe Gilles Deleuze est-il attentif quand il d\u00e9crit une image, analyse un r\u00e9cit ou fait le portrait d'un personnage? Quelle valeur accorde-t-il aux couleurs, aux enjeux d'un drame ou aux grimaces d'un acteur? Pourquoi s'attache-t-il autant aux auteurs, \u00e0 Resnais, Visconti, Welles, mais aussi \u00e0 Ingrid Bergman, \u00e0 Jerry Lewis et \u00e0 la petite bonne d'Umberto D? Que penser de sa singuli\u00e8re pratique interdisciplinaire, qui va de la math\u00e9matique \u00e0 la boulangerie? Peut-on vraiment prendre au s\u00e9rieux le philosophe lorsqu'il d\u00e9fend une histoire s'apparentant \u00e0 un classement des animaux ou des plantes? Et que faut-il comprendre du but qu'il assigne \u00e0 sa m\u00e9thode: faire le concept d'une image, c'est en d\u00e9gager l'\u00e9v\u00e9nement? La connaissance de cette m\u00e9thode doit rendre la philosophie deleuzienne du cin\u00e9ma assez ordinaire pour que l'apprenti puisse l'explorer en toute confiance et assez vuln\u00e9rable pour que l'\u00e9clair\u00e9 puisse la d\u00e9tester en toute connaissance de cause, mais, surtout, elle doit entra\u00eener chacun de nous dans l'\u00e9valuation de son propre savoir-faire.\r\nTels sont les mille plateaux explor\u00e9s par cet ouvrage.\r","authors":["Serge Cardinal"],"category_codes":["9000000","9080000","9080200","9080204"],"visuals":{"large":"https:\/\/images.epagine.fr\/135\/9782763791135_1_75.jpg","medium":"https:\/\/images.epagine.fr\/135\/9782763791135_1_m.jpg","thumbnail":"https:\/\/images.epagine.fr\/135\/9782763791135_1_v.jpg"},"orderable":true,"show_badge":true,"formatted_price":"27,00&nbsp;\u20ac","formatted_published_date":"27 janvier 2011","publisher_availability_label":"Sur commande","short_details":"Serge Cardinal \u2014 Presses De L'Universite De Laval","translator":null,"weight":601,"page_count":231,"readership":null,"editor":"Presses De L'Universite De Laval","price":2700,"published_date":"2011-01-26T23:00:00.000000Z","support":"Grand format","publisher_availability":1,"stock":0,"editions":[],"url":"https:\/\/quaidesbrumes.com\/ouvrage\/9782763791135\/deleuze-au-cinema"},{"id":"9782492571268","title":"Vivre sur les cimes : Le sens de la terre dans la philosophie de Friedrich Nietzsche","description":"Qu'entendait exactement Nietzsche - l'un des penseurs les plus influents de toute l'histoire de la philosophie - par \u00ab le sens de la terre \u00bb ?\r\nAristocratisme radical, philosophie v\u00e9cue, vitalisme, r\u00e9alisme biologique, importance d'une m\u00e9thode de la probit\u00e9, immanentisme, \u00e9loge des instincts, retour au corps, lutte contre la d\u00e9cadence - et, mieux encore, contre sa propre d\u00e9cadence int\u00e9rieure - : autant d'\u00e9l\u00e9ments fondamentaux, et en un sens largement r\u00e9volutionnaires, que Nietzsche propose \u00e0 l'humanit\u00e9. Ou plut\u00f4t, \u00e0 une partie d'entre elle seulement.\r\nCar le sens de la terre, chez Nietzsche, est une philosophie exigeante destin\u00e9e \u00e0 une minorit\u00e9 : celle de rares \u00e9lus qui auraient trouv\u00e9 en eux la force de vivre d'une grande sant\u00e9 en osant emprunter des sentiers escarp\u00e9s les conduisant jusqu'aux plus hautes cimes.\r\nUn tel appel est toujours d'une utilit\u00e9 capitale au sein de notre \u00e9poque d\u00e9mocratique, \u00e9galitariste, mercantile, et \u00f4 combien \u00e9prise de sa propre m\u00e9diocrit\u00e9.\r\nL'auteur, jeune universitaire en philosophie collaborant d\u00e9j\u00e0 \u00e0 de nombreuses revues, propose ici une synth\u00e8se claire et \u00e9rudite d'une pens\u00e9e majeure.\r","authors":["Fran\u00e7ois Plat Colonna"],"category_codes":["9000000","9080000","9080700","9080702"],"visuals":{"large":"https:\/\/images.epagine.fr\/268\/9782492571268_1_75.jpg","medium":"https:\/\/images.epagine.fr\/268\/9782492571268_1_m.jpg","thumbnail":"https:\/\/images.epagine.fr\/268\/9782492571268_1_v.jpg"},"orderable":true,"show_badge":true,"formatted_price":"20,00&nbsp;\u20ac","formatted_published_date":"1er septembre 2025","publisher_availability_label":"Sur commande","short_details":"Fran\u00e7ois Plat Colonna \u2014 H\u00e9tairie","translator":null,"weight":217,"page_count":194,"readership":null,"editor":"H\u00e9tairie","price":2000,"published_date":"2025-08-31T22:00:00.000000Z","support":"Grand format","publisher_availability":1,"stock":0,"editions":[],"url":"https:\/\/quaidesbrumes.com\/ouvrage\/9782492571268\/vivre-sur-les-cimes-le-sens-de-la-terre-dans-la-philosophie-de-friedrich-nietzsche"},{"id":"9782840163343","title":"Vie bonne, vulnerabilit\u00e9, commun(s) ; sch\u00e8mes anciens et usages contemporains","description":"Vie bonne, vuln\u00e9rabilit\u00e9, communs sont des th\u00e8mes privil\u00e9gi\u00e9s du d\u00e9bat \u00e9thique, social et politique contemporain. Ces th\u00e9matiques font retour sur une sc\u00e8ne philosophique longtemps occup\u00e9e par la formulation kantienne de la question morale et de la loi et le mod\u00e8le d'une philosophie politique ne laissant aucune place \u00e0 l'exp\u00e9rience concr\u00e8te des individus. Ce faisant, la philosophie contemporaine retrouve l\u00e0 des pr\u00e9occupations ch\u00e8res \u00e0 l'Antiquit\u00e9 sur les genres de vie, le pouvoir de la n\u00e9cessit\u00e9 et la fragilit\u00e9 humaine, l'organisation de la polis et la r\u00e9partition de ses biens communs. R\u00e9unissant des chercheurs sp\u00e9cialistes en philosophie ancienne et en philosophie contemporaine, le pr\u00e9sent ouvrage entend ainsi ouvrir un dialogue afin de comprendre le sens, la n\u00e9cessit\u00e9 et les modalit\u00e9s non pas d'un \u00ab retour \u00bb aux Anciens, mais d'un \u00ab d\u00e9tour \u00bb par les Anciens pour penser le pr\u00e9sent et l'actualit\u00e9 socio-politique que l'on trouve chez nombre d'auteurs contemporains. Adorno, Agamben, Castoriadis, Nussbaum, Butler, sont mis en dialogue avec Platon, Aristote et les Cyniques.\r\n\r\n\u00c0 travers ce croisement et ces effets d'aller-retour, les diverses contributions permettent d'\u00e9tablir un dialogue entre Antiquit\u00e9 et philosophie contemporaine pour faire \u00e9merger des concepts et des sch\u00e8mes permettant de mieux penser notre actualit\u00e9\r","authors":["Sandrine Alexandre","Haud Gu\u00e9guen","Olivier Renaut"],"category_codes":["9000000","9080000","9080700"],"visuals":{"large":"https:\/\/images.epagine.fr\/343\/9782840163343_1_75.jpg","medium":"https:\/\/images.epagine.fr\/343\/9782840163343_1_m.jpg","thumbnail":"https:\/\/images.epagine.fr\/343\/9782840163343_1_v.jpg"},"orderable":true,"show_badge":true,"formatted_price":"15,00&nbsp;\u20ac","formatted_published_date":"29 ao\u00fbt 2019","publisher_availability_label":"Sur commande","short_details":"Sandrine Alexandre, Haud Gu\u00e9guen, Olivier Renaut \u2014 PU de Paris Nanterre","translator":null,"weight":252,"page_count":186,"readership":null,"editor":"PU de Paris Nanterre","price":1500,"published_date":"2019-08-28T22:00:00.000000Z","support":"Grand format","publisher_availability":1,"stock":0,"editions":[],"url":"https:\/\/quaidesbrumes.com\/ouvrage\/9782840163343\/vie-bonne-vulnerabilite-communs-schemes-anciens-et-usages-contemporains"},{"id":"9782246690832","title":"La r\u00e8gle du jeu n.30 : psychanalyse contre-attaque","description":"Contributions : Laurent Dispot, Marc Villemain, Fred Vargas, Pascal Kan\u00e9.\r\nDossier : Psychanalyse, contre-attaque.\r","authors":["Revue La Regle Du Jeu"],"category_codes":["9000000","9080000"],"visuals":{"large":"https:\/\/images.epagine.fr\/832\/9782246690832_1_75.jpg","medium":"https:\/\/images.epagine.fr\/832\/9782246690832_1_m.jpg","thumbnail":"https:\/\/images.epagine.fr\/832\/9782246690832_1_v.jpg"},"orderable":true,"show_badge":true,"formatted_price":"20,00&nbsp;\u20ac","formatted_published_date":"18 janvier 2006","publisher_availability_label":"Sur commande","short_details":"Revue La Regle Du Jeu \u2014 \u00c9ditions Grasset","translator":null,"weight":429,"page_count":320,"readership":null,"editor":"\u00c9ditions Grasset","price":2000,"published_date":"2006-01-17T23:00:00.000000Z","support":"Revue","publisher_availability":1,"stock":0,"editions":[],"url":"https:\/\/quaidesbrumes.com\/ouvrage\/9782246690832\/la-regle-du-jeu-n30-psychanalyse-contre-attaque"},{"id":"9782246690863","title":"La r\u00e8gle du jeu n.33 : Benny L\u00e9vy, t\u00e9moignages","description":"Trois dossiers pour ce num\u00e9ro de la r\u00e8gle du jeu n\u00b033 : 1 -  Anna Politovskaia   deux articles de la journaliste russe composent ce num\u00e9ro de la r\u00e8gle du jeu.2 -  Un hommage \u00e0 Benny L\u00e9vy avec les contributions d'Alain Fienkelkraut  et de Bernard-Henri L\u00e9vy.3 -  Isra\u00ebl, 40 ans apr\u00e8s la guerre des 6 jours : des intellectuels et des personnalit\u00e9s politiques nous exposent leur point de vue.4 -  Chronique de Laurent Dispot.\r","authors":["Revue La Regle Du Jeu"],"category_codes":["9000000","9080000"],"visuals":{"large":"https:\/\/images.epagine.fr\/863\/9782246690863_1_75.jpg","medium":"https:\/\/images.epagine.fr\/863\/9782246690863_1_m.jpg","thumbnail":"https:\/\/images.epagine.fr\/863\/9782246690863_1_v.jpg"},"orderable":true,"show_badge":true,"formatted_price":"20,00&nbsp;\u20ac","formatted_published_date":"17 janvier 2007","publisher_availability_label":"Sur commande","short_details":"Revue La Regle Du Jeu \u2014 \u00c9ditions Grasset","translator":null,"weight":387,"page_count":283,"readership":null,"editor":"\u00c9ditions Grasset","price":2000,"published_date":"2007-01-16T23:00:00.000000Z","support":"Revue","publisher_availability":1,"stock":0,"editions":[],"url":"https:\/\/quaidesbrumes.com\/ouvrage\/9782246690863\/la-regle-du-jeu-n33-benny-levy-temoignages"},{"id":"9782246741237","title":"La r\u00e8gle du jeu n.39 : aujourd'hui, le mal","description":"Contributions : Yann Moix, Bronislaw Geremek, C\u00e9cile Vaissi\u00e9, Laurent Dispot.\r\nDossier : Aujourd'hui, le mal.\r","authors":["Revue La Regle Du Jeu"],"category_codes":["9000000","9080000"],"visuals":{"large":"https:\/\/images.epagine.fr\/237\/9782246741237_1_75.jpg","medium":"https:\/\/images.epagine.fr\/237\/9782246741237_1_m.jpg","thumbnail":"https:\/\/images.epagine.fr\/237\/9782246741237_1_v.jpg"},"orderable":true,"show_badge":true,"formatted_price":"20,00&nbsp;\u20ac","formatted_published_date":"7 janvier 2009","publisher_availability_label":"Sur commande","short_details":"Revue La Regle Du Jeu \u2014 \u00c9ditions Grasset","translator":null,"weight":380,"page_count":276,"readership":null,"editor":"\u00c9ditions Grasset","price":2000,"published_date":"2009-01-06T23:00:00.000000Z","support":"Revue","publisher_availability":1,"stock":0,"editions":[],"url":"https:\/\/quaidesbrumes.com\/ouvrage\/9782246741237\/la-regle-du-jeu-n39-aujourdhui-le-mal"},{"id":"9782745331106","title":"Les identit\u00e9s multiples d'Emile Meyerson","description":"Aux marges du syst\u00e8me universitaire, \u00c9mile Meyerson (1859- 1933) b\u00e2tit une oeuvre de philosophie des sciences en autodidacte. Il est reconnu comme le \u00ab p\u00e8re de l'\u00e9pist\u00e9mologie \u00bb d\u00e8s son premier livre Identit\u00e9 et r\u00e9alit\u00e9 (1908) et conquiert une r\u00e9putation internationale. Mais philosophe n'est que l'une des multiples identit\u00e9s de ce Juif polonais install\u00e9 \u00e0 Paris en 1882. Pendant un demi-si\u00e8cle, employ\u00e9 \u00e0 la Jewish Colonization Association, il se trouve m\u00eal\u00e9 \u00e0 quelques \u00e9v\u00e9nements historiques marquants comme l'Affaire Dreyfus, la r\u00e9volution et l'effondrement de l'Empire russe, la D\u00e9claration Balfour, la disparition des Empires ottoman, allemand et austro-hongrois. Ces bouleversements et l'\u00e9mergence du mouvement sioniste n\u00e9cessitent la r\u00e9organisation de la vie des Juifs dans les nouveaux cadres de l'Europe et l'installation de structures d'accueil pour ceux qui s'installent en Palestine. Cette biographie, la premi\u00e8re, co\u00e9crite par une philosophe, Bernadette Bensaude-Vincent, et une historienne, Eva Telkes-Klein, offre de nouveaux \u00e9clairages sur les milieux juifs intellectuels parisiens et sur la tradition fran\u00e7aise d'\u00e9pist\u00e9mologie. Les auteurs ont d\u00e9j\u00e0 publi\u00e9 plusieurs ouvrages consacr\u00e9s \u00e0 \u00c9mile Meyerson.\r","authors":["Bernadette Bensaude-vincent","Eva Telkes-klein"],"category_codes":["9000000","9080000","9080200","9080205"],"visuals":{"large":"https:\/\/images.epagine.fr\/106\/9782745331106_1_75.jpg","medium":"https:\/\/images.epagine.fr\/106\/9782745331106_1_m.jpg","thumbnail":"https:\/\/images.epagine.fr\/106\/9782745331106_1_v.jpg"},"orderable":true,"show_badge":true,"formatted_price":"60,00&nbsp;\u20ac","formatted_published_date":"27 octobre 2016","publisher_availability_label":"Sur commande","short_details":"Bernadette Bensaude-vincent, Eva Telkes-klein \u2014 Honore Champion","translator":null,"weight":580,"page_count":312,"readership":null,"editor":"Honore Champion","price":6000,"published_date":"2016-10-26T22:00:00.000000Z","support":"Grand format","publisher_availability":1,"stock":0,"editions":[],"url":"https:\/\/quaidesbrumes.com\/ouvrage\/9782745331106\/les-identites-multiples-demile-meyerson"}]}