{"data":[{"id":"9782711626366","title":"La politique d'Aristote ; la d\u00e9mocratie \u00e0 l'\u00e9preuve de la division sociale","description":"La Politique a \u00e9t\u00e9 \u00e9crite il y a plus de 2000 ans. Red\u00e9couvert il y a 750 ans, depuis sans cesse lue et comment\u00e9e, elle nourrit encore nos interrogations : sur les cons\u00e9quences d'un acc\u00e8s \u00e9galitaire \u00e0 la citoyennet\u00e9 et l'h\u00e9t\u00e9rog\u00e9n\u00e9it\u00e9 de la communaut\u00e9 civique qu'il entra\u00eene; sur la nature de la citoyennet\u00e9, trop souvent r\u00e9duite au choix p\u00e9riodique de repr\u00e9sentants; sur la compatibilit\u00e9 de la souverainet\u00e9 des \u00c9tats avec un ordre politique commun \u00e0 l'Europe ou au monde, d\u00e9mocratique, capable d'\u00e9viter les guerres ou la domination de quelques grandes puissances et de r\u00e9guler la recherche sans fin du profit qu'Aristote jugeait incompatible avec une vie pleinement humaine.\r\nSans s'arr\u00eater \u00e0 des r\u00e9ponses dogmatiques, Aristote analyse les succ\u00e8s et les \u00e9checs de ces deux si\u00e8cles o\u00f9 les Grecs ont invent\u00e9 et exp\u00e9riment\u00e9 des cit\u00e9s et des d\u00e9mocraties. Ses r\u00e9ponses sont parfois difficiles \u00e0 interpr\u00e9ter. Veut-il un acc\u00e8s large ou \u00e9troit \u00e0 la citoyennet\u00e9 Tient-il compte de la critique de l'esclavage dont il est un des seuls \u00e0 nous informer? Dans des soci\u00e9t\u00e9s d\u00e9chir\u00e9es par le conflit entre les riches et les pauvres, comment pense-t-il \u00e9viter que la d\u00e9mocratie conduise au pouvoir despotique des pauvres?\r\nCes difficult\u00e9s ont \u00e9t\u00e9 expliqu\u00e9es par la biographie d'Aristote - il aurait \u00e9volu\u00e9 de l'id\u00e9alisme au r\u00e9alisme - ou par les hasards de la conservation et de la transmission des manuscrits. Selon l'auteur, elles manifestent plut\u00f4t une pens\u00e9e toujours au travail, une volont\u00e9 de \u00ab probl\u00e9matiser \u00bb avec rigueur des questions que nous devons, dans un monde diff\u00e9rent, reprendre et prolonger \u00e0 notre mani\u00e8re.","authors":["Jean Terrel"],"category_codes":["9000000","9080000","9080400","9080404"],"visuals":{"large":"https:\/\/quaidesbrumes.com\/img\/book-placeholder.png","medium":"https:\/\/quaidesbrumes.com\/img\/book-placeholder.png","thumbnail":"https:\/\/quaidesbrumes.com\/img\/book-placeholder.png"},"orderable":true,"show_badge":true,"formatted_price":"36,00&nbsp;\u20ac","formatted_published_date":"6 octobre 2015","publisher_availability_label":"Sur commande","short_details":"Jean Terrel \u2014 Vrin","translator":null,"weight":550,"page_count":416,"readership":null,"editor":"Vrin","price":3600,"published_date":"2015-10-05T22:00:00.000000Z","support":"Grand format","publisher_availability":1,"stock":0,"editions":[],"url":"https:\/\/quaidesbrumes.com\/ouvrage\/9782711626366\/la-politique-daristote-la-democratie-a-lepreuve-de-la-division-sociale"},{"id":"9782711626380","title":"Qu'est-ce que l'entreprise?","description":"Si on consid\u00e8re que l'entreprise \u00ab produit \u00bb ou encore \u00ab cr\u00e9e de la valeur \u00bb, alors on consid\u00e8re que l'entreprise agit, puisque \u00ab produire \u00bb, \u00ab cr\u00e9er de la valeur \u00bb sont des actions. Dans ce cas, on devrait reconna\u00eetre que l'entreprise est un agent. Mais alors quel type d'agent? S'agit-il d'un agent responsable de ses actions? D'un agent moral? \r\nCes questions d'ordres ontologiques et \u00e9thiques font de l'entreprise un objet d'\u00e9tude pour la philosophie \u00e0 au moins deux niveaux. L'\u00e9tude et les textes comment\u00e9s d'Aristote et de Philip Pettit conduisent \u00e0 mieux comprendre la nature de l'entreprise, son positionnement \u00e9thique et sa finalit\u00e9 de cr\u00e9ation de valeur.","authors":["Ad\u00e9la\u00efde de Lastic"],"category_codes":["9000000","9080000","9080200","9080204"],"visuals":{"large":"https:\/\/images.epagine.fr\/380\/9782711626380_1_75.jpg","medium":"https:\/\/images.epagine.fr\/380\/9782711626380_1_m.jpg","thumbnail":"https:\/\/images.epagine.fr\/380\/9782711626380_1_v.jpg"},"orderable":true,"show_badge":true,"formatted_price":"10,00&nbsp;\u20ac","formatted_published_date":"24 novembre 2015","publisher_availability_label":"Sur commande","short_details":"Ad\u00e9la\u00efde de Lastic \u2014 Vrin","translator":null,"weight":130,"page_count":128,"readership":null,"editor":"Vrin","price":1000,"published_date":"2015-11-23T23:00:00.000000Z","support":"Poche","publisher_availability":1,"stock":0,"editions":[],"url":"https:\/\/quaidesbrumes.com\/ouvrage\/9782711626380\/quest-ce-que-lentreprise"},{"id":"9782711626496","title":"Oublier la guerre civile ? stasis, chronique d'une disparition","description":"La guerre civile traverse les \u00e9poques, les r\u00e9cits et les discours : de la mythologie racontant le meurtre du fr\u00e8re aux guerres d'aujourd'hui o\u00f9 les civils sont combattants ou cibles, l'expression recouvre une triste r\u00e9alit\u00e9 jamais anachronique. Pourtant le syntagme lui-m\u00eame a une histoire courte, o\u00f9 les mots ont commenc\u00e9 par masquer cette exp\u00e9rience de la violence \u00e0 l'int\u00e9rieur de la communaut\u00e9. Les images d'horreur et de massacres ne suffisent pas \u00e0 recouvrir le concept d'une guerre \u00e0 l'int\u00e9rieur; l'oubli de la stasis, terme et r\u00e9alit\u00e9 que la Gr\u00e8ce vivait et nommait sans faux-semblant, accomplit ce fa\u00e7onnage du r\u00e9el qui p\u00e2tit d\u00e8s lors d'un impens\u00e9. H\u00e9raclite, Thucydide, Platon n'opposaient pas la stasis au polemos comme nous opposons avec une facilit\u00e9 douteuse la guerre civile et la guerre \u00e9trang\u00e8re. La langue latine, et au premier chef la rh\u00e9torique de Cic\u00e9ron, a accompli un geste radical d'oubli : elle a ignor\u00e9 la stasis et lui a substitu\u00e9 le bellum civile, soluble dans une conception moins effrayante de la guerre et du politique.\r\nCe livre redonne vie \u00e0 la stasis grecque et analyse l'occultation, op\u00e9r\u00e9e par la civilisation latine, d'un aspect de la guerre qui fut, \u00e0 partir de l\u00e0, durablement omis. Mais en conjurant le mot, la cit\u00e9 ne se prot\u00e8ge pas de ce qu'il d\u00e9signe et de ce qu'il ignore, et c'est \u00e0 une stasiologie, \u00e9tude de la guerre consid\u00e9r\u00e9e comme stasis, qu'il entend ouvrir.","authors":["Ninon Grang\u00e9"],"category_codes":["9000000","9080000","9080700"],"visuals":{"large":"https:\/\/images.epagine.fr\/496\/9782711626496_1_75.jpg","medium":"https:\/\/images.epagine.fr\/496\/9782711626496_1_m.jpg","thumbnail":"https:\/\/images.epagine.fr\/496\/9782711626496_1_v.jpg"},"orderable":true,"show_badge":true,"formatted_price":"24,00&nbsp;\u20ac","formatted_published_date":"27 ao\u00fbt 2015","publisher_availability_label":"Sur commande","short_details":"Ninon Grang\u00e9 \u2014 Vrin","translator":null,"weight":373,"page_count":288,"readership":null,"editor":"Vrin","price":2400,"published_date":"2015-08-26T22:00:00.000000Z","support":"Grand format","publisher_availability":1,"stock":0,"editions":[],"url":"https:\/\/quaidesbrumes.com\/ouvrage\/9782711626496\/oublier-la-guerre-civile-stasis-chronique-dune-disparition"},{"id":"9782711626502","title":"Kant ; la raison pratique ; concepts et h\u00e9ritages","description":"Le pr\u00e9sent volume r\u00e9unit les contributions du XIe congr\u00e8s de la Soci\u00e9t\u00e9 d'\u00c9tudes Kantiennes de Langue Fran\u00e7aise, qui s'est tenu \u00e0 Salvador de Bahia (Br\u00e9sil) en octobre 2013. Consacr\u00e9 au concept de raison pratique, il explore quatre grands axes de r\u00e9flexion. Le premier axe prend la Critique de la raison pratique pour objet et s'efforce de d\u00e9velopper une lecture interne de l'oeuvre \u00e0 partir des diff\u00e9rents moments qui la composent (\u00ab Pr\u00e9face \u00bb, \u00ab \u00c9lucidation critique de l'analytique de la raison pratique pure \u00bb, \u00ab Typique \u00bb, \u00ab M\u00e9thodologie \u00bb ...). Le second axe analyse un certain nombre de concepts importants de la raison pratique (libert\u00e9, autonomie, devoir, sentiment moral...) et explicite la signification qu'ils re\u00e7oivent dans l'ensemble de l'opus kantien, mettant ainsi en \u00e9vidence l'importance fondamentale de ces concepts \"pratiques\" dans la philosophie kantienne tout enti\u00e8re. Le troisi\u00e8me axe d\u00e9veloppe une r\u00e9flexion sur la pr\u00e9sence de la \u00ab raison pratique \u00bb dans la philosophie de l'histoire, la philosophie du droit et la philosophie politique. Le quatri\u00e8me et dernier axe de recherche prend appui sur l'importance et l'actualit\u00e9 que continue d'avoir, aujourd'hui encore, la conception kantienne de la raison pratique. Qu'on s'y reconnaisse ou qu'on s'y oppose - plus ou moins - frontalement, il reste que cette conception a influenc\u00e9 la philosophie morale de ses successeurs et qu'elle continue de travailler la philosophie morale et politique contemporaine. Les contributions rassembl\u00e9es dans la derni\u00e8re partie de ce volume permettent, en derni\u00e8re analyse, de rendre compte de cet h\u00e9ritage critique dans ses multiples dimensions et ses modalit\u00e9s tr\u00e8s diverses.","authors":["Sophie Grapotte","Margit Ruffing","Ricardo Terra"],"category_codes":["9000000","9080000","9080600","9080604"],"visuals":{"large":"https:\/\/quaidesbrumes.com\/img\/book-placeholder.png","medium":"https:\/\/quaidesbrumes.com\/img\/book-placeholder.png","thumbnail":"https:\/\/quaidesbrumes.com\/img\/book-placeholder.png"},"orderable":true,"show_badge":true,"formatted_price":"36,00&nbsp;\u20ac","formatted_published_date":"20 octobre 2015","publisher_availability_label":"Sur commande","short_details":"Sophie Grapotte, Margit Ruffing, Ricardo Terra \u2014 Vrin","translator":null,"weight":765,"page_count":426,"readership":null,"editor":"Vrin","price":3600,"published_date":"2015-10-19T22:00:00.000000Z","support":"Grand format","publisher_availability":1,"stock":0,"editions":[],"url":"https:\/\/quaidesbrumes.com\/ouvrage\/9782711626502\/kant-la-raison-pratique-concepts-et-heritages"},{"id":"9782711626618","title":"La clinique et ailleurs ; anthropologie et th\u00e9rapeutique de l'addiction","description":"La clinique et ailleurs est un ouvrage qui porte sur les probl\u00e8mes de signification que soul\u00e8ve la toxicomanie, et propose une analyse de l'\u00e9volution r\u00e9cente des termes dans lesquels se d\u00e9ploie aujourd'hui l'intervention m\u00e9dicale. Sur la base d'entretiens men\u00e9s avec un petit groupe d'adolescents qu'il a suivis depuis leur admission en centre de d\u00e9sintoxication jusqu'\u00e0 leur retour dans le monde ext\u00e9rieur - soit depuis la clinique jusqu'au retour \u00e0 la maison, dans leurs quartiers ou encore dans d'autres structures institutionnelles - Todd Meyers dresse le portrait de ce en quoi consiste une existence qui se structure peu \u00e0 peu autour de l'intervention pharmaceutique. Ce qui l'int\u00e9resse n'est pas l'\u00e9conomie de la drogue mais plut\u00f4t l'\u00e9conomie th\u00e9rapeutique, c'est-\u00e0-dire la mani\u00e8re dont de nouveaux march\u00e9s, de nouveaux modes de soin, des conceptions tr\u00e8s l\u00e2ches de ce qui constitue un succ\u00e8s ou un \u00e9chec th\u00e9rapeutiques concourent tous ensemble \u00e0 donner forme \u00e0 l'addiction et \u00e0 la gu\u00e9rison. Ce livre s'offre \u00e0 la fois comme une m\u00e9ditation anthropologique, une r\u00e9flexion d\u00e9monstrative sur les limites th\u00e9oriques et m\u00e9thodologiques auxquelles se heurte la recherche m\u00e9dicale, et une contribution importante dans le champ de la philosophie de la th\u00e9rapeutique individuelle.","authors":["Todd Meyers"],"category_codes":["9000000","9080000","9080300","9080301"],"visuals":{"large":"https:\/\/images.epagine.fr\/618\/9782711626618_1_75.jpg","medium":"https:\/\/images.epagine.fr\/618\/9782711626618_1_m.jpg","thumbnail":"https:\/\/images.epagine.fr\/618\/9782711626618_1_v.jpg"},"orderable":true,"show_badge":true,"formatted_price":"19,00&nbsp;\u20ac","formatted_published_date":"31 ao\u00fbt 2016","publisher_availability_label":"Sur commande","short_details":"Todd Meyers \u2014 Vrin","translator":null,"weight":190,"page_count":192,"readership":null,"editor":"Vrin","price":1900,"published_date":"2016-08-30T22:00:00.000000Z","support":"Grand format","publisher_availability":1,"stock":0,"editions":[],"url":"https:\/\/quaidesbrumes.com\/ouvrage\/9782711626618\/la-clinique-et-ailleurs-anthropologie-et-therapeutique-de-laddiction"},{"id":"9782711626656","title":"L'\u00eatre et le substrat ; essai sur Plotin et la m\u00e9taphysique","description":"La notion de substrat a acquis progressivement une place centrale dans la philosophie ancienne, en particulier chez Aristote et chez les Sto\u00efciens. Elle permet au premier, dans les textes de la Physique et des Cat\u00e9gories, de penser par exemple les notions de mati\u00e8re et de substance, de m\u00eame qu'elle intervient dans la constitution de son projet m\u00e9taphysique qui fait de la substance l'objet de la science recherch\u00e9e. Les sto\u00efciens aussi accordent une grande importance \u00e0 cette notion puisqu'ils en font le premier des genres \u00e0 partir desquels ils analysent toute r\u00e9alit\u00e9. La notion de substrat est donc au coeur de la r\u00e9flexion sur la question de l'\u00eatre et son r\u00f4le est d\u00e9terminant pour comprendre le traitement que re\u00e7oit cette question, de m\u00eame que pour saisir le sens de la discipline (la m\u00e9taphysique) qui pr\u00e9tend en faire son objet propre. Que devient cette question chez un auteur comme Plotin, avec lequel commence la tradition dite n\u00e9oplatonicienne? L'hypoth\u00e8se de ce livre est que Plotin l'aborde en cherchant \u00e0 d\u00e9faire le lien \u00e9tabli avant lui, entre la substance et le substrat, et plus largement entre la m\u00e9taphysique comme science de l'\u00eatre et la question du substrat. Une nouvelle conception de l'\u00eatre en r\u00e9sulte, qui repose sur des mod\u00e8les originaux (l'implication et la coexistence) que l'on s'attache ici \u00e0 mettre \u00e0 jour et qui permettent de saisir la place singuli\u00e8re qu'occupe la pens\u00e9e de Plotin dans l'histoire de la m\u00e9taphysique.","authors":["Sylvain Roux"],"category_codes":["9000000","9080000","9080300","9080302"],"visuals":{"large":"https:\/\/images.epagine.fr\/656\/9782711626656_1_75.jpg","medium":"https:\/\/images.epagine.fr\/656\/9782711626656_1_m.jpg","thumbnail":"https:\/\/images.epagine.fr\/656\/9782711626656_1_v.jpg"},"orderable":true,"show_badge":true,"formatted_price":"32,00&nbsp;\u20ac","formatted_published_date":"8 f\u00e9vrier 2017","publisher_availability_label":"Sur commande","short_details":"Sylvain Roux \u2014 Vrin","translator":null,"weight":490,"page_count":296,"readership":null,"editor":"Vrin","price":3200,"published_date":"2017-02-07T23:00:00.000000Z","support":"Grand format","publisher_availability":1,"stock":0,"editions":[],"url":"https:\/\/quaidesbrumes.com\/ouvrage\/9782711626656\/letre-et-le-substrat-essai-sur-plotin-et-la-metaphysique"},{"id":"9782711626663","title":"Lettres \u00e0 Franz Xavier von Zach (1792-1815)","description":"Au XVIIIe si\u00e8cle, les voyages \u00e9taient lents et p\u00e9nibles. Diligences, auberges plus ou moins confortables ... Des jours pour traverser la France! Pourtant les scientifiques voyageaient beaucoup, et Lalande plus que beaucoup d'autres. Tout jeune encore il avait \u00e9t\u00e9 envoy\u00e9 par l'Acad\u00e9mie des sciences \u00e0 Berlin; il devait y remplacer Lemonnier pour effectuer la mesure (conjointement avec La Caille qui se trouvait au cap Bonne-Esp\u00e9rance) de la parallaxe de la Lune. Il eut toujours de bonnes relations avec les astronomes qu'il avait connus \u00e0 Berlin, comme avec les astronomes allemands de fa\u00e7on g\u00e9n\u00e9rale. Et les correspondances pouvaient suppl\u00e9er aux voyages. Lalande noua tout particuli\u00e8rement avec Franz Xavier von Zach, directeur de l'observatoire de Gotha, des relations scientifiques et des liens amicaux. C'est \u00e0 sa correspondance avec von Zach que ce volume est consacr\u00e9. Les originaux des lettres de Lalande n'ont pas \u00e9t\u00e9 retrouv\u00e9es, mais \u00e0 travers les traductions qu'en donne von Zach lui-m\u00eame, nous avons l'essentiel des pr\u00e9occupations astronomiques de Lalande \u00e0 cette \u00e9poque. Notamment on y trouve la gen\u00e8se des d\u00e9couvertes de petites plan\u00e8tes par Olbers et Piazzi. C'est v\u00e9ritablement la vie astronomique de cette fin du XVIIIe si\u00e8cle que relatent ces lettres passionnantes. Et c'est d'ailleurs \u00e0 Gotha qu'eut lieu, autour de Lalande, ce que l'on peut consid\u00e9rer comme le premier colloque international d'astronomie.","authors":["J\u00e9r\u00f4me Lalande"],"category_codes":["9000000","9080000","9080200","9080204"],"visuals":{"large":"https:\/\/images.epagine.fr\/663\/9782711626663_1_75.jpg","medium":"https:\/\/images.epagine.fr\/663\/9782711626663_1_m.jpg","thumbnail":"https:\/\/images.epagine.fr\/663\/9782711626663_1_v.jpg"},"orderable":true,"show_badge":true,"formatted_price":"28,00&nbsp;\u20ac","formatted_published_date":"27 avril 2016","publisher_availability_label":"Sur commande","short_details":"J\u00e9r\u00f4me Lalande \u2014 Vrin","translator":null,"weight":336,"page_count":280,"readership":null,"editor":"Vrin","price":2800,"published_date":"2016-04-26T22:00:00.000000Z","support":"Grand format","publisher_availability":1,"stock":0,"editions":[],"url":"https:\/\/quaidesbrumes.com\/ouvrage\/9782711626663\/lettres-a-franz-xavier-von-zach-1792-1815"},{"id":"9782711626700","title":"L'essentialisme de Guillaume d'Ockham","description":"Guillaume d'Ockham (1285-1347), d\u00e9fenseur bien connu du nominalisme, a manifest\u00e9 un int\u00e9r\u00eat soutenu pour les d\u00e9finitions r\u00e9elles. Cet ouvrage s'efforce de reconstruire sa position sur la nature et la fonction des d\u00e9finitions r\u00e9elles. Un examen de ce qu'est une d\u00e9finition r\u00e9elle appelle une \u00e9tude de ce qu'est une essence et de la nature du lien \u00e0 poser entre l'essentiel et le n\u00e9cessaire. Cet ouvrage a pour objectif de montrer que le nominalisme ne contraint pas \u00e0 une position d\u00e9termin\u00e9e sur les essences.\r\nSaul Kripke nous dit que l'essentiel se r\u00e9duit au n\u00e9cessaire. Kit Fine, par contre, affirme qu'il faut revenir \u00e0 Aristote et soutenir que l'essentiel est irr\u00e9ductible au n\u00e9cessaire. Notre examen atteste qu'une \u00e9tude en histoire de la philosophie a toute sa place dans les d\u00e9bats contemporains. L'essentialisme de Guillaume d'Ockham incite \u00e0 rendre \u00e0 Aristote ce qui lui revient et \u00e0 faire preuve de circonspection. En d\u00e9finitive, les deux positions en pr\u00e9sence ne sont peut-\u00eatre pas incompatibles.","authors":["Magali Roques"],"category_codes":["9000000","9080000","9080500","9080501"],"visuals":{"large":"https:\/\/images.epagine.fr\/700\/9782711626700_1_75.jpg","medium":"https:\/\/images.epagine.fr\/700\/9782711626700_1_m.jpg","thumbnail":"https:\/\/images.epagine.fr\/700\/9782711626700_1_v.jpg"},"orderable":true,"show_badge":true,"formatted_price":"25,00&nbsp;\u20ac","formatted_published_date":"1er mars 2016","publisher_availability_label":"Sur commande","short_details":"Magali Roques \u2014 Vrin","translator":null,"weight":397,"page_count":232,"readership":null,"editor":"Vrin","price":2500,"published_date":"2016-02-29T23:00:00.000000Z","support":"Grand format","publisher_availability":1,"stock":0,"editions":[],"url":"https:\/\/quaidesbrumes.com\/ouvrage\/9782711626700\/lessentialisme-de-guillaume-dockham"},{"id":"9782711626762","title":"Faire renaissance ; une \u00e9thique publique pour demain","description":"Contradictions de l'individualisme, embarras du pluralisme, antinomies du productivisme, autant de tensions morales et politiques qui installent la civilisation europ\u00e9enne dans un sentiment de d\u00e9clin et d'impuissance. Nos h\u00e9ritages contradictoires causent en partie ce d\u00e9sarroi, mais la gestation d'un monde en formation r\u00e9clame en urgence un ressourcement cr\u00e9ateur d'une soci\u00e9t\u00e9 ouverte, de l'int\u00e9rieur, par sa propre puissance de sublimation symbolique. Quand la r\u00e9alit\u00e9 devient un ensemble de signes, d'informations, de savoirs, d'images, d'arguments et de r\u00e9cits, les moralismes doctrinaires sont d\u00e9pass\u00e9s. On s'int\u00e8gre dans un tel monde comme traducteur ou inventeur, herm\u00e9neute, esth\u00e8te, diffuseur et r\u00e9v\u00e9lateur de sens.","authors":["Monique Castillo"],"category_codes":["9000000","9080000","9080300","9080303"],"visuals":{"large":"https:\/\/images.epagine.fr\/762\/9782711626762_1_75.jpg","medium":"https:\/\/images.epagine.fr\/762\/9782711626762_1_m.jpg","thumbnail":"https:\/\/images.epagine.fr\/762\/9782711626762_1_v.jpg"},"orderable":true,"show_badge":true,"formatted_price":"14,00&nbsp;\u20ac","formatted_published_date":"2 f\u00e9vrier 2016","publisher_availability_label":"Sur commande","short_details":"Monique Castillo \u2014 Vrin","translator":null,"weight":253,"page_count":256,"readership":null,"editor":"Vrin","price":1400,"published_date":"2016-02-01T23:00:00.000000Z","support":"Poche","publisher_availability":1,"stock":0,"editions":[],"url":"https:\/\/quaidesbrumes.com\/ouvrage\/9782711626762\/faire-renaissance-une-ethique-publique-pour-demain"},{"id":"9782711626793","title":"M\u00e9di\u00e9visme philosophique et raison moderne de Pierre Bayle \u00e0 Ernest Renan","description":"L'Arabe, le scolastique et le mystique sont les trois figures principales des r\u00e9cits qui, entre 1700 et 1900, narrent les origines m\u00e9di\u00e9vales de la raison moderne. De Pierre Bayle \u00e0 Ernest Renan, les historiens de la philosophie et les historiens de la culture s'approprient un monde historique rel\u00e9gu\u00e9 dans l'ombre depuis la Renaissance : la philosophie du Moyen \u00c2ge. Dans leurs reconstructions, la pens\u00e9e m\u00e9di\u00e9vale joue tant\u00f4t le r\u00f4le de repoussoir, tant\u00f4t elle se mue en berceau de la civilisation moderne. La philosophie et son histoire y c\u00f4toient des questions linguistiques, \u00ab raciales \u00bb, culturelles et civilisationnelles. Cette enqu\u00eate sur l'invention du m\u00e9di\u00e9visme philosophique \u00e0 l'\u00e2ge moderne met ainsi en lumi\u00e8re la dimension \u00e9minemment politique de l'histoire de la philosophie","authors":["Catherine Konig-Pralong"],"category_codes":["9000000","9080000","9080500"],"visuals":{"large":"https:\/\/images.epagine.fr\/793\/9782711626793_1_75.jpg","medium":"https:\/\/images.epagine.fr\/793\/9782711626793_1_m.jpg","thumbnail":"https:\/\/images.epagine.fr\/793\/9782711626793_1_v.jpg"},"orderable":true,"show_badge":true,"formatted_price":"19,00&nbsp;\u20ac","formatted_published_date":"29 mars 2016","publisher_availability_label":"Sur commande","short_details":"Catherine Konig-Pralong \u2014 Vrin","translator":null,"weight":300,"page_count":176,"readership":null,"editor":"Vrin","price":1900,"published_date":"2016-03-28T22:00:00.000000Z","support":"Grand format","publisher_availability":1,"stock":0,"editions":[],"url":"https:\/\/quaidesbrumes.com\/ouvrage\/9782711626793\/medievisme-philosophique-et-raison-moderne-de-pierre-bayle-a-ernest-renan"},{"id":"9782711626823","title":"Sentir son corps vivant ; \u00e9mersiologie 1","description":"L'activit\u00e9 du corps vivant pr\u00e9c\u00e8de notre conscience du corps v\u00e9cu et produit en nous des gestes involontaires : \u00e9motions, vertige, orgasme, r\u00e9miniscences et douleurs. Sentir son corps vivant nous \u00e9veille \u00e0 une nouvelle connaissance de soi et d'autrui, et exige une attention \u00e0 soi dans le cours de notre existence, mais aussi \u00e0 travers une intercorpor\u00e9it\u00e9. \r\nEn s'appuyant sur les neurosciences in vivo et les techniques immersives, l'auteur analyse les apports d'une ph\u00e9nom\u00e9nologie neurobiologique de l'action, d\u00e9crit l'\u00e9cologie corporelle \u00e0 partir de l'activation pr\u00e9motrice du vivant, et d\u00e9voile ces \u00e9mersions exp\u00e9rientielles qui \u00e9veillent dans le vivant des capacit\u00e9s in\u00e9dites. Il nous pr\u00e9sente ainsi l'\u00e9mersiologie, une philosophie du corps qui lie le vivant et le v\u00e9cu et propose de dynamiser nos sensations profondes pour changer notre sch\u00e9ma corporel et notre action dans le monde.","authors":["Bernard Andrieu"],"category_codes":["9000000","9080000","9080200","9080203"],"visuals":{"large":"https:\/\/images.epagine.fr\/823\/9782711626823_1_75.jpg","medium":"https:\/\/images.epagine.fr\/823\/9782711626823_1_m.jpg","thumbnail":"https:\/\/images.epagine.fr\/823\/9782711626823_1_v.jpg"},"orderable":true,"show_badge":true,"formatted_price":"13,00&nbsp;\u20ac","formatted_published_date":"15 juin 2016","publisher_availability_label":"Sur commande","short_details":"Bernard Andrieu \u2014 Vrin","translator":null,"weight":250,"page_count":264,"readership":null,"editor":"Vrin","price":1300,"published_date":"2016-06-14T22:00:00.000000Z","support":"Poche","publisher_availability":1,"stock":0,"editions":[],"url":"https:\/\/quaidesbrumes.com\/ouvrage\/9782711626823\/sentir-son-corps-vivant-emersiologie-1"},{"id":"9782711626847","title":"La longue dur\u00e9e pour Jean-Fran\u00e7ois Courtine","description":"Les \u00e9tudes rassembl\u00e9es dans ce volume entendent prendre la mesure des transformations introduites par l'oeuvre de Jean-Fran\u00e7ois Courtine dans l'exercice de la philosophie. Elles explorent les possibilit\u00e9s offertes par la prise en consid\u00e9ration de la longue dur\u00e9e des concepts et des doctrines dans les diff\u00e9rents domaines abord\u00e9s par son travail : histoire de la m\u00e9taphysique, philosophie ancienne et m\u00e9di\u00e9vale, histoire de l'id\u00e9alisme allemand et du mouvement ph\u00e9nom\u00e9nologique, mais aussi ontologie fondamentale, logique du jugement, th\u00e9orie de l'objet et philosophie de l'histoire. L'ensemble compose un portrait philosophique offert \u00e0 Jean-Fran\u00e7ois Courtine par ses \u00e9l\u00e8ves, coll\u00e8gues et amis de France et de l'\u00e9tranger.","authors":["Collectif"],"category_codes":["9000000","9080000","9080200","9080204"],"visuals":{"large":"https:\/\/quaidesbrumes.com\/img\/book-placeholder.png","medium":"https:\/\/quaidesbrumes.com\/img\/book-placeholder.png","thumbnail":"https:\/\/quaidesbrumes.com\/img\/book-placeholder.png"},"orderable":true,"show_badge":true,"formatted_price":"38,00&nbsp;\u20ac","formatted_published_date":"7 juillet 2016","publisher_availability_label":"Sur commande","short_details":"Collectif \u2014 Vrin","translator":null,"weight":480,"page_count":352,"readership":null,"editor":"Vrin","price":3800,"published_date":"2016-07-06T22:00:00.000000Z","support":"Grand format","publisher_availability":1,"stock":0,"editions":[],"url":"https:\/\/quaidesbrumes.com\/ouvrage\/9782711626847\/la-longue-duree-pour-jean-francois-courtine"},{"id":"9782711626908","title":"Cassirer ; du transcendantal au s\u00e9miotique","description":"Ernst Cassirer (1874-1945) fut l'un des principaux acteurs des d\u00e9bats philosophiques et \u00e9pist\u00e9mologiques de l'entredeux- guerres en Allemagne. H\u00e9ritier de la tradition \u00e9pist\u00e9mologique kantienne et n\u00e9o-kantienne, Cassirer fut confront\u00e9 \u00e0 une situation \u00e9pist\u00e9mologique sans pr\u00e9c\u00e9dent : la pluralisation des g\u00e9om\u00e9tries montrait que l'id\u00e9e de connaissance \u00e9tait susceptible de variation dans ses propres modes d'objectivation. Tirant philosophiquement toutes les cons\u00e9quences de cette situation in\u00e9dite, Cassirer reconnut l'\u00e9gale valeur de modes d'objectivation jusqu'alors consid\u00e9r\u00e9s comme seulement prop\u00e9deutiques \u00e0 la connaissance scientifique, tels le langage, le mythe, la technique ou le droit. Il a forg\u00e9, avec la notion de \u00ab forme symbolique \u00bb un outil conceptuel original qui articule sciences de la nature et sciences de la culture en pla\u00e7ant, au coeur des modes de l'objectivation, la capacit\u00e9 de transformation propre au sens. Il a, ce faisant, d\u00e9plac\u00e9 le centre de gravit\u00e9 de la philosophie kantienne du transcendantal au s\u00e9miotique.","authors":["Jean Lass\u00e8gue"],"category_codes":["9000000","9080000","9080200","9080205"],"visuals":{"large":"https:\/\/images.epagine.fr\/908\/9782711626908_1_75.jpg","medium":"https:\/\/images.epagine.fr\/908\/9782711626908_1_m.jpg","thumbnail":"https:\/\/images.epagine.fr\/908\/9782711626908_1_v.jpg"},"orderable":true,"show_badge":true,"formatted_price":"26,00&nbsp;\u20ac","formatted_published_date":"12 avril 2016","publisher_availability_label":"Sur commande","short_details":"Jean Lass\u00e8gue \u2014 Vrin","translator":null,"weight":360,"page_count":240,"readership":null,"editor":"Vrin","price":2600,"published_date":"2016-04-11T22:00:00.000000Z","support":"Grand format","publisher_availability":1,"stock":0,"editions":[],"url":"https:\/\/quaidesbrumes.com\/ouvrage\/9782711626908\/cassirer-du-transcendantal-au-semiotique"},{"id":"9782711626922","title":"Correspondance","description":"La correspondance entre Leibniz et le physicien hollandais Burcher De Volder, men\u00e9e de 1698 \u00e0 1706, est un texte important pour comprendre la science nouvelle de la puissance et de l'action que Leibniz a invent\u00e9e et d\u00e9sign\u00e9e par le n\u00e9ologisme de dynamica. Cet ouvrage pr\u00e9sente la premi\u00e8re traduction en fran\u00e7ais d'une correspondance cruciale pour saisir le rapport de la dynamique avec la m\u00e9taphysique. A cet \u00e9gard, le concept d'action joue un r\u00f4le central : il est, sous la plume de Leibniz, l'objet du principe de conservation (l'action motrice) et la caract\u00e9ristique essentielle de la substance. Ce concept d'action est ambivalent dans la mesure o\u00f9 Leibniz choisit d'utiliser le m\u00eame terme et de le doter de la m\u00eame signification (actio in se ipsum) dans les deux champs th\u00e9oriques distincts que sont la dynamique et la m\u00e9taphysique. Le concept d'action permet, en effet, \u00e0 Leibniz de penser le rapport entre le mouvement dans les corps physiques et la s\u00e9rie des perceptions dans les substances simples. La dynamique est, par cons\u00e9quent, un moyen de rendre intelligible la substance.\r\nCette correspondance est d\u00e9terminante pour comprendre le renouveau que la dynamique offre \u00e0 la m\u00e9taphysique de Leibniz \u00e0 la fin des ann\u00e9es 1690 : l'unit\u00e9 m\u00e9taphysique de la r\u00e9alit\u00e9 est assur\u00e9e et rendue intelligible par l'int\u00e9gration \u00e0 la dynamique du lexique m\u00e9taphysique de l'action. Cette op\u00e9ration conduira au dispositif monadologique de la derni\u00e8re m\u00e9taphysique de Leibniz.","authors":["Burcher De Volder","Gottfried Wilhelm Leibniz"],"category_codes":["9000000","9080000","9080300","9080302"],"visuals":{"large":"https:\/\/images.epagine.fr\/922\/9782711626922_1_75.jpg","medium":"https:\/\/images.epagine.fr\/922\/9782711626922_1_m.jpg","thumbnail":"https:\/\/images.epagine.fr\/922\/9782711626922_1_v.jpg"},"orderable":true,"show_badge":true,"formatted_price":"30,00&nbsp;\u20ac","formatted_published_date":"19 mai 2016","publisher_availability_label":"Sur commande","short_details":"Burcher De Volder, Gottfried Wilhelm Leibniz \u2014 Vrin","translator":null,"weight":317,"page_count":288,"readership":null,"editor":"Vrin","price":3000,"published_date":"2016-05-18T22:00:00.000000Z","support":"Grand format","publisher_availability":1,"stock":0,"editions":[],"url":"https:\/\/quaidesbrumes.com\/ouvrage\/9782711626922\/correspondance"},{"id":"9782711626946","title":"Trait\u00e9 20 ; qu'est-ce que la dialectique, qu'il faut transmettre ?","description":"Le trait\u00e9 Sur la dialectique de Plotin (Enn\u00e9ades, I, 3), est le 20e trait\u00e9 dans l'ordre chronologique et le seul que Plotin ait \u00e9crit sur la dialectique et la logique. Il a pour cette raison une importance historique et philosophique consid\u00e9rable car il constitue la r\u00e9flexion antique la plus \u00e9labor\u00e9e sur les rapports entre la logique (essentiellement aristot\u00e9licienne et sto\u00efcienne) et la dialectique d'inspiration platonicienne. Contrairement \u00e0 une grande partie de la tradition antique qui identifie la dialectique et la logique ou consid\u00e8re que la dialectique est une partie de la logique (ainsi Aristote et les sto\u00efciens), Plotin les distingue soigneusement et de mani\u00e8re articul\u00e9e. Il identifie la dialectique \u00e0 la m\u00e9thode de division et de rassemblement des Formes d\u00e9crite dans plusieurs dialogues de Platon, tandis que la logique consiste pour lui dans la connaissance, technique et largement superflue, des propositions et des syllogismes. La logique n'est pour lui qu'un ensemble de \u00ab r\u00e8gles nues \u00bb, elle \u00e9tudie les formes logiques en rempla\u00e7ant les propositions par des lettres. La dialectique a pour objet l'\u00eatre ou les \u00eatres, et elle poursuit une remont\u00e9e depuis le sensible jusqu'\u00e0 l'intelligible et au Bien, pr\u00e9par\u00e9e soit par la musique, soit par l'amour, soit par les math\u00e9matiques. Plotin livre ainsi une vigoureuse synth\u00e8se de la dialectique d\u00e9crite de fa\u00e7on \u00e9parse dans les dialogues de Platon et en offre une analyse philosophique sans \u00e9quivalent.La pr\u00e9sente traduction comment\u00e9e replace le trait\u00e9 dans l'histoire de la dialectique et de la logique de l'Antiquit\u00e9 et dans l'\u00e9volution de la pens\u00e9e de Plotin et du platonisme. Pour la premi\u00e8re fois, le commentaire montre que le trait\u00e9 proc\u00e8de selon une mise en abyme, o\u00f9 la m\u00e9thode, d\u00e9crite au chapitre 4, structure l'ensemble du trait\u00e9 qui l'applique de mani\u00e8re rigoureuse.","authors":["Plotin"],"category_codes":["9000000","9080000","9080400"],"visuals":{"large":"https:\/\/images.epagine.fr\/946\/9782711626946_1_75.jpg","medium":"https:\/\/images.epagine.fr\/946\/9782711626946_1_m.jpg","thumbnail":"https:\/\/images.epagine.fr\/946\/9782711626946_1_v.jpg"},"orderable":true,"show_badge":true,"formatted_price":"25,00&nbsp;\u20ac","formatted_published_date":"9 novembre 2016","publisher_availability_label":"Sur commande","short_details":"Plotin \u2014 Vrin","translator":null,"weight":332,"page_count":312,"readership":null,"editor":"Vrin","price":2500,"published_date":"2016-11-08T23:00:00.000000Z","support":"Grand format","publisher_availability":1,"stock":0,"editions":[],"url":"https:\/\/quaidesbrumes.com\/ouvrage\/9782711626946\/traite-20-quest-ce-que-la-dialectique-quil-faut-transmettre"},{"id":"9782711626953","title":"Platon, h\u00e9ritier de Protagoras ; un dialogue sur les fondements de la d\u00e9mocratie","description":"Protagoras est un sophiste, les sophistes sont les ennemis de Platon... De ce syllogisme, la conclusion semble \u00e9vidente. Elle appelle cependant quelques nuances. Plus qu'un ennemi, Protagoras appara\u00eet en effet chez Platon comme une figure exemplaire, un interlocuteur valable qui, \u00e0 travers son affirmation selon laquelle l'homme est la mesure de toutes choses, incarne la d\u00e9mocratie, ses conditions et ses cons\u00e9quences.\r\nCe livre traite le th\u00e8me g\u00e9n\u00e9ral, et classique, de l'opposition entre sophistique et philosophie, mais en le limitant \u00e0 une seule question dont il d\u00e9ploie les diff\u00e9rentes facettes : l'id\u00e9e de mesure. Il reconstitue une pens\u00e9e \u00ab protagor\u00e9enne \u00bb qui replace Platon dans son contexte intellectuel et montre comment, \u00e0 travers la figure de Protagoras, c'est le d\u00e9bat avec la d\u00e9mocratie qui se joue, non seulement en tant que r\u00e9gime politique, mais aussi en tant que mod\u00e8le th\u00e9orique aux implications multiples (\u00e9pist\u00e9mologiques, morales, p\u00e9dagogiques, techniques).\r\nSur quel crit\u00e8re fonder la mesure? Comment concevoir l'expertise et le savoir? Quel r\u00f4le attribuer au langage dans l'\u00e9ducation? Que faire de l'identit\u00e9 du sujet dans le processus de m\u00e9moire? Comment penser l'unit\u00e9 de la Cit\u00e9? Autant de questions soulev\u00e9es dans le dialogue avec le mod\u00e8le protagor\u00e9en. Comprendre ce que Platon doit \u00e0 Protagoras, c'est ainsi chercher par quels \u00e9l\u00e9ments cette pens\u00e9e l'a mis au d\u00e9fi et par r\u00e9action \u00e0 quoi il a \u00e9labor\u00e9 sa propre th\u00e9orie de la mesure, de l'expertise, de l'\u00e9ducation et de l'unit\u00e9 politique.","authors":["Marc-Antoine Gavray"],"category_codes":["9000000","9080000","9080400","9080403"],"visuals":{"large":"https:\/\/images.epagine.fr\/953\/9782711626953_1_75.jpg","medium":"https:\/\/images.epagine.fr\/953\/9782711626953_1_m.jpg","thumbnail":"https:\/\/images.epagine.fr\/953\/9782711626953_1_v.jpg"},"orderable":true,"show_badge":true,"formatted_price":"37,00&nbsp;\u20ac","formatted_published_date":"16 f\u00e9vrier 2017","publisher_availability_label":"Sur commande","short_details":"Marc-Antoine Gavray \u2014 Vrin","translator":null,"weight":515,"page_count":384,"readership":null,"editor":"Vrin","price":3700,"published_date":"2017-02-15T23:00:00.000000Z","support":"Grand format","publisher_availability":1,"stock":0,"editions":[],"url":"https:\/\/quaidesbrumes.com\/ouvrage\/9782711626953\/platon-heritier-de-protagoras-un-dialogue-sur-les-fondements-de-la-democratie"},{"id":"9782711626984","title":"La no\u00e9tique de Siger de Brabant","description":"Comment justifier l'union entre un intellect enti\u00e8rement immat\u00e9riel et une \u00e2me forme substantielle de la mati\u00e8re? Tel est le probl\u00e8me \u00ab no\u00e9tique \u00bb que pose le trait\u00e9 De l'\u00e2me d'Aristote : si l'\u00e2me est unie au corps, l'intellect en est \u00ab s\u00e9par\u00e9 \u00bb; si le compos\u00e9 de l'\u00e2me et du corps est engendr\u00e9 et se corrompt, l'intellect, lui, \u00ab vient du dehors \u00bb et est \u00ab incorruptible \u00bb. Mais le probl\u00e8me ne fut pas tranch\u00e9 par Aristote. Le caract\u00e8re apor\u00e9matique du trait\u00e9 explique la diversit\u00e9 des interpr\u00e9tations qu'en ont donn\u00e9e des commentateurs comme Th\u00e9ophraste, Alexandre d'Aphrodise, Th\u00e9mistius, Avicenne et Averro\u00e8s. C'est dans le cadre de cette tradition que les penseurs m\u00e9di\u00e9vaux ont examin\u00e9 la nature de l'\u00e2me et de l'intellect. Leurs discussions prennent un tour dramatique lorsque Siger de Brabant, vers 1265, fait sienne l'interpr\u00e9tation radicale du trait\u00e9 De l'\u00e2me propos\u00e9e par Averro\u00e8s selon laquelle l'intellect est une substance s\u00e9par\u00e9e, unique pour tous les \u00eatres humains et \u00e9ternelle. Siger inaugure ainsi \u00ab l'averro\u00efsme latin \u00bb, un courant \u00e0 plusieurs nuances qui se poursuivra jusqu'\u00e0 la Renaissance; il contraint Thomas d'Aquin \u00e0 raffiner sa critique philosophique de la no\u00e9tique averro\u00efste et provoque en partie l'intervention des autorit\u00e9s eccl\u00e9siastiques, dont les condamnations successives ont conditionn\u00e9 l'exercice de la philosophie en Occident.","authors":["Bernardo C. Bazan"],"category_codes":["9000000","9080000","9080500"],"visuals":{"large":"https:\/\/images.epagine.fr\/984\/9782711626984_1_75.jpg","medium":"https:\/\/images.epagine.fr\/984\/9782711626984_1_m.jpg","thumbnail":"https:\/\/images.epagine.fr\/984\/9782711626984_1_v.jpg"},"orderable":true,"show_badge":true,"formatted_price":"26,00&nbsp;\u20ac","formatted_published_date":"27 septembre 2016","publisher_availability_label":"Sur commande","short_details":"Bernardo C. Bazan \u2014 Vrin","translator":null,"weight":350,"page_count":272,"readership":null,"editor":"Vrin","price":2600,"published_date":"2016-09-26T22:00:00.000000Z","support":"Grand format","publisher_availability":1,"stock":0,"editions":[],"url":"https:\/\/quaidesbrumes.com\/ouvrage\/9782711626984\/la-noetique-de-siger-de-brabant"},{"id":"9782711627073","title":"L'empathie ; histoire d'une id\u00e9e de Platon au posthumain","description":"\u00ab Mets-toi \u00e0 ma place! \u00bb Si souvent, nous croyons y parvenir; si souvent nous devons reconna\u00eetre qu'on n'y arrive pas. \u00ab Empathie \u00bb est le terme qui d\u00e9crit cet effort, ce d\u00e9sir, cette victoire et cet \u00e9chec.\r\nCe livre raconte l'histoire complexe et fascinance de cette id\u00e9e, parcourant le temps depuis les philosophes grecs jusqu'aux andro\u00efdes, et croisant les disciplines comme la philosophie et la psychologie, l'anthropologie et l'hsitoire, l'esth\u00e9tique et l'\u00e9thique, les \u00e9tudes culturelles et les neurosciences.","authors":["Andrea Pinotti","Sophie Burdet"],"category_codes":["9000000","9080000","9080300","9080306"],"visuals":{"large":"https:\/\/images.epagine.fr\/073\/9782711627073_1_75.jpg","medium":"https:\/\/images.epagine.fr\/073\/9782711627073_1_m.jpg","thumbnail":"https:\/\/images.epagine.fr\/073\/9782711627073_1_v.jpg"},"orderable":true,"show_badge":true,"formatted_price":"24,00&nbsp;\u20ac","formatted_published_date":"13 d\u00e9cembre 2016","publisher_availability_label":"Sur commande","short_details":"Andrea Pinotti, Sophie Burdet \u2014 Vrin","translator":"SOPHIE BURDET","weight":255,"page_count":256,"readership":null,"editor":"Vrin","price":2400,"published_date":"2016-12-12T23:00:00.000000Z","support":"Poche","publisher_availability":1,"stock":0,"editions":[],"url":"https:\/\/quaidesbrumes.com\/ouvrage\/9782711627073\/lempathie-histoire-dune-idee-de-platon-au-posthumain"},{"id":"9782711627110","title":"La philosophie au risque de l'intelligence extraterrestre","description":"Peut-on introduire la question des intelligences extraterrestres en philosophie de mani\u00e8re rigoureuse? Le pr\u00e9sent ouvrage fait le pari d'une r\u00e9ponse positive. S'appuyant sur l'histoire de la philosophie, il propose de d\u00e9montrer la l\u00e9gitimit\u00e9 philosophique d'une telle interrogation. Loin d'\u00eatre rarissimes, les consid\u00e9rations consacr\u00e9es aux intelligences extraterrestres apparaissent depuis les Pr\u00e9socratiques et s'\u00e9tendent jusqu'\u00e0 Husserl, Bergson et Lewis en passant par Thomas d'Aquin, Descartes, Leibniz et Kant pour ne citer que les plus c\u00e9l\u00e8bres. Nous invitons le lecteur \u00e0 une sorte d'introduction \u00e0 l'histoire de la philosophie \u00e0 travers ce th\u00e8me peu courant, revisitant les questions m\u00e9taphysiques et cosmologiques et proposant une nouvelle interpr\u00e9tation du sens de la moralit\u00e9 kantienne \u00e0 partir de l'identit\u00e9 des \u00eatres raisonnables. Pour n'\u00eatre pas quantitativement majeur dans les \u00e9crits philosophiques, le th\u00e8me de l'intelligence extraterrestre n'en a pas moins sa place l\u00e9gitime dans la r\u00e9flexion rationnelle. Il constitue peut-\u00eatre m\u00eame une des probl\u00e9matiques les plus imp\u00e9rieuses de notre avenir proche.","authors":["Thibault Gress","Paul Mirault"],"category_codes":["9000000","9080000","9080200","9080204"],"visuals":{"large":"https:\/\/images.epagine.fr\/110\/9782711627110_1_75.jpg","medium":"https:\/\/images.epagine.fr\/110\/9782711627110_1_m.jpg","thumbnail":"https:\/\/images.epagine.fr\/110\/9782711627110_1_v.jpg"},"orderable":true,"show_badge":true,"formatted_price":"19,00&nbsp;\u20ac","formatted_published_date":"26 octobre 2016","publisher_availability_label":"Sur commande","short_details":"Thibault Gress, Paul Mirault \u2014 Vrin","translator":null,"weight":250,"page_count":192,"readership":null,"editor":"Vrin","price":1900,"published_date":"2016-10-25T22:00:00.000000Z","support":"Grand format","publisher_availability":1,"stock":0,"editions":[],"url":"https:\/\/quaidesbrumes.com\/ouvrage\/9782711627110\/la-philosophie-au-risque-de-lintelligence-extraterrestre"},{"id":"9782711627141","title":"Raymond Lulle : le langage et la raison ; une introduction \u00e0 la gen\u00e8se de l'Ars","description":"Le philosophe et th\u00e9ologien Raymond Lulle (1232-1316) est connu surtout comme l'auteur d'une Ars de trouver la v\u00e9rit\u00e9 qu'il pr\u00e9sente comme alternative aux m\u00e9thodes d\u00e9velopp\u00e9es dans le milieu universitaire.\r\nPour comprendre cette Ars, il faut tenir compte de son but : convaincre les infid\u00e8les de la v\u00e9rit\u00e9 de la foi catholique \u00e0 l'aide de la raison. Cela n'est possible qu'en la concevant comme un langage commun, universel, qui surmonte les d\u00e9ficiences propres \u00e0 la nature sensible du signe et qui offre \u00e0 l'entendement de vrais signifi\u00e9s intellectuels. Le lecteur trouvera dans ce livre une explication de la gen\u00e8se et du fonctionnement de la m\u00e9thode lullienne, envisag\u00e9e comme une r\u00e9ponse aux enjeux expressifs et communicatifs impliqu\u00e9s dans le souci missionnaire de son auteur. On per\u00e7oit ainsi que l'Ars de Lulle incorpore des solutions, et m\u00eame des r\u00e9f\u00e9rences concr\u00e8tes, emprunt\u00e9es aux r\u00e9flexions th\u00e9oriques contemporaines \u00e0 propos du langage, mais orient\u00e9es vers une pratique communicative au service de la mission.","authors":["Josep E. Rubio"],"category_codes":["9000000","9080000","9080500"],"visuals":{"large":"https:\/\/images.epagine.fr\/141\/9782711627141_1_75.jpg","medium":"https:\/\/images.epagine.fr\/141\/9782711627141_1_m.jpg","thumbnail":"https:\/\/images.epagine.fr\/141\/9782711627141_1_v.jpg"},"orderable":true,"show_badge":true,"formatted_price":"15,00&nbsp;\u20ac","formatted_published_date":"25 avril 2017","publisher_availability_label":"Sur commande","short_details":"Josep E. Rubio \u2014 Vrin","translator":null,"weight":208,"page_count":140,"readership":null,"editor":"Vrin","price":1500,"published_date":"2017-04-24T22:00:00.000000Z","support":"Grand format","publisher_availability":1,"stock":0,"editions":[],"url":"https:\/\/quaidesbrumes.com\/ouvrage\/9782711627141\/raymond-lulle-le-langage-et-la-raison-une-introduction-a-la-genese-de-lars"},{"id":"9782711627158","title":"Nicolas de Cues ; l'homme, atome spirituel","description":"La pr\u00e9sente \u00e9tude propose une lecture \u00e0 la fois historique et philosophique de la philosophie chr\u00e9tienne de Nicolas de Cues, une philosophie ouverte, asyst\u00e9matique et aux facettes multiples, que l'auteur a d\u00e9velopp\u00e9e au fil de ses ouvrages et dont l'abord est d'autant plus difficile qu'il use souvent d'un vocabulaire abscons et tiss\u00e9 d'\u00e9tranges n\u00e9ologismes. Trois pistes structurelles, sugg\u00e9r\u00e9es par les choix linguistiques du Cusain, sont ici suivies : celle, m\u00e9taphysique, de la possibilit\u00e9 du possible, du fieri de la \u00ab contraction \u00bb; celle, linguistico-grammaticale des noms signes et en particulier de ceux de la quantit\u00e9; enfin, celle, math\u00e9matique, de la v\u00e9rit\u00e9, pens\u00e9e comme \u00ab pr\u00e9cision \u00bb de la proportion d'\u00e9galit\u00e9 dans l'Un. En cela, on tente de relier de mani\u00e8re interne les diff\u00e9rents ouvrages du Cusain et d'expliciter la coh\u00e9rence philosophique et chr\u00e9tienne d'une doctrine fond\u00e9e sur la toutepuissance absolue de Dieu qui, par amour pour nous, se r\u00e9v\u00e8le en J\u00e9sus-Christ. Le lecteur pourra percevoir non seulement la valeur mais encore la coh\u00e9rence de th\u00e8ses aussi remarquables que celle de la co\u00efncidence des oppos\u00e9s, celle de l'un par la proportion math\u00e9matique d'\u00e9galit\u00e9, celle encore de la force cr\u00e9atrice (vis) de l'esprit humain en tant que monade, atome spirituel, \u00ab image contract\u00e9e de l'Exemplaire de Dieu \u00bb.","authors":["Federici Vescovini"],"category_codes":["9000000","9080000","9080200","9080204"],"visuals":{"large":"https:\/\/quaidesbrumes.com\/img\/book-placeholder.png","medium":"https:\/\/quaidesbrumes.com\/img\/book-placeholder.png","thumbnail":"https:\/\/quaidesbrumes.com\/img\/book-placeholder.png"},"orderable":true,"show_badge":true,"formatted_price":"26,00&nbsp;\u20ac","formatted_published_date":"3 novembre 2016","publisher_availability_label":"Sur commande","short_details":"Federici Vescovini \u2014 Vrin","translator":null,"weight":370,"page_count":248,"readership":null,"editor":"Vrin","price":2600,"published_date":"2016-11-02T23:00:00.000000Z","support":"Grand format","publisher_availability":1,"stock":0,"editions":[],"url":"https:\/\/quaidesbrumes.com\/ouvrage\/9782711627158\/nicolas-de-cues-lhomme-atome-spirituel"},{"id":"9782711627202","title":"Questions d'attitude ; essai de philosophie formelle sur l'intentionnalit\u00e9","description":"Lorsque nous disons qu'In\u00e8s croit qu'un voisin est malade, qu'Ignace esp\u00e8re que les fant\u00f4mes n'existent pas, qu'Igor craint de sortir de chez lui, ou qu'Ir\u00e8ne adore son chat, nous proc\u00e9dons \u00e0 des attributions d'attitudes mentales. Certaines de ces attitudes sont dites propositionnelles et d'autres, objectuelles - selon que leur contenu est une proposition, exprim\u00e9e par une phrase subordonn\u00e9e, ou un objet, d\u00e9not\u00e9 par un terme singulier ou une description. Les attributions d'attitudes, qu'elles soient propositionnelles ou objectuelles, qu'il s'agisse de croyances, de d\u00e9sirs ou de craintes, ont ceci d'\u00e9tonnant qu'elles sont ais\u00e9ment effectu\u00e9es par tout un chacun d\u00e8s l'acquisition du langage ou presque, tandis que leur analyse r\u00e9v\u00e8le une grande complexit\u00e9.\r\nLe pr\u00e9sent essai s'inscrit dans une tradition de recherche qui, \u00e0 la fronti\u00e8re entre philosophie du langage et philosophie de l'esprit, par une analyse des attributions d'attitudes et particuli\u00e8rement des locutions intentionnelles qu'elles mobilisent, vise \u00e0 offrir un \u00e9clairage sur le mental ou, plus pr\u00e9cis\u00e9ment, sur nos conceptions du mental. Introduisant pas \u00e0 pas plusieurs instruments d'analyse formelle, la logique modale et la s\u00e9mantique des mondes possibles, mais \u00e9galement la th\u00e9orie s\u00e9mantique des jeux et les extensions inter-mondaines de pr\u00e9dicats, l'auteur propose une analyse de la signification et de la connaissance linguistiques, avant d'entrer dans le vif du sujet des attributions d'attitudes et des nombreuses questions qu'elles soul\u00e8vent, en s\u00e9mantique comme en philosophie.","authors":["Manuel Rebuschi"],"category_codes":["9000000","9080000","9080700"],"visuals":{"large":"https:\/\/images.epagine.fr\/202\/9782711627202_1_75.jpg","medium":"https:\/\/images.epagine.fr\/202\/9782711627202_1_m.jpg","thumbnail":"https:\/\/images.epagine.fr\/202\/9782711627202_1_v.jpg"},"orderable":true,"show_badge":true,"formatted_price":"26,00&nbsp;\u20ac","formatted_published_date":"4 avril 2017","publisher_availability_label":"Sur commande","short_details":"Manuel Rebuschi \u2014 Vrin","translator":null,"weight":385,"page_count":256,"readership":null,"editor":"Vrin","price":2600,"published_date":"2017-04-03T22:00:00.000000Z","support":"Grand format","publisher_availability":1,"stock":0,"editions":[],"url":"https:\/\/quaidesbrumes.com\/ouvrage\/9782711627202\/questions-dattitude-essai-de-philosophie-formelle-sur-lintentionnalite"},{"id":"9782711627219","title":"Le probl\u00e8me du langage chez Kant","description":"Le motif pour lequel la philosophie du langage de Kant n'a pas \u00e9t\u00e9 \u00e9tudi\u00e9e jusqu'ici co\u00efncide avec l'hypoth\u00e8se (erron\u00e9e) d'une incompatibilit\u00e9 entre philosophie transcendantale et r\u00e9flexion g\u00e9n\u00e9tique. Un examen attentif r\u00e9v\u00e8le, \u00e0 rebours, que Kant \u00e9tablit une interrogation sur le langage comme vecteur du d\u00e9veloppement des capacit\u00e9s cognitives et morales. Poss\u00e9der des concepts - ce que Kant nomme \u00e9galement la \u00ab discursivit\u00e9 \u00bb - ressortit ainsi au fait de ma\u00eetriser des signes oraux. Le pouvoir de juger et sa structuration logique se d\u00e9veloppe conjointement avec l'apprentissage des r\u00e8gles grammaticales. La personnalit\u00e9 et la responsabilit\u00e9 apparaissent en connexion avec l'organisation du discours en premi\u00e8re personne. Enfin l'\u00e9ducation morale et la repr\u00e9sentation convenable des devoirs par l'enfant supposent l'exp\u00e9rience de l'injonction, ainsi que les pratiques de la description et du dialogue.","authors":["Rapha\u00ebl Ehrsam"],"category_codes":["9000000","9080000","9080200","9080204"],"visuals":{"large":"https:\/\/quaidesbrumes.com\/img\/book-placeholder.png","medium":"https:\/\/quaidesbrumes.com\/img\/book-placeholder.png","thumbnail":"https:\/\/quaidesbrumes.com\/img\/book-placeholder.png"},"orderable":true,"show_badge":true,"formatted_price":"29,00&nbsp;\u20ac","formatted_published_date":"9 novembre 2016","publisher_availability_label":"Sur commande","short_details":"Rapha\u00ebl Ehrsam \u2014 Vrin","translator":null,"weight":307,"page_count":288,"readership":null,"editor":"Vrin","price":2900,"published_date":"2016-11-08T23:00:00.000000Z","support":"Grand format","publisher_availability":1,"stock":0,"editions":[],"url":"https:\/\/quaidesbrumes.com\/ouvrage\/9782711627219\/le-probleme-du-langage-chez-kant"},{"id":"9782711627226","title":"L'esprit du corps ; la doctrine pascalienne de l'amour","description":"\u00c0 la diff\u00e9rence des moralistes, Pascal n'entend ni \u00e9radiquer l'amour, ni en d\u00e9crire les effets. Mais il pose la question d\u00e9cisive : \u00e0 quelle condition l'amour peut-il \u00eatre juste? Un amour juste est un amour bien r\u00e9gl\u00e9, qu'il s'agisse d'aimer Dieu, le prochain ou moi-m\u00eame - car la philosophie du Grand Si\u00e8cle n'est pas une philosophie de l'oubli de soi. Et pour r\u00e9gler l'amour qu'on se doit \u00e0 soi-m\u00eame, il faut \u00ab s'imaginer un corps plein de membres pensants \u00bb, et conformer l'amour de soi \u00e0 l'amour du tout, le corps, pour chaque partie. La d\u00e9finition cart\u00e9sienne de l'amour permet alors de penser l'exigence paulinienne, par o\u00f9 Pascal renouvelle profond\u00e9ment la tradition de l'ordo caritatis et du corps mystique, dont ce livre analyse les grandes mutations. Ainsi, pour spirituelle qu'elle soit, la doctrine pascalienne de l'amour n'ob\u00e9it-elle pas moins \u00e0 une requ\u00eate philosophique : penser l'unit\u00e9.","authors":["Alberto Frigo"],"category_codes":["9000000","9080000","9080200","9080204"],"visuals":{"large":"https:\/\/images.epagine.fr\/226\/9782711627226_1_75.jpg","medium":"https:\/\/images.epagine.fr\/226\/9782711627226_1_m.jpg","thumbnail":"https:\/\/images.epagine.fr\/226\/9782711627226_1_v.jpg"},"orderable":true,"show_badge":true,"formatted_price":"30,00&nbsp;\u20ac","formatted_published_date":"11 janvier 2017","publisher_availability_label":"Sur commande","short_details":"Alberto Frigo \u2014 Vrin","translator":null,"weight":384,"page_count":296,"readership":null,"editor":"Vrin","price":3000,"published_date":"2017-01-10T23:00:00.000000Z","support":"Grand format","publisher_availability":1,"stock":0,"editions":[],"url":"https:\/\/quaidesbrumes.com\/ouvrage\/9782711627226\/lesprit-du-corps-la-doctrine-pascalienne-de-lamour"}]}