{"data":[{"id":"9782701012582","title":"BAP n\u00b055 - Plotin et le Christianisme - Triade plotinienne et trinit\u00e9 chr\u00e9tienne","description":null,"authors":["Aubin Paul"],"category_codes":["9000000","9080000"],"visuals":{"large":"https:\/\/images.epagine.fr\/582\/9782701012582_1_75.jpg","medium":"https:\/\/images.epagine.fr\/582\/9782701012582_1_m.jpg","thumbnail":"https:\/\/images.epagine.fr\/582\/9782701012582_1_v.jpg"},"orderable":true,"show_badge":true,"formatted_price":"35,00&nbsp;\u20ac","formatted_published_date":"1er septembre 1992","publisher_availability_label":"Sur commande","short_details":"Aubin Paul \u2014 Beauchesne","translator":null,"weight":290,"page_count":238,"readership":null,"editor":"Beauchesne","price":3500,"published_date":"1992-08-31T22:00:00.000000Z","support":"Grand format","publisher_availability":1,"stock":0,"editions":[],"url":"https:\/\/quaidesbrumes.com\/ouvrage\/9782701012582\/bap-n55-plotin-et-le-christianisme-triade-plotinienne-et-trinite-chretienne"},{"id":"9782701015545","title":"BB n\u00b037 - Simone Weil - Le courage de penser","description":"Simone Weil est une des personnalit\u00e9s les plus extraordinaires du XXe si\u00e8cle.\r\nIl fallait un \"redoutable d\u00e9nicheur d'archives, connaissant admirablement les courants intellectuels de la premi\u00e8re moiti\u00e9 du XXe si\u00e8cle\" (Daniel Lindenberg) comme Domenico Canciani pour brosser le portrait de l'\u00e9tudiante en philosophie dans la mouvance d'Alain, suivre ses premiers pas d'enseignante, ses engagements de militante, syndicaliste, pacifiste et anticolonialiste, en faisant une large place aux t\u00e9moignages de ceux qui ont crois\u00e9 son chemin : Pierre Monatte, Robert Louzon, Boris Souvarine, Daniel Gu\u00e9rin, Albertine et Urbain Th\u00e9venon et combien d'autres de ces \"intellectuels mineurs\" qui ont fait l'originalit\u00e9 de l'histoire politique et sociale des ann\u00e9es trente.\r\nSans chercher \u00e0 la loupe les traces de son g\u00e9nie ni en faire le produit m\u00e9canique de son \u00e9poque, l'auteur voit sa sp\u00e9cificit\u00e9 dans les r\u00e9ponses qu'elle a apport\u00e9es aux sollicitations de son temps. Cette m\u00e9thode historique qui, selon Robert Chenavier, \"fait merveille dans l'analyse de la premi\u00e8re partie de la vie de Simone Weil\", n'est pas abandonn\u00e9e dans la reconstruction de la seconde. Les Cahiers, les lettres, les in\u00e9dits, l'apport d'interlocuteurs privil\u00e9gi\u00e9s, tels le p\u00e8re Joseph-Marie Perrin, le philosophe paysan Gustave'l'hibou, le po\u00e8te Jo\u00eb Bousquet, Maurice Schumann, porte-parole de la France libre, permettent de la suivre dans ses engagements derniers, la R\u00e9sistance, la r\u00e9daction de textes admirables o\u00f9 le politique, le religieux et le mystique s'\u00e9clairent mutuellement.\r\nInlassable dans la recherche de la v\u00e9rit\u00e9, ne s\u00e9parant jamais la pens\u00e9e de l'action, elle griffonne peu avant de mourir son utopie extr\u00eame : \"B\u00e2tir une civilisation nouvelle - Antique d'esprit - Vivante - Si nous pouvons...\" Toute recherche ne fait qu'ouvrir une porte. Ce n'est que dans le t\u00eate-\u00e0-t\u00eate que le lecteur peut poser sur Simone Weil la question fondamentale : \"Dit-elle vrai ou non ?\"","authors":["Canciani Domenico"],"category_codes":["9000000","9080000"],"visuals":{"large":"https:\/\/images.epagine.fr\/545\/9782701015545_1_75.jpg","medium":"https:\/\/images.epagine.fr\/545\/9782701015545_1_m.jpg","thumbnail":"https:\/\/images.epagine.fr\/545\/9782701015545_1_v.jpg"},"orderable":true,"show_badge":true,"formatted_price":"29,00&nbsp;\u20ac","formatted_published_date":"2 novembre 2011","publisher_availability_label":"Sur commande","short_details":"Canciani Domenico \u2014 Beauchesne","translator":null,"weight":636,"page_count":520,"readership":null,"editor":"Beauchesne","price":2900,"published_date":"2011-11-01T23:00:00.000000Z","support":"Grand format","publisher_availability":1,"stock":0,"editions":[],"url":"https:\/\/quaidesbrumes.com\/ouvrage\/9782701015545\/bb-n37-simone-weil-le-courage-de-penser"},{"id":"9782705684396","title":"Chemins de sagesse","description":"Le grand oeuvre de Louis Lavelle, La dialectique de l'\u00e9ternel pr\u00e9sent, devait se conclure par un volume sur la sagesse. Si sa disparition en 1951 ne lui a pas permis d'\u00e9crire ce volume, on trouve dans les livres qu'il a publi\u00e9s des textes sur la sagesse et il a laiss\u00e9 par ailleurs des notes in\u00e9dites consacr\u00e9es \u00e0 ce th\u00e8me. En regroupant ces diff\u00e9rents fragments, on voit se dessiner les contours essentiels que rev\u00eatait aux yeux de Lavelle la notion de sagesse. Un tel ensemble permet d'identifier les lignes de force du volume De la sagesse qui n'a pu voir le jour, et ce tant sur le plan m\u00e9taphysique que sur le plan \u00e9thique.\r\nSelon le philosophe, la vraie sagesse ne se limite ni \u00e0 l'id\u00e9al grec de mesure, ni \u00e0 l'id\u00e9al cart\u00e9sien de rationalit\u00e9, mais s'ouvre \u00e0 l'exp\u00e9rience spirituelle int\u00e9rioris\u00e9e. \u00c0 une \u00e9poque o\u00f9 la recherche de la s\u00e9r\u00e9nit\u00e9, trop souvent oubli\u00e9e par la philosophie, rev\u00eat une importance cruciale, vitale, les textes de Chemins de sagesse ont l'insigne m\u00e9rite de poser les jalons d'une vie en harmonie avec le monde, autrui et l'absolu.","authors":["Louis Lavelle"],"category_codes":["9000000","9080000","9080200","9080204"],"visuals":{"large":"https:\/\/images.epagine.fr\/396\/9782705684396_1_75.jpg","medium":"https:\/\/images.epagine.fr\/396\/9782705684396_1_m.jpg","thumbnail":"https:\/\/images.epagine.fr\/396\/9782705684396_1_v.jpg"},"orderable":true,"show_badge":true,"formatted_price":"22,00&nbsp;\u20ac","formatted_published_date":"13 juin 2013","publisher_availability_label":"Sur commande","short_details":"Louis Lavelle \u2014 Hermann","translator":null,"weight":185,"page_count":146,"readership":null,"editor":"Hermann","price":2200,"published_date":"2013-06-12T22:00:00.000000Z","support":"Grand format","publisher_availability":1,"stock":0,"editions":[],"url":"https:\/\/quaidesbrumes.com\/ouvrage\/9782705684396\/chemins-de-sagesse"},{"id":"9782711630134","title":"Sapience : des transformations de la sagesse dans la philosophie moderne","description":"Le mot de sagesse a d\u00e9sert\u00e9 la philosophie aujourd'hui. D\u00e8s le XVIIIe si\u00e8cle, Kant note que \u00ab personne ne s'enquiert de la sagesse \u00bb. On imagine alors que la modernit\u00e9 avant lui se lit comme la chronique d'une rel\u00e9gation annonc\u00e9e de la sagesse, tomb\u00e9e en d\u00e9su\u00e9tude apr\u00e8s avoir \u00e9t\u00e9 contest\u00e9e de l'ext\u00e9rieur par les sciences ou la religion, et de l'int\u00e9rieur par la philosophie elle-m\u00eame. Mais ces contestations parall\u00e8les indiquent pr\u00e9cis\u00e9ment que la question de la sagesse s'est maintenue - f\u00fbt-ce pour restreindre, transformer ou exiler celle-ci hors de la philosophie.Les contributions r\u00e9unies dans ce volume examinent ainsi certaines de ces r\u00e9sistances et de ces transformations (chez Hobbes, Pascal, Spinoza, Leibniz, Baumgarten, Kant, la philosophie shi'ite du XVIIe si\u00e8cle, la Schulmetaphysik allemande ou les encyclop\u00e9distes fran\u00e7ais).","authors":["Collectif"],"category_codes":["9000000","9080000","9080600"],"visuals":{"large":"https:\/\/images.epagine.fr\/134\/9782711630134_1_75.jpg","medium":"https:\/\/images.epagine.fr\/134\/9782711630134_1_m.jpg","thumbnail":"https:\/\/images.epagine.fr\/134\/9782711630134_1_v.jpg"},"orderable":true,"show_badge":true,"formatted_price":"18,00&nbsp;\u20ac","formatted_published_date":"16 d\u00e9cembre 2021","publisher_availability_label":"Sur commande","short_details":"Collectif \u2014 Vrin","translator":null,"weight":250,"page_count":186,"readership":null,"editor":"Vrin","price":1800,"published_date":"2021-12-15T23:00:00.000000Z","support":"Grand format","publisher_availability":1,"stock":0,"editions":[],"url":"https:\/\/quaidesbrumes.com\/ouvrage\/9782711630134\/sapience-des-transformations-de-la-sagesse-dans-la-philosophie-moderne"},{"id":"9782711631803","title":"L'activit\u00e9 de la mati\u00e8re","description":"L'agentivit\u00e9 de la mati\u00e8re est au coeur du d\u00e9veloppement des \u00ab Nouveaux mat\u00e9rialismes \u00bb. Ces ontologies, d\u00e9velopp\u00e9es depuis le milieu des ann\u00e9es 2000, font droit aux agents mat\u00e9riels non-humains, contre la repr\u00e9sentation - suppos\u00e9ment constitutive de la modernit\u00e9 - d'une mati\u00e8re morte et pr\u00eate \u00e0 \u00eatre exploit\u00e9e. L'id\u00e9e de mati\u00e8re active sert ainsi \u00e0 renverser l'anthropocentrisme, le dualisme nature \/ culture et la repr\u00e9sentation de l'\u00eatre humain comme seul acteur de l'histoire. Toutefois, l'activit\u00e9 de la mati\u00e8re est loin d'\u00eatre une id\u00e9e nouvelle. De l'atomisme antique au marxisme sovi\u00e9tique, en passant par Roger Bacon, Giordano Bruno, ou Diderot; des r\u00e9flexions de Leibniz sur les corps \u00e9tendus aux relectures d'Aristote par Simondon, elle a \u00e9t\u00e9 d\u00e9fendue, discut\u00e9e et pens\u00e9e de mani\u00e8re r\u00e9currente. Ce livre fait le pari que la tradition philosophique fournit des ressources f\u00e9condes pour \u00e9clairer les d\u00e9bats contemporains autour de l'activit\u00e9 de la mati\u00e8re.","authors":["Guillaume Coissard","Odile Gilon","Giulio Gisondi","Giorgi Kobakhidze","Clementine Lessard","Arnaud Pelletier"],"category_codes":["9000000","9080000","9080700"],"visuals":{"large":"https:\/\/images.epagine.fr\/803\/9782711631803_1_75.jpg","medium":"https:\/\/images.epagine.fr\/803\/9782711631803_1_m.jpg","thumbnail":"https:\/\/images.epagine.fr\/803\/9782711631803_1_v.jpg"},"orderable":true,"show_badge":true,"formatted_price":"18,00&nbsp;\u20ac","formatted_published_date":"28 novembre 2024","publisher_availability_label":"Sur commande","short_details":"Guillaume Coissard, Odile Gilon, Giulio Gisondi, Giorgi Kobakhidze, Clementine Lessard, Arnaud Pelletier \u2014 Vrin","translator":null,"weight":240,"page_count":180,"readership":null,"editor":"Vrin","price":1800,"published_date":"2024-11-27T23:00:00.000000Z","support":"Grand format","publisher_availability":1,"stock":0,"editions":[],"url":"https:\/\/quaidesbrumes.com\/ouvrage\/9782711631803\/lactivite-de-la-matiere"},{"id":"9782818502181","title":"\u00c9loge de la confiance","description":"Sans confiance entre les individus, c'est toute notre soci\u00e9t\u00e9 qui s'\u00e9croule. Apparaissent la peur, la d\u00e9raison, la faillite, la guerre, la parano\u00efa. Et pourtant, la judiciarisation des rapports contractuels, le d\u00e9sir de contr\u00f4le, le refus d'offrir \u00e0 l'autre une part de vuln\u00e9rabilit\u00e9 humaine, sans laquelle la confiance n'existe pas, engendrent une soci\u00e9t\u00e9 de d\u00e9fiance.\r\nL'essai magistral de Michela Marzano, offre une double perspective, historique et philosophique : de la banqueroute de Law (1720) \u00e0 la crise du pr\u00eat interbancaire (2007-2008), de l'\u00e9go\u00efsme lib\u00e9ral au doute syst\u00e9matique des th\u00e9ories du complot, du don de soi dans l'amour \u00e0 la multiplication des conflits juridiques dans la sph\u00e8re priv\u00e9e, Michela Marzano met en \u00e9vidence les fragilit\u00e9s de nos engagements et plaide pour une confiance restaur\u00e9e.\r\nOuvrage paru en 2010 aux \u00c9ditions Grasset & Fasquelle sous le titre Le Contrat de defiance.","authors":["Michela Marzano"],"category_codes":["9000000","9080000","9080200","9080204"],"visuals":{"large":"https:\/\/images.epagine.fr\/181\/9782818502181_1_75.jpg","medium":"https:\/\/images.epagine.fr\/181\/9782818502181_1_m.jpg","thumbnail":"https:\/\/images.epagine.fr\/181\/9782818502181_1_v.jpg"},"orderable":true,"show_badge":true,"formatted_price":"9,00&nbsp;\u20ac","formatted_published_date":"16 mai 2012","publisher_availability_label":"Sur commande","short_details":"Michela Marzano \u2014 Pluriel","translator":null,"weight":260,"page_count":320,"readership":null,"editor":"Pluriel","price":900,"published_date":"2012-05-15T22:00:00.000000Z","support":"Poche","publisher_availability":1,"stock":0,"editions":[],"url":"https:\/\/quaidesbrumes.com\/ouvrage\/9782818502181\/eloge-de-la-confiance"},{"id":"9782226121677","title":"Le scepticisme au XVIe et au XVIIe si\u00e8cle ; le retour des philosophies antiques \u00e0 l'\u00e2ge classique Tome 2","description":"Toute une dimension de la modernit\u00e9 s'est constitu\u00e9e en relisant et en transformant les philosophies antiques.\r\nSecond volet d'une s\u00e9rie de trois ouvrages (I. Le Sto\u00efcisme, 1999 ; III. L'Epicurisme, \u00e0 para\u00eetre), ce volume \u00e9tudie le retour du scepticisme aux XVIe et XVIIe si\u00e8cles. Les textes des anciens sceptiques, pyrrhoniens et acad\u00e9miciens, red\u00e9couverts par les humanistes, sont alors \u00e9dit\u00e9s et traduits, leurs th\u00e8mes repris et critiqu\u00e9s par Montaigne, Descartes, Gassendi, Hobbes ou Spinoza. Mais la r\u00e9surrection du scepticisme n'est pas une simple curiosit\u00e9 d'antiquaire : les doctrines classiques sont mises au services de nouvelles questions soulev\u00e9es par les crises politiques et religieuses, et par la science moderne.\r\nLe doute sceptique met-il la foi en danger ou, au contraire, la sert-il en enseignant la faiblesses de la raison humaine et l'inanit\u00e9 des querelles dogmatiques ? Peut-il contribuer \u00e0 l'essor de la nouvelle physique et du droit naturel ? Ces r\u00e9flexion sur le doute et l'incertitude ont jou\u00e9 un role-cl\u00e9 dans l'\u00e9laboration des philosophies de l'individu. Les arguments la diff\u00e9rence des moeurs ont ainsi pu constituer une premi\u00e8re \u00e9tape dans le d\u00e9veloppement des sciences humaines.\r\nIssu d'un colloque organis\u00e9 par le CERPHI (Centre d'\u00e9tudes en rh\u00e9torique, philosophie et histoire des id\u00e9es de l'E.N.S. de Fontenay-Saint-Cloud), ce volume r\u00e9unit les contributions des meilleurs sp\u00e9cialistes fran\u00e7ais et \u00e9trangers.","authors":["Collectif","Pierre-Fran\u00e7ois Moreau"],"category_codes":["9000000","9080000","9080200","9080204"],"visuals":{"large":"https:\/\/images.epagine.fr\/677\/9782226121677_1_75.jpg","medium":"https:\/\/images.epagine.fr\/677\/9782226121677_1_m.jpg","thumbnail":"https:\/\/images.epagine.fr\/677\/9782226121677_1_v.jpg"},"orderable":true,"show_badge":true,"formatted_price":"21,60&nbsp;\u20ac","formatted_published_date":"28 mars 2001","publisher_availability_label":"Sur commande","short_details":"Collectif, Pierre-Fran\u00e7ois Moreau \u2014 Albin Michel","translator":null,"weight":493,"page_count":416,"readership":null,"editor":"Albin Michel","price":2160,"published_date":"2001-03-27T22:00:00.000000Z","support":"Grand format","publisher_availability":1,"stock":0,"editions":[],"url":"https:\/\/quaidesbrumes.com\/ouvrage\/9782226121677\/le-scepticisme-au-xvie-et-au-xviie-siecle-le-retour-des-philosophies-antiques-a-lage-classique-tome-2"},{"id":"9782204054201","title":"Discussion et responsabilite tome 1 : l'ethique apres kant","description":"Initiateur avec Habermas de ce qu'on appelle l'\u00e9thique de la discussion, Appel a r\u00e9uni dans son dernier recueil Discussion et responsabilit\u00e9, qui para\u00eet en deux tomes, une somme d'\u00e9tudes qui repr\u00e9sente sans doute la tentative la plus pouss\u00e9e d'un examen syst\u00e9matique des probl\u00e8mes \u00e9thiques, tant du point de vue de l'histoire de la philosophie moderne et contemporaine, que de celui des r\u00e9alit\u00e9s du monde d'aujourd'hui.\r\nLe pr\u00e9sent volume r\u00e9unit les \u00e9tudes qui font le point sur les conditions de possibilit\u00e9 d'une \u00e9thique universaliste moderne. En effet, de Kant \u00e0 Rawls, de Hegel aux \u00e9thiques contemporaines de la \" vie bonne \", la difficult\u00e9 \u00e0 surmonter concerne la construction d'un lien l\u00e9gitime entre le sujet moral et la communaut\u00e9 \u00e0 laquelle il appartient, comme si celle-ci faisait \u00e9cran entre lui et son humanit\u00e9.\r\nLiant les pr\u00e9suppos\u00e9s de la pragmatique transcendantale et les travaux de Lawrence Kohlberg sur les stades de la conscience morale, Appel parvient \u00e0 \u00e9laborer une \u00e9thique dont les principes et les proc\u00e9dures formels -ceux de la discussion argument\u00e9e- dessinent un univers post conventionnel, qui permet de fonder les conditions normatives d'une vie en commun \u00e9quitable et de d\u00e9finir ainsi les conditions d'un pluralisme de la r\u00e9alisation du bonheur, limit\u00e9 par l'universel.","authors":["Apel Karl-Otto"],"category_codes":["9000000","9080000"],"visuals":{"large":"https:\/\/images.epagine.fr\/201\/9782204054201_1_75.jpg","medium":"https:\/\/images.epagine.fr\/201\/9782204054201_1_m.jpg","thumbnail":"https:\/\/images.epagine.fr\/201\/9782204054201_1_v.jpg"},"orderable":true,"show_badge":true,"formatted_price":"33,00&nbsp;\u20ac","formatted_published_date":"9 octobre 1996","publisher_availability_label":"Sur commande","short_details":"Apel Karl-Otto \u2014 Les \u00e9ditions du Cerf","translator":null,"weight":283,"page_count":null,"readership":null,"editor":"Les \u00e9ditions du Cerf","price":3300,"published_date":"1996-10-08T22:00:00.000000Z","support":"Grand format","publisher_availability":1,"stock":0,"editions":[],"url":"https:\/\/quaidesbrumes.com\/ouvrage\/9782204054201\/discussion-et-responsabilite-tome-1-lethique-apres-kant"},{"id":"9782204057899","title":"Discussion et responsabilite tome 2 : contribution a une ethique de la responsabilite","description":"Initiateur avec Habermas de ce que l'on appelle l'\u00e9thique de la discussion, Apel propose dans son dernier recueil, Discussion et responsabilit\u00e9 (2 tomes), un examen syst\u00e9matique des probl\u00e8mes \u00e9thiques, tant du point de vue de l'histoire de la philosophie moderne et contemporaine que de celui des r\u00e9alit\u00e9s contemporaines.\r\nAlors que les \u00e9tudes r\u00e9unies dans L'\u00c9thique apr\u00e8s Kant avaient pour objet de confronter l'\u00e9thique de la discussion aux probl\u00e8mes soulev\u00e9s par la philosophie pratique postkantienne, celles qui sont rassembl\u00e9es ici affrontent directement les questions que pose la r\u00e9alit\u00e9 contemporaine : \u00e9cologie, d\u00e9mographie, rapport au tiers-monde, les \" normalit\u00e9s \" allemandes. L'originalit\u00e9 de la position ap\u00e9lienne r\u00e9side dans le fait que son \u00e9thique, quoique d'inspiration kantienne, ne se cantonne pas \u00e0 une \u00e9thique de la conviction, mais s'impose tout au contraire comme une \u00e9thique lib\u00e9rale de la responsabilit\u00e9 qui, \u00e0 cet \u00e9gard, fait pi\u00e8ce \u00e0 celle de Hans Jonas dont il fait son interlocuteur privil\u00e9gi\u00e9.","authors":["Apel Karl-Otto"],"category_codes":["9000000","9080000"],"visuals":{"large":"https:\/\/images.epagine.fr\/899\/9782204057899_1_75.jpg","medium":"https:\/\/images.epagine.fr\/899\/9782204057899_1_m.jpg","thumbnail":"https:\/\/images.epagine.fr\/899\/9782204057899_1_v.jpg"},"orderable":true,"show_badge":true,"formatted_price":"39,00&nbsp;\u20ac","formatted_published_date":"20 octobre 1998","publisher_availability_label":"Sur commande","short_details":"Apel Karl-Otto \u2014 Les \u00e9ditions du Cerf","translator":null,"weight":332,"page_count":null,"readership":null,"editor":"Les \u00e9ditions du Cerf","price":3900,"published_date":"1998-10-19T22:00:00.000000Z","support":"Grand format","publisher_availability":1,"stock":0,"editions":[],"url":"https:\/\/quaidesbrumes.com\/ouvrage\/9782204057899\/discussion-et-responsabilite-tome-2-contribution-a-une-ethique-de-la-responsabilite"},{"id":"9782711628124","title":"Les R\u00e9futations sophistiques","description":"L'interpr\u00e9tation des R\u00e9futations Sophistiques reposait depuis pr\u00e8s d'un si\u00e8cle sur l'\u00e9dition de Ross qui n'avait ni relu les manuscrits les plus anciens : l'Urbinas gr. 35 (A, du Xe s.) et le Marcianus gr. 201 (B, a. 954), ni utilis\u00e9 le Vaticanus Barberinianus gr. 87 (V, du Xe s.) et les fragments du Parisinus suppl. gr. 1362 (F, du IXe s.). L'\u00e9dition de Myriam Hecquet repose sur de nouvelles collations de ces t\u00e9moins directs. Elle ajoute le t\u00e9moignage des traductions arabes de Qadim ibn N\u00e2'ima (IXe s.), Yahy\u00e2 ibn 'Ad\u00ee (Xe s.) et 'Is\u00e2 ibn Zur'a (Xe s.) d'apr\u00e8s l'examen ponctuel que Michel Crubellier a fait du Parisinus ar. 2346. Elle retient g\u00e9n\u00e9ralement le texte des manuscrits A et B, moins corrompus, plut\u00f4t que les corrections savantes trouv\u00e9es dans les autres manuscrits ou propos\u00e9es par les \u00e9diteurs et interpr\u00e8tes. Sa traduction \u00e9lucide des passages rest\u00e9s jusque l\u00e0 incompris. Un appareil de notes explicatives tr\u00e8s d\u00e9velopp\u00e9es rend compte de la complexit\u00e9 du texte et en facilite la lecture. Dans l'introduction, l'auteur revient sur la gen\u00e8se du trait\u00e9 et la coh\u00e9rence de l'analyse aristot\u00e9licienne, propose une explication in\u00e9dite du fonctionnement de la dialectique peirastique (comment n'importe qui peut-il mettre \u00e0 l'\u00e9preuve le savoir revendiqu\u00e9 par son interlocuteur?) et reconsid\u00e8re l'objet du trait\u00e9 et la relation aux Topiques.","authors":["Aristote","Hecquet"],"category_codes":["9000000","9080000","9080400"],"visuals":{"large":"https:\/\/quaidesbrumes.com\/img\/book-placeholder.png","medium":"https:\/\/quaidesbrumes.com\/img\/book-placeholder.png","thumbnail":"https:\/\/quaidesbrumes.com\/img\/book-placeholder.png"},"orderable":true,"show_badge":true,"formatted_price":"45,00&nbsp;\u20ac","formatted_published_date":"7 mai 2019","publisher_availability_label":"Sur commande","short_details":"Aristote, Hecquet \u2014 Vrin","translator":null,"weight":592,"page_count":376,"readership":null,"editor":"Vrin","price":4500,"published_date":"2019-05-06T22:00:00.000000Z","support":"Grand format","publisher_availability":1,"stock":0,"editions":[],"url":"https:\/\/quaidesbrumes.com\/ouvrage\/9782711628124\/les-refutations-sophistiques"},{"id":"9782711628353","title":"Le beau et la beaut\u00e9 au moyen \u00e2ge","description":"Est-il l\u00e9gitime de parler d'une \u00ab esth\u00e9tique \u00bb au Moyen \u00c2ge? Comment l'homme m\u00e9di\u00e9val articule-t-il son exp\u00e9rience du beau et sa conception de la beaut\u00e9? Y a-t-il un langage commun entre le discours sur la beaut\u00e9 et la beaut\u00e9 des oeuvres? Choisissant le parti de d\u00e9laisser un concept moderne qui ne s'applique qu'imparfaitement au statut de la beaut\u00e9 au Moyen \u00c2ge, cet ouvrage pr\u00e9sente diff\u00e9rents \u00ab lieux \u00bb historiques, philosophiques et th\u00e9ologiques du discours sur la beaut\u00e9 avant d'en montrer la pertinence dans les oeuvres monumentales (architecture et sculpture), la musique, les vitraux et les ic\u00f4nes.\r\n\r\nOnt particip\u00e9 ce volume : D. Alibert, H. Anzulewicz, G. Aslanoff, O. Boulnois, F. Cassingena-Tr\u00e9verdy, F. Meunier, K. Mitalait\u00e9, I. Moulin, D. Poirel, F. Schuler-Lagier, Ph. Sers, L. Solignac, A. Speer, A. Vasiliu et O.-Th. Venard. Olivier Boulnois et Isabelle Moulin (\u00e9d.)","authors":["Collectif"],"category_codes":["9000000","9080000","9080300","9080305"],"visuals":{"large":"https:\/\/images.epagine.fr\/353\/9782711628353_1_75.jpg","medium":"https:\/\/images.epagine.fr\/353\/9782711628353_1_m.jpg","thumbnail":"https:\/\/images.epagine.fr\/353\/9782711628353_1_v.jpg"},"orderable":true,"show_badge":true,"formatted_price":"25,00&nbsp;\u20ac","formatted_published_date":"6 novembre 2018","publisher_availability_label":"Sur commande","short_details":"Collectif \u2014 Vrin","translator":null,"weight":475,"page_count":360,"readership":null,"editor":"Vrin","price":2500,"published_date":"2018-11-05T23:00:00.000000Z","support":"Grand format","publisher_availability":1,"stock":0,"editions":[],"url":"https:\/\/quaidesbrumes.com\/ouvrage\/9782711628353\/le-beau-et-la-beaute-au-moyen-age"},{"id":"9782711629251","title":"Commenter au moyen \u00e2ge","description":"Le commentaire poss\u00e8de-t-il une l\u00e9gitimit\u00e9? Commenter est-il un acte th\u00e9ologique, entre-t-il dans les cadres philosophiques ou bien n'est-il qu'une simple pratique p\u00e9dagogique, voire une perte de temps? Epict\u00e8te soulignait d\u00e9j\u00e0 que \u00ab commenter les enseignements \u00bb est encore moins profitable que d'\u00e9crire des textes, le but de la philosophie \u00e9tant avant tout de la vivre et de la pratiquer.\r\nSuperflu, transformateur voire g\u00e9n\u00e9rateur de trahison, les critiques m\u00e9di\u00e9vales \u00e0 l'\u00e9gard de la pratique du commentaire ont \u00e9t\u00e9 parfois virulentes. Pourtant, le Moyen \u00c2ge regorge de commentaires, faisant de l'acte herm\u00e9neutique un acte philosophique \u00e0 part enti\u00e8re et un acte th\u00e9ologique n\u00e9cessaire. D\u00e9gager le sens, redonner vie aux auteurs oubli\u00e9s, reproduire avec ses propres mots, permettent tout aussi bien de lire et de comprendre le texte original que son commentaire. La relation des textes et leur engendrement t\u00e9moignent de la vie des id\u00e9es et de la transmission des savoirs.\r\nDans un souci d'interdisciplinarit\u00e9, ce volume de la collection de l'Institut d'\u00e9tudes m\u00e9di\u00e9vales de l'Institut Catholique de Paris r\u00e9unit des contributeurs philosophes, th\u00e9ologiens, sp\u00e9cialistes d'ex\u00e9g\u00e8se, canonistes et historiens.","authors":["Collectif"],"category_codes":["9000000","9080000","9080500"],"visuals":{"large":"https:\/\/images.epagine.fr\/251\/9782711629251_1_75.jpg","medium":"https:\/\/images.epagine.fr\/251\/9782711629251_1_m.jpg","thumbnail":"https:\/\/images.epagine.fr\/251\/9782711629251_1_v.jpg"},"orderable":true,"show_badge":true,"formatted_price":"21,00&nbsp;\u20ac","formatted_published_date":"21 janvier 2020","publisher_availability_label":"Sur commande","short_details":"Collectif \u2014 Vrin","translator":null,"weight":359,"page_count":272,"readership":null,"editor":"Vrin","price":2100,"published_date":"2020-01-20T23:00:00.000000Z","support":"Grand format","publisher_availability":1,"stock":0,"editions":[],"url":"https:\/\/quaidesbrumes.com\/ouvrage\/9782711629251\/commenter-au-moyen-age"},{"id":"9782711629282","title":"Penser l'\u00e9volution ; Nietzsche, Bergson, Dewey","description":"Par-del\u00e0 leurs diff\u00e9rences, Nietzsche, Bergson et Dewey accordent une importance strat\u00e9gique majeure \u00e0 l'\u00e9volution du vivant. Tr\u00e8s t\u00f4t, ils cherchent \u00e0 exploiter l'ensemble des potentialit\u00e9s qui pourraient d\u00e9couler de la r\u00e9volution darwinienne. Sans h\u00e9siter \u00e0 intervenir et \u00e0 prendre parti dans les d\u00e9bats biologiques de leur temps, ils s'appuient sur ceux-ci pour nourrir leurs propres entreprises philosophiques. L'\u00e9volution des esp\u00e8ces devient chez eux le moyen de repenser celle de la r\u00e9alit\u00e9 dans son ensemble, d'initier de nouvelles relations aux sciences, de restaurer la force de proposition de la philosophie et de mettre celle-ci au service de l'action et de l'exp\u00e9rimentation. C'est cette double relation - dialogue avec le darwinisme et les sciences du vivant, usages philosophiques de l'\u00e9volution biologique - que les contributions qui forment cet ouvrage se proposent d'explorer.","authors":["Collectif"],"category_codes":["9000000","9080000","9080700"],"visuals":{"large":"https:\/\/images.epagine.fr\/282\/9782711629282_1_75.jpg","medium":"https:\/\/images.epagine.fr\/282\/9782711629282_1_m.jpg","thumbnail":"https:\/\/images.epagine.fr\/282\/9782711629282_1_v.jpg"},"orderable":true,"show_badge":true,"formatted_price":"18,00&nbsp;\u20ac","formatted_published_date":"14 janvier 2020","publisher_availability_label":"Sur commande","short_details":"Collectif \u2014 Vrin","translator":null,"weight":268,"page_count":200,"readership":null,"editor":"Vrin","price":1800,"published_date":"2020-01-13T23:00:00.000000Z","support":"Grand format","publisher_availability":1,"stock":0,"editions":[],"url":"https:\/\/quaidesbrumes.com\/ouvrage\/9782711629282\/penser-levolution-nietzsche-bergson-dewey"},{"id":"9782204135672","title":"Dans l'ordre du coeur ; du paradoxe \u00e0 la parabole","description":"Les raisons du coeur que la raison ignore ne seraient-elles pas les meilleures ? Levant notre amn\u00e9sie sur le plus humain de nos organes, ce livre nous r\u00e9-enfante comme des \u00eatres d'abord d'intuition et de sensibilit\u00e9. Le testament vivant d'un grand philosophe.\r\nOn d\u00e9plore le manque d'\u00e9ducation du coeur. Qu'attend-on pour en pr\u00e9ciser la logique et la rh\u00e9torique ? Notre \u00e9ducation est trop informative, pas assez transformative. Trop centr\u00e9e sur l'acquisition et l'\u00e9change des informations, pas assez sur les valeurs de tendresse et de fraternit\u00e9.\r\n On n'admire les marques de la pr\u00e9sence du Christ que par les yeux du coeur.\r\n Mais faut-il vraiment en appeler au tiers d'un v\u00e9ritable Ordre du coeur, comme  ordre de v\u00e9rit\u00e9 ?\r\n \r\nPourquoi un ordre de v\u00e9rit\u00e9 ? Il y a trois ordres de choses : la chair, l'esprit, la volont\u00e9 ; et trois ordres de discours : philosophique (qui s'adresse \u00e0 l'intelligence), th\u00e9ologique (\u00e0 l'intelligence \u00e9clair\u00e9e par la foi), mystique (adress\u00e9 au coeur).\r\n Le r\u00e9alisme biblique veut qu'il existe dans le r\u00e9el une autre dimension ent\u00e9e sur les  questions qui engagent l'homme dans l'existence et peuvent la transformer. Au lieu de s'installer sur le terrain m\u00e9taphysique de l'\u00catre, adoptons une th\u00e9orie du  being dont les \u00e9l\u00e9ments ne s'\u00e9carteront pas de leur mode d'interroger et de cat\u00e9goriser. Une philosophie n\u00e9o-critique de l'interrogation en prend acte.","authors":["Francis Jacques"],"category_codes":["9000000","9080000","9080700"],"visuals":{"large":"https:\/\/images.epagine.fr\/672\/9782204135672_1_75.jpg","medium":"https:\/\/images.epagine.fr\/672\/9782204135672_1_m.jpg","thumbnail":"https:\/\/images.epagine.fr\/672\/9782204135672_1_v.jpg"},"orderable":true,"show_badge":true,"formatted_price":"26,00&nbsp;\u20ac","formatted_published_date":"10 octobre 2019","publisher_availability_label":"Sur commande","short_details":"Francis Jacques \u2014 Les \u00e9ditions du Cerf","translator":null,"weight":360,"page_count":296,"readership":null,"editor":"Les \u00e9ditions du Cerf","price":2600,"published_date":"2019-10-09T22:00:00.000000Z","support":"Grand format","publisher_availability":1,"stock":0,"editions":[],"url":"https:\/\/quaidesbrumes.com\/ouvrage\/9782204135672\/dans-lordre-du-coeur-du-paradoxe-a-la-parabole"},{"id":"9782204145961","title":"Des profondeurs de nos cavernes : pr\u00e9histoire, art, philosophie","description":"Depuis cent cinquante ans que la pr\u00e9histoire a \u00e9t\u00e9 invent\u00e9e, la philosophie n'y a pr\u00eat\u00e9 qu'une attention m\u00e9diocre, voire nulle. Pourquoi ? Que gagnerait-elle \u00e0 s'y int\u00e9resser ?\r\nPrenant appui sur cet essentiel t\u00e9moignage que constitue l'art figuratif des cultures concern\u00e9es, du Pal\u00e9olithique r\u00e9cent jusqu'\u00e0 la fin de l'\u00e2ge des M\u00e9taux, Philippe Grosos tente de r\u00e9pondre \u00e0 ces questions en repensant conjointement le sens de ce qu'on nomme \u00ab pr\u00e9histoire \u00bb et \u00ab philosophie \u00bb.\r\nAinsi s'agit-il, d'une part, de concevoir les diff\u00e9rents moments de cette histoire d'homo sapiens en termes de mode d'\u00eatre au monde ; d'autre part, d'en m\u00e9diter les incidences sur la philosophie elle-m\u00eame en se rappelant que son invention date du second \u00e2ge du Fer.","authors":["Philippe Grosos"],"category_codes":["9000000","9080000","9080200","9080208"],"visuals":{"large":"https:\/\/images.epagine.fr\/961\/9782204145961_1_75.jpg","medium":"https:\/\/images.epagine.fr\/961\/9782204145961_1_m.jpg","thumbnail":"https:\/\/images.epagine.fr\/961\/9782204145961_1_v.jpg"},"orderable":true,"show_badge":true,"formatted_price":"24,00&nbsp;\u20ac","formatted_published_date":"21 octobre 2021","publisher_availability_label":"Sur commande","short_details":"Philippe Grosos \u2014 Les \u00e9ditions du Cerf","translator":null,"weight":395,"page_count":321,"readership":null,"editor":"Les \u00e9ditions du Cerf","price":2400,"published_date":"2021-10-20T22:00:00.000000Z","support":"Grand format","publisher_availability":1,"stock":0,"editions":[],"url":"https:\/\/quaidesbrumes.com\/ouvrage\/9782204145961\/des-profondeurs-de-nos-cavernes-prehistoire-art-philosophie"},{"id":"9782130482567","title":"L'empirisme anglais","description":"C'est au philosophe anglais John Locke qu'est d\u00fb le texte canonique de l'empirisme : Essai philosophique sur l'entendement humain.L'exp\u00e9rience plus que la raison est la source de la connaissance, en ce sens, l'empirisme classique s'oppose au rationalisme et au cart\u00e9sianisme.","authors":["Renee Bouveresse-Quilliot"],"category_codes":["9000000","9080000"],"visuals":{"large":"https:\/\/images.epagine.fr\/567\/9782130482567_1_75.jpg","medium":"https:\/\/images.epagine.fr\/567\/9782130482567_1_m.jpg","thumbnail":"https:\/\/images.epagine.fr\/567\/9782130482567_1_v.jpg"},"orderable":true,"show_badge":true,"formatted_price":"10,00&nbsp;\u20ac","formatted_published_date":"1er novembre 1998","publisher_availability_label":"Sur commande","short_details":"Renee Bouveresse-Quilliot \u2014 Que sais-je ?","translator":null,"weight":116,"page_count":128,"readership":null,"editor":"Que sais-je ?","price":1000,"published_date":"1998-10-31T23:00:00.000000Z","support":"Poche","publisher_availability":1,"stock":0,"editions":[],"url":"https:\/\/quaidesbrumes.com\/ouvrage\/9782130482567\/lempirisme-anglais"},{"id":"9782130537762","title":"La raison","description":"Pourquoi est-il si difficile de penser ce qui fait de l'homme un \"animal dou\u00e9 de raison\" ? A partir d'une exploration historique de ce concept chez les philosophes anciens et modernes, cet ouvrage se propose de pr\u00e9ciser la fonction de la raison dans les sciences, d'en discerner le r\u00f4le dans l'action, de voir comment, dans la connaissance et la pratique, cette facult\u00e9 affronte la r\u00e9alit\u00e9 du mal, de juger enfin si appara\u00eet \u00e0 notre \u00e9poque, un nouveau visage de la raison.","authors":["Bertrand Saint-sernin"],"category_codes":["9000000","9080000"],"visuals":{"large":"https:\/\/images.epagine.fr\/762\/9782130537762_1_75.jpg","medium":"https:\/\/images.epagine.fr\/762\/9782130537762_1_m.jpg","thumbnail":"https:\/\/images.epagine.fr\/762\/9782130537762_1_v.jpg"},"orderable":true,"show_badge":true,"formatted_price":"10,00&nbsp;\u20ac","formatted_published_date":"10 juillet 2003","publisher_availability_label":"Sur commande","short_details":"Bertrand Saint-sernin \u2014 Que sais-je ?","translator":null,"weight":100,"page_count":128,"readership":null,"editor":"Que sais-je ?","price":1000,"published_date":"2003-07-09T22:00:00.000000Z","support":"Poche","publisher_availability":1,"stock":0,"editions":[],"url":"https:\/\/quaidesbrumes.com\/ouvrage\/9782130537762\/la-raison"},{"id":"9782130550365","title":"De la vocation de notre temps pour la l\u00e9gislation et la science du droit","description":"L'une des rares oeuvres d'importance de Savigny qui n'ait jamais \u00e9t\u00e9 traduite en fran\u00e7ais, le De la vocation de notre temps pour la l\u00e9gislation et la science du droit (1814) constitue assur\u00e9ment, avec les Prol\u00e9gom\u00e8nes du Droit de la Guerre et de la Paix (1625) de Grotius et le Discours pr\u00e9liminaire du Code civil (1804) de Portalis, un des grands \u00e9crits de l'histoire de la pens\u00e9e juridique occidentale. Manifeste d'une nouvelle Ecole de pens\u00e9e juridique, l'Ecole du droit historique, s'opposant du tout au tout \u00e0 l'Ecole du droit naturel moderne comme aux trois grandes codifications qui en sont issues - les codifications prussienne de 1794, fran\u00e7aise de 1804 et autrichienne de 1811, dont il pr\u00e9sente une analyse corrosive - cet ouvrage s'inscrit dans un contexte historico-juridique particulier : celui de l'avenir juridique de l'Allemagne \u00e0 la fin de l'h\u00e9g\u00e9monie napol\u00e9onienne. C'est que l'effondrement de l'Empire fran\u00e7ais, dont le Code Napol\u00e9on \u00e9tait l'embl\u00e8me, et le grand sursaut de la conscience nationale allemande, qui se fait alors jour, vont poser en termes nouveaux la question de la codification dans une Allemagne lib\u00e9r\u00e9e de la tutelle \u00e9trang\u00e8re. Tel sera le sens de la fameuse querelle qui va mettre aux prises en 1814 Friedrich Carl von Savigny (1779-1861) et le civiliste et romaniste de Heidelberg, Anton Friedrich Justus Thibaut (1772-1840). Face \u00e0 l'appel enflamm\u00e9 et au vibrant plaidoyer d'inspiration lib\u00e9rale de son coll\u00e8gue de Heidelberg en faveur d'une codification g\u00e9n\u00e9rale du droit civil en Allemagne, Savigny, r\u00e9solu \u00e0 \" sauver la science face aux Codes \", d\u00e9veloppe dans sa r\u00e9plique, dont nous donnons et pr\u00e9sentons ici la premi\u00e8re traduction fran\u00e7aise, une argumentation m\u00fbrement r\u00e9fl\u00e9chie, une v\u00e9ritable critique de la codification ; il oppose \u00e0 celle-ci tout \u00e0 la fois une nouvelle doctrine de la formation et des sources du droit, situant le fondement du droit dans la conscience populaire et privil\u00e9giant droit populaire et droit savant par rapport \u00e0 la l\u00e9gislation, et une nouvelle m\u00e9thodologie juridique, qui r\u00e9novera la science du droit dans une double perspective historique et syst\u00e9matique. Loin de n'\u00eatre qu'un simple excursus dans l'essor de la pens\u00e9e du ma\u00eetre de Berlin, le pr\u00e9sent ouvrage r\u00e9v\u00e8le ainsi, d'une part, la continuit\u00e9 profonde de sa r\u00e9flexion de romaniste et, d'autre part, quelques-unes des notions clefs qui vont constituer le fonds commun de la pens\u00e9e juridique de l'Ecole du droit historique jusqu'au milieu du XIXe si\u00e8cle - organicit\u00e9, historicit\u00e9, syst\u00e9maticit\u00e9 et individualit\u00e9 - et d\u00e9terminer ainsi durablement l'\u00e9volution de la pens\u00e9e comme de la science juridiques en Allemagne. A.D.","authors":["Von savigny Friedrich carl"],"category_codes":["9000000","9080000","9080200","9080204"],"visuals":{"large":"https:\/\/images.epagine.fr\/365\/9782130550365_1_75.jpg","medium":"https:\/\/images.epagine.fr\/365\/9782130550365_1_m.jpg","thumbnail":"https:\/\/images.epagine.fr\/365\/9782130550365_1_v.jpg"},"orderable":true,"show_badge":true,"formatted_price":"25,50&nbsp;\u20ac","formatted_published_date":"7 ao\u00fbt 2006","publisher_availability_label":"Sur commande","short_details":"Von savigny Friedrich carl \u2014 PUF","translator":null,"weight":410,"page_count":224,"readership":null,"editor":"PUF","price":2550,"published_date":"2006-08-06T22:00:00.000000Z","support":"Grand format","publisher_availability":1,"stock":0,"editions":[],"url":"https:\/\/quaidesbrumes.com\/ouvrage\/9782130550365\/de-la-vocation-de-notre-temps-pour-la-legislation-et-la-science-du-droit"},{"id":"9791042290122","title":"Thomas Bernhard, omni-objecteur d'esprit : Essai, transformation, d\u00e9figuration peut-\u00eatre...","description":"Le grand projet de Bernhard a toujours \u00e9t\u00e9 d'\u00e9crire une \u00ab condamnation d\u00e9finitive de l'intelligence \u00bb, et cette condamnation, naturellement intelligente, entra\u00eenera dans sa foul\u00e9e celle de la raison, de la logique et des concepts. Attila litt\u00e9raire et \u00ab comico-philosophique \u00bb, o\u00f9 il a chevauch\u00e9, rien de sens\u00e9 ne pourra repousser - d'autant plus que tout ce que Bernhard a pens\u00e9 sera d\u00e9-pens\u00e9, tout ce qu'il a dit contredit ; c'est un peu la politique de P\u00e9n\u00e9lope : un point \u00e0 l'endroit, l'autre \u00e0 l'envers, imm\u00e9diatement sinon plus tard.\r\n      Bernhard objecte \u00e0 tout ; sa phrase est un m\u00e9canisme \u00e0 d\u00e9truire les concepts qu'elle a utilis\u00e9s ; de TOUT, RIEN ne doit rester ; lui-m\u00eame est naturellement compris dans sa tabula rasa : \u00ab tout ce qu'on dit est absurde, mais nous disons tout de m\u00eame ces absurdit\u00e9s de mani\u00e8re persuasive \u00bb.\r\n     Oui, la mani\u00e8re, c'est \u00e7a qui compte : l'esprit, la forme, le style et l'art, \u00e9videmment - mais surtout la musique, exsud\u00e9e par l'\u00e9criture \u00e0 ces moments, toujours exceptionnels, o\u00f9 elle d\u00e9colle ; eux seuls survivent \u00e0 la d\u00e9vastation ; l'art qui dit l'absurdit\u00e9 peut lui-m\u00eame \u00eatre absurde, il se trouve que Bernhard s'y sent bien ; car il \u00e9crit primo pour se soulager, secundo pour son plaisir, et \u00e7a, ce n'est pas absurde.","authors":["Pierre Wolfcarius"],"category_codes":["9000000","9080000"],"visuals":{"large":"https:\/\/images.epagine.fr\/122\/9791042290122_1_75.jpg","medium":"https:\/\/images.epagine.fr\/122\/9791042290122_1_m.jpg","thumbnail":"https:\/\/images.epagine.fr\/122\/9791042290122_1_v.jpg"},"orderable":true,"show_badge":true,"formatted_price":"25,00&nbsp;\u20ac","formatted_published_date":"29 d\u00e9cembre 2025","publisher_availability_label":"Sur commande","short_details":"Pierre Wolfcarius \u2014 Le Lys Bleu","translator":null,"weight":690,"page_count":496,"readership":null,"editor":"Le Lys Bleu","price":2500,"published_date":"2025-12-28T23:00:00.000000Z","support":"Grand format","publisher_availability":1,"stock":0,"editions":[],"url":"https:\/\/quaidesbrumes.com\/ouvrage\/9791042290122\/thomas-bernhard-omni-objecteur-desprit-essai-transformation-defiguration-peut-etre"},{"id":"9782849248522","title":"Le philosophe dans la cit\u00e9 : exp\u00e9rimenter l'Universel : suivi de l'hommage \u00e0 Souleymane Bachir Diagne, Abel Kouvouama et Yacouba Konat\u00e9","description":"L le\u00e7on d'humanisme, c'est celle que nous avons \u00e0 proposer au monde. C'est la signification du mot Ubuntu, qui exprime l'id\u00e9e qu'il faut savoir faire humanit\u00e9 ensemble, que nous devons nous poser constamment la question de notre aspiration \u00e0 l'humanit\u00e9 et comprendre que cette aspiration \u00e0 l'humanit\u00e9 se fait dans la r\u00e9ciprocit\u00e9 et dans la recherche commune du mieux vivre ensemble. L'id\u00e9e que nous nous faisons de la philosophie, c'est cette approche compar\u00e9e. L'id\u00e9e qu'il y a un certain nombre de notions qui sont des notions universelles qui nous invitent tous \u00e0 r\u00e9fl\u00e9chir. Il est absurde de penser qu'on va se replier sur une \u00e9pist\u00e9m\u00e8 dite africaine, une \u00e9pist\u00e9m\u00e8 dite du sud, pour penser des notions qui seraient des notions qui ne sont pens\u00e9es que chez nous. Nous devons penser ensemble comme une seule et m\u00eame humanit\u00e9 la Cit\u00e9, la V\u00e9rit\u00e9, le Bien, le Beau, la Passion, l'\u00e9conomie. Nous devons penser ensemble comme une seule et m\u00eame humanit\u00e9 le devenir des soci\u00e9t\u00e9s et du monde dans la mondialit\u00e9. Nous devons penser ensemble notre humanit\u00e9 partag\u00e9e, menac\u00e9e par les violences, les guerres et la mort banalis\u00e9es. Faisons-le, pensons-la, ensemble, et marquons sur toutes ces grandes questions notre pr\u00e9sence africaine.\r\nOnt contribu\u00e9 \u00e0 ce livre issu des travaux du Congr\u00e8s de la Soci\u00e9t\u00e9 congolaise de philosophie (SOPHIA) : Abel Kouvouama, Auguste Nsonsissa, Eddy Kapend Yrung, Emmanuel M. Banywesize, Ghislain Thierry Maguessa Ebom\u00e9, Maxime Akanis Akanokabia, Sami Bouri, St\u00e8ve Gaston Bobongaud, Souleymane Bachir Diagne et Yacouba Konat\u00e9.","authors":["Ghislain Thierry Maguessa \u00c9bom\u00e9"],"category_codes":["9000000","9080000","9080200","9080204"],"visuals":{"large":"https:\/\/images.epagine.fr\/522\/9782849248522_1_75.jpg","medium":"https:\/\/images.epagine.fr\/522\/9782849248522_1_m.jpg","thumbnail":"https:\/\/images.epagine.fr\/522\/9782849248522_1_v.jpg"},"orderable":true,"show_badge":true,"formatted_price":"28,00&nbsp;\u20ac","formatted_published_date":"1er janvier 2026","publisher_availability_label":"Sur commande","short_details":"Ghislain Thierry Maguessa \u00c9bom\u00e9 \u2014 Editions Du Cygne","translator":null,"weight":300,"page_count":246,"readership":null,"editor":"Editions Du Cygne","price":2800,"published_date":"2025-12-31T23:00:00.000000Z","support":"Grand format","publisher_availability":1,"stock":0,"editions":[],"url":"https:\/\/quaidesbrumes.com\/ouvrage\/9782849248522\/le-philosophe-dans-la-cite-experimenter-luniversel-suivi-de-lhommage-a-souleymane-bachir-diagne-abel-kouvouama-et-yacouba-konate"},{"id":"9782130492870","title":"Logique","description":"Le lecteur de ce court trait\u00e9 apprendra, entre autres choses, comment on repr\u00e9sente la forme logique d'une proposition, ce qu'est un mod\u00e8le d'une formule, et une m\u00e9thode pour fabriquer des mod\u00e8les qui est aussi une m\u00e9thode de d\u00e9duction.\r\n\r\nPhilosophes, linguistes, informaticiens, math\u00e9maticiens trouveront, dans cet ouvrage, un peu plus qu'une introduction \u00e0 l'un des arts lib\u00e9raux qui - avec grammaire et rh\u00e9torique - constituent le traditionnel trivium - le plus fascinant sans doute. On trouvera, au fil des exemples et des exercices, le bestiaire familier des trait\u00e9s de logique : chauve-souris, chats, chevaux, licornes, centaures... Mais on rencontrera aussi un ours blanc, une fourmi, et m\u00eame un loup de Tasmanie.","authors":["Bernard Ruyer"],"category_codes":["9000000","9080000","9080200","9080204"],"visuals":{"large":"https:\/\/images.epagine.fr\/870\/9782130492870_1_75.jpg","medium":"https:\/\/images.epagine.fr\/870\/9782130492870_1_m.jpg","thumbnail":"https:\/\/images.epagine.fr\/870\/9782130492870_1_v.jpg"},"orderable":true,"show_badge":true,"formatted_price":"30,43&nbsp;\u20ac","formatted_published_date":"31 mars 1998","publisher_availability_label":"Sur commande","short_details":"Bernard Ruyer \u2014 PUF","translator":null,"weight":305,"page_count":224,"readership":null,"editor":"PUF","price":3043,"published_date":"1998-03-30T22:00:00.000000Z","support":"Grand format","publisher_availability":1,"stock":0,"editions":[],"url":"https:\/\/quaidesbrumes.com\/ouvrage\/9782130492870\/logique"},{"id":"9782130627449","title":"Le religieux et le politique dans la R\u00e9volution francaise","description":"A partir de la notion de r\u00e9g\u00e9n\u00e9ration, tant utilis\u00e9e dans la R\u00e9volution fran\u00e7aise, voici une enqu\u00eate sur la fusion du religieux et du politique provoqu\u00e9e par cette vision. En effet, le discours des acteurs est oblig\u00e9 de passer par cette id\u00e9e et m\u00eame cette id\u00e9ologie r\u00e9g\u00e9n\u00e9ratrice, qui traverse toute la R\u00e9volution : depuis la d\u00e9sastreuse Constitution civile du clerg\u00e9 jusqu'au coup d'arr\u00eat donn\u00e9 par le concordat de Bonaparte, apr\u00e8s diverses tentatives d'\u00e9tablir une autre religion, dont le fameux culte de l'Etre supr\u00eame chez Robespierre. \r\nAvec les outils de la philosophie, de l'analyse de discours, de la th\u00e9ologie et de l'histoire, l'auteur compare deux tendances de l'id\u00e9ologie r\u00e9g\u00e9n\u00e9ratrice : l'une se veut au service de l'individu, l'autre recherche la communaut\u00e9 r\u00e9g\u00e9n\u00e9r\u00e9e qui contraindra l'\u00abindividu \u00e9go\u00efste\u00bb, y compris par la Terreur. En r\u00e9alit\u00e9, dans les deux cas, il s'agit d'avancer vers une autorit\u00e9 nouvelle, mais, paradoxalement, en retournant \u00e0 un Paradis perdu, un Principe bafou\u00e9, une Nature bienveillante. \r\nMarx h\u00e9rite de ce projet r\u00e9g\u00e9n\u00e9rateur, bien qu'il s'en d\u00e9fende et \u00e9labore sa critique \u00e0 l'aide de Hegel, de Feuerbach et de l'\u00e9conomie politique. Notre la\u00efcit\u00e9 reste ambigu\u00eb, car la R\u00e9publique porte le poids des conflits et des relations de mim\u00e9tisme avec l'Eglise.","authors":["Lucien Jaume"],"category_codes":["9000000","9080000","9080200","9080204"],"visuals":{"large":"https:\/\/images.epagine.fr\/449\/9782130627449_1_75.jpg","medium":"https:\/\/images.epagine.fr\/449\/9782130627449_1_m.jpg","thumbnail":"https:\/\/images.epagine.fr\/449\/9782130627449_1_v.jpg"},"orderable":true,"show_badge":true,"formatted_price":"26,00&nbsp;\u20ac","formatted_published_date":"1er avril 2015","publisher_availability_label":"Sur commande","short_details":"Lucien Jaume \u2014 PUF","translator":null,"weight":328,"page_count":176,"readership":null,"editor":"PUF","price":2600,"published_date":"2015-03-31T22:00:00.000000Z","support":"Grand format","publisher_availability":1,"stock":0,"editions":[],"url":"https:\/\/quaidesbrumes.com\/ouvrage\/9782130627449\/le-religieux-et-le-politique-dans-la-revolution-francaise"},{"id":"9782750904425","title":"\u00c0 la recherche du dieu de Darwin","description":"\u00c9crit par un grand biologiste am\u00e9ricain, ce livre attaque autant les cr\u00e9ationnistes et l'Intelligent Design que les \" nouveaux ath\u00e9istes \" pour qui le darwinisme permet de rejeter les religions et de renforcer le mat\u00e9rialisme. D\u00e9fendant avec force le darwinisme, il montre \u00e9galement comment celui-ci peut \u00eatre compatible avec une vision religieuse du monde.\r\n\u00c9crit par un grand biologiste am\u00e9ricain, ce livre attaque autant les cr\u00e9ationnistes et l'Intelligent Design que le \" nouvel ath\u00e9isme \" pour qui le darwinisme renforce le mat\u00e9rialisme, et montre comment le darwinisme peut \u00eatre compatible avec une vision religieuse du monde. \r\nCet ouvrage est d'abord une d\u00e9fense de l'\u00e9volution en g\u00e9n\u00e9ral et du darwinisme en particulier. Il d\u00e9monte tout aussi bien les affirmations des tenants du cr\u00e9ationnisme que de l'Intelligent Design. Sa th\u00e8se centrale est qu'il n'y a pas besoin d'une violation des lois de la nature pour expliquer comment les formes de vies complexes ont pu se constituer. Mais l'auteur montre aussi que le darwinisme a \u00e9t\u00e9 \" pris en otage \" par des biologistes et des philosophes adeptes d'un mat\u00e9rialisme voulant laisser le minimum de place \u00e0 la religion dans la soci\u00e9t\u00e9 et dans l'esprit des hommes.\r\nIl explique comment on peut concevoir l'\u00e9volution comme \u00e9tant la voie utilis\u00e9e par Dieu pour cr\u00e9er l'homme. Cela lui appara\u00eet coh\u00e9rent \u00e0 la fois sur le plan th\u00e9ologique (Dieu ne viole pas ses propres lois, il est donc normal que l'\u00e9volution de la vie puisse se produire uniquement \u00e0 partir de ses lois) et sur le plan scientifique. \r\nL'auteur est chr\u00e9tien, mais en quel Dieu croit-il ? lui demande-t-on r\u00e9guli\u00e8rement. Au m\u00eame Dieu que Darwin r\u00e9pond-il ! Car Darwin a \u00e9crit \u00e0 la fin de L'Origine des esp\u00e8ces ? dont nous f\u00eatons cette ann\u00e9e le 150e anniversaire de la publication : \" Il y a de la grandeur dans cette vision de la vie avec toutes ses potentialit\u00e9s introduites \u00e0 l'origine par le Cr\u00e9ateur dans un petit nombre de formes ou dans une seule. \" \r\nCet ouvrage para\u00eet en m\u00eame temps que l'ouvrage fondateur du dessein intelligent, La Bo\u00eete noire de Darwin de Michael Behe, pour donner tous les \u00e9l\u00e9ments d'un des grands d\u00e9bats de notre \u00e9poque, portant sur nos conceptions de la vie.","authors":["Kenneth r. Miller"],"category_codes":["9000000","9080000","9080300","9080304"],"visuals":{"large":"https:\/\/images.epagine.fr\/425\/9782750904425_1_75.jpg","medium":"https:\/\/images.epagine.fr\/425\/9782750904425_1_m.jpg","thumbnail":"https:\/\/images.epagine.fr\/425\/9782750904425_1_v.jpg"},"orderable":true,"show_badge":true,"formatted_price":"34,00&nbsp;\u20ac","formatted_published_date":"17 septembre 2009","publisher_availability_label":"Sur commande","short_details":"Kenneth r. Miller \u2014 Presses De La Renaissance","translator":null,"weight":613,"page_count":404,"readership":null,"editor":"Presses De La Renaissance","price":3400,"published_date":"2009-09-16T22:00:00.000000Z","support":"Grand format","publisher_availability":1,"stock":0,"editions":[],"url":"https:\/\/quaidesbrumes.com\/ouvrage\/9782750904425\/a-la-recherche-du-dieu-de-darwin"},{"id":"9782366480634","title":"Pascal ; coeur, corps, esprit","description":"\u00ab Voir est un privil\u00e8ge de g\u00e9nie ; il aper\u00e7ut des structures, des rapports, des proportions, des figurations, l\u00e0 o\u00f9 un autre ne fait qu'aligner p\u00e9niblement des concepts. Il voit et il fait voir. \u00bb Ces mots de Hans Urs von Balthasar introduisent avec justesse cet ouvrage consacr\u00e9 aux trois \u00ab ordres \u00bb de Pascal. Devant la masse confuse des fragments que Pascal laissa \u00e0 sa mort, le lecteur se sent souvent perdu. La pens\u00e9e des trois ordres (corps, esprit, coeur), aide \u00e0 saisir le mouvement de la pens\u00e9e de ce grand auteur. Les Pens\u00e9es s'\u00e9clairent alors de mani\u00e8re \u00e9tonnante.","authors":["Louis Frouart"],"category_codes":["9000000","9080000","9080600"],"visuals":{"large":"https:\/\/images.epagine.fr\/634\/9782366480634_1_75.jpg","medium":"https:\/\/images.epagine.fr\/634\/9782366480634_1_m.jpg","thumbnail":"https:\/\/images.epagine.fr\/634\/9782366480634_1_v.jpg"},"orderable":true,"show_badge":true,"formatted_price":"16,00&nbsp;\u20ac","formatted_published_date":"28 septembre 2017","publisher_availability_label":"Sur commande","short_details":"Louis Frouart \u2014 Domuni","translator":null,"weight":340,"page_count":264,"readership":null,"editor":"Domuni","price":1600,"published_date":"2017-09-27T22:00:00.000000Z","support":"Grand format","publisher_availability":1,"stock":0,"editions":[],"url":"https:\/\/quaidesbrumes.com\/ouvrage\/9782366480634\/pascal-coeur-corps-esprit"}]}