{"data":[{"id":"9782711624669","title":"L'intuition \u00e9pist\u00e9mique ; une approche pragmatique du contexte de compr\u00e9hension et de justification en math\u00e9matiques et en philosophie","description":"Proposer une symptomatique de l'intuition nous permettant de comprendre son fonctionnement cognitif dans la justification de nos croyances et de nos raisonnements philosophiques et math\u00e9matiques, tel est le d\u00e9fi relev\u00e9 dans ce livre.\r\nLa premi\u00e8re partie montre que la fonction cognitive de l'intuition dans la compr\u00e9hension et la justification passe par l'utilisation d'un syst\u00e8me s\u00e9miotique. Un tel syst\u00e8me est utilis\u00e9 intuitivement si, dans une action situ\u00e9e, les aspects \u00ab significatifs \u00bb et \u00ab repr\u00e9sentatifs \u00bb sont interd\u00e9pendants. Une demande de l\u00e9gitimation de ce qui est repr\u00e9sent\u00e9 ne se place pas au m\u00eame niveau de r\u00e9flexion que celui de l'intuition. Qu'elle puisse \u00eatre \u00e0 la fois \u00e9vidente et faillible n'a d\u00e8s lors rien de paradoxal.\r\nLa deuxi\u00e8me partie montre qu'envisager l'intuition dans une symptomatologie ne nous \u00e9loigne pas de la tradition philosophique. Au contraire, le traitement s\u00e9mantique de la question de l'intuition \u00e9claire certains probl\u00e8mes classiques en philosophie, en logique et en math\u00e9matiques; et il permet de relire \u00e0 nouveaux frais aussi bien Aristote, Descartes ou Kant, que Helmholtz, Poincar\u00e9, Brouwer, Weyl, Beth et Cavaill\u00e8s.","authors":["Gerhard Heinzmann"],"category_codes":["9000000","9080000","9080200","9080204"],"visuals":{"large":"https:\/\/images.epagine.fr\/669\/9782711624669_1_75.jpg","medium":"https:\/\/images.epagine.fr\/669\/9782711624669_1_m.jpg","thumbnail":"https:\/\/images.epagine.fr\/669\/9782711624669_1_v.jpg"},"orderable":true,"show_badge":true,"formatted_price":"24,00&nbsp;\u20ac","formatted_published_date":"2 septembre 2013","publisher_availability_label":"Sur commande","short_details":"Gerhard Heinzmann \u2014 Vrin","translator":null,"weight":258,"page_count":204,"readership":null,"editor":"Vrin","price":2400,"published_date":"2013-09-01T22:00:00.000000Z","support":"Grand format","publisher_availability":1,"stock":0,"editions":[],"url":"https:\/\/quaidesbrumes.com\/ouvrage\/9782711624669\/lintuition-epistemique-une-approche-pragmatique-du-contexte-de-comprehension-et-de-justification-en-mathematiques-et-en-philosophie"},{"id":"9782711624768","title":"Conscience et physique quantique","description":"Ce livre a pour objet d'\u00e9valuer l'apport de la physique quantique \u00e0 l'explication du ph\u00e9nom\u00e8ne de la conscience. Apr\u00e8s un \u00e9tat des lieux d'ordre s\u00e9mantique, philosophique et neurobiologique de la question de la relation entre cerveau et conscience, les principaux mod\u00e8les \u00ab classiques \u00bb actuels de la conscience sont expos\u00e9s. Nous montrons que ces mod\u00e8les laissent en suspens deux questions importantes : a) celle d'expliquer la synchronisation quasi-instantan\u00e9e de r\u00e9gions \u00e9loign\u00e9es du cerveau qui semble n\u00e9cessaire \u00e0 la constitution de percepts conscients; b) celle du foss\u00e9 explicatif qui existe entre l'exp\u00e9rience subjective, relevant de ce que le sujet est capable de ressentir de fa\u00e7on priv\u00e9e, et la description de ses corr\u00e9lats neurophysiologiques dans le langage de la science, \u00e0 la troisi\u00e8me personne - comment ces derniers \u00ab donnent-ils lieu \u00bb \u00e0 l'exp\u00e9rience subjective? \r\nLes approches quantiques de la conscience plus r\u00e9centes sont alors expos\u00e9es de fa\u00e7on d\u00e9taill\u00e9e. Nous examinons dans quelle mesure elles peuvent contribuer \u00e0 r\u00e9pondre \u00e0 ces questions et proposer une repr\u00e9sentation unificatrice int\u00e9grant les deux aspects psychique et physiologique du ph\u00e9nom\u00e8ne de conscience.","authors":["Pierre Uzan"],"category_codes":["9000000","9080000","9080200","9080204"],"visuals":{"large":"https:\/\/images.epagine.fr\/768\/9782711624768_1_75.jpg","medium":"https:\/\/images.epagine.fr\/768\/9782711624768_1_m.jpg","thumbnail":"https:\/\/images.epagine.fr\/768\/9782711624768_1_v.jpg"},"orderable":true,"show_badge":true,"formatted_price":"29,00&nbsp;\u20ac","formatted_published_date":"26 mars 2012","publisher_availability_label":"Sur commande","short_details":"Pierre Uzan \u2014 Vrin","translator":null,"weight":325,"page_count":248,"readership":null,"editor":"Vrin","price":2900,"published_date":"2012-03-25T22:00:00.000000Z","support":"Grand format","publisher_availability":1,"stock":0,"editions":[],"url":"https:\/\/quaidesbrumes.com\/ouvrage\/9782711624768\/conscience-et-physique-quantique"},{"id":"9782711624812","title":"Formalisme esth\u00e9tique ; Prague et Vienne au XIXe si\u00e8cle","description":"Traduits ici pour la premi\u00e8re fois en fran\u00e7ais, les textes pr\u00e9sent\u00e9s dans cette anthologie s'inscrivent dans ce qu'on peut appeler la voie autrichienne de la modernit\u00e9. Ils constituent l'un des terreaux de l'\u00c9cole viennoise d'histoire de l'art et du Cercle de Prague. L'influence d\u00e9cisive du formalisme esth\u00e9tique issu de Bernard Bolzano et de Johann Friedrich Herbart dans la seconde moiti\u00e9 du XIXe si\u00e8cle en Europe centrale, notamment \u00e0 Vienne chez Robert Zimmermann et Eduard Hanslick mais aussi \u00e0 Prague chez Josef Durdik et Otakar Hostinsk'y, s'exerce encore au d\u00e9but du XXe si\u00e8cle chez des auteurs comme Otakar Zich et Emil Utitz. R\u00e9aliste, refusant \u00e0 la fois Kant et Hegel, ce formalisme esth\u00e9tique se construit contre l'id\u00e9alisme et le romantisme allemands en s'appuyant sur la psychologie scientifique de son temps et en pr\u00f4nant l'exactitude contre l'extravagance de la Schw\u00e4rmerei. Il voudrait faire de l'esth\u00e9tique une science et participe ainsi du d\u00e9bat entre sciences de la nature et sciences de l'esprit qui traverse le XIXe si\u00e8cle et qui se poursuit, sous des formes nouvelles, aujourd'hui, dans le champ de l'esth\u00e9tique.","authors":["Collectif"],"category_codes":["9000000","9080000","9080200"],"visuals":{"large":"https:\/\/images.epagine.fr\/812\/9782711624812_1_75.jpg","medium":"https:\/\/images.epagine.fr\/812\/9782711624812_1_m.jpg","thumbnail":"https:\/\/images.epagine.fr\/812\/9782711624812_1_v.jpg"},"orderable":true,"show_badge":true,"formatted_price":"29,00&nbsp;\u20ac","formatted_published_date":"21 mai 2013","publisher_availability_label":"Sur commande","short_details":"Collectif \u2014 Vrin","translator":null,"weight":400,"page_count":288,"readership":null,"editor":"Vrin","price":2900,"published_date":"2013-05-20T22:00:00.000000Z","support":"Grand format","publisher_availability":1,"stock":0,"editions":[],"url":"https:\/\/quaidesbrumes.com\/ouvrage\/9782711624812\/formalisme-esthetique-prague-et-vienne-au-xixe-siecle"},{"id":"9782711624836","title":"Kant ; th\u00e9ologie et religion","description":"Est analys\u00e9e dans ce volume la question de la place et de la signification de la r\u00e9flexion th\u00e9ologique dans l'oeuvre de Kant; le point de d\u00e9part \u00e9tant que le traitement de la probl\u00e9matique th\u00e9ologique chez Kant ne se limite pas \u00e0 la seule critique des preuves traditionnelles de l'existence de Dieu, mais qu'il existe effectivement une pens\u00e9e th\u00e9ologique m\u00eame \u00e0 l'int\u00e9rieur du discours \u00ab critique \u00bb. Un premier volet th\u00e9matique des contributions porte sur cette question th\u00e9ologique en partant des premi\u00e8res esquisses de la th\u00e9ologie kantienne dans les ann\u00e9es 1750 et 1760, en passant \u00e0 la th\u00e9ologie de la \u00ab Critique de la raison pure \u00bb, de la \u00ab Critique de la raison pratique \u00bb et de la \u00ab Critique de la facult\u00e9 de juger \u00bb pour conclure avec la th\u00e9ologie tardive de Kant dans l'Opus postumum. \r\nD'autre part, est \u00e9tudi\u00e9e plus particuli\u00e8rement ce qu'il est convenu d'appeler la \u00ab philosophie de la religion \u00bb de Kant, notamment telle qu'il l'a expos\u00e9e dans son \u00e9crit de 1793, La Religion dans les limites de la simple raison. Selon l'organisation de cet \u00e9crit en quatre parties (en y ajoutant des remarques g\u00e9n\u00e9rales - les \u00ab parerga \u00bb), les contributions s'attachent aux th\u00e9matiques y relatives (probl\u00e8me du mal, christologie, trinti\u00e9, eccl\u00e9siologie etc.). Par ailleurs, des questions relatives \u00e0 l'ex\u00e9g\u00e8se kantienne sont abord\u00e9es dans une optique historique et syst\u00e9matique. Enfin sont abord\u00e9s des contextes particuliers de la r\u00e9ception de la philosophie religieuse de Kant.","authors":["Collectif"],"category_codes":["9000000","9080000","9080200","9080204"],"visuals":{"large":"https:\/\/images.epagine.fr\/836\/9782711624836_1_75.jpg","medium":"https:\/\/images.epagine.fr\/836\/9782711624836_1_m.jpg","thumbnail":"https:\/\/images.epagine.fr\/836\/9782711624836_1_v.jpg"},"orderable":true,"show_badge":true,"formatted_price":"32,00&nbsp;\u20ac","formatted_published_date":"2 septembre 2013","publisher_availability_label":"Sur commande","short_details":"Collectif \u2014 Vrin","translator":null,"weight":680,"page_count":402,"readership":null,"editor":"Vrin","price":3200,"published_date":"2013-09-01T22:00:00.000000Z","support":"Grand format","publisher_availability":1,"stock":0,"editions":[],"url":"https:\/\/quaidesbrumes.com\/ouvrage\/9782711624836\/kant-theologie-et-religion"},{"id":"9782711624898","title":"Pragmatisme et \u00e9ducation ; James, Dewey, Rorty","description":"Si le pragmatisme a longtemps rencontr\u00e9 des r\u00e9ticences en France, c'est \u00e0 cause de son caract\u00e8re \u00ab am\u00e9ricain \u00bb et de sa r\u00e9duction \u00e0 la p\u00e9dagogie Or, il retrouve aujourd'hui un \u00e9cho et une influence in\u00e9dits. Cela tient \u00e0 un processus de s\u00e9cularisation de la culture, d'individualisation et de privatisation de la vie sociale qui marque l'histoire des soci\u00e9t\u00e9s europ\u00e9ennes. Le pragmatisme semble contribuer ainsi \u00e0 une reconstruction de l'\u00e9ducation. Pourtant, il semble que l'on ait m\u00e9connu, et que l'on m\u00e9connaisse encore, l'originalit\u00e9 et la force d'une tradition - James, Dewey, Rorty - qui s'attache \u00e0 tenir ensemble deux domaines d'ordinaire trait\u00e9s distinctement : la th\u00e9orie de la connaissance et la logique d'une part; la philosophie politique d'autre part.\r\nC'est cette caract\u00e9risation qu'examine cet ouvrage pour d\u00e9gager deux caract\u00e9ristiques centrales du pragmatisme : la r\u00e9cusation de toute forme de dualisme et l'affirmation du pluralisme. Dans chaque cas, ce livre montre comment s'articulent alors conception du savoir, th\u00e9orie de la v\u00e9rit\u00e9 et d\u00e9finitions logiques d'une part, pens\u00e9e du politique, du pouvoir et de la d\u00e9mocratie d'autre part. L\u00e0 est l'originalit\u00e9 de cet ouvrage qui permet d'\u00e9clairer alors les difficult\u00e9s d'une pens\u00e9e fran\u00e7aise p\u00e9trie de cart\u00e9sianisme et \u00e9prise de la passion de l'unit\u00e9, \u00e0 faire sienne la philosophie du pragmatisme.","authors":["Brigitte Frelat-kahn"],"category_codes":["9000000","9080000","9080200","9080204"],"visuals":{"large":"https:\/\/images.epagine.fr\/898\/9782711624898_1_75.jpg","medium":"https:\/\/images.epagine.fr\/898\/9782711624898_1_m.jpg","thumbnail":"https:\/\/images.epagine.fr\/898\/9782711624898_1_v.jpg"},"orderable":true,"show_badge":true,"formatted_price":"20,00&nbsp;\u20ac","formatted_published_date":"19 juin 2013","publisher_availability_label":"Sur commande","short_details":"Brigitte Frelat-kahn \u2014 Vrin","translator":null,"weight":390,"page_count":204,"readership":null,"editor":"Vrin","price":2000,"published_date":"2013-06-18T22:00:00.000000Z","support":"Grand format","publisher_availability":1,"stock":0,"editions":[],"url":"https:\/\/quaidesbrumes.com\/ouvrage\/9782711624898\/pragmatisme-et-education-james-dewey-rorty"},{"id":"9782711624911","title":"Georges Canguilhem et l'unit\u00e9 de l'exp\u00e9rience ; juger et agir (1926-1939)","description":"Le jeune Canguilhem n'est ni \u00e9pist\u00e9mologue, ni historien des sciences. C'est un philosophe de tradition classique, qui se d\u00e9bat avec l'un des grands probl\u00e8mes de la philosophie : l'unit\u00e9 de l'exp\u00e9rience. Comment unifier de mani\u00e8re satisfaisante les deux fonctions humaines de connaissance et d'action? Faut-il admettre, \u00e0 la suite d'Alain et de la philosophie r\u00e9flexive, la subordination de l'agir au jugement? Ou bien doit-on reconna\u00eetre, comme y incite l'examen normatif de l'activit\u00e9 technique, une forme d'irr\u00e9ductibilit\u00e9 de l'action \u00e0 la connaissance objective? L'institution d'une harmonie philosophique entre le jugement et l'agir est au coeur des r\u00e9flexions du jeune Canguilhem, lui qui n'oubliera jamais que l'unit\u00e9 de l'exp\u00e9rience n'est pas un fait, mais une valeur.\r\nDurant un demi-si\u00e8cle, on tint pour acquis que la bibliographie de Georges Canguilhem (1904-1995) s'ouvrait en 1943, avec l'Essai sur quelques probl\u00e8mes concernant le normal et le pathologique. La parution en 2011 du premier volume des Oeuvres Compl\u00e8tes, r\u00e9unissant les textes publi\u00e9s de 1926 \u00e0 1939, constitue une invitation exceptionnelle pour rouvrir quelques probl\u00e8mes d'ex\u00e9g\u00e8se qu'une investigation limit\u00e9e aux \u00e9crits de la maturit\u00e9 pouvait avoir clos. Cet ouvrage entend retracer les sources philosophiques du concept de normativit\u00e9 vitale, en examinant les rapports de Canguilhem aux grands auteurs (Kant, Descartes et Bergson), au marxisme, ou encore \u00e0 Michel Foucault.","authors":["Xavier Roth","Claude Debru"],"category_codes":["9000000","9080000","9080200","9080204"],"visuals":{"large":"https:\/\/quaidesbrumes.com\/img\/book-placeholder.png","medium":"https:\/\/quaidesbrumes.com\/img\/book-placeholder.png","thumbnail":"https:\/\/quaidesbrumes.com\/img\/book-placeholder.png"},"orderable":true,"show_badge":true,"formatted_price":"25,00&nbsp;\u20ac","formatted_published_date":"28 mai 2013","publisher_availability_label":"Sur commande","short_details":"Xavier Roth, Claude Debru \u2014 Vrin","translator":null,"weight":360,"page_count":250,"readership":null,"editor":"Vrin","price":2500,"published_date":"2013-05-27T22:00:00.000000Z","support":"Grand format","publisher_availability":1,"stock":0,"editions":[],"url":"https:\/\/quaidesbrumes.com\/ouvrage\/9782711624911\/georges-canguilhem-et-lunite-de-lexperience-juger-et-agir-1926-1939"},{"id":"9782711624928","title":"Habermas ; la raison publique","description":"Le pr\u00e9sent ouvrage poursuit un triple objectif : exposer l'\u00e9volution de la philosophie habermassienne, relever sa complexit\u00e9 et prouver sa coh\u00e9rence, et surtout montrer qu'elle a pu prendre forme gr\u00e2ce \u00e0 l'apport critique d'un cercle restreint de proches collaborateurs (A. Wellmer, T. Mcarthy, A. Honneth, R. Alexy et K. G\u00fcnther).\r\nMarqu\u00e9 par la d\u00e9raison du r\u00e9gime nazi, le jeune Habermas se lance dans l'\u00e9laboration d'une th\u00e9orie critique de la soci\u00e9t\u00e9, th\u00e9orie qui le m\u00e8ne \u00e0 d\u00e9couvrir que la lutte contre l'ali\u00e9nation sociale se fonde n\u00e9cessairement sur des pr\u00e9suppos\u00e9s normatifs, lesquels r\u00e9v\u00e8lent le caract\u00e8re communicationnel de la raison humaine. Fort de ce constat, Habermas proc\u00e8de alors \u00e0 la longue et passionnante construction d'un concept postm\u00e9taphysique de la rationalit\u00e9 : un concept prenant pour axe l'obligation de justifier publiquement toute pr\u00e9tention \u00e0 \u00e9tablir la validit\u00e9 attach\u00e9e aux \u00e9nonc\u00e9s th\u00e9oriques et pratiques; un concept qui est aussi appel\u00e9 \u00e0 servir de fondement \u00e0 une th\u00e9orie critique et faillibiliste de la morale, du droit, de la d\u00e9mocratie et de la culture.","authors":["Ali ridha Chennoufi"],"category_codes":["9000000","9080000","9080200","9080204"],"visuals":{"large":"https:\/\/images.epagine.fr\/928\/9782711624928_1_75.jpg","medium":"https:\/\/images.epagine.fr\/928\/9782711624928_1_m.jpg","thumbnail":"https:\/\/images.epagine.fr\/928\/9782711624928_1_v.jpg"},"orderable":true,"show_badge":true,"formatted_price":"24,00&nbsp;\u20ac","formatted_published_date":"21 ao\u00fbt 2013","publisher_availability_label":"Sur commande","short_details":"Ali ridha Chennoufi \u2014 Vrin","translator":null,"weight":296,"page_count":240,"readership":null,"editor":"Vrin","price":2400,"published_date":"2013-08-20T22:00:00.000000Z","support":"Grand format","publisher_availability":1,"stock":0,"editions":[],"url":"https:\/\/quaidesbrumes.com\/ouvrage\/9782711624928\/habermas-la-raison-publique"},{"id":"9782763782966","title":"Le mahabharata v 03 les revelations","description":null,"authors":["Schaufelberger Gille"],"category_codes":["9000000","9080000"],"visuals":{"large":"https:\/\/quaidesbrumes.com\/img\/book-placeholder.png","medium":"https:\/\/quaidesbrumes.com\/img\/book-placeholder.png","thumbnail":"https:\/\/quaidesbrumes.com\/img\/book-placeholder.png"},"orderable":true,"show_badge":true,"formatted_price":"45,00&nbsp;\u20ac","formatted_published_date":"2 janvier 2006","publisher_availability_label":"Sur commande","short_details":"Schaufelberger Gille \u2014 Presses De L'Universite De Laval","translator":null,"weight":900,"page_count":null,"readership":null,"editor":"Presses De L'Universite De Laval","price":4500,"published_date":"2006-01-01T23:00:00.000000Z","support":"Grand format","publisher_availability":1,"stock":0,"editions":[],"url":"https:\/\/quaidesbrumes.com\/ouvrage\/9782763782966\/le-mahabharata-v-03-les-revelations"},{"id":"9782711624942","title":"Le d\u00e9fi la\u00efque","description":"Les querelles m\u00e9di\u00e9vales qui oppos\u00e8rent les d\u00e9fenseurs du pouvoir la\u00efque \u00e0 la Papaut\u00e9 ont \u00e9t\u00e9 bien \u00e9tudi\u00e9es par les historiens de la pens\u00e9e politique. Ces d\u00e9bats n'\u00e9puisent cependant pas la question du rapport entre la\u00efcit\u00e9 et philosophie au Moyen \u00c2ge. \u00c0 l'\u00e2ge scolastique, l'importance sociale et politique de l'\u00c9glise implique aussi un monopole culturel. Pour int\u00e9grer cette donn\u00e9e \u00e0 l'histoire de la philosophie, il vaut la peine d'examiner de plus pr\u00e8s l'instruction des la\u00efcs par les clercs et, inversement, l'appropriation de la philosophie par les la\u00efcs : les politiques culturelles et les productions des clercs \u00e0 destination des la\u00efcs, ainsi que les attentes, les r\u00e9ceptions, les \u00e9laborations et les pr\u00e9tentions la\u00efques \u00e0 l'\u00e9gard des savoirs philosophiques. Une telle enqu\u00eate acquiert aussit\u00f4t une dimension r\u00e9flexive. Elle questionne la sp\u00e9cificit\u00e9 de la philosophie comme discipline et comme contenu. En ses contenus, en ses fins et en ses formes, la philosophie varie en fonction de ses auteurs, de ses destinataires suppos\u00e9s et de ses lecteurs r\u00e9els.","authors":["Ruedi Imbach","Catherine Konig-Pralong"],"category_codes":["9000000","9080000","9080200","9080204"],"visuals":{"large":"https:\/\/images.epagine.fr\/942\/9782711624942_1_75.jpg","medium":"https:\/\/images.epagine.fr\/942\/9782711624942_1_m.jpg","thumbnail":"https:\/\/images.epagine.fr\/942\/9782711624942_1_v.jpg"},"orderable":true,"show_badge":true,"formatted_price":"18,00&nbsp;\u20ac","formatted_published_date":"10 juin 2013","publisher_availability_label":"Sur commande","short_details":"Ruedi Imbach, Catherine Konig-Pralong \u2014 Vrin","translator":null,"weight":300,"page_count":226,"readership":null,"editor":"Vrin","price":1800,"published_date":"2013-06-09T22:00:00.000000Z","support":"Grand format","publisher_availability":1,"stock":0,"editions":[],"url":"https:\/\/quaidesbrumes.com\/ouvrage\/9782711624942\/le-defi-laique"},{"id":"9782711624980","title":"Arrachement et \u00e9vasion ; Levinas et Arendt face \u00e0 l'histoire","description":"\u00c9tonnante rencontre que celle de Levinas avec Arendt. Pourquoi vouloir faire dialoguer aujourd'hui des pens\u00e9es si diff\u00e9rentes? Pour l'un comme pour l'autre, penser suppose un arrachement, une \u00e9vasion : un d\u00e9sensorcellement de ce qui est. Non pas contre une suppos\u00e9e \u00ab nature \u00bb d\u00e9terministe, mais \u00e0 partir de ce qui demeure notre condition, la condition de notre libert\u00e9 : le corps, le temps, le monde comme monde commun, la transcendance de l'autre.\r\nCe volume parcourt, selon des trac\u00e9s diff\u00e9rents, le cheminement suivi par Arendt et par Levinas pour retisser une vis\u00e9e de l'universel, qui, tout en int\u00e9grant les droits humains fondamentaux, ne se contente pas de l'abstraction du discours \u00ab droits-de-l'hommiste \u00bb. Les auteurs interrogent ces deux grandes figures de la pens\u00e9e contemporaine qui redonnent sa place \u00e0 une subjectivit\u00e9 d'avant le sujet, \u00e0 une spontan\u00e9it\u00e9 d'avant la libert\u00e9 discr\u00e9tionnaire.\r\nArendt comme Levinas visent un d\u00e9passement du fatum de la violence gr\u00e2ce \u00e0 cet universel inchoatif qu'est l'exp\u00e9rience de l'alt\u00e9rit\u00e9, de la pluralit\u00e9, de l'histoire. De cette exp\u00e9rience humaine fondamentale \u00e9merge une responsabilit\u00e9 \u00e9thique et politique reprenant l'injonction \u00e0 la justice, non dans l'\u00e9vasion hors du monde, mais bien dans une responsabilit\u00e9 pour le monde qui s'\u00e9veille d'abord \u00e0 elle-m\u00eame comme d\u00e9sir charnel de ce monde, abri fragile de l'humanit\u00e9","authors":["Collectif"],"category_codes":["9000000","9080000","9080200","9080204"],"visuals":{"large":"https:\/\/images.epagine.fr\/980\/9782711624980_1_75.jpg","medium":"https:\/\/images.epagine.fr\/980\/9782711624980_1_m.jpg","thumbnail":"https:\/\/images.epagine.fr\/980\/9782711624980_1_v.jpg"},"orderable":true,"show_badge":true,"formatted_price":"18,00&nbsp;\u20ac","formatted_published_date":"1er octobre 2013","publisher_availability_label":"Sur commande","short_details":"Collectif \u2014 Vrin","translator":null,"weight":330,"page_count":190,"readership":null,"editor":"Vrin","price":1800,"published_date":"2013-09-30T22:00:00.000000Z","support":"Grand format","publisher_availability":1,"stock":0,"editions":[],"url":"https:\/\/quaidesbrumes.com\/ouvrage\/9782711624980\/arrachement-et-evasion-levinas-et-arendt-face-a-lhistoire"},{"id":"9782711625024","title":"\u00c9lisabeth de Boh\u00eame face \u00e0 Descartes : deux philosophes ?","description":"Le titre m\u00eame de ce volume, sous forme d'interrogation, est \u00e0 comprendre comme un postulat. Il s'explique comme suit : il s'agit de s'interroger sur la pens\u00e9e philosophique d'\u00c9lisabeth tout autant que sur celle de Descartes. La r\u00e9flexion d'\u00c9lisabeth semble en effet poss\u00e9der une dimension philosophique \u00e0 deux titres au moins : d'abord parce que la princesse entretient un dialogue philosophique de haute tenue avec un autre philosophe, en d\u00e9ployant des arguments pertinents; ensuite parce qu'elle d\u00e9veloppe peut-\u00eatre elle-m\u00eame des th\u00e8ses qui lui sont personnelles, qui seraient des th\u00e8ses au sens fort et pleinement philosophique du terme, et dont l'\u00e9tude pourrait \u00eatre affin\u00e9e par la prise en consid\u00e9ration de ses tr\u00e8s nombreux autres correspondants.\r\nReste un scrupule : celui de trahir le souhait m\u00eame d'\u00c9lisabeth de cantonner ses \u00e9changes intellectuels au plan priv\u00e9, en la propulsant en pleine lumi\u00e8re et en lui faisant endosser une posture philosophique qu'elle a soigneusement \u00e9vit\u00e9e de son vivant. Qu'on songe qu'elle voulait que cet \u00e9change soit cod\u00e9! Mais comme le premier \u00ab tra\u00eetre \u00bb fut Descartes lui-m\u00eame, transmettant les lettres d'\u00c9lisabeth \u00e0 Christine de Su\u00e8de, consid\u00e9rons-nous comme habilit\u00e9s, en bons cart\u00e9siens, \u00e0 divulguer la pens\u00e9e de la princesse palatine. C'est \u00e0 ce prix en effet, que nous pourrons red\u00e9finir le r\u00f4le de cette derni\u00e8re dans le cart\u00e9sianisme, d\u00e9terminer s'il existe une pens\u00e9e propre d'\u00c9lisabeth et enfin, si elle existe, savoir en quoi elle consiste.","authors":["Delphine Antoine-kolesnik","Marie-Fr\u00e9d\u00e9rique Pellegrin"],"category_codes":["9000000","9080000","9080200","9080204"],"visuals":{"large":"https:\/\/images.epagine.fr\/024\/9782711625024_1_75.jpg","medium":"https:\/\/images.epagine.fr\/024\/9782711625024_1_m.jpg","thumbnail":"https:\/\/images.epagine.fr\/024\/9782711625024_1_v.jpg"},"orderable":true,"show_badge":true,"formatted_price":"21,00&nbsp;\u20ac","formatted_published_date":"22 avril 2014","publisher_availability_label":"Sur commande","short_details":"Delphine Antoine-kolesnik, Marie-Fr\u00e9d\u00e9rique Pellegrin \u2014 Vrin","translator":null,"weight":340,"page_count":216,"readership":null,"editor":"Vrin","price":2100,"published_date":"2014-04-21T22:00:00.000000Z","support":"Grand format","publisher_availability":1,"stock":0,"editions":[],"url":"https:\/\/quaidesbrumes.com\/ouvrage\/9782711625024\/elisabeth-de-boheme-face-a-descartes-deux-philosophes"},{"id":"9782711625086","title":"Les sources sociales de la normativit\u00e9","description":"Qu'est-ce que la rationalit\u00e9 pratique? Et quel r\u00f4le joue-t-elle dans les pratiques normatives qui structurent notre vie sociale et politique? Roberto Frega propose dans cet ouvrage une r\u00e9flexion pragmatique sur les diff\u00e9rentes mani\u00e8res de penser le rapport entre rationalit\u00e9 et vie sociale et politique. Il le fait \u00e0 partir d'une conception de la rationalit\u00e9 comme institution sociale, dont il retrace la g\u00e9n\u00e9alogie au sein de la philosophie politique angloam\u00e9ricaine contemporaine.\r\nCette r\u00e9flexion autour des sources communes de la rationalit\u00e9 et de la normativit\u00e9 r\u00e9-ouvre le d\u00e9bat sur le rapport complexe entre formes de rationalit\u00e9 et formes politiques. Refusant l'opposition st\u00e9rile entre conceptions critiques et justificatives de la rationalit\u00e9 politique, le livre sugg\u00e8re une possibilit\u00e9 nouvelle, celle d'une conception expressive et pragmatique de notre rapport \u00e0 la raison, dont l'oeuvre de Charles Taylor, Stanley Cavell ou Alasdair MacIntyre nous indique la voie.","authors":["Roberto Frega"],"category_codes":["9000000","9080000","9080200","9080204"],"visuals":{"large":"https:\/\/images.epagine.fr\/086\/9782711625086_1_75.jpg","medium":"https:\/\/images.epagine.fr\/086\/9782711625086_1_m.jpg","thumbnail":"https:\/\/images.epagine.fr\/086\/9782711625086_1_v.jpg"},"orderable":true,"show_badge":true,"formatted_price":"18,00&nbsp;\u20ac","formatted_published_date":"14 janvier 2014","publisher_availability_label":"Sur commande","short_details":"Roberto Frega \u2014 Vrin","translator":null,"weight":260,"page_count":240,"readership":null,"editor":"Vrin","price":1800,"published_date":"2014-01-13T23:00:00.000000Z","support":"Grand format","publisher_availability":1,"stock":0,"editions":[],"url":"https:\/\/quaidesbrumes.com\/ouvrage\/9782711625086\/les-sources-sociales-de-la-normativite"},{"id":"9782711625178","title":"Ontologie de la vie et \u00e9thique de la responsabilit\u00e9 selon Hans Jonas","description":"La t\u00e2che que s'assigne Hans Jonas est double mais se r\u00e9sout dans une seule et m\u00eame intuition. Il s'agit, d'une part, de montrer que l'ontologie trouve sa v\u00e9rit\u00e9 \u00e0 condition de surmonter le dualisme du sujet et de l'objet, et de se d\u00e9faire d\u00e9finitivement du point de vue de la substance dont celui-ci proc\u00e8de. Il s'agit, d'autre part, de donner un fondement \u00e0 l'\u00e9thique en \u00e9chappant au risque de subjectivisme. Or c'est en m\u00e9ditant sur la finitude de la vie que l'on pourra, quasiment dans un m\u00eame geste, non seulement penser authentiquement l'ouverture de l'homme \u00e0 l'\u00eatre mais \u00e9galement le devoir qui lui incombe \u00e0 l'\u00e9gard du monde. L'ontologie de la vie est la condition d'une anthropologie qui apprend \u00e0 l'homme ce qu'il est mais aussi ce qu'il doit faire.","authors":["Eric Pommier"],"category_codes":["9000000","9080000","9080200","9080204"],"visuals":{"large":"https:\/\/images.epagine.fr\/178\/9782711625178_1_75.jpg","medium":"https:\/\/images.epagine.fr\/178\/9782711625178_1_m.jpg","thumbnail":"https:\/\/images.epagine.fr\/178\/9782711625178_1_v.jpg"},"orderable":true,"show_badge":true,"formatted_price":"25,00&nbsp;\u20ac","formatted_published_date":"1er octobre 2013","publisher_availability_label":"Sur commande","short_details":"Eric Pommier \u2014 Vrin","translator":null,"weight":340,"page_count":256,"readership":null,"editor":"Vrin","price":2500,"published_date":"2013-09-30T22:00:00.000000Z","support":"Grand format","publisher_availability":1,"stock":0,"editions":[],"url":"https:\/\/quaidesbrumes.com\/ouvrage\/9782711625178\/ontologie-de-la-vie-et-ethique-de-la-responsabilite-selon-hans-jonas"},{"id":"9782711625192","title":"\u00catre et chair Tome 1 ; du corps au d\u00e9sir : l'habilitation ontologique de la chair","description":"Les derniers \u00e9crits de Merleau-Ponty frayent deux directions compl\u00e9mentaires, qui touchent aux relations subtiles entre \u00eatre et chair dans sa pens\u00e9e : la tentative d'habilitation ontologique du corps dans le concept de chair, et la tentative sym\u00e9trique d'une \u00e9valuation charnelle de l'\u00eatre. Le pr\u00e9sent volume explore la premi\u00e8re direction, dans un mouvement qui va du corps \u00e0 la chair et, toujours plus t\u00f4t qu'on pourrait le croire, au d\u00e9sir; ou encore, et c'est tout un, du corps \u00e0 la chair et, toujours plus t\u00f4t qu'on pourrait le croire, \u00e0 l'\u00eatre. Ce faisant, il descend conjointement au coeur de l'anthropologie et de l'ontologie de Merleau-Ponty. Plusieurs entr\u00e9es participent au passage complexe du concept de corps \u00e0 celui de chair : les notions de sch\u00e9ma corporel, de g\u00e9n\u00e9ralit\u00e9 du corps, le travail de l'intercorpor\u00e9it\u00e9 et de son inscription inconsciente, le polymorphisme et la r\u00e9versibilit\u00e9, le d\u00e9sir et la chair du monde. Leur \u00e9tude implique un examen du rapport du philosophe avec la neurologie, la psychologie du d\u00e9veloppement et la psychanalyse - relations faites de libres inspirations, d'omissions aveugles et de critiques f\u00e9condes.","authors":["Emmanuel de Saint-aubert"],"category_codes":["9000000","9080000","9080200","9080204"],"visuals":{"large":"https:\/\/images.epagine.fr\/192\/9782711625192_1_75.jpg","medium":"https:\/\/images.epagine.fr\/192\/9782711625192_1_m.jpg","thumbnail":"https:\/\/images.epagine.fr\/192\/9782711625192_1_v.jpg"},"orderable":true,"show_badge":true,"formatted_price":"33,00&nbsp;\u20ac","formatted_published_date":"3 d\u00e9cembre 2013","publisher_availability_label":"Sur commande","short_details":"Emmanuel de Saint-aubert \u2014 Vrin","translator":null,"weight":539,"page_count":416,"readership":null,"editor":"Vrin","price":3300,"published_date":"2013-12-02T23:00:00.000000Z","support":"Grand format","publisher_availability":1,"stock":0,"editions":[],"url":"https:\/\/quaidesbrumes.com\/ouvrage\/9782711625192\/etre-et-chair-tome-1-du-corps-au-desir-lhabilitation-ontologique-de-la-chair"},{"id":"9782711625239","title":"La dette impens\u00e9e ; Heidegger et l'h\u00e9ritage h\u00e9bra\u00efque","description":"Heidegger affirme l'existence d'une opposition principielle entre la pens\u00e9e, qui rel\u00e8verait uniquement de notre h\u00e9ritage hell\u00e9nique, et la foi, qui serait le fait de l'h\u00e9ritage biblique.\r\nCe que montre Marl\u00e8ne Zarader, c'est que les choses, et peut-\u00eatre \u00e0 l'insu m\u00eame de Heidegger, sont loin d'\u00eatre aussi simples. Que, dans sa tentative de d\u00e9passer la m\u00e9taphysique et d'en \u00e9clairer l'impens\u00e9, Heidegger a d\u00e9bouch\u00e9 sur des \u00e9nonciations qui pr\u00e9sentent d'\u00e9troites analogies avec ce qui se trouve d\u00e9pos\u00e9 dans la tradition h\u00e9bra\u00efque.\r\nHeidegger exclut donc l'h\u00e9ritage h\u00e9bra\u00efco-biblique du champ de la pens\u00e9e, sans parvenir \u00e0 en faire l'\u00e9conomie dans la sienne propre. Marl\u00e8ne Zarader y voit le signe qu'on ne peut effacer la double origine de l'Occident et que cette dualit\u00e9 fait toujours retour.","authors":["Marl\u00e8ne Zarader"],"category_codes":["9000000","9080000","9080200","9080204"],"visuals":{"large":"https:\/\/images.epagine.fr\/239\/9782711625239_1_75.jpg","medium":"https:\/\/images.epagine.fr\/239\/9782711625239_1_m.jpg","thumbnail":"https:\/\/images.epagine.fr\/239\/9782711625239_1_v.jpg"},"orderable":true,"show_badge":true,"formatted_price":"25,00&nbsp;\u20ac","formatted_published_date":"8 janvier 2014","publisher_availability_label":"Sur commande","short_details":"Marl\u00e8ne Zarader \u2014 Vrin","translator":null,"weight":424,"page_count":240,"readership":null,"editor":"Vrin","price":2500,"published_date":"2014-01-07T23:00:00.000000Z","support":"Grand format","publisher_availability":1,"stock":0,"editions":[],"url":"https:\/\/quaidesbrumes.com\/ouvrage\/9782711625239\/la-dette-impensee-heidegger-et-lheritage-hebraique"},{"id":"9782711625307","title":"Platon, la m\u00e9diation des \u00e9motions ; l'\u00e9ducation du thymos dans les dialogues","description":"Les \u00e9motions constituent un d\u00e9fi dans l'\u00e9ducation platonicienne. Elles sont des r\u00e9actions aux valeurs du bien, du beau, du juste, et elles les v\u00e9hiculent dans l'action. Que les affects et les \u00e9motions n'entravent pas la moralit\u00e9 de l'agent est une premi\u00e8re \u00e9tape dans l'\u00e9ducation; mais qu'ils la soutiennent en est une seconde, et telle est la t\u00e2che du philosophe, du l\u00e9gislateur et du p\u00e9dagogue. La pr\u00e9sente \u00e9tude r\u00e9pond \u00e0 la question de savoir ce qui dans l'\u00e2me individuelle et collective doit \u00eatre \u00e9duqu\u00e9 et par quels moyens. Platon \u00e9tablit une psychologie morale et politique en prenant soin de cerner un interm\u00e9diaire, le thymos, entre les diff\u00e9rents p\u00f4les de la vie psychique que sont la raison et le d\u00e9sir. Dans les dialogues, Platon fait du thymos et de ses \u00e9quivalents fonctionnels autant de m\u00e9diations o\u00f9 le moi se construit et se d\u00e9finit dans ses rapports avec sa raison et ses d\u00e9sirs, avec son corps, avec les autres citoyens.","authors":["Olivier Renaut"],"category_codes":["9000000","9080000","9080200","9080204"],"visuals":{"large":"https:\/\/images.epagine.fr\/307\/9782711625307_1_75.jpg","medium":"https:\/\/images.epagine.fr\/307\/9782711625307_1_m.jpg","thumbnail":"https:\/\/images.epagine.fr\/307\/9782711625307_1_v.jpg"},"orderable":true,"show_badge":true,"formatted_price":"39,00&nbsp;\u20ac","formatted_published_date":"4 mars 2014","publisher_availability_label":"Sur commande","short_details":"Olivier Renaut \u2014 Vrin","translator":null,"weight":604,"page_count":376,"readership":null,"editor":"Vrin","price":3900,"published_date":"2014-03-03T23:00:00.000000Z","support":"Grand format","publisher_availability":1,"stock":0,"editions":[],"url":"https:\/\/quaidesbrumes.com\/ouvrage\/9782711625307\/platon-la-mediation-des-emotions-leducation-du-thymos-dans-les-dialogues"},{"id":"9782711625314","title":"La philosophie de Raymond Ruyer","description":"Il y deux mani\u00e8res de se convaincre qu'on peut retirer une connaissance profonde de l'\u00e9tude des sciences de la nature. Ou l'on croit que les sciences d\u00e9crivent avec exactitude l'univers (et l'homme lui-m\u00eame). Ou l'on tient avec Ruyer qu'en suivant mot \u00e0 mot, et pas \u00e0 pas, les enseignements des sciences, on enjambe des espaces de connaissance qui leur \u00e9chappent et qui sont l'objet de la m\u00e9taphysique. Attentif aux derni\u00e8res avanc\u00e9es du savoir, Ruyer d\u00e9couvre la possibilit\u00e9 de \u00ab retourner le mat\u00e9rialisme \u00bb et de produire un monisme qui place au centre de l'univers, non plus la mati\u00e8re, mais le finalisme attach\u00e9 aux formes existantes. Cette m\u00e9taphysique qui est expos\u00e9e notamment dans le N\u00e9o-finalisme, rejette le dualisme, se passe du sujet cart\u00e9sien et aboutit \u00e0 une th\u00e9ologie originale. Apr\u00e8s une br\u00e8ve biographie de Ruyer, le pr\u00e9sent ouvrage \u00e9tudie les constantes et les \u00e9volutions de sa pens\u00e9e, puis analyse ses oeuvres principales, o\u00f9 l'on reconna\u00eetra sans peine un des penseurs majeurs du XXe si\u00e8cle.","authors":["Fabrice Louis","Jean-pierre Louis"],"category_codes":["9000000","9080000","9080200","9080204"],"visuals":{"large":"https:\/\/images.epagine.fr\/314\/9782711625314_1_75.jpg","medium":"https:\/\/images.epagine.fr\/314\/9782711625314_1_m.jpg","thumbnail":"https:\/\/images.epagine.fr\/314\/9782711625314_1_v.jpg"},"orderable":true,"show_badge":true,"formatted_price":"12,00&nbsp;\u20ac","formatted_published_date":"13 janvier 2014","publisher_availability_label":"Sur commande","short_details":"Fabrice Louis, Jean-pierre Louis \u2014 Vrin","translator":null,"weight":180,"page_count":180,"readership":null,"editor":"Vrin","price":1200,"published_date":"2014-01-12T23:00:00.000000Z","support":"Grand format","publisher_availability":1,"stock":0,"editions":[],"url":"https:\/\/quaidesbrumes.com\/ouvrage\/9782711625314\/la-philosophie-de-raymond-ruyer"},{"id":"9782711625321","title":"\u00c9thiques en dialogue ; Aristote lecteur de Platon","description":"Qu'Aristote ait lu Platon est de l'ordre de l'\u00e9vidence. Cette \u00e9vidence gagne n\u00e9anmoins \u00e0 \u00eatre rappel\u00e9e pour en d\u00e9gager toute la port\u00e9e, plus particuli\u00e8rement dans le domaine de l'\u00e9thique o\u00f9 le rapport d'Aristote \u00e0 son ma\u00eetre tend \u00e0 \u00eatre r\u00e9duit \u00e0 la vision traditionnelle d'un disciple devenu un adversaire irr\u00e9ductible, et parfois injuste. Redonner voix au dialogue continu mais souterrain entre les \u00e9thiques des deux philosophes, en mettant au jour l'arri\u00e8re-plan platonicien avec lequel Aristote est en d\u00e9bat, n'a pas pour seul but de r\u00e9\u00e9valuer l'h\u00e9ritage platonicien du Stagirite. Une telle entreprise offre en m\u00eame temps une voie d'entr\u00e9e f\u00e9conde dans l'\u00e9laboration de ses concepts \u00e9thiques, qu'il s'agisse du bonheur, du plaisir, de l'amiti\u00e9 ou de la sagesse pratique. En effet, faire l'hypoth\u00e8se qu'Aristote construit les notions cardinales de sa philosophie pratique comme des r\u00e9ponses pr\u00e9cises \u00e0 des questions non moins pr\u00e9cises laiss\u00e9es ouvertes par les Dialogues permet d'en \u00e9clairer la gen\u00e8se et d'en d\u00e9gager les articulations constitutives. Bien loin d'\u00eatre un syst\u00e8me statique de concepts, l'\u00e9thique aristot\u00e9licienne se trouve ainsi h\u00e9riter du caract\u00e8re dialectique plus volontiers attribu\u00e9 aux textes platoniciens qui enconstituent la toile de fond. La nouveaut\u00e9 comme la port\u00e9e de l'intuition qui la guide, \u00e0 savoir que le bien, pour les humains, r\u00e9side dans l'action, s'appr\u00e9cient mieux \u00e0 l'aune de cette conversation continu\u00e9e qu'elle entretient avec les questions et les prises de position de son pr\u00e9d\u00e9cesseur.","authors":["Charlotte Murgier"],"category_codes":["9000000","9080000","9080200","9080204"],"visuals":{"large":"https:\/\/images.epagine.fr\/321\/9782711625321_1_75.jpg","medium":"https:\/\/images.epagine.fr\/321\/9782711625321_1_m.jpg","thumbnail":"https:\/\/images.epagine.fr\/321\/9782711625321_1_v.jpg"},"orderable":true,"show_badge":true,"formatted_price":"35,00&nbsp;\u20ac","formatted_published_date":"18 f\u00e9vrier 2014","publisher_availability_label":"Sur commande","short_details":"Charlotte Murgier \u2014 Vrin","translator":null,"weight":650,"page_count":352,"readership":null,"editor":"Vrin","price":3500,"published_date":"2014-02-17T23:00:00.000000Z","support":"Grand format","publisher_availability":1,"stock":0,"editions":[],"url":"https:\/\/quaidesbrumes.com\/ouvrage\/9782711625321\/ethiques-en-dialogue-aristote-lecteur-de-platon"},{"id":"9782711625369","title":"Encyclop\u00e9die du trans\/posthumanisme ; l'humain et ses pr\u00e9fixes","description":"Les pr\u00e9fixes de l'humain sont nombreux (ab- in-, para-, pr\u00e9-, post-, proto-, sub-, sur-, trans-humain...). Ils invitent \u00e0 r\u00e9fl\u00e9chir \u00e0 la nature, aux limites et aux transformations de l'\u00eatre humain ainsi qu'aux r\u00e9actions intellectuelles et \u00e9motionnelles suscit\u00e9es. Le trans\/posthumanisme concerne toutes les techniques mat\u00e9rielles d'augmentation ou d'am\u00e9lioration (physique, cognitive, \u00e9motionnelle) de l'homme, une perspective volontiers situ\u00e9e dans le prolongement de l'humanisme progressiste des Lumi\u00e8res. Mais l'homme \u00ab am\u00e9lior\u00e9 ou augment\u00e9 \u00bb - \u00ab transform\u00e9 \u00bb - pourrait s'\u00e9loigner toujours davantage des conditions de l'homme naturel \u00ab cultiv\u00e9 \u00bb ordinaire. Le transhumanisme risque de verser, brutalement ou imperceptiblement, dans le posthumanisme, r\u00e9f\u00e9rant \u00e0 des entit\u00e9s qui, bien que \u00ab descendant \u00bb de l'homme, seraient aussi \u00e9trang\u00e8res \u00e0 celui-ci que l'esp\u00e8ce humaine est \u00e9loign\u00e9e des formes de vie pal\u00e9ontologiques. Le posthumanisme flirte avec le nihilisme et l'imagination apocalyptique.\r\nAux franges les plus audacieuses de la bio\u00e9thique, l'Encyclop\u00e9die n'\u00e9carte pas plus qu'elle ne focalise les questions \u00e9thiques. Elle englobe, sans les confondre, l'analyse conceptuelle, l'extrapolation technoscientifique et l'imagination sp\u00e9culative. La premi\u00e8re partie \u00ab Philosophie et \u00e9thique \u00bb est consacr\u00e9e au d\u00e9bat philosophique relatif au trans\/posthumanisme. Les entr\u00e9es refl\u00e8tent le vocabulaire conceptuel propre aux principaux auteurs trans\/posthumanistes et \u00e0 leurs critiques directs. La deuxi\u00e8me partie \u00ab Technoscience et m\u00e9decine d'am\u00e9lioration \u00bb parcourt les r\u00e9f\u00e9rences actuelles aux sciences et aux techniques biom\u00e9dicales inh\u00e9rentes \u00e0 la probl\u00e9matique transhumaniste. Elle distingue entre ce qui se fait, pourra probablement se faire ou rel\u00e8ve du domaine de la projection sp\u00e9culative et imaginaire. \r\nLa troisi\u00e8me partie \u00ab Techniques, arts et science-fiction \u00bb est centr\u00e9e autour des \u00e9changes entre technosciences et cr\u00e9ations artistiques, sp\u00e9cialement l'imaginaire de la science-fiction o\u00f9 les th\u00e8mes post\/transhumanistes sont fortement repr\u00e9sent\u00e9s.","authors":["Collectif"],"category_codes":["9000000","9080000","9080200","9080204"],"visuals":{"large":"https:\/\/images.epagine.fr\/369\/9782711625369_1_75.jpg","medium":"https:\/\/images.epagine.fr\/369\/9782711625369_1_m.jpg","thumbnail":"https:\/\/images.epagine.fr\/369\/9782711625369_1_v.jpg"},"orderable":true,"show_badge":true,"formatted_price":"35,00&nbsp;\u20ac","formatted_published_date":"20 janvier 2015","publisher_availability_label":"Sur commande","short_details":"Collectif \u2014 Vrin","translator":null,"weight":653,"page_count":512,"readership":null,"editor":"Vrin","price":3500,"published_date":"2015-01-19T23:00:00.000000Z","support":"Grand format","publisher_availability":1,"stock":0,"editions":[],"url":"https:\/\/quaidesbrumes.com\/ouvrage\/9782711625369\/encyclopedie-du-transposthumanisme-lhumain-et-ses-prefixes"},{"id":"9782711625376","title":"Mission \u00e0 Berlin Lettres \u00e0 Jean III Bernoulli et \u00e0 Elert Bode","description":"J\u00e9r\u00f4me Lalande fut par excellence l'astronome du si\u00e8cle des Lumi\u00e8res.\r\nSon voyage, tr\u00e8s jeune homme, \u00e0 Berlin, lui ouvrit les contacts utiles \u00e0 sa vie d'astronome. Il conte avec un humour s\u00e9rieux les al\u00e9as de son voyage, et ses contacts avec la cour de Fr\u00e9d\u00e9ric II, ses premi\u00e8res v\u00e9ritables exp\u00e9riences comme astronome. Il y rencontra Leonhard Euler dont le fils Albrecht devint son grand ami. Plus tard, avec notamment le savant suisse Jean III Bernoulli, qui avait \u00e9t\u00e9 appel\u00e9 \u00e0 l'Acad\u00e9mie de Berlin apr\u00e8s le d\u00e9part d'Euler, Lalande entretient une correspondance amicale et studieuse. Enfin, avec Elert Bode, nomm\u00e9 Directeur de l'Obser vatoire de Berlin, il poursuit cet \u00e9change plaisant, anim\u00e9 de l'invention des constellations nouvelles que Lalande sugg\u00e8re au cartographe du Ciel qu'\u00e9tait son coll\u00e8gue.\r\nCette correspondance est compl\u00e9t\u00e9e par trois articles substantiels couvrant les pr\u00e9occupations principales de Lalande au cours des trois p\u00e9riodes de cette correspondance. Ils concernent la d\u00e9termination de la distance de la Lune \u00e0 la Terre (1751-1752), puis de celle du Soleil (passages de V\u00e9nus en 1761 et 1769), enfin la construction des catalogues et des cartes du Ciel.","authors":["Lalande Jerome"],"category_codes":["9000000","9080000","9080600"],"visuals":{"large":"https:\/\/images.epagine.fr\/376\/9782711625376_1_75.jpg","medium":"https:\/\/images.epagine.fr\/376\/9782711625376_1_m.jpg","thumbnail":"https:\/\/images.epagine.fr\/376\/9782711625376_1_v.jpg"},"orderable":true,"show_badge":true,"formatted_price":"35,00&nbsp;\u20ac","formatted_published_date":"9 avril 2014","publisher_availability_label":"Sur commande","short_details":"Lalande Jerome \u2014 Vrin","translator":null,"weight":502,"page_count":390,"readership":null,"editor":"Vrin","price":3500,"published_date":"2014-04-08T22:00:00.000000Z","support":"Grand format","publisher_availability":1,"stock":0,"editions":[],"url":"https:\/\/quaidesbrumes.com\/ouvrage\/9782711625376\/mission-a-berlin-lettres-a-jean-iii-bernoulli-et-a-elert-bode"},{"id":"9782711625383","title":"Le contrepoint de Hegel ; pr\u00e9lude et fugue","description":"L'auteur ne s'int\u00e9resse pas ici \u00e0 l'histoire d'une pens\u00e9e mais \u00e0 son inconscient musical.\r\nIl s'agit de faire appara\u00eetre le jeu de r\u00e9sonance musicale au sein duquel l'\u00e9criture d'une pens\u00e9e a trouv\u00e9 son espace. Cette neuve fa\u00e7on de regarder penser est une lecture contrapunctique.\r\nLe contrepoint est rupture avec les voies famili\u00e8res, car il n'est pas discursif : il est l'art de l'entrem\u00ealement des registres, la connaissance de leur libert\u00e9 et de leur simultan\u00e9it\u00e9, il est l'art de r\u00e9sonner.\r\nLa pens\u00e9e de Hegel, pr\u00e9sent\u00e9e comme un \u00ab cercle de cercles \u00bb, doit \u00eatre con\u00e7ue plus profond\u00e9ment comme un contrepoint de contrepoints. Et au sein de cette fugue h\u00e9g\u00e9lienne, pas une ligne dont le sujet ne soit une r\u00e9ponse aux d\u00e9chirures de Holderlin. Car Holderlin est l'angoisse de Hegel.","authors":["Maxence Caron"],"category_codes":["9000000","9080000","9080200","9080204"],"visuals":{"large":"https:\/\/images.epagine.fr\/383\/9782711625383_1_75.jpg","medium":"https:\/\/images.epagine.fr\/383\/9782711625383_1_m.jpg","thumbnail":"https:\/\/images.epagine.fr\/383\/9782711625383_1_v.jpg"},"orderable":true,"show_badge":true,"formatted_price":"17,00&nbsp;\u20ac","formatted_published_date":"25 f\u00e9vrier 2014","publisher_availability_label":"Sur commande","short_details":"Maxence Caron \u2014 Vrin","translator":null,"weight":240,"page_count":172,"readership":null,"editor":"Vrin","price":1700,"published_date":"2014-02-24T23:00:00.000000Z","support":"Grand format","publisher_availability":1,"stock":0,"editions":[],"url":"https:\/\/quaidesbrumes.com\/ouvrage\/9782711625383\/le-contrepoint-de-hegel-prelude-et-fugue"},{"id":"9782711625390","title":"La production des hommes : Marx avec Spinoza","description":"La lecture conjointe de Marx et de Spinoza que l'on tente ici se justifie de l'id\u00e9e qu'est mise en oeuvre par l'un et l'autre une rationalit\u00e9 d'un type diff\u00e9rent de celui de la raison formelle, utilitaire et calculatrice port\u00e9e et finalement r\u00e9alis\u00e9e par la modernit\u00e9 occidentale. On se propose d'explorer - pour une critique de la raison abstraite et formelle - les ressources offertes par la th\u00e8se, partag\u00e9e par les deux philosophes, selon laquelle les hommes doivent \u00eatre compris comme des \u00ab parties de la nature \u00bb (partes naturae, Teile der Natur) : peut alors \u00eatre consid\u00e9r\u00e9 comme ressors fondamental de l'ali\u00e9nation tout proc\u00e9d\u00e9 th\u00e9orique et tout dispositif pratique aboutissant \u00e0 la s\u00e9paration des hommes et de la nature, \u00e0 l'abstraction du sujet hors du monde objectif, \u00e0 la formalisation de la raison ind\u00e9pendamment de ses contenus. Marx et Spinoza ont en commun d'avoir vu, en amont de toute Dialectique de la raison (et en ouvrant la voie qui y menait), que ces proc\u00e9d\u00e9s et ces dispositifs d'abstraction du sujet et de subjectivation de la raison, instaur\u00e9s initialement en vue d'assurer la ma\u00eetrise des hommes sur la nature et du sujet sur l'objectivit\u00e9, devaient se renverser en leur contraire et finalement engendrer un sujet impuissant parce que domin\u00e9 par ce dont il s'est lui-m\u00eame s\u00e9par\u00e9.\r\nCette nouvelle \u00e9dition revue et corrig\u00e9e est suivie en annexe d'un compte-rendu et d'une discussion des th\u00e8ses de Fr\u00e9d\u00e9ric Lordon dans Capitalisme, d\u00e9sir et servitude. Marx et Spinoza (2010).","authors":["Franck Fischbach"],"category_codes":["9000000","9080000","9080200","9080204"],"visuals":{"large":"https:\/\/images.epagine.fr\/390\/9782711625390_1_75.jpg","medium":"https:\/\/images.epagine.fr\/390\/9782711625390_1_m.jpg","thumbnail":"https:\/\/images.epagine.fr\/390\/9782711625390_1_v.jpg"},"orderable":true,"show_badge":true,"formatted_price":"19,00&nbsp;\u20ac","formatted_published_date":"6 mai 2014","publisher_availability_label":"Sur commande","short_details":"Franck Fischbach \u2014 Vrin","translator":null,"weight":290,"page_count":176,"readership":null,"editor":"Vrin","price":1900,"published_date":"2014-05-05T22:00:00.000000Z","support":"Grand format","publisher_availability":1,"stock":0,"editions":[],"url":"https:\/\/quaidesbrumes.com\/ouvrage\/9782711625390\/la-production-des-hommes-marx-avec-spinoza"},{"id":"9782711625437","title":"La tol\u00e9rance, un risque pour la d\u00e9mocratie ? th\u00e9orie d'un imp\u00e9ratif politique","description":"Paradoxalement, si l'on est parfois prompt \u00e0 rejeter l'imp\u00e9ratif de tol\u00e9rance, on se garde bien de revendiquer l'intol\u00e9rance. Et m\u00eame quand on endosse encore l'id\u00e9al de tol\u00e9rance, on pousse sa logique apparente jusqu'\u00e0 la contradiction : la tol\u00e9rance consiste \u00e0 ne pas tol\u00e9rer l'intol\u00e9rant, l'intol\u00e9rance, l'intol\u00e9rable. Cette rh\u00e9torique est une menace int\u00e9rieure pour le bien commun; elle encourage la censure, l'interdiction de manifester sa diff\u00e9rence et finalement renforce la marginalisation des individus et des groupes qui d\u00e9vient de la norme morale, sociale ou politique.\r\nSi la d\u00e9mocratie a pour finalit\u00e9 l'inclusion politique de tous les citoyens en rendant effectif leur droit de cit\u00e9, elle a pour ressort la tol\u00e9rance de la diversit\u00e9 de leurs opinions, de leurs conceptions de la vie bonne et de leurs modes de vie. Ce livre d\u00e9fend une th\u00e8se modeste et essaie d'en tirer les cons\u00e9quences pratiques \u00e0 travers l'examen de plusieurs cas : enseignement cr\u00e9ationniste, blasph\u00e8me, discours de haine, demandes d'accommodements pour motifs religieux, etc. Plus on analyse les cas de ce genre en cherchant \u00e0 d\u00e9terminer des points d'\u00e9quilibre, plus on se persuade que faire la th\u00e9orie de la tol\u00e9rance consiste surtout \u00e0 en tracer les contours.","authors":["Marc-antoine Dilhac"],"category_codes":["9000000","9080000","9080200","9080204"],"visuals":{"large":"https:\/\/images.epagine.fr\/437\/9782711625437_1_75.jpg","medium":"https:\/\/images.epagine.fr\/437\/9782711625437_1_m.jpg","thumbnail":"https:\/\/images.epagine.fr\/437\/9782711625437_1_v.jpg"},"orderable":true,"show_badge":true,"formatted_price":"24,00&nbsp;\u20ac","formatted_published_date":"13 mai 2014","publisher_availability_label":"Sur commande","short_details":"Marc-antoine Dilhac \u2014 Vrin","translator":null,"weight":350,"page_count":240,"readership":null,"editor":"Vrin","price":2400,"published_date":"2014-05-12T22:00:00.000000Z","support":"Grand format","publisher_availability":1,"stock":0,"editions":[],"url":"https:\/\/quaidesbrumes.com\/ouvrage\/9782711625437\/la-tolerance-un-risque-pour-la-democratie-theorie-dun-imperatif-politique"},{"id":"9782711625468","title":"La libert\u00e9 en actes ; \u00e9thique et m\u00e9taphysique d'Alexandre d'Aphrodise \u00e0 Jean Duns Scot","description":"La mani\u00e8re dont nous agissons et, plus profond\u00e9ment, la nature de nos actes engagent-elles ce que nous sommes?\r\nCe livre repose sur un postulat : si l'homme est libre, ses actions ne s'en rapportent pas moins \u00e0 ce qu'il est, ou encore \u00e0 sa nature. D\u00e8s lors, la question de l'acte libre ne rel\u00e8ve pas seulement, et peut-\u00eatre pas d'abord de l'\u00e9thique, mais se nourrit tout aussi bien de la probl\u00e9matique m\u00e9taphysique de l'\u00eatre, entendu comme \u00eatre en acte.\r\n\u00c0 travers ses vicissitudes au long de l'Antiquit\u00e9 tardive puis du Moyen \u00c2ge arabe et latin, ce livre fait l'histoire du concept d'acte, dont la signification se d\u00e9double pour s'entendre comme actualit\u00e9 et activit\u00e9.\r\nAnciennement, l'acte se d\u00e9terminait comme \u00e9closion, ou accomplissement d'une potentialit\u00e9 pr\u00e9sente en la substance; il en viendra bient\u00f4t \u00e0 se penser comme effectuation, c'est-\u00e0-dire comme effet de sa production par un autre.\r\nOr si les \u00e9tants du monde sont produits par un autre, leur \u00eatre, singuli\u00e8rement l'\u00eatre de l'homme, r\u00e9f\u00e8re aussi \u00e0 une activit\u00e9. Advenu \u00e0 l'\u00eatre par l'oeuvre d'un autre, l'homme agit librement sur le cours des \u00e9v\u00e9nements, et le modifie.\r\n\u00c0 travers l'histoire complexe du concept d'acte, les pages qu'on va lire montrent comment \u00e9merge puis s'impose la notion (centrale pour les temps modernes) d'une contingence radicale du monde, et de l'action humaine en ce monde. Penser la libert\u00e9 ne dispense pas d'interroger la nature, en son irr\u00e9ductible complexit\u00e9.","authors":["Kristell Trego"],"category_codes":["9000000","9080000","9080200","9080204"],"visuals":{"large":"https:\/\/quaidesbrumes.com\/img\/book-placeholder.png","medium":"https:\/\/quaidesbrumes.com\/img\/book-placeholder.png","thumbnail":"https:\/\/quaidesbrumes.com\/img\/book-placeholder.png"},"orderable":true,"show_badge":true,"formatted_price":"33,00&nbsp;\u20ac","formatted_published_date":"9 mars 2015","publisher_availability_label":"Sur commande","short_details":"Kristell Trego \u2014 Vrin","translator":null,"weight":640,"page_count":384,"readership":null,"editor":"Vrin","price":3300,"published_date":"2015-03-08T23:00:00.000000Z","support":"Grand format","publisher_availability":1,"stock":0,"editions":[],"url":"https:\/\/quaidesbrumes.com\/ouvrage\/9782711625468\/la-liberte-en-actes-ethique-et-metaphysique-dalexandre-daphrodise-a-jean-duns-scot"}]}