{"data":[{"id":"9782711622795","title":"Trait\u00e9 d'\u00e9thique (tahdib al-ahlaq wa  tathir al-'a'raq)","description":"Miskawayh a une r\u00e9elle vocation de philosophe, avant d'\u00eatre historien : comme les humanistes, il s'efforce de d\u00e9finir la nature organique et psychologique de l'homme, sa relation au monde, sa vocation terrestre et supraterrestre.\r\nL'apport du Coran lui-m\u00eame r\u00e9sidant plus dans la formulation structur\u00e9e que dans le contenu de l'Id\u00e9al moral, tout l'effort de Miskawayh, dans le Trait\u00e9 d'\u00c9thique, consiste \u00e0 projeter sur l'Image symbolique et id\u00e9ale de l'homme parfait un \u00e9clairage philosophique, et \u00e0 donner \u00e0 cette tradition obscur\u00e9ment ressentie et empiriquement v\u00e9cue une coh\u00e9rence rationnelle, propre \u00e0 la faire passer du stade d'une moralit\u00e9 limit\u00e9e \u00e0 un groupe social ou \u00e0 une \u00e9poque, \u00e0 celui d'\u00c9thique prise comme discipline ind\u00e9pendante.\r\nMalgr\u00e9 l'abondance et la vari\u00e9t\u00e9 de l'oeuvre d'al-Kindi telle que nous la pr\u00e9sente Ibn al-Nadim, malgr\u00e9 l'importance doctrinale de celle de F?r?b?, il manquait encore jusqu'\u00e0 Miskawayh un \u00ab Trait\u00e9 d'\u00c9thique \u00bb qui f\u00fbt pour le monde arabe ce que l'\u00c9thique \u00e0 Nicomaque a \u00e9t\u00e9 pour les Grecs, c'est-\u00e0-dire qui pr\u00e9sent\u00e2t en un volume une ample th\u00e9orie de la vie morale.\r\nC'est pourquoi, apr\u00e8s que ce trait\u00e9 fut publi\u00e9 en 1969 par l'Institut fran\u00e7ais de Damas, puis r\u00e9imprim\u00e9 en 1980, il prend place maintenant dans une collection de textes philosophiques.","authors":["Miskawayh"],"category_codes":["9000000","9080000","9080200","9080204"],"visuals":{"large":"https:\/\/images.epagine.fr\/795\/9782711622795_1_75.jpg","medium":"https:\/\/images.epagine.fr\/795\/9782711622795_1_m.jpg","thumbnail":"https:\/\/images.epagine.fr\/795\/9782711622795_1_v.jpg"},"orderable":true,"show_badge":true,"formatted_price":"35,00&nbsp;\u20ac","formatted_published_date":"8 septembre 2010","publisher_availability_label":"Sur commande","short_details":"Miskawayh \u2014 Vrin","translator":null,"weight":416,"page_count":290,"readership":null,"editor":"Vrin","price":3500,"published_date":"2010-09-07T22:00:00.000000Z","support":"Grand format","publisher_availability":1,"stock":0,"editions":[],"url":"https:\/\/quaidesbrumes.com\/ouvrage\/9782711622795\/traite-dethique-tahdib-al-ahlaq-wa-tathir-al-araq"},{"id":"9782711622849","title":"Rhin et Danube ; essais sur le schisme analytico-ph\u00e9nom\u00e9nologique","description":"L'id\u00e9e domine largement encore que, des derni\u00e8res ann\u00e9es du XIXe si\u00e8cle \u00e0 nos jours, le d\u00e9veloppement de la philosophie est parcouru par une opposition \u00e0 la fois centrale et radicale entre un courant analytique surgi avec Frege et Russell, et un courant ph\u00e9nom\u00e9nologique initi\u00e9 par Husserl. L'investigation rigoureuse du pass\u00e9 a n\u00e9anmoins commenc\u00e9 de mettre \u00e0 nu une r\u00e9alit\u00e9 historique bien plus complexe, soulevant par l\u00e0 des interrogations aussi vastes qu'essentielles \u00e0 la pleine compr\u00e9hension de notre modernit\u00e9 philosophique.Jusqu'\u00e0 quel point un schisme analytico-ph\u00e9nom\u00e9nologique s'est-il effectivement produit au sein de la philosophie? A quel moment au juste et selon quelles modalit\u00e9s pr\u00e9cises? Comment ce schisme s'est-il remodel\u00e9 au fil du temps? Quel en est, \u00e0 travers ses diff\u00e9rentes figures, l'objet le plus essentiel? Autant de questions qui, malgr\u00e9 l'int\u00e9r\u00eat croissant qu'elles suscitent, demeurent objet de controverse.Rhin et Danube apporte une nouvelle contribution \u00e0 ce d\u00e9bat, d\u00e9gageant les fondements d'une interpr\u00e9tation originale qu'il confronte de fa\u00e7on prioritaire avec celle propos\u00e9e par le philosophe Michael Dummett, dont il salue la profondeur souvent m\u00e9connue en m\u00eame temps qu'il en d\u00e9nonce les erreurs et les insuffisances.","authors":["J-M Roy"],"category_codes":["9000000","9080000","9080200","9080204"],"visuals":{"large":"https:\/\/images.epagine.fr\/849\/9782711622849_1_75.jpg","medium":"https:\/\/images.epagine.fr\/849\/9782711622849_1_m.jpg","thumbnail":"https:\/\/images.epagine.fr\/849\/9782711622849_1_v.jpg"},"orderable":true,"show_badge":true,"formatted_price":"53,00&nbsp;\u20ac","formatted_published_date":"20 septembre 2010","publisher_availability_label":"Sur commande","short_details":"J-M Roy \u2014 Vrin","translator":null,"weight":644,"page_count":544,"readership":null,"editor":"Vrin","price":5300,"published_date":"2010-09-19T22:00:00.000000Z","support":"Grand format","publisher_availability":1,"stock":0,"editions":[],"url":"https:\/\/quaidesbrumes.com\/ouvrage\/9782711622849\/rhin-et-danube-essais-sur-le-schisme-analytico-phenomenologique"},{"id":"9782711622894","title":"Sur les chemins de la non-violence ; \u00e9tudes de philosophie morale et politique","description":"Pressentie en Russie par Tolsto\u00ef, forg\u00e9e en Inde par Gandhi puis en Am\u00e9rique du Nord par Martin Luther King, la non-violence, comme logique de luttes contre l'injustice et la domination, a essaim\u00e9 au XXe si\u00e8cle un peu partout dans le monde. Pourquoi demeure-t-elle si peu connue et si peu pratiqu\u00e9e en France, alors qu'elle est la seule forme de luttes qui cherche \u00e0 conjoindre l'aspiration morale avec l'efficacit\u00e9 \u00e0 long terme? Sans doute n'a-t-on pas assez \u00e9clair\u00e9 les liens intimes unissant la non-violence avec les grands th\u00e8mes de notre tradition occidentale : le langage, le travail, la famille, le lien social, le pouvoir, la dignit\u00e9 humaine, la reconnaissance mutuelle. Les \u00e9tudes ici retenues, diverses par leur occasion mais convergentes au long d'une interrogation obstin\u00e9e, cheminent en conversant avec plusieurs des philosophes de l'action, - les plus classiques, Aristote, Machiavel, Hobbes, Kant, Hegel, Weber, ... comme nos contemporains, H. Arendt, G. H. Mead, E. Weil, H. Jonas, E. Levinas, J. Rawls, A. Honneth, P. Ricoeur, ... Attach\u00e9s \u00e0 la clart\u00e9 de l'exposition autant qu'\u00e0 la rigueur de la pens\u00e9e, ces parcours \u00e9clairent l'un de ces paradoxes qui font l'\u00eatre humain : il est le seul \u00eatre capable de violence, et pourtant la violence est totalement indigne de lui.","authors":["Bernard Quelquejeu"],"category_codes":["9000000","9080000","9080200","9080204"],"visuals":{"large":"https:\/\/images.epagine.fr\/894\/9782711622894_1_75.jpg","medium":"https:\/\/images.epagine.fr\/894\/9782711622894_1_m.jpg","thumbnail":"https:\/\/images.epagine.fr\/894\/9782711622894_1_v.jpg"},"orderable":true,"show_badge":true,"formatted_price":"25,00&nbsp;\u20ac","formatted_published_date":"10 octobre 2010","publisher_availability_label":"Sur commande","short_details":"Bernard Quelquejeu \u2014 Vrin","translator":null,"weight":275,"page_count":224,"readership":null,"editor":"Vrin","price":2500,"published_date":"2010-10-09T22:00:00.000000Z","support":"Grand format","publisher_availability":1,"stock":0,"editions":[],"url":"https:\/\/quaidesbrumes.com\/ouvrage\/9782711622894\/sur-les-chemins-de-la-non-violence-etudes-de-philosophie-morale-et-politique"},{"id":"9782711622948","title":"Le\u00e7ons sur la philosophie de la religion Tome 2 ; les religions antiques, africaines et orientales ; la religion d\u00e9termin\u00e9e","description":"La deuxi\u00e8me partie des Le\u00e7ons sur la philosophie de la religion est consacr\u00e9e aux religions antiques, africaines et orientales - ainsi qu'\u00e0 la religion eskimo. L'expos\u00e9 n'est pas simplement mythologique et ethnographique, car la religion, dans la diversit\u00e9 de ses figures, est pour Hegel la vie m\u00eame de Dieu. Loin de rejeter les religions non chr\u00e9tiennes dans les t\u00e9n\u00e8bres de l'ignorance et de la superstition, Hegel fait de celles-ci une \u00e9tape indispensable dans le devenir du divin. Apr\u00e8s le \u00ab concept de religion \u00bb, en premi\u00e8re partie des Le\u00e7ons, qui porte sur une religion purement int\u00e9rieure et d\u00e9sincarn\u00e9e, et avant la religion \u00ab accomplie \u00bb, c'est-\u00e0-dire chr\u00e9tienne, en troisi\u00e8me partie, \u00ab la religion d\u00e9termin\u00e9e \u00bb pr\u00e9sente ici un Dieu qui se rapporte au monde sur un mode essentiellement sensible et multiple. Mobilisant une impressionnante documentation, Hegel distingue et analyse avec soin les religions antiques et extra-europ\u00e9ennes, au fil conducteur du rapport changeant entre la libert\u00e9 du divin et sa n\u00e9cessaire inscription dans les peuples. Une odyss\u00e9e historique et religieuse au service d'une \u00e9tonnante inventivit\u00e9 philosophique.","authors":["Georg Wilhelm Friedrich Hegel"],"category_codes":["9000000","9080000","9080200","9080204"],"visuals":{"large":"https:\/\/images.epagine.fr\/948\/9782711622948_1_75.jpg","medium":"https:\/\/images.epagine.fr\/948\/9782711622948_1_m.jpg","thumbnail":"https:\/\/images.epagine.fr\/948\/9782711622948_1_v.jpg"},"orderable":true,"show_badge":true,"formatted_price":"43,00&nbsp;\u20ac","formatted_published_date":"26 septembre 2010","publisher_availability_label":"Sur commande","short_details":"Georg Wilhelm Friedrich Hegel \u2014 Vrin","translator":null,"weight":615,"page_count":480,"readership":null,"editor":"Vrin","price":4300,"published_date":"2010-09-25T22:00:00.000000Z","support":"Grand format","publisher_availability":1,"stock":0,"editions":[],"url":"https:\/\/quaidesbrumes.com\/ouvrage\/9782711622948\/lecons-sur-la-philosophie-de-la-religion-tome-2-les-religions-antiques-africaines-et-orientales-la-religion-determinee"},{"id":"9782711623020","title":"Le jeune Heidegger (1909-1926) ; herm\u00e9neutique, ph\u00e9nom\u00e9nologie, th\u00e9ologie","description":"La philosophie de Heidegger ne commence pas avec \u00catre et Temps. On trouve en amont du ma\u00eetre-ouvrage de 1927 une r\u00e9flexion riche et autonome, dont il n'est pas exag\u00e9r\u00e9 de dire qu'elle forme un continent \u00e0 part enti\u00e8re au sein de l'oeuvre. Ce recueil vise justement \u00e0 pr\u00e9senter la pens\u00e9e du \u00ab jeune Heidegger \u00bb (1909-1926) et \u00e0 lui accorder toute l'attention qu'elle m\u00e9rite. Coups de sonde dans les premiers \u00e9crits et les premiers cours de Freiburg et de Marburg, les \u00e9tudes ici rassembl\u00e9es laissent entrevoir une recherche absolument originale, d\u00e9j\u00e0 fort mature et aux singuli\u00e8res potentialit\u00e9s. Des interpr\u00e9tations ph\u00e9nom\u00e9nologiques de la vie facticielle y c\u00f4toient des confrontations avec le n\u00e9o-kantisme, des appels pr\u00e9coces \u00e0 l'herm\u00e9neutique, des d\u00e9tours subtils par la th\u00e9ologie et des r\u00e9f\u00e9rences \u00e0 la religion v\u00e9cue. Plut\u00f4t que de r\u00e9duire ces premiers travaux \u00e0 un simple trac\u00e9 menant tout droit \u00e0 l'analytique existentiale du Dasein, cet ouvrage s'efforce de d\u00e9voiler leur signification et leur importance intrins\u00e8ques. Investiguant notamment l'int\u00e9r\u00eat du jeune Heidegger pour le Pseudo-Duns Scot, Dilthey, Rickert, Natorp, Paul, Augustin, Aristote et Luther, il propose un aper\u00e7u de la complexit\u00e9 des influences et des id\u00e9es qui structurent la premi\u00e8re pens\u00e9e du philosophe. Il s'agit ainsi d'ouvrir selon des perspectives plurielles un corpus pouvant non seulement donner une impulsion nouvelle aux \u00e9tudes heideggeriennes mais \u00e9galement inciter \u00e0 d\u00e9velopper les possibilit\u00e9s du travail herm\u00e9neutique, \u00e0 refonder la ph\u00e9nom\u00e9nologie et \u00e0 interroger autrement la donne th\u00e9ologique.","authors":["Sylvain Camilleri","Sophie Jan-arrien"],"category_codes":["9000000","9080000","9080200","9080204"],"visuals":{"large":"https:\/\/images.epagine.fr\/020\/9782711623020_1_75.jpg","medium":"https:\/\/images.epagine.fr\/020\/9782711623020_1_m.jpg","thumbnail":"https:\/\/images.epagine.fr\/020\/9782711623020_1_v.jpg"},"orderable":true,"show_badge":true,"formatted_price":"28,00&nbsp;\u20ac","formatted_published_date":"21 mars 2011","publisher_availability_label":"Sur commande","short_details":"Sylvain Camilleri, Sophie Jan-arrien \u2014 Vrin","translator":null,"weight":355,"page_count":286,"readership":null,"editor":"Vrin","price":2800,"published_date":"2011-03-20T23:00:00.000000Z","support":"Grand format","publisher_availability":1,"stock":0,"editions":[],"url":"https:\/\/quaidesbrumes.com\/ouvrage\/9782711623020\/le-jeune-heidegger-1909-1926-hermeneutique-phenomenologie-theologie"},{"id":"9782711623068","title":"Le concept de d\u00e9sir dans l'oeuvre de Thomas d'Aquin ; analyse lexicographique et conceptuelle du 'desiderium'","description":"De nombreuses recherches et discussions tout au long de la tradition philosophique, et particuli\u00e8rement dans l'oeuvre de Thomas d'Aquin, ont pris pour th\u00e8me le \u00ab d\u00e9sir naturel \u00bb de voir Dieu. Mais ce concept a souvent \u00e9t\u00e9 utilis\u00e9 sans en comprendre pleinement le sens dans l'oeuvre de l'Aquinate. \u00c0 l'aide de la m\u00e9thode lexicographique appliqu\u00e9e au lemme \u00ab desiderium \u00bb, la pr\u00e9sente recherche s'attache \u00e0 \u00e9clairer la notion de \u00ab desir \u00bb telle qu'elle a \u00e9t\u00e9 exprim\u00e9e dans les textes de Thomas. Elle donne de comprendre le relief m\u00e9taphysique qu'un tel concept y acquiert et de d\u00e9couvrir qu'il assume une signification tr\u00e8s large. Du point de vue th\u00e9or\u00e9tique, le d\u00e9sir exprime le mouvement ontologique d'un \u00eatre vers sa perfection et son bien : voici donc les passions humaines qui expriment les tendances qui conduisent l'homme au-del\u00e0 de lui-m\u00eame, vers ce qu'il retient appropri\u00e9 pour lui, comme le montre le parall\u00e9lisme entre le mouvement du d\u00e9sir et l'activit\u00e9 de l'intellect. Du point de vue de l'historiographie philosophique, il semble qu'on puisse retrouver dans la th\u00e9orie du d\u00e9sir la synth\u00e8se des deux grands syst\u00e8mes de la tradition philosophique, l'aristot\u00e9lisme et le n\u00e9oplatonisme, r\u00e9interpr\u00e9t\u00e9s \u00e0 la lumi\u00e8re de la foi chr\u00e9tienne.","authors":["Gianmarco Stancato"],"category_codes":["9000000","9080000","9080200","9080204"],"visuals":{"large":"https:\/\/images.epagine.fr\/068\/9782711623068_1_75.jpg","medium":"https:\/\/images.epagine.fr\/068\/9782711623068_1_m.jpg","thumbnail":"https:\/\/images.epagine.fr\/068\/9782711623068_1_v.jpg"},"orderable":true,"show_badge":true,"formatted_price":"28,00&nbsp;\u20ac","formatted_published_date":"25 avril 2011","publisher_availability_label":"Sur commande","short_details":"Gianmarco Stancato \u2014 Vrin","translator":null,"weight":300,"page_count":177,"readership":null,"editor":"Vrin","price":2800,"published_date":"2011-04-24T22:00:00.000000Z","support":"Grand format","publisher_availability":1,"stock":0,"editions":[],"url":"https:\/\/quaidesbrumes.com\/ouvrage\/9782711623068\/le-concept-de-desir-dans-loeuvre-de-thomas-daquin-analyse-lexicographique-et-conceptuelle-du-desiderium"},{"id":"9782711623136","title":"A catalogue of 13th-century sophismata ; part 1, introduction and indices","description":"In the terminology of the medieval faculties of arts a sophisma was a proposition that produced problems for logic or grammar because, apparently, it could be shown to be both true and false or both grammatically correct and incorrect. Analysis of sophismata played a major role in university teaching, and a rich literature reflecting this practice is still preserved.\r\nThis catalogue offers the first ever opportunity to orient oneself in the jungle of 13th-century texts on sophismata, edited and unedited alike. It lists and describes every single collection, but also, importantly, in an alphabetical catalogue of sophismatic propositions, under each lists every occurrence of it in the corpus, with information about where each occurrence is found in manuscripts or editions, the syncategoreme to which it belongs, the kind of analysis it displays, what is the solution offered, and which questions, if any, receive special attention in quaestiones\/problemata, an incipit and an explicit where there is no edition available, and finally, what secondary literature there is, if any.\r\nSome 3.000 entries make up the body of the catalogue, which is completed by extensive indices by topics and by logical tools used in the solutions, offering scholars a multiplicity of ways to find exactly the information they are looking for.","authors":["Sten Ebbesen","Fr\u00e9d\u00e9ric Goubier"],"category_codes":["9000000","9080000","9080200","9080204"],"visuals":{"large":"https:\/\/images.epagine.fr\/136\/9782711623136_1_75.jpg","medium":"https:\/\/images.epagine.fr\/136\/9782711623136_1_m.jpg","thumbnail":"https:\/\/images.epagine.fr\/136\/9782711623136_1_v.jpg"},"orderable":true,"show_badge":true,"formatted_price":"165,00&nbsp;\u20ac","formatted_published_date":"20 d\u00e9cembre 2010","publisher_availability_label":"Sur commande","short_details":"Sten Ebbesen, Fr\u00e9d\u00e9ric Goubier \u2014 Vrin","translator":null,"weight":1650,"page_count":1024,"readership":null,"editor":"Vrin","price":16500,"published_date":"2010-12-19T23:00:00.000000Z","support":"Grand format","publisher_availability":1,"stock":0,"editions":[],"url":"https:\/\/quaidesbrumes.com\/ouvrage\/9782711623136\/a-catalogue-of-13th-century-sophismata-part-1-introduction-and-indices"},{"id":"9782763780894","title":"Le mahabharata Tome 1 ; la g\u00e9n\u00e8se du monde","description":"Le Mahabharata est un texte majeur de la litt\u00e9rature universelle : principale \u00e9pop\u00e9e du monde indien, attribu\u00e9e \u00e0 Vyasa, un sage d'autrefois, \u00e9crite entre le IVe si\u00e8cle avant J\u00e9sus-Christ et le IVe si\u00e8cle de notre \u00e8re, elle narre un conflit entre deux branches d'une m\u00eame famille.\r\nConflit mondial engageant tous les peuples connus et aboutissant \u00e0 une destruction g\u00e9n\u00e9rale. Conflit cosmique n\u00e9cessitant l'incarnation des dieux et se situant \u00e0 la fin d'un cycle temporel. Le tome 1 (Gen\u00e8se du monde) pr\u00e9sente trois textes o\u00f9 le mythe affleure encore. A l'Origine, les serpents ont \u00e9t\u00e9 maudits et leur destruction annonc\u00e9e (comme celle des hommes). Les p\u00e8lerinages livrent le secret des lieux sacr\u00e9s quand dieux et hommes \u00e9taient proches.\r\nEnfin, la naissance du dieu Skanda, avatar du dieu Siva, d\u00e9voile l'infini de toute force divine. Le tome II (Rois et guerriers) rassemble des \u00e9pisodes conflictuels et significatifs du traitement \u00e9pique des \u00e9v\u00e9nements. Le tome III (Les R\u00e9v\u00e9lations) r\u00e9unit des r\u00e9cits \u00e0 vis\u00e9e eschatologique ou philosophique propres \u00e0 donner un sens \u00e0 cette guerre et \u00e0 la vie humaine.","authors":["Schaufelberger Gille"],"category_codes":["9000000","9080000"],"visuals":{"large":"https:\/\/images.epagine.fr\/894\/9782763780894_1_75.jpg","medium":"https:\/\/images.epagine.fr\/894\/9782763780894_1_m.jpg","thumbnail":"https:\/\/images.epagine.fr\/894\/9782763780894_1_v.jpg"},"orderable":true,"show_badge":true,"formatted_price":"45,00&nbsp;\u20ac","formatted_published_date":"7 mai 2004","publisher_availability_label":"Sur commande","short_details":"Schaufelberger Gille \u2014 Presses De L'Universite De Laval","translator":null,"weight":900,"page_count":890,"readership":null,"editor":"Presses De L'Universite De Laval","price":4500,"published_date":"2004-05-06T22:00:00.000000Z","support":"Grand format","publisher_availability":1,"stock":0,"editions":[],"url":"https:\/\/quaidesbrumes.com\/ouvrage\/9782763780894\/le-mahabharata-tome-1-la-genese-du-monde"},{"id":"9782711623181","title":"Les brouillons autographes du Dal\u00e2lat al-H\u00e2'ir\u00een (guide des \u00e9gar\u00e9s)","description":"D\u00e8s sa jeunesse, le grand projet du Ma\u00eetre avait \u00e9t\u00e9 d'extirper du peuple d'Isra\u00ebl la croyance \u00e0 la corporalit\u00e9 divine. Ce but est proclam\u00e9 d\u00e8s le d\u00e9but de son premier grand livre, le Mishn\u00e9 Tora, destin\u00e9 au grand public. Le livre fut s\u00e9v\u00e8rement critiqu\u00e9, en particulier, par les talmudistes babyloniens. De ces confrontations avec les fid\u00e8les des communaut\u00e9s juives orientales, sort un homme d\u00e9\u00e7u, amer et bless\u00e9. Quand Maimonide r\u00e9dige le Guide des \u00e9gar\u00e9s, les ignorants et les rabbins talmudistes sont ses ennemis et aussi les ennemis de Dieu.On a beaucoup parl\u00e9 des secrets que Maimonide a volontairement dissimul\u00e9s dans le Guide des \u00e9gar\u00e9s. Ici, nous touchons du doigt la mani\u00e8re dont il l'a fait. Les brouillons autographes s'\u00e9talent sur une longue p\u00e9riode, nous y voyons Ma\u00efmonide introduire peu-\u00e0-peu les traits les plus extr\u00eames de sa philosophie mais aussi des concessions faites au vulgaire.Cette interpr\u00e9tation n'est pas nouvelle (on la trouve d\u00e9j\u00e0 au XIIIe si\u00e8cle) mais elle n'a pas \u00e9t\u00e9 accept\u00e9e par tous. Ici le t\u00e9moignage est irr\u00e9futable : c'est l'auteur lui-m\u00eame qui \u00e9crit. En regardant ces autographes, nous ressentons la douleur et le ressentiment de l'homme qui voulait montrer \u00e0 ses coreligionnaires l'accord profond entre la philosophie et la religion juive.","authors":["Ma\u00efmonide","Colette Sirat"],"category_codes":["9000000","9080000","9080200","9080204"],"visuals":{"large":"https:\/\/images.epagine.fr\/181\/9782711623181_1_75.jpg","medium":"https:\/\/images.epagine.fr\/181\/9782711623181_1_m.jpg","thumbnail":"https:\/\/images.epagine.fr\/181\/9782711623181_1_v.jpg"},"orderable":true,"show_badge":true,"formatted_price":"32,00&nbsp;\u20ac","formatted_published_date":"25 janvier 2012","publisher_availability_label":"Sur commande","short_details":"Ma\u00efmonide, Colette Sirat \u2014 Vrin","translator":"COLETTE SIRAT","weight":483,"page_count":296,"readership":null,"editor":"Vrin","price":3200,"published_date":"2012-01-24T23:00:00.000000Z","support":"Grand format","publisher_availability":1,"stock":0,"editions":[],"url":"https:\/\/quaidesbrumes.com\/ouvrage\/9782711623181\/les-brouillons-autographes-du-dalalat-al-hairin-guide-des-egares"},{"id":"9782711623204","title":"R\u00e9flexions m\u00e9taphysiques (1780-1789)","description":"Les R\u00e9flexions m\u00e9taphysiques (Reflexionen zur Metaphysik) de la phase ? rassemblent les notes que Kant a r\u00e9dig\u00e9es entre 1780 et 1789 sur des feuilles intercalaires, dans les marges ou encore entre les lignes de la Metaphysica de Baumgarten. M\u00eame si elles n'\u00e9taient pas destin\u00e9es \u00e0 la publication, ces notes offrent le privil\u00e8ge de nous mettre en contact avec une pens\u00e9e en pleine \u00e9laboration, une pens\u00e9e qui se cherche, qui t\u00e2tonne, c'est dire avec le processus de r\u00e9flexion proprement dit du philosophe.\r\nR\u00e9dig\u00e9es entre 1780 et 1789, ces notes rec\u00e8lent un mat\u00e9riaux pr\u00e9cieux pour saisir l'\u00e9volution de l'argumentation kantienne entre les deux \u00e9ditions de la Critique de la raison pure, nous donnant \u00e0 voir le travail de Kant sur les concepts fondamentaux du \u00ab criticisme \u00bb et nous permettant d'appr\u00e9hender les efforts qu'il a r\u00e9alis\u00e9s pour clarifier un argument, pour renforcer une d\u00e9monstration, pour \u00e9laborer de nouveaux arguments en r\u00e9ponse aux critiques et aux objections formul\u00e9es par ses premiers lecteurs.","authors":["Emmanuel Kant","Sophie Grapotte"],"category_codes":["9000000","9080000","9080300","9080302"],"visuals":{"large":"https:\/\/images.epagine.fr\/204\/9782711623204_1_75.jpg","medium":"https:\/\/images.epagine.fr\/204\/9782711623204_1_m.jpg","thumbnail":"https:\/\/images.epagine.fr\/204\/9782711623204_1_v.jpg"},"orderable":true,"show_badge":true,"formatted_price":"30,00&nbsp;\u20ac","formatted_published_date":"20 janvier 2011","publisher_availability_label":"Sur commande","short_details":"Emmanuel Kant, Sophie Grapotte \u2014 Vrin","translator":"SOPHIE GRAPOTTE","weight":350,"page_count":304,"readership":null,"editor":"Vrin","price":3000,"published_date":"2011-01-19T23:00:00.000000Z","support":"Grand format","publisher_availability":1,"stock":0,"editions":[],"url":"https:\/\/quaidesbrumes.com\/ouvrage\/9782711623204\/reflexions-metaphysiques-1780-1789"},{"id":"9782711623211","title":"Analyse et ontologie ; le renouveau de la m\u00e9taphysique dans la tradition analytique","description":"Depuis une quarantaine d'ann\u00e9es, la m\u00e9taphysique conna\u00eet un important renouveau dans la philosophique analytique. Ainsi, dans le cadre de la tradition h\u00e9rit\u00e9e de Russell, Frege, Twardowski et Wittgenstein, cette m\u00e9taphysique que l'on peut proprement qualifier d'analytique repose \u00e0 neuf les anciennes questions de l'int\u00e9grit\u00e9 des objets, de leur structure, de leur persistance \u00e0 travers le temps, de leur essence, ou de leur mode d'existence.\r\nL'un des int\u00e9r\u00eats majeurs de ce nouveau champ de recherche en philosophie est qu'il permet une rencontre, souvent fructueuse, avec la tradition continentale, notamment ph\u00e9nom\u00e9nologique et brentanienne. Ce recueil se propose de faire d\u00e9couvrir au lecteur l'oeuvre m\u00e9taphysique d'auteurs aujourd'hui aussi importants que Lewis, Armstrong, Chisholm, Simons, Mulligan ou Smith, mais \u00e9galement plus anciens, comme Meinong, Russell ou Carnap. N\u00e9anmoins, si nous consacrons une large place \u00e0 l'histoire de la m\u00e9taphysique analytique, il s'agit avant tout dans cet ouvrage de montrer l'actualit\u00e9 des recherches philosophiques dans ce domaine.","authors":["Collectif"],"category_codes":["9000000","9080000","9080200","9080204"],"visuals":{"large":"https:\/\/images.epagine.fr\/211\/9782711623211_1_75.jpg","medium":"https:\/\/images.epagine.fr\/211\/9782711623211_1_m.jpg","thumbnail":"https:\/\/images.epagine.fr\/211\/9782711623211_1_v.jpg"},"orderable":true,"show_badge":true,"formatted_price":"15,00&nbsp;\u20ac","formatted_published_date":"10 janvier 2011","publisher_availability_label":"Sur commande","short_details":"Collectif \u2014 Vrin","translator":null,"weight":275,"page_count":204,"readership":null,"editor":"Vrin","price":1500,"published_date":"2011-01-09T23:00:00.000000Z","support":"Grand format","publisher_availability":1,"stock":0,"editions":[],"url":"https:\/\/quaidesbrumes.com\/ouvrage\/9782711623211\/analyse-et-ontologie-le-renouveau-de-la-metaphysique-dans-la-tradition-analytique"},{"id":"9782711623235","title":"En face de l'exteriorit\u00e9 ; Levinas et la question de la subjectivit\u00e9","description":"Levinas a cherch\u00e9 \u00e0 \u00e9riger l'\u00e9thique en \u00ab philosophie premi\u00e8re \u00bb. Comment ce projet est-il conciliable avec la m\u00e9thode ph\u00e9nom\u00e9nologique dont il s'est toujours inspir\u00e9 et dont il est rest\u00e9 tributaire tout au long de sa vie? L'auteur essaie d'y r\u00e9pondre en mettant en \u00e9vidence ce qu'il appelle une ph\u00e9nom\u00e9nologie \u00ab sans ph\u00e9nom\u00e9nalit\u00e9 \u00bb. Celle-ci s'inscrit express\u00e9ment dans la tradition de la ph\u00e9nom\u00e9nologie transcendantale que Levinas prolonge et actualise en promouvant un concept in\u00e9dit du transcendantal (con\u00e7u comme \u00ab conditionnement mutuel du constituant et du constitu\u00e9 \u00bb). Au sommet de cette ph\u00e9nom\u00e9nologie est l'\u00ab \u00e9piphanie du visage \u00bb, manifestation d'une alt\u00e9rit\u00e9 radicale qui conf\u00e8re le sens \u00e0 l'apparaissant sur un mode non intentionnel et non ph\u00e9nom\u00e9nal. C'est autour du visage que s'articulent les \u00ab cat\u00e9gories \u00bb fondamentales de son parcours : jouissance, demeure, possession, f\u00e9minit\u00e9, amour, \u00e9rotisme, f\u00e9condit\u00e9, etc. Le pr\u00e9sent ouvrage qui s'appuie essentiellement sur le premier chef d'oeuvre de Levinas (Totalit\u00e9 et infini, paru en 1961) tente d'\u00e9claircir ces concepts, tout en exposant les id\u00e9es directrices de la philosophie l\u00e9vinassienne de la subjectivit\u00e9, de la transcendance, du langage, du temps et de la v\u00e9rit\u00e9.","authors":["Alexander Schnell"],"category_codes":["9000000","9080000","9080200","9080204"],"visuals":{"large":"https:\/\/images.epagine.fr\/235\/9782711623235_1_75.jpg","medium":"https:\/\/images.epagine.fr\/235\/9782711623235_1_m.jpg","thumbnail":"https:\/\/images.epagine.fr\/235\/9782711623235_1_v.jpg"},"orderable":true,"show_badge":true,"formatted_price":"12,00&nbsp;\u20ac","formatted_published_date":"15 d\u00e9cembre 2010","publisher_availability_label":"Sur commande","short_details":"Alexander Schnell \u2014 Vrin","translator":null,"weight":166,"page_count":194,"readership":null,"editor":"Vrin","price":1200,"published_date":"2010-12-14T23:00:00.000000Z","support":"Poche","publisher_availability":1,"stock":0,"editions":[],"url":"https:\/\/quaidesbrumes.com\/ouvrage\/9782711623235\/en-face-de-lexteriorite-levinas-et-la-question-de-la-subjectivite"},{"id":"9782711623259","title":"Pourquoi la torture ?","description":"De l'Antiquit\u00e9 aux tortures am\u00e9ricaines en Irak, en passant par l'Inquisition, les supplices chinois, la guerre d'Alg\u00e9rie, les dictateurs sud am\u00e9ricains, sovi\u00e9tiques, chinois..., la torture est une constante de l'humanit\u00e9. Mais pourquoi? Pourquoi cette constance? Pourquoi m\u00eame les \u00ab d\u00e9mocraties \u00bb? Pourquoi des hommes ordinaires?\r\nLa torture persiste malgr\u00e9 son interdiction mondiale, malgr\u00e9 les conventions internationales, malgr\u00e9 les inspections de l'ONU. Ne serait-elle pas n\u00e9cessaire, en d\u00e9finitive? Rien qu'un peu, \u00e9videmment? A titre exceptionnel? Juste pour les crimes les plus graves? Juste pour le terrorisme? Juste pour... Mais l'histoire de la torture n'est jamais qu'une longue liste d'exceptions, conc\u00e9d\u00e9es, la main sur le coeur, pour le plus grand bien de l'humanit\u00e9.\r\nAlors pourquoi? Des facteurs politiques? Id\u00e9ologiques? Individuels? En d\u00e9finitive, la torture ne participe-t-elle pas \u00e0 cette vaste et permanente entreprise de \u00ab d\u00e9molition de l'homme \u00bb dont parle Primo Levi? Une machine de guerre, minutieuse et perverse, tourn\u00e9e par l'homme contre son essence-m\u00eame. Inutile d'argumenter. Le combat ne peut \u00eatre qu'absolu, la condamnation cat\u00e9gorique. Et pour ce combat, sans concession, il faut conna\u00eetre son adversaire, notre part sombre d'humanit\u00e9.","authors":["Serge Portelli"],"category_codes":["9000000","9080000","9080200","9080204"],"visuals":{"large":"https:\/\/images.epagine.fr\/259\/9782711623259_1_75.jpg","medium":"https:\/\/images.epagine.fr\/259\/9782711623259_1_m.jpg","thumbnail":"https:\/\/images.epagine.fr\/259\/9782711623259_1_v.jpg"},"orderable":true,"show_badge":true,"formatted_price":"20,00&nbsp;\u20ac","formatted_published_date":"8 f\u00e9vrier 2011","publisher_availability_label":"Sur commande","short_details":"Serge Portelli \u2014 Vrin","translator":null,"weight":378,"page_count":307,"readership":null,"editor":"Vrin","price":2000,"published_date":"2011-02-07T23:00:00.000000Z","support":"Grand format","publisher_availability":1,"stock":0,"editions":[],"url":"https:\/\/quaidesbrumes.com\/ouvrage\/9782711623259\/pourquoi-la-torture"},{"id":"9782763781105","title":"Autorit\u00e9 et individu","description":"C'est par \" L'autorit\u00e9 et l'individu \" qu'en 1948 la BBC inaugurait un programme annuel de conf\u00e9rences (The Reith lectures), d\u00e9sormais c\u00e9l\u00e8bre.\r\nCette premi\u00e8re s\u00e9rie de six conf\u00e9rences porte sur l'un des probl\u00e8mes les plus d\u00e9battus de l'\u00e9poque moderne : le conflit entre l'ordre et l'autorit\u00e9 d'une part, la libert\u00e9 individuelle et la cr\u00e9ativit\u00e9 d'autre part. Comment entretenir la coop\u00e9ration n\u00e9cessaire \u00e0 la survie du groupe sans \u00e9touffer l'initiative individuelle et jusqu'au go\u00fbt de vivre ? Russell examine cette question dans toute sa complexit\u00e9 et esquisse des pistes de solution d'une \u00e9tonnante actualit\u00e9.","authors":["Bertrand Russell"],"category_codes":["9000000","9080000","9080200","9080204"],"visuals":{"large":"https:\/\/images.epagine.fr\/105\/9782763781105_1_75.jpg","medium":"https:\/\/images.epagine.fr\/105\/9782763781105_1_m.jpg","thumbnail":"https:\/\/images.epagine.fr\/105\/9782763781105_1_v.jpg"},"orderable":true,"show_badge":true,"formatted_price":"18,00&nbsp;\u20ac","formatted_published_date":"21 mars 2005","publisher_availability_label":"Sur commande","short_details":"Bertrand Russell \u2014 Presses De L'Universite De Laval","translator":null,"weight":401,"page_count":null,"readership":null,"editor":"Presses De L'Universite De Laval","price":1800,"published_date":"2005-03-20T23:00:00.000000Z","support":"Grand format","publisher_availability":1,"stock":0,"editions":[],"url":"https:\/\/quaidesbrumes.com\/ouvrage\/9782763781105\/autorite-et-individu"},{"id":"9782711623280","title":"Archives d'Histoire litteraire et doctrinale du Moyen-Age LXXVII - 2010","description":null,"authors":["Vrin"],"category_codes":["9000000","9080000","9080500"],"visuals":{"large":"https:\/\/quaidesbrumes.com\/img\/book-placeholder.png","medium":"https:\/\/quaidesbrumes.com\/img\/book-placeholder.png","thumbnail":"https:\/\/quaidesbrumes.com\/img\/book-placeholder.png"},"orderable":true,"show_badge":true,"formatted_price":"42,00&nbsp;\u20ac","formatted_published_date":"31 janvier 2011","publisher_availability_label":"Sur commande","short_details":"Vrin \u2014 Vrin","translator":null,"weight":400,"page_count":224,"readership":null,"editor":"Vrin","price":4200,"published_date":"2011-01-30T23:00:00.000000Z","support":"Grand format","publisher_availability":1,"stock":0,"editions":[],"url":"https:\/\/quaidesbrumes.com\/ouvrage\/9782711623280\/archives-dhistoire-litteraire-et-doctrinale-du-moyen-age-lxxvii-2010"},{"id":"9782711623303","title":"Descartes et la chimie","description":"Bien qu'il n'y ait consacr\u00e9 aucun ouvrage, Descartes s'int\u00e9ressait \u00e0 la chimie de son temps, qui s'appelait aussi alchimie. On a souvent oubli\u00e9 cet aspect de ses recherches scientifiques, alors que les questions de chimie trouvent leur place dans Les m\u00e9t\u00e9ores de 1637 et constituent l'essentiel de la quatri\u00e8me partie des Principes de la philosophie.Pour autant, loin de vouloir donner \u00e0 la chimie le statut d'une science comparable \u00e0 la m\u00e9canique ou \u00e0 la m\u00e9decine, Descartes s'est plut\u00f4t employ\u00e9 \u00e0 r\u00e9duire les op\u00e9rations de la chimie \u00e0 celles de la m\u00e9canique, contestant ainsi la sp\u00e9cificit\u00e9 des op\u00e9rations et des concepts de la chimie de son temps. Le syst\u00e8me cart\u00e9sien ne pouvait en effet se satisfaire ni des \u00ab esprits \u00bb de la chimie, au statut ambigu entre mati\u00e8re et pens\u00e9e, ni des principes paracelsiens, Mercure, Soufre et Sel, qui n'avaient d'autre consistance que les propri\u00e9t\u00e9s sensibles qu'ils manifestaient.Se pose alors la question de la possibilit\u00e9 d'une chimie cart\u00e9sienne. Le corpuscularisme de chimistes comme Robert Boyle ou Nicolas L\u00e9mery s'inspire davantage de la tradition alchimique et des recherches chimiques de l'\u00e9poque que du cart\u00e9sianisme. C'est en d\u00e9fendant son autonomie \u00e0 l'\u00e9gard de la physique et de la m\u00e9decine que la chimie a pu se d\u00e9velopper dans la seconde partie du XVIIe si\u00e8cle et au XVIIIe si\u00e8cle, en se pr\u00e9sentant comme une science empirique se d\u00e9fiant de tout pr\u00e9suppos\u00e9 m\u00e9taphysique. L'influence cart\u00e9sienne semble alors s'\u00e9vanouir au fur et \u00e0 mesure que se d\u00e9veloppe la chimie.","authors":["Bernard Joly"],"category_codes":["9000000","9080000","9080200","9080204"],"visuals":{"large":"https:\/\/images.epagine.fr\/303\/9782711623303_1_75.jpg","medium":"https:\/\/images.epagine.fr\/303\/9782711623303_1_m.jpg","thumbnail":"https:\/\/images.epagine.fr\/303\/9782711623303_1_v.jpg"},"orderable":true,"show_badge":true,"formatted_price":"24,00&nbsp;\u20ac","formatted_published_date":"15 mai 2011","publisher_availability_label":"Sur commande","short_details":"Bernard Joly \u2014 Vrin","translator":null,"weight":304,"page_count":256,"readership":null,"editor":"Vrin","price":2400,"published_date":"2011-05-14T22:00:00.000000Z","support":"Grand format","publisher_availability":1,"stock":0,"editions":[],"url":"https:\/\/quaidesbrumes.com\/ouvrage\/9782711623303\/descartes-et-la-chimie"},{"id":"9782711623310","title":"L'homme commun ; la gen\u00e8se du r\u00e9alisme ontologique durant le haut moyen-\u00e2ge","description":"Le pr\u00e9sent livre propose l'\u00e9tude de la constitution, durant le haut Moyen \u00c2ge latin, d'une position philosophique : le r\u00e9alisme de l'immanence \u00e0 propos des universaux. Cette position est fond\u00e9e sur la conviction qu'il existe, dans le monde qui nous entoure, certes des individus particuliers - ce tilleul, cette tortue -, mais aussi des entit\u00e9s universelles. Ces entit\u00e9s n'existent pas s\u00e9par\u00e9es des individus, mais int\u00e9gralement r\u00e9alis\u00e9es en eux, sans variation ni degr\u00e9. Cet engagement philosophique r\u00e9sulte d'une ex\u00e9g\u00e8se des Cat\u00e9gories d'Aristote, r\u00e9interpr\u00e9t\u00e9es selon des philosoph\u00e8mes issus de la pens\u00e9e de Porphyre. La g\u00e9n\u00e9alogie de cette position est ici retrac\u00e9e en abordant successivement ses sources tant grecques que latines et ses anc\u00eatres patristiques (avant tout Gr\u00e9goire de Nysse), puis son \u00e9laboration conceptuelle durant les premiers si\u00e8cles du Moyen \u00c2ge latin jusqu'\u00e0 la critique qu'en donnera Pierre Ab\u00e9lard, et ce, par l'analyse de l'ontologie des quatre philosophes qui l'ont soutenue : Jean Scot \u00c9rig\u00e8ne, Anselme de Canterbury, Odon de Cambrai et Guillaume de Champeaux. Ce parcours permet de dessiner les contours d'un projet philosophique : comprendre, analyser et d\u00e9crire le monde sensible au moyen des concepts issus de la logique aristot\u00e9licienne.","authors":["Christophe Erismann"],"category_codes":["9000000","9080000","9080200","9080204"],"visuals":{"large":"https:\/\/images.epagine.fr\/310\/9782711623310_1_75.jpg","medium":"https:\/\/images.epagine.fr\/310\/9782711623310_1_m.jpg","thumbnail":"https:\/\/images.epagine.fr\/310\/9782711623310_1_v.jpg"},"orderable":true,"show_badge":true,"formatted_price":"48,00&nbsp;\u20ac","formatted_published_date":"14 novembre 2011","publisher_availability_label":"Sur commande","short_details":"Christophe Erismann \u2014 Vrin","translator":null,"weight":576,"page_count":459,"readership":null,"editor":"Vrin","price":4800,"published_date":"2011-11-13T23:00:00.000000Z","support":"Grand format","publisher_availability":1,"stock":0,"editions":[],"url":"https:\/\/quaidesbrumes.com\/ouvrage\/9782711623310\/lhomme-commun-la-genese-du-realisme-ontologique-durant-le-haut-moyen-age"},{"id":"9782711623334","title":"La libert\u00e9 au principe ; essai sur la philosophie de Patocka","description":"Bien qu'il apparaisse aujourd'hui comme l'une des figures incontournables de la ph\u00e9nom\u00e9nologie, le philosophe-r\u00e9sistant tch\u00e8que Jan Pato?ka (1907-1977) attendait encore une interpr\u00e9tation int\u00e9grale de son oeuvre. C'est l'ambition de cet essai, qui en propose une lecture \u00e0 la fois historique et syst\u00e9matique, s'appuyant \u00e9galement sur des textes tch\u00e8ques in\u00e9dits en fran\u00e7ais, comme \u00c9ternit\u00e9 et historicit\u00e9 (1947), dont certains extraits sont ici traduits.\r\nCette premi\u00e8re tentative explicite la nouvelle possibilit\u00e9 de la ph\u00e9nom\u00e9nologie, qu'avait d'ailleurs entrevue Heidegger au d\u00e9but des ann\u00e9es trente - rien d'autre que la libert\u00e9, d\u00e9sormais enracin\u00e9e dans le rapport de la vie humaine au monde - un monde et une vie humaine red\u00e9finis comme des mouvements et, plus essentiellement, comme des \u00e9v\u00e9nements. Reprenant \u00e0 nouveaux frais le probl\u00e8me du monde de la vie, Pato?ka ouvre la voie \u00e0 une transformation de la ph\u00e9nom\u00e9nologie de l'existence en ph\u00e9nom\u00e9nologie de l'\u00e9v\u00e9nement et, plus encore, de l'histoire. Cette transformation lui permet de se situer dans l'histoire de la ph\u00e9nom\u00e9nologie, comme d'entrer en dialogue avec ses figures les plus contemporaines.","authors":["Emilie Tardivel"],"category_codes":["9000000","9080000","9080200","9080204"],"visuals":{"large":"https:\/\/images.epagine.fr\/334\/9782711623334_1_75.jpg","medium":"https:\/\/images.epagine.fr\/334\/9782711623334_1_m.jpg","thumbnail":"https:\/\/images.epagine.fr\/334\/9782711623334_1_v.jpg"},"orderable":true,"show_badge":true,"formatted_price":"29,00&nbsp;\u20ac","formatted_published_date":"27 juin 2011","publisher_availability_label":"Sur commande","short_details":"Emilie Tardivel \u2014 Vrin","translator":null,"weight":350,"page_count":304,"readership":null,"editor":"Vrin","price":2900,"published_date":"2011-06-26T22:00:00.000000Z","support":"Grand format","publisher_availability":1,"stock":0,"editions":[],"url":"https:\/\/quaidesbrumes.com\/ouvrage\/9782711623334\/la-liberte-au-principe-essai-sur-la-philosophie-de-patocka"},{"id":"9782711623365","title":"Ma\u00eetre Eckhart philosophe du christianisme","description":"Aujourd'hui encore, Ma\u00eetre Eckhart (vers 1260-1328) fascine par la singularit\u00e9 de sa pens\u00e9e et la puissance de sa langue. Kurt Flasch livre ici une nouvelle interpr\u00e9tation de la vie et de l'enseignement d'Eckhart, philosophe et th\u00e9ologien dont il a fr\u00e9quent\u00e9 la pens\u00e9e durant soixante ans. La recherche de ces derni\u00e8res d\u00e9cennies a modifi\u00e9 l'image de Ma\u00eetre Eckhart. Ce livre tente un bilan. Il introduit \u00e0 la pens\u00e9e d'Eckhart, il invite \u00e0 lire ses \u00e9crits et \u00e0 penser ses propositions. De mani\u00e8re claire et concise, Kurt Flasch \u00e9tudie les diff\u00e9rentes oeuvres d'Eckhart une \u00e0 une. Il reconstruit leur contexte biographique et historique, ainsi que le monde intellectuel d'o\u00f9 venait Eckhart et vis-\u00e0-vis duquel il se positionnait. Paris, Erfurt, Strasbourg et Cologne apparaissent comme les lieux de l'activit\u00e9 intellectuelle d'Eckhart. Les soup\u00e7ons et les attaques le conduisent ensuite \u00e0 Avignon, o\u00f9 il meurt avant la conclusion de son proc\u00e8s et sa condamnation par l'\u00c9glise.","authors":["Kurt Flasch","Catherine Konig-Pralong"],"category_codes":["9000000","9080000","9080200","9080204"],"visuals":{"large":"https:\/\/images.epagine.fr\/365\/9782711623365_1_75.jpg","medium":"https:\/\/images.epagine.fr\/365\/9782711623365_1_m.jpg","thumbnail":"https:\/\/images.epagine.fr\/365\/9782711623365_1_v.jpg"},"orderable":true,"show_badge":true,"formatted_price":"28,00&nbsp;\u20ac","formatted_published_date":"14 novembre 2011","publisher_availability_label":"Sur commande","short_details":"Kurt Flasch, Catherine Konig-Pralong \u2014 Vrin","translator":"CATHERINE KONIG-PRALONG","weight":414,"page_count":336,"readership":null,"editor":"Vrin","price":2800,"published_date":"2011-11-13T23:00:00.000000Z","support":"Grand format","publisher_availability":1,"stock":0,"editions":[],"url":"https:\/\/quaidesbrumes.com\/ouvrage\/9782711623365\/maitre-eckhart-philosophe-du-christianisme"},{"id":"9782711623426","title":"L'association civile selon Hobbes ; cinq essais sur Hobbes","description":"Thomas Hobbes est le seul penseur de la tradition philosophique \u00e0 qui le philosophe britannique Michael Oakeshott consacra enti\u00e8rement l'un de ses livres, un recueil d'essais et de conf\u00e9rences qu'il publia en 1975 sous le titre de Hobbes on Civil Association. \u00c0 quoi tient l'importance d\u00e9cisive reconnue ainsi \u00e0 l'oeuvre de Hobbes, et quel r\u00f4le particulier joua la pens\u00e9e de Hobbes dans l'\u00e9laboration de la pens\u00e9e de Oakeshott lui-m\u00eame? Le titre donn\u00e9 au recueil donne une indication pr\u00e9cieuse. Tant d'un point de vue philosophique que d'un point de vue historique, Oakeshott a en effet th\u00e9matis\u00e9 \u00e0 travers le concept d'\u00ab association civile \u00bb un mode d'association politique pr\u00e9cis des hommes, celui dans lequel les individus sont li\u00e9s par le respect de certaines r\u00e8gles et de certaines pratiques, mais non par une fin commune unique. C'est dans cette perspective que Oakeshott a pu opposer la nomocratie d'une societas \u00e0 la t\u00e9l\u00e9ocratie d'une universitas, c'est-\u00e0-dire d'un \u00c9tat qui se donnerait comme mission d'imposer un m\u00eame objectif \u00e0 tous ses membres. La lecture que fait Oakeshott de Hobbes est ainsi tr\u00e8s clairement une lecture \u00ab lib\u00e9rale \u00bb : il comprend Hobbes comme un penseur du cadre formel d'une societas, et non pas d'une universitas, c'est-\u00e0-dire comme un penseur, pr\u00e9cis\u00e9ment, de l'\u00ab association civile \u00bb. Afin de permettre l'\u00e9valuation d'une telle lecture, la traduction de l'ouvrage de Oakeshott, la premi\u00e8re en langue fran\u00e7aise, est accompagn\u00e9e de la traduction de cinq autres essais que l'auteur a consacr\u00e9s \u00e0 Hobbes entre 1935 et 1974.","authors":["Micha\u00ebl Oakeshott","Dominique Weber"],"category_codes":["9000000","9080000","9080200","9080204"],"visuals":{"large":"https:\/\/images.epagine.fr\/426\/9782711623426_1_75.jpg","medium":"https:\/\/images.epagine.fr\/426\/9782711623426_1_m.jpg","thumbnail":"https:\/\/images.epagine.fr\/426\/9782711623426_1_v.jpg"},"orderable":true,"show_badge":true,"formatted_price":"24,00&nbsp;\u20ac","formatted_published_date":"2 mai 2011","publisher_availability_label":"Sur commande","short_details":"Micha\u00ebl Oakeshott, Dominique Weber \u2014 Vrin","translator":"DOMINIQUE WEBER","weight":289,"page_count":240,"readership":null,"editor":"Vrin","price":2400,"published_date":"2011-05-01T22:00:00.000000Z","support":"Grand format","publisher_availability":1,"stock":0,"editions":[],"url":"https:\/\/quaidesbrumes.com\/ouvrage\/9782711623426\/lassociation-civile-selon-hobbes-cinq-essais-sur-hobbes"},{"id":"9782711623457","title":"G\u00e0nes et comportements \u00e0 l'\u00e8re post-g\u00e9nomique","description":"Cette ann\u00e9e 2011 marque le dixi\u00e8me anniversaire de l'ach\u00e8vement du Projet G\u00e9nome Humain. Le d\u00e9codage des g\u00e8nes de l'humain fut l'apoth\u00e9ose de la p\u00e9riode glorieuse que la g\u00e9n\u00e9tique a connue depuis les ann\u00e9es 1980. Cette p\u00e9riode est appel\u00e9e \u00ab l'\u00e8re g\u00e9nomique \u00bb. La r\u00e9f\u00e9rence au g\u00e8ne semble la cl\u00e9 de toutes les r\u00e9ponses, m\u00eame en ce qui concerne les comportements humains.Ce livre propose une analyse historique critique des diff\u00e9rentes approches \u00e9pist\u00e9mologiques qui ont inspir\u00e9 la g\u00e9n\u00e9tique des comportements depuis la fin du XIXe si\u00e8cle. La question du d\u00e9terminisme et du probabilisme, celles du g\u00e8ne de l'homosexualit\u00e9, du g\u00e8ne du crime, ou encore de l'intelligence et de l'alcoolisme sont autant de mod\u00e8les qui illustrent nos analyses. Mais celles-ci montrent aussi que depuis dix ans une nouvelle \u00e8re se d\u00e9veloppe en g\u00e9n\u00e9tique : l'\u00e8re postg\u00e9nomique. Cherchant \u00e0 d\u00e9passer le g\u00e9no-centrisme, elle s'int\u00e9resse \u00e0 la fa\u00e7on dont les g\u00e8nes, les neurones et les facteurs environnementaux forment des r\u00e9seaux de causalit\u00e9 dynamiques et complexes. La post-g\u00e9nomique fait \u00e9cho \u00e0 une perspective philosophique syst\u00e9mique, pluraliste et pragmatique des ph\u00e9nom\u00e8nes et des concepts; un cadre plus d\u00e9veloppemental au sein duquel les donn\u00e9es scientifiques r\u00e9centes sont pr\u00e9sent\u00e9es et analys\u00e9es","authors":["Perbal Laurence"],"category_codes":["9000000","9080000","9080700"],"visuals":{"large":"https:\/\/images.epagine.fr\/457\/9782711623457_1_75.jpg","medium":"https:\/\/images.epagine.fr\/457\/9782711623457_1_m.jpg","thumbnail":"https:\/\/images.epagine.fr\/457\/9782711623457_1_v.jpg"},"orderable":true,"show_badge":true,"formatted_price":"18,00&nbsp;\u20ac","formatted_published_date":"13 septembre 2011","publisher_availability_label":"Sur commande","short_details":"Perbal Laurence \u2014 Vrin","translator":null,"weight":250,"page_count":171,"readership":null,"editor":"Vrin","price":1800,"published_date":"2011-09-12T22:00:00.000000Z","support":"Grand format","publisher_availability":1,"stock":0,"editions":[],"url":"https:\/\/quaidesbrumes.com\/ouvrage\/9782711623457\/ganes-et-comportements-a-lere-post-genomique"},{"id":"9782711623464","title":"Personne \/ personnage","description":"Entre r\u00e9alit\u00e9 et fiction, entre engagement existentiel et r\u00f4le factice, le couple conceptuel personne\/personnage s'inscrit sous le signe d'une dichotomie faussement \u00e9vidente. Car partout o\u00f9 s'observe l'opposition entre la personne et ses personnages - de l'adoration du divin \u00e0 la figure de la star, en passant par la mise en sc\u00e8ne d'un soi historique, politique, sociologique ou psychanalytique - ce sont surtout les interf\u00e9rences et les brouillages qu'une analyse attentive conduit \u00e0 mettre en lumi\u00e8re. Les essais r\u00e9unis dans ce volume d\u00e9clinent diverses formes de ce complexe personne\/personnage sous le jour d'une r\u00e9flexion qui associe philosophie et sciences humaines. Ils invitent \u00e0 revisiter les fonctions et les fronti\u00e8res de la fiction, les pr\u00e9suppos\u00e9s de notre conception du sujet ou les proc\u00e9d\u00e9s d'imputation de la cat\u00e9gorie de personne \u00e0 des entit\u00e9s non-humaines telles que des machines ou des animaux.","authors":["Thierry Lenain","Aline\u00b2 Wiame"],"category_codes":["9000000","9080000","9080200","9080204"],"visuals":{"large":"https:\/\/images.epagine.fr\/464\/9782711623464_1_75.jpg","medium":"https:\/\/images.epagine.fr\/464\/9782711623464_1_m.jpg","thumbnail":"https:\/\/images.epagine.fr\/464\/9782711623464_1_v.jpg"},"orderable":true,"show_badge":true,"formatted_price":"15,00&nbsp;\u20ac","formatted_published_date":"18 octobre 2011","publisher_availability_label":"Sur commande","short_details":"Thierry Lenain, Aline\u00b2 Wiame \u2014 Vrin","translator":null,"weight":274,"page_count":216,"readership":null,"editor":"Vrin","price":1500,"published_date":"2011-10-17T22:00:00.000000Z","support":"Grand format","publisher_availability":1,"stock":0,"editions":[],"url":"https:\/\/quaidesbrumes.com\/ouvrage\/9782711623464\/personne-personnage"},{"id":"9782711623471","title":"Heidegger in\u00e9dit ; 1929-1930 ; l'\u00e9chec d'\u00eatre et temps ?","description":"La publication d'\u00catre et temps en 1927 a fait de Martin Heidegger une figure d'importance dans le panorama philosophique allemand des ann\u00e9es 1920. Au cours des ann\u00e9es suivantes, il voyage pour donner des conf\u00e9rences qui attirent tant les philosophes que les curieux captiv\u00e9s par la r\u00e9putation du penseur de la For\u00eat Noire.\r\nOr, plut\u00f4t que de se contenter de pr\u00e9senter le projet de 1927, ces conf\u00e9rences ont d\u00e9j\u00e0 l'ambition de le d\u00e9passer. Ce livre examine le contenu de quatre conf\u00e9rences in\u00e9dites (L'anthropologie philosophique et la m\u00e9taphysique du Dasein, Hegel et le probl\u00e8me de la m\u00e9taphysique, La consid\u00e9ration sur le temps de Saint Augustin, Philosopher et croire) tout en retra\u00e7ant les \u00e9v\u00e9nements importants qui ont marqu\u00e9 la vie de Heidegger durant ces ann\u00e9es de transition que furent 1929 et 1930.","authors":["Fran\u00e7ois Jaran"],"category_codes":["9000000","9080000","9080200","9080204"],"visuals":{"large":"https:\/\/images.epagine.fr\/471\/9782711623471_1_75.jpg","medium":"https:\/\/images.epagine.fr\/471\/9782711623471_1_m.jpg","thumbnail":"https:\/\/images.epagine.fr\/471\/9782711623471_1_v.jpg"},"orderable":true,"show_badge":true,"formatted_price":"12,50&nbsp;\u20ac","formatted_published_date":"4 mars 2012","publisher_availability_label":"Sur commande","short_details":"Fran\u00e7ois Jaran \u2014 Vrin","translator":null,"weight":160,"page_count":171,"readership":null,"editor":"Vrin","price":1250,"published_date":"2012-03-03T23:00:00.000000Z","support":"Poche","publisher_availability":1,"stock":0,"editions":[],"url":"https:\/\/quaidesbrumes.com\/ouvrage\/9782711623471\/heidegger-inedit-1929-1930-lechec-detre-et-temps"},{"id":"9782711623518","title":"Persona ; l'\u00e9laboration d'une notion rh\u00e9torique au Ier si\u00e8cle av. J.C. Tome 2 ; th\u00e9orisation cic\u00e9ronienne de la persona oratoire","description":"Prenant la suite d'un premier volume consacr\u00e9 aux th\u00e9ories grecques de l'\u00e8thos et aux premi\u00e8res formalisations latines de la dimension \u00e9thique du discours, cet ouvrage aborde la doctrine cic\u00e9ronienne de la persona non seulement comme une voie d'acc\u00e8s privil\u00e9gi\u00e9e aux modes de pens\u00e9e rh\u00e9toriques du Ier si\u00e8cle av. J.-C., mais aussi comme une v\u00e9ritable grammaire des comportements et des valeurs de la soci\u00e9t\u00e9 tardo-r\u00e9publicaine. De 55 \u00e0 46 av. J.-C., Cic\u00e9ron d\u00e9veloppe une pens\u00e9e rh\u00e9torique qui se veut moins une th\u00e9orie abstraite de la persuasion qu'une r\u00e9flexion globale sur la pratique du discours, dans sa dimension technique, certes, mais aussi sociale, politique et culturelle. En faisant se rencontrer la r\u00e9alit\u00e9 des pratiques oratoires romaines, les h\u00e9ritages de la rh\u00e9torique latine d\u00e9velopp\u00e9e au d\u00e9but du I er si\u00e8cle av. J.-C., mais aussi les diverses conceptions rh\u00e9toriques et philosophiques de l'\u00e8thos, les analyses que les ouvrages cic\u00e9roniens de la maturit\u00e9 consacrent \u00e0 la persona oratoire parviennent \u00e0 th\u00e9oriser un orateur qui n'est plus une figure abstraite, mais un praticien v\u00e9ritablement romain et inscrit dans son contexte.On voit ainsi appara\u00eetre une r\u00e9flexion unique dans l'histoire de la rh\u00e9torique ancienne, qui ouvre la th\u00e9orie du discours sur des r\u00e9alit\u00e9s intellectuelles et pratiques qui, auparavant, lui avaient toujours \u00e9chapp\u00e9. Ainsi, loin de se contenter d'une transposition de la rh\u00e9torique grecque dans l'univers romain, Cic\u00e9ron parvient \u00e0 formaliser, dans un syst\u00e8me rh\u00e9torique original, les r\u00e8gles implicites qui r\u00e9gissaient le comportement des acteurs politiques de son temps. C'est l'\u00e9laboration de cette th\u00e9orisation novatrice que cet ouvrage entend retracer.","authors":["Charles Gu\u00e9rin"],"category_codes":["9000000","9080000","9080200","9080204"],"visuals":{"large":"https:\/\/images.epagine.fr\/518\/9782711623518_1_75.jpg","medium":"https:\/\/images.epagine.fr\/518\/9782711623518_1_m.jpg","thumbnail":"https:\/\/images.epagine.fr\/518\/9782711623518_1_v.jpg"},"orderable":true,"show_badge":true,"formatted_price":"48,00&nbsp;\u20ac","formatted_published_date":"26 avril 2011","publisher_availability_label":"Sur commande","short_details":"Charles Gu\u00e9rin \u2014 Vrin","translator":null,"weight":767,"page_count":480,"readership":null,"editor":"Vrin","price":4800,"published_date":"2011-04-25T22:00:00.000000Z","support":"Grand format","publisher_availability":1,"stock":0,"editions":[],"url":"https:\/\/quaidesbrumes.com\/ouvrage\/9782711623518\/persona-lelaboration-dune-notion-rhetorique-au-ier-siecle-av-jc-tome-2-theorisation-ciceronienne-de-la-persona-oratoire"}]}