{"data":[{"id":"9782711622078","title":"\"enhancement\" ; \u00e9thique et philosophie de la m\u00e9decine d'am\u00e9lioration","description":"Dans la biom\u00e9decine contemporaine, les connaissances technoscientifiques qui sous-tendent les nouvelles th\u00e9rapeutiques aboutissent souvent, presque in\u00e9vitablement, \u00e0 des techniques permettant d'envisager l'am\u00e9lioration de certaines fonctions corporelles ou cognitives de l'individu. La question de la m\u00e9decine d'am\u00e9lioration a attir\u00e9 l'attention des philosophes et des bio\u00e9thiciens. Depuis une dizaine d'ann\u00e9es, aux \u00c9tats-Unis d'abord puis en Europe, de nombreux auteurs se sont pench\u00e9s sur le th\u00e8me des technologies d'am\u00e9lioration. Si leur int\u00e9r\u00eat pour la question est li\u00e9 aux plus anciennes et plus connues de ces technologies, comme la chirurgie esth\u00e9tique, les st\u00e9roides anabolisants, les hormones de croissance, la Rilatine, le Prozac, il l'est davantage encore aux pouvoirs actuels et futurs de ces biotechnologies - recombinaison g\u00e9n\u00e9tique somatique ou germinale, nouvelles proth\u00e8ses intracorporelles, ing\u00e9nierie c\u00e9r\u00e9brale - qui laissent entrevoir la possibilit\u00e9 de changer durablement le corps et l'intellect, de transformer l'\u00eatre humain. M\u00eame si les applications cliniques de certaines de ces technologies semblent encore incertaines ou \u00e9loign\u00e9es dans le temps, il est important d'\u00e9tudier d\u00e8s aujourd'hui leurs cons\u00e9quences potentielles sur la m\u00e9decine, la soci\u00e9t\u00e9 et l'avenir de l'\u00eatre humain. C'est ce que propose ce volume d'essais qui analysent de mani\u00e8re critique la philosophie et l'imaginaire des pratiques et sp\u00e9culations associ\u00e9es \u00e0 l'am\u00e9lioration des performances de l'\u00eatre humain.","authors":["Collectif"],"category_codes":["9000000","9080000","9080200","9080204"],"visuals":{"large":"https:\/\/images.epagine.fr\/078\/9782711622078_1_75.jpg","medium":"https:\/\/images.epagine.fr\/078\/9782711622078_1_m.jpg","thumbnail":"https:\/\/images.epagine.fr\/078\/9782711622078_1_v.jpg"},"orderable":true,"show_badge":true,"formatted_price":"16,00&nbsp;\u20ac","formatted_published_date":"3 novembre 2009","publisher_availability_label":"Sur commande","short_details":"Collectif \u2014 Vrin","translator":null,"weight":277,"page_count":220,"readership":null,"editor":"Vrin","price":1600,"published_date":"2009-11-02T23:00:00.000000Z","support":"Grand format","publisher_availability":1,"stock":0,"editions":[],"url":"https:\/\/quaidesbrumes.com\/ouvrage\/9782711622078\/enhancement-ethique-et-philosophie-de-la-medecine-damelioration"},{"id":"9782711622085","title":"M\u00e9taphysique livre XI, trait\u00e9s II et III","description":"N\u00e9 dans la petite ville souabe de Lauingen, Albert le Grand ( 1280), th\u00e9ologien, philosophe et savant, a \u00e9t\u00e9 le grand introducteur d'Aristote en Occident. Ma\u00eetre en th\u00e9ologie \u00e0 Paris entre 1245 et 1248, il y a pour disciple Thomas d'Aquin. Son projet majeur : \u00ab refaire Aristote \u00e0 l'usage des Latins \u00bb, commence avec la Physique et s'ach\u00e8ve avec la M\u00e9taphysique et le De causis et processu universitatis.C'est ce XIe livre, trait\u00e9s II et III, de la M\u00e9taphysique qui est traduit ici. Il s'agit d'un commentaire suivi de la partie du livre Lambda de la M\u00e9taphysique, o\u00f9 Aristote tente de d\u00e9montrer l'existence d'une substance premi\u00e8re, \u00e0 la fois moteur premier et principe immobile, Bien supr\u00eame et supr\u00eamement D\u00e9sirable, pur intellect au point d'\u00eatre une \u00ab pens\u00e9e de la pens\u00e9e \u00bb. S'il existe un Dieu chez Aristote, ne faut-il pas le chercher dans ces pages? Amplement comment\u00e9 dans le monde grec et m\u00e9di\u00e9val, ce livre a suscit\u00e9 tant d'interrogations dans les mondes arabe et juif que de bienveillants anonymes ont \u00e9prouv\u00e9 le besoin de le compl\u00e9ter par des trait\u00e9s apocryphes, dont le Liber de Causis et la Th\u00e9ologie d'Aristote sont les exemples les plus frappants. Au confluent de sources aussi culturellement et historiquement vari\u00e9es, Albert le Grand r\u00e9capitule l'ensemble de la tradition interpr\u00e9tative tout en ouvrant la voie \u00e0 un nouvel aristot\u00e9lisme. S'il attend le discours d'un th\u00e9ologien, le lecteur sera sans doute surpris de lire ici l'interpr\u00e9tation d'un philosophe \u00e0 part enti\u00e8re.","authors":["Albert le Grand"],"category_codes":["9000000","9080000","9080200","9080204"],"visuals":{"large":"https:\/\/images.epagine.fr\/085\/9782711622085_1_75.jpg","medium":"https:\/\/images.epagine.fr\/085\/9782711622085_1_m.jpg","thumbnail":"https:\/\/images.epagine.fr\/085\/9782711622085_1_v.jpg"},"orderable":true,"show_badge":true,"formatted_price":"49,00&nbsp;\u20ac","formatted_published_date":"5 f\u00e9vrier 2010","publisher_availability_label":"Sur commande","short_details":"Albert le Grand \u2014 Vrin","translator":null,"weight":574,"page_count":476,"readership":null,"editor":"Vrin","price":4900,"published_date":"2010-02-04T23:00:00.000000Z","support":"Grand format","publisher_availability":1,"stock":0,"editions":[],"url":"https:\/\/quaidesbrumes.com\/ouvrage\/9782711622085\/metaphysique-livre-xi-traites-ii-et-iii"},{"id":"9782711622092","title":"L'intentionnalit\u00e9 cr\u00e9atrice ; probl\u00e8me de ph\u00e9nomenologie et d'esth\u00e9tique","description":"Depuis sa fondation husserlienne, l'un des traits les plus singuliers de la ph\u00e9nom\u00e9nologie est de s'infl\u00e9chir toujours \u00e0 nouveau vers elle-m\u00eame pour se refonder, de recommencer pour mieux commencer. Husserl a ainsi fini par se d\u00e9finir comme un \u00ab v\u00e9ritable commen\u00e7ant \u00bb (wirklichen Anf\u00e4nger) \u00e0 d\u00e9faut d'en avoir \u00e9t\u00e9, une fois pour toutes, un \u00ab vrai \u00bb (rechten). Pour sa part, Merleau-Ponty est revenu avec opini\u00e2tret\u00e9 sur \u00ab l'ombre \u00bb de Husserl aussi bien que sur les pr\u00e9suppos\u00e9s conceptuels de ses propres premiers ouvrages. Il en a \u00e9t\u00e9 de m\u00eame encore de Michel Henry relativement aux deux pr\u00e9c\u00e9dents, et de Jan Pato?ka, dans l'\u00e9laboration anti-husserlienne de son \u00ab asubjectivisme \u00bb d'une part, et, d'autre part, dans sa reprise, autocritique cette fois, du probl\u00e8me du sens du \u00ab monde naturel \u00bb. Et que dire de la critique heidegg\u00e9rienne des cat\u00e9gories m\u00e9taphysiques de Husserl?\r\nLa doctrine de l'intentionnalit\u00e9 fait ainsi constamment l'\u00e9preuve de sa validit\u00e9. C'est pourquoi, \u00ab laborieuse comme l'oeuvre de Balzac, celle de Proust, celle de Val\u00e9ry ou celle de C\u00e9zanne \u00bb (Merleau-Ponty), elle est en affinit\u00e9 intime avec la cr\u00e9ation artistique. Ces processus de fondation, de refondations et de consonances forment la mati\u00e8re de cet ouvrage.","authors":["Pierre Rodrigo"],"category_codes":["9000000","9080000","9080200","9080204"],"visuals":{"large":"https:\/\/images.epagine.fr\/092\/9782711622092_1_75.jpg","medium":"https:\/\/images.epagine.fr\/092\/9782711622092_1_m.jpg","thumbnail":"https:\/\/images.epagine.fr\/092\/9782711622092_1_v.jpg"},"orderable":true,"show_badge":true,"formatted_price":"31,00&nbsp;\u20ac","formatted_published_date":"22 septembre 2009","publisher_availability_label":"Sur commande","short_details":"Pierre Rodrigo \u2014 Vrin","translator":null,"weight":410,"page_count":304,"readership":null,"editor":"Vrin","price":3100,"published_date":"2009-09-21T22:00:00.000000Z","support":"Grand format","publisher_availability":1,"stock":0,"editions":[],"url":"https:\/\/quaidesbrumes.com\/ouvrage\/9782711622092\/lintentionnalite-creatrice-probleme-de-phenomenologie-et-desthetique"},{"id":"9782711622115","title":"Kant face aux math\u00e9matiques modernes","description":"Math\u00e9matique(s), Physique(s) et logique(s) vivent depuis le XIXe si\u00e8cle une r\u00e9volution permanente qui fait \u00e9clater les paradigmes auxquels Newton, Aristote et Euclide \u00e9taient associ\u00e9s. Litt\u00e9ralement apparent\u00e9 \u00e0 ces derniers, le dispositif kantien, Critique de la raison pure au centre, fut de fa\u00e7on concomitante profond\u00e9ment remis en cause et son caract\u00e8re obsol\u00e8te n'a cess\u00e9 depuis d'\u00eatre martel\u00e9. L'objectif de ce volume est de montrer au contraire que la philosophie transcendantale, loin d'\u00eatre une simple pens\u00e9e du pass\u00e9, non seulement n'a pas forc\u00e9ment \u00e9t\u00e9 par soi invalid\u00e9e par les histoires r\u00e9centes de la logique et des math\u00e9matiques, mais qu'elle a \u00e9galement nourri, autant dans l'aire \u00ab anglo-saxonne \u00bb que dans l'aire \u00ab continentale \u00bb, et au travers de multiples refontes, de f\u00e9condes perspectives.Quatre contributions croisant ces diff\u00e9rentes sensibilit\u00e9s, t\u00e9moignent en premi\u00e8re partie de cette vitalit\u00e9 actuelle du style kantien (J. Hintikka et R. Villko, P. Martin-Lof, J. Petitot, J.-M. Salanskis). En seconde partie sont pr\u00e9sent\u00e9es, traduites pour la premi\u00e8re fois, deux contributions de l'\u00c9cole de Marbourg historiquement constitutives du d\u00e9bat : celle de Cassirer, Kant und die Moderne Mathematik (1907) et celle du chapitre V de l'ouvrage de Natorp, Les fondements logiques des sciences exactes (1910) consacr\u00e9 aux concepts de dimension et de nombre.","authors":["E Barot","J Servois"],"category_codes":["9000000","9080000","9080200","9080204"],"visuals":{"large":"https:\/\/images.epagine.fr\/115\/9782711622115_1_75.jpg","medium":"https:\/\/images.epagine.fr\/115\/9782711622115_1_m.jpg","thumbnail":"https:\/\/images.epagine.fr\/115\/9782711622115_1_v.jpg"},"orderable":true,"show_badge":true,"formatted_price":"31,00&nbsp;\u20ac","formatted_published_date":"1er novembre 2009","publisher_availability_label":"Sur commande","short_details":"E Barot, J Servois \u2014 Vrin","translator":null,"weight":308,"page_count":280,"readership":null,"editor":"Vrin","price":3100,"published_date":"2009-10-31T23:00:00.000000Z","support":"Grand format","publisher_availability":1,"stock":0,"editions":[],"url":"https:\/\/quaidesbrumes.com\/ouvrage\/9782711622115\/kant-face-aux-mathematiques-modernes"},{"id":"9782711622122","title":"L'\u00eatre et le ph\u00e9nom\u00e8ne","description":"Le pr\u00e9sent volume rassemble les contributions in\u00e9dites d'une quarantaine de chercheurs allemands, belges, espagnols, fran\u00e7ais, italiens, portugais et suisses sur la seconde version de la Doctrine de la Science de 1804, oeuvre majeure de la litt\u00e9rature philosophique europ\u00e9enne. Cet expos\u00e9, sans doute le plus accompli de la p\u00e9riode \u00ab berlinoise \u00bb de J.G. Fichte, est une oeuvre cl\u00e9 pour la compr\u00e9hension des \u00e9crits \u00ab populaires \u00bb de 1805\/1806 et annonce les grandes \u00e9laborations de sa philosophie tardive. Elle expose, avant Heidegger, une doctrine de l'\u00eatre et, avant Hegel, une doctrine du ph\u00e9nom\u00e8ne (que Fichte lui-m\u00eame appelle d\u00e9j\u00e0 une \u00ab ph\u00e9nom\u00e9nologie \u00bb). Sa hauteur sp\u00e9culative en fait l'un des chefs-d'oeuvre de l'\u00ab id\u00e9alisme allemand \u00bb.\r\nCet ouvrage t\u00e9moigne de la renaissance ficht\u00e9enne suscit\u00e9e par l'\u00e9dition critique dans la Gesamtausgabe de l'Acad\u00e9mie de Bavi\u00e8re des grands textes de la p\u00e9riode interm\u00e9diaire et tardive de l'oeuvre de Fichte, en g\u00e9n\u00e9ral, et de la Doctrine de la Science de 1804, en particulier. S'inscrivant dans la dynamique d'internationalisation de la recherche ficht\u00e9enne actuelle, il propose aussi bien des articles en allemand qu'en fran\u00e7ais.","authors":["Collectif"],"category_codes":["9000000","9080000","9080200","9080204"],"visuals":{"large":"https:\/\/images.epagine.fr\/122\/9782711622122_1_75.jpg","medium":"https:\/\/images.epagine.fr\/122\/9782711622122_1_m.jpg","thumbnail":"https:\/\/images.epagine.fr\/122\/9782711622122_1_v.jpg"},"orderable":true,"show_badge":true,"formatted_price":"52,00&nbsp;\u20ac","formatted_published_date":"12 octobre 2009","publisher_availability_label":"Sur commande","short_details":"Collectif \u2014 Vrin","translator":null,"weight":550,"page_count":512,"readership":null,"editor":"Vrin","price":5200,"published_date":"2009-10-11T22:00:00.000000Z","support":"Grand format","publisher_availability":1,"stock":0,"editions":[],"url":"https:\/\/quaidesbrumes.com\/ouvrage\/9782711622122\/letre-et-le-phenomene"},{"id":"9782711622160","title":"Le crit\u00e8re de distinction entre l'Islam et l'incroyance ; interpr\u00e9tation et divergence en islam","description":"Depuis la Grande discorde (al-fitna al-kubr?), l'islam eut ses schismes et ses divergences aux cons\u00e9quences redoutables : la p\u00e9nalisation de fait de l'interpr\u00e9tation, ce qui soul\u00e8ve aussi le grave probl\u00e8me de l'exclusion. Le Crit\u00e8re d\u00e9cisif entre l'islam et l'incroyance de Ghaz?l? ne suspend pas les dispositions l\u00e9gales du dogme, mais se veut une approche \u00e9clair\u00e9e de la divergence doctrinale. Sans pr\u00f4ner la coexistence lib\u00e9rale des sectes, Ghaz?l? affirme que le d\u00e9saccord n'est pas incroyance et que le nazar (analyse th\u00e9orique) est l'antidote du fanatisme.\r\nEn \u00e9largissant le champ interpr\u00e9tatif, devenu coextensif aux cinq cat\u00e9gories d'existence (essentielle, sensible, imaginare, rationnelle et m\u00e9taphorique), Ghaz?l? eut ind\u00e9niablement un projet \u00ab consensuel \u00bb dont les philosophes, les s?f?s anomiques et les b?tinites \u00e9taient n\u00e9anmoins \u00e9cart\u00e9s.\r\nSi l'on juge que sa rigueur vis-\u00e0-vis des incroyants v\u00e9ritables est suffisamment temp\u00e9r\u00e9e par son exaltation de la mis\u00e9ricorde infinie de Dieu, on peut estimer que Ghaz?l? se tient au seuil de la reconnaissance d'autrui.\r\nM\u00e9ticuleusement vocalis\u00e9, le Faysal jouit d'une parfaite lisibilit\u00e9 : l'islamologue peut appr\u00e9cier le style de Ghaz?l? et analyser son lexique, et l'arabisant utiliser le texte pour la grammaire et les versions.","authors":["Ab\u00fb H\u00e2mid Al-Ghaz\u00e2l\u00ee"],"category_codes":["9000000","9080000","9080200","9080204"],"visuals":{"large":"https:\/\/images.epagine.fr\/160\/9782711622160_1_75.jpg","medium":"https:\/\/images.epagine.fr\/160\/9782711622160_1_m.jpg","thumbnail":"https:\/\/images.epagine.fr\/160\/9782711622160_1_v.jpg"},"orderable":true,"show_badge":true,"formatted_price":"27,00&nbsp;\u20ac","formatted_published_date":"2 mai 2010","publisher_availability_label":"Sur commande","short_details":"Ab\u00fb H\u00e2mid Al-Ghaz\u00e2l\u00ee \u2014 Vrin","translator":null,"weight":240,"page_count":130,"readership":null,"editor":"Vrin","price":2700,"published_date":"2010-05-01T22:00:00.000000Z","support":"Grand format","publisher_availability":1,"stock":0,"editions":[],"url":"https:\/\/quaidesbrumes.com\/ouvrage\/9782711622160\/le-critere-de-distinction-entre-lislam-et-lincroyance-interpretation-et-divergence-en-islam"},{"id":"9782711622238","title":"Cahiers du temps","description":"Bien que vivant au quotidien dans l'existence, nous n'avons que tr\u00e8s rarement le \u00ab sentiment \u00bb de l'existence : nous faisons quelque chose, nous allons et venons, et par l\u00e0 faisons partie de ce tout qu'est l'existence sans toutefois y penser v\u00e9ritablement. A de rares moments cependant, contemplant un paysage du haut d'une montagne, regardant le ciel \u00e9toil\u00e9, nous r\u00e9alisons non sans frissonner qu'une chose comme l'existence existe. Nous nous extirpons alors de l'affairement pour nous plonger dans l'int\u00e9gralit\u00e9 de cette vaste existence : nous existons avec l'existence, non parce que le champ de notre vision se trouverait \u00eatre consid\u00e9rablement \u00e9largi, mais parce que c'est le fait m\u00eame d'embrasser l'espace qui nous lib\u00e8re et nous permet d'\u00ab entendre \u00bb ce passage de l'existence, son \u00e9coulement.","authors":["Alexandru Dragomir","Romain Otal"],"category_codes":["9000000","9080000","9080200","9080204"],"visuals":{"large":"https:\/\/images.epagine.fr\/238\/9782711622238_1_75.jpg","medium":"https:\/\/images.epagine.fr\/238\/9782711622238_1_m.jpg","thumbnail":"https:\/\/images.epagine.fr\/238\/9782711622238_1_v.jpg"},"orderable":true,"show_badge":true,"formatted_price":"28,00&nbsp;\u20ac","formatted_published_date":"22 novembre 2010","publisher_availability_label":"Sur commande","short_details":"Alexandru Dragomir, Romain Otal \u2014 Vrin","translator":"ROMAIN OTAL","weight":418,"page_count":456,"readership":null,"editor":"Vrin","price":2800,"published_date":"2010-11-21T23:00:00.000000Z","support":"Grand format","publisher_availability":1,"stock":0,"editions":[],"url":"https:\/\/quaidesbrumes.com\/ouvrage\/9782711622238\/cahiers-du-temps"},{"id":"9782711622245","title":"Esth\u00e9tique du virtuel","description":"Roberto Diodato \u00e9labore une esth\u00e9tique et une ontologie du corps virtuel entendu comme \u00e9v\u00e8nement corps-image en m\u00eame temps interne et externe qui \u00e9merge de l'interaction entre \u00e9criture informatique et corps humain dot\u00e9 de proth\u00e8ses technologiques. Il interroge les nouvelles formes d'art digital et de narration hypertextuelle et en montre la signification philosophique, en permettant de repenser sur la base des d\u00e9bats actuels sur la \u00ab r\u00e9alit\u00e9 virtuelle \u00bb des lieux classiques de l'esth\u00e9tique comme les concepts de mim\u00e9sis et de repr\u00e9sentation, le rapport illusion-r\u00e9alit\u00e9, la nature de l'image.","authors":["Roberto Diodato"],"category_codes":["9000000","9080000","9080200","9080204"],"visuals":{"large":"https:\/\/images.epagine.fr\/245\/9782711622245_1_75.jpg","medium":"https:\/\/images.epagine.fr\/245\/9782711622245_1_m.jpg","thumbnail":"https:\/\/images.epagine.fr\/245\/9782711622245_1_v.jpg"},"orderable":true,"show_badge":true,"formatted_price":"17,00&nbsp;\u20ac","formatted_published_date":"19 avril 2011","publisher_availability_label":"Sur commande","short_details":"Roberto Diodato \u2014 Vrin","translator":null,"weight":177,"page_count":175,"readership":null,"editor":"Vrin","price":1700,"published_date":"2011-04-18T22:00:00.000000Z","support":"Grand format","publisher_availability":1,"stock":0,"editions":[],"url":"https:\/\/quaidesbrumes.com\/ouvrage\/9782711622245\/esthetique-du-virtuel"},{"id":"9782711622269","title":"L'essence de la libert\u00e9 ; la refondation de l'\u00e9thique dans l'oeuvre de saint Anselme de Cantorb\u00e9ry","description":"Est-on encore libre lorsqu'on agit mal? Nos actes d\u00e9terminent-ils ce que nous sommes et devenons? L'homme s'excepte-t-il du monde? Ou bien, \u00e0 l'inverse, en rel\u00e8ve-t-il essentiellement?\r\nL'\u00e9thique d'Anselme se situe \u00e0 la crois\u00e9e des chemins. Si la libert\u00e9 a pour fin la justice, c'est parce qu'elle ne se pr\u00e9sente plus comme la fin de cette derni\u00e8re, mais qu'elle demeure quoi que l'on fasse. Si l'\u00e9thique porte sur les actes de l'homme, qui font de lui ce qu'il est, ce n'est pas pour refuser toute id\u00e9e d'une nature essentielle que nous aurions re\u00e7ue. En un mot, l'homme \u00e9chappe au cours naturel des choses, en faisant un certain usage des pouvoirs qu'il poss\u00e8de par nature. La libert\u00e9 elle-m\u00eame, par laquelle l'homme se distingue des autres \u00eatres du monde, se pense ainsi comme un pouvoir naturel, et donc inamissible. Invoquer la sup\u00e9riorit\u00e9 de l'\u00e2me sur le corps ne suffit d\u00e8s lors plus pour penser la libert\u00e9; Anselme nous invite \u00e0 la penser \u00e0 partir d'une certaine interpr\u00e9tation de la constitution de ce qui est. En d'autres termes, la r\u00e9flexion \u00e9thique appelle une exploration des sens de l'\u00eatre.\r\nLe pr\u00e9sent ouvrage montre comment, en l'absence d'une m\u00e9taphysique \u00e9tablie, Anselme recourt, pour fonder son \u00e9thique, \u00e0 l'enseignement de la logique, ou dialectica, laquelle ne saurait \u00eatre r\u00e9duite \u00e0 une s\u00e9mantique. Les multiples remaniements des concepts \u00e9thiques, mais aussi logiques, r\u00e9v\u00e8lent une pens\u00e9e latine qui s'ouvre \u00e0 l'interrogation m\u00e9taphysique.","authors":["Trego Kristell"],"category_codes":["9000000","9080000","9080500"],"visuals":{"large":"https:\/\/images.epagine.fr\/269\/9782711622269_1_75.jpg","medium":"https:\/\/images.epagine.fr\/269\/9782711622269_1_m.jpg","thumbnail":"https:\/\/images.epagine.fr\/269\/9782711622269_1_v.jpg"},"orderable":true,"show_badge":true,"formatted_price":"35,00&nbsp;\u20ac","formatted_published_date":"26 janvier 2010","publisher_availability_label":"Sur commande","short_details":"Trego Kristell \u2014 Vrin","translator":null,"weight":520,"page_count":305,"readership":null,"editor":"Vrin","price":3500,"published_date":"2010-01-25T23:00:00.000000Z","support":"Grand format","publisher_availability":1,"stock":0,"editions":[],"url":"https:\/\/quaidesbrumes.com\/ouvrage\/9782711622269\/lessence-de-la-liberte-la-refondation-de-lethique-dans-loeuvre-de-saint-anselme-de-cantorbery"},{"id":"9782711622283","title":"Probl\u00e8mes aristot\u00e9liciens Tome 2 ; philosophie pratique","description":"La philosophie, science de ce qui est, peut-elle aussi prescrire ce qui doit \u00eatre? Aristote a cherch\u00e9 inlassablement la r\u00e9ponse \u00e0 cette question. Elle est \u00e0 trouver \u00e0 l'intersection de la th\u00e9orie et de la pratique, qui, chez Aristote, pr\u00e9suppose une autonomie relative de l'une et de l'autre.\r\nDans la deuxi\u00e8me partie de ces Probl\u00e8mes aristot\u00e9liciens, la discussion se concentre sur la notion de communaut\u00e9. L'homme est un animal communautaire (koinonikon), mais est-il communautaire parce qu'il communique, auquel cas le logos communicationnel serait le fondement des soci\u00e9t\u00e9s humaines, ou bien l'homme communique-t-il parce qu'il est d'abord communautaire par nature, ce qui impliquerait un enracinement dans une tradition, la r\u00e9f\u00e9rence \u00e0 une communaut\u00e9 de valeurs? On essaie de d\u00e9m\u00ealer ici les arguments en faveur de l'une et l'autre th\u00e8ses, qui peuvent servir encore aujourd'hui dans la discussion contemporaine.","authors":["Pierre Aubenque"],"category_codes":["9000000","9080000","9080200","9080204"],"visuals":{"large":"https:\/\/images.epagine.fr\/283\/9782711622283_1_75.jpg","medium":"https:\/\/images.epagine.fr\/283\/9782711622283_1_m.jpg","thumbnail":"https:\/\/images.epagine.fr\/283\/9782711622283_1_v.jpg"},"orderable":true,"show_badge":true,"formatted_price":"18,00&nbsp;\u20ac","formatted_published_date":"1er mars 2011","publisher_availability_label":"Sur commande","short_details":"Pierre Aubenque \u2014 Vrin","translator":null,"weight":286,"page_count":264,"readership":null,"editor":"Vrin","price":1800,"published_date":"2011-02-28T23:00:00.000000Z","support":"Grand format","publisher_availability":1,"stock":0,"editions":[],"url":"https:\/\/quaidesbrumes.com\/ouvrage\/9782711622283\/problemes-aristoteliciens-tome-2-philosophie-pratique"},{"id":"9782711622290","title":"Lire le tractatus logico-philosophicus de Wittgenstein","description":"Depuis pr\u00e8s de quatre-vingt-dix ans le Tractatus continue, avec sa r\u00e9putation de texte cryptique, \u00e0 d\u00e9fier les philosophes, suscitant toujours de nouvelles lectures. \u00c0 force de commentaires, il a peut-\u00eatre perdu en myst\u00e8re mais gagn\u00e9 en clart\u00e9 : beaucoup de questions sont \u00e0 pr\u00e9sent mises \u00e0 plat, contextualis\u00e9es, mieux comprises. Nous avons cherch\u00e9 \u00e0 faire le point sur certaines questions-cl\u00e9s sans essayer de trancher entre les grandes interpr\u00e9tations qui ont ponctu\u00e9 l'histoire de l'ex\u00e9g\u00e8se du Trait\u00e9, depuis la lecture en termes d'\u00ab id\u00e9alisme linguistique \u00bb des ann\u00e9es 1950 jusqu'\u00e0 la lecture plus r\u00e9cente - et plus vivante - en termes d'\u00ab esprit r\u00e9aliste \u00bb de Cora Diamond. Mieux \u00e9lucid\u00e9, voire d\u00e9mystifi\u00e9, le Tractatus nous fait, encore et toujours, en revenir au texte, \u00e0 sa lettre, et \u00e0 son esprit car, en un sens, le texte, dans sa bri\u00e8vet\u00e9, en dit toujours plus, m\u00eame si parfois on peut avoir l'impression que tout a \u00e9t\u00e9 dit.","authors":["Collectif"],"category_codes":["9000000","9080000","9080200","9080204"],"visuals":{"large":"https:\/\/images.epagine.fr\/290\/9782711622290_1_75.jpg","medium":"https:\/\/images.epagine.fr\/290\/9782711622290_1_m.jpg","thumbnail":"https:\/\/images.epagine.fr\/290\/9782711622290_1_v.jpg"},"orderable":true,"show_badge":true,"formatted_price":"30,00&nbsp;\u20ac","formatted_published_date":"22 septembre 2009","publisher_availability_label":"Sur commande","short_details":"Collectif \u2014 Vrin","translator":null,"weight":370,"page_count":288,"readership":null,"editor":"Vrin","price":3000,"published_date":"2009-09-21T22:00:00.000000Z","support":"Grand format","publisher_availability":1,"stock":0,"editions":[],"url":"https:\/\/quaidesbrumes.com\/ouvrage\/9782711622290\/lire-le-tractatus-logico-philosophicus-de-wittgenstein"},{"id":"9782711622344","title":"Persona ; l'\u00e9laboration d'une notion rh\u00e9torique au I si\u00e8cle av. J\u00e9sus Christ Tome 1 ; ant\u00e9c\u00e9dents grecs et premi\u00e8re rh\u00e9torique latine","description":"Dans une R\u00e9publique aristocratique o\u00f9 l'acc\u00e8s \u00e0 la parole se trouve r\u00e9serv\u00e9 aux individus reconnus comme l\u00e9gitimes par le biais des magistratures, l'image que l'orateur projette de lui-m\u00eame \u00e0 travers son discours constitue un facteur essentiel de persuasion. H\u00e9ritiers d'une rh\u00e9torique grecque largement inadapt\u00e9e aux conditions de l'\u00e9loquence romaine, les th\u00e9oriciens latins ne r\u00e9ussiront que progressivement \u00e0 penser cet aspect de la pratique oratoire en \u00e9laborant une cat\u00e9gorie propre \u00e0 leur environnement politique, social et intellectuel : celle de persona, qui recouvre l'ensemble des qualit\u00e9s attendues de l'orateur. Tout en rapprochant la doctrine rh\u00e9torique et les conditions historiques de sa formulation, cette \u00e9tude adopte un point de vue comparatiste qui permet de pr\u00e9ciser ce qui unit et s\u00e9pare les doctrines grecques de l'\u00e8thos (caract\u00e8re) et l'analyse de la persona dans la rh\u00e9torique latine des ann\u00e9es 80 av. J.-C. On peut ainsi rendre compte du processus par lequel une formalisation des exigences \u00e9thiques et comportementales qui s'imposaient \u00e0 l'orateur romain a \u00e9t\u00e9 peu \u00e0 peu \u00e9labor\u00e9e, ouvrant la voie \u00e0 une th\u00e9orisation compl\u00e8te de la persona oratoire dans les trait\u00e9s cic\u00e9roniens de la maturit\u00e9.En analysant cette construction progressive de la notion de persona oratoire, cet ouvrage aborde la rh\u00e9torique comme le r\u00e9v\u00e9lateur des repr\u00e9sentations politiques, sociales et philosophiques qui pr\u00e9valaient dans la Rome du I er si\u00e8cle av. J.-C.","authors":["Charles Gu\u00e9rin"],"category_codes":["9000000","9080000","9080200","9080204"],"visuals":{"large":"https:\/\/images.epagine.fr\/344\/9782711622344_1_75.jpg","medium":"https:\/\/images.epagine.fr\/344\/9782711622344_1_m.jpg","thumbnail":"https:\/\/images.epagine.fr\/344\/9782711622344_1_v.jpg"},"orderable":true,"show_badge":true,"formatted_price":"45,00&nbsp;\u20ac","formatted_published_date":"11 octobre 2009","publisher_availability_label":"Sur commande","short_details":"Charles Gu\u00e9rin \u2014 Vrin","translator":null,"weight":693,"page_count":431,"readership":null,"editor":"Vrin","price":4500,"published_date":"2009-10-10T22:00:00.000000Z","support":"Grand format","publisher_availability":1,"stock":0,"editions":[],"url":"https:\/\/quaidesbrumes.com\/ouvrage\/9782711622344\/persona-lelaboration-dune-notion-rhetorique-au-i-siecle-av-jesus-christ-tome-1-antecedents-grecs-et-premiere-rhetorique-latine"},{"id":"9782711622375","title":"Kant ; ann\u00e9es 1747-1781 ; avant la critique de la raison pure","description":"C'est sciemment qu'on a \u00e9vit\u00e9 de parler ici du Kant pr\u00e9critique et qu'on a plut\u00f4t choisi de refaire le parcours de Kant avant la Critique de la raison pure. Ne jouons pas sur les mots : chacun sait que le chef-d'oeuvre que Kant fait para\u00eetre \u00e0 l'\u00e2ge, d\u00e9j\u00e0 avanc\u00e9 pour l'\u00e9poque, de cinquante-sept ans, et qui va r\u00e9volutionner la philosophie, n'est pas le r\u00e9sultat d'une inspiration spontan\u00e9e, mais le fruit d'un long itin\u00e9raire de pens\u00e9e dont on trouve l'impulsion d\u00e8s les premiers \u00e9crits, dans la r\u00e9ception, qui ne fut jamais sans r\u00e9serves, de la m\u00e9taphysique leibnizo-wolffienne. Les th\u00e8ses qui vont d\u00e9finir le programme critique de Kant se profilent ainsi bien avant la parution de la Critique, qu'il s'agisse de ses positions sur la non-continuit\u00e9 de la logique et de l'existence, de sa critique de la preuve ontologique de l'existence de Dieu - qu'il est le premier \u00e0 nommer ainsi -, de sa conception de l'espace et du temps, de ses r\u00e9flexions sur l'origine de l'obligation morale, etc. Kant aura toujours \u00e9t\u00e9 en fait en chemin vers son intuition critique, et \u00e0 aucun moment de son parcours ne pouvons-nous d\u00e9celer une pens\u00e9e purement reproductive et r\u00e9p\u00e9titive de doctrines ant\u00e9rieures.","authors":["Luc Langlois"],"category_codes":["9000000","9080000","9080200","9080204"],"visuals":{"large":"https:\/\/images.epagine.fr\/375\/9782711622375_1_75.jpg","medium":"https:\/\/images.epagine.fr\/375\/9782711622375_1_m.jpg","thumbnail":"https:\/\/images.epagine.fr\/375\/9782711622375_1_v.jpg"},"orderable":true,"show_badge":true,"formatted_price":"31,00&nbsp;\u20ac","formatted_published_date":"15 septembre 2009","publisher_availability_label":"Sur commande","short_details":"Luc Langlois \u2014 Vrin","translator":null,"weight":600,"page_count":352,"readership":null,"editor":"Vrin","price":3100,"published_date":"2009-09-14T22:00:00.000000Z","support":"Grand format","publisher_availability":1,"stock":0,"editions":[],"url":"https:\/\/quaidesbrumes.com\/ouvrage\/9782711622375\/kant-annees-1747-1781-avant-la-critique-de-la-raison-pure"},{"id":"9782711622405","title":"Gadamer","description":"H.-G. Gadamer (1900-2002) a donn\u00e9 \u00e0 l'herm\u00e9neutique une dimension authentiquement philosophique en montrant que les conditions de la compr\u00e9hension sont des conditions d'existence. La linguisticit\u00e9 au centre de l'homme appara\u00eet \u00e0 la fois comme un fait et une exigence car aucun savoir ne peut oblit\u00e9rer ses prolongements \u00e9thiques sans entamer sa pr\u00e9tention \u00e0 la v\u00e9rit\u00e9. La pens\u00e9e de Gadamer se veut ainsi toute enti\u00e8re tourn\u00e9e vers l'interpr\u00e9tation du lient polymorphe que l'homme \u00ab est \u00bb et que r\u00e9v\u00e8le son aptitude, essentielle et fragile en m\u00eame temps, au dialogue; les contours de l'interpr\u00e9tation se d\u00e9passent eux-m\u00eames chaque fois que nous r\u00e9pondons \u00e0 un questionnement qui nous pr\u00e9c\u00e8de et constitue pour nous un appui. La tradition, chez Gadamer, est comme la terre, et \u00ab la terre ne d\u00e9signe pas seulement ce que les rayons de la lumi\u00e8re ne parviennent pas \u00e0 p\u00e9n\u00e9trer. L'obscurit\u00e9 qui recouvre est aussi abritante, car c'est d'elle que tout jaillit jusqu'\u00e0 la lumi\u00e8re, comme un mot sort du silence \u00bb (Les chemins de Heidegger).","authors":["Isabel Weiss"],"category_codes":["9000000","9080000","9080200","9080204"],"visuals":{"large":"https:\/\/images.epagine.fr\/405\/9782711622405_1_75.jpg","medium":"https:\/\/images.epagine.fr\/405\/9782711622405_1_m.jpg","thumbnail":"https:\/\/images.epagine.fr\/405\/9782711622405_1_v.jpg"},"orderable":true,"show_badge":true,"formatted_price":"24,00&nbsp;\u20ac","formatted_published_date":"4 janvier 2010","publisher_availability_label":"Sur commande","short_details":"Isabel Weiss \u2014 Vrin","translator":null,"weight":270,"page_count":216,"readership":null,"editor":"Vrin","price":2400,"published_date":"2010-01-03T23:00:00.000000Z","support":"Grand format","publisher_availability":1,"stock":0,"editions":[],"url":"https:\/\/quaidesbrumes.com\/ouvrage\/9782711622405\/gadamer"},{"id":"9782711622450","title":"Empirisme et th\u00e9orie de la connaissance ; r\u00e9flexion et fondement des sciences au XVIIIe si\u00e8cle","description":"Les empiristes franco-berlinois, au XVIIIe si\u00e8cle, ne con\u00e7oivent pas seulement l'exp\u00e9rience comme l'origine des connaissances humaines, mais aussi comme le principe de leur exposition syst\u00e9matique bien fond\u00e9e : la voie de l'invention, suppos\u00e9e partir de l'exp\u00e9rience sensible, doit \u00eatre convertie en une m\u00e9thode universelle, qui re\u00e7oit le titre ancien d'analyse. Or cette exp\u00e9rience r\u00e9side, non pas dans la passivit\u00e9 d'une sensation introuvable, mais dans le moment o\u00f9 l'esprit s'applique au mat\u00e9riau donn\u00e9 et le manipule, c'est-\u00e0-dire dans la r\u00e9flexion. Telle est l'invention de l'empirisme, que l'histoire des philosophies r\u00e9flexives a recouverte et dont il faut produire la g\u00e9n\u00e9alogie : la r\u00e9flexion m\u00eame, comme exp\u00e9rience et comme lieu d'insertion de l'esprit dans l'exp\u00e9rience. Le probl\u00e8me est de savoir si, con\u00e7ue dans ces termes, la conscience empiriste peut atteindre le fondement des sciences math\u00e9matiques qui, de droit, ne doivent pas rappeler leur origine pr\u00e9sum\u00e9e dans l'exp\u00e9rience sensible, faute de perdre la g\u00e9n\u00e9ralit\u00e9 et la n\u00e9cessit\u00e9 qui d\u00e9terminent la valeur de leurs concepts. Les p\u00f4les distingu\u00e9s dans ce livre - un empirisme de la gen\u00e8se et un empirisme de la constitution - r\u00e9v\u00e8lent la v\u00e9ritable urgence d'oppositions fondamentales en philosophie de la connaissance.","authors":["Andr\u00e9 Charrak"],"category_codes":["9000000","9080000","9080200","9080204"],"visuals":{"large":"https:\/\/images.epagine.fr\/450\/9782711622450_1_75.jpg","medium":"https:\/\/images.epagine.fr\/450\/9782711622450_1_m.jpg","thumbnail":"https:\/\/images.epagine.fr\/450\/9782711622450_1_v.jpg"},"orderable":true,"show_badge":true,"formatted_price":"19,50&nbsp;\u20ac","formatted_published_date":"24 novembre 2009","publisher_availability_label":"Sur commande","short_details":"Andr\u00e9 Charrak \u2014 Vrin","translator":null,"weight":220,"page_count":176,"readership":null,"editor":"Vrin","price":1950,"published_date":"2009-11-23T23:00:00.000000Z","support":"Grand format","publisher_availability":1,"stock":0,"editions":[],"url":"https:\/\/quaidesbrumes.com\/ouvrage\/9782711622450\/empirisme-et-theorie-de-la-connaissance-reflexion-et-fondement-des-sciences-au-xviiie-siecle"},{"id":"9782711622498","title":"Leibniz, le vivant et l'organisme","description":"Les notions relatives au vivant jouent un r\u00f4le central dans l'\u00e9conomie interne du syst\u00e8me de la nature selon Leibniz. Elles ont aussi influ\u00e9 sur les th\u00e9ories qui ont ponctu\u00e9 le d\u00e9veloppement des sciences de la vie. Le dessein de cet ouvrage est de traiter de ce double objet.\r\nComment Leibniz dessine-t-il le profil d'une science des vivants suivant un mod\u00e8le en partie inspir\u00e9 de Malpighi? Comment la th\u00e9orie leibnizienne de la substance influe-t-elle sur la d\u00e9termination du concept de vivant comme \u00ab machine de la nature \u00bb? Quel r\u00f4le charni\u00e8re la dynamique joue-t-elle dans la conception leibnizienne de l'\u00ab organisme \u00bb, concept scientifique nouveau en son temps? \u00c9changeant avec des figures majeures de la science et de la m\u00e9decine de cette \u00e9poque, Hartsoeker, Stahl, Hoffmann, Johann Bernoulli, Michelotti et d'autres, comment Leibniz d\u00e9veloppe-t-il la vision d'une \u00ab physique sp\u00e9ciale \u00bb dont le vivant serait l'objet sp\u00e9cifique? De quelle mani\u00e8re le mod\u00e8le leibnizien s'int\u00e8gre-t-il d'embl\u00e9e dans des th\u00e9ories sur la g\u00e9n\u00e9ration que d\u00e9veloppent Conti et Vallisneri, puis Bourguet? Ainsi une exploitation multiforme d'id\u00e9es leibniziennes sur le vivant pourra-t-elle s'amorcer au si\u00e8cle des Lumi\u00e8res.","authors":["Fran\u00e7ois Duchesneau"],"category_codes":["9000000","9080000","9080200","9080204"],"visuals":{"large":"https:\/\/images.epagine.fr\/498\/9782711622498_1_75.jpg","medium":"https:\/\/images.epagine.fr\/498\/9782711622498_1_m.jpg","thumbnail":"https:\/\/images.epagine.fr\/498\/9782711622498_1_v.jpg"},"orderable":true,"show_badge":true,"formatted_price":"29,00&nbsp;\u20ac","formatted_published_date":"6 mars 2010","publisher_availability_label":"Sur commande","short_details":"Fran\u00e7ois Duchesneau \u2014 Vrin","translator":null,"weight":426,"page_count":348,"readership":null,"editor":"Vrin","price":2900,"published_date":"2010-03-05T23:00:00.000000Z","support":"Grand format","publisher_availability":1,"stock":0,"editions":[],"url":"https:\/\/quaidesbrumes.com\/ouvrage\/9782711622498\/leibniz-le-vivant-et-lorganisme"},{"id":"9782711622511","title":"Blondel","description":"Maurice Blondel n'est pas seulement un homme de cabinet : il prend parti dans les crises de son temps. Analysant le national-socialisme, il d\u00e9clare en 1940 : \u00ab Un premier axe, dont on c\u00e9l\u00e8bre la puissance et les succ\u00e8s, va s'accompagner d'un autre axe perpendiculaire du Pacifique \u00e0 l'Atlantique, \u00e9talant sur l'Ancien Continent, en attendant le Nouveau Monde, une immense croix gamm\u00e9e dont les crochets pourront s'abattre jusqu'au cap de Bonne-Esp\u00e9rance ou jusqu'au cap Nord... \u00bb. L'action r\u00e9v\u00e8le aux hommes leur nature, leurs d\u00e9ficiences, leurs esp\u00e9rances. \u00c9cole de psychologie et de politique, elle est l'atelier privil\u00e9gi\u00e9 du m\u00e9taphysicien. Elle nous fait discerner si l'univers est une construction aveugle ou si, comme il le pense, l'humanit\u00e9 fait son histoire dans le concert possible des autres \u00eatres \u00e0 la recherche de Dieu.","authors":["Bertrand Saint-sernin"],"category_codes":["9000000","9080000"],"visuals":{"large":"https:\/\/images.epagine.fr\/511\/9782711622511_1_75.jpg","medium":"https:\/\/images.epagine.fr\/511\/9782711622511_1_m.jpg","thumbnail":"https:\/\/images.epagine.fr\/511\/9782711622511_1_v.jpg"},"orderable":true,"show_badge":true,"formatted_price":"22,00&nbsp;\u20ac","formatted_published_date":"4 octobre 2009","publisher_availability_label":"Sur commande","short_details":"Bertrand Saint-sernin \u2014 Vrin","translator":null,"weight":238,"page_count":185,"readership":null,"editor":"Vrin","price":2200,"published_date":"2009-10-03T22:00:00.000000Z","support":"Grand format","publisher_availability":1,"stock":0,"editions":[],"url":"https:\/\/quaidesbrumes.com\/ouvrage\/9782711622511\/blondel"},{"id":"9782711622597","title":"Paul Natorp de la psychologie g\u00e9n\u00e9rale \u00e0 la syst\u00e9matique philosophique","description":"Cette \u00e9tude, la premi\u00e8re en France sur la philosophie de Natorp (1854-1924), met en \u00e9vidence sa sp\u00e9cificit\u00e9 et son \u00e9volution.\r\nSa sp\u00e9cificit\u00e9 : Natorp est le seul des n\u00e9okantiens de l'\u00e9cole de Marbourg \u00e0 b\u00e2tir, au sein de la th\u00e9orie de la connaissance, une psychologie dont la version d\u00e9finitive, intitul\u00e9e Psychologie g\u00e9n\u00e9rale, para\u00eet en 1912. Il s'agit d'en \u00e9tablir la configuration, de montrer comment elle se situe relativement \u00e0 la psychologie scientifique en plein essor et de mettre en \u00e9vidence l'importance qu'elle a eue dans la constitution de la ph\u00e9nom\u00e9nologie. La psychologie critique de Natorp est d'abord une m\u00e9thodologie qui s'interroge sur les conditions d'une connaissance scientifique des processus cognitifs. Elle est ensuite une m\u00e9thode, la m\u00e9thode de reconstruction du subjectif \u00e0 partir de ses objectivations, qui s'oppose \u00e0 la r\u00e9duction husserlienne pr\u00e9tendant s'appuyer sur une donation et retrouver une imm\u00e9diatet\u00e9 subjective pourtant d\u00e9finitivement perdue. \r\nSon \u00e9volution : Natorp se d\u00e9tourne en effet apr\u00e8s la premi\u00e8re guerre mondiale de la philosophie marbourgeoise, parce que celle-ci construit sa th\u00e9orie de la connaissance sur des pr\u00e9suppos\u00e9s ininterrog\u00e9s et r\u00e9duit le donn\u00e9 \u00e0 la pens\u00e9e du donn\u00e9. Il en vient \u00e0 consid\u00e9rer, avec ses derniers textes et dans une perspective qui influencera Heidegger, que la question fondamentale est celle de l'\u00eatre. C'est pourquoi il construit une ontologie ou logique de l'\u00eatre qui tente de penser l'alt\u00e9rit\u00e9 dans son immanence au logos.","authors":["Eric Dufour"],"category_codes":["9000000","9080000","9080200","9080204"],"visuals":{"large":"https:\/\/images.epagine.fr\/597\/9782711622597_1_75.jpg","medium":"https:\/\/images.epagine.fr\/597\/9782711622597_1_m.jpg","thumbnail":"https:\/\/images.epagine.fr\/597\/9782711622597_1_v.jpg"},"orderable":true,"show_badge":true,"formatted_price":"26,00&nbsp;\u20ac","formatted_published_date":"23 mai 2010","publisher_availability_label":"Sur commande","short_details":"Eric Dufour \u2014 Vrin","translator":null,"weight":300,"page_count":256,"readership":null,"editor":"Vrin","price":2600,"published_date":"2010-05-22T22:00:00.000000Z","support":"Grand format","publisher_availability":1,"stock":0,"editions":[],"url":"https:\/\/quaidesbrumes.com\/ouvrage\/9782711622597\/paul-natorp-de-la-psychologie-generale-a-la-systematique-philosophique"},{"id":"9782711622627","title":"Langage et image dans l'oeuvre de Platon","description":"Comment rendre compte du langage et de ses effets, qu'ils soient de v\u00e9rit\u00e9 ou d'illusion? Comment d\u00e9crire les puissances de l'image, qu'elles soient ouverture vers un ailleurs ou idole masquant le vrai? Ces deux questions, Platon les pose de fa\u00e7on solidaire, comme en surplomb de ces partages consacr\u00e9s par la tradition qui opposent sans plus de pr\u00e9caution le sensible \u00e0 l'intelligible, les figures po\u00e9tiques au discours rationnel, les artifices mim\u00e9tiques du sophiste \u00e0 la rectitude linguistique du philosophe. Le pr\u00e9sent ouvrage s'attache \u00e0 d\u00e9faire ces simplifications et \u00e0 renouer le fil que suit Platon quand il se sert de l'image pour penser le langage et du langage pour penser l'image. \r\nSi, tour \u00e0 tour, un des deux termes forme le paradigme de l'autre, on s'est efforc\u00e9 de montrer qu'il s'agissait \u00e0 chaque fois d'un paradigme ambigu, signalant autant la proximit\u00e9 que l'\u00e9cart. La proximit\u00e9, quand les mots se lient au monde selon un rapport de ressemblance ou de correspondance, chaque version de ce lien sp\u00e9culaire \u00e9tant antagoniste de l'autre.\r\nParadigme qui rev\u00eat enfin une fonction ironique, peut-\u00eatre apor\u00e9tique, \u00e0 consid\u00e9rer du moins son application au discours m\u00eame de Platon dont il \u00e9claire la modalit\u00e9 expressive et l'articulation en diff\u00e9rents niveaux - no\u00e9tique, physique, politique -, tout en permettant d'affronter l'\u00e9tonnant paradoxe d'une dialectique sans images pr\u00e9sent\u00e9e avec force m\u00e9taphores.","authors":["Fulcran Teisserenc"],"category_codes":["9000000","9080000","9080200","9080204"],"visuals":{"large":"https:\/\/images.epagine.fr\/627\/9782711622627_1_75.jpg","medium":"https:\/\/images.epagine.fr\/627\/9782711622627_1_m.jpg","thumbnail":"https:\/\/images.epagine.fr\/627\/9782711622627_1_v.jpg"},"orderable":true,"show_badge":true,"formatted_price":"33,00&nbsp;\u20ac","formatted_published_date":"11 mai 2010","publisher_availability_label":"Sur commande","short_details":"Fulcran Teisserenc \u2014 Vrin","translator":null,"weight":390,"page_count":320,"readership":null,"editor":"Vrin","price":3300,"published_date":"2010-05-10T22:00:00.000000Z","support":"Grand format","publisher_availability":1,"stock":0,"editions":[],"url":"https:\/\/quaidesbrumes.com\/ouvrage\/9782711622627\/langage-et-image-dans-loeuvre-de-platon"},{"id":"9782711622634","title":"La part du bronze ; Platon et l'\u00e9conomie","description":"Si Platon est souvent d\u00e9crit comme celui qui regarde vers le \u00ab ciel \u00bb des Id\u00e9es, il est aussi et peut-\u00eatre avant tout pr\u00e9occup\u00e9 par la caverne o\u00f9 nous vivons. Par l'int\u00e9r\u00eat qu'il t\u00e9moigne aux r\u00e9alit\u00e9s \u00e9conomiques de son temps, qui sont encore pour beaucoup les n\u00f4tres, il pose la plus actuelle des questions : quelle place donner \u00e0 l'\u00e9conomie dans la cit\u00e9? N\u00e9cessaire pour assurer sa survie et son d\u00e9veloppement, elle la menace aussi de destruction tant qu'elle reste soustraite \u00e0 toute r\u00e9gulation. Elle prend alors le relais de nos app\u00e9tits les plus sauvages, et pr\u00e9tend s'imposer comme la seule politique qui vaille, tout en sombrant dans la plus compl\u00e8te inefficacit\u00e9. Pour lever cette imposture et pr\u00e9server de ses dangers, il faut comprendre ce que veut dire faire la cit\u00e9 : si les acteurs \u00e9conomiques contribuent \u00e0 son \u00e9dification, seuls les bons politiques la font v\u00e9ritablement. Dans un m\u00eame mouvement, Platon invente ainsi l'\u00e9conomie politique et transforme nos \u00e9vidences modernes en points d'interrogation.","authors":["Etienne Helmer"],"category_codes":["9000000","9080000","9080200","9080204"],"visuals":{"large":"https:\/\/images.epagine.fr\/634\/9782711622634_1_75.jpg","medium":"https:\/\/images.epagine.fr\/634\/9782711622634_1_m.jpg","thumbnail":"https:\/\/images.epagine.fr\/634\/9782711622634_1_v.jpg"},"orderable":true,"show_badge":true,"formatted_price":"33,00&nbsp;\u20ac","formatted_published_date":"26 mai 2010","publisher_availability_label":"Sur commande","short_details":"Etienne Helmer \u2014 Vrin","translator":null,"weight":420,"page_count":320,"readership":null,"editor":"Vrin","price":3300,"published_date":"2010-05-25T22:00:00.000000Z","support":"Grand format","publisher_availability":1,"stock":0,"editions":[],"url":"https:\/\/quaidesbrumes.com\/ouvrage\/9782711622634\/la-part-du-bronze-platon-et-leconomie"},{"id":"9782711622641","title":"Commentaire au Tim\u00e9e de Platon","description":"\u00c0 la fin du IVe si\u00e8cle, un certain Calcidius, qui reste encore inconnu, a traduit et comment\u00e9 les pages du Tim\u00e9e de Platon concernant la fabrication de l'\u00e2me et du corps du monde et de l'homme. Dans ce vaste ensemble de 355 chapitres, un premier tiers offre une ex\u00e9g\u00e8se centr\u00e9e sur les sciences de l'\u00e9poque, le reste pr\u00e9sentant une allure plus philosophique.\u00c9tonnant recueil - unique dans toute la litt\u00e9rature latine - de th\u00e9ories scientifiques autrement inconnues, le commentaire de Calcidius occupe de surcro\u00eet une place centrale dans la transmission des th\u00e9ories philosophiques de l'Antiquit\u00e9 au Moyen \u00c2ge et \u00e0 la Renaissance. Ce fut, pour tout le Moyen \u00e2ge occidental, le seul moyen, avec les traductions de Cic\u00e9ron, d'avoir un acc\u00e8s en latin \u00e0 une interpr\u00e9tation m\u00e9dio-platonicienne du Tim\u00e9e de Platon, le seul r\u00e9cit pa\u00efen pouvant faire concurrence \u00e0 celui de la Gen\u00e8se. Les quelques deux cents copies - dont l'une a \u00e9t\u00e9 annot\u00e9e de la main m\u00eame de P\u00e9trarque (Paris, BnF 6280) et une autre de celle de Marsile Ficin en 1454 (Milan, Ambr. S.14, Sup.) - t\u00e9moignent de l'int\u00e9r\u00eat durable suscit\u00e9 par ce commentaire, de l'influence profonde que cette oeuvre exer\u00e7a sur la construction du platonisme m\u00e9di\u00e9val et de son usage comme cl\u00e9 herm\u00e9neutique dans l'ex\u00e9g\u00e8se biblique.On comprendra que la traduction en fran\u00e7ais de ce document exceptionnel constitue un \u00e9v\u00e9nement consid\u00e9rable.","authors":["Calcidius","B\u00e9atrice Bakhouche"],"category_codes":["9000000","9080000","9080200","9080204"],"visuals":{"large":"https:\/\/images.epagine.fr\/641\/9782711622641_1_75.jpg","medium":"https:\/\/images.epagine.fr\/641\/9782711622641_1_m.jpg","thumbnail":"https:\/\/images.epagine.fr\/641\/9782711622641_1_v.jpg"},"orderable":true,"show_badge":true,"formatted_price":"78,00&nbsp;\u20ac","formatted_published_date":"11 mars 2012","publisher_availability_label":"Sur commande","short_details":"Calcidius, B\u00e9atrice Bakhouche \u2014 Vrin","translator":"BEATRICE BAKHOUCHE","weight":1511,"page_count":944,"readership":null,"editor":"Vrin","price":7800,"published_date":"2012-03-10T23:00:00.000000Z","support":"Grand format","publisher_availability":1,"stock":0,"editions":[],"url":"https:\/\/quaidesbrumes.com\/ouvrage\/9782711622641\/commentaire-au-timee-de-platon"},{"id":"9782711622672","title":"AHDLMA","description":null,"authors":[],"category_codes":["9000000","9080000","9080500"],"visuals":{"large":"https:\/\/quaidesbrumes.com\/img\/book-placeholder.png","medium":"https:\/\/quaidesbrumes.com\/img\/book-placeholder.png","thumbnail":"https:\/\/quaidesbrumes.com\/img\/book-placeholder.png"},"orderable":true,"show_badge":true,"formatted_price":"56,00&nbsp;\u20ac","formatted_published_date":"7 avril 2010","publisher_availability_label":"Sur commande","short_details":"Vrin","translator":null,"weight":555,"page_count":328,"readership":null,"editor":"Vrin","price":5600,"published_date":"2010-04-06T22:00:00.000000Z","support":"Grand format","publisher_availability":1,"stock":0,"editions":[],"url":"https:\/\/quaidesbrumes.com\/ouvrage\/9782711622672\/ahdlma"},{"id":"9782711622764","title":"Wittgenstein, le mythe de l'inexpressivit\u00e9","description":"Wittgenstein est un philosophe du langage, de l'esprit, et en particulier un philosophe de la subjectivit\u00e9; pas seulement de la grammaire de la premi\u00e8re personne, ou de la logique du scepticisme, mais de la subjectivit\u00e9 comme exprim\u00e9e dans le langage, comme articulation du dedans et du dehors : comme voix humaine.\r\nLe mythe de l'int\u00e9riorit\u00e9 se r\u00e9v\u00e8le, dans cette approche, comme un mythe de l'inexpressivit\u00e9 : on pr\u00e9f\u00e8re un \u00ab priv\u00e9 \u00bb inaccessible, muet, \u00e0 la r\u00e9alit\u00e9 (corporelle) et \u00e0 la fatalit\u00e9 du vouloir-dire. C'est bien le r\u00e9alisme (\u00ab la chose la plus difficile \u00bb, dit Wittgenstein) qu'on d\u00e9couvre alors au bout du scepticisme.","authors":["Sandra Laugier"],"category_codes":["9000000","9080000","9080200","9080204"],"visuals":{"large":"https:\/\/images.epagine.fr\/764\/9782711622764_1_75.jpg","medium":"https:\/\/images.epagine.fr\/764\/9782711622764_1_m.jpg","thumbnail":"https:\/\/images.epagine.fr\/764\/9782711622764_1_v.jpg"},"orderable":true,"show_badge":true,"formatted_price":"29,00&nbsp;\u20ac","formatted_published_date":"1er mai 2010","publisher_availability_label":"Sur commande","short_details":"Sandra Laugier \u2014 Vrin","translator":null,"weight":335,"page_count":272,"readership":null,"editor":"Vrin","price":2900,"published_date":"2010-04-30T22:00:00.000000Z","support":"Grand format","publisher_availability":1,"stock":0,"editions":[],"url":"https:\/\/quaidesbrumes.com\/ouvrage\/9782711622764\/wittgenstein-le-mythe-de-linexpressivite"},{"id":"9782711622771","title":"Critique de la raison pure ; de l'amphibologie des concepts de la r\u00e9flexion","description":"Dans la Critique de la raison pure, Kant d\u00e9finit la \u00ab r\u00e9flexion \u00bb comme l'acte de discerner ce qui revient, dans l'exp\u00e9rience, \u00e0 la sensibilit\u00e9 ou \u00e0 l'entendement. C'est dire le r\u00f4le central que peut jouer cette op\u00e9ration dans la philosophie critique - y compris pour en \u00e9clairer la d\u00e9marche m\u00eame. Mais la r\u00e9flexion ainsi d\u00e9finie ne saurait \u00eatre une op\u00e9ration purement intellectuelle, pas plus qu'elle ne se situe directement au niveau de l'a priori : au contraire, elle a pr\u00e9cis\u00e9ment pour point de d\u00e9part l'entrecroisement, ou m\u00eame la confusion des concepts et des intuitions dans l'exp\u00e9rience. Tel est l'enjeu du chapitre de la Critique consacr\u00e9 \u00e0 l'\u00ab Amphibologie des concepts de la r\u00e9flexion \u00bb : cette \u00e9quivocit\u00e9 inh\u00e9rente \u00e0 l'usage empirique de nos facult\u00e9s, qui nous conduit notamment \u00e0 confondre les objets tels qu'ils sont donn\u00e9s - comme ph\u00e9nom\u00e8nes - et les objets tels qu'ils sont pens\u00e9s - comme choses en soi. Le probl\u00e8me ainsi pos\u00e9 dans ce chapitre est d\u00e9cisif : d'abord, parce qu'il met en question le statut de l'exp\u00e9rience en tant que telle; ensuite, parce qu'il permet \u00e0 Kant de se situer par rapport \u00e0 Leibniz et \u00e0 Locke, auxquels il reproche respectivement d'avoir \u00ab intellectualis\u00e9 les ph\u00e9nom\u00e8nes \u00bb, et \u00ab sensualis\u00e9 les concepts de l'entendement \u00bb. \u00c0 partir de ce texte, le pr\u00e9sent ouvrage propose une interpr\u00e9tation de la probl\u00e9matique critique qui fait droit au double sens de l'exp\u00e9rience, saisi comme l'horizon propre de la r\u00e9flexion.","authors":["Emmanuel Kant","Matthieu Haumesser"],"category_codes":["9000000","9080000","9080200","9080204"],"visuals":{"large":"https:\/\/images.epagine.fr\/771\/9782711622771_1_75.jpg","medium":"https:\/\/images.epagine.fr\/771\/9782711622771_1_m.jpg","thumbnail":"https:\/\/images.epagine.fr\/771\/9782711622771_1_v.jpg"},"orderable":true,"show_badge":true,"formatted_price":"29,00&nbsp;\u20ac","formatted_published_date":"15 novembre 2010","publisher_availability_label":"Sur commande","short_details":"Emmanuel Kant, Matthieu Haumesser \u2014 Vrin","translator":"MATTHIEU HAUMESSER","weight":331,"page_count":272,"readership":null,"editor":"Vrin","price":2900,"published_date":"2010-11-14T23:00:00.000000Z","support":"Grand format","publisher_availability":1,"stock":0,"editions":[],"url":"https:\/\/quaidesbrumes.com\/ouvrage\/9782711622771\/critique-de-la-raison-pure-de-lamphibologie-des-concepts-de-la-reflexion"}]}