{"data":[{"id":"9782711620876","title":"Trait\u00e9 de la volont\u00e9 ; l'art de vivre heureux","description":"Publi\u00e9s anonymement, L'Art de vivre heureux (1667) et le Trait\u00e9 de la volont\u00e9 (1684) sont depuis longtemps attribu\u00e9s \u00e0 Claude Ameline. Ils pr\u00e9sentent pourtant des th\u00e8ses de prime abord distinctes, sinon divergentes : le propos du premier, d'inspiration eud\u00e9moniste, se concilie difficilement avec l'anthropologie pessimiste d\u00e9fendue par le second. Seraient-ils issus de plumes diff\u00e9rentes?Dans tous les cas, ces deux textes demeurent des t\u00e9moignages remarquables de la f\u00e9condit\u00e9 de la rencontre du cart\u00e9sianisme et de l'augustinisme au XVIIe si\u00e8cle.","authors":["Claude Ameline"],"category_codes":["9000000","9080000","9080200","9080204"],"visuals":{"large":"https:\/\/images.epagine.fr\/876\/9782711620876_1_75.jpg","medium":"https:\/\/images.epagine.fr\/876\/9782711620876_1_m.jpg","thumbnail":"https:\/\/images.epagine.fr\/876\/9782711620876_1_v.jpg"},"orderable":true,"show_badge":true,"formatted_price":"35,00&nbsp;\u20ac","formatted_published_date":"2 juin 2009","publisher_availability_label":"Sur commande","short_details":"Claude Ameline \u2014 Vrin","translator":null,"weight":390,"page_count":296,"readership":null,"editor":"Vrin","price":3500,"published_date":"2009-06-01T22:00:00.000000Z","support":"Grand format","publisher_availability":1,"stock":0,"editions":[],"url":"https:\/\/quaidesbrumes.com\/ouvrage\/9782711620876\/traite-de-la-volonte-lart-de-vivre-heureux"},{"id":"9782711620920","title":"Six discours sur la distinction et l'union du corps et de l'\u00e2me ; discours physique de la parole","description":"Parmi les cart\u00e9siens du second XVIIe si\u00e8cle, Cordemoy (1626-1684) a une place \u00e0 part. Dans les Six Discours sur la distinction du corps et de l'\u00e2me (1666), Cordemoy r\u00e9\u00e9labore l'anthropologie cart\u00e9sienne \u00e0 partir de l'atomisme et de l'occasionnalisme. D'un c\u00f4t\u00e9, il reconstruit la conception cart\u00e9sienne du corps et de l'\u00e9tendue \u00e0 partir d'un atomisme m\u00e9thodologiquement diff\u00e9rent de celui de Gassendi et, de l'autre, \u00e0 propos de la distinction de l'\u00e2me et du corps, il est l'un des premiers \u00e0 envisager la causalit\u00e9 sous la figure de l'occasionnalisme. Cordemoy s'ancre sur la distinction r\u00e9elle de l'\u00e2me et du corps pour d\u00e9velopper une description physique de l'homme et introduire les d\u00e9veloppements m\u00e9taphysiques, th\u00e9ologiques et \u00e9thiques, qui constituent pour lui l'horizon v\u00e9ritable de la connaissance de l'homme. Le Discours Physique de la Parole (1668), parfois consid\u00e9r\u00e9 comme le Septi\u00e8me Discours, fournit une conception de la nature du compos\u00e9 humain, de la communication entre l'\u00e2me et le corps et entre les \u00eatres humains, et aussi entre les purs esprits. La r\u00e9flexion sur le langage permet de discerner le domaine propre de l'homme et de rendre compte de l'intimit\u00e9 de l'union de l'\u00e2me et du corps.","authors":["G\u00e9rauld de Cordemoy"],"category_codes":["9000000","9080000","9080600","9080603"],"visuals":{"large":"https:\/\/images.epagine.fr\/920\/9782711620920_1_75.jpg","medium":"https:\/\/images.epagine.fr\/920\/9782711620920_1_m.jpg","thumbnail":"https:\/\/images.epagine.fr\/920\/9782711620920_1_v.jpg"},"orderable":true,"show_badge":true,"formatted_price":"32,00&nbsp;\u20ac","formatted_published_date":"16 f\u00e9vrier 2016","publisher_availability_label":"Sur commande","short_details":"G\u00e9rauld de Cordemoy \u2014 Vrin","translator":null,"weight":350,"page_count":264,"readership":null,"editor":"Vrin","price":3200,"published_date":"2016-02-15T23:00:00.000000Z","support":"Grand format","publisher_availability":1,"stock":0,"editions":[],"url":"https:\/\/quaidesbrumes.com\/ouvrage\/9782711620920\/six-discours-sur-la-distinction-et-lunion-du-corps-et-de-lame-discours-physique-de-la-parole"},{"id":"9782711621323","title":"Elementa philosophiae t 1, : de corpore","description":"Le De Corpore, publi\u00e9 pour la premi\u00e8re fois en 1655, est non seulement l'oeuvre majeure de Hobbes en mati\u00e8re de logique, de philosophie premi\u00e8re et de physique, mais \u00e9galement un des plus grands textes m\u00e9taphysiques du XVIIe si\u00e8cle. On y trouve une th\u00e9orie de la logique comme calcul dont l'un des \u00e9l\u00e9ments d\u00e9cisifs est une critique du langage en vue de d\u00e9terminer exactement les modalit\u00e9s par lesquelles nous signifions nos pens\u00e9es et d\u00e9signons les choses.Cette logique est la condition d'une philosophie premi\u00e8re sur laquelle repose une nouvelle conception du monde. La th\u00e9orie physique dans sa totalit\u00e9, ainsi que plusieurs aspects de l'\u00e9thique et de la politique, d\u00e9pendent d'une telle position m\u00e9taphysique.","authors":["Thomas Hobbes"],"category_codes":["9000000","9080000","9080200","9080204"],"visuals":{"large":"https:\/\/images.epagine.fr\/323\/9782711621323_1_75.jpg","medium":"https:\/\/images.epagine.fr\/323\/9782711621323_1_m.jpg","thumbnail":"https:\/\/images.epagine.fr\/323\/9782711621323_1_v.jpg"},"orderable":true,"show_badge":true,"formatted_price":"54,00&nbsp;\u20ac","formatted_published_date":"7 octobre 2002","publisher_availability_label":"Sur commande","short_details":"Thomas Hobbes \u2014 Vrin","translator":null,"weight":750,"page_count":528,"readership":null,"editor":"Vrin","price":5400,"published_date":"2002-10-06T22:00:00.000000Z","support":"Grand format","publisher_availability":1,"stock":0,"editions":[],"url":"https:\/\/quaidesbrumes.com\/ouvrage\/9782711621323\/elementa-philosophiae-t-1-de-corpore"},{"id":"9782711621330","title":"Oeuvres compl\u00e8tes Tome 1 ; premiers \u00e9crits (1789-1794) ; sur l'\u00e9ducation et l'instruction publique (1798-1805)","description":"Tome premier des Oeuvres compl\u00e8tes de Destutt de Tracy (1754-1836), ce volume comprend tout d'abord les textes que le fondateur et chef de file de l'Id\u00e9ologie a publi\u00e9s alors qu'il \u00e9tait d\u00e9put\u00e9 \u00e0 l'Assembl\u00e9e constituante. Il y d\u00e9fend notamment, contre les attaques d'Edmund Burke, la cause de la R\u00e9volution fran\u00e7aise (M. de Tracy \u00e0 M. Burke, 1790) puis, contre le parti colonial, celle des hommes de couleur (Opinion de M. de Tracy sur les affaires de Saint-Domingue, 1791). Un second ensemble r\u00e9unit ses \u00e9crits sur l'\u00e9ducation des \u00ab hommes faits \u00bb (Quels sont les moyens de fonder la morale d'un peuple?, 1798) et sur l'instruction des jeunes gens (Observations sur le syst\u00e8me actuel d'instruction publique, 1801). En prenant fait et cause pour la politique p\u00e9dagogique du Directoire et en particulier pour les \u00e9coles centrales des d\u00e9partements, menac\u00e9es puis supprim\u00e9es par le Consulat, Destutt de Tracy m\u00e8ne un combat qui n'est rien moins que philosophique : ce qui est en jeu en effet, c'est la pr\u00e9sence ou l'absence de la grammaire g\u00e9n\u00e9rale et de l'Id\u00e9ologie au coeur du syst\u00e8me d'enseignement. A c\u00f4t\u00e9 des ouvrages plus th\u00e9oriques (M\u00e9moire sur la facult\u00e9 de penser, 1798; \u00c9l\u00e9ments d'id\u00e9ologie, 1801-1815); Commentaire sur L'Esprit des lois de Montesquieu, 1819), les textes ici rassembl\u00e9s t\u00e9moignent de l'engagement du philosophe dans les d\u00e9bats de la d\u00e9cennie r\u00e9volutionnaire.","authors":["Antoine Destutt De Tracy"],"category_codes":["9000000","9080000","9080200","9080204"],"visuals":{"large":"https:\/\/images.epagine.fr\/330\/9782711621330_1_75.jpg","medium":"https:\/\/images.epagine.fr\/330\/9782711621330_1_m.jpg","thumbnail":"https:\/\/images.epagine.fr\/330\/9782711621330_1_v.jpg"},"orderable":true,"show_badge":true,"formatted_price":"25,00&nbsp;\u20ac","formatted_published_date":"18 f\u00e9vrier 2010","publisher_availability_label":"Sur commande","short_details":"Antoine Destutt De Tracy \u2014 Vrin","translator":null,"weight":317,"page_count":256,"readership":null,"editor":"Vrin","price":2500,"published_date":"2010-02-17T23:00:00.000000Z","support":"Grand format","publisher_availability":1,"stock":0,"editions":[],"url":"https:\/\/quaidesbrumes.com\/ouvrage\/9782711621330\/oeuvres-completes-tome-1-premiers-ecrits-1789-1794-sur-leducation-et-linstruction-publique-1798-1805"},{"id":"9782711621347","title":"Oeuvres compl\u00e8tes Tome 2 ; essais philosophiques","description":"\u00c0 c\u00f4t\u00e9 des quatre volumes des \u00c9l\u00e9ments d'id\u00e9ologie qui, compl\u00e9t\u00e9s par le Commentaire sur l'Esprit des lois de Montesquieu, constituent l'opus magnum de Destutt de Tracy, celui-ci a \u00e9crit entre 1795 et 1806 plusieurs textes aux statuts tr\u00e8s divers apportant un \u00e9clairage important sur la formation et le positionnement de l'Id\u00e9ologie. R\u00e9unis dans le pr\u00e9sent ouvrage, ces travaux peuvent \u00eatre rang\u00e9s dans quatre cat\u00e9gories :\r\n- Les m\u00e9moires issus des communications lues sous le Directoire devant la classe des sciences morales et politiques de l'Institut national et constituant un premier essai de formalisation de la nouvelle philosophie. Parmi eux, le M\u00e9moire sur la facult\u00e9 de penser (publi\u00e9 en 1798) annonce et pr\u00e9figure l'Id\u00e9ologie proprement dite.\r\n- La confrontation avec le kantisme qui commence seulement \u00e0 se diffuser en France \u00e0 partir de 1796. De la m\u00e9taphysique de Kant (publi\u00e9 en 1802) permet de mesurer tout ce qui s\u00e9pare l'Id\u00e9ologie de cette philosophie que Destutt de Tracy qualifiera dans une lettre \u00e0 Maine de Biran d'\u00e9trang\u00e8re et \u00e9trange.\r\n- Les textes qui s'inscrivent dans le prolongement direct des \u00c9l\u00e9ments d'id\u00e9ologie, tels que les Principes logiques (ouvrage \u00e9crit en 1805 mais publi\u00e9 en 1817) ou le m\u00e9moire Nosce te ipsum adress\u00e9 en 1806 \u00e0 l'Acad\u00e9mie de Berlin.\r\n- L'essai consacr\u00e9 au livre de Charles-Fran\u00e7ois Dupuis, L'Origine de tous les cultes. En proc\u00e9dant \u00e0 une analyse raisonn\u00e9e de cet ouvrage qui met en \u00e9vidence qu'un m\u00eame et antique culte de la nature, des astres et des saisons est \u00e0 la source de toutes les religions, Destutt de Tracy d\u00e9nonce en celles-ci un obstacle \u00e0 la bonne logique et \u00e0 la saine morale priv\u00e9e et publique.","authors":["Antoine-louis-claude Destutt de tracy"],"category_codes":["9000000","9080000","9080600"],"visuals":{"large":"https:\/\/images.epagine.fr\/347\/9782711621347_1_75.jpg","medium":"https:\/\/images.epagine.fr\/347\/9782711621347_1_m.jpg","thumbnail":"https:\/\/images.epagine.fr\/347\/9782711621347_1_v.jpg"},"orderable":true,"show_badge":true,"formatted_price":"39,00&nbsp;\u20ac","formatted_published_date":"18 mai 2017","publisher_availability_label":"Sur commande","short_details":"Antoine-louis-claude Destutt de tracy \u2014 Vrin","translator":null,"weight":560,"page_count":432,"readership":null,"editor":"Vrin","price":3900,"published_date":"2017-05-17T22:00:00.000000Z","support":"Grand format","publisher_availability":1,"stock":0,"editions":[],"url":"https:\/\/quaidesbrumes.com\/ouvrage\/9782711621347\/oeuvres-completes-tome-2-essais-philosophiques"},{"id":"9782711621354","title":"Oeuvres compl\u00e8tes Tome 3 ; \u00e9l\u00e9ments d'id\u00e9ologie ; id\u00e9ologie proprement dite","description":"Parce que nos id\u00e9es sont \u00ab tout pour nous \u00bb, la connaissance de nos facult\u00e9s intellectuelles constitue pour Destutt de Tracy la t\u00e2che prioritaire de la philosophie et le socle de toute v\u00e9rit\u00e9. C'est l\u00e0 l'objet du premier volume des \u00c9l\u00e9ments d'id\u00e9ologie, publi\u00e9 en 1801 sous le titre de Projet d'\u00e9l\u00e9ments d'id\u00e9ologie avant de prendre, dans les \u00e9ditions suivantes, celui d'Id\u00e9ologie proprement dite. Qualifi\u00e9e par son auteur de \u00ab th\u00e9orie des th\u00e9ories \u00bb, de \u00ab science des sciences \u00bb et de \u00ab m\u00e9thode des m\u00e9thodes \u00bb, l'Id\u00e9ologie proprement dite met au jour l'ensemble des processus qui concourent \u00e0 la formation des id\u00e9es, des plus simples d'entre elles aux plus complexes. Elle est ainsi la matrice de toutes les sciences id\u00e9ologiques qui seront d\u00e9clin\u00e9es dans les volumes suivants : la science des signes ou de l'expression des id\u00e9es (Grammaire), la science du raisonnement ou de la combinaison des id\u00e9es (Logique) ainsi que les sciences morales et politiques (Trait\u00e9 de la volont\u00e9 et de ses effets), l'ensemble des \u00c9l\u00e9ments d'id\u00e9ologie formant la somme philosophique la plus embl\u00e9matique et la plus aboutie d'un courant de pens\u00e9e qui a domin\u00e9 la vie intellectuelle en France \u00e0 la charni\u00e8re des XVIIIe et XIXe si\u00e8cles.","authors":["Destutt de tracy"],"category_codes":["9000000","9080000","9080200","9080204"],"visuals":{"large":"https:\/\/images.epagine.fr\/354\/9782711621354_1_75.jpg","medium":"https:\/\/images.epagine.fr\/354\/9782711621354_1_m.jpg","thumbnail":"https:\/\/images.epagine.fr\/354\/9782711621354_1_v.jpg"},"orderable":true,"show_badge":true,"formatted_price":"30,00&nbsp;\u20ac","formatted_published_date":"4 mai 2012","publisher_availability_label":"Sur commande","short_details":"Destutt de tracy \u2014 Vrin","translator":null,"weight":380,"page_count":308,"readership":null,"editor":"Vrin","price":3000,"published_date":"2012-05-03T22:00:00.000000Z","support":"Grand format","publisher_availability":1,"stock":0,"editions":[],"url":"https:\/\/quaidesbrumes.com\/ouvrage\/9782711621354\/oeuvres-completes-tome-3-elements-dideologie-ideologie-proprement-dite"},{"id":"9782711621361","title":"Oeuvres compl\u00e8tes Tome 4 ; \u00e9l\u00e9ments d'id\u00e9ologie Tome 2 ; grammaire","description":"\u00ab Toutes nos connaissances sont des id\u00e9es; ces id\u00e9es ne nous apparaissent jamais que rev\u00eatues de signes \u00bb. Quant aux r\u00e8gles qui r\u00e9gissent le langage, elles sont directement command\u00e9es par les op\u00e9rations de notre entendement. Destutt de Tracy est ainsi conduit \u00e0 faire de la Grammaire (1803) la suite imm\u00e9diate et le compl\u00e9ment n\u00e9cessaire de l'Id\u00e9ologie proprement dite (1801). Cette grammaire ne saurait consister dans la classification des diff\u00e9rents types de mots, ni dans les r\u00e8gles de leur agencement : elle doit au contraire s'enraciner dans la pens\u00e9e en acte, autrement dit dans l'exercice de la facult\u00e9 de juger et dans la proposition, qui n'est pas autre chose que \u00ab l'\u00e9nonc\u00e9 d'un jugement \u00bb. La d\u00e9composition\/recomposition des \u00e9l\u00e9ments de la proposition et l'analyse de leurs fonctions constituent alors la pierre angulaire de la science des signes et permet \u00e0 Destutt de Tracy de montrer \u00e0 quelles conditions le langage peut devenir l'instrument du progr\u00e8s des lumi\u00e8res et, pour finir, de l'\u00e9mancipation et du bonheur des peuples.","authors":["Destutt de tracy"],"category_codes":["9000000","9080000","9080200","9080204"],"visuals":{"large":"https:\/\/images.epagine.fr\/361\/9782711621361_1_75.jpg","medium":"https:\/\/images.epagine.fr\/361\/9782711621361_1_m.jpg","thumbnail":"https:\/\/images.epagine.fr\/361\/9782711621361_1_v.jpg"},"orderable":true,"show_badge":true,"formatted_price":"25,00&nbsp;\u20ac","formatted_published_date":"30 avril 2013","publisher_availability_label":"Sur commande","short_details":"Destutt de tracy \u2014 Vrin","translator":null,"weight":330,"page_count":248,"readership":null,"editor":"Vrin","price":2500,"published_date":"2013-04-29T22:00:00.000000Z","support":"Grand format","publisher_availability":1,"stock":0,"editions":[],"url":"https:\/\/quaidesbrumes.com\/ouvrage\/9782711621361\/oeuvres-completes-tome-4-elements-dideologie-tome-2-grammaire"},{"id":"9782711621385","title":"Oeuvres compl\u00e8tes Tome 6 ; \u00e9l\u00e9ments d'id\u00e9ologie 4-5 ; trait\u00e9 de la volont\u00e9 et de ses effets","description":"Dans les trois volumes formant la premi\u00e8re section de ses \u00c9l\u00e9ments d'id\u00e9ologie, Destutt de Tracy s'\u00e9tait pench\u00e9 sur l'homme \u00ab sentant et connaissant \u00bb et avait constitu\u00e9 un Trait\u00e9 de l'entendement. Avec le Trait\u00e9 de la volont\u00e9 et de ses effets, qui forme la deuxi\u00e8me section des \u00c9l\u00e9ments, il \u00e9largit son enqu\u00eate \u00e0 l'homme \u00ab voulant et agissant \u00bb. Comme le premier, ce second trait\u00e9 devait comprendre trois parties : un volume d'\u00c9conomie, traitant de nos actions, un volume de Morale, traitant de nos sentiments, et un volume de L\u00e9gislation, traitant de la fa\u00e7on de diriger les unes et les autres pour garantir \u00e0 l'homme la plus grande libert\u00e9 possible et lui permettre d'atteindre au bonheur le plus accompli. Si les circonstances de la vie n'ont pas permis \u00e0 son auteur d'aller jusqu'au bout de son projet, le Trait\u00e9 de la volont\u00e9 et de ses effets publi\u00e9 en 1815 contient n\u00e9anmoins, \u00e0 partir d'une analyse approfondie de la facult\u00e9 de vouloir, le volume d'\u00c9conomie en son entier (qui constitue avec l'oeuvre de Jean-Baptiste Say l'une des sources majeures de l'\u00e9conomie politique de la p\u00e9riode), ainsi que l'essentiel du volume de Morale avec un long chapitre introductif et le d\u00e9sormais c\u00e9l\u00e8bre chapitre De l'amour dont la version originale n'a \u00e9t\u00e9 retrouv\u00e9e que pr\u00e8s de deux si\u00e8cles apr\u00e8s sa r\u00e9daction. Le troisi\u00e8me volume relatif \u00e0 la L\u00e9gislation n'a en revanche jamais \u00e9t\u00e9 r\u00e9dig\u00e9 mais les id\u00e9es qu'il aurait pr\u00e9sent\u00e9es sous une forme raisonn\u00e9e et didactique sont d\u00e9velopp\u00e9es dans les Observations sur le syst\u00e8me actuel d'instruction publique (vol. I des Oeuvres compl\u00e8tes), l'Analyse raisonn\u00e9e de L'Origine de tous les cultes (vol. II) et le Commentaire sur l'Esprit des lois de Montesquieu (vol. VII).","authors":["Antoine-louis-claude Destutt de tracy"],"category_codes":["9000000","9080000","9080200","9080204"],"visuals":{"large":"https:\/\/images.epagine.fr\/385\/9782711621385_1_75.jpg","medium":"https:\/\/images.epagine.fr\/385\/9782711621385_1_m.jpg","thumbnail":"https:\/\/images.epagine.fr\/385\/9782711621385_1_v.jpg"},"orderable":true,"show_badge":true,"formatted_price":"32,00&nbsp;\u20ac","formatted_published_date":"28 avril 2015","publisher_availability_label":"Sur commande","short_details":"Antoine-louis-claude Destutt de tracy \u2014 Vrin","translator":null,"weight":422,"page_count":328,"readership":null,"editor":"Vrin","price":3200,"published_date":"2015-04-27T22:00:00.000000Z","support":"Grand format","publisher_availability":1,"stock":0,"editions":[],"url":"https:\/\/quaidesbrumes.com\/ouvrage\/9782711621385\/oeuvres-completes-tome-6-elements-dideologie-4-5-traite-de-la-volonte-et-de-ses-effets"},{"id":"9782711621392","title":"Oeuvres compl\u00e8tes Tome 7 ; commentaire sur \u00abl'esprit des lois\u00bb de Montesquieu","description":"Dans les premi\u00e8res ann\u00e9es du XIXe si\u00e8cle, la pens\u00e9e lib\u00e9rale est confront\u00e9e \u00e0 l'exigence d'une profonde reformulation. Il ne s'agit plus, comme au si\u00e8cle pr\u00e9c\u00e9dent, de s'\u00e9lever contre un \u00c9tat d'inspiration absolutiste; il s'agit d\u00e9sormais d'accomplir positivement les promesses de libert\u00e9 et d'\u00e9galit\u00e9 de la R\u00e9volution fran\u00e7aise. \u00c9crit en 1806 et 1807, le Commentaire sur l'Esprit des lois de Montesquieu participe de ce travail de refondation. Fort de l'exp\u00e9rience - r\u00e9cente et difficile - du gouvernement repr\u00e9sentatif et de la r\u00e9flexion th\u00e9orique qui l'a accompagn\u00e9e, Destutt de Tracy soumet le chef-d'oeuvre de Montesquieu \u00e0 l'\u00e9preuve des principes et de la m\u00e9thode de l'Id\u00e9ologie et dessine les contours d'un nouvel art social respectueux \u00e0 la fois des lois naturelles et de la volont\u00e9 g\u00e9n\u00e9rale exprim\u00e9e par le \u00ab corps entier de la nation \u00bb. Aussi, comme cela a \u00e9t\u00e9 souvent soulign\u00e9, l'ouvrage est-il moins un \u00ab commentaire \u00bb qu'une oeuvre originale renouvelant en profondeur la science politique, au m\u00eame titre que les Principes de politique r\u00e9dig\u00e9s au m\u00eame moment par Benjamin Constant. Dans la mesure o\u00f9 Destutt de Tracy, devenu aveugle, n'a pas \u00e9crit son volume de L\u00e9gislation (troisi\u00e8me partie du Trait\u00e9 de la volont\u00e9 et de ses effets), ce Commentaire en tient lieu et renferme toutes les id\u00e9es qui y auraient \u00e9t\u00e9 pr\u00e9sent\u00e9es dans un ordre sans doute plus syst\u00e9matique.","authors":["Destutt de tracy"],"category_codes":["9000000","9080000","9080600","9080603"],"visuals":{"large":"https:\/\/images.epagine.fr\/392\/9782711621392_1_75.jpg","medium":"https:\/\/images.epagine.fr\/392\/9782711621392_1_m.jpg","thumbnail":"https:\/\/images.epagine.fr\/392\/9782711621392_1_v.jpg"},"orderable":true,"show_badge":true,"formatted_price":"29,00&nbsp;\u20ac","formatted_published_date":"3 mai 2016","publisher_availability_label":"Sur commande","short_details":"Destutt de tracy \u2014 Vrin","translator":null,"weight":355,"page_count":292,"readership":null,"editor":"Vrin","price":2900,"published_date":"2016-05-02T22:00:00.000000Z","support":"Grand format","publisher_availability":1,"stock":0,"editions":[],"url":"https:\/\/quaidesbrumes.com\/ouvrage\/9782711621392\/oeuvres-completes-tome-7-commentaire-sur-lesprit-des-lois-de-montesquieu"},{"id":"9782711621453","title":"Des cas perplexes en droit","description":"R\u00e9dig\u00e9e en 1666 \u00e0 des fins universitaires (obtention d'un doctorat dans les deux Droits), la Disputatio De Casibus Perplexis in Jure de Leibniz aborde la question de l'ordonnancement juridique, \u00e0 l'occasion d'une \u00e9tude consacr\u00e9e aux \u00e9nonc\u00e9s circulaires apparaissant dans le cadre des affranchissements, des legs et des s\u00fbret\u00e9s. Elle montre que leur suppression consiste \u00e0 r\u00e9tablir un ordre de priorit\u00e9 chronologique ou normatif entre les termes en pr\u00e9sence, par la ma\u00eetrise des relations genre\/esp\u00e8ce et la formulation de r\u00e8gles justifiant les exceptions. La hi\u00e9rarchie des normes et l'insertion des dispositions d\u00e9rogatoires dans un v\u00e9ritable jus commune, deviennent alors les pierres de touche d'une analyse encore actuelle, dont l'originalit\u00e9 tient au fait qu'elle applique les techniques d'interpretatio legis des Commentateurs du mos italicus, et parvient \u00e0 les int\u00e9grer dans une v\u00e9ritable organisation classificatrice du Droit conduisant directement \u00e0 la codification. Le rationalisme juridique de cette Disputatio devient ainsi l'expression par excellence de trois si\u00e8cles de doctrine consacr\u00e9s \u00e0 l'argumentation topique et \u00e0 la suppression des cas perplexes par l'introduction des circonstances dans l'\u00e9valuation des rapports sujet\/pr\u00e9dicat.","authors":["Gottfried Wilhelm Leibniz"],"category_codes":["9000000","9080000","9080200","9080204"],"visuals":{"large":"https:\/\/images.epagine.fr\/453\/9782711621453_1_75.jpg","medium":"https:\/\/images.epagine.fr\/453\/9782711621453_1_m.jpg","thumbnail":"https:\/\/images.epagine.fr\/453\/9782711621453_1_v.jpg"},"orderable":true,"show_badge":true,"formatted_price":"36,00&nbsp;\u20ac","formatted_published_date":"9 f\u00e9vrier 2009","publisher_availability_label":"Sur commande","short_details":"Gottfried Wilhelm Leibniz \u2014 Vrin","translator":null,"weight":410,"page_count":352,"readership":null,"editor":"Vrin","price":3600,"published_date":"2009-02-08T23:00:00.000000Z","support":"Grand format","publisher_availability":1,"stock":0,"editions":[],"url":"https:\/\/quaidesbrumes.com\/ouvrage\/9782711621453\/des-cas-perplexes-en-droit"},{"id":"9788884835024","title":"CHIASMI INTERNATIONAL : Merleau-Ponty Science et philosophie","description":null,"authors":["Chiasmi International"],"category_codes":["9000000","9080000"],"visuals":{"large":"https:\/\/images.epagine.fr\/024\/9788884835024_1_75.jpg","medium":"https:\/\/images.epagine.fr\/024\/9788884835024_1_m.jpg","thumbnail":"https:\/\/images.epagine.fr\/024\/9788884835024_1_v.jpg"},"orderable":true,"show_badge":true,"formatted_price":"21,00&nbsp;\u20ac","formatted_published_date":"16 novembre 2007","publisher_availability_label":"Sur commande","short_details":"Chiasmi International \u2014 Vrin","translator":null,"weight":390,"page_count":368,"readership":null,"editor":"Vrin","price":2100,"published_date":"2007-11-15T23:00:00.000000Z","support":"Grand format","publisher_availability":1,"stock":0,"editions":[],"url":"https:\/\/quaidesbrumes.com\/ouvrage\/9788884835024\/chiasmi-international-merleau-ponty-science-et-philosophie"},{"id":"9788884837790","title":"CHIASMI INTERNATIONAL : Double anniversaire Le centenaire de Merleau-Ponty, les dix ans de Chiasmi","description":null,"authors":["Chiasmi International"],"category_codes":["9000000","9080000"],"visuals":{"large":"https:\/\/images.epagine.fr\/790\/9788884837790_1_75.jpg","medium":"https:\/\/images.epagine.fr\/790\/9788884837790_1_m.jpg","thumbnail":"https:\/\/images.epagine.fr\/790\/9788884837790_1_v.jpg"},"orderable":true,"show_badge":true,"formatted_price":"28,00&nbsp;\u20ac","formatted_published_date":"28 janvier 2009","publisher_availability_label":"Sur commande","short_details":"Chiasmi International \u2014 Vrin","translator":null,"weight":630,"page_count":352,"readership":null,"editor":"Vrin","price":2800,"published_date":"2009-01-27T23:00:00.000000Z","support":"Grand format","publisher_availability":1,"stock":0,"editions":[],"url":"https:\/\/quaidesbrumes.com\/ouvrage\/9788884837790\/chiasmi-international-double-anniversaire-le-centenaire-de-merleau-ponty-les-dix-ans-de-chiasmi"},{"id":"9782711621538","title":"Probl\u00e8mes aristot\u00e9liciens ; philosophie th\u00e9orique","description":"Les \u00e9tudes ici rassembl\u00e9es sont consacr\u00e9es pour l'essentiel \u00e0 l'aristot\u00e9lisme.L'aristot\u00e9lisme, c'est d'abord Aristote. Une bonne moiti\u00e9 de ces \u00e9tudes est consacr\u00e9e \u00e0 l'ex\u00e9g\u00e8se de textes d'Aristote souvent envisag\u00e9s dans leur litt\u00e9ralit\u00e9. On y trouve non un syst\u00e8me, mais un essai de totalisation in statu nascendi; non pas un essai de solution de probl\u00e8mes qui se poseraient dans on ne sait quel ciel intelligible, mais une recherche, une interrogation suscit\u00e9e par l'exp\u00e9rience d'un homme vivant parmi d'autres hommes au IVe si\u00e8cle av. J.-C. et qui avait assimil\u00e9 tout le savoir de son temps. La formulation de ces probl\u00e8mes est parfois historiquement dat\u00e9e, mais \u00e0 travers elle et ses particularit\u00e9s se dessine une argumentation sur le sens de l'\u00eatre et de la vie humaine, qui a une port\u00e9e universelle et demeure d\u00e8s lors toujours actuelle. L'image qui se dessine de cette lecture est celle d'un Aristote apor\u00e9tique, dialectique et ouvert, tr\u00e8s diff\u00e9rent du philosophe dogmatique que nous a l\u00e9gu\u00e9 sous son nom la tradition. Mais cette tradition existe. Elle est aussi \u00e0 sa fa\u00e7on l'aristot\u00e9lisme. C'est pourquoi une autre moiti\u00e9 de ces \u00e9tudes est consacr\u00e9e \u00e0 ce que la tradition a retenu de ses lectures et relectures successives et a codifi\u00e9 dans un corpus constitu\u00e9 pour l'essentiel \u00e0 la fin de l'Antiquit\u00e9 et au Moyen \u00c2ge.","authors":["Pierre Aubenque"],"category_codes":["9000000","9080000","9080200","9080204"],"visuals":{"large":"https:\/\/images.epagine.fr\/538\/9782711621538_1_75.jpg","medium":"https:\/\/images.epagine.fr\/538\/9782711621538_1_m.jpg","thumbnail":"https:\/\/images.epagine.fr\/538\/9782711621538_1_v.jpg"},"orderable":true,"show_badge":true,"formatted_price":"35,00&nbsp;\u20ac","formatted_published_date":"24 f\u00e9vrier 2009","publisher_availability_label":"Sur commande","short_details":"Pierre Aubenque \u2014 Vrin","translator":null,"weight":458,"page_count":416,"readership":null,"editor":"Vrin","price":3500,"published_date":"2009-02-23T23:00:00.000000Z","support":"Grand format","publisher_availability":1,"stock":0,"editions":[],"url":"https:\/\/quaidesbrumes.com\/ouvrage\/9782711621538\/problemes-aristoteliciens-philosophie-theorique"},{"id":"9782711621552","title":"Montesquieu","description":"Qui est Montesquieu? Un sociologue, un historien du droit? R\u00e9publicanisme et lib\u00e9ralisme se disputent son h\u00e9ritage. Francine Markovits interroge ces lectures et reconsid\u00e8re l'ensemble de l'oeuvre dans son contexte historique et \u00e9pist\u00e9mologique. Montesquieu, attentif aux m\u00e9tamorphoses des personnages de ses romans, aux effets de d\u00e9centrement dans l'observation des soci\u00e9t\u00e9s, tout autant qu'aux mutations des syst\u00e8mes de lois, ne propose ni relativisme ni mod\u00e8le politique exportable : d\u00e9crire le fonctionnement des normes, c'est interroger leur rationalit\u00e9, leur l\u00e9gitimit\u00e9 dans les situations singuli\u00e8res de l'histoire. Cette philosophie du droit est descriptive comme la philosophie exp\u00e9rimentale qui lui est contemporaine.","authors":["Francine Markovits"],"category_codes":["9000000","9080000","9080200","9080204"],"visuals":{"large":"https:\/\/images.epagine.fr\/552\/9782711621552_1_75.jpg","medium":"https:\/\/images.epagine.fr\/552\/9782711621552_1_m.jpg","thumbnail":"https:\/\/images.epagine.fr\/552\/9782711621552_1_v.jpg"},"orderable":true,"show_badge":true,"formatted_price":"25,00&nbsp;\u20ac","formatted_published_date":"23 novembre 2008","publisher_availability_label":"Sur commande","short_details":"Francine Markovits \u2014 Vrin","translator":null,"weight":296,"page_count":232,"readership":null,"editor":"Vrin","price":2500,"published_date":"2008-11-22T23:00:00.000000Z","support":"Grand format","publisher_availability":1,"stock":0,"editions":[],"url":"https:\/\/quaidesbrumes.com\/ouvrage\/9782711621552\/montesquieu"},{"id":"9782711621583","title":"Activit\u00e9s physiques et exercices spirituels ; essais de philosophie du sport","description":"Si la philosophie veut amener \u00e0 la clart\u00e9 du concept la complexit\u00e9 de l'exp\u00e9rience humaine, on peut s'\u00e9tonner qu'elle se soit si peu, en France au moins, int\u00e9ress\u00e9e au sport, alors que la sociologie a depuis longtemps reconnu l'activit\u00e9 sportive comme une \u00ab cl\u00e9 pour la connaissance de la soci\u00e9t\u00e9 \u00bb (Elias). Le philosophe succomberait-il au pr\u00e9jug\u00e9 qui lie de mani\u00e8re inversement proportionnelle les capacit\u00e9s ou l'activit\u00e9 physiques d'une part, et d'autre part la puissance intellectuelle ou l'exercice spirituel, au point de m\u00e9priser le stade ou de ne le fr\u00e9quenter que de mani\u00e8re honteuse, voire d\u00e9guis\u00e9 en supporter? Ecartons cette hypoth\u00e8se. Disons plut\u00f4t que le sport, dans les soci\u00e9t\u00e9s modernes, a pris une importance telle que son analyse semble vite canton\u00e9e aux voies toutes trac\u00e9es quoique assur\u00e9ment l\u00e9gitimes en leur ordre de la critique anticapitaliste du sport \u00ab business \u00bb, \u00ab spectacle \u00bb, \u00ab opium du peuple \u00bb, etc. Ces onze essais de \u00ab philosophie sportive \u00bb entendent quant \u00e0 eux penser le sport non comme l'effet ou le sympt\u00f4me d'une id\u00e9ologie et d'un syst\u00e8me, mais comme une pratique dont les retentissements proprement intellectuels sont loin d'\u00eatre n\u00e9gligeables. Une pratique d'abord exerc\u00e9e, et ici pens\u00e9e, par des auteurs \u00e0 la fois philosophes et sportifs.","authors":["Collectif"],"category_codes":["9000000","9080000","9080200","9080204"],"visuals":{"large":"https:\/\/images.epagine.fr\/583\/9782711621583_1_75.jpg","medium":"https:\/\/images.epagine.fr\/583\/9782711621583_1_m.jpg","thumbnail":"https:\/\/images.epagine.fr\/583\/9782711621583_1_v.jpg"},"orderable":true,"show_badge":true,"formatted_price":"22,00&nbsp;\u20ac","formatted_published_date":"5 janvier 2009","publisher_availability_label":"Sur commande","short_details":"Collectif \u2014 Vrin","translator":null,"weight":340,"page_count":246,"readership":null,"editor":"Vrin","price":2200,"published_date":"2009-01-04T23:00:00.000000Z","support":"Grand format","publisher_availability":1,"stock":0,"editions":[],"url":"https:\/\/quaidesbrumes.com\/ouvrage\/9782711621583\/activites-physiques-et-exercices-spirituels-essais-de-philosophie-du-sport"},{"id":"9782711621606","title":"Abolir le hasard? : Responsabilit\u00e9 individuelle et justice sociale","description":"La crise de l'Etat providence s'alimente aujourd'hui d'un soup\u00e7on : le transfert de ressources en direction des plus d\u00e9favoris\u00e9s n'encourage-t-il pas les comportements irresponsables? N'est-il pas, au fond, la cause des maux qu'il pr\u00e9tend gu\u00e9rir? Pour r\u00e9pondre \u00e0 cette accusation, certains \u00e9galitaristes ont tent\u00e9 d'infl\u00e9chir la th\u00e9orie de la justice gr\u00e2ce au principe de responsabilit\u00e9 : oui \u00e0 la compensation des in\u00e9galit\u00e9s dues au hasard, non \u00e0 celle des in\u00e9galit\u00e9s qui sont la cons\u00e9quence de choix diff\u00e9rents. La justice sociale r\u00e9siderait donc dans une neutralisation du hasard qui laisserait en revanche les individus assumer la responsabilit\u00e9 de leurs options personnelles. Les difficult\u00e9s insurmontables auxquelles se heurte cette suggestion indiquent cependant qu'il convient de l'abandonner et qu'une soci\u00e9t\u00e9 juste pr\u00e9tend, non pas traiter chacun en fonction de ses actes, mais garantir \u00e0 tous les bases d'un fonctionnement autonome.","authors":["Jean-Fabien Spitz"],"category_codes":["9000000","9080000","9080700"],"visuals":{"large":"https:\/\/images.epagine.fr\/606\/9782711621606_1_75.jpg","medium":"https:\/\/images.epagine.fr\/606\/9782711621606_1_m.jpg","thumbnail":"https:\/\/images.epagine.fr\/606\/9782711621606_1_v.jpg"},"orderable":true,"show_badge":true,"formatted_price":"28,00&nbsp;\u20ac","formatted_published_date":"12 novembre 2008","publisher_availability_label":"Sur commande","short_details":"Jean-Fabien Spitz \u2014 Vrin","translator":null,"weight":440,"page_count":384,"readership":null,"editor":"Vrin","price":2800,"published_date":"2008-11-11T23:00:00.000000Z","support":"Grand format","publisher_availability":1,"stock":0,"editions":[],"url":"https:\/\/quaidesbrumes.com\/ouvrage\/9782711621606\/abolir-le-hasard-responsabilite-individuelle-et-justice-sociale"},{"id":"9782711621651","title":"Th\u00e9ories p\u00e9dagogiques, recherches \u00e9pist\u00e9mologiques","description":"Expliquer en quoi consiste la p\u00e9dagogie, essayer de rendre compte de son mode d'existence et de ses m\u00e9canismes, examiner en quoi et \u00e0 quelles conditions elle peut se pr\u00e9senter sous la forme de textes th\u00e9oriques, tel serait le propos de cet ouvrage. Dans une premi\u00e8re partie, il resitue les questions que la p\u00e9dagogie soul\u00e8ve \u00e0 l'int\u00e9rieur de la philosophie de l'\u00e9ducation et rappelle les travaux men\u00e9s sur la question (O. Reboul, N. Charbonnel, D. Hameline) puis il d\u00e9finit les cadres conceptuel et m\u00e9thodologique \u00e0 partir desquels la question des th\u00e9ories p\u00e9dagogiques sera envisag\u00e9e.L'hypoth\u00e8se est d'aborder la p\u00e9dagogie dans l'immanence des \u00ab ensembles discursifs \u00bb auxquels elle n'a cess\u00e9 de donner lieu au cours de son histoire; c'est en effet dans la forme de ses discours (plus que dans ses actions) qu'elle laisse appara\u00eetre ses caract\u00e8res propres : statut et articulation entre ses \u00e9nonc\u00e9s; organisation et fonctionnalit\u00e9 de ses niveaux de rationalisation; sp\u00e9cificit\u00e9 de ses constructions th\u00e9oriques. Dans une seconde partie, proc\u00e9dant par \u00e9tude de cas, emprunt\u00e9s \u00e0 l'histoire de la p\u00e9dagogie entre le XVIIe et le XXe si\u00e8cle, l'auteur \u00e9tudie les modes de th\u00e9orisation rencontr\u00e9s chez Com\u00e9nius, Diderot, Compayr\u00e9, Durkheim, Dewey, Freinet.La conclusion propose un cadre th\u00e9orique susceptible de clarifier la question des th\u00e9orisations p\u00e9dagogiques.","authors":["Alain Vergnioux"],"category_codes":["9000000","9080000","9080200","9080204"],"visuals":{"large":"https:\/\/images.epagine.fr\/651\/9782711621651_1_75.jpg","medium":"https:\/\/images.epagine.fr\/651\/9782711621651_1_m.jpg","thumbnail":"https:\/\/images.epagine.fr\/651\/9782711621651_1_v.jpg"},"orderable":true,"show_badge":true,"formatted_price":"21,00&nbsp;\u20ac","formatted_published_date":"27 janvier 2009","publisher_availability_label":"Sur commande","short_details":"Alain Vergnioux \u2014 Vrin","translator":null,"weight":160,"page_count":160,"readership":null,"editor":"Vrin","price":2100,"published_date":"2009-01-26T23:00:00.000000Z","support":"Grand format","publisher_availability":1,"stock":0,"editions":[],"url":"https:\/\/quaidesbrumes.com\/ouvrage\/9782711621651\/theories-pedagogiques-recherches-epistemologiques"},{"id":"9782711621682","title":"Toland et Leibniz ; l'invention du n\u00e9o-spinozisme","description":"John Toland est connu pour ses Letters to Serena (1704) dans lesquelles il soutient que \u00ab la mati\u00e8re est aussi essentiellement active qu'elle est \u00e9tendue \u00bb, mais aussi pour son \u00ab syst\u00e8me panth\u00e9iste \u00bb dans laquelle on a pu voir l'effet d'un gauchissement mat\u00e9rialiste de la pens\u00e9e de Spinoza.\r\nCe travail prend pour point de d\u00e9part les pi\u00e8ces de l'\u00e9change entre Leibniz et Toland (1701-1702) sur la religion naturelle, la r\u00e9flexion, l'immortalit\u00e9 de l'\u00e2me, la nature de la substance et la question architectonique, qui constituent l'arri\u00e8re-plan des Lettres \u00e0 Serena publi\u00e9es ensuite et en \u00e9clairent largement les attendus. Il s'attache \u00e9galement \u00e0 l'arri\u00e8re-plan leibnizien du d\u00e9bat qui constitue un moment charni\u00e8re dans l'\u00e9laboration des Nouveaux essais. Contre l'id\u00e9e d'un simple gauchissement de la doctrine spinoziste, il a fallu prendre la mesure de la fameuse \u00ab R\u00e9futation de Spinoza \u00bb, en tentant de montrer cette critique de la doctrine de l'attribut et du mode est paradoxalement au fondement du \u00ab panth\u00e9isme \u00bb de Toland. Tirant la le\u00e7on des objections de Leibniz, mais aussi de controverses contemporaines autour du dynamisme newtonien et de la m\u00e9taphysique de la participation (Henry More, Anne Conway et Georg Wachter), Toland livre au si\u00e8cle des Lumi\u00e8res une s\u00e9rie d'arguments et de th\u00e8ses (un \"n\u00e9o-spinozisme\") qui n'a plus qu'un rapport assez lointain avec le syst\u00e8me de l'\u00c9thique.","authors":["Tristan Dagron"],"category_codes":["9000000","9080000","9080200","9080204"],"visuals":{"large":"https:\/\/images.epagine.fr\/682\/9782711621682_1_75.jpg","medium":"https:\/\/images.epagine.fr\/682\/9782711621682_1_m.jpg","thumbnail":"https:\/\/images.epagine.fr\/682\/9782711621682_1_v.jpg"},"orderable":true,"show_badge":true,"formatted_price":"34,00&nbsp;\u20ac","formatted_published_date":"28 mars 2009","publisher_availability_label":"Sur commande","short_details":"Tristan Dagron \u2014 Vrin","translator":null,"weight":325,"page_count":432,"readership":null,"editor":"Vrin","price":3400,"published_date":"2009-03-27T23:00:00.000000Z","support":"Grand format","publisher_availability":1,"stock":0,"editions":[],"url":"https:\/\/quaidesbrumes.com\/ouvrage\/9782711621682\/toland-et-leibniz-linvention-du-neo-spinozisme"},{"id":"9782711621835","title":"La nature de la logique","description":"Parmi tous les commentateurs padouans d'Aristote, Jacques Zabarella, le philosophe, brille d'un \u00e9clat singulier. Il ach\u00e8ve au XVIe si\u00e8cle un mouvement plusieurs fois s\u00e9culaire de red\u00e9couverte des textes p\u00e9ripat\u00e9ticiens, dans le domaine o\u00f9 il excelle, celui de la logique, apr\u00e8s Averro\u00e8s, les latins Thomas d'Aquin et Jean Duns Scot, les averro\u00efstes de Padoue, les humanistes qui reviennent \u00e0 la lettre d'Aristote lu en grec, et enfin les gal\u00e9nistes, ses coll\u00e8gues m\u00e9decins \u00e0 la facult\u00e9 des Arts de Padoue. Son enseignement prend le relais des questions d\u00e9battues, d'Averro\u00e8s \u00e0 J\u00e9r\u00f4me Balduino, dans le recueil des Opera logica publi\u00e9 une premi\u00e8re fois en 1578, et le conduit \u00e0 d\u00e9fendre une th\u00e8se sur la nature de la logique dans les deux livres dont nous pr\u00e9sentons ici une traduction. La logique est l'instrument de la philosophie contemplative, comme le disait Alexandre d'Aphrodise, elle n'est pas une science, comme l'a pens\u00e9 Jean Duns Sot. Le statut du trait\u00e9 des Cat\u00e9gories, la structure et la construction de l'Organon, ainsi que la place de la Rh\u00e9torique et de la Po\u00e9tique en logique et en philosophie, s'\u00e9clairent alors.","authors":["Jacques Zabarella"],"category_codes":["9000000","9080000","9080200","9080204"],"visuals":{"large":"https:\/\/images.epagine.fr\/835\/9782711621835_1_75.jpg","medium":"https:\/\/images.epagine.fr\/835\/9782711621835_1_m.jpg","thumbnail":"https:\/\/images.epagine.fr\/835\/9782711621835_1_v.jpg"},"orderable":true,"show_badge":true,"formatted_price":"49,00&nbsp;\u20ac","formatted_published_date":"3 novembre 2009","publisher_availability_label":"Sur commande","short_details":"Jacques Zabarella \u2014 Vrin","translator":null,"weight":334,"page_count":309,"readership":null,"editor":"Vrin","price":4900,"published_date":"2009-11-02T23:00:00.000000Z","support":"Grand format","publisher_availability":1,"stock":0,"editions":[],"url":"https:\/\/quaidesbrumes.com\/ouvrage\/9782711621835\/la-nature-de-la-logique"},{"id":"9782711621859","title":"L'\u00e9pist\u00e9mologie d'Emile Meyerson ; une anthropologie de la connaissance","description":"La philosophie des sciences d'\u00c9mile Meyerson (1859-1933) suscite aujourd'hui un regain d'int\u00e9r\u00eat. Proche de Bergson, de Brunschvicg et de De Broglie, Meyerson appara\u00eet comme un membre \u00e9minent, quoique n\u00e9glig\u00e9, de la tradition \u00e9pist\u00e9mologique fran\u00e7aise. Antipositiviste, fin connaisseur de la science classique et de la thermodynamique, il propose de p\u00e9n\u00e9trantes interpr\u00e9tations de la relativit\u00e9 et des quanta. Nourri de m\u00e9taphysique allemande, il est \u00e9galement curieux des avanc\u00e9es th\u00e9oriques de son temps, comme en t\u00e9moignent ses riches correspondances avec Einstein, Husserl, Cassirer, ou encore Dewey et MacTaggart. L'oeuvre foisonnante et complexe de Meyerson, critiqu\u00e9e par Bachelard, n'a cess\u00e9 d'\u00eatre lue et appr\u00e9ci\u00e9e de penseurs tels que Popper, Kuhn et Quine.\r\nCette \u00e9tude, s'appuyant sur les grands ouvrages publi\u00e9s du vivant de l'auteur, mais aussi sur des archives in\u00e9dites, montre que l'\u00e9pist\u00e9mologie meyersonienne repr\u00e9sente une tr\u00e8s originale et tr\u00e8s actuelle anthropologie de la connaissance.","authors":["Fr\u00e9d\u00e9ric Fruteau de Laclos"],"category_codes":["9000000","9080000","9080200","9080204"],"visuals":{"large":"https:\/\/images.epagine.fr\/859\/9782711621859_1_75.jpg","medium":"https:\/\/images.epagine.fr\/859\/9782711621859_1_m.jpg","thumbnail":"https:\/\/images.epagine.fr\/859\/9782711621859_1_v.jpg"},"orderable":true,"show_badge":true,"formatted_price":"31,00&nbsp;\u20ac","formatted_published_date":"10 mars 2009","publisher_availability_label":"Sur commande","short_details":"Fr\u00e9d\u00e9ric Fruteau de Laclos \u2014 Vrin","translator":null,"weight":340,"page_count":288,"readership":null,"editor":"Vrin","price":3100,"published_date":"2009-03-09T23:00:00.000000Z","support":"Grand format","publisher_availability":1,"stock":0,"editions":[],"url":"https:\/\/quaidesbrumes.com\/ouvrage\/9782711621859\/lepistemologie-demile-meyerson-une-anthropologie-de-la-connaissance"},{"id":"9782711621873","title":"Pour une philosophie du don d'organes","description":"La conviction qui anime cet ouvrage est que les pratiques m\u00e9dicales contemporaines - et en particulier les pratiques de transplantations d'organes - invitent \u00e0 une r\u00e9flexion philosophique sur des th\u00e8mes aussi vari\u00e9s et importants que la mort et sa d\u00e9finition, le sens du don et son symbolisme, mais aussi la d\u00e9finition de la libert\u00e9, du corps, ou encore le sens de la solidarit\u00e9 et de la justice. C'est \u00e0 cette r\u00e9flexion philosophique \u00ab en marche \u00bb, renouvel\u00e9e tant par les progr\u00e8s techniques que par l'accueil social qui leur est fait que se consacre cet ouvrage. Partant d'une des situations de transplantation telle qu'elle se pratique actuellement - la transplantation h\u00e9patique \u00e0 partir d'un donneur vivant - l'auteur met en perspective l'histoire de la greffe et les questions \u00e9thiques qu'elle a suscit\u00e9es au cours de son d\u00e9veloppement, avant de se consacrer \u00e0 l'examen des questions les plus cruciales \u00e0 l'heure actuelle : Qui peut donner un organe de son vivant? Quel est le risque acceptable pour le donneur? Qui doit en d\u00e9cider? Le donneur peut-il tirer une compensation de son geste?\r\nAu fil de cet examen, l'auteur met en lumi\u00e8re les dilemmes moraux et les diff\u00e9rentes positions des participants aux d\u00e9bats, avant d'argumenter en faveur d'une nouvelle forme de justice dans le recours au don entre vivants, laquelle autoriserait \u00e0 indemniser les personnes pr\u00e9lev\u00e9es d'un organe de leur vivant.","authors":["Gateau","Ogien"],"category_codes":["9000000","9080000","9080700"],"visuals":{"large":"https:\/\/images.epagine.fr\/873\/9782711621873_1_75.jpg","medium":"https:\/\/images.epagine.fr\/873\/9782711621873_1_m.jpg","thumbnail":"https:\/\/images.epagine.fr\/873\/9782711621873_1_v.jpg"},"orderable":true,"show_badge":true,"formatted_price":"29,00&nbsp;\u20ac","formatted_published_date":"7 juin 2009","publisher_availability_label":"Sur commande","short_details":"Gateau, Ogien \u2014 Vrin","translator":null,"weight":345,"page_count":260,"readership":null,"editor":"Vrin","price":2900,"published_date":"2009-06-06T22:00:00.000000Z","support":"Grand format","publisher_availability":1,"stock":0,"editions":[],"url":"https:\/\/quaidesbrumes.com\/ouvrage\/9782711621873\/pour-une-philosophie-du-don-dorganes"},{"id":"9782711621897","title":"Interpr\u00e9ter le de interpretatione","description":"Bien que la tradition, en en faisant le deuxi\u00e8me livre de l'Organon, ait compris et utilis\u00e9 le De interpretatione d'Aristote comme un manuel de logique \u00e9l\u00e9mentaire, l'histoire montre que cet ouvrage se situe au carrefour de multiples probl\u00e8mes philosophiques qu'il contribue toujours \u00e0 formuler et \u00e0 renouveler. Comment comprendre la signification? Quel statut accorder aux \u00e9l\u00e9ments du langage, et en particulier au verbe \u00eatre, dans le cadre de la pr\u00e9dication? Quelle valeur de v\u00e9rit\u00e9 accorder aux propositions portant sur les \u00e9v\u00e8nements futurs? Comment la rendre compatible avec la responsabilit\u00e9 humaine et \u00e9ventuellement la prescience divine ou la pr\u00e9diction astrologique? \r\nLes \u00e9tudes r\u00e9unies dans ce volume ont fait l'objet de communications et de discussions dans le cadre du s\u00e9minaire 2003-2005 (dir. Jonathan Barnes) du Centre de Recherches sur la Pens\u00e9e Antique (Centre \u00ab L\u00e9on Robin \u00bb). Elles abordent tout d'abord la question de la compr\u00e9hension de l'objectif du De interpretatione dans son ensemble, puis en s\u00e9lectionnent des passages d\u00e9cisifs qui ont donn\u00e9 lieu \u00e0 des d\u00e9bats interpr\u00e9tatifs qu'elles examinent et discutent, au sein d'une \u00e9cole ou d'une \u00e9poque. Ces aper\u00e7us sur les interpr\u00e9tations du De interpretatione dans l'Antiquit\u00e9, au Moyen \u00c2ge, ainsi qu'\u00e0 l'\u00e9poque moderne et contemporaine, montrent que cet ouvrage, qui fut l'une des oeuvres aristot\u00e9liciennes les plus comment\u00e9es, reste, aujourd'hui encore, l'une des plus sollicit\u00e9es par la recherche.","authors":["Collectif"],"category_codes":["9000000","9080000","9080200","9080204"],"visuals":{"large":"https:\/\/images.epagine.fr\/897\/9782711621897_1_75.jpg","medium":"https:\/\/images.epagine.fr\/897\/9782711621897_1_m.jpg","thumbnail":"https:\/\/images.epagine.fr\/897\/9782711621897_1_v.jpg"},"orderable":true,"show_badge":true,"formatted_price":"26,00&nbsp;\u20ac","formatted_published_date":"9 d\u00e9cembre 2009","publisher_availability_label":"Sur commande","short_details":"Collectif \u2014 Vrin","translator":null,"weight":250,"page_count":224,"readership":null,"editor":"Vrin","price":2600,"published_date":"2009-12-08T23:00:00.000000Z","support":"Grand format","publisher_availability":1,"stock":0,"editions":[],"url":"https:\/\/quaidesbrumes.com\/ouvrage\/9782711621897\/interpreter-le-de-interpretatione"},{"id":"9782711621996","title":"Enthousiasme, ivresse et m\u00e9lancolie","description":"Depuis l'Antiquit\u00e9 gr\u00e9co-latine, on s'interroge sur le lien qui unit le temp\u00e9rament m\u00e9lancolique et le g\u00e9nie, la pr\u00e9sence du dieu dans l'\u00e2me, l'enthousiasme. M\u00e9decins et philosophes essaient de saisir les liens qui unissent ces \u00e9tats de l'\u00e2me. L'ivresse appara\u00eet alors comme le signe de l'enthousiasme et un moyen de soulager la m\u00e9lancolie, si on la maintient dans certaines limites. Ce livre s'attache \u00e0 retracer les m\u00e9tamorphoses subies par ces concepts \u00e0 partir de la Rennaissance et essaie de comprendre comment leur richesse et leur ambigu\u00eft\u00e9 se sont perdues avec la naissance de la psychopathologie moderne au XIXe si\u00e8cle. L'enthousiasme devient l'hyst\u00e9rie, la m\u00e9lancolie, la d\u00e9pression et l'ivresse une conduite de d\u00e9pendance. La psychanalyse naissante a mieux compris la polys\u00e9mie de ces notions, et l'oeuvre de Jung tout particuli\u00e8rement peut nous aider \u00e0 penser autrement qu'en termes p\u00e9joratifs et r\u00e9ducteurs les fluctuations de l'\u00e2me humaine confront\u00e9e au tragique de la vie.","authors":["Ren\u00e9 Daval"],"category_codes":["9000000","9080000","9080200","9080204"],"visuals":{"large":"https:\/\/images.epagine.fr\/996\/9782711621996_1_75.jpg","medium":"https:\/\/images.epagine.fr\/996\/9782711621996_1_m.jpg","thumbnail":"https:\/\/images.epagine.fr\/996\/9782711621996_1_v.jpg"},"orderable":true,"show_badge":true,"formatted_price":"19,00&nbsp;\u20ac","formatted_published_date":"24 mai 2009","publisher_availability_label":"Sur commande","short_details":"Ren\u00e9 Daval \u2014 Vrin","translator":null,"weight":200,"page_count":128,"readership":null,"editor":"Vrin","price":1900,"published_date":"2009-05-23T22:00:00.000000Z","support":"Grand format","publisher_availability":1,"stock":0,"editions":[],"url":"https:\/\/quaidesbrumes.com\/ouvrage\/9782711621996\/enthousiasme-ivresse-et-melancolie"},{"id":"9782711622030","title":"Heidegger en dialogue, 1912-1930 ; rencontres, affinit\u00e9s et confrontations","description":"Ce recueil a pour but de montrer que Heidegger n'est pas seulement, et peut-\u00eatre pas d'abord, ce penseur solitaire de For\u00eat-Noire pr\u00eatant l'oreille \u00e0 la voix de l'\u00catre, comme on s'est souvent plu \u00e0 le pr\u00e9senter, et comme il a sans doute lui-m\u00eame contribu\u00e9 \u00e0 le faire accroire : c'est un penseur extraordinairement attentif aux d\u00e9veloppements philosophiques de son temps, dont la pens\u00e9e s'est \u00e9labor\u00e9e en grande partie en dialogue non seulement avec les Grecs, la pens\u00e9e chr\u00e9tienne, l'existentialisme de Kierkegaard ou encore la ph\u00e9nom\u00e9nologie husserlienne, mais \u00e9galement avec ses pr\u00e9d\u00e9cesseurs imm\u00e9diats (Dilthey, Brentano, Bergson, Braig, York von Wartenburg), les \u00e9coles n\u00e9okantiennes de Bade (Rickert, Lask) et de Marbourg (Cohen, Natorp, Cassirer), ainsi qu'avec certains contemporains, tels Jaspers ou Scheler. D\u00e8s ses d\u00e9buts, sa pens\u00e9e s'av\u00e8re ouverte aussi bien aux avanc\u00e9es de la logique math\u00e9matique (Frege et Russell) que, plus tard, aux d\u00e9veloppements de l'anthropologie et de la biologie de son \u00e9poque (von Uexk\u00fcll).Cette mise en perspective, qui nous para\u00eet plus que jamais n\u00e9cessaire, permet ainsi de mettre en lumi\u00e8re des aspects n\u00e9glig\u00e9s de l'oeuvre, de mieux comprendre les sources et, peut-\u00eatre, certaines limites de celui qui demeure, malgr\u00e9 l'ombre qui p\u00e8se sa pens\u00e9e, l'un des plus grands philosophes du XXe si\u00e8cle.","authors":["S. Jollivet","Cl. Romano"],"category_codes":["9000000","9080000","9080200","9080204"],"visuals":{"large":"https:\/\/images.epagine.fr\/030\/9782711622030_1_75.jpg","medium":"https:\/\/images.epagine.fr\/030\/9782711622030_1_m.jpg","thumbnail":"https:\/\/images.epagine.fr\/030\/9782711622030_1_v.jpg"},"orderable":true,"show_badge":true,"formatted_price":"29,00&nbsp;\u20ac","formatted_published_date":"17 novembre 2009","publisher_availability_label":"Sur commande","short_details":"S. Jollivet, Cl. Romano \u2014 Vrin","translator":null,"weight":378,"page_count":304,"readership":null,"editor":"Vrin","price":2900,"published_date":"2009-11-16T23:00:00.000000Z","support":"Grand format","publisher_availability":1,"stock":0,"editions":[],"url":"https:\/\/quaidesbrumes.com\/ouvrage\/9782711622030\/heidegger-en-dialogue-1912-1930-rencontres-affinites-et-confrontations"}]}