{"data":[{"id":"9782711619818","title":"Le souverain bien chez Kant","description":"Le souverain bien a chez Kant un r\u00f4le non limit\u00e9 \u00e0 celui, g\u00e9n\u00e9ralement reconnu et discut\u00e9, qu'il occupe dans la Dialectique de la deuxi\u00e8me Critique. Le parcours de l'oeuvre publi\u00e9e montre qu'il endosse et assume, d\u00e8s son \u00e9mergence dans la premi\u00e8re Critique, une fonction critique, op\u00e9ratoire dans tout le d\u00e9veloppement ult\u00e9rieur de la philosophie kantienne : elle en structure le programme m\u00eame. Plus pr\u00e9cis\u00e9ment, le souverain bien intervient \u00e0 chaque moment de ce programme, en particulier quand la raison traite de l'esp\u00e9rance de l'homme et de son am\u00e9lioration morale du point de vue du droit et de la vertu. Esp\u00e9rance et am\u00e9lioration morale de l'homme s'imposent, en effet pour Kant, comme t\u00e2ches historiques d'une raison qui, par l'union de ses usages sp\u00e9culatif et pratique, embrasse la totalit\u00e9 de la vie humaine et travaille \u00e0 imprimer la marque d'un sens dans le monde. Impliqu\u00e9 dans ces deux t\u00e2ches avec toute sa fonction critique, le souverain bien se comprend comme ce qu'il est permis \u00e0 l'homme d'esp\u00e9rer : la raison r\u00e9pondant, par l'histoire, \u00e0 l'esp\u00e9rance humaine; l'histoire prenant forme de r\u00e9cit o\u00f9 se (re)pr\u00e9sente la r\u00e9alisation effective du souverain bien, en un monde alors sens\u00e9.","authors":["Laurent Gallois"],"category_codes":["9000000","9080000","9080200","9080204"],"visuals":{"large":"https:\/\/images.epagine.fr\/818\/9782711619818_1_75.jpg","medium":"https:\/\/images.epagine.fr\/818\/9782711619818_1_m.jpg","thumbnail":"https:\/\/images.epagine.fr\/818\/9782711619818_1_v.jpg"},"orderable":true,"show_badge":true,"formatted_price":"29,00&nbsp;\u20ac","formatted_published_date":"25 octobre 2008","publisher_availability_label":"Sur commande","short_details":"Laurent Gallois \u2014 Vrin","translator":null,"weight":296,"page_count":271,"readership":null,"editor":"Vrin","price":2900,"published_date":"2008-10-24T22:00:00.000000Z","support":"Grand format","publisher_availability":1,"stock":0,"editions":[],"url":"https:\/\/quaidesbrumes.com\/ouvrage\/9782711619818\/le-souverain-bien-chez-kant"},{"id":"9782711619832","title":"Oeuvres choisies Tome 1 ; substances, quidit\u00e9s et accidents","description":"M\u00e9t\u00e9orite tomb\u00e9 de l'autre c\u00f4t\u00e9 du Rhin, rebelle \u00e0 tous les \u00ab ismes \u00bb, splendide, mais apparemment isol\u00e9, Theodoricus de Vribergh est pourtant un grand philosophe. Un grand philosophe allemand du Moyen \u00c2ge. Il appartient \u00e0 \u00ab l'\u00e9cole d'Albert le Grand \u00bb, il est un repr\u00e9sentant du \u00ab n\u00e9oplatonisme m\u00e9di\u00e9val \u00bb, il entend d\u00e9fendre l'authentique doctrine d'Aristote et il est un des fondateurs de la \u00ab m\u00e9taphysique de l'esprit \u00bb. La publication en fran\u00e7ais de ses principaux textes, sous la direction de Ruedi Imbach et Alain de Libera, devrait faire justice de ces raccourcis.\r\nCe premier volume, consacr\u00e9 \u00e0 l'ontologie, rassemble deux trait\u00e9s sur la substance, la quidit\u00e9 et l'accident : le De accidentibus et le De quiditatibus entium. Le premier contient une critique de la th\u00e9orie \u00ab commune \u00bb de l'accident, dont la fine pointe est tourn\u00e9e contre la doctrine thomasienne de l'eucharistie, le second, une r\u00e9interpr\u00e9tation d'ensemble des concepts fondamentaux de la th\u00e9orie de l'essence, de l'\u00eatre et de l'\u00e9tant.","authors":["Dietrich de Freiberg"],"category_codes":["9000000","9080000","9080200","9080204"],"visuals":{"large":"https:\/\/images.epagine.fr\/832\/9782711619832_1_75.jpg","medium":"https:\/\/images.epagine.fr\/832\/9782711619832_1_m.jpg","thumbnail":"https:\/\/images.epagine.fr\/832\/9782711619832_1_v.jpg"},"orderable":true,"show_badge":true,"formatted_price":"27,00&nbsp;\u20ac","formatted_published_date":"22 septembre 2008","publisher_availability_label":"Sur commande","short_details":"Dietrich de Freiberg \u2014 Vrin","translator":null,"weight":245,"page_count":222,"readership":null,"editor":"Vrin","price":2700,"published_date":"2008-09-21T22:00:00.000000Z","support":"Grand format","publisher_availability":1,"stock":0,"editions":[],"url":"https:\/\/quaidesbrumes.com\/ouvrage\/9782711619832\/oeuvres-choisies-tome-1-substances-quidites-et-accidents"},{"id":"9782711619849","title":"Banalit\u00e9s m\u00e9taphysiques","description":"Ancien \u00e9l\u00e8ve de Heidegger, Alexandru Dragomir (1916-2002) est une figure atypique de la philosophie. Abandonnant l'id\u00e9e d'une carri\u00e8re universitaire apr\u00e8s la Seconde guerre mondiale, il navigua d'un m\u00e9tier \u00e0 un autre, refusant cat\u00e9goriquement d'\u00eatre publi\u00e9 de son vivant. Il laisse aujourdh'ui \u00e0 nos curiosit\u00e9s ses Banalit\u00e9s m\u00e9taphysiques, extraits des cahiers dans lesquels il griffonait des notes \u00e0 sa propre intention. \r\nBanalit\u00e9s m\u00e9taphysiques est la premi\u00e8re publication de ce philosophe hors norme, tir\u00e9 malgr\u00e9 lui de son retrait volontaire.","authors":["Alexandru Dragomir"],"category_codes":["9000000","9080000","9080200","9080204"],"visuals":{"large":"https:\/\/images.epagine.fr\/849\/9782711619849_1_75.jpg","medium":"https:\/\/images.epagine.fr\/849\/9782711619849_1_m.jpg","thumbnail":"https:\/\/images.epagine.fr\/849\/9782711619849_1_v.jpg"},"orderable":true,"show_badge":true,"formatted_price":"16,00&nbsp;\u20ac","formatted_published_date":"7 septembre 2008","publisher_availability_label":"Sur commande","short_details":"Alexandru Dragomir \u2014 Vrin","translator":null,"weight":270,"page_count":240,"readership":null,"editor":"Vrin","price":1600,"published_date":"2008-09-06T22:00:00.000000Z","support":"Grand format","publisher_availability":1,"stock":0,"editions":[],"url":"https:\/\/quaidesbrumes.com\/ouvrage\/9782711619849\/banalites-metaphysiques"},{"id":"9782711619863","title":"Kant, l'ann\u00e9e 1790 : Critique de la facult\u00e9 de juger. Beaut\u00e9, vie, libert\u00e9","description":"La Critique de la facult\u00e9 de juger est l'une des oeuvres de Kant qui a \u00e9t\u00e9 la plus lue et discut\u00e9e, de sa parution en 1790 \u00e0 nos jours. Elle doit ce succ\u00e8s \u00e0 la nouveaut\u00e9 et \u00e0 la richesse de ses th\u00e9matiques, qui s'organisent autour de trois concepts fondamentaux : beaut\u00e9, vie, libert\u00e9. \r\nLes \u00e9tudes rassembl\u00e9es dans ce volume abordent la Critique de la facult\u00e9 de juger selon ses aspects esth\u00e9tiques (beau et sublime) et t\u00e9l\u00e9ologique (finalit\u00e9 des \u00eatres organis\u00e9s et finalit\u00e9 morale), tout en accordant une place importante \u00e0 la r\u00e9ception et \u00e0 l'interpr\u00e9tation de cette oeuvre dans divers courants philosophiques : l'id\u00e9alisme allemand (Fichte, Schelling, Hegel), l'herm\u00e9neutique (Gadamer), la tradition analytique (Wittgenstein, Cavell), la pens\u00e9e fran\u00e7aise contemporaine (Lyotard, Derrida, Deleuze, Bourdieu).","authors":["Bouton Christophe"],"category_codes":["9000000","9080000","9080600"],"visuals":{"large":"https:\/\/images.epagine.fr\/863\/9782711619863_1_75.jpg","medium":"https:\/\/images.epagine.fr\/863\/9782711619863_1_m.jpg","thumbnail":"https:\/\/images.epagine.fr\/863\/9782711619863_1_v.jpg"},"orderable":true,"show_badge":true,"formatted_price":"26,00&nbsp;\u20ac","formatted_published_date":"15 mai 2008","publisher_availability_label":"Sur commande","short_details":"Bouton Christophe \u2014 Vrin","translator":null,"weight":735,"page_count":352,"readership":null,"editor":"Vrin","price":2600,"published_date":"2008-05-14T22:00:00.000000Z","support":"Grand format","publisher_availability":1,"stock":0,"editions":[],"url":"https:\/\/quaidesbrumes.com\/ouvrage\/9782711619863\/kant-lannee-1790-critique-de-la-faculte-de-juger-beaute-vie-liberte"},{"id":"9782711619870","title":"X\u00e9nophon et Socrate","description":"Depuis une vingtaine d'ann\u00e9es, on assiste un peu partout \u00e0 un regain d'int\u00e9r\u00eat pour les \u00e9crits socratiques de X\u00e9nophon. Que X\u00e9nophon ne nous donne pas davantage que Platon un portrait historiquement fiable de Socrate peut \u00eatre consid\u00e9r\u00e9 comme un acquis de la critique du XXe si\u00e8cle. Laissant transpara\u00eetre dans son t\u00e9moignage des options profond\u00e9ment diff\u00e9rentes de celles de Platon, X\u00e9nophon t\u00e9moigne par l\u00e0 m\u00eame, cependant, des tensions, voire des oppositions qui traversaient le milieu socratique autour du souvenir et de la compr\u00e9hension de la personne de Socrate : cette seule consid\u00e9ration suffit \u00e0 faire de X\u00e9nophon une source essentielle pour notre connaissance de l'imm\u00e9diat \u00ab apr\u00e8s Socrate \u00bb et, par del\u00e0, pour notre intelligence de l'histoire de la r\u00e9ception de Socrate dans les si\u00e8cles ult\u00e9rieurs.Le colloque dont sont issues les \u00e9tudes rassembl\u00e9es dans ce volume, organis\u00e9 \u00e0 l'Universit\u00e9 de Provence (Aix-Marseille I) du 6 au 9 novembre 2003, s'inscrit dans cette perspective. Plus qu'un bilan de la nouvelle orientation des \u00e9tudes x\u00e9nophontiennes, qu'il est encore trop t\u00f4t pour \u00e9tablir, on y verra l'illustration de la diversit\u00e9 d'approches dont est susceptible le t\u00e9moignage de X\u00e9nophon sur Socrate. Due \u00e0 Louis-Andr\u00e9 Dorion, une bibliographie des \u00e9tudes sur les \u00e9crits socratiques de X\u00e9nophon publi\u00e9es dans le dernier quart de si\u00e8cle t\u00e9moigne de la vitalit\u00e9 retrouv\u00e9e de ce domaine de recherche.","authors":["Collectif"],"category_codes":["9000000","9080000","9080200","9080204"],"visuals":{"large":"https:\/\/images.epagine.fr\/870\/9782711619870_1_75.jpg","medium":"https:\/\/images.epagine.fr\/870\/9782711619870_1_m.jpg","thumbnail":"https:\/\/images.epagine.fr\/870\/9782711619870_1_v.jpg"},"orderable":true,"show_badge":true,"formatted_price":"33,00&nbsp;\u20ac","formatted_published_date":"15 septembre 2008","publisher_availability_label":"Sur commande","short_details":"Collectif \u2014 Vrin","translator":null,"weight":354,"page_count":322,"readership":null,"editor":"Vrin","price":3300,"published_date":"2008-09-14T22:00:00.000000Z","support":"Grand format","publisher_availability":1,"stock":0,"editions":[],"url":"https:\/\/quaidesbrumes.com\/ouvrage\/9782711619870\/xenophon-et-socrate"},{"id":"9782711619917","title":"Ut philosophia poesis ; questions philosophiques dans l'oeuvre de Dante, P\u00e9trarque et Boccace","description":"Dante, P\u00e9trarque et Boccace \u00e9crivent dans deux langues, le latin et le vernaculaire, et ils consacrent une partie de leur oeuvre \u00e0 la r\u00e9flexion philosophique. Il s'agit pour eux d'\u00e9laborer, \u00e0 cot\u00e9 d'un savoir en latin, une culture philosophique dans les deux langues, qui puisse r\u00e9pondre aux attentes du nouveau public la\u00efc cultiv\u00e9 des cours princi\u00e8res. C'est pourquoi Dante d\u00e9fend le vernaculaire comme une langue possible de culture, ou Boccace pr\u00e9sente une classification complexe de la fabula. Mais l'interrogation la plus significative concerne les crit\u00e8res de la \u00ab vie bonne \u00bb, \u00e0 la fois heureuse et vertueuse, qu'il s'agisse de penser l'universalit\u00e9 d'un mod\u00e8le politique et de se confronter aux id\u00e9aux universitaires, de prendre cong\u00e9 d'une morale universelle, ou de la difficult\u00e9 de se reconna\u00eetre soi-m\u00eame par l'imitation cr\u00e9atrice de mod\u00e8les anciens. La physique ou la cosmologie ne sont pas d\u00e9daign\u00e9es, mais restitu\u00e9es \u00e0 leurs dimensions \u00e0 la fois naturelles et symboliques.","authors":["Collectif"],"category_codes":["9000000","9080000","9080200","9080204"],"visuals":{"large":"https:\/\/images.epagine.fr\/917\/9782711619917_1_75.jpg","medium":"https:\/\/images.epagine.fr\/917\/9782711619917_1_m.jpg","thumbnail":"https:\/\/images.epagine.fr\/917\/9782711619917_1_v.jpg"},"orderable":true,"show_badge":true,"formatted_price":"31,00&nbsp;\u20ac","formatted_published_date":"15 septembre 2008","publisher_availability_label":"Sur commande","short_details":"Collectif \u2014 Vrin","translator":null,"weight":545,"page_count":288,"readership":null,"editor":"Vrin","price":3100,"published_date":"2008-09-14T22:00:00.000000Z","support":"Grand format","publisher_availability":1,"stock":0,"editions":[],"url":"https:\/\/quaidesbrumes.com\/ouvrage\/9782711619917\/ut-philosophia-poesis-questions-philosophiques-dans-loeuvre-de-dante-petrarque-et-boccace"},{"id":"9782711619931","title":"Compl\u00e9ments de substance ; \u00e9tudes sur les propri\u00e9t\u00e9s accidentelles offertes \u00e0 Alain de lib\u00e9ra","description":"\u00c0 l'occasion du soixanti\u00e8me anniversaire d'Alain de Libera, une trentaine de coll\u00e8gues de France et de l'\u00e9tranger ont souhait\u00e9, par une s\u00e9rie d'\u00e9tudes d'histoire de la philosophie et de m\u00e9taphysique, saluer son oeuvre scientifique et lui offrir un t\u00e9moignage d'amiti\u00e9. L'histoire de la m\u00e9taphysique \u00e9tant l'un des points cardinaux du travail philosophique d'Alain de Libera, \u00e0 qui l'on doit notamment de magistraux ouvrages sur les universaux, il a sembl\u00e9 judicieux d'\u00e9tudier ces entit\u00e9s mineures mais n\u00e9anmoins indispensables qui viennent compl\u00e9ter la substance pour constituer l'individu : les propri\u00e9t\u00e9s accidentelles. La question des accidents est ici \u00e9tudi\u00e9e sur la longue dur\u00e9e - d'Aristote \u00e0 la m\u00e9taphysique analytique contemporaine, avec une attention particuli\u00e8re port\u00e9e aux discussions m\u00e9di\u00e9vales - et sous ses diff\u00e9rents aspects : ontologique, s\u00e9mantique, \u00e9pist\u00e9mologique et psychologique. Sont ainsi abord\u00e9s des probl\u00e8mes philosophiques aussi fondamentaux que ceux induits par les cat\u00e9gories aristot\u00e9liciennes de qualit\u00e9 et de relation, les tropes, la causalit\u00e9, l'individuation.","authors":["Collectif"],"category_codes":["9000000","9080000","9080200","9080204"],"visuals":{"large":"https:\/\/images.epagine.fr\/931\/9782711619931_1_75.jpg","medium":"https:\/\/images.epagine.fr\/931\/9782711619931_1_m.jpg","thumbnail":"https:\/\/images.epagine.fr\/931\/9782711619931_1_v.jpg"},"orderable":true,"show_badge":true,"formatted_price":"39,00&nbsp;\u20ac","formatted_published_date":"4 octobre 2008","publisher_availability_label":"Sur commande","short_details":"Collectif \u2014 Vrin","translator":null,"weight":572,"page_count":430,"readership":null,"editor":"Vrin","price":3900,"published_date":"2008-10-03T22:00:00.000000Z","support":"Grand format","publisher_availability":1,"stock":0,"editions":[],"url":"https:\/\/quaidesbrumes.com\/ouvrage\/9782711619931\/complements-de-substance-etudes-sur-les-proprietes-accidentelles-offertes-a-alain-de-libera"},{"id":"9782711620012","title":"Oeuvres compl\u00e8tes, tome I: Exposition de la th\u00e9orie des chances et des probabilit\u00e9s","description":null,"authors":["Cournot A A."],"category_codes":["9000000","9080000","9080600"],"visuals":{"large":"https:\/\/quaidesbrumes.com\/img\/book-placeholder.png","medium":"https:\/\/quaidesbrumes.com\/img\/book-placeholder.png","thumbnail":"https:\/\/quaidesbrumes.com\/img\/book-placeholder.png"},"orderable":true,"show_badge":true,"formatted_price":"91,00&nbsp;\u20ac","formatted_published_date":"7 octobre 2002","publisher_availability_label":"Sur commande","short_details":"Cournot A A. \u2014 Vrin","translator":null,"weight":510,"page_count":386,"readership":null,"editor":"Vrin","price":9100,"published_date":"2002-10-06T22:00:00.000000Z","support":"Grand format","publisher_availability":1,"stock":0,"editions":[],"url":"https:\/\/quaidesbrumes.com\/ouvrage\/9782711620012\/oeuvres-completes-tome-i-exposition-de-la-theorie-des-chances-et-des-probabilites"},{"id":"9782711620036","title":"Oeuvres compl\u00e8tes, tome III: Trait\u00e9 de l'enchainement des id\u00e9es fondamentales","description":null,"authors":["Cournot A A."],"category_codes":["9000000","9080000","9080600"],"visuals":{"large":"https:\/\/quaidesbrumes.com\/img\/book-placeholder.png","medium":"https:\/\/quaidesbrumes.com\/img\/book-placeholder.png","thumbnail":"https:\/\/quaidesbrumes.com\/img\/book-placeholder.png"},"orderable":true,"show_badge":true,"formatted_price":"77,00&nbsp;\u20ac","formatted_published_date":"7 octobre 2002","publisher_availability_label":"Sur commande","short_details":"Cournot A A. \u2014 Vrin","translator":null,"weight":820,"page_count":648,"readership":null,"editor":"Vrin","price":7700,"published_date":"2002-10-06T22:00:00.000000Z","support":"Grand format","publisher_availability":1,"stock":0,"editions":[],"url":"https:\/\/quaidesbrumes.com\/ouvrage\/9782711620036\/oeuvres-completes-tome-iii-traite-de-lenchainement-des-idees-fondamentales"},{"id":"9782711620050","title":"Oeuvres compl\u00e8tes Tome 5 : mat\u00e9rialisme, vitalisme, rationalisme","description":null,"authors":["Antoine-augustin Cournot"],"category_codes":["9000000","9080000","9080300","9080306"],"visuals":{"large":"https:\/\/quaidesbrumes.com\/img\/book-placeholder.png","medium":"https:\/\/quaidesbrumes.com\/img\/book-placeholder.png","thumbnail":"https:\/\/quaidesbrumes.com\/img\/book-placeholder.png"},"orderable":true,"show_badge":true,"formatted_price":"46,00&nbsp;\u20ac","formatted_published_date":"7 octobre 2002","publisher_availability_label":"Sur commande","short_details":"Antoine-augustin Cournot \u2014 Vrin","translator":null,"weight":380,"page_count":278,"readership":null,"editor":"Vrin","price":4600,"published_date":"2002-10-06T22:00:00.000000Z","support":"Grand format","publisher_availability":1,"stock":0,"editions":[],"url":"https:\/\/quaidesbrumes.com\/ouvrage\/9782711620050\/oeuvres-completes-tome-5-materialisme-vitalisme-rationalisme"},{"id":"9782711620067","title":"Oeuvres compl\u00e8tes, tome VI-1: Trait\u00e9 \u00e9l\u00e9mentaire de la th\u00e9orie des fonctions et du calcul infinit\u00e9simal","description":null,"authors":["Cournot A A."],"category_codes":["9000000","9080000","9080600"],"visuals":{"large":"https:\/\/quaidesbrumes.com\/img\/book-placeholder.png","medium":"https:\/\/quaidesbrumes.com\/img\/book-placeholder.png","thumbnail":"https:\/\/quaidesbrumes.com\/img\/book-placeholder.png"},"orderable":true,"show_badge":true,"formatted_price":"77,00&nbsp;\u20ac","formatted_published_date":"7 octobre 2002","publisher_availability_label":"Sur commande","short_details":"Cournot A A. \u2014 Vrin","translator":null,"weight":720,"page_count":570,"readership":null,"editor":"Vrin","price":7700,"published_date":"2002-10-06T22:00:00.000000Z","support":"Grand format","publisher_availability":1,"stock":0,"editions":[],"url":"https:\/\/quaidesbrumes.com\/ouvrage\/9782711620067\/oeuvres-completes-tome-vi-1-traite-elementaire-de-la-theorie-des-fonctions-et-du-calcul-infinitesimal"},{"id":"9782711620074","title":"Oeuvres compl\u00e8tes, tome VII: Des institutions d'instruction publique en France","description":null,"authors":["Cournot A A."],"category_codes":["9000000","9080000","9080600"],"visuals":{"large":"https:\/\/quaidesbrumes.com\/img\/book-placeholder.png","medium":"https:\/\/quaidesbrumes.com\/img\/book-placeholder.png","thumbnail":"https:\/\/quaidesbrumes.com\/img\/book-placeholder.png"},"orderable":true,"show_badge":true,"formatted_price":"41,00&nbsp;\u20ac","formatted_published_date":"7 octobre 2002","publisher_availability_label":"Sur commande","short_details":"Cournot A A. \u2014 Vrin","translator":null,"weight":550,"page_count":406,"readership":null,"editor":"Vrin","price":4100,"published_date":"2002-10-06T22:00:00.000000Z","support":"Grand format","publisher_availability":1,"stock":0,"editions":[],"url":"https:\/\/quaidesbrumes.com\/ouvrage\/9782711620074\/oeuvres-completes-tome-vii-des-institutions-dinstruction-publique-en-france"},{"id":"9782711620098","title":"Oeuvres compl\u00e8tes, tome IX: Principes de la th\u00e9orie des richesses","description":null,"authors":["Cournot A A."],"category_codes":["9000000","9080000","9080600"],"visuals":{"large":"https:\/\/quaidesbrumes.com\/img\/book-placeholder.png","medium":"https:\/\/quaidesbrumes.com\/img\/book-placeholder.png","thumbnail":"https:\/\/quaidesbrumes.com\/img\/book-placeholder.png"},"orderable":true,"show_badge":true,"formatted_price":"58,00&nbsp;\u20ac","formatted_published_date":"7 octobre 2002","publisher_availability_label":"Sur commande","short_details":"Cournot A A. \u2014 Vrin","translator":null,"weight":550,"page_count":410,"readership":null,"editor":"Vrin","price":5800,"published_date":"2002-10-06T22:00:00.000000Z","support":"Grand format","publisher_availability":1,"stock":0,"editions":[],"url":"https:\/\/quaidesbrumes.com\/ouvrage\/9782711620098\/oeuvres-completes-tome-ix-principes-de-la-theorie-des-richesses"},{"id":"9782711620104","title":"Oeuvres compl\u00e8tes, tome X: Revue sommaire des doctrines \u00e9conomiques","description":null,"authors":["Cournot A A."],"category_codes":["9000000","9080000","9080600"],"visuals":{"large":"https:\/\/quaidesbrumes.com\/img\/book-placeholder.png","medium":"https:\/\/quaidesbrumes.com\/img\/book-placeholder.png","thumbnail":"https:\/\/quaidesbrumes.com\/img\/book-placeholder.png"},"orderable":true,"show_badge":true,"formatted_price":"50,00&nbsp;\u20ac","formatted_published_date":"7 octobre 2002","publisher_availability_label":"Sur commande","short_details":"Cournot A A. \u2014 Vrin","translator":null,"weight":450,"page_count":320,"readership":null,"editor":"Vrin","price":5000,"published_date":"2002-10-06T22:00:00.000000Z","support":"Grand format","publisher_availability":1,"stock":0,"editions":[],"url":"https:\/\/quaidesbrumes.com\/ouvrage\/9782711620104\/oeuvres-completes-tome-x-revue-sommaire-des-doctrines-economiques"},{"id":"9782711620111","title":"Oeuvres compl\u00e8tes Tome 11","description":"Cet ouvrage, qui vient clore l'\u00e9dition des Oeuvres compl\u00e8tes de Cournot, rassemble la totalit\u00e9 des m\u00e9moires, articles et comptes rendus scientifiques et philosophiques publi\u00e9s par Cournot, ainsi que ses Souvenirs, sa correspondance officielle et priv\u00e9e et un ensemble de documents relatifs \u00e0 sa carri\u00e8re universitaire.Ces textes, abondamment annot\u00e9s, restituent le parcours scientifique et philosophique de Cournot, \u00e9clairant la gen\u00e8se de sa pens\u00e9e. Ils dressent aussi le tableau de la vie politique, savante et universitaire du XIXe si\u00e8cle, telle que nous la livre ce t\u00e9moin privil\u00e9gi\u00e9 que fut le professeur, inspecteur et recteur Cournot, constituant ainsi une source particuli\u00e8rement riche d'informations et de r\u00e9flexions sur le d\u00e9veloppement de la connaissance scientifique et de la r\u00e9flexion philosophique au XIXe si\u00e8cle.","authors":["A.A. Cournot"],"category_codes":["9000000","9080000","9080200","9080204"],"visuals":{"large":"https:\/\/images.epagine.fr\/111\/9782711620111_1_75.jpg","medium":"https:\/\/images.epagine.fr\/111\/9782711620111_1_m.jpg","thumbnail":"https:\/\/images.epagine.fr\/111\/9782711620111_1_v.jpg"},"orderable":true,"show_badge":true,"formatted_price":"61,00&nbsp;\u20ac","formatted_published_date":"11 octobre 2010","publisher_availability_label":"Sur commande","short_details":"A.A. Cournot \u2014 Vrin","translator":null,"weight":1900,"page_count":1312,"readership":null,"editor":"Vrin","price":6100,"published_date":"2010-10-10T22:00:00.000000Z","support":"Grand format","publisher_availability":1,"stock":0,"editions":[],"url":"https:\/\/quaidesbrumes.com\/ouvrage\/9782711620111\/oeuvres-completes-tome-11"},{"id":"9782711620135","title":"Oeuvres compl\u00e8tes, tome VI-2: De l'origine et des limites de la correspondance entre l'alg\u00e8bre et la g\u00e9ometrie","description":null,"authors":["Cournot A A."],"category_codes":["9000000","9080000","9080600"],"visuals":{"large":"https:\/\/quaidesbrumes.com\/img\/book-placeholder.png","medium":"https:\/\/quaidesbrumes.com\/img\/book-placeholder.png","thumbnail":"https:\/\/quaidesbrumes.com\/img\/book-placeholder.png"},"orderable":true,"show_badge":true,"formatted_price":"43,00&nbsp;\u20ac","formatted_published_date":"7 octobre 2002","publisher_availability_label":"Sur commande","short_details":"Cournot A A. \u2014 Vrin","translator":null,"weight":660,"page_count":420,"readership":null,"editor":"Vrin","price":4300,"published_date":"2002-10-06T22:00:00.000000Z","support":"Grand format","publisher_availability":1,"stock":0,"editions":[],"url":"https:\/\/quaidesbrumes.com\/ouvrage\/9782711620135\/oeuvres-completes-tome-vi-2-de-lorigine-et-des-limites-de-la-correspondance-entre-lalgebre-et-la-geometrie"},{"id":"9782711620180","title":"Huyghens et la France","description":null,"authors":["P Acloque"],"category_codes":["9000000","9080000","9080600"],"visuals":{"large":"https:\/\/quaidesbrumes.com\/img\/book-placeholder.png","medium":"https:\/\/quaidesbrumes.com\/img\/book-placeholder.png","thumbnail":"https:\/\/quaidesbrumes.com\/img\/book-placeholder.png"},"orderable":true,"show_badge":true,"formatted_price":"41,00&nbsp;\u20ac","formatted_published_date":"3 mai 2000","publisher_availability_label":"Sur commande","short_details":"P Acloque \u2014 Vrin","translator":null,"weight":460,"page_count":280,"readership":null,"editor":"Vrin","price":4100,"published_date":"2000-05-02T22:00:00.000000Z","support":"Grand format","publisher_availability":1,"stock":0,"editions":[],"url":"https:\/\/quaidesbrumes.com\/ouvrage\/9782711620180\/huyghens-et-la-france"},{"id":"9782711620197","title":"Archives d'Histoire litteraire et doctrinale du Moyen-Age XLVIII - 1981","description":null,"authors":["Vrin"],"category_codes":["9000000","9080000","9080500"],"visuals":{"large":"https:\/\/quaidesbrumes.com\/img\/book-placeholder.png","medium":"https:\/\/quaidesbrumes.com\/img\/book-placeholder.png","thumbnail":"https:\/\/quaidesbrumes.com\/img\/book-placeholder.png"},"orderable":true,"show_badge":true,"formatted_price":"56,00&nbsp;\u20ac","formatted_published_date":"29 juin 1999","publisher_availability_label":"Sur commande","short_details":"Vrin \u2014 Vrin","translator":null,"weight":530,"page_count":336,"readership":null,"editor":"Vrin","price":5600,"published_date":"1999-06-28T22:00:00.000000Z","support":"Grand format","publisher_availability":1,"stock":0,"editions":[],"url":"https:\/\/quaidesbrumes.com\/ouvrage\/9782711620197\/archives-dhistoire-litteraire-et-doctrinale-du-moyen-age-xlviii-1981"},{"id":"9782711620203","title":"Thomas d'Aquin f\u00e9ministe ?","description":null,"authors":["Catherine Capelle"],"category_codes":["9000000","9080000","9080500"],"visuals":{"large":"https:\/\/quaidesbrumes.com\/img\/book-placeholder.png","medium":"https:\/\/quaidesbrumes.com\/img\/book-placeholder.png","thumbnail":"https:\/\/quaidesbrumes.com\/img\/book-placeholder.png"},"orderable":true,"show_badge":true,"formatted_price":"26,00&nbsp;\u20ac","formatted_published_date":"3 mai 2000","publisher_availability_label":"Sur commande","short_details":"Catherine Capelle \u2014 Vrin","translator":null,"weight":310,"page_count":184,"readership":null,"editor":"Vrin","price":2600,"published_date":"2000-05-02T22:00:00.000000Z","support":"Grand format","publisher_availability":1,"stock":0,"editions":[],"url":"https:\/\/quaidesbrumes.com\/ouvrage\/9782711620203\/thomas-daquin-feministe"},{"id":"9782711620289","title":"Ressemblance et effort","description":null,"authors":["Pagniez"],"category_codes":["9000000","9080000"],"visuals":{"large":"https:\/\/quaidesbrumes.com\/img\/book-placeholder.png","medium":"https:\/\/quaidesbrumes.com\/img\/book-placeholder.png","thumbnail":"https:\/\/quaidesbrumes.com\/img\/book-placeholder.png"},"orderable":true,"show_badge":true,"formatted_price":"25,00&nbsp;\u20ac","formatted_published_date":"1er janvier 1982","publisher_availability_label":"Sur commande","short_details":"Pagniez \u2014 Vrin","translator":null,"weight":450,"page_count":null,"readership":null,"editor":"Vrin","price":2500,"published_date":"1981-12-31T23:00:00.000000Z","support":"Grand format","publisher_availability":1,"stock":0,"editions":[],"url":"https:\/\/quaidesbrumes.com\/ouvrage\/9782711620289\/ressemblance-et-effort"},{"id":"9782711620340","title":"Aspects du monachisme en Normandie","description":null,"authors":["Musset Lucien"],"category_codes":["9000000","9080000","9080500"],"visuals":{"large":"https:\/\/quaidesbrumes.com\/img\/book-placeholder.png","medium":"https:\/\/quaidesbrumes.com\/img\/book-placeholder.png","thumbnail":"https:\/\/quaidesbrumes.com\/img\/book-placeholder.png"},"orderable":true,"show_badge":true,"formatted_price":"31,00&nbsp;\u20ac","formatted_published_date":"3 mai 2000","publisher_availability_label":"Sur commande","short_details":"Musset Lucien \u2014 Vrin","translator":null,"weight":385,"page_count":188,"readership":null,"editor":"Vrin","price":3100,"published_date":"2000-05-02T22:00:00.000000Z","support":"Grand format","publisher_availability":1,"stock":0,"editions":[],"url":"https:\/\/quaidesbrumes.com\/ouvrage\/9782711620340\/aspects-du-monachisme-en-normandie"},{"id":"9782711620357","title":"La vie de Plotin I","description":"Il est apparu que le dernier mot n'avait pas \u00e9t\u00e9 dit sur ce texte de Porphyre, capital pour notre connaissance de la personne et de l'\u00e9cole de Plotin, et plus largement de la vie philosophique au IIIe si\u00e8cle de notre \u00e8re. Car on est en pr\u00e9sence d'un document dont la simplicit\u00e9 est illusoire : la traduction m\u00eame en est h\u00e9riss\u00e9e de difficult\u00e9s, qui, dans nombre de cas, semblent avoir jusqu'ici \u00e9chapp\u00e9 \u00e0 l'attention; d'autre part, la valeur historique de cette biographie, indubitable en apparence, ne cesse en v\u00e9rit\u00e9 de faire probl\u00e8me par suite de l'application de Porphyre \u00e0 se donner en toute circonstance le beau r\u00f4le. De telles consid\u00e9rations, et d'autres encore, ont donn\u00e9 \u00e0 penser que l'on ne perdrait pas son temps en reprenant l'\u00e9tude de ce vieux texte sur des bases enti\u00e8rement nouvelles.","authors":["Porphyre"],"category_codes":["9000000","9080000","9080400"],"visuals":{"large":"https:\/\/quaidesbrumes.com\/img\/book-placeholder.png","medium":"https:\/\/quaidesbrumes.com\/img\/book-placeholder.png","thumbnail":"https:\/\/quaidesbrumes.com\/img\/book-placeholder.png"},"orderable":true,"show_badge":true,"formatted_price":"64,00&nbsp;\u20ac","formatted_published_date":"7 octobre 2002","publisher_availability_label":"Sur commande","short_details":"Porphyre \u2014 Vrin","translator":null,"weight":800,"page_count":436,"readership":null,"editor":"Vrin","price":6400,"published_date":"2002-10-06T22:00:00.000000Z","support":"Grand format","publisher_availability":1,"stock":0,"editions":[],"url":"https:\/\/quaidesbrumes.com\/ouvrage\/9782711620357\/la-vie-de-plotin-i"},{"id":"9782711620364","title":"Introduction \u00e0 la philosophie de la civilisation : Structures mat\u00e9rielles","description":null,"authors":["Walch Jean"],"category_codes":["9000000","9080000","9080700"],"visuals":{"large":"https:\/\/quaidesbrumes.com\/img\/book-placeholder.png","medium":"https:\/\/quaidesbrumes.com\/img\/book-placeholder.png","thumbnail":"https:\/\/quaidesbrumes.com\/img\/book-placeholder.png"},"orderable":true,"show_badge":true,"formatted_price":"21,00&nbsp;\u20ac","formatted_published_date":"7 octobre 2002","publisher_availability_label":"Sur commande","short_details":"Walch Jean \u2014 Vrin","translator":null,"weight":300,"page_count":130,"readership":null,"editor":"Vrin","price":2100,"published_date":"2002-10-06T22:00:00.000000Z","support":"Grand format","publisher_availability":1,"stock":0,"editions":[],"url":"https:\/\/quaidesbrumes.com\/ouvrage\/9782711620364\/introduction-a-la-philosophie-de-la-civilisation-structures-materielles"},{"id":"9782711620395","title":"La philosophie \u00e9gar\u00e9e","description":null,"authors":["Levi","Levinas"],"category_codes":["9000000","9080000","9080700"],"visuals":{"large":"https:\/\/quaidesbrumes.com\/img\/book-placeholder.png","medium":"https:\/\/quaidesbrumes.com\/img\/book-placeholder.png","thumbnail":"https:\/\/quaidesbrumes.com\/img\/book-placeholder.png"},"orderable":true,"show_badge":true,"formatted_price":"11,00&nbsp;\u20ac","formatted_published_date":"7 octobre 2002","publisher_availability_label":"Sur commande","short_details":"Levi, Levinas \u2014 Vrin","translator":null,"weight":180,"page_count":78,"readership":null,"editor":"Vrin","price":1100,"published_date":"2002-10-06T22:00:00.000000Z","support":"Grand format","publisher_availability":1,"stock":0,"editions":[],"url":"https:\/\/quaidesbrumes.com\/ouvrage\/9782711620395\/la-philosophie-egaree"}]}