{"data":[{"id":"9782711619016","title":"G\u00e9n\u00e9alogie de la doclilit\u00e9","description":"Au sens \u00e9tymologique, la docilit\u00e9 signifie l'aptitude \u00e0 apprendre et fait signe vers la n\u00e9cessit\u00e9 d'ob\u00e9ir pour progresser. Cette g\u00e9n\u00e9alogie de la docilit\u00e9 interroge la nature, les limites et les objectifs de cette ob\u00e9issance requise de l'\u00e9l\u00e8ve dans le processus d'apprentissage. L'examen des r\u00e8gles monastiques permet de mettre en lumi\u00e8re des techniques de pouvoir discr\u00e8tes reposant sur les d\u00e9tails du quotidien : la signification morale d'un regard, la l\u00e9gislation de la parole, la redistribution de l'espace et du temps dans l'imposition des rythmes collectifs. D\u00e9couvrir les justifications affich\u00e9es et les objectifs vis\u00e9s de ces pratiques, c'est ouvrir la possibilit\u00e9 d'envisager des institutions p\u00e9dagogiques organis\u00e9es diff\u00e9remment. \u00c0 c\u00f4t\u00e9 de cette g\u00e9n\u00e9alogie de l'\u00e9cole comme institution, le d\u00e9tour par Platon et Aristote donne un point d'appui philosophique \u00e0 la r\u00e9flexion contemporaine sur le r\u00f4le de l'ob\u00e9issance dans l'\u00e9ducation. Plut\u00f4t que de justifier ou de contester le pouvoir exerc\u00e9 sur l'\u00e9l\u00e8ve, la r\u00e9flexion philosophique doit, comme \u00e0 son origine, poser la question des risques et des conditions du pouvoir exerc\u00e9 sur autrui et savoir y r\u00e9pondre.","authors":["Ga\u00eblle Jeanmart"],"category_codes":["9000000","9080000","9080200","9080204"],"visuals":{"large":"https:\/\/images.epagine.fr\/016\/9782711619016_1_75.jpg","medium":"https:\/\/images.epagine.fr\/016\/9782711619016_1_m.jpg","thumbnail":"https:\/\/images.epagine.fr\/016\/9782711619016_1_v.jpg"},"orderable":true,"show_badge":true,"formatted_price":"31,00&nbsp;\u20ac","formatted_published_date":"26 mars 2007","publisher_availability_label":"Sur commande","short_details":"Ga\u00eblle Jeanmart \u2014 Vrin","translator":null,"weight":340,"page_count":271,"readership":null,"editor":"Vrin","price":3100,"published_date":"2007-03-25T22:00:00.000000Z","support":"Grand format","publisher_availability":1,"stock":0,"editions":[],"url":"https:\/\/quaidesbrumes.com\/ouvrage\/9782711619016\/genealogie-de-la-doclilite"},{"id":"9782711619023","title":"\u00c9n\u00e9sid\u00e8me ou sur les fondements de la philosophie \u00e9l\u00e9mentaire expos\u00e9e \u00e0 I\u00e9na par Reinhold","description":"L'ouvrage de Gottlob Ernst Schulze, qui para\u00eet anonymement en 1792, aura fait, comme l'indique Hegel, \u00ab une entr\u00e9e fracassante contre la philosophie kantienne \u00bb. Fichte, qui en publiera peu apr\u00e8s une c\u00e9l\u00e8bre recension, r\u00e9agit imm\u00e9diatement : \u00ab Avez-vous lu \u00c9n\u00e9sid\u00e8me? Il m'a boulevers\u00e9 un certain temps, a d\u00e9moli en moi Reinhold, m'a rendu Kant suspect et a renvers\u00e9 tout mon syst\u00e8me de fond en comble \u00bb.\r\nS'interrogeant en effet sur les conditions de possibilit\u00e9 de la philosophie en g\u00e9n\u00e9ral, et de la d\u00e9marche critique en particulier, incapable de rendre compte d'elle-m\u00eame (d'o\u00f9 parle-t-elle?), l'\u00c9n\u00e9sid\u00e8me t\u00e9moigne avec \u00e9clat de ce que l'arsenal sceptique, apr\u00e8s Kant, a rapidement retrouv\u00e9 son actualit\u00e9 et sa pr\u00e9sence au coeur m\u00eame du dispositif philosophique.\r\nComme les contemporains l'auront bien vu (Fichte, Jacobi, Ma\u00efmon, Hegel), r\u00e9pondre aux objections d'\u00c9n\u00e9sid\u00e8me, ce sera du m\u00eame coup fonder la possibilit\u00e9 de la philosophie elle-m\u00eame et redonner \u00e0 la philosophie de Kant l'unit\u00e9 et la syst\u00e9maticit\u00e9 qui lui faisait d\u00e9faut et l'avaient donc rendue vuln\u00e9rable aux attaques du sceptique. Une nouvelle t\u00e2che se dessine : \u00ab achever \u00bb la Critique, en consolider les fondements et l'immuniser contre le scepticisme.","authors":["Schulze G E."],"category_codes":["9000000","9080000","9080600"],"visuals":{"large":"https:\/\/images.epagine.fr\/023\/9782711619023_1_75.jpg","medium":"https:\/\/images.epagine.fr\/023\/9782711619023_1_m.jpg","thumbnail":"https:\/\/images.epagine.fr\/023\/9782711619023_1_v.jpg"},"orderable":true,"show_badge":true,"formatted_price":"33,00&nbsp;\u20ac","formatted_published_date":"16 janvier 2007","publisher_availability_label":"Sur commande","short_details":"Schulze G E. \u2014 Vrin","translator":null,"weight":350,"page_count":280,"readership":null,"editor":"Vrin","price":3300,"published_date":"2007-01-15T23:00:00.000000Z","support":"Grand format","publisher_availability":1,"stock":0,"editions":[],"url":"https:\/\/quaidesbrumes.com\/ouvrage\/9782711619023\/enesideme-ou-sur-les-fondements-de-la-philosophie-elementaire-exposee-a-iena-par-reinhold"},{"id":"9782711619054","title":"Sub specie hominis ; \u00e9tudes sur le savoir humain au XVI siecle","description":"Une appr\u00e9hension de la r\u00e9alit\u00e9 sub specie hominis, d'un point de vue strictement humain : Eugenio Garin caract\u00e9rise en ces termes la pens\u00e9e de la Renaissance, comme une humanisation de l'approche de la r\u00e9alit\u00e9 \u00ab en termes de libert\u00e9, de volont\u00e9 et d'action \u00bb. Cela ne signifie pas que le pragmatisme est le dernier mot de l'humanisme, ni que l'homme est la mesure de toutes choses, mais que notre connaissance est essentiellement une connaissance par les effets : effets naturels, effets de la volont\u00e9 divine dans la nature, effets des volont\u00e9s humaines libres dans l'histoire. C'est dire aussi que, si toute m\u00e9taphysique, voire toute th\u00e9ologie n'est pas impossible, c'est seulement \u00e0 condition de mettre en place des dispositifs permettant de s'\u00e9lever \u00e0 ces types de connaissances qui d\u00e9passent les capacit\u00e9s humaines. Les \u00e9tudes que nous pr\u00e9sentons sont consacr\u00e9es \u00e0 la philosophie naturelle chez Cardan, Telesio et Campanella, et au rapport entre nature et histoire chez Machiavel, Guichardin, Patrizi, Bodin et Montaigne. Elles s'attachent \u00e0 montrer que la philosophie naturelle et l'histoire, en qualit\u00e9 de r\u00e9flexions sur la th\u00e9orie de l'action et sur les proc\u00e9dures du savoir, ont eu des r\u00f4les privil\u00e9gi\u00e9s dans la formulation de cette approche, dont un des enjeux principaux est le rapport des penseurs du XVIe si\u00e8cle \u00e0 l'humanisme.","authors":["Couzinet"],"category_codes":["9000000","9080000"],"visuals":{"large":"https:\/\/images.epagine.fr\/054\/9782711619054_1_75.jpg","medium":"https:\/\/images.epagine.fr\/054\/9782711619054_1_m.jpg","thumbnail":"https:\/\/images.epagine.fr\/054\/9782711619054_1_v.jpg"},"orderable":true,"show_badge":true,"formatted_price":"32,00&nbsp;\u20ac","formatted_published_date":"15 d\u00e9cembre 2007","publisher_availability_label":"Sur commande","short_details":"Couzinet \u2014 Vrin","translator":null,"weight":460,"page_count":273,"readership":null,"editor":"Vrin","price":3200,"published_date":"2007-12-14T23:00:00.000000Z","support":"Grand format","publisher_availability":1,"stock":0,"editions":[],"url":"https:\/\/quaidesbrumes.com\/ouvrage\/9782711619054\/sub-specie-hominis-etudes-sur-le-savoir-humain-au-xvi-siecle"},{"id":"9782711619108","title":"Archives d'Histoire litteraire et doctrinale du Moyen-Age LXXIII - 2006","description":null,"authors":["Vrin"],"category_codes":["9000000","9080000","9080500"],"visuals":{"large":"https:\/\/quaidesbrumes.com\/img\/book-placeholder.png","medium":"https:\/\/quaidesbrumes.com\/img\/book-placeholder.png","thumbnail":"https:\/\/quaidesbrumes.com\/img\/book-placeholder.png"},"orderable":true,"show_badge":true,"formatted_price":"56,00&nbsp;\u20ac","formatted_published_date":"5 mars 2007","publisher_availability_label":"Sur commande","short_details":"Vrin \u2014 Vrin","translator":null,"weight":720,"page_count":352,"readership":null,"editor":"Vrin","price":5600,"published_date":"2007-03-04T23:00:00.000000Z","support":"Grand format","publisher_availability":1,"stock":0,"editions":[],"url":"https:\/\/quaidesbrumes.com\/ouvrage\/9782711619108\/archives-dhistoire-litteraire-et-doctrinale-du-moyen-age-lxxiii-2006"},{"id":"9782711619115","title":"Schleiermacher : Communaut\u00e9, individualit\u00e9, communication","description":"La pens\u00e9e de Friedrich Schleiermacher part du souci d'articuler l'exigence d'individualit\u00e9 aux diff\u00e9rents ordres de communaut\u00e9, de l'amiti\u00e9 \u00e0 la soci\u00e9t\u00e9, \u00e0 travers la prise en compte syst\u00e9matique de la communication. En pr\u00e9sentant sa formation jusqu'aux Discours sur la religion de 1799 et aux Monologues de 1800, l'ouvrage introduit \u00e0 la probl\u00e9matique centrale de sa philosophie, qui se constitue dans une relation critique aux th\u00e9matiques de l'Aufkl\u00e4rung, du romantisme et de l'id\u00e9alisme allemand. \r\nL'anthropologie des Lumi\u00e8res est remise en question par l'exp\u00e9rience de la religion comme ouverture radicale \u00e0 l'Univers, \u00ab sens et go\u00fbt de l'infini \u00bb. Ce renversement implique \u00e9galement une critique de l'id\u00e9alisme naissant, fondant toute pens\u00e9e sur la conscience de soi, comme du primat romantique de l'esth\u00e9tique. Schleiermacher entend honorer \u00e0 la fois la finitude et l'activit\u00e9 humaine comme invention de soi. C'est en pensant ensemble le d\u00e9centrement du sujet et l'affirmation d'une \u00e9thique individuelle que Schleiermacher d\u00e9finit sa position philosophique. Le r\u00f4le de la communication est alors central : en reliant le soi aux autres, elle participe directement \u00e0 la constitution d'une communaut\u00e9 diff\u00e9renci\u00e9e en elle-m\u00eame. La transformation des concepts de communaut\u00e9 et de sujet, pass\u00e9s au crible de l'individualit\u00e9, aboutit \u00e0 la promotion de la communication comme \u00e9tant l'un de ses op\u00e9rateurs essentiels.","authors":["Thouard Denis"],"category_codes":["9000000","9080000","9080600"],"visuals":{"large":"https:\/\/images.epagine.fr\/115\/9782711619115_1_75.jpg","medium":"https:\/\/images.epagine.fr\/115\/9782711619115_1_m.jpg","thumbnail":"https:\/\/images.epagine.fr\/115\/9782711619115_1_v.jpg"},"orderable":true,"show_badge":true,"formatted_price":"33,00&nbsp;\u20ac","formatted_published_date":"15 mars 2007","publisher_availability_label":"Sur commande","short_details":"Thouard Denis \u2014 Vrin","translator":null,"weight":340,"page_count":282,"readership":null,"editor":"Vrin","price":3300,"published_date":"2007-03-14T23:00:00.000000Z","support":"Grand format","publisher_availability":1,"stock":0,"editions":[],"url":"https:\/\/quaidesbrumes.com\/ouvrage\/9782711619115\/schleiermacher-communaute-individualite-communication"},{"id":"9782711619139","title":"Sartre ; libert\u00e9 et histoire","description":"La philosophie de Sartre m\u00e9rit\u00e9 d'\u00eatre red\u00e9couverte dans son int\u00e9gralit\u00e9, des premiers travaux ph\u00e9nom\u00e9nologiques portant sur les \u00e9motions, l'imagination \u00e0 la constitution d'une ontologie, L'\u00catre et le N\u00e9ant, puis \u00e0 la philosophie de l'histoire de la Critique de la Raison Dialectique. L'ouvrage de synth\u00e8se que nous proposons retrace le parcours du philosophe de la libert\u00e9 de sa critique de Husserl \u00e0 la psychanalyse existentielle de Flaubert. Son oeuvre t\u00e9moigne de l'effort incessant pour penser l'homme dans son histoire, l'histoire comme le travail de la libert\u00e9 aux prises avec l'ensemble des d\u00e9terminations qui constituent, dans sa vie intime comme dans ses engagements, une \u00ab situation \u00bb qui nous met en face de nos responsabilit\u00e9s. Les \u00e9tapes constituant cette philosophie de l'histoire de la libert\u00e9 humaine sont ici expliqu\u00e9es dans un souci de clart\u00e9 et de pr\u00e9cision.","authors":["Andr\u00e9 Guigot"],"category_codes":["9000000","9080000","9080200","9080204"],"visuals":{"large":"https:\/\/images.epagine.fr\/139\/9782711619139_1_75.jpg","medium":"https:\/\/images.epagine.fr\/139\/9782711619139_1_m.jpg","thumbnail":"https:\/\/images.epagine.fr\/139\/9782711619139_1_v.jpg"},"orderable":true,"show_badge":true,"formatted_price":"21,00&nbsp;\u20ac","formatted_published_date":"14 mai 2007","publisher_availability_label":"Sur commande","short_details":"Andr\u00e9 Guigot \u2014 Vrin","translator":null,"weight":320,"page_count":256,"readership":null,"editor":"Vrin","price":2100,"published_date":"2007-05-13T22:00:00.000000Z","support":"Grand format","publisher_availability":1,"stock":0,"editions":[],"url":"https:\/\/quaidesbrumes.com\/ouvrage\/9782711619139\/sartre-liberte-et-histoire"},{"id":"9782711619146","title":"Jean duns scot ; la th\u00e9orie du savoir","description":"\u00c0 quelle certitude puis-je pr\u00e9tendre dans la connaissance des ph\u00e9nom\u00e8nes naturels? De quelle nature sont les premiers principes de la connaissance, et comment les conna\u00eet-on? Comment une proposition scientifique, en se rapportant \u00e0 un objet de connaissance, atteste-t-elle ainsi de sa v\u00e9rit\u00e9 objective? Qu'est-ce qui fait l'unit\u00e9 d'une science en g\u00e9n\u00e9ral, au-del\u00e0 de la multiplicit\u00e9 des connaissances qui la constituent? Sur quel fondement se d\u00e9finissent et se s\u00e9parent les sciences sp\u00e9culatives r\u00e9elles (m\u00e9taphysique, physique, math\u00e9matique)? En vertu de quelle structure la logique et la m\u00e9taphysique sont-elles articul\u00e9es?\r\nTelles sont quelques unes des questions fondamentales qui innervent la th\u00e9orie du savoir de Jean Duns Scot et manifestent l'importance et l'acuit\u00e9 de sa sp\u00e9culation \u00e9pist\u00e9mologique. \u00c0 ne pas se focaliser sur la seule dimension m\u00e9taphysique de la pens\u00e9e du Docteur Subtil, et \u00e0 la r\u00e9inscrire bien plut\u00f4t \u00e0 l'int\u00e9rieur de sa th\u00e9orie de la connaissance, de ses concepts et de ses probl\u00e8mes, on pourra s'apercevoir alors qu'au-del\u00e0 de la refondation de la m\u00e9taphysique par l'univocit\u00e9 de l'\u00e9tant, un geste plus important encore s'est produit chez Duns Scot : une autonomisation des principes de la connaissance objective sur la m\u00e9taphysique, autonomisation qui ouvre un espace m\u00e9taphysiquement neutre : celui de la pure possibilit\u00e9 objective en g\u00e9n\u00e9ral.","authors":["Dominique Demange"],"category_codes":["9000000","9080000","9080200","9080204"],"visuals":{"large":"https:\/\/quaidesbrumes.com\/img\/book-placeholder.png","medium":"https:\/\/quaidesbrumes.com\/img\/book-placeholder.png","thumbnail":"https:\/\/quaidesbrumes.com\/img\/book-placeholder.png"},"orderable":true,"show_badge":true,"formatted_price":"56,00&nbsp;\u20ac","formatted_published_date":"9 mai 2007","publisher_availability_label":"Sur commande","short_details":"Dominique Demange \u2014 Vrin","translator":null,"weight":605,"page_count":480,"readership":null,"editor":"Vrin","price":5600,"published_date":"2007-05-08T22:00:00.000000Z","support":"Grand format","publisher_availability":1,"stock":0,"editions":[],"url":"https:\/\/quaidesbrumes.com\/ouvrage\/9782711619146\/jean-duns-scot-la-theorie-du-savoir"},{"id":"9782711619177","title":"L'\u00e9thos aristotelicien ; g\u00e9n\u00e8se d'une notion rh\u00e9torique","description":"L'\u00e8thos (caract\u00e8re) appara\u00eet dans la Rh\u00e9torique d'Aristote comme une notion h\u00e9t\u00e9roclite. D\u00e9signant l'un des trois moyens de persuasion techniques (avec l'argumentation et les passions), il renvoie \u00e0 l'image persuasive, vertueuse, que l'orateur doit construire dans son discours pour emporter l'adh\u00e9sion de ses auditeurs; \u00e9tudi\u00e9 dans le \u00ab trait\u00e9 des caract\u00e8res \u00bb selon les \u00e2ges et les conditions de fortune, c'est un outil d'analyse psychologique fond\u00e9 sur le vraisemblable qu'on peut employer pour adapter son discours aux attentes d'un auditoire.\r\nDevant les diverses tentatives des Antiquisants pour envisager l'\u00e8thos comme un concept univoque, cette \u00e9tude part d'un double constat : la particularit\u00e9 s\u00e9mantique du mot grec, qui proc\u00e8de \u00e0 un d\u00e9coupage du r\u00e9el ne co\u00efncidant avec celui d'aucune autre langue, et la sp\u00e9cificit\u00e9 de la pens\u00e9e aristot\u00e9licienne dont l'unit\u00e9 n'est pas celle d'un syst\u00e8me. Cette \u00e9tude se divise en trois moments. Une analyse linguistique et s\u00e9mantique du mot \u00e8thos dans la litt\u00e9rature ant\u00e9rieure \u00e0 Aristote se propose de cerner la singularit\u00e9 des emplois de ce terme dans la langue grecque. La \u00ab matrice \u00bb des significations d'\u00e8thos ainsi d\u00e9gag\u00e9e, on voit comment Aristote a recueilli cet h\u00e9ritage et donn\u00e9 \u00e0 ce terme une pr\u00e9cision et une sp\u00e9cialisation extr\u00eames. La derni\u00e8re section consacr\u00e9e \u00e0 la Rh\u00e9torique \u00e9tudie la fa\u00e7on dont Aristote a r\u00e9interpr\u00e9t\u00e9 la notion d'\u00e8thos telle qu'elle \u00e9tait d\u00e9finie et utilis\u00e9e dans les autres trait\u00e9s pour l'adapter \u00e0 la perspective propre de la rh\u00e9torique.","authors":["Fr\u00e9d\u00e9rique Woerther"],"category_codes":["9000000","9080000","9080200","9080204"],"visuals":{"large":"https:\/\/images.epagine.fr\/177\/9782711619177_1_75.jpg","medium":"https:\/\/images.epagine.fr\/177\/9782711619177_1_m.jpg","thumbnail":"https:\/\/images.epagine.fr\/177\/9782711619177_1_v.jpg"},"orderable":true,"show_badge":true,"formatted_price":"33,00&nbsp;\u20ac","formatted_published_date":"1er mai 2007","publisher_availability_label":"Sur commande","short_details":"Fr\u00e9d\u00e9rique Woerther \u2014 Vrin","translator":null,"weight":600,"page_count":368,"readership":null,"editor":"Vrin","price":3300,"published_date":"2007-04-30T22:00:00.000000Z","support":"Grand format","publisher_availability":1,"stock":0,"editions":[],"url":"https:\/\/quaidesbrumes.com\/ouvrage\/9782711619177\/lethos-aristotelicien-genese-dune-notion-rhetorique"},{"id":"9782711619184","title":"Logique ancienne et nouvelle","description":"\u00c9crite juste apr\u00e8s la mort de Descartes, la Logica Vetus et Nova de Johannes Clauberg (1622-1665) s'offre comme la premi\u00e8re des \u00ab logiques cart\u00e9siennes \u00bb dont la plus c\u00e9l\u00e8bre reste la Logique dite de Port-Royal, qui s'en inspire d'ailleurs sur quelques points. Salu\u00e9e par son \u00e9poque comme la logique que Descartes n'avait pas \u00e9crite, cet ouvrage ne se limite cependant pas \u00e0 b\u00e2tir une th\u00e9orie de la connaissance articul\u00e9e autour de l'id\u00e9e et de l'exigence de clart\u00e9 et de distinction : dans la ligne des \u00ab herm\u00e9neutiques \u00bb qui commencent \u00e0 s'\u00e9crire dans la premi\u00e8re moiti\u00e9 du XVIIe si\u00e8cle, il propose, dans ses parties centrales, un v\u00e9ritable art d'\u00e9crire et de lire, et les lin\u00e9aments d'une th\u00e9orie de la juste interpr\u00e9tation.Traduit ici, pour la premi\u00e8re fois, en fran\u00e7ais, cet ouvrage doit permettre de renouveler notre connaissance du premier cart\u00e9sianisme, ainsi que de la philosophie dite n\u00e9o-scolastique, \u00e0 l'\u00e9poque o\u00f9 elle se laisse f\u00e9conder par les id\u00e9es de Descartes.","authors":["Clauberg","Lagree"],"category_codes":["9000000","9080000","9080600"],"visuals":{"large":"https:\/\/images.epagine.fr\/184\/9782711619184_1_75.jpg","medium":"https:\/\/images.epagine.fr\/184\/9782711619184_1_m.jpg","thumbnail":"https:\/\/images.epagine.fr\/184\/9782711619184_1_v.jpg"},"orderable":true,"show_badge":true,"formatted_price":"33,00&nbsp;\u20ac","formatted_published_date":"1er septembre 2007","publisher_availability_label":"Sur commande","short_details":"Clauberg, Lagree \u2014 Vrin","translator":null,"weight":380,"page_count":318,"readership":null,"editor":"Vrin","price":3300,"published_date":"2007-08-31T22:00:00.000000Z","support":"Grand format","publisher_availability":1,"stock":0,"editions":[],"url":"https:\/\/quaidesbrumes.com\/ouvrage\/9782711619184\/logique-ancienne-et-nouvelle"},{"id":"9782711619207","title":"La pierre glorieuse de Nabuchodonosor ou la fin de l'histoire au XVIIe si\u00e8cle","description":"Le titre de l'ouvrage peut para\u00eetre \u00e9trange aujourd'hui. Il ne l'\u00e9tait pas en 1655, car la fr\u00e9quentation de la Bible \u00e9tait quotidienne et la proph\u00e9tie de Daniel sans cesse scrut\u00e9e.Aucun proph\u00e8te ne fut tant requis que Daniel. R\u00e9formateurs, utopistes, politiques, hommes de science, de Luther \u00e0 Newton, sans oublier Cromwell et tant d'autres, catholiques et protestants, appelaient impatiemment de leurs voeux les temps nouveaux.Dans ce \"si\u00e8cle de fer\", il revenait \u00e0 Menasseh ben Isra\u00ebl - le plus c\u00e9l\u00e8bre rabbin du XVIIe si\u00e8cle, l'ami de Rembrandt - d'offrir l'interpr\u00e9tation juive de l'histoire, voire de la discuter avec audace au sein m\u00eame du juda\u00efsme. La restauration imminente du peuple de Dieu se ferait en terre d'Isra\u00ebl. Elle inaugurerait une nouvelle histoire dans laquelle juifs et justes non juifs du monde entier vivraient dans une heureuse concorde.Cependant, la guerre civile ravageait l'Angleterre. Des extr\u00e9mistes s'emparaient du livre de Daniel pour menacer Cromwell. Menasseh ben Isra\u00ebl se rendit \u00e0 Londres et pr\u00e9senta son ouvrage au Lord Protecteur. Il y trouva non seulement de quoi faire taire ses adversaires, mais encore la possibilit\u00e9 de donner \u00e0 l'Angleterre un r\u00f4le messianique. La Pierre glorieuse devint alors comme un passeport pour le retour des juifs chass\u00e9s depuis le XIIIe si\u00e8cle. Ce retour fut per\u00e7u par de nombreux chr\u00e9tiens comme le premier pas vers l'installation des juifs dans leur terre ancestrale.","authors":["Israel","Hadas-Lebel"],"category_codes":["9000000","9080000","9080600"],"visuals":{"large":"https:\/\/quaidesbrumes.com\/img\/book-placeholder.png","medium":"https:\/\/quaidesbrumes.com\/img\/book-placeholder.png","thumbnail":"https:\/\/quaidesbrumes.com\/img\/book-placeholder.png"},"orderable":true,"show_badge":true,"formatted_price":"31,00&nbsp;\u20ac","formatted_published_date":"23 mars 2007","publisher_availability_label":"Sur commande","short_details":"Israel, Hadas-Lebel \u2014 Vrin","translator":null,"weight":370,"page_count":192,"readership":null,"editor":"Vrin","price":3100,"published_date":"2007-03-22T23:00:00.000000Z","support":"Grand format","publisher_availability":1,"stock":0,"editions":[],"url":"https:\/\/quaidesbrumes.com\/ouvrage\/9782711619207\/la-pierre-glorieuse-de-nabuchodonosor-ou-la-fin-de-lhistoire-au-xviie-siecle"},{"id":"9782711619306","title":"L'arbre du texte et ses possibles","description":"\u00ab Le philosophe parle de ph\u00e9nom\u00e8nes et de noum\u00e8nes. Pourquoi ne donnerait-il pas son attention \u00e0 l'\u00eatre du livre, au bibliom\u00e8ne? \u00bb Cette suggestion de Gaston Bachelard est ici reprise et prolong\u00e9e. Vou\u00e9 aux fondations, le pr\u00e9sent ouvrage dresse une correspondance entre textualit\u00e9 et interrogativit\u00e9, assez puissante pour indexer les modalit\u00e9s du pensable sur les grands types de textes, de la science \u00e0 la th\u00e9ologie et \u00e0 la po\u00e9sie.\r\nL'auteur s'adresse \u00e0 ceux qui \u00e9crivent des textes. Comme \u00e0 ceux qui s'interrogent sur leur dimension essentielle pour la culture et sa transmission. L'intervention d'une philosophie du texte est opportune dans le concert des disciplines objectivantes. Elle introduit une id\u00e9e neuve en philosophie : la positivit\u00e9 du texte. Il lui revient, comme nagu\u00e8re \u00e0 la philosophie du langage, de conqu\u00e9rir le niveau fondamental du probl\u00e8me et d'en red\u00e9ployer les dimensions oubli\u00e9es : le \u00ab tournant textuel \u00bb \u00e9tend le pensable au textualisable, au lieu de le limiter au dicible. Il fait du texte un terme th\u00e9oriquement marqu\u00e9 pour la pens\u00e9e elle-m\u00eame, plut\u00f4t que \u00ab discours \u00bb, et \u00ab interpr\u00e9tation \u00bb, dont les concepts sont d\u00e9riv\u00e9s.\r\nExigeante textualit\u00e9 : les conditions de la signifiance se retrouvent comme crit\u00e8res de pl\u00e9nitude des grands textes ou de d\u00e9ficience des textes triviaux. Une \u00ab logique de la typicalit\u00e9 \u00bb pr\u00e9voit des prototypes et des cas limites, des hybrides et des interfaces. La critique propose leur \u00e9valuation, diagnostique la troncature des sous-textes ou des non-textes. Elle diff\u00e9rencie la pens\u00e9e au sein du texte, le travail dans l'oeuvre, une proposition d'existence gr\u00e2ce au livre, l'\u00e9ducation m\u00eame du vivre par Le Livre.","authors":["Jacques Francis"],"category_codes":["9000000","9080000","9080700"],"visuals":{"large":"https:\/\/images.epagine.fr\/306\/9782711619306_1_75.jpg","medium":"https:\/\/images.epagine.fr\/306\/9782711619306_1_m.jpg","thumbnail":"https:\/\/images.epagine.fr\/306\/9782711619306_1_v.jpg"},"orderable":true,"show_badge":true,"formatted_price":"35,00&nbsp;\u20ac","formatted_published_date":"15 janvier 2008","publisher_availability_label":"Sur commande","short_details":"Jacques Francis \u2014 Vrin","translator":null,"weight":515,"page_count":349,"readership":null,"editor":"Vrin","price":3500,"published_date":"2008-01-14T23:00:00.000000Z","support":"Grand format","publisher_availability":1,"stock":0,"editions":[],"url":"https:\/\/quaidesbrumes.com\/ouvrage\/9782711619306\/larbre-du-texte-et-ses-possibles"},{"id":"9782711619443","title":"Techniques et philosophie des risques","description":"Historiquement, l'\u00e9valuation et la gestion des risques techniques s'enracine dans les technologies nucl\u00e9aires. Ce probl\u00e8me de l'\u00e9nergie reste tout \u00e0 fait d'actualit\u00e9, mais la question des risques technoscientifiques s'est extraordinairement \u00e9largie et diversifi\u00e9e. A c\u00f4t\u00e9 des risques physiques (accidents, maladies, d\u00e9gradations environnementales...), il y a les risques dits \u00ab sociaux \u00bb, \u00ab symboliques \u00bb, \u00ab politiques \u00bb, parmi lesquels s'est peu \u00e0 peu impos\u00e9e la question de la perception des risques. Dans une soci\u00e9t\u00e9 d\u00e9mocratique \u00e0 \u00e9conomie de march\u00e9, cette derni\u00e8re question est tout \u00e0 fait centrale. Tous les philosophes ne con\u00e7oivent ni n'\u00e9valuent les risques de la m\u00eame mani\u00e8re. Par exemple, Hans Jonas voit dans l'\u00e9ventualit\u00e9 d'interventions g\u00e9n\u00e9tiques dites \u00ab m\u00e9lioratives \u00bb ou \u00ab eug\u00e9niques \u00bb un risque d'atteinte \u00e0 \u00ab l'image de l'homme \u00bb : un danger de nature m\u00e9taphysique, quasi th\u00e9ologique. J\u00fcrgen Habermas y lit un risque transcendantal, qui affecte les conditions de possibilit\u00e9 du devenir humain. Francis Fukuyama y per\u00e7oit un risque avant tout politique de destruction de la d\u00e9mocratie lib\u00e9rale. Tristram Engelhardt, \u00e0 partir d'une vision g\u00e9n\u00e9rale postmoderne, estime que des interventions g\u00e9n\u00e9tiques prudentes doivent \u00eatre laiss\u00e9es \u00e0 l'initiative des individus et des communaut\u00e9s. D'autres philosophes anglo-saxons partent d'une philosophie plus empiriste et utilitariste qui enjoint d'analyser les risques, plus prosa\u00efquement, comme des \u00e9ventualit\u00e9s dont il s'agit de peser les co\u00fbts et les avantages.","authors":["G Hottois","C Kermisch"],"category_codes":["9000000","9080000","9080200","9080204"],"visuals":{"large":"https:\/\/images.epagine.fr\/443\/9782711619443_1_75.jpg","medium":"https:\/\/images.epagine.fr\/443\/9782711619443_1_m.jpg","thumbnail":"https:\/\/images.epagine.fr\/443\/9782711619443_1_v.jpg"},"orderable":true,"show_badge":true,"formatted_price":"29,00&nbsp;\u20ac","formatted_published_date":"1er d\u00e9cembre 2007","publisher_availability_label":"Sur commande","short_details":"G Hottois, C Kermisch \u2014 Vrin","translator":null,"weight":318,"page_count":254,"readership":null,"editor":"Vrin","price":2900,"published_date":"2007-11-30T23:00:00.000000Z","support":"Grand format","publisher_availability":1,"stock":0,"editions":[],"url":"https:\/\/quaidesbrumes.com\/ouvrage\/9782711619443\/techniques-et-philosophie-des-risques"},{"id":"9782711619467","title":"Plotin et l'ordonnancement de l'\u00eatre","description":"Penser, \u00e9crivait Platon, c'est toujours penser quelque chose, quelque chose qui est. Aussi, l'\u00eatre ne va-t-il jamais sans un minimum de d\u00e9termination, celle que conf\u00e8re l'unit\u00e9 et le nombre. Prolongeant la r\u00e9flexion platonicienne, Plotin conclura que l'Un et le nombre pr\u00e9existent \u00e0 la pens\u00e9e et aux \u00eatres s'il est vrai qu'on ne peut rien penser sans leurs concours. De l\u00e0 est n\u00e9e une philosophie originale qui fait de l'Un le principe premier et de l'\u00eatre un ensemble syst\u00e9matique bien ordonnanc\u00e9. La conclusion plotinienne n'est pas sans cons\u00e9quences, puisqu'elle fait de la d\u00e9termination attach\u00e9e \u00e0 l'\u00eatre (qui s'exprime en termes de limite et de forme) la manifestation d'une perfection d\u00e9sormais seconde. Elle ouvre \u00e9galement \u00e0 de nouvelles interrogations : comment la d\u00e9termination de l'\u00eatre peut-elle trouver son origine dans l'ind\u00e9termination de l'Un?, comment la mati\u00e8re, pourtant illimit\u00e9e et sans forme, peut-elle proc\u00e9der de l'\u00eatre et de la limite? Elle m\u00e8ne enfin \u00e0 reconna\u00eetre dans l'ordonnancement de l'\u00eatre l'existence de tensions oppos\u00e9es - d'unification et de pluralisation - qui t\u00e9moignent de l'attraction exerc\u00e9e par l'Un et la mati\u00e8re.","authors":["Bernard Collette-ducic"],"category_codes":["9000000","9080000"],"visuals":{"large":"https:\/\/images.epagine.fr\/467\/9782711619467_1_75.jpg","medium":"https:\/\/images.epagine.fr\/467\/9782711619467_1_m.jpg","thumbnail":"https:\/\/images.epagine.fr\/467\/9782711619467_1_v.jpg"},"orderable":true,"show_badge":true,"formatted_price":"31,00&nbsp;\u20ac","formatted_published_date":"15 novembre 2007","publisher_availability_label":"Sur commande","short_details":"Bernard Collette-ducic \u2014 Vrin","translator":null,"weight":570,"page_count":288,"readership":null,"editor":"Vrin","price":3100,"published_date":"2007-11-14T23:00:00.000000Z","support":"Grand format","publisher_availability":1,"stock":0,"editions":[],"url":"https:\/\/quaidesbrumes.com\/ouvrage\/9782711619467\/plotin-et-lordonnancement-de-letre"},{"id":"9782711619474","title":"Le syst\u00e8me des valeurs et autres articles","description":"Heinrich Rickert (1863-1936) fut, avec Windelband et Lask, l'un des principaux repr\u00e9sentants de l'\u00e9cole n\u00e9okantienne de Heidelberg, qui se diff\u00e9rencie essentiellement de l'\u00e9cole de Marbourg par la fa\u00e7on dont elle red\u00e9finit l'id\u00e9alisme transcendantal \u00e0 partir de la probl\u00e9matique de la validit\u00e9, h\u00e9rit\u00e9e notamment de la philosophie de Lotze.\r\nLes six articles r\u00e9unis ici, publi\u00e9s par Rickert dans la revue Logos entre 1911 et 1932, dessinent les grandes lignes d'une philosophie syst\u00e9matique des valeurs qui ne se veut pas seulement une th\u00e9orie transcendantale du valoir dans son opposition \u00e0 l'\u00eatre, mais aussi, en tant que doctrine des visions du monde, l'\u00e9laboration d'une r\u00e9ponse philosophique \u00e0 la question du sens de la vie. \u00c0 c\u00f4t\u00e9 de recherches architectoniques portant sur la d\u00e9termination et l'articulation des diff\u00e9rents domaines axiologiques, mais aussi sur les probl\u00e8mes g\u00e9n\u00e9raux li\u00e9s \u00e0 la d\u00e9finition de la philosophie comme doctrine des valeurs, ces articles entretiennent une constante pol\u00e9mique \u00e0 l'endroit de tout intuitionnisme et de toute \u00ab philosophie de la vie \u00bb. Contre le biologisme qui fait du vivant la valeur absolue et contre la d\u00e9nonciation intuitionniste de la science comme intellectualisme, l'affirmation de la transcendance des valeurs garantit pour Rickert le droit d'une philosophie scientifique et critique de la culture, qui en appr\u00e9hende la vie propre en rendant compte de l'articulation des valeurs et de l'effectivit\u00e9 empirique au sein d'un syst\u00e8me des valeurs qui reste ouvert sur l'infinie nouveaut\u00e9 et l'in\u00e9puisable richesse du monde historique.","authors":["Heinrich Rickert"],"category_codes":["9000000","9080000","9080200","9080204"],"visuals":{"large":"https:\/\/images.epagine.fr\/474\/9782711619474_1_75.jpg","medium":"https:\/\/images.epagine.fr\/474\/9782711619474_1_m.jpg","thumbnail":"https:\/\/images.epagine.fr\/474\/9782711619474_1_v.jpg"},"orderable":true,"show_badge":true,"formatted_price":"31,00&nbsp;\u20ac","formatted_published_date":"1er novembre 2007","publisher_availability_label":"Sur commande","short_details":"Heinrich Rickert \u2014 Vrin","translator":null,"weight":316,"page_count":280,"readership":null,"editor":"Vrin","price":3100,"published_date":"2007-10-31T23:00:00.000000Z","support":"Grand format","publisher_availability":1,"stock":0,"editions":[],"url":"https:\/\/quaidesbrumes.com\/ouvrage\/9782711619474\/le-systeme-des-valeurs-et-autres-articles"},{"id":"9782711619528","title":"\u00c0 l'\u00e9cole de Brentano de W\u00fcrzburg \u00e0 Vienne","description":"Sont r\u00e9unies dans cet ouvrage six \u00e9tudes des principaux repr\u00e9sentants de ce qu'il est convenu d'appeler \u00ab L'\u00e9cole de Brentano \u00bb. Les Souvenirs de Franz Brentano de Carl Stumpf et Edmund Husserl, d\u00e9crivent sa vie et son activit\u00e9 philosophique de ses d\u00e9buts \u00e0 W\u00fcrzbourg jusqu'\u00e0 son couronnement \u00e0 Vienne. Les quatre autres \u00e9tudes sont des contributions importantes des \u00e9tudiants de Brentano \u00e0 la philosophie. L'\u00e9tude d'Ehrenfels, Sur les qualit\u00e9s de forme, fondatrice de la psychologie de la forme, est aussi une r\u00e9f\u00e9rence incontournable pour Meinong, dont nous traduisons ici Sur les objets d'ordre sup\u00e9rieur et leur rapport \u00e0 la perception interne, o\u00f9 il met en place les id\u00e9es \u00e0 la base de sa th\u00e9orie de l'objet. La cinqui\u00e8me \u00e9tude, Fonctions et formations de Twardowski, propose une analyse originale de la relation entre les actes (fonctions) et leurs contenus (formations). Enfin, Sur le rapport entre la grammaire et la logique d'Anton Marty, embl\u00e9matique de la philosophie du langage brentanienne, vient clore cet ouvrage que nous avons introduit par \u00ab Le legs de Brentano \u00bb, une \u00e9tude pr\u00e9sentant les grandes lignes du programme philosophique de Brentano, la g\u00e9n\u00e9alogie de son \u00ab \u00e9cole \u00bb ainsi que quelques-uns des d\u00e9bats suscit\u00e9s par les textes reproduits ici.","authors":["Collectif"],"category_codes":["9000000","9080000","9080200","9080204"],"visuals":{"large":"https:\/\/images.epagine.fr\/528\/9782711619528_1_75.jpg","medium":"https:\/\/images.epagine.fr\/528\/9782711619528_1_m.jpg","thumbnail":"https:\/\/images.epagine.fr\/528\/9782711619528_1_v.jpg"},"orderable":true,"show_badge":true,"formatted_price":"39,00&nbsp;\u20ac","formatted_published_date":"12 novembre 2007","publisher_availability_label":"Sur commande","short_details":"Collectif \u2014 Vrin","translator":null,"weight":555,"page_count":448,"readership":null,"editor":"Vrin","price":3900,"published_date":"2007-11-11T23:00:00.000000Z","support":"Grand format","publisher_availability":1,"stock":0,"editions":[],"url":"https:\/\/quaidesbrumes.com\/ouvrage\/9782711619528\/a-lecole-de-brentano-de-wurzburg-a-vienne"},{"id":"9782711619542","title":"L'effectif et le rationnel ; Hegel et l'esprit objectif","description":"S'inscrivant dans le courant des lectures non m\u00e9taphysiques de Hegel, ce livre pr\u00e9sente le bilan de vingt-cinq ann\u00e9es de recherches consacr\u00e9es \u00e0 \u00ab l'esprit objectif \u00bb. Son ambition est de comprendre ce qu'il en est de l'\u00e9quation de l'effectif et du rationnel pos\u00e9e par les Principes de la philosophie du droit. La premi\u00e8re partie montre que le droit abstrait (priv\u00e9) a une fonction strat\u00e9gique dans l'\u00e9conomie de l'esprit objectif et permet \u00e0 Hegel de d\u00e9passer l'alternative entre droit naturel et histoire. Consacr\u00e9e \u00e0 la soci\u00e9t\u00e9 civile, la deuxi\u00e8me partie met en \u00e9vidence l'aporie du social, justification n\u00e9gative d'un espace politique qui ne soit pas simple extension de la soci\u00e9t\u00e9. Partant du dialogue silencieux entre Tocqueville et Hegel sur la modernit\u00e9 politique, la troisi\u00e8me partie \u00e9tudie la critique h\u00e9g\u00e9lienne de la d\u00e9mocratie et sa conception de la repr\u00e9sentation, qui sugg\u00e8rent une r\u00e9vision du paradigme de la d\u00e9mocratie lib\u00e9rale. La derni\u00e8re partie montre que la doctrine de l'esprit objectif pose la question de la subjectivit\u00e9 en des termes non subjectivistes en s'int\u00e9ressant aux conditions de son institution; interface normative entre le sujet et l'univers institutionnalis\u00e9 de l'\u00e9thicit\u00e9, la moralit\u00e9 a un r\u00f4le essentiel. L'ouvrage s'ach\u00e8ve par une r\u00e9flexion sur la \u00ab passion du concept \u00bb qui anime la philosophie h\u00e9g\u00e9lienne.","authors":["Jean-Fran\u00e7ois Kervegan"],"category_codes":["9000000","9080000","9080200","9080204"],"visuals":{"large":"https:\/\/images.epagine.fr\/542\/9782711619542_1_75.jpg","medium":"https:\/\/images.epagine.fr\/542\/9782711619542_1_m.jpg","thumbnail":"https:\/\/images.epagine.fr\/542\/9782711619542_1_v.jpg"},"orderable":true,"show_badge":true,"formatted_price":"35,00&nbsp;\u20ac","formatted_published_date":"13 janvier 2008","publisher_availability_label":"Sur commande","short_details":"Jean-Fran\u00e7ois Kervegan \u2014 Vrin","translator":null,"weight":438,"page_count":407,"readership":null,"editor":"Vrin","price":3500,"published_date":"2008-01-12T23:00:00.000000Z","support":"Grand format","publisher_availability":1,"stock":0,"editions":[],"url":"https:\/\/quaidesbrumes.com\/ouvrage\/9782711619542\/leffectif-et-le-rationnel-hegel-et-lesprit-objectif"},{"id":"9782711619559","title":"Quel savoir apr\u00e8s le scepticisme? ; Plotin et ses pr\u00e9d\u00e9cesseurs sur la connaissance de soi","description":"Les uns sont fascin\u00e9s par la hardiesse et la constance de sa pens\u00e9e, les autres la rejettent au motif que sa m\u00e9taphysique est extravagante et son raisonnement obscur. Mais alors, quel profit tirer de la lecture de l'oeuvre de Plotin?\r\nMieux que tout autre, Plotin r\u00e9ussit \u00e0 faire le point sur les doctrines philosophiques qui l'ont pr\u00e9c\u00e9d\u00e9, y compris le scepticisme. Et il y parvient avec une perspicacit\u00e9 et une originalit\u00e9 exceptionnelles, tout en restant un strict partisan du platonisme. Interpr\u00e9ter Plotin dans sa confrontation avec ses pr\u00e9d\u00e9cesseurs, c'est prendre part \u00e0 un passionnant d\u00e9bat et soumettre \u00e0 une \u00e9valuation les acquis et les limites de chacun.\r\nTelle est la d\u00e9marche \u00e0 laquelle invite ce livre qui est consacr\u00e9 \u00e0 la th\u00e9orie du savoir. Apr\u00e8s que le doute sceptique ait \u00e9branl\u00e9 les th\u00e9ories ant\u00e9rieures, Plotin innove en faisant co\u00efncider savoir objectif et connaissance de soi. Ce geste th\u00e9orique, ses ant\u00e9c\u00e9dents et ses cons\u00e9quences sont au coeur de ce travail de recherche.","authors":["Wilfried K\u00fchn"],"category_codes":["9000000","9080000","9080200","9080204"],"visuals":{"large":"https:\/\/images.epagine.fr\/559\/9782711619559_1_75.jpg","medium":"https:\/\/images.epagine.fr\/559\/9782711619559_1_m.jpg","thumbnail":"https:\/\/images.epagine.fr\/559\/9782711619559_1_v.jpg"},"orderable":true,"show_badge":true,"formatted_price":"51,00&nbsp;\u20ac","formatted_published_date":"12 janvier 2009","publisher_availability_label":"Sur commande","short_details":"Wilfried K\u00fchn \u2014 Vrin","translator":null,"weight":780,"page_count":480,"readership":null,"editor":"Vrin","price":5100,"published_date":"2009-01-11T23:00:00.000000Z","support":"Grand format","publisher_availability":1,"stock":0,"editions":[],"url":"https:\/\/quaidesbrumes.com\/ouvrage\/9782711619559\/quel-savoir-apres-le-scepticisme-plotin-et-ses-predecesseurs-sur-la-connaissance-de-soi"},{"id":"9782711619566","title":"Le livre des vingt-quatre philosophes","description":"Voici qu'enfin le Livre des vingt-quatre philosophes retrouve son identit\u00e9. Cet opuscule latin, apparu de fa\u00e7on anonyme et sans le moindre titre au tournant des XIIe et XIIIe si\u00e8cles, et qui se compose de vingt-quatre d\u00e9finitions de Dieu, chacune suivie d'un bref et obscur commentaire, a s\u00e9duit au cours des \u00e2ges bien des esprits. Cet ouvrage, dont jusqu'ici on voyait mal quelle place lui revenait dans la litt\u00e9rature m\u00e9di\u00e9vale, doit \u00eatre lu comme la r\u00e9surgence d'un texte bien ant\u00e9rieur, d\u00fb \u00e0 Marius Victorinus. C'est en effet lorsqu'il est confront\u00e9 aux sources n\u00e9o-platoniciennes que ce texte donne la mesure de sa richesse et qu'il \u00e9claire d'un jour nouveau les rapports doctrinaux de Plotin et de Porphyre avec Marius Victorinus.","authors":["Hudry Francoise"],"category_codes":["9000000","9080000","9080400"],"visuals":{"large":"https:\/\/images.epagine.fr\/566\/9782711619566_1_75.jpg","medium":"https:\/\/images.epagine.fr\/566\/9782711619566_1_m.jpg","thumbnail":"https:\/\/images.epagine.fr\/566\/9782711619566_1_v.jpg"},"orderable":true,"show_badge":true,"formatted_price":"33,00&nbsp;\u20ac","formatted_published_date":"14 juin 2009","publisher_availability_label":"Sur commande","short_details":"Hudry Francoise \u2014 Vrin","translator":null,"weight":400,"page_count":224,"readership":null,"editor":"Vrin","price":3300,"published_date":"2009-06-13T22:00:00.000000Z","support":"Grand format","publisher_availability":1,"stock":0,"editions":[],"url":"https:\/\/quaidesbrumes.com\/ouvrage\/9782711619566\/le-livre-des-vingt-quatre-philosophes"},{"id":"9782711619580","title":"Deleuze ; la passion de la pens\u00e9e","description":"L'\u00e9poque qui a vu na\u00eetre la pens\u00e9e de Deleuze s'est ouverte \u00e0 des d\u00e9bats innombrables, passionn\u00e9s. Elle a engendr\u00e9 un foisonnement de sensibilit\u00e9s multiples, travers\u00e9es par des lignes de force irr\u00e9ductibles : ph\u00e9nom\u00e9nologie, structuralisme, psychanalyse, antipsychiatrie, anthropologie, litt\u00e9rature, linguistique, art, sciences... Elle a en retour contraint la philosophie \u00e0 se poser la question de sa valeur propre, de sa validit\u00e9, de sa coh\u00e9rence. Or, non seulement Gilles Deleuze a su redonner voix \u00e0 \u00ab la grandeur de la philosophie \u00bb, mais de surcro\u00eet, il a fait bouger la philosophie bloqu\u00e9e dans ses propres clivages : fini et infini, chair et univers, ontologie et ph\u00e9nom\u00e9nologie, esprit et corps... Par son art du paradoxe, d\u00e9couvrant ce qui ne peut \u00eatre que pens\u00e9, par l'\u00e9rection au coeur de la pens\u00e9e d'une vraie \u00ab passion de la pens\u00e9e \u00bb, par l'ouverture enfin, ce qui n'est pas la moindre des choses, au dehors, au dehors non philosophique, la philosophie s'est remise en mouvement et a red\u00e9couvert la puissance de d\u00e9sillusion qui fait l'essentiel de son action.","authors":["Montebello Pierre"],"category_codes":["9000000","9080000","9080700"],"visuals":{"large":"https:\/\/images.epagine.fr\/580\/9782711619580_1_75.jpg","medium":"https:\/\/images.epagine.fr\/580\/9782711619580_1_m.jpg","thumbnail":"https:\/\/images.epagine.fr\/580\/9782711619580_1_v.jpg"},"orderable":true,"show_badge":true,"formatted_price":"30,00&nbsp;\u20ac","formatted_published_date":"18 novembre 2008","publisher_availability_label":"Sur commande","short_details":"Montebello Pierre \u2014 Vrin","translator":null,"weight":345,"page_count":256,"readership":null,"editor":"Vrin","price":3000,"published_date":"2008-11-17T23:00:00.000000Z","support":"Grand format","publisher_availability":1,"stock":0,"editions":[],"url":"https:\/\/quaidesbrumes.com\/ouvrage\/9782711619580\/deleuze-la-passion-de-la-pensee"},{"id":"9782711619627","title":"Lire les P\u00e8res au Moyen \u00c2ge","description":"On ne fait jamais du neuf qu'\u00e0 partir de l'ancien, et on ne comprend jamais mieux l'ancien que lorsqu'on interroge ses propres strat\u00e9gies de r\u00e9appropriation. Du rapport que les m\u00e9di\u00e9vaux ont entretenu avec les P\u00e8res d\u00e9pend probablement la relation que nous-m\u00eames entretenons avec les m\u00e9di\u00e9vaux. Dans ce jeu de chass\u00e9-crois\u00e9 se constitue leur propre culture tout autant que la n\u00f4tre.\r\nLe pr\u00e9sent volume Lire les P\u00e8res au Moyen \u00c2ge, est le fruit d'un travail de deux ann\u00e9es men\u00e9 par le Laboratoire de philosophie patristique et m\u00e9di\u00e9vale de la Facult\u00e9 de philosophie de l'Institut catholique de Paris, dirig\u00e9 par Emmanuel Falque, et ayant abouti \u00e0 un colloque o\u00f9 \u00e9taient repr\u00e9sent\u00e9s l'\u00c9cole pratique des Hautes \u00c9tudes, le Centre d'\u00c9tudes des Religions du Livre, le CNRS et l'Universit\u00e9 de la Sorbonne, avec la participation active de la Revue des Sciences Philosophiques et Th\u00e9ologiques. La recherche est men\u00e9e en trois temps. Elle porte successivement sur la reprise mat\u00e9rielle des textes des P\u00e8res par les m\u00e9di\u00e9vaux (\u00ab traduction et transmission \u00bb), l'acte de relecture (\u00ab r\u00e9appropriation \u00bb), et enfin le rapport diversifi\u00e9 entretenu \u00e0 l'autorit\u00e9 (\u00ab Sancti \u00bb).","authors":["Alibert","Berceville"],"category_codes":["9000000","9080000","9080500"],"visuals":{"large":"https:\/\/quaidesbrumes.com\/img\/book-placeholder.png","medium":"https:\/\/quaidesbrumes.com\/img\/book-placeholder.png","thumbnail":"https:\/\/quaidesbrumes.com\/img\/book-placeholder.png"},"orderable":true,"show_badge":true,"formatted_price":"15,00&nbsp;\u20ac","formatted_published_date":"19 novembre 2007","publisher_availability_label":"Sur commande","short_details":"Alibert, Berceville \u2014 Vrin","translator":null,"weight":300,"page_count":130,"readership":null,"editor":"Vrin","price":1500,"published_date":"2007-11-18T23:00:00.000000Z","support":"Grand format","publisher_availability":1,"stock":0,"editions":[],"url":"https:\/\/quaidesbrumes.com\/ouvrage\/9782711619627\/lire-les-peres-au-moyen-age"},{"id":"9782711619634","title":"Archives d'Histoire litteraire et doctrinale du Moyen-Age LXXIV - 2007","description":null,"authors":["Vrin"],"category_codes":["9000000","9080000","9080500"],"visuals":{"large":"https:\/\/quaidesbrumes.com\/img\/book-placeholder.png","medium":"https:\/\/quaidesbrumes.com\/img\/book-placeholder.png","thumbnail":"https:\/\/quaidesbrumes.com\/img\/book-placeholder.png"},"orderable":true,"show_badge":true,"formatted_price":"51,00&nbsp;\u20ac","formatted_published_date":"17 mars 2008","publisher_availability_label":"Sur commande","short_details":"Vrin \u2014 Vrin","translator":null,"weight":450,"page_count":248,"readership":null,"editor":"Vrin","price":5100,"published_date":"2008-03-16T23:00:00.000000Z","support":"Grand format","publisher_availability":1,"stock":0,"editions":[],"url":"https:\/\/quaidesbrumes.com\/ouvrage\/9782711619634\/archives-dhistoire-litteraire-et-doctrinale-du-moyen-age-lxxiv-2007"},{"id":"9782711619771","title":"Nouvelles recherches thomasiennes","description":"Les cinq \u00e9tudes ici r\u00e9unies prennent le relais de celles rassembl\u00e9es dans un volume pr\u00e9c\u00e9dent. Les trois premi\u00e8res partagent un m\u00eame souci qui est de retrouver la v\u00e9ritable pens\u00e9e du Ma\u00eetre d'Aquin sur des sujets mal ou m\u00eame non trait\u00e9s depuis la moiti\u00e9 du vingti\u00e8me si\u00e8cle : th\u00e9ologie et philosophie; providence; nature et gr\u00e2ce. Cette r\u00e9interrogation de th\u00e8mes traditionnels donne en outre un aper\u00e7u de l'\u00e9tat de la recherche et de ses orientations. La quatri\u00e8me, sur l'histoire dans l'oeuvre thomasienne, r\u00e9v\u00e8le un Thomas d'Aquin tout \u00e0 fait m\u00e9connu. La cinqui\u00e8me \u00e9tude dresse un bilan complet de la recherche contemporaine et montre la vigueur du renouveau thomiste actuel.","authors":["Jean-pierre Torrell"],"category_codes":["9000000","9080000"],"visuals":{"large":"https:\/\/images.epagine.fr\/771\/9782711619771_1_75.jpg","medium":"https:\/\/images.epagine.fr\/771\/9782711619771_1_m.jpg","thumbnail":"https:\/\/images.epagine.fr\/771\/9782711619771_1_v.jpg"},"orderable":true,"show_badge":true,"formatted_price":"31,00&nbsp;\u20ac","formatted_published_date":"19 octobre 2008","publisher_availability_label":"Sur commande","short_details":"Jean-pierre Torrell \u2014 Vrin","translator":null,"weight":345,"page_count":207,"readership":null,"editor":"Vrin","price":3100,"published_date":"2008-10-18T22:00:00.000000Z","support":"Grand format","publisher_availability":1,"stock":0,"editions":[],"url":"https:\/\/quaidesbrumes.com\/ouvrage\/9782711619771\/nouvelles-recherches-thomasiennes"},{"id":"9782711619788","title":"La question de l'\u00eatre heidegger renvers\u00e9","description":"Que serait une v\u00e9ritable m\u00e9taphysique, une m\u00e9taphysique qui penserait vraiment l'\u00catre? La r\u00e9ponse de Heidegger s'est voulue novatrice, proph\u00e9tique et d\u00e9finitive : le \u00ab nouveau commencement \u00bb qui fera entendre la voix originelle de l'\u00catre exigera d'en finir avec le platonisme, car les Id\u00e9es ont inaugur\u00e9 en Occident la longue histoire de l'occultation de l'\u00catre au profit des \u00e9tants. Mais cette th\u00e8se est pour Stanley Rosen largement erron\u00e9e. Sa critique de l'interpr\u00e9tation heidegg\u00e9rienne de la m\u00e9taphysique montre en effet combien le platonisme invoqu\u00e9 par Heidegger doit en fait beaucoup plus \u00e0 la \u00ab science de l'\u00eatre en tant qu'\u00eatre \u00bb d'Aristote qu'\u00e0 Platon lui-m\u00eame, et comment cette erreur a contamin\u00e9 \u00e9galement toute la lecture heidegg\u00e9rienne de Nietzsche. Le d\u00e9passement de la m\u00e9taphysique occidentale tel qu'Heidegger le con\u00e7oit pourrait bien n'\u00eatre qu'un horizon inaccessible, et l'\u00catre qu'il convoque qu'un mot vide de sens.\r\nFaut-il donc renoncer \u00e0 la m\u00e9taphysique? Il faut plut\u00f4t retourner \u00e0 sa source : seul un renversement de Heidegger et de son interpr\u00e9tation longtemps dominante de l'histoire de la philosophie peut nous mettre sur la voie de la m\u00e9taphysique authentique. Un nouveau d\u00e9part s'impose donc : par fid\u00e9lit\u00e9 \u00e0 Platon, Stanley Rosen fait descendre les Id\u00e9es sur la terre de l'exp\u00e9rience et du langage ordinaires. La m\u00e9taphysique redevient une affaire famili\u00e8re, ancr\u00e9e dans le sens commun et la qu\u00eate universelle de la vie la meilleure, o\u00f9 l'on croise en chemin Kant, Hegel et Husserl. L'\u00ab au-del\u00e0 \u00bb de la m\u00e9taphysique renoue ainsi avec l'\u00ab ici-et-maintenant \u00bb du monde quotidien.","authors":["Stanley Rosen","Etienne Helmer"],"category_codes":["9000000","9080000","9080200","9080204"],"visuals":{"large":"https:\/\/images.epagine.fr\/788\/9782711619788_1_75.jpg","medium":"https:\/\/images.epagine.fr\/788\/9782711619788_1_m.jpg","thumbnail":"https:\/\/images.epagine.fr\/788\/9782711619788_1_v.jpg"},"orderable":true,"show_badge":true,"formatted_price":"39,00&nbsp;\u20ac","formatted_published_date":"7 d\u00e9cembre 2008","publisher_availability_label":"Sur commande","short_details":"Stanley Rosen, Etienne Helmer \u2014 Vrin","translator":"ETIENNE HELMER","weight":515,"page_count":368,"readership":null,"editor":"Vrin","price":3900,"published_date":"2008-12-06T23:00:00.000000Z","support":"Grand format","publisher_availability":1,"stock":0,"editions":[],"url":"https:\/\/quaidesbrumes.com\/ouvrage\/9782711619788\/la-question-de-letre-heidegger-renverse"},{"id":"9782711619801","title":"Le jugement pratique autour de la notion de Phronesis","description":"La notion aristot\u00e9licienne de phron\u00e8sis met en \u00e9vidence une sp\u00e9cificit\u00e9 de la raison pratique. Celle-ci a \u00e9t\u00e9 constamment reconnue au long des si\u00e8cles, en d\u00e9pit des avatars de la phron\u00e8sis face \u00e0 l'\u00e9volution de l'esprit scientifique jusqu'\u00e0 la techno-science et la soci\u00e9t\u00e9 de l'information contemporaines. Les th\u00e8ses d'Aristote prennent place dans une histoire retrac\u00e9e ici \u00e0 gros traits, des Pr\u00e9socratiques \u00e0 Kant et \u00e0 la sc\u00e8ne herm\u00e9neutique, ph\u00e9nom\u00e9nologique et analytique d'aujourd'hui.\r\nD'une part, le pr\u00e9sent recueil inscrit l'actuel int\u00e9r\u00eat pour la notion aristot\u00e9licienne dans une histoire tout au long de laquelle la rationalit\u00e9 de l'action est toujours parvenue \u00e0 se dire dans ce qu'elle a de propre. Il montre, d'autre part, que le jugement, cette aptitude mentale tr\u00e8s humaine et finie, constitue le noeud des d\u00e9bats contemporains et le coeur de la pratique elle-m\u00eame. \u00ab Juger droit et juste \u00bb, voil\u00e0 qui est \u00e0 la fois au centre et \u00e0 la marge des discussions en cours sur l'agir humain. Au centre, parce que c'est cette aptitude qu'il est besoin d'\u00e9claircir, si l'on veut affronter les enjeux vitaux de tous ces d\u00e9bats. Mais \u00e0 la marge, parce que c'en est le non-dit ou la tache aveugle. C'est ce que sugg\u00e8rent l'ensemble des textes r\u00e9unis ici et les grands textes de la tradition qu'ils \u00e9tudient.","authors":["Collectif"],"category_codes":["9000000","9080000","9080200","9080204"],"visuals":{"large":"https:\/\/images.epagine.fr\/801\/9782711619801_1_75.jpg","medium":"https:\/\/images.epagine.fr\/801\/9782711619801_1_m.jpg","thumbnail":"https:\/\/images.epagine.fr\/801\/9782711619801_1_v.jpg"},"orderable":true,"show_badge":true,"formatted_price":"33,00&nbsp;\u20ac","formatted_published_date":"27 ao\u00fbt 2008","publisher_availability_label":"Sur commande","short_details":"Collectif \u2014 Vrin","translator":null,"weight":412,"page_count":382,"readership":null,"editor":"Vrin","price":3300,"published_date":"2008-08-26T22:00:00.000000Z","support":"Grand format","publisher_availability":1,"stock":0,"editions":[],"url":"https:\/\/quaidesbrumes.com\/ouvrage\/9782711619801\/le-jugement-pratique-autour-de-la-notion-de-phronesis"}]}