{"data":[{"id":"9782711618194","title":"La th\u00e9orie ockhamienne de la connaissance evidente","description":"La th\u00e9orie ockhamienne de la connaissance \u00e9vidente porte sur certains aspects causaux qui ont lieu dans l'intellect et produisent l'assentiment \u00e0 certaines propositions. Les propositions connues de fa\u00e7on \u00e9vidente sont les propositions connues par les sens, celles dont la connaissance d\u00e9pend de la seule appr\u00e9hension des concepts et, de fa\u00e7on indirecte, les conclusions des raisonnements. Dans tous ces cas, l'assentiment \u00e0 la proposition est caus\u00e9 naturellement par l'appr\u00e9hension des termes. Si le Venerabilis Inceptor suit une certaine tradition dans la reconnaissance des traits communs \u00e0 ces situations, l'assentiment imm\u00e9diat et universel, il en offre une explication qui lui est propre, par la causalit\u00e9 naturelle. Cette explication se d\u00e9ploie dans une th\u00e9orie de la scientia. Par scientia, il faut entendre \u00e0 la fois le savoir et la science. Il s'agit, d'une part, d'une th\u00e9orie sur un discours organis\u00e9 en syllogismes, ayant une certaine dynamique cognitive et constitu\u00e9 par des qualit\u00e9s mentales singuli\u00e8res et, d'autre part, d'une th\u00e9orie de la rationalit\u00e9, construite autour des processus causaux naturels. Ce livre pr\u00e9sente ce complexe th\u00e9orique ockhamien et ses rapports avec les th\u00e9ories de Robert Grosseteste, Alhazen, Jean Duns Scot et Jean Buridan.","authors":["Perini-Santos E."],"category_codes":["9000000","9080000","9080500"],"visuals":{"large":"https:\/\/images.epagine.fr\/194\/9782711618194_1_75.jpg","medium":"https:\/\/images.epagine.fr\/194\/9782711618194_1_m.jpg","thumbnail":"https:\/\/images.epagine.fr\/194\/9782711618194_1_v.jpg"},"orderable":true,"show_badge":true,"formatted_price":"33,00&nbsp;\u20ac","formatted_published_date":"9 f\u00e9vrier 2006","publisher_availability_label":"Sur commande","short_details":"Perini-Santos E. \u2014 Vrin","translator":null,"weight":380,"page_count":224,"readership":null,"editor":"Vrin","price":3300,"published_date":"2006-02-08T23:00:00.000000Z","support":"Grand format","publisher_availability":1,"stock":0,"editions":[],"url":"https:\/\/quaidesbrumes.com\/ouvrage\/9782711618194\/la-theorie-ockhamienne-de-la-connaissance-evidente"},{"id":"9782711618217","title":"Montaigne : l'usage du monde","description":"Probl\u00e9matisant la co\u00efncidence assum\u00e9e par Montaigne de son existence propre et des Essais, cet ouvrage entreprend de d\u00e9montrer qu'au-del\u00e0 de leur vis\u00e9e \u00e9gologique, ils exposent une conception pragmatiste du monde ax\u00e9e autour d'une th\u00e9orie \u00ab pointilliste \u00bb de la repr\u00e9sentation, de sa pl\u00e9thore cognitive et de son efficacit\u00e9 pratique. Repliant en effet ce qui est sur ce qui appara\u00eet, et convertissant l'appara\u00eetre dans une s\u00e9mantique de la croyance, Montaigne s'approprie de fa\u00e7on toute singuli\u00e8re un ensemble de sch\u00e8mes \u00e9pist\u00e9miques h\u00e9rit\u00e9s d'une vaste doxographie philosophique, et rompt les digues d'un \u00ab scepticisme \u00bb qu'il renouvelle radicalement, tout en construisant avec l'\u00ab ind\u00e9terminisme \u00e9thique \u00bb un mod\u00e8le original d'\u00e9valuation de nos conduites individuelles et de nos pratiques sociales.","authors":["Paul Mathias"],"category_codes":["9000000","9080000","9080600","9080602"],"visuals":{"large":"https:\/\/images.epagine.fr\/217\/9782711618217_1_75.jpg","medium":"https:\/\/images.epagine.fr\/217\/9782711618217_1_m.jpg","thumbnail":"https:\/\/images.epagine.fr\/217\/9782711618217_1_v.jpg"},"orderable":true,"show_badge":true,"formatted_price":"21,00&nbsp;\u20ac","formatted_published_date":"13 mars 2006","publisher_availability_label":"Sur commande","short_details":"Paul Mathias \u2014 Vrin","translator":null,"weight":285,"page_count":224,"readership":null,"editor":"Vrin","price":2100,"published_date":"2006-03-12T23:00:00.000000Z","support":"Grand format","publisher_availability":1,"stock":0,"editions":[],"url":"https:\/\/quaidesbrumes.com\/ouvrage\/9782711618217\/montaigne-lusage-du-monde"},{"id":"9782711618231","title":"Arts lib\u00e9raux et philosophie dans la pens\u00e9e antique","description":"Depuis le milieu du XIXe si\u00e8cle, on a g\u00e9n\u00e9ralement consid\u00e9r\u00e9 qu'un cycle de sept disciplines scolaires (grammaire, dialectique, rh\u00e9torique, musique, astronomie, g\u00e9om\u00e9trie et arithm\u00e9tique), connu au Moyen \u00c2ge sous le nom des \u00ab sept arts lib\u00e9raux \u00bb, avait constitu\u00e9 la base de l'instruction habituelle et cela depuis l'\u00e9poque hell\u00e9nistique jusqu'\u00e0 l'\u00e9poqueimp\u00e9riale et au Moyen \u00c2ge. Cette th\u00e8se, largement vulgaris\u00e9e par le livre Histoire de l'\u00e9ducation dans l'Antiquit\u00e9 d'Henri-Ir\u00e9n\u00e9e Marrou, est fondamentalement remise en question dans le pr\u00e9sent ouvrage, qui montre que ce fameux cycle des sept arts, que l'on croyait d\u00e9j\u00e0 connu par Varron au I er si\u00e8cle avant J.-C., est n\u00e9 en r\u00e9alit\u00e9 dans le n\u00e9oplatonisme et n'a jamais constitu\u00e9 le programme d'\u00e9ducation des jeunes gens de rang social \u00e9lev\u00e9 au cours de l'Antiquit\u00e9.Cette nouvelle \u00e9dition comprend des notes additionnelles au texte pr\u00e9alablement publi\u00e9, un r\u00e9examen de \u00ab la question varronienne \u00bb qui tient compte de publications parues entre 1983 et 2003 (B. Cardauns, N. Cipriani, J. Doignon et D. Shanzer), et six articles sur certains th\u00e8mes fondamentaux trait\u00e9s dans la premi\u00e8re \u00e9dition, comme l'enseignement des math\u00e9matiques et de la m\u00e9decine \u00e0 l'\u00e9poque imp\u00e9riale, l'organisation de l'enseignement philosophique, l'attitude des philosophes \u00e0 l'\u00e9gard du savoir encyclop\u00e9dique ou la signification du terme \"\u00e9clectique\" dans la philosophie antique.","authors":["Ilsetraut Hadot"],"category_codes":["9000000","9080000","9080200","9080204"],"visuals":{"large":"https:\/\/images.epagine.fr\/231\/9782711618231_1_75.jpg","medium":"https:\/\/images.epagine.fr\/231\/9782711618231_1_m.jpg","thumbnail":"https:\/\/images.epagine.fr\/231\/9782711618231_1_v.jpg"},"orderable":true,"show_badge":true,"formatted_price":"59,00&nbsp;\u20ac","formatted_published_date":"24 janvier 2006","publisher_availability_label":"Sur commande","short_details":"Ilsetraut Hadot \u2014 Vrin","translator":null,"weight":920,"page_count":578,"readership":null,"editor":"Vrin","price":5900,"published_date":"2006-01-23T23:00:00.000000Z","support":"Grand format","publisher_availability":1,"stock":0,"editions":[],"url":"https:\/\/quaidesbrumes.com\/ouvrage\/9782711618231\/arts-liberaux-et-philosophie-dans-la-pensee-antique"},{"id":"9782711618255","title":"Id\u00e9e et id\u00e9alisme","description":"On fait commun\u00e9ment \u00e0 la philosophie moderne le reproche d'avoir accentu\u00e9 le danger de scepticisme, de perte du monde, en ayant voulu prouver l'existence du monde mat\u00e9riel et d'avoir introduit, pour ce faire, les id\u00e9es comme une sorte d'entit\u00e9s interm\u00e9diaires formant un \u00e9cran, un voile, dans le rapport de l'esprit aux choses. Le nom d'id\u00e9e, dans son sens philosophique, aurait \u00e9t\u00e9 donn\u00e9 aux objets imm\u00e9diats de nos pens\u00e9es. La chose ext\u00e9rieure \u00e0 l'esprit ne serait que l'objet m\u00e9diat, ou \u00e9loign\u00e9. Y a-t-il un lien entre la d\u00e9finition des id\u00e9es comme repr\u00e9sentation au XVIIe si\u00e8cle et l'id\u00e9alisme? Et quel id\u00e9alisme est ainsi concern\u00e9?Les \u00e9tudes r\u00e9unies dans ce volume ont pris le parti de pr\u00e9senter la compr\u00e9hension que l'id\u00e9alisme allemand a pu avoir des textes des philosophes classiques, de Descartes, Malebranche, Spinoza et Leibniz, concernant, au premier chef, la notion de preuve (preuve de l'existence du moi, de Dieu, et des corps mat\u00e9riels.","authors":["Collectif"],"category_codes":["9000000","9080000","9080200","9080204"],"visuals":{"large":"https:\/\/images.epagine.fr\/255\/9782711618255_1_75.jpg","medium":"https:\/\/images.epagine.fr\/255\/9782711618255_1_m.jpg","thumbnail":"https:\/\/images.epagine.fr\/255\/9782711618255_1_v.jpg"},"orderable":true,"show_badge":true,"formatted_price":"27,00&nbsp;\u20ac","formatted_published_date":"9 mai 2006","publisher_availability_label":"Sur commande","short_details":"Collectif \u2014 Vrin","translator":null,"weight":450,"page_count":256,"readership":null,"editor":"Vrin","price":2700,"published_date":"2006-05-08T22:00:00.000000Z","support":"Grand format","publisher_availability":1,"stock":0,"editions":[],"url":"https:\/\/quaidesbrumes.com\/ouvrage\/9782711618255\/idee-et-idealisme"},{"id":"9782711618262","title":"La philosophie naturelle de christiaan huygens","description":"Entre les premiers d\u00e9veloppements de la m\u00e9canique galil\u00e9enne et la publication des Principia de Newton, s'est jou\u00e9e une transformation radicale de la philosophie naturelle des modernes. Math\u00e9matiques, sciences de la nature et techniques de pr\u00e9cision ont fa\u00e7onn\u00e9 d'une part une nouvelle mani\u00e8re, active et op\u00e9ratoire, d'interroger la nature, et d'autre part une image du monde fond\u00e9e sur l'id\u00e9e d'une rationalit\u00e9 int\u00e9grale des ph\u00e9nom\u00e8nes.\r\nInterlocuteur infatigable de Mersenne, Galil\u00e9e, Descartes, Leibniz ou Newton, Christiaan Huygens (1629-1695) a assur\u00e9 un lien n\u00e9cessaire pour son \u00e9poque entre l'assimilation critique des Principes de la philosophie de Descartes, dont il retient l'exigence d'intelligibilit\u00e9 dans la conduite de la science, et la r\u00e9ception - critique elle aussi - des Principes math\u00e9matiques newtoniens. La m\u00e9thode de Huygens se structure dans les apports cart\u00e9sien et galil\u00e9en : choc des corps, oscillations du pendule, \u00e9tude de la force et du mouvement en tant qu'expression de rapports g\u00e9om\u00e9triques, caract\u00e9risation de la nature de la lumi\u00e8re sont autant de champs dans lesquels il est impossible de ne pas voir l'impr\u00e9gnation d'un questionnement philosophique permanent. C'est donc en philosophe tout autant qu'en physicien qu'il s'oppose aux d\u00e9finitions newtoniennes de la lumi\u00e8re et de la pesanteur.","authors":["Fabien Chareix"],"category_codes":["9000000","9080000","9080200","9080204"],"visuals":{"large":"https:\/\/images.epagine.fr\/262\/9782711618262_1_75.jpg","medium":"https:\/\/images.epagine.fr\/262\/9782711618262_1_m.jpg","thumbnail":"https:\/\/images.epagine.fr\/262\/9782711618262_1_v.jpg"},"orderable":true,"show_badge":true,"formatted_price":"33,00&nbsp;\u20ac","formatted_published_date":"4 septembre 2006","publisher_availability_label":"Sur commande","short_details":"Fabien Chareix \u2014 Vrin","translator":null,"weight":698,"page_count":320,"readership":null,"editor":"Vrin","price":3300,"published_date":"2006-09-03T22:00:00.000000Z","support":"Grand format","publisher_availability":1,"stock":0,"editions":[],"url":"https:\/\/quaidesbrumes.com\/ouvrage\/9782711618262\/la-philosophie-naturelle-de-christiaan-huygens"},{"id":"9782711618279","title":"Les d\u00e9buts de l'enseignement de thomas d'aquin et sa conception de la sacra doctrina","description":"Lorsque, au d\u00e9but de son enseignement universitaire, Thomas d'Aquin r\u00e9dige le prologue de son commentaire aux Sentences de Pierre Lombard, il ne se borne pas \u00e0 pr\u00e9senter la mati\u00e8re de l'oeuvre qu'il a entre les mains, mais il expose en m\u00eame temps sa propre conception de la th\u00e9ologie et il explique comment, selon lui, elle se situe dans l'ensemble des savoirs humains.\r\nLe pr\u00e9sent ouvrage offre une nouvelle \u00e9dition de ce prologue, r\u00e9alis\u00e9e \u00e0 partir de tous les manuscrits connus, dont la tradition a \u00e9t\u00e9 attentivement \u00e9tudi\u00e9e. Cela a permis de d\u00e9couvrir que ce texte n'est pas d'une seule venue, mais qu'il est le fruit de r\u00e9visions successives, ce qui d'ailleurs est le cas de l'ensemble du Commentaire.\r\nLes recherches n\u00e9cessaires pour l'\u00e9tablissement du texte ont conduit \u00e0 \u00e9tudier le contexte historique de l'enseignement universitaire et permis ainsi de mieux situer la pens\u00e9e de Thomas dans l'ensemble des doctrines de son si\u00e8cle.","authors":["Adriano Oliva"],"category_codes":["9000000","9080000","9080200","9080204"],"visuals":{"large":"https:\/\/images.epagine.fr\/279\/9782711618279_1_75.jpg","medium":"https:\/\/images.epagine.fr\/279\/9782711618279_1_m.jpg","thumbnail":"https:\/\/images.epagine.fr\/279\/9782711618279_1_v.jpg"},"orderable":true,"show_badge":true,"formatted_price":"38,00&nbsp;\u20ac","formatted_published_date":"1er mars 2009","publisher_availability_label":"Sur commande","short_details":"Adriano Oliva \u2014 Vrin","translator":null,"weight":735,"page_count":432,"readership":null,"editor":"Vrin","price":3800,"published_date":"2009-02-28T23:00:00.000000Z","support":"Grand format","publisher_availability":1,"stock":0,"editions":[],"url":"https:\/\/quaidesbrumes.com\/ouvrage\/9782711618279\/les-debuts-de-lenseignement-de-thomas-daquin-et-sa-conception-de-la-sacra-doctrina"},{"id":"9782711618286","title":"Lla mati\u00e8re des choses, le livre IV ; des m\u00e9t\u00e9orologiques d'aristote et son interpr\u00e9tation par olympiodore","description":"Le livre IV des M\u00e9t\u00e9orologiques d'Aristote est un trait\u00e9 unique en son genre. D\u00e9sign\u00e9 comme le premier trait\u00e9 de \u00ab chimie \u00bb de l'Antiquit\u00e9, il constitue l'un des textes-cl\u00e9 de la th\u00e9orie aristot\u00e9licienne de la mati\u00e8re.Le commentateur n\u00e9oplatonicien Olympiodore (VIe si\u00e8cle) joue un r\u00f4le capital dans la riche tradition ex\u00e9g\u00e9tique dont ce texte fut l'objet. Il contribue de mani\u00e8re d\u00e9cisive \u00e0 syst\u00e9matiser certaines notions \u00e0 peine \u00e9bauch\u00e9es par Aristote dans un nouveau champ d'enqu\u00eate sur les propri\u00e9t\u00e9s, les \u00e9tats et les transformations de la mati\u00e8re sublunaire. Son commentaire sera le plus utilis\u00e9, non seulement par les auteurs arabes et ceux de la Renaissance mais aussi par les alchimistes grecs et m\u00e9di\u00e9vaux, au point que l'un des principaux textes th\u00e9oriques de l'alchimie gr\u00e9co-alexandrine sera transmis sous son nom.Les notions aristot\u00e9liciennes de mati\u00e8re, de cause mat\u00e9rielle et de principe passif constituent le coeur de cette enqu\u00eate qui peut se r\u00e9sumer en deux questions principales : quel est l'objet du livre IV des M\u00e9t\u00e9orologiques, quels sont ses propri\u00e9t\u00e9s et ses enjeux? Comment Olympiodore aborde-t-il cette question, quel est son apport \u00e0 notre compr\u00e9hension? On trouvera en annexe dans ce volume le texte grec r\u00e9vis\u00e9 et la premi\u00e8re traduction en langue moderne du Commentaire d'Olympiodore au livre IV des M\u00e9t\u00e9orologiques et \u00e0 la partie finale du livre III, consacr\u00e9e \u00e0 la min\u00e9ralogie.","authors":["Cristina Viano"],"category_codes":["9000000","9080000","9080200","9080204"],"visuals":{"large":"https:\/\/images.epagine.fr\/286\/9782711618286_1_75.jpg","medium":"https:\/\/images.epagine.fr\/286\/9782711618286_1_m.jpg","thumbnail":"https:\/\/images.epagine.fr\/286\/9782711618286_1_v.jpg"},"orderable":true,"show_badge":true,"formatted_price":"45,00&nbsp;\u20ac","formatted_published_date":"20 novembre 2006","publisher_availability_label":"Sur commande","short_details":"Cristina Viano \u2014 Vrin","translator":null,"weight":665,"page_count":416,"readership":null,"editor":"Vrin","price":4500,"published_date":"2006-11-19T23:00:00.000000Z","support":"Grand format","publisher_availability":1,"stock":0,"editions":[],"url":"https:\/\/quaidesbrumes.com\/ouvrage\/9782711618286\/lla-matiere-des-choses-le-livre-iv-des-meteorologiques-daristote-et-son-interpretation-par-olympiodore"},{"id":"9782711618309","title":"Propositions et \u00e9tats de choses ; entre \u00eatre et sens","description":"Entre 1870 et 1914, les structures fondamentales de la philosophie contemporaine se mettent en place, notamment mais pas seulement dans l'effervescence th\u00e9orique de l'Empire austro-hongrois finissant. Certaines questions de philosophie de la connaissance jouent un r\u00f4le d\u00e9terminant dans cet essor : de quoi exactement dit-on que c'est vrai, l\u00e0 o\u00f9 on qualifie des \u00e9nonc\u00e9s ou des attitudes cognitives de \"vrais\"? qu'est-ce qui a \u00e0 charge de \"porter\" la v\u00e9rit\u00e9 (ou la fausset\u00e9) en eux? mais aussi, l\u00e0 o\u00f9 ils sont vrais, qu'est-ce qui (dans le monde?) les rend vrais? Entre ces questions, les fondateurs de la philosophie contemporaine, Husserl, Russell, Wittgenstein et bien d'autres, vont r\u00e9exhumer et syst\u00e9matiser des notions comme celles de proposition et d'\u00e9tat de choses. Ces notions n'ont, depuis, plus quitt\u00e9 la sc\u00e8ne du d\u00e9bat philosophique. Cet ouvrage, tout en offrant une plong\u00e9e dans les sources de ce d\u00e9bat \u00e0 la fin du XIXe si\u00e8cle, dans la tradition autrichienne et en dehors d'elle, en retrace aussi la progression jusqu'\u00e0 ses d\u00e9veloppements les plus contemporains.","authors":["Jocelyn Benoist"],"category_codes":["9000000","9080000","9080200","9080204"],"visuals":{"large":"https:\/\/images.epagine.fr\/309\/9782711618309_1_75.jpg","medium":"https:\/\/images.epagine.fr\/309\/9782711618309_1_m.jpg","thumbnail":"https:\/\/images.epagine.fr\/309\/9782711618309_1_v.jpg"},"orderable":true,"show_badge":true,"formatted_price":"21,00&nbsp;\u20ac","formatted_published_date":"18 septembre 2006","publisher_availability_label":"Sur commande","short_details":"Jocelyn Benoist \u2014 Vrin","translator":null,"weight":554,"page_count":256,"readership":null,"editor":"Vrin","price":2100,"published_date":"2006-09-17T22:00:00.000000Z","support":"Grand format","publisher_availability":1,"stock":0,"editions":[],"url":"https:\/\/quaidesbrumes.com\/ouvrage\/9782711618309\/propositions-et-etats-de-choses-entre-etre-et-sens"},{"id":"9782711618330","title":"Questions disput\u00e9es sur la v\u00e9rit\u00e9, question XII : de la proph\u00e9tie","description":"La question De la proph\u00e9tie, disput\u00e9e par Thomas d'Aquin durant l'ann\u00e9e scolaire 1257-1258, est remarquable \u00e0 plus d'un titre. Loin de s'en tenir \u00e0 une simple th\u00e9ologie biblique sur la mission du proph\u00e8te dans l'histoire du salut, l'auteur s'y montre pr\u00e9occup\u00e9 par les probl\u00e8mes philosophiques pos\u00e9s par la connaissance proph\u00e9tique. Historiquement, sa r\u00e9flexion se situe au confluent de deux sources : la tradition scolastique latine venue d'Augustin et celle de la proph\u00e9tologie \"arabe\" qui lui vient d'Avicenne et de Ma\u00efmonide. Dans la ligne de ces pr\u00e9d\u00e9cesseurs, Thomas propose une r\u00e9flexion sur les structures de l'esprit humain et sur sa place dans l'univers des intelligences, sur la philosophie de la connaissance et le r\u00f4le respectif de la raison et de l'imagination, et m\u00eame une esquisse de philosophie politique chr\u00e9tienne lorsqu'il pr\u00e9cise face \u00e0 Ma\u00efmonide la place du proph\u00e8te dans la cit\u00e9. Ce texte est certainement un des plus importants de la s\u00e9rie des Questions disput\u00e9es De la v\u00e9rit\u00e9.","authors":["Thomas d'Aquin"],"category_codes":["9000000","9080000","9080200","9080204"],"visuals":{"large":"https:\/\/images.epagine.fr\/330\/9782711618330_1_75.jpg","medium":"https:\/\/images.epagine.fr\/330\/9782711618330_1_m.jpg","thumbnail":"https:\/\/images.epagine.fr\/330\/9782711618330_1_v.jpg"},"orderable":true,"show_badge":true,"formatted_price":"35,00&nbsp;\u20ac","formatted_published_date":"2 octobre 2006","publisher_availability_label":"Sur commande","short_details":"Thomas d'Aquin \u2014 Vrin","translator":null,"weight":512,"page_count":284,"readership":null,"editor":"Vrin","price":3500,"published_date":"2006-10-01T22:00:00.000000Z","support":"Grand format","publisher_availability":1,"stock":0,"editions":[],"url":"https:\/\/quaidesbrumes.com\/ouvrage\/9782711618330\/questions-disputees-sur-la-verite-question-xii-de-la-prophetie"},{"id":"9782711618347","title":"Justice et droits \u00e0 l'\u00e9chelle globale","description":"Si l'\u00e9mergence d'une soci\u00e9t\u00e9 mondiale appelle la construction d'un ordre politique et juridique de m\u00eame extention, il semble peu probable que cet ordre finisse par prendre la forme d'un \u00c9tat mondial. Faut-il pour autant s'en plaindre et consid\u00e9rer les diverses formes d'organisations inter\u00e9tatiques qui se forment ici et l\u00e0 comme de simple pis-aller? Ne peut-on au contraire trouver des vertus au maintien de l'\u00e9chelon politique de la vie sociale et chercher par l\u00e0 m\u00eame \u00e0 concevoir un ordre global juste et bon qui n'oblige ni au sacrifice de la libert\u00e9 politique, ni au renoncement aux id\u00e9aux cosmopolitiques? Ne peut-on, \u00e0 l'instar de Rousseau dans le Contrat social, trouver une forme d'association politique et juridique globale qui d\u00e9fende et prot\u00e8ge de toute la force commune la personne et les biens de chaque citoyen du monde, mais dans laquelle chacun puisse continuer de jouir de sa libert\u00e9 politique domestique?\r\nL'objet de cet ouvrage est d'esquisser, au travers de la discussion de six probl\u00e8mes pr\u00e9cis soulev\u00e9s par la \u00ab mondialisation \u00bb, la forme d'un ordre global d\u00e9centralis\u00e9 capable d'allier libert\u00e9 politique et cosmopolitisme concret.","authors":["St\u00e9phane Chauvier"],"category_codes":["9000000","9080000","9080200","9080204"],"visuals":{"large":"https:\/\/images.epagine.fr\/347\/9782711618347_1_75.jpg","medium":"https:\/\/images.epagine.fr\/347\/9782711618347_1_m.jpg","thumbnail":"https:\/\/images.epagine.fr\/347\/9782711618347_1_v.jpg"},"orderable":true,"show_badge":true,"formatted_price":"18,30&nbsp;\u20ac","formatted_published_date":"19 juin 2006","publisher_availability_label":"Sur commande","short_details":"St\u00e9phane Chauvier \u2014 Vrin","translator":null,"weight":380,"page_count":192,"readership":null,"editor":"Vrin","price":1830,"published_date":"2006-06-18T22:00:00.000000Z","support":"Grand format","publisher_availability":1,"stock":0,"editions":[],"url":"https:\/\/quaidesbrumes.com\/ouvrage\/9782711618347\/justice-et-droits-a-lechelle-globale"},{"id":"9782711618354","title":"Le cr\u00e9\u00e9 et l'incr\u00e9\u00e9 ; maxime le confesseur et thomas d'aquin","description":"La r\u00e9ception du christianisme byzantin par l'Eglise catholique pr\u00e9sente une sorte d'anomalie. Invoquant l'autorit\u00e9 de Thomas d'Aquin, les th\u00e9ologiens occidentaux rejettent g\u00e9n\u00e9ralement l'id\u00e9e d'une distinction r\u00e9elle entre l'essence et les \u00e9nergies divines, tout comme la notion de gr\u00e2ce incr\u00e9\u00e9e, laquelle joue un r\u00f4le essentiel dans la vision de Gr\u00e9goire Palamas (XIVe si\u00e8cle). D'un autre c\u00f4t\u00e9, ces m\u00eames th\u00e9ologiens ont \u00e9t\u00e9 nombreux \u00e0 red\u00e9couvrir, durant la p\u00e9riode r\u00e9cente, la pens\u00e9e de Maxime le Confesseur (VIIe si\u00e8cle), voyant en celui-ci un g\u00e9nial pr\u00e9curseur de Thomas d'Aquin. Or que resterait-il de la doctrine de Gr\u00e9goire Palamas sans le patronage de Maxime le Confesseur? Comment m\u00e9conna\u00eetre l'un et reconna\u00eetre l'autre au nom du m\u00eame Thomas d'Aquin? Ce qui vient ici au jour \u00e0 travers l'\u00e9tude des contextes et des enjeux doctrinaux, c'est la coexistence, jusqu'alors insoup\u00e7onn\u00e9e, de deux repr\u00e9sentations distinctes du rapport entre le cr\u00e9\u00e9 et l'incr\u00e9\u00e9. L'Occident latin et l'Orient byzantin n'en finissent pas de comprendre diff\u00e9remment cette foi qui leur est pourtant indiscutablement commune.","authors":["Antoine L\u00e9vy"],"category_codes":["9000000","9080000","9080200","9080204"],"visuals":{"large":"https:\/\/images.epagine.fr\/354\/9782711618354_1_75.jpg","medium":"https:\/\/images.epagine.fr\/354\/9782711618354_1_m.jpg","thumbnail":"https:\/\/images.epagine.fr\/354\/9782711618354_1_v.jpg"},"orderable":true,"show_badge":true,"formatted_price":"82,00&nbsp;\u20ac","formatted_published_date":"20 d\u00e9cembre 2006","publisher_availability_label":"Sur commande","short_details":"Antoine L\u00e9vy \u2014 Vrin","translator":null,"weight":886,"page_count":560,"readership":null,"editor":"Vrin","price":8200,"published_date":"2006-12-19T23:00:00.000000Z","support":"Grand format","publisher_availability":1,"stock":0,"editions":[],"url":"https:\/\/quaidesbrumes.com\/ouvrage\/9782711618354\/le-cree-et-lincree-maxime-le-confesseur-et-thomas-daquin"},{"id":"9782711618361","title":"Perspective ; leibniz, whitehead, deleuze","description":"Pour Leibniz, Whitehead, et Deleuze, un point de vue n'est pas seulement l'expression d'une subjectivit\u00e9 incomparablement personnelle. La perspective ne permet pas de dire, de penser ou de faire n'importe quoi. Elle impose certaines contraintes, qu'on pourrait qualifier de \u00ab g\u00e9om\u00e9triques \u00bb dans la mesure o\u00f9 elles sont intimement li\u00e9es au type d'espace dans lequel on est plong\u00e9. Mais de quel ordre sont ces contraintes? Qu'est-ce qui relie les diff\u00e9rents espaces ouverts par nos perceptions, nos pens\u00e9es, nos actions?\r\nLes sept contributions r\u00e9unies dans ce volume posent la question de l'actualit\u00e9 du perspectivisme aujourd'hui pour penser la coexistence de savoirs, de valeurs et de cultures h\u00e9t\u00e9rog\u00e8nes. Elles cherchent \u00e0 penser, par-del\u00e0 les clivages traditionnels en philosophie entre r\u00e9alisme et id\u00e9alisme, objectivit\u00e9 et subjectivit\u00e9, universalisme et particularismes, en quoi la notion de point de vue aide \u00e0 comprendre les \u00e9v\u00e9nements, et \u00e0 agir sur le monde.","authors":["Collectif"],"category_codes":["9000000","9080000","9080200","9080204"],"visuals":{"large":"https:\/\/images.epagine.fr\/361\/9782711618361_1_75.jpg","medium":"https:\/\/images.epagine.fr\/361\/9782711618361_1_m.jpg","thumbnail":"https:\/\/images.epagine.fr\/361\/9782711618361_1_v.jpg"},"orderable":true,"show_badge":true,"formatted_price":"16,00&nbsp;\u20ac","formatted_published_date":"17 juillet 2006","publisher_availability_label":"Sur commande","short_details":"Collectif \u2014 Vrin","translator":null,"weight":230,"page_count":176,"readership":null,"editor":"Vrin","price":1600,"published_date":"2006-07-16T22:00:00.000000Z","support":"Grand format","publisher_availability":1,"stock":0,"editions":[],"url":"https:\/\/quaidesbrumes.com\/ouvrage\/9782711618361\/perspective-leibniz-whitehead-deleuze"},{"id":"9782711618378","title":"Trialogus de possest","description":"Dans un univers infini, on ne peut nommer Dieu de mani\u00e8re ad\u00e9quate en portant \u00e0 leur maximum les perfections naturelles; l'infinit\u00e9 divine ne saurait transcender l'infinit\u00e9 cosmique que sous le rapport de la puissance. Dieu est tout ce qu'il peut \u00eatre; d\u00e8s lors, c'est un \"pouvoir-\u00eatre\" (possest) d\u00e9signant la pleine actualit\u00e9 de la toute-puissance qui nomme Dieu de la fa\u00e7on la plus approch\u00e9e. Faute de se pouvoir traduire dans l'antonymie de la forme et de la mati\u00e8re, la cr\u00e9ation du monde ne se peut comprendre que dans l'ad\u00e9quation en Dieu de la puissance et de l'acte, supr\u00eame d\u00e9rogation \u00e0 l'ordre des choses, qui souligne la disproportion du monde \u00e0 Dieu, frappe l'univers de pr\u00e9carit\u00e9 et le r\u00e9duit \u00e0 n'\u00eatre plus que l'expression du Cr\u00e9ateur. On assiste ici \u00e0 une magistrale ressaisie de l'h\u00e9ritage m\u00e9di\u00e9val et \u00e0 une appropriation qui le r\u00e9interpr\u00e8te en l'ancrant dans une spiritualit\u00e9 nouvelle, revisitant les grands dogmes chr\u00e9tiens red\u00e9couverts par la devotio moderna.","authors":["Nicolas de Cues"],"category_codes":["9000000","9080000","9080200","9080204"],"visuals":{"large":"https:\/\/images.epagine.fr\/378\/9782711618378_1_75.jpg","medium":"https:\/\/images.epagine.fr\/378\/9782711618378_1_m.jpg","thumbnail":"https:\/\/images.epagine.fr\/378\/9782711618378_1_v.jpg"},"orderable":true,"show_badge":true,"formatted_price":"21,00&nbsp;\u20ac","formatted_published_date":"22 janvier 2007","publisher_availability_label":"Sur commande","short_details":"Nicolas de Cues \u2014 Vrin","translator":null,"weight":170,"page_count":123,"readership":null,"editor":"Vrin","price":2100,"published_date":"2007-01-21T23:00:00.000000Z","support":"Grand format","publisher_availability":1,"stock":0,"editions":[],"url":"https:\/\/quaidesbrumes.com\/ouvrage\/9782711618378\/trialogus-de-possest"},{"id":"9782711618392","title":"Quelques pages sur Heidegger","description":"La v\u00e9rit\u00e9 de l'\u00eatre (le fait de dire : cela est) est le propre de l'homme. Mais Heidegger ne fait pas oeuvre d'anthropologue.\r\nC'est parce que nous sommes mortels que nous nous interrogeons sur le sens de \u00ab \u00eatre \u00bb . L'\u00eatre, c'est le don de nommer qui n'est don qu'en tant qu'il est re\u00e7u dans la temporalit\u00e9 d'un destin.","authors":["Paulhac Francois"],"category_codes":["9000000","9080000","9080700"],"visuals":{"large":"https:\/\/quaidesbrumes.com\/img\/book-placeholder.png","medium":"https:\/\/quaidesbrumes.com\/img\/book-placeholder.png","thumbnail":"https:\/\/quaidesbrumes.com\/img\/book-placeholder.png"},"orderable":true,"show_badge":true,"formatted_price":"6,00&nbsp;\u20ac","formatted_published_date":"3 juillet 2006","publisher_availability_label":"Sur commande","short_details":"Paulhac Francois \u2014 Vrin","translator":null,"weight":100,"page_count":60,"readership":null,"editor":"Vrin","price":600,"published_date":"2006-07-02T22:00:00.000000Z","support":"Poche","publisher_availability":1,"stock":0,"editions":[],"url":"https:\/\/quaidesbrumes.com\/ouvrage\/9782711618392\/quelques-pages-sur-heidegger"},{"id":"9782711618439","title":"Trouble et ordre chez platon et xenophon","description":"Tous deux Ath\u00e9niens et disciples de Socrate, Platon et X\u00e9nophon appartiennent \u00e0 la m\u00eame g\u00e9n\u00e9ration aristocratique qui, \u00e0 la fin du Ve si\u00e8cle, subit la d\u00e9faite de la guerre du P\u00e9loponn\u00e8se et les crises politiques de leur cit\u00e9. L'un, plut\u00f4t philosophe, l'autre, plut\u00f4t historien, ont connu une post\u00e9rit\u00e9 critique diff\u00e9rente et souvent cloisonn\u00e9e. Ce livre cherche au contraire \u00e0 rapprocher les deux hommes afin de mieux les comprendre : l'association de deux notions, le trouble et l'ordre, occupe une place singuli\u00e8re, voire cruciale, dans certains passages de leurs oeuvres. Comment expliquer la r\u00e9currence de ce th\u00e8me? Au lieu de r\u00e9\u00e9crire sans preuve un dialogue \u00e0 distance, il est pr\u00e9f\u00e9rable de comparer les deux pens\u00e9es, afin de montrer les implications historiques, politiques et philosophiques de ces deux notions. Constater ce qu'est le trouble, c'est aussi envisager un ordre. ","authors":["Pierre Pontier"],"category_codes":["9000000","9080000","9080200","9080204"],"visuals":{"large":"https:\/\/images.epagine.fr\/439\/9782711618439_1_75.jpg","medium":"https:\/\/images.epagine.fr\/439\/9782711618439_1_m.jpg","thumbnail":"https:\/\/images.epagine.fr\/439\/9782711618439_1_v.jpg"},"orderable":true,"show_badge":true,"formatted_price":"63,00&nbsp;\u20ac","formatted_published_date":"26 avril 2006","publisher_availability_label":"Sur commande","short_details":"Pierre Pontier \u2014 Vrin","translator":null,"weight":900,"page_count":486,"readership":null,"editor":"Vrin","price":6300,"published_date":"2006-04-25T22:00:00.000000Z","support":"Grand format","publisher_availability":1,"stock":0,"editions":[],"url":"https:\/\/quaidesbrumes.com\/ouvrage\/9782711618439\/trouble-et-ordre-chez-platon-et-xenophon"},{"id":"9782711618446","title":"Bolzano contre kant ; le nouvel anti-kant","description":"C'est \u00e0 Bernard Bolzano qu'on doit attribuer l'initiative et le contenu du Nouvel Anti-Kant. Bolzano, philosophe et math\u00e9maticien g\u00e9nial, prend la philosophie critique au s\u00e9rieux et pose la question de savoir si elle est apte \u00e0 fonder une \u00e9pist\u00e9mologie, une logique, une \u00e9thique et une philosophie de la religion. La r\u00e9ponse, une \u00e9valuation m\u00e9ticuleuse et d\u00e9taill\u00e9e de la Critique de la raison pure, se prononce avec une rare rigueur sur Kant.\r\nN\u00e9glig\u00e9e avec acharnement par l'histoire, la critique bolzanienne constitue n\u00e9anmoins l'une des contributions les plus importantes des deux derniers si\u00e8cles aux \u00e9tudes kantiennes. Elle anticipe d'une mani\u00e8re remarquable la critique qu'adressent \u00e0 Kant les philosophes analytiques, de Frege \u00e0 Friedman, tout en b\u00e9n\u00e9ficiant d'une proximit\u00e9 historique \u00e0 Kant qui donne au point de vue de Bolzano une originalit\u00e9 in\u00e9gal\u00e9e.\r\nLe Nouvel Anti-Kant est, pour quiconque s'int\u00e9resse \u00e0 la philosophie critique, un ouvrage incontournable qui lui permettra de d\u00e9couvrir un chapitre inexplor\u00e9 du kantisme et de faire la connaissance de ce contemporain germanophone de Fichte et Hegel dont on a dit, sans exag\u00e9ration, qu'il est le plus grand philosophe du dix-neuvi\u00e8me si\u00e8cle.","authors":["F Prihonsky"],"category_codes":["9000000","9080000","9080200","9080204"],"visuals":{"large":"https:\/\/images.epagine.fr\/446\/9782711618446_1_75.jpg","medium":"https:\/\/images.epagine.fr\/446\/9782711618446_1_m.jpg","thumbnail":"https:\/\/images.epagine.fr\/446\/9782711618446_1_v.jpg"},"orderable":true,"show_badge":true,"formatted_price":"26,00&nbsp;\u20ac","formatted_published_date":"20 novembre 2006","publisher_availability_label":"Sur commande","short_details":"F Prihonsky \u2014 Vrin","translator":null,"weight":360,"page_count":192,"readership":null,"editor":"Vrin","price":2600,"published_date":"2006-11-19T23:00:00.000000Z","support":"Grand format","publisher_availability":1,"stock":0,"editions":[],"url":"https:\/\/quaidesbrumes.com\/ouvrage\/9782711618446\/bolzano-contre-kant-le-nouvel-anti-kant"},{"id":"9782711618491","title":"Cet esprit de profondeur ; christian wolff, l'ontologie et la m\u00e9taphysique","description":"L'\u00e9loge qu'adresse Kant au \u00ab Geist der Gr\u00fcndlichkeit \u00bb de Christian Wolff est rest\u00e9 c\u00e9l\u00e8bre, mais comme une anecdote. Il engage pourtant l'approche de la m\u00e9taphysique en tant que syst\u00e8me trait\u00e9 de mani\u00e8re scientifique. Le sens de la philosophie moderne s'y joue, tel qu'il sera repris et discut\u00e9 de l'id\u00e9alisme allemand jusqu'\u00e0 Husserl et Heidegger.\r\nEn partant d'une analyse de cet \u00e9loge, et de son articulation au \u00ab probl\u00e8me g\u00e9n\u00e9ral de la raison pure \u00bb, cet ouvrage \u00e9tudie comment la question du fondement est \u00e0 l'oeuvre dans la m\u00e9taphysique wolffienne. La Gr\u00fcndlichkeit y est comprise comme une solidit\u00e9, dont les exigences engagent ce qui conjoint le projet de mathesis universalis et les oeuvres de la n\u00e9o-scolastique. Les premiers chapitres \u00e9tudient la formation de ce projet, en montrant ce qu'a de trompeur la notion de philosophie \u00ab leibniziano-wolffienne \u00bb. Les chapitres suivants montrent alors comment les sciences composant la m\u00e9taphysique de Wolff reprennent la notion suar\u00e9zienne d'essence r\u00e9elle, en faisant jouer un r\u00f4le central au \u00ab mariage de la raison et de l'exp\u00e9rience \u00bb. Cela conduit \u00e0 nuancer les lectures de cette m\u00e9taphysique, en refusant d'y voir d'embl\u00e9e une \u00ab ontoth\u00e9ologie \u00bb au sens kantien.","authors":["Jean-paul Paccioni"],"category_codes":["9000000","9080000","9080200","9080204"],"visuals":{"large":"https:\/\/images.epagine.fr\/491\/9782711618491_1_75.jpg","medium":"https:\/\/images.epagine.fr\/491\/9782711618491_1_m.jpg","thumbnail":"https:\/\/images.epagine.fr\/491\/9782711618491_1_v.jpg"},"orderable":true,"show_badge":true,"formatted_price":"31,00&nbsp;\u20ac","formatted_published_date":"19 juin 2006","publisher_availability_label":"Sur commande","short_details":"Jean-paul Paccioni \u2014 Vrin","translator":null,"weight":275,"page_count":240,"readership":null,"editor":"Vrin","price":3100,"published_date":"2006-06-18T22:00:00.000000Z","support":"Grand format","publisher_availability":1,"stock":0,"editions":[],"url":"https:\/\/quaidesbrumes.com\/ouvrage\/9782711618491\/cet-esprit-de-profondeur-christian-wolff-lontologie-et-la-metaphysique"},{"id":"9782711618521","title":"Vers une ontologie indirecte ; sources et enjeux critiques de l'appel a l'ontologie chez merleau-ponty","description":"A l'image du monde per\u00e7u, l'ontologie inachev\u00e9e de Merleau-Ponty vit \u00e0 l'horizon d'une s\u00e9rie d'esquisses qui se recoupent, dans la recherche de la profondeur commune de la chair et de l'\u00eatre. Pour comprendre le statut et les enjeux critiques de cette entreprise, il faut revenir aux origines de la revendication, par le philosophe, de la port\u00e9e ontologique de sa r\u00e9flexion. Les objections rencontr\u00e9es \u00e0 la r\u00e9ception de ses premiers travaux poussent Merleau-Ponty \u00e0 radicaliser sa pens\u00e9e et \u00e0 mieux formuler l'originalit\u00e9 de sa d\u00e9marche : celle d'une ontologie indirecte, qui vit des faits primitifs qui sont ceux du corps, dans une relation essentielle avec la non-philosophie. Dans ce progr\u00e8s m\u00eame, le paysage critique de l'auteur se compl\u00e8te. Aux c\u00f4t\u00e9s des sc\u00e9narios cart\u00e9sien et sartrien - analys\u00e9s par nos deux pr\u00e9c\u00e9dents ouvrages -, Merleau-Ponty \u00e9labore progressivement un nouveau sc\u00e9nario critique, moins abouti mais tout aussi s\u00e9v\u00e8re. Un sc\u00e9nario heidegg\u00e9rien. Celui-ci invite plus que jamais \u00e0 poursuivre, \u00e0 la lumi\u00e8re des in\u00e9dits, la restitution de la longue transition qui s\u00e9pare la Ph\u00e9nom\u00e9nologie de la perception du Visible et l'invisible, et \u00e0 consid\u00e9rer sous un jour nouveau l'ontologie du dernier Merleau-Ponty.","authors":["Emmanuel de Saint aubert"],"category_codes":["9000000","9080000","9080200","9080204"],"visuals":{"large":"https:\/\/images.epagine.fr\/521\/9782711618521_1_75.jpg","medium":"https:\/\/images.epagine.fr\/521\/9782711618521_1_m.jpg","thumbnail":"https:\/\/images.epagine.fr\/521\/9782711618521_1_v.jpg"},"orderable":true,"show_badge":true,"formatted_price":"35,00&nbsp;\u20ac","formatted_published_date":"18 septembre 2006","publisher_availability_label":"Sur commande","short_details":"Emmanuel de Saint aubert \u2014 Vrin","translator":null,"weight":316,"page_count":280,"readership":null,"editor":"Vrin","price":3500,"published_date":"2006-09-17T22:00:00.000000Z","support":"Grand format","publisher_availability":1,"stock":0,"editions":[],"url":"https:\/\/quaidesbrumes.com\/ouvrage\/9782711618521\/vers-une-ontologie-indirecte-sources-et-enjeux-critiques-de-lappel-a-lontologie-chez-merleau-ponty"},{"id":"9782711618569","title":"Le r\u00e9alisme propositionnel","description":"Les \u00e9nonc\u00e9s d\u00e9claratifs - les propositions - poss\u00e8dent-ils un signifi\u00e9 propre et, le cas \u00e9ch\u00e9ant, de quelle nature est ce \u00ab signifi\u00e9 propositionnel \u00bb? Les quatre penseurs du XIVe si\u00e8cle \u00e9tudi\u00e9s dans ce livre - Jean Duns Scot, Gauthier Burley, Richard Brinkley et Jean Wyclif - ont en commun non seulement de reconna\u00eetre l'existence de tels signifi\u00e9s, mais encore de poser qu'il s'agit de complexes de choses ind\u00e9pendants du langage. Telle est la th\u00e8se centrale du \u00ab r\u00e9alisme propositionnel \u00bb dont Gauthier Burley, d\u00e9fendant l'existence de \u00ab propositions r\u00e9elles \u00bb (propositiones in re) donne la formulation \u00e0 la fois la plus forte et la plus probl\u00e9matique. On s'est d\u00e8s lors efforc\u00e9 de contextualiser cette th\u00e8se et d'en pr\u00e9ciser le sens, aboutissant \u00e0 un double r\u00e9sultat : premi\u00e8rement, les signifi\u00e9s propositionnels ne sont ni des entit\u00e9s abstraites (platoniciennes), ni des complexes r\u00e9els \u00ab bruts \u00bb, mais des objets que l'on peut qualifier d'intentionnels, \u00e0 savoir des contenus cognitifs objectivement fond\u00e9s dans les choses; deuxi\u00e8mement, le r\u00e9alisme propositionnel est une cat\u00e9gorie historiographique et philosophique de plein droit, d\u00e9pendante mais bien distincte du r\u00e9alisme des universaux.","authors":["Laurent Cesalli"],"category_codes":["9000000","9080000","9080200","9080204"],"visuals":{"large":"https:\/\/images.epagine.fr\/569\/9782711618569_1_75.jpg","medium":"https:\/\/images.epagine.fr\/569\/9782711618569_1_m.jpg","thumbnail":"https:\/\/images.epagine.fr\/569\/9782711618569_1_v.jpg"},"orderable":true,"show_badge":true,"formatted_price":"55,00&nbsp;\u20ac","formatted_published_date":"15 f\u00e9vrier 2007","publisher_availability_label":"Sur commande","short_details":"Laurent Cesalli \u2014 Vrin","translator":null,"weight":576,"page_count":476,"readership":null,"editor":"Vrin","price":5500,"published_date":"2007-02-14T23:00:00.000000Z","support":"Grand format","publisher_availability":1,"stock":0,"editions":[],"url":"https:\/\/quaidesbrumes.com\/ouvrage\/9782711618569\/le-realisme-propositionnel"},{"id":"9782711618729","title":"Contigence et n\u00e9cessit\u00e9 des lois de la nature au XVIII si\u00e8cle ; la philosophie seconde des lumi\u00e8res","description":"L'empirisme des Lumi\u00e8res, en philosophie de la connaissance, ne s'accomplit pas fatalement dans le scepticisme de Hume et ne renonce pas in\u00e9vitablement \u00e0 une conception forte de la n\u00e9cessit\u00e9 dans le monde. Au milieu du XVIIIe si\u00e8cle, les meilleurs philosophes qui se r\u00e9clament de Locke et de Newton interrogent le statut modal des lois de la nature et se demandent si elles pourraient s'av\u00e9rer aussi n\u00e9cessaires que les v\u00e9rit\u00e9s math\u00e9matiques. Cette tentative passe par une critique de l'h\u00e9ritage leibniziano-wolffien, \u00e0 propos de la n\u00e9cessit\u00e9 ex hypothesi des lois de la nature et du statut des mondes possibles, et elle se joue autour des contributions de Maupertuis. C'est sous son inspiration que l'Acad\u00e9mie de Berlin publie la question de savoir si les lois du mouvement sont de v\u00e9rit\u00e9 n\u00e9cessaire ou contingente et le pr\u00e9sent ouvrage offre une premi\u00e8re \u00e9tude d'ensemble des archives in\u00e9dites de ce concours. Ainsi s'\u00e9clairent les contributions majeures de d'Alembert et de Kant, en m\u00eame temps que se renouvelle notre compr\u00e9hension de la philosophie seconde des Lumi\u00e8res. L'id\u00e9e de nature, jusqu'\u00e0 la fin du XVIIIe si\u00e8cle, engage toujours une th\u00e9orie de l'ordre et, en fin de compte, une prise de position sur la th\u00e9ologie physique - sur le rapport de l'intelligence souveraine \u00e0 la contingence, mais aussi \u00e0 la n\u00e9cessit\u00e9 des lois qui organisent les ph\u00e9nom\u00e8nes.","authors":["Andr\u00e9 Charrak"],"category_codes":["9000000","9080000","9080200","9080204"],"visuals":{"large":"https:\/\/images.epagine.fr\/729\/9782711618729_1_75.jpg","medium":"https:\/\/images.epagine.fr\/729\/9782711618729_1_m.jpg","thumbnail":"https:\/\/images.epagine.fr\/729\/9782711618729_1_v.jpg"},"orderable":true,"show_badge":true,"formatted_price":"28,00&nbsp;\u20ac","formatted_published_date":"27 novembre 2006","publisher_availability_label":"Sur commande","short_details":"Andr\u00e9 Charrak \u2014 Vrin","translator":null,"weight":365,"page_count":224,"readership":null,"editor":"Vrin","price":2800,"published_date":"2006-11-26T23:00:00.000000Z","support":"Grand format","publisher_availability":1,"stock":0,"editions":[],"url":"https:\/\/quaidesbrumes.com\/ouvrage\/9782711618729\/contigence-et-necessite-des-lois-de-la-nature-au-xviii-siecle-la-philosophie-seconde-des-lumieres"},{"id":"9782711618859","title":"Territoires du sens","description":"Dans ce livre, on comprend l'ambition de la philosophie comme celle de \u00ab rendre compte \u00bb de l'exp\u00e9rience humaine, dans sa richesse et sa diversit\u00e9, comme une sorte de patchwork de territoires du sens. De l'\u00e9nigme du sens au \u00ab sens commun \u00bb, l'auteur tente de comprendre et de d\u00e9crire les mondes arbitraires de notre vie o\u00f9 s'engagent nos passions - tels les mondes du politique, de l'amour, du sujet - pour mettre en oeuvre une nouvelle m\u00e9thode descriptive d'inspiration ph\u00e9nom\u00e9nologique suivant l'exigence g\u00e9n\u00e9rale d'une \u00e9thique du sens.","authors":["Jean-Michel Salanskis"],"category_codes":["9000000","9080000","9080200","9080204"],"visuals":{"large":"https:\/\/images.epagine.fr\/859\/9782711618859_1_75.jpg","medium":"https:\/\/images.epagine.fr\/859\/9782711618859_1_m.jpg","thumbnail":"https:\/\/images.epagine.fr\/859\/9782711618859_1_v.jpg"},"orderable":true,"show_badge":true,"formatted_price":"17,00&nbsp;\u20ac","formatted_published_date":"28 mai 2007","publisher_availability_label":"Sur commande","short_details":"Jean-Michel Salanskis \u2014 Vrin","translator":null,"weight":280,"page_count":256,"readership":null,"editor":"Vrin","price":1700,"published_date":"2007-05-27T22:00:00.000000Z","support":"Grand format","publisher_availability":1,"stock":0,"editions":[],"url":"https:\/\/quaidesbrumes.com\/ouvrage\/9782711618859\/territoires-du-sens"},{"id":"9782711618934","title":"L'assentiment et son objet chez gregoire de rimini","description":"Auteur de le\u00e7ons sur les Sentences publi\u00e9es \u00e0 Paris en 1346, Gr\u00e9goire de Rimini est associ\u00e9 aux origines de la R\u00e9forme car Luther d\u00e9clara un jour avoir appr\u00e9ci\u00e9 sa pens\u00e9e. Consid\u00e9r\u00e9 \u00e0 partir du XVIIe si\u00e8cle comme le d\u00e9fenseur de la th\u00e8se du Dieu trompeur (Mersenne, Bayle) ou comme une source du jans\u00e9nisme (Arnauld), il a \u00e9t\u00e9 pr\u00e9sent\u00e9 au XXe si\u00e8cle comme un r\u00e9aliste, pr\u00e9curseur de la th\u00e9orie des objets de Meinong.Le pr\u00e9sent ouvrage confronte \u00e0 ces interpr\u00e9tations, voire \u00e0 ces l\u00e9gendes, les donn\u00e9es de l'histoire et des textes. Plusieurs points sont \u00e9lucid\u00e9s. L'entrelacement caract\u00e9ristique de raisonnements philosophiques et th\u00e9ologiques est replac\u00e9 dans le contexte m\u00e9di\u00e9val de la pluridisciplinarit\u00e9 des parcours d'\u00e9tudes. Les succ\u00e8s et la condamnation de l'ockhamisme naissant sont analys\u00e9s \u00e0 travers leur \u00e9cho imm\u00e9diat chez ce ma\u00eetre que Leibniz comptait encore \u00e0 raison parmi les Nominaux. L'arr\u00eat sur la question de l'assentiment montre avec pr\u00e9cision le style nominaliste \u00e0 l'oeuvre. Recueillant de multiples d\u00e9finitions grecques, latines et arabes, de la croyance ou de la foi, Gr\u00e9goire refuse de leur attribuer un objet qui soit une entit\u00e9 : celui-ci est seulement \u00ab signifiable par un complexe \u00bb, c'est-\u00e0-dire par une proposition.","authors":["Bermon"],"category_codes":["9000000","9080000"],"visuals":{"large":"https:\/\/images.epagine.fr\/934\/9782711618934_1_75.jpg","medium":"https:\/\/images.epagine.fr\/934\/9782711618934_1_m.jpg","thumbnail":"https:\/\/images.epagine.fr\/934\/9782711618934_1_v.jpg"},"orderable":true,"show_badge":true,"formatted_price":"54,00&nbsp;\u20ac","formatted_published_date":"15 septembre 2007","publisher_availability_label":"Sur commande","short_details":"Bermon \u2014 Vrin","translator":null,"weight":696,"page_count":428,"readership":null,"editor":"Vrin","price":5400,"published_date":"2007-09-14T22:00:00.000000Z","support":"Grand format","publisher_availability":1,"stock":0,"editions":[],"url":"https:\/\/quaidesbrumes.com\/ouvrage\/9782711618934\/lassentiment-et-son-objet-chez-gregoire-de-rimini"},{"id":"9782711618941","title":"Aristote ; une philosophie pratique ; praxis, politique et bonheur","description":"La singularit\u00e9 la plus frappante de la philosophie d'Aristote est que, pour la toute premi\u00e8re fois dans l'histoire de la pens\u00e9e occidentale, elle institue avec la plus grande rigueur la pratique humaine dans son autonomie, tant vis-\u00e0-vis de la th\u00e9orie que vis-\u00e0-vis de la technique. La rationalit\u00e9 des \u00ab choses humaines \u00bb - c'est-\u00e0-dire celle du monde auquel nous sommes, pour autant qu'il est configur\u00e9 jusque dans son sens par notre pratique \u00e9thique et politique - ne rel\u00e8ve en effet pour lui ni de la connaissance th\u00e9orique des causes de ce qui est, ni d'un quelconque savoir-faire techniquement efficace ou rh\u00e9toriquement persuasif. Pratique, politique et bonheur humain s'articulent d\u00e8s lors en une constellation de sens radicalement diff\u00e9rente de celles que Platon, d'une part, et les sophistes, d'autre part, avaient pu mettre en place, sous l'\u00e9gide, pour le premier, de la sagesse th\u00e9orique et, pour les seconds, de la comp\u00e9tence langagi\u00e8re. C'est cette constellation que le pr\u00e9sent volume entreprend de parcourir.\r\nOn entrecroise ici les th\u00e8mes directeurs de la praxis, du langage, du savoir politique et du bonheur humain. Cet entrecroisement permet de cerner les contours de la conception aristot\u00e9licienne de la \u00ab v\u00e9rit\u00e9 pratique \u00bb et des modes du langage susceptibles de la dire au plus juste et de la faire partager. L'ordre sp\u00e9cifique du bonheur humain s'en trouve \u00e9clair\u00e9, ainsi que le rapport entre ce bonheur et les vertus, ou entre l'essence et le \u00ab type \u00bb dans le domaine de la connaissance pratique.","authors":["Pierre Rodrigo"],"category_codes":["9000000","9080000","9080200","9080204"],"visuals":{"large":"https:\/\/images.epagine.fr\/941\/9782711618941_1_75.jpg","medium":"https:\/\/images.epagine.fr\/941\/9782711618941_1_m.jpg","thumbnail":"https:\/\/images.epagine.fr\/941\/9782711618941_1_v.jpg"},"orderable":true,"show_badge":true,"formatted_price":"24,00&nbsp;\u20ac","formatted_published_date":"20 novembre 2006","publisher_availability_label":"Sur commande","short_details":"Pierre Rodrigo \u2014 Vrin","translator":null,"weight":350,"page_count":160,"readership":null,"editor":"Vrin","price":2400,"published_date":"2006-11-19T23:00:00.000000Z","support":"Grand format","publisher_availability":1,"stock":0,"editions":[],"url":"https:\/\/quaidesbrumes.com\/ouvrage\/9782711618941\/aristote-une-philosophie-pratique-praxis-politique-et-bonheur"},{"id":"9782711618989","title":"Renaissance de la philosophie ; quatre articles","description":"Fondateur de l'Institut de psychologie de Berlin, qui a donn\u00e9 naissance \u00e0 la psychologie de la forme, et pr\u00e9curseur de la musicologie compar\u00e9e, Carl Stumpf doit sa renomm\u00e9e surtout \u00e0 ses travaux dans le domaine de la psychologie du son et de la musicologie.\r\nLa publication de quatre de ses textes philosophiques les plus importants vise \u00e0 faire conna\u00eetre aux lecteurs francophones la contribution \u00e0 la philosophie de l'un des premiers \u00e9tudiants de Brentano et du ma\u00eetre du jeune Husserl. Outre l'autobiographie remarquablement pr\u00e9cise dans laquelle il d\u00e9crit notamment l'ensemble de ses travaux jusqu'en 1924, nous avons r\u00e9uni trois textes dans lesquels sont pr\u00e9sent\u00e9s les principes fondamentaux du programme philosophique de Stumpf. La renaissance de la philosophie est son discours de rectorat prononc\u00e9 \u00e0 l'universit\u00e9 de Berlin en 1907. Les deux textes de l'Acad\u00e9mie, Ph\u00e9nom\u00e8nes et fonctions psychiques et De la classification des sciences, publi\u00e9s tous les deux en 1906 par l'Acad\u00e9mie royale de Berlin, ont fait l'objet de nombreuses discussions \u00e0 cette \u00e9poque. Ils se compl\u00e8tent admirablement puisque la distinction qui donne son titre au premier fonde la classification des sciences qui fait l'objet du second. Cet ouvrage contient \u00e9galement une pr\u00e9sentation substantielle de l'oeuvre de Stumpf et du contexte historique auquel appartiennent ces quatre textes.","authors":["Carl Stumpf"],"category_codes":["9000000","9080000","9080200","9080204"],"visuals":{"large":"https:\/\/images.epagine.fr\/989\/9782711618989_1_75.jpg","medium":"https:\/\/images.epagine.fr\/989\/9782711618989_1_m.jpg","thumbnail":"https:\/\/images.epagine.fr\/989\/9782711618989_1_v.jpg"},"orderable":true,"show_badge":true,"formatted_price":"33,00&nbsp;\u20ac","formatted_published_date":"2 janvier 2007","publisher_availability_label":"Sur commande","short_details":"Carl Stumpf \u2014 Vrin","translator":null,"weight":405,"page_count":336,"readership":null,"editor":"Vrin","price":3300,"published_date":"2007-01-01T23:00:00.000000Z","support":"Grand format","publisher_availability":1,"stock":0,"editions":[],"url":"https:\/\/quaidesbrumes.com\/ouvrage\/9782711618989\/renaissance-de-la-philosophie-quatre-articles"}]}