{"data":[{"id":"9782711617500","title":"Hobbes, Descartes et la m\u00e9taphysique","description":"Dans une lettre fort c\u00e9l\u00e8bre adress\u00e9e \u00e0 Marin Mersenne le 4 mars 1641, Ren\u00e9 Descartes dit de Thomas Hobbes, l'\u00ab Anglois \u00bb : \u00ab je crois que le meilleur est que je n'ai point du tout de commerce avec lui, et pour cette fin, que je m'abstienne de lui r\u00e9pondre; car, s'il est de l'humeur que je le juge, nous ne saurions gu\u00e8re conf\u00e9rer ensemble sans devenir ennemis \u00bb. Quant \u00e0 Hobbes, selon le t\u00e9moignage de John Aubrey, il avait apparemment coutume de dire que Descartes, \u00ab s'il s'en \u00e9tait tenu \u00e0 la g\u00e9om\u00e9trie, aurait \u00e9t\u00e9 le meilleur g\u00e9om\u00e8tre du monde, mais sa t\u00eate n'est pas faite pour la philosophie \u00bb. Pourquoi alors \u00ab Hobbes, Descartes et la m\u00e9taphysique \u00bb. En r\u00e9alit\u00e9, l'opposition entre Hobbes et Descartes concerne peut-\u00eatre - c'est du moins l'hypoth\u00e8que que ce livre envisage et tente d'explorer - la fa\u00e7on dont le philosophe anglais a cherch\u00e9 \u00e0 constiture avec et contre Descarte, un privil\u00e8ge de la physica au sein de la philosophia prima. D'o\u00f9 la n\u00e9cessit\u00e9 de reprendre \u00e0 nouveau frais les enjeux du d\u00e9bat qui fit s'affronter Hobbes et Descartes autrement que sous la seule forme de l'injure et de l'attaque ad hominem. D'o\u00f9 \u00e9galement la n\u00e9cessit\u00e9 de s'interroger sur les liens qui rattachent peut-\u00eatre la philosophie premi\u00e8re de Hobbes au \u00ab syst\u00e8me de la m\u00e9taphysique \u00bb tel que ce dernier s'est progressivement constitu\u00e9, au XVIIe si\u00e8cle, avec l'\u00e9laboration de l'ontologia.","authors":["Dominique Weber"],"category_codes":["9000000","9080000","9080200","9080204"],"visuals":{"large":"https:\/\/images.epagine.fr\/500\/9782711617500_1_75.jpg","medium":"https:\/\/images.epagine.fr\/500\/9782711617500_1_m.jpg","thumbnail":"https:\/\/images.epagine.fr\/500\/9782711617500_1_v.jpg"},"orderable":true,"show_badge":true,"formatted_price":"22,00&nbsp;\u20ac","formatted_published_date":"4 novembre 2005","publisher_availability_label":"Sur commande","short_details":"Dominique Weber \u2014 Vrin","translator":null,"weight":310,"page_count":192,"readership":null,"editor":"Vrin","price":2200,"published_date":"2005-11-03T23:00:00.000000Z","support":"Grand format","publisher_availability":1,"stock":0,"editions":[],"url":"https:\/\/quaidesbrumes.com\/ouvrage\/9782711617500\/hobbes-descartes-et-la-metaphysique"},{"id":"9782711617517","title":"Le mat\u00e9rialisme occult\u00e9 et la gen\u00e8se du  sensualisme : \u00c9crire l'histoire de la philosophie en France","description":"Cet ouvrage r\u00e9v\u00e8le les sch\u00e9mas historiques et les occultations intentionnelles du mat\u00e9rialisme qu'ont impos\u00e9s en France les conceptions uniformes de l'\u00e9criture de l'histoire de la philosophie de Deg\u00e9rando, Cousin et Damiron. A c\u00f4t\u00e9 de l'anti-mat\u00e9rialisme g\u00e9n\u00e9ralis\u00e9 des premiers historiens de la philosophie du XIXe si\u00e8cle, \u00e0 l'exception toutefois de Paul-Marie Laurent, l'auteur souligne aussi la gen\u00e8se de leurs innovations conceptuelles : l'apparition, en 1801-1804, via Kant et Villers, de la cat\u00e9gorie doctrinale, alors in\u00e9dite en France, de \u00ab sensualisme \u00bb. Omissions et innovations dont les effets courent encore jusqu'\u00e0 nous et dont l'oubli occasionne bien des anachronismes.","authors":["Daled Pierre F."],"category_codes":["9000000","9080000"],"visuals":{"large":"https:\/\/images.epagine.fr\/517\/9782711617517_1_75.jpg","medium":"https:\/\/images.epagine.fr\/517\/9782711617517_1_m.jpg","thumbnail":"https:\/\/images.epagine.fr\/517\/9782711617517_1_v.jpg"},"orderable":true,"show_badge":true,"formatted_price":"29,00&nbsp;\u20ac","formatted_published_date":"27 juin 2005","publisher_availability_label":"Sur commande","short_details":"Daled Pierre F. \u2014 Vrin","translator":null,"weight":480,"page_count":320,"readership":null,"editor":"Vrin","price":2900,"published_date":"2005-06-26T22:00:00.000000Z","support":"Grand format","publisher_availability":1,"stock":0,"editions":[],"url":"https:\/\/quaidesbrumes.com\/ouvrage\/9782711617517\/le-materialisme-occulte-et-la-genese-du-sensualisme-ecrire-lhistoire-de-la-philosophie-en-france"},{"id":"9782711617586","title":"Henri Gouhier se souvient... ou comment on devient historien des id\u00e9es","description":"Le pr\u00e9sent ouvrage offre au lecteur un regard tout \u00e0 la fois in\u00e9dit et \u00e9rudit sur la pens\u00e9e d'Henri Gouhier.\r\nConstitu\u00e9 \u00e0 partir d'une s\u00e9rie de cinq entretiens radiophoniques entre Henri Gouhier et Jean-Maurice de Montremy, r\u00e9alis\u00e9s en 1990 pour France-Culture, il nous est ainsi montr\u00e9 un visage \u00ab intimiste \u00bb d'Henri Gouhier, racontant simplement \u00ab l'histoire de son esprit \u00bb, et comment il s'est attach\u00e9 \u00e0 mettre toutes ses ressources \u00e0 faire revivre les grands philosophes fran\u00e7ais du pass\u00e9, tels Maurice Barr\u00e8s, Descartes et Malebranche, Auguste Comte et Maine de Biran, Bergson et, bien s\u00fbr, \u00e0 son ma\u00eetre et ami \u00c9tienne Gilson.\r\nL'ouvrage pr\u00e9sente \u00e9galement, avec une consid\u00e9rable minutie, une bibliographie g\u00e9n\u00e9rale des oeuvres de Henri Gouhier, par le biais de laquelle nous voyons l'immense ouverture d'esprit dont a fait preuve Gouhier, en s'int\u00e9ressant non seulement \u00e0 la philosophie mais aussi \u00e0 la litt\u00e9rature et au th\u00e9\u00e2tre, \u00e0 la vie m\u00eame de son temps.\r\nSont donn\u00e9s enfin des appendices qui retracent chacun \u00e0 leur mani\u00e8re les diff\u00e9rentes \u00e9tapes (du coll\u00e9gient \u00e0 l'acad\u00e9micien), les diff\u00e9rentes postures et les diff\u00e9rents engagements qui marqu\u00e8rent la vie et la pens\u00e9e philosophiques de l'auteur.","authors":["Henri Gouhier"],"category_codes":["9000000","9080000","9080200","9080204"],"visuals":{"large":"https:\/\/images.epagine.fr\/586\/9782711617586_1_75.jpg","medium":"https:\/\/images.epagine.fr\/586\/9782711617586_1_m.jpg","thumbnail":"https:\/\/images.epagine.fr\/586\/9782711617586_1_v.jpg"},"orderable":true,"show_badge":true,"formatted_price":"31,00&nbsp;\u20ac","formatted_published_date":"12 d\u00e9cembre 2005","publisher_availability_label":"Sur commande","short_details":"Henri Gouhier \u2014 Vrin","translator":null,"weight":270,"page_count":240,"readership":null,"editor":"Vrin","price":3100,"published_date":"2005-12-11T23:00:00.000000Z","support":"Grand format","publisher_availability":1,"stock":0,"editions":[],"url":"https:\/\/quaidesbrumes.com\/ouvrage\/9782711617586\/henri-gouhier-se-souvient-ou-comment-on-devient-historien-des-idees"},{"id":"9782711617616","title":"Introduction \u00e0 la philosophie du mythe Tome i: Sauver les mythes","description":"Depuis l'Antiquit\u00e9 jusqu'\u00e0 la Renaissance, la transmission des mythes de la Gr\u00e8ce Ancienne et de Rome fut assur\u00e9e de fa\u00e7on paradoxale par la philosophie qui, apr\u00e8s avoir d\u00e9nonc\u00e9 l'incapacit\u00e9 de ces r\u00e9cits \u00e0 transmettre la v\u00e9rit\u00e9 et \u00e0 d\u00e9velopper une argumentation, s'employa gr\u00e2ce \u00e0 cet instrument ex\u00e9g\u00e9tique que repr\u00e9sente l'all\u00e9gorie, \u00e0 montrer comment sous leurs \u00e9l\u00e9ments les plus surprenants et les plus scandaleux se dissimulait la signification philosophique la plus haute.\r\nCet ouvrage propose une somme d'informations historiques, textuelles et doctrinales sur les m\u00e9tamorphoses que subit l'interpr\u00e9tation all\u00e9gorique des mythes pendant deux mill\u00e9naires. Cette nouvelle \u00e9dition corrig\u00e9e tient compte de la plupart des travaux sur l'interpr\u00e9tation all\u00e9gorique parus depuis une dizaine d'ann\u00e9es.","authors":["Brisson Luc"],"category_codes":["9000000","9080000","9080400"],"visuals":{"large":"https:\/\/quaidesbrumes.com\/img\/book-placeholder.png","medium":"https:\/\/quaidesbrumes.com\/img\/book-placeholder.png","thumbnail":"https:\/\/quaidesbrumes.com\/img\/book-placeholder.png"},"orderable":true,"show_badge":true,"formatted_price":"28,00&nbsp;\u20ac","formatted_published_date":"19 septembre 2005","publisher_availability_label":"Sur commande","short_details":"Brisson Luc \u2014 Vrin","translator":null,"weight":450,"page_count":256,"readership":null,"editor":"Vrin","price":2800,"published_date":"2005-09-18T22:00:00.000000Z","support":"Grand format","publisher_availability":1,"stock":0,"editions":[],"url":"https:\/\/quaidesbrumes.com\/ouvrage\/9782711617616\/introduction-a-la-philosophie-du-mythe-tome-i-sauver-les-mythes"},{"id":"9782711617623","title":"All\u00e9gorie des po\u00e8tes, all\u00e9gorie des philosophes : \u00c9tudes sur la po\u00e9tique et l'herm\u00e9neutique de l'all\u00e9gorie de l'Antiquit\u00e9 \u00e0 la R\u00e9forme","description":"L'all\u00e9gorie \u00e9tait-elle pratiqu\u00e9e par les po\u00e8tes avant que les philosophes ne la d\u00e9couvrent dans leurs textes? Les all\u00e9gories fournies par les th\u00e9oriciens antiques correspondent-elles aux ph\u00e9nom\u00e8nes que l'interpr\u00e9tation all\u00e9gorique pr\u00e9tend exploiter? De telles questions d'histoire litt\u00e9raire ou doctrinale ne peuvent \u00eatre abord\u00e9es sans une r\u00e9flexion conceptuelle sur la notion m\u00eame d'all\u00e9gorie.\r\nLes \u00e9tudes r\u00e9unies ici, issues d'une table ronde internationale organis\u00e9e par l'Institut des traditions textuelles, concernent les \u00e9tapes les plus importantes de l'histoire de l'all\u00e9gorie. On y trouve ainsi des contributions sur les sto\u00efciens, les ex\u00e9g\u00e8tes jud\u00e9o-chr\u00e9tiens, les traditions juive, musulmane et chr\u00e9tienne, les po\u00e8tes anglais, ouencore les alchimistes. On y trouve \u00e9galement une large r\u00e9flexion permettant de discriminer entre fausses et vraies all\u00e9gories, de d\u00e9partager les formes originelles de la m\u00e9thode all\u00e9goriques de ses formes d\u00e9voy\u00e9es, de saisir sa raison d'\u00eatre autant que son usage dans les textes v\u00e9n\u00e9r\u00e9s ou dans les savoirs.","authors":["Buttgen","Chiron","Lory"],"category_codes":["9000000","9080000"],"visuals":{"large":"https:\/\/images.epagine.fr\/623\/9782711617623_1_75.jpg","medium":"https:\/\/images.epagine.fr\/623\/9782711617623_1_m.jpg","thumbnail":"https:\/\/images.epagine.fr\/623\/9782711617623_1_v.jpg"},"orderable":true,"show_badge":true,"formatted_price":"37,00&nbsp;\u20ac","formatted_published_date":"27 juin 2005","publisher_availability_label":"Sur commande","short_details":"Buttgen, Chiron, Lory \u2014 Vrin","translator":null,"weight":620,"page_count":345,"readership":null,"editor":"Vrin","price":3700,"published_date":"2005-06-26T22:00:00.000000Z","support":"Grand format","publisher_availability":1,"stock":0,"editions":[],"url":"https:\/\/quaidesbrumes.com\/ouvrage\/9782711617623\/allegorie-des-poetes-allegorie-des-philosophes-etudes-sur-la-poetique-et-lhermeneutique-de-lallegorie-de-lantiquite-a-la-reforme"},{"id":"9782711617630","title":"Le sc\u00e9nario cart\u00e9sien","description":"sl255Second volet d'une relecture de l'oeuvre de Merleau-Ponty \u00e0 la lumi\u00e8re de ses in\u00e9dits, cet ouvrage explore la fa\u00e7on dont l'intention philosophique de l'auteur est de bout en bout anim\u00e9e par une lecture critique de l'entreprise cart\u00e9sienne. Merleau-Ponty entend affronter le \u00ab tremblement vite surmont \u00bb qui aurait \u00e9t\u00e9 celui de Descartes face aux \u00ab confusion \u00bb de la chair. Marqu\u00e9 par l'enracinement des ann\u00e9es trente, par une opposition farouche \u00e0 l'id\u00e9alisme de L\u00e9on Brunschvicg, mais aussi par l'influence s\u00e9minale de Gabriel Marcel et Max Scheler, ce sc\u00e9nario m\u00fbrit ensuite au fil de l'oeuvre et revient en force dans les esquisses ontologiques tardives, pour d\u00e9noncer une \u00ab ontologie cart\u00e9sienne de l'objet \u00bb d\u00e9sormais \u00e9largie \u00e0 la pens\u00e9e de Leibniz.","authors":["Emmanuel de Saint aubert"],"category_codes":["9000000","9080000","9080200","9080204"],"visuals":{"large":"https:\/\/images.epagine.fr\/630\/9782711617630_1_75.jpg","medium":"https:\/\/images.epagine.fr\/630\/9782711617630_1_m.jpg","thumbnail":"https:\/\/images.epagine.fr\/630\/9782711617630_1_v.jpg"},"orderable":true,"show_badge":true,"formatted_price":"35,00&nbsp;\u20ac","formatted_published_date":"19 septembre 2005","publisher_availability_label":"Sur commande","short_details":"Emmanuel de Saint aubert \u2014 Vrin","translator":null,"weight":305,"page_count":272,"readership":null,"editor":"Vrin","price":3500,"published_date":"2005-09-18T22:00:00.000000Z","support":"Grand format","publisher_availability":1,"stock":0,"editions":[],"url":"https:\/\/quaidesbrumes.com\/ouvrage\/9782711617630\/le-scenario-cartesien"},{"id":"9782711617685","title":"Perspectives m\u00e9di\u00e9vales et arabes","description":"Les textes rassembl\u00e9s dans ce volume datent presque tous de la derni\u00e8re d\u00e9cennis du si\u00e8cle \u00e9coul\u00e9. Ils sont regroup\u00e9s en trois ensembles. Le premier, Perspectives m\u00e9di\u00e9vales, est consacr\u00e9 au seul XIIe si\u00e8cle; il y est trait\u00e9 de po\u00e9sie et de philosophie d'abord, puis de philosophie abord\u00e9e notammment par son acc\u00e8s naturel\u00a0: la s\u00e9mantique du nom, chez Ab\u00e9lard, Bernard de Chartres, Gilbert de la Porr\u00e9e et m\u00eame, en remontant quelque peu le temps, chez Roscelin\u00a0: on a cherch\u00e9 \u00e0 d\u00e9dcouvrir ce que dissimulent les \"t\u00e9moignages\" malveillants de ses adversaires. La deuxi\u00e8me partie, Transferts et dissentiments, d\u00e9crit le cheminement du grec \u00e0 l'arabe et au latin - \u00e0 propos de l'intellect agent, des classifications des sciences - et analyse les dissensions au sein de la philosophie arabe. La troisi\u00e8me partie, Arabica, esquisse une histoire de la hikma aux premiers temps de cette philosophie et aborde sur des points particuliers al-Kindi et Avicenne.","authors":["Jean Jolivet"],"category_codes":["9000000","9080000","9080500"],"visuals":{"large":"https:\/\/images.epagine.fr\/685\/9782711617685_1_75.jpg","medium":"https:\/\/images.epagine.fr\/685\/9782711617685_1_m.jpg","thumbnail":"https:\/\/images.epagine.fr\/685\/9782711617685_1_v.jpg"},"orderable":true,"show_badge":true,"formatted_price":"45,00&nbsp;\u20ac","formatted_published_date":"6 juin 2006","publisher_availability_label":"Sur commande","short_details":"Jean Jolivet \u2014 Vrin","translator":null,"weight":625,"page_count":320,"readership":null,"editor":"Vrin","price":4500,"published_date":"2006-06-05T22:00:00.000000Z","support":"Grand format","publisher_availability":1,"stock":0,"editions":[],"url":"https:\/\/quaidesbrumes.com\/ouvrage\/9782711617685\/perspectives-medievales-et-arabes"},{"id":"9782711617708","title":"Le temps, l'\u00e9ternit\u00e9 et la prescience de Bo\u00e8ce \u00e0 Thomas d'Aquin","description":"Si Dieu pr\u00e9voit toute chose, rien n'arrive sauf par n\u00e9cessit\u00e9 car il y a incompatibilit\u00e9 entre la certitude de la connaissance et la contingence. Une des r\u00e9ponses classiques est celle que la philosophie analytique nomme \u00ab la solution bo\u00e9cienne \u00bb ou \u00ab de Thomas d'Aquin \u00bb et qui repose sur l'id\u00e9e que Dieu est atemporellement \u00e9ternel.\r\nDans ce livre, John Marenbon d\u00e9montre que les th\u00e9ories de ces deux auteurs ne correspondent pas \u00e0 cette solution dans le sens o\u00f9, selon eux, la connaissance est relative aux sujets connaissants. Deux chapitres sont consacr\u00e9s aux solutions du probl\u00e8me de la prescience avec, pour guides, Pierre Ab\u00e9lard, Guillaume de Conches, Pierre Lombard, Guillaume d'Auxerre, et d'autres. Dans le chapitre final, l'auteur pose la question de savoir jusqu'\u00e0 quel point les techniques de l'analyse pratiqu\u00e9e par la philosophie anglo-saxonne servent \u00e0 d\u00e9couvrir ce que les philosophes du Moyen \u00c2ge ont v\u00e9ritablement pens\u00e9.","authors":["Marenbon John"],"category_codes":["9000000","9080000","9080500"],"visuals":{"large":"https:\/\/images.epagine.fr\/708\/9782711617708_1_75.jpg","medium":"https:\/\/images.epagine.fr\/708\/9782711617708_1_m.jpg","thumbnail":"https:\/\/images.epagine.fr\/708\/9782711617708_1_v.jpg"},"orderable":true,"show_badge":true,"formatted_price":"20,50&nbsp;\u20ac","formatted_published_date":"27 juin 2005","publisher_availability_label":"Sur commande","short_details":"Marenbon John \u2014 Vrin","translator":null,"weight":445,"page_count":192,"readership":null,"editor":"Vrin","price":2050,"published_date":"2005-06-26T22:00:00.000000Z","support":"Grand format","publisher_availability":1,"stock":0,"editions":[],"url":"https:\/\/quaidesbrumes.com\/ouvrage\/9782711617708\/le-temps-leternite-et-la-prescience-de-boece-a-thomas-daquin"},{"id":"9782711617722","title":"Spinoza et le signe la gen\u00e8se de l'imagination","description":"La c\u00e9l\u00e8bre affirmation de Spinoza : veritas eget nullo signo signifie que la v\u00e9rit\u00e9 n'a besoin d'aucun signe; mais \u00e9galement que la v\u00e9rit\u00e9 ne manque d'aucun signe. Or, pr\u00e9cis\u00e9ment, qu'est-ce qu'un signe? Quelle est sa nature? Quelle est l'origine de la signification? Traditionnellement ces questions en appellent d'autres, qui concernent la nature de l'image et de la repr\u00e9sentation. Rarement interrog\u00e9 \u00e0 ce sujet, le spinozisme r\u00e9serve pourtant une place importante \u00e0 ces notions, qui mettent en jeu les principes m\u00eames de sa philosophie.\r\nSuivant la voie d'une g\u00e9n\u00e9alogie du signe, ce livre repense enti\u00e8rement la th\u00e9orie de l'imagination sur le mode indiqu\u00e9 par Spinoza lui-m\u00eame d'une cognitio ex signis, qui s'enracine dans la puissance du corps. Bien au del\u00e0 des fronti\u00e8res humaines qui lui sont trop souvent assign\u00e9es, l'imagination appara\u00eet comme indissociable d'une herm\u00e9neutique, qui embrasse une v\u00e9ritable \u00ab pens\u00e9e du corps \u00bb comprise \u00e0 l'\u00e9chelle d'une s\u00e9miose g\u00e9n\u00e9rale de la nature.\r\nDu coeur de l'\u00e2ge classique par del\u00e0 son si\u00e8cle, \u00e9merge alors une image insolite du spinozisme, \u00e0 la fois plus ancienne et plus moderne, qui le confirme dans son \u00ab anomalie \u00bb, mais l'ouvre aussi vers d'autres horizons. La philosophie de Spinoza est ainsi propos\u00e9e \u00e0 la r\u00e9flexion de tous ceux qui, depuis les sto\u00efciens et apr\u00e8s Peirce, aujourd'hui encore s'interrogent sur les enjeux de la pens\u00e9e du signe.","authors":["Lorenzo Vinciguerra"],"category_codes":["9000000","9080000","9080200","9080204"],"visuals":{"large":"https:\/\/images.epagine.fr\/722\/9782711617722_1_75.jpg","medium":"https:\/\/images.epagine.fr\/722\/9782711617722_1_m.jpg","thumbnail":"https:\/\/images.epagine.fr\/722\/9782711617722_1_v.jpg"},"orderable":true,"show_badge":true,"formatted_price":"35,00&nbsp;\u20ac","formatted_published_date":"19 septembre 2005","publisher_availability_label":"Sur commande","short_details":"Lorenzo Vinciguerra \u2014 Vrin","translator":null,"weight":375,"page_count":336,"readership":null,"editor":"Vrin","price":3500,"published_date":"2005-09-18T22:00:00.000000Z","support":"Grand format","publisher_availability":1,"stock":0,"editions":[],"url":"https:\/\/quaidesbrumes.com\/ouvrage\/9782711617722\/spinoza-et-le-signe-la-genese-de-limagination"},{"id":"9782711617739","title":"La Commission Leonine : Philologie et histoire au service de la pens\u00e9e","description":"Afin que la sagesse du Docteur Ang\u00e9lique soit diffus\u00e9e le plus largement possible, c'est ainsi que le pape Leon XII \u00e9nonce le but d'une nouvelle \u00e9dition des oeuvres de Thomas d'Aquin dans la lettre Iampridem considerando du 15 octobre 1879, quelques mois seulement apr\u00e8s la c\u00e9l\u00e8bre encyclique Aeterni Patris du 4 ao\u00fbt de la m\u00eame ann\u00e9e. Il est indiscutable que cet objectif n'a pas chang\u00e9 depuis cette premi\u00e8re d\u00e9finition de la future \u00e9dition L\u00e9onine. Et pourtant quel chemin parcouru!\r\nDepuis la mi-juin 2003, la Commission s'est install\u00e9e \u00e0 Paris, \u00e0 savoir le lieu o\u00f9 Thomas a enseign\u00e9 \u00e0 deux reprises et o\u00f9 il a r\u00e9dig\u00e9 quelques-unes de ses oeuvres majeures. Vu la signification de ce retour, il \u00e9tait indiqu\u00e9 de saluer cette arriv\u00e9e par une manifestation acad\u00e9mique et scientifique \u00e0 la Sorbonne. Sous l'\u00e9gide du Centre Pierre Ab\u00e9lard de l'UFR de philosophie de l'Universit\u00e9 de Paris IV, un public nombreux s'est r\u00e9uni le13 d\u00e9cembre 2003 pour entendre une s\u00e9rie de conf\u00e9rences dont l'objectif explicite et primordial \u00e9tait de montrer l'importance, la signification et l'enjeu scientifique et intellectuel de cette entreprise unique en son genre.","authors":["Bermon","Dahan","Imbach"],"category_codes":["9000000","9080000","9080500"],"visuals":{"large":"https:\/\/images.epagine.fr\/739\/9782711617739_1_75.jpg","medium":"https:\/\/images.epagine.fr\/739\/9782711617739_1_m.jpg","thumbnail":"https:\/\/images.epagine.fr\/739\/9782711617739_1_v.jpg"},"orderable":true,"show_badge":true,"formatted_price":"11,00&nbsp;\u20ac","formatted_published_date":"21 d\u00e9cembre 2005","publisher_availability_label":"Sur commande","short_details":"Bermon, Dahan, Imbach \u2014 Vrin","translator":null,"weight":280,"page_count":112,"readership":null,"editor":"Vrin","price":1100,"published_date":"2005-12-20T23:00:00.000000Z","support":"Grand format","publisher_availability":1,"stock":0,"editions":[],"url":"https:\/\/quaidesbrumes.com\/ouvrage\/9782711617739\/la-commission-leonine-philologie-et-histoire-au-service-de-la-pensee"},{"id":"9782711617746","title":"Philosophie compar\u00e9e : Gr\u00e8ce, Inde, Chine","description":"Entreprise impossible pour les uns, discipline en devenir pour les autres, couronnement universaliste de la philosophie pour certains, la \u00ab philosophie compar\u00e9e \u00bb est susceptible, en v\u00e9rit\u00e9, d'adopter autant de visage qu'il y a de chercheurs qui s'y adonnent.\r\nCe volume, \u00e0 travers neuf contributions explorant divers aspects de cette d\u00e9marche, t\u00e9moigne de la grande vitalit\u00e9 actuelle et de la pertinence de la confrontation philosophique entre les Grecs, les Indiens et les Chinois. On y rencontre, tour \u00e0 tour, des questions touchant au comparatisme \u00ab d'\u00e9trang\u00e9it\u00e9 \u00bb et d'\u00e9cart, au comparatisme \u00ab de ramification \u00bb ou au comparatisme \u00ab d'influences \u00bb et de contacts.\r\nAu fil des pages, on s'apercevra vite que les questions originales abord\u00e9ees par ces diff\u00e9rentes pratiques comparatistes sont susceptibles d'apporter \u00e9norm\u00e9ment d'air frais \u00e0 la philosophie g\u00e9n\u00e9rale et \u00e0 l'\u00e9tude de la philosophie grecque ancienne, qui en ont parfois besoin.","authors":["Brisson","Bronkhorst"],"category_codes":["9000000","9080000"],"visuals":{"large":"https:\/\/images.epagine.fr\/746\/9782711617746_1_75.jpg","medium":"https:\/\/images.epagine.fr\/746\/9782711617746_1_m.jpg","thumbnail":"https:\/\/images.epagine.fr\/746\/9782711617746_1_v.jpg"},"orderable":true,"show_badge":true,"formatted_price":"18,00&nbsp;\u20ac","formatted_published_date":"17 janvier 2006","publisher_availability_label":"Sur commande","short_details":"Brisson, Bronkhorst \u2014 Vrin","translator":null,"weight":300,"page_count":192,"readership":null,"editor":"Vrin","price":1800,"published_date":"2006-01-16T23:00:00.000000Z","support":"Grand format","publisher_availability":1,"stock":0,"editions":[],"url":"https:\/\/quaidesbrumes.com\/ouvrage\/9782711617746\/philosophie-comparee-grece-inde-chine"},{"id":"9782711617753","title":"La philosophie dans son passage \u00e0 la non-philosophie","description":"Le nom d'Eschenmayer est un nom bien connu des lecteurs de Schelling. Son oeuvre l'est beaucoup moins qui, pour les historiens de la philosophie, s'efface telle une ombre derri\u00e8re la pol\u00e9mique. Or elle est d\u00e9cisive non seulement pour comprendre le \u00ab devenir \u00bb de Schelling avant 1809, mais aussi pour saisir dans sa constitution l'Id\u00e9alisme allemand. L'on sait qu'Eschenmayer, dans le sillage de Fichte, fut de ceux qui reproch\u00e8rent \u00e0 Schelling en personne la mise au second plan de la science transcendantale. Mais sait-on que par la suite il c\u00e9l\u00e9bra les vues du syst\u00e8me de Schelling dit de l'Identit\u00e9 telles qu'elles sont consign\u00e9es dans le dialogue Bruno? C'est ce que r\u00e9v\u00e8le d'abord la lecture de l'ouvrage dont un trouvera ici une traduction compl\u00e8te. Dans ce livre paru en l'an 1805, Eschenmayer d\u00e9montre ce qu'\u00e0 d'insurpassable le syst\u00e8me de Schelling. L'on s'\u00e9tonnera d\u00e8s lors que Schelling l'ait trait\u00e9 en des termes si acides dans Philosophie et religion. Mais c'est qu'Eschenmayer voit dans le point culminant de la sp\u00e9culation la fin de l'histoire. En m\u00eame temps que rena\u00eet la religion du coeur, quelque chose de nouveau s'impose au philosophe : la \u00ab non-philosophie \u00bb qui, bien loin d'\u00eatre hostile \u00e0 la philosophie, en est l'aboutissement.","authors":["Eschenmayer","Roux"],"category_codes":["9000000","9080000","9080600"],"visuals":{"large":"https:\/\/images.epagine.fr\/753\/9782711617753_1_75.jpg","medium":"https:\/\/images.epagine.fr\/753\/9782711617753_1_m.jpg","thumbnail":"https:\/\/images.epagine.fr\/753\/9782711617753_1_v.jpg"},"orderable":true,"show_badge":true,"formatted_price":"25,00&nbsp;\u20ac","formatted_published_date":"19 septembre 2005","publisher_availability_label":"Sur commande","short_details":"Eschenmayer, Roux \u2014 Vrin","translator":null,"weight":435,"page_count":320,"readership":null,"editor":"Vrin","price":2500,"published_date":"2005-09-18T22:00:00.000000Z","support":"Grand format","publisher_availability":1,"stock":0,"editions":[],"url":"https:\/\/quaidesbrumes.com\/ouvrage\/9782711617753\/la-philosophie-dans-son-passage-a-la-non-philosophie"},{"id":"9782711617784","title":"Les sto\u00efciens","description":"Chacun \u00e0 une id\u00e9e intuitive du sto\u00efcisme, puisque l'on fait \u00ab sto\u00efquement \u00bb face \u00e0 l'adversit\u00e9 et \u00e0 la souffrance, et que l'on est \u00ab sto\u00efque \u00bb au milieu du danger. Mais il y a beaucoup plus que ces attitudes existentielles dans le sto\u00efcisme,qui fut la premi\u00e8re philosophie de l'histoire \u00e0 prendre la forme d'un syst\u00e8me : transformant la th\u00e9orie de la connaissance et la logique, les sto\u00efciens construisent aussi l'une des th\u00e9ologies les plus audacieuses, ram\u00e8nent par l'all\u00e9gorie la religion traditionnelle \u00e0 une mythologie, cr\u00e9ent une physique originale, tentent de concilier la providence divine et la responsabilit\u00e9 humaine, et \u00e9laborent une \u00e9thique subtile et complexe, o\u00f9 apparaissent pour la premi\u00e8re fois l'\u00e9bauche d'une subjectivit\u00e9 et une th\u00e9orie de la personne. Ces th\u00e8mes, et bien d'autres, sont trait\u00e9s ici d'une fa\u00e7on qui renouvelle notre connaissance du sto\u00efcisme. Une \u00e9tude introductive \u00e9tablit le bilan des recherches sur le sto\u00efcisme et son histoire, et diverses \u00e9tudes montrent les origines, la transmission et les transformations de la tradition sto\u00efcienne.","authors":["Collectif","Jean-Baptiste Gourinat","Gilbert Romeyer-dherbey"],"category_codes":["9000000","9080000","9080200","9080208"],"visuals":{"large":"https:\/\/images.epagine.fr\/784\/9782711617784_1_75.jpg","medium":"https:\/\/images.epagine.fr\/784\/9782711617784_1_m.jpg","thumbnail":"https:\/\/images.epagine.fr\/784\/9782711617784_1_v.jpg"},"orderable":true,"show_badge":true,"formatted_price":"58,00&nbsp;\u20ac","formatted_published_date":"20 octobre 2005","publisher_availability_label":"Sur commande","short_details":"Collectif, Jean-Baptiste Gourinat, Gilbert Romeyer-dherbey \u2014 Vrin","translator":null,"weight":820,"page_count":624,"readership":null,"editor":"Vrin","price":5800,"published_date":"2005-10-19T22:00:00.000000Z","support":"Grand format","publisher_availability":1,"stock":0,"editions":[],"url":"https:\/\/quaidesbrumes.com\/ouvrage\/9782711617784\/les-stoiciens"},{"id":"9782711617791","title":"La raison d\u00e9voil\u00e9e ; \u00e9tudes schopenhaueriennes","description":"Souvent cit\u00e9 ou \u00e9voqu\u00e9, mais en r\u00e9alit\u00e9 peu \u00e9tudi\u00e9 et fr\u00e9quemment r\u00e9duit \u00e0 quelques lieux communs, Schopenhauer n'est pas tant un philosophe m\u00e9connu ou oubli\u00e9 qu'un philosophe m\u00e9pris\u00e9. Son succ\u00e8s hors de l'institution universitaire lui a longtemps valu en France la r\u00e9putation d'un philosophe \"pour litt\u00e9raires\". Si l'on entend par l\u00e0 que Schopenhauer est un auteur de lecture agr\u00e9able, qu'il \u00e9crit bien et clairement, qu'il ne prend pas les mots pour les choses et qu'il s'est propos\u00e9 d'\u00e9crire en allemand comme Hume \u00e9crivait en anglais, on peut difficilement lui en faire grief, bien au contraire, \u00e0 moins de consid\u00e9rer qu'il n'y a de grande philosophie qu'herm\u00e9tique et oraculaire. Quant \u00e0 pr\u00e9tendre, comme c'est souvent le cas, que sa pens\u00e9e serait superficielle et peu rigoureuse, les textes qui composent le pr\u00e9sent ouvrage - qu'ils s'attachent \u00e0 la m\u00e9taphysique de Schopenhauer, \u00e0 son \u00e9thique ou \u00e0 son esth\u00e9tique, qu'ils le confrontent \u00e0 Descartes, \u00e0 Kant, \u00e0 Nietzsche ou \u00e0 Wittgenstein, qu'ils l'inscrivent dans la tradition ou au contraire accusent ce par quoi il rompt avec elle - aimeraient contribuer \u00e0 faire justice de ce pr\u00e9jug\u00e9 encore trop r\u00e9pandu.","authors":["Christian Bonnet","Jean Salem"],"category_codes":["9000000","9080000","9080200","9080204"],"visuals":{"large":"https:\/\/images.epagine.fr\/791\/9782711617791_1_75.jpg","medium":"https:\/\/images.epagine.fr\/791\/9782711617791_1_m.jpg","thumbnail":"https:\/\/images.epagine.fr\/791\/9782711617791_1_v.jpg"},"orderable":true,"show_badge":true,"formatted_price":"28,00&nbsp;\u20ac","formatted_published_date":"6 d\u00e9cembre 2005","publisher_availability_label":"Sur commande","short_details":"Christian Bonnet, Jean Salem \u2014 Vrin","translator":null,"weight":365,"page_count":256,"readership":null,"editor":"Vrin","price":2800,"published_date":"2005-12-05T23:00:00.000000Z","support":"Grand format","publisher_availability":1,"stock":0,"editions":[],"url":"https:\/\/quaidesbrumes.com\/ouvrage\/9782711617791\/la-raison-devoilee-etudes-schopenhaueriennes"},{"id":"9782711617821","title":"Actualit\u00e9 de Cournot","description":"Ce n'est pas avec l'arrogance dogmatique de la certitude, mais avec la patience et la prudence du savant que se d\u00e9ploie la pens\u00e9e de Cournot, attentive aux nouvelles voies qu'empruntent les sciences et aux nouvelles possibilit\u00e9s qu'elles dessinent. Anim\u00e9e par une curiosit\u00e9 qui parcourt la quasi totalit\u00e9 du savoir, et par la volont\u00e9 de penser de mani\u00e8re critique \u00e0 la fois nos possibilit\u00e9s de conna\u00eetre et notre pouvoir d'action, l'oeuvre de Cournot oppose \u00e0 la tentation des jugements d\u00e9finitifs et simplificateurs, l'exigence d'affronter la richesse et la complexit\u00e9 du r\u00e9el et d'en penser le devenir historique. Nul doute alors que celui qui affirmait en 1851 que la raison est plus apte \u00e0 conna\u00eetre l'avenir que le pass\u00e9, ait encore aujourd'hui quelque chose \u00e0 nous apprendre.","authors":["Collectif"],"category_codes":["9000000","9080000","9080200","9080204"],"visuals":{"large":"https:\/\/images.epagine.fr\/821\/9782711617821_1_75.jpg","medium":"https:\/\/images.epagine.fr\/821\/9782711617821_1_m.jpg","thumbnail":"https:\/\/images.epagine.fr\/821\/9782711617821_1_v.jpg"},"orderable":true,"show_badge":true,"formatted_price":"31,00&nbsp;\u20ac","formatted_published_date":"12 janvier 2006","publisher_availability_label":"Sur commande","short_details":"Collectif \u2014 Vrin","translator":null,"weight":250,"page_count":224,"readership":null,"editor":"Vrin","price":3100,"published_date":"2006-01-11T23:00:00.000000Z","support":"Grand format","publisher_availability":1,"stock":0,"editions":[],"url":"https:\/\/quaidesbrumes.com\/ouvrage\/9782711617821\/actualite-de-cournot"},{"id":"9782711617845","title":"\u00c9tudes sur frege et la philosophie traditionnelle","description":"En 1967, Ignacio Angelelli publie un ouvrage pionnier : la bibliographie fr\u00e9g\u00e9enne est encore assez mince quand l'\u00e9tudiant du Professeur Bochenski soutient, \u00e0 Fribourg en Suisse, sa dissertation doctorale. L'essentiel des ouvrages, articles et recensions du grand logicien est encore dispers\u00e9 et non r\u00e9\u00e9dit\u00e9.\r\nMais le principal int\u00e9r\u00eat de l'ouvrage dont nous donnons ici une premi\u00e8re traduction fran\u00e7aise ne tient pas seulement au fait qu'il marque une date importante dans le champ des \u00e9tudes fr\u00e9g\u00e9ennes et qu'il peut constituer \u00e0 sa mani\u00e8re un \"classique\"; son importance est directement li\u00e9e \u00e0 son objet et \u00e0 sa m\u00e9thode.\r\nL'objet est clairement assign\u00e9 d\u00e8s la premi\u00e8re phrase de l'introduction. Si l'Id\u00e9ographie est bien le document fondateur de la logique contemporaine, digne de prendre rang aux c\u00f4t\u00e9s des Analytiques d'Aristote, comment d\u00e9terminer plus pr\u00e9cis\u00e9ment la signification et la port\u00e9e de cette rupture fr\u00e9g\u00e9enne par rapport \u00e0 la tradition philosophique?\r\nAutrement dit, il ne s'agit pour l'auteur ni de pr\u00e9senter un expos\u00e9 g\u00e9n\u00e9ral de la pens\u00e9e de Frege, ni de discuter de questions techniques que son oeuvre aura laiss\u00e9 ouvertes dans une riche post\u00e9rit\u00e9 (Russell, Wittgenstein, Carnap, Quine...), mais bien de situer cette \"perc\u00e9e\" en vue de mieux la comprendre, quitte \u00e0 critiquer certains de ses aspects ou de ses attendus.","authors":["Igncio Angelelli"],"category_codes":["9000000","9080000","9080200","9080204"],"visuals":{"large":"https:\/\/quaidesbrumes.com\/img\/book-placeholder.png","medium":"https:\/\/quaidesbrumes.com\/img\/book-placeholder.png","thumbnail":"https:\/\/quaidesbrumes.com\/img\/book-placeholder.png"},"orderable":true,"show_badge":true,"formatted_price":"49,00&nbsp;\u20ac","formatted_published_date":"15 janvier 2007","publisher_availability_label":"Sur commande","short_details":"Igncio Angelelli \u2014 Vrin","translator":null,"weight":485,"page_count":384,"readership":null,"editor":"Vrin","price":4900,"published_date":"2007-01-14T23:00:00.000000Z","support":"Grand format","publisher_availability":1,"stock":0,"editions":[],"url":"https:\/\/quaidesbrumes.com\/ouvrage\/9782711617845\/etudes-sur-frege-et-la-philosophie-traditionnelle"},{"id":"9782711617869","title":"L'esprit des sciences humaines","description":"Est-il possible de proposer une nouvelle histoire des sciences humaines? L'ambition de ce livre est d'y parvenir en proposant une r\u00e9flexion in\u00e9dite sur le type d'unit\u00e9 qui innerve les sciences de l'homme. Il importe, dans ce contexte, de revenir au point d'\u00e9mergence des sciences humaines. Foucault, dans Les mots et les choses, construit une interpr\u00e9tation particuli\u00e8rement stimulante quand il affirme que c'est la naissance de la figure de l'homme dans le jeu m\u00eal\u00e9 de ses trois formes, la vie, le travail et le langage qui est la pr\u00e9misse indispensable au d\u00e9veloppement des nouvelles positivit\u00e9s. Ainsi les sciences humaines se logent selon lui dans l'espace ouvert par les \u00e9nonc\u00e9s portant sur l'homme vivant, travaillant et parlant. Si l'origine historique des sciences humaines est \u00e0 chercher dans la naissance de l'homme, il devient alors n\u00e9cessaire de voir dans la science de l'homme (l'anthropologie) l'origine des sciences humaines. Pour Foucault, la vie, le travail et le langage trouvent leur r\u00e9pondant \u00e9pist\u00e9mologique dans les savoirs de la biologie, de l'\u00e9conomie et de la philologie. Gr\u00e2ce \u00e0 cet ajustement une histoire endog\u00e8ne des sciences humaines peut \u00eatre contourn\u00e9e au profit d'une histoire exog\u00e8ne que la m\u00e9thode arch\u00e9ologique peut seule d\u00e9voiler.","authors":["Guillaume Le Blanc"],"category_codes":["9000000","9080000","9080200","9080204"],"visuals":{"large":"https:\/\/images.epagine.fr\/869\/9782711617869_1_75.jpg","medium":"https:\/\/images.epagine.fr\/869\/9782711617869_1_m.jpg","thumbnail":"https:\/\/images.epagine.fr\/869\/9782711617869_1_v.jpg"},"orderable":true,"show_badge":true,"formatted_price":"30,00&nbsp;\u20ac","formatted_published_date":"6 d\u00e9cembre 2005","publisher_availability_label":"Sur commande","short_details":"Guillaume Le Blanc \u2014 Vrin","translator":null,"weight":455,"page_count":288,"readership":null,"editor":"Vrin","price":3000,"published_date":"2005-12-05T23:00:00.000000Z","support":"Grand format","publisher_availability":1,"stock":0,"editions":[],"url":"https:\/\/quaidesbrumes.com\/ouvrage\/9782711617869\/lesprit-des-sciences-humaines"},{"id":"9782711617876","title":"Clavius, une cl\u00e9 pour Euclide au XVIe si\u00e8cle","description":"Professeur renomm\u00e9 au coll\u00e8ge j\u00e9suite de Rome, Clavius \u00e9tait en relation avec la plupart des savants de son \u00e9poque. Au tournant des XVIe et XVIIe si\u00e8cles, son oeuvre se situe \u00e0 une p\u00e9riode charni\u00e8re entre tradition et modernit\u00e9. Si on lui doit des r\u00e9sultats originaux, ses ouvrages sont surtout \u00e0 vis\u00e9e p\u00e9dagogique. C'est le cas pour son \u00e9dition des \u00c9l\u00e9ments d'Euclide, oeuvre majeure et jalon significatif dans l'histoire de ce texte.Cette \u00e9tude montre comment Clavius s'approprie les \u00c9l\u00e9ments et les nourrit d'\u00e9nonc\u00e9s et de concepts tir\u00e9s d'autres ouvrages, principalement m\u00e9di\u00e9vaux, de commentaires p\u00e9dagogiques et de r\u00e9flexions pol\u00e9miques. Elle est suivie d'une traduction du livre V, qui contient la th\u00e9orie des proportions et illustre l'analyse des enjeux et de la structure du commentaire de Clavius.","authors":["Rommevaux Sabine"],"category_codes":["9000000","9080000","9080600","9080602"],"visuals":{"large":"https:\/\/images.epagine.fr\/876\/9782711617876_1_75.jpg","medium":"https:\/\/images.epagine.fr\/876\/9782711617876_1_m.jpg","thumbnail":"https:\/\/images.epagine.fr\/876\/9782711617876_1_v.jpg"},"orderable":true,"show_badge":true,"formatted_price":"33,00&nbsp;\u20ac","formatted_published_date":"8 f\u00e9vrier 2006","publisher_availability_label":"Sur commande","short_details":"Rommevaux Sabine \u2014 Vrin","translator":null,"weight":700,"page_count":320,"readership":null,"editor":"Vrin","price":3300,"published_date":"2006-02-07T23:00:00.000000Z","support":"Grand format","publisher_availability":1,"stock":0,"editions":[],"url":"https:\/\/quaidesbrumes.com\/ouvrage\/9782711617876\/clavius-une-cle-pour-euclide-au-xvie-siecle"},{"id":"9782711617883","title":"Langage ordinaire et m\u00e9taphysique ; Strawson","description":"P.F. Strawson est un des philosophes les plus importants de la seconde moiti\u00e9 du XXe si\u00e8cle. Son oeuvre a contribu\u00e9 \u00e0 imprimer \u00e0 la philosophie analytique un certain nombre des tournants d\u00e9cisifs qui l'ont conduite \u00e0 ses orientations actuelles : de la philosophie du langage \u00e0 la philosophie de l'esprit et \u00e0 la m\u00e9taphysique. Partant de la philosophie du langage ordinaire, Strawson en a interrog\u00e9 les pr\u00e9suppositions ontologiques, d\u00e9pla\u00e7ant son int\u00e9r\u00eat vers une r\u00e9flexion de type cat\u00e9gorial, sur la pens\u00e9e et sur le monde, qu'il a nomm\u00e9e \u00ab m\u00e9taphysique descriptive \u00bb - pr\u00e9sent\u00e9e, notamment, dans Les individus (1959).Le pr\u00e9sent recueil explore les principaux aspects de ce projet philosophique original, et essaie de le situer au sein de la discussion contemporaine.","authors":["Jocelyn Benoist","Sandra Laugier"],"category_codes":["9000000","9080000","9080200","9080204"],"visuals":{"large":"https:\/\/images.epagine.fr\/883\/9782711617883_1_75.jpg","medium":"https:\/\/images.epagine.fr\/883\/9782711617883_1_m.jpg","thumbnail":"https:\/\/images.epagine.fr\/883\/9782711617883_1_v.jpg"},"orderable":true,"show_badge":true,"formatted_price":"12,00&nbsp;\u20ac","formatted_published_date":"4 novembre 2005","publisher_availability_label":"Sur commande","short_details":"Jocelyn Benoist, Sandra Laugier \u2014 Vrin","translator":null,"weight":250,"page_count":256,"readership":null,"editor":"Vrin","price":1200,"published_date":"2005-11-03T23:00:00.000000Z","support":"Poche","publisher_availability":1,"stock":0,"editions":[],"url":"https:\/\/quaidesbrumes.com\/ouvrage\/9782711617883\/langage-ordinaire-et-metaphysique-strawson"},{"id":"9782711617937","title":"Pascal ; des connaissances naturelles \u00e0 l'\u00e9tude de l'homme","description":"Pascal a revendiqu\u00e9 l'abandon de l'\u00e9tude des sciences au profit de celle de l'homme. Qu'entendre par l'\u00e9tude de l'homme?\r\nD'abord la recherche de la nature du \u00ab moi humain \u00bb. La f\u00e9condit\u00e9 que L'art de persuader accorde au \u00ab je pense donc je suis \u00bb, en tant que principe d'une \u00ab physique enti\u00e8re \u00bb, est telle qu'en est d\u00e9ni\u00e9e toute port\u00e9e au cogito augustinien. Mais si Pascal prend acte de l'innovation radicale des Meditationes en cr\u00e9ant en fran\u00e7ais \u00ab le moi \u00bb, c'est pour dessaisir ce moi de sa primaut\u00e9 m\u00e9taphysique et ne le trouver que dans la d\u00e9pravation de la volont\u00e9. Le moi donc, mais pas encore l'homme.\r\nEnsuite, apr\u00e8s l'\u00e9chec des Provinciales, le dessein apolog\u00e9tique pascalien consiste \u00e0 montrer la sup\u00e9riorit\u00e9 de la vraie religion sur les philosophies, qui seule peut rendre raison de la double \u00ab condition de l'homme \u00bb. Ce projet s'enracine dans une premi\u00e8re anthropologie qu'on qualifiera d'abstraite en ce qu'elle a pour objet de d\u00e9finir l'essence contradictoire de l'homme.\r\nEnfin, Pascal en vient \u00e0 envisager les hommes dans leur existence m\u00eame. Les deux th\u00e8mes de la gloire (humaine) et du divertissement permettent de caract\u00e9riser cette anthropologie existentielle, au terme de laquelle s'\u00e9claire la puissance d'ali\u00e9nation de l'imagination. L'analytique de l'existence humaine constitue d\u00e8s lors ce qu'on appellera la seconde anthropologie de Pascal.","authors":["Vincent Carraud"],"category_codes":["9000000","9080000","9080200","9080204"],"visuals":{"large":"https:\/\/images.epagine.fr\/937\/9782711617937_1_75.jpg","medium":"https:\/\/images.epagine.fr\/937\/9782711617937_1_m.jpg","thumbnail":"https:\/\/images.epagine.fr\/937\/9782711617937_1_v.jpg"},"orderable":true,"show_badge":true,"formatted_price":"29,00&nbsp;\u20ac","formatted_published_date":"6 d\u00e9cembre 2007","publisher_availability_label":"Sur commande","short_details":"Vincent Carraud \u2014 Vrin","translator":null,"weight":322,"page_count":284,"readership":null,"editor":"Vrin","price":2900,"published_date":"2007-12-05T23:00:00.000000Z","support":"Grand format","publisher_availability":1,"stock":0,"editions":[],"url":"https:\/\/quaidesbrumes.com\/ouvrage\/9782711617937\/pascal-des-connaissances-naturelles-a-letude-de-lhomme"},{"id":"9782711618149","title":"Dialogues d'amour","description":"Les Dialoghi d'amore de Juda Abravanel, dit L\u00e9on H\u00e9breu, sont tr\u00e8s vite devenus, apr\u00e8s leur publication posthume en 1535, un relais majeur des aspirations intellectuelles et culturelles de la Renaissance. Fils du c\u00e9l\u00e8bre Isaac Abravanel, homme politique et th\u00e9ologien de l'\u00e9poque de l'Expulsion, Juda entre en dialogue avec le nouveau platonisme italien repr\u00e9sent\u00e9 par Marsile Ficin, en vue d'instruire la crise du mod\u00e8le philosophique arabe, celui d'al-F\u00e2r\u00e2b\u00ee et d'Avicenne, au fondement de l'entreprise de Ma\u00efmonide. S'agissant de rendre justice \u00e0 l'exigence philosophique de l'averro\u00efsme juif, mais aussi d'en r\u00e9former les attendus syst\u00e9matiques, la philosophie de l'amour des Dialogues constitue un moment d\u00e9cisif de l'histoire intellectuelle du juda\u00efsme, mais aussi de la pens\u00e9e moderne, qui, au del\u00e0 de son succ\u00e8s litt\u00e9raire imm\u00e9diat, trouvera des \u00e9chos indiscutables chez Bruno ou chez Spinoza.L'\u00e9dition propos\u00e9e donne, en orthographe modernis\u00e9e, la traduction de Pontus de Tyard, figure majeure de la litt\u00e9rature fran\u00e7aise du XVIe si\u00e8cle. Elle en seconde la lecture par des notes explicatives qui s'efforcent de restituer la multiplicit\u00e9 des horizons culturels, intellectuels et sp\u00e9culatifs, qui fait la richesse et la profondeur de la philosophie de L\u00e9on H\u00e9breu.","authors":["Hebreu","Dagron"],"category_codes":["9000000","9080000","9080600","9080602"],"visuals":{"large":"https:\/\/images.epagine.fr\/149\/9782711618149_1_75.jpg","medium":"https:\/\/images.epagine.fr\/149\/9782711618149_1_m.jpg","thumbnail":"https:\/\/images.epagine.fr\/149\/9782711618149_1_v.jpg"},"orderable":true,"show_badge":true,"formatted_price":"53,00&nbsp;\u20ac","formatted_published_date":"27 avril 2006","publisher_availability_label":"Sur commande","short_details":"Hebreu, Dagron \u2014 Vrin","translator":null,"weight":975,"page_count":528,"readership":null,"editor":"Vrin","price":5300,"published_date":"2006-04-26T22:00:00.000000Z","support":"Grand format","publisher_availability":1,"stock":0,"editions":[],"url":"https:\/\/quaidesbrumes.com\/ouvrage\/9782711618149\/dialogues-damour"},{"id":"9782711618156","title":"\u00c9tudes sur la Republique de Platon : Vol. 1: De la justice, \u00e9ducation, psychologie et politique","description":"\u00ab M\u00eame si elle tient \u00e0 la fois de la po\u00e9sie et du sermon, la R\u00e9publique est avant tout un livre de philosophie \u00bb. Et Nettleship, un de ses plus grands interpr\u00e8tes, \u00e9non\u00e7ait en cons\u00e9quence ce principe de lecture : il faut voir comment Platon arrive \u00e0 ses conclusions avant de commencer \u00e0 les critiquer.\r\nDans les deux volumes pr\u00e9sent\u00e9s, ces critiques ne sont pas ignor\u00e9es (elles sont parfois m\u00eame reprises), pas plus que ne l'est le dur contexte historique ou biographique qui a environn\u00e9 la r\u00e9daction de l'oeuvre, mais ce sont bien \u00ab avant tout \u00bb les questions essentielles soulev\u00e9es par le texte et leurs difficult\u00e9s qui sont abord\u00e9es. Car la R\u00e9publique n'a pas pour but d'exposer la th\u00e9orie politique de Platon mais de r\u00e9flechir philosophiquement sur la politique, ce qui a pour effet de modifier et d'\u00e9largir consid\u00e9rablement le sens de ce terme.\r\nC'est ce que montre ce premier volume. Si la question est de savoir quel type de citoyens une cit\u00e9 doit former et quelle place elle doit assigner \u00e0 ceux qui sont dou\u00e9s pour des t\u00e2ches diff\u00e9rentes, on voir en effet le lien \u00e9troit unissant les probl\u00e8mes de l'\u00e9ducation, la question de la nature de la justice dans la cit\u00e9 et dans l'\u00e2me et l'interrogation quant \u00e0 la sorte de bonheur qu'une cit\u00e9 si rigidement hierarchis\u00e9e peut apporter \u00e0 ses membres.","authors":["Brisson","Halliwell"],"category_codes":["9000000","9080000","9080400"],"visuals":{"large":"https:\/\/images.epagine.fr\/156\/9782711618156_1_75.jpg","medium":"https:\/\/images.epagine.fr\/156\/9782711618156_1_m.jpg","thumbnail":"https:\/\/images.epagine.fr\/156\/9782711618156_1_v.jpg"},"orderable":true,"show_badge":true,"formatted_price":"38,00&nbsp;\u20ac","formatted_published_date":"12 d\u00e9cembre 2005","publisher_availability_label":"Sur commande","short_details":"Brisson, Halliwell \u2014 Vrin","translator":null,"weight":550,"page_count":368,"readership":null,"editor":"Vrin","price":3800,"published_date":"2005-12-11T23:00:00.000000Z","support":"Grand format","publisher_availability":1,"stock":0,"editions":[],"url":"https:\/\/quaidesbrumes.com\/ouvrage\/9782711618156\/etudes-sur-la-republique-de-platon-vol-1-de-la-justice-education-psychologie-et-politique"},{"id":"9782711618163","title":"\u00c9tudes sur la Republique de Platon : Vol. 2: De la science, du bien et des mythes","description":"\u00ab M\u00eame si elle tient \u00e0 la fois de la po\u00e9sie et du sermon, la R\u00e9publique est avant tout un livre de philosophie. \u00bb Et Nettleship, un de ses plus grands interpr\u00e8tes, \u00e9non\u00e7ait en cons\u00e9quence ce principe de lecture : il faut voir comment Platon arrive \u00e0 ses conclusions avant de commencer \u00e0 les critiquer.\r\nCe second volume a pour objet les principes d\u00e9gag\u00e9s par les livres centraux, fondements n\u00e9cessaires des cons\u00e9quences psychologiques et politiques tir\u00e9es dans les autres livres. La d\u00e9finition du philosophe authentique, seul apte \u00e0 saisir le Bien par la science qui lui est propre, permet de constituer en paroles une cit\u00e9 ayant pour mod\u00e8le l'Id\u00e9e m\u00eame de justice et de d\u00e9finir comme une conversion totale de l'\u00e2me l'\u00e9ducation de ceux qui sont destin\u00e9s \u00e0 la garde et \u00e0 la gouverner. Enfin, si c'est dans la R\u00e9publique que la plus haute science, la dialectique, se trouve d\u00e9termin\u00e9e par le fait de n'avoir pas recours \u00e0 des images, l'oeuvre abonde en comparaisons, all\u00e9gories et mythes en tout genres. Nouer ainsi la science au mythe, c'est sans doute aussi r\u00e9fl\u00e9chir \u00e0 une des mani\u00e8res dont la philosophie doit p\u00e9n\u00e9trer la politique.","authors":["Dixsaut Monique"],"category_codes":["9000000","9080000","9080400"],"visuals":{"large":"https:\/\/images.epagine.fr\/163\/9782711618163_1_75.jpg","medium":"https:\/\/images.epagine.fr\/163\/9782711618163_1_m.jpg","thumbnail":"https:\/\/images.epagine.fr\/163\/9782711618163_1_v.jpg"},"orderable":true,"show_badge":true,"formatted_price":"38,00&nbsp;\u20ac","formatted_published_date":"16 janvier 2006","publisher_availability_label":"Sur commande","short_details":"Dixsaut Monique \u2014 Vrin","translator":null,"weight":545,"page_count":336,"readership":null,"editor":"Vrin","price":3800,"published_date":"2006-01-15T23:00:00.000000Z","support":"Grand format","publisher_availability":1,"stock":0,"editions":[],"url":"https:\/\/quaidesbrumes.com\/ouvrage\/9782711618163\/etudes-sur-la-republique-de-platon-vol-2-de-la-science-du-bien-et-des-mythes"},{"id":"9782711618170","title":"Th\u00e9ologie n\u00e9gative et nom divins chez saint Thomas d'Aquin","description":"La th\u00e9ologie n\u00e9gative s'attache \u00e0 d\u00e9signer tout ce que l'on ne peut pas dire sur Dieu. Les perfections attribu\u00e9es \u00e0 Dieu (comme l'\u00eatre, la bont\u00e9, la sagesse, etc.) atteignent-elles celui-ci en v\u00e9rit\u00e9 ou doivent-elles \u00eatre d\u00e9pass\u00e9es? Sont-elles le lieu d'un travail sp\u00e9culatif ou bien d'une union mystique dans l'ineffable? Qu'en est-il du vocabulaire de \u00ab th\u00e9ologie n\u00e9gative \u00bb, absent de nombre d'auteurs? \r\nLa th\u00e9ologie n\u00e9gative fait l'objet de recherches renouvel\u00e9es. Le platonisme et sa r\u00e9ception, les auteurs m\u00e9di\u00e9vaux et, surtout, la lecture heideggerienne de l'histoire de la m\u00e9taphysique y concourent.\r\nY a-t-il une th\u00e9ologie n\u00e9gative chez saint Thomas et, si oui, laquelle? \u00ab De Dieu, nous ne savons pas ce qu'il est mais seulement ce qu'il n'est pas \u00bb : cette formule thomasienne devenue embl\u00e9matique vient de Plotin. Thomas est-il original? Pour le savoir, il faut le situer parmi ses contemporains. De plus, le risque est de ne consid\u00e9rer que quelques textes c\u00e9l\u00e8bres, au lieu de prendre la mesure de leur insertion dans les oeuvres et de chaque oeuvre dans l'oeuvre. Une \u00e9tude d'ensemble restait \u00e0 faire.\r\nDieu, dit Thomas, nous est \u00ab compl\u00e8tement inconnu \u00bb. Pourtant, sa th\u00e9ologie n\u00e9gative semble \u00eatre plut\u00f4t une voie n\u00e9gative, l'ensemble des modalit\u00e9s n\u00e9gatives venant corriger et confirmer la primaut\u00e9 de la pr\u00e9dication positive des perfections divines.","authors":["Humbrecht T-D."],"category_codes":["9000000","9080000","9080500"],"visuals":{"large":"https:\/\/images.epagine.fr\/170\/9782711618170_1_75.jpg","medium":"https:\/\/images.epagine.fr\/170\/9782711618170_1_m.jpg","thumbnail":"https:\/\/images.epagine.fr\/170\/9782711618170_1_v.jpg"},"orderable":true,"show_badge":true,"formatted_price":"56,00&nbsp;\u20ac","formatted_published_date":"24 janvier 2006","publisher_availability_label":"Sur commande","short_details":"Humbrecht T-D. \u2014 Vrin","translator":null,"weight":1150,"page_count":846,"readership":null,"editor":"Vrin","price":5600,"published_date":"2006-01-23T23:00:00.000000Z","support":"Grand format","publisher_availability":1,"stock":0,"editions":[],"url":"https:\/\/quaidesbrumes.com\/ouvrage\/9782711618170\/theologie-negative-et-nom-divins-chez-saint-thomas-daquin"}]}