{"data":[{"id":"9782711616954","title":"Entendre raison ; essai sur la philosophie pratique de Kant","description":"Alors que Kant pr\u00e9sente la fondation de la moralit\u00e9 comme une simple formulation, cet ouvrage \u00e9tudie la d\u00e9marche kantienne dans sa dimension strat\u00e9gique et langagi\u00e8re.\r\nStrat\u00e9gique car le philosophe d\u00e9joue les pr\u00e9ventions communes contre la m\u00e9taphysique, analyse la signification des concepts pratiques et restaure la force rh\u00e9torique de la langue pour favoriser l'\u00e9coute du commandement moral.\r\nLangagi\u00e8re car la fondation kantienne d'une m\u00e9taphysique des moeurs rec\u00e8le une conception originale de la fonction signitive de l'imagination dans le champ pratique : l'imposition de la loi morale et son \u00e9coute conduisent le discours kantien hors de la repr\u00e9sentation.\r\nLa philosophie critique se lib\u00e8re ainsi des lectures anhistoriques et partisanes, pour d\u00e9voiler une mani\u00e8re tr\u00e8s singuli\u00e8re d'inventer des concepts et d'agir par cette invention m\u00eame.","authors":["Mich\u00e8le Cohen-Halimi"],"category_codes":["9000000","9080000"],"visuals":{"large":"https:\/\/images.epagine.fr\/954\/9782711616954_1_75.jpg","medium":"https:\/\/images.epagine.fr\/954\/9782711616954_1_m.jpg","thumbnail":"https:\/\/images.epagine.fr\/954\/9782711616954_1_v.jpg"},"orderable":true,"show_badge":true,"formatted_price":"39,00&nbsp;\u20ac","formatted_published_date":"4 avril 2005","publisher_availability_label":"Sur commande","short_details":"Mich\u00e8le Cohen-Halimi \u2014 Vrin","translator":null,"weight":600,"page_count":380,"readership":null,"editor":"Vrin","price":3900,"published_date":"2005-04-03T22:00:00.000000Z","support":"Grand format","publisher_availability":1,"stock":0,"editions":[],"url":"https:\/\/quaidesbrumes.com\/ouvrage\/9782711616954\/entendre-raison-essai-sur-la-philosophie-pratique-de-kant"},{"id":"9782711616961","title":"La profondeur de l'amour divin : La pr\u00e9destination dans l'oeuvre de saint Thomas d'Aquin","description":"La doctrine de la pr\u00e9destination fait partie des th\u00e8mes de la tradition th\u00e9ologique occidentale qui ont suscit\u00e9 les querelles les plus acharn\u00e9es. Issue de la m\u00e9ditation paulinienne de l'histoire du salut, d\u00e9velopp\u00e9e et articul\u00e9e par saint Augustin, cette doctrine constitue un \u00e9l\u00e9ment inqui\u00e9tant de l'h\u00e9ritage chr\u00e9tien mis en question aujourd'hui tant par des auteurs catholiques que par des th\u00e9ologiens de la R\u00e9forme. Dans la discussion qui traverse les si\u00e8cles, la position thomasienne est depuis le XIIIe si\u00e8cle un point de rep\u00e8re important, et pas seulement pour les continuateurs de l'\u00c9cole. Or, parmi les thomistes, les interpr\u00e9tations de la doctrine de l'Aquinate diff\u00e8rent.La pr\u00e9sente \u00e9tude s'efforce de r\u00e9pondre \u00e0 la question : pourquoi les interpr\u00e9tations de Thomas diff\u00e8rent-elles? On proc\u00e8de \u00e0 la lecture de l'enseignement de Thomas sur la pr\u00e9destination, en suivant l'ordre chronologique, afin de d\u00e9gager l'\u00e9volution de sa pens\u00e9e. On est tout sp\u00e9cialement attentif aux changements qui affectent la position des questions sp\u00e9culatives et l'usage des sources, en particulier les sources augustiniennes.","authors":["Paluch Micha"],"category_codes":["9000000","9080000","9080500"],"visuals":{"large":"https:\/\/images.epagine.fr\/961\/9782711616961_1_75.jpg","medium":"https:\/\/images.epagine.fr\/961\/9782711616961_1_m.jpg","thumbnail":"https:\/\/images.epagine.fr\/961\/9782711616961_1_v.jpg"},"orderable":true,"show_badge":true,"formatted_price":"59,00&nbsp;\u20ac","formatted_published_date":"4 avril 2005","publisher_availability_label":"Sur commande","short_details":"Paluch Micha \u2014 Vrin","translator":null,"weight":820,"page_count":362,"readership":null,"editor":"Vrin","price":5900,"published_date":"2005-04-03T22:00:00.000000Z","support":"Grand format","publisher_availability":1,"stock":0,"editions":[],"url":"https:\/\/quaidesbrumes.com\/ouvrage\/9782711616961\/la-profondeur-de-lamour-divin-la-predestination-dans-loeuvre-de-saint-thomas-daquin"},{"id":"9782711616985","title":"Platon 1995-2000 - Bibliographie","description":null,"authors":["Brisson","Castelnerac"],"category_codes":["9000000","9080000","9080400"],"visuals":{"large":"https:\/\/images.epagine.fr\/985\/9782711616985_1_75.jpg","medium":"https:\/\/images.epagine.fr\/985\/9782711616985_1_m.jpg","thumbnail":"https:\/\/images.epagine.fr\/985\/9782711616985_1_v.jpg"},"orderable":true,"show_badge":true,"formatted_price":"49,00&nbsp;\u20ac","formatted_published_date":"4 avril 2005","publisher_availability_label":"Sur commande","short_details":"Brisson, Castelnerac \u2014 Vrin","translator":null,"weight":610,"page_count":385,"readership":null,"editor":"Vrin","price":4900,"published_date":"2005-04-03T22:00:00.000000Z","support":"Grand format","publisher_availability":1,"stock":0,"editions":[],"url":"https:\/\/quaidesbrumes.com\/ouvrage\/9782711616985\/platon-1995-2000-bibliographie"},{"id":"9782711617005","title":"Hegel et la vie","description":"Cet ouvrage collectif pr\u00e9sente le th\u00e8me de la vie chez Hegel de fa\u00e7on chronologique, d'abord dans la p\u00e9riode de Francfort (1797-1799) suivant les deux versions de l'Esprit du Christianisme; puis dans la transition de Francfort \u00e0 I\u00e9na (1801-1802); enfin dans les derniers projets de syst\u00e8me d'I\u00e9na (1805-1806) et dans la Ph\u00e9nom\u00e9nologie de l'Esprit (1807). Le dossier se termine par deux \u00e9tudes sur l'id\u00e9e de la vie dans la Logique (1812-1816) et dans la philosophie h\u00e9g\u00e9lienne de l'art (cours de 1823). Il en ressort que la vie pour Hegel est la vie de l'esprit dans toute sa richesse, et non pas simplement la vie biologique ou la vie affective.","authors":["Bourdin","Bouton","Brito"],"category_codes":["9000000","9080000","9080600"],"visuals":{"large":"https:\/\/images.epagine.fr\/005\/9782711617005_1_75.jpg","medium":"https:\/\/images.epagine.fr\/005\/9782711617005_1_m.jpg","thumbnail":"https:\/\/images.epagine.fr\/005\/9782711617005_1_v.jpg"},"orderable":true,"show_badge":true,"formatted_price":"27,00&nbsp;\u20ac","formatted_published_date":"2 novembre 2004","publisher_availability_label":"Sur commande","short_details":"Bourdin, Bouton, Brito \u2014 Vrin","translator":null,"weight":500,"page_count":220,"readership":null,"editor":"Vrin","price":2700,"published_date":"2004-11-01T23:00:00.000000Z","support":"Grand format","publisher_availability":1,"stock":0,"editions":[],"url":"https:\/\/quaidesbrumes.com\/ouvrage\/9782711617005\/hegel-et-la-vie"},{"id":"9782711617029","title":"Les fondements a priori du droit civil","description":"Cette traduction in\u00e9dite de l'oeuvre principale d'Adolf Reinach (1883-1917) apporte des contributions fondamentales \u00e0 divers champs de la connaissance. Disciple de Husserl, Reinach propose une interpr\u00e9tation du monde social qui engage la ph\u00e9nom\u00e9nologie sur le terrain des \"actes sociaux\" et des exp\u00e9riences individuelles qui les accompagnent, afin d'isoler les structures a priori qui sont au principe m\u00eame du droit positif. Le travail de Reinach s'inscrit \u00e9galement dans un champ d'analyse philosophique et linguistique centr\u00e9 sur les \u00e9nonc\u00e9s dits \"performatifs\", baptis\u00e9s tels par Austin quelques d\u00e9cennies plustard.","authors":["Reinach Adolf"],"category_codes":["9000000","9080000","9080700"],"visuals":{"large":"https:\/\/images.epagine.fr\/029\/9782711617029_1_75.jpg","medium":"https:\/\/images.epagine.fr\/029\/9782711617029_1_m.jpg","thumbnail":"https:\/\/images.epagine.fr\/029\/9782711617029_1_v.jpg"},"orderable":true,"show_badge":true,"formatted_price":"29,00&nbsp;\u20ac","formatted_published_date":"2 novembre 2004","publisher_availability_label":"Sur commande","short_details":"Reinach Adolf \u2014 Vrin","translator":null,"weight":305,"page_count":200,"readership":null,"editor":"Vrin","price":2900,"published_date":"2004-11-01T23:00:00.000000Z","support":"Grand format","publisher_availability":1,"stock":0,"editions":[],"url":"https:\/\/quaidesbrumes.com\/ouvrage\/9782711617029\/les-fondements-a-priori-du-droit-civil"},{"id":"9782711617036","title":"Les signes et l'insignifiant","description":"Cette troisi\u00e8me \u00e9tape sur Le Chemin du Vieux-Moulin revient du possible au r\u00e9el, \u00e0 cet \u00eatre-l\u00e0 avec maintenant et ici, qui discrime le pr\u00e9sent humanisme des pistes ouvertes par les chemins de la f\u00f4ret ou par ceux de la libert\u00e9. Sous l'angle de l'avoir-\u00e9t\u00e9-l\u00e0 la pal\u00e9oanthropologie apporte au philosophe maints sujets de r\u00e9flexions compatibles avec l'approche d'une anthropologie, surtout n\u00e9gative : enc\u00e9phaliser, apprendre, utiliser, r\u00eaver, mourir, faire du feu, se mirer. Que nous ne soyons plus seulement newtoniens nous ouvre les voies de l'homme sid\u00e9ral qui offrent \u00e0 notre exploration un plein essor et qui prend droit de cit\u00e9 philosophique. Qu'appotait \u00e0 ce sujet l'ex\u00e9g\u00e9tique biblique en d\u00e9chiffrant le signe IHWH? L'arch\u00e9ologie salomonienne n'est pas de toute \u00e9vidence et il est instructif de comparer ce qui en fut \u00e9crit dans le Livre avec ce qui en est induit dans nos livres d'arch\u00e9ologie biblique. On en vient alors \u00e0 s'interroger sur le signe lui-m\u00eame : signaler, signaliser, signifier, signer, en d\u00e9pistant cette \u00e9nonciation des signes vers une prolation m\u00e9taphysique universelle qu'une langue de la monade cherche \u00e0 prendre en charge.","authors":["Robinet Andre"],"category_codes":["9000000","9080000","9080700"],"visuals":{"large":"https:\/\/images.epagine.fr\/036\/9782711617036_1_75.jpg","medium":"https:\/\/images.epagine.fr\/036\/9782711617036_1_m.jpg","thumbnail":"https:\/\/images.epagine.fr\/036\/9782711617036_1_v.jpg"},"orderable":true,"show_badge":true,"formatted_price":"23,00&nbsp;\u20ac","formatted_published_date":"27 juin 2005","publisher_availability_label":"Sur commande","short_details":"Robinet Andre \u2014 Vrin","translator":null,"weight":270,"page_count":190,"readership":null,"editor":"Vrin","price":2300,"published_date":"2005-06-26T22:00:00.000000Z","support":"Grand format","publisher_availability":1,"stock":0,"editions":[],"url":"https:\/\/quaidesbrumes.com\/ouvrage\/9782711617036\/les-signes-et-linsignifiant"},{"id":"9782711617067","title":"Langage, vie politique et mouvements des animaux : \u00c9tudes aristot\u00e9liciennes","description":"Les trait\u00e9s de zoologie d'Aristote ne sont nullement des trait\u00e9s mineurs, voire anecdotiques, mais des trait\u00e9s \u00e0 inscrire au contraire dans la vaste \u00ab enqu\u00eate sur la nature \u00bb qu'il entendait mener et qui caract\u00e9rise si bien sa philosophie. Qu'en est-il cependant des capacit\u00e9s animales telles qu'Aristote les a d\u00e9crites? Le probl\u00e8me est autre, tant dans nombre de recherches r\u00e9centes, les animaux eux-m\u00eames semblent avoir \u00e9t\u00e9 parfois comme oubli\u00e9s en chemin au profit de recherches plus \u00e9pist\u00e9mologiques.\r\nC'est ce singulier \"oubli\" que ces \u00e9tudes voudraient commencer de r\u00e9parer en s'attachant \u00e0 ce qu'Aristote dit effectivement de la vie m\u00eame des animaux et de leurs capacit\u00e9s \u00e0 communiquer, \u00e0 vivre en soci\u00e9t\u00e9, voire tout simplement \u00e0 se mouvoir. Qu'en est-il exactement de la diff\u00e9rence entre la voix que poss\u00e8dent certains animaux et le langage propre aux \u00eatres humains? Comment se peut-il qu'Aristote qualifie certains autres animaux que l'homme de \"politiques\" et non seulement de \"gr\u00e9gaires\"? Par quels m\u00e9canismes psychologiques et physiologiques les animaux se mettent-ils en mouvement? Que cherche \u00e0 expliquer le pr\u00e9tendu \u00ab syllogisme pratique \u00bb? Telles sont les questions abord\u00e9es dans ces \u00e9tudes.","authors":["Labarriere J-L."],"category_codes":["9000000","9080000","9080400"],"visuals":{"large":"https:\/\/images.epagine.fr\/067\/9782711617067_1_75.jpg","medium":"https:\/\/images.epagine.fr\/067\/9782711617067_1_m.jpg","thumbnail":"https:\/\/images.epagine.fr\/067\/9782711617067_1_v.jpg"},"orderable":true,"show_badge":true,"formatted_price":"35,00&nbsp;\u20ac","formatted_published_date":"2 novembre 2004","publisher_availability_label":"Sur commande","short_details":"Labarriere J-L. \u2014 Vrin","translator":null,"weight":415,"page_count":270,"readership":null,"editor":"Vrin","price":3500,"published_date":"2004-11-01T23:00:00.000000Z","support":"Grand format","publisher_availability":1,"stock":0,"editions":[],"url":"https:\/\/quaidesbrumes.com\/ouvrage\/9782711617067\/langage-vie-politique-et-mouvements-des-animaux-etudes-aristoteliciennes"},{"id":"9782711617081","title":"Les cat\u00e9gories et leur histoire","description":"Le livre d'Aristote, les Cat\u00e9gories, fut pendant longtemps le premier texte lu par ceux qui \u00e9tudiaient la philosophie, ainsi que le texte de base pour la logique et la m\u00e9taphysique occidentales. Aucun autre ouvrage n'a eu une influence comparable sur l'histoire de la philosophie : Plotin, Porphyre, Bo\u00e8ce, les P\u00e8res de l'\u00c9glise, les logiciens byzantins, arabes, latins... tous ont comment\u00e9 cette th\u00e9orie des cat\u00e9gories.\r\nC'est dans le but de proposer une \u00e9tude exhaustive de cette longue tradition, autant que dans sa continuit\u00e9, qu'un Colloque a \u00e9t\u00e9 organis\u00e9 sous la direction de J. Barnes et A. de Libera, Les Cat\u00e9gories entre l'Antiquit\u00e9 et le Moyen \u00c2ge dans les traditions grecque, latine et oreintale. Le pr\u00e9sent volume en publie les actes, enrichis d'une longue introduction de J. Barnes, et qui esquissent l'histoire des Cat\u00e9gories d'Aristote et de la th\u00e9orie aristot\u00e9licienne des cat\u00e9gories.","authors":["O Bruun","L Corti"],"category_codes":["9000000","9080000","9080200","9080204"],"visuals":{"large":"https:\/\/images.epagine.fr\/081\/9782711617081_1_75.jpg","medium":"https:\/\/images.epagine.fr\/081\/9782711617081_1_m.jpg","thumbnail":"https:\/\/images.epagine.fr\/081\/9782711617081_1_v.jpg"},"orderable":true,"show_badge":true,"formatted_price":"37,00&nbsp;\u20ac","formatted_published_date":"19 septembre 2005","publisher_availability_label":"Sur commande","short_details":"O Bruun, L Corti \u2014 Vrin","translator":null,"weight":450,"page_count":400,"readership":null,"editor":"Vrin","price":3700,"published_date":"2005-09-18T22:00:00.000000Z","support":"Grand format","publisher_availability":1,"stock":0,"editions":[],"url":"https:\/\/quaidesbrumes.com\/ouvrage\/9782711617081\/les-categories-et-leur-histoire"},{"id":"9782711617098","title":"L'\u00c9tat au XXe si\u00e8cle : Regards sur la pens\u00e9e juridique et politique du monde occidental","description":"L'\u00c9tat, malgr\u00e9 ses \u00e9lans de rationalit\u00e9 et ses espoirs de paix, a pris au XXe si\u00e8cle une silhouette taraud\u00e9e par l'ambivalence. Les doctrines juridiques et politiques, la maturation et l'\u00e9volution de son appareil institutionnel, n'ont ainsi pu ni r\u00e9soudre ni masquer les probl\u00e8mes majeurs qui obscurcissent l'horizon du droit et de la politique.Cependant, cette \u00e9quivocit\u00e9 qui caract\u00e9rise aujourd'hui l'\u00c9tat du XXe si\u00e8cle ne justifie pas la suspicion que lui portent les philosophes d'ob\u00e9dience nietzsch\u00e9o-heideggerienne. S'il est vrai que grandeur et mis\u00e8re s'y c\u00f4toient, on ne peut taxer les sch\u00e8mes \u00e9tatiques d'\u00eatre assujettis \u00e0 une maladie du n\u00e9ant. L'\u00c9tat, au contraire, se concentre sur un travail l\u00e9gislatif et r\u00e9glementaire qui, s'il n'est ni parfait ni achev\u00e9, trace n\u00e9anmoins l'\u00e9criture normative et rationnelle gr\u00e2ce \u00e0 laquelle s'\u00e9tablira une alliance de l'ordre public et de la libert\u00e9, se r\u00e9alisera l'humanit\u00e9 des hommes.Cet ouvrage se veut pluridisciplinaire, posant un regard \u00e9clair\u00e9 sur l'histoire juridique et politique autant que sur les difficult\u00e9s auxquelles sont confront\u00e9s les hommes de notre temps.","authors":["Goyard-Fabre Simone"],"category_codes":["9000000","9080000","9080700"],"visuals":{"large":"https:\/\/images.epagine.fr\/098\/9782711617098_1_75.jpg","medium":"https:\/\/images.epagine.fr\/098\/9782711617098_1_m.jpg","thumbnail":"https:\/\/images.epagine.fr\/098\/9782711617098_1_v.jpg"},"orderable":true,"show_badge":true,"formatted_price":"45,00&nbsp;\u20ac","formatted_published_date":"2 novembre 2004","publisher_availability_label":"Sur commande","short_details":"Goyard-Fabre Simone \u2014 Vrin","translator":null,"weight":675,"page_count":340,"readership":null,"editor":"Vrin","price":4500,"published_date":"2004-11-01T23:00:00.000000Z","support":"Grand format","publisher_availability":1,"stock":0,"editions":[],"url":"https:\/\/quaidesbrumes.com\/ouvrage\/9782711617098\/letat-au-xxe-siecle-regards-sur-la-pensee-juridique-et-politique-du-monde-occidental"},{"id":"9782711617135","title":"Avenir de la raison, devenir des rationalit\u00e9s","description":"Dans le sillage de Dominique Janicaud, de nombreux participants ont insist\u00e9 sur la capacit\u00e9 d'accueil et de recueil de la raison (Fran\u00e7oise Dastur); d'autres ont mis \u00e0 profit l'expression kantienne \u00ab sauver l'honneur de la raison \u00bb pour \u00ab garder raison \u00bb sans emprunter la voie r\u00e9gressive des justifications (Bernard Bourgeois, Remo Bodei, Jacques Derrida et Gilles-Gaston Granger).\r\nDes tables rondes ont pu souligner combien la m\u00e9taphysique pouvait \u00eatre une respiration dont la pens\u00e9e a besoin face aux scientismes et aux id\u00e9ologies unilat\u00e9rales (Pierre Aubenque, Marcel Conche, Jean-Fran\u00e7ois Matt\u00e9i et Pierre Magnard) ou bien ont mis l'accent sur l'impuissance de l'individu face aux processus globaux (Daniel Cerezuelle, Yves Michaud, Andr\u00e9 Tosel, Ren\u00e9 S\u00e8ve).\r\nTables rondes, grandes conf\u00e9rences, br\u00e8ves communications (pr\u00e9sent\u00e9es sur CD-Rom) : autant de styles pour interroger la th\u00e9matique de ce congr\u00e8s et r\u00e9v\u00e9ler sous ses diverses formes \u00ab la puissance du rationnel \u00bb et le n\u00e9cessaire partage qui lui est consubstantiel. A Nice, la pens\u00e9e de Dominique Janicaud a accompagn\u00e9 tout au long de ce congr\u00e8s et continue d'inspirer ce lieu o\u00f9 elle s'est beaucoup exerc\u00e9e.","authors":["A Benmakhlouf","J-F Lavigne"],"category_codes":["9000000","9080000","9080200","9080204"],"visuals":{"large":"https:\/\/images.epagine.fr\/135\/9782711617135_1_75.jpg","medium":"https:\/\/images.epagine.fr\/135\/9782711617135_1_m.jpg","thumbnail":"https:\/\/images.epagine.fr\/135\/9782711617135_1_v.jpg"},"orderable":true,"show_badge":true,"formatted_price":"19,00&nbsp;\u20ac","formatted_published_date":"31 d\u00e9cembre 2006","publisher_availability_label":"Sur commande","short_details":"A Benmakhlouf, J-F Lavigne \u2014 Vrin","translator":null,"weight":300,"page_count":192,"readership":null,"editor":"Vrin","price":1900,"published_date":"2006-12-30T23:00:00.000000Z","support":"Grand format","publisher_availability":1,"stock":0,"editions":[],"url":"https:\/\/quaidesbrumes.com\/ouvrage\/9782711617135\/avenir-de-la-raison-devenir-des-rationalites"},{"id":"9782711617159","title":"La logique d'Aristote ; du grec au syriaque ; \u00e9tudes sur la transmission des textes de l'Organon et leur interpr\u00e9tation philosophique","description":"Les savants de langue syriaque - une branche de l'aram\u00e9en - ont jou\u00e9 un r\u00f4le aujourd'hui reconnu dans la transmission du patrimoine philosophique et scientifique grec aux auteurs de langue arabe, et cela gr\u00e2ce aux nombreuses traductions qu'ils compos\u00e8rent du grec au syriaque et du syriaque \u00e0 l'arabe, entre le VIe et le Xe si\u00e8cle de notre \u00e8re. Mais les savants syriaques particip\u00e8rent aussi au transfert des savoirs par l'\u00e9laboration de commentaires propres en syriaque qui portaient sur les oeuvres grecques, tout sp\u00e9cialement sur l'oeuvre logique d'Aristote. Les deux aspects de cette activit\u00e9 de traduction et de commentaire sont \u00e9tudi\u00e9s dans les \u00e9tudes ici rassembl\u00e9es, dont plusieurs sont in\u00e9dites. \u00c0 travers les traductions et commentaires \u00e9labor\u00e9s par trois auteurs du VIe si\u00e8cle, Paul le Perse et Proba, c'est la premi\u00e8re entr\u00e9e de la tradition aristot\u00e9licienne dans le domaine oriental qui est l'objet du pr\u00e9sent ouvrage. Les oeuvres de ces auteurs sont confront\u00e9es syst\u00e9matiquement avec leurs sources grecques, c'est-\u00e0-dire les commentaires n\u00e9oplatoniciens de l'antiquit\u00e9 tardive sur Aristote. Les savants syriaques apparaissent comme d'authentiques continuateurs de cette tradition grecque, et leurs ouvrages contribuent \u00e0 enrichir notre connaissance des derniers d\u00e9veloppements de la philosophie dans l'antiquit\u00e9 tardive. Les commentaires ici analys\u00e9s portent sur les trois premiers trait\u00e9s de l'Organon (Cat\u00e9gories, De interpretatione, Premiers Analytiques), ainsi que sur l'Isagog\u00e8 de Porphyre.","authors":["Henri Hugonnard-Roche"],"category_codes":["9000000","9080000","9080200","9080204"],"visuals":{"large":"https:\/\/images.epagine.fr\/159\/9782711617159_1_75.jpg","medium":"https:\/\/images.epagine.fr\/159\/9782711617159_1_m.jpg","thumbnail":"https:\/\/images.epagine.fr\/159\/9782711617159_1_v.jpg"},"orderable":true,"show_badge":true,"formatted_price":"39,00&nbsp;\u20ac","formatted_published_date":"2 novembre 2004","publisher_availability_label":"Sur commande","short_details":"Henri Hugonnard-Roche \u2014 Vrin","translator":null,"weight":500,"page_count":305,"readership":null,"editor":"Vrin","price":3900,"published_date":"2004-11-01T23:00:00.000000Z","support":"Grand format","publisher_availability":1,"stock":0,"editions":[],"url":"https:\/\/quaidesbrumes.com\/ouvrage\/9782711617159\/la-logique-daristote-du-grec-au-syriaque-etudes-sur-la-transmission-des-textes-de-lorganon-et-leur-interpretation-philosophique"},{"id":"9782711617173","title":"La recherche du principe chez Platon, Aristote et Plotin","description":"La recherche d'un Principe, d'un terme premier auquel tout - le monde, l'\u00eatre... - se trouve suspendu, peut \u00eatre consid\u00e9r\u00e9 comme le projet originel de la philosophie.\r\nSi cet ouvrage n'en propose cependant pas une histoire ou une chronologie, c'est parce qu'il d\u00e9veloppe et insiste sur le sens et les cons\u00e9quences de cette exigence du Principe, \u00e0 partir de laquelle la philosophie s'est enracin\u00e9e.\r\nC'est en \u00e9tudiant les rapports entre Platon, Aristote et Plotin, qu'on peut apercevoir le mieux les tensions qui travaillent la notion m\u00eame de Principe : comment concilier sa n\u00e9cessaire transcendance avec l'\u00e9gale n\u00e9cessit\u00e9 de son rattachement aux choses qui d\u00e9pendent de lui?","authors":["Sylvain Roux"],"category_codes":["9000000","9080000","9080200","9080204"],"visuals":{"large":"https:\/\/images.epagine.fr\/173\/9782711617173_1_75.jpg","medium":"https:\/\/images.epagine.fr\/173\/9782711617173_1_m.jpg","thumbnail":"https:\/\/images.epagine.fr\/173\/9782711617173_1_v.jpg"},"orderable":true,"show_badge":true,"formatted_price":"43,00&nbsp;\u20ac","formatted_published_date":"4 avril 2005","publisher_availability_label":"Sur commande","short_details":"Sylvain Roux \u2014 Vrin","translator":null,"weight":460,"page_count":384,"readership":null,"editor":"Vrin","price":4300,"published_date":"2005-04-03T22:00:00.000000Z","support":"Grand format","publisher_availability":1,"stock":0,"editions":[],"url":"https:\/\/quaidesbrumes.com\/ouvrage\/9782711617173\/la-recherche-du-principe-chez-platon-aristote-et-plotin"},{"id":"9782711617197","title":"Gadamer et les grecs","description":"Les interpr\u00e9tations par Gadamer des philosophes grecs, qui invitent \u00e0 une nouvelle compr\u00e9hension de leur pens\u00e9e, ont en retour contribu\u00e9 de mani\u00e8re d\u00e9cisive \u00e0 l'\u00e9laboration de sa propre pens\u00e9e herm\u00e9neutique. Les contributions de ce volume interrogent la lecture gadam\u00e9rienne des Grecs - des Pr\u00e9socratiques \u00e0 Plotin; elles visent \u00e0 en d\u00e9terminer l'originalit\u00e9, \u00e0 mesurer son impact sur l'\u00e9laboration de la philosophie de Gadamer, et enfin \u00e0 tester la pertinence de l'herm\u00e9neutique mise en oeuvre sur le terrain m\u00eame des textes.","authors":["Jean-Claude Gens","Pavlos Kontos","Pierre Rodrigo"],"category_codes":["9000000","9080000","9080200","9080204"],"visuals":{"large":"https:\/\/images.epagine.fr\/197\/9782711617197_1_75.jpg","medium":"https:\/\/images.epagine.fr\/197\/9782711617197_1_m.jpg","thumbnail":"https:\/\/images.epagine.fr\/197\/9782711617197_1_v.jpg"},"orderable":true,"show_badge":true,"formatted_price":"27,00&nbsp;\u20ac","formatted_published_date":"4 avril 2005","publisher_availability_label":"Sur commande","short_details":"Jean-Claude Gens, Pavlos Kontos, Pierre Rodrigo \u2014 Vrin","translator":null,"weight":350,"page_count":332,"readership":null,"editor":"Vrin","price":2700,"published_date":"2005-04-03T22:00:00.000000Z","support":"Grand format","publisher_availability":1,"stock":0,"editions":[],"url":"https:\/\/quaidesbrumes.com\/ouvrage\/9782711617197\/gadamer-et-les-grecs"},{"id":"9782711617203","title":"La morale et sa philosophie","description":"Depuis toujours, l'interrogation portant sur les limites de l'action individuelle ou collective, sur les normes de conduite et les r\u00e8gles du vivre-ensemble, hante la philosophie. Prescription et normativit\u00e9, obligation et libert\u00e9, raison et loi forment les corollaires essentiels de la morale. Certes, la morale concerne les moeurs, comme l'atteste son \u00e9tymologie. Mais elle d\u00e9borde aussi ce cadre et manifeste une qu\u00eate d'universalit\u00e9 d\u00e9passant les singularit\u00e9s des us et coutumes propres aux uns et aux autres.","authors":["Anne Baudart"],"category_codes":["9000000","9080000","9080200","9080208"],"visuals":{"large":"https:\/\/images.epagine.fr\/203\/9782711617203_1_75.jpg","medium":"https:\/\/images.epagine.fr\/203\/9782711617203_1_m.jpg","thumbnail":"https:\/\/images.epagine.fr\/203\/9782711617203_1_v.jpg"},"orderable":true,"show_badge":true,"formatted_price":"8,50&nbsp;\u20ac","formatted_published_date":"2 novembre 2004","publisher_availability_label":"Sur commande","short_details":"Anne Baudart \u2014 Vrin","translator":null,"weight":200,"page_count":128,"readership":null,"editor":"Vrin","price":850,"published_date":"2004-11-01T23:00:00.000000Z","support":"Grand format","publisher_availability":1,"stock":0,"editions":[],"url":"https:\/\/quaidesbrumes.com\/ouvrage\/9782711617203\/la-morale-et-sa-philosophie"},{"id":"9782711617227","title":"Formes et faits : Analyse et th\u00e9orie de la connaissance dans l'atomisme logique","description":"L'atomisme logique est n\u00e9 de la rencontre de Bertrand Russell et de Ludwig Wittgenstein dans les ann\u00e9es qui pr\u00e9c\u00e9d\u00e8rent la Premi\u00e8re Guerre mondiale. On peut le d\u00e9finir, de mani\u00e8re tr\u00e8s g\u00e9n\u00e9rale, comme une doctrine de la forme des faits. Cette description, qui s'adapterait aussi bien aux aphorismes du Tractatus Logico-philosophicus de Wittgenstein qu'aux th\u00e9ories des Conf\u00e9rences sur l'atomisme logique de Russell, laisse pourtant ind\u00e9termin\u00e9 le statut th\u00e9orique de la chose : s'agit-il d'une m\u00e9taphysique, d'une th\u00e9orie de la connaissance ou d'une m\u00e9thodologie de l'analyse philosophique?\r\nRussell semble vouloir trouver un compromis entre ces diff\u00e9rentes dimensions, tandis que Wittgenstein radicalise le seul dernier aspect. D'un c\u00f4t\u00e9 l'atomisme logique est une \u00e9tape sur le chemin qui m\u00e8nera plus tard Russell \u00e0 une forme moderne d'empirisme, de l'autre il s'agit d'une m\u00e9taphysique du langage et du monde. L'ironie vient de ce que, malgr\u00e9 ces divergences fondamentales, Wittgenstein s'appuie sur les premiers travaux de Russell concernant l'analyse de la proposition, pour mettre sur pied la th\u00e9orie de la proposition qui est au coeur du Tractatus.\r\nCe livre est une tentative pour montrer comment la pens\u00e9e de Wittgenstein prend progressivement corps \u00e0 partir d'une critique interne de celle de son ma\u00eetre, qu'il juge constamment infid\u00e8le \u00e0 son inspiration analytique originelle.","authors":["Sackur Jerome"],"category_codes":["9000000","9080000","9080700"],"visuals":{"large":"https:\/\/images.epagine.fr\/227\/9782711617227_1_75.jpg","medium":"https:\/\/images.epagine.fr\/227\/9782711617227_1_m.jpg","thumbnail":"https:\/\/images.epagine.fr\/227\/9782711617227_1_v.jpg"},"orderable":true,"show_badge":true,"formatted_price":"35,00&nbsp;\u20ac","formatted_published_date":"4 avril 2005","publisher_availability_label":"Sur commande","short_details":"Sackur Jerome \u2014 Vrin","translator":null,"weight":510,"page_count":312,"readership":null,"editor":"Vrin","price":3500,"published_date":"2005-04-03T22:00:00.000000Z","support":"Grand format","publisher_availability":1,"stock":0,"editions":[],"url":"https:\/\/quaidesbrumes.com\/ouvrage\/9782711617227\/formes-et-faits-analyse-et-theorie-de-la-connaissance-dans-latomisme-logique"},{"id":"9782711617234","title":"Mensonge, mauvaise foi, mystification : Les m\u00e9saventures du pacte fictionnel","description":"Toute communication humaine implique la d\u00e9termination du degr\u00e9 de v\u00e9racit\u00e9 du message : il faut signifier sa position sur une \u00e9chelle qui s'\u00e9tend de la fiction pure \u00e0 l'expression donn\u00e9e pour vraiment vraie. Ainsi les repr\u00e9sentations artistiques s'annoncent-elles le plus souvent comme des fictions.\r\nMais ce pacte fictionnel est susceptible de conna\u00eetre des m\u00e9saventures. L'honn\u00eate imitation peut d\u00e9boucher sur le faux ou la mystification, l'entente fictionnelle se borner \u00e0 la connivence solipsiste du locuteur avec lui-m\u00eame (mensonge), la conviction intime se constituer en mauvaise foi.\r\nEn retour, cependant, la communication peut user de ces trahisons du pacte comme d'autant de moyens rh\u00e9toriques au service d'une v\u00e9racit\u00e9 dialectiquement augment\u00e9e.","authors":["Dekoninck","Demoulin"],"category_codes":["9000000","9080000","9080700"],"visuals":{"large":"https:\/\/quaidesbrumes.com\/img\/book-placeholder.png","medium":"https:\/\/quaidesbrumes.com\/img\/book-placeholder.png","thumbnail":"https:\/\/quaidesbrumes.com\/img\/book-placeholder.png"},"orderable":true,"show_badge":true,"formatted_price":"17,00&nbsp;\u20ac","formatted_published_date":"4 avril 2005","publisher_availability_label":"Sur commande","short_details":"Dekoninck, Demoulin \u2014 Vrin","translator":null,"weight":320,"page_count":208,"readership":null,"editor":"Vrin","price":1700,"published_date":"2005-04-03T22:00:00.000000Z","support":"Grand format","publisher_availability":1,"stock":0,"editions":[],"url":"https:\/\/quaidesbrumes.com\/ouvrage\/9782711617234\/mensonge-mauvaise-foi-mystification-les-mesaventures-du-pacte-fictionnel"},{"id":"9782711617241","title":"Descartes et la Causa Sui. : Autoproduction divine, autod\u00e9termination humaine","description":"Quel est le sens m\u00e9taphysique, anthropologique et \u00e9thique de la statique cart\u00e9sienne? Quelle est la dynamique qui la sous-tend? L'auteur, dans cet ouvrage, pose ces questions au texte cart\u00e9sien \u00e0 travers une double interrogation sur la causa sui divine (l'autoproduction efficiente de Dieu) et sur la causa sui humaine (l'autod\u00e9termination, elle aussi efficiente, de la volont\u00e9). Il s'agit l\u00e0 de probl\u00e8mes qui n'ont cess\u00e9 de faire l'objet de pol\u00e9miques parmi les commentateurs de Descartes. Au-del\u00e0 des controverses th\u00e9ologiques, ils touchent aujourd'hui un probl\u00e8me plus g\u00e9n\u00e9ral : l'insertion de la philosophie cart\u00e9sienne dans l'histoire de la constitution onto-th\u00e9o-logique de la m\u00e9taphysique. Cette \u00e9tude tente de d\u00e9passer ce sch\u00e9ma d'interpr\u00e9tation, en s'appuyant sur une \u00e9tude comparatiste de certains des textes centraux de la m\u00e9taphysique cart\u00e9sienne et de la m\u00e9taphysique du n\u00e9oplatonisme antique et renaissant. La causa sui cart\u00e9sienne appara\u00eet ainsi li\u00e9e \u00e0 une philosophie qui accorde une place centrale \u00e0 l'\u00e9nergie de l'esprit humain. Aussi la volont\u00e9 humaine doit-elle \u00eatre repens\u00e9e, \u00e0 l'encontre des interpr\u00e9tations augustinisantes de la libert\u00e9 cart\u00e9sienne d'\u00c9tienne Gilson et de ses successeurs, comme origine d'un pouvoir dynamique et cr\u00e9ateur authentique. \r\nA travers l'\u00e9tude de la m\u00e9taphysique cart\u00e9sienne se joue ainsi une autre g\u00e9n\u00e9alogie de la pens\u00e9e humaniste moderne, \u00e0 m\u00eame de d\u00e9passer les apories li\u00e9es au sch\u00e9ma heideggerien de la constitution d'un principe h\u00e9g\u00e9monique de rationalit\u00e9 comme d'un dispositif nihiliste de puissance.","authors":["Gontier Thierry"],"category_codes":["9000000","9080000","9080600"],"visuals":{"large":"https:\/\/images.epagine.fr\/241\/9782711617241_1_75.jpg","medium":"https:\/\/images.epagine.fr\/241\/9782711617241_1_m.jpg","thumbnail":"https:\/\/images.epagine.fr\/241\/9782711617241_1_v.jpg"},"orderable":true,"show_badge":true,"formatted_price":"29,00&nbsp;\u20ac","formatted_published_date":"4 avril 2005","publisher_availability_label":"Sur commande","short_details":"Gontier Thierry \u2014 Vrin","translator":null,"weight":425,"page_count":220,"readership":null,"editor":"Vrin","price":2900,"published_date":"2005-04-03T22:00:00.000000Z","support":"Grand format","publisher_availability":1,"stock":0,"editions":[],"url":"https:\/\/quaidesbrumes.com\/ouvrage\/9782711617241\/descartes-et-la-causa-sui-autoproduction-divine-autodetermination-humaine"},{"id":"9782711617326","title":"Religion, libert\u00e9, justice : Sur les Lettres \u00e9crites de la montagne de Jean-Jacques Rousseau","description":"Compos\u00e9es en 1764, les Lettres \u00e9crites de la Montagne (r\u00e9f\u00e9rence \u00e9vang\u00e9lique au Sermon sur la Montagne) ont pour objet de montrer que la Gen\u00e8ve moderne ne correspond pas aux principes moraux et politiques qui devraient gouverner cette cit\u00e9 : puisque les institutions n'ob\u00e9issent plus \u00e0 la r\u00e8gle de leur \u00e9tablissement, Rousseau finira par renoncer \u00e0 sa condition de citoyen de Gen\u00e8ve. Rousseau propose ic une mise au point conjugu\u00e9e de sa pens\u00e9e sur la religion et la politique, ainsi que sur les conditions juridiques de la libert\u00e9. Le commentaire de Bruno Bernardi met l'accent sur le rapport qu'entretiennent ces Lettres avec le second Discours sur l'in\u00e9galit\u00e9, le Contrat social ou l'\u00c9mile.","authors":["Bernardi","Bouvignies"],"category_codes":["9000000","9080000","9080600"],"visuals":{"large":"https:\/\/images.epagine.fr\/326\/9782711617326_1_75.jpg","medium":"https:\/\/images.epagine.fr\/326\/9782711617326_1_m.jpg","thumbnail":"https:\/\/images.epagine.fr\/326\/9782711617326_1_v.jpg"},"orderable":true,"show_badge":true,"formatted_price":"32,00&nbsp;\u20ac","formatted_published_date":"4 avril 2005","publisher_availability_label":"Sur commande","short_details":"Bernardi, Bouvignies \u2014 Vrin","translator":null,"weight":650,"page_count":320,"readership":null,"editor":"Vrin","price":3200,"published_date":"2005-04-03T22:00:00.000000Z","support":"Grand format","publisher_availability":1,"stock":0,"editions":[],"url":"https:\/\/quaidesbrumes.com\/ouvrage\/9782711617326\/religion-liberte-justice-sur-les-lettres-ecrites-de-la-montagne-de-jean-jacques-rousseau"},{"id":"9782711617340","title":"Les sources de la philosophie kantienne : XVIIe et XVIIIe si\u00e8cles","description":"La source peut \u00eatre entendue comme ce qui exerce une influence. L'influence, dira la Critique de la facult\u00e9 de juger, est de l'ordre de la succession (Nachfolge), non de l'imitation (Nachahmung). Elle est ce \u00e0 quoi on puise,ce qui oriente une pens\u00e9e, mais aussi ce par rapport \u00e0 quoi on d\u00e9finit sa propre position.Les \u00e9tudes rassembl\u00e9es dans le pr\u00e9sent volume ont pour objet les sources de la pens\u00e9e kantienne aux XVIIe et XVIIIe si\u00e8cles. Les contributions essayent de les th\u00e9matiser \u00e0 partir de l'oeuvre m\u00eame de Kant, c'est-\u00e0-dire \u00e0 partir de ce qui, dans les \u00e9crits kantiens, est rep\u00e9rable en tant que source.","authors":["Sosoe Lukas K."],"category_codes":["9000000","9080000","9080600"],"visuals":{"large":"https:\/\/images.epagine.fr\/340\/9782711617340_1_75.jpg","medium":"https:\/\/images.epagine.fr\/340\/9782711617340_1_m.jpg","thumbnail":"https:\/\/images.epagine.fr\/340\/9782711617340_1_v.jpg"},"orderable":true,"show_badge":true,"formatted_price":"31,00&nbsp;\u20ac","formatted_published_date":"6 d\u00e9cembre 2005","publisher_availability_label":"Sur commande","short_details":"Sosoe Lukas K. \u2014 Vrin","translator":null,"weight":700,"page_count":384,"readership":null,"editor":"Vrin","price":3100,"published_date":"2005-12-05T23:00:00.000000Z","support":"Grand format","publisher_availability":1,"stock":0,"editions":[],"url":"https:\/\/quaidesbrumes.com\/ouvrage\/9782711617340\/les-sources-de-la-philosophie-kantienne-xviie-et-xviiie-siecles"},{"id":"9782711617357","title":"Croire et savoir : Les principes de la connaissance selon Nicolas d'Autrecourt","description":"Selon Nicolas d'Autr\u00e9court, nous sommes \u00e0 bien des \u00e9gards born\u00e9s par notre ignorance, et l'on doit s'efforcer d'augmenter autant que faire se peut notre connaissance des v\u00e9rit\u00e9s cach\u00e9es. D\u00e9diant son principal trait\u00e9 philosophique \u00e0 ceux qui veulent \u00ab chercher et reconna\u00eetre la v\u00e9rit\u00e9 \u00bb, il \u00e9labore dans cette perspective une \u00e9pist\u00e9mologie qui fait une large place aux \u00ab dissonances cognitives \u00bb, aux connaissances dont le degr\u00e9 de justification \u00e9pist\u00e9mique est incertain, et qu'il faut chercher \u00e0 am\u00e9liorer jusqu'\u00e0 parvenir \u00e0 l'\u00e9vidence et la certitude.\r\nC'est cette approche \u00e0 la fois fondationaliste et faillibiliste de la connaissance que l'ouvrage se propose d'appr\u00e9cier ici. L'auteur s'est efforc\u00e9 de prendre en compte l'aspect normatif de la th\u00e9orie autr\u00e9curienne de la connaissance, en reconstruisant de fa\u00e7on syst\u00e9matique les principes qui ont guid\u00e9 le Lorrain, et d'autre part, dans une perspective plus g\u00e9n\u00e9alogique, de montrer d'o\u00f9 venait l'int\u00e9r\u00eat du philosophe pour les objets vagues et les m\u00e9thodes de raisonnements informels en pr\u00e9sentant les principaux aspects de son atomisme.","authors":["Grellard Christophe"],"category_codes":["9000000","9080000","9080500"],"visuals":{"large":"https:\/\/images.epagine.fr\/357\/9782711617357_1_75.jpg","medium":"https:\/\/images.epagine.fr\/357\/9782711617357_1_m.jpg","thumbnail":"https:\/\/images.epagine.fr\/357\/9782711617357_1_v.jpg"},"orderable":true,"show_badge":true,"formatted_price":"41,00&nbsp;\u20ac","formatted_published_date":"27 juin 2005","publisher_availability_label":"Sur commande","short_details":"Grellard Christophe \u2014 Vrin","translator":null,"weight":530,"page_count":312,"readership":null,"editor":"Vrin","price":4100,"published_date":"2005-06-26T22:00:00.000000Z","support":"Grand format","publisher_availability":1,"stock":0,"editions":[],"url":"https:\/\/quaidesbrumes.com\/ouvrage\/9782711617357\/croire-et-savoir-les-principes-de-la-connaissance-selon-nicolas-dautrecourt"},{"id":"9782711617388","title":"L'herm\u00e9neutique en r\u00e9trospective","description":"Difficile de trouver auteur mieux plac\u00e9 que Hans-Georg Gadamer (1900-2002) pour pr\u00e9senter \u00e0 la premi\u00e8re personne une r\u00e9trospective de la pens\u00e9e herm\u00e9neutique. Ce livre est donc celui qu'il faut lire si l'on veut comprendre tout le sens de l'herm\u00e9neutique et de V\u00e9rit\u00e9 et m\u00e9thode. Gadamer y expose en effet ses inspirations proprement philosophiques comme il ne l'a fait nulle part ailleurs. Il part ici des travaux de jeunesse de son ma\u00eetre Heidegger afin d'introduire \u00e0 ce qu'il appelle le \u00ab tournant herm\u00e9neutique \u00bb, dont son oeuvre se veut l'un des aboutissement les plus cons\u00e9quents.\r\nLa puissante retrospective qu'il propose ici nous aide \u00e0 voir que \u00ab la ph\u00e9nom\u00e9nologie, l'herm\u00e9neutique et la m\u00e9taphysique ne sont pas trois points de vue philosophiques diff\u00e9rents, mais bien l'expression de ce qu'est la philosophie elle-m\u00eame \u00bb.","authors":["Hans-georg Gadamer"],"category_codes":["9000000","9080000","9080200","9080204"],"visuals":{"large":"https:\/\/images.epagine.fr\/388\/9782711617388_1_75.jpg","medium":"https:\/\/images.epagine.fr\/388\/9782711617388_1_m.jpg","thumbnail":"https:\/\/images.epagine.fr\/388\/9782711617388_1_v.jpg"},"orderable":true,"show_badge":true,"formatted_price":"27,00&nbsp;\u20ac","formatted_published_date":"24 octobre 2005","publisher_availability_label":"Sur commande","short_details":"Hans-georg Gadamer \u2014 Vrin","translator":null,"weight":410,"page_count":288,"readership":null,"editor":"Vrin","price":2700,"published_date":"2005-10-23T22:00:00.000000Z","support":"Grand format","publisher_availability":1,"stock":0,"editions":[],"url":"https:\/\/quaidesbrumes.com\/ouvrage\/9782711617388\/lhermeneutique-en-retrospective"},{"id":"9782711617425","title":"Archives d'Histoire litteraire et doctrinale du Moyen-Age LXXI - 2004","description":null,"authors":["Vrin"],"category_codes":["9000000","9080000","9080500"],"visuals":{"large":"https:\/\/quaidesbrumes.com\/img\/book-placeholder.png","medium":"https:\/\/quaidesbrumes.com\/img\/book-placeholder.png","thumbnail":"https:\/\/quaidesbrumes.com\/img\/book-placeholder.png"},"orderable":true,"show_badge":true,"formatted_price":"56,00&nbsp;\u20ac","formatted_published_date":"19 septembre 2005","publisher_availability_label":"Sur commande","short_details":"Vrin \u2014 Vrin","translator":null,"weight":1000,"page_count":320,"readership":null,"editor":"Vrin","price":5600,"published_date":"2005-09-18T22:00:00.000000Z","support":"Grand format","publisher_availability":1,"stock":0,"editions":[],"url":"https:\/\/quaidesbrumes.com\/ouvrage\/9782711617425\/archives-dhistoire-litteraire-et-doctrinale-du-moyen-age-lxxi-2004"},{"id":"9782711617470","title":"La morale des lettres : Six \u00e9tudes philosophiques sur \u00e9thique et litt\u00e9rature","description":"Depuis l'origine mythologique, la positivit\u00e9 d'un enseignement moral des lettres s'est impos\u00e9e avant d'\u00eatre th\u00e9oris\u00e9e contre sa d\u00e9valorisation toujours possible. La question de l'enseignement litt\u00e9raire des conflits moraux put alors venir au premier plan de l'herm\u00e9neutique des mythes, l\u00e9gendes et fictions, notamment comme la question de la contradiction entre \u00e9thiques culturelles. enfin, le modus moralis docendi de cet enseignement souvent conflictuel n'a pu que se trouver confront\u00e9 aux modi significandi de toute litt\u00e9rature.\r\nAinsi : positivit\u00e9 enseign\u00e9e contre n\u00e9gativit\u00e9 morale, conflictualit\u00e9 \u00e9thique cherchant une issue victorieuse, plurivocit\u00e9 intentionnant une hi\u00e9rarchie morale des sens multiples. De m\u00eame : litt\u00e9rature distincte de la philosophie et de la science, \u00e9criture dans son rapport \u00e0 la parole, litt\u00e9ralit\u00e9 dans son opposition \u00e0 la lettre de l'esprit. Telles sont les directions majeures des \u00e9tudes propos\u00e9es dans ce volume.","authors":["Stanguennec Andre"],"category_codes":["9000000","9080000","9080700"],"visuals":{"large":"https:\/\/images.epagine.fr\/470\/9782711617470_1_75.jpg","medium":"https:\/\/images.epagine.fr\/470\/9782711617470_1_m.jpg","thumbnail":"https:\/\/images.epagine.fr\/470\/9782711617470_1_v.jpg"},"orderable":true,"show_badge":true,"formatted_price":"25,00&nbsp;\u20ac","formatted_published_date":"4 avril 2005","publisher_availability_label":"Sur commande","short_details":"Stanguennec Andre \u2014 Vrin","translator":null,"weight":260,"page_count":170,"readership":null,"editor":"Vrin","price":2500,"published_date":"2005-04-03T22:00:00.000000Z","support":"Grand format","publisher_availability":1,"stock":0,"editions":[],"url":"https:\/\/quaidesbrumes.com\/ouvrage\/9782711617470\/la-morale-des-lettres-six-etudes-philosophiques-sur-ethique-et-litterature"},{"id":"9782711617487","title":"Machiavel : Conflit et libert\u00e9","description":"Parmi les pens\u00e9es fondatrices de la modernit\u00e9 politique, l'oeuvre de Machiavel est sans doute celle qui a suscit\u00e9 les appropriations et les lectures les plus contradictoires. Tant\u00f4t d\u00e9nonc\u00e9 comme l'initiateur mal\u00e9fique d'une vision cynique du pouvoir, tant\u00f4t intronis\u00e9 parmi les pr\u00e9curseurs de la science politique, Machiavel est apparu aussi comme l'une des figures majeures du r\u00e9publicanisme moderne.Cette derni\u00e8re dimension a focalis\u00e9 les recherches r\u00e9centes, avec le courant n\u00e9o-r\u00e9publicain : il s'agissait pour des auteurs tels que Pocock ou Skinner de montrer non seulement le poids des th\u00e9matiques r\u00e9publicaines au sein de l'histoire moderne, mais aussi de retrouver en Machiavel une conception alternative au lib\u00e9ralisme.Ce livre propose une lecture diff\u00e9rente du Florentin, centr\u00e9e sur la th\u00e9matique de la conflictualit\u00e9 politique et sociale, suivant les principales interpr\u00e9tations du XXe si\u00e8cle, dont l'enjeu est de penser autrement la relation republicanisme-lib\u00e9ralisme attribuant au conflit un r\u00f4le cl\u00e9 dans l'av\u00e8nement de la libert\u00e9.","authors":["Audier Serge"],"category_codes":["9000000","9080000","9080600","9080602"],"visuals":{"large":"https:\/\/images.epagine.fr\/487\/9782711617487_1_75.jpg","medium":"https:\/\/images.epagine.fr\/487\/9782711617487_1_m.jpg","thumbnail":"https:\/\/images.epagine.fr\/487\/9782711617487_1_v.jpg"},"orderable":true,"show_badge":true,"formatted_price":"25,40&nbsp;\u20ac","formatted_published_date":"19 septembre 2005","publisher_availability_label":"Sur commande","short_details":"Audier Serge \u2014 Vrin","translator":null,"weight":480,"page_count":320,"readership":null,"editor":"Vrin","price":2540,"published_date":"2005-09-18T22:00:00.000000Z","support":"Grand format","publisher_availability":1,"stock":0,"editions":[],"url":"https:\/\/quaidesbrumes.com\/ouvrage\/9782711617487\/machiavel-conflit-et-liberte"}]}