{"data":[{"id":"9782711616299","title":"Controverse sur la vie, l'organisme et le mixe","description":"Leibniz construit, teste et v\u00e9rifie sans cesse la pertinence et la coh\u00e9rence de sa philosophie en la rapportant aux conclusions des autres disciplines. Cette m\u00e9thode heuristique nourrit son dialogue avec les sciences math\u00e9matiques et physiques; moins connus, les enjeux r\u00e9v\u00e9l\u00e9s par la r\u00e9forme moderne de la m\u00e9decine et de la chimie suscitent une interrogation sur la vie et la qualit\u00e9. Ces sciences exp\u00e9rimentales s'av\u00e8rent en effet cruciales pour une philosophie de la nature qui cherche \u00e0 concilier le m\u00e9canisme et le finalisme \u00e0 travers les concepts d'ent\u00e9l\u00e9chie et de monade. Elles obligent en outre \u00e0 pr\u00e9ciser la logique de l'exp\u00e9rience, la fonction de la raison, le statut des principes explicatifs (loi, cause, \u00e9l\u00e9ments, analogie). Enfin, elles exigent un fondement qui permette de rapporter les ph\u00e9nom\u00e8nes organiques \u00e0 leur v\u00e9ritable origine : la vie. Ce programme se r\u00e9alise de fa\u00e7on syst\u00e9matique dans la controverse qu'entretiennent Leibniz er Stahl au sujet d'une philosophie de la nature capable de prendre acte des d\u00e9couvertes modernes de la m\u00e9decine et de la chimie, tout en fondant ces connaissances sur une th\u00e9orie g\u00e9n\u00e9rale de la substance et de la vie.","authors":["Leibniz","Serres"],"category_codes":["9000000","9080000","9080600"],"visuals":{"large":"https:\/\/images.epagine.fr\/299\/9782711616299_1_75.jpg","medium":"https:\/\/images.epagine.fr\/299\/9782711616299_1_m.jpg","thumbnail":"https:\/\/images.epagine.fr\/299\/9782711616299_1_v.jpg"},"orderable":true,"show_badge":true,"formatted_price":"33,00&nbsp;\u20ac","formatted_published_date":"1er septembre 2004","publisher_availability_label":"Sur commande","short_details":"Leibniz, Serres \u2014 Vrin","translator":null,"weight":465,"page_count":212,"readership":null,"editor":"Vrin","price":3300,"published_date":"2004-08-31T22:00:00.000000Z","support":"Grand format","publisher_availability":1,"stock":0,"editions":[],"url":"https:\/\/quaidesbrumes.com\/ouvrage\/9782711616299\/controverse-sur-la-vie-lorganisme-et-le-mixe"},{"id":"9782711616329","title":"Sentences","description":"Les Points de d\u00e9part vers les intelligibles de Porphyre, ouvrage traditionnellement intitul\u00e9 Sentences, constituent un condens\u00e9 des Enn\u00e9ades de Plotin, le ma\u00eetre de Porphyre. T\u00e9moignage exceptionnel sur le renouveau du platonisme au IIIe si\u00e8cle de notre \u00e8re, ce document encore mal connnu a exerc\u00e9 une influence d\u00e9cisive sur l'histoire de la philosophie n\u00e9oplatonicienne \u00e0 la fin de l'Antiquit\u00e9, servant d'assise th\u00e9orique au syst\u00e8me des \u00c9coles d'Ath\u00e8nes et d'Alexandrie, notamment sur la th\u00e9orie platonicienne des incorporels et sur celle des degr\u00e9s de vertus.Le texte grec et la traduction fran\u00e7aise sont pr\u00e9c\u00e9d\u00e9s de plusieurs \u00e9tudes introductives sur le titre, le genre litt\u00e9raire, l'histoire du texte et des \u00e9ditions, de m\u00eame que sur le syst\u00e8me de la philosophie porphyrienne qui se d\u00e9gage de l'ouvrage et sur les rapports que les Sentences entretiennent avec Plotin, leur inspirateur, et Proclus, leur imitateur. On trouve ensuite un commentaire d\u00e9taill\u00e9 de chacune des 44 sentences, une bibliographie, une traduction anglaise annot\u00e9e des Sentences par John Dillon, un lexique grec complet et un index s\u00e9lectif des passages cit\u00e9s.","authors":["Porphyre"],"category_codes":["9000000","9080000","9080400"],"visuals":{"large":"https:\/\/images.epagine.fr\/329\/9782711616329_1_75.jpg","medium":"https:\/\/images.epagine.fr\/329\/9782711616329_1_m.jpg","thumbnail":"https:\/\/images.epagine.fr\/329\/9782711616329_1_v.jpg"},"orderable":true,"show_badge":true,"formatted_price":"54,00&nbsp;\u20ac","formatted_published_date":"19 septembre 2005","publisher_availability_label":"Sur commande","short_details":"Porphyre \u2014 Vrin","translator":null,"weight":1395,"page_count":874,"readership":null,"editor":"Vrin","price":5400,"published_date":"2005-09-18T22:00:00.000000Z","support":"Grand format","publisher_availability":1,"stock":0,"editions":[],"url":"https:\/\/quaidesbrumes.com\/ouvrage\/9782711616329\/sentences"},{"id":"9782711616336","title":"Recherches pour une logique herm\u00e9neutique","description":"Hans Lipps (1889-1941), m\u00e9decin et philosophe, \u00e9l\u00e8ve de Husserl, s'\u00e9loigne rapidement des positions du ma\u00eetre sous l'influence notamment de sa pratique de m\u00e9decin, de la psychologie de la forme, et de l'influence de W. Dilthey. La lecture d'\u00catre et Temps de Heidegger motive son \u00e9laboration de la \u00ab logique herm\u00e9neutique \u00bb au cours des ann\u00e9es 30.\r\nLes Recherches pour une logique herm\u00e9neutique constituent une tentative courageuse de relier le domaines des expressions de la vie et de l'existence humaine avec celui du discours scientifique.\r\nEn ce sens, Lipps est proche d'une certaine conception de la ph\u00e9nom\u00e9nologie qui reste en d\u00e9bat constant avec les sciences exp\u00e9rimentales afin d'\u00e9clairer l'existence humaine.","authors":["Lipps","Kristensen"],"category_codes":["9000000","9080000","9080700"],"visuals":{"large":"https:\/\/images.epagine.fr\/336\/9782711616336_1_75.jpg","medium":"https:\/\/images.epagine.fr\/336\/9782711616336_1_m.jpg","thumbnail":"https:\/\/images.epagine.fr\/336\/9782711616336_1_v.jpg"},"orderable":true,"show_badge":true,"formatted_price":"31,00&nbsp;\u20ac","formatted_published_date":"2 novembre 2004","publisher_availability_label":"Sur commande","short_details":"Lipps, Kristensen \u2014 Vrin","translator":null,"weight":300,"page_count":190,"readership":null,"editor":"Vrin","price":3100,"published_date":"2004-11-01T23:00:00.000000Z","support":"Grand format","publisher_availability":1,"stock":0,"editions":[],"url":"https:\/\/quaidesbrumes.com\/ouvrage\/9782711616336\/recherches-pour-une-logique-hermeneutique"},{"id":"9782711616350","title":"Quadrature arithmetique du cercle, de l'ellipse et de l'hyperbole et la trigonom\u00e9trie sans tables qui en est le corollaire","description":"En 1676, alors qu'il s\u00e9journe encore \u00e0 Paris, Leibniz entreprend de composer un volumineux trait\u00e9 qui restera sans doute l'un de ses \u00e9crits math\u00e9matiques les plus fortement charpent\u00e9s : La quadrature arithm\u00e9tique du cercle, de l'ellipse et de l'hyperbole et la trigonom\u00e9trie sans tables qui en est le corollaire. Ce trait\u00e9 se pr\u00e9sente comme un abr\u00e9g\u00e9 exhaustif de la g\u00e9om\u00e9trie infinit\u00e9simale, dont Leibniz avait pu esp\u00e9rer qu'elle lui ouvrirait les portes de l'Acad\u00e9mie des Sciences. Cependant, contraint de quitter la capitale avant sa publication, il abandonnera derri\u00e8re lui un ouvrage qui n'allait voir le jour qu'en 1993.\r\nLe probl\u00e8me de la quadrature est pr\u00e9texte \u00e0 soulever plusieurs enjeux capitaux tant pour les math\u00e9matiques que pour la philosophie. Il permet notamment \u00e0 Leibniz d'examiner avec une grande pr\u00e9cision la question de la m\u00e9thode, des fondements, ainsi que des notions cruciales de rigueur et d'infini, tout en mettant en \u00e9vidence leurs applications pratiques.\r\nSi la pr\u00e9sente \u00e9dition de ce texte foisonnant ne reproduit pas l'int\u00e9gralit\u00e9 des variantes, elle en propose une version corrig\u00e9e et annot\u00e9e, qui s'accompagne d'une traduction fran\u00e7aise en regard.","authors":["Leibniz","Parmentier"],"category_codes":["9000000","9080000","9080600"],"visuals":{"large":"https:\/\/images.epagine.fr\/350\/9782711616350_1_75.jpg","medium":"https:\/\/images.epagine.fr\/350\/9782711616350_1_m.jpg","thumbnail":"https:\/\/images.epagine.fr\/350\/9782711616350_1_v.jpg"},"orderable":true,"show_badge":true,"formatted_price":"37,00&nbsp;\u20ac","formatted_published_date":"17 janvier 2006","publisher_availability_label":"Sur commande","short_details":"Leibniz, Parmentier \u2014 Vrin","translator":null,"weight":585,"page_count":365,"readership":null,"editor":"Vrin","price":3700,"published_date":"2006-01-16T23:00:00.000000Z","support":"Grand format","publisher_availability":1,"stock":0,"editions":[],"url":"https:\/\/quaidesbrumes.com\/ouvrage\/9782711616350\/quadrature-arithmetique-du-cercle-de-lellipse-et-de-lhyperbole-et-la-trigonometrie-sans-tables-qui-en-est-le-corollaire"},{"id":"9782711616381","title":"M\u00e9taphysique et no\u00e9tique : Albert le Grand","description":"Deux conceptions de la m\u00e9taphysique se sont affront\u00e9es \u00e0 l'automne du Moyen \u00c2ge : l'une a donn\u00e9 naissance \u00e0 la m\u00e9taphysique de l'esprit, culminant dans l'id\u00e9alisme allemand; l'autre, \u00e0 la m\u00e9taphysique de l'\u00eatre comme onto-th\u00e9o-logie. Albert le Grand est le premier \u00e0 avoir tent\u00e9 d'harmoniser une r\u00e9flexion sur l'\u00eatre et une th\u00e9orie de l'intellect, d'articuler une ontologie et une no\u00e9tique.\r\nOn trouvera dans cet ouvrage l'\u00e9tude de ses th\u00e8ses et celle de ceux qu'il a influenc\u00e9s, des philosophes \u00ab teutoniques \u00bb aux averro\u00efstes \u00ab latins \u00bb. Enracin\u00e9e dans la tradition du p\u00e9ripat\u00e9tisme gr\u00e9co-arabe, mais \u00e9galement impr\u00e9gn\u00e9e de n\u00e9oplatonisme, la m\u00e9taphysique offre une vue d'ensemble des probl\u00e8mes discut\u00e9s au Moyen \u00c2ge et de leurs sources philosophiques et litt\u00e9raires. C'est tout ce r\u00e9seau que l'auteur tente de restituer, s'appuyant sur un choix de textes traduits, illustrant la m\u00e9thode et le style du Doctor Universalis, qui compl\u00e8te l'analyse historique et th\u00e9matique.","authors":["De Libera Alain"],"category_codes":["9000000","9080000","9080500"],"visuals":{"large":"https:\/\/images.epagine.fr\/381\/9782711616381_1_75.jpg","medium":"https:\/\/images.epagine.fr\/381\/9782711616381_1_m.jpg","thumbnail":"https:\/\/images.epagine.fr\/381\/9782711616381_1_v.jpg"},"orderable":true,"show_badge":true,"formatted_price":"32,00&nbsp;\u20ac","formatted_published_date":"27 juin 2005","publisher_availability_label":"Sur commande","short_details":"De Libera Alain \u2014 Vrin","translator":null,"weight":600,"page_count":430,"readership":null,"editor":"Vrin","price":3200,"published_date":"2005-06-26T22:00:00.000000Z","support":"Grand format","publisher_availability":1,"stock":0,"editions":[],"url":"https:\/\/quaidesbrumes.com\/ouvrage\/9782711616381\/metaphysique-et-noetique-albert-le-grand"},{"id":"9782711616398","title":"Socrate pour tous : Enseigner la philosophie aux non-philosophes","description":"Faut-il r\u00e9server l'enseignement de la philosophie \u00e0 ceux qui se destinent \u00e0 en faire profession? Ne faut-il enseigner la philosophie qu'aux futurs philosophes? La technicit\u00e9 croissante de celle-ci, son obscurit\u00e9 m\u00eame en certaines \u00e9coles ou auteurs contemporains, pourraient conduire \u00e0 en r\u00e9duire l'audience \u00e0 un cercle tr\u00e8s \u00e9troit d'initi\u00e9s. Les Grecs distinguaient d\u00e9j\u00e0 entre deux formes de philosophie : l'exot\u00e9rique et l'\u00e9sot\u00e9rique. Les auteurs des articles ici rassembl\u00e9s, de traditions diff\u00e9rentes, ont \u00e9t\u00e9 sensibles non seulement \u00e0 la n\u00e9cessit\u00e9 de rendre la philosophie accessible \u00e0 tous sans que soient n\u00e9glig\u00e9es ses exigences fondamentales, mais aussi \u00e0 celle de l'ouvrir, par un dialogue permanent, aux autres disciplines.\r\nLes progr\u00e8s croissants des sciences et des techniques obligent aujourd'hui le philosophe \u00e0 se poser, \u00e0 nouveaux frais, la question de l'homme qui demeure sa vis\u00e9e fondamentale et \u00e0 laquelle nul ne saurait \u00eatre indiff\u00e9rent. On comprendra alors que la haute figure de Socrate, sa m\u00e9thode de philosopher, aient inspir\u00e9 ici textes et d\u00e9bats et donn\u00e9 son titre \u00e0 cet ouvrage.","authors":["Evans D."],"category_codes":["9000000","9080000","9080700"],"visuals":{"large":"https:\/\/images.epagine.fr\/398\/9782711616398_1_75.jpg","medium":"https:\/\/images.epagine.fr\/398\/9782711616398_1_m.jpg","thumbnail":"https:\/\/images.epagine.fr\/398\/9782711616398_1_v.jpg"},"orderable":true,"show_badge":true,"formatted_price":"22,00&nbsp;\u20ac","formatted_published_date":"9 octobre 2003","publisher_availability_label":"Sur commande","short_details":"Evans D. \u2014 Vrin","translator":null,"weight":400,"page_count":225,"readership":null,"editor":"Vrin","price":2200,"published_date":"2003-10-08T22:00:00.000000Z","support":"Grand format","publisher_availability":1,"stock":0,"editions":[],"url":"https:\/\/quaidesbrumes.com\/ouvrage\/9782711616398\/socrate-pour-tous-enseigner-la-philosophie-aux-non-philosophes"},{"id":"9782711616435","title":"Une \u00e9ducation r\u00e9publicaine ; Marion, Buisson, Durkheim","description":"L'\u00e9ducation en France est le fruit d'une histoire politique et sociale dont de nombreuses \u00e9tudes ont approfondi la connaissance; elle r\u00e9sulte aussi d'une histoire des id\u00e9es et des th\u00e9ories. Durant la p\u00e9riode qui va de la naissance de la IIIe R\u00e9publique \u00e0 la Grance Guerre, ce n'est pas une, mais plusieurs doctrines \u00e9ducatives qui furent construites. On \u00e9tudie ici trois figures majeures de cette \u00e9poque : Marion, dont le rationalisme p\u00e9dagogique et \u00e9ducatif emprunte aux sciences psychologique et morale; Buisson, qui tente de syst\u00e9matiser dans son humanisme les principes et les valeurs n\u00e9cessaires \u00e0 l'\u00e9ducation d'esprits libres, tourn\u00e9s vers l'id\u00e9al; Durkheim, enfin, qui par sa critique radicale, prolonge ces deux auteurs autant qu'il les d\u00e9passe. Mais diversit\u00e9 ne signifie pas \u00e9clatement; les trois doctrines se rejoignent dans le m\u00eame effort pour formuler de mani\u00e8re originale les questions inh\u00e9rentes \u00e0 une \u00e9ducation r\u00e9publicaine. De leur travail critique, les d\u00e9bats actuels peuvent encore tirer profit.","authors":["Eric Dubreucq"],"category_codes":["9000000","9080000","9080200","9080204"],"visuals":{"large":"https:\/\/images.epagine.fr\/435\/9782711616435_1_75.jpg","medium":"https:\/\/images.epagine.fr\/435\/9782711616435_1_m.jpg","thumbnail":"https:\/\/images.epagine.fr\/435\/9782711616435_1_v.jpg"},"orderable":true,"show_badge":true,"formatted_price":"29,00&nbsp;\u20ac","formatted_published_date":"1er janvier 2004","publisher_availability_label":"Sur commande","short_details":"Eric Dubreucq \u2014 Vrin","translator":null,"weight":350,"page_count":224,"readership":null,"editor":"Vrin","price":2900,"published_date":"2003-12-31T23:00:00.000000Z","support":"Grand format","publisher_availability":1,"stock":0,"editions":[],"url":"https:\/\/quaidesbrumes.com\/ouvrage\/9782711616435\/une-education-republicaine-marion-buisson-durkheim"},{"id":"9782711616466","title":"Fichte ; la philosophie de la maturit\u00e9 (1804-1814) ; r\u00e9fl\u00e9xivit\u00e9, ph\u00e9nom\u00e9nologie, philosophie","description":"L'int\u00e9r\u00eat de la recherche internationale pour la derni\u00e8re philosophie de Fichte n'a cess\u00e9 de cro\u00eetre. C'est dans cette dynamique de d\u00e9couverte et d'enrichissement que s'inscrit le pr\u00e9sent volume, qui non seulement offre une interpr\u00e9tation originale des principaux moments sp\u00e9culatifs et syst\u00e9matiques de la derni\u00e8re p\u00e9riode (les expos\u00e9s de la Doctrine de la science de 1804, 1810, 1811, 1812 et 1813), mais exploite \u00e9galement les textes des tout derniers manuscrits (1814) du journal philosophique de Fichte encore in\u00e9dits (le Diarium).\r\nDans une premi\u00e8re partie ont \u00e9t\u00e9 rassembl\u00e9s les articles traitant des questions fondamentales de la p\u00e9riode de Berlin : le rapport de l'ontologie et du transcendantalisme, de l'absolu et du ph\u00e9nom\u00e8ne, l'essence de la manifestation, la doctrine de l'image, la th\u00e9orie de la r\u00e9flexivit\u00e9. Une seconde partie \u00e9claire trois des grands aspects de la philosophie appliqu\u00e9e de Fichte dans cette m\u00eame p\u00e9riode : la th\u00e9orie de la religion, de l'Etat et de l'\u00e9ducation. Enfin, une troisi\u00e8me partie rassemble les textes qui articulent et confrontent la d\u00e9marche sp\u00e9culative et ph\u00e9nom\u00e9nologique du dernier Fichte aux traditions philosophiques contemporaines que sont l'h\u00e9g\u00e9lianisme, le perspectivisme nietzsch\u00e9en, la ph\u00e9nom\u00e9nologie husserlienne, le cognitivisme.","authors":["Jean-christophe Goddard","Marc Maesschalck"],"category_codes":["9000000","9080000","9080200","9080204"],"visuals":{"large":"https:\/\/images.epagine.fr\/466\/9782711616466_1_75.jpg","medium":"https:\/\/images.epagine.fr\/466\/9782711616466_1_m.jpg","thumbnail":"https:\/\/images.epagine.fr\/466\/9782711616466_1_v.jpg"},"orderable":true,"show_badge":true,"formatted_price":"36,00&nbsp;\u20ac","formatted_published_date":"9 octobre 2003","publisher_availability_label":"Sur commande","short_details":"Jean-christophe Goddard, Marc Maesschalck \u2014 Vrin","translator":null,"weight":330,"page_count":288,"readership":null,"editor":"Vrin","price":3600,"published_date":"2003-10-08T22:00:00.000000Z","support":"Grand format","publisher_availability":1,"stock":0,"editions":[],"url":"https:\/\/quaidesbrumes.com\/ouvrage\/9782711616466\/fichte-la-philosophie-de-la-maturite-1804-1814-reflexivite-phenomenologie-philosophie"},{"id":"9782711616473","title":"Le Monog\u00e9n\u00e8s","description":"Parmi les textes qui ont aliment\u00e9 le conflit entre hell\u00e9nisme et christianisme dans les premiers si\u00e8cles de notre \u00e8re, ceux des grands adversaires pa\u00efens, comme Celse, Porphyre ou l'empereur Julien, ont syst\u00e9matiquement \u00e9t\u00e9 \u00e9limin\u00e9s par la tradition chr\u00e9tienne et on en retrouve des fragments uniquement dans les r\u00e9futation dont ils font l'objet.\r\nLe Monog\u00e9n\u00e8s de Macarios de Magn\u00e9sie est, de ce point de vue, un t\u00e9moignage exceptionnel de cet confrontation culturelle. Il relate un d\u00e9bat oratoire public, d\u00e9roul\u00e9 sur cinq journ\u00e9es, entre un philosophe pa\u00efen anonyme et l'auteur chr\u00e9tien. L'adversaire pa\u00efen aligne plusieurs s\u00e9ries d'objection contre des passages du Nouveau Testament, contre le Christ, les Ap\u00f4tres, Saint Paul, ou contre les doctrines chr\u00e9tiennes. Le chr\u00e9tien r\u00e9pond ensuite \u00e0 chacune de ces s\u00e9ries d'objection.\r\nLe d\u00e9bat relat\u00e9 est vraisemblablement fictif, mais Macarios n'a sans doute pas invent\u00e9 les objections qu'il pr\u00eate \u00e0 son adversaire. Souvent, en effet, dans sa r\u00e9ponse, il montre qu'il n'en a pas compris la port\u00e9e, historique ou philosophique. On pense g\u00e9n\u00e9ralement que Macarios a emprunt\u00e9 ces objections au trait\u00e9 perdu en quinze livres \u00e9crit Contre les Chr\u00e9tiens par le philosophe Prophyre de Tyr. On aurait donc l\u00e0 les vestiges de la pol\u00e9mique dirig\u00e9e contre le christianisme par son plus grand adversaire.","authors":["Magnesie","Goulet"],"category_codes":["9000000","9080000","9080400"],"visuals":{"large":"https:\/\/quaidesbrumes.com\/img\/book-placeholder.png","medium":"https:\/\/quaidesbrumes.com\/img\/book-placeholder.png","thumbnail":"https:\/\/quaidesbrumes.com\/img\/book-placeholder.png"},"orderable":true,"show_badge":true,"formatted_price":"90,00&nbsp;\u20ac","formatted_published_date":"1er d\u00e9cembre 2003","publisher_availability_label":"Sur commande","short_details":"Magnesie, Goulet \u2014 Vrin","translator":null,"weight":1600,"page_count":838,"readership":null,"editor":"Vrin","price":9000,"published_date":"2003-11-30T23:00:00.000000Z","support":"Grand format","publisher_availability":1,"stock":0,"editions":[],"url":"https:\/\/quaidesbrumes.com\/ouvrage\/9782711616473\/le-monogenes"},{"id":"9782711616527","title":"Th\u00e9ories de l'intentionnalit\u00e9 au Moyen \u00c2ge","description":"Il semble naturel que la plupart de nos actes psychiques se r\u00e9f\u00e8rent \u00e0 quelque chose : ils sont essentiellements intentionnels. Mais pourquoi se r\u00e9f\u00e8rent-ils \u00e0 quelque chose? A quoi se r\u00e9f\u00e8rent-ils? Et par quel structure interne se distinguent-ils? Ces questions, qui sont au centre de toute analyse du probl\u00e8me de l'intentionnalit\u00e9, furent d\u00e9j\u00e0 d\u00e9battues par les philosophes m\u00e9di\u00e9vaux. En effet, les auteurs du XIIIe et du XIVe si\u00e8cle \u00e9taient les premiers \u00e0 utiliser les expressions \u00ab intentionnalit\u00e9 \u00bb et \u00ab \u00eatre intentionnel \u00bb dans un long d\u00e9bat qui fut repris par Franz Brentano \u00e0 l'\u00e9poque moderne.Les quatre \u00e9tudes, issues des \u00ab Conf\u00e9rences Pierre Ab\u00e9lard \u00bb pr\u00e9sent\u00e9es \u00e0 l'Universit\u00e9 de Paris IV-Sorbonne, examinent le cadre historique et syst\u00e9matique des d\u00e9bats m\u00e9di\u00e9vaux et analysent les th\u00e9ories de l'intentionnalit\u00e9 de trois auteurs : Pierre de Jean Olivi, Thierry de Freiberg et Jean Duns Scot. Dans le cadre de ces analyses, des probl\u00e8mes cognitifs ontologiques et \u00e9pist\u00e9mologiques sont abord\u00e9s.","authors":["Perler Dominik"],"category_codes":["9000000","9080000","9080500"],"visuals":{"large":"https:\/\/images.epagine.fr\/527\/9782711616527_1_75.jpg","medium":"https:\/\/images.epagine.fr\/527\/9782711616527_1_m.jpg","thumbnail":"https:\/\/images.epagine.fr\/527\/9782711616527_1_v.jpg"},"orderable":true,"show_badge":true,"formatted_price":"21,00&nbsp;\u20ac","formatted_published_date":"10 f\u00e9vrier 2004","publisher_availability_label":"Sur commande","short_details":"Perler Dominik \u2014 Vrin","translator":null,"weight":400,"page_count":144,"readership":null,"editor":"Vrin","price":2100,"published_date":"2004-02-09T23:00:00.000000Z","support":"Grand format","publisher_availability":1,"stock":0,"editions":[],"url":"https:\/\/quaidesbrumes.com\/ouvrage\/9782711616527\/theories-de-lintentionnalite-au-moyen-age"},{"id":"9782711616534","title":"Transferts du sujet. : La no\u00e9tique d'Averro\u00e8s selon Jean de Jandun","description":"\u00ab Peu d'auteurs, \u00e9crit Renan, ont \u00e9t\u00e9 plus cit\u00e9s et ensuite plus oubli\u00e9s que Jean de Jandun \u00bb. N\u00e9 vers 1285, Jean est ma\u00eetre \u00e8s arts \u00e0 l'Universit\u00e9 de Paris \u00e0 partir de 1310. Ses lectures d'Averro\u00e8s (1126-1198) pour commenter et d\u00e9fendre philosophiquement Aristote en ont fait le \u00ab Prince des averro\u00efstes \u00bb. Il meurt en exil, en 1328, condamn\u00e9 comme h\u00e9r\u00e9tique.\r\nJean de Jandun produit une th\u00e9orie de l'intellect en reprenant celle d'Averro\u00e8s. Sch\u00e9matiquement, celle-ci tient en trois th\u00e8ses : la s\u00e9paration ontologique de l'intellect mat\u00e9riel (le substrat des pens\u00e9es) et des corps humains, son unicit\u00e9, son \u00e9ternit\u00e9. Conception scandaleuse en terre chr\u00e9tienne qui revenait, disait-on, \u00e0 nier, contre le fait de conscience, que l'individu p\u00fbt penser en propre. Dans son Grand Commentaire du trait\u00e9 De l'\u00e2me d'Aristote, Averro\u00e8s avait pourtant d\u00e9fendu l'inverse en reconnaissant \u00ab deux sujets \u00bb \u00e0 l'intellection : l'intellect-r\u00e9cepteur et l'image singuli\u00e8re. On examine ici comment Jean de Jandun, h\u00e9ritier de cette querelle, transf\u00e8re et recompose le texte du Commentateur. Si l'\u00e9quilibre de la doctrine d'Averro\u00e8s est significativement rompu ou d\u00e9plac\u00e9 dans sa relance latine, comment appr\u00e9hender ce qui s'est pass\u00e9? Contre le mythe historiographique de l'\u00ab averro\u00efsme latin \u00bb, on t\u00e2che de montrer que Jean n'est pas un \u00e9pigone. Contre l'\u00e9vacuation de l'\u00ab averro\u00efsme \u00bb hors du champ actif de la philosophie, on rel\u00e8ve dans son oeuvre l'entame d'une invention du \u00ab sujet \u00bb que notre modernit\u00e9 n'a pas tir\u00e9e d'elle seule.","authors":["Brenet Jean-Baptiste"],"category_codes":["9000000","9080000","9080500"],"visuals":{"large":"https:\/\/images.epagine.fr\/534\/9782711616534_1_75.jpg","medium":"https:\/\/images.epagine.fr\/534\/9782711616534_1_m.jpg","thumbnail":"https:\/\/images.epagine.fr\/534\/9782711616534_1_v.jpg"},"orderable":true,"show_badge":true,"formatted_price":"54,00&nbsp;\u20ac","formatted_published_date":"10 f\u00e9vrier 2004","publisher_availability_label":"Sur commande","short_details":"Brenet Jean-Baptiste \u2014 Vrin","translator":null,"weight":700,"page_count":510,"readership":null,"editor":"Vrin","price":5400,"published_date":"2004-02-09T23:00:00.000000Z","support":"Grand format","publisher_availability":1,"stock":0,"editions":[],"url":"https:\/\/quaidesbrumes.com\/ouvrage\/9782711616534\/transferts-du-sujet-la-noetique-daverroes-selon-jean-de-jandun"},{"id":"9782711616572","title":"Genre et bio\u00e9thique","description":"Depuis une cinquantaine d'ann\u00e9es, le r\u00e9flexion philosophique prend la mesure des d\u00e9veloppements de la m\u00e9decine et des biotechnologies, mais en Europe, elle ne s'attarde gu\u00e8re aux enjeux des diverses repr\u00e9sentations de la femme et de l'homme en bio\u00e9thique.\r\nAttentive \u00e0 cette dimension, la perspective \u00ab genre \u00bb analyse la sexualisation des r\u00f4les sociaux, politiques et \u00e9conomiques et la mani\u00e8re dont l'\u00e9galit\u00e9 des droits est r\u00e9ellement respect\u00e9e dans la vie publique et priv\u00e9e.\r\nPrenant le contre-pied des manipulations id\u00e9ologiques ou des rejets violents et mal inform\u00e9s, cet ouvrage t\u00e9moigne de par la vari\u00e9t\u00e9 des th\u00e8mes abord\u00e9s de l'int\u00e9r\u00eat diff\u00e9renci\u00e9 que des philosophes issues de cinq pays europ\u00e9ens accordent aux questions soulev\u00e9es actuellement par la bio\u00e9thique.\r\nLoin de se cantonner au domaine de la reproduction m\u00e9dicalement assist\u00e9e, ces \u00e9tudes de genre abordent le statut du corps techniquement reconfigur\u00e9 \u00e0 travers le cyborg, analysent le concept de sujet, envisagent de mani\u00e8re critique l'\u00e9thique du souci de l'autre, confrontent les objectifs normalisateurs de la bio\u00e9thique \u00e0 la pluralit\u00e9 des approches contextuelles, s'interrogent sur la notion de g\u00e9n\u00e9ration ou m\u00e8nent des recherches comparatives en biodroit.","authors":["Baum","Braidotti","Lykke"],"category_codes":["9000000","9080000","9080700","9080701"],"visuals":{"large":"https:\/\/quaidesbrumes.com\/img\/book-placeholder.png","medium":"https:\/\/quaidesbrumes.com\/img\/book-placeholder.png","thumbnail":"https:\/\/quaidesbrumes.com\/img\/book-placeholder.png"},"orderable":true,"show_badge":true,"formatted_price":"17,00&nbsp;\u20ac","formatted_published_date":"1er janvier 2004","publisher_availability_label":"Sur commande","short_details":"Baum, Braidotti, Lykke \u2014 Vrin","translator":null,"weight":300,"page_count":192,"readership":null,"editor":"Vrin","price":1700,"published_date":"2003-12-31T23:00:00.000000Z","support":"Grand format","publisher_availability":1,"stock":0,"editions":[],"url":"https:\/\/quaidesbrumes.com\/ouvrage\/9782711616572\/genre-et-bioethique"},{"id":"9782711616589","title":"Le probl\u00e8me des universaux \u00e0 la facult\u00e9 des arts de Paris entre 1230 et 1260","description":"La narration de l'histoire du probl\u00e8me des universaux souffre d'une importante lacune : on ne sait rien du traitement que ce probl\u00e8me a re\u00e7u de la part de ceux qui faisaient profession de philosopher \u00e0 l'Universit\u00e9 de Paris entre 1230 et 1260. C'est \u00e0 ce deficit de savoir que le pr\u00e9sent ouvrage s'attaque. Il se d\u00e9ploie en trois dimensions. En premier lieu, nous offrons une \u00e9dition critique et une traduction fran\u00e7aise sectorielles d'un commentaire latin sur l'Isogoge de Porphyre ayant pour auteur un d\u00e9nomm\u00e9 Robertus Anglicus qui, comme nous le montrons, fut magister artium \u00e0 Paris aux alentours de 1250. En deuxi\u00e8me lieu, nous sondons l'architectonique de ce texte et des \u00e9crits parall\u00e8les que r\u00e9dig\u00e8rent des philosophes contemporains, nomm\u00e9ment Jean le Page, Nicolas de Paris et Robert Kilwardby. Finalement, par l'entremise d'une \u00e9tude comparative qui met \u00e0 profit des oeuvres in\u00e9dites de ces artiens, nous explicitons, interpr\u00e9tons et \u00e9valuons les sch\u00e8mes de lecture, les s\u00e9quences argumentatives et les composantes doctrinales qui forment la \"moelle\" philosophique du commentaire isagogique de Robertus Anglicus.","authors":["Piche David"],"category_codes":["9000000","9080000","9080500"],"visuals":{"large":"https:\/\/images.epagine.fr\/589\/9782711616589_1_75.jpg","medium":"https:\/\/images.epagine.fr\/589\/9782711616589_1_m.jpg","thumbnail":"https:\/\/images.epagine.fr\/589\/9782711616589_1_v.jpg"},"orderable":true,"show_badge":true,"formatted_price":"41,00&nbsp;\u20ac","formatted_published_date":"4 avril 2005","publisher_availability_label":"Sur commande","short_details":"Piche David \u2014 Vrin","translator":null,"weight":450,"page_count":365,"readership":null,"editor":"Vrin","price":4100,"published_date":"2005-04-03T22:00:00.000000Z","support":"Grand format","publisher_availability":1,"stock":0,"editions":[],"url":"https:\/\/quaidesbrumes.com\/ouvrage\/9782711616589\/le-probleme-des-universaux-a-la-faculte-des-arts-de-paris-entre-1230-et-1260"},{"id":"9782711616596","title":"Du lien des \u00eatres aux \u00e9l\u00e9ments de l'\u00eatre ; Merleau-Ponty au tournant des ann\u00e9es 1945-1951","description":"Premier volet d'une relecture transversale de l'oeuvre de Merleau-Ponty \u00e0 la lumi\u00e8re de ses in\u00e9dits, cet ouvrage se consacre \u00e0 une p\u00e9riode encore mal connue de l'\u00e9volution du philosophe, les ann\u00e9es 1945-1951. Pendant cette phase de transition indispensable \u00e0 la compr\u00e9hension de la gen\u00e8se des derniers \u00e9crits, Merleau-Ponty commence \u00e0 se lib\u00e9rer des concepts classiques pour s'acheminer vers deux \u00e9l\u00e9ments capitaux de sa pens\u00e9e : la chair et l'empi\u00e8tement. Cette gen\u00e8se complexe passe par la confrontation avec plusieurs auteurs (Beauvoir, Breton, Claudel, Bachelard et surtout, Sartre). Aux antipodes de l'imaginaire sartrien, la chair et l'empi\u00e8tement contribuent \u00e0 une philosophie du lien, dont les enjeux humanistes se diffusent dans les lin\u00e9aments d'une future ontologie.","authors":["Emmanuel de Saint aubert"],"category_codes":["9000000","9080000","9080200","9080204"],"visuals":{"large":"https:\/\/images.epagine.fr\/596\/9782711616596_1_75.jpg","medium":"https:\/\/images.epagine.fr\/596\/9782711616596_1_m.jpg","thumbnail":"https:\/\/images.epagine.fr\/596\/9782711616596_1_v.jpg"},"orderable":true,"show_badge":true,"formatted_price":"35,00&nbsp;\u20ac","formatted_published_date":"1er juin 2004","publisher_availability_label":"Sur commande","short_details":"Emmanuel de Saint aubert \u2014 Vrin","translator":null,"weight":420,"page_count":368,"readership":null,"editor":"Vrin","price":3500,"published_date":"2004-05-31T22:00:00.000000Z","support":"Grand format","publisher_availability":1,"stock":0,"editions":[],"url":"https:\/\/quaidesbrumes.com\/ouvrage\/9782711616596\/du-lien-des-etres-aux-elements-de-letre-merleau-ponty-au-tournant-des-annees-1945-1951"},{"id":"9782711616602","title":"Totalite et finitude ; spinoza et heidegger","description":"Spinoza est le penseur de la totalit\u00e9 qui, allant de l'\u00eatre au conna\u00eetre, fait, contre la tradition m\u00e9taphysique, de l'Absolu le principe d'affirmation d'une finitude essentielle et montre que l'homme, tout en n'\u00e9tant pas \u00ab comme un empire dans un empire \u00bb, peut cependant acc\u00e9der au savoir de son appartenance \u00e0 la totalit\u00e9 comme cause prochaine, en une intuition intellectuelle que la tradition r\u00e9servait \u00e0 Dieu. Heidegger est le penseur de la finitude ontologique, pour qui la pens\u00e9e de l'\u00catre est ancr\u00e9e dans l'analytique du Dasein comme cet \u00e9tant dont la seule essence est l'existence finie. L\u00e0 o\u00f9 Spinoza propose une \u00e9thique exc\u00e9dant la logique de la m\u00e9taphysique, Heidegger entreprend un travail de deconstruction de celle-ci, visant \u00e0 sa m\u00e9tamorphose en une autre pens\u00e9e permettant de rejouer le logos, la mort, le divin. Heidegger parle peu de Spinoza qui semble court-circuiter le fil historial de sa lecture de la m\u00e9taphysique. Comment comprendre ce quasi-silence, si ce n'est en admettant que l'\u00e9thique fait retour dans l'ontologie fondamentale? L'ethos doit alors se penser comme un s\u00e9jour, qui est tout \u00e0 la fois un habiter et une mani\u00e8re d'exister ordonn\u00e9s \u00e0 une v\u00e9rit\u00e9 de l'\u00catre. Celui-ci n'est le transcendant absolu qu'en tant qu'il n'est pas un transcendant ontique mais l'immanence de ce fond abyssal auquel tout ek-sister doit s'arracher et \u00e0 partir duquel il trouve sa tenue. Joie active la b\u00e9atitude est l'affect ontologique par excellence, et elle est aussi l'angoisse comme s\u00e9r\u00e9nit\u00e9. Le mutisme de Heidegger pourrrait ainsi signifier un accord impens\u00e9 avec la seule pens\u00e9e qui ne se laisse pas int\u00e9grer dans une histoire de l'\u00catre et qui demeure comme une \u00ab anomalie sauvage \u00bb.","authors":["Jean-marie Vaysse"],"category_codes":["9000000","9080000","9080200","9080204"],"visuals":{"large":"https:\/\/images.epagine.fr\/602\/9782711616602_1_75.jpg","medium":"https:\/\/images.epagine.fr\/602\/9782711616602_1_m.jpg","thumbnail":"https:\/\/images.epagine.fr\/602\/9782711616602_1_v.jpg"},"orderable":true,"show_badge":true,"formatted_price":"36,00&nbsp;\u20ac","formatted_published_date":"1er janvier 2004","publisher_availability_label":"Sur commande","short_details":"Jean-marie Vaysse \u2014 Vrin","translator":null,"weight":500,"page_count":304,"readership":null,"editor":"Vrin","price":3600,"published_date":"2003-12-31T23:00:00.000000Z","support":"Grand format","publisher_availability":1,"stock":0,"editions":[],"url":"https:\/\/quaidesbrumes.com\/ouvrage\/9782711616602\/totalite-et-finitude-spinoza-et-heidegger"},{"id":"9782711616626","title":"Hegel, Heidegger et la m\u00e9taphysique ; recherches pour une constitution","description":"M\u00eame s'il est attentif \u00e0 s'appuyer pr\u00e9cis\u00e9ment sur les textes, le pr\u00e9sent ouvrage n'est pas une \u00e9tude historique visant \u00e0 offrir un tableau des conceptions de la m\u00e9taphysique chez Hegel et Heidegger. Il ne cherche ultimement ni \u00e0 v\u00e9rifier (ou \u00e0 infirmer) la th\u00e8se du caract\u00e8re onto-th\u00e9o-logique de la \u00ab science de la libert\u00e9 \u00bb h\u00e9g\u00e9lienne, ni \u00e0 d\u00e9crire en d\u00e9tail les liens entre \u00ab constitution \u00bb et \u00ab r\u00e8glement \u00bb de l'\u00catre chez Heidegger.\r\nEn prenant comme base l'id\u00e9e heidegg\u00e9rienne d'un \u00ab dialogue avec Hegel \u00bb (id\u00e9e qui accompagne tout le \u00ab chemin de pens\u00e9e \u00bb de Heidegger) et en confrontant sans cesse les interpr\u00e9tations heidegg\u00e9riennes aux textes h\u00e9g\u00e9liens pour esquisser une r\u00e9ponse (sans laquelle il n'y a aucun dialogue v\u00e9ritable), il s'agit de contribuer \u00e0 la reprise d'une r\u00e9flexion sur cette science toujours en crise et toujours \u00ab recherch\u00e9e \u00bb qu'est la m\u00e9taphysique. C'est \u00e0 partir du th\u00e8me de la constitution que cette r\u00e9flexion cherche \u00e0 se d\u00e9ployer, mais en un sens qui ne soit plus strictement heidegg\u00e9rien; notamment pour pouvoir rendre justice \u00e0 la lign\u00e9e (en particulier n\u00e9oplatonicienne) qui fait de l'affaire de la philosophie premi\u00e8re ce qui est au-del\u00e0 de l'\u00e9tance er du logos - lign\u00e9e sur laquelle l'oeuvre heidegg\u00e9rienne reste, comme on l'a souvent remarqu\u00e9, curieusement silencieuse.","authors":["Bernard Mabille"],"category_codes":["9000000","9080000","9080200","9080204"],"visuals":{"large":"https:\/\/images.epagine.fr\/626\/9782711616626_1_75.jpg","medium":"https:\/\/images.epagine.fr\/626\/9782711616626_1_m.jpg","thumbnail":"https:\/\/images.epagine.fr\/626\/9782711616626_1_v.jpg"},"orderable":true,"show_badge":true,"formatted_price":"43,00&nbsp;\u20ac","formatted_published_date":"1er janvier 2004","publisher_availability_label":"Sur commande","short_details":"Bernard Mabille \u2014 Vrin","translator":null,"weight":801,"page_count":400,"readership":null,"editor":"Vrin","price":4300,"published_date":"2003-12-31T23:00:00.000000Z","support":"Grand format","publisher_availability":1,"stock":0,"editions":[],"url":"https:\/\/quaidesbrumes.com\/ouvrage\/9782711616626\/hegel-heidegger-et-la-metaphysique-recherches-pour-une-constitution"},{"id":"9782711616633","title":"La ph\u00e9nom\u00e9nologie en questions : Langage, alterit\u00e9, temporalit\u00e9, finitude","description":"On sait que, depuis la parution des Recherches logiques de Husserl, le terme de \"ph\u00e9nom\u00e9nologie\" ne d\u00e9signe plus, comme c'\u00e9tait encore le cas chez Hegel, une discipline particuli\u00e8re, mais une nouvelle conception de ce que doit \u00eatre la philosophie. Ce qui a en effet donn\u00e9 \u00e0 l'entreprise husserlienne sa f\u00e9condit\u00e9, c'est l'id\u00e9e, reprise aux anciens, que le travail philosophique doit \u00eatre men\u00e9 en commun et exige par cons\u00e9quent le concours de plusieurs penseurs. Mais ce qui rassemble ceux-ci, c'est moins l'unit\u00e9 d'une doctrine et l'appartenance \u00e0 une \u00e9cole de pens\u00e9e que la pratique d'une m\u00e9thode.\r\nDe ce \"mouvement ph\u00e9nom\u00e9nologique\", auquel appartiennent tant de philosophes du si\u00e8cle dernier, il n'est certes pas question de dresser un iventaire exhaustif. Ce que l'on se propose simplement ici, c'est d'en donner un aper\u00e7u qui mette d'ailleurs moins l'accent sur les noms propres des penseurs que sur les probl\u00e8mes qu'ils ont partag\u00e9s.\r\nLes essais r\u00e9unis dans ce volume sont en effet tous consacr\u00e9s \u00e0 un petit nombre de questions fondamentales - celles du langage et de la logique, du moi et de l'autre, de la temporalit\u00e9 et de l'histoire, de la finitude et de la mortalit\u00e9 -, au sujet desquelles un dialogue a paru se nouer entre certaines des figures les plus \u00e9minentes de la n\u00e9buleuse ph\u00e9nom\u00e9nologique : Husserl et Heidegger surtout, mais aussi Fink, Patocka, Merleau-Ponty, et plus pr\u00e8s encore de nous, Gadamer, Levinas, Ricoeur.","authors":["Dastur Francoise"],"category_codes":["9000000","9080000","9080700"],"visuals":{"large":"https:\/\/images.epagine.fr\/633\/9782711616633_1_75.jpg","medium":"https:\/\/images.epagine.fr\/633\/9782711616633_1_m.jpg","thumbnail":"https:\/\/images.epagine.fr\/633\/9782711616633_1_v.jpg"},"orderable":true,"show_badge":true,"formatted_price":"31,00&nbsp;\u20ac","formatted_published_date":"1er janvier 2004","publisher_availability_label":"Sur commande","short_details":"Dastur Francoise \u2014 Vrin","translator":null,"weight":350,"page_count":256,"readership":null,"editor":"Vrin","price":3100,"published_date":"2003-12-31T23:00:00.000000Z","support":"Grand format","publisher_availability":1,"stock":0,"editions":[],"url":"https:\/\/quaidesbrumes.com\/ouvrage\/9782711616633\/la-phenomenologie-en-questions-langage-alterite-temporalite-finitude"},{"id":"9782711616640","title":"Une histoire de l'avenir ; messianit\u00e9 et r\u00e9volution","description":"La conscience historique, comme ph\u00e9nom\u00e8ne propre \u00e0 l'\u00e9poque moderne, s'est caract\u00e9ris\u00e9e par son orientation vers une r\u00e9v\u00e9lation finale de sa v\u00e9rit\u00e9 : la \u00ab R\u00e9volution \u00bb, qui a constitu\u00e9 durablement son horizon. Avec l'effacement de cette m\u00eame conscience historique, il est normal qu'une telle repr\u00e9sentation finale vacille. Pourtant, est-il possible ou m\u00eame souhaitable de renoncer \u00e0 cet appel de l'ailleurs qui, pendant deux si\u00e8cles a gouvern\u00e9, contre toutes les certitudes et les pouvoirs \u00e9tablis, une constante remise en question? Le th\u00e8me r\u00e9volutionnaire est fonci\u00e8rement ambigu : cl\u00f4ture et accomplissement des temps, \u00ab fin de l'Histoire \u00bb enfin close en elle-m\u00eame, la R\u00e9volution est aussi et d'abord r\u00e9volte et exigence anhistorique, souffle de messianit\u00e9 qui nous pousse toujours, dans l'Histoire, \u00e0 nous repr\u00e9senter en dehors de l'Histoire et contre elle.\r\nC'est cette conscience messianique qui est ici mise \u00e0 l'examen.","authors":["Collectif"],"category_codes":["9000000","9080000","9080200","9080204"],"visuals":{"large":"https:\/\/images.epagine.fr\/640\/9782711616640_1_75.jpg","medium":"https:\/\/images.epagine.fr\/640\/9782711616640_1_m.jpg","thumbnail":"https:\/\/images.epagine.fr\/640\/9782711616640_1_v.jpg"},"orderable":true,"show_badge":true,"formatted_price":"27,00&nbsp;\u20ac","formatted_published_date":"1er septembre 2004","publisher_availability_label":"Sur commande","short_details":"Collectif \u2014 Vrin","translator":null,"weight":500,"page_count":256,"readership":null,"editor":"Vrin","price":2700,"published_date":"2004-08-31T22:00:00.000000Z","support":"Grand format","publisher_availability":1,"stock":0,"editions":[],"url":"https:\/\/quaidesbrumes.com\/ouvrage\/9782711616640\/une-histoire-de-lavenir-messianite-et-revolution"},{"id":"9782711616732","title":"Archives d'Histoire litteraire et doctrinale du Moyen-Age LXX - 2003","description":null,"authors":["Vrin"],"category_codes":["9000000","9080000","9080500"],"visuals":{"large":"https:\/\/quaidesbrumes.com\/img\/book-placeholder.png","medium":"https:\/\/quaidesbrumes.com\/img\/book-placeholder.png","thumbnail":"https:\/\/quaidesbrumes.com\/img\/book-placeholder.png"},"orderable":true,"show_badge":true,"formatted_price":"56,00&nbsp;\u20ac","formatted_published_date":"19 septembre 2005","publisher_availability_label":"Sur commande","short_details":"Vrin \u2014 Vrin","translator":null,"weight":1000,"page_count":384,"readership":null,"editor":"Vrin","price":5600,"published_date":"2005-09-18T22:00:00.000000Z","support":"Grand format","publisher_availability":1,"stock":0,"editions":[],"url":"https:\/\/quaidesbrumes.com\/ouvrage\/9782711616732\/archives-dhistoire-litteraire-et-doctrinale-du-moyen-age-lxx-2003"},{"id":"9782711616763","title":"L'\u00e9dification au XIXe si\u00e8cle d'une science du ph\u00e9nom\u00e8ne lumineux","description":"L'introduction par Fresnel, en 1815, d'une conception vibratoire et ondulatoire de la lumi\u00e8re ouvre \u00e0 l'optique un nouveau chapitre de son histoire : tout au long du XIXe si\u00e8cle, les physiciens d'emploient \u00e0 rendre compte de l'ensemble des manifestations de l'entit\u00e9 lumineuse, en \u00e9laborant ainsi une v\u00e9ritable \u00ab th\u00e9orie physique \u00bb. Les approches du ph\u00e9nom\u00e8ne luminieux auront \u00e9t\u00e9 multiples : m\u00e9canique, puis \u00e9lectromagn\u00e9tique, mais aussi g\u00e9om\u00e9trique, ondulatoire, analytique, \u00e9nerg\u00e9tique.Le pr\u00e9sent ouvrage se propose de relater la gen\u00e8se de cette science du ph\u00e9nom\u00e8ne lumineux, qui appele l'attention de l'historien tout autant qu'elle invite l'\u00e9pist\u00e9mologue \u00e0 la r\u00e9flexion.","authors":["Chappert Andre"],"category_codes":["9000000","9080000","9080600"],"visuals":{"large":"https:\/\/images.epagine.fr\/763\/9782711616763_1_75.jpg","medium":"https:\/\/images.epagine.fr\/763\/9782711616763_1_m.jpg","thumbnail":"https:\/\/images.epagine.fr\/763\/9782711616763_1_v.jpg"},"orderable":true,"show_badge":true,"formatted_price":"39,00&nbsp;\u20ac","formatted_published_date":"1er janvier 2004","publisher_availability_label":"Sur commande","short_details":"Chappert Andre \u2014 Vrin","translator":null,"weight":550,"page_count":382,"readership":null,"editor":"Vrin","price":3900,"published_date":"2003-12-31T23:00:00.000000Z","support":"Grand format","publisher_availability":1,"stock":0,"editions":[],"url":"https:\/\/quaidesbrumes.com\/ouvrage\/9782711616763\/ledification-au-xixe-siecle-dune-science-du-phenomene-lumineux"},{"id":"9782711616817","title":"L'unit\u00e9 de l'intellect de Thomas d'Aquin","description":"Ce commentaire du De unitate intellectus contra averroistas de Thomas d'Aquin vise avant tout \u00e0 faciliter la compr\u00e9hension d'une des oeuvres majeures du XIIIe si\u00e8cle; il propose par ailleurs les \u00e9l\u00e9ments d'une g\u00e9n\u00e9alogie du sujet remontant en de\u00e7\u00e0 de l'entr\u00e9e officielle de la subjectivit\u00e9 dans la m\u00e9taphysique et la psychologie modernes \u00e0 l'\u00c2ge classique.R\u00e9dig\u00e9e \u00e0 Paris en 1270, l'oeuvre est tout enti\u00e8re consacr\u00e9e \u00e0 la r\u00e9futation de la psychologie philosophique d'Averro\u00e8s et de ses disciples latins, dont la th\u00e8se fondamentale est que le sujet de la pens\u00e9e n'est pas l'homme mais une substance, l'intellect, s\u00e9par\u00e9e du corps. Contre ce que Leibniz appellera le \u00ab monopsychisme averro\u00efste \u00bb, Thomas engage une critique vigoureuse et \u00e9labor\u00e9e, invoquant Alexandre d'Aphrodise, Th\u00e9ophraste, Th\u00e9mistius, Avicenne, Ghazali, dont les th\u00e8ses sont ici restitu\u00e9es.Texte de philosophe, le De unitate n'est pas sans port\u00e9e th\u00e9ologique. On trouvera ici tous les aspects du dossier.","authors":["De Libera Alain"],"category_codes":["9000000","9080000","9080500"],"visuals":{"large":"https:\/\/images.epagine.fr\/817\/9782711616817_1_75.jpg","medium":"https:\/\/images.epagine.fr\/817\/9782711616817_1_m.jpg","thumbnail":"https:\/\/images.epagine.fr\/817\/9782711616817_1_v.jpg"},"orderable":true,"show_badge":true,"formatted_price":"39,00&nbsp;\u20ac","formatted_published_date":"4 mai 2004","publisher_availability_label":"Sur commande","short_details":"De Libera Alain \u2014 Vrin","translator":null,"weight":750,"page_count":560,"readership":null,"editor":"Vrin","price":3900,"published_date":"2004-05-03T22:00:00.000000Z","support":"Grand format","publisher_availability":1,"stock":0,"editions":[],"url":"https:\/\/quaidesbrumes.com\/ouvrage\/9782711616817\/lunite-de-lintellect-de-thomas-daquin"},{"id":"9782711616831","title":"Un philosophe au d\u00e9sert : \u00c9vagre le Pontique","description":"\u00c9vagre le Pontique fut moine aux Kellia, dans le d\u00e9sert de Basse-\u00c9gypte, \u00e0 la fin du IVe si\u00e8cle. Dans les rudes conditions de vie des moines \u00e9gyptiens, il \u00e9crivit une oeuvre th\u00e9ologique importante, nourrie par sa culture savante et par la tradition spirituelle du d\u00e9sert. Mais apr\u00e8s sa mort, il fut condamn\u00e9 pour orig\u00e9nisme. Tout en exer\u00e7ant une profonde influence, son oeuvre connut alors bien des vicissitudes. De nos jours le patient travail des chercheurs lui restitue peu \u00e0 peu son visage authentique. Antoine Guillaumont fait ici le bilan de nos connaissances sur la vie et l'oeuvre d'\u00c9vagre, dont la doctrine retrace les diff\u00e9rentes \u00e9tapes du progr\u00e8s spirituel et se distingue par la finesse des analyses psychologiques.","authors":["Guillaumont Antoine"],"category_codes":["9000000","9080000","9080400"],"visuals":{"large":"https:\/\/images.epagine.fr\/831\/9782711616831_1_75.jpg","medium":"https:\/\/images.epagine.fr\/831\/9782711616831_1_m.jpg","thumbnail":"https:\/\/images.epagine.fr\/831\/9782711616831_1_v.jpg"},"orderable":true,"show_badge":true,"formatted_price":"48,00&nbsp;\u20ac","formatted_published_date":"1er septembre 2004","publisher_availability_label":"Sur commande","short_details":"Guillaumont Antoine \u2014 Vrin","translator":null,"weight":700,"page_count":430,"readership":null,"editor":"Vrin","price":4800,"published_date":"2004-08-31T22:00:00.000000Z","support":"Grand format","publisher_availability":1,"stock":0,"editions":[],"url":"https:\/\/quaidesbrumes.com\/ouvrage\/9782711616831\/un-philosophe-au-desert-evagre-le-pontique"},{"id":"9782711616855","title":"Le Politique de Platon : Tisser la Cit\u00e9","description":"Dans ce commentaire du Politique de Platon, Stanley Rosen \u00e9tudie la d\u00e9finition de l'art politique \u00e9labor\u00e9e \u00e0 travers le dialogue entre Socrate et l'\u00c9tranger : reprenant la m\u00e9taphore de l'art du tissage, employ\u00e9e par son interlocuteur comme pardigme de l'art politique, Platon refuse toute construction technique de la politique. Rosen souligne la pertinence de Platon pour des d\u00e9bats contemporains sur la reconstruction politique : loin d'\u00eatre le pr\u00e9curseur de l'essentialisme et de la r\u00e9ification de la nature humaine, comme certains ont pu le sugg\u00e9rer, Platon \u00e9labore une rh\u00e9torique de la politique comme protection contre la nature. De m\u00eame que le tissage produit un v\u00eatement pour prot\u00e9ger le corps des intemp\u00e9ries, ainsi le politique doit produire des mythes oudes mod\u00e8les pour prot\u00e9ger l'\u00e2me contre le corps.","authors":["Rosen","Helmer"],"category_codes":["9000000","9080000","9080700"],"visuals":{"large":"https:\/\/images.epagine.fr\/855\/9782711616855_1_75.jpg","medium":"https:\/\/images.epagine.fr\/855\/9782711616855_1_m.jpg","thumbnail":"https:\/\/images.epagine.fr\/855\/9782711616855_1_v.jpg"},"orderable":true,"show_badge":true,"formatted_price":"26,00&nbsp;\u20ac","formatted_published_date":"4 avril 2005","publisher_availability_label":"Sur commande","short_details":"Rosen, Helmer \u2014 Vrin","translator":null,"weight":450,"page_count":285,"readership":null,"editor":"Vrin","price":2600,"published_date":"2005-04-03T22:00:00.000000Z","support":"Grand format","publisher_availability":1,"stock":0,"editions":[],"url":"https:\/\/quaidesbrumes.com\/ouvrage\/9782711616855\/le-politique-de-platon-tisser-la-cite"},{"id":"9782711616909","title":"Le Sera","description":"Dans ce second volume de la suite Le Chemin du Vieux-Moulin, l'accent est mis sur le passage lui-m\u00eame, sur ce qui fait que rien se subsiste jamais comme avant sans qu'on puisse pr\u00e9voir l'apr\u00e8s.\r\nLe possible s'y r\u00e9v\u00e8le \u00e0 l'\u00e9tat pur et c'est pourquoi le titre en devient un verbe actif; Le Sera.\r\n\r\nComme on s'en est rendu compte avec Justice et terreur, Leibniz devient un \u00e0 propos dont l'historien de la philosophie n'a rien perdu du souvenir, mais dont le philosophe se demande \u00e0 quoi conduisent ces n\u00e9ologismes ou ces expressions qui saccadent l'oeuvre d'autant d'aphorismes ombr\u00e9s. Mais quel jet de lumi\u00e8re porter sur les termes en hapax comme \"existiturientia\" que Leibniz lance, comme tant d'autre, \u00e0 quelque d\u00e9tour de son oeuvre, comme si c'\u00e9tait dans cette direction jusque-l\u00e0 innomm\u00e9e qu'il en faille suivre l'inspiration? Ainsi le futurible, l'attente, l'\u00e9manable, le vivant, plus comme \u00e0 vivre que comme v\u00e9cu, sont-ils projet\u00e9s au premier plan comme la possibilit\u00e9 m\u00eame de ces \u00e9tats contingents qui s'envuivent de ce qu'il faudra bien appeler \u00e9manantion.","authors":["Robinet Andre"],"category_codes":["9000000","9080000","9080700"],"visuals":{"large":"https:\/\/images.epagine.fr\/909\/9782711616909_1_75.jpg","medium":"https:\/\/images.epagine.fr\/909\/9782711616909_1_m.jpg","thumbnail":"https:\/\/images.epagine.fr\/909\/9782711616909_1_v.jpg"},"orderable":true,"show_badge":true,"formatted_price":"23,00&nbsp;\u20ac","formatted_published_date":"2 septembre 2004","publisher_availability_label":"Sur commande","short_details":"Robinet Andre \u2014 Vrin","translator":null,"weight":200,"page_count":125,"readership":null,"editor":"Vrin","price":2300,"published_date":"2004-09-01T22:00:00.000000Z","support":"Grand format","publisher_availability":1,"stock":0,"editions":[],"url":"https:\/\/quaidesbrumes.com\/ouvrage\/9782711616909\/le-sera"}]}