{"data":[{"id":"9782711609680","title":"D\u00e9sir et diff\u00e9rence dans la tradition platonicienne","description":null,"authors":["Mortley Raoul"],"category_codes":["9000000","9080000","9080400"],"visuals":{"large":"https:\/\/quaidesbrumes.com\/img\/book-placeholder.png","medium":"https:\/\/quaidesbrumes.com\/img\/book-placeholder.png","thumbnail":"https:\/\/quaidesbrumes.com\/img\/book-placeholder.png"},"orderable":true,"show_badge":true,"formatted_price":"23,00&nbsp;\u20ac","formatted_published_date":"7 octobre 2002","publisher_availability_label":"Sur commande","short_details":"Mortley Raoul \u2014 Vrin","translator":null,"weight":200,"page_count":98,"readership":null,"editor":"Vrin","price":2300,"published_date":"2002-10-06T22:00:00.000000Z","support":"Grand format","publisher_availability":1,"stock":0,"editions":[],"url":"https:\/\/quaidesbrumes.com\/ouvrage\/9782711609680\/desir-et-difference-dans-la-tradition-platonicienne"},{"id":"9782711609703","title":"Le sens du destin : Sp\u00e9culation transcendante sur l'intentionnalit\u00e9 apparente dans le destin de l'individu (Extraits de Parerga). De l'\u00e9thique (Extrait de Paralipomena, chap. VIII)","description":"Dans la Sp\u00e9culation transcendante sur l'intentionnalit\u00e9 apparente dans le destin de l'individu, essai des Parerga et Paralipomena (1851), Schopenhauer risque l'hypoth\u00e8se d'un sens m\u00e9taphysique de la vie de l'individu dont le destin singulier serait conduit par la volont\u00e9, une, jusqu'au renoncement lib\u00e9rateur. L'id\u00e9e que l'individu ne serait pas n\u00e9 d'une rencontre fortuite, qu'il aurait \u00e9t\u00e9 voulu comme tel, y prend un relief remarquable. \r\nDe l'\u00e9thique, chapitre des Parerga et Paralipomena, donne une interpr\u00e9tation morale du sens de l'existence. A l'heure de la mort, l'abn\u00e9gation de soi-m\u00eame en faveur d'un autre atteste, dans l'exp\u00e9rience, l'unit\u00e9 transcendante et indestructible de la volont\u00e9.\r\nSi, dans le premier essai, Schopenhauer cherche un destin qui convienne \u00e0 chacun, dans le second, en revanche, il tend \u00e0 nous enfermer dans le mal de tous.","authors":["Schopenhauer Arthur"],"category_codes":["9000000","9080000","9080600"],"visuals":{"large":"https:\/\/quaidesbrumes.com\/img\/book-placeholder.png","medium":"https:\/\/quaidesbrumes.com\/img\/book-placeholder.png","thumbnail":"https:\/\/quaidesbrumes.com\/img\/book-placeholder.png"},"orderable":true,"show_badge":true,"formatted_price":"17,00&nbsp;\u20ac","formatted_published_date":"3 mai 2000","publisher_availability_label":"Sur commande","short_details":"Schopenhauer Arthur \u2014 Vrin","translator":null,"weight":250,"page_count":126,"readership":null,"editor":"Vrin","price":1700,"published_date":"2000-05-02T22:00:00.000000Z","support":"Grand format","publisher_availability":1,"stock":0,"editions":[],"url":"https:\/\/quaidesbrumes.com\/ouvrage\/9782711609703\/le-sens-du-destin-speculation-transcendante-sur-lintentionnalite-apparente-dans-le-destin-de-lindividu-extraits-de-parerga-de-lethique-extrait-de-paralipomena-chap-viii"},{"id":"9782711609734","title":"L'inconscient du politique","description":null,"authors":["Kaufmann Pierre"],"category_codes":["9000000","9080000","9080700"],"visuals":{"large":"https:\/\/quaidesbrumes.com\/img\/book-placeholder.png","medium":"https:\/\/quaidesbrumes.com\/img\/book-placeholder.png","thumbnail":"https:\/\/quaidesbrumes.com\/img\/book-placeholder.png"},"orderable":true,"show_badge":true,"formatted_price":"29,00&nbsp;\u20ac","formatted_published_date":"7 octobre 2002","publisher_availability_label":"Sur commande","short_details":"Kaufmann Pierre \u2014 Vrin","translator":null,"weight":350,"page_count":252,"readership":null,"editor":"Vrin","price":2900,"published_date":"2002-10-06T22:00:00.000000Z","support":"Grand format","publisher_availability":1,"stock":0,"editions":[],"url":"https:\/\/quaidesbrumes.com\/ouvrage\/9782711609734\/linconscient-du-politique"},{"id":"9782711609741","title":"Probl\u00e9matiques et r\u00e9ception du Discours de la m\u00e9thode et des Essais","description":null,"authors":["Mechoulan Henri"],"category_codes":["9000000","9080000","9080600"],"visuals":{"large":"https:\/\/quaidesbrumes.com\/img\/book-placeholder.png","medium":"https:\/\/quaidesbrumes.com\/img\/book-placeholder.png","thumbnail":"https:\/\/quaidesbrumes.com\/img\/book-placeholder.png"},"orderable":true,"show_badge":true,"formatted_price":"39,00&nbsp;\u20ac","formatted_published_date":"1er f\u00e9vrier 1989","publisher_availability_label":"Sur commande","short_details":"Mechoulan Henri \u2014 Vrin","translator":null,"weight":640,"page_count":352,"readership":null,"editor":"Vrin","price":3900,"published_date":"1989-01-31T23:00:00.000000Z","support":"Grand format","publisher_availability":1,"stock":0,"editions":[],"url":"https:\/\/quaidesbrumes.com\/ouvrage\/9782711609741\/problematiques-et-reception-du-discours-de-la-methode-et-des-essais"},{"id":"9782711609758","title":"Pascal. Th\u00e9matique des Pens\u00e9es","description":null,"authors":["Heller Lane M."],"category_codes":["9000000","9080000","9080600"],"visuals":{"large":"https:\/\/quaidesbrumes.com\/img\/book-placeholder.png","medium":"https:\/\/quaidesbrumes.com\/img\/book-placeholder.png","thumbnail":"https:\/\/quaidesbrumes.com\/img\/book-placeholder.png"},"orderable":true,"show_badge":true,"formatted_price":"24,00&nbsp;\u20ac","formatted_published_date":"3 mai 2000","publisher_availability_label":"Sur commande","short_details":"Heller Lane M. \u2014 Vrin","translator":null,"weight":230,"page_count":116,"readership":null,"editor":"Vrin","price":2400,"published_date":"2000-05-02T22:00:00.000000Z","support":"Grand format","publisher_availability":1,"stock":0,"editions":[],"url":"https:\/\/quaidesbrumes.com\/ouvrage\/9782711609758\/pascal-thematique-des-pensees"},{"id":"9782711609765","title":"\u00c9valuer la technique ; aspects \u00e9thiques de la philosophie de la technique","description":null,"authors":["Gilbert Hottois"],"category_codes":["9000000","9080000","9080200","9080204"],"visuals":{"large":"https:\/\/quaidesbrumes.com\/img\/book-placeholder.png","medium":"https:\/\/quaidesbrumes.com\/img\/book-placeholder.png","thumbnail":"https:\/\/quaidesbrumes.com\/img\/book-placeholder.png"},"orderable":true,"show_badge":true,"formatted_price":"18,00&nbsp;\u20ac","formatted_published_date":"3 mai 2000","publisher_availability_label":"Sur commande","short_details":"Gilbert Hottois \u2014 Vrin","translator":null,"weight":225,"page_count":176,"readership":null,"editor":"Vrin","price":1800,"published_date":"2000-05-02T22:00:00.000000Z","support":"Grand format","publisher_availability":1,"stock":0,"editions":[],"url":"https:\/\/quaidesbrumes.com\/ouvrage\/9782711609765\/evaluer-la-technique-aspects-ethiques-de-la-philosophie-de-la-technique"},{"id":"9782711609789","title":"Hobbes. De la m\u00e9taphysique \u00e0 la politique","description":null,"authors":["Bertman Martin"],"category_codes":["9000000","9080000","9080600"],"visuals":{"large":"https:\/\/quaidesbrumes.com\/img\/book-placeholder.png","medium":"https:\/\/quaidesbrumes.com\/img\/book-placeholder.png","thumbnail":"https:\/\/quaidesbrumes.com\/img\/book-placeholder.png"},"orderable":true,"show_badge":true,"formatted_price":"43,00&nbsp;\u20ac","formatted_published_date":"7 octobre 2002","publisher_availability_label":"Sur commande","short_details":"Bertman Martin \u2014 Vrin","translator":null,"weight":350,"page_count":256,"readership":null,"editor":"Vrin","price":4300,"published_date":"2002-10-06T22:00:00.000000Z","support":"Grand format","publisher_availability":1,"stock":0,"editions":[],"url":"https:\/\/quaidesbrumes.com\/ouvrage\/9782711609789\/hobbes-de-la-metaphysique-a-la-politique"},{"id":"9782711609796","title":"Kant et le probl\u00e8me de la philosophie: l'a priori","description":"Sans d\u00e9tour : l'intention de ce livre est de comprendre le sens de la Critique de la raison pure. Il entend montrer jusqu'\u00e0 quel point et en vertu de quelle rigueur le probl\u00e8me essentiel de la Critique est celui de la possibilit\u00e9 d'un savoir a priori. La question cardinale de Kant est bien : comment la m\u00e9taphysique est-elle possible comme science? Cela n'est que trop connu. Mais la r\u00e9ponse de Kant l'est beaucoup moins. O\u00f9 Kant r\u00e9pond-il, de mani\u00e8re claire et distincte, \u00e0 la question de la justification du savoir a priori et d\u00e8s lors de la m\u00e9taphysique comme science? C'est \u00e0 cette question que le pr\u00e9sent ouvrage se propose de r\u00e9pondre.","authors":["Grondin Jean"],"category_codes":["9000000","9080000","9080600"],"visuals":{"large":"https:\/\/quaidesbrumes.com\/img\/book-placeholder.png","medium":"https:\/\/quaidesbrumes.com\/img\/book-placeholder.png","thumbnail":"https:\/\/quaidesbrumes.com\/img\/book-placeholder.png"},"orderable":true,"show_badge":true,"formatted_price":"33,00&nbsp;\u20ac","formatted_published_date":"3 mai 2000","publisher_availability_label":"Sur commande","short_details":"Grondin Jean \u2014 Vrin","translator":null,"weight":310,"page_count":206,"readership":null,"editor":"Vrin","price":3300,"published_date":"2000-05-02T22:00:00.000000Z","support":"Grand format","publisher_availability":1,"stock":0,"editions":[],"url":"https:\/\/quaidesbrumes.com\/ouvrage\/9782711609796\/kant-et-le-probleme-de-la-philosophie-la-priori"},{"id":"9782711609833","title":"Le probl\u00e8me herm\u00e9neutique chez Pascal","description":null,"authors":["Force Pierre"],"category_codes":["9000000","9080000","9080600"],"visuals":{"large":"https:\/\/quaidesbrumes.com\/img\/book-placeholder.png","medium":"https:\/\/quaidesbrumes.com\/img\/book-placeholder.png","thumbnail":"https:\/\/quaidesbrumes.com\/img\/book-placeholder.png"},"orderable":true,"show_badge":true,"formatted_price":"44,00&nbsp;\u20ac","formatted_published_date":"3 mai 2000","publisher_availability_label":"Sur commande","short_details":"Force Pierre \u2014 Vrin","translator":null,"weight":400,"page_count":298,"readership":null,"editor":"Vrin","price":4400,"published_date":"2000-05-02T22:00:00.000000Z","support":"Grand format","publisher_availability":1,"stock":0,"editions":[],"url":"https:\/\/quaidesbrumes.com\/ouvrage\/9782711609833\/le-probleme-hermeneutique-chez-pascal"},{"id":"9782711609840","title":"L'Etat et la justice ; les probl\u00e8mes \u00e9thiques et politiques dans la philosophie anglo-saxonne John Rawls et Robert Nozick","description":null,"authors":["Otfried Hoffe"],"category_codes":["9000000","9080000","9080200","9080204"],"visuals":{"large":"https:\/\/quaidesbrumes.com\/img\/book-placeholder.png","medium":"https:\/\/quaidesbrumes.com\/img\/book-placeholder.png","thumbnail":"https:\/\/quaidesbrumes.com\/img\/book-placeholder.png"},"orderable":true,"show_badge":true,"formatted_price":"29,00&nbsp;\u20ac","formatted_published_date":"3 mai 2000","publisher_availability_label":"Sur commande","short_details":"Otfried Hoffe \u2014 Vrin","translator":null,"weight":330,"page_count":176,"readership":null,"editor":"Vrin","price":2900,"published_date":"2000-05-02T22:00:00.000000Z","support":"Poche","publisher_availability":1,"stock":0,"editions":[],"url":"https:\/\/quaidesbrumes.com\/ouvrage\/9782711609840\/letat-et-la-justice-les-problemes-ethiques-et-politiques-dans-la-philosophie-anglo-saxonne-john-rawls-et-robert-nozick"},{"id":"9782711609864","title":"Manuscrit de Duisbourg,1774-1775 ; choix de r\u00e9flexions des ann\u00e9es, 1772-1777 (biblioth\u00e8que des textes philosophiques)","description":null,"authors":["Emmanuel Kant"],"category_codes":["9000000","9080000","9080200","9080204"],"visuals":{"large":"https:\/\/quaidesbrumes.com\/img\/book-placeholder.png","medium":"https:\/\/quaidesbrumes.com\/img\/book-placeholder.png","thumbnail":"https:\/\/quaidesbrumes.com\/img\/book-placeholder.png"},"orderable":true,"show_badge":true,"formatted_price":"26,00&nbsp;\u20ac","formatted_published_date":"7 octobre 2002","publisher_availability_label":"Sur commande","short_details":"Emmanuel Kant \u2014 Vrin","translator":null,"weight":270,"page_count":188,"readership":null,"editor":"Vrin","price":2600,"published_date":"2002-10-06T22:00:00.000000Z","support":"Grand format","publisher_availability":1,"stock":0,"editions":[],"url":"https:\/\/quaidesbrumes.com\/ouvrage\/9782711609864\/manuscrit-de-duisbourg1774-1775-choix-de-reflexions-des-annees-1772-1777-bibliotheque-des-textes-philosophiques"},{"id":"9782711609888","title":"Archives d'Histoire litteraire et doctrinale du Moyen-Age LV - 1988","description":null,"authors":["Vrin"],"category_codes":["9000000","9080000","9080500"],"visuals":{"large":"https:\/\/quaidesbrumes.com\/img\/book-placeholder.png","medium":"https:\/\/quaidesbrumes.com\/img\/book-placeholder.png","thumbnail":"https:\/\/quaidesbrumes.com\/img\/book-placeholder.png"},"orderable":true,"show_badge":true,"formatted_price":"64,00&nbsp;\u20ac","formatted_published_date":"3 mai 2000","publisher_availability_label":"Sur commande","short_details":"Vrin \u2014 Vrin","translator":null,"weight":600,"page_count":312,"readership":null,"editor":"Vrin","price":6400,"published_date":"2000-05-02T22:00:00.000000Z","support":"Grand format","publisher_availability":1,"stock":0,"editions":[],"url":"https:\/\/quaidesbrumes.com\/ouvrage\/9782711609888\/archives-dhistoire-litteraire-et-doctrinale-du-moyen-age-lv-1988"},{"id":"9782711609901","title":"Logique et th\u00e9orie du signe au XIV si\u00e8cle","description":"Vers la fin du XIVe si\u00e8cle se fait jour une th\u00e9orie du signe et de la signification qui, par une r\u00e9\u00e9laboration des principaux concepts s\u00e9mantiques, renouvelle toute l'analyse logique du langage. Partant de Guillaume d'Ockham, dont l'oeuvre est ici d\u00e9cisive, cet ouvrage suit le d\u00e9veloppement d'une logique fond\u00e9e sur des \u00e9l\u00e9ments de s\u00e9miologie, \u00e0 travers diff\u00e9rents auteurs du XIVe si\u00e8cle tels que Gauthier Burley, Jean Buridan, Albert de Saxe, Marsile d'Inghen, Pierre d'Ailly...Une telle \u00ab logique du signe \u00bb prend place dans toute une mutation du savoir, en ce si\u00e8cle o\u00f9 la crise profonde du monde m\u00e9di\u00e9val appelle une autre conception des rapports entre l'homme, les choses ext\u00e9rieures et le langage.","authors":["Biard Joel"],"category_codes":["9000000","9080000","9080500"],"visuals":{"large":"https:\/\/quaidesbrumes.com\/img\/book-placeholder.png","medium":"https:\/\/quaidesbrumes.com\/img\/book-placeholder.png","thumbnail":"https:\/\/quaidesbrumes.com\/img\/book-placeholder.png"},"orderable":true,"show_badge":true,"formatted_price":"40,00&nbsp;\u20ac","formatted_published_date":"3 mai 2000","publisher_availability_label":"Sur commande","short_details":"Biard Joel \u2014 Vrin","translator":null,"weight":500,"page_count":348,"readership":null,"editor":"Vrin","price":4000,"published_date":"2000-05-02T22:00:00.000000Z","support":"Grand format","publisher_availability":1,"stock":0,"editions":[],"url":"https:\/\/quaidesbrumes.com\/ouvrage\/9782711609901\/logique-et-theorie-du-signe-au-xiv-siecle"},{"id":"9782711609925","title":"L'\u00e9cole de Marbourg","description":"L'Ecole de Marbourg est fond\u00e9e sur la nouvelle interpr\u00e9tation magistrale fournie par Hermann Cohen de la pens\u00e9e kantienne.\r\nElle s'est affirm\u00e9e dans les domaines les plus divers selon une m\u00e9thode remarquable inspir\u00e9e de Kant. Avec Cassirer cette syst\u00e9matique s'\u00e9largira en une v\u00e9ritable vision du monde d\u00e9termin\u00e9e comme totalit\u00e9 de formes symboliques, le langage, le mythe, la connaissance.","authors":["Alexis Philonenko"],"category_codes":["9000000","9080000","9080200","9080204"],"visuals":{"large":"https:\/\/images.epagine.fr\/925\/9782711609925_1_75.jpg","medium":"https:\/\/images.epagine.fr\/925\/9782711609925_1_m.jpg","thumbnail":"https:\/\/images.epagine.fr\/925\/9782711609925_1_v.jpg"},"orderable":true,"show_badge":true,"formatted_price":"22,00&nbsp;\u20ac","formatted_published_date":"7 octobre 2002","publisher_availability_label":"Sur commande","short_details":"Alexis Philonenko \u2014 Vrin","translator":null,"weight":220,"page_count":208,"readership":null,"editor":"Vrin","price":2200,"published_date":"2002-10-06T22:00:00.000000Z","support":"Grand format","publisher_availability":1,"stock":0,"editions":[],"url":"https:\/\/quaidesbrumes.com\/ouvrage\/9782711609925\/lecole-de-marbourg"},{"id":"9782711609932","title":"Force de caract\u00e8re et crime","description":null,"authors":["Novak Michael"],"category_codes":["9000000","9080000","9080700"],"visuals":{"large":"https:\/\/quaidesbrumes.com\/img\/book-placeholder.png","medium":"https:\/\/quaidesbrumes.com\/img\/book-placeholder.png","thumbnail":"https:\/\/quaidesbrumes.com\/img\/book-placeholder.png"},"orderable":true,"show_badge":true,"formatted_price":"21,00&nbsp;\u20ac","formatted_published_date":"7 octobre 2002","publisher_availability_label":"Sur commande","short_details":"Novak Michael \u2014 Vrin","translator":null,"weight":140,"page_count":128,"readership":null,"editor":"Vrin","price":2100,"published_date":"2002-10-06T22:00:00.000000Z","support":"Grand format","publisher_availability":1,"stock":0,"editions":[],"url":"https:\/\/quaidesbrumes.com\/ouvrage\/9782711609932\/force-de-caractere-et-crime"},{"id":"9782711609949","title":"Le salut du la\u00efc","description":null,"authors":["Herbert De Cherbury"],"category_codes":["9000000","9080000","9080600","9080602"],"visuals":{"large":"https:\/\/quaidesbrumes.com\/img\/book-placeholder.png","medium":"https:\/\/quaidesbrumes.com\/img\/book-placeholder.png","thumbnail":"https:\/\/quaidesbrumes.com\/img\/book-placeholder.png"},"orderable":true,"show_badge":true,"formatted_price":"43,00&nbsp;\u20ac","formatted_published_date":"7 octobre 2002","publisher_availability_label":"Sur commande","short_details":"Herbert De Cherbury \u2014 Vrin","translator":null,"weight":400,"page_count":216,"readership":null,"editor":"Vrin","price":4300,"published_date":"2002-10-06T22:00:00.000000Z","support":"Grand format","publisher_availability":1,"stock":0,"editions":[],"url":"https:\/\/quaidesbrumes.com\/ouvrage\/9782711609949\/le-salut-du-laic"},{"id":"9782711609963","title":"Gen\u00e8se et unit\u00e9 de l'action","description":null,"authors":["Saint-Sernin B."],"category_codes":["9000000","9080000","9080700"],"visuals":{"large":"https:\/\/quaidesbrumes.com\/img\/book-placeholder.png","medium":"https:\/\/quaidesbrumes.com\/img\/book-placeholder.png","thumbnail":"https:\/\/quaidesbrumes.com\/img\/book-placeholder.png"},"orderable":true,"show_badge":true,"formatted_price":"31,00&nbsp;\u20ac","formatted_published_date":"7 octobre 2002","publisher_availability_label":"Sur commande","short_details":"Saint-Sernin B. \u2014 Vrin","translator":null,"weight":350,"page_count":192,"readership":null,"editor":"Vrin","price":3100,"published_date":"2002-10-06T22:00:00.000000Z","support":"Grand format","publisher_availability":1,"stock":0,"editions":[],"url":"https:\/\/quaidesbrumes.com\/ouvrage\/9782711609963\/genese-et-unite-de-laction"},{"id":"9782711609970","title":"La naissance du calcul diff\u00e9rentiel : 26 articles des Acta Eruditorum","description":"En 1684 le tout nouveau p\u00e9riodique \u00e9dit\u00e9 \u00e0 Leipzig, les Acta Eruditorum, publie le texte fondateur du calcul leibnizien : \"Nova methodus pro maximis et minimis\". Ce n'\u00e9tait pas le premier article de Leibniz dans cette revue et ce ne sera pas le dernier. De 1682 \u00e0 1713 s'\u00e9chelonnent des publications, aujourd'hui classiques, sur l'Isochrone, la Cha\u00eenette, la Brachystochrone, etc.\r\nCe volume en r\u00e9unit vingt-six, en majorit\u00e9 traduites pour la premi\u00e8re fois en langue fran\u00e7aise. Leur s\u00e9lection fut essentiellement guid\u00e9e par la volont\u00e9 de mettre \u00e0 la port\u00e9e du lecteur les principaux \u00e9crits math\u00e9matiques de Leibniz consacr\u00e9s au calcul diff\u00e9rentiel et int\u00e9gral. Outre les r\u00e9sultats scientifiques, on d\u00e9couvrira dans ces textes l'int\u00e9r\u00eat \u00e9pist\u00e9mologique de Leibniz pour l'invention, la m\u00e9thode, l'histoire et son souci d'une \u00e9thique de la recherche.","authors":["Leibniz","Parmentier"],"category_codes":["9000000","9080000","9080600"],"visuals":{"large":"https:\/\/images.epagine.fr\/970\/9782711609970_1_75.jpg","medium":"https:\/\/images.epagine.fr\/970\/9782711609970_1_m.jpg","thumbnail":"https:\/\/images.epagine.fr\/970\/9782711609970_1_v.jpg"},"orderable":true,"show_badge":true,"formatted_price":"53,00&nbsp;\u20ac","formatted_published_date":"3 mai 2000","publisher_availability_label":"Sur commande","short_details":"Leibniz, Parmentier \u2014 Vrin","translator":null,"weight":660,"page_count":504,"readership":null,"editor":"Vrin","price":5300,"published_date":"2000-05-02T22:00:00.000000Z","support":"Grand format","publisher_availability":1,"stock":0,"editions":[],"url":"https:\/\/quaidesbrumes.com\/ouvrage\/9782711609970\/la-naissance-du-calcul-differentiel-26-articles-des-acta-eruditorum"},{"id":"9782711609994","title":"L'\u00e9crivain face \u00e0 son public en France et en Italie \u00e0 la Renaissance","description":null,"authors":["Fiorato C A."],"category_codes":["9000000","9080000","9080600","9080602"],"visuals":{"large":"https:\/\/quaidesbrumes.com\/img\/book-placeholder.png","medium":"https:\/\/quaidesbrumes.com\/img\/book-placeholder.png","thumbnail":"https:\/\/quaidesbrumes.com\/img\/book-placeholder.png"},"orderable":true,"show_badge":true,"formatted_price":"53,00&nbsp;\u20ac","formatted_published_date":"7 octobre 2002","publisher_availability_label":"Sur commande","short_details":"Fiorato C A. \u2014 Vrin","translator":null,"weight":680,"page_count":390,"readership":null,"editor":"Vrin","price":5300,"published_date":"2002-10-06T22:00:00.000000Z","support":"Grand format","publisher_availability":1,"stock":0,"editions":[],"url":"https:\/\/quaidesbrumes.com\/ouvrage\/9782711609994\/lecrivain-face-a-son-public-en-france-et-en-italie-a-la-renaissance"},{"id":"9782711610013","title":"Philosophie \u00e9l\u00e9mentaire : Essai d'une nouvelle th\u00e9orie de la facult\u00e9 humaine de repr\u00e9sentation (extraits) - Contributions \u00e0 la rectification des erreurs commises jusqu'ici par les philosophes (choix d'essais) - Du fondement du savoir philosophique","description":null,"authors":["Reinhold","Chenet"],"category_codes":["9000000","9080000","9080600"],"visuals":{"large":"https:\/\/quaidesbrumes.com\/img\/book-placeholder.png","medium":"https:\/\/quaidesbrumes.com\/img\/book-placeholder.png","thumbnail":"https:\/\/quaidesbrumes.com\/img\/book-placeholder.png"},"orderable":true,"show_badge":true,"formatted_price":"29,00&nbsp;\u20ac","formatted_published_date":"7 octobre 2002","publisher_availability_label":"Sur commande","short_details":"Reinhold, Chenet \u2014 Vrin","translator":null,"weight":350,"page_count":256,"readership":null,"editor":"Vrin","price":2900,"published_date":"2002-10-06T22:00:00.000000Z","support":"Grand format","publisher_availability":1,"stock":0,"editions":[],"url":"https:\/\/quaidesbrumes.com\/ouvrage\/9782711610013\/philosophie-elementaire-essai-dune-nouvelle-theorie-de-la-faculte-humaine-de-representation-extraits-contributions-a-la-rectification-des-erreurs-commises-jusquici-par-les-philosophes-choix-dessais-du-fondement-du-savoir-philosophique"},{"id":"9782711610037","title":"Archives d'Histoire litteraire et doctrinale du Moyen-Age LVI - 1989","description":null,"authors":["Vrin"],"category_codes":["9000000","9080000","9080500"],"visuals":{"large":"https:\/\/quaidesbrumes.com\/img\/book-placeholder.png","medium":"https:\/\/quaidesbrumes.com\/img\/book-placeholder.png","thumbnail":"https:\/\/quaidesbrumes.com\/img\/book-placeholder.png"},"orderable":true,"show_badge":true,"formatted_price":"64,00&nbsp;\u20ac","formatted_published_date":"3 mai 2000","publisher_availability_label":"Sur commande","short_details":"Vrin \u2014 Vrin","translator":null,"weight":550,"page_count":298,"readership":null,"editor":"Vrin","price":6400,"published_date":"2000-05-02T22:00:00.000000Z","support":"Grand format","publisher_availability":1,"stock":0,"editions":[],"url":"https:\/\/quaidesbrumes.com\/ouvrage\/9782711610037\/archives-dhistoire-litteraire-et-doctrinale-du-moyen-age-lvi-1989"},{"id":"9782711610044","title":"Duhem science, r\u00e9alit\u00e9 et apparence","description":null,"authors":["Brenner Anastasios"],"category_codes":["9000000","9080000","9080700"],"visuals":{"large":"https:\/\/quaidesbrumes.com\/img\/book-placeholder.png","medium":"https:\/\/quaidesbrumes.com\/img\/book-placeholder.png","thumbnail":"https:\/\/quaidesbrumes.com\/img\/book-placeholder.png"},"orderable":true,"show_badge":true,"formatted_price":"41,00&nbsp;\u20ac","formatted_published_date":"3 mai 2000","publisher_availability_label":"Sur commande","short_details":"Brenner Anastasios \u2014 Vrin","translator":null,"weight":350,"page_count":256,"readership":null,"editor":"Vrin","price":4100,"published_date":"2000-05-02T22:00:00.000000Z","support":"Grand format","publisher_availability":1,"stock":0,"editions":[],"url":"https:\/\/quaidesbrumes.com\/ouvrage\/9782711610044\/duhem-science-realite-et-apparence"},{"id":"9782711610075","title":"H\u00e9g\u00e9lianisme et dualisme : R\u00e9flexions sur le ph\u00e9nom\u00e8ne","description":null,"authors":["Souche-Dagues Denise"],"category_codes":["9000000","9080000","9080600"],"visuals":{"large":"https:\/\/quaidesbrumes.com\/img\/book-placeholder.png","medium":"https:\/\/quaidesbrumes.com\/img\/book-placeholder.png","thumbnail":"https:\/\/quaidesbrumes.com\/img\/book-placeholder.png"},"orderable":true,"show_badge":true,"formatted_price":"23,00&nbsp;\u20ac","formatted_published_date":"3 mai 2000","publisher_availability_label":"Sur commande","short_details":"Souche-Dagues Denise \u2014 Vrin","translator":null,"weight":260,"page_count":162,"readership":null,"editor":"Vrin","price":2300,"published_date":"2000-05-02T22:00:00.000000Z","support":"Grand format","publisher_availability":1,"stock":0,"editions":[],"url":"https:\/\/quaidesbrumes.com\/ouvrage\/9782711610075\/hegelianisme-et-dualisme-reflexions-sur-le-phenomene"},{"id":"9782711610082","title":"De la d\u00e9mocratie en Am\u00e9rique","description":"Individualisme, centralisation et d\u00e9centralisation, commercialisation de la litt\u00e9rature et des arts, obsession du bien-\u00eatre mat\u00e9riel, concentration des capitaux industriels... autant de signes d'une modernit\u00e9 que Tocqueville annon\u00e7ait il y a cent cinquante ans et \u00e9tudiait avec une acuit\u00e9 de vues remarquable dans la D\u00e9mocratie en Am\u00e9rique. \r\nCette premi\u00e8re \u00e9dition historico-critique offre pour la premi\u00e8re fois aux lecteurs un texte revu et corrig\u00e9 \u00e0 l'aide du manuscrit original, de nombreuses variantes et des fragments in\u00e9dits, des extraits de notes et brouillons utilis\u00e9s pendant le temps de la r\u00e9daction, des documents laiss\u00e9s par le compagnon de voyage de Tocqueville, Gustave de Beaumont.\r\nCes textes neufs travaillent \u00e0 donner de la pens\u00e9e de Tocqueville un aper\u00e7u plus complet, dynamique, et parfois inattendu.","authors":["De Tocqueville A."],"category_codes":["9000000","9080000","9080600"],"visuals":{"large":"https:\/\/quaidesbrumes.com\/img\/book-placeholder.png","medium":"https:\/\/quaidesbrumes.com\/img\/book-placeholder.png","thumbnail":"https:\/\/quaidesbrumes.com\/img\/book-placeholder.png"},"orderable":true,"show_badge":true,"formatted_price":"106,00&nbsp;\u20ac","formatted_published_date":"7 octobre 2002","publisher_availability_label":"Sur commande","short_details":"De Tocqueville A. \u2014 Vrin","translator":null,"weight":1950,"page_count":782,"readership":null,"editor":"Vrin","price":10600,"published_date":"2002-10-06T22:00:00.000000Z","support":"Grand format","publisher_availability":1,"stock":0,"editions":[],"url":"https:\/\/quaidesbrumes.com\/ouvrage\/9782711610082\/de-la-democratie-en-amerique"}]}