{"data":[{"id":"9782711609109","title":"La statue et l'empreinte : La po\u00e9tique de Scaliger","description":null,"authors":["Balavoine Claudie"],"category_codes":["9000000","9080000","9080600","9080602"],"visuals":{"large":"https:\/\/quaidesbrumes.com\/img\/book-placeholder.png","medium":"https:\/\/quaidesbrumes.com\/img\/book-placeholder.png","thumbnail":"https:\/\/quaidesbrumes.com\/img\/book-placeholder.png"},"orderable":true,"show_badge":true,"formatted_price":"21,00&nbsp;\u20ac","formatted_published_date":"7 octobre 2002","publisher_availability_label":"Sur commande","short_details":"Balavoine Claudie \u2014 Vrin","translator":null,"weight":410,"page_count":204,"readership":null,"editor":"Vrin","price":2100,"published_date":"2002-10-06T22:00:00.000000Z","support":"Grand format","publisher_availability":1,"stock":0,"editions":[],"url":"https:\/\/quaidesbrumes.com\/ouvrage\/9782711609109\/la-statue-et-lempreinte-la-poetique-de-scaliger"},{"id":"9782711609130","title":"L'asc\u00e8se cynique : Un commentaire de Diog\u00e8ne La\u00e8rce VI 70. 71","description":"Le cynisme, en raison peut-\u00eatre de son m\u00e9pris pour la sp\u00e9culation th\u00e9orique et de la raret\u00e9 des textes de contenu doctrinal qui en a r\u00e9sult\u00e9, reste le parent pauvre de la philosophie antique. Le pr\u00e9sent ouvrage fut l'un des premiers \u00e0 lui \u00eatre exclusivement consacr\u00e9. Pour rendre compte d'un passage doxographique, transmis par Diog\u00e8ne La\u00ebrce, sur l'asc\u00e8se selon Diog\u00e8ne le Cynique, il tente de retrouver, \u00e0 travers l'analyse d'un riche corpus d'anecdotes et de \u00ab dits \u00bb diog\u00e9niens, l'inspiration fondamentale qui oriente tout le projet philosophique du cynisme ancien. C'est dans le concept d'asc\u00e8se, c'est-\u00e0-dire d'un entra\u00eenement capable d'assurer le bonheur de l'homme en proie aux vicissitudes de l'existence, que s'exprime cette inspiration initiale. La comparaison du projet cynique avec le socratisme et le sto\u00efcisme r\u00e9v\u00e8le l'originalit\u00e9 de la d\u00e9marche propos\u00e9e par Diog\u00e8ne. Au terme, cette \u00e9lucidation de la conception cynique de l'asc\u00e8se autorise une interpr\u00e9tation nouvelle du passage doxographique la\u00ebrtien et une v\u00e9rification de son authenticit\u00e9. La voie diog\u00e9nienne, \u00ab raccourci vers la vertu \u00bb, a \u00e9t\u00e9 emprunt\u00e9e jusqu'\u00e0 la fin de l'antiquit\u00e9 par maints adeptes, comme l'atteste le R\u00e9pertoire, publi\u00e9 en appendice, de tous les Cyniques qu'un inventaire minutieux a permis de d\u00e9couvrir.","authors":["Goulet-Caze M-O."],"category_codes":["9000000","9080000","9080400"],"visuals":{"large":"https:\/\/images.epagine.fr\/130\/9782711609130_1_75.jpg","medium":"https:\/\/images.epagine.fr\/130\/9782711609130_1_m.jpg","thumbnail":"https:\/\/images.epagine.fr\/130\/9782711609130_1_v.jpg"},"orderable":true,"show_badge":true,"formatted_price":"45,00&nbsp;\u20ac","formatted_published_date":"3 mai 2000","publisher_availability_label":"Sur commande","short_details":"Goulet-Caze M-O. \u2014 Vrin","translator":null,"weight":395,"page_count":304,"readership":null,"editor":"Vrin","price":4500,"published_date":"2000-05-02T22:00:00.000000Z","support":"Grand format","publisher_availability":1,"stock":0,"editions":[],"url":"https:\/\/quaidesbrumes.com\/ouvrage\/9782711609130\/lascese-cynique-un-commentaire-de-diogene-laerce-vi-70-71"},{"id":"9782711609147","title":"Architectonique disjonctive, automates syst\u00e9miques et idealit\u00e9 transcendantale dans l'oeuvre de Leibniz","description":null,"authors":["Robinet Andre"],"category_codes":["9000000","9080000","9080600"],"visuals":{"large":"https:\/\/quaidesbrumes.com\/img\/book-placeholder.png","medium":"https:\/\/quaidesbrumes.com\/img\/book-placeholder.png","thumbnail":"https:\/\/quaidesbrumes.com\/img\/book-placeholder.png"},"orderable":true,"show_badge":true,"formatted_price":"70,00&nbsp;\u20ac","formatted_published_date":"3 mai 2000","publisher_availability_label":"Sur commande","short_details":"Robinet Andre \u2014 Vrin","translator":null,"weight":800,"page_count":456,"readership":null,"editor":"Vrin","price":7000,"published_date":"2000-05-02T22:00:00.000000Z","support":"Grand format","publisher_availability":1,"stock":0,"editions":[],"url":"https:\/\/quaidesbrumes.com\/ouvrage\/9782711609147\/architectonique-disjonctive-automates-systemiques-et-idealite-transcendantale-dans-loeuvre-de-leibniz"},{"id":"9782711609154","title":"Science et crime","description":null,"authors":["Szabo Denis"],"category_codes":["9000000","9080000","9080700"],"visuals":{"large":"https:\/\/quaidesbrumes.com\/img\/book-placeholder.png","medium":"https:\/\/quaidesbrumes.com\/img\/book-placeholder.png","thumbnail":"https:\/\/quaidesbrumes.com\/img\/book-placeholder.png"},"orderable":true,"show_badge":true,"formatted_price":"23,00&nbsp;\u20ac","formatted_published_date":"7 octobre 2002","publisher_availability_label":"Sur commande","short_details":"Szabo Denis \u2014 Vrin","translator":null,"weight":350,"page_count":282,"readership":null,"editor":"Vrin","price":2300,"published_date":"2002-10-06T22:00:00.000000Z","support":"Grand format","publisher_availability":1,"stock":0,"editions":[],"url":"https:\/\/quaidesbrumes.com\/ouvrage\/9782711609154\/science-et-crime"},{"id":"9782711609178","title":"La th\u00e9orie kantienne de l'histoire","description":"L'int\u00e9r\u00eat des \u00e9crits de Kant consacr\u00e9s \u00e0 la th\u00e9orie de l'histoire est d'autant plus grand que leur r\u00e9daction a eu lieu pendant la grande p\u00e9riode critique. Ils sont enrichis par l'ensemble des notes posthumes de Kant et particuli\u00e8rement par celles de l'Anthropologie des ann\u00e9es 80. A travers ces r\u00e9flexions Kant appara\u00eet sous un autre jour : partout spirituel, toujours fin, tr\u00e8s proche des autres esprits et de par sa prudence \u00e9galement tr\u00e8s proche de nous. Quant au probl\u00e8me de fond, il se r\u00e9sume dans la synth\u00e8se peu probable, selon Kant, des trois dimensions existentiales de l'homme qui devrait aller du rien au tout, du courbe au droit, du clos \u00e0 l'ouvert.","authors":["Philonenko Alexis"],"category_codes":["9000000","9080000","9080600"],"visuals":{"large":"https:\/\/quaidesbrumes.com\/img\/book-placeholder.png","medium":"https:\/\/quaidesbrumes.com\/img\/book-placeholder.png","thumbnail":"https:\/\/quaidesbrumes.com\/img\/book-placeholder.png"},"orderable":true,"show_badge":true,"formatted_price":"31,00&nbsp;\u20ac","formatted_published_date":"7 octobre 2002","publisher_availability_label":"Sur commande","short_details":"Philonenko Alexis \u2014 Vrin","translator":null,"weight":350,"page_count":254,"readership":null,"editor":"Vrin","price":3100,"published_date":"2002-10-06T22:00:00.000000Z","support":"Grand format","publisher_availability":1,"stock":0,"editions":[],"url":"https:\/\/quaidesbrumes.com\/ouvrage\/9782711609178\/la-theorie-kantienne-de-lhistoire"},{"id":"9782711609185","title":"Positions de la sophistique","description":"Qu'est-ce que la sophistique?\r\nUn mouvement des Lumi\u00e8res, rationalisation de l'essor d\u00e9mocratique dans les cit\u00e9s grecques? Ou au contraire un conservatisme d'hommes \u00e9pris de culture et de beau langage? Une philosophie de la conscience et de l'authenticit\u00e9 existentielle, ou une pratique utilitariste et d\u00e9voy\u00e9e des pouvoirs du logos, une non-philosophie? \r\nLe lecteur fran\u00e7ais, r\u00e9duit jusqu'ici \u00e0 une vulgate platonico-aristot\u00e9licienne, ignore l'existence et les enjeux d'un d\u00e9bat, qui n'est pourtant pas de pure \u00e9rudition.\r\nC'est un d\u00e9bat d'histoire de la philosophie, qui engage les proc\u00e9dures et les strat\u00e9gies selon lesquelles la philosophie a fabriqu\u00e9 et utilis\u00e9 son alter ego. C'est un d\u00e9bat herm\u00e9neutique, qui rend manifeste la pr\u00e9gnance et les divergences des horizons qui servent \u00e0 interpr\u00e9ter les quelques vestiges anthentiquement sophistiques parvenus jusqu'\u00e0 nous. \r\nC'est enfin un d\u00e9bat de pens\u00e9e, propre \u00e0 sugg\u00e9rer que des alternatives qui vont de soi - comme progr\u00e8s ou r\u00e9action, \u00e9thique ou immoralit\u00e9, raison ou irrationalisme -, peuvent se trouver d\u00e9plac\u00e9es, dans tous les sens du terme, \u00e0 l'occasion d'un examen plus attentif et instruit du discours sophistique.","authors":["Canto","Capizzi","Dumont"],"category_codes":["9000000","9080000","9080400"],"visuals":{"large":"https:\/\/quaidesbrumes.com\/img\/book-placeholder.png","medium":"https:\/\/quaidesbrumes.com\/img\/book-placeholder.png","thumbnail":"https:\/\/quaidesbrumes.com\/img\/book-placeholder.png"},"orderable":true,"show_badge":true,"formatted_price":"36,00&nbsp;\u20ac","formatted_published_date":"11 juillet 2000","publisher_availability_label":"Sur commande","short_details":"Canto, Capizzi, Dumont \u2014 Vrin","translator":null,"weight":500,"page_count":342,"readership":null,"editor":"Vrin","price":3600,"published_date":"2000-07-10T22:00:00.000000Z","support":"Grand format","publisher_availability":1,"stock":0,"editions":[],"url":"https:\/\/quaidesbrumes.com\/ouvrage\/9782711609185\/positions-de-la-sophistique"},{"id":"9782711609192","title":"John Locke et la raison raisonnable","description":null,"authors":["Goyard-Fabre Simone"],"category_codes":["9000000","9080000","9080600"],"visuals":{"large":"https:\/\/quaidesbrumes.com\/img\/book-placeholder.png","medium":"https:\/\/quaidesbrumes.com\/img\/book-placeholder.png","thumbnail":"https:\/\/quaidesbrumes.com\/img\/book-placeholder.png"},"orderable":true,"show_badge":true,"formatted_price":"31,00&nbsp;\u20ac","formatted_published_date":"3 mai 2000","publisher_availability_label":"Sur commande","short_details":"Goyard-Fabre Simone \u2014 Vrin","translator":null,"weight":270,"page_count":198,"readership":null,"editor":"Vrin","price":3100,"published_date":"2000-05-02T22:00:00.000000Z","support":"Grand format","publisher_availability":1,"stock":0,"editions":[],"url":"https:\/\/quaidesbrumes.com\/ouvrage\/9782711609192\/john-locke-et-la-raison-raisonnable"},{"id":"9782711609208","title":"La th\u00e9orie des parall\u00e8les en pays d'Islam : Contribution \u00e0 la pr\u00e9histoire des g\u00e9om\u00e9tries non euclidiennes","description":null,"authors":["Jaouiche Khalil"],"category_codes":["9000000","9080000","9080500"],"visuals":{"large":"https:\/\/quaidesbrumes.com\/img\/book-placeholder.png","medium":"https:\/\/quaidesbrumes.com\/img\/book-placeholder.png","thumbnail":"https:\/\/quaidesbrumes.com\/img\/book-placeholder.png"},"orderable":true,"show_badge":true,"formatted_price":"43,00&nbsp;\u20ac","formatted_published_date":"3 mai 2000","publisher_availability_label":"Sur commande","short_details":"Jaouiche Khalil \u2014 Vrin","translator":null,"weight":420,"page_count":268,"readership":null,"editor":"Vrin","price":4300,"published_date":"2000-05-02T22:00:00.000000Z","support":"Grand format","publisher_availability":1,"stock":0,"editions":[],"url":"https:\/\/quaidesbrumes.com\/ouvrage\/9782711609208\/la-theorie-des-paralleles-en-pays-dislam-contribution-a-la-prehistoire-des-geometries-non-euclidiennes"},{"id":"9782711609215","title":"Introduction \u00e0 une lecture : mat\u00e9rialisme, vitalisme, rationalisme de A.A. Cournot","description":null,"authors":["Jean-Pierre Osier"],"category_codes":["9000000","9080000","9080300","9080306"],"visuals":{"large":"https:\/\/quaidesbrumes.com\/img\/book-placeholder.png","medium":"https:\/\/quaidesbrumes.com\/img\/book-placeholder.png","thumbnail":"https:\/\/quaidesbrumes.com\/img\/book-placeholder.png"},"orderable":true,"show_badge":true,"formatted_price":"10,00&nbsp;\u20ac","formatted_published_date":"7 octobre 2002","publisher_availability_label":"Sur commande","short_details":"Jean-Pierre Osier \u2014 Vrin","translator":null,"weight":150,"page_count":62,"readership":null,"editor":"Vrin","price":1000,"published_date":"2002-10-06T22:00:00.000000Z","support":"Grand format","publisher_availability":1,"stock":0,"editions":[],"url":"https:\/\/quaidesbrumes.com\/ouvrage\/9782711609215\/introduction-a-une-lecture-materialisme-vitalisme-rationalisme-de-aa-cournot"},{"id":"9782711609222","title":"Mariotte savant et philosophe : Analyse d'une renomm\u00e9e","description":null,"authors":["Costabel Pierre"],"category_codes":["9000000","9080000","9080600"],"visuals":{"large":"https:\/\/quaidesbrumes.com\/img\/book-placeholder.png","medium":"https:\/\/quaidesbrumes.com\/img\/book-placeholder.png","thumbnail":"https:\/\/quaidesbrumes.com\/img\/book-placeholder.png"},"orderable":true,"show_badge":true,"formatted_price":"45,00&nbsp;\u20ac","formatted_published_date":"3 mai 2000","publisher_availability_label":"Sur commande","short_details":"Costabel Pierre \u2014 Vrin","translator":null,"weight":600,"page_count":336,"readership":null,"editor":"Vrin","price":4500,"published_date":"2000-05-02T22:00:00.000000Z","support":"Grand format","publisher_availability":1,"stock":0,"editions":[],"url":"https:\/\/quaidesbrumes.com\/ouvrage\/9782711609222\/mariotte-savant-et-philosophe-analyse-dune-renommee"},{"id":"9782711609239","title":"Darwin en perspective","description":null,"authors":["Conry Yvette"],"category_codes":["9000000","9080000","9080600"],"visuals":{"large":"https:\/\/quaidesbrumes.com\/img\/book-placeholder.png","medium":"https:\/\/quaidesbrumes.com\/img\/book-placeholder.png","thumbnail":"https:\/\/quaidesbrumes.com\/img\/book-placeholder.png"},"orderable":true,"show_badge":true,"formatted_price":"21,00&nbsp;\u20ac","formatted_published_date":"7 octobre 2002","publisher_availability_label":"Sur commande","short_details":"Conry Yvette \u2014 Vrin","translator":null,"weight":290,"page_count":188,"readership":null,"editor":"Vrin","price":2100,"published_date":"2002-10-06T22:00:00.000000Z","support":"Grand format","publisher_availability":1,"stock":0,"editions":[],"url":"https:\/\/quaidesbrumes.com\/ouvrage\/9782711609239\/darwin-en-perspective"},{"id":"9782711609253","title":"Bergson et le Christ des \u00c9vangiles","description":"Les mots \u00ab philosophie du Christianisme \u00bb correspondent tr\u00e8s exactement \u00e0 ce qui appara\u00eet dans l'avant-dernier chapitre des Deux Sources de la Morale et de la Religion, publi\u00e9es en 1932. Comprendre ces pages, ce sera \u00e9videmment voir leur rapport \u00e0 l'oeuvre qui les pr\u00e9c\u00e8de; or, c'est trop peu dire qu'elles la supposent : elles la contiennent et l'expriment. Chercher leur sens, c'est donc se demander comment elles signifient le bergsonisme tout entier.\r\nL'impression que laisse l'itin\u00e9raire de Bergson est celle d'une constante originalit\u00e9. Originalit\u00e9 dont s'aur\u00e9ole chacun de ses livres, avec cette diff\u00e9rence, toutefois, qu'elle semble avoir \u00e9t\u00e9 moins imm\u00e9diatement et moins vivement sentie pour le dernier d'entre eux. Faire ressortir la signification profond\u00e9ment bergsonienne des Deux Sources sera, du m\u00eame coup, reconna\u00eetre que, jusqu'\u00e0 la fin, cette nouvelle philosophie n'a cess\u00e9 d'\u00eatre \u00ab une philosophie nouvelle \u00bb.","authors":["Gouhier Henri"],"category_codes":["9000000","9080000","9080700"],"visuals":{"large":"https:\/\/quaidesbrumes.com\/img\/book-placeholder.png","medium":"https:\/\/quaidesbrumes.com\/img\/book-placeholder.png","thumbnail":"https:\/\/quaidesbrumes.com\/img\/book-placeholder.png"},"orderable":true,"show_badge":true,"formatted_price":"25,00&nbsp;\u20ac","formatted_published_date":"7 octobre 2002","publisher_availability_label":"Sur commande","short_details":"Gouhier Henri \u2014 Vrin","translator":null,"weight":350,"page_count":144,"readership":null,"editor":"Vrin","price":2500,"published_date":"2002-10-06T22:00:00.000000Z","support":"Grand format","publisher_availability":1,"stock":0,"editions":[],"url":"https:\/\/quaidesbrumes.com\/ouvrage\/9782711609253\/bergson-et-le-christ-des-evangiles"},{"id":"9782711609338","title":"Les historiens fran\u00e7ais de la m\u00e9decine au XIXe si\u00e8cle","description":null,"authors":["Wohnlich-Despaigne I"],"category_codes":["9000000","9080000","9080600"],"visuals":{"large":"https:\/\/quaidesbrumes.com\/img\/book-placeholder.png","medium":"https:\/\/quaidesbrumes.com\/img\/book-placeholder.png","thumbnail":"https:\/\/quaidesbrumes.com\/img\/book-placeholder.png"},"orderable":true,"show_badge":true,"formatted_price":"45,00&nbsp;\u20ac","formatted_published_date":"3 mai 2000","publisher_availability_label":"Sur commande","short_details":"Wohnlich-Despaigne I \u2014 Vrin","translator":null,"weight":750,"page_count":424,"readership":null,"editor":"Vrin","price":4500,"published_date":"2000-05-02T22:00:00.000000Z","support":"Grand format","publisher_availability":1,"stock":0,"editions":[],"url":"https:\/\/quaidesbrumes.com\/ouvrage\/9782711609338\/les-historiens-francais-de-la-medecine-au-xixe-siecle"},{"id":"9782711609352","title":"Archives d'Histoire litteraire et doctrinale du Moyen-Age LIII - 1986","description":null,"authors":["Vrin"],"category_codes":["9000000","9080000","9080500"],"visuals":{"large":"https:\/\/quaidesbrumes.com\/img\/book-placeholder.png","medium":"https:\/\/quaidesbrumes.com\/img\/book-placeholder.png","thumbnail":"https:\/\/quaidesbrumes.com\/img\/book-placeholder.png"},"orderable":true,"show_badge":true,"formatted_price":"62,00&nbsp;\u20ac","formatted_published_date":"29 juin 1999","publisher_availability_label":"Sur commande","short_details":"Vrin \u2014 Vrin","translator":null,"weight":530,"page_count":304,"readership":null,"editor":"Vrin","price":6200,"published_date":"1999-06-28T22:00:00.000000Z","support":"Grand format","publisher_availability":1,"stock":0,"editions":[],"url":"https:\/\/quaidesbrumes.com\/ouvrage\/9782711609352\/archives-dhistoire-litteraire-et-doctrinale-du-moyen-age-liii-1986"},{"id":"9782711609383","title":"L'homme, le monde sensible et le p\u00e9ch\u00e9 dans la philosophie de Jean Scot Erig\u00e8ne","description":null,"authors":["Wohlmann","Jeauneau"],"category_codes":["9000000","9080000","9080500"],"visuals":{"large":"https:\/\/quaidesbrumes.com\/img\/book-placeholder.png","medium":"https:\/\/quaidesbrumes.com\/img\/book-placeholder.png","thumbnail":"https:\/\/quaidesbrumes.com\/img\/book-placeholder.png"},"orderable":true,"show_badge":true,"formatted_price":"21,00&nbsp;\u20ac","formatted_published_date":"3 mai 2000","publisher_availability_label":"Sur commande","short_details":"Wohlmann, Jeauneau \u2014 Vrin","translator":null,"weight":300,"page_count":112,"readership":null,"editor":"Vrin","price":2100,"published_date":"2000-05-02T22:00:00.000000Z","support":"Grand format","publisher_availability":1,"stock":0,"editions":[],"url":"https:\/\/quaidesbrumes.com\/ouvrage\/9782711609383\/lhomme-le-monde-sensible-et-le-peche-dans-la-philosophie-de-jean-scot-erigene"},{"id":"9782711609413","title":"M\u00e9taphysique et s\u00e9mantique","description":null,"authors":["Pinchard Bruno"],"category_codes":["9000000","9080000","9080700"],"visuals":{"large":"https:\/\/quaidesbrumes.com\/img\/book-placeholder.png","medium":"https:\/\/quaidesbrumes.com\/img\/book-placeholder.png","thumbnail":"https:\/\/quaidesbrumes.com\/img\/book-placeholder.png"},"orderable":true,"show_badge":true,"formatted_price":"29,00&nbsp;\u20ac","formatted_published_date":"3 mai 2000","publisher_availability_label":"Sur commande","short_details":"Pinchard Bruno \u2014 Vrin","translator":null,"weight":380,"page_count":188,"readership":null,"editor":"Vrin","price":2900,"published_date":"2000-05-02T22:00:00.000000Z","support":"Grand format","publisher_availability":1,"stock":0,"editions":[],"url":"https:\/\/quaidesbrumes.com\/ouvrage\/9782711609413\/metaphysique-et-semantique"},{"id":"9782711609420","title":"Recherches sur l'usage de l'intrument chez les singes","description":"De tous les temps le Singe a inqui\u00e9t\u00e9 : sa ressemblance avec l'homme rend son animalit\u00e9 ambigu\u00eb. La primatologie analyse, sous tous leurs aspects, les liens et les diff\u00e9rences entre les Anthropo\u00efdes et l'Homme. La psychologie animale a sa part dans cette analyse. Paul Guillaume et Ignace Meyerson publient de 1930 \u00e0 1937, dans le \u00ab Journal de psychologie \u00bb, Recherches sur l'usage de l'instrument chez les singes, articles r\u00e9unis ici en un seul volume.\r\nA partir de 1927, \u00e0 l'Institut Pasteur et au Mus\u00e9um d'Histoire Naturelle, avec un mat\u00e9riel tr\u00e8s r\u00e9duit, \u00e9vitant tout dressage, Guillaume et Meyerson ont essay\u00e9 d'\u00e9tablir une double \u00e9chelle de niveau en correspondance : niveaux d'intelligence animale; types d'exp\u00e9riences marquant les traits principaux de ces niveaux. Ces articles constituent donc une \u00e9tape historique dans la connaissance du comportement des Singes. Ils sont aussi et surtout une oeuvre de r\u00e9f\u00e9rence pour les chercheurs contemporains, mieux pr\u00e9par\u00e9s \u00e0 saisir la port\u00e9e de ces travaux, tant sur le plan cognitif qu'\u00e9volutif.","authors":["Guillaume","Meyerson"],"category_codes":["9000000","9080000","9080700"],"visuals":{"large":"https:\/\/quaidesbrumes.com\/img\/book-placeholder.png","medium":"https:\/\/quaidesbrumes.com\/img\/book-placeholder.png","thumbnail":"https:\/\/quaidesbrumes.com\/img\/book-placeholder.png"},"orderable":true,"show_badge":true,"formatted_price":"29,00&nbsp;\u20ac","formatted_published_date":"1er janvier 2001","publisher_availability_label":"Sur commande","short_details":"Guillaume, Meyerson \u2014 Vrin","translator":null,"weight":460,"page_count":176,"readership":null,"editor":"Vrin","price":2900,"published_date":"2000-12-31T23:00:00.000000Z","support":"Grand format","publisher_availability":1,"stock":0,"editions":[],"url":"https:\/\/quaidesbrumes.com\/ouvrage\/9782711609420\/recherches-sur-lusage-de-lintrument-chez-les-singes"},{"id":"9782711609468","title":"Hegel, critique de la doctrine de la science de Fichte","description":null,"authors":["Lauth Reinhard"],"category_codes":["9000000","9080000","9080600"],"visuals":{"large":"https:\/\/quaidesbrumes.com\/img\/book-placeholder.png","medium":"https:\/\/quaidesbrumes.com\/img\/book-placeholder.png","thumbnail":"https:\/\/quaidesbrumes.com\/img\/book-placeholder.png"},"orderable":true,"show_badge":true,"formatted_price":"26,00&nbsp;\u20ac","formatted_published_date":"3 mai 2000","publisher_availability_label":"Sur commande","short_details":"Lauth Reinhard \u2014 Vrin","translator":null,"weight":300,"page_count":204,"readership":null,"editor":"Vrin","price":2600,"published_date":"2000-05-02T22:00:00.000000Z","support":"Grand format","publisher_availability":1,"stock":0,"editions":[],"url":"https:\/\/quaidesbrumes.com\/ouvrage\/9782711609468\/hegel-critique-de-la-doctrine-de-la-science-de-fichte"},{"id":"9782711609499","title":"Le Kal\u00e2m et le P\u00e9ripat\u00e9tisme d'apr\u00e8s le Kuzari","description":null,"authors":["Ventura Moise"],"category_codes":["9000000","9080000","9080500"],"visuals":{"large":"https:\/\/quaidesbrumes.com\/img\/book-placeholder.png","medium":"https:\/\/quaidesbrumes.com\/img\/book-placeholder.png","thumbnail":"https:\/\/quaidesbrumes.com\/img\/book-placeholder.png"},"orderable":true,"show_badge":true,"formatted_price":"15,00&nbsp;\u20ac","formatted_published_date":"1er novembre 1987","publisher_availability_label":"Sur commande","short_details":"Ventura Moise \u2014 Vrin","translator":null,"weight":200,"page_count":102,"readership":null,"editor":"Vrin","price":1500,"published_date":"1987-10-31T23:00:00.000000Z","support":"Grand format","publisher_availability":1,"stock":0,"editions":[],"url":"https:\/\/quaidesbrumes.com\/ouvrage\/9782711609499\/le-kalam-et-le-peripatetisme-dapres-le-kuzari"},{"id":"9782711609550","title":"Pouvoirs et institutions en Europe au XVIe si\u00e8cle","description":null,"authors":["Stegmann Andre"],"category_codes":["9000000","9080000","9080600","9080602"],"visuals":{"large":"https:\/\/quaidesbrumes.com\/img\/book-placeholder.png","medium":"https:\/\/quaidesbrumes.com\/img\/book-placeholder.png","thumbnail":"https:\/\/quaidesbrumes.com\/img\/book-placeholder.png"},"orderable":true,"show_badge":true,"formatted_price":"31,00&nbsp;\u20ac","formatted_published_date":"7 octobre 2002","publisher_availability_label":"Sur commande","short_details":"Stegmann Andre \u2014 Vrin","translator":null,"weight":590,"page_count":324,"readership":null,"editor":"Vrin","price":3100,"published_date":"2002-10-06T22:00:00.000000Z","support":"Grand format","publisher_availability":1,"stock":0,"editions":[],"url":"https:\/\/quaidesbrumes.com\/ouvrage\/9782711609550\/pouvoirs-et-institutions-en-europe-au-xvie-siecle"},{"id":"9782711609567","title":"Archives d'Histoire litteraire et doctrinale du Moyen-Age LIV - 1987","description":null,"authors":["Vrin"],"category_codes":["9000000","9080000","9080500"],"visuals":{"large":"https:\/\/quaidesbrumes.com\/img\/book-placeholder.png","medium":"https:\/\/quaidesbrumes.com\/img\/book-placeholder.png","thumbnail":"https:\/\/quaidesbrumes.com\/img\/book-placeholder.png"},"orderable":true,"show_badge":true,"formatted_price":"64,00&nbsp;\u20ac","formatted_published_date":"29 juin 1999","publisher_availability_label":"Sur commande","short_details":"Vrin \u2014 Vrin","translator":null,"weight":530,"page_count":304,"readership":null,"editor":"Vrin","price":6400,"published_date":"1999-06-28T22:00:00.000000Z","support":"Grand format","publisher_availability":1,"stock":0,"editions":[],"url":"https:\/\/quaidesbrumes.com\/ouvrage\/9782711609567\/archives-dhistoire-litteraire-et-doctrinale-du-moyen-age-liv-1987"},{"id":"9782711609635","title":"Doctrines et concepts","description":null,"authors":["Benis-Sinaceur H."],"category_codes":["9000000","9080000","9080700"],"visuals":{"large":"https:\/\/quaidesbrumes.com\/img\/book-placeholder.png","medium":"https:\/\/quaidesbrumes.com\/img\/book-placeholder.png","thumbnail":"https:\/\/quaidesbrumes.com\/img\/book-placeholder.png"},"orderable":true,"show_badge":true,"formatted_price":"39,00&nbsp;\u20ac","formatted_published_date":"7 octobre 2002","publisher_availability_label":"Sur commande","short_details":"Benis-Sinaceur H. \u2014 Vrin","translator":null,"weight":630,"page_count":368,"readership":null,"editor":"Vrin","price":3900,"published_date":"2002-10-06T22:00:00.000000Z","support":"Grand format","publisher_availability":1,"stock":0,"editions":[],"url":"https:\/\/quaidesbrumes.com\/ouvrage\/9782711609635\/doctrines-et-concepts"},{"id":"9782711609659","title":"Qu'est-ce que cr\u00e9er?","description":null,"authors":["Rolland De Reneville"],"category_codes":["9000000","9080000","9080700"],"visuals":{"large":"https:\/\/quaidesbrumes.com\/img\/book-placeholder.png","medium":"https:\/\/quaidesbrumes.com\/img\/book-placeholder.png","thumbnail":"https:\/\/quaidesbrumes.com\/img\/book-placeholder.png"},"orderable":true,"show_badge":true,"formatted_price":"16,00&nbsp;\u20ac","formatted_published_date":"7 octobre 2002","publisher_availability_label":"Sur commande","short_details":"Rolland De Reneville \u2014 Vrin","translator":null,"weight":300,"page_count":144,"readership":null,"editor":"Vrin","price":1600,"published_date":"2002-10-06T22:00:00.000000Z","support":"Grand format","publisher_availability":1,"stock":0,"editions":[],"url":"https:\/\/quaidesbrumes.com\/ouvrage\/9782711609659\/quest-ce-que-creer"},{"id":"9782711609666","title":"Mo\u00efse g\u00e9ographe : Recherches sur les repr\u00e9sentations juives et chr\u00e9tiennes de l'espace","description":null,"authors":["Desreumaux Alain"],"category_codes":["9000000","9080000","9080700"],"visuals":{"large":"https:\/\/quaidesbrumes.com\/img\/book-placeholder.png","medium":"https:\/\/quaidesbrumes.com\/img\/book-placeholder.png","thumbnail":"https:\/\/quaidesbrumes.com\/img\/book-placeholder.png"},"orderable":true,"show_badge":true,"formatted_price":"39,00&nbsp;\u20ac","formatted_published_date":"7 octobre 2002","publisher_availability_label":"Sur commande","short_details":"Desreumaux Alain \u2014 Vrin","translator":null,"weight":410,"page_count":262,"readership":null,"editor":"Vrin","price":3900,"published_date":"2002-10-06T22:00:00.000000Z","support":"Grand format","publisher_availability":1,"stock":0,"editions":[],"url":"https:\/\/quaidesbrumes.com\/ouvrage\/9782711609666\/moise-geographe-recherches-sur-les-representations-juives-et-chretiennes-de-lespace"}]}