{"data":[{"id":"9782711608416","title":"Jean-Jacques Rousseau et la pens\u00e9e du malheur : III.Apoth\u00e9ose du d\u00e9sespoir","description":"Dans l'Apoth\u00e9ose du d\u00e9sespoir on part du Contrat social pour aboutir aux R\u00eaveries du promeneur solitaire. La th\u00e9orie de la communaut\u00e9 expos\u00e9e dans le Contrat social montre l'homme tel qu'il aurait d\u00fb \u00eatre. Mais la bonne totalit\u00e9 n'est qu'un r\u00eave. J.-J. Rousseau se replie dans l'\u00c9mile sur un individu qu'il pr\u00e9tend \u00e9duquer dans la solitude. On assiste ici \u00e0 une tentative d\u00e9sesp\u00e9r\u00e9e du m\u00e9decin du monde pour enrayer le progr\u00e8s implacable qui ronge comme une maladie mortelle le monde humain. En d\u00e9pit des richesses de la pens\u00e9e \u00e9ducative de Rousseau, il n'est pas d\u00e9raisonnable de penser que le d\u00e9sespoir l'envahissait de plus en plus. \u00c0 la fin il se retrouve seul avec lui-m\u00eame. Le m\u00e9decin de l'humanit\u00e9 s'efface, comme le th\u00e9oricien de la r\u00e9forme des moeurs domestiques. Rousseau n'a plus qu'un homme \u00e0 soigner et c'est lui-m\u00eame. La tentative de r\u00e9g\u00e9n\u00e9ration morale de la soci\u00e9t\u00e9 et de l'homme s'ab\u00eeme dans le dialogue de la pens\u00e9e avec soi d'o\u00f9 doit \u00e9merger au moins comme monument dans la catastrophe g\u00e9n\u00e9rale le discours d\u00e9sesp\u00e9r\u00e9 et vrai d'un homme qui veut croire qu'il est pur et saint. Ce troisi\u00e8me et dernier volume est dantesque; plus on va, plus on se dirige vers une solitude de plus en plus claire, m\u00eame si en son essence pure elle est inexplicable. L\u00e0 se trouve la signature capitale du malheur : \u00ab Me voici donc seul sur la terre, n'ayant plus de fr\u00e8re, de prochain, d'ami, de soci\u00e9t\u00e9 que moi-m\u00eame. Le plus sociable et le plus aimant des humains en a \u00e9t\u00e9 proscrit par un accord unanime \u00bb (J.-J. Rousseau).","authors":["Philonenko Alexis"],"category_codes":["9000000","9080000","9080600","9080604"],"visuals":{"large":"https:\/\/images.epagine.fr\/416\/9782711608416_1_75.jpg","medium":"https:\/\/images.epagine.fr\/416\/9782711608416_1_m.jpg","thumbnail":"https:\/\/images.epagine.fr\/416\/9782711608416_1_v.jpg"},"orderable":true,"show_badge":true,"formatted_price":"41,00&nbsp;\u20ac","formatted_published_date":"7 octobre 2002","publisher_availability_label":"Sur commande","short_details":"Philonenko Alexis \u2014 Vrin","translator":null,"weight":450,"page_count":354,"readership":null,"editor":"Vrin","price":4100,"published_date":"2002-10-06T22:00:00.000000Z","support":"Grand format","publisher_availability":1,"stock":0,"editions":[],"url":"https:\/\/quaidesbrumes.com\/ouvrage\/9782711608416\/jean-jacques-rousseau-et-la-pensee-du-malheur-iiiapotheose-du-desespoir"},{"id":"9782711608447","title":"Pascal entre Eudoxe et Cantor","description":null,"authors":["Gardies Jean-Louis"],"category_codes":["9000000","9080000","9080600"],"visuals":{"large":"https:\/\/quaidesbrumes.com\/img\/book-placeholder.png","medium":"https:\/\/quaidesbrumes.com\/img\/book-placeholder.png","thumbnail":"https:\/\/quaidesbrumes.com\/img\/book-placeholder.png"},"orderable":true,"show_badge":true,"formatted_price":"31,00&nbsp;\u20ac","formatted_published_date":"7 octobre 2002","publisher_availability_label":"Sur commande","short_details":"Gardies Jean-Louis \u2014 Vrin","translator":null,"weight":190,"page_count":144,"readership":null,"editor":"Vrin","price":3100,"published_date":"2002-10-06T22:00:00.000000Z","support":"Grand format","publisher_availability":1,"stock":0,"editions":[],"url":"https:\/\/quaidesbrumes.com\/ouvrage\/9782711608447\/pascal-entre-eudoxe-et-cantor"},{"id":"9782711608454","title":"Le philosophe et son double : Un commentaire de l'Euthyd\u00e8me de Platon","description":"De tous les dialogues de Platon, l'Euthyd\u00e8me est peut-\u00eatre le plus exclusivement consacr\u00e9 \u00e0 l'\u00e9lucidation de la relation du platonisme avec la sophistique. Ce qu'on a pris pour indigence de son contenu, c'est l'acuit\u00e9 avec laquelle la forme y est consid\u00e9r\u00e9e. Formalisme moral de Socrate, formalisme \u00e9ristique des sophistes : dans la le\u00e7on d'\u00e9ristique donn\u00e9e \u00e0 Socrate appara\u00eet, plus clairement peut-\u00eatre que dans aucun texte antique, la logique propre au discours sophistique, celle-l\u00e0 m\u00eame \u00e0 laquelle a affaire dans sa totalit\u00e9 le texte platonicien. La sophistique, et Platon avec elle, rel\u00e8vent d'un r\u00e9gime de discours pr\u00e9-aristot\u00e9licien, et c'est dans la pratique de ce discours que demande \u00e0 \u00eatre r\u00e9inscrite la tant galvaud\u00e9e ironie socratique.","authors":["Narcy Michel"],"category_codes":["9000000","9080000","9080400"],"visuals":{"large":"https:\/\/quaidesbrumes.com\/img\/book-placeholder.png","medium":"https:\/\/quaidesbrumes.com\/img\/book-placeholder.png","thumbnail":"https:\/\/quaidesbrumes.com\/img\/book-placeholder.png"},"orderable":true,"show_badge":true,"formatted_price":"29,00&nbsp;\u20ac","formatted_published_date":"3 mai 2000","publisher_availability_label":"Sur commande","short_details":"Narcy Michel \u2014 Vrin","translator":null,"weight":400,"page_count":242,"readership":null,"editor":"Vrin","price":2900,"published_date":"2000-05-02T22:00:00.000000Z","support":"Grand format","publisher_availability":1,"stock":0,"editions":[],"url":"https:\/\/quaidesbrumes.com\/ouvrage\/9782711608454\/le-philosophe-et-son-double-un-commentaire-de-leuthydeme-de-platon"},{"id":"9782711608478","title":"Bienfaisance et r\u00e9pression au XVIe si\u00e8cle","description":null,"authors":["Coornhert","Van Hout"],"category_codes":["9000000","9080000","9080600","9080602"],"visuals":{"large":"https:\/\/quaidesbrumes.com\/img\/book-placeholder.png","medium":"https:\/\/quaidesbrumes.com\/img\/book-placeholder.png","thumbnail":"https:\/\/quaidesbrumes.com\/img\/book-placeholder.png"},"orderable":true,"show_badge":true,"formatted_price":"16,00&nbsp;\u20ac","formatted_published_date":"7 octobre 2002","publisher_availability_label":"Sur commande","short_details":"Coornhert, Van Hout \u2014 Vrin","translator":null,"weight":150,"page_count":80,"readership":null,"editor":"Vrin","price":1600,"published_date":"2002-10-06T22:00:00.000000Z","support":"Grand format","publisher_availability":1,"stock":0,"editions":[],"url":"https:\/\/quaidesbrumes.com\/ouvrage\/9782711608478\/bienfaisance-et-repression-au-xvie-siecle"},{"id":"9782711608508","title":"Histoire g\u00e9n\u00e9rale de la nature et th\u00e9orie du ciel","description":"Depuis 1740, triomphe dans toute l'Europe savante la science newtonienne. Cependant, les oeuvres physiques de Newton laissaient pour compte les questions d'ordre proprement cosmologique : qu'il s'agisse de la structure de l'Univers, de sa stabilit\u00e9, de sa formation ou de son \u00e9volution. Sur ces points, Newton \u00e9tait contraint de recourir \u00e0 la th\u00e9ologie et aux causes finales, peu compatibles avec l'esprit des Principia.\r\nCe sont pr\u00e9cis\u00e9ment ces probl\u00e8mes cosmologiques que tente de r\u00e9soudre le jeune Kant en 1755, mais dans le cadre stricte de la m\u00e9canique newtonienne. La Th\u00e9orie du ciel pr\u00e9sente ainsi la premi\u00e8re conception correcte de la structure de notre Galaxie; puis \u00e9tendant ses investigations au royaume des n\u00e9buleuses extra-galactiques, elle d\u00e9veloppe ce que la post\u00e9rit\u00e9 appellera la th\u00e9orie des \u00ab Univers-\u00eeles \u00bb.","authors":["Emmanuel Kant"],"category_codes":["9000000","9080000","9080200","9080204"],"visuals":{"large":"https:\/\/quaidesbrumes.com\/img\/book-placeholder.png","medium":"https:\/\/quaidesbrumes.com\/img\/book-placeholder.png","thumbnail":"https:\/\/quaidesbrumes.com\/img\/book-placeholder.png"},"orderable":true,"show_badge":true,"formatted_price":"25,00&nbsp;\u20ac","formatted_published_date":"3 mai 2000","publisher_availability_label":"Sur commande","short_details":"Emmanuel Kant \u2014 Vrin","translator":null,"weight":400,"page_count":320,"readership":null,"editor":"Vrin","price":2500,"published_date":"2000-05-02T22:00:00.000000Z","support":"Grand format","publisher_availability":1,"stock":0,"editions":[],"url":"https:\/\/quaidesbrumes.com\/ouvrage\/9782711608508\/histoire-generale-de-la-nature-et-theorie-du-ciel"},{"id":"9782711608539","title":"\u00c9crits II: \u00c9tudes de philosophie moderne","description":null,"authors":["Goldschmidt Victor"],"category_codes":["9000000","9080000","9080400"],"visuals":{"large":"https:\/\/quaidesbrumes.com\/img\/book-placeholder.png","medium":"https:\/\/quaidesbrumes.com\/img\/book-placeholder.png","thumbnail":"https:\/\/quaidesbrumes.com\/img\/book-placeholder.png"},"orderable":true,"show_badge":true,"formatted_price":"29,00&nbsp;\u20ac","formatted_published_date":"3 mai 2000","publisher_availability_label":"Sur commande","short_details":"Goldschmidt Victor \u2014 Vrin","translator":null,"weight":350,"page_count":272,"readership":null,"editor":"Vrin","price":2900,"published_date":"2000-05-02T22:00:00.000000Z","support":"Grand format","publisher_availability":1,"stock":0,"editions":[],"url":"https:\/\/quaidesbrumes.com\/ouvrage\/9782711608539\/ecrits-ii-etudes-de-philosophie-moderne"},{"id":"9782711608669","title":"L'oeuvre de Fichte","description":"Fichte enfin sortant de la tombe o\u00f9 son si\u00e8cle le pr\u00e9cipita n'exige plus seulement des expos\u00e9s \u00e9rudits de telle ou telle phase de sa doctrine. Il veut qu'on l'introduise aupr\u00e8s d'un plus large public. Voici l'origine de ce petit ouvrage en lequel on s'est efforc\u00e9 de retracer les grandes orientations de son oeuvre. Il ne s'agit que d'une introduction, avec ses in\u00e9vitables d\u00e9fauts, en laquelle on s'est bien moins attach\u00e9 \u00e0 relever les pr\u00e9tendues incoh\u00e9rences de la doctrine qu'\u00e0 retrouver l'intimit\u00e9 des th\u00e8mes, m\u00e9thodes, constitution de la philosophie premi\u00e8re, orientation politique. Un tr\u00e8s s\u00fbr r\u00e9sultat se d\u00e9gage : l'image de Fichte propos\u00e9e par Hegel est fausse.","authors":["Alexis Philonenko"],"category_codes":["9000000","9080000","9080200","9080204"],"visuals":{"large":"https:\/\/images.epagine.fr\/669\/9782711608669_1_75.jpg","medium":"https:\/\/images.epagine.fr\/669\/9782711608669_1_m.jpg","thumbnail":"https:\/\/images.epagine.fr\/669\/9782711608669_1_v.jpg"},"orderable":true,"show_badge":true,"formatted_price":"17,00&nbsp;\u20ac","formatted_published_date":"3 mai 2000","publisher_availability_label":"Sur commande","short_details":"Alexis Philonenko \u2014 Vrin","translator":null,"weight":300,"page_count":226,"readership":null,"editor":"Vrin","price":1700,"published_date":"2000-05-02T22:00:00.000000Z","support":"Poche","publisher_availability":1,"stock":0,"editions":[],"url":"https:\/\/quaidesbrumes.com\/ouvrage\/9782711608669\/loeuvre-de-fichte"},{"id":"9782711608690","title":"Le nombre et le lieu","description":"La philosophie, et bien d'autres disciplines, ont vis\u00e9 \u00e0 enraciner l'individu; il lui faut un domicile et un nom. On a essay\u00e9, en cos\u00e9quence, de rechercher les difficult\u00e9s comme les origines et les fondements de cette d\u00e9marche int\u00e9gratrice, non moins que stabilisante. A partir de l\u00e0, on a propos\u00e9 une th\u00e9orie plus g\u00e9n\u00e9rale des \u00ab lieux \u00bb et des \u00ab emplacements \u00bb; on a notamment analys\u00e9 \u00ab la ville elle-m\u00eame \u00bb qui regroupe les hommes et les activit\u00e9s. Mieux, au risque de d\u00e9border, on est all\u00e9 jusqu'\u00e0 pr\u00e9coniser des plans pour les futures m\u00e9galopoles de la concentration.\r\nLa philosophie a peut-\u00eatre trop privil\u00e9gi\u00e9 le particulier et l'isol\u00e9, en m\u00eame temps que, parall\u00e8lement, le tourbillonnaire, l'itin\u00e9rance et la migration. A l'oppos\u00e9, on plaide ici pour la quantit\u00e9 (le ramassage et le resserrement) et pour le territoire. Les deux : le nombre et le lieu.","authors":["Dagognet Francois"],"category_codes":["9000000","9080000","9080700"],"visuals":{"large":"https:\/\/quaidesbrumes.com\/img\/book-placeholder.png","medium":"https:\/\/quaidesbrumes.com\/img\/book-placeholder.png","thumbnail":"https:\/\/quaidesbrumes.com\/img\/book-placeholder.png"},"orderable":true,"show_badge":true,"formatted_price":"28,00&nbsp;\u20ac","formatted_published_date":"3 mai 2000","publisher_availability_label":"Sur commande","short_details":"Dagognet Francois \u2014 Vrin","translator":null,"weight":200,"page_count":216,"readership":null,"editor":"Vrin","price":2800,"published_date":"2000-05-02T22:00:00.000000Z","support":"Grand format","publisher_availability":1,"stock":0,"editions":[],"url":"https:\/\/quaidesbrumes.com\/ouvrage\/9782711608690\/le-nombre-et-le-lieu"},{"id":"9782711608706","title":"Notes sur la philosophie en France au XIXe si\u00e8cle : De Maine de Biran \u00e0 Bergson","description":null,"authors":["Beaufret Jean"],"category_codes":["9000000","9080000","9080700"],"visuals":{"large":"https:\/\/quaidesbrumes.com\/img\/book-placeholder.png","medium":"https:\/\/quaidesbrumes.com\/img\/book-placeholder.png","thumbnail":"https:\/\/quaidesbrumes.com\/img\/book-placeholder.png"},"orderable":true,"show_badge":true,"formatted_price":"22,00&nbsp;\u20ac","formatted_published_date":"3 mai 2000","publisher_availability_label":"Sur commande","short_details":"Beaufret Jean \u2014 Vrin","translator":null,"weight":180,"page_count":136,"readership":null,"editor":"Vrin","price":2200,"published_date":"2000-05-02T22:00:00.000000Z","support":"Grand format","publisher_availability":1,"stock":0,"editions":[],"url":"https:\/\/quaidesbrumes.com\/ouvrage\/9782711608706\/notes-sur-la-philosophie-en-france-au-xixe-siecle-de-maine-de-biran-a-bergson"},{"id":"9782711608744","title":"Commentaire du Trait\u00e9 de l'\u00e2me d'Aristote","description":"La traduction \u00e9labor\u00e9e par G. Rodier se propose de rendre plus ais\u00e9e, \u00e0 ceux que pourraient rebuter les nombreuses difficult\u00e9s du texte, la lecture du De anima. Sans pr\u00e9tendre supplanter les \u00e9ditions classiques ni r\u00e9soudre les divergences d'interpr\u00e9tation, G. Rodier s'efforce de faire conna\u00eetre le De anima dans sa v\u00e9rit\u00e9 historique. Cet essai de traduction n'a en effet d'autre souci que de serrer d'aussi pr\u00e8s que possible le texte et la pens\u00e9e d'Aristote. S'il prend en compte les lumi\u00e8res nouvelles apport\u00e9es par les travaux de Bonitz, de Zeller, de Brentano, de Kampe, etc., Rodier ne cherche pourtant pas \u00e0 aplanir les incoh\u00e9rences de la doctrine psychologique d'Aristote. Les \u00e9l\u00e9ments d'explication avanc\u00e9s par le traducteur ont \u00e9t\u00e9 fournis, en premier lieu, par Aristote lui-m\u00eame. Bien souvent, en effet, c'est dans la M\u00e9taphysique, le De caelo ou le De sensu qu'il faut chercher les \u00e9claircissements n\u00e9cessaires \u00e0 l'intelligence des passages difficiles. Lorsque cette source a fait d\u00e9faut, Georges Rodier s'est adress\u00e9 aux commentateurs : Alexandre, Themistius, Simplicius, Sophonias, Th\u00e9ophraste. R\u00e9pondant \u00e0 un souci philologique et historique, cette traduction justifi\u00e9e du Trait\u00e9 de l'\u00e2me propose ainsi une lecture \u00e9pur\u00e9e, mais d'autant plus f\u00e9conde, de l'oeuvre d'Aristote.","authors":["Georges Rodier"],"category_codes":["9000000","9080000","9080400"],"visuals":{"large":"https:\/\/images.epagine.fr\/744\/9782711608744_1_75.jpg","medium":"https:\/\/images.epagine.fr\/744\/9782711608744_1_m.jpg","thumbnail":"https:\/\/images.epagine.fr\/744\/9782711608744_1_v.jpg"},"orderable":true,"show_badge":true,"formatted_price":"58,00&nbsp;\u20ac","formatted_published_date":"1er janvier 1985","publisher_availability_label":"Sur commande","short_details":"Georges Rodier \u2014 Vrin","translator":null,"weight":1201,"page_count":584,"readership":null,"editor":"Vrin","price":5800,"published_date":"1984-12-31T23:00:00.000000Z","support":"Grand format","publisher_availability":1,"stock":0,"editions":[],"url":"https:\/\/quaidesbrumes.com\/ouvrage\/9782711608744\/commentaire-du-traite-de-lame-daristote"},{"id":"9782711608782","title":"Comment dire l'\u00eatre?","description":"Les d\u00e9veloppements de la r\u00e9flexion contemporaine ont suscit\u00e9 un nouvel int\u00e9r\u00eat pour la pens\u00e9e d'Aristote. La ph\u00e9nom\u00e9nologie d'Edmund Husserl avait d\u00e8s l'entre-deux-geurres r\u00e9introduit une s\u00e9rie de notions empruunt\u00e9es \u00e0 la philosophie du Stagirite, au point de para\u00eetre renouer avec les d\u00e9veloppements de la scolastique aristot\u00e9licienne m\u00e9di\u00e9vale.\r\nLes \u00e9tudes d'Andr\u00e9 de Muralt r\u00e9unies dans ce recueils s'attachent \u00e0 l'interpr\u00e9tation de la m\u00e9taphysique d'Aristote. L'interrogation soulev\u00e9e a une port\u00e9e imm\u00e9diatement m\u00e9taphysique, et tout aussi bien critique, logique et linguistique. Elle d\u00e9termine le domaine d'une onto-logie, dont la m\u00e9taphysique aristot\u00e9licienne est, parall\u00e8lement \u00e0 la dialectique platonicienne, l'une des manifestations exemplaires.\r\nAnalys\u00e9e dans son rapport \u00e0 la ph\u00e9nom\u00e9nologie husserlienne, \u00e0 l'ontologie heideggerienne et \u00e0 la philosophie analytique du langage, la m\u00e9taphysique aristot\u00e9licienne peut ainsi s'ins\u00e9rer dans le d\u00e9bat contemporain et l'\u00e9clairer.","authors":["Muralt Andre De"],"category_codes":["9000000","9080000","9080500"],"visuals":{"large":"https:\/\/quaidesbrumes.com\/img\/book-placeholder.png","medium":"https:\/\/quaidesbrumes.com\/img\/book-placeholder.png","thumbnail":"https:\/\/quaidesbrumes.com\/img\/book-placeholder.png"},"orderable":true,"show_badge":true,"formatted_price":"28,00&nbsp;\u20ac","formatted_published_date":"11 juillet 2000","publisher_availability_label":"Sur commande","short_details":"Muralt Andre De \u2014 Vrin","translator":null,"weight":300,"page_count":210,"readership":null,"editor":"Vrin","price":2800,"published_date":"2000-07-10T22:00:00.000000Z","support":"Grand format","publisher_availability":1,"stock":0,"editions":[],"url":"https:\/\/quaidesbrumes.com\/ouvrage\/9782711608782\/comment-dire-letre"},{"id":"9782711608829","title":"Francis Bacon: science et m\u00e9thode","description":null,"authors":["Malherbe Michel"],"category_codes":["9000000","9080000","9080600"],"visuals":{"large":"https:\/\/images.epagine.fr\/829\/9782711608829_1_75.jpg","medium":"https:\/\/images.epagine.fr\/829\/9782711608829_1_m.jpg","thumbnail":"https:\/\/images.epagine.fr\/829\/9782711608829_1_v.jpg"},"orderable":true,"show_badge":true,"formatted_price":"27,00&nbsp;\u20ac","formatted_published_date":"7 octobre 2002","publisher_availability_label":"Sur commande","short_details":"Malherbe Michel \u2014 Vrin","translator":null,"weight":295,"page_count":208,"readership":null,"editor":"Vrin","price":2700,"published_date":"2002-10-06T22:00:00.000000Z","support":"Grand format","publisher_availability":1,"stock":0,"editions":[],"url":"https:\/\/quaidesbrumes.com\/ouvrage\/9782711608829\/francis-bacon-science-et-methode"},{"id":"9782711608836","title":"Histoire et stucture : A la m\u00e9moire de Victor Goldschmidt","description":null,"authors":[],"category_codes":["9000000","9080000","9080400"],"visuals":{"large":"https:\/\/quaidesbrumes.com\/img\/book-placeholder.png","medium":"https:\/\/quaidesbrumes.com\/img\/book-placeholder.png","thumbnail":"https:\/\/quaidesbrumes.com\/img\/book-placeholder.png"},"orderable":true,"show_badge":true,"formatted_price":"36,00&nbsp;\u20ac","formatted_published_date":"7 octobre 2002","publisher_availability_label":"Sur commande","short_details":"Vrin","translator":null,"weight":520,"page_count":334,"readership":null,"editor":"Vrin","price":3600,"published_date":"2002-10-06T22:00:00.000000Z","support":"Grand format","publisher_availability":1,"stock":0,"editions":[],"url":"https:\/\/quaidesbrumes.com\/ouvrage\/9782711608836\/histoire-et-stucture-a-la-memoire-de-victor-goldschmidt"},{"id":"9782711608843","title":"Archives d'Histoire litteraire et doctrinale du Moyen-Age LI - 1984","description":null,"authors":["Vrin"],"category_codes":["9000000","9080000","9080500"],"visuals":{"large":"https:\/\/quaidesbrumes.com\/img\/book-placeholder.png","medium":"https:\/\/quaidesbrumes.com\/img\/book-placeholder.png","thumbnail":"https:\/\/quaidesbrumes.com\/img\/book-placeholder.png"},"orderable":true,"show_badge":true,"formatted_price":"57,00&nbsp;\u20ac","formatted_published_date":"29 juin 1999","publisher_availability_label":"Sur commande","short_details":"Vrin \u2014 Vrin","translator":null,"weight":550,"page_count":314,"readership":null,"editor":"Vrin","price":5700,"published_date":"1999-06-28T22:00:00.000000Z","support":"Grand format","publisher_availability":1,"stock":0,"editions":[],"url":"https:\/\/quaidesbrumes.com\/ouvrage\/9782711608843\/archives-dhistoire-litteraire-et-doctrinale-du-moyen-age-li-1984"},{"id":"9782711608867","title":"Les corps immateriels : Esprits et images dans l'oeuvre de Marin Cureau de la Chambre (1594-1669)","description":null,"authors":["Darmon Albert"],"category_codes":["9000000","9080000","9080600","9080602"],"visuals":{"large":"https:\/\/quaidesbrumes.com\/img\/book-placeholder.png","medium":"https:\/\/quaidesbrumes.com\/img\/book-placeholder.png","thumbnail":"https:\/\/quaidesbrumes.com\/img\/book-placeholder.png"},"orderable":true,"show_badge":true,"formatted_price":"29,00&nbsp;\u20ac","formatted_published_date":"7 octobre 2002","publisher_availability_label":"Sur commande","short_details":"Darmon Albert \u2014 Vrin","translator":null,"weight":350,"page_count":174,"readership":null,"editor":"Vrin","price":2900,"published_date":"2002-10-06T22:00:00.000000Z","support":"Grand format","publisher_availability":1,"stock":0,"editions":[],"url":"https:\/\/quaidesbrumes.com\/ouvrage\/9782711608867\/les-corps-immateriels-esprits-et-images-dans-loeuvre-de-marin-cureau-de-la-chambre-1594-1669"},{"id":"9782711608881","title":"Introduction \u00e0 l'Opus Metaphysicum de Christian Wolff","description":null,"authors":["Ecole Jean"],"category_codes":["9000000","9080000","9080600"],"visuals":{"large":"https:\/\/quaidesbrumes.com\/img\/book-placeholder.png","medium":"https:\/\/quaidesbrumes.com\/img\/book-placeholder.png","thumbnail":"https:\/\/quaidesbrumes.com\/img\/book-placeholder.png"},"orderable":true,"show_badge":true,"formatted_price":"29,00&nbsp;\u20ac","formatted_published_date":"7 octobre 2002","publisher_availability_label":"Sur commande","short_details":"Ecole Jean \u2014 Vrin","translator":null,"weight":350,"page_count":240,"readership":null,"editor":"Vrin","price":2900,"published_date":"2002-10-06T22:00:00.000000Z","support":"Grand format","publisher_availability":1,"stock":0,"editions":[],"url":"https:\/\/quaidesbrumes.com\/ouvrage\/9782711608881\/introduction-a-lopus-metaphysicum-de-christian-wolff"},{"id":"9782711608904","title":"Le philosophe-roi et le roi-philosophe ; la th\u00e9orie des affaires publiques","description":null,"authors":["Christian Wolff"],"category_codes":["9000000","9080000","9080200","9080204"],"visuals":{"large":"https:\/\/images.epagine.fr\/904\/9782711608904_1_75.jpg","medium":"https:\/\/images.epagine.fr\/904\/9782711608904_1_m.jpg","thumbnail":"https:\/\/images.epagine.fr\/904\/9782711608904_1_v.jpg"},"orderable":true,"show_badge":true,"formatted_price":"25,00&nbsp;\u20ac","formatted_published_date":"7 octobre 2002","publisher_availability_label":"Sur commande","short_details":"Christian Wolff \u2014 Vrin","translator":null,"weight":271,"page_count":205,"readership":null,"editor":"Vrin","price":2500,"published_date":"2002-10-06T22:00:00.000000Z","support":"Grand format","publisher_availability":1,"stock":0,"editions":[],"url":"https:\/\/quaidesbrumes.com\/ouvrage\/9782711608904\/le-philosophe-roi-et-le-roi-philosophe-la-theorie-des-affaires-publiques"},{"id":"9782711608935","title":"L'\u00c9tat baroque : Regards sur la pens\u00e9e politique de la France du premier XVIIe si\u00e8cle (1610-1652)","description":"Des philosophes et des historiens ont cherch\u00e9s \u00e0 rendre compte dans cet ouvrage des discours et des formes de l'\u00c9tat baroque en France, un \u00c9tat qui se constitue dans son cheminement centralisateur, dans sa soif d'absolutisme. Il \u00e9chappe, d\u00e8s les moments de son instauration, aux r\u00e8gles jusqu'alors admises.\r\n\u00c9tat encore instable, roi cavalier en errance, combinaison de forces contradictoires, nulle apparence ne peut masquer une r\u00e9alit\u00e9 : le triomphe de la monarchie absolue. Ce livre nous fait assister \u00e0 la naissance du L\u00e9viathan.","authors":["Robinet"],"category_codes":["9000000","9080000","9080600"],"visuals":{"large":"https:\/\/quaidesbrumes.com\/img\/book-placeholder.png","medium":"https:\/\/quaidesbrumes.com\/img\/book-placeholder.png","thumbnail":"https:\/\/quaidesbrumes.com\/img\/book-placeholder.png"},"orderable":true,"show_badge":true,"formatted_price":"56,00&nbsp;\u20ac","formatted_published_date":"8 novembre 1990","publisher_availability_label":"Sur commande","short_details":"Robinet \u2014 Vrin","translator":null,"weight":960,"page_count":540,"readership":null,"editor":"Vrin","price":5600,"published_date":"1990-11-07T23:00:00.000000Z","support":"Grand format","publisher_availability":1,"stock":0,"editions":[],"url":"https:\/\/quaidesbrumes.com\/ouvrage\/9782711608935\/letat-baroque-regards-sur-la-pensee-politique-de-la-france-du-premier-xviie-siecle-1610-1652"},{"id":"9782711608959","title":"Archives d'Histoire litteraire et doctrinale du Moyen-Age LII - 1985","description":null,"authors":["Vrin"],"category_codes":["9000000","9080000","9080500"],"visuals":{"large":"https:\/\/quaidesbrumes.com\/img\/book-placeholder.png","medium":"https:\/\/quaidesbrumes.com\/img\/book-placeholder.png","thumbnail":"https:\/\/quaidesbrumes.com\/img\/book-placeholder.png"},"orderable":true,"show_badge":true,"formatted_price":"57,00&nbsp;\u20ac","formatted_published_date":"29 juin 1999","publisher_availability_label":"Sur commande","short_details":"Vrin \u2014 Vrin","translator":null,"weight":480,"page_count":286,"readership":null,"editor":"Vrin","price":5700,"published_date":"1999-06-28T22:00:00.000000Z","support":"Grand format","publisher_availability":1,"stock":0,"editions":[],"url":"https:\/\/quaidesbrumes.com\/ouvrage\/9782711608959\/archives-dhistoire-litteraire-et-doctrinale-du-moyen-age-lii-1985"},{"id":"9782711608966","title":"Discours de l'errance amoureuse : Une lecture du Canzioniere de Pontus de Tyard","description":null,"authors":["Carron Jean-Claude"],"category_codes":["9000000","9080000","9080600","9080602"],"visuals":{"large":"https:\/\/quaidesbrumes.com\/img\/book-placeholder.png","medium":"https:\/\/quaidesbrumes.com\/img\/book-placeholder.png","thumbnail":"https:\/\/quaidesbrumes.com\/img\/book-placeholder.png"},"orderable":true,"show_badge":true,"formatted_price":"25,00&nbsp;\u20ac","formatted_published_date":"7 octobre 2002","publisher_availability_label":"Sur commande","short_details":"Carron Jean-Claude \u2014 Vrin","translator":null,"weight":390,"page_count":200,"readership":null,"editor":"Vrin","price":2500,"published_date":"2002-10-06T22:00:00.000000Z","support":"Grand format","publisher_availability":1,"stock":0,"editions":[],"url":"https:\/\/quaidesbrumes.com\/ouvrage\/9782711608966\/discours-de-lerrance-amoureuse-une-lecture-du-canzioniere-de-pontus-de-tyard"},{"id":"9782711608980","title":"Le droit naturel de Hegel (1802-1803) : Commentaire","description":null,"authors":["Bourgeois Bernard"],"category_codes":["9000000","9080000","9080600"],"visuals":{"large":"https:\/\/images.epagine.fr\/980\/9782711608980_1_75.jpg","medium":"https:\/\/images.epagine.fr\/980\/9782711608980_1_m.jpg","thumbnail":"https:\/\/images.epagine.fr\/980\/9782711608980_1_v.jpg"},"orderable":true,"show_badge":true,"formatted_price":"69,00&nbsp;\u20ac","formatted_published_date":"3 mai 2000","publisher_availability_label":"Sur commande","short_details":"Bourgeois Bernard \u2014 Vrin","translator":null,"weight":785,"page_count":668,"readership":null,"editor":"Vrin","price":6900,"published_date":"2000-05-02T22:00:00.000000Z","support":"Grand format","publisher_availability":1,"stock":0,"editions":[],"url":"https:\/\/quaidesbrumes.com\/ouvrage\/9782711608980\/le-droit-naturel-de-hegel-1802-1803-commentaire"},{"id":"9782711608997","title":"Heidegger et paroles de l'origine","description":"Phusis, Al\u00e8th\u00e9ia, Khr\u00e9on, Mo\u00efra, Logos : tels sont les Grundworte, ces \"paroles fondamentales\" qui inaugur\u00e8rent notre destin, et dont Heidegger d\u00e9voile le double statut : ouvrant le commencement, elles abritent l'origine; donnant le branle \u00e0 l'histoire manifeste de la pens\u00e9e, elles restent en m\u00eame temps porteuses de son versant secret, et toujours oubli\u00e9. C'est ce versant secret qui est ici explor\u00e9, faisant de ce livre la patiente reconstitution du texte de l'origine.\r\nTexte essentiel, puisque ce n'est que lorsqu'il est r\u00e9tabli que notre histoire, enfin rendue \u00e0 elle-m\u00eame, peut trouver sa cl\u00f4ture; que la \"question de l'\u00eatre\", enfin pens\u00e9e comme question, peut \u00eatre abandonn\u00e9e. C'est dire que l'oeuvre heideggerienne conna\u00eet un double tournant : le premier permet \u00e0 la pens\u00e9e de s'engager dans la question de l'\u00eatre comme histoire; le second lui permet de se d\u00e9gager de cette m\u00eame question, et de clore l'histoire. De ces deux ruptures, l'une pr\u00e9coce et assez g\u00e9n\u00e9ralement reconnue, est celle de la Kehre, l'autre, tardive et plus m\u00e9connue, est celle de l'Ereignis.","authors":["Marl\u00e8ne Zarader"],"category_codes":["9000000","9080000","9080200","9080204"],"visuals":{"large":"https:\/\/images.epagine.fr\/997\/9782711608997_1_75.jpg","medium":"https:\/\/images.epagine.fr\/997\/9782711608997_1_m.jpg","thumbnail":"https:\/\/images.epagine.fr\/997\/9782711608997_1_v.jpg"},"orderable":true,"show_badge":true,"formatted_price":"35,00&nbsp;\u20ac","formatted_published_date":"3 mai 2000","publisher_availability_label":"Sur commande","short_details":"Marl\u00e8ne Zarader \u2014 Vrin","translator":null,"weight":504,"page_count":390,"readership":null,"editor":"Vrin","price":3500,"published_date":"2000-05-02T22:00:00.000000Z","support":"Grand format","publisher_availability":1,"stock":0,"editions":[],"url":"https:\/\/quaidesbrumes.com\/ouvrage\/9782711608997\/heidegger-et-paroles-de-lorigine"},{"id":"9782711609024","title":"Blaise Pascal: conversion et apolog\u00e9tique","description":null,"authors":["Gouhier Henri"],"category_codes":["9000000","9080000","9080600"],"visuals":{"large":"https:\/\/quaidesbrumes.com\/img\/book-placeholder.png","medium":"https:\/\/quaidesbrumes.com\/img\/book-placeholder.png","thumbnail":"https:\/\/quaidesbrumes.com\/img\/book-placeholder.png"},"orderable":true,"show_badge":true,"formatted_price":"36,00&nbsp;\u20ac","formatted_published_date":"3 mai 2000","publisher_availability_label":"Sur commande","short_details":"Gouhier Henri \u2014 Vrin","translator":null,"weight":490,"page_count":268,"readership":null,"editor":"Vrin","price":3600,"published_date":"2000-05-02T22:00:00.000000Z","support":"Grand format","publisher_availability":1,"stock":0,"editions":[],"url":"https:\/\/quaidesbrumes.com\/ouvrage\/9782711609024\/blaise-pascal-conversion-et-apologetique"},{"id":"9782711609093","title":"Le mod\u00e8le \u00e0 la Renaissance","description":null,"authors":["Balavoine C."],"category_codes":["9000000","9080000","9080600","9080602"],"visuals":{"large":"https:\/\/quaidesbrumes.com\/img\/book-placeholder.png","medium":"https:\/\/quaidesbrumes.com\/img\/book-placeholder.png","thumbnail":"https:\/\/quaidesbrumes.com\/img\/book-placeholder.png"},"orderable":true,"show_badge":true,"formatted_price":"23,00&nbsp;\u20ac","formatted_published_date":"7 octobre 2002","publisher_availability_label":"Sur commande","short_details":"Balavoine C. \u2014 Vrin","translator":null,"weight":460,"page_count":228,"readership":null,"editor":"Vrin","price":2300,"published_date":"2002-10-06T22:00:00.000000Z","support":"Grand format","publisher_availability":1,"stock":0,"editions":[],"url":"https:\/\/quaidesbrumes.com\/ouvrage\/9782711609093\/le-modele-a-la-renaissance"}]}