{"data":[{"id":"9782742787609","title":"La mort \u00e0 Lubeck","description":"Apr\u00e8s la mort de son oncle Hans, inexplicablement assassin\u00e9 \u00e0 Lubeck, Max tente de rassembler les pi\u00e8ces du puzzle.\r\nDe l'Allemagne hans\u00e9atique \u00e0 la Lorraine \"d\u00e9sindustrialis\u00e9e\", un projecteur \u00e0 la lumi\u00e8re crue balaie les d\u00e9tours d'une existence myst\u00e9rieuse. Une double voire triple vie, o\u00f9 se croisent d'\u00e9tranges compagnonnages arm\u00e9s, les livres des fr\u00e8res Mann, Thomas et Heinrich, et bien d'autres \u00e9l\u00e9ments complexes, tels ces tueurs qui se lancent aux trousses de Max jusque dans les couloirs les plus m\u00e9connus du m\u00e9tro parisien.\r\nAm\u00e8re, vertigineuse, poignante, la course poursuite peut-elle tourner autrement qu'au jeu de massacre ? Reprenant les meilleurs \u00e9l\u00e9ments du n\u00e9opolar des ann\u00e9es quatre-vingt, petites gens et grands politiques, La Mort \u00e0 Lubeck les passe au fin tamis d'une modernit\u00e9 plus froide, plus dure, mais aussi plus sensible.","authors":["Anne Secret"],"category_codes":["90000000","90010000"],"visuals":{"large":"https:\/\/images.epagine.fr\/609\/9782742787609_1_75.jpg","medium":"https:\/\/images.epagine.fr\/609\/9782742787609_1_m.jpg","thumbnail":"https:\/\/images.epagine.fr\/609\/9782742787609_1_v.jpg"},"orderable":true,"show_badge":true,"formatted_price":"8,20&nbsp;\u20ac","formatted_published_date":"7 novembre 2009","publisher_availability_label":"Sur commande","short_details":"Anne Secret \u2014 Actes Sud","translator":null,"weight":186,"page_count":242,"readership":null,"editor":"Actes Sud","price":820,"published_date":"2009-11-06T23:00:00.000000Z","support":"Poche","publisher_availability":1,"stock":0,"editions":[],"url":"https:\/\/quaidesbrumes.com\/ouvrage\/9782742787609\/la-mort-a-lubeck"},{"id":"9789524210713","title":"Dernier mot","description":"Qui a tu\u00e9 Marguerite?\r\nHenry a \u00e9t\u00e9 condamn\u00e9 pour avoir assassin\u00e9 sa ma\u00eetresse Marguerite. Il clame pourtant son innocence \u00e0 cor et \u00e0 cri.\r\nDepuis sa cellule, il reprend contact avec son ex-\u00e9pouse Ana\u00efs qui, malgr\u00e9 le lourd passif qu'il y a entre eux, accepte de l'aider \u00e0 d\u00e9couvrir qui est le v\u00e9ritable coupable. D\u00e9bute alors une longue correspondance qui va les entra\u00eener, d'hypoth\u00e8ses en espoirs d\u00e9\u00e7us, \u00e0 bon nombre de d\u00e9couvertes toutes plus perturbantes les unes que les autres. Jusqu'\u00e0 ce que la v\u00e9rit\u00e9 \u00e9clate enfin. Une v\u00e9rit\u00e9 tout aussi d\u00e9sesp\u00e9rante qu'inattendue.","authors":["Fran\u00e7ois Deseine","Sandra Bassano"],"category_codes":["90000000","90010000"],"visuals":{"large":"https:\/\/images.epagine.fr\/713\/9789524210713_1_75.jpg","medium":"https:\/\/images.epagine.fr\/713\/9789524210713_1_m.jpg","thumbnail":"https:\/\/images.epagine.fr\/713\/9789524210713_1_v.jpg"},"orderable":true,"show_badge":true,"formatted_price":"14,00&nbsp;\u20ac","formatted_published_date":"22 novembre 2025","publisher_availability_label":"Sur commande","short_details":"Fran\u00e7ois Deseine, Sandra Bassano \u2014 Atramenta","translator":null,"weight":170,"page_count":164,"readership":null,"editor":"Atramenta","price":1400,"published_date":"2025-11-21T23:00:00.000000Z","support":"Grand format","publisher_availability":1,"stock":0,"editions":[],"url":"https:\/\/quaidesbrumes.com\/ouvrage\/9789524210713\/dernier-mot"},{"id":"9782490165285","title":"CR\u00c9SUS DES GOUDES","description":null,"authors":["Sylvain Dunevon"],"category_codes":["90000000","90010000"],"visuals":{"large":"https:\/\/images.epagine.fr\/285\/9782490165285_1_75.jpg","medium":"https:\/\/images.epagine.fr\/285\/9782490165285_1_m.jpg","thumbnail":"https:\/\/images.epagine.fr\/285\/9782490165285_1_v.jpg"},"orderable":true,"show_badge":true,"formatted_price":"15,00&nbsp;\u20ac","formatted_published_date":"25 novembre 2025","publisher_availability_label":"Sur commande","short_details":"Sylvain Dunevon \u2014 D'Un Autre Ailleurs","translator":null,"weight":250,"page_count":224,"readership":null,"editor":"D'Un Autre Ailleurs","price":1500,"published_date":"2025-11-24T23:00:00.000000Z","support":"Grand format","publisher_availability":1,"stock":0,"editions":[],"url":"https:\/\/quaidesbrumes.com\/ouvrage\/9782490165285\/cresus-des-goudes"},{"id":"9782915291377","title":"Fitzpatrick","description":"Fitzpatrick est entr\u00e9 dans ce bar lounge sans intention autre que celle de siroter paisiblement un cognac. Sur un sous-bock, le t\u00e9lephone d'une cartomancienne. Elle se d\u00e9place sur simple appel. Apr\u00e8s tout, \u00e7a ne peut pas faire de mal... pense-t-il. Erreur ! \u00c7a peut faire mal. Tr\u00e8s mal...","authors":["S\u00e9bastien Gendron","Nathyi"],"category_codes":["90000000","90010000"],"visuals":{"large":"https:\/\/images.epagine.fr\/377\/9782915291377_1_75.jpg","medium":"https:\/\/images.epagine.fr\/377\/9782915291377_1_m.jpg","thumbnail":"https:\/\/images.epagine.fr\/377\/9782915291377_1_v.jpg"},"orderable":true,"show_badge":true,"formatted_price":"8,00&nbsp;\u20ac","formatted_published_date":"12 juin 2025","publisher_availability_label":"Sur commande","short_details":"S\u00e9bastien Gendron, Nathyi \u2014 Zinc Editions","translator":null,"weight":50,"page_count":6,"readership":"Tout public","editor":"Zinc Editions","price":800,"published_date":"2025-06-11T22:00:00.000000Z","support":"Coffret \/ Bo&icirc;te","publisher_availability":1,"stock":0,"editions":[],"url":"https:\/\/quaidesbrumes.com\/ouvrage\/9782915291377\/fitzpatrick"},{"id":"9782955282168","title":"8 - sept peches et un acte d'amour","description":null,"authors":["Schneider L R (."],"category_codes":["90000000","90020000"],"visuals":{"large":"https:\/\/quaidesbrumes.com\/img\/book-placeholder.png","medium":"https:\/\/quaidesbrumes.com\/img\/book-placeholder.png","thumbnail":"https:\/\/quaidesbrumes.com\/img\/book-placeholder.png"},"orderable":false,"show_badge":true,"formatted_price":"8,00&nbsp;\u20ac","formatted_published_date":null,"publisher_availability_label":"\u00c0 para\u00eetre","short_details":"Schneider L R (. \u2014 Lawren Schneider","translator":null,"weight":230,"page_count":null,"readership":null,"editor":"Lawren Schneider","price":800,"published_date":null,"support":"Grand format","publisher_availability":2,"stock":0,"editions":[],"url":"https:\/\/quaidesbrumes.com\/ouvrage\/9782955282168\/8-sept-peches-et-un-acte-damour"},{"id":"9782366372045","title":"Les enqu\u00eates du d\u00e9partement V Tome 1 : Mis\u00e9ricorde","description":"Pourquoi Merete Lynggaard croupit-elle dans une cage depuis des ann\u00e9es ? Pour quelle raison ses bourreaux s'acharnent-ils sur la jeune femme ? Cinq ans auparavant, la soudaine disparition de celle qui incarnait l'avenir politique du Danemark avait fait couler beaucoup d'encre. Mais, faute d'indices, la police avait class\u00e9 l'affaire. Jusqu'\u00e0 l'intervention des improbables Carl M\u00f8rck et Hahfez al-Assad du D\u00e9partement V, un flic sur la touche et son assistant d'origine syrienne. Pour eux, pas de cold case... Couronn\u00e9 par les prix scandinaves les plus prestigieux, le thriller de Jussi Adler-Olsen, premi\u00e8re enqu\u00eate de l'inspecteur M\u00f8rck, est un v\u00e9ritable ph\u00e9nom\u00e8ne d'\u00e9dition mondial. Prix du Meilleur Polar Scandinave. Grand Prix des Lectrices de Elle Policier. Prix des lecteurs du Livre de Poche Policier.\r\n","authors":["Jussi Adler-Olsen"],"category_codes":["90000000","90020000"],"visuals":{"large":"https:\/\/images.epagine.fr\/045\/9782366372045_1_75.jpg","medium":"https:\/\/images.epagine.fr\/045\/9782366372045_1_m.jpg","thumbnail":"https:\/\/images.epagine.fr\/045\/9782366372045_1_v.jpg"},"orderable":true,"show_badge":true,"formatted_price":"23,90&nbsp;\u20ac","formatted_published_date":"10 septembre 2025","publisher_availability_label":"Sur commande","short_details":"Jussi Adler-Olsen \u2014 \u00c9ditions VDB","translator":null,"weight":850,"page_count":728,"readership":null,"editor":"\u00c9ditions VDB","price":2390,"published_date":"2025-09-09T22:00:00.000000Z","support":"Grand format","publisher_availability":1,"stock":0,"editions":[],"url":"https:\/\/quaidesbrumes.com\/ouvrage\/9782366372045\/les-enquetes-du-departement-v-tome-1-misericorde"},{"id":"9782385802028","title":"Perc\u00e9 illusion : Le fleuve s'en va-t'en mer","description":"Qu\u00e9bec, 1988. Marie Mauve, sc\u00e9nariste \u00e0 la vie en apparence tranquille, re\u00e7oit un matin la visite d'un m\u00e9decin l\u00e9giste porteur d'une convocation. Le coroner souhaite l'entendre dans le cadre d'une enqu\u00eate sur la mort de Maury Vidal, haut fonctionnaire retrouv\u00e9 dans les bois de l'arri\u00e8re-pays de Perc\u00e9. Tout semble alors class\u00e9... Pourtant, rien ne s'\u00e9claire. Sur la liste des t\u00e9moins, cinq noms, cinq pr\u00e9sences sur les lieux du drame. Parmi eux se trouve Marie, d\u00e9sormais entra\u00een\u00e9e dans les remous d'une affaire qui la d\u00e9passe. Peu \u00e0 peu, elle cherche \u00e0 comprendre ce qui relie Vidal \u00e0 cette r\u00e9gion rude, \u00e0 ces terres revendiqu\u00e9es par les Micmacs, \u00e0 ces lettres surgies d'un autre temps, d'une autre rive oc\u00e9ane.\r\nEntre secrets d'\u00c9tat, drames familiaux et m\u00e9moires enfouies, Annette Viel offre au lecteur un r\u00e9cit o\u00f9 la complexit\u00e9 des existences se d\u00e9voile dans l'\u00e9cho qu'elles laissent au coeur des territoires d'ici et d'ailleurs. Port\u00e9 par l'atmosph\u00e8re brute de la Gasp\u00e9sie et une \u00e9criture toute en finesse, ce r\u00e9cit habit\u00e9 trouve son \u00e9quilibre entre tension narrative et profondeur psychologique.","authors":["Annette Viel"],"category_codes":["90000000","90010000","90010200"],"visuals":{"large":"https:\/\/images.epagine.fr\/028\/9782385802028_1_75.jpg","medium":"https:\/\/images.epagine.fr\/028\/9782385802028_1_m.jpg","thumbnail":"https:\/\/images.epagine.fr\/028\/9782385802028_1_v.jpg"},"orderable":true,"show_badge":true,"formatted_price":"21,80&nbsp;\u20ac","formatted_published_date":"1er d\u00e9cembre 2025","publisher_availability_label":"Sur commande","short_details":"Annette Viel \u2014 JETS D'ENCRE","translator":null,"weight":343,"page_count":null,"readership":null,"editor":"JETS D'ENCRE","price":2180,"published_date":"2025-11-30T23:00:00.000000Z","support":"Grand format","publisher_availability":1,"stock":0,"editions":[],"url":"https:\/\/quaidesbrumes.com\/ouvrage\/9782385802028\/perce-illusion-le-fleuve-sen-va-ten-mer"},{"id":"9782386750205","title":"Meurtres au champagne","description":"Des jeunes filles sont sauvagement assassin\u00e9es, ligot\u00e9es et baillonn\u00e9es avec un bouchon de champagne dans la bouche. Dans cette Normandie myst\u00e9rieuse, le criminel est-il un d\u00e9ment dangereux, un pervers, un amant \u00e9conduit ou le membre d'une secte religieuse \u00e9tonnamment pr\u00e9sente ?\r\nAfin de l'aider \u00e0 solutionner cette intrigue, le lieutenant Guy Gibert fait appel au flair l\u00e9gendaire de Karl Rosse, son ancien commissaire, depuis peu \u00e0 la retraite.","authors":["Jean-Fran\u00e7ois Rottier"],"category_codes":["90000000","90010000"],"visuals":{"large":"https:\/\/images.epagine.fr\/205\/9782386750205_1_75.jpg","medium":"https:\/\/images.epagine.fr\/205\/9782386750205_1_m.jpg","thumbnail":"https:\/\/images.epagine.fr\/205\/9782386750205_1_v.jpg"},"orderable":true,"show_badge":true,"formatted_price":"15,00&nbsp;\u20ac","formatted_published_date":"1er d\u00e9cembre 2025","publisher_availability_label":"Sur commande","short_details":"Jean-Fran\u00e7ois Rottier \u2014 Editions Encre Rouge","translator":null,"weight":154,"page_count":139,"readership":null,"editor":"Editions Encre Rouge","price":1500,"published_date":"2025-11-30T23:00:00.000000Z","support":"Grand format","publisher_availability":1,"stock":0,"editions":[],"url":"https:\/\/quaidesbrumes.com\/ouvrage\/9782386750205\/meurtres-au-champagne"},{"id":"9791040575627","title":"L'\u00c9ph\u00e9m\u00e8re","description":"Ils l'appellent l'\u00c9ph\u00e9m\u00e8re. Officiellement, c'est une \u00eele inhabit\u00e9e, perdue dans les eaux internationales. En r\u00e9alit\u00e9, c'est un sanctuaire pour les criminels, les parias et les trafics les plus obscurs. Chaque ann\u00e9e, une vente aux ench\u00e8res y attire des collectionneurs venus du monde entier, pr\u00eats \u00e0 tout pour acqu\u00e9rir des artefacts occultes et autres \u00e9tranget\u00e9s. Lorsque sept fillettes disparaissent myst\u00e9rieusement, le Centre, une organisation secr\u00e8te, envoie l'agent Martha Ortega en infiltration. D\u00e9guis\u00e9e en trafiquante d'armes, elle p\u00e9n\u00e8tre dans un univers o\u00f9 les lois sont r\u00e9\u00e9crites, o\u00f9 les vivants pactisent avec l'ombre, et o\u00f9 le Hangman, tueur de masse mythique, r\u00f4de encore. Pour survivre, Martha devra affronter l'horreur, remettre en question ses croyances... et affronter la v\u00e9ritable nature de l'\u00c9ph\u00e9m\u00e8re. L'\u00c9ph\u00e9m\u00e8re vous ouvre ses portes. Saurez-vous en ressortir ?","authors":["Martin Guillaume"],"category_codes":["90000000","90020000"],"visuals":{"large":"https:\/\/images.epagine.fr\/627\/9791040575627_1_75.jpg","medium":"https:\/\/images.epagine.fr\/627\/9791040575627_1_m.jpg","thumbnail":"https:\/\/images.epagine.fr\/627\/9791040575627_1_v.jpg"},"orderable":true,"show_badge":true,"formatted_price":"15,90&nbsp;\u20ac","formatted_published_date":"21 mai 2025","publisher_availability_label":"Sur commande","short_details":"Martin Guillaume \u2014 Librinova","translator":null,"weight":230,"page_count":190,"readership":null,"editor":"Librinova","price":1590,"published_date":"2025-05-20T22:00:00.000000Z","support":"Grand format","publisher_availability":1,"stock":0,"editions":[],"url":"https:\/\/quaidesbrumes.com\/ouvrage\/9791040575627\/lephemere"},{"id":"9791090126336","title":"Cartographie des ecchymoses","description":null,"authors":["Koppe Martin"],"category_codes":["90000000","90010000","90010500"],"visuals":{"large":"https:\/\/quaidesbrumes.com\/img\/book-placeholder.png","medium":"https:\/\/quaidesbrumes.com\/img\/book-placeholder.png","thumbnail":"https:\/\/quaidesbrumes.com\/img\/book-placeholder.png"},"orderable":false,"show_badge":true,"formatted_price":"15,00&nbsp;\u20ac","formatted_published_date":null,"publisher_availability_label":"\u00c0 para\u00eetre","short_details":"Koppe Martin \u2014 Astobelarra","translator":null,"weight":300,"page_count":null,"readership":null,"editor":"Astobelarra","price":1500,"published_date":null,"support":"Grand format","publisher_availability":2,"stock":0,"editions":[],"url":"https:\/\/quaidesbrumes.com\/ouvrage\/9791090126336\/cartographie-des-ecchymoses"},{"id":"9782373970531","title":"Ultime \u00e9preuve : \u00e9nigme polici\u00e8re au temps des guerres de Religion","description":"Qui diable avait int\u00e9r\u00eat \u00e0 tuer le compagnon du ma\u00eetre imprimeur Maillet ? Crime crapuleux, r\u00e8glement de compte ? Qui en voulait \u00e0 cet homme venu de la Rochelle, o\u00f9 couvent d\u00e9j\u00e0 les troubles de la guerre ?\r\nUn an apr\u00e8s le Crime du Fen\u00eat qui secoua Saumur, \u00ab la petite Gen\u00e8ve \u00bb, le lieutenant criminel Pierre Peloup, charg\u00e9 de maintenir l'ordre et la justice en sa bonne ville, se trouve \u00e0 nouveau confront\u00e9 \u00e0 un complot. Son enqu\u00eate, cette fois, le m\u00e8ne dans le monde de l'imprimerie qui en ce XVIIe si\u00e8cle vit un \u00e2ge d'or \u00e0 l'ombre de l'Acad\u00e9mie protestante.\r\n S'il veut \u00e9pargner \u00e0 Saumur les graves conflit que d'autres veulent y d\u00e9clencher, Pierre Peloup devra \u00e9lucider sans tarder une affaire \u00e9trange, tandis que dans l'ombre s'agitent l'\u00e9tranges personnages...","authors":["Jean-Luc Houdu"],"category_codes":["90000000","90010000","90010200"],"visuals":{"large":"https:\/\/images.epagine.fr\/531\/9782373970531_1_75.jpg","medium":"https:\/\/images.epagine.fr\/531\/9782373970531_1_m.jpg","thumbnail":"https:\/\/images.epagine.fr\/531\/9782373970531_1_v.jpg"},"orderable":true,"show_badge":true,"formatted_price":"14,00&nbsp;\u20ac","formatted_published_date":"28 juin 2017","publisher_availability_label":"Sur commande","short_details":"Jean-Luc Houdu \u2014 Feuillage","translator":null,"weight":284,"page_count":260,"readership":null,"editor":"Feuillage","price":1400,"published_date":"2017-06-27T22:00:00.000000Z","support":"Grand format","publisher_availability":1,"stock":0,"editions":[],"url":"https:\/\/quaidesbrumes.com\/ouvrage\/9782373970531\/ultime-epreuve-enigme-policiere-au-temps-des-guerres-de-religion"},{"id":"9782386478802","title":"Les merdailleux : 1913, enfance ouvri\u00e8re en banlieue de Paris","description":"\u00c0 la Plaine Saint-Denis, dans le Paris ouvrier de la Belle \u00c9poque, trois gamins s'inventent un monde... jusqu'au jour o\u00f9 la r\u00e9alit\u00e9 les fracasse. F\u00e9licien, D\u00e9sir\u00e9 et F\u00e9lix-Marcel, copains ins\u00e9parables, passent leur temps entre l'\u00e9cole publique, les march\u00e9s de brocante, les friches industrielles et l'\u00e9corcherie. Ils connaissent tous les coins, toutes les combines. \u00c0 douze ans, ils parlent politique, d\u00e9tournent des invendus, fuient les placiers, chassent les rats, s'amusent \u00e0 singer les adultes. Jusqu'au moment o\u00f9 un crime sordide, un meurtre brutal commis de leurs propres mains, vient briser net la fronti\u00e8re entre jeu et violence. Dans ce roman r\u00e9aliste aux accents historiques, Dominique Dayau ressuscite avec verve et pr\u00e9cision l'atmosph\u00e8re rugueuse de la Plaine Saint-Denis \u00e0 la veille de la Grande Guerre. On y d\u00e9couvre une jeunesse populaire tiraill\u00e9e entre l'\u00e9cole la\u00efque et l'usine, les r\u00eaves de r\u00e9volution sociale et les premiers \u00e9lans de nationalisme. Violence scolaire, brutalit\u00e9 sociale, d\u00e9linquance juv\u00e9nile, crise d'autorit\u00e9... Autant de th\u00e8mes terriblement actuels qui r\u00e9sonnent dans ce r\u00e9cit dr\u00f4le, dur et sans concession. Car sous le vernis de l'enfance, la violence p\u00e9riscolaire est d\u00e9j\u00e0 l\u00e0, tapie, pr\u00eate \u00e0 exploser. Les merdailleux, ce sont ces enfants de rien, pris dans les engrenages d'un monde qui les d\u00e9passe, \u00e0 deux pas de la guerre.","authors":["Dominique Dayau"],"category_codes":["90000000","90010000","90010200"],"visuals":{"large":"https:\/\/images.epagine.fr\/802\/9782386478802_1_75.jpg","medium":"https:\/\/images.epagine.fr\/802\/9782386478802_1_m.jpg","thumbnail":"https:\/\/images.epagine.fr\/802\/9782386478802_1_v.jpg"},"orderable":true,"show_badge":true,"formatted_price":"22,00&nbsp;\u20ac","formatted_published_date":"24 septembre 2025","publisher_availability_label":"Sur commande","short_details":"Dominique Dayau \u2014 Complicites","translator":null,"weight":291,"page_count":194,"readership":null,"editor":"Complicites","price":2200,"published_date":"2025-09-23T22:00:00.000000Z","support":"Grand format","publisher_availability":1,"stock":0,"editions":[],"url":"https:\/\/quaidesbrumes.com\/ouvrage\/9782386478802\/les-merdailleux-1913-enfance-ouvriere-en-banlieue-de-paris"},{"id":"9782378720513","title":"T\u00e9n\u00e8bres","description":"T\u00e9n\u00e8bres est un polar \u00e9rotique centr\u00e9 autour de Jack, la quarantaine florissante, pdg de Narcisse, une application sp\u00e9cialis\u00e9e dans les cosm\u00e9tiques \u00e9quitables. il vit \u00e0 Nice avec sa femme, Constance et ses deux enfants issus d'une premi\u00e8re union. Il est beau, il est riche et il est influent. Tout lui sourit. Malgr\u00e9 un c\u00f4t\u00e9 psychorigide l\u00e9g\u00e8rement trop affirm\u00e9... Et puis, un jour son univers bascule. Maryse, son bras droit doit s'\u00e9loigner des affaires pour prendre soin de sa fille atteinte d'un cancer agressif. La routine de cet homme adepte du contr\u00f4le va conna\u00eetre quelques rat\u00e9s jusqu'au d\u00e9raillement fatal. Sa rencontre avec Lou, la ni\u00e8ce de Maryse, changera son destin \u00e0 jamais","authors":["Charl\u00e8ne Chevalier"],"category_codes":["90000000","90010000"],"visuals":{"large":"https:\/\/images.epagine.fr\/513\/9782378720513_1_75.jpg","medium":"https:\/\/images.epagine.fr\/513\/9782378720513_1_m.jpg","thumbnail":"https:\/\/images.epagine.fr\/513\/9782378720513_1_v.jpg"},"orderable":true,"show_badge":true,"formatted_price":"16,00&nbsp;\u20ac","formatted_published_date":"31 octobre 2025","publisher_availability_label":"Sur commande","short_details":"Charl\u00e8ne Chevalier \u2014 Au Pays Reve","translator":null,"weight":296,"page_count":180,"readership":null,"editor":"Au Pays Reve","price":1600,"published_date":"2025-10-30T23:00:00.000000Z","support":"Grand format","publisher_availability":1,"stock":0,"editions":[],"url":"https:\/\/quaidesbrumes.com\/ouvrage\/9782378720513\/tenebres"},{"id":"9782931212196","title":"Trilogie Brindeau Tome 1 : Les \u00e9claireurs","description":"La Fortune. Elle r\u00e9side en chacun de nous. Pourtant, seule une infime partie de la population peut l'utiliser sous forme de divers Talents : visions, clairaudience, pens\u00e9es li\u00e9es... Dans les ann\u00e9es 30, Madeleine Brindeau a employ\u00e9 ses visions pour tenter de d\u00e9masquer le \"Tueur aux Jonquilles\", qui faisait trembler Paris. Des d\u00e9cennies plus tard, Baptiste essaie d'emp\u00eacher une mort pr\u00e9dite par sa meilleure amie. Il se retrouve malgr\u00e9 lui le suspect principal d'une affaire de meurtres. Enfreignant le Pacte des \u00c9claireurs, Madeleine et Baptiste scellent leur destin\u00e9e \u00e0 travers l'espace, et le temps.","authors":["Sarah Burlet"],"category_codes":["90000000","90020000"],"visuals":{"large":"https:\/\/images.epagine.fr\/196\/9782931212196_1_75.jpg","medium":"https:\/\/images.epagine.fr\/196\/9782931212196_1_m.jpg","thumbnail":"https:\/\/images.epagine.fr\/196\/9782931212196_1_v.jpg"},"orderable":true,"show_badge":true,"formatted_price":"22,00&nbsp;\u20ac","formatted_published_date":"1er octobre 2025","publisher_availability_label":"Sur commande","short_details":"Sarah Burlet \u2014 \u00c9ditions Panth\u00e8re","translator":null,"weight":505,"page_count":346,"readership":null,"editor":"\u00c9ditions Panth\u00e8re","price":2200,"published_date":"2025-09-30T22:00:00.000000Z","support":"Grand format","publisher_availability":1,"stock":0,"editions":[],"url":"https:\/\/quaidesbrumes.com\/ouvrage\/9782931212196\/trilogie-brindeau-tome-1-les-eclaireurs"},{"id":"9782384832705","title":"Enqu\u00eates en Bretagne Tome 28 : \u00cele-Tudy, l'homme qui en savait trop","description":"Gwenn Rosmadec, l'\u00e9crivain public de Sainte-Marine, a un nouveau client, un ancien ing\u00e9nieur du CEA. Enfin, pas tout \u00e0 fait : c'est l'\u00e9pouse de ce dernier, tr\u00e8s fi\u00e8re de la r\u00e9ussite de son mari, qui voudrait que sa vie soit couch\u00e9e sur le papier. L'homme se montre r\u00e9ticent. Mais Gwenn a l'habitude et parvient \u00e0 l'amadouer et tirer peu \u00e0 peu le fil de son histoire. Or certaines parties de ce pass\u00e9 sont plus sombres qu'on ne pourrait le croire et la r\u00e9v\u00e9lation de secrets enfouis dans le temps va susciter la col\u00e8re d'ennemis puissants pr\u00eats \u00e0 tout pour le faire taire, quitte \u00e0 l'enlever et tenter de le faire dispara\u00eetre. Pas de chance : Gwenn d\u00e9teste qu'on s'en prenne \u00e0 ses clients. Il va le prot\u00e9ger et donner du fil \u00e0 retordre aux malfrats au p\u00e9ril de son existence avec le soutien de Soazic, sa fid\u00e8le \u00e9pouse. Et il sera second\u00e9 par de surprenants alli\u00e9s qu'il va croiser sur sa route !","authors":["Alex Nicol"],"category_codes":["90000000","90020000"],"visuals":{"large":"https:\/\/images.epagine.fr\/705\/9782384832705_1_75.jpg","medium":"https:\/\/images.epagine.fr\/705\/9782384832705_1_m.jpg","thumbnail":"https:\/\/images.epagine.fr\/705\/9782384832705_1_v.jpg"},"orderable":true,"show_badge":true,"formatted_price":"16,00&nbsp;\u20ac","formatted_published_date":"9 d\u00e9cembre 2025","publisher_availability_label":"Sur commande","short_details":"Alex Nicol \u2014 Editions Du 38","translator":null,"weight":263,"page_count":202,"readership":null,"editor":"Editions Du 38","price":1600,"published_date":"2025-12-08T23:00:00.000000Z","support":"Grand format","publisher_availability":1,"stock":0,"editions":[],"url":"https:\/\/quaidesbrumes.com\/ouvrage\/9782384832705\/enquetes-en-bretagne-tome-28-ile-tudy-lhomme-qui-en-savait-trop"},{"id":"9791091580328","title":"Le corbeau de Zurich","description":"\u00c0 la fin des ann\u00e9es 1980, en pleine affaire Kopp et dans le contexte d'un probable trafic d'or entre la Turquie et la Suisse, le d\u00e9tective natif de Kinshasa d\u00e9barqua dans la capitale du canton de Zurich. Ainsi devait-il assurer l'int\u00e9rim de la direction de l'entreprise familiale AD Finanzen und Treuh\u00e4nd \u00e0 la suite de l'hospitalisation de son fr\u00e8re qui, apr\u00e8s avoir \u00e9t\u00e9 empoisonn\u00e9, luttait entre la vie et la mort dans l'un des services du Kantonsspital \u00e0 Winterthur. Mais le ressortissant za\u00efrois se rendrait compte, tr\u00e8s vite, que les montagnes suisses cachaient des bunkers bourr\u00e9s d'armes de guerre. Des voyous en costard et cravate, ainsi que des hommes d'affaires en col blanc mais mafieux, agissaient en toute impunit\u00e9. Les banques helv\u00e9tiques n'\u00e9taient pas aussi respectueuses de la l\u00e9gislation internationale que dans certains pays en voie d'industrialisation. Dans ce pays d'Europe centrale, le chocolat ne contiendrait pas que du lait. Quant aux lacs, ils seraient pleins de cadavres humains. Pis encore, ils serviraient de bases, d'immersion et d'\u00e9mersion, pour des cr\u00e9atures venues d'autres univers. Vortex vers des mondes parall\u00e8les ? La neutralit\u00e9 de la Conf\u00e9d\u00e9ration helv\u00e9tique arrangerait-elle quelques puissances, aussi bien terrestres qu'extraterrestres ? Myst\u00e8re absolu !","authors":["Gaspard-Hubert Lonsi Koko"],"category_codes":["90000000","90010000"],"visuals":{"large":"https:\/\/images.epagine.fr\/328\/9791091580328_1_75.jpg","medium":"https:\/\/images.epagine.fr\/328\/9791091580328_1_m.jpg","thumbnail":"https:\/\/images.epagine.fr\/328\/9791091580328_1_v.jpg"},"orderable":true,"show_badge":true,"formatted_price":"21,09&nbsp;\u20ac","formatted_published_date":"1er d\u00e9cembre 2022","publisher_availability_label":"Sur commande","short_details":"Gaspard-Hubert Lonsi Koko \u2014 L'Atelier De L'Egregore","translator":null,"weight":394,"page_count":348,"readership":null,"editor":"L'Atelier De L'Egregore","price":2109,"published_date":"2022-11-30T23:00:00.000000Z","support":"Grand format","publisher_availability":1,"stock":0,"editions":[],"url":"https:\/\/quaidesbrumes.com\/ouvrage\/9791091580328\/le-corbeau-de-zurich"},{"id":"9791094135839","title":"Le mort de La Rochelle","description":"L'histoire se d\u00e9roule \u00e0 La Rochelle mais aussi en grande partie dans le d\u00e9cor magnifique de l'\u00eele de R\u00e9. Elle campe une intrigue polici\u00e8re et le combat d'une m\u00e8re pour sa fille adolescente qui, d\u00e9vast\u00e9e par le chagrin, part \u00e0 la d\u00e9rive.","authors":["Catherine Armessen"],"category_codes":["90000000","90010000"],"visuals":{"large":"https:\/\/images.epagine.fr\/839\/9791094135839_1_75.jpg","medium":"https:\/\/images.epagine.fr\/839\/9791094135839_1_m.jpg","thumbnail":"https:\/\/images.epagine.fr\/839\/9791094135839_1_v.jpg"},"orderable":true,"show_badge":true,"formatted_price":"17,00&nbsp;\u20ac","formatted_published_date":"1er mars 2023","publisher_availability_label":"Sur commande","short_details":"Catherine Armessen \u2014 Les Passageres","translator":null,"weight":200,"page_count":220,"readership":null,"editor":"Les Passageres","price":1700,"published_date":"2023-02-28T23:00:00.000000Z","support":"Grand format","publisher_availability":1,"stock":0,"editions":[],"url":"https:\/\/quaidesbrumes.com\/ouvrage\/9791094135839\/le-mort-de-la-rochelle"},{"id":"9782359626704","title":"Le marteau des sorci\u00e8res","description":"Camille, marqu\u00e9e par l'affaire \u00ab Cochise \u00bb, le tueur aux scalps, ressent le besoin de revenir dans le village de son enfance. Elle se rend seule \u00e0 Templeuve, dans le Nord de la France, d\u00e9termin\u00e9e \u00e0 se ressourcer et retrouver  les liens forts qui l'unissaient \u00e0 son cousin.\r\nMais la qui\u00e9tude de la r\u00e9gion est troubl\u00e9e par une s\u00e9rie de meurtres, dont l'\u00e9trange rituel va r\u00e9veiller les instincts de policier de Camille.\r\n\r\nRetrouvez les h\u00e9ros de \u00ab Le reflet de la Salamandre \u00bb, confront\u00e9s \u00e0 une histoire myst\u00e9rieuse m\u00ealant pass\u00e9 et pr\u00e9sent, qui va \u00e9branler leurs convictions.","authors":["Philippe Boizart"],"category_codes":["90000000","90010000"],"visuals":{"large":"https:\/\/images.epagine.fr\/704\/9782359626704_1_75.jpg","medium":"https:\/\/images.epagine.fr\/704\/9782359626704_1_m.jpg","thumbnail":"https:\/\/images.epagine.fr\/704\/9782359626704_1_v.jpg"},"orderable":true,"show_badge":true,"formatted_price":"18,00&nbsp;\u20ac","formatted_published_date":"1er d\u00e9cembre 2014","publisher_availability_label":"Sur commande","short_details":"Philippe Boizart \u2014 Ex Aequo","translator":null,"weight":401,"page_count":216,"readership":null,"editor":"Ex Aequo","price":1800,"published_date":"2014-11-30T23:00:00.000000Z","support":"Grand format","publisher_availability":1,"stock":0,"editions":[],"url":"https:\/\/quaidesbrumes.com\/ouvrage\/9782359626704\/le-marteau-des-sorcieres"},{"id":"9782492751417","title":"Tour de France meurtrier","description":"R\u00c9SUME : Faire un tour de France \u00e0 V\u00e9lo. Quelle id\u00e9e ! C'est ce que va faire notre h\u00e9ros. Le jeune Zhu, fran\u00e7ais, mais de parents Chinois. Apr\u00e8s leur d\u00e9c\u00e8s accidentel, il d\u00e9cide de partir \u00e0 l'aventure. Cela n'a rien d'extraordinaire, mais ce qui l'est moins, c'est de trouver des cadavres derri\u00e8re lui. Est-ce lui qui tue les personnes qu'il rencontre ? Qu'a-t-il derri\u00e8re la t\u00eate ?  A-t-il deux personnalit\u00e9s ? Autant de questions qu'il va falloir r\u00e9soudre. Le commandant Ga\u00ebl Buffet se lance \u00e0 sa poursuite. Arrivera-t-il \u00e0 l'arr\u00eater ? Suivons-les dans ce tour de France pas comme les autres.","authors":["Philippe Delamare"],"category_codes":["90000000","90010000"],"visuals":{"large":"https:\/\/images.epagine.fr\/417\/9782492751417_1_75.jpg","medium":"https:\/\/images.epagine.fr\/417\/9782492751417_1_m.jpg","thumbnail":"https:\/\/images.epagine.fr\/417\/9782492751417_1_v.jpg"},"orderable":true,"show_badge":true,"formatted_price":"20,00&nbsp;\u20ac","formatted_published_date":"30 octobre 2024","publisher_availability_label":"Sur commande","short_details":"Philippe Delamare \u2014 Editions Jkdc","translator":null,"weight":346,"page_count":280,"readership":null,"editor":"Editions Jkdc","price":2000,"published_date":"2024-10-29T23:00:00.000000Z","support":"Grand format","publisher_availability":1,"stock":0,"editions":[],"url":"https:\/\/quaidesbrumes.com\/ouvrage\/9782492751417\/tour-de-france-meurtrier"},{"id":"9782386272097","title":"B.A.L.F. - Bien Apr\u00e8s Le Futur","description":"Mia est une jeune \u00e9crivaine. Sa soeur jumelle Cassia est enqu\u00eatrice. Lorsque Mia est approch\u00e9e par la myst\u00e9rieuse agence BALF, Cassia se retrouve face \u00e0 une s\u00e9rie de crimes surr\u00e9alistes. Tandis que l'une s'enfonce dans les m\u00e9andres d'une organisation parall\u00e8le o\u00f9 le danger est omnipr\u00e9sent, l'autre tente de remonter la piste d'un tueur \u00e0 l'imagination aussi fertile que macabre. Sans le savoir, les soeurs sont tomb\u00e9es dans la toile d'un pr\u00e9dateur machiav\u00e9lique. Mais si le silence est d'or, le secret est un poison. R\u00e9solues \u00e0 ne pas violer la confidentialit\u00e9 \u00e0 laquelle elles ont toutes deux accept\u00e9 de se soumettre, Cassia et Mia se refusent \u00e0 partager les informations qui pourraient pourtant leur sauver la vie...","authors":["Natalia Pieranski"],"category_codes":["90000000","90020000"],"visuals":{"large":"https:\/\/images.epagine.fr\/097\/9782386272097_1_75.jpg","medium":"https:\/\/images.epagine.fr\/097\/9782386272097_1_m.jpg","thumbnail":"https:\/\/images.epagine.fr\/097\/9782386272097_1_v.jpg"},"orderable":true,"show_badge":true,"formatted_price":"17,90&nbsp;\u20ac","formatted_published_date":"14 mars 2025","publisher_availability_label":"Sur commande","short_details":"Natalia Pieranski \u2014 Hello Editions","translator":null,"weight":334,"page_count":276,"readership":"Tout public","editor":"Hello Editions","price":1790,"published_date":"2025-03-13T23:00:00.000000Z","support":"Grand format","publisher_availability":1,"stock":0,"editions":[],"url":"https:\/\/quaidesbrumes.com\/ouvrage\/9782386272097\/balf-bien-apres-le-futur"},{"id":"9782386272356","title":"Br\u00fbl\u00e9e","description":"Cela fait d\u00e9j\u00e0 dix ans que Marta a soudainement quitt\u00e9 son mari, ses deux enfants et son emploi de commerciale pour dispara\u00eetre \u00e0 des milliers de kilom\u00e8tres et s'installer dans une cabane au fond de la for\u00eat, loin de la civilisation. Mais voil\u00e0 que deux jeunes femmes, Julie et Suzanne, ressurgissent du pass\u00e9, et bousculent la tranquillit\u00e9 de Marta. Quel lien unit ces trois personnes ? Quel \u00e9v\u00e8nement a pouss\u00e9 Marta \u00e0 fuir \u00e0 l'\u00e9poque ? Un r\u00e9cit qui nous plonge au coeur de la violence d'une soci\u00e9t\u00e9 : une violence inflig\u00e9e, subie, qui s\u00e9pare les individus jusqu'au point de non-retour.","authors":["Ludivine Palmigiani"],"category_codes":["90000000","90020000"],"visuals":{"large":"https:\/\/images.epagine.fr\/356\/9782386272356_1_75.jpg","medium":"https:\/\/images.epagine.fr\/356\/9782386272356_1_m.jpg","thumbnail":"https:\/\/images.epagine.fr\/356\/9782386272356_1_v.jpg"},"orderable":true,"show_badge":true,"formatted_price":"15,90&nbsp;\u20ac","formatted_published_date":"21 mars 2025","publisher_availability_label":"Sur commande","short_details":"Ludivine Palmigiani \u2014 Hello Editions","translator":null,"weight":136,"page_count":148,"readership":"Tout public","editor":"Hello Editions","price":1590,"published_date":"2025-03-20T23:00:00.000000Z","support":"Grand format","publisher_availability":1,"stock":0,"editions":[],"url":"https:\/\/quaidesbrumes.com\/ouvrage\/9782386272356\/brulee"},{"id":"9782386272738","title":"L'Alerte : L'hyper affrontement d'une salari\u00e9e face \u00e0 une multinationale","description":"Cl\u00e9mence Symphonie pensait simplement faire son travail. Mais au sein de cette grande entreprise, elle d\u00e9couvre un univers impitoyable o\u00f9 corruption, manipulation et injustice sont les armes silencieuses d'une direction pr\u00eate \u00e0 tout pour \u00e9craser ceux qui d\u00e9rangent. Son sup\u00e9rieur, complice de malversations financi\u00e8res, orchestre m\u00e9thodiquement sa mise \u00e0 l'\u00e9cart, avec l'appui d'une DRH docile et d'un syst\u00e8me con\u00e7u pour broyer les r\u00e9sistances. Mais Cl\u00e9mence refuse d'\u00eatre une victime. Avec une intelligence strat\u00e9gique implacable, elle d\u00e9joue chaque attaque et expose les incoh\u00e9rences d'une hi\u00e9rarchie s\u00fbre de son impunit\u00e9. Face aux humiliations, aux pressions et aux tentatives de la pousser \u00e0 la faute, elle transforme chaque coup port\u00e9 en une riposte magistrale. Peu \u00e0 peu, les r\u00f4les s'inversent : ceux qui voulaient sa chute se retrouvent pris \u00e0 leur propre pi\u00e8ge... Inspir\u00e9 de faits r\u00e9els, L'Alerte est un thriller social haletant qui plonge au coeur des d\u00e9rives du monde du travail. Entre strat\u00e9gie, r\u00e9sistance et qu\u00eate de justice, ce r\u00e9cit captivant r\u00e9v\u00e8le un combat rare et puissant, celui d'une femme ordinaire qui refuse l'inacceptable et force une multinationale \u00e0 affronter ses propres d\u00e9mons.","authors":["Rochelin La Bo\u00e9tie"],"category_codes":["90000000","90020000"],"visuals":{"large":"https:\/\/images.epagine.fr\/738\/9782386272738_1_75.jpg","medium":"https:\/\/images.epagine.fr\/738\/9782386272738_1_m.jpg","thumbnail":"https:\/\/images.epagine.fr\/738\/9782386272738_1_v.jpg"},"orderable":true,"show_badge":true,"formatted_price":"19,00&nbsp;\u20ac","formatted_published_date":"18 avril 2025","publisher_availability_label":"Sur commande","short_details":"Rochelin La Bo\u00e9tie \u2014 Hello Editions","translator":null,"weight":274,"page_count":222,"readership":"Tout public","editor":"Hello Editions","price":1900,"published_date":"2025-04-17T22:00:00.000000Z","support":"Grand format","publisher_availability":1,"stock":0,"editions":[],"url":"https:\/\/quaidesbrumes.com\/ouvrage\/9782386272738\/lalerte-lhyper-affrontement-dune-salariee-face-a-une-multinationale"},{"id":"9782384620647","title":"L'alibi des crucifix","description":"Gilles Ponchen, fondeur de cloches, h\u00e9rite du P\u00e8re Robert-Marcel de Creignac, un lointain cousin qui vient de d\u00e9c\u00e9der, de la \u00ab Cantemarie \u00bb une immense propri\u00e9t\u00e9. Ce dernier, que l'on surnommait \u00ab Le petit P\u00e9tain \u00bb, dirigeait l'Institution Saint-Radegonde \u00e0 Montauban, un rep\u00e8re de catholiques int\u00e9gristes. D\u00e9sireux d'en savoir plus, il se rend \u00e0 Montauban et d\u00e9couvre la face cach\u00e9e de cet h\u00e9ritage. Aid\u00e9 par B\u00e9bert, un jovial cafetier et Fr\u00e8re Bertrand, un jeune s\u00e9minariste sans famille, Gilles d\u00e9couvre que des prostitu\u00e9es sont enlev\u00e9es, viol\u00e9es et s\u00e9questr\u00e9es par les p\u00e8res et les jardiniers de l'Institution et que Fr\u00e8re Bertrand est son demi-fr\u00e8re... Un sordide h\u00e9ritage qui finira dans le feu et le sang !","authors":["Bernard Escudero"],"category_codes":["90000000","90010000"],"visuals":{"large":"https:\/\/images.epagine.fr\/647\/9782384620647_1_75.jpg","medium":"https:\/\/images.epagine.fr\/647\/9782384620647_1_m.jpg","thumbnail":"https:\/\/images.epagine.fr\/647\/9782384620647_1_v.jpg"},"orderable":true,"show_badge":true,"formatted_price":"16,00&nbsp;\u20ac","formatted_published_date":"10 juin 2022","publisher_availability_label":"Sur commande","short_details":"Bernard Escudero \u2014 Hello Editions","translator":null,"weight":308,"page_count":228,"readership":null,"editor":"Hello Editions","price":1600,"published_date":"2022-06-09T22:00:00.000000Z","support":"Grand format","publisher_availability":1,"stock":0,"editions":[],"url":"https:\/\/quaidesbrumes.com\/ouvrage\/9782384620647\/lalibi-des-crucifix"},{"id":"9782384621590","title":"Le rat de Molenbeek-Saint-Jean","description":"Depuis le 22 mars 2016, jour sinistre o\u00f9 le radicalisme a frapp\u00e9, Bruxelles a d\u00e9finitivement chang\u00e9 de visage aux yeux des Belges et du monde. Le Rat ! Tel est le surnom d'un gosse sans papier qui cr\u00e8che quelque part dans \u00ab Molem \u00bb, commune tristement c\u00e9l\u00e8bre de l'Ouest bruxellois, o\u00f9 chacun se voit affubl\u00e9 d'un sobriquet. Les jeunes du quartier Maritime l'ont baptis\u00e9 ainsi, sur base des codes de la rue et de l'effet de la beuh. Ce gar\u00e7on, qui a sombr\u00e9 dans la drogue et les vols avec violence, s'amuse \u00e0 narguer la Police f\u00e9d\u00e9rale. St\u00e9phane Martin, un flic de la PJF de Bruxelles, aux m\u00e9thodes quelquefois border line, tente de mettre le grappin sur une bande organis\u00e9e employant ce jeune polycriminel... a priori de droit commun. Lorsque l'un de ses coll\u00e8gues lui rafle l'enqu\u00eate sous le nez gr\u00e2ce \u00e0 ses relations avec la magistrature, la coupe est pleine, et il demande sa mutation pour une zone de police locale. Dans ce roman noir aux accents incroyablement authentiques, Armand Gabriel vous invite \u00e0 int\u00e9grer le coeur de la police et \u00e0 infiltrer le milieu bruxellois.","authors":["Armand Gabriel"],"category_codes":["90000000","90010000","90010500"],"visuals":{"large":"https:\/\/images.epagine.fr\/590\/9782384621590_1_75.jpg","medium":"https:\/\/images.epagine.fr\/590\/9782384621590_1_m.jpg","thumbnail":"https:\/\/images.epagine.fr\/590\/9782384621590_1_v.jpg"},"orderable":true,"show_badge":true,"formatted_price":"19,50&nbsp;\u20ac","formatted_published_date":"4 novembre 2022","publisher_availability_label":"Sur commande","short_details":"Armand Gabriel \u2014 Hello Editions","translator":null,"weight":513,"page_count":390,"readership":null,"editor":"Hello Editions","price":1950,"published_date":"2022-11-03T23:00:00.000000Z","support":"Grand format","publisher_availability":1,"stock":0,"editions":[],"url":"https:\/\/quaidesbrumes.com\/ouvrage\/9782384621590\/le-rat-de-molenbeek-saint-jean"}]}