{"data":[{"id":"9782958330989","title":"Une enqu\u00eate du commissaire V\u00e9toldi Tome 19 : L'affaire Tom Weber","description":null,"authors":["Susan Degeninville"],"category_codes":["90000000","90010000"],"visuals":{"large":"https:\/\/quaidesbrumes.com\/img\/book-placeholder.png","medium":"https:\/\/quaidesbrumes.com\/img\/book-placeholder.png","thumbnail":"https:\/\/quaidesbrumes.com\/img\/book-placeholder.png"},"orderable":true,"show_badge":true,"formatted_price":"10,00&nbsp;\u20ac","formatted_published_date":"1er septembre 2023","publisher_availability_label":"Sur commande","short_details":"Susan Degeninville \u2014 Susan Degeninville","translator":null,"weight":222,"page_count":196,"readership":"Tout public","editor":"Susan Degeninville","price":1000,"published_date":"2023-08-31T22:00:00.000000Z","support":"Poche","publisher_availability":1,"stock":0,"editions":[],"url":"https:\/\/quaidesbrumes.com\/ouvrage\/9782958330989\/une-enquete-du-commissaire-vetoldi-tome-19-laffaire-tom-weber"},{"id":"9782487252028","title":"Une enqu\u00eate du commissaire V\u00e9toldi Tome 20 : Meurtres en h\u00e9ritage","description":null,"authors":["Susan Degeninville"],"category_codes":["90000000","90010000"],"visuals":{"large":"https:\/\/quaidesbrumes.com\/img\/book-placeholder.png","medium":"https:\/\/quaidesbrumes.com\/img\/book-placeholder.png","thumbnail":"https:\/\/quaidesbrumes.com\/img\/book-placeholder.png"},"orderable":true,"show_badge":true,"formatted_price":"10,00&nbsp;\u20ac","formatted_published_date":"1er avril 2024","publisher_availability_label":"Sur commande","short_details":"Susan Degeninville \u2014 Susan Degeninville","translator":null,"weight":259,"page_count":238,"readership":"Tout public","editor":"Susan Degeninville","price":1000,"published_date":"2024-03-31T22:00:00.000000Z","support":"Poche","publisher_availability":1,"stock":0,"editions":[],"url":"https:\/\/quaidesbrumes.com\/ouvrage\/9782487252028\/une-enquete-du-commissaire-vetoldi-tome-20-meurtres-en-heritage"},{"id":"9782487252035","title":"Une enqu\u00eate du commissaire V\u00e9toldi Tome 21 : \u00c0 couteaux tir\u00e9s","description":null,"authors":["Susan Degeninville"],"category_codes":["90000000","90010000"],"visuals":{"large":"https:\/\/quaidesbrumes.com\/img\/book-placeholder.png","medium":"https:\/\/quaidesbrumes.com\/img\/book-placeholder.png","thumbnail":"https:\/\/quaidesbrumes.com\/img\/book-placeholder.png"},"orderable":true,"show_badge":true,"formatted_price":"10,00&nbsp;\u20ac","formatted_published_date":"1er juillet 2024","publisher_availability_label":"Sur commande","short_details":"Susan Degeninville \u2014 Susan Degeninville","translator":null,"weight":236,"page_count":210,"readership":"Tout public","editor":"Susan Degeninville","price":1000,"published_date":"2024-06-30T22:00:00.000000Z","support":"Poche","publisher_availability":1,"stock":0,"editions":[],"url":"https:\/\/quaidesbrumes.com\/ouvrage\/9782487252035\/une-enquete-du-commissaire-vetoldi-tome-21-a-couteaux-tires"},{"id":"9782487252042","title":"Une enqu\u00eate du commissaire V\u00e9toldi Tome 22 : L'ombre d'une Autre","description":null,"authors":["Susan Degeninville"],"category_codes":["90000000","90010000"],"visuals":{"large":"https:\/\/quaidesbrumes.com\/img\/book-placeholder.png","medium":"https:\/\/quaidesbrumes.com\/img\/book-placeholder.png","thumbnail":"https:\/\/quaidesbrumes.com\/img\/book-placeholder.png"},"orderable":true,"show_badge":true,"formatted_price":"10,00&nbsp;\u20ac","formatted_published_date":"1er novembre 2024","publisher_availability_label":"Sur commande","short_details":"Susan Degeninville \u2014 Susan Degeninville","translator":null,"weight":263,"page_count":242,"readership":"Tout public","editor":"Susan Degeninville","price":1000,"published_date":"2024-10-31T23:00:00.000000Z","support":"Poche","publisher_availability":1,"stock":0,"editions":[],"url":"https:\/\/quaidesbrumes.com\/ouvrage\/9782487252042\/une-enquete-du-commissaire-vetoldi-tome-22-lombre-dune-autre"},{"id":"9782958330934","title":"Samantha Gosvenor, Agent FBI enqu\u00eate Tome 1 : Livraison fatale","description":null,"authors":["Susan Degeninville"],"category_codes":["90000000","90010000"],"visuals":{"large":"https:\/\/quaidesbrumes.com\/img\/book-placeholder.png","medium":"https:\/\/quaidesbrumes.com\/img\/book-placeholder.png","thumbnail":"https:\/\/quaidesbrumes.com\/img\/book-placeholder.png"},"orderable":true,"show_badge":true,"formatted_price":"15,00&nbsp;\u20ac","formatted_published_date":"1er mars 2023","publisher_availability_label":"Sur commande","short_details":"Susan Degeninville \u2014 Susan Degeninville","translator":null,"weight":245,"page_count":242,"readership":"Tout public","editor":"Susan Degeninville","price":1500,"published_date":"2023-02-28T23:00:00.000000Z","support":"Grand format","publisher_availability":1,"stock":0,"editions":[],"url":"https:\/\/quaidesbrumes.com\/ouvrage\/9782958330934\/samantha-gosvenor-agent-fbi-enquete-tome-1-livraison-fatale"},{"id":"9782958330941","title":"Samantha Gosvenor, FBI Agent Investigation Tome 1 : Fatal Delivery","description":null,"authors":["Susan Degeninville","Dani\u00e8le Godard"],"category_codes":["90000000","90010000"],"visuals":{"large":"https:\/\/quaidesbrumes.com\/img\/book-placeholder.png","medium":"https:\/\/quaidesbrumes.com\/img\/book-placeholder.png","thumbnail":"https:\/\/quaidesbrumes.com\/img\/book-placeholder.png"},"orderable":true,"show_badge":true,"formatted_price":"15,00&nbsp;\u20ac","formatted_published_date":"1er avril 2023","publisher_availability_label":"Sur commande","short_details":"Susan Degeninville, Dani\u00e8le Godard \u2014 Susan Degeninville","translator":"DANIELE GODARD","weight":236,"page_count":234,"readership":"Tout public","editor":"Susan Degeninville","price":1500,"published_date":"2023-03-31T22:00:00.000000Z","support":"Grand format","publisher_availability":1,"stock":0,"editions":[],"url":"https:\/\/quaidesbrumes.com\/ouvrage\/9782958330941\/samantha-gosvenor-fbi-agent-investigation-tome-1-fatal-delivery"},{"id":"9782487252004","title":"Samantha Gosvenor, Agent FBI enqu\u00eate Tome 2 : Un innocent en prison","description":null,"authors":["Susan Degeninville"],"category_codes":["90000000","90010000"],"visuals":{"large":"https:\/\/quaidesbrumes.com\/img\/book-placeholder.png","medium":"https:\/\/quaidesbrumes.com\/img\/book-placeholder.png","thumbnail":"https:\/\/quaidesbrumes.com\/img\/book-placeholder.png"},"orderable":true,"show_badge":true,"formatted_price":"12,00&nbsp;\u20ac","formatted_published_date":"1er d\u00e9cembre 2023","publisher_availability_label":"Sur commande","short_details":"Susan Degeninville \u2014 Susan Degeninville","translator":null,"weight":290,"page_count":210,"readership":"Tout public","editor":"Susan Degeninville","price":1200,"published_date":"2023-11-30T23:00:00.000000Z","support":"Grand format","publisher_availability":1,"stock":0,"editions":[],"url":"https:\/\/quaidesbrumes.com\/ouvrage\/9782487252004\/samantha-gosvenor-agent-fbi-enquete-tome-2-un-innocent-en-prison"},{"id":"9782931166000","title":"Pourquoi j'ai voulu tuer Louis-Ferdinand C\u00e9line","description":"Paris, 1943. Des r\u00e9sistants, dont l'\u00e9crivain Roger Vailland, sexr\u00e9unissentxdans unxappartement auxquatri\u00e8me \u00e9tage d'un immeuble dexla butte Montmartre. Au-dessus, vit Louis-Ferdinand C\u00e9line dont les \u00e9crits antis\u00e9mites alimentent la propagande de l'occupant. Unxr\u00e9sistant \u00e9met l'id\u00e9e de le tuer. Plusieurs projets vont \u00eatre \u00e9labor\u00e9s, mais aucun ne fait l'unanimit\u00e9. C\u00e9line est sauv\u00e9. En 1950, Roger Vailland le regrettera dans un article titr\u00e9 \u00ab Nous n'\u00e9pargnerions plus Louis- Ferdinand C\u00e9line\u00bb. En 1951, C\u00e9line atterrit \u00e0 Nice au retour du Danemark. Un homme, dissimul\u00e9, pointe un fusil sur lui...","authors":["Maxime Vivas"],"category_codes":["90000000","90010000","90010200"],"visuals":{"large":"https:\/\/images.epagine.fr\/000\/9782931166000_1_75.jpg","medium":"https:\/\/images.epagine.fr\/000\/9782931166000_1_m.jpg","thumbnail":"https:\/\/images.epagine.fr\/000\/9782931166000_1_v.jpg"},"orderable":true,"show_badge":true,"formatted_price":"15,00&nbsp;\u20ac","formatted_published_date":"1er janvier 2022","publisher_availability_label":"Sur commande","short_details":"Maxime Vivas \u2014 Investir","translator":null,"weight":160000,"page_count":116,"readership":null,"editor":"Investir","price":1500,"published_date":"2021-12-31T23:00:00.000000Z","support":"Grand format","publisher_availability":1,"stock":0,"editions":[],"url":"https:\/\/quaidesbrumes.com\/ouvrage\/9782931166000\/pourquoi-jai-voulu-tuer-louis-ferdinand-celine"},{"id":"9791096394517","title":"Service Affaires Non R\u00e9solues Saison 1 : Que justice soit faite !","description":"Amiens. Un contr\u00f4leur g\u00e9n\u00e9ral de la Direction G\u00e9n\u00e9rale de la Police Nationale au parcours atypique et bousculant l'ordre \u00e9tabli, d\u00e9barque dans sa ville natale pour y installer un Service des Affaires Non R\u00e9solues (SANR), tout en poursuivant des investigations avec son \u00e9quipe Parisienne sur une s\u00e9rie de morts portant une sinistre signature. Le Service des Affaires Non R\u00e9solues est un polar captivant se d\u00e9roulant \u00e0 Amiens, Lille, Roubaix, Abbeville et Camon, o\u00f9 une \u00e9quipe bas\u00e9e \u00e0 Amiens et nouvellement cr\u00e9\u00e9e doit r\u00e9soudre des affaires sensibles tout en affrontant un adversaire redoutable qui laisse sa marque macabre \u00e0 chaque crime. Au coeur de la violence, de l'humiliation et du chaos, l'histoire offre des moments d'humour, de gaiet\u00e9, de musique et d'amour.","authors":["Yassine Mokaddem"],"category_codes":["90000000","90010000"],"visuals":{"large":"https:\/\/images.epagine.fr\/517\/9791096394517_1_75.jpg","medium":"https:\/\/images.epagine.fr\/517\/9791096394517_1_m.jpg","thumbnail":"https:\/\/images.epagine.fr\/517\/9791096394517_1_v.jpg"},"orderable":true,"show_badge":true,"formatted_price":"25,00&nbsp;\u20ac","formatted_published_date":"22 octobre 2024","publisher_availability_label":"Sur commande","short_details":"Yassine Mokaddem \u2014 Victor Le Brun","translator":null,"weight":800,"page_count":528,"readership":null,"editor":"Victor Le Brun","price":2500,"published_date":"2024-10-21T22:00:00.000000Z","support":"Grand format","publisher_availability":1,"stock":0,"editions":[],"url":"https:\/\/quaidesbrumes.com\/ouvrage\/9791096394517\/service-affaires-non-resolues-saison-1-que-justice-soit-faite"},{"id":"9782342369274","title":"ADN Tome 3 : Les nymphes","description":"Plongez dans une enqu\u00eate captivante, m\u00ealant po\u00e9sie et suspense.\r\nTraqu\u00e9 puis ex\u00e9cut\u00e9 froidement dans la for\u00eat de Chamarande, un jeune homme donne bien malgr\u00e9 lui l'occasion \u00e0 Quentin Morvan, capitaine de gendarmerie, de plonger une nouvelle fois dans les ab\u00eemes de l'\u00e2me humaine. Toutes les forces de l'IRCGN sont sollicit\u00e9es pour mettre fin \u00e0 l'amoncellement de cadavres qui semblent \u00e9trangement li\u00e9s les uns aux autres, tandis qu'un couple de jeunes gens se retrouve pris dans un pi\u00e8ge mortel.\r\nVoici le troisi\u00e8me opus de la s\u00e9rie, ADN - Les Nymphes, m\u00ealant po\u00e8mes et enqu\u00eate criminelle, suspense et l\u00e9g\u00e8ret\u00e9, donnant ainsi ses lettres de noblesse \u00e0 un style nomm\u00e9 par l'auteur \u00ab Polar\u00e9sie \u00bb.","authors":["Fr\u00e9d\u00e9ric M\u00e9min"],"category_codes":["90000000","90010000"],"visuals":{"large":"https:\/\/images.epagine.fr\/274\/9782342369274_1_75.jpg","medium":"https:\/\/images.epagine.fr\/274\/9782342369274_1_m.jpg","thumbnail":"https:\/\/images.epagine.fr\/274\/9782342369274_1_v.jpg"},"orderable":true,"show_badge":true,"formatted_price":"17,90&nbsp;\u20ac","formatted_published_date":"2 octobre 2023","publisher_availability_label":"Sur commande","short_details":"Fr\u00e9d\u00e9ric M\u00e9min \u2014 Societe Des Ecrivains","translator":null,"weight":260,"page_count":232,"readership":null,"editor":"Societe Des Ecrivains","price":1790,"published_date":"2023-10-01T22:00:00.000000Z","support":"Grand format","publisher_availability":1,"stock":0,"editions":[],"url":"https:\/\/quaidesbrumes.com\/ouvrage\/9782342369274\/adn-tome-3-les-nymphes"},{"id":"9782487252059","title":"Une enqu\u00eate du commissaire V\u00e9toldi Tome 23 : Le crime du TGV Est","description":"Le commissaire V\u00e9toldi poursuit une enqu\u00eate d\u00e9licate entre Paris et Forbach o\u00f9 la victime \u00e9tait la PDG d'une usine de cosm\u00e9tiques. Il recourt \u00e0 sa m\u00e9thode habituelle : tout faire pour bien conna\u00eetre la victime. Il apprend que son mari a \u00e9t\u00e9 assassin\u00e9 quelques ann\u00e9es plus t\u00f4t. Les deux crimes seraient-ils li\u00e9s ? V\u00e9toldi parviendra-t-il \u00e0 d\u00e9couvrir celui ou celle qui en voulait \u00e0 madame Van den Even au point de l'assassiner avec une rare cruaut\u00e9\u00b4 ?","authors":["Susan Degeninville"],"category_codes":["90000000","90010000"],"visuals":{"large":"https:\/\/images.epagine.fr\/059\/9782487252059_1_75.jpg","medium":"https:\/\/images.epagine.fr\/059\/9782487252059_1_m.jpg","thumbnail":"https:\/\/images.epagine.fr\/059\/9782487252059_1_v.jpg"},"orderable":true,"show_badge":true,"formatted_price":"12,50&nbsp;\u20ac","formatted_published_date":"3 janvier 2025","publisher_availability_label":"Sur commande","short_details":"Susan Degeninville \u2014 Susan Degeninville","translator":null,"weight":299,"page_count":284,"readership":"\u00e0 partir de 12 ANS","editor":"Susan Degeninville","price":1250,"published_date":"2025-01-02T23:00:00.000000Z","support":"Poche","publisher_availability":1,"stock":0,"editions":[],"url":"https:\/\/quaidesbrumes.com\/ouvrage\/9782487252059\/une-enquete-du-commissaire-vetoldi-tome-23-le-crime-du-tgv-est"},{"id":"9782487252066","title":"Une enqu\u00eate du commissaire V\u00e9toldi Tome 24 : Derni\u00e8re s\u00e9ance","description":null,"authors":["Susan Degeninville"],"category_codes":["90000000","90010000"],"visuals":{"large":"https:\/\/images.epagine.fr\/066\/9782487252066_1_75.jpg","medium":"https:\/\/images.epagine.fr\/066\/9782487252066_1_m.jpg","thumbnail":"https:\/\/images.epagine.fr\/066\/9782487252066_1_v.jpg"},"orderable":true,"show_badge":true,"formatted_price":"15,00&nbsp;\u20ac","formatted_published_date":"1er juillet 2025","publisher_availability_label":"Sur commande","short_details":"Susan Degeninville \u2014 Susan Degeninville","translator":null,"weight":308,"page_count":290,"readership":"\u00e0 partir de 12 ANS","editor":"Susan Degeninville","price":1500,"published_date":"2025-06-30T22:00:00.000000Z","support":"Poche","publisher_availability":1,"stock":0,"editions":[],"url":"https:\/\/quaidesbrumes.com\/ouvrage\/9782487252066\/une-enquete-du-commissaire-vetoldi-tome-24-derniere-seance"},{"id":"9791092285437","title":"Le secret de la petite demoiselle","description":"Malo-les-Bains en 1903, une station baln\u00e9aire en plein essor o\u00f9 les classes sociales se c\u00f4toient sans se m\u00e9langer. Dans cette ambiance feutr\u00e9e, une ombre est en passe de ternir l'expansion de la cit\u00e9. Deux figures de la bonne soci\u00e9t\u00e9 ont \u00e9t\u00e9 victimes de mort violente. Affaire de moeurs, rivalit\u00e9 \u00e9conomique, app\u00e2t du gain... Quel secret inavouable leur cercle d'amis tente-t-il de dissimuler ? Pour le d\u00e9couvrir, le directeur de cabinet du maire fait appel \u00e0 un enqu\u00eateur priv\u00e9. Au milieu des investisseurs et des truands, Ernest Hornes va essayer de savoir qui est cette \u00ab petite demoiselle \u00bb connue des seuls initi\u00e9s.\r","authors":["Jess Kaan"],"category_codes":["90000000","90010000","90010200"],"visuals":{"large":"https:\/\/images.epagine.fr\/437\/9791092285437_1_75.jpg","medium":"https:\/\/images.epagine.fr\/437\/9791092285437_1_m.jpg","thumbnail":"https:\/\/images.epagine.fr\/437\/9791092285437_1_v.jpg"},"orderable":true,"show_badge":true,"formatted_price":"9,00&nbsp;\u20ac","formatted_published_date":"15 janvier 2016","publisher_availability_label":"Sur commande","short_details":"Jess Kaan \u2014 Pole Nord","translator":null,"weight":160,"page_count":181,"readership":null,"editor":"Pole Nord","price":900,"published_date":"2016-01-14T23:00:00.000000Z","support":"Poche","publisher_availability":1,"stock":0,"editions":[],"url":"https:\/\/quaidesbrumes.com\/ouvrage\/9791092285437\/le-secret-de-la-petite-demoiselle"},{"id":"9782322488322","title":"Mon h\u00e9ro\u00efne : Alpha","description":"\u00ab\u00a0On pense toujours que cela n'arrive qu'aux autres, qu'on ne peut pas \u00eatre touch\u00e9, que c'est impossible que ces horreurs nous atteignent, comme si une f\u00e9e invisible avait d\u00e9roul\u00e9 un voile de protection. Mais il n'en est rien. La f\u00e9e elle-m\u00eame a fui \u00e0 la vue de ce monstre.\u00a0\u00bb\r\nNevada passe la majeure partie de son temps avec ses meilleures amies. Une s\u00e9rie d'enl\u00e8vements et de meurtres \u00e9branle la tranquillit\u00e9 de la ville. La jeune fille, qui r\u00eave d'amour et de premi\u00e8re fois, ne peut \u00e9trangement pas contr\u00f4ler son obsession pour ce tueur en s\u00e9rie qui r\u00f4de. Quand elle dispara\u00eet, tout porte \u00e0 croire qu'il l'a kidnapp\u00e9e. Suivez l'enqu\u00eate et d\u00e9couvrez ces deux \u00e2mes qui vont se confronter.\r\nComment sa famille et ses amies vont-elles vivre sa disparition\u00a0? Nevada est-elle s\u00e9questr\u00e9e\u00a0? Va-t-elle subir le m\u00eame sort que les pr\u00e9c\u00e9dentes victimes\u00a0? Jusqu'o\u00f9 la col\u00e8re et la tristesse peuvent-elles mener\u00a0?\r\nPlongez dans les d\u00e9dales de ce thriller psychologique intense, o\u00f9 la fronti\u00e8re entre la haine et le d\u00e9sir peut rendre fou.","authors":["Audrey Eden"],"category_codes":["90000000","90020000"],"visuals":{"large":"https:\/\/images.epagine.fr\/322\/9782322488322_1_75.jpg","medium":"https:\/\/images.epagine.fr\/322\/9782322488322_1_m.jpg","thumbnail":"https:\/\/images.epagine.fr\/322\/9782322488322_1_v.jpg"},"orderable":true,"show_badge":true,"formatted_price":"19,00&nbsp;\u20ac","formatted_published_date":"9 novembre 2023","publisher_availability_label":"Sur commande","short_details":"Audrey Eden \u2014 Books on Demand","translator":null,"weight":343,"page_count":250,"readership":null,"editor":"Books on Demand","price":1900,"published_date":"2023-11-08T23:00:00.000000Z","support":"Grand format","publisher_availability":1,"stock":0,"editions":[],"url":"https:\/\/quaidesbrumes.com\/ouvrage\/9782322488322\/mon-heroine-alpha"},{"id":"9782492473616","title":"Les enqu\u00eates du commandant Caradec Tome 1 : elle portait une robe rouge","description":"Quand le corps de Justine, jeune avocate, est retrouv\u00e9 sur la plage de G\u00e2vres, Lizig Caradec, commandant de police en Bretagne, d\u00e9cide de mener l'enqu\u00eate aux c\u00f4t\u00e9s de ses anciens coll\u00e8gues. L'arriv\u00e9e de sa rempla\u00e7ante Karine Majeur ne facilitera pas les choses mais Lizig finira finalement par faire corps avec cette enqu\u00eatrice tourment\u00e9e, dont les proc\u00e9d\u00e9s ne feront pas toujours l'unanimit\u00e9. Pour d\u00e9m\u00ealer l'affaire, la brigade criminelle de Lorient devra plonger, \u00e0 ses d\u00e9pens, dans des soir\u00e9es obscures o\u00f9 le vice pr\u00e9domine. Jusqu'o\u00f9 devront-ils aller pour trouver l'assassin de Justine ?","authors":["Morgane Le guennic"],"category_codes":["90000000","90010000"],"visuals":{"large":"https:\/\/images.epagine.fr\/616\/9782492473616_1_75.jpg","medium":"https:\/\/images.epagine.fr\/616\/9782492473616_1_m.jpg","thumbnail":"https:\/\/images.epagine.fr\/616\/9782492473616_1_v.jpg"},"orderable":true,"show_badge":true,"formatted_price":"15,00&nbsp;\u20ac","formatted_published_date":"13 avril 2022","publisher_availability_label":"Sur commande","short_details":"Morgane Le guennic \u2014 Hello Editions","translator":null,"weight":260,"page_count":211,"readership":null,"editor":"Hello Editions","price":1500,"published_date":"2022-04-12T22:00:00.000000Z","support":"Grand format","publisher_availability":1,"stock":0,"editions":[],"url":"https:\/\/quaidesbrumes.com\/ouvrage\/9782492473616\/les-enquetes-du-commandant-caradec-tome-1-elle-portait-une-robe-rouge"},{"id":"9782371410053","title":"D\u00e9b\u00e2cle","description":"Islande, solstice d'\u00e9t\u00e9. Alors que les jours commencent \u00e0 raccourcir, annon\u00e7ant l'arriv\u00e9e des t\u00e9n\u00e8bres sur les terres glac\u00e9es de l'\u00eele, cinq femmes vont dispara\u00eetre. Leur cadavre laisse voir une \u00e9trange et artistique mise en sc\u00e8ne.\r\nL'officier de police charg\u00e9 de l'enqu\u00eate sollicitera le concours de Aurore, fleuriste sensible et solitaire, n\u00e9anmoins proche de l'une des victimes. \u00c0 mesure que se d\u00e9noue l'intrigue, elle sera confront\u00e9e \u00e0 ses propres d\u00e9mons.\r\nCes meurtres semblent en effet avoir une finalit\u00e9 troublante, un sens...\r\nD\u00e9licieusement ambigu, oscillant volontiers entre horreur et po\u00e9sie, D\u00e9b\u00e2cle est le troisi\u00e8me roman de Laetitia Kermel. \u00c0 la fois sombre et optimiste, plant\u00e9 dans un d\u00e9cor grandiose et sauvage, il est n\u00e9 d'un d\u00e9sir esth\u00e9tique et sensoriel : voir se confronter la beaut\u00e9 et la fragilit\u00e9 des fleurs \u00e0 la puissance brute de la glace et, au-del\u00e0, explorer les ressorts dramatiques et les ramifications symboliques de cette union contre-nature. Tout ceci en fait un thriller psychologique pas comme les autres.\r\n\r\n\u00c0 recommander aux amateurs des premiers romans d'Am\u00e9lie Nothomb (notamment Mercure), d'Olivier Truc ou Camilla L\u00e4ckberg.\r","authors":["Laetitia Kermel"],"category_codes":["90000000","90020000","90020600"],"visuals":{"large":"https:\/\/images.epagine.fr\/053\/9782371410053_1_75.jpg","medium":"https:\/\/images.epagine.fr\/053\/9782371410053_1_m.jpg","thumbnail":"https:\/\/images.epagine.fr\/053\/9782371410053_1_v.jpg"},"orderable":true,"show_badge":true,"formatted_price":"16,00&nbsp;\u20ac","formatted_published_date":"18 novembre 2016","publisher_availability_label":"Sur commande","short_details":"Laetitia Kermel \u2014 Fragrances","translator":null,"weight":268,"page_count":223,"readership":null,"editor":"Fragrances","price":1600,"published_date":"2016-11-17T23:00:00.000000Z","support":"Grand format","publisher_availability":1,"stock":0,"editions":[],"url":"https:\/\/quaidesbrumes.com\/ouvrage\/9782371410053\/debacle"},{"id":"9791042274740","title":"Lueur au bout de la nuit","description":"Derri\u00e8re les promesses apaisantes, un centre de th\u00e9rapie douce d\u00e9di\u00e9 \u00e0 l'\u00e9veil spirituel et au d\u00e9veloppement de la confiance en soi, se cache une tout autre r\u00e9alit\u00e9. Recrutant de jeunes \u00e9tudiantes fragilis\u00e9es, issues de milieux ais\u00e9s, l'institut propose s\u00e9minaires, coaching et retraites de bien-\u00eatre. Mais sous couvert de soins et d'\u00e9mancipation, les victimes sont lentement manipul\u00e9es. Quand vient l'invitation \u00e0 un myst\u00e9rieux voyage dans le sud de la France, la fronti\u00e8re entre th\u00e9rapie de groupe et d\u00e9rive sectaire s'efface. Derri\u00e8re les sourires et les discours bienveillants, l'organisation r\u00e9v\u00e8le un dessein sombre : orchestrer des soir\u00e9es o\u00f9 tout d\u00e9rape, au m\u00e9pris des corps et des consciences.\u00a0","authors":["Andr\u00e9 Villez"],"category_codes":["90000000","90020000"],"visuals":{"large":"https:\/\/images.epagine.fr\/740\/9791042274740_1_75.jpg","medium":"https:\/\/images.epagine.fr\/740\/9791042274740_1_m.jpg","thumbnail":"https:\/\/images.epagine.fr\/740\/9791042274740_1_v.jpg"},"orderable":true,"show_badge":true,"formatted_price":"23,30&nbsp;\u20ac","formatted_published_date":"3 juillet 2025","publisher_availability_label":"Sur commande","short_details":"Andr\u00e9 Villez \u2014 Le Lys Bleu","translator":null,"weight":413,"page_count":344,"readership":null,"editor":"Le Lys Bleu","price":2330,"published_date":"2025-07-02T22:00:00.000000Z","support":"Grand format","publisher_availability":1,"stock":0,"editions":[],"url":"https:\/\/quaidesbrumes.com\/ouvrage\/9791042274740\/lueur-au-bout-de-la-nuit"},{"id":"9791037794680","title":"Tout \u00e7a pour \u00e7a","description":"Au carrefour du fleuve Charente et de l'Oc\u00e9an, Vincent, photographe, rencontre Morgane dans des circonstances dramatiques. Tr\u00e8s vite, ils deviennent des cibles, car Morgane d\u00e9tient un disque dur contenant un programme permettant une grande avanc\u00e9e pour la culture des c\u00e9r\u00e9ales. Commandit\u00e9es par des Laboratoires, deux bandes rivales essaient de s'emparer de cette preuve en s'affrontant dans des poursuites \u00e0 travers la France. Qui ressortira gagnant de ce combat ?","authors":["Jan Pierag"],"category_codes":["90000000","90020000"],"visuals":{"large":"https:\/\/images.epagine.fr\/680\/9791037794680_1_75.jpg","medium":"https:\/\/images.epagine.fr\/680\/9791037794680_1_m.jpg","thumbnail":"https:\/\/images.epagine.fr\/680\/9791037794680_1_v.jpg"},"orderable":true,"show_badge":true,"formatted_price":"20,40&nbsp;\u20ac","formatted_published_date":"7 juin 2023","publisher_availability_label":"Sur commande","short_details":"Jan Pierag \u2014 Le Lys Bleu","translator":null,"weight":246,"page_count":200,"readership":null,"editor":"Le Lys Bleu","price":2040,"published_date":"2023-06-06T22:00:00.000000Z","support":"Grand format","publisher_availability":1,"stock":0,"editions":[],"url":"https:\/\/quaidesbrumes.com\/ouvrage\/9791037794680\/tout-ca-pour-ca"},{"id":"9791037794062","title":"Dossier 357","description":"Ce matin, Marc Spencer, PDG du Groupe Euro Clean, se rend \u00e0 son bureau apr\u00e8s un voyage de trois jours dans ses filiales europ\u00e9ennes. Devant sa fen\u00eatre, il prend le temps de d\u00e9marrer cette journ\u00e9e plus calme \u00e0 La D\u00e9fense et ne se doute pas \u00e0 ce moment que, deux \u00e9tages au-dessous de lui, un terrible drame s'est produit peu avant son arriv\u00e9e. Alors qu'il lit tranquillement son journal, le lieutenant Thibault Sainte H\u00e9l\u00e8ne est d\u00e9j\u00e0 sur place et cherche des r\u00e9ponses... \r\nPour ce r\u00e9cit, l'auteur a choisi un format court et percutant pour illustrer l'efficacit\u00e9 d'une enqu\u00eate. Il en r\u00e9sulte une intrigue tr\u00e8s enlev\u00e9e, \u00e0 la \u00ab m\u00e9thode Columbo \u00bb. Le lecteur est transport\u00e9 de l'ombre \u00e0 la lumi\u00e8re, des sous-sols de La D\u00e9fense aux sommets de ses tours, en passant par les couloirs ma\u00e7onniques.","authors":["Pierre Dumoulin"],"category_codes":["90000000","90020000"],"visuals":{"large":"https:\/\/images.epagine.fr\/062\/9791037794062_1_75.jpg","medium":"https:\/\/images.epagine.fr\/062\/9791037794062_1_m.jpg","thumbnail":"https:\/\/images.epagine.fr\/062\/9791037794062_1_v.jpg"},"orderable":true,"show_badge":true,"formatted_price":"15,60&nbsp;\u20ac","formatted_published_date":"7 juin 2023","publisher_availability_label":"Sur commande","short_details":"Pierre Dumoulin \u2014 Le Lys Bleu","translator":null,"weight":188,"page_count":136,"readership":null,"editor":"Le Lys Bleu","price":1560,"published_date":"2023-06-06T22:00:00.000000Z","support":"Grand format","publisher_availability":1,"stock":0,"editions":[],"url":"https:\/\/quaidesbrumes.com\/ouvrage\/9791037794062\/dossier-357"},{"id":"9782315003112","title":"La mise \u00e0 mort du Matatdor","description":"1er janvier 1936.\r\nLe corps d'un petit gar\u00e7on au cr\u00e2ne fracass\u00e9  est retrouv\u00e9 en r\u00e9gion parisienne, au carrefour de la Belle- Epine. Qui est-il ? Que lui est-il arriv\u00e9 ? L'enqu\u00eate s'amorce et  hyst\u00e9rise la France enti\u00e8re. Il faudra attendre plus de huit mois  pour qu'un indice s\u00e9rieux apparaisse au milieu des d\u00e9lations,  des soup\u00e7ons, des fausses pistes : Marie-Louise Tanneau n'a  pas vu son fils depuis plus de deux ans.\r\nIl a \u00e9t\u00e9 confi\u00e9 \u00e0 son  ancien amant, le p\u00e8re de l'enfant, Fr\u00e9d\u00e9ric Moyse, un ancien  matador devenu concierge. Le personnage est fantasque et  fier. Mais est-il coupable ? Si oui, l'homme sera condamn\u00e9 \u00e0  mort. Un r\u00e9cit inspir\u00e9 d'un fait r\u00e9el qui d\u00e9fraya la chronique  entre 1936 et 1938.\r","authors":["Bernard Hautecloque"],"category_codes":["90000000","90010000"],"visuals":{"large":"https:\/\/images.epagine.fr\/112\/9782315003112_1_75.jpg","medium":"https:\/\/images.epagine.fr\/112\/9782315003112_1_m.jpg","thumbnail":"https:\/\/images.epagine.fr\/112\/9782315003112_1_v.jpg"},"orderable":true,"show_badge":true,"formatted_price":"21,90&nbsp;\u20ac","formatted_published_date":"26 janvier 2012","publisher_availability_label":"Sur commande","short_details":"Bernard Hautecloque \u2014 MAX MILO","translator":null,"weight":224,"page_count":192,"readership":null,"editor":"MAX MILO","price":2190,"published_date":"2012-01-25T23:00:00.000000Z","support":"Grand format","publisher_availability":1,"stock":0,"editions":[],"url":"https:\/\/quaidesbrumes.com\/ouvrage\/9782315003112\/la-mise-a-mort-du-matatdor"},{"id":"9791042203993","title":"Quand les truands se l\u00e8vent \u00e0 l'aube","description":"Au printemps 1998, des policiers de la PJ parisienne encha\u00eenent\r\nplanques et filatures derri\u00e8re plusieurs \u00e9quipes de malfaiteurs, pour la\r\nplupart fich\u00e9s au grand banditisme. Les flics de terrain du commandant\r\nBarantec, alias La Teigne, pr\u00e9f\u00e8rent agir en \u00ab flag \u00bb. Les arrestations sont\r\nalors particuli\u00e8rement p\u00e9rilleuses, mais ce cadre juridique est id\u00e9al pour\r\nune condamnation exemplaire des auteurs. Quels stratag\u00e8mes le groupe\r\nutilisera-t-il pour mener de front ces enqu\u00eates\r\net mettre tous ces truands\r\nhors d'\u00e9tat de nuire ?","authors":["Dan Northon"],"category_codes":["90000000","90020000"],"visuals":{"large":"https:\/\/images.epagine.fr\/993\/9791042203993_1_75.jpg","medium":"https:\/\/images.epagine.fr\/993\/9791042203993_1_m.jpg","thumbnail":"https:\/\/images.epagine.fr\/993\/9791042203993_1_v.jpg"},"orderable":true,"show_badge":true,"formatted_price":"20,60&nbsp;\u20ac","formatted_published_date":"5 septembre 2023","publisher_availability_label":"Sur commande","short_details":"Dan Northon \u2014 Le Lys Bleu","translator":null,"weight":251,"page_count":204,"readership":null,"editor":"Le Lys Bleu","price":2060,"published_date":"2023-09-04T22:00:00.000000Z","support":"Grand format","publisher_availability":1,"stock":0,"editions":[],"url":"https:\/\/quaidesbrumes.com\/ouvrage\/9791042203993\/quand-les-truands-se-levent-a-laube"},{"id":"9791042206031","title":"Au fond du puits... : Fait divers montreuillois - 1907","description":"Dans les ann\u00e9es 1900, la macabre d\u00e9couverte d'un cadavre au fond d'un puits \u00e0 Montreuil s\u00e8me le trouble et alimente les d\u00e9bats. Une enqu\u00eate polici\u00e8re tumultueuse se profile, avec des personnages hauts en couleur, ajoutant un myst\u00e8re de plus \u00e0 cette affaire. Pr\u00e9parez-vous \u00e0 une plong\u00e9e haletante dans Au Fond du Puits... - Fait divers montreuillois - 1907, une \u00e9nigme en apparence insoluble.","authors":["Juliette Villa Sens"],"category_codes":["90000000","90020000"],"visuals":{"large":"https:\/\/images.epagine.fr\/031\/9791042206031_1_75.jpg","medium":"https:\/\/images.epagine.fr\/031\/9791042206031_1_m.jpg","thumbnail":"https:\/\/images.epagine.fr\/031\/9791042206031_1_v.jpg"},"orderable":true,"show_badge":true,"formatted_price":"20,50&nbsp;\u20ac","formatted_published_date":"2 octobre 2023","publisher_availability_label":"Sur commande","short_details":"Juliette Villa Sens \u2014 Le Lys Bleu","translator":null,"weight":219,"page_count":176,"readership":null,"editor":"Le Lys Bleu","price":2050,"published_date":"2023-10-01T22:00:00.000000Z","support":"Grand format","publisher_availability":1,"stock":0,"editions":[],"url":"https:\/\/quaidesbrumes.com\/ouvrage\/9791042206031\/au-fond-du-puits-fait-divers-montreuillois-1907"},{"id":"9791042210854","title":"Meurtres de haut vol","description":"Au coeur de Grenoble, entre les sommets du Vercors et les majestueuses Alpes, la ville suffoque sous un voile de pollution, tandis qu'une s\u00e9rie de vols \u00e9tranges, sign\u00e9s de la lettre \u00ab P \u00bb, menace de basculer dans une spirale de crimes. Hom\u00e8re, Axelle et Laura, install\u00e9s sur place depuis quelques mois, se lancent dans une enqu\u00eate complexe o\u00f9 chaque indice soul\u00e8ve de nouvelles questions. Toutefois, le procureur, un homme \u00e0 l'ego d\u00e9mesur\u00e9, s\u00e9ducteur imp\u00e9nitent, exerce une pression constante sur les enqu\u00eateurs. Le commissaire, fra\u00eechement nomm\u00e9 \u00e0 l'h\u00f4tel de police, semble \u00eatre sous son emprise, cr\u00e9ant un suspense palpable autour de l'issue de cette enqu\u00eate inqui\u00e9tante. O\u00f9 se trouvent donc les cl\u00e9s de ce myst\u00e8re ?","authors":["Ren\u00e9 Moutt\u00e9"],"category_codes":["90000000","90020000"],"visuals":{"large":"https:\/\/images.epagine.fr\/854\/9791042210854_1_75.jpg","medium":"https:\/\/images.epagine.fr\/854\/9791042210854_1_m.jpg","thumbnail":"https:\/\/images.epagine.fr\/854\/9791042210854_1_v.jpg"},"orderable":true,"show_badge":true,"formatted_price":"23,70&nbsp;\u20ac","formatted_published_date":"3 novembre 2023","publisher_availability_label":"Sur commande","short_details":"Ren\u00e9 Moutt\u00e9 \u2014 Le Lys Bleu","translator":null,"weight":390,"page_count":324,"readership":null,"editor":"Le Lys Bleu","price":2370,"published_date":"2023-11-02T23:00:00.000000Z","support":"Grand format","publisher_availability":1,"stock":0,"editions":[],"url":"https:\/\/quaidesbrumes.com\/ouvrage\/9791042210854\/meurtres-de-haut-vol"},{"id":"9791042211516","title":"Le tueur des broussailles","description":"Manuella trouve l'amour sur un site de rencontre avec\r\nBen, un \u00e9crivain de\r\npolars talentueux. Cependant,\r\nalors que des couples se forment sur les r\u00e9seaux\r\nsociaux, des \u00e9v\u00e9nements sinistres se d\u00e9roulent dans\r\nla vie r\u00e9elle, notamment la d\u00e9couverte d'un corps dans\r\nun lac et la disparition de jeunes femmes, dont l'une\r\na\r\n\u00e9t\u00e9 aper\u00e7ue en compagnie de son nouveau petit ami\r\navant son d\u00e9c\u00e8s.\r\nLe myst\u00e8re s'\u00e9paissit alors autour de ces affaires...","authors":["Aissatou d. Ehemba"],"category_codes":["90000000","90020000"],"visuals":{"large":"https:\/\/images.epagine.fr\/516\/9791042211516_1_75.jpg","medium":"https:\/\/images.epagine.fr\/516\/9791042211516_1_m.jpg","thumbnail":"https:\/\/images.epagine.fr\/516\/9791042211516_1_v.jpg"},"orderable":true,"show_badge":true,"formatted_price":"20,40&nbsp;\u20ac","formatted_published_date":"9 novembre 2023","publisher_availability_label":"Sur commande","short_details":"Aissatou d. Ehemba \u2014 Le Lys Bleu","translator":null,"weight":205,"page_count":200,"readership":null,"editor":"Le Lys Bleu","price":2040,"published_date":"2023-11-08T23:00:00.000000Z","support":"Poche","publisher_availability":1,"stock":0,"editions":[],"url":"https:\/\/quaidesbrumes.com\/ouvrage\/9791042211516\/le-tueur-des-broussailles"}]}