{"data":[{"id":"9782896151219","title":"Les cahiers noirs de l'ali\u00e9niste Tome 2 ; le sang des prairies","description":"Fort Edmonton, 5\u00a0mai 1885... \r\nTrois mois apr\u00e8s avoir joint les rangs du 65e bataillon de Montr\u00e9al, le capitaine Georges Villeneuve, assist\u00e9 du lieu\u00adtenant Bruno Lafon\u00adtaine et du docteur Par\u00e9, entend la d\u00e9\u00adposition sous serment de Fran\u00e7ois L\u00e9pine, un interpr\u00e8te m\u00e9tis qui a surv\u00e9cu au massacre de Lac-\u00e0-la-Grenouille. \r\nVilleneuve et ses hommes ont re\u00e7u l'ordre du g\u00e9n\u00e9ral Strange de former une commission d'enqu\u00eate afin d'identifier les cadavres et de retrou\u00adver la trace des auteurs de ce crime odieux, de jeunes guerriers cris que le gouvernement canadien croit sympa\u00adthiques \u00e0 la cause de Louis Riel. Or, Villeneuve, tout comme la majorit\u00e9 des soldats et of\u00adficiers du 65e bataillon, consid\u00e8re Riel non comme un tra\u00eetre mais bien comme un h\u00e9ros de la Nation\u00a0!  \r\nSi la vie militaire n'effraie pas le jeune homme de vingt-deux ans - ses gages lui permettront en plus de payer ses \u00e9tudes de m\u00e9decine -, ce qu'il voit des injustices commises par le pouvoir d'Ottawa \u00e0 l'encontre des Indiens du Nord-Ouest, des M\u00e9tis et de Louis Riel, demeurera grav\u00e9 dans la m\u00e9moire du futur ali\u00e9niste. \r\n\u00c0 la fois roman policier, roman historique et v\u00e9ritable western, Le Sang des prairies relate une page sombre et injustement oubli\u00e9e de l'histoire canadienne.\r","authors":["Jacques C\u00f4te"],"category_codes":["90000000","90010000"],"visuals":{"large":"https:\/\/images.epagine.fr\/219\/9782896151219_1_75.jpg","medium":"https:\/\/images.epagine.fr\/219\/9782896151219_1_m.jpg","thumbnail":"https:\/\/images.epagine.fr\/219\/9782896151219_1_v.jpg"},"orderable":true,"show_badge":true,"formatted_price":"12,50&nbsp;\u20ac","formatted_published_date":"2 juillet 2015","publisher_availability_label":"Sur commande","short_details":"Jacques C\u00f4te \u2014 Alire","translator":null,"weight":240,"page_count":314,"readership":null,"editor":"Alire","price":1250,"published_date":"2015-07-01T22:00:00.000000Z","support":"Poche","publisher_availability":1,"stock":0,"editions":[],"url":"https:\/\/quaidesbrumes.com\/ouvrage\/9782896151219\/les-cahiers-noirs-de-lalieniste-tome-2-le-sang-des-prairies"},{"id":"9782898350269","title":"La vieille fille et la mort","description":"Le soir de mon trente-huiti\u00e8me anniversaire, je me suis saoul\u00e9e et j'ai d\u00e9couvert deux cadavres. Comment j'ai r\u00e9ussi \u00e7a ? C'est un bruit en provenance de chez Maryse et St\u00e9phane qui m'a tir\u00e9e de mon sommeil \u00e9thylique. Ce n'est pas que je sois tr\u00e8s aventureuse, mais sachant mes voisins au casino, j'ai voulu m'assurer qu'aucun voleur n'\u00e9tait \u00e0 l'oeuvre.\r\n\r\n J'ai d'abord d\u00e9couvert l'origine du bruit : une grosse perruche qui s'est perch\u00e9e sur mon doigt. J'ai vu ensuite quelque chose qui pendait du luminaire. Un jeune homme. Mort. Tout juste apr\u00e8s, j'ai trouv\u00e9 Maryse, pratiquement nue sur son lit, morte elle aussi. \u00c9trangl\u00e9e.\r\n\r\n Me voici donc lanc\u00e9e dans une (en)qu\u00eate qui ne m'apportera que des ennuis","authors":["Catherine Sylvestre"],"category_codes":["90000000","90010000"],"visuals":{"large":"https:\/\/images.epagine.fr\/269\/9782898350269_1_75.jpg","medium":"https:\/\/images.epagine.fr\/269\/9782898350269_1_m.jpg","thumbnail":"https:\/\/images.epagine.fr\/269\/9782898350269_1_v.jpg"},"orderable":true,"show_badge":true,"formatted_price":"12,50&nbsp;\u20ac","formatted_published_date":"1er mai 2023","publisher_availability_label":"Sur commande","short_details":"Catherine Sylvestre \u2014 Alire","translator":null,"weight":301,"page_count":338,"readership":null,"editor":"Alire","price":1250,"published_date":"2023-04-30T22:00:00.000000Z","support":"Grand format","publisher_availability":1,"stock":0,"editions":[],"url":"https:\/\/quaidesbrumes.com\/ouvrage\/9782898350269\/la-vieille-fille-et-la-mort"},{"id":"9782898350078","title":"Neiges rouges","description":"Soup\u00e7onnant un trafic de stup\u00e9fiants, Vincent Parent et son partenaire Antoine Lemay se rendent au domicile d'Anna Wabanonik. Mais \u00e0 leur arriv\u00e9e, l'Autochtone et Kanti, sa fille de quatorze ans, surprennent les policiers en s'enfuyant en raquettes \u00e0 travers les for\u00eats enneig\u00e9es. Sans l'ombre d'un geste mena\u00e7ant de la part d'Anna, Lemay pointe une arme sur elle et l'abat. Horrifi\u00e9, Parent exige des explications, mais son coll\u00e8gue redirige son arme vers lui. Une semaine plus tard, Vincent Parent, qui a \u00e9t\u00e9 plus rapide que Lemay, se remet de ses blessures, mais une question monopolise son esprit : o\u00f9 diable, a pu se r\u00e9fugier la jeune Kanti, dont on a perdu la trace depuis la mort de sa m\u00e8re ?","authors":["Fran\u00e7ois L\u00e9vesque"],"category_codes":["90000000","90010000"],"visuals":{"large":"https:\/\/images.epagine.fr\/078\/9782898350078_1_75.jpg","medium":"https:\/\/images.epagine.fr\/078\/9782898350078_1_m.jpg","thumbnail":"https:\/\/images.epagine.fr\/078\/9782898350078_1_v.jpg"},"orderable":true,"show_badge":true,"formatted_price":"12,50&nbsp;\u20ac","formatted_published_date":"1er mai 2022","publisher_availability_label":"Sur commande","short_details":"Fran\u00e7ois L\u00e9vesque \u2014 Alire","translator":null,"weight":201,"page_count":null,"readership":null,"editor":"Alire","price":1250,"published_date":"2022-04-30T22:00:00.000000Z","support":"Grand format","publisher_availability":1,"stock":0,"editions":[],"url":"https:\/\/quaidesbrumes.com\/ouvrage\/9782898350078\/neiges-rouges"},{"id":"9782896152032","title":"Faims","description":"Assassins, oui. Comme vous tous, comme tout le monde. Et hypocrites. Et l\u00e2ches. Et envieux, d\u00e9bauch\u00e9s, frustr\u00e9s, \u00e9gocentriques, vils, inf\u00e2mes, assoiff\u00e9s de pouvoir, d'argent et de luxure, couverts du vernis de la respectabilit\u00e9 pour mieux camoufler nos d\u00e9sirs qui nous rongent et nous tuent, d\u00e9goulinants de bonne conscience avec nos conjoints, nos enfants et notre boulot, et aveugles, volontairement et d\u00e9sesp\u00e9r\u00e9ment aveugles jusqu'\u00e0 ce que la r\u00e9alit\u00e9 nous cr\u00e8ve les yeux et le coeur ! Humains, depuis la caverne, depuis le serpent et sa pomme, humains jusqu'au bout de nos ongles de b\u00eates !\r\nBienvenue \u00e0 Kadpidi, une petite ville tranquille situ\u00e9e au coeur d'une r\u00e9gion tranquille.\r\nC'est l\u00e0 que vit une petite famille tranquille. Jo\u00ebl, le p\u00e8re, est policier ; Martine, sa femme, est propri\u00e9taire d'une clinique v\u00e9t\u00e9rinaire. Leurs deux enfants sont maintenant des ados et, \u00e0 la fin de l'\u00e9t\u00e9, Nicholas entrera au c\u00e9gep, \u00c9milie en troisi\u00e8me secondaire.\r\nEn ce second samedi de juillet, la trente-deuxi\u00e8me \u00e9dition du Bal du Chien-Chaud bat son plein au parc Woodyatt et la journ\u00e9e est magnifique. Or, au m\u00eame moment,le \u00ab Humanus Circus \u00bb arrive en ville avec ses quatre autocaravanes et ses trois fourgons tir\u00e9s par des camionnettes.\r\nBient\u00f4t, plus rien ne sera tranquille...\r","authors":["Patrick Sen\u00e9cal"],"category_codes":["90000000","90020000"],"visuals":{"large":"https:\/\/images.epagine.fr\/032\/9782896152032_1_75.jpg","medium":"https:\/\/images.epagine.fr\/032\/9782896152032_1_m.jpg","thumbnail":"https:\/\/images.epagine.fr\/032\/9782896152032_1_v.jpg"},"orderable":true,"show_badge":true,"formatted_price":"12,50&nbsp;\u20ac","formatted_published_date":"17 octobre 2019","publisher_availability_label":"Sur commande","short_details":"Patrick Sen\u00e9cal \u2014 Alire","translator":null,"weight":350,"page_count":594,"readership":null,"editor":"Alire","price":1250,"published_date":"2019-10-16T22:00:00.000000Z","support":"Poche","publisher_availability":1,"stock":0,"editions":[],"url":"https:\/\/quaidesbrumes.com\/ouvrage\/9782896152032\/faims"},{"id":"9782384064458","title":"Les secrets des souterrains de l'abbaye de Belmond (et autres \u00e9vasions)","description":"Un sociologue c\u00e9l\u00e8bre a toujours affirm\u00e9 que \u00ab La prison fabriquait des d\u00e9linquants. \u00bb Lysandre, prisonnier notoire, n'a pas d'id\u00e9e pr\u00e9con\u00e7ue sur ce sujet, mais ajoute avec conviction :\r\n\u00ab Une \u00e9vasion produit des liens ind\u00e9fectibles entre \u00e9vad\u00e9s. \u00bb\r\nCar une \u00e9vasion, cela se pr\u00e9pare, c'est un travail d'horlogerie surtout quand on file \u00e0 l'anglaise, un jour de pluie, sans sortir ni une arme ni une scie circulaire.\r\nComme quoi, on peut affirmer que tous les gens enferm\u00e9s ne sont pas forc\u00e9ment des d\u00e9linquants \u00e0 plein temps.\r\nC'est exactement ce qu'ont v\u00e9cu les cinq prisonniers de la cellule 25 du deuxi\u00e8me \u00e9tage de la prison de Belmond, entrainant vers la sortie avec eux trois cent cinquante autres taulards.br\/>Du jamais vu dans les annales des prisons hexagonales. Lysandre, chef du projet, devra quand m\u00eame se m\u00e9fier de deux, trois \u00ab acolytes \u00bb qui l'accompagnent, pas toujours \u00e9vidents \u00e0 g\u00e9rer, ni du pouvoir en place jamais pr\u00eat \u00e0 reconna\u00eetre l'\u00e9vidence.br\/>C'est exactement cette histoire que l'on vous raconte, en commen\u00e7ant par le commencement, bien avant la construction de la prison, car il faut un d\u00e9but \u00e0 tout !","authors":["Jean-Marie Malbec"],"category_codes":["90000000","90010000"],"visuals":{"large":"https:\/\/images.epagine.fr\/458\/9782384064458_1_75.jpg","medium":"https:\/\/images.epagine.fr\/458\/9782384064458_1_m.jpg","thumbnail":"https:\/\/images.epagine.fr\/458\/9782384064458_1_v.jpg"},"orderable":true,"show_badge":true,"formatted_price":"21,50&nbsp;\u20ac","formatted_published_date":"2 janvier 2025","publisher_availability_label":"Sur commande","short_details":"Jean-Marie Malbec \u2014 Douro","translator":null,"weight":449,"page_count":352,"readership":null,"editor":"Douro","price":2150,"published_date":"2025-01-01T23:00:00.000000Z","support":"Grand format","publisher_availability":1,"stock":0,"editions":[],"url":"https:\/\/quaidesbrumes.com\/ouvrage\/9782384064458\/les-secrets-des-souterrains-de-labbaye-de-belmond-et-autres-evasions"},{"id":"9782896152070","title":"Ceux de l\u00e0-bas","description":"\u00c0 l'aube de la cinquantaine, Victor Bettany est psychologue aupr\u00e8s des \u00e9tudiants du c\u00e9gep de Drummondville. En excellente forme physique, c'est toujours \u00e0 pied qu'il se rend au boulot... ou au CHSLD afin de rendre visite \u00e0 son p\u00e8re, Philippe, aux prises avec l'alzheimer, et de soutenir sa m\u00e8re, Th\u00e9r\u00e8se, continuellement au chevet de son mari. Or, de voir d\u00e9p\u00e9rir son p\u00e8re perturbe Victor, lui qui a v\u00e9cu il y a deux ans le d\u00e9c\u00e8s accidentel de Roxanne, son amoureuse, et dont la peur de la mort s'amplifie en vieillissant. Mais, comme il le confie souvent \u00e0 sa meilleure amie Lucie, Victor se sait capable de surmonter ses angoisses, et tout cela ne l'emp\u00eache pas de vivre sa vie, ni m\u00eame de chercher une nouvelle \u00e2me soeur. Mais ce soir, sa rencontre avec une flamme potentielle ne s'est pas tr\u00e8s bien d\u00e9roul\u00e9e et, plut\u00f4t que de revenir chez lui, Victor d\u00e9cide sur un coup de t\u00eate - qu'il va am\u00e8rement regretter quelques heures plus tard - d'assister \u00e0 la premi\u00e8re du nouveau spectacle de Crypto, un\r","authors":["Patrick Sen\u00e9cal"],"category_codes":["91000000","91010000"],"visuals":{"large":"https:\/\/images.epagine.fr\/070\/9782896152070_1_75.jpg","medium":"https:\/\/images.epagine.fr\/070\/9782896152070_1_m.jpg","thumbnail":"https:\/\/images.epagine.fr\/070\/9782896152070_1_v.jpg"},"orderable":true,"show_badge":true,"formatted_price":"24,00&nbsp;\u20ac","formatted_published_date":"22 avril 2021","publisher_availability_label":"Sur commande","short_details":"Patrick Sen\u00e9cal \u2014 Alire","translator":null,"weight":501,"page_count":558,"readership":null,"editor":"Alire","price":2400,"published_date":"2021-04-21T22:00:00.000000Z","support":"Grand format","publisher_availability":1,"stock":0,"editions":["9782898350375"],"url":"https:\/\/quaidesbrumes.com\/ouvrage\/9782896152070\/ceux-de-la-bas"},{"id":"9782896153114","title":"Stigmates","description":"Peu apr\u00e8s avoir demand\u00e9 \u00e0 voir le sergent-d\u00e9tective Francis Pagliaro, Ga\u00e9tan Rivard, un d\u00e9tenu condamn\u00e9 \u00e0 vie pour avoir tu\u00e9 Florence Lussier et son fils J\u00e9r\u00e9mie, a tent\u00e9 de se suicider. Francis, d\u00e9j\u00e0 affair\u00e9 \u00e0 \u00e9lucider une p\u00e9nible histoire de f\u00e9minicide impliquant un policier, accepte n\u00e9anmoins la demande de son sup\u00e9rieur de d\u00e9couvrir ce qui a pouss\u00e9 l'ancien pharmacien \u00e0 poser un tel geste, car, lors de leur rencontre, Rivard lui avait remis une feuille sur laquelle il avait dessin\u00e9 un dessin tr\u00e8s enfantin tout en ajoutant : \u00ab Gardez \u00e7a, \u00e7a vous sera utile \u00e0 pr\u00e9sent. \u00bb Or, plus il fouille, plus il r\u00e9alise \u00e0 quel point ces aveux ont arrang\u00e9 bien des gens de l'entourage du pharmacien.","authors":["Richard Ste-Marie"],"category_codes":["90000000","90010000"],"visuals":{"large":"https:\/\/images.epagine.fr\/114\/9782896153114_1_75.jpg","medium":"https:\/\/images.epagine.fr\/114\/9782896153114_1_m.jpg","thumbnail":"https:\/\/images.epagine.fr\/114\/9782896153114_1_v.jpg"},"orderable":true,"show_badge":true,"formatted_price":"24,50&nbsp;\u20ac","formatted_published_date":"1er mai 2022","publisher_availability_label":"Sur commande","short_details":"Richard Ste-Marie \u2014 Alire","translator":null,"weight":501,"page_count":null,"readership":null,"editor":"Alire","price":2450,"published_date":"2022-04-30T22:00:00.000000Z","support":"Grand format","publisher_availability":1,"stock":0,"editions":["9782898350863"],"url":"https:\/\/quaidesbrumes.com\/ouvrage\/9782896153114\/stigmates"},{"id":"9782896151844","title":"Oniria","description":"\u00ab Silence, \u00e0 l'exception du moteur du camion qui roule depuis maintenant une quinzaine de minutes. Dave n'est vraiment pas rassur\u00e9. Une \u00e9vasion tout seul, c'est d\u00e9j\u00e0 risqu\u00e9, mais \u00e0 quatre, \u00e7a confine au suicide, surtout avec un imb\u00e9cile comme Jef... Heureusement, \u00c9ric \u00e9coute les consignes \u00e0 la lettre. Et Loner est parfait : aucune h\u00e9sitation, aucun doute, aucun faux mouvement. Normal, puisqu'il est l'architecte de cette \u00e9vasion. Il n'a pas prof\u00e9r\u00e9 trois mots depuis le d\u00e9but de l'op\u00e9ration il y a maintenant plus d'une heure... Dave tente de contr\u00f4ler son angoisse. Allons, maintenant qu'ils se trouvent tous dans le conteneur, on peut dire qu'ils ont r\u00e9ussi, non ?... \u00bb Ils sont quatre : David, Jef, \u00c9ric et Loner. Quatre criminels qui, habilement, se sont \u00e9chapp\u00e9s de prison. Mais la police les a pris en chasse et les cerne de pr\u00e8s. Alors ils d\u00e9cident de se cacher pour la nuit dans une villa isol\u00e9e au nom \u00e9trange, Oniria... Et c'est sans aucun doute la pire d\u00e9cision de leur existence !","authors":["Patrick Sen\u00e9cal"],"category_codes":["90000000","90010000"],"visuals":{"large":"https:\/\/images.epagine.fr\/844\/9782896151844_1_75.jpg","medium":"https:\/\/images.epagine.fr\/844\/9782896151844_1_m.jpg","thumbnail":"https:\/\/images.epagine.fr\/844\/9782896151844_1_v.jpg"},"orderable":true,"show_badge":true,"formatted_price":"19,00&nbsp;\u20ac","formatted_published_date":"21 mai 2018","publisher_availability_label":"Sur commande","short_details":"Patrick Sen\u00e9cal \u2014 Alire","translator":null,"weight":401,"page_count":null,"readership":null,"editor":"Alire","price":1900,"published_date":"2018-05-20T22:00:00.000000Z","support":"Grand format","publisher_availability":1,"stock":0,"editions":[],"url":"https:\/\/quaidesbrumes.com\/ouvrage\/9782896151844\/oniria"},{"id":"9782925049883","title":"Covid-19 : la conspiration","description":"Une fiction ? Hum... Peut-\u00eatre pas. \u00c0 travers un suspense endiabl\u00e9, l'auteur d\u00e9montre de fa\u00e7on troublante que la Covid-19 n'est PAS un accident. \u00c0 l'automne 2019, l'agent du FBI, Francis Jones, est appel\u00e9 en renfort par l'arm\u00e9e am\u00e9ricaine pour mener une enqu\u00eate sur une mort myst\u00e9rieuse. M\u00e9decin l\u00e9giste et ex-militaire, il d\u00e9couvre un troublant secret lors de l'autopsie du prisonnier militaire. Contactant une jeune journaliste conspirationniste qui est sur le point de publier un dossier-choc sur l'\u00e9nigmatique soci\u00e9t\u00e9 P\u00e2tlinar et ses liens avec le n\u00e9buleux groupe Brudenberg, l'improbable duo d\u00e9clenche alors une cascade d'\u00e9v\u00e9nements qui aboutiront \u00e0 Wuhan, en Chine, au coeur m\u00eame des complots. Coinc\u00e9s au milieu d'une guerre entre le puissant Brudenberg et les services secrets chinois, l'agent du FBI et sa partenaire d\u00e9couvriront une terrible conspiration ayant pour but de r\u00e9pandre un virus mortel et ainsi, provoquer une pand\u00e9mie et le chaos sur toute la plan\u00e8te. En tentant de mettre \u00e0 nu cette infernale machination pour \u00e9viter des dizaines de millions de morts, ils affronteront des forces hostiles dont le seul but est d'asservir l'humanit\u00e9. Inspir\u00e9 de faits r\u00e9els et de r\u00e9centes perc\u00e9es technologiques, ce r\u00e9cit r\u00e9v\u00e8le au grand jour une inqui\u00e9tante d\u00e9couverte scientifique qui pourrait bouleverser notre vision d'un monde libre. Le d\u00e9veloppement scientifique effr\u00e9n\u00e9, et sans contraintes d'ordre \u00e9thique, des laboratoires de pointe chinois dans les domaines de la g\u00e9n\u00e9tique et de l'\u00e9tude du cerveau, laisse entrevoir le pire des sc\u00e9narios. Dans cette pand\u00e9mie programm\u00e9e se cache peut-\u00eatre le pire des fl\u00e9aux que l'humanit\u00e9 n'aura jamais affront\u00e9 ! L'empire du dragon s'est r\u00e9veill\u00e9 et la Terre en tremblera.","authors":["Guy F. Blouin"],"category_codes":["90000000","90010000"],"visuals":{"large":"https:\/\/images.epagine.fr\/883\/9782925049883_1_75.jpg","medium":"https:\/\/images.epagine.fr\/883\/9782925049883_1_m.jpg","thumbnail":"https:\/\/images.epagine.fr\/883\/9782925049883_1_v.jpg"},"orderable":true,"show_badge":true,"formatted_price":"20,00&nbsp;\u20ac","formatted_published_date":"1er avril 2021","publisher_availability_label":"Sur commande","short_details":"Guy F. Blouin \u2014 La Plume D'Or","translator":null,"weight":401,"page_count":null,"readership":null,"editor":"La Plume D'Or","price":2000,"published_date":"2021-03-31T22:00:00.000000Z","support":"Grand format","publisher_availability":1,"stock":0,"editions":[],"url":"https:\/\/quaidesbrumes.com\/ouvrage\/9782925049883\/covid-19-la-conspiration"},{"id":"9782898110962","title":"Requiem am\u00e9ricain","description":"Montr\u00e9al, au coeur des ann\u00e9es 1990. Fra\u00eechement sorti de prison, Marc Hamel, t\u00eate dirigeante des Hells Angels, commande un assaut en r\u00e8gle contre les Rock Machine. L'enjeu : \u00e9tendre son territoire et contr\u00f4ler le march\u00e9 de la drogue. L'affrontement des clans ennemis plonge la m\u00e9tropole dans la confusion et le chaos. Les fusillades s'encha\u00eenent, les bombes explosent et les cadavres se multiplient. Afin d'enrayer cette escalade de la violence, Owen Hayden et son \u00e9quipe du SPCUM doivent frapper vite et fort. Or, pour le lieutenant responsable de l'escouade antigang, la guerre des motards a un visage tr\u00e8s intime...","authors":["Jacques C\u00f4te"],"category_codes":["90000000","90010000"],"visuals":{"large":"https:\/\/images.epagine.fr\/962\/9782898110962_1_75.jpg","medium":"https:\/\/images.epagine.fr\/962\/9782898110962_1_m.jpg","thumbnail":"https:\/\/images.epagine.fr\/962\/9782898110962_1_v.jpg"},"orderable":true,"show_badge":true,"formatted_price":"27,00&nbsp;\u20ac","formatted_published_date":"2 f\u00e9vrier 2023","publisher_availability_label":"Sur commande","short_details":"Jacques C\u00f4te \u2014 Flammarion Quebec","translator":null,"weight":501,"page_count":320,"readership":null,"editor":"Flammarion Quebec","price":2700,"published_date":"2023-02-01T23:00:00.000000Z","support":"Grand format","publisher_availability":1,"stock":0,"editions":[],"url":"https:\/\/quaidesbrumes.com\/ouvrage\/9782898110962\/requiem-americain"},{"id":"9782898350351","title":"La vieille fille et l'enfant","description":"Cette fois, ce n'est pas ma faute, je le jure. C'est mon ex-coll\u00e8gue de la biblioth\u00e8que, Jeanne, qui m'a demand\u00e9 d'aider sa sur Agn\u00e8s, obnubil\u00e9e par la mort de sa meilleure amie Mireille. En v\u00e9rit\u00e9, ladite sur fait une fixation sur le message laiss\u00e9 sur son r\u00e9pondeur par son amie la veille de sa mort. Elle y \u00e9voque sur un ton catastroph\u00e9 \u00ab une petite fille de la piscine \u00bb et une \u00ab face enrag\u00e9e \u00bb. Or, c'est dans les cabines de la piscine que Mireille a trouv\u00e9 la mort apr\u00e8s un cours d'aquaforme !\r\n\r\nEt sans que je m'en rende compte, mes actions m'am\u00e8nent  malgr\u00e9 moi et encore plus malgr\u00e9 Yves !  au cur de l'enqu\u00eate et des pires ennuis","authors":["Catherine Sylvestre"],"category_codes":["90000000","90010000"],"visuals":{"large":"https:\/\/images.epagine.fr\/351\/9782898350351_1_75.jpg","medium":"https:\/\/images.epagine.fr\/351\/9782898350351_1_m.jpg","thumbnail":"https:\/\/images.epagine.fr\/351\/9782898350351_1_v.jpg"},"orderable":true,"show_badge":true,"formatted_price":"12,50&nbsp;\u20ac","formatted_published_date":"28 octobre 2023","publisher_availability_label":"Sur commande","short_details":"Catherine Sylvestre \u2014 Alire","translator":null,"weight":301,"page_count":352,"readership":null,"editor":"Alire","price":1250,"published_date":"2023-10-27T22:00:00.000000Z","support":"Grand format","publisher_availability":1,"stock":0,"editions":[],"url":"https:\/\/quaidesbrumes.com\/ouvrage\/9782898350351\/la-vieille-fille-et-lenfant"},{"id":"9782898108730","title":"Coupable Tome 1 : L'affaire Mana Thompson","description":"Serg Barkley en a vu de toutes les couleurs depuis son entr\u00e9e en poste comme sergent enqu\u00eateur aux crimes majeurs de la S\u00fbret\u00e9 du Qu\u00e9bec. Si bien que ses enqu\u00eates pass\u00e9es reviennent hanter ses nuits d'insomnies des mois, voire des ann\u00e9es apr\u00e8s les faits. Cette fois-ci, l'affaire Mana Thompson trouble le sommeil du sergent. Selon ses proches, l'adolescente de quinze ans n'avait aucune raison de vouloir mettre fin \u00e0 ses jours et personne ne comprend comment elle aurait pu tomber dans la rivi\u00e8re des Prairies, \u00e0 Montr\u00e9al. Alors pourquoi son corps a-t-il \u00e9t\u00e9 retrouv\u00e9, \u00e9chou\u00e9 sur la berge \u00e0 la hauteur du parc Rimbault, sans aucune marque de violence apparente ? Que s'est-il pass\u00e9 ? Et surtout qui est coupable de ce meurtre ?.","authors":["Carine Paquin"],"category_codes":["90000000","90010000"],"visuals":{"large":"https:\/\/images.epagine.fr\/730\/9782898108730_1_75.jpg","medium":"https:\/\/images.epagine.fr\/730\/9782898108730_1_m.jpg","thumbnail":"https:\/\/images.epagine.fr\/730\/9782898108730_1_v.jpg"},"orderable":true,"show_badge":true,"formatted_price":"17,50&nbsp;\u20ac","formatted_published_date":"13 janvier 2024","publisher_availability_label":"Sur commande","short_details":"Carine Paquin \u2014 Les Malins","translator":null,"weight":400,"page_count":138,"readership":null,"editor":"Les Malins","price":1750,"published_date":"2024-01-12T23:00:00.000000Z","support":"Grand format","publisher_availability":1,"stock":0,"editions":[],"url":"https:\/\/quaidesbrumes.com\/ouvrage\/9782898108730\/coupable-tome-1-laffaire-mana-thompson"},{"id":"9782898350450","title":"Au bout de la folie","description":"Luc Berger, \u00e9crivain au succ\u00e8s plus que modeste, n'est pas suicidaire, pourtant il souhaite devancer sa mort. Il n'est pas triste, ne souffre pas de d\u00e9pression ni d'un quelconque \u00ab mal de vivre \u00bb. Mais il veut mourir, ou du moins se retirer de cette soci\u00e9t\u00e9 qu'il abhorre.\r\n\r\nC'est dans cet \u00e9tat d'esprit qu'il quitte la grande ville pour Mont-Tombelle, le trou perdu de son enfance, l\u00e0 o\u00f9 l'attend l'h\u00f4tel de ses parents, dont il vient d'h\u00e9riter.\r\n\r\nD\u00e8s son arriv\u00e9e, Luc est surpris par tous ces nouveaux visages, toutes ces nouvelles personnalit\u00e9s qui pullulent au village. : et s'ils \u00e9taient tous \u00e0 Mont-Tombelle pour lui ou, pire, \u00e0 cause de lui ?","authors":["Miguel Ardan"],"category_codes":["90000000","90010000"],"visuals":{"large":"https:\/\/images.epagine.fr\/450\/9782898350450_1_75.jpg","medium":"https:\/\/images.epagine.fr\/450\/9782898350450_1_m.jpg","thumbnail":"https:\/\/images.epagine.fr\/450\/9782898350450_1_v.jpg"},"orderable":true,"show_badge":true,"formatted_price":"21,50&nbsp;\u20ac","formatted_published_date":"1er mai 2024","publisher_availability_label":"Sur commande","short_details":"Miguel Ardan \u2014 Alire","translator":null,"weight":400,"page_count":288,"readership":null,"editor":"Alire","price":2150,"published_date":"2024-04-30T22:00:00.000000Z","support":"Grand format","publisher_availability":1,"stock":0,"editions":[],"url":"https:\/\/quaidesbrumes.com\/ouvrage\/9782898350450\/au-bout-de-la-folie"},{"id":"9782898350528","title":"Halifax express","description":"Craignant l'invasion de l'Angleterre, le premier ministre Winston Churchill fait exp\u00e9dier au Canada la totalit\u00e9 du Tr\u00e9sor national afin de le mettre \u00e0 l'abri des Allemands. Or, le train r\u00e9quisitionn\u00e9 pour assurer son transport en sol canadien, le Halifax Express, est d\u00e9tourn\u00e9 sous les yeux m\u00eame de l'officier de la Gendarmerie Royale charg\u00e9 de sa protection, Francis Lemay. Et ce dernier sait pertinemment qui est le chef des brigands : Sean Finnegan, l'Irlandais qui, un an plus t\u00f4t, a froidement abattu son partenaire et que Lemay traque depuis sans rel\u00e2che.","authors":["Lionel No\u00ebl"],"category_codes":["90000000","90010000"],"visuals":{"large":"https:\/\/images.epagine.fr\/528\/9782898350528_1_75.jpg","medium":"https:\/\/images.epagine.fr\/528\/9782898350528_1_m.jpg","thumbnail":"https:\/\/images.epagine.fr\/528\/9782898350528_1_v.jpg"},"orderable":true,"show_badge":true,"formatted_price":"14,00&nbsp;\u20ac","formatted_published_date":"15 mai 2024","publisher_availability_label":"Sur commande","short_details":"Lionel No\u00ebl \u2014 Alire","translator":null,"weight":505,"page_count":464,"readership":null,"editor":"Alire","price":1400,"published_date":"2024-05-14T22:00:00.000000Z","support":"Poche","publisher_availability":1,"stock":0,"editions":[],"url":"https:\/\/quaidesbrumes.com\/ouvrage\/9782898350528\/halifax-express"},{"id":"9782490628049","title":"Sniper","description":"Saint-Br\u00e9vin les Pins, station baln\u00e9aire de la Loire-Atlantique, situ\u00e9e sur la rive sud du fleuve...Alors que les touristes affluent sur la c\u00f4te, un meurtre se produit. Les enqu\u00eateurs de Saint-Nazaire viennent appuyer les gendarmes locaux. Ils auront bien du fil \u00e0 retordre avec tous les \u00e9v\u00e8nements qui s'enchainent.Mais c'est sans compter sur la pers\u00e9v\u00e9rance du Capitaine Monfoul et du Major Pessac pour venir \u00e0 bout de l'enqu\u00eate.","authors":["Bondu Pascal"],"category_codes":["90000000","90010000"],"visuals":{"large":"https:\/\/images.epagine.fr\/049\/9782490628049_1_75.jpg","medium":"https:\/\/images.epagine.fr\/049\/9782490628049_1_m.jpg","thumbnail":"https:\/\/images.epagine.fr\/049\/9782490628049_1_v.jpg"},"orderable":true,"show_badge":true,"formatted_price":"12,00&nbsp;\u20ac","formatted_published_date":"25 juillet 2019","publisher_availability_label":"Sur commande","short_details":"Bondu Pascal \u2014 Hey","translator":null,"weight":242,"page_count":null,"readership":null,"editor":"Hey","price":1200,"published_date":"2019-07-24T22:00:00.000000Z","support":"Grand format","publisher_availability":1,"stock":0,"editions":[],"url":"https:\/\/quaidesbrumes.com\/ouvrage\/9782490628049\/sniper"},{"id":"9782898112430","title":"Funestes r\u00e9coltes","description":"Quand cinq travailleurs temporaires guat\u00e9malt\u00e8ques embauch\u00e9s par un fermier de Saint-Val\u00e9rien-de-Milton disparaissent, ce dernier se tourne vers Blaise et Victor, les d\u00e9tectives priv\u00e9s de La Firme, pour mener l'investigation.. Lanc\u00e9s sur les traces des hommes volatilis\u00e9s, les deux limiers remontent \u00e0 la source d'un vaste r\u00e9seau d'exploitation humaine. Ils ne tarderont pas \u00e0 mettre en lumi\u00e8re les sombres rouages derri\u00e8re l'apparente tranquillit\u00e9 des fermes de la province. Disparition ou enl\u00e8vement ? Cette affaire serait-elle li\u00e9e \u00e0 la mort d'un agriculteur dont la mauvaise r\u00e9putation brouille les pistes et sur laquelle enqu\u00eate Josette Labranche de la S\u00fbret\u00e9 du Qu\u00e9bec ?. Employ\u00e9s sans-papiers, fermiers v\u00e9reux, agences de placement illicites, dark web clandestin, criminalit\u00e9 : Funestes r\u00e9coltes est une fiction sur le monde agricole et les travailleurs temporaires ill\u00e9gaux au Qu\u00e9bec. Un roman r\u00e9aliste passionnant qui m\u00eale questions de soci\u00e9t\u00e9 et intrigue polici\u00e8re, et qui ne laissera personne indiff\u00e9rent.","authors":["Jocelyne Cazin"],"category_codes":["90000000","90010000"],"visuals":{"large":"https:\/\/images.epagine.fr\/430\/9782898112430_1_75.jpg","medium":"https:\/\/images.epagine.fr\/430\/9782898112430_1_m.jpg","thumbnail":"https:\/\/images.epagine.fr\/430\/9782898112430_1_v.jpg"},"orderable":true,"show_badge":true,"formatted_price":"28,50&nbsp;\u20ac","formatted_published_date":"15 janvier 2025","publisher_availability_label":"Sur commande","short_details":"Jocelyne Cazin \u2014 Flammarion Quebec","translator":null,"weight":400,"page_count":312,"readership":null,"editor":"Flammarion Quebec","price":2850,"published_date":"2025-01-14T23:00:00.000000Z","support":"Grand format","publisher_availability":1,"stock":0,"editions":[],"url":"https:\/\/quaidesbrumes.com\/ouvrage\/9782898112430\/funestes-recoltes"},{"id":"9791040568179","title":"Parole de tomate : Et si le jardin \u00e9tait l'assassin ?","description":"P\u00e9tula, une Anglaise aussi charmante qu'originale, s'est install\u00e9e dans un village vend\u00e9en. Elle y a cr\u00e9\u00e9 un jardin magnifique dont elle prend grand soin. Mais un promoteur immobilier la harc\u00e8le : il veut acheter son terrain pour y construire un lotissement. P\u00e9tula r\u00e9siste jusqu'au soir o\u00f9 elle le d\u00e9couvre mort sous ses hortensias. Tout accuse la cuisine anglaise (plus sp\u00e9cifiquement, un cheese-cake) jusqu'\u00e0 l'arriv\u00e9e d'un inspecteur surr\u00e9aliste, \u00e0 l'intuition l\u00e9gendaire qui, lui, soup\u00e7onne le jardin ! Et s'il avait raison ? Si le jardin \u00e9tait l'assassin ? Les plantes peuvent-elles d\u00e9lib\u00e9r\u00e9ment tuer ? J'ai ador\u00e9 l'intrigue et j'ai beaucoup ri ! Les personnages sont tr\u00e8s attachants et cette approche du pouvoir des plantes permet une belle d\u00e9couverte. - Vanessa J'ai eu beaucoup de plaisir \u00e0 lire ce roman, j'avais la banane durant toute la lecture. Et, promis, plus jamais je ne regarderai une foug\u00e8re comme avant ! - Corinne Comme pour le pr\u00e9c\u00e9dent roman de la s\u00e9rie, je l'ai lu d'une traite sans pouvoir m'arr\u00eater tellement j'\u00e9tais prise par l'histoire et j'ai appris plein de choses \u00e9tonnantes sur les plantes. - Brigitte L'illustration de couverture a \u00e9t\u00e9 r\u00e9alis\u00e9e par Susy Rose \u00e0 partir du tableau de Ren\u00e9 Magritte \u00ab Le fils de l'homme \u00bb","authors":["C\u00e9cile Pardi"],"category_codes":["90000000","90010000"],"visuals":{"large":"https:\/\/images.epagine.fr\/179\/9791040568179_1_75.jpg","medium":"https:\/\/images.epagine.fr\/179\/9791040568179_1_m.jpg","thumbnail":"https:\/\/images.epagine.fr\/179\/9791040568179_1_v.jpg"},"orderable":true,"show_badge":true,"formatted_price":"15,90&nbsp;\u20ac","formatted_published_date":"17 mars 2025","publisher_availability_label":"Sur commande","short_details":"C\u00e9cile Pardi \u2014 Librinova","translator":null,"weight":132,"page_count":137,"readership":"Tout public","editor":"Librinova","price":1590,"published_date":"2025-03-16T23:00:00.000000Z","support":"Grand format","publisher_availability":1,"stock":0,"editions":[],"url":"https:\/\/quaidesbrumes.com\/ouvrage\/9791040568179\/parole-de-tomate-et-si-le-jardin-etait-lassassin"},{"id":"9782487112025","title":"Et si l'\u00cele de R\u00e9 devenait ind\u00e9pendant","description":"Antoine de Saint-Bonnet, avocat, la cinquantaine, fait partie de ces hommes dont la vie va soudainement basculer. \u00c0 la suite du d\u00e9c\u00e8s d'une tante fantasque, il h\u00e9rite d'un patrimoine impor-tant sur l'\u00eele de R\u00e9 et d\u00e9cide de s'y installer. Mais la r\u00e9nova-tion d'un vieil h\u00f4tel particulier fait surgir du pass\u00e9 une crypte oubli\u00e9e, et avec elle tous les secrets enfouis pendant des si\u00e8cleset; Avec Julia et Sofy, ils vont tenir t\u00eate au gouvernement europ\u00e9en pour rendre publics ces documents retrouv\u00e9s. Face \u00e0 une situa-tion politique mouvement\u00e9e, les Rh\u00e9tais, attach\u00e9s \u00e0 leur terri-toire, devront d\u00e9cider de l'avenir de R\u00e9. Pendant ce temps, des fant\u00f4mes du pass\u00e9 de l'\u00eele semblent errer dans le ciel. Le duc de Buckingham se chamaille encore avec le mar\u00e9chal de Toiras sur fond de l'\u00e9ternelle rivalit\u00e9 franco-anglaise. Suzy Solidor, femme libre d'une modernit\u00e9 insoup\u00e7onn\u00e9e, y croise l'\u00e9crivain maudit Henri B\u00e9raudet; Mais pourquoi ces personnages hantent-ils le ciel rh\u00e9tais ? Leurs \u00e2mes vont-elles enfin","authors":["Gerbert Rambaud"],"category_codes":["90000000","90010000"],"visuals":{"large":"https:\/\/images.epagine.fr\/025\/9782487112025_1_75.jpg","medium":"https:\/\/images.epagine.fr\/025\/9782487112025_1_m.jpg","thumbnail":"https:\/\/images.epagine.fr\/025\/9782487112025_1_v.jpg"},"orderable":true,"show_badge":true,"formatted_price":"25,00&nbsp;\u20ac","formatted_published_date":"29 mars 2025","publisher_availability_label":"Sur commande","short_details":"Gerbert Rambaud \u2014 \u00c9ditions du Lizay","translator":null,"weight":370,"page_count":360,"readership":"Tout public","editor":"\u00c9ditions du Lizay","price":2500,"published_date":"2025-03-28T23:00:00.000000Z","support":"Poche","publisher_availability":1,"stock":0,"editions":[],"url":"https:\/\/quaidesbrumes.com\/ouvrage\/9782487112025\/et-si-lile-de-re-devenait-independant"},{"id":"9782213717272","title":"Et puis mourir","description":"Plusieurs samedis d'affil\u00e9e, alors que tous les services de police de France sont mobilis\u00e9s par les manifestations des gilets jaunes, de meurtres sont commis dans les beaux quartiers de Paris. Cela pourrait \u00eatre l'oeuvre d'un d\u00e9s\u00e9quilibr\u00e9 qui aurait pouss\u00e9 jusqu'\u00e0 la vengeance les revendications de justice sociale, mais le commandant Jean-Yves Le Guen n'y croit pas.\r\nAvec son adjoint, le capitaine Patriziu Agostini, ils jouent contre la montre. Car l'id\u00e9e d'un \u00ab  meurtrier gilet jaune  \u00bb menace de faire l'objet de r\u00e9cup\u00e9rations politiques qui ne feraient qu'empirer la situation - et le prochain samedi de protestations se rapproche ...\r\n\r\nUn polar d'actualit\u00e9 m\u00ealant revendications sociales et vengeance personnelle - sur fond de Paris en \u00e9tat d'urgence.","authors":["Jean-Luc Bizien"],"category_codes":["90000000","90010000"],"visuals":{"large":"https:\/\/images.epagine.fr\/272\/9782213717272_1_75.jpg","medium":"https:\/\/images.epagine.fr\/272\/9782213717272_1_m.jpg","thumbnail":"https:\/\/images.epagine.fr\/272\/9782213717272_1_v.jpg"},"orderable":true,"show_badge":true,"formatted_price":"18,00&nbsp;\u20ac","formatted_published_date":"30 septembre 2020","publisher_availability_label":"Sur commande","short_details":"Jean-Luc Bizien \u2014 Fayard","translator":null,"weight":478,"page_count":342,"readership":null,"editor":"Fayard","price":1800,"published_date":"2020-09-29T22:00:00.000000Z","support":"Grand format","publisher_availability":1,"stock":0,"editions":[],"url":"https:\/\/quaidesbrumes.com\/ouvrage\/9782213717272\/et-puis-mourir"},{"id":"9781526661487","title":"THE LAST TRUTHS WE TOLD ; 'SERIOUSLY GOOD' SARAH VAUGHAN","description":"They predicted Ivo would become a tycoon\r\n They predicted Ayda would go on to become a hotshot lawyer\r\n They didn't predict that Lily would be dead\r\n Twenty years ago, nine university friends made a series of predictions about what would happen to each of them after college. Now they've all gathered together for the weekend. Not for a reunion but for a reveal.\r\n Some of them have gone on to staggering success, others to more mundane lives. And one of them is missing.\r\n Before her death Lily seemed agitated. Even scared. In the weeks before her death, she called Maggie, wanting to talk but then refusing to say what was frightening her. Now Maggie is beginning to realise that not everyone at the house this weekend is who they appeared to be.\r\n And those who are lying are prepared to do anything to stop the truth coming out.\r\n\r\n An unputdownable page turner about old friends and new betrayals from an award winning thriller writer at the very top of her game, this is unmissable reading group suspense fiction.","authors":["Holly Watt"],"category_codes":["90000000","90010000"],"visuals":{"large":"https:\/\/images.epagine.fr\/487\/9781526661487_1_75.jpg","medium":"https:\/\/images.epagine.fr\/487\/9781526661487_1_m.jpg","thumbnail":"https:\/\/images.epagine.fr\/487\/9781526661487_1_v.jpg"},"orderable":false,"show_badge":true,"formatted_price":"15,40&nbsp;\u20ac","formatted_published_date":"17 juillet 2025","publisher_availability_label":"\u00c0 para\u00eetre","short_details":"Holly Watt \u2014 Bloomsbury UK","translator":null,"weight":0,"page_count":368,"readership":null,"editor":"Bloomsbury UK","price":1540,"published_date":"2025-07-16T22:00:00.000000Z","support":"Poche","publisher_availability":2,"stock":0,"editions":[],"url":"https:\/\/quaidesbrumes.com\/ouvrage\/9781526661487\/the-last-truths-we-told-seriously-good-sarah-vaughan"},{"id":"9791026244370","title":"Le deal","description":"R\u00e9cemment embauch\u00e9 comme analyste financier au sein du prestigieux cabinet Frayer & associ\u00e9s, Max Valentin a des r\u00eaves plein la t\u00eate. Depuis son premier jour, il s'efforce tant bien que mal, de faire sa place dans l'entreprise. Aussi lorsque G\u00e9rard Frayer, l'associ\u00e9 fondateur du cabinet, semble vouloir le prendre sous son aile et lui propose un march\u00e9 aussi \u00e9trange qu'inattendu, le jeune homme s'empresse d'accepter. D\u00e8s lors, Max plonge au coeur d'une intrigue qui le d\u00e9passe, son univers bascule et il s'engage dans une course contre la montre. Manipul\u00e9, trahi, pourchass\u00e9, il n'aura d'autre choix que de trouver une issue \u00e0 cet \u00e9tau machiav\u00e9lique, quel que soit le prix \u00e0 payer. Sa survie en d\u00e9pend et le compte \u00e0 rebours a commenc\u00e9... Albert Cogan signe ici un premier roman explosif, un thriller haletant qui ne vous laissera pas indiff\u00e9rent !\r","authors":["Albert Cogan"],"category_codes":["90000000","90020000"],"visuals":{"large":"https:\/\/images.epagine.fr\/370\/9791026244370_1_75.jpg","medium":"https:\/\/images.epagine.fr\/370\/9791026244370_1_m.jpg","thumbnail":"https:\/\/images.epagine.fr\/370\/9791026244370_1_v.jpg"},"orderable":true,"show_badge":true,"formatted_price":"17,90&nbsp;\u20ac","formatted_published_date":"6 d\u00e9cembre 2019","publisher_availability_label":"Sur commande","short_details":"Albert Cogan \u2014 Librinova","translator":null,"weight":498,"page_count":390,"readership":null,"editor":"Librinova","price":1790,"published_date":"2019-12-05T23:00:00.000000Z","support":"Grand format","publisher_availability":1,"stock":0,"editions":[],"url":"https:\/\/quaidesbrumes.com\/ouvrage\/9791026244370\/le-deal"},{"id":"9791037762818","title":"Le vol de l'ange","description":"Ann\u00e9es 50.\r\n\u00c0 Saint-Germain-Le-Gaillard, un village du Cotentin, non loin du petit port de Di\u00e9lette, les falaises de Flamanville sont d\u00e9j\u00e0 le th\u00e9\u00e2tre d'une activit\u00e9 industrielle : les mines de fer. Les \u00eeles anglo-normandes semblent si proches qu'on oublie qu'elles sont d\u00e9fendues par le puissant raz Blanchard et cette kyrielle de rochers des Ecr\u00e9hou et des Minquiers qui dressent leurs dents pour pr\u00e9venir du danger. Un trafic de cigarettes est organis\u00e9 entre les \u00eeles et la c\u00f4te, dirig\u00e9 par des parrains sans scrupule.\r\nEntre rapt d'enfants, meurtres et enqu\u00eates sur fond de v\u00e9ritables histoires d'amour et d'amiti\u00e9, le bonheur en ressortira-t-il renforc\u00e9 ?","authors":["Bernard Garson"],"category_codes":["90000000","90020000"],"visuals":{"large":"https:\/\/images.epagine.fr\/818\/9791037762818_1_75.jpg","medium":"https:\/\/images.epagine.fr\/818\/9791037762818_1_m.jpg","thumbnail":"https:\/\/images.epagine.fr\/818\/9791037762818_1_v.jpg"},"orderable":true,"show_badge":true,"formatted_price":"12,80&nbsp;\u20ac","formatted_published_date":"1er juin 2022","publisher_availability_label":"Sur commande","short_details":"Bernard Garson \u2014 Le Lys Bleu","translator":null,"weight":185,"page_count":120,"readership":null,"editor":"Le Lys Bleu","price":1280,"published_date":"2022-05-31T22:00:00.000000Z","support":"Grand format","publisher_availability":1,"stock":0,"editions":[],"url":"https:\/\/quaidesbrumes.com\/ouvrage\/9791037762818\/le-vol-de-lange"},{"id":"9791037765949","title":"Triskell mortel","description":"26 f\u00e9vrier 1980 : Plogoff - Finist\u00e8re. Lors d'une manifestation contre l'implantation d'une centrale nucl\u00e9aire, deux amis, Jean et Guillaume, se retrouvent. Seulement, poursuivi par des gendarmes, Jean, r\u00e9fugi\u00e9 sur un rocher, est emport\u00e9 par une lame de fond. Quarante ans plus tard, Guillaume Crenn n'a rien oubli\u00e9, il pr\u00e9pare sa vengeance...","authors":["Kristian Gonidec"],"category_codes":["90000000","90010000"],"visuals":{"large":"https:\/\/images.epagine.fr\/949\/9791037765949_1_75.jpg","medium":"https:\/\/images.epagine.fr\/949\/9791037765949_1_m.jpg","thumbnail":"https:\/\/images.epagine.fr\/949\/9791037765949_1_v.jpg"},"orderable":true,"show_badge":true,"formatted_price":"18,40&nbsp;\u20ac","formatted_published_date":"11 juillet 2022","publisher_availability_label":"Sur commande","short_details":"Kristian Gonidec \u2014 Le Lys Bleu","translator":null,"weight":298,"page_count":200,"readership":null,"editor":"Le Lys Bleu","price":1840,"published_date":"2022-07-10T22:00:00.000000Z","support":"Grand format","publisher_availability":1,"stock":0,"editions":[],"url":"https:\/\/quaidesbrumes.com\/ouvrage\/9791037765949\/triskell-mortel"},{"id":"9791037768759","title":"Morts sur le champ","description":"\u00ab Une intrigue bien ficel\u00e9e. \u00bb Le Dauphin\u00e9-Lib\u00e9r\u00e9 \u00ab Un sch\u00e9ma criminel peu commun au coeur de paysages dont l'air est presque palpable. \u00bb France Bleu La d\u00e9couverte d'un patron de quotidien, perc\u00e9 d'une fl\u00e8che en pleine nature, est le point de d\u00e9part d'une intrigue qui voit surgir plusieurs morts. Ces drames ont-ils un lien entre eux ? N'y a-t-il pas d'autres personnes menac\u00e9es ? Pour mener cette enqu\u00eate jonch\u00e9e de surprises, le capitaine Durandal, \u00e0 la t\u00eate d'une \u00e9quipe h\u00e9t\u00e9rog\u00e8ne, dont un chr\u00e9tien \u00e9vang\u00e9lique, va \u00eatre contraint de surmonter certaines fragilit\u00e9s et explorer le monde des m\u00e9dias ainsi que celui des archers.","authors":["Olivier Beylon"],"category_codes":["90000000","90010000"],"visuals":{"large":"https:\/\/images.epagine.fr\/759\/9791037768759_1_75.jpg","medium":"https:\/\/images.epagine.fr\/759\/9791037768759_1_m.jpg","thumbnail":"https:\/\/images.epagine.fr\/759\/9791037768759_1_v.jpg"},"orderable":true,"show_badge":true,"formatted_price":"19,50&nbsp;\u20ac","formatted_published_date":"29 juillet 2022","publisher_availability_label":"Sur commande","short_details":"Olivier Beylon \u2014 Le Lys Bleu","translator":null,"weight":370,"page_count":252,"readership":null,"editor":"Le Lys Bleu","price":1950,"published_date":"2022-07-28T22:00:00.000000Z","support":"Grand format","publisher_availability":1,"stock":0,"editions":[],"url":"https:\/\/quaidesbrumes.com\/ouvrage\/9791037768759\/morts-sur-le-champ"}]}